{"id":474922,"date":"2020-01-28T14:52:33","date_gmt":"2020-01-28T17:52:33","guid":{"rendered":"https:\/\/www.estrategiaconcursos.com.br\/blog\/?p=474922"},"modified":"2020-01-28T14:52:36","modified_gmt":"2020-01-28T17:52:36","slug":"ministro-da-educacao-obras-ita","status":"publish","type":"post","link":"https:\/\/www.estrategiaconcursos.com.br\/blog\/ministro-da-educacao-obras-ita\/","title":{"rendered":"Em v\u00eddeo, ministro da Educa\u00e7\u00e3o fala sobre obras de amplia\u00e7\u00e3o do ITA"},"content":{"rendered":"\n<p>Durante visita a S\u00e3o Jos\u00e9 dos Campos, o Ministro da Educa\u00e7\u00e3o, Eduardo Weintraub, gravou um v\u00eddeo em que comenta as obras de amplia\u00e7\u00e3o da sede do Instituto de Tecnologia da Aeron\u00e1utica, o <a href=\"https:\/\/estrategiavestibulares.com.br\/vestibulares\/itaime\/\" target=\"_blank\" rel=\"noreferrer noopener\" aria-label=\"ITA (abre numa nova aba)\">ITA<\/a>. A visita aconteceu na \u00faltima segunda-feira, 27, e o v\u00eddeo foi publicado nesta ter\u00e7a-feira, 28 de janeiro, em seu perfil no Twitter.<\/p>\n\n\n\n<p>As obras de amplia\u00e7\u00e3o, segundo o ministro, servir\u00e3o para atender a um maior n\u00famero de alunos. Na segunda-feira, o novo reitor do <a rel=\"noreferrer noopener\" aria-label=\"ITA (abre numa nova aba)\" href=\"https:\/\/estrategiavestibulares.com.br\/vestibulares\/itaime\/\" target=\"_blank\">ITA<\/a>, Anderson Ribeiro Correia, anunciou que a proposta \u00e9 dobrar o n\u00famero de vagas ofertadas no <em><a href=\"https:\/\/blog.estrategiavestibulares.com.br\/vestibular-ita\/\" target=\"_blank\" rel=\"noreferrer noopener\" aria-label=\"vestibular ITA (abre numa nova aba)\">vestibular ITA<\/a><\/em> at\u00e9 2024.<\/p>\n\n\n\n<p>Para o vestibular de 2021, de acordo com ele, o n\u00famero de vagas ser\u00e1 de 180, 60 a mais do que foi ofertado no \u00faltimo seletivo. No ano passado, o <a href=\"https:\/\/estrategiavestibulares.com.br\/vestibulares\/itaime\/\" target=\"_blank\" rel=\"noreferrer noopener\" aria-label=\"ITA (abre numa nova aba)\">ITA<\/a> ofertou 120 vagas para os cursos de engenharia ofertados na institui\u00e7\u00e3o. NO v\u00eddeo, o ministro reafirma que o n\u00famero de vagas deve ser dobrado nos \u00faltimos anos.<\/p>\n\n\n\n<p>A previs\u00e3o \u00e9 que at\u00e9 o final do ano de 2020 as obras de amplia\u00e7\u00e3o j\u00e1 estejam finalizadas.<\/p>\n\n\n\n<h2 class=\"wp-block-heading\">Mais informa\u00e7\u00f5es<\/h2>\n\n\n\n<ul class=\"wp-block-list\"><li><em><a rel=\"noreferrer noopener\" aria-label=\"Vestibular ITA (abre numa nova aba)\" href=\"https:\/\/blog.estrategiavestibulares.com.br\/vestibular-ita\/\" target=\"_blank\">Vestibular ITA<\/a><\/em><\/li><li><em><a rel=\"noreferrer noopener\" aria-label=\"Simulado ITA (abre numa nova aba)\" href=\"https:\/\/blog.estrategiavestibulares.com.br\/simulado-ita\/\" target=\"_blank\">Simulado ITA<\/a><\/em><\/li><li><em><a href=\"https:\/\/estrategiavestibulares.com.br\/vestibulares\/itaime\/\" target=\"_blank\" rel=\"noreferrer noopener\" aria-label=\"Cursos ITA 2021 (abre numa nova aba)\">Cursos ITA 2021<\/a><\/em><\/li><\/ul>\n\n\n\n<figure class=\"wp-block-embed-twitter wp-block-embed is-type-rich is-provider-twitter\"><div class=\"wp-block-embed__wrapper\">\n<blockquote class=\"twitter-tweet\" data-width=\"500\" data-dnt=\"true\"><p lang=\"pt\" dir=\"ltr\">O Governo Bolsonaro ir\u00e1 duplicar o n\u00famero de alunos do ITA. <a href=\"https:\/\/t.co\/1tRQuGGjrf\">pic.twitter.com\/1tRQuGGjrf<\/a><\/p>&mdash; Abraham Weintraub (@AbrahamWeint) <a href=\"https:\/\/twitter.com\/AbrahamWeint\/status\/1222192165977194498?ref_src=twsrc%5Etfw\">January 28, 2020<\/a><\/blockquote><script async src=\"https:\/\/platform.twitter.com\/widgets.js\" charset=\"utf-8\"><\/script>\n<\/div><\/figure>\n","protected":false},"excerpt":{"rendered":"<p>Durante visita a S\u00e3o Jos\u00e9 dos Campos, o Ministro da Educa\u00e7\u00e3o, Eduardo Weintraub, gravou um v\u00eddeo em que comenta as obras de amplia\u00e7\u00e3o da sede do Instituto de Tecnologia da Aeron\u00e1utica, o ITA. A visita aconteceu na \u00faltima segunda-feira, 27, e o v\u00eddeo foi publicado nesta ter\u00e7a-feira, 28 de janeiro, em seu perfil no Twitter. [&hellip;]<\/p>\n","protected":false},"author":1,"featured_media":474936,"comment_status":"open","ping_status":"closed","sticky":false,"template":"","format":"standard","meta":{"post_tipo":"news","footnotes":""},"categories":[1],"tags":[],"tax_estado":[],"class_list":["post-474922","post","type-post","status-publish","format-standard","has-post-thumbnail","hentry","category-cursos-e-concursos"],"acf":[],"yoast_head":"<!-- This site is optimized with the Yoast SEO Premium plugin v27.2 (Yoast SEO v27.2) - https:\/\/yoast.com\/product\/yoast-seo-premium-wordpress\/ -->\n<title>Em v\u00eddeo, ministro da Educa\u00e7\u00e3o fala sobre obras de amplia\u00e7\u00e3o do ITA<\/title>\n<meta name=\"robots\" content=\"index, follow, max-snippet:-1, max-image-preview:large, max-video-preview:-1\" \/>\n<link rel=\"canonical\" href=\"https:\/\/www.estrategiaconcursos.com.br\/blog\/ministro-da-educacao-obras-ita\/\" \/>\n<meta property=\"og:locale\" content=\"pt_BR\" \/>\n<meta property=\"og:type\" content=\"article\" \/>\n<meta property=\"og:title\" content=\"Em v\u00eddeo, ministro da Educa\u00e7\u00e3o fala sobre obras de amplia\u00e7\u00e3o do ITA\" \/>\n<meta property=\"og:description\" content=\"Durante visita a S\u00e3o Jos\u00e9 dos Campos, o Ministro da Educa\u00e7\u00e3o, Eduardo Weintraub, gravou um v\u00eddeo em que comenta as obras de amplia\u00e7\u00e3o da sede do Instituto de Tecnologia da Aeron\u00e1utica, o ITA. A visita aconteceu na \u00faltima segunda-feira, 27, e o v\u00eddeo foi publicado nesta ter\u00e7a-feira, 28 de janeiro, em seu perfil no Twitter. [&hellip;]\" \/>\n<meta property=\"og:url\" content=\"https:\/\/www.estrategiaconcursos.com.br\/blog\/ministro-da-educacao-obras-ita\/\" \/>\n<meta property=\"og:site_name\" content=\"Estrat\u00e9gia Concursos\" \/>\n<meta property=\"article:author\" content=\"https:\/\/www.facebook.com\/EstrategiaConcursos\" \/>\n<meta property=\"article:published_time\" content=\"2020-01-28T17:52:33+00:00\" \/>\n<meta property=\"article:modified_time\" content=\"2020-01-28T17:52:36+00:00\" \/>\n<meta property=\"og:image\" content=\"https:\/\/dhg1h5j42swfq.cloudfront.net\/2020\/01\/28145121\/ita-obras.jpg\" \/>\n\t<meta property=\"og:image:width\" content=\"1280\" \/>\n\t<meta property=\"og:image:height\" content=\"853\" \/>\n\t<meta property=\"og:image:type\" content=\"image\/jpeg\" \/>\n<meta name=\"author\" content=\"Coordena\u00e7\u00e3o\" \/>\n<meta name=\"twitter:card\" content=\"summary_large_image\" \/>\n<meta name=\"twitter:creator\" content=\"@EstratConcursos\" \/>\n<meta name=\"twitter:site\" content=\"@EstratConcursos\" \/>\n<meta name=\"twitter:label1\" content=\"Escrito por\" \/>\n\t<meta name=\"twitter:data1\" content=\"Coordena\u00e7\u00e3o\" \/>\n\t<meta name=\"twitter:label2\" content=\"Est. tempo de leitura\" \/>\n\t<meta name=\"twitter:data2\" content=\"1 minuto\" \/>\n<script type=\"application\/ld+json\" class=\"yoast-schema-graph\">{\"@context\":\"https:\/\/schema.org\",\"@graph\":[{\"@type\":\"NewsArticle\",\"@id\":\"https:\/\/www.estrategiaconcursos.com.br\/blog\/ministro-da-educacao-obras-ita\/#article\",\"isPartOf\":{\"@id\":\"https:\/\/www.estrategiaconcursos.com.br\/blog\/ministro-da-educacao-obras-ita\/\"},\"author\":{\"name\":\"Coordena\u00e7\u00e3o\",\"@id\":\"https:\/\/www.estrategiaconcursos.com.br\/blog\/#\/schema\/person\/b4a388c97673c5f483d72185668afa1f\"},\"headline\":\"Em v\u00eddeo, ministro da Educa\u00e7\u00e3o fala sobre obras de amplia\u00e7\u00e3o do ITA\",\"datePublished\":\"2020-01-28T17:52:33+00:00\",\"dateModified\":\"2020-01-28T17:52:36+00:00\",\"mainEntityOfPage\":{\"@id\":\"https:\/\/www.estrategiaconcursos.com.br\/blog\/ministro-da-educacao-obras-ita\/\"},\"wordCount\":209,\"commentCount\":0,\"publisher\":{\"@id\":\"https:\/\/www.estrategiaconcursos.com.br\/blog\/#organization\"},\"image\":{\"@id\":\"https:\/\/www.estrategiaconcursos.com.br\/blog\/ministro-da-educacao-obras-ita\/#primaryimage\"},\"thumbnailUrl\":\"https:\/\/dhg1h5j42swfq.cloudfront.net\/2020\/01\/28145121\/ita-obras.jpg\",\"articleSection\":[\"Concursos P\u00fablicos\"],\"inLanguage\":\"pt-BR\",\"potentialAction\":[{\"@type\":\"CommentAction\",\"name\":\"Comment\",\"target\":[\"https:\/\/www.estrategiaconcursos.com.br\/blog\/ministro-da-educacao-obras-ita\/#respond\"]}],\"copyrightYear\":\"2020\",\"copyrightHolder\":{\"@id\":\"https:\/\/www.estrategiaconcursos.com.br\/blog\/#organization\"}},{\"@type\":\"WebPage\",\"@id\":\"https:\/\/www.estrategiaconcursos.com.br\/blog\/ministro-da-educacao-obras-ita\/\",\"url\":\"https:\/\/www.estrategiaconcursos.com.br\/blog\/ministro-da-educacao-obras-ita\/\",\"name\":\"Em v\u00eddeo, ministro da Educa\u00e7\u00e3o fala sobre obras de amplia\u00e7\u00e3o do ITA\",\"isPartOf\":{\"@id\":\"https:\/\/www.estrategiaconcursos.com.br\/blog\/#website\"},\"primaryImageOfPage\":{\"@id\":\"https:\/\/www.estrategiaconcursos.com.br\/blog\/ministro-da-educacao-obras-ita\/#primaryimage\"},\"image\":{\"@id\":\"https:\/\/www.estrategiaconcursos.com.br\/blog\/ministro-da-educacao-obras-ita\/#primaryimage\"},\"thumbnailUrl\":\"https:\/\/dhg1h5j42swfq.cloudfront.net\/2020\/01\/28145121\/ita-obras.jpg\",\"datePublished\":\"2020-01-28T17:52:33+00:00\",\"dateModified\":\"2020-01-28T17:52:36+00:00\",\"breadcrumb\":{\"@id\":\"https:\/\/www.estrategiaconcursos.com.br\/blog\/ministro-da-educacao-obras-ita\/#breadcrumb\"},\"inLanguage\":\"pt-BR\",\"potentialAction\":[{\"@type\":\"ReadAction\",\"target\":[\"https:\/\/www.estrategiaconcursos.com.br\/blog\/ministro-da-educacao-obras-ita\/\"]}]},{\"@type\":\"ImageObject\",\"inLanguage\":\"pt-BR\",\"@id\":\"https:\/\/www.estrategiaconcursos.com.br\/blog\/ministro-da-educacao-obras-ita\/#primaryimage\",\"url\":\"https:\/\/dhg1h5j42swfq.cloudfront.net\/2020\/01\/28145121\/ita-obras.jpg\",\"contentUrl\":\"https:\/\/dhg1h5j42swfq.cloudfront.net\/2020\/01\/28145121\/ita-obras.jpg\",\"width\":1280,\"height\":853,\"caption\":\"ita obras\"},{\"@type\":\"BreadcrumbList\",\"@id\":\"https:\/\/www.estrategiaconcursos.com.br\/blog\/ministro-da-educacao-obras-ita\/#breadcrumb\",\"itemListElement\":[{\"@type\":\"ListItem\",\"position\":1,\"name\":\"In\u00edcio\",\"item\":\"https:\/\/www.estrategiaconcursos.com.br\/blog\/\"},{\"@type\":\"ListItem\",\"position\":2,\"name\":\"Em v\u00eddeo, ministro da Educa\u00e7\u00e3o fala sobre obras de amplia\u00e7\u00e3o do ITA\"}]},{\"@type\":\"WebSite\",\"@id\":\"https:\/\/www.estrategiaconcursos.com.br\/blog\/#website\",\"url\":\"https:\/\/www.estrategiaconcursos.com.br\/blog\/\",\"name\":\"Estrat\u00e9gia Concursos\",\"description\":\"O blog da Estrat\u00e9gia Concursos traz not\u00edcias sobre concursos e artigos de professores oferecendo cursos para concursos (pdf + videaulas) no site.\",\"publisher\":{\"@id\":\"https:\/\/www.estrategiaconcursos.com.br\/blog\/#organization\"},\"potentialAction\":[{\"@type\":\"SearchAction\",\"target\":{\"@type\":\"EntryPoint\",\"urlTemplate\":\"https:\/\/www.estrategiaconcursos.com.br\/blog\/?s={search_term_string}\"},\"query-input\":{\"@type\":\"PropertyValueSpecification\",\"valueRequired\":true,\"valueName\":\"search_term_string\"}}],\"inLanguage\":\"pt-BR\"},{\"@type\":\"Organization\",\"@id\":\"https:\/\/www.estrategiaconcursos.com.br\/blog\/#organization\",\"name\":\"Estrat\u00e9gia Concursos\",\"url\":\"https:\/\/www.estrategiaconcursos.com.br\/blog\/\",\"logo\":{\"@type\":\"ImageObject\",\"inLanguage\":\"pt-BR\",\"@id\":\"https:\/\/www.estrategiaconcursos.com.br\/blog\/#\/schema\/logo\/image\/\",\"url\":\"https:\/\/dhg1h5j42swfq.cloudfront.net\/2025\/06\/03203428\/logo_concursos-1.jpg\",\"contentUrl\":\"https:\/\/dhg1h5j42swfq.cloudfront.net\/2025\/06\/03203428\/logo_concursos-1.jpg\",\"width\":230,\"height\":60,\"caption\":\"Estrat\u00e9gia Concursos\"},\"image\":{\"@id\":\"https:\/\/www.estrategiaconcursos.com.br\/blog\/#\/schema\/logo\/image\/\"},\"sameAs\":[\"https:\/\/x.com\/EstratConcursos\"]},{\"@type\":\"Person\",\"@id\":\"https:\/\/www.estrategiaconcursos.com.br\/blog\/#\/schema\/person\/b4a388c97673c5f483d72185668afa1f\",\"name\":\"Coordena\u00e7\u00e3o\",\"image\":{\"@type\":\"ImageObject\",\"inLanguage\":\"pt-BR\",\"@id\":\"https:\/\/secure.gravatar.com\/avatar\/b720319e4c9a967eb58678d110f4fe35452fc5d5f97b202bac7b8acceb18c6ad?s=96&d=mm&r=g\",\"url\":\"https:\/\/secure.gravatar.com\/avatar\/b720319e4c9a967eb58678d110f4fe35452fc5d5f97b202bac7b8acceb18c6ad?s=96&d=mm&r=g\",\"contentUrl\":\"https:\/\/secure.gravatar.com\/avatar\/b720319e4c9a967eb58678d110f4fe35452fc5d5f97b202bac7b8acceb18c6ad?s=96&d=mm&r=g\",\"caption\":\"Coordena\u00e7\u00e3o\"},\"sameAs\":[\"https:\/\/www.facebook.com\/EstrategiaConcursos\",\"https:\/\/x.com\/EstratConcursos\"],\"url\":\"https:\/\/www.estrategiaconcursos.com.br\/blog\/author\/estrategia2013\/\"}]}<\/script>\n<!-- \/ Yoast SEO Premium plugin. -->","yoast_head_json":{"title":"Em v\u00eddeo, ministro da Educa\u00e7\u00e3o fala sobre obras de amplia\u00e7\u00e3o do ITA","robots":{"index":"index","follow":"follow","max-snippet":"max-snippet:-1","max-image-preview":"max-image-preview:large","max-video-preview":"max-video-preview:-1"},"canonical":"https:\/\/www.estrategiaconcursos.com.br\/blog\/ministro-da-educacao-obras-ita\/","og_locale":"pt_BR","og_type":"article","og_title":"Em v\u00eddeo, ministro da Educa\u00e7\u00e3o fala sobre obras de amplia\u00e7\u00e3o do ITA","og_description":"Durante visita a S\u00e3o Jos\u00e9 dos Campos, o Ministro da Educa\u00e7\u00e3o, Eduardo Weintraub, gravou um v\u00eddeo em que comenta as obras de amplia\u00e7\u00e3o da sede do Instituto de Tecnologia da Aeron\u00e1utica, o ITA. A visita aconteceu na \u00faltima segunda-feira, 27, e o v\u00eddeo foi publicado nesta ter\u00e7a-feira, 28 de janeiro, em seu perfil no Twitter. [&hellip;]","og_url":"https:\/\/www.estrategiaconcursos.com.br\/blog\/ministro-da-educacao-obras-ita\/","og_site_name":"Estrat\u00e9gia Concursos","article_author":"https:\/\/www.facebook.com\/EstrategiaConcursos","article_published_time":"2020-01-28T17:52:33+00:00","article_modified_time":"2020-01-28T17:52:36+00:00","og_image":[{"width":1280,"height":853,"url":"https:\/\/dhg1h5j42swfq.cloudfront.net\/2020\/01\/28145121\/ita-obras.jpg","type":"image\/jpeg"}],"author":"Coordena\u00e7\u00e3o","twitter_card":"summary_large_image","twitter_creator":"@EstratConcursos","twitter_site":"@EstratConcursos","twitter_misc":{"Escrito por":"Coordena\u00e7\u00e3o","Est. tempo de leitura":"1 minuto"},"schema":{"@context":"https:\/\/schema.org","@graph":[{"@type":"NewsArticle","@id":"https:\/\/www.estrategiaconcursos.com.br\/blog\/ministro-da-educacao-obras-ita\/#article","isPartOf":{"@id":"https:\/\/www.estrategiaconcursos.com.br\/blog\/ministro-da-educacao-obras-ita\/"},"author":{"name":"Coordena\u00e7\u00e3o","@id":"https:\/\/www.estrategiaconcursos.com.br\/blog\/#\/schema\/person\/b4a388c97673c5f483d72185668afa1f"},"headline":"Em v\u00eddeo, ministro da Educa\u00e7\u00e3o fala sobre obras de amplia\u00e7\u00e3o do ITA","datePublished":"2020-01-28T17:52:33+00:00","dateModified":"2020-01-28T17:52:36+00:00","mainEntityOfPage":{"@id":"https:\/\/www.estrategiaconcursos.com.br\/blog\/ministro-da-educacao-obras-ita\/"},"wordCount":209,"commentCount":0,"publisher":{"@id":"https:\/\/www.estrategiaconcursos.com.br\/blog\/#organization"},"image":{"@id":"https:\/\/www.estrategiaconcursos.com.br\/blog\/ministro-da-educacao-obras-ita\/#primaryimage"},"thumbnailUrl":"https:\/\/dhg1h5j42swfq.cloudfront.net\/2020\/01\/28145121\/ita-obras.jpg","articleSection":["Concursos P\u00fablicos"],"inLanguage":"pt-BR","potentialAction":[{"@type":"CommentAction","name":"Comment","target":["https:\/\/www.estrategiaconcursos.com.br\/blog\/ministro-da-educacao-obras-ita\/#respond"]}],"copyrightYear":"2020","copyrightHolder":{"@id":"https:\/\/www.estrategiaconcursos.com.br\/blog\/#organization"}},{"@type":"WebPage","@id":"https:\/\/www.estrategiaconcursos.com.br\/blog\/ministro-da-educacao-obras-ita\/","url":"https:\/\/www.estrategiaconcursos.com.br\/blog\/ministro-da-educacao-obras-ita\/","name":"Em v\u00eddeo, ministro da Educa\u00e7\u00e3o fala sobre obras de amplia\u00e7\u00e3o do ITA","isPartOf":{"@id":"https:\/\/www.estrategiaconcursos.com.br\/blog\/#website"},"primaryImageOfPage":{"@id":"https:\/\/www.estrategiaconcursos.com.br\/blog\/ministro-da-educacao-obras-ita\/#primaryimage"},"image":{"@id":"https:\/\/www.estrategiaconcursos.com.br\/blog\/ministro-da-educacao-obras-ita\/#primaryimage"},"thumbnailUrl":"https:\/\/dhg1h5j42swfq.cloudfront.net\/2020\/01\/28145121\/ita-obras.jpg","datePublished":"2020-01-28T17:52:33+00:00","dateModified":"2020-01-28T17:52:36+00:00","breadcrumb":{"@id":"https:\/\/www.estrategiaconcursos.com.br\/blog\/ministro-da-educacao-obras-ita\/#breadcrumb"},"inLanguage":"pt-BR","potentialAction":[{"@type":"ReadAction","target":["https:\/\/www.estrategiaconcursos.com.br\/blog\/ministro-da-educacao-obras-ita\/"]}]},{"@type":"ImageObject","inLanguage":"pt-BR","@id":"https:\/\/www.estrategiaconcursos.com.br\/blog\/ministro-da-educacao-obras-ita\/#primaryimage","url":"https:\/\/dhg1h5j42swfq.cloudfront.net\/2020\/01\/28145121\/ita-obras.jpg","contentUrl":"https:\/\/dhg1h5j42swfq.cloudfront.net\/2020\/01\/28145121\/ita-obras.jpg","width":1280,"height":853,"caption":"ita obras"},{"@type":"BreadcrumbList","@id":"https:\/\/www.estrategiaconcursos.com.br\/blog\/ministro-da-educacao-obras-ita\/#breadcrumb","itemListElement":[{"@type":"ListItem","position":1,"name":"In\u00edcio","item":"https:\/\/www.estrategiaconcursos.com.br\/blog\/"},{"@type":"ListItem","position":2,"name":"Em v\u00eddeo, ministro da Educa\u00e7\u00e3o fala sobre obras de amplia\u00e7\u00e3o do ITA"}]},{"@type":"WebSite","@id":"https:\/\/www.estrategiaconcursos.com.br\/blog\/#website","url":"https:\/\/www.estrategiaconcursos.com.br\/blog\/","name":"Estrat\u00e9gia Concursos","description":"O blog da Estrat\u00e9gia Concursos traz not\u00edcias sobre concursos e artigos de professores oferecendo cursos para concursos (pdf + videaulas) no site.","publisher":{"@id":"https:\/\/www.estrategiaconcursos.com.br\/blog\/#organization"},"potentialAction":[{"@type":"SearchAction","target":{"@type":"EntryPoint","urlTemplate":"https:\/\/www.estrategiaconcursos.com.br\/blog\/?s={search_term_string}"},"query-input":{"@type":"PropertyValueSpecification","valueRequired":true,"valueName":"search_term_string"}}],"inLanguage":"pt-BR"},{"@type":"Organization","@id":"https:\/\/www.estrategiaconcursos.com.br\/blog\/#organization","name":"Estrat\u00e9gia Concursos","url":"https:\/\/www.estrategiaconcursos.com.br\/blog\/","logo":{"@type":"ImageObject","inLanguage":"pt-BR","@id":"https:\/\/www.estrategiaconcursos.com.br\/blog\/#\/schema\/logo\/image\/","url":"https:\/\/dhg1h5j42swfq.cloudfront.net\/2025\/06\/03203428\/logo_concursos-1.jpg","contentUrl":"https:\/\/dhg1h5j42swfq.cloudfront.net\/2025\/06\/03203428\/logo_concursos-1.jpg","width":230,"height":60,"caption":"Estrat\u00e9gia Concursos"},"image":{"@id":"https:\/\/www.estrategiaconcursos.com.br\/blog\/#\/schema\/logo\/image\/"},"sameAs":["https:\/\/x.com\/EstratConcursos"]},{"@type":"Person","@id":"https:\/\/www.estrategiaconcursos.com.br\/blog\/#\/schema\/person\/b4a388c97673c5f483d72185668afa1f","name":"Coordena\u00e7\u00e3o","image":{"@type":"ImageObject","inLanguage":"pt-BR","@id":"https:\/\/secure.gravatar.com\/avatar\/b720319e4c9a967eb58678d110f4fe35452fc5d5f97b202bac7b8acceb18c6ad?s=96&d=mm&r=g","url":"https:\/\/secure.gravatar.com\/avatar\/b720319e4c9a967eb58678d110f4fe35452fc5d5f97b202bac7b8acceb18c6ad?s=96&d=mm&r=g","contentUrl":"https:\/\/secure.gravatar.com\/avatar\/b720319e4c9a967eb58678d110f4fe35452fc5d5f97b202bac7b8acceb18c6ad?s=96&d=mm&r=g","caption":"Coordena\u00e7\u00e3o"},"sameAs":["https:\/\/www.facebook.com\/EstrategiaConcursos","https:\/\/x.com\/EstratConcursos"],"url":"https:\/\/www.estrategiaconcursos.com.br\/blog\/author\/estrategia2013\/"}]}},"_links":{"self":[{"href":"https:\/\/www.estrategiaconcursos.com.br\/blog\/wp-json\/wp\/v2\/posts\/474922","targetHints":{"allow":["GET"]}}],"collection":[{"href":"https:\/\/www.estrategiaconcursos.com.br\/blog\/wp-json\/wp\/v2\/posts"}],"about":[{"href":"https:\/\/www.estrategiaconcursos.com.br\/blog\/wp-json\/wp\/v2\/types\/post"}],"author":[{"embeddable":true,"href":"https:\/\/www.estrategiaconcursos.com.br\/blog\/wp-json\/wp\/v2\/users\/1"}],"replies":[{"embeddable":true,"href":"https:\/\/www.estrategiaconcursos.com.br\/blog\/wp-json\/wp\/v2\/comments?post=474922"}],"version-history":[{"count":3,"href":"https:\/\/www.estrategiaconcursos.com.br\/blog\/wp-json\/wp\/v2\/posts\/474922\/revisions"}],"predecessor-version":[{"id":474939,"href":"https:\/\/www.estrategiaconcursos.com.br\/blog\/wp-json\/wp\/v2\/posts\/474922\/revisions\/474939"}],"wp:featuredmedia":[{"embeddable":true,"href":"https:\/\/www.estrategiaconcursos.com.br\/blog\/wp-json\/wp\/v2\/media\/474936"}],"wp:attachment":[{"href":"https:\/\/www.estrategiaconcursos.com.br\/blog\/wp-json\/wp\/v2\/media?parent=474922"}],"wp:term":[{"taxonomy":"category","embeddable":true,"href":"https:\/\/www.estrategiaconcursos.com.br\/blog\/wp-json\/wp\/v2\/categories?post=474922"},{"taxonomy":"post_tag","embeddable":true,"href":"https:\/\/www.estrategiaconcursos.com.br\/blog\/wp-json\/wp\/v2\/tags?post=474922"},{"taxonomy":"tax_estado","embeddable":true,"href":"https:\/\/www.estrategiaconcursos.com.br\/blog\/wp-json\/wp\/v2\/tax_estado?post=474922"}],"curies":[{"name":"wp","href":"https:\/\/api.w.org\/{rel}","templated":true}]}}