{"id":474755,"date":"2020-01-28T12:23:42","date_gmt":"2020-01-28T15:23:42","guid":{"rendered":"https:\/\/www.estrategiaconcursos.com.br\/blog\/?p=474755"},"modified":"2021-05-26T14:33:08","modified_gmt":"2021-05-26T17:33:08","slug":"ministerio-firma-tac-para-convocar-todos-os-aprovados-no-concurso-pm-rn","status":"publish","type":"post","link":"https:\/\/www.estrategiaconcursos.com.br\/blog\/ministerio-firma-tac-para-convocar-todos-os-aprovados-no-concurso-pm-rn\/","title":{"rendered":"Minist\u00e9rio firma TAC para convocar todos os aprovados no Concurso PM RN"},"content":{"rendered":"\n<p>O <a href=\"https:\/\/www.estrategiaconcursos.com.br\/blog\/concurso-pm-rn\/\" target=\"_blank\" rel=\"noreferrer noopener\">concurso da Pol\u00edcia Militar do Rio Grande do Norte<\/a> ocorreu em 2018 e seguir\u00e1 vigente at\u00e9 2021.<\/p>\n\n\n\n<p>Com a oferta de 1.000 vagas no cargo de Pra\u00e7a da Pol\u00edcia Militar, este certame contou com 12 mil candidatos para a prova objetiva. Dentre essas vagas ofertadas, 938 foram destinadas para candidatos do sexo masculino e 62 para o sexo feminino.<\/p>\n\n\n\n<p>Nesta ter\u00e7a-feira, 28 de janeiro de 2020, foi publicado um Termo de Ajuste de Conduta &#8211; TAC &#8211; entre o Minist\u00e9rio P\u00fablico e o Estado do Rio Grande do Norte para que <strong>TODOS<\/strong> os aprovados no concurso sejam convocados para o curso de forma\u00e7\u00e3o.<\/p>\n\n\n\n<p>Vale dizer que foram aprovados para o curso de forma\u00e7\u00e3o <strong>1.339 candidatos, <\/strong>mas de acordo com o edital apenas 1.000 seriam convocados.<\/p>\n\n\n\n<p>O TAC definiu ent\u00e3o que ser\u00e3o formadas duas turmas para o curso de forma\u00e7\u00e3o, uma j\u00e1 em andamento desde <strong>2 de janeiro de 2020<\/strong> e outra a ser aberta em <strong>4 de janeiro de 2021<\/strong>, de modo a englobar todos os candidatos, homens e mulheres, aprovados nas etapas anteriores do concurso<\/p>\n\n\n\n<p>O termo de ajustamento de conduta tem efic\u00e1cia imediata a partir da data da sua assinatura e o Estado do Rio Grande do Norte ficar\u00e1 sujeito \u00e0 multa caso n\u00e3o cumpra o que foi definido.<\/p>\n\n\n\n<p>Al\u00e9m disso, definiu o novo cronograma do certame, conforme voc\u00ea ver\u00e1 abaixo:<\/p>\n\n\n\n<figure class=\"wp-block-image size-large\"><img decoding=\"async\" src=\"https:\/\/dhg1h5j42swfq.cloudfront.net\/2020\/01\/28105806\/Captura-de-Tela-2020-01-28-a%CC%80s-10.57.45.png\" alt=\"\" class=\"wp-image-474802\"\/><\/figure>\n\n\n\n<h2 class=\"wp-block-heading\" id=\"h-o-tac\">O TAC<\/h2>\n\n\n\n<p><em><span style=\"text-decoration: underline;\">TERMO DE AJUSTAMENTO DE CONDUTA<\/span><\/em><\/p>\n\n\n\n<figure class=\"wp-block-image size-large\"><img decoding=\"async\" src=\"https:\/\/dhg1h5j42swfq.cloudfront.net\/2020\/01\/28120833\/Captura-de-Tela-2020-01-28-a%CC%80s-12.07.18-588x1024.png\" alt=\"\" class=\"wp-image-474854\"\/><\/figure>\n\n\n\n<figure class=\"wp-block-image size-large\"><img decoding=\"async\" src=\"https:\/\/dhg1h5j42swfq.cloudfront.net\/2020\/01\/28120923\/Captura-de-Tela-2020-01-28-a%CC%80s-12.07.42-658x1024.png\" alt=\"\" class=\"wp-image-474855\"\/><\/figure>\n\n\n\n<p class=\"has-text-align-center\"><strong><em>Fique por dentro dos concursos vigentes:<\/em><\/strong><\/p>\n\n\n\n<p class=\"has-text-align-center has-pale-cyan-blue-background-color has-background\"><strong><a href=\"https:\/\/www.estrategiaconcursos.com.br\/blog\/concursos-abertos\/\" target=\"_blank\" rel=\"noreferrer noopener\">CONCURSOS ABERTOS<\/a><\/strong><\/p>\n\n\n\n<p class=\"has-text-align-center has-pale-cyan-blue-background-color has-background\"><strong><a href=\"https:\/\/www.estrategiaconcursos.com.br\/blog\/concursos-2021\/\" target=\"_blank\" rel=\"noreferrer noopener\">CONCURSOS\u00a02021<\/a><\/strong><\/p>\n\n\n\n<p class=\"has-text-align-center has-pale-cyan-blue-background-color has-background\"><strong><a rel=\"noreferrer noopener\" href=\"https:\/\/www.estrategiaconcursos.com.br\/blog\/concursos-de-policia\/\" target=\"_blank\">CONCURSOS POLICIAIS<\/a><\/strong><\/p>\n","protected":false},"excerpt":{"rendered":"<p>O concurso da Pol\u00edcia Militar do Rio Grande do Norte ocorreu em 2018 e seguir\u00e1 vigente at\u00e9 2021. Com a oferta de 1.000 vagas no cargo de Pra\u00e7a da Pol\u00edcia Militar, este certame contou com 12 mil candidatos para a prova objetiva. Dentre essas vagas ofertadas, 938 foram destinadas para candidatos do sexo masculino e [&hellip;]<\/p>\n","protected":false},"author":552,"featured_media":102405,"comment_status":"open","ping_status":"closed","sticky":false,"template":"","format":"standard","meta":{"post_tipo":"article","footnotes":""},"categories":[1],"tags":[],"tax_estado":[],"class_list":["post-474755","post","type-post","status-publish","format-standard","has-post-thumbnail","hentry","category-cursos-e-concursos"],"acf":[],"yoast_head":"<!-- This site is optimized with the Yoast SEO Premium plugin v27.2 (Yoast SEO v27.2) - https:\/\/yoast.com\/product\/yoast-seo-premium-wordpress\/ -->\n<title>Minist\u00e9rio firma TAC para convocar todos os aprovados no Concurso PM RN<\/title>\n<meta name=\"robots\" content=\"index, follow, max-snippet:-1, max-image-preview:large, max-video-preview:-1\" \/>\n<link rel=\"canonical\" href=\"https:\/\/www.estrategiaconcursos.com.br\/blog\/ministerio-firma-tac-para-convocar-todos-os-aprovados-no-concurso-pm-rn\/\" \/>\n<meta property=\"og:locale\" content=\"pt_BR\" \/>\n<meta property=\"og:type\" content=\"article\" \/>\n<meta property=\"og:title\" content=\"Minist\u00e9rio firma TAC para convocar todos os aprovados no Concurso PM RN\" \/>\n<meta property=\"og:description\" content=\"O concurso da Pol\u00edcia Militar do Rio Grande do Norte ocorreu em 2018 e seguir\u00e1 vigente at\u00e9 2021. Com a oferta de 1.000 vagas no cargo de Pra\u00e7a da Pol\u00edcia Militar, este certame contou com 12 mil candidatos para a prova objetiva. Dentre essas vagas ofertadas, 938 foram destinadas para candidatos do sexo masculino e [&hellip;]\" \/>\n<meta property=\"og:url\" content=\"https:\/\/www.estrategiaconcursos.com.br\/blog\/ministerio-firma-tac-para-convocar-todos-os-aprovados-no-concurso-pm-rn\/\" \/>\n<meta property=\"og:site_name\" content=\"Estrat\u00e9gia Concursos\" \/>\n<meta property=\"article:published_time\" content=\"2020-01-28T15:23:42+00:00\" \/>\n<meta property=\"article:modified_time\" content=\"2021-05-26T17:33:08+00:00\" \/>\n<meta property=\"og:image\" content=\"https:\/\/dhg1h5j42swfq.cloudfront.net\/2018\/01\/16074930\/PM-RN5.jpg\" \/>\n\t<meta property=\"og:image:width\" content=\"1200\" \/>\n\t<meta property=\"og:image:height\" content=\"628\" \/>\n\t<meta property=\"og:image:type\" content=\"image\/jpeg\" \/>\n<meta name=\"author\" content=\"Paulo Bilynskyj\" \/>\n<meta name=\"twitter:card\" content=\"summary_large_image\" \/>\n<meta name=\"twitter:creator\" content=\"@EstratConcursos\" \/>\n<meta name=\"twitter:site\" content=\"@EstratConcursos\" \/>\n<meta name=\"twitter:label1\" content=\"Escrito por\" \/>\n\t<meta name=\"twitter:data1\" content=\"Paulo Bilynskyj\" \/>\n\t<meta name=\"twitter:label2\" content=\"Est. tempo de leitura\" \/>\n\t<meta name=\"twitter:data2\" content=\"2 minutos\" \/>\n<script type=\"application\/ld+json\" class=\"yoast-schema-graph\">{\"@context\":\"https:\/\/schema.org\",\"@graph\":[{\"@type\":\"NewsArticle\",\"@id\":\"https:\/\/www.estrategiaconcursos.com.br\/blog\/ministerio-firma-tac-para-convocar-todos-os-aprovados-no-concurso-pm-rn\/#article\",\"isPartOf\":{\"@id\":\"https:\/\/www.estrategiaconcursos.com.br\/blog\/ministerio-firma-tac-para-convocar-todos-os-aprovados-no-concurso-pm-rn\/\"},\"author\":{\"name\":\"Paulo Bilynskyj\",\"@id\":\"https:\/\/www.estrategiaconcursos.com.br\/blog\/#\/schema\/person\/a630b15e36f45b4c21fed01219843cb5\"},\"headline\":\"Minist\u00e9rio firma TAC para convocar todos os aprovados no Concurso PM RN\",\"datePublished\":\"2020-01-28T15:23:42+00:00\",\"dateModified\":\"2021-05-26T17:33:08+00:00\",\"mainEntityOfPage\":{\"@id\":\"https:\/\/www.estrategiaconcursos.com.br\/blog\/ministerio-firma-tac-para-convocar-todos-os-aprovados-no-concurso-pm-rn\/\"},\"wordCount\":254,\"commentCount\":0,\"publisher\":{\"@id\":\"https:\/\/www.estrategiaconcursos.com.br\/blog\/#organization\"},\"image\":{\"@id\":\"https:\/\/www.estrategiaconcursos.com.br\/blog\/ministerio-firma-tac-para-convocar-todos-os-aprovados-no-concurso-pm-rn\/#primaryimage\"},\"thumbnailUrl\":\"https:\/\/dhg1h5j42swfq.cloudfront.net\/2018\/01\/16074930\/PM-RN5.jpg\",\"articleSection\":[\"Concursos P\u00fablicos\"],\"inLanguage\":\"pt-BR\",\"potentialAction\":[{\"@type\":\"CommentAction\",\"name\":\"Comment\",\"target\":[\"https:\/\/www.estrategiaconcursos.com.br\/blog\/ministerio-firma-tac-para-convocar-todos-os-aprovados-no-concurso-pm-rn\/#respond\"]}],\"copyrightYear\":\"2020\",\"copyrightHolder\":{\"@id\":\"https:\/\/www.estrategiaconcursos.com.br\/blog\/#organization\"}},{\"@type\":\"WebPage\",\"@id\":\"https:\/\/www.estrategiaconcursos.com.br\/blog\/ministerio-firma-tac-para-convocar-todos-os-aprovados-no-concurso-pm-rn\/\",\"url\":\"https:\/\/www.estrategiaconcursos.com.br\/blog\/ministerio-firma-tac-para-convocar-todos-os-aprovados-no-concurso-pm-rn\/\",\"name\":\"Minist\u00e9rio firma TAC para convocar todos os aprovados no Concurso PM RN\",\"isPartOf\":{\"@id\":\"https:\/\/www.estrategiaconcursos.com.br\/blog\/#website\"},\"primaryImageOfPage\":{\"@id\":\"https:\/\/www.estrategiaconcursos.com.br\/blog\/ministerio-firma-tac-para-convocar-todos-os-aprovados-no-concurso-pm-rn\/#primaryimage\"},\"image\":{\"@id\":\"https:\/\/www.estrategiaconcursos.com.br\/blog\/ministerio-firma-tac-para-convocar-todos-os-aprovados-no-concurso-pm-rn\/#primaryimage\"},\"thumbnailUrl\":\"https:\/\/dhg1h5j42swfq.cloudfront.net\/2018\/01\/16074930\/PM-RN5.jpg\",\"datePublished\":\"2020-01-28T15:23:42+00:00\",\"dateModified\":\"2021-05-26T17:33:08+00:00\",\"breadcrumb\":{\"@id\":\"https:\/\/www.estrategiaconcursos.com.br\/blog\/ministerio-firma-tac-para-convocar-todos-os-aprovados-no-concurso-pm-rn\/#breadcrumb\"},\"inLanguage\":\"pt-BR\",\"potentialAction\":[{\"@type\":\"ReadAction\",\"target\":[\"https:\/\/www.estrategiaconcursos.com.br\/blog\/ministerio-firma-tac-para-convocar-todos-os-aprovados-no-concurso-pm-rn\/\"]}]},{\"@type\":\"ImageObject\",\"inLanguage\":\"pt-BR\",\"@id\":\"https:\/\/www.estrategiaconcursos.com.br\/blog\/ministerio-firma-tac-para-convocar-todos-os-aprovados-no-concurso-pm-rn\/#primaryimage\",\"url\":\"https:\/\/dhg1h5j42swfq.cloudfront.net\/2018\/01\/16074930\/PM-RN5.jpg\",\"contentUrl\":\"https:\/\/dhg1h5j42swfq.cloudfront.net\/2018\/01\/16074930\/PM-RN5.jpg\",\"width\":1200,\"height\":628},{\"@type\":\"BreadcrumbList\",\"@id\":\"https:\/\/www.estrategiaconcursos.com.br\/blog\/ministerio-firma-tac-para-convocar-todos-os-aprovados-no-concurso-pm-rn\/#breadcrumb\",\"itemListElement\":[{\"@type\":\"ListItem\",\"position\":1,\"name\":\"In\u00edcio\",\"item\":\"https:\/\/www.estrategiaconcursos.com.br\/blog\/\"},{\"@type\":\"ListItem\",\"position\":2,\"name\":\"Minist\u00e9rio firma TAC para convocar todos os aprovados no Concurso PM RN\"}]},{\"@type\":\"WebSite\",\"@id\":\"https:\/\/www.estrategiaconcursos.com.br\/blog\/#website\",\"url\":\"https:\/\/www.estrategiaconcursos.com.br\/blog\/\",\"name\":\"Estrat\u00e9gia Concursos\",\"description\":\"O blog da Estrat\u00e9gia Concursos traz not\u00edcias sobre concursos e artigos de professores oferecendo cursos para concursos (pdf + videaulas) no site.\",\"publisher\":{\"@id\":\"https:\/\/www.estrategiaconcursos.com.br\/blog\/#organization\"},\"potentialAction\":[{\"@type\":\"SearchAction\",\"target\":{\"@type\":\"EntryPoint\",\"urlTemplate\":\"https:\/\/www.estrategiaconcursos.com.br\/blog\/?s={search_term_string}\"},\"query-input\":{\"@type\":\"PropertyValueSpecification\",\"valueRequired\":true,\"valueName\":\"search_term_string\"}}],\"inLanguage\":\"pt-BR\"},{\"@type\":\"Organization\",\"@id\":\"https:\/\/www.estrategiaconcursos.com.br\/blog\/#organization\",\"name\":\"Estrat\u00e9gia Concursos\",\"url\":\"https:\/\/www.estrategiaconcursos.com.br\/blog\/\",\"logo\":{\"@type\":\"ImageObject\",\"inLanguage\":\"pt-BR\",\"@id\":\"https:\/\/www.estrategiaconcursos.com.br\/blog\/#\/schema\/logo\/image\/\",\"url\":\"https:\/\/dhg1h5j42swfq.cloudfront.net\/2025\/06\/03203428\/logo_concursos-1.jpg\",\"contentUrl\":\"https:\/\/dhg1h5j42swfq.cloudfront.net\/2025\/06\/03203428\/logo_concursos-1.jpg\",\"width\":230,\"height\":60,\"caption\":\"Estrat\u00e9gia Concursos\"},\"image\":{\"@id\":\"https:\/\/www.estrategiaconcursos.com.br\/blog\/#\/schema\/logo\/image\/\"},\"sameAs\":[\"https:\/\/x.com\/EstratConcursos\"]},{\"@type\":\"Person\",\"@id\":\"https:\/\/www.estrategiaconcursos.com.br\/blog\/#\/schema\/person\/a630b15e36f45b4c21fed01219843cb5\",\"name\":\"Paulo Bilynskyj\",\"image\":{\"@type\":\"ImageObject\",\"inLanguage\":\"pt-BR\",\"@id\":\"https:\/\/secure.gravatar.com\/avatar\/37e21f70c9042e7456beffdc6d31fe051f3f6dcbf252f69343a791b144852057?s=96&d=mm&r=g\",\"url\":\"https:\/\/secure.gravatar.com\/avatar\/37e21f70c9042e7456beffdc6d31fe051f3f6dcbf252f69343a791b144852057?s=96&d=mm&r=g\",\"contentUrl\":\"https:\/\/secure.gravatar.com\/avatar\/37e21f70c9042e7456beffdc6d31fe051f3f6dcbf252f69343a791b144852057?s=96&d=mm&r=g\",\"caption\":\"Paulo Bilynskyj\"},\"url\":\"https:\/\/www.estrategiaconcursos.com.br\/blog\/author\/pbilynskyjgmail-com\/\"}]}<\/script>\n<!-- \/ Yoast SEO Premium plugin. -->","yoast_head_json":{"title":"Minist\u00e9rio firma TAC para convocar todos os aprovados no Concurso PM RN","robots":{"index":"index","follow":"follow","max-snippet":"max-snippet:-1","max-image-preview":"max-image-preview:large","max-video-preview":"max-video-preview:-1"},"canonical":"https:\/\/www.estrategiaconcursos.com.br\/blog\/ministerio-firma-tac-para-convocar-todos-os-aprovados-no-concurso-pm-rn\/","og_locale":"pt_BR","og_type":"article","og_title":"Minist\u00e9rio firma TAC para convocar todos os aprovados no Concurso PM RN","og_description":"O concurso da Pol\u00edcia Militar do Rio Grande do Norte ocorreu em 2018 e seguir\u00e1 vigente at\u00e9 2021. Com a oferta de 1.000 vagas no cargo de Pra\u00e7a da Pol\u00edcia Militar, este certame contou com 12 mil candidatos para a prova objetiva. Dentre essas vagas ofertadas, 938 foram destinadas para candidatos do sexo masculino e [&hellip;]","og_url":"https:\/\/www.estrategiaconcursos.com.br\/blog\/ministerio-firma-tac-para-convocar-todos-os-aprovados-no-concurso-pm-rn\/","og_site_name":"Estrat\u00e9gia Concursos","article_published_time":"2020-01-28T15:23:42+00:00","article_modified_time":"2021-05-26T17:33:08+00:00","og_image":[{"width":1200,"height":628,"url":"https:\/\/dhg1h5j42swfq.cloudfront.net\/2018\/01\/16074930\/PM-RN5.jpg","type":"image\/jpeg"}],"author":"Paulo Bilynskyj","twitter_card":"summary_large_image","twitter_creator":"@EstratConcursos","twitter_site":"@EstratConcursos","twitter_misc":{"Escrito por":"Paulo Bilynskyj","Est. tempo de leitura":"2 minutos"},"schema":{"@context":"https:\/\/schema.org","@graph":[{"@type":"NewsArticle","@id":"https:\/\/www.estrategiaconcursos.com.br\/blog\/ministerio-firma-tac-para-convocar-todos-os-aprovados-no-concurso-pm-rn\/#article","isPartOf":{"@id":"https:\/\/www.estrategiaconcursos.com.br\/blog\/ministerio-firma-tac-para-convocar-todos-os-aprovados-no-concurso-pm-rn\/"},"author":{"name":"Paulo Bilynskyj","@id":"https:\/\/www.estrategiaconcursos.com.br\/blog\/#\/schema\/person\/a630b15e36f45b4c21fed01219843cb5"},"headline":"Minist\u00e9rio firma TAC para convocar todos os aprovados no Concurso PM RN","datePublished":"2020-01-28T15:23:42+00:00","dateModified":"2021-05-26T17:33:08+00:00","mainEntityOfPage":{"@id":"https:\/\/www.estrategiaconcursos.com.br\/blog\/ministerio-firma-tac-para-convocar-todos-os-aprovados-no-concurso-pm-rn\/"},"wordCount":254,"commentCount":0,"publisher":{"@id":"https:\/\/www.estrategiaconcursos.com.br\/blog\/#organization"},"image":{"@id":"https:\/\/www.estrategiaconcursos.com.br\/blog\/ministerio-firma-tac-para-convocar-todos-os-aprovados-no-concurso-pm-rn\/#primaryimage"},"thumbnailUrl":"https:\/\/dhg1h5j42swfq.cloudfront.net\/2018\/01\/16074930\/PM-RN5.jpg","articleSection":["Concursos P\u00fablicos"],"inLanguage":"pt-BR","potentialAction":[{"@type":"CommentAction","name":"Comment","target":["https:\/\/www.estrategiaconcursos.com.br\/blog\/ministerio-firma-tac-para-convocar-todos-os-aprovados-no-concurso-pm-rn\/#respond"]}],"copyrightYear":"2020","copyrightHolder":{"@id":"https:\/\/www.estrategiaconcursos.com.br\/blog\/#organization"}},{"@type":"WebPage","@id":"https:\/\/www.estrategiaconcursos.com.br\/blog\/ministerio-firma-tac-para-convocar-todos-os-aprovados-no-concurso-pm-rn\/","url":"https:\/\/www.estrategiaconcursos.com.br\/blog\/ministerio-firma-tac-para-convocar-todos-os-aprovados-no-concurso-pm-rn\/","name":"Minist\u00e9rio firma TAC para convocar todos os aprovados no Concurso PM RN","isPartOf":{"@id":"https:\/\/www.estrategiaconcursos.com.br\/blog\/#website"},"primaryImageOfPage":{"@id":"https:\/\/www.estrategiaconcursos.com.br\/blog\/ministerio-firma-tac-para-convocar-todos-os-aprovados-no-concurso-pm-rn\/#primaryimage"},"image":{"@id":"https:\/\/www.estrategiaconcursos.com.br\/blog\/ministerio-firma-tac-para-convocar-todos-os-aprovados-no-concurso-pm-rn\/#primaryimage"},"thumbnailUrl":"https:\/\/dhg1h5j42swfq.cloudfront.net\/2018\/01\/16074930\/PM-RN5.jpg","datePublished":"2020-01-28T15:23:42+00:00","dateModified":"2021-05-26T17:33:08+00:00","breadcrumb":{"@id":"https:\/\/www.estrategiaconcursos.com.br\/blog\/ministerio-firma-tac-para-convocar-todos-os-aprovados-no-concurso-pm-rn\/#breadcrumb"},"inLanguage":"pt-BR","potentialAction":[{"@type":"ReadAction","target":["https:\/\/www.estrategiaconcursos.com.br\/blog\/ministerio-firma-tac-para-convocar-todos-os-aprovados-no-concurso-pm-rn\/"]}]},{"@type":"ImageObject","inLanguage":"pt-BR","@id":"https:\/\/www.estrategiaconcursos.com.br\/blog\/ministerio-firma-tac-para-convocar-todos-os-aprovados-no-concurso-pm-rn\/#primaryimage","url":"https:\/\/dhg1h5j42swfq.cloudfront.net\/2018\/01\/16074930\/PM-RN5.jpg","contentUrl":"https:\/\/dhg1h5j42swfq.cloudfront.net\/2018\/01\/16074930\/PM-RN5.jpg","width":1200,"height":628},{"@type":"BreadcrumbList","@id":"https:\/\/www.estrategiaconcursos.com.br\/blog\/ministerio-firma-tac-para-convocar-todos-os-aprovados-no-concurso-pm-rn\/#breadcrumb","itemListElement":[{"@type":"ListItem","position":1,"name":"In\u00edcio","item":"https:\/\/www.estrategiaconcursos.com.br\/blog\/"},{"@type":"ListItem","position":2,"name":"Minist\u00e9rio firma TAC para convocar todos os aprovados no Concurso PM RN"}]},{"@type":"WebSite","@id":"https:\/\/www.estrategiaconcursos.com.br\/blog\/#website","url":"https:\/\/www.estrategiaconcursos.com.br\/blog\/","name":"Estrat\u00e9gia Concursos","description":"O blog da Estrat\u00e9gia Concursos traz not\u00edcias sobre concursos e artigos de professores oferecendo cursos para concursos (pdf + videaulas) no site.","publisher":{"@id":"https:\/\/www.estrategiaconcursos.com.br\/blog\/#organization"},"potentialAction":[{"@type":"SearchAction","target":{"@type":"EntryPoint","urlTemplate":"https:\/\/www.estrategiaconcursos.com.br\/blog\/?s={search_term_string}"},"query-input":{"@type":"PropertyValueSpecification","valueRequired":true,"valueName":"search_term_string"}}],"inLanguage":"pt-BR"},{"@type":"Organization","@id":"https:\/\/www.estrategiaconcursos.com.br\/blog\/#organization","name":"Estrat\u00e9gia Concursos","url":"https:\/\/www.estrategiaconcursos.com.br\/blog\/","logo":{"@type":"ImageObject","inLanguage":"pt-BR","@id":"https:\/\/www.estrategiaconcursos.com.br\/blog\/#\/schema\/logo\/image\/","url":"https:\/\/dhg1h5j42swfq.cloudfront.net\/2025\/06\/03203428\/logo_concursos-1.jpg","contentUrl":"https:\/\/dhg1h5j42swfq.cloudfront.net\/2025\/06\/03203428\/logo_concursos-1.jpg","width":230,"height":60,"caption":"Estrat\u00e9gia Concursos"},"image":{"@id":"https:\/\/www.estrategiaconcursos.com.br\/blog\/#\/schema\/logo\/image\/"},"sameAs":["https:\/\/x.com\/EstratConcursos"]},{"@type":"Person","@id":"https:\/\/www.estrategiaconcursos.com.br\/blog\/#\/schema\/person\/a630b15e36f45b4c21fed01219843cb5","name":"Paulo Bilynskyj","image":{"@type":"ImageObject","inLanguage":"pt-BR","@id":"https:\/\/secure.gravatar.com\/avatar\/37e21f70c9042e7456beffdc6d31fe051f3f6dcbf252f69343a791b144852057?s=96&d=mm&r=g","url":"https:\/\/secure.gravatar.com\/avatar\/37e21f70c9042e7456beffdc6d31fe051f3f6dcbf252f69343a791b144852057?s=96&d=mm&r=g","contentUrl":"https:\/\/secure.gravatar.com\/avatar\/37e21f70c9042e7456beffdc6d31fe051f3f6dcbf252f69343a791b144852057?s=96&d=mm&r=g","caption":"Paulo Bilynskyj"},"url":"https:\/\/www.estrategiaconcursos.com.br\/blog\/author\/pbilynskyjgmail-com\/"}]}},"_links":{"self":[{"href":"https:\/\/www.estrategiaconcursos.com.br\/blog\/wp-json\/wp\/v2\/posts\/474755","targetHints":{"allow":["GET"]}}],"collection":[{"href":"https:\/\/www.estrategiaconcursos.com.br\/blog\/wp-json\/wp\/v2\/posts"}],"about":[{"href":"https:\/\/www.estrategiaconcursos.com.br\/blog\/wp-json\/wp\/v2\/types\/post"}],"author":[{"embeddable":true,"href":"https:\/\/www.estrategiaconcursos.com.br\/blog\/wp-json\/wp\/v2\/users\/552"}],"replies":[{"embeddable":true,"href":"https:\/\/www.estrategiaconcursos.com.br\/blog\/wp-json\/wp\/v2\/comments?post=474755"}],"version-history":[{"count":3,"href":"https:\/\/www.estrategiaconcursos.com.br\/blog\/wp-json\/wp\/v2\/posts\/474755\/revisions"}],"predecessor-version":[{"id":752152,"href":"https:\/\/www.estrategiaconcursos.com.br\/blog\/wp-json\/wp\/v2\/posts\/474755\/revisions\/752152"}],"wp:featuredmedia":[{"embeddable":true,"href":"https:\/\/www.estrategiaconcursos.com.br\/blog\/wp-json\/wp\/v2\/media\/102405"}],"wp:attachment":[{"href":"https:\/\/www.estrategiaconcursos.com.br\/blog\/wp-json\/wp\/v2\/media?parent=474755"}],"wp:term":[{"taxonomy":"category","embeddable":true,"href":"https:\/\/www.estrategiaconcursos.com.br\/blog\/wp-json\/wp\/v2\/categories?post=474755"},{"taxonomy":"post_tag","embeddable":true,"href":"https:\/\/www.estrategiaconcursos.com.br\/blog\/wp-json\/wp\/v2\/tags?post=474755"},{"taxonomy":"tax_estado","embeddable":true,"href":"https:\/\/www.estrategiaconcursos.com.br\/blog\/wp-json\/wp\/v2\/tax_estado?post=474755"}],"curies":[{"name":"wp","href":"https:\/\/api.w.org\/{rel}","templated":true}]}}