{"id":474734,"date":"2020-01-28T10:11:17","date_gmt":"2020-01-28T13:11:17","guid":{"rendered":"https:\/\/www.estrategiaconcursos.com.br\/blog\/?p=474734"},"modified":"2020-01-29T11:12:50","modified_gmt":"2020-01-29T14:12:50","slug":"concurso-prefeitura-betim-deferimento-inscricoes","status":"publish","type":"post","link":"https:\/\/www.estrategiaconcursos.com.br\/blog\/concurso-prefeitura-betim-deferimento-inscricoes\/","title":{"rendered":"Deferimento das inscri\u00e7\u00f5es do concurso Prefeitura de Betim \u00e9 divulgado"},"content":{"rendered":"\n<p>Foi publicado o <strong>edital de deferimento das inscri\u00e7\u00f5es<\/strong> do concurso p\u00fablico da Prefeitura Municipal de Betim, Estado de Minas Gerais. Com isso, aqueles que tiveram suas inscri\u00e7\u00f5es <span style=\"text-decoration: underline;\">indeferidas<\/span>, podem interpor recurso no prazo de at\u00e9 dois dias \u00fateis, ou seja, at\u00e9 28 de janeiro.<\/p>\n\n\n\n<p>O procedimento deve ser protocolado em formul\u00e1rio pr\u00f3prio, dispon\u00edvel no <a rel=\"noreferrer noopener\" aria-label=\"site do Instituto AOCP (abre numa nova aba)\" href=\"http:\/\/www.institutoaocp.org.br\/recursoGenerico\/index.jsp?resposta=0&amp;idRecurso=753&amp;concurso=225\" target=\"_blank\">site do Instituto AOCP<\/a>, banca do certame, no per\u00edodo das 0h00min do dia 27 de janeiro at\u00e9 \u00e0s 23h59min de 28 de janeiro. Deve-se observar o hor\u00e1rio oficial de Bras\u00edlia\/DF. <\/p>\n\n\n\n<p>A prova objetiva est\u00e1 prevista para ser aplicada em 01 de mar\u00e7o. O candidato com a inscri\u00e7\u00e3o deferida poder\u00e1 consultar o hor\u00e1rio e local da avalia\u00e7\u00e3o a partir das 15h, do dia 06 de fevereiro, no site do Instituto AOCP.<\/p>\n\n\n\n<p>Vale lembrar que a Prefeitura de Betim oferta, ao todo, <strong>392 vagas<\/strong>. As oportunidades s\u00e3o distribu\u00eddas entre cargos de n\u00edvel m\u00e9dio e superior, dos setores Administrativo, Assist\u00eancia Social e Educa\u00e7\u00e3o. Os sal\u00e1rios iniciais variam de R$ 1.028,54 a R$ 4.952,00.<\/p>\n\n\n\n<p><em>Confira abaixo a listagem do deferimento de inscri\u00e7\u00f5es:<\/em><\/p>\n\n\n\n<p class=\"has-normal-font-size\">\u25ba<a rel=\"noreferrer noopener\" href=\"https:\/\/dhg1h5j42swfq.cloudfront.net\/2020\/01\/28084201\/anexo-1.pdf\" target=\"_blank\">Anexo I &#8211; PcD<\/a>&nbsp;<br \/>\u25ba<a rel=\"noreferrer noopener\" href=\"https:\/\/dhg1h5j42swfq.cloudfront.net\/2020\/01\/28084157\/anexo-2.pdf\" target=\"_blank\">Anexo II &#8211; Ampla Concorr\u00eancia<\/a>&nbsp;<br \/>\u25ba<a rel=\"noreferrer noopener\" href=\"https:\/\/dhg1h5j42swfq.cloudfront.net\/2020\/01\/28084151\/anexo-3.pdf\" target=\"_blank\">Anexo III &#8211; Negros<\/a> <\/p>\n\n\n\n<hr class=\"wp-block-separator\"\/>\n\n\n\n<p style=\"font-size:22px\" class=\"has-background has-text-align-center has-very-light-gray-background-color\"><strong>Saiba mais: <a rel=\"noreferrer noopener\" aria-label=\"Concurso Prefeitura de Betim (abre numa nova aba)\" href=\"https:\/\/www.estrategiaconcursos.com.br\/blog\/concurso-prefeitura-betim\/\" target=\"_blank\">Concurso Prefeitura de Betim<\/a><\/strong><\/p>\n\n\n\n<p class=\"has-text-align-center has-medium-font-size\"><em><strong>Assinatura Anual Ilimitada*<\/strong><\/em><\/p>\n\n\n\n<p class=\"has-text-align-center\"><em>Prepare-se com o melhor material e com quem mais aprova em Concursos P\u00fablicos em todo o pa\u00eds. Assine agora a nossa Assinatura Anual e tenha acesso ilimitado a todos os nossos cursos.<\/em><\/p>\n\n\n\n<p style=\"font-size:22px\" class=\"has-background has-text-align-center has-luminous-vivid-amber-background-color\"><strong>ASSINE AGORA&nbsp;\u2013&nbsp;<a rel=\"noreferrer noopener\" href=\"https:\/\/www.estrategiaconcursos.com.br\/assinaturas\/\" target=\"_blank\">Assinatura Ilimitada<\/a><\/strong><\/p>\n\n\n\n<p class=\"has-text-align-center has-medium-font-size\"><strong><em>Fique por dentro de todos os concursos<\/em><\/strong><\/p>\n\n\n\n<p style=\"font-size:22px\" class=\"has-background has-text-align-center has-pale-cyan-blue-background-color\"><a href=\"https:\/\/www.estrategiaconcursos.com.br\/blog\/concursos-abertos\/\" target=\"_blank\" rel=\"noreferrer noopener\" aria-label=\"CONCURSOS ABERTOS (abre numa nova aba)\"><strong>CONCURSOS ABERTOS<\/strong><\/a><\/p>\n\n\n\n<p style=\"font-size:22px\" class=\"has-background has-text-align-center has-pale-cyan-blue-background-color\"><a href=\"https:\/\/www.estrategiaconcursos.com.br\/blog\/concursos-2020\/\" target=\"_blank\" rel=\"noreferrer noopener\" aria-label=\"CONCURSOS&nbsp;2020 (abre numa nova aba)\"><strong>CONCURSOS&nbsp;2020<\/strong><\/a><\/p>\n","protected":false},"excerpt":{"rendered":"<p>Foi publicado o edital de deferimento das inscri\u00e7\u00f5es do concurso p\u00fablico da Prefeitura Municipal de Betim, Estado de Minas Gerais. Com isso, aqueles que tiveram suas inscri\u00e7\u00f5es indeferidas, podem interpor recurso no prazo de at\u00e9 dois dias \u00fateis, ou seja, at\u00e9 28 de janeiro. O procedimento deve ser protocolado em formul\u00e1rio pr\u00f3prio, dispon\u00edvel no site [&hellip;]<\/p>\n","protected":false},"author":221,"featured_media":410893,"comment_status":"open","ping_status":"closed","sticky":false,"template":"","format":"standard","meta":{"post_tipo":"article","footnotes":""},"categories":[1],"tags":[],"tax_estado":[],"class_list":["post-474734","post","type-post","status-publish","format-standard","has-post-thumbnail","hentry","category-cursos-e-concursos"],"acf":[],"yoast_head":"<!-- This site is optimized with the Yoast SEO Premium plugin v27.2 (Yoast SEO v27.2) - https:\/\/yoast.com\/product\/yoast-seo-premium-wordpress\/ -->\n<title>Deferimento das inscri\u00e7\u00f5es do concurso Prefeitura de Betim \u00e9 divulgado<\/title>\n<meta name=\"robots\" content=\"index, follow, max-snippet:-1, max-image-preview:large, max-video-preview:-1\" \/>\n<link rel=\"canonical\" href=\"https:\/\/www.estrategiaconcursos.com.br\/blog\/concurso-prefeitura-betim-deferimento-inscricoes\/\" \/>\n<meta property=\"og:locale\" content=\"pt_BR\" \/>\n<meta property=\"og:type\" content=\"article\" \/>\n<meta property=\"og:title\" content=\"Deferimento das inscri\u00e7\u00f5es do concurso Prefeitura de Betim \u00e9 divulgado\" \/>\n<meta property=\"og:description\" content=\"Foi publicado o edital de deferimento das inscri\u00e7\u00f5es do concurso p\u00fablico da Prefeitura Municipal de Betim, Estado de Minas Gerais. Com isso, aqueles que tiveram suas inscri\u00e7\u00f5es indeferidas, podem interpor recurso no prazo de at\u00e9 dois dias \u00fateis, ou seja, at\u00e9 28 de janeiro. O procedimento deve ser protocolado em formul\u00e1rio pr\u00f3prio, dispon\u00edvel no site [&hellip;]\" \/>\n<meta property=\"og:url\" content=\"https:\/\/www.estrategiaconcursos.com.br\/blog\/concurso-prefeitura-betim-deferimento-inscricoes\/\" \/>\n<meta property=\"og:site_name\" content=\"Estrat\u00e9gia Concursos\" \/>\n<meta property=\"article:published_time\" content=\"2020-01-28T13:11:17+00:00\" \/>\n<meta property=\"article:modified_time\" content=\"2020-01-29T14:12:50+00:00\" \/>\n<meta property=\"og:image\" content=\"https:\/\/dhg1h5j42swfq.cloudfront.net\/2019\/08\/19120217\/PREFEITURABETIM.jpg\" \/>\n\t<meta property=\"og:image:width\" content=\"1200\" \/>\n\t<meta property=\"og:image:height\" content=\"628\" \/>\n\t<meta property=\"og:image:type\" content=\"image\/jpeg\" \/>\n<meta name=\"author\" content=\"Tulio Lages\" \/>\n<meta name=\"twitter:card\" content=\"summary_large_image\" \/>\n<meta name=\"twitter:creator\" content=\"@EstratConcursos\" \/>\n<meta name=\"twitter:site\" content=\"@EstratConcursos\" \/>\n<meta name=\"twitter:label1\" content=\"Escrito por\" \/>\n\t<meta name=\"twitter:data1\" content=\"Tulio Lages\" \/>\n\t<meta name=\"twitter:label2\" content=\"Est. tempo de leitura\" \/>\n\t<meta name=\"twitter:data2\" content=\"1 minuto\" \/>\n<script type=\"application\/ld+json\" class=\"yoast-schema-graph\">{\"@context\":\"https:\/\/schema.org\",\"@graph\":[{\"@type\":\"NewsArticle\",\"@id\":\"https:\/\/www.estrategiaconcursos.com.br\/blog\/concurso-prefeitura-betim-deferimento-inscricoes\/#article\",\"isPartOf\":{\"@id\":\"https:\/\/www.estrategiaconcursos.com.br\/blog\/concurso-prefeitura-betim-deferimento-inscricoes\/\"},\"author\":{\"name\":\"Tulio Lages\",\"@id\":\"https:\/\/www.estrategiaconcursos.com.br\/blog\/#\/schema\/person\/80581c41357e3666d4b56f2db6910639\"},\"headline\":\"Deferimento das inscri\u00e7\u00f5es do concurso Prefeitura de Betim \u00e9 divulgado\",\"datePublished\":\"2020-01-28T13:11:17+00:00\",\"dateModified\":\"2020-01-29T14:12:50+00:00\",\"mainEntityOfPage\":{\"@id\":\"https:\/\/www.estrategiaconcursos.com.br\/blog\/concurso-prefeitura-betim-deferimento-inscricoes\/\"},\"wordCount\":274,\"commentCount\":0,\"publisher\":{\"@id\":\"https:\/\/www.estrategiaconcursos.com.br\/blog\/#organization\"},\"image\":{\"@id\":\"https:\/\/www.estrategiaconcursos.com.br\/blog\/concurso-prefeitura-betim-deferimento-inscricoes\/#primaryimage\"},\"thumbnailUrl\":\"https:\/\/dhg1h5j42swfq.cloudfront.net\/2019\/08\/19120217\/PREFEITURABETIM.jpg\",\"articleSection\":[\"Concursos P\u00fablicos\"],\"inLanguage\":\"pt-BR\",\"potentialAction\":[{\"@type\":\"CommentAction\",\"name\":\"Comment\",\"target\":[\"https:\/\/www.estrategiaconcursos.com.br\/blog\/concurso-prefeitura-betim-deferimento-inscricoes\/#respond\"]}],\"copyrightYear\":\"2020\",\"copyrightHolder\":{\"@id\":\"https:\/\/www.estrategiaconcursos.com.br\/blog\/#organization\"}},{\"@type\":\"WebPage\",\"@id\":\"https:\/\/www.estrategiaconcursos.com.br\/blog\/concurso-prefeitura-betim-deferimento-inscricoes\/\",\"url\":\"https:\/\/www.estrategiaconcursos.com.br\/blog\/concurso-prefeitura-betim-deferimento-inscricoes\/\",\"name\":\"Deferimento das inscri\u00e7\u00f5es do concurso Prefeitura de Betim \u00e9 divulgado\",\"isPartOf\":{\"@id\":\"https:\/\/www.estrategiaconcursos.com.br\/blog\/#website\"},\"primaryImageOfPage\":{\"@id\":\"https:\/\/www.estrategiaconcursos.com.br\/blog\/concurso-prefeitura-betim-deferimento-inscricoes\/#primaryimage\"},\"image\":{\"@id\":\"https:\/\/www.estrategiaconcursos.com.br\/blog\/concurso-prefeitura-betim-deferimento-inscricoes\/#primaryimage\"},\"thumbnailUrl\":\"https:\/\/dhg1h5j42swfq.cloudfront.net\/2019\/08\/19120217\/PREFEITURABETIM.jpg\",\"datePublished\":\"2020-01-28T13:11:17+00:00\",\"dateModified\":\"2020-01-29T14:12:50+00:00\",\"breadcrumb\":{\"@id\":\"https:\/\/www.estrategiaconcursos.com.br\/blog\/concurso-prefeitura-betim-deferimento-inscricoes\/#breadcrumb\"},\"inLanguage\":\"pt-BR\",\"potentialAction\":[{\"@type\":\"ReadAction\",\"target\":[\"https:\/\/www.estrategiaconcursos.com.br\/blog\/concurso-prefeitura-betim-deferimento-inscricoes\/\"]}]},{\"@type\":\"ImageObject\",\"inLanguage\":\"pt-BR\",\"@id\":\"https:\/\/www.estrategiaconcursos.com.br\/blog\/concurso-prefeitura-betim-deferimento-inscricoes\/#primaryimage\",\"url\":\"https:\/\/dhg1h5j42swfq.cloudfront.net\/2019\/08\/19120217\/PREFEITURABETIM.jpg\",\"contentUrl\":\"https:\/\/dhg1h5j42swfq.cloudfront.net\/2019\/08\/19120217\/PREFEITURABETIM.jpg\",\"width\":1200,\"height\":628,\"caption\":\"prefeitura de betim\"},{\"@type\":\"BreadcrumbList\",\"@id\":\"https:\/\/www.estrategiaconcursos.com.br\/blog\/concurso-prefeitura-betim-deferimento-inscricoes\/#breadcrumb\",\"itemListElement\":[{\"@type\":\"ListItem\",\"position\":1,\"name\":\"In\u00edcio\",\"item\":\"https:\/\/www.estrategiaconcursos.com.br\/blog\/\"},{\"@type\":\"ListItem\",\"position\":2,\"name\":\"Deferimento das inscri\u00e7\u00f5es do concurso Prefeitura de Betim \u00e9 divulgado\"}]},{\"@type\":\"WebSite\",\"@id\":\"https:\/\/www.estrategiaconcursos.com.br\/blog\/#website\",\"url\":\"https:\/\/www.estrategiaconcursos.com.br\/blog\/\",\"name\":\"Estrat\u00e9gia Concursos\",\"description\":\"O blog da Estrat\u00e9gia Concursos traz not\u00edcias sobre concursos e artigos de professores oferecendo cursos para concursos (pdf + videaulas) no site.\",\"publisher\":{\"@id\":\"https:\/\/www.estrategiaconcursos.com.br\/blog\/#organization\"},\"potentialAction\":[{\"@type\":\"SearchAction\",\"target\":{\"@type\":\"EntryPoint\",\"urlTemplate\":\"https:\/\/www.estrategiaconcursos.com.br\/blog\/?s={search_term_string}\"},\"query-input\":{\"@type\":\"PropertyValueSpecification\",\"valueRequired\":true,\"valueName\":\"search_term_string\"}}],\"inLanguage\":\"pt-BR\"},{\"@type\":\"Organization\",\"@id\":\"https:\/\/www.estrategiaconcursos.com.br\/blog\/#organization\",\"name\":\"Estrat\u00e9gia Concursos\",\"url\":\"https:\/\/www.estrategiaconcursos.com.br\/blog\/\",\"logo\":{\"@type\":\"ImageObject\",\"inLanguage\":\"pt-BR\",\"@id\":\"https:\/\/www.estrategiaconcursos.com.br\/blog\/#\/schema\/logo\/image\/\",\"url\":\"https:\/\/dhg1h5j42swfq.cloudfront.net\/2025\/06\/03203428\/logo_concursos-1.jpg\",\"contentUrl\":\"https:\/\/dhg1h5j42swfq.cloudfront.net\/2025\/06\/03203428\/logo_concursos-1.jpg\",\"width\":230,\"height\":60,\"caption\":\"Estrat\u00e9gia Concursos\"},\"image\":{\"@id\":\"https:\/\/www.estrategiaconcursos.com.br\/blog\/#\/schema\/logo\/image\/\"},\"sameAs\":[\"https:\/\/x.com\/EstratConcursos\"]},{\"@type\":\"Person\",\"@id\":\"https:\/\/www.estrategiaconcursos.com.br\/blog\/#\/schema\/person\/80581c41357e3666d4b56f2db6910639\",\"name\":\"Tulio Lages\",\"image\":{\"@type\":\"ImageObject\",\"inLanguage\":\"pt-BR\",\"@id\":\"https:\/\/secure.gravatar.com\/avatar\/d24e31d7062c4ca48f968843d2bcad20a2ba1a5cf087b6f34171db005b925941?s=96&d=mm&r=g\",\"url\":\"https:\/\/secure.gravatar.com\/avatar\/d24e31d7062c4ca48f968843d2bcad20a2ba1a5cf087b6f34171db005b925941?s=96&d=mm&r=g\",\"contentUrl\":\"https:\/\/secure.gravatar.com\/avatar\/d24e31d7062c4ca48f968843d2bcad20a2ba1a5cf087b6f34171db005b925941?s=96&d=mm&r=g\",\"caption\":\"Tulio Lages\"},\"url\":\"https:\/\/www.estrategiaconcursos.com.br\/blog\/author\/tuliolagesestrategiaconcursos-com-br\/\"}]}<\/script>\n<!-- \/ Yoast SEO Premium plugin. -->","yoast_head_json":{"title":"Deferimento das inscri\u00e7\u00f5es do concurso Prefeitura de Betim \u00e9 divulgado","robots":{"index":"index","follow":"follow","max-snippet":"max-snippet:-1","max-image-preview":"max-image-preview:large","max-video-preview":"max-video-preview:-1"},"canonical":"https:\/\/www.estrategiaconcursos.com.br\/blog\/concurso-prefeitura-betim-deferimento-inscricoes\/","og_locale":"pt_BR","og_type":"article","og_title":"Deferimento das inscri\u00e7\u00f5es do concurso Prefeitura de Betim \u00e9 divulgado","og_description":"Foi publicado o edital de deferimento das inscri\u00e7\u00f5es do concurso p\u00fablico da Prefeitura Municipal de Betim, Estado de Minas Gerais. Com isso, aqueles que tiveram suas inscri\u00e7\u00f5es indeferidas, podem interpor recurso no prazo de at\u00e9 dois dias \u00fateis, ou seja, at\u00e9 28 de janeiro. O procedimento deve ser protocolado em formul\u00e1rio pr\u00f3prio, dispon\u00edvel no site [&hellip;]","og_url":"https:\/\/www.estrategiaconcursos.com.br\/blog\/concurso-prefeitura-betim-deferimento-inscricoes\/","og_site_name":"Estrat\u00e9gia Concursos","article_published_time":"2020-01-28T13:11:17+00:00","article_modified_time":"2020-01-29T14:12:50+00:00","og_image":[{"width":1200,"height":628,"url":"https:\/\/dhg1h5j42swfq.cloudfront.net\/2019\/08\/19120217\/PREFEITURABETIM.jpg","type":"image\/jpeg"}],"author":"Tulio Lages","twitter_card":"summary_large_image","twitter_creator":"@EstratConcursos","twitter_site":"@EstratConcursos","twitter_misc":{"Escrito por":"Tulio Lages","Est. tempo de leitura":"1 minuto"},"schema":{"@context":"https:\/\/schema.org","@graph":[{"@type":"NewsArticle","@id":"https:\/\/www.estrategiaconcursos.com.br\/blog\/concurso-prefeitura-betim-deferimento-inscricoes\/#article","isPartOf":{"@id":"https:\/\/www.estrategiaconcursos.com.br\/blog\/concurso-prefeitura-betim-deferimento-inscricoes\/"},"author":{"name":"Tulio Lages","@id":"https:\/\/www.estrategiaconcursos.com.br\/blog\/#\/schema\/person\/80581c41357e3666d4b56f2db6910639"},"headline":"Deferimento das inscri\u00e7\u00f5es do concurso Prefeitura de Betim \u00e9 divulgado","datePublished":"2020-01-28T13:11:17+00:00","dateModified":"2020-01-29T14:12:50+00:00","mainEntityOfPage":{"@id":"https:\/\/www.estrategiaconcursos.com.br\/blog\/concurso-prefeitura-betim-deferimento-inscricoes\/"},"wordCount":274,"commentCount":0,"publisher":{"@id":"https:\/\/www.estrategiaconcursos.com.br\/blog\/#organization"},"image":{"@id":"https:\/\/www.estrategiaconcursos.com.br\/blog\/concurso-prefeitura-betim-deferimento-inscricoes\/#primaryimage"},"thumbnailUrl":"https:\/\/dhg1h5j42swfq.cloudfront.net\/2019\/08\/19120217\/PREFEITURABETIM.jpg","articleSection":["Concursos P\u00fablicos"],"inLanguage":"pt-BR","potentialAction":[{"@type":"CommentAction","name":"Comment","target":["https:\/\/www.estrategiaconcursos.com.br\/blog\/concurso-prefeitura-betim-deferimento-inscricoes\/#respond"]}],"copyrightYear":"2020","copyrightHolder":{"@id":"https:\/\/www.estrategiaconcursos.com.br\/blog\/#organization"}},{"@type":"WebPage","@id":"https:\/\/www.estrategiaconcursos.com.br\/blog\/concurso-prefeitura-betim-deferimento-inscricoes\/","url":"https:\/\/www.estrategiaconcursos.com.br\/blog\/concurso-prefeitura-betim-deferimento-inscricoes\/","name":"Deferimento das inscri\u00e7\u00f5es do concurso Prefeitura de Betim \u00e9 divulgado","isPartOf":{"@id":"https:\/\/www.estrategiaconcursos.com.br\/blog\/#website"},"primaryImageOfPage":{"@id":"https:\/\/www.estrategiaconcursos.com.br\/blog\/concurso-prefeitura-betim-deferimento-inscricoes\/#primaryimage"},"image":{"@id":"https:\/\/www.estrategiaconcursos.com.br\/blog\/concurso-prefeitura-betim-deferimento-inscricoes\/#primaryimage"},"thumbnailUrl":"https:\/\/dhg1h5j42swfq.cloudfront.net\/2019\/08\/19120217\/PREFEITURABETIM.jpg","datePublished":"2020-01-28T13:11:17+00:00","dateModified":"2020-01-29T14:12:50+00:00","breadcrumb":{"@id":"https:\/\/www.estrategiaconcursos.com.br\/blog\/concurso-prefeitura-betim-deferimento-inscricoes\/#breadcrumb"},"inLanguage":"pt-BR","potentialAction":[{"@type":"ReadAction","target":["https:\/\/www.estrategiaconcursos.com.br\/blog\/concurso-prefeitura-betim-deferimento-inscricoes\/"]}]},{"@type":"ImageObject","inLanguage":"pt-BR","@id":"https:\/\/www.estrategiaconcursos.com.br\/blog\/concurso-prefeitura-betim-deferimento-inscricoes\/#primaryimage","url":"https:\/\/dhg1h5j42swfq.cloudfront.net\/2019\/08\/19120217\/PREFEITURABETIM.jpg","contentUrl":"https:\/\/dhg1h5j42swfq.cloudfront.net\/2019\/08\/19120217\/PREFEITURABETIM.jpg","width":1200,"height":628,"caption":"prefeitura de betim"},{"@type":"BreadcrumbList","@id":"https:\/\/www.estrategiaconcursos.com.br\/blog\/concurso-prefeitura-betim-deferimento-inscricoes\/#breadcrumb","itemListElement":[{"@type":"ListItem","position":1,"name":"In\u00edcio","item":"https:\/\/www.estrategiaconcursos.com.br\/blog\/"},{"@type":"ListItem","position":2,"name":"Deferimento das inscri\u00e7\u00f5es do concurso Prefeitura de Betim \u00e9 divulgado"}]},{"@type":"WebSite","@id":"https:\/\/www.estrategiaconcursos.com.br\/blog\/#website","url":"https:\/\/www.estrategiaconcursos.com.br\/blog\/","name":"Estrat\u00e9gia Concursos","description":"O blog da Estrat\u00e9gia Concursos traz not\u00edcias sobre concursos e artigos de professores oferecendo cursos para concursos (pdf + videaulas) no site.","publisher":{"@id":"https:\/\/www.estrategiaconcursos.com.br\/blog\/#organization"},"potentialAction":[{"@type":"SearchAction","target":{"@type":"EntryPoint","urlTemplate":"https:\/\/www.estrategiaconcursos.com.br\/blog\/?s={search_term_string}"},"query-input":{"@type":"PropertyValueSpecification","valueRequired":true,"valueName":"search_term_string"}}],"inLanguage":"pt-BR"},{"@type":"Organization","@id":"https:\/\/www.estrategiaconcursos.com.br\/blog\/#organization","name":"Estrat\u00e9gia Concursos","url":"https:\/\/www.estrategiaconcursos.com.br\/blog\/","logo":{"@type":"ImageObject","inLanguage":"pt-BR","@id":"https:\/\/www.estrategiaconcursos.com.br\/blog\/#\/schema\/logo\/image\/","url":"https:\/\/dhg1h5j42swfq.cloudfront.net\/2025\/06\/03203428\/logo_concursos-1.jpg","contentUrl":"https:\/\/dhg1h5j42swfq.cloudfront.net\/2025\/06\/03203428\/logo_concursos-1.jpg","width":230,"height":60,"caption":"Estrat\u00e9gia Concursos"},"image":{"@id":"https:\/\/www.estrategiaconcursos.com.br\/blog\/#\/schema\/logo\/image\/"},"sameAs":["https:\/\/x.com\/EstratConcursos"]},{"@type":"Person","@id":"https:\/\/www.estrategiaconcursos.com.br\/blog\/#\/schema\/person\/80581c41357e3666d4b56f2db6910639","name":"Tulio Lages","image":{"@type":"ImageObject","inLanguage":"pt-BR","@id":"https:\/\/secure.gravatar.com\/avatar\/d24e31d7062c4ca48f968843d2bcad20a2ba1a5cf087b6f34171db005b925941?s=96&d=mm&r=g","url":"https:\/\/secure.gravatar.com\/avatar\/d24e31d7062c4ca48f968843d2bcad20a2ba1a5cf087b6f34171db005b925941?s=96&d=mm&r=g","contentUrl":"https:\/\/secure.gravatar.com\/avatar\/d24e31d7062c4ca48f968843d2bcad20a2ba1a5cf087b6f34171db005b925941?s=96&d=mm&r=g","caption":"Tulio Lages"},"url":"https:\/\/www.estrategiaconcursos.com.br\/blog\/author\/tuliolagesestrategiaconcursos-com-br\/"}]}},"_links":{"self":[{"href":"https:\/\/www.estrategiaconcursos.com.br\/blog\/wp-json\/wp\/v2\/posts\/474734","targetHints":{"allow":["GET"]}}],"collection":[{"href":"https:\/\/www.estrategiaconcursos.com.br\/blog\/wp-json\/wp\/v2\/posts"}],"about":[{"href":"https:\/\/www.estrategiaconcursos.com.br\/blog\/wp-json\/wp\/v2\/types\/post"}],"author":[{"embeddable":true,"href":"https:\/\/www.estrategiaconcursos.com.br\/blog\/wp-json\/wp\/v2\/users\/221"}],"replies":[{"embeddable":true,"href":"https:\/\/www.estrategiaconcursos.com.br\/blog\/wp-json\/wp\/v2\/comments?post=474734"}],"version-history":[{"count":4,"href":"https:\/\/www.estrategiaconcursos.com.br\/blog\/wp-json\/wp\/v2\/posts\/474734\/revisions"}],"predecessor-version":[{"id":475254,"href":"https:\/\/www.estrategiaconcursos.com.br\/blog\/wp-json\/wp\/v2\/posts\/474734\/revisions\/475254"}],"wp:featuredmedia":[{"embeddable":true,"href":"https:\/\/www.estrategiaconcursos.com.br\/blog\/wp-json\/wp\/v2\/media\/410893"}],"wp:attachment":[{"href":"https:\/\/www.estrategiaconcursos.com.br\/blog\/wp-json\/wp\/v2\/media?parent=474734"}],"wp:term":[{"taxonomy":"category","embeddable":true,"href":"https:\/\/www.estrategiaconcursos.com.br\/blog\/wp-json\/wp\/v2\/categories?post=474734"},{"taxonomy":"post_tag","embeddable":true,"href":"https:\/\/www.estrategiaconcursos.com.br\/blog\/wp-json\/wp\/v2\/tags?post=474734"},{"taxonomy":"tax_estado","embeddable":true,"href":"https:\/\/www.estrategiaconcursos.com.br\/blog\/wp-json\/wp\/v2\/tax_estado?post=474734"}],"curies":[{"name":"wp","href":"https:\/\/api.w.org\/{rel}","templated":true}]}}