{"id":474685,"date":"2020-03-04T00:00:00","date_gmt":"2020-03-04T03:00:00","guid":{"rendered":"https:\/\/www.estrategiaconcursos.com.br\/blog\/?p=474685"},"modified":"2023-06-20T13:43:36","modified_gmt":"2023-06-20T16:43:36","slug":"concurso-secretaria-de-saude-recife","status":"publish","type":"post","link":"https:\/\/www.estrategiaconcursos.com.br\/blog\/concurso-secretaria-de-saude-recife\/","title":{"rendered":"Concurso Secretaria de Sa\u00fade Recife: prova SUSPENSA e novas contrata\u00e7\u00f5es"},"content":{"rendered":"\n<p>Foi divulgada a suspens\u00e3o da etapa de provas objetivas do concurso Secretaria de Sa\u00fade do Munic\u00edpio do Recife. O certame oferta aos candidatos&nbsp;72 vagas + CR <em> <\/em>para o cargo de Agente Comunit\u00e1rio de Sa\u00fade.<\/p>\n\n\n\n<p>Al\u00e9m disso, a Secretaria de Sa\u00fade do Munic\u00edpio do Recife tornou p\u00fablica a realiza\u00e7\u00e3o de Sele\u00e7\u00e3o P\u00fablica para provimento do cargo efetivo de Agente Comunit\u00e1rio de Sa\u00fade &#8211; ACS, com carga hor\u00e1ria de 40 (quarenta) horas semanais. , mediante as condi\u00e7\u00f5es estabelecidas neste Edital.  <\/p>\n\n\n\n<p><em>Confira abaixo mais informa\u00e7\u00f5es sobre o concurso:<\/em><\/p>\n\n\n\n<p><a href=\"#info\"><em><strong>Principais informa\u00e7\u00f5es:<\/strong><\/em><\/a><br \/><strong><em><a href=\"#data\">Principais datas:<\/a><\/em><\/strong><br \/><strong><em><a href=\"#cargo\">Cargos, vagas e remunera\u00e7\u00f5es:<\/a><\/em><\/strong><br \/><strong><em><a href=\"#etapa\">Etapas do concurso:<\/a><\/em><\/strong><br \/><strong><em><a href=\"#ultimo\">\u00daltimo concurso:<\/a><\/em><\/strong><br \/><strong><em><a href=\"#ficha\">Ficha t\u00e9cnica: <\/a><\/em><\/strong><\/p>\n\n\n\n<h2 class=\"wp-block-heading\" id=\"info\">Principais informa\u00e7\u00f5es do edital Concurso Secretaria de Sa\u00fade Recife<\/h2>\n\n\n\n<p>Os candidatos interessados pelas vagas do certame devem se<strong>&nbsp;inscrever<\/strong>&nbsp;no site da banca organizadora, o <em>Instituto de Apoio \u00e0 Universidade de Pernambuco (IAUPE)<\/em>, entre os dias&nbsp;<strong>30 de janeiro a 03 de mar\u00e7o de 2020<\/strong>. Ap\u00f3s realizar a inscri\u00e7\u00e3o, os concurseiros dever\u00e3o pagar uma taxa que varia conforme o grau de forma\u00e7\u00e3o.<em>&nbsp;Confira abaixo:<\/em><\/p>\n\n\n\n<p class=\"has-medium-font-size\"><strong>Taxa de inscri\u00e7\u00e3o<\/strong><\/p>\n\n\n\n<ul class=\"wp-block-list\">\n<li> Agente Comunit\u00e1rio de Sa\u00fade  \u2013 R$ 33,40  <\/li>\n<\/ul>\n\n\n\n<p> A&nbsp;prova objetiva&nbsp;para&nbsp;o cargo de Agente Comunit\u00e1rio&nbsp;ser\u00e1 efetuada no dia&nbsp; <strong>22 de mar\u00e7o de 2020.<\/strong> Os candidatos que desejarem solicitar a isen\u00e7\u00e3o, devem requerer entre os dias e 30 de janeiro at\u00e9 07 de fevereiro, atrav\u00e9s do site do IAUPE.<\/p>\n\n\n\n<h2 class=\"wp-block-heading\" id=\"data\">Principais Datas<\/h2>\n\n\n\n<p class=\"has-very-light-gray-background-color has-background\"><strong><em>Inscri\u00e7\u00f5es<\/em><\/strong><em>: 30 de janeiro a 03 de mar\u00e7o de 2020 <br \/><\/em><strong><em>Prova objetiva<\/em><\/strong><em>: 22 de mar\u00e7o de 2020<\/em><br \/><strong><em>Isen\u00e7\u00e3o<\/em><\/strong> <strong><em>de pagamento<\/em><\/strong>: <em>30 de janeiro at\u00e9 07 de fevereiro <\/em><\/p>\n\n\n\n<h2 class=\"wp-block-heading\" id=\"cargo\">Cargos, vagas e remunera\u00e7\u00f5es do Concurso Secretaria de Sa\u00fade Recife<\/h2>\n\n\n\n<p> S\u00e3o ofertadas&nbsp;<em>72 vagas + Cadastro de Reserva<\/em> para o cargo de Agente Comunit\u00e1rio de Sa\u00fade. Para concorrer a uma vaga, \u00e9 necess\u00e1rio:<\/p>\n\n\n\n<ul class=\"wp-block-list\">\n<li><em>Ter certificado de conclus\u00e3o do ensino m\u00e9dio emitido por institui\u00e7\u00e3o reconhecida pelo MEC; <\/em><\/li>\n\n\n\n<li><em>Haver conclu\u00eddo, com aproveitamento, Curso de Forma\u00e7\u00e3o Inicial; <\/em><\/li>\n\n\n\n<li><em>Residir na \u00e1rea da comunidade em que atuar desde a data da publica\u00e7\u00e3o do Edital do processo seletivo p\u00fablico. <\/em><\/li>\n<\/ul>\n\n\n\n<p>Confira abaixo os detalhes da vaga:<\/p>\n\n\n\n<p> <em><strong>Agente Comunit\u00e1rio de Sa\u00fade <\/strong>(72 vagas+ CR) R$ 1.250,00  &#8211;  40 h  <\/em><\/p>\n\n\n\n<p><strong><em>\u00c1rea de atua\u00e7\u00e3o<\/em><\/strong>: estrat\u00e9gia Sa\u00fade da Fam\u00edlia e Programa de Agentes Comunit\u00e1rios de Sa\u00fade <\/p>\n\n\n\n<h2 class=\"wp-block-heading\" id=\"etapa\">Etapas do edital Concurso Secretaria de Sa\u00fade Recife <\/h2>\n\n\n\n<p> O concurso C\u00e2mara de Cap\u00e3o da Canoas ser\u00e1 composto de Prova Objetiva de Conhecimentos. A avalia\u00e7\u00e3o est\u00e1 prevista para ocorrer no dia&nbsp;<strong>22 de mar\u00e7o de 2020.<\/strong><\/p>\n\n\n\n<h4 class=\"wp-block-heading\">Prova Objetiva<\/h4>\n\n\n\n<p> A Prova de Conhecimentos, estruturada com 50 quest\u00f5es objetivas &#8211; de m\u00faltipla escolha, de car\u00e1ter eliminat\u00f3rio e classificat\u00f3rio, para todos os candidatos, ser\u00e1 aferida por escore de 0 a 10 , atribuindo-se a esse resultado o peso de 7,5.<\/p>\n\n\n\n<p> A Prova Objetiva de Conhecimentos, de car\u00e1ter eliminat\u00f3rio e classificat\u00f3rio, ser\u00e1 aplicada para todos os candidatos e abranger\u00e1 o conte\u00fado program\u00e1tico do edital. Confira as disciplinas abaixo:<\/p>\n\n\n\n<figure class=\"wp-block-image size-large\"><img loading=\"lazy\" decoding=\"async\" width=\"848\" height=\"121\" src=\"https:\/\/dhg1h5j42swfq.cloudfront.net\/2020\/01\/28094033\/disciplinas-sms-recife.gif\" alt=\"\" class=\"wp-image-474738\"\/><\/figure>\n\n\n\n<p> As Provas Objetivas de Conhecimentos para todos os candidatos ser\u00e3o realizadas no Munic\u00edpio do Recife. A prova ter\u00e1 dura\u00e7\u00e3o de 4 horas.<\/p>\n\n\n\n<h2 class=\"wp-block-heading\" id=\"ultimo\">\u00daltimo concurso Secretaria de Sa\u00fade Recife<\/h2>\n\n\n\n<p>O \u00faltimo concurso p\u00fablico da Secretaria de Sa\u00fade de Recife ocorreu em 2019, com oferta de 695 vagas para diversos cargos, de n\u00edvel m\u00e9dio e superior.<br \/><br \/>Ainda em andamento, o certame foi dividido em duas etapas: <\/p>\n\n\n\n<ul class=\"wp-block-list\">\n<li><em><strong>Prova Objetiva<\/strong><\/em>&nbsp;(todos os cargos): car\u00e1ter eliminat\u00f3rio e classificat\u00f3rio<\/li>\n\n\n\n<li><em><strong>Prova de T\u00edtulos&nbsp;<\/strong><\/em>(cargos de n\u00edvel superior e t\u00e9cnico de enfermagem 30 horas): car\u00e1ter classificat\u00f3rio<\/li>\n<\/ul>\n\n\n\n<h3 class=\"wp-block-heading\">Prova Objetiva<\/h3>\n\n\n\n<p>A Prova Objetiva ser\u00e1 composta de 50 quest\u00f5es distribu\u00eddas por \u00e1reas de conhecimento. Cada quest\u00e3o da Prova Objetiva ter\u00e1 5 alternativas, sendo que cada quest\u00e3o ter\u00e1 apenas 1 alternativa correta, pontuadas conforme as Tabelas do item.<\/p>\n\n\n\n<h3 class=\"wp-block-heading\">Prova de T\u00edtulos<\/h3>\n\n\n\n<p>A Prova de t\u00edtulos, de car\u00e1ter classificat\u00f3rio ser\u00e1 aplicada para os cargos de&nbsp;<em>T\u00e9cnico de Enfermagem SAMU \u2013 Plantonista (30 horas) e T\u00e9cnico de Enfermagem Operador de Motol\u00e2ncia SAMU \u2013 Plantonista (30 horas)<\/em>&nbsp;e N\u00edvel Superior.<\/p>\n\n\n\n<p class=\"has-text-align-center has-very-light-gray-background-color has-background\"><strong><em>Saiba mais:&nbsp;<a href=\"https:\/\/www.estrategiaconcursos.com.br\/blog\/concurso-sms-recife\/\" target=\"_blank\" rel=\"noreferrer noopener\">concurso SMS Recife<\/a><\/em><\/strong><\/p>\n\n\n\n<h3 class=\"wp-block-heading has-text-align-center\"><em>Gostou dessa oportunidade? Ent\u00e3o, confira abaixo os nossos cursos.<\/em><\/h3>\n\n\n\n<p class=\"has-text-align-center has-luminous-vivid-amber-background-color has-background\"><a href=\"https:\/\/www.estrategiaconcursos.com.br\/cursos\/concurso\/\"><strong>CURSO SMS RECIFE<\/strong><\/a><\/p>\n\n\n\n<p class=\"has-text-align-center\"><em><strong>Assinatura Anual Ilimitada*<\/strong><\/em><\/p>\n\n\n\n<p class=\"has-text-align-center\"><em>Prepare-se com o melhor material e com quem mais aprova em Concursos P\u00fablicos em todo o pa\u00eds. Assine agora a nossa Assinatura Anual e tenha acesso ilimitado a todos os nossos cursos.<\/em><\/p>\n\n\n\n<p class=\"has-text-align-center has-light-green-cyan-background-color has-background\"><strong>ASSINE AGORA<\/strong>&nbsp;\u2013&nbsp;<a rel=\"noreferrer noopener\" href=\"https:\/\/www.estrategiaconcursos.com.br\/assinaturas\" target=\"_blank\">Assinatura Ilimitada<\/a><\/p>\n\n\n\n<p class=\"has-text-align-center\"><strong><em>Fique por dentro dos concursos vigentes:<\/em><\/strong><\/p>\n\n\n\n<p class=\"has-text-align-center has-pale-cyan-blue-background-color has-background\"><strong><a href=\"https:\/\/www.estrategiaconcursos.com.br\/blog\/concursos-abertos\/\" target=\"_blank\" rel=\"noreferrer noopener\">CONCURSOS ABERTOS<\/a><\/strong><\/p>\n\n\n\n<figure class=\"wp-block-image\"><img loading=\"lazy\" decoding=\"async\" width=\"300\" height=\"102\" src=\"https:\/\/dhg1h5j42swfq.cloudfront.net\/2017\/03\/28152500\/coruja-ficha-tecnica-300x102.png\" alt=\"Ficha t\u00e9cnica concurso pm mg oficial\" class=\"wp-image-68542\"\/><\/figure>\n\n\n\n<h3 class=\"wp-block-heading\" id=\"ficha\"><strong>Informa\u00e7\u00f5es sobre o concurso SMS Recife<\/strong><\/h3>\n\n\n\n<p>\u25ba<strong>Data<\/strong>:  22 de mar\u00e7o de 2020 <br \/>\u25ba<strong>Vagas<\/strong>: 72 vagas + CR<br \/>\u25ba<strong>Lota\u00e7\u00f5es<\/strong>: Recife (PE)<br \/>\u25ba<strong>Banca<\/strong>:  IAUPE <br \/>\u25ba<strong>Edital:&nbsp;<\/strong><a href=\"https:\/\/dhg1h5j42swfq.cloudfront.net\/2020\/01\/28094909\/SMS_Recife_-_Agente_Comunit%C3%A1rio_de_Sa%C3%BAde.pdf\">Edital Secretaria Municipal de Sa\u00fade Recife<\/a><\/p>\n\n\n\n<p><em>Ascom Estrat\u00e9gia<\/em><br \/>ascomestrategia@gmail.com<\/p>\n","protected":false},"excerpt":{"rendered":"<p>Foi divulgada a suspens\u00e3o da etapa de provas objetivas do concurso Secretaria de Sa\u00fade do Munic\u00edpio do Recife. O certame oferta aos candidatos&nbsp;72 vagas + CR para o cargo de Agente Comunit\u00e1rio de Sa\u00fade. Al\u00e9m disso, a Secretaria de Sa\u00fade do Munic\u00edpio do Recife tornou p\u00fablica a realiza\u00e7\u00e3o de Sele\u00e7\u00e3o P\u00fablica para provimento do cargo [&hellip;]<\/p>\n","protected":false},"author":1,"featured_media":373765,"comment_status":"open","ping_status":"closed","sticky":false,"template":"","format":"standard","meta":{"post_tipo":"news","footnotes":""},"categories":[1],"tags":[],"tax_estado":[],"class_list":["post-474685","post","type-post","status-publish","format-standard","has-post-thumbnail","hentry","category-cursos-e-concursos"],"acf":[],"yoast_head":"<!-- This site is optimized with the Yoast SEO Premium plugin v27.2 (Yoast SEO v27.2) - https:\/\/yoast.com\/product\/yoast-seo-premium-wordpress\/ -->\n<title>Concurso Secretaria de Sa\u00fade Recife: prova SUSPENSA e novas contrata\u00e7\u00f5es<\/title>\n<meta name=\"robots\" content=\"index, follow, max-snippet:-1, max-image-preview:large, max-video-preview:-1\" \/>\n<link rel=\"canonical\" href=\"https:\/\/www.estrategiaconcursos.com.br\/blog\/concurso-secretaria-de-saude-recife\/\" \/>\n<meta property=\"og:locale\" content=\"pt_BR\" \/>\n<meta property=\"og:type\" content=\"article\" \/>\n<meta property=\"og:title\" content=\"Concurso Secretaria de Sa\u00fade Recife: prova SUSPENSA e novas contrata\u00e7\u00f5es\" \/>\n<meta property=\"og:description\" content=\"Foi divulgada a suspens\u00e3o da etapa de provas objetivas do concurso Secretaria de Sa\u00fade do Munic\u00edpio do Recife. O certame oferta aos candidatos&nbsp;72 vagas + CR para o cargo de Agente Comunit\u00e1rio de Sa\u00fade. Al\u00e9m disso, a Secretaria de Sa\u00fade do Munic\u00edpio do Recife tornou p\u00fablica a realiza\u00e7\u00e3o de Sele\u00e7\u00e3o P\u00fablica para provimento do cargo [&hellip;]\" \/>\n<meta property=\"og:url\" content=\"https:\/\/www.estrategiaconcursos.com.br\/blog\/concurso-secretaria-de-saude-recife\/\" \/>\n<meta property=\"og:site_name\" content=\"Estrat\u00e9gia Concursos\" \/>\n<meta property=\"article:author\" content=\"https:\/\/www.facebook.com\/EstrategiaConcursos\" \/>\n<meta property=\"article:published_time\" content=\"2020-03-04T03:00:00+00:00\" \/>\n<meta property=\"article:modified_time\" content=\"2023-06-20T16:43:36+00:00\" \/>\n<meta property=\"og:image\" content=\"https:\/\/dhg1h5j42swfq.cloudfront.net\/2019\/05\/13103334\/SMS-RECIFE2.jpeg\" \/>\n\t<meta property=\"og:image:width\" content=\"400\" \/>\n\t<meta property=\"og:image:height\" content=\"209\" \/>\n\t<meta property=\"og:image:type\" content=\"image\/jpeg\" \/>\n<meta name=\"author\" content=\"Coordena\u00e7\u00e3o\" \/>\n<meta name=\"twitter:card\" content=\"summary_large_image\" \/>\n<meta name=\"twitter:creator\" content=\"@EstratConcursos\" \/>\n<meta name=\"twitter:site\" content=\"@EstratConcursos\" \/>\n<meta name=\"twitter:label1\" content=\"Escrito por\" \/>\n\t<meta name=\"twitter:data1\" content=\"Coordena\u00e7\u00e3o\" \/>\n\t<meta name=\"twitter:label2\" content=\"Est. tempo de leitura\" \/>\n\t<meta name=\"twitter:data2\" content=\"4 minutos\" \/>\n<script type=\"application\/ld+json\" class=\"yoast-schema-graph\">{\"@context\":\"https:\/\/schema.org\",\"@graph\":[{\"@type\":\"NewsArticle\",\"@id\":\"https:\/\/www.estrategiaconcursos.com.br\/blog\/concurso-secretaria-de-saude-recife\/#article\",\"isPartOf\":{\"@id\":\"https:\/\/www.estrategiaconcursos.com.br\/blog\/concurso-secretaria-de-saude-recife\/\"},\"author\":{\"name\":\"Coordena\u00e7\u00e3o\",\"@id\":\"https:\/\/www.estrategiaconcursos.com.br\/blog\/#\/schema\/person\/b4a388c97673c5f483d72185668afa1f\"},\"headline\":\"Concurso Secretaria de Sa\u00fade Recife: prova SUSPENSA e novas contrata\u00e7\u00f5es\",\"datePublished\":\"2020-03-04T03:00:00+00:00\",\"dateModified\":\"2023-06-20T16:43:36+00:00\",\"mainEntityOfPage\":{\"@id\":\"https:\/\/www.estrategiaconcursos.com.br\/blog\/concurso-secretaria-de-saude-recife\/\"},\"wordCount\":811,\"commentCount\":2,\"publisher\":{\"@id\":\"https:\/\/www.estrategiaconcursos.com.br\/blog\/#organization\"},\"image\":{\"@id\":\"https:\/\/www.estrategiaconcursos.com.br\/blog\/concurso-secretaria-de-saude-recife\/#primaryimage\"},\"thumbnailUrl\":\"https:\/\/dhg1h5j42swfq.cloudfront.net\/2019\/05\/13103334\/SMS-RECIFE2.jpeg\",\"articleSection\":[\"Concursos P\u00fablicos\"],\"inLanguage\":\"pt-BR\",\"potentialAction\":[{\"@type\":\"CommentAction\",\"name\":\"Comment\",\"target\":[\"https:\/\/www.estrategiaconcursos.com.br\/blog\/concurso-secretaria-de-saude-recife\/#respond\"]}],\"copyrightYear\":\"2020\",\"copyrightHolder\":{\"@id\":\"https:\/\/www.estrategiaconcursos.com.br\/blog\/#organization\"}},{\"@type\":\"WebPage\",\"@id\":\"https:\/\/www.estrategiaconcursos.com.br\/blog\/concurso-secretaria-de-saude-recife\/\",\"url\":\"https:\/\/www.estrategiaconcursos.com.br\/blog\/concurso-secretaria-de-saude-recife\/\",\"name\":\"Concurso Secretaria de Sa\u00fade Recife: prova SUSPENSA e novas contrata\u00e7\u00f5es\",\"isPartOf\":{\"@id\":\"https:\/\/www.estrategiaconcursos.com.br\/blog\/#website\"},\"primaryImageOfPage\":{\"@id\":\"https:\/\/www.estrategiaconcursos.com.br\/blog\/concurso-secretaria-de-saude-recife\/#primaryimage\"},\"image\":{\"@id\":\"https:\/\/www.estrategiaconcursos.com.br\/blog\/concurso-secretaria-de-saude-recife\/#primaryimage\"},\"thumbnailUrl\":\"https:\/\/dhg1h5j42swfq.cloudfront.net\/2019\/05\/13103334\/SMS-RECIFE2.jpeg\",\"datePublished\":\"2020-03-04T03:00:00+00:00\",\"dateModified\":\"2023-06-20T16:43:36+00:00\",\"breadcrumb\":{\"@id\":\"https:\/\/www.estrategiaconcursos.com.br\/blog\/concurso-secretaria-de-saude-recife\/#breadcrumb\"},\"inLanguage\":\"pt-BR\",\"potentialAction\":[{\"@type\":\"ReadAction\",\"target\":[\"https:\/\/www.estrategiaconcursos.com.br\/blog\/concurso-secretaria-de-saude-recife\/\"]}]},{\"@type\":\"ImageObject\",\"inLanguage\":\"pt-BR\",\"@id\":\"https:\/\/www.estrategiaconcursos.com.br\/blog\/concurso-secretaria-de-saude-recife\/#primaryimage\",\"url\":\"https:\/\/dhg1h5j42swfq.cloudfront.net\/2019\/05\/13103334\/SMS-RECIFE2.jpeg\",\"contentUrl\":\"https:\/\/dhg1h5j42swfq.cloudfront.net\/2019\/05\/13103334\/SMS-RECIFE2.jpeg\",\"width\":400,\"height\":209,\"caption\":\"CONCURSO SMS RECIFE\"},{\"@type\":\"BreadcrumbList\",\"@id\":\"https:\/\/www.estrategiaconcursos.com.br\/blog\/concurso-secretaria-de-saude-recife\/#breadcrumb\",\"itemListElement\":[{\"@type\":\"ListItem\",\"position\":1,\"name\":\"In\u00edcio\",\"item\":\"https:\/\/www.estrategiaconcursos.com.br\/blog\/\"},{\"@type\":\"ListItem\",\"position\":2,\"name\":\"Concurso Secretaria de Sa\u00fade Recife: prova SUSPENSA e novas contrata\u00e7\u00f5es\"}]},{\"@type\":\"WebSite\",\"@id\":\"https:\/\/www.estrategiaconcursos.com.br\/blog\/#website\",\"url\":\"https:\/\/www.estrategiaconcursos.com.br\/blog\/\",\"name\":\"Estrat\u00e9gia Concursos\",\"description\":\"O blog da Estrat\u00e9gia Concursos traz not\u00edcias sobre concursos e artigos de professores oferecendo cursos para concursos (pdf + videaulas) no site.\",\"publisher\":{\"@id\":\"https:\/\/www.estrategiaconcursos.com.br\/blog\/#organization\"},\"potentialAction\":[{\"@type\":\"SearchAction\",\"target\":{\"@type\":\"EntryPoint\",\"urlTemplate\":\"https:\/\/www.estrategiaconcursos.com.br\/blog\/?s={search_term_string}\"},\"query-input\":{\"@type\":\"PropertyValueSpecification\",\"valueRequired\":true,\"valueName\":\"search_term_string\"}}],\"inLanguage\":\"pt-BR\"},{\"@type\":\"Organization\",\"@id\":\"https:\/\/www.estrategiaconcursos.com.br\/blog\/#organization\",\"name\":\"Estrat\u00e9gia Concursos\",\"url\":\"https:\/\/www.estrategiaconcursos.com.br\/blog\/\",\"logo\":{\"@type\":\"ImageObject\",\"inLanguage\":\"pt-BR\",\"@id\":\"https:\/\/www.estrategiaconcursos.com.br\/blog\/#\/schema\/logo\/image\/\",\"url\":\"https:\/\/dhg1h5j42swfq.cloudfront.net\/2025\/06\/03203428\/logo_concursos-1.jpg\",\"contentUrl\":\"https:\/\/dhg1h5j42swfq.cloudfront.net\/2025\/06\/03203428\/logo_concursos-1.jpg\",\"width\":230,\"height\":60,\"caption\":\"Estrat\u00e9gia Concursos\"},\"image\":{\"@id\":\"https:\/\/www.estrategiaconcursos.com.br\/blog\/#\/schema\/logo\/image\/\"},\"sameAs\":[\"https:\/\/x.com\/EstratConcursos\"]},{\"@type\":\"Person\",\"@id\":\"https:\/\/www.estrategiaconcursos.com.br\/blog\/#\/schema\/person\/b4a388c97673c5f483d72185668afa1f\",\"name\":\"Coordena\u00e7\u00e3o\",\"image\":{\"@type\":\"ImageObject\",\"inLanguage\":\"pt-BR\",\"@id\":\"https:\/\/secure.gravatar.com\/avatar\/b720319e4c9a967eb58678d110f4fe35452fc5d5f97b202bac7b8acceb18c6ad?s=96&d=mm&r=g\",\"url\":\"https:\/\/secure.gravatar.com\/avatar\/b720319e4c9a967eb58678d110f4fe35452fc5d5f97b202bac7b8acceb18c6ad?s=96&d=mm&r=g\",\"contentUrl\":\"https:\/\/secure.gravatar.com\/avatar\/b720319e4c9a967eb58678d110f4fe35452fc5d5f97b202bac7b8acceb18c6ad?s=96&d=mm&r=g\",\"caption\":\"Coordena\u00e7\u00e3o\"},\"sameAs\":[\"https:\/\/www.facebook.com\/EstrategiaConcursos\",\"https:\/\/x.com\/EstratConcursos\"],\"url\":\"https:\/\/www.estrategiaconcursos.com.br\/blog\/author\/estrategia2013\/\"}]}<\/script>\n<!-- \/ Yoast SEO Premium plugin. -->","yoast_head_json":{"title":"Concurso Secretaria de Sa\u00fade Recife: prova SUSPENSA e novas contrata\u00e7\u00f5es","robots":{"index":"index","follow":"follow","max-snippet":"max-snippet:-1","max-image-preview":"max-image-preview:large","max-video-preview":"max-video-preview:-1"},"canonical":"https:\/\/www.estrategiaconcursos.com.br\/blog\/concurso-secretaria-de-saude-recife\/","og_locale":"pt_BR","og_type":"article","og_title":"Concurso Secretaria de Sa\u00fade Recife: prova SUSPENSA e novas contrata\u00e7\u00f5es","og_description":"Foi divulgada a suspens\u00e3o da etapa de provas objetivas do concurso Secretaria de Sa\u00fade do Munic\u00edpio do Recife. O certame oferta aos candidatos&nbsp;72 vagas + CR para o cargo de Agente Comunit\u00e1rio de Sa\u00fade. Al\u00e9m disso, a Secretaria de Sa\u00fade do Munic\u00edpio do Recife tornou p\u00fablica a realiza\u00e7\u00e3o de Sele\u00e7\u00e3o P\u00fablica para provimento do cargo [&hellip;]","og_url":"https:\/\/www.estrategiaconcursos.com.br\/blog\/concurso-secretaria-de-saude-recife\/","og_site_name":"Estrat\u00e9gia Concursos","article_author":"https:\/\/www.facebook.com\/EstrategiaConcursos","article_published_time":"2020-03-04T03:00:00+00:00","article_modified_time":"2023-06-20T16:43:36+00:00","og_image":[{"width":400,"height":209,"url":"https:\/\/dhg1h5j42swfq.cloudfront.net\/2019\/05\/13103334\/SMS-RECIFE2.jpeg","type":"image\/jpeg"}],"author":"Coordena\u00e7\u00e3o","twitter_card":"summary_large_image","twitter_creator":"@EstratConcursos","twitter_site":"@EstratConcursos","twitter_misc":{"Escrito por":"Coordena\u00e7\u00e3o","Est. tempo de leitura":"4 minutos"},"schema":{"@context":"https:\/\/schema.org","@graph":[{"@type":"NewsArticle","@id":"https:\/\/www.estrategiaconcursos.com.br\/blog\/concurso-secretaria-de-saude-recife\/#article","isPartOf":{"@id":"https:\/\/www.estrategiaconcursos.com.br\/blog\/concurso-secretaria-de-saude-recife\/"},"author":{"name":"Coordena\u00e7\u00e3o","@id":"https:\/\/www.estrategiaconcursos.com.br\/blog\/#\/schema\/person\/b4a388c97673c5f483d72185668afa1f"},"headline":"Concurso Secretaria de Sa\u00fade Recife: prova SUSPENSA e novas contrata\u00e7\u00f5es","datePublished":"2020-03-04T03:00:00+00:00","dateModified":"2023-06-20T16:43:36+00:00","mainEntityOfPage":{"@id":"https:\/\/www.estrategiaconcursos.com.br\/blog\/concurso-secretaria-de-saude-recife\/"},"wordCount":811,"commentCount":2,"publisher":{"@id":"https:\/\/www.estrategiaconcursos.com.br\/blog\/#organization"},"image":{"@id":"https:\/\/www.estrategiaconcursos.com.br\/blog\/concurso-secretaria-de-saude-recife\/#primaryimage"},"thumbnailUrl":"https:\/\/dhg1h5j42swfq.cloudfront.net\/2019\/05\/13103334\/SMS-RECIFE2.jpeg","articleSection":["Concursos P\u00fablicos"],"inLanguage":"pt-BR","potentialAction":[{"@type":"CommentAction","name":"Comment","target":["https:\/\/www.estrategiaconcursos.com.br\/blog\/concurso-secretaria-de-saude-recife\/#respond"]}],"copyrightYear":"2020","copyrightHolder":{"@id":"https:\/\/www.estrategiaconcursos.com.br\/blog\/#organization"}},{"@type":"WebPage","@id":"https:\/\/www.estrategiaconcursos.com.br\/blog\/concurso-secretaria-de-saude-recife\/","url":"https:\/\/www.estrategiaconcursos.com.br\/blog\/concurso-secretaria-de-saude-recife\/","name":"Concurso Secretaria de Sa\u00fade Recife: prova SUSPENSA e novas contrata\u00e7\u00f5es","isPartOf":{"@id":"https:\/\/www.estrategiaconcursos.com.br\/blog\/#website"},"primaryImageOfPage":{"@id":"https:\/\/www.estrategiaconcursos.com.br\/blog\/concurso-secretaria-de-saude-recife\/#primaryimage"},"image":{"@id":"https:\/\/www.estrategiaconcursos.com.br\/blog\/concurso-secretaria-de-saude-recife\/#primaryimage"},"thumbnailUrl":"https:\/\/dhg1h5j42swfq.cloudfront.net\/2019\/05\/13103334\/SMS-RECIFE2.jpeg","datePublished":"2020-03-04T03:00:00+00:00","dateModified":"2023-06-20T16:43:36+00:00","breadcrumb":{"@id":"https:\/\/www.estrategiaconcursos.com.br\/blog\/concurso-secretaria-de-saude-recife\/#breadcrumb"},"inLanguage":"pt-BR","potentialAction":[{"@type":"ReadAction","target":["https:\/\/www.estrategiaconcursos.com.br\/blog\/concurso-secretaria-de-saude-recife\/"]}]},{"@type":"ImageObject","inLanguage":"pt-BR","@id":"https:\/\/www.estrategiaconcursos.com.br\/blog\/concurso-secretaria-de-saude-recife\/#primaryimage","url":"https:\/\/dhg1h5j42swfq.cloudfront.net\/2019\/05\/13103334\/SMS-RECIFE2.jpeg","contentUrl":"https:\/\/dhg1h5j42swfq.cloudfront.net\/2019\/05\/13103334\/SMS-RECIFE2.jpeg","width":400,"height":209,"caption":"CONCURSO SMS RECIFE"},{"@type":"BreadcrumbList","@id":"https:\/\/www.estrategiaconcursos.com.br\/blog\/concurso-secretaria-de-saude-recife\/#breadcrumb","itemListElement":[{"@type":"ListItem","position":1,"name":"In\u00edcio","item":"https:\/\/www.estrategiaconcursos.com.br\/blog\/"},{"@type":"ListItem","position":2,"name":"Concurso Secretaria de Sa\u00fade Recife: prova SUSPENSA e novas contrata\u00e7\u00f5es"}]},{"@type":"WebSite","@id":"https:\/\/www.estrategiaconcursos.com.br\/blog\/#website","url":"https:\/\/www.estrategiaconcursos.com.br\/blog\/","name":"Estrat\u00e9gia Concursos","description":"O blog da Estrat\u00e9gia Concursos traz not\u00edcias sobre concursos e artigos de professores oferecendo cursos para concursos (pdf + videaulas) no site.","publisher":{"@id":"https:\/\/www.estrategiaconcursos.com.br\/blog\/#organization"},"potentialAction":[{"@type":"SearchAction","target":{"@type":"EntryPoint","urlTemplate":"https:\/\/www.estrategiaconcursos.com.br\/blog\/?s={search_term_string}"},"query-input":{"@type":"PropertyValueSpecification","valueRequired":true,"valueName":"search_term_string"}}],"inLanguage":"pt-BR"},{"@type":"Organization","@id":"https:\/\/www.estrategiaconcursos.com.br\/blog\/#organization","name":"Estrat\u00e9gia Concursos","url":"https:\/\/www.estrategiaconcursos.com.br\/blog\/","logo":{"@type":"ImageObject","inLanguage":"pt-BR","@id":"https:\/\/www.estrategiaconcursos.com.br\/blog\/#\/schema\/logo\/image\/","url":"https:\/\/dhg1h5j42swfq.cloudfront.net\/2025\/06\/03203428\/logo_concursos-1.jpg","contentUrl":"https:\/\/dhg1h5j42swfq.cloudfront.net\/2025\/06\/03203428\/logo_concursos-1.jpg","width":230,"height":60,"caption":"Estrat\u00e9gia Concursos"},"image":{"@id":"https:\/\/www.estrategiaconcursos.com.br\/blog\/#\/schema\/logo\/image\/"},"sameAs":["https:\/\/x.com\/EstratConcursos"]},{"@type":"Person","@id":"https:\/\/www.estrategiaconcursos.com.br\/blog\/#\/schema\/person\/b4a388c97673c5f483d72185668afa1f","name":"Coordena\u00e7\u00e3o","image":{"@type":"ImageObject","inLanguage":"pt-BR","@id":"https:\/\/secure.gravatar.com\/avatar\/b720319e4c9a967eb58678d110f4fe35452fc5d5f97b202bac7b8acceb18c6ad?s=96&d=mm&r=g","url":"https:\/\/secure.gravatar.com\/avatar\/b720319e4c9a967eb58678d110f4fe35452fc5d5f97b202bac7b8acceb18c6ad?s=96&d=mm&r=g","contentUrl":"https:\/\/secure.gravatar.com\/avatar\/b720319e4c9a967eb58678d110f4fe35452fc5d5f97b202bac7b8acceb18c6ad?s=96&d=mm&r=g","caption":"Coordena\u00e7\u00e3o"},"sameAs":["https:\/\/www.facebook.com\/EstrategiaConcursos","https:\/\/x.com\/EstratConcursos"],"url":"https:\/\/www.estrategiaconcursos.com.br\/blog\/author\/estrategia2013\/"}]}},"_links":{"self":[{"href":"https:\/\/www.estrategiaconcursos.com.br\/blog\/wp-json\/wp\/v2\/posts\/474685","targetHints":{"allow":["GET"]}}],"collection":[{"href":"https:\/\/www.estrategiaconcursos.com.br\/blog\/wp-json\/wp\/v2\/posts"}],"about":[{"href":"https:\/\/www.estrategiaconcursos.com.br\/blog\/wp-json\/wp\/v2\/types\/post"}],"author":[{"embeddable":true,"href":"https:\/\/www.estrategiaconcursos.com.br\/blog\/wp-json\/wp\/v2\/users\/1"}],"replies":[{"embeddable":true,"href":"https:\/\/www.estrategiaconcursos.com.br\/blog\/wp-json\/wp\/v2\/comments?post=474685"}],"version-history":[{"count":11,"href":"https:\/\/www.estrategiaconcursos.com.br\/blog\/wp-json\/wp\/v2\/posts\/474685\/revisions"}],"predecessor-version":[{"id":1235648,"href":"https:\/\/www.estrategiaconcursos.com.br\/blog\/wp-json\/wp\/v2\/posts\/474685\/revisions\/1235648"}],"wp:featuredmedia":[{"embeddable":true,"href":"https:\/\/www.estrategiaconcursos.com.br\/blog\/wp-json\/wp\/v2\/media\/373765"}],"wp:attachment":[{"href":"https:\/\/www.estrategiaconcursos.com.br\/blog\/wp-json\/wp\/v2\/media?parent=474685"}],"wp:term":[{"taxonomy":"category","embeddable":true,"href":"https:\/\/www.estrategiaconcursos.com.br\/blog\/wp-json\/wp\/v2\/categories?post=474685"},{"taxonomy":"post_tag","embeddable":true,"href":"https:\/\/www.estrategiaconcursos.com.br\/blog\/wp-json\/wp\/v2\/tags?post=474685"},{"taxonomy":"tax_estado","embeddable":true,"href":"https:\/\/www.estrategiaconcursos.com.br\/blog\/wp-json\/wp\/v2\/tax_estado?post=474685"}],"curies":[{"name":"wp","href":"https:\/\/api.w.org\/{rel}","templated":true}]}}