{"id":47459,"date":"2016-08-29T16:25:52","date_gmt":"2016-08-29T19:25:52","guid":{"rendered":"https:\/\/www.estrategiaconcursos.com.br\/blog\/?p=47459"},"modified":"2016-08-29T18:06:38","modified_gmt":"2016-08-29T21:06:38","slug":"correcao-da-prova-de-direito-civil-iss-juiz-de-fora","status":"publish","type":"post","link":"https:\/\/www.estrategiaconcursos.com.br\/blog\/correcao-da-prova-de-direito-civil-iss-juiz-de-fora\/","title":{"rendered":"Corre\u00e7\u00e3o da prova de Direito Civil &#8211; ISS Juiz de Fora"},"content":{"rendered":"<p>Ol\u00e1, concurseiros! Tudo bem com voc\u00eas?<\/p>\n<p>Quem fez o concurso para Auditor Fiscal da Prefeitura de Juiz de Fora\/MG ontem, est\u00e1 muito bem, n\u00e3o \u00e9 mesmo? Pelo menos em rela\u00e7\u00e3o a minha disciplina. :)<\/p>\n<p>Tivemos 4 quest\u00f5es de Direito Civil nesta prova, e, quem estudou conosco teve plenas condi\u00e7\u00f5es de gabaritar a mat\u00e9ria. Foi uma prova tranquila, sem maiores sustou e sem possibilidade de recurso.<\/p>\n<p>Apresento abaixo as quest\u00f5es comentadas.<\/p>\n<p><strong>Prova de Direito Civil do concurso para Auditor Fiscal da Prefeitura de Juiz de Fora\/MG. <\/strong><\/p>\n<ol start=\"35\">\n<li><strong> (AOCP 2016\/ISS Juiz de Fora)<\/strong>\u00a0Relativamente ao domic\u00edlio, o vigente C\u00f3digo civil brasileiro determina que\n<ol>\n<li>O domic\u00edlio da pessoa natural \u00e9 o lugar onde ela estabelece a sua resid\u00eancia sem \u00e2nimo definitivo.<\/li>\n<li>Quanto \u00e0s rela\u00e7\u00f5es concernentes \u00e0 profiss\u00e3o o domic\u00edlio da pessoa natural nunca ser\u00e1 lugar onde a profiss\u00e3o \u00e9 exercida.<\/li>\n<li>Se a pessoa exercitar profiss\u00e3o em lugares diversos apenas constituir\u00e1 domic\u00edlio para as rela\u00e7\u00f5es que lhe corresponderem o endere\u00e7o da sede do empregador.<\/li>\n<li>Tendo a pessoa jur\u00eddica diversos estabelecimentos em lugares diferentes, dever\u00e1 escolher um deles para ser o domic\u00edlio para os atos nele praticados.<\/li>\n<li>O domic\u00edlio da pessoa natural, que n\u00e3o tenha resid\u00eancia habitual, ser\u00e1 o lugar onde for encontrada.<\/li>\n<\/ol>\n<\/li>\n<\/ol>\n<p><strong>Coment\u00e1rio:<\/strong><\/p>\n<p>Quest\u00e3o relativamente f\u00e1cil sobre domic\u00edlio. Todas as alternativas s\u00e3o encontradas de forma literal no C\u00f3digo Civil, vejamos:<\/p>\n<p>A alternativa que est\u00e1 correta \u00e9 a letra \u201ce\u201d, de acordo com o art. 73 do CC\/2002, que trata do domic\u00edlio aparente ou ocasional:<\/p>\n<p><em>Art. 73. Ter-se-\u00e1 por domicilio da pessoa natural, que n\u00e3o tenha <strong>resid\u00eancia habitual<\/strong>, o lugar onde for encontrada. <\/em><\/p>\n<p>&nbsp;<\/p>\n<p>A alternativa \u201ca\u201d est\u00e1 errada de acordo com o art. 70 do CC\/2002:<\/p>\n<p><em>Art. 70. O <strong>domic\u00edlio<\/strong> civil da pessoa natural \u00e9 o lugar onde ela estabelece a sua <strong>resid\u00eancia <u>com<\/u> \u00e2nimo definitivo<\/strong>. <\/em><\/p>\n<p>A alternativa \u201cb\u201d est\u00e1 errada de acordo com o art. 72 do CC\/2002, que trata do domic\u00edlio profissional:<\/p>\n<p><em>Art. 72. \u00c9 tamb\u00e9m domic\u00edlio da pessoa natural, <strong>quanto \u00e0s rela\u00e7\u00f5es <u>concernentes a profiss\u00e3o<\/u><\/strong>, o lugar onde esta \u00e9 exercida.<\/em><\/p>\n<p>A alternativa \u201cc\u201d est\u00e1 errada de acordo com o par\u00e1grafo \u00fanico do mesmo art. 72 do CC\/2002, citado acima:<\/p>\n<p><em>Art. 72. Par\u00e1grafo \u00fanico. Se a pessoa exercitar <strong>profiss\u00e3o<\/strong> em <u>lugares diversos<\/u>, <strong>cada um deles constituir\u00e1 domic\u00edlio<\/strong> <strong>para as rela\u00e7\u00f5es que lhe corresponderem.<\/strong><\/em><\/p>\n<p>E, a alternativa \u201cd\u201d est\u00e1 errada de acordo com o art. 75, \u00a7 1\u00ba do CC\/2002:<\/p>\n<p><em>Art. 75. \u00a7 1\u00ba. Tendo a pessoa jur\u00eddica <strong>diversos estabelecimentos em lugares diferentes<\/strong>, <strong>cada um deles ser\u00e1 considerado domic\u00edlio<\/strong> para os atos nele praticados.<\/em><\/p>\n<p>Gabarito preliminar letra E.<\/p>\n<ol start=\"36\">\n<li><strong>(AOCP 2016\/ISS Juiz de Fora)<\/strong>\u00a0A exist\u00eancia da pessoa natural termina\n<ol>\n<li>Com a morte, pass\u00edvel de presun\u00e7\u00e3o em rela\u00e7\u00e3o aos ausentes, com observ\u00e2ncia aos casos em cuja abertura de sucess\u00e3o definitiva \u00e9 autorizada por lei.<\/li>\n<li>Com a morte, sempre que comprovada pelo atestado de \u00f3bito e pela presen\u00e7a f\u00edsica do morto.<\/li>\n<li>Com a morte excepcionalmente n\u00e3o presumida em rela\u00e7\u00e3o aos ausentes e sem observ\u00e2ncia aos casos em cuja abertura de sucess\u00e3o definitiva \u00e9 autorizada por lei.<\/li>\n<li>Com a morte, que pode ser presumida exclusivamente para os casos de aus\u00eancia de absolutamente capaz, e com observ\u00e2ncia aos casos em cuja abertura de sucess\u00e3o definitiva \u00e9 autorizada por lei.<\/li>\n<li>Com a morte jur\u00eddica, pela extin\u00e7\u00e3o da certid\u00e3o de nascimento, por ato do detentor do p\u00e1trio poder e sem presun\u00e7\u00e3o de aus\u00eancia.<\/li>\n<\/ol>\n<\/li>\n<\/ol>\n<p><strong>Coment\u00e1rio:<\/strong><\/p>\n<p>Quest\u00e3o muito simples quanto ao fim da exist\u00eancia da pessoa natural. Vejamos o art. 6\u00ba do CC\/2002:<\/p>\n<p><em>Art. 6\u00ba. A exist\u00eancia da pessoa natural <strong>termina com a morte<\/strong>; <u>presume-se esta, quanto aos ausentes, nos casos em que<\/u> a lei autoriza a abertura de sucess\u00e3o definitiva.<\/em><\/p>\n<p>A pessoa natural, assim como a sua personalidade, tem seu fim com a morte, tendo em vista que esta nasce com aquela, ou seja, a personalidade nasce com a pessoa natural e tem o seu fim juntamente com a morte.<\/p>\n<p>O c\u00f3digo admite a morte presumida <strong><u>com ou sem<\/u><\/strong> decreta\u00e7\u00e3o de aus\u00eancia. Observe o esquema a seguir:<\/p>\n<p><strong>FIM DA PESSOA NATURAL<\/strong><\/p>\n<p>A <strong>morte<\/strong> pode ser:<\/p>\n<p>1.Real &#8211; quando h\u00e1 um corpo.<\/p>\n<p>2.Presumida \u2013 n\u00e3o h\u00e1 um corpo.<\/p>\n<p>Se presumida, ocorre &#8211; <u>com <strong>ou<\/strong> sem<\/u> decreta\u00e7\u00e3o de aus\u00eancia.<\/p>\n<p>Gabarito preliminar letra A.<\/p>\n<ol start=\"37\">\n<li><strong>(AOCP 2016\/ISS Juiz de Fora)<\/strong>\u00a0Em rela\u00e7\u00e3o aos direitos da personalidade, o vigente C\u00f3digo Civil brasileiro \u00e9 categ\u00f3rico no sentido de que\n<ol>\n<li>Os direitos da personalidade s\u00e3o intransmiss\u00edveis e irrenunci\u00e1veis, n\u00e3o podendo o seu exerc\u00edcio sofrer limita\u00e7\u00e3o volunt\u00e1ria.<\/li>\n<li>Os direitos da personalidade s\u00e3o transmiss\u00edveis e renunci\u00e1veis, de acordo com a liberdade de exerc\u00edcio de manifesta\u00e7\u00e3o volunt\u00e1ria.<\/li>\n<li>Os direitos da personalidade apenas poder\u00e3o ser transferidos e renunciados por instrumento p\u00fablico.<\/li>\n<li>O nome n\u00e3o integra o elenco dos chamados direitos da personalidade.<\/li>\n<li>O nome da pessoa pode, livremente, ser empregado por outrem em publica\u00e7\u00f5es ou representa\u00e7\u00f5es que a exponham ao desprezo p\u00fablico.<\/li>\n<\/ol>\n<\/li>\n<\/ol>\n<p><strong>Coment\u00e1rio:<\/strong><\/p>\n<p>Quanto as alternativas \u201ca\u201d, \u201cb\u201d e \u201cc\u201d,<strong> <u>e<\/u><\/strong><strong><u>m regra<\/u><\/strong>, os direitos de personalidade n\u00e3o podem ser objeto de transa\u00e7\u00e3o (n\u00e3o podem ser negociados), n\u00e3o se transmitem aos sucessores, n\u00e3o podem ser renunciados e nem se pode estabelecer limita\u00e7\u00e3o volunt\u00e1ria ao seu exerc\u00edcio.<\/p>\n<p><em>Art. 11. <strong>Com exce\u00e7\u00e3o dos casos previstos em lei<\/strong>,<strong> os direitos da personalidade s\u00e3o<\/strong> intransmiss\u00edveis e irrenunci\u00e1veis, n\u00e3o podendo o seu exerc\u00edcio sofrer limita\u00e7\u00e3o volunt\u00e1ria.<\/em><\/p>\n<p>Portanto, a regra geral \u00e9 que os direitos de personalidade n\u00e3o podem ser transferidos, nem renunciados, n\u00e3o podendo seu exerc\u00edcio sofrer limita\u00e7\u00e3o volunt\u00e1ria, alternativa \u201ca\u201d correta.<\/p>\n<p>Quanto as alternativas \u201cd\u201d e \u201ce\u201d, sobre o nome &#8211; que integra o rol citado no C\u00f3digo Civil de 2002 de direitos de personalidade, temos:<\/p>\n<p><em>Art. 16. Toda pessoa tem direito ao <strong>nome<\/strong>, nele<strong> compreendidos o prenome e o sobrenome<\/strong>.<\/em><\/p>\n<p><em>Art. 17. O nome da pessoa <strong>n\u00e3o pode<\/strong> ser empregado <u>por outrem<\/u> em publica\u00e7\u00f5es ou representa\u00e7\u00f5es que a exponham ao desprezo p\u00fablico, <strong>ainda quando<\/strong> n\u00e3o haja inten\u00e7\u00e3o difamat\u00f3ria.<\/em><\/p>\n<p>Gabarito preliminar letra A.<\/p>\n<ol start=\"38\">\n<li><strong>(AOCP 2016\/ISS Juiz de Fora)<\/strong><\/li>\n<\/ol>\n<p><strong>Coment\u00e1rio:<\/strong><\/p>\n<p>Alternativa \u201ca\u201d \u2013 correta. Observe o art. 79 do CC\/2002:<\/p>\n<p><em>Art. 79. S\u00e3o bens im\u00f3veis o solo e tudo quanto se lhe incorporar natural ou artificialmente.<\/em><\/p>\n<p>Deste modo, os bens im\u00f3veis \u2013 tamb\u00e9m conhecidos como <strong>bens de raiz<\/strong>, s\u00e3o os que, absolutamente, n\u00e3o podemos transportar ou remover, <strong>sem altera\u00e7\u00e3o de sua subst\u00e2ncia<\/strong>. De acordo com o artigo visto acima, s\u00e3o considerados bens im\u00f3veis o solo e tudo o que lhe for acrescentado, de forma natural ou artificial.<\/p>\n<p>Alterativa \u201cb\u201d \u2013 errada, de acordo com o art. 80 do CC\/2002, que atribui caracter\u00edstica de bem im\u00f3vel a um bem que por sua natureza n\u00e3o o \u00e9:<\/p>\n<p><em>Art. 80. <strong><u>Consideram-se<\/u> im\u00f3veis para os efeitos legais<\/strong>:<\/em><\/p>\n<p><em>I &#8211; os <strong>direitos reais<\/strong> sobre im\u00f3veis e as a\u00e7\u00f5es que os asseguram;<\/em><\/p>\n<p><em>II &#8211; o direito \u00e0 sucess\u00e3o aberta.<\/em><\/p>\n<p>Alternativa \u201cc\u201d \u2013 errada, de acordo com o mesmo art. 80 do CC\/2002 citado acima:<\/p>\n<p><em>Art. 80. <strong><u>Consideram-se<\/u> im\u00f3veis para os efeitos legais<\/strong>:<\/em><\/p>\n<p><em>I &#8211; os direitos reais sobre im\u00f3veis e as a\u00e7\u00f5es que os asseguram;<\/em><\/p>\n<p><em>II &#8211; <strong>o direito \u00e0 sucess\u00e3o aberta<\/strong>.<\/em><\/p>\n<p>Alternativas \u201cd\u201d e \u201ce\u201d \u2013 erradas, de acordo com o art. 81 do CC\/2002:<\/p>\n<p><em>Art. 81<\/em>. <strong><em><u>N\u00e3o perdem<\/u><\/em><\/strong><strong><em> o car\u00e1ter de im\u00f3veis<\/em><\/strong><em>:<\/em><\/p>\n<p><em>I &#8211; as <strong>edifica\u00e7\u00f5es<\/strong> que, separadas do solo, <strong>mas<\/strong> <strong>conservando a sua unidade<\/strong>, forem <strong>removidas para outro local<\/strong>;<\/em><\/p>\n<p><em>II &#8211; os <strong>materiais provisoriamente separados<\/strong> de um pr\u00e9dio, para nele se <strong>reempregarem<\/strong>.<\/em><\/p>\n<p>Gabarito preliminar letra A.<\/p>\n<p>Abra\u00e7os e coragem. Sempre.<\/p>\n<p>Aline.<\/p>\n","protected":false},"excerpt":{"rendered":"<p>Ol\u00e1, concurseiros! Tudo bem com voc\u00eas? Quem fez o concurso para Auditor Fiscal da Prefeitura de Juiz de Fora\/MG ontem, est\u00e1 muito bem, n\u00e3o \u00e9 mesmo? Pelo menos em rela\u00e7\u00e3o a minha disciplina. :) Tivemos 4 quest\u00f5es de Direito Civil nesta prova, e, quem estudou conosco teve plenas condi\u00e7\u00f5es de gabaritar a mat\u00e9ria. Foi uma [&hellip;]<\/p>\n","protected":false},"author":57,"featured_media":0,"comment_status":"open","ping_status":"open","sticky":false,"template":"","format":"standard","meta":{"post_tipo":"article","footnotes":""},"categories":[],"tags":[],"tax_estado":[],"class_list":["post-47459","post","type-post","status-publish","format-standard","hentry"],"acf":[],"yoast_head":"<!-- This site is optimized with the Yoast SEO Premium plugin v27.2 (Yoast SEO v27.2) - https:\/\/yoast.com\/product\/yoast-seo-premium-wordpress\/ -->\n<title>Corre\u00e7\u00e3o da prova de Direito Civil - ISS Juiz de Fora<\/title>\n<meta name=\"robots\" content=\"index, follow, max-snippet:-1, max-image-preview:large, max-video-preview:-1\" \/>\n<link rel=\"canonical\" href=\"https:\/\/www.estrategiaconcursos.com.br\/blog\/correcao-da-prova-de-direito-civil-iss-juiz-de-fora\/\" \/>\n<meta property=\"og:locale\" content=\"pt_BR\" \/>\n<meta property=\"og:type\" content=\"article\" \/>\n<meta property=\"og:title\" content=\"Corre\u00e7\u00e3o da prova de Direito Civil - ISS Juiz de Fora\" \/>\n<meta property=\"og:description\" content=\"Ol\u00e1, concurseiros! Tudo bem com voc\u00eas? Quem fez o concurso para Auditor Fiscal da Prefeitura de Juiz de Fora\/MG ontem, est\u00e1 muito bem, n\u00e3o \u00e9 mesmo? Pelo menos em rela\u00e7\u00e3o a minha disciplina. :) Tivemos 4 quest\u00f5es de Direito Civil nesta prova, e, quem estudou conosco teve plenas condi\u00e7\u00f5es de gabaritar a mat\u00e9ria. Foi uma [&hellip;]\" \/>\n<meta property=\"og:url\" content=\"https:\/\/www.estrategiaconcursos.com.br\/blog\/correcao-da-prova-de-direito-civil-iss-juiz-de-fora\/\" \/>\n<meta property=\"og:site_name\" content=\"Estrat\u00e9gia Concursos\" \/>\n<meta property=\"article:published_time\" content=\"2016-08-29T19:25:52+00:00\" \/>\n<meta property=\"article:modified_time\" content=\"2016-08-29T21:06:38+00:00\" \/>\n<meta name=\"author\" content=\"Aline Baptista Santiago\" \/>\n<meta name=\"twitter:card\" content=\"summary_large_image\" \/>\n<meta name=\"twitter:creator\" content=\"@EstratConcursos\" \/>\n<meta name=\"twitter:site\" content=\"@EstratConcursos\" \/>\n<meta name=\"twitter:label1\" content=\"Escrito por\" \/>\n\t<meta name=\"twitter:data1\" content=\"Aline Baptista Santiago\" \/>\n\t<meta name=\"twitter:label2\" content=\"Est. tempo de leitura\" \/>\n\t<meta name=\"twitter:data2\" content=\"7 minutos\" \/>\n<script type=\"application\/ld+json\" class=\"yoast-schema-graph\">{\"@context\":\"https:\/\/schema.org\",\"@graph\":[{\"@type\":\"NewsArticle\",\"@id\":\"https:\/\/www.estrategiaconcursos.com.br\/blog\/correcao-da-prova-de-direito-civil-iss-juiz-de-fora\/#article\",\"isPartOf\":{\"@id\":\"https:\/\/www.estrategiaconcursos.com.br\/blog\/correcao-da-prova-de-direito-civil-iss-juiz-de-fora\/\"},\"author\":{\"name\":\"Aline Baptista Santiago\",\"@id\":\"https:\/\/www.estrategiaconcursos.com.br\/blog\/#\/schema\/person\/847dba5a5192470d2dd6fd794cddf1c9\"},\"headline\":\"Corre\u00e7\u00e3o da prova de Direito Civil &#8211; ISS Juiz de Fora\",\"datePublished\":\"2016-08-29T19:25:52+00:00\",\"dateModified\":\"2016-08-29T21:06:38+00:00\",\"mainEntityOfPage\":{\"@id\":\"https:\/\/www.estrategiaconcursos.com.br\/blog\/correcao-da-prova-de-direito-civil-iss-juiz-de-fora\/\"},\"wordCount\":1313,\"commentCount\":1,\"publisher\":{\"@id\":\"https:\/\/www.estrategiaconcursos.com.br\/blog\/#organization\"},\"inLanguage\":\"pt-BR\",\"potentialAction\":[{\"@type\":\"CommentAction\",\"name\":\"Comment\",\"target\":[\"https:\/\/www.estrategiaconcursos.com.br\/blog\/correcao-da-prova-de-direito-civil-iss-juiz-de-fora\/#respond\"]}],\"copyrightYear\":\"2016\",\"copyrightHolder\":{\"@id\":\"https:\/\/www.estrategiaconcursos.com.br\/blog\/#organization\"}},{\"@type\":\"WebPage\",\"@id\":\"https:\/\/www.estrategiaconcursos.com.br\/blog\/correcao-da-prova-de-direito-civil-iss-juiz-de-fora\/\",\"url\":\"https:\/\/www.estrategiaconcursos.com.br\/blog\/correcao-da-prova-de-direito-civil-iss-juiz-de-fora\/\",\"name\":\"Corre\u00e7\u00e3o da prova de Direito Civil - ISS Juiz de Fora\",\"isPartOf\":{\"@id\":\"https:\/\/www.estrategiaconcursos.com.br\/blog\/#website\"},\"datePublished\":\"2016-08-29T19:25:52+00:00\",\"dateModified\":\"2016-08-29T21:06:38+00:00\",\"breadcrumb\":{\"@id\":\"https:\/\/www.estrategiaconcursos.com.br\/blog\/correcao-da-prova-de-direito-civil-iss-juiz-de-fora\/#breadcrumb\"},\"inLanguage\":\"pt-BR\",\"potentialAction\":[{\"@type\":\"ReadAction\",\"target\":[\"https:\/\/www.estrategiaconcursos.com.br\/blog\/correcao-da-prova-de-direito-civil-iss-juiz-de-fora\/\"]}]},{\"@type\":\"BreadcrumbList\",\"@id\":\"https:\/\/www.estrategiaconcursos.com.br\/blog\/correcao-da-prova-de-direito-civil-iss-juiz-de-fora\/#breadcrumb\",\"itemListElement\":[{\"@type\":\"ListItem\",\"position\":1,\"name\":\"In\u00edcio\",\"item\":\"https:\/\/www.estrategiaconcursos.com.br\/blog\/\"},{\"@type\":\"ListItem\",\"position\":2,\"name\":\"Corre\u00e7\u00e3o da prova de Direito Civil &#8211; ISS Juiz de Fora\"}]},{\"@type\":\"WebSite\",\"@id\":\"https:\/\/www.estrategiaconcursos.com.br\/blog\/#website\",\"url\":\"https:\/\/www.estrategiaconcursos.com.br\/blog\/\",\"name\":\"Estrat\u00e9gia Concursos\",\"description\":\"O blog da Estrat\u00e9gia Concursos traz not\u00edcias sobre concursos e artigos de professores oferecendo cursos para concursos (pdf + videaulas) no site.\",\"publisher\":{\"@id\":\"https:\/\/www.estrategiaconcursos.com.br\/blog\/#organization\"},\"potentialAction\":[{\"@type\":\"SearchAction\",\"target\":{\"@type\":\"EntryPoint\",\"urlTemplate\":\"https:\/\/www.estrategiaconcursos.com.br\/blog\/?s={search_term_string}\"},\"query-input\":{\"@type\":\"PropertyValueSpecification\",\"valueRequired\":true,\"valueName\":\"search_term_string\"}}],\"inLanguage\":\"pt-BR\"},{\"@type\":\"Organization\",\"@id\":\"https:\/\/www.estrategiaconcursos.com.br\/blog\/#organization\",\"name\":\"Estrat\u00e9gia Concursos\",\"url\":\"https:\/\/www.estrategiaconcursos.com.br\/blog\/\",\"logo\":{\"@type\":\"ImageObject\",\"inLanguage\":\"pt-BR\",\"@id\":\"https:\/\/www.estrategiaconcursos.com.br\/blog\/#\/schema\/logo\/image\/\",\"url\":\"https:\/\/dhg1h5j42swfq.cloudfront.net\/2025\/06\/03203428\/logo_concursos-1.jpg\",\"contentUrl\":\"https:\/\/dhg1h5j42swfq.cloudfront.net\/2025\/06\/03203428\/logo_concursos-1.jpg\",\"width\":230,\"height\":60,\"caption\":\"Estrat\u00e9gia Concursos\"},\"image\":{\"@id\":\"https:\/\/www.estrategiaconcursos.com.br\/blog\/#\/schema\/logo\/image\/\"},\"sameAs\":[\"https:\/\/x.com\/EstratConcursos\"]},{\"@type\":\"Person\",\"@id\":\"https:\/\/www.estrategiaconcursos.com.br\/blog\/#\/schema\/person\/847dba5a5192470d2dd6fd794cddf1c9\",\"name\":\"Aline Baptista Santiago\",\"image\":{\"@type\":\"ImageObject\",\"inLanguage\":\"pt-BR\",\"@id\":\"https:\/\/secure.gravatar.com\/avatar\/7ff327e16b14090907247e2610e020902826109cf6ddb5766b2520c9a0077406?s=96&d=mm&r=g\",\"url\":\"https:\/\/secure.gravatar.com\/avatar\/7ff327e16b14090907247e2610e020902826109cf6ddb5766b2520c9a0077406?s=96&d=mm&r=g\",\"contentUrl\":\"https:\/\/secure.gravatar.com\/avatar\/7ff327e16b14090907247e2610e020902826109cf6ddb5766b2520c9a0077406?s=96&d=mm&r=g\",\"caption\":\"Aline Baptista Santiago\"},\"url\":\"https:\/\/www.estrategiaconcursos.com.br\/blog\/author\/alinesantiagoestrategiaconcursos-com-br\/\"}]}<\/script>\n<!-- \/ Yoast SEO Premium plugin. -->","yoast_head_json":{"title":"Corre\u00e7\u00e3o da prova de Direito Civil - ISS Juiz de Fora","robots":{"index":"index","follow":"follow","max-snippet":"max-snippet:-1","max-image-preview":"max-image-preview:large","max-video-preview":"max-video-preview:-1"},"canonical":"https:\/\/www.estrategiaconcursos.com.br\/blog\/correcao-da-prova-de-direito-civil-iss-juiz-de-fora\/","og_locale":"pt_BR","og_type":"article","og_title":"Corre\u00e7\u00e3o da prova de Direito Civil - ISS Juiz de Fora","og_description":"Ol\u00e1, concurseiros! Tudo bem com voc\u00eas? Quem fez o concurso para Auditor Fiscal da Prefeitura de Juiz de Fora\/MG ontem, est\u00e1 muito bem, n\u00e3o \u00e9 mesmo? Pelo menos em rela\u00e7\u00e3o a minha disciplina. :) Tivemos 4 quest\u00f5es de Direito Civil nesta prova, e, quem estudou conosco teve plenas condi\u00e7\u00f5es de gabaritar a mat\u00e9ria. Foi uma [&hellip;]","og_url":"https:\/\/www.estrategiaconcursos.com.br\/blog\/correcao-da-prova-de-direito-civil-iss-juiz-de-fora\/","og_site_name":"Estrat\u00e9gia Concursos","article_published_time":"2016-08-29T19:25:52+00:00","article_modified_time":"2016-08-29T21:06:38+00:00","author":"Aline Baptista Santiago","twitter_card":"summary_large_image","twitter_creator":"@EstratConcursos","twitter_site":"@EstratConcursos","twitter_misc":{"Escrito por":"Aline Baptista Santiago","Est. tempo de leitura":"7 minutos"},"schema":{"@context":"https:\/\/schema.org","@graph":[{"@type":"NewsArticle","@id":"https:\/\/www.estrategiaconcursos.com.br\/blog\/correcao-da-prova-de-direito-civil-iss-juiz-de-fora\/#article","isPartOf":{"@id":"https:\/\/www.estrategiaconcursos.com.br\/blog\/correcao-da-prova-de-direito-civil-iss-juiz-de-fora\/"},"author":{"name":"Aline Baptista Santiago","@id":"https:\/\/www.estrategiaconcursos.com.br\/blog\/#\/schema\/person\/847dba5a5192470d2dd6fd794cddf1c9"},"headline":"Corre\u00e7\u00e3o da prova de Direito Civil &#8211; ISS Juiz de Fora","datePublished":"2016-08-29T19:25:52+00:00","dateModified":"2016-08-29T21:06:38+00:00","mainEntityOfPage":{"@id":"https:\/\/www.estrategiaconcursos.com.br\/blog\/correcao-da-prova-de-direito-civil-iss-juiz-de-fora\/"},"wordCount":1313,"commentCount":1,"publisher":{"@id":"https:\/\/www.estrategiaconcursos.com.br\/blog\/#organization"},"inLanguage":"pt-BR","potentialAction":[{"@type":"CommentAction","name":"Comment","target":["https:\/\/www.estrategiaconcursos.com.br\/blog\/correcao-da-prova-de-direito-civil-iss-juiz-de-fora\/#respond"]}],"copyrightYear":"2016","copyrightHolder":{"@id":"https:\/\/www.estrategiaconcursos.com.br\/blog\/#organization"}},{"@type":"WebPage","@id":"https:\/\/www.estrategiaconcursos.com.br\/blog\/correcao-da-prova-de-direito-civil-iss-juiz-de-fora\/","url":"https:\/\/www.estrategiaconcursos.com.br\/blog\/correcao-da-prova-de-direito-civil-iss-juiz-de-fora\/","name":"Corre\u00e7\u00e3o da prova de Direito Civil - ISS Juiz de Fora","isPartOf":{"@id":"https:\/\/www.estrategiaconcursos.com.br\/blog\/#website"},"datePublished":"2016-08-29T19:25:52+00:00","dateModified":"2016-08-29T21:06:38+00:00","breadcrumb":{"@id":"https:\/\/www.estrategiaconcursos.com.br\/blog\/correcao-da-prova-de-direito-civil-iss-juiz-de-fora\/#breadcrumb"},"inLanguage":"pt-BR","potentialAction":[{"@type":"ReadAction","target":["https:\/\/www.estrategiaconcursos.com.br\/blog\/correcao-da-prova-de-direito-civil-iss-juiz-de-fora\/"]}]},{"@type":"BreadcrumbList","@id":"https:\/\/www.estrategiaconcursos.com.br\/blog\/correcao-da-prova-de-direito-civil-iss-juiz-de-fora\/#breadcrumb","itemListElement":[{"@type":"ListItem","position":1,"name":"In\u00edcio","item":"https:\/\/www.estrategiaconcursos.com.br\/blog\/"},{"@type":"ListItem","position":2,"name":"Corre\u00e7\u00e3o da prova de Direito Civil &#8211; ISS Juiz de Fora"}]},{"@type":"WebSite","@id":"https:\/\/www.estrategiaconcursos.com.br\/blog\/#website","url":"https:\/\/www.estrategiaconcursos.com.br\/blog\/","name":"Estrat\u00e9gia Concursos","description":"O blog da Estrat\u00e9gia Concursos traz not\u00edcias sobre concursos e artigos de professores oferecendo cursos para concursos (pdf + videaulas) no site.","publisher":{"@id":"https:\/\/www.estrategiaconcursos.com.br\/blog\/#organization"},"potentialAction":[{"@type":"SearchAction","target":{"@type":"EntryPoint","urlTemplate":"https:\/\/www.estrategiaconcursos.com.br\/blog\/?s={search_term_string}"},"query-input":{"@type":"PropertyValueSpecification","valueRequired":true,"valueName":"search_term_string"}}],"inLanguage":"pt-BR"},{"@type":"Organization","@id":"https:\/\/www.estrategiaconcursos.com.br\/blog\/#organization","name":"Estrat\u00e9gia Concursos","url":"https:\/\/www.estrategiaconcursos.com.br\/blog\/","logo":{"@type":"ImageObject","inLanguage":"pt-BR","@id":"https:\/\/www.estrategiaconcursos.com.br\/blog\/#\/schema\/logo\/image\/","url":"https:\/\/dhg1h5j42swfq.cloudfront.net\/2025\/06\/03203428\/logo_concursos-1.jpg","contentUrl":"https:\/\/dhg1h5j42swfq.cloudfront.net\/2025\/06\/03203428\/logo_concursos-1.jpg","width":230,"height":60,"caption":"Estrat\u00e9gia Concursos"},"image":{"@id":"https:\/\/www.estrategiaconcursos.com.br\/blog\/#\/schema\/logo\/image\/"},"sameAs":["https:\/\/x.com\/EstratConcursos"]},{"@type":"Person","@id":"https:\/\/www.estrategiaconcursos.com.br\/blog\/#\/schema\/person\/847dba5a5192470d2dd6fd794cddf1c9","name":"Aline Baptista Santiago","image":{"@type":"ImageObject","inLanguage":"pt-BR","@id":"https:\/\/secure.gravatar.com\/avatar\/7ff327e16b14090907247e2610e020902826109cf6ddb5766b2520c9a0077406?s=96&d=mm&r=g","url":"https:\/\/secure.gravatar.com\/avatar\/7ff327e16b14090907247e2610e020902826109cf6ddb5766b2520c9a0077406?s=96&d=mm&r=g","contentUrl":"https:\/\/secure.gravatar.com\/avatar\/7ff327e16b14090907247e2610e020902826109cf6ddb5766b2520c9a0077406?s=96&d=mm&r=g","caption":"Aline Baptista Santiago"},"url":"https:\/\/www.estrategiaconcursos.com.br\/blog\/author\/alinesantiagoestrategiaconcursos-com-br\/"}]}},"_links":{"self":[{"href":"https:\/\/www.estrategiaconcursos.com.br\/blog\/wp-json\/wp\/v2\/posts\/47459","targetHints":{"allow":["GET"]}}],"collection":[{"href":"https:\/\/www.estrategiaconcursos.com.br\/blog\/wp-json\/wp\/v2\/posts"}],"about":[{"href":"https:\/\/www.estrategiaconcursos.com.br\/blog\/wp-json\/wp\/v2\/types\/post"}],"author":[{"embeddable":true,"href":"https:\/\/www.estrategiaconcursos.com.br\/blog\/wp-json\/wp\/v2\/users\/57"}],"replies":[{"embeddable":true,"href":"https:\/\/www.estrategiaconcursos.com.br\/blog\/wp-json\/wp\/v2\/comments?post=47459"}],"version-history":[{"count":1,"href":"https:\/\/www.estrategiaconcursos.com.br\/blog\/wp-json\/wp\/v2\/posts\/47459\/revisions"}],"predecessor-version":[{"id":47471,"href":"https:\/\/www.estrategiaconcursos.com.br\/blog\/wp-json\/wp\/v2\/posts\/47459\/revisions\/47471"}],"wp:attachment":[{"href":"https:\/\/www.estrategiaconcursos.com.br\/blog\/wp-json\/wp\/v2\/media?parent=47459"}],"wp:term":[{"taxonomy":"category","embeddable":true,"href":"https:\/\/www.estrategiaconcursos.com.br\/blog\/wp-json\/wp\/v2\/categories?post=47459"},{"taxonomy":"post_tag","embeddable":true,"href":"https:\/\/www.estrategiaconcursos.com.br\/blog\/wp-json\/wp\/v2\/tags?post=47459"},{"taxonomy":"tax_estado","embeddable":true,"href":"https:\/\/www.estrategiaconcursos.com.br\/blog\/wp-json\/wp\/v2\/tax_estado?post=47459"}],"curies":[{"name":"wp","href":"https:\/\/api.w.org\/{rel}","templated":true}]}}