{"id":474440,"date":"2020-01-27T18:15:00","date_gmt":"2020-01-27T21:15:00","guid":{"rendered":"https:\/\/www.estrategiaconcursos.com.br\/blog\/?p=474440"},"modified":"2023-08-23T10:38:16","modified_gmt":"2023-08-23T13:38:16","slug":"hora-da-verdade-ebserh","status":"publish","type":"post","link":"https:\/\/www.estrategiaconcursos.com.br\/blog\/hora-da-verdade-ebserh\/","title":{"rendered":"Hora da verdade EBSERH: Reforce sua prepara\u00e7\u00e3o para o dia da prova!"},"content":{"rendered":"\n<p>O IBFC, empresa respons\u00e1vel pelo concurso EBSERH, divulgou em seu site a rela\u00e7\u00e3o de inscri\u00e7\u00f5es deferidas, para vagas de livre concorr\u00eancia, PCD e Negros. Anteriormente, a empresa j\u00e1 havia divulgado o n\u00famero total de candidatos inscritos: 324.832 para 1.660 ofertadas.<\/p>\n\n\n\n<p>Lembrando que as provas objetivas ocorrer\u00e3o nos dias&nbsp;<strong>27 de janeiro e 02 de fevereiro.&nbsp;<\/strong>S\u00e3o tr\u00eas editais divulgados para o certame, sendo um total de&nbsp;<strong>1.660 vagas<\/strong>.<\/p>\n\n\n\n<p>Essa \u00e9 uma oportunidade n\u00e3o s\u00f3 para candidatos da \u00e1rea da sa\u00fade, mas tamb\u00e9m para outras \u00e1reas.<\/p>\n\n\n\n<p>Pensando nisso, <strong>entre os dias 27\/01 e 31\/01<\/strong> o Estrat\u00e9gia Concursos organizou o Projeto \u201cHora da Verdade EBSERH\u201d, com foco nos principais temas e disciplinas que ser\u00e3o abordadas na sua prova.<\/p>\n\n\n\n<h3 class=\"wp-block-heading\">Confira abaixo a programa\u00e7\u00e3o<\/h3>\n\n\n\n<p class=\"has-very-light-gray-background-color has-background\"><strong><em> Assista as aulas pelo canal do Estrat\u00e9gia Concursos <\/em><\/strong>&#8211; <a href=\"https:\/\/www.youtube.com\/channel\/UChvwkhC3eHxJsVxW_ItDjdA\"><strong>CLIQUE AQUI!<\/strong><\/a> <\/p>\n\n\n\n<ul class=\"wp-block-list\">\n<li>27\/01 &#8211; 22:30\n<ul class=\"wp-block-list\">\n<li>Portugu\u00eas<\/li>\n<\/ul>\n<\/li>\n\n\n\n<li>28\/01 &#8211; 22:30\n<ul class=\"wp-block-list\">\n<li>Legisla\u00e7\u00e3o aplicada ao SUS<\/li>\n<\/ul>\n<\/li>\n\n\n\n<li>29\/01 &#8211; 22:30\n<ul class=\"wp-block-list\">\n<li>Legisla\u00e7\u00e3o aplicada \u00e0 EBSERH<\/li>\n<\/ul>\n<\/li>\n\n\n\n<li>30\/01 &#8211; 22:30\n<ul class=\"wp-block-list\">\n<li>Racioc\u00ednio L\u00f3gico<\/li>\n<\/ul>\n<\/li>\n\n\n\n<li>31\/01 &#8211; 19:00\n<ul class=\"wp-block-list\">\n<li>Inform\u00e1tica<\/li>\n<\/ul>\n<\/li>\n<\/ul>\n\n\n\n<h2 class=\"wp-block-heading\">As vagas e cargos do Concurso EBSERH<\/h2>\n\n\n\n<h3 class=\"wp-block-heading\" id=\"medica\">\u00c1rea M\u00e9dica do concurso EBSERH<\/h3>\n\n\n\n<p>Para esta \u00e1rea s\u00e3o ofertadas 533 vagas. As provas objetivas ser\u00e3o aplicadas em&nbsp;<strong>02 de fevereiro de 2020<\/strong>, com 4 horas de dura\u00e7\u00e3o. As remunera\u00e7\u00f5es para as v\u00e1rias especialidades da \u00e1rea M\u00e9dica s\u00e3o de R$ 8.647,57 para uma jornada de trabalho de 24&nbsp;horas&nbsp;semanais.&nbsp;<\/p>\n\n\n\n<p><strong>Confira as vagas clicando:<\/strong><a href=\"https:\/\/dhg1h5j42swfq.cloudfront.net\/2019\/11\/04120636\/VAGAS-%C3%81REA-M%C3%89DICA-EDITAL-EBSERH.pdf\">VAGAS-\u00c1REA-M\u00c9DICA-EDITAL-EBSERH<\/a><\/p>\n\n\n\n<h2 class=\"wp-block-heading\" id=\"assistencial\">\u00c1rea Assistencial \u2013 Concurso EBSERH<\/h2>\n\n\n\n<p>S\u00e3o 998 vagas para os n\u00edveis m\u00e9dio, t\u00e9cnico e superior. As remunera\u00e7\u00f5es variam entre R$ 2.170,22 e R$10.350,46, a depender do cargo e carga hor\u00e1ria semanal.<\/p>\n\n\n\n<p><strong>Confira as vagas acessando:<\/strong><a href=\"https:\/\/dhg1h5j42swfq.cloudfront.net\/2019\/11\/04122254\/VAGAS-%C3%81REA-ASSISTENCIAL.pdf\">VAGAS-\u00c1REA-ASSISTENCIAL<\/a><\/p>\n\n\n\n<h2 class=\"wp-block-heading\" id=\"administrativo\">\u00c1rea Administrativa \u2013 Concurso EBSERH<\/h2>\n\n\n\n<p>O Concurso EBSERH para a \u00e1rea Administrativa traz 129 vagas e remunera\u00e7\u00f5es que variam entre R$ 2.451,14 e R$ 10.350,46, a depender do cargo e carga hor\u00e1ria.<\/p>\n\n\n\n<p><strong>Acesse as vagas e cargos:<\/strong><a href=\"https:\/\/dhg1h5j42swfq.cloudfront.net\/2019\/11\/04123809\/VAGAS-%C3%81REA-ADMINISTRATIVA.pdf\">VAGAS-\u00c1REA-ADMINISTRATIVA<\/a><\/p>\n\n\n\n<p><em>Prepare-se com o melhor material e com quem mais aprova em Concursos P\u00fablicos em todo o pa\u00eds. <\/em><\/p>\n\n\n\n<p class=\"has-text-align-center has-light-green-cyan-background-color has-background\"><a href=\"https:\/\/www.estrategiaconcursos.com.br\/cursosPorConcurso\/promocao-pacotes-para-ebserh\/\"><strong>CURSOS PARA Concurso EBSERH<\/strong><\/a><\/p>\n\n\n\n<p><em>Assine agora a nossa Assinatura Anual e tenha acesso ilimitado* a todos os nossos cursos.<\/em><\/p>\n\n\n\n<p class=\"has-text-align-center has-luminous-vivid-amber-background-color has-background\"><strong>ASSINE AGORA<\/strong>&nbsp;\u2013&nbsp;<a rel=\"noreferrer noopener\" href=\"https:\/\/www.estrategiaconcursos.com.br\/assinaturas\" target=\"_blank\"><strong>Assinatura Ilimitada<\/strong><\/a><\/p>\n\n\n\n<p class=\"has-text-align-center has-pale-cyan-blue-background-color has-background\"><a href=\"https:\/\/www.estrategiaconcursos.com.br\/blog\/concursos-abertos\/\"><strong>CONCURSOS ABERTOS<\/strong><\/a><\/p>\n","protected":false},"excerpt":{"rendered":"<p>O IBFC, empresa respons\u00e1vel pelo concurso EBSERH, divulgou em seu site a rela\u00e7\u00e3o de inscri\u00e7\u00f5es deferidas, para vagas de livre concorr\u00eancia, PCD e Negros. Anteriormente, a empresa j\u00e1 havia divulgado o n\u00famero total de candidatos inscritos: 324.832 para 1.660 ofertadas. Lembrando que as provas objetivas ocorrer\u00e3o nos dias&nbsp;27 de janeiro e 02 de fevereiro.&nbsp;S\u00e3o tr\u00eas [&hellip;]<\/p>\n","protected":false},"author":561,"featured_media":435144,"comment_status":"open","ping_status":"closed","sticky":false,"template":"","format":"standard","meta":{"post_tipo":"article","footnotes":""},"categories":[1],"tags":[],"tax_estado":[],"class_list":["post-474440","post","type-post","status-publish","format-standard","has-post-thumbnail","hentry","category-cursos-e-concursos"],"acf":[],"yoast_head":"<!-- This site is optimized with the Yoast SEO Premium plugin v27.2 (Yoast SEO v27.2) - https:\/\/yoast.com\/product\/yoast-seo-premium-wordpress\/ -->\n<title>Hora da verdade EBSERH: Reforce sua prepara\u00e7\u00e3o para o dia da prova!<\/title>\n<meta name=\"robots\" content=\"index, follow, max-snippet:-1, max-image-preview:large, max-video-preview:-1\" \/>\n<link rel=\"canonical\" href=\"https:\/\/www.estrategiaconcursos.com.br\/blog\/hora-da-verdade-ebserh\/\" \/>\n<meta property=\"og:locale\" content=\"pt_BR\" \/>\n<meta property=\"og:type\" content=\"article\" \/>\n<meta property=\"og:title\" content=\"Hora da verdade EBSERH: Reforce sua prepara\u00e7\u00e3o para o dia da prova!\" \/>\n<meta property=\"og:description\" content=\"O IBFC, empresa respons\u00e1vel pelo concurso EBSERH, divulgou em seu site a rela\u00e7\u00e3o de inscri\u00e7\u00f5es deferidas, para vagas de livre concorr\u00eancia, PCD e Negros. Anteriormente, a empresa j\u00e1 havia divulgado o n\u00famero total de candidatos inscritos: 324.832 para 1.660 ofertadas. Lembrando que as provas objetivas ocorrer\u00e3o nos dias&nbsp;27 de janeiro e 02 de fevereiro.&nbsp;S\u00e3o tr\u00eas [&hellip;]\" \/>\n<meta property=\"og:url\" content=\"https:\/\/www.estrategiaconcursos.com.br\/blog\/hora-da-verdade-ebserh\/\" \/>\n<meta property=\"og:site_name\" content=\"Estrat\u00e9gia Concursos\" \/>\n<meta property=\"article:published_time\" content=\"2020-01-27T21:15:00+00:00\" \/>\n<meta property=\"article:modified_time\" content=\"2023-08-23T13:38:16+00:00\" \/>\n<meta property=\"og:image\" content=\"https:\/\/dhg1h5j42swfq.cloudfront.net\/2019\/10\/16093050\/ebserh-e1520608883987.jpg\" \/>\n\t<meta property=\"og:image:width\" content=\"400\" \/>\n\t<meta property=\"og:image:height\" content=\"209\" \/>\n\t<meta property=\"og:image:type\" content=\"image\/jpeg\" \/>\n<meta name=\"author\" content=\"Ligia Carvalheiro Fernandes\" \/>\n<meta name=\"twitter:card\" content=\"summary_large_image\" \/>\n<meta name=\"twitter:creator\" content=\"@EstratConcursos\" \/>\n<meta name=\"twitter:site\" content=\"@EstratConcursos\" \/>\n<meta name=\"twitter:label1\" content=\"Escrito por\" \/>\n\t<meta name=\"twitter:data1\" content=\"Ligia Carvalheiro Fernandes\" \/>\n\t<meta name=\"twitter:label2\" content=\"Est. tempo de leitura\" \/>\n\t<meta name=\"twitter:data2\" content=\"2 minutos\" \/>\n<script type=\"application\/ld+json\" class=\"yoast-schema-graph\">{\"@context\":\"https:\/\/schema.org\",\"@graph\":[{\"@type\":\"NewsArticle\",\"@id\":\"https:\/\/www.estrategiaconcursos.com.br\/blog\/hora-da-verdade-ebserh\/#article\",\"isPartOf\":{\"@id\":\"https:\/\/www.estrategiaconcursos.com.br\/blog\/hora-da-verdade-ebserh\/\"},\"author\":{\"name\":\"Ligia Carvalheiro Fernandes\",\"@id\":\"https:\/\/www.estrategiaconcursos.com.br\/blog\/#\/schema\/person\/cc76e9dac392d5e35e7d00c493eee792\"},\"headline\":\"Hora da verdade EBSERH: Reforce sua prepara\u00e7\u00e3o para o dia da prova!\",\"datePublished\":\"2020-01-27T21:15:00+00:00\",\"dateModified\":\"2023-08-23T13:38:16+00:00\",\"mainEntityOfPage\":{\"@id\":\"https:\/\/www.estrategiaconcursos.com.br\/blog\/hora-da-verdade-ebserh\/\"},\"wordCount\":369,\"commentCount\":0,\"publisher\":{\"@id\":\"https:\/\/www.estrategiaconcursos.com.br\/blog\/#organization\"},\"image\":{\"@id\":\"https:\/\/www.estrategiaconcursos.com.br\/blog\/hora-da-verdade-ebserh\/#primaryimage\"},\"thumbnailUrl\":\"https:\/\/dhg1h5j42swfq.cloudfront.net\/2019\/10\/16093050\/ebserh-e1520608883987.jpg\",\"articleSection\":[\"Concursos P\u00fablicos\"],\"inLanguage\":\"pt-BR\",\"potentialAction\":[{\"@type\":\"CommentAction\",\"name\":\"Comment\",\"target\":[\"https:\/\/www.estrategiaconcursos.com.br\/blog\/hora-da-verdade-ebserh\/#respond\"]}],\"copyrightYear\":\"2020\",\"copyrightHolder\":{\"@id\":\"https:\/\/www.estrategiaconcursos.com.br\/blog\/#organization\"}},{\"@type\":\"WebPage\",\"@id\":\"https:\/\/www.estrategiaconcursos.com.br\/blog\/hora-da-verdade-ebserh\/\",\"url\":\"https:\/\/www.estrategiaconcursos.com.br\/blog\/hora-da-verdade-ebserh\/\",\"name\":\"Hora da verdade EBSERH: Reforce sua prepara\u00e7\u00e3o para o dia da prova!\",\"isPartOf\":{\"@id\":\"https:\/\/www.estrategiaconcursos.com.br\/blog\/#website\"},\"primaryImageOfPage\":{\"@id\":\"https:\/\/www.estrategiaconcursos.com.br\/blog\/hora-da-verdade-ebserh\/#primaryimage\"},\"image\":{\"@id\":\"https:\/\/www.estrategiaconcursos.com.br\/blog\/hora-da-verdade-ebserh\/#primaryimage\"},\"thumbnailUrl\":\"https:\/\/dhg1h5j42swfq.cloudfront.net\/2019\/10\/16093050\/ebserh-e1520608883987.jpg\",\"datePublished\":\"2020-01-27T21:15:00+00:00\",\"dateModified\":\"2023-08-23T13:38:16+00:00\",\"breadcrumb\":{\"@id\":\"https:\/\/www.estrategiaconcursos.com.br\/blog\/hora-da-verdade-ebserh\/#breadcrumb\"},\"inLanguage\":\"pt-BR\",\"potentialAction\":[{\"@type\":\"ReadAction\",\"target\":[\"https:\/\/www.estrategiaconcursos.com.br\/blog\/hora-da-verdade-ebserh\/\"]}]},{\"@type\":\"ImageObject\",\"inLanguage\":\"pt-BR\",\"@id\":\"https:\/\/www.estrategiaconcursos.com.br\/blog\/hora-da-verdade-ebserh\/#primaryimage\",\"url\":\"https:\/\/dhg1h5j42swfq.cloudfront.net\/2019\/10\/16093050\/ebserh-e1520608883987.jpg\",\"contentUrl\":\"https:\/\/dhg1h5j42swfq.cloudfront.net\/2019\/10\/16093050\/ebserh-e1520608883987.jpg\",\"width\":400,\"height\":209,\"caption\":\"concurso ebserh\"},{\"@type\":\"BreadcrumbList\",\"@id\":\"https:\/\/www.estrategiaconcursos.com.br\/blog\/hora-da-verdade-ebserh\/#breadcrumb\",\"itemListElement\":[{\"@type\":\"ListItem\",\"position\":1,\"name\":\"In\u00edcio\",\"item\":\"https:\/\/www.estrategiaconcursos.com.br\/blog\/\"},{\"@type\":\"ListItem\",\"position\":2,\"name\":\"Hora da verdade EBSERH: Reforce sua prepara\u00e7\u00e3o para o dia da prova!\"}]},{\"@type\":\"WebSite\",\"@id\":\"https:\/\/www.estrategiaconcursos.com.br\/blog\/#website\",\"url\":\"https:\/\/www.estrategiaconcursos.com.br\/blog\/\",\"name\":\"Estrat\u00e9gia Concursos\",\"description\":\"O blog da Estrat\u00e9gia Concursos traz not\u00edcias sobre concursos e artigos de professores oferecendo cursos para concursos (pdf + videaulas) no site.\",\"publisher\":{\"@id\":\"https:\/\/www.estrategiaconcursos.com.br\/blog\/#organization\"},\"potentialAction\":[{\"@type\":\"SearchAction\",\"target\":{\"@type\":\"EntryPoint\",\"urlTemplate\":\"https:\/\/www.estrategiaconcursos.com.br\/blog\/?s={search_term_string}\"},\"query-input\":{\"@type\":\"PropertyValueSpecification\",\"valueRequired\":true,\"valueName\":\"search_term_string\"}}],\"inLanguage\":\"pt-BR\"},{\"@type\":\"Organization\",\"@id\":\"https:\/\/www.estrategiaconcursos.com.br\/blog\/#organization\",\"name\":\"Estrat\u00e9gia Concursos\",\"url\":\"https:\/\/www.estrategiaconcursos.com.br\/blog\/\",\"logo\":{\"@type\":\"ImageObject\",\"inLanguage\":\"pt-BR\",\"@id\":\"https:\/\/www.estrategiaconcursos.com.br\/blog\/#\/schema\/logo\/image\/\",\"url\":\"https:\/\/dhg1h5j42swfq.cloudfront.net\/2025\/06\/03203428\/logo_concursos-1.jpg\",\"contentUrl\":\"https:\/\/dhg1h5j42swfq.cloudfront.net\/2025\/06\/03203428\/logo_concursos-1.jpg\",\"width\":230,\"height\":60,\"caption\":\"Estrat\u00e9gia Concursos\"},\"image\":{\"@id\":\"https:\/\/www.estrategiaconcursos.com.br\/blog\/#\/schema\/logo\/image\/\"},\"sameAs\":[\"https:\/\/x.com\/EstratConcursos\"]},{\"@type\":\"Person\",\"@id\":\"https:\/\/www.estrategiaconcursos.com.br\/blog\/#\/schema\/person\/cc76e9dac392d5e35e7d00c493eee792\",\"name\":\"Ligia Carvalheiro Fernandes\",\"image\":{\"@type\":\"ImageObject\",\"inLanguage\":\"pt-BR\",\"@id\":\"https:\/\/secure.gravatar.com\/avatar\/26e4636c44dabc043eaf634f767ecd1d80505b210d3981d4ebd176a3f373e3ec?s=96&d=mm&r=g\",\"url\":\"https:\/\/secure.gravatar.com\/avatar\/26e4636c44dabc043eaf634f767ecd1d80505b210d3981d4ebd176a3f373e3ec?s=96&d=mm&r=g\",\"contentUrl\":\"https:\/\/secure.gravatar.com\/avatar\/26e4636c44dabc043eaf634f767ecd1d80505b210d3981d4ebd176a3f373e3ec?s=96&d=mm&r=g\",\"caption\":\"Ligia Carvalheiro Fernandes\"},\"url\":\"https:\/\/www.estrategiaconcursos.com.br\/blog\/author\/licarfegmail-com\/\"}]}<\/script>\n<!-- \/ Yoast SEO Premium plugin. -->","yoast_head_json":{"title":"Hora da verdade EBSERH: Reforce sua prepara\u00e7\u00e3o para o dia da prova!","robots":{"index":"index","follow":"follow","max-snippet":"max-snippet:-1","max-image-preview":"max-image-preview:large","max-video-preview":"max-video-preview:-1"},"canonical":"https:\/\/www.estrategiaconcursos.com.br\/blog\/hora-da-verdade-ebserh\/","og_locale":"pt_BR","og_type":"article","og_title":"Hora da verdade EBSERH: Reforce sua prepara\u00e7\u00e3o para o dia da prova!","og_description":"O IBFC, empresa respons\u00e1vel pelo concurso EBSERH, divulgou em seu site a rela\u00e7\u00e3o de inscri\u00e7\u00f5es deferidas, para vagas de livre concorr\u00eancia, PCD e Negros. Anteriormente, a empresa j\u00e1 havia divulgado o n\u00famero total de candidatos inscritos: 324.832 para 1.660 ofertadas. Lembrando que as provas objetivas ocorrer\u00e3o nos dias&nbsp;27 de janeiro e 02 de fevereiro.&nbsp;S\u00e3o tr\u00eas [&hellip;]","og_url":"https:\/\/www.estrategiaconcursos.com.br\/blog\/hora-da-verdade-ebserh\/","og_site_name":"Estrat\u00e9gia Concursos","article_published_time":"2020-01-27T21:15:00+00:00","article_modified_time":"2023-08-23T13:38:16+00:00","og_image":[{"width":400,"height":209,"url":"https:\/\/dhg1h5j42swfq.cloudfront.net\/2019\/10\/16093050\/ebserh-e1520608883987.jpg","type":"image\/jpeg"}],"author":"Ligia Carvalheiro Fernandes","twitter_card":"summary_large_image","twitter_creator":"@EstratConcursos","twitter_site":"@EstratConcursos","twitter_misc":{"Escrito por":"Ligia Carvalheiro Fernandes","Est. tempo de leitura":"2 minutos"},"schema":{"@context":"https:\/\/schema.org","@graph":[{"@type":"NewsArticle","@id":"https:\/\/www.estrategiaconcursos.com.br\/blog\/hora-da-verdade-ebserh\/#article","isPartOf":{"@id":"https:\/\/www.estrategiaconcursos.com.br\/blog\/hora-da-verdade-ebserh\/"},"author":{"name":"Ligia Carvalheiro Fernandes","@id":"https:\/\/www.estrategiaconcursos.com.br\/blog\/#\/schema\/person\/cc76e9dac392d5e35e7d00c493eee792"},"headline":"Hora da verdade EBSERH: Reforce sua prepara\u00e7\u00e3o para o dia da prova!","datePublished":"2020-01-27T21:15:00+00:00","dateModified":"2023-08-23T13:38:16+00:00","mainEntityOfPage":{"@id":"https:\/\/www.estrategiaconcursos.com.br\/blog\/hora-da-verdade-ebserh\/"},"wordCount":369,"commentCount":0,"publisher":{"@id":"https:\/\/www.estrategiaconcursos.com.br\/blog\/#organization"},"image":{"@id":"https:\/\/www.estrategiaconcursos.com.br\/blog\/hora-da-verdade-ebserh\/#primaryimage"},"thumbnailUrl":"https:\/\/dhg1h5j42swfq.cloudfront.net\/2019\/10\/16093050\/ebserh-e1520608883987.jpg","articleSection":["Concursos P\u00fablicos"],"inLanguage":"pt-BR","potentialAction":[{"@type":"CommentAction","name":"Comment","target":["https:\/\/www.estrategiaconcursos.com.br\/blog\/hora-da-verdade-ebserh\/#respond"]}],"copyrightYear":"2020","copyrightHolder":{"@id":"https:\/\/www.estrategiaconcursos.com.br\/blog\/#organization"}},{"@type":"WebPage","@id":"https:\/\/www.estrategiaconcursos.com.br\/blog\/hora-da-verdade-ebserh\/","url":"https:\/\/www.estrategiaconcursos.com.br\/blog\/hora-da-verdade-ebserh\/","name":"Hora da verdade EBSERH: Reforce sua prepara\u00e7\u00e3o para o dia da prova!","isPartOf":{"@id":"https:\/\/www.estrategiaconcursos.com.br\/blog\/#website"},"primaryImageOfPage":{"@id":"https:\/\/www.estrategiaconcursos.com.br\/blog\/hora-da-verdade-ebserh\/#primaryimage"},"image":{"@id":"https:\/\/www.estrategiaconcursos.com.br\/blog\/hora-da-verdade-ebserh\/#primaryimage"},"thumbnailUrl":"https:\/\/dhg1h5j42swfq.cloudfront.net\/2019\/10\/16093050\/ebserh-e1520608883987.jpg","datePublished":"2020-01-27T21:15:00+00:00","dateModified":"2023-08-23T13:38:16+00:00","breadcrumb":{"@id":"https:\/\/www.estrategiaconcursos.com.br\/blog\/hora-da-verdade-ebserh\/#breadcrumb"},"inLanguage":"pt-BR","potentialAction":[{"@type":"ReadAction","target":["https:\/\/www.estrategiaconcursos.com.br\/blog\/hora-da-verdade-ebserh\/"]}]},{"@type":"ImageObject","inLanguage":"pt-BR","@id":"https:\/\/www.estrategiaconcursos.com.br\/blog\/hora-da-verdade-ebserh\/#primaryimage","url":"https:\/\/dhg1h5j42swfq.cloudfront.net\/2019\/10\/16093050\/ebserh-e1520608883987.jpg","contentUrl":"https:\/\/dhg1h5j42swfq.cloudfront.net\/2019\/10\/16093050\/ebserh-e1520608883987.jpg","width":400,"height":209,"caption":"concurso ebserh"},{"@type":"BreadcrumbList","@id":"https:\/\/www.estrategiaconcursos.com.br\/blog\/hora-da-verdade-ebserh\/#breadcrumb","itemListElement":[{"@type":"ListItem","position":1,"name":"In\u00edcio","item":"https:\/\/www.estrategiaconcursos.com.br\/blog\/"},{"@type":"ListItem","position":2,"name":"Hora da verdade EBSERH: Reforce sua prepara\u00e7\u00e3o para o dia da prova!"}]},{"@type":"WebSite","@id":"https:\/\/www.estrategiaconcursos.com.br\/blog\/#website","url":"https:\/\/www.estrategiaconcursos.com.br\/blog\/","name":"Estrat\u00e9gia Concursos","description":"O blog da Estrat\u00e9gia Concursos traz not\u00edcias sobre concursos e artigos de professores oferecendo cursos para concursos (pdf + videaulas) no site.","publisher":{"@id":"https:\/\/www.estrategiaconcursos.com.br\/blog\/#organization"},"potentialAction":[{"@type":"SearchAction","target":{"@type":"EntryPoint","urlTemplate":"https:\/\/www.estrategiaconcursos.com.br\/blog\/?s={search_term_string}"},"query-input":{"@type":"PropertyValueSpecification","valueRequired":true,"valueName":"search_term_string"}}],"inLanguage":"pt-BR"},{"@type":"Organization","@id":"https:\/\/www.estrategiaconcursos.com.br\/blog\/#organization","name":"Estrat\u00e9gia Concursos","url":"https:\/\/www.estrategiaconcursos.com.br\/blog\/","logo":{"@type":"ImageObject","inLanguage":"pt-BR","@id":"https:\/\/www.estrategiaconcursos.com.br\/blog\/#\/schema\/logo\/image\/","url":"https:\/\/dhg1h5j42swfq.cloudfront.net\/2025\/06\/03203428\/logo_concursos-1.jpg","contentUrl":"https:\/\/dhg1h5j42swfq.cloudfront.net\/2025\/06\/03203428\/logo_concursos-1.jpg","width":230,"height":60,"caption":"Estrat\u00e9gia Concursos"},"image":{"@id":"https:\/\/www.estrategiaconcursos.com.br\/blog\/#\/schema\/logo\/image\/"},"sameAs":["https:\/\/x.com\/EstratConcursos"]},{"@type":"Person","@id":"https:\/\/www.estrategiaconcursos.com.br\/blog\/#\/schema\/person\/cc76e9dac392d5e35e7d00c493eee792","name":"Ligia Carvalheiro Fernandes","image":{"@type":"ImageObject","inLanguage":"pt-BR","@id":"https:\/\/secure.gravatar.com\/avatar\/26e4636c44dabc043eaf634f767ecd1d80505b210d3981d4ebd176a3f373e3ec?s=96&d=mm&r=g","url":"https:\/\/secure.gravatar.com\/avatar\/26e4636c44dabc043eaf634f767ecd1d80505b210d3981d4ebd176a3f373e3ec?s=96&d=mm&r=g","contentUrl":"https:\/\/secure.gravatar.com\/avatar\/26e4636c44dabc043eaf634f767ecd1d80505b210d3981d4ebd176a3f373e3ec?s=96&d=mm&r=g","caption":"Ligia Carvalheiro Fernandes"},"url":"https:\/\/www.estrategiaconcursos.com.br\/blog\/author\/licarfegmail-com\/"}]}},"_links":{"self":[{"href":"https:\/\/www.estrategiaconcursos.com.br\/blog\/wp-json\/wp\/v2\/posts\/474440","targetHints":{"allow":["GET"]}}],"collection":[{"href":"https:\/\/www.estrategiaconcursos.com.br\/blog\/wp-json\/wp\/v2\/posts"}],"about":[{"href":"https:\/\/www.estrategiaconcursos.com.br\/blog\/wp-json\/wp\/v2\/types\/post"}],"author":[{"embeddable":true,"href":"https:\/\/www.estrategiaconcursos.com.br\/blog\/wp-json\/wp\/v2\/users\/561"}],"replies":[{"embeddable":true,"href":"https:\/\/www.estrategiaconcursos.com.br\/blog\/wp-json\/wp\/v2\/comments?post=474440"}],"version-history":[{"count":2,"href":"https:\/\/www.estrategiaconcursos.com.br\/blog\/wp-json\/wp\/v2\/posts\/474440\/revisions"}],"predecessor-version":[{"id":1267921,"href":"https:\/\/www.estrategiaconcursos.com.br\/blog\/wp-json\/wp\/v2\/posts\/474440\/revisions\/1267921"}],"wp:featuredmedia":[{"embeddable":true,"href":"https:\/\/www.estrategiaconcursos.com.br\/blog\/wp-json\/wp\/v2\/media\/435144"}],"wp:attachment":[{"href":"https:\/\/www.estrategiaconcursos.com.br\/blog\/wp-json\/wp\/v2\/media?parent=474440"}],"wp:term":[{"taxonomy":"category","embeddable":true,"href":"https:\/\/www.estrategiaconcursos.com.br\/blog\/wp-json\/wp\/v2\/categories?post=474440"},{"taxonomy":"post_tag","embeddable":true,"href":"https:\/\/www.estrategiaconcursos.com.br\/blog\/wp-json\/wp\/v2\/tags?post=474440"},{"taxonomy":"tax_estado","embeddable":true,"href":"https:\/\/www.estrategiaconcursos.com.br\/blog\/wp-json\/wp\/v2\/tax_estado?post=474440"}],"curies":[{"name":"wp","href":"https:\/\/api.w.org\/{rel}","templated":true}]}}