{"id":47443,"date":"2016-08-29T17:40:47","date_gmt":"2016-08-29T20:40:47","guid":{"rendered":"https:\/\/www.estrategiaconcursos.com.br\/blog\/?p=47443"},"modified":"2022-09-09T10:29:13","modified_gmt":"2022-09-09T13:29:13","slug":"senado-federal","status":"publish","type":"post","link":"https:\/\/www.estrategiaconcursos.com.br\/blog\/senado-federal\/","title":{"rendered":"Senado Federal se movimenta para pr\u00f3ximo concurso!"},"content":{"rendered":"<p style=\"text-align: justify;\"><span style=\"color: #000000;\"><img loading=\"lazy\" decoding=\"async\" class=\"alignleft size-medium wp-image-38915\" src=\"https:\/\/dhg1h5j42swfq.cloudfront.net\/2016\/04\/14131018\/consultor-do-senado.jpg\" alt=\"consultor do senado\" width=\"300\" height=\"200\" srcset=\"https:\/\/dhg1h5j42swfq.cloudfront.net\/2016\/04\/14131018\/consultor-do-senado.jpg 2662w, https:\/\/dhg1h5j42swfq.cloudfront.net\/2016\/04\/14131018\/consultor-do-senado.jpg 300w, https:\/\/dhg1h5j42swfq.cloudfront.net\/2016\/04\/14131018\/consultor-do-senado.jpg 768w, https:\/\/dhg1h5j42swfq.cloudfront.net\/2016\/04\/14131018\/consultor-do-senado.jpg 1024w, https:\/\/dhg1h5j42swfq.cloudfront.net\/2016\/04\/14131018\/consultor-do-senado.jpg 451w\" sizes=\"auto, (max-width: 300px) 100vw, 300px\" \/>Acaba de ser publico pelo Senado Federal ato do Primeiro-Secret\u00e1rio da Mesa do Senado, Senador Vicentinho Alves, Ato n\u00ba 6\/2016, de 25 de agosto de 2016, divulgando regras para participa\u00e7\u00e3o de servidores na comiss\u00e3o de organiza\u00e7\u00e3o do concurso Senado Federal.<\/span><\/p>\n<p style=\"text-align: justify;\"><span style=\"color: #000000;\">Na pr\u00e1tica, o ato visa a proteger o concurso de eventuais conflitos de interesses entre servidores da Casa e candidatos \u00e0s vagas nas carreiras legislativas.<\/span><\/p>\n<p style=\"text-align: justify;\"><span style=\"color: #000000;\">Confira abaixo a \u00edntegra do documento:<\/span><\/p>\n<h2 style=\"text-align: justify;\"><strong><span style=\"color: #000000;\">ATO DO 1\u00ba SECRET\u00c1RIO NO 6, de 2016 &#8211; SENADO FEDERAL<\/span><\/strong><\/h2>\n<p style=\"text-align: justify;\"><span style=\"color: #000000;\"> O PRIMEIRO-SECRET\u00c1RIO DO SENADO FEDERAL, no uso de suas atribui\u00e7\u00f5es regimentais e regulamentares, RESOLVE:<\/span><\/p>\n<p style=\"text-align: justify;\"><span style=\"color: #000000;\"> Art. 1\u00ba As Comiss\u00f5es Organizadoras e as Bancas Examinadoras dos Concursos P\u00fablicos realizados pelo Senado Federal n\u00e3o poder\u00e3o ser integradas por c\u00f4njuge, companheiro ou parente, por consanguinidade ou afinidade at\u00e9 o terceiro grau, inclusive, de candidato inscrito no certame.<\/span><br \/>\n<span style=\"color: #000000;\"> \u00a7 1\u00ba O mesmo impedimento se aplica ao exerc\u00edcio de magist\u00e9rio em cursos formais ou informais de prepara\u00e7\u00e3o a concurso p\u00fablico para ingresso nos quadros de pessoal do Senado Federal, nos seis meses anteriores \u00e0 publica\u00e7\u00e3o do edital que regule o certame.<\/span><br \/>\n<span style=\"color: #000000;\"> \u00a7 2\u00ba Os membros das Comiss\u00f5es Organizadoras e das Bancas Examinadoras firmar\u00e3o termo declarando que n\u00e3o s\u00e3o c\u00f4njuges, companheiros ou parentes, por consanguinidade, ou afinidade at\u00e9 o terceiro grau, inclusive, de candidato inscrito ou a ser inscrito no certame, bem como n\u00e3o ser ou ter sido professor de curso preparat\u00f3rio para concurso p\u00fablico para ingresso nos quadros de pessoal do Senado Federal nos seis meses anteriores \u00e0 publica\u00e7\u00e3o do edital que regule o certame.<\/span><br \/>\n<span style=\"color: #000000;\"> Art. 2\u00ba \u00c9 vedada a participa\u00e7\u00e3o de qualquer pessoa em ato, fase, rotina ou procedimento relacionado com a execu\u00e7\u00e3o ou preparativos para realiza\u00e7\u00e3o dos Concursos P\u00fablicos realizados pelo Senado Federal que seja c\u00f4njuge, companheiro ou parente, por consanguinidade, ou afinidade at\u00e9 o terceiro grau, inclusive, de candidato inscrito ou a ser inscrito no certame.<\/span><br \/>\n<span style=\"color: #000000;\"> Par\u00e1grafo \u00fanico. Os participantes de qualquer ato, fase, rotina ou procedimento relacionado com a execu\u00e7\u00e3o ou preparativos de Concursos P\u00fablicos realizados pelo Senado Federal firmar\u00e3o termo declarando que n\u00e3o s\u00e3o c\u00f4njuges, companheiros ou parentes, por consanguinidade, ou afinidade at\u00e9 o terceiro grau, inclusive, de candidato inscrito ou a ser inscrito no certame.<\/span><br \/>\n<span style=\"color: #000000;\"> Art. 3\u00ba Este ato entra em vigor na data de sua publica\u00e7\u00e3o.<\/span><br \/>\n<span style=\"color: #000000;\"> Senado Federal, 25 de agosto de 2016. Senador Vicentinho Alves, Primeiro-Secret\u00e1rio.<\/span><\/p>\n<h2 style=\"text-align: justify;\"><strong><span style=\"color: #000000;\">QUAIS OS EFEITOS PR\u00c1TICOS PARA O CONCURSO SENADO?<\/span><\/strong><\/h2>\n<p style=\"text-align: justify;\"><span style=\"color: #000000;\">Quem nos acompanha sabe que n\u00e3o compactuamos com especula\u00e7\u00f5es. Assim, nossa opini\u00e3o \u00e9 pautada pelos fatos, dados concretos.<\/span><\/p>\n<p style=\"text-align: justify;\"><span style=\"color: #000000;\">Pois , analisemos os fatos:<\/span><\/p>\n<ul style=\"text-align: justify;\">\n<li><span style=\"color: #000000;\">em mar\u00e7o de 2016 o Senado faz um corte no n\u00famero de vagas. Trata-se de um ajuste irris\u00f3rio frente ao n\u00famero total que ainda permanece. A interpreta\u00e7\u00e3o que n\u00f3s do Estrat\u00e9gia fizemos foi que esse corte sinalizou que, em pano de fundo, o Senado estava dando aten\u00e7\u00e3o ao concurso. Isso porque \u00e9 como se ele tivesse dito: &#8220;ok, retiramos essas vagas que consideramos desnecess\u00e1rias, logo, todo o resto de fato reflete a necessidade de \u00f3rg\u00e3o.&#8221;<\/span><\/li>\n<li><span style=\"color: #000000;\">veio o auge da crise politica que fez ambas as Casas Legislativas Federais pararem<\/span><\/li>\n<li><span style=\"color: #000000;\">agora \u00e9 publicado esse ato que regula as rela\u00e7\u00f5es entre os servidores da Casa na Comiss\u00e3o e Banca Organizadora do concurso Senado.<\/span><\/li>\n<li>o<span style=\"color: #000000;\"> Senado est\u00e1 em polvorosa por conta do julgamento de Dilma Rousseff, situa\u00e7\u00e3o que vem desde o retorno do recesso parlamentar, e mesmo assim houve tempo\/ disposi\u00e7\u00e3o para publicar esse ato<\/span><\/li>\n<\/ul>\n<p><span style=\"color: #008000;\"><em>Acesse o nosso Guia Completo Carreiras Legislativas.<\/em><\/span><\/p>\n<p><a href=\"https:\/\/www.estrategiaconcursos.com.br\/blog\/guia-completo-carreiras-legislativas\/\">Guia Completo Carreiras Legislativas<\/a><\/p>\n<p style=\"text-align: justify;\"><span style=\"color: #000000;\">Com isso, vemos que, ainda que a passos curtos, o Senado Federal caminha para a realiza\u00e7\u00e3o de um certame para preenchimento de parte ou total dos atuais <strong>1089 cargos vagos<\/strong>.<\/span><\/p>\n<p style=\"text-align: justify;\"><span style=\"color: #000000;\">Como diz o nosso professor Carlos Xavier, o concurso Senado costuma ser imprevis\u00edvel. Pode aparentar estar tudo quieto e, num mesmo dia, ser publicada autoriza\u00e7\u00e3o, dispensa de licita\u00e7\u00e3o e assinatura do contrato com banca examinadora. Claro que se trata apenas de uma observa\u00e7\u00e3o baseada no \u00faltimo concurso Senado.<\/span><\/p>\n<p style=\"text-align: justify;\"><span style=\"color: #000000;\">Enfim, h\u00e1 colegas aqui no Estrat\u00e9gia que interpretam esse ato como uma forma\u00e7\u00e3o de comiss\u00e3o organizadora do concurso Senado em curso. Embora eu tenha tend\u00eancia a acreditar nisso, prefiro ser mais prudente nessa avalia\u00e7\u00e3o.<\/span><\/p>\n<p style=\"text-align: justify;\"><span style=\"color: #000000;\">Querendo ou n\u00e3o, amigos, se trata de um importante ato para a realiza\u00e7\u00e3o do concurso!<\/span><\/p>\n<p style=\"text-align: justify;\"><span style=\"color: #008000;\"><em>O Estrat\u00e9gia Concursos j\u00e1 lan\u00e7ou cursos focados no edital Senado. Nossos cursos cont\u00eam o conte\u00fado completo que ser\u00e1 cobrado na sua prova. S\u00e3o PDF\u00b4s e videoaulas, al\u00e9m de um f\u00f3rum de d\u00favidas exclusivo na \u00e1rea do aluno para voc\u00ea esclarecer pontos com seus professores. Confiamos tanto na qualidade da nossa equipe e dos nossos materiais que n\u00f3s temos uma pol\u00edtica de satisfa\u00e7\u00e3o garantida ou seu dinheiro de volta, em at\u00e9 30 dias e sem burocracia.<\/em><\/span><\/p>\n<p style=\"text-align: center;\"><span style=\"color: #800000;\"><strong><a style=\"color: #800000;\" href=\"https:\/\/www.estrategiaconcursos.com.br\/cursosPorConcurso\/senado-federal-6\/\" target=\"_blank\" rel=\"noopener\">Cursos p\/ Senado<\/a><\/strong><\/span><\/p>\n<p style=\"text-align: justify;\">Segue abaixo a \u00edntegra do Ato:<\/p>\n<p style=\"text-align: justify;\"><strong><span style=\"color: #ff0000;\"><a style=\"color: #ff0000;\" href=\"https:\/\/www.estrategiaconcursos.com.br\/blog\/wp-content\/uploads\/2016\/08\/senado.pdf\">Ato do Primeiro-Secret\u00e1rio<\/a><\/span><\/strong><\/p>\n<p><strong><a href=\"https:\/\/www.senado.gov.br\/transparencia\/LAI\/secrh\/quadro_efetivos.pdf\" target=\"_blank\" rel=\"noopener\">Quadro de cargos do Senado<\/a><\/strong><\/p>\n<p style=\"text-align: justify;\"><span style=\"color: #000000;\">Forte abra\u00e7o<\/span><\/p>\n<p style=\"text-align: justify;\"><span style=\"color: #000000;\">Fabr\u00edcio R\u00eago<\/span><\/p>\n","protected":false},"excerpt":{"rendered":"<p>Acaba de ser publico pelo Senado Federal ato do Primeiro-Secret\u00e1rio da Mesa do Senado, Senador Vicentinho Alves, Ato n\u00ba 6\/2016, de 25 de agosto de 2016, divulgando regras para participa\u00e7\u00e3o de servidores na comiss\u00e3o de organiza\u00e7\u00e3o do concurso Senado Federal. Na pr\u00e1tica, o ato visa a proteger o concurso de eventuais conflitos de interesses entre [&hellip;]<\/p>\n","protected":false},"author":48,"featured_media":38915,"comment_status":"open","ping_status":"open","sticky":false,"template":"","format":"standard","meta":{"post_tipo":"article","footnotes":""},"categories":[1,2017],"tags":[],"tax_estado":[],"class_list":["post-47443","post","type-post","status-publish","format-standard","has-post-thumbnail","hentry","category-cursos-e-concursos","category-concursos-legislativos"],"acf":[],"yoast_head":"<!-- This site is optimized with the Yoast SEO Premium plugin v27.2 (Yoast SEO v27.2) - https:\/\/yoast.com\/product\/yoast-seo-premium-wordpress\/ -->\n<title>Senado Federal se movimenta para pr\u00f3ximo concurso!<\/title>\n<meta name=\"description\" content=\"Senado Federal est\u00e1 se movimentando para realizar o pr\u00f3ximo concurso. Existem, atualmente, 1089 cargos vagos na Casa. Saiba tudo!\" \/>\n<meta name=\"robots\" content=\"index, follow, max-snippet:-1, max-image-preview:large, max-video-preview:-1\" \/>\n<link rel=\"canonical\" href=\"https:\/\/www.estrategiaconcursos.com.br\/blog\/senado-federal\/\" \/>\n<meta property=\"og:locale\" content=\"pt_BR\" \/>\n<meta property=\"og:type\" content=\"article\" \/>\n<meta property=\"og:title\" content=\"Senado Federal se movimenta para pr\u00f3ximo concurso!\" \/>\n<meta property=\"og:description\" content=\"Senado Federal est\u00e1 se movimentando para realizar o pr\u00f3ximo concurso. Existem, atualmente, 1089 cargos vagos na Casa. Saiba tudo!\" \/>\n<meta property=\"og:url\" content=\"https:\/\/www.estrategiaconcursos.com.br\/blog\/senado-federal\/\" \/>\n<meta property=\"og:site_name\" content=\"Estrat\u00e9gia Concursos\" \/>\n<meta property=\"article:published_time\" content=\"2016-08-29T20:40:47+00:00\" \/>\n<meta property=\"article:modified_time\" content=\"2022-09-09T13:29:13+00:00\" \/>\n<meta property=\"og:image\" content=\"https:\/\/dhg1h5j42swfq.cloudfront.net\/2016\/04\/14131018\/consultor-do-senado.jpg\" \/>\n\t<meta property=\"og:image:width\" content=\"2662\" \/>\n\t<meta property=\"og:image:height\" content=\"1772\" \/>\n\t<meta property=\"og:image:type\" content=\"image\/jpeg\" \/>\n<meta name=\"author\" content=\"Coordena\u00e7\u00e3o\" \/>\n<meta name=\"twitter:card\" content=\"summary_large_image\" \/>\n<meta name=\"twitter:creator\" content=\"@EstratConcursos\" \/>\n<meta name=\"twitter:site\" content=\"@EstratConcursos\" \/>\n<meta name=\"twitter:label1\" content=\"Escrito por\" \/>\n\t<meta name=\"twitter:data1\" content=\"Coordena\u00e7\u00e3o\" \/>\n\t<meta name=\"twitter:label2\" content=\"Est. tempo de leitura\" \/>\n\t<meta name=\"twitter:data2\" content=\"4 minutos\" \/>\n<script type=\"application\/ld+json\" class=\"yoast-schema-graph\">{\"@context\":\"https:\/\/schema.org\",\"@graph\":[{\"@type\":\"NewsArticle\",\"@id\":\"https:\/\/www.estrategiaconcursos.com.br\/blog\/senado-federal\/#article\",\"isPartOf\":{\"@id\":\"https:\/\/www.estrategiaconcursos.com.br\/blog\/senado-federal\/\"},\"author\":{\"name\":\"Coordena\u00e7\u00e3o\",\"@id\":\"https:\/\/www.estrategiaconcursos.com.br\/blog\/#\/schema\/person\/cdad40b5818eb228a838461fcd656da7\"},\"headline\":\"Senado Federal se movimenta para pr\u00f3ximo concurso!\",\"datePublished\":\"2016-08-29T20:40:47+00:00\",\"dateModified\":\"2022-09-09T13:29:13+00:00\",\"mainEntityOfPage\":{\"@id\":\"https:\/\/www.estrategiaconcursos.com.br\/blog\/senado-federal\/\"},\"wordCount\":857,\"commentCount\":11,\"publisher\":{\"@id\":\"https:\/\/www.estrategiaconcursos.com.br\/blog\/#organization\"},\"image\":{\"@id\":\"https:\/\/www.estrategiaconcursos.com.br\/blog\/senado-federal\/#primaryimage\"},\"thumbnailUrl\":\"https:\/\/dhg1h5j42swfq.cloudfront.net\/2016\/04\/14131018\/consultor-do-senado.jpg\",\"articleSection\":[\"Concursos P\u00fablicos\",\"Legislativo\"],\"inLanguage\":\"pt-BR\",\"potentialAction\":[{\"@type\":\"CommentAction\",\"name\":\"Comment\",\"target\":[\"https:\/\/www.estrategiaconcursos.com.br\/blog\/senado-federal\/#respond\"]}],\"copyrightYear\":\"2016\",\"copyrightHolder\":{\"@id\":\"https:\/\/www.estrategiaconcursos.com.br\/blog\/#organization\"}},{\"@type\":\"WebPage\",\"@id\":\"https:\/\/www.estrategiaconcursos.com.br\/blog\/senado-federal\/\",\"url\":\"https:\/\/www.estrategiaconcursos.com.br\/blog\/senado-federal\/\",\"name\":\"Senado Federal se movimenta para pr\u00f3ximo concurso!\",\"isPartOf\":{\"@id\":\"https:\/\/www.estrategiaconcursos.com.br\/blog\/#website\"},\"primaryImageOfPage\":{\"@id\":\"https:\/\/www.estrategiaconcursos.com.br\/blog\/senado-federal\/#primaryimage\"},\"image\":{\"@id\":\"https:\/\/www.estrategiaconcursos.com.br\/blog\/senado-federal\/#primaryimage\"},\"thumbnailUrl\":\"https:\/\/dhg1h5j42swfq.cloudfront.net\/2016\/04\/14131018\/consultor-do-senado.jpg\",\"datePublished\":\"2016-08-29T20:40:47+00:00\",\"dateModified\":\"2022-09-09T13:29:13+00:00\",\"description\":\"Senado Federal est\u00e1 se movimentando para realizar o pr\u00f3ximo concurso. Existem, atualmente, 1089 cargos vagos na Casa. Saiba tudo!\",\"breadcrumb\":{\"@id\":\"https:\/\/www.estrategiaconcursos.com.br\/blog\/senado-federal\/#breadcrumb\"},\"inLanguage\":\"pt-BR\",\"potentialAction\":[{\"@type\":\"ReadAction\",\"target\":[\"https:\/\/www.estrategiaconcursos.com.br\/blog\/senado-federal\/\"]}]},{\"@type\":\"ImageObject\",\"inLanguage\":\"pt-BR\",\"@id\":\"https:\/\/www.estrategiaconcursos.com.br\/blog\/senado-federal\/#primaryimage\",\"url\":\"https:\/\/dhg1h5j42swfq.cloudfront.net\/2016\/04\/14131018\/consultor-do-senado.jpg\",\"contentUrl\":\"https:\/\/dhg1h5j42swfq.cloudfront.net\/2016\/04\/14131018\/consultor-do-senado.jpg\",\"width\":2662,\"height\":1772},{\"@type\":\"BreadcrumbList\",\"@id\":\"https:\/\/www.estrategiaconcursos.com.br\/blog\/senado-federal\/#breadcrumb\",\"itemListElement\":[{\"@type\":\"ListItem\",\"position\":1,\"name\":\"In\u00edcio\",\"item\":\"https:\/\/www.estrategiaconcursos.com.br\/blog\/\"},{\"@type\":\"ListItem\",\"position\":2,\"name\":\"Senado Federal se movimenta para pr\u00f3ximo concurso!\"}]},{\"@type\":\"WebSite\",\"@id\":\"https:\/\/www.estrategiaconcursos.com.br\/blog\/#website\",\"url\":\"https:\/\/www.estrategiaconcursos.com.br\/blog\/\",\"name\":\"Estrat\u00e9gia Concursos\",\"description\":\"O blog da Estrat\u00e9gia Concursos traz not\u00edcias sobre concursos e artigos de professores oferecendo cursos para concursos (pdf + videaulas) no site.\",\"publisher\":{\"@id\":\"https:\/\/www.estrategiaconcursos.com.br\/blog\/#organization\"},\"potentialAction\":[{\"@type\":\"SearchAction\",\"target\":{\"@type\":\"EntryPoint\",\"urlTemplate\":\"https:\/\/www.estrategiaconcursos.com.br\/blog\/?s={search_term_string}\"},\"query-input\":{\"@type\":\"PropertyValueSpecification\",\"valueRequired\":true,\"valueName\":\"search_term_string\"}}],\"inLanguage\":\"pt-BR\"},{\"@type\":\"Organization\",\"@id\":\"https:\/\/www.estrategiaconcursos.com.br\/blog\/#organization\",\"name\":\"Estrat\u00e9gia Concursos\",\"url\":\"https:\/\/www.estrategiaconcursos.com.br\/blog\/\",\"logo\":{\"@type\":\"ImageObject\",\"inLanguage\":\"pt-BR\",\"@id\":\"https:\/\/www.estrategiaconcursos.com.br\/blog\/#\/schema\/logo\/image\/\",\"url\":\"https:\/\/dhg1h5j42swfq.cloudfront.net\/2025\/06\/03203428\/logo_concursos-1.jpg\",\"contentUrl\":\"https:\/\/dhg1h5j42swfq.cloudfront.net\/2025\/06\/03203428\/logo_concursos-1.jpg\",\"width\":230,\"height\":60,\"caption\":\"Estrat\u00e9gia Concursos\"},\"image\":{\"@id\":\"https:\/\/www.estrategiaconcursos.com.br\/blog\/#\/schema\/logo\/image\/\"},\"sameAs\":[\"https:\/\/x.com\/EstratConcursos\"]},{\"@type\":\"Person\",\"@id\":\"https:\/\/www.estrategiaconcursos.com.br\/blog\/#\/schema\/person\/cdad40b5818eb228a838461fcd656da7\",\"name\":\"Coordena\u00e7\u00e3o\",\"image\":{\"@type\":\"ImageObject\",\"inLanguage\":\"pt-BR\",\"@id\":\"https:\/\/secure.gravatar.com\/avatar\/a413b22da0f5009c634f6c4586a2dbe5207074fd5becd88db5183b8069ef25e4?s=96&d=mm&r=g\",\"url\":\"https:\/\/secure.gravatar.com\/avatar\/a413b22da0f5009c634f6c4586a2dbe5207074fd5becd88db5183b8069ef25e4?s=96&d=mm&r=g\",\"contentUrl\":\"https:\/\/secure.gravatar.com\/avatar\/a413b22da0f5009c634f6c4586a2dbe5207074fd5becd88db5183b8069ef25e4?s=96&d=mm&r=g\",\"caption\":\"Coordena\u00e7\u00e3o\"},\"url\":\"https:\/\/www.estrategiaconcursos.com.br\/blog\/author\/contatoestrategiaconcursos-com-br\/\"}]}<\/script>\n<!-- \/ Yoast SEO Premium plugin. -->","yoast_head_json":{"title":"Senado Federal se movimenta para pr\u00f3ximo concurso!","description":"Senado Federal est\u00e1 se movimentando para realizar o pr\u00f3ximo concurso. Existem, atualmente, 1089 cargos vagos na Casa. Saiba tudo!","robots":{"index":"index","follow":"follow","max-snippet":"max-snippet:-1","max-image-preview":"max-image-preview:large","max-video-preview":"max-video-preview:-1"},"canonical":"https:\/\/www.estrategiaconcursos.com.br\/blog\/senado-federal\/","og_locale":"pt_BR","og_type":"article","og_title":"Senado Federal se movimenta para pr\u00f3ximo concurso!","og_description":"Senado Federal est\u00e1 se movimentando para realizar o pr\u00f3ximo concurso. Existem, atualmente, 1089 cargos vagos na Casa. Saiba tudo!","og_url":"https:\/\/www.estrategiaconcursos.com.br\/blog\/senado-federal\/","og_site_name":"Estrat\u00e9gia Concursos","article_published_time":"2016-08-29T20:40:47+00:00","article_modified_time":"2022-09-09T13:29:13+00:00","og_image":[{"width":2662,"height":1772,"url":"https:\/\/dhg1h5j42swfq.cloudfront.net\/2016\/04\/14131018\/consultor-do-senado.jpg","type":"image\/jpeg"}],"author":"Coordena\u00e7\u00e3o","twitter_card":"summary_large_image","twitter_creator":"@EstratConcursos","twitter_site":"@EstratConcursos","twitter_misc":{"Escrito por":"Coordena\u00e7\u00e3o","Est. tempo de leitura":"4 minutos"},"schema":{"@context":"https:\/\/schema.org","@graph":[{"@type":"NewsArticle","@id":"https:\/\/www.estrategiaconcursos.com.br\/blog\/senado-federal\/#article","isPartOf":{"@id":"https:\/\/www.estrategiaconcursos.com.br\/blog\/senado-federal\/"},"author":{"name":"Coordena\u00e7\u00e3o","@id":"https:\/\/www.estrategiaconcursos.com.br\/blog\/#\/schema\/person\/cdad40b5818eb228a838461fcd656da7"},"headline":"Senado Federal se movimenta para pr\u00f3ximo concurso!","datePublished":"2016-08-29T20:40:47+00:00","dateModified":"2022-09-09T13:29:13+00:00","mainEntityOfPage":{"@id":"https:\/\/www.estrategiaconcursos.com.br\/blog\/senado-federal\/"},"wordCount":857,"commentCount":11,"publisher":{"@id":"https:\/\/www.estrategiaconcursos.com.br\/blog\/#organization"},"image":{"@id":"https:\/\/www.estrategiaconcursos.com.br\/blog\/senado-federal\/#primaryimage"},"thumbnailUrl":"https:\/\/dhg1h5j42swfq.cloudfront.net\/2016\/04\/14131018\/consultor-do-senado.jpg","articleSection":["Concursos P\u00fablicos","Legislativo"],"inLanguage":"pt-BR","potentialAction":[{"@type":"CommentAction","name":"Comment","target":["https:\/\/www.estrategiaconcursos.com.br\/blog\/senado-federal\/#respond"]}],"copyrightYear":"2016","copyrightHolder":{"@id":"https:\/\/www.estrategiaconcursos.com.br\/blog\/#organization"}},{"@type":"WebPage","@id":"https:\/\/www.estrategiaconcursos.com.br\/blog\/senado-federal\/","url":"https:\/\/www.estrategiaconcursos.com.br\/blog\/senado-federal\/","name":"Senado Federal se movimenta para pr\u00f3ximo concurso!","isPartOf":{"@id":"https:\/\/www.estrategiaconcursos.com.br\/blog\/#website"},"primaryImageOfPage":{"@id":"https:\/\/www.estrategiaconcursos.com.br\/blog\/senado-federal\/#primaryimage"},"image":{"@id":"https:\/\/www.estrategiaconcursos.com.br\/blog\/senado-federal\/#primaryimage"},"thumbnailUrl":"https:\/\/dhg1h5j42swfq.cloudfront.net\/2016\/04\/14131018\/consultor-do-senado.jpg","datePublished":"2016-08-29T20:40:47+00:00","dateModified":"2022-09-09T13:29:13+00:00","description":"Senado Federal est\u00e1 se movimentando para realizar o pr\u00f3ximo concurso. Existem, atualmente, 1089 cargos vagos na Casa. Saiba tudo!","breadcrumb":{"@id":"https:\/\/www.estrategiaconcursos.com.br\/blog\/senado-federal\/#breadcrumb"},"inLanguage":"pt-BR","potentialAction":[{"@type":"ReadAction","target":["https:\/\/www.estrategiaconcursos.com.br\/blog\/senado-federal\/"]}]},{"@type":"ImageObject","inLanguage":"pt-BR","@id":"https:\/\/www.estrategiaconcursos.com.br\/blog\/senado-federal\/#primaryimage","url":"https:\/\/dhg1h5j42swfq.cloudfront.net\/2016\/04\/14131018\/consultor-do-senado.jpg","contentUrl":"https:\/\/dhg1h5j42swfq.cloudfront.net\/2016\/04\/14131018\/consultor-do-senado.jpg","width":2662,"height":1772},{"@type":"BreadcrumbList","@id":"https:\/\/www.estrategiaconcursos.com.br\/blog\/senado-federal\/#breadcrumb","itemListElement":[{"@type":"ListItem","position":1,"name":"In\u00edcio","item":"https:\/\/www.estrategiaconcursos.com.br\/blog\/"},{"@type":"ListItem","position":2,"name":"Senado Federal se movimenta para pr\u00f3ximo concurso!"}]},{"@type":"WebSite","@id":"https:\/\/www.estrategiaconcursos.com.br\/blog\/#website","url":"https:\/\/www.estrategiaconcursos.com.br\/blog\/","name":"Estrat\u00e9gia Concursos","description":"O blog da Estrat\u00e9gia Concursos traz not\u00edcias sobre concursos e artigos de professores oferecendo cursos para concursos (pdf + videaulas) no site.","publisher":{"@id":"https:\/\/www.estrategiaconcursos.com.br\/blog\/#organization"},"potentialAction":[{"@type":"SearchAction","target":{"@type":"EntryPoint","urlTemplate":"https:\/\/www.estrategiaconcursos.com.br\/blog\/?s={search_term_string}"},"query-input":{"@type":"PropertyValueSpecification","valueRequired":true,"valueName":"search_term_string"}}],"inLanguage":"pt-BR"},{"@type":"Organization","@id":"https:\/\/www.estrategiaconcursos.com.br\/blog\/#organization","name":"Estrat\u00e9gia Concursos","url":"https:\/\/www.estrategiaconcursos.com.br\/blog\/","logo":{"@type":"ImageObject","inLanguage":"pt-BR","@id":"https:\/\/www.estrategiaconcursos.com.br\/blog\/#\/schema\/logo\/image\/","url":"https:\/\/dhg1h5j42swfq.cloudfront.net\/2025\/06\/03203428\/logo_concursos-1.jpg","contentUrl":"https:\/\/dhg1h5j42swfq.cloudfront.net\/2025\/06\/03203428\/logo_concursos-1.jpg","width":230,"height":60,"caption":"Estrat\u00e9gia Concursos"},"image":{"@id":"https:\/\/www.estrategiaconcursos.com.br\/blog\/#\/schema\/logo\/image\/"},"sameAs":["https:\/\/x.com\/EstratConcursos"]},{"@type":"Person","@id":"https:\/\/www.estrategiaconcursos.com.br\/blog\/#\/schema\/person\/cdad40b5818eb228a838461fcd656da7","name":"Coordena\u00e7\u00e3o","image":{"@type":"ImageObject","inLanguage":"pt-BR","@id":"https:\/\/secure.gravatar.com\/avatar\/a413b22da0f5009c634f6c4586a2dbe5207074fd5becd88db5183b8069ef25e4?s=96&d=mm&r=g","url":"https:\/\/secure.gravatar.com\/avatar\/a413b22da0f5009c634f6c4586a2dbe5207074fd5becd88db5183b8069ef25e4?s=96&d=mm&r=g","contentUrl":"https:\/\/secure.gravatar.com\/avatar\/a413b22da0f5009c634f6c4586a2dbe5207074fd5becd88db5183b8069ef25e4?s=96&d=mm&r=g","caption":"Coordena\u00e7\u00e3o"},"url":"https:\/\/www.estrategiaconcursos.com.br\/blog\/author\/contatoestrategiaconcursos-com-br\/"}]}},"_links":{"self":[{"href":"https:\/\/www.estrategiaconcursos.com.br\/blog\/wp-json\/wp\/v2\/posts\/47443","targetHints":{"allow":["GET"]}}],"collection":[{"href":"https:\/\/www.estrategiaconcursos.com.br\/blog\/wp-json\/wp\/v2\/posts"}],"about":[{"href":"https:\/\/www.estrategiaconcursos.com.br\/blog\/wp-json\/wp\/v2\/types\/post"}],"author":[{"embeddable":true,"href":"https:\/\/www.estrategiaconcursos.com.br\/blog\/wp-json\/wp\/v2\/users\/48"}],"replies":[{"embeddable":true,"href":"https:\/\/www.estrategiaconcursos.com.br\/blog\/wp-json\/wp\/v2\/comments?post=47443"}],"version-history":[{"count":2,"href":"https:\/\/www.estrategiaconcursos.com.br\/blog\/wp-json\/wp\/v2\/posts\/47443\/revisions"}],"predecessor-version":[{"id":1091901,"href":"https:\/\/www.estrategiaconcursos.com.br\/blog\/wp-json\/wp\/v2\/posts\/47443\/revisions\/1091901"}],"wp:featuredmedia":[{"embeddable":true,"href":"https:\/\/www.estrategiaconcursos.com.br\/blog\/wp-json\/wp\/v2\/media\/38915"}],"wp:attachment":[{"href":"https:\/\/www.estrategiaconcursos.com.br\/blog\/wp-json\/wp\/v2\/media?parent=47443"}],"wp:term":[{"taxonomy":"category","embeddable":true,"href":"https:\/\/www.estrategiaconcursos.com.br\/blog\/wp-json\/wp\/v2\/categories?post=47443"},{"taxonomy":"post_tag","embeddable":true,"href":"https:\/\/www.estrategiaconcursos.com.br\/blog\/wp-json\/wp\/v2\/tags?post=47443"},{"taxonomy":"tax_estado","embeddable":true,"href":"https:\/\/www.estrategiaconcursos.com.br\/blog\/wp-json\/wp\/v2\/tax_estado?post=47443"}],"curies":[{"name":"wp","href":"https:\/\/api.w.org\/{rel}","templated":true}]}}