{"id":474383,"date":"2025-04-18T11:00:00","date_gmt":"2025-04-18T14:00:00","guid":{"rendered":"https:\/\/www.estrategiaconcursos.com.br\/blog\/?p=474383"},"modified":"2026-01-07T09:18:50","modified_gmt":"2026-01-07T12:18:50","slug":"concurso-core-pr","status":"publish","type":"post","link":"https:\/\/www.estrategiaconcursos.com.br\/blog\/concurso-core-pr\/","title":{"rendered":"Concurso CORE PR: Quadrix \u00e9 a banca; edital iminente!"},"content":{"rendered":"\n<p>O <a href=\"https:\/\/www.estrategiaconcursos.com.br\/pesquisa\/?q=CORE+SE\" target=\"_blank\" rel=\"noreferrer noopener\">Conselho Regional dos Representantes Comerciais no Estado do Paran\u00e1<\/a> (<strong>CORE PR<\/strong>) definiu o Quadrix como a banca do seu novo edital!<\/p>\n\n\n\n<p>Segundo as informa\u00e7\u00f5es divulgadas no site da organizadora, ser\u00e3o ofertadas vagas de n\u00edvel m\u00e9dio com iniciais de <strong>R$ 2,6 mil<\/strong>, al\u00e9m de benef\u00edcios.<\/p>\n\n\n\n<p>As oportunidades ser\u00e3o para o cargo de <strong>Assistente Administrativo<\/strong> com n\u00famero de vagas ainda n\u00e3o divulgado. A expectativa \u00e9 de que o edital seja divulgados nos pr\u00f3ximos dias.<\/p>\n\n\n\n<p>Confira mais informa\u00e7\u00f5es no decorrer do artigo!<\/p>\n\n\n\n<ul id=\"block-ee678516-e9d1-48bd-b327-7b9acd55f0fd\" class=\"wp-block-list has-very-light-gray-to-cyan-bluish-gray-gradient-background has-background\">\n<li><strong>Concurso CORE PR<\/strong><\/li>\n\n\n\n<li><strong>Status:<\/strong>&nbsp;banca definida<\/li>\n\n\n\n<li><strong>Banca:<\/strong> Quadrix<\/li>\n\n\n\n<li><strong>Vagas:<\/strong> a definir<\/li>\n\n\n\n<li><strong>Sal\u00e1rio inicial:<\/strong>&nbsp;R$ 2.654,70 + benef\u00edcios<\/li>\n\n\n\n<li><a href=\"https:\/\/dhg1h5j42swfq.cloudfront.net\/2020\/01\/28094727\/1_CORE-PR_concurso_publico_2020_edital_1.pdf\" target=\"_blank\" rel=\"noreferrer noopener\">\u00daltimo edital CORE PR<\/a><\/li>\n<\/ul>\n\n\n\n<div class=\"col-sm\">\n      <div class=\"banner-estrategia\" id=\"box-assinatura\">\n        <h3 class=\"titulo-assinatura\">Cursos para CORE-PR<\/h3>\n        <p class=\"subtitulo-assinatura\">Conhe\u00e7a os cursos<\/p>\n        <div class=\"box-botao\">\n          <a class=\"btn-assinatura\" target=\"_blank\" href=\"https:\/\/www.estrategiaconcursos.com.br\/cursosPorConcurso\/conselho-regional-de-representantes-comerciais-do-parana-core-pr\/\" role=\"button\" rel=\"noopener noreferrer\">Conhe\u00e7a mais<\/a>\n        <\/div>\n      <\/div>\n      <p class=\"texto-auxiliar\">Prepare-se com o melhor material e com quem mais aprova em Concursos P\u00fablicos em todo o pa\u00eds.<\/p>\n    <\/div>\n\n\n\n<ul class=\"wp-block-list\">\n<li><strong><a href=\"#atual\">Situa\u00e7\u00e3o atual do concurso<\/a><\/strong>\n<ul class=\"wp-block-list\">\n<li><strong><a href=\"#data-core-pr\">Banca definida<\/a><\/strong><\/li>\n<\/ul>\n<\/li>\n\n\n\n<li><strong><a href=\"#carreira\">\u00daltimo concurso<\/a><\/strong>\n<ul class=\"wp-block-list\">\n<li><strong><a href=\"#cargos-core-pr\">Cargos, vagas e sal\u00e1rios<\/a><\/strong><\/li>\n\n\n\n<li><strong><a href=\"#prova-core-pr\">Etapas de provas do concurso<\/a><\/strong><\/li>\n\n\n\n<li><strong><a href=\"#objetiva\">Prova Objetiva<\/a><\/strong><\/li>\n\n\n\n<li><strong><a href=\"#t\u00edtulo\">Avalia\u00e7\u00e3o de T\u00edtulos<\/a><\/strong><\/li>\n<\/ul>\n<\/li>\n\n\n\n<li><strong><a href=\"#estrategico-core-pr\">Edital Estrat\u00e9gico <\/a><\/strong><\/li>\n\n\n\n<li><strong><a href=\"#curso\">Cursos e Assinaturas<\/a><\/strong><\/li>\n\n\n\n<li><strong><a href=\"#ficha-tecnica\">Ficha T\u00e9cnica<\/a><\/strong><\/li>\n<\/ul>\n\n\n\n<h2 class=\"wp-block-heading\" id=\"atual\">Concurso CORE PR: situa\u00e7\u00e3o atual<\/h2>\n\n\n\n<h3 class=\"wp-block-heading\" id=\"data-core-pr\">Banca definida <\/h3>\n\n\n\n<p>Foi criada a p\u00e1gina destinada ao edital do novo concurso do <strong>Conselho Regional<\/strong> <strong>&nbsp;dos Representantes Comerciais do Paran\u00e1<\/strong>. Confira os detalhes abaixo:<\/p>\n\n\n\n<ul class=\"wp-block-list\">\n<li><strong><a href=\"https:\/\/www.quadrix.org.br\/todos-os-concursos\/proximos-concursos\/corepr_2024\/informacoes\/clique-aqui.aspx\" target=\"_blank\" rel=\"noreferrer noopener\">Extrato de edital CORE PR<\/a><\/strong>.<\/li>\n<\/ul>\n\n\n\n<h2 class=\"wp-block-heading\" id=\"carreira\">Concurso CORE PR: \u00faltimo edital<\/h2>\n\n\n\n<h3 class=\"wp-block-heading\" id=\"cargos-core-pr\">Cargos\/vagas e sal\u00e1rios<\/h3>\n\n\n\n<figure class=\"wp-block-table is-style-stripes\"><table class=\"has-background has-fixed-layout\" style=\"background-color:#e9fbe5\"><tbody><tr><td class=\"has-text-align-center\" data-align=\"center\"><strong>CARGOS<\/strong><\/td><td class=\"has-text-align-center\" data-align=\"center\"><strong>VAGAS<\/strong><\/td><td class=\"has-text-align-center\" data-align=\"center\"><strong>ESCOLARIDADE<\/strong><\/td><td class=\"has-text-align-center\" data-align=\"center\"><strong>REMUNERA\u00c7\u00c3O<\/strong><\/td><\/tr><tr><td class=\"has-text-align-center\" data-align=\"center\">Assistente Administrativo J\u00fanior<\/td><td class=\"has-text-align-center\" data-align=\"center\">2 + 18 CR<\/td><td class=\"has-text-align-center\" data-align=\"center\">N\u00edvel M\u00e9dio<\/td><td class=\"has-text-align-center\" data-align=\"center\">R$ 1.383,77<\/td><\/tr><tr><td class=\"has-text-align-center\" data-align=\"center\">Fiscal J\u00fanior <\/td><td class=\"has-text-align-center\" data-align=\"center\">2 + 18 CR<\/td><td class=\"has-text-align-center\" data-align=\"center\">N\u00edvel M\u00e9dio <\/td><td class=\"has-text-align-center\" data-align=\"center\">R$ 2.900,00<\/td><\/tr><tr><td class=\"has-text-align-center\" data-align=\"center\">Analista Cont\u00e1bil J\u00fanior<\/td><td class=\"has-text-align-center\" data-align=\"center\">1 + 14 CR<\/td><td class=\"has-text-align-center\" data-align=\"center\">N\u00edvel Superior<\/td><td class=\"has-text-align-center\" data-align=\"center\"> R$ 3.200,00 <\/td><\/tr><tr><td class=\"has-text-align-center\" data-align=\"center\">Assessor Jur\u00eddico J\u00fanior<\/td><td class=\"has-text-align-center\" data-align=\"center\"> 1 + 14 CR <\/td><td class=\"has-text-align-center\" data-align=\"center\">N\u00edvel Superior<\/td><td class=\"has-text-align-center\" data-align=\"center\">R$ 3.500,00<\/td><\/tr><tr><td class=\"has-text-align-center\" data-align=\"center\">Analista T.I.<\/td><td class=\"has-text-align-center\" data-align=\"center\">10 CR<\/td><td class=\"has-text-align-center\" data-align=\"center\">N\u00edvel Superior<\/td><td class=\"has-text-align-center\" data-align=\"center\">R$ 3.200,00<\/td><\/tr><\/tbody><\/table><figcaption class=\"wp-element-caption\">Tabela de cargos, vagas e sal\u00e1rios<\/figcaption><\/figure>\n\n\n\n<h2 class=\"wp-block-heading\" id=\"prova-core-pr\">Concurso CORE PR: etapas de prova<\/h2>\n\n\n\n<h3 class=\"wp-block-heading\" id=\"objetiva\">Prova Objetiva &#8211; N\u00edvel M\u00e9dio e Superior<\/h3>\n\n\n\n<p>A prova objetiva do concurso CORE PR foi de car\u00e1ter eliminat\u00f3rio e classificat\u00f3rio. O exame foi composto de 120 itens, valer\u00e1 120,00 pontos e avaliar\u00e1 as habilidades e os conhecimentos do candidato.<\/p>\n\n\n\n<p>Confira abaixo as disciplinas que foram cobradas:<\/p>\n\n\n\n<ul class=\"wp-block-list\">\n<li>Conhecimentos b\u00e1sicos &#8211; 40 quest\u00f5es<\/li>\n\n\n\n<li>Conhecimentos complementares &#8211; 30 quest\u00f5es<\/li>\n\n\n\n<li>Conhecimentos espec\u00edficos &#8211; 50 quest\u00f5es<\/li>\n<\/ul>\n\n\n\n<h3 class=\"wp-block-heading\" id=\"t\u00edtulo\">Avalia\u00e7\u00e3o de T\u00edtulos <\/h3>\n\n\n\n<p>A avalia\u00e7\u00e3o de t\u00edtulos teve car\u00e1ter eliminat\u00f3rio. Para os candidatos inscritos nos cargos de n\u00edvel superior, foram convocados para entrega de documentos da avalia\u00e7\u00e3o de t\u00edtulos os candidatos aprovados na prova objetiva.<\/p>\n\n\n\n<h2 class=\"wp-block-heading\">Edital Estrat\u00e9gico: baixe gratuitamente<\/h2>\n\n\n\n<p>Dando um espa\u00e7o para o Edital Estrat\u00e9gico entrar em sua rotina de estudos, ser\u00e1 poss\u00edvel acompanhar seu desempenho atrav\u00e9s de gr\u00e1ficos, garantindo uma vis\u00e3o completa das mat\u00e9rias que necessitam de mais revis\u00f5es.<\/p>\n\n\n\n<p>O registro de cada tarefa ser\u00e1 feito para cada assunto exigido no conte\u00fado program\u00e1tico do edital. No caso dos Editais Estrat\u00e9gicos de concursos que n\u00e3o est\u00e3o com \u201c<em>edital na pra\u00e7a<\/em>\u201d (ou seja, com inscri\u00e7\u00f5es abertas). A divis\u00e3o dos assuntos ser\u00e1 feita com base no edital.<\/p>\n\n\n\n<p>A partir das informa\u00e7\u00f5es preenchidas pelo aluno, uma \u201caba\u201d do Edital Estrat\u00e9gico ir\u00e1 demonstrar a progress\u00e3o em cada tarefa e assunto. A edi\u00e7\u00e3o poder\u00e1 ser realizada apenas na 3\u00aa aba, relativa ao preenchimento do progresso nas disciplinas. Caso voc\u00ea queira fazer outras modifica\u00e7\u00f5es no arquivo, \u00e9 s\u00f3 usar a&nbsp;senha \u201cadmin\u201d&nbsp;na op\u00e7\u00e3o&nbsp;<em><strong>desproteger<\/strong><\/em>&nbsp;planilha do Excel.<\/p>\n\n\n\n<p class=\"has-text-align-center has-very-light-gray-background-color has-background\" style=\"font-size:clamp(15.197px, 0.95rem + ((1vw - 3.2px) * 0.765), 23px);px\"><strong><a href=\"https:\/\/drive.google.com\/file\/d\/0BwI9y3sTyv27ampXblJyZVN4QlZLU0prZkVEa2xPenVuTUpV\/view\" target=\"_blank\" rel=\"noreferrer noopener nofollow\">Assistente Administrativo Junior<\/a><\/strong><\/p>\n\n\n\n<p class=\"has-text-align-center has-very-light-gray-background-color has-background\" style=\"font-size:clamp(15.197px, 0.95rem + ((1vw - 3.2px) * 0.765), 23px);px\"><strong><a href=\"https:\/\/drive.google.com\/file\/d\/0BwI9y3sTyv27MUUzaFJuVGFPbER6Vnc2bDgzUU91Q3lvVlY0\/view\" target=\"_blank\" rel=\"noreferrer noopener nofollow\">Analista Cont\u00e1bil Junior<\/a><\/strong><\/p>\n\n\n\n<p class=\"has-text-align-center has-very-light-gray-background-color has-background\" style=\"font-size:clamp(15.197px, 0.95rem + ((1vw - 3.2px) * 0.765), 23px);px\"><strong><a href=\"https:\/\/drive.google.com\/file\/d\/0BwI9y3sTyv27MnlZQXRieTczM1Zyckw5UUF4aG91WnoxY3pJ\/view\" target=\"_blank\" rel=\"noreferrer noopener nofollow\">Fiscal Junior<\/a><\/strong><\/p>\n\n\n\n<p><strong>IMPORTANTE:&nbsp;<\/strong>Ao clicar no link acima, vai ser aberta uma janela do Google Drive que tentar\u00e1 carregar a visualiza\u00e7\u00e3o da planilha no seu navegador. N\u00e3o h\u00e1 necessidade de esperar essa visualiza\u00e7\u00e3o (talvez at\u00e9 nem carregue, j\u00e1 que os arquivos s\u00e3o pesados).<\/p>\n\n\n\n<p>Fa\u00e7a o download clicando na seta para baixo no canto superior direito da janela do Google Drive que vai ser aberta ao clicar nos links acima.<\/p>\n\n\n\n<p>Todos os arquivos foram testados em diferentes computadores e celulares e est\u00e3o ok. Talvez alguma incompatibilidade (ou mensagem de erro, como \u201carquivo inv\u00e1lido\u201d) ocorra em virtude do seu pr\u00f3prio computador ou do tamanho dos arquivos que possuem mais conte\u00fado.<\/p>\n\n\n\n<h2 class=\"wp-block-heading has-text-align-center\" id=\"h-quer-saber-tudo-sobre-concursos-previstos-confira-nossos-artigos\">Quer saber tudo sobre concursos previstos?<br \/>Confira nossos artigos!<\/h2>\n\n\n\n<ul class=\"wp-block-list\">\n<li><a href=\"https:\/\/www.estrategiaconcursos.com.br\/blog\/concursos-abertos\/\" target=\"_blank\" rel=\"noreferrer noopener\">Concursos abertos<\/a><\/li>\n\n\n\n<li><a href=\"https:\/\/www.estrategiaconcursos.com.br\/blog\/concursos-2025\/\" target=\"_blank\" rel=\"noreferrer noopener\">Concursos 2025<\/a><\/li>\n<\/ul>\n\n\n\n<h2 class=\"wp-block-heading has-text-align-center\" id=\"curso\"><strong><em>Quer estudar para Concurso CORE PR?<\/em><\/strong><\/h2>\n\n\n\n<p class=\"has-text-align-center\"><em><strong>Gostou desta oportunidade e deseja come\u00e7ar se preparar agora mesmo? Ent\u00e3o, confira os nossos cursos e comece a estudar para o concurso CORE PR:<\/strong><\/em><\/p>\n\n\n\n<div class=\"col-sm\">\n      <div class=\"banner-estrategia\" id=\"box-assinatura\">\n        <h3 class=\"titulo-assinatura\">Cursos para CORE-PR<\/h3>\n        <p class=\"subtitulo-assinatura\">Conhe\u00e7a os cursos<\/p>\n        <div class=\"box-botao\">\n          <a class=\"btn-assinatura\" target=\"_blank\" href=\"https:\/\/www.estrategiaconcursos.com.br\/cursosPorConcurso\/conselho-regional-de-representantes-comerciais-do-parana-core-pr\/\" role=\"button\" rel=\"noopener noreferrer\">Conhe\u00e7a mais<\/a>\n        <\/div>\n      <\/div>\n      <p class=\"texto-auxiliar\">Prepare-se com o melhor material e com quem mais aprova em Concursos P\u00fablicos em todo o pa\u00eds.<\/p>\n    <\/div>\n\n\n\n<div class=\"container\" id=\"boxes\">\n  <div class=\"row\">\n\n    <div class=\"col-sm\">\n      <div class=\"estrategia\" id=\"box-assinatura\">\n        <h3 class=\"titulo-assinatura\">Assinatura Concursos<\/h3>\n        <p class=\"subtitulo-assinatura\">Assinatura de 1 ano ou 2 anos<\/p>\n        <div class=\"box-botao\">\n          <a class=\"btn-assinatura\" target=\"_blank\" href=\"https:\/\/www.estrategiaconcursos.com.br\/assinaturas\/\" role=\"button\" rel=\"noopener noreferrer\">ASSINE AGORA<\/a>\n        <\/div>\n      <\/div>\n     \n    <\/div><\/div><\/div>\n\n\n\n<figure class=\"wp-block-image size-large is-resized\"><img loading=\"lazy\" decoding=\"async\" width=\"1024\" height=\"632\" src=\"https:\/\/dhg1h5j42swfq.cloudfront.net\/2021\/04\/05171352\/ficha-tecnica-33-1024x632.png\" alt=\"\" class=\"wp-image-707823\" style=\"width:140px;height:86px\" srcset=\"https:\/\/dhg1h5j42swfq.cloudfront.net\/2021\/04\/05171352\/ficha-tecnica-33-1024x632.png 1024w, https:\/\/dhg1h5j42swfq.cloudfront.net\/2021\/04\/05171352\/ficha-tecnica-33-300x185.png 300w, https:\/\/dhg1h5j42swfq.cloudfront.net\/2021\/04\/05171352\/ficha-tecnica-33-768x474.png 768w, https:\/\/dhg1h5j42swfq.cloudfront.net\/2021\/04\/05171352\/ficha-tecnica-33-1536x948.png 1536w, https:\/\/dhg1h5j42swfq.cloudfront.net\/2021\/04\/05171352\/ficha-tecnica-33-610x377.png 610w, https:\/\/dhg1h5j42swfq.cloudfront.net\/2021\/04\/05171352\/ficha-tecnica-33.png 1571w\" sizes=\"auto, (max-width: 1024px) 100vw, 1024px\" \/><\/figure>\n\n\n\n<h3 class=\"wp-block-heading\" id=\"ficha-tecnica\"><strong>Informa\u00e7\u00f5es do concurso \u00faltimo CORE PR<\/strong><\/h3>\n\n\n\n<p>\u25ba<strong>Data prevista da prova:\u00a0<\/strong><s>15\/08\/2021<\/s><br \/>\u25ba<strong>Vagas<\/strong>: 80 vagas<br \/>\u25ba<strong>Cargos:<\/strong>\u00a0diversos <br \/>\u25ba<strong>Banca:\u00a0<\/strong><a href=\"http:\/\/www.quadrix.org.br\/todos-os-concursos\/em-andamento\/corepr.aspx\" target=\"_blank\" rel=\"noreferrer noopener\">Quadrix<\/a><br \/>\u25ba<strong>Escolaridade:<\/strong>\u00a0n\u00edvel m\u00e9dio e superior<br \/>\u25ba<strong>Edital:<\/strong> <a href=\"https:\/\/dhg1h5j42swfq.cloudfront.net\/2020\/01\/28094727\/1_CORE-PR_concurso_publico_2020_edital_1.pdf\" target=\"_blank\" rel=\"noreferrer noopener nofollow\">CORE PI 2020<\/a><br \/><a href=\"https:\/\/dhg1h5j42swfq.cloudfront.net\/2021\/08\/16120238\/1_core-pr_concurso_publico_2020_gabarito_preliminar.pdf\" target=\"_blank\" rel=\"noreferrer noopener nofollow\">Gabaritos 2020<br \/><\/a><\/p>\n","protected":false},"excerpt":{"rendered":"<p>O Conselho Regional dos Representantes Comerciais no Estado do Paran\u00e1 (CORE PR) definiu o Quadrix como a banca do seu novo edital! Segundo as informa\u00e7\u00f5es divulgadas no site da organizadora, ser\u00e3o ofertadas vagas de n\u00edvel m\u00e9dio com iniciais de R$ 2,6 mil, al\u00e9m de benef\u00edcios. As oportunidades ser\u00e3o para o cargo de Assistente Administrativo com [&hellip;]<\/p>\n","protected":false},"author":1,"featured_media":839733,"comment_status":"open","ping_status":"closed","sticky":false,"template":"","format":"standard","meta":{"post_tipo":"news_page","footnotes":""},"categories":[222234],"tags":[],"tax_estado":[219981],"class_list":["post-474383","post","type-post","status-publish","format-standard","has-post-thumbnail","hentry","category-conselhos-regionais","tax_estado-pr"],"acf":[],"yoast_head":"<!-- This site is optimized with the Yoast SEO Premium plugin v27.2 (Yoast SEO v27.2) - https:\/\/yoast.com\/product\/yoast-seo-premium-wordpress\/ -->\n<title>Concurso CORE PR: Quadrix \u00e9 a banca; edital iminente!<\/title>\n<meta name=\"description\" content=\"Concurso CORE PR: nova sele\u00e7\u00e3o tem banca definida com vagas de Assistente Administrativo! Publica\u00e7\u00e3o do edital \u00e9 iminente.\" \/>\n<meta name=\"robots\" content=\"index, follow, max-snippet:-1, max-image-preview:large, max-video-preview:-1\" \/>\n<link rel=\"canonical\" href=\"https:\/\/www.estrategiaconcursos.com.br\/blog\/concurso-core-pr\/\" \/>\n<meta property=\"og:locale\" content=\"pt_BR\" \/>\n<meta property=\"og:type\" content=\"article\" \/>\n<meta property=\"og:title\" content=\"Concurso CORE PR: Quadrix \u00e9 a banca; edital iminente!\" \/>\n<meta property=\"og:description\" content=\"Concurso CORE PR: nova sele\u00e7\u00e3o tem banca definida com vagas de Assistente Administrativo! Publica\u00e7\u00e3o do edital \u00e9 iminente.\" \/>\n<meta property=\"og:url\" content=\"https:\/\/www.estrategiaconcursos.com.br\/blog\/concurso-core-pr\/\" \/>\n<meta property=\"og:site_name\" content=\"Estrat\u00e9gia Concursos\" \/>\n<meta property=\"article:author\" content=\"https:\/\/www.facebook.com\/EstrategiaConcursos\" \/>\n<meta property=\"article:published_time\" content=\"2025-04-18T14:00:00+00:00\" \/>\n<meta property=\"article:modified_time\" content=\"2026-01-07T12:18:50+00:00\" \/>\n<meta property=\"og:image\" content=\"https:\/\/dhg1h5j42swfq.cloudfront.net\/2021\/08\/18151547\/core-pr.jpeg\" \/>\n\t<meta property=\"og:image:width\" content=\"768\" \/>\n\t<meta property=\"og:image:height\" content=\"432\" \/>\n\t<meta property=\"og:image:type\" content=\"image\/jpeg\" \/>\n<meta name=\"author\" content=\"Coordena\u00e7\u00e3o\" \/>\n<meta name=\"twitter:card\" content=\"summary_large_image\" \/>\n<meta name=\"twitter:creator\" content=\"@EstratConcursos\" \/>\n<meta name=\"twitter:site\" content=\"@EstratConcursos\" \/>\n<meta name=\"twitter:label1\" content=\"Escrito por\" \/>\n\t<meta name=\"twitter:data1\" content=\"Coordena\u00e7\u00e3o\" \/>\n\t<meta name=\"twitter:label2\" content=\"Est. tempo de leitura\" \/>\n\t<meta name=\"twitter:data2\" content=\"4 minutos\" \/>\n<script type=\"application\/ld+json\" class=\"yoast-schema-graph\">{\"@context\":\"https:\/\/schema.org\",\"@graph\":[{\"@type\":\"NewsArticle\",\"@id\":\"https:\/\/www.estrategiaconcursos.com.br\/blog\/concurso-core-pr\/#article\",\"isPartOf\":{\"@id\":\"https:\/\/www.estrategiaconcursos.com.br\/blog\/concurso-core-pr\/\"},\"author\":{\"name\":\"Coordena\u00e7\u00e3o\",\"@id\":\"https:\/\/www.estrategiaconcursos.com.br\/blog\/#\/schema\/person\/b4a388c97673c5f483d72185668afa1f\"},\"headline\":\"Concurso CORE PR: Quadrix \u00e9 a banca; edital iminente!\",\"datePublished\":\"2025-04-18T14:00:00+00:00\",\"dateModified\":\"2026-01-07T12:18:50+00:00\",\"mainEntityOfPage\":{\"@id\":\"https:\/\/www.estrategiaconcursos.com.br\/blog\/concurso-core-pr\/\"},\"wordCount\":804,\"commentCount\":0,\"publisher\":{\"@id\":\"https:\/\/www.estrategiaconcursos.com.br\/blog\/#organization\"},\"image\":{\"@id\":\"https:\/\/www.estrategiaconcursos.com.br\/blog\/concurso-core-pr\/#primaryimage\"},\"thumbnailUrl\":\"https:\/\/dhg1h5j42swfq.cloudfront.net\/2021\/08\/18151547\/core-pr.jpeg\",\"articleSection\":[\"Conselhos Regionais\"],\"inLanguage\":\"pt-BR\",\"potentialAction\":[{\"@type\":\"CommentAction\",\"name\":\"Comment\",\"target\":[\"https:\/\/www.estrategiaconcursos.com.br\/blog\/concurso-core-pr\/#respond\"]}],\"copyrightYear\":\"2025\",\"copyrightHolder\":{\"@id\":\"https:\/\/www.estrategiaconcursos.com.br\/blog\/#organization\"}},{\"@type\":\"WebPage\",\"@id\":\"https:\/\/www.estrategiaconcursos.com.br\/blog\/concurso-core-pr\/\",\"url\":\"https:\/\/www.estrategiaconcursos.com.br\/blog\/concurso-core-pr\/\",\"name\":\"Concurso CORE PR: Quadrix \u00e9 a banca; edital iminente!\",\"isPartOf\":{\"@id\":\"https:\/\/www.estrategiaconcursos.com.br\/blog\/#website\"},\"primaryImageOfPage\":{\"@id\":\"https:\/\/www.estrategiaconcursos.com.br\/blog\/concurso-core-pr\/#primaryimage\"},\"image\":{\"@id\":\"https:\/\/www.estrategiaconcursos.com.br\/blog\/concurso-core-pr\/#primaryimage\"},\"thumbnailUrl\":\"https:\/\/dhg1h5j42swfq.cloudfront.net\/2021\/08\/18151547\/core-pr.jpeg\",\"datePublished\":\"2025-04-18T14:00:00+00:00\",\"dateModified\":\"2026-01-07T12:18:50+00:00\",\"description\":\"Concurso CORE PR: nova sele\u00e7\u00e3o tem banca definida com vagas de Assistente Administrativo! Publica\u00e7\u00e3o do edital \u00e9 iminente.\",\"breadcrumb\":{\"@id\":\"https:\/\/www.estrategiaconcursos.com.br\/blog\/concurso-core-pr\/#breadcrumb\"},\"inLanguage\":\"pt-BR\",\"potentialAction\":[{\"@type\":\"ReadAction\",\"target\":[\"https:\/\/www.estrategiaconcursos.com.br\/blog\/concurso-core-pr\/\"]}]},{\"@type\":\"ImageObject\",\"inLanguage\":\"pt-BR\",\"@id\":\"https:\/\/www.estrategiaconcursos.com.br\/blog\/concurso-core-pr\/#primaryimage\",\"url\":\"https:\/\/dhg1h5j42swfq.cloudfront.net\/2021\/08\/18151547\/core-pr.jpeg\",\"contentUrl\":\"https:\/\/dhg1h5j42swfq.cloudfront.net\/2021\/08\/18151547\/core-pr.jpeg\",\"width\":768,\"height\":432},{\"@type\":\"BreadcrumbList\",\"@id\":\"https:\/\/www.estrategiaconcursos.com.br\/blog\/concurso-core-pr\/#breadcrumb\",\"itemListElement\":[{\"@type\":\"ListItem\",\"position\":1,\"name\":\"In\u00edcio\",\"item\":\"https:\/\/www.estrategiaconcursos.com.br\/blog\/\"},{\"@type\":\"ListItem\",\"position\":2,\"name\":\"Concurso CORE PR: Quadrix \u00e9 a banca; edital iminente!\"}]},{\"@type\":\"WebSite\",\"@id\":\"https:\/\/www.estrategiaconcursos.com.br\/blog\/#website\",\"url\":\"https:\/\/www.estrategiaconcursos.com.br\/blog\/\",\"name\":\"Estrat\u00e9gia Concursos\",\"description\":\"O blog da Estrat\u00e9gia Concursos traz not\u00edcias sobre concursos e artigos de professores oferecendo cursos para concursos (pdf + videaulas) no site.\",\"publisher\":{\"@id\":\"https:\/\/www.estrategiaconcursos.com.br\/blog\/#organization\"},\"potentialAction\":[{\"@type\":\"SearchAction\",\"target\":{\"@type\":\"EntryPoint\",\"urlTemplate\":\"https:\/\/www.estrategiaconcursos.com.br\/blog\/?s={search_term_string}\"},\"query-input\":{\"@type\":\"PropertyValueSpecification\",\"valueRequired\":true,\"valueName\":\"search_term_string\"}}],\"inLanguage\":\"pt-BR\"},{\"@type\":\"Organization\",\"@id\":\"https:\/\/www.estrategiaconcursos.com.br\/blog\/#organization\",\"name\":\"Estrat\u00e9gia Concursos\",\"url\":\"https:\/\/www.estrategiaconcursos.com.br\/blog\/\",\"logo\":{\"@type\":\"ImageObject\",\"inLanguage\":\"pt-BR\",\"@id\":\"https:\/\/www.estrategiaconcursos.com.br\/blog\/#\/schema\/logo\/image\/\",\"url\":\"https:\/\/dhg1h5j42swfq.cloudfront.net\/2025\/06\/03203428\/logo_concursos-1.jpg\",\"contentUrl\":\"https:\/\/dhg1h5j42swfq.cloudfront.net\/2025\/06\/03203428\/logo_concursos-1.jpg\",\"width\":230,\"height\":60,\"caption\":\"Estrat\u00e9gia Concursos\"},\"image\":{\"@id\":\"https:\/\/www.estrategiaconcursos.com.br\/blog\/#\/schema\/logo\/image\/\"},\"sameAs\":[\"https:\/\/x.com\/EstratConcursos\"]},{\"@type\":\"Person\",\"@id\":\"https:\/\/www.estrategiaconcursos.com.br\/blog\/#\/schema\/person\/b4a388c97673c5f483d72185668afa1f\",\"name\":\"Coordena\u00e7\u00e3o\",\"image\":{\"@type\":\"ImageObject\",\"inLanguage\":\"pt-BR\",\"@id\":\"https:\/\/secure.gravatar.com\/avatar\/b720319e4c9a967eb58678d110f4fe35452fc5d5f97b202bac7b8acceb18c6ad?s=96&d=mm&r=g\",\"url\":\"https:\/\/secure.gravatar.com\/avatar\/b720319e4c9a967eb58678d110f4fe35452fc5d5f97b202bac7b8acceb18c6ad?s=96&d=mm&r=g\",\"contentUrl\":\"https:\/\/secure.gravatar.com\/avatar\/b720319e4c9a967eb58678d110f4fe35452fc5d5f97b202bac7b8acceb18c6ad?s=96&d=mm&r=g\",\"caption\":\"Coordena\u00e7\u00e3o\"},\"sameAs\":[\"https:\/\/www.facebook.com\/EstrategiaConcursos\",\"https:\/\/x.com\/EstratConcursos\"],\"url\":\"https:\/\/www.estrategiaconcursos.com.br\/blog\/author\/estrategia2013\/\"}]}<\/script>\n<!-- \/ Yoast SEO Premium plugin. -->","yoast_head_json":{"title":"Concurso CORE PR: Quadrix \u00e9 a banca; edital iminente!","description":"Concurso CORE PR: nova sele\u00e7\u00e3o tem banca definida com vagas de Assistente Administrativo! Publica\u00e7\u00e3o do edital \u00e9 iminente.","robots":{"index":"index","follow":"follow","max-snippet":"max-snippet:-1","max-image-preview":"max-image-preview:large","max-video-preview":"max-video-preview:-1"},"canonical":"https:\/\/www.estrategiaconcursos.com.br\/blog\/concurso-core-pr\/","og_locale":"pt_BR","og_type":"article","og_title":"Concurso CORE PR: Quadrix \u00e9 a banca; edital iminente!","og_description":"Concurso CORE PR: nova sele\u00e7\u00e3o tem banca definida com vagas de Assistente Administrativo! Publica\u00e7\u00e3o do edital \u00e9 iminente.","og_url":"https:\/\/www.estrategiaconcursos.com.br\/blog\/concurso-core-pr\/","og_site_name":"Estrat\u00e9gia Concursos","article_author":"https:\/\/www.facebook.com\/EstrategiaConcursos","article_published_time":"2025-04-18T14:00:00+00:00","article_modified_time":"2026-01-07T12:18:50+00:00","og_image":[{"width":768,"height":432,"url":"https:\/\/dhg1h5j42swfq.cloudfront.net\/2021\/08\/18151547\/core-pr.jpeg","type":"image\/jpeg"}],"author":"Coordena\u00e7\u00e3o","twitter_card":"summary_large_image","twitter_creator":"@EstratConcursos","twitter_site":"@EstratConcursos","twitter_misc":{"Escrito por":"Coordena\u00e7\u00e3o","Est. tempo de leitura":"4 minutos"},"schema":{"@context":"https:\/\/schema.org","@graph":[{"@type":"NewsArticle","@id":"https:\/\/www.estrategiaconcursos.com.br\/blog\/concurso-core-pr\/#article","isPartOf":{"@id":"https:\/\/www.estrategiaconcursos.com.br\/blog\/concurso-core-pr\/"},"author":{"name":"Coordena\u00e7\u00e3o","@id":"https:\/\/www.estrategiaconcursos.com.br\/blog\/#\/schema\/person\/b4a388c97673c5f483d72185668afa1f"},"headline":"Concurso CORE PR: Quadrix \u00e9 a banca; edital iminente!","datePublished":"2025-04-18T14:00:00+00:00","dateModified":"2026-01-07T12:18:50+00:00","mainEntityOfPage":{"@id":"https:\/\/www.estrategiaconcursos.com.br\/blog\/concurso-core-pr\/"},"wordCount":804,"commentCount":0,"publisher":{"@id":"https:\/\/www.estrategiaconcursos.com.br\/blog\/#organization"},"image":{"@id":"https:\/\/www.estrategiaconcursos.com.br\/blog\/concurso-core-pr\/#primaryimage"},"thumbnailUrl":"https:\/\/dhg1h5j42swfq.cloudfront.net\/2021\/08\/18151547\/core-pr.jpeg","articleSection":["Conselhos Regionais"],"inLanguage":"pt-BR","potentialAction":[{"@type":"CommentAction","name":"Comment","target":["https:\/\/www.estrategiaconcursos.com.br\/blog\/concurso-core-pr\/#respond"]}],"copyrightYear":"2025","copyrightHolder":{"@id":"https:\/\/www.estrategiaconcursos.com.br\/blog\/#organization"}},{"@type":"WebPage","@id":"https:\/\/www.estrategiaconcursos.com.br\/blog\/concurso-core-pr\/","url":"https:\/\/www.estrategiaconcursos.com.br\/blog\/concurso-core-pr\/","name":"Concurso CORE PR: Quadrix \u00e9 a banca; edital iminente!","isPartOf":{"@id":"https:\/\/www.estrategiaconcursos.com.br\/blog\/#website"},"primaryImageOfPage":{"@id":"https:\/\/www.estrategiaconcursos.com.br\/blog\/concurso-core-pr\/#primaryimage"},"image":{"@id":"https:\/\/www.estrategiaconcursos.com.br\/blog\/concurso-core-pr\/#primaryimage"},"thumbnailUrl":"https:\/\/dhg1h5j42swfq.cloudfront.net\/2021\/08\/18151547\/core-pr.jpeg","datePublished":"2025-04-18T14:00:00+00:00","dateModified":"2026-01-07T12:18:50+00:00","description":"Concurso CORE PR: nova sele\u00e7\u00e3o tem banca definida com vagas de Assistente Administrativo! Publica\u00e7\u00e3o do edital \u00e9 iminente.","breadcrumb":{"@id":"https:\/\/www.estrategiaconcursos.com.br\/blog\/concurso-core-pr\/#breadcrumb"},"inLanguage":"pt-BR","potentialAction":[{"@type":"ReadAction","target":["https:\/\/www.estrategiaconcursos.com.br\/blog\/concurso-core-pr\/"]}]},{"@type":"ImageObject","inLanguage":"pt-BR","@id":"https:\/\/www.estrategiaconcursos.com.br\/blog\/concurso-core-pr\/#primaryimage","url":"https:\/\/dhg1h5j42swfq.cloudfront.net\/2021\/08\/18151547\/core-pr.jpeg","contentUrl":"https:\/\/dhg1h5j42swfq.cloudfront.net\/2021\/08\/18151547\/core-pr.jpeg","width":768,"height":432},{"@type":"BreadcrumbList","@id":"https:\/\/www.estrategiaconcursos.com.br\/blog\/concurso-core-pr\/#breadcrumb","itemListElement":[{"@type":"ListItem","position":1,"name":"In\u00edcio","item":"https:\/\/www.estrategiaconcursos.com.br\/blog\/"},{"@type":"ListItem","position":2,"name":"Concurso CORE PR: Quadrix \u00e9 a banca; edital iminente!"}]},{"@type":"WebSite","@id":"https:\/\/www.estrategiaconcursos.com.br\/blog\/#website","url":"https:\/\/www.estrategiaconcursos.com.br\/blog\/","name":"Estrat\u00e9gia Concursos","description":"O blog da Estrat\u00e9gia Concursos traz not\u00edcias sobre concursos e artigos de professores oferecendo cursos para concursos (pdf + videaulas) no site.","publisher":{"@id":"https:\/\/www.estrategiaconcursos.com.br\/blog\/#organization"},"potentialAction":[{"@type":"SearchAction","target":{"@type":"EntryPoint","urlTemplate":"https:\/\/www.estrategiaconcursos.com.br\/blog\/?s={search_term_string}"},"query-input":{"@type":"PropertyValueSpecification","valueRequired":true,"valueName":"search_term_string"}}],"inLanguage":"pt-BR"},{"@type":"Organization","@id":"https:\/\/www.estrategiaconcursos.com.br\/blog\/#organization","name":"Estrat\u00e9gia Concursos","url":"https:\/\/www.estrategiaconcursos.com.br\/blog\/","logo":{"@type":"ImageObject","inLanguage":"pt-BR","@id":"https:\/\/www.estrategiaconcursos.com.br\/blog\/#\/schema\/logo\/image\/","url":"https:\/\/dhg1h5j42swfq.cloudfront.net\/2025\/06\/03203428\/logo_concursos-1.jpg","contentUrl":"https:\/\/dhg1h5j42swfq.cloudfront.net\/2025\/06\/03203428\/logo_concursos-1.jpg","width":230,"height":60,"caption":"Estrat\u00e9gia Concursos"},"image":{"@id":"https:\/\/www.estrategiaconcursos.com.br\/blog\/#\/schema\/logo\/image\/"},"sameAs":["https:\/\/x.com\/EstratConcursos"]},{"@type":"Person","@id":"https:\/\/www.estrategiaconcursos.com.br\/blog\/#\/schema\/person\/b4a388c97673c5f483d72185668afa1f","name":"Coordena\u00e7\u00e3o","image":{"@type":"ImageObject","inLanguage":"pt-BR","@id":"https:\/\/secure.gravatar.com\/avatar\/b720319e4c9a967eb58678d110f4fe35452fc5d5f97b202bac7b8acceb18c6ad?s=96&d=mm&r=g","url":"https:\/\/secure.gravatar.com\/avatar\/b720319e4c9a967eb58678d110f4fe35452fc5d5f97b202bac7b8acceb18c6ad?s=96&d=mm&r=g","contentUrl":"https:\/\/secure.gravatar.com\/avatar\/b720319e4c9a967eb58678d110f4fe35452fc5d5f97b202bac7b8acceb18c6ad?s=96&d=mm&r=g","caption":"Coordena\u00e7\u00e3o"},"sameAs":["https:\/\/www.facebook.com\/EstrategiaConcursos","https:\/\/x.com\/EstratConcursos"],"url":"https:\/\/www.estrategiaconcursos.com.br\/blog\/author\/estrategia2013\/"}]}},"_links":{"self":[{"href":"https:\/\/www.estrategiaconcursos.com.br\/blog\/wp-json\/wp\/v2\/posts\/474383","targetHints":{"allow":["GET"]}}],"collection":[{"href":"https:\/\/www.estrategiaconcursos.com.br\/blog\/wp-json\/wp\/v2\/posts"}],"about":[{"href":"https:\/\/www.estrategiaconcursos.com.br\/blog\/wp-json\/wp\/v2\/types\/post"}],"author":[{"embeddable":true,"href":"https:\/\/www.estrategiaconcursos.com.br\/blog\/wp-json\/wp\/v2\/users\/1"}],"replies":[{"embeddable":true,"href":"https:\/\/www.estrategiaconcursos.com.br\/blog\/wp-json\/wp\/v2\/comments?post=474383"}],"version-history":[{"count":54,"href":"https:\/\/www.estrategiaconcursos.com.br\/blog\/wp-json\/wp\/v2\/posts\/474383\/revisions"}],"predecessor-version":[{"id":1565553,"href":"https:\/\/www.estrategiaconcursos.com.br\/blog\/wp-json\/wp\/v2\/posts\/474383\/revisions\/1565553"}],"wp:featuredmedia":[{"embeddable":true,"href":"https:\/\/www.estrategiaconcursos.com.br\/blog\/wp-json\/wp\/v2\/media\/839733"}],"wp:attachment":[{"href":"https:\/\/www.estrategiaconcursos.com.br\/blog\/wp-json\/wp\/v2\/media?parent=474383"}],"wp:term":[{"taxonomy":"category","embeddable":true,"href":"https:\/\/www.estrategiaconcursos.com.br\/blog\/wp-json\/wp\/v2\/categories?post=474383"},{"taxonomy":"post_tag","embeddable":true,"href":"https:\/\/www.estrategiaconcursos.com.br\/blog\/wp-json\/wp\/v2\/tags?post=474383"},{"taxonomy":"tax_estado","embeddable":true,"href":"https:\/\/www.estrategiaconcursos.com.br\/blog\/wp-json\/wp\/v2\/tax_estado?post=474383"}],"curies":[{"name":"wp","href":"https:\/\/api.w.org\/{rel}","templated":true}]}}