{"id":47432,"date":"2016-08-29T14:35:37","date_gmt":"2016-08-29T17:35:37","guid":{"rendered":"https:\/\/www.estrategiaconcursos.com.br\/blog\/?p=47432"},"modified":"2016-08-29T18:08:01","modified_gmt":"2016-08-29T21:08:01","slug":"correcao-da-prova-de-direito-constitucional-iss-juiz-de-fora","status":"publish","type":"post","link":"https:\/\/www.estrategiaconcursos.com.br\/blog\/correcao-da-prova-de-direito-constitucional-iss-juiz-de-fora\/","title":{"rendered":"Corre\u00e7\u00e3o da prova de Direito Constitucional &#8211; ISS Juiz de Fora"},"content":{"rendered":"<p>Ol\u00e1, pessoal! Tudo bem?<\/p>\n<p>Nesse final de semana, tivemos a prova da <em><strong>Prefeitura de Juiz de Fora<\/strong><\/em>, organizada pela banca AOCP.<\/p>\n<p>Abaixo, comento a prova de Direito Constitucional do cargo de Auditor-Fiscal (ISS \/ Juiz de Fora). Na minha opini\u00e3o, foi uma prova tranquil\u00edssima! :)<\/p>\n<p><strong>PROVA COMENTADA \u2013 ISS Juiz de Fora<\/strong><\/p>\n<p><strong>31 \u2013 (AOCP \/ ISS Juiz de Fora \u2013 2016) De acordo com as disposi\u00e7\u00f5es insculpidas pelos dispositivos constitucionais, a soberania popular ser\u00e1 exercida pelo sufr\u00e1gio universal e pelo voto direto e secreto, com valor igual para todos. Nesse sentido e relativamente \u00e0 obrigatoriedade do alistamento eleitoral e do voto, a Constitui\u00e7\u00e3o Federal determina que o alistamento eleitoral e o voto s\u00e3o obrigat\u00f3rios para os:<\/strong><\/p>\n<p>a) maiores de dezesseis anos.<\/p>\n<p>b) maiores de dezoito anos.<\/p>\n<p>c) maiores de vinte e um anos.<\/p>\n<p>d) analfabetos.<\/p>\n<p>e) maiores de setenta anos.<\/p>\n<p><strong>Coment\u00e1rios:<\/strong><\/p>\n<p>O alistamento eleitoral e o voto s\u00e3o <strong><em>obrigat\u00f3rios<\/em><\/strong> para os <strong><em>maiores de 18 anos<\/em><\/strong> (art. 14, \u00a7\u00a01\u00ba, I). O gabarito \u00e9 a letra B.<\/p>\n<p><strong>32-<\/strong> <strong>(AOCP \/ ISS Juiz de Fora \u2013 2016) De acordo com a orienta\u00e7\u00e3o constitucional, \u00e9 correto afirmar que os Munic\u00edpios:<\/strong><\/p>\n<p>a) podem estabelecer cultos religiosos ou igrejas, exceto se for para subvencionar-lhes e participar do funcionamento, conformando uma alian\u00e7a municipal.<\/p>\n<p>b) n\u00e3o podem estabelecer cultos religiosos ou igrejas, subvencion\u00e1-los, embara\u00e7ar-lhes o funcionamento ou manter com eles ou seus representantes rela\u00e7\u00f5es de depend\u00eancia ou alian\u00e7a, ressalvada, na forma da lei, a colabora\u00e7\u00e3o de interesse p\u00fablico.<\/p>\n<p>c) devem deixar de estabelecer cultos religiosos ou igrejas, desde que organizem seu funcionamento e mantenham com eles ou seus representantes rela\u00e7\u00f5es de depend\u00eancia ou alian\u00e7a.<\/p>\n<p>d) devem promover distin\u00e7\u00f5es entre os brasileiros, deixando de criar prefer\u00eancias entre eles.<\/p>\n<p>e) necessitam recha\u00e7ar f\u00e9 aos documentos p\u00fablicos.<\/p>\n<p><strong>Coment\u00e1rios:<\/strong><\/p>\n<p>Segundo o art. 19, I, <strong><em>\u00e9 vedado aos entes federativos<\/em><\/strong> <em>\u201cestabelecer cultos religiosos ou igrejas, subvencion\u00e1-los, embara\u00e7ar-lhes o funcionamento ou manter com eles ou seus representantes rela\u00e7\u00f5es de depend\u00eancia ou alian\u00e7a, ressalvada, na forma da lei, a colabora\u00e7\u00e3o de interesse p\u00fablico\u201d<\/em>.<\/p>\n<p>O gabarito \u00e9 a letra B.<\/p>\n<p><strong>33- <\/strong><strong>(AOCP \/ ISS Juiz de Fora \u2013 2016) A Constitui\u00e7\u00e3o Federal de 1988 disp\u00f5e que a ordem econ\u00f4mica tem por fim assegurar a todos exist\u00eancia digna, conforme os ditames da justi\u00e7a social. Para tanto, \u00e9 fundada na valoriza\u00e7\u00e3o do trabalho humano e na livre iniciativa, e, dentre tantos, observa os seguintes princ\u00edpios:<\/strong><\/p>\n<p>a) soberania nacional, propriedade privada, fun\u00e7\u00e3o social da propriedade, livre concorr\u00eancia, defesa do consumidor, defesa do meio ambiente, inclusive mediante tratamento diferenciado conforme o impacto ambiental dos produtos e servi\u00e7os e de seus processos de elabora\u00e7\u00e3o e presta\u00e7\u00e3o.<\/p>\n<p>b) soberania nacional, propriedade privada, fun\u00e7\u00e3o social da propriedade, livre concorr\u00eancia, defesa do consumidor, defesa do meio ambiente, independente do tratamento diferenciado conforme o impacto ambiental dos produtos e servi\u00e7os e de seus processos de elabora\u00e7\u00e3o e presta\u00e7\u00e3o.<\/p>\n<p>c) soberania nacional, propriedade privada, fun\u00e7\u00e3o individual da propriedade, livre concorr\u00eancia, defesa do consumidor, defesa do meio ambiente, inclusive mediante tratamento diferenciado conforme o impacto ambiental dos produtos e servi\u00e7os e de seus processos de elabora\u00e7\u00e3o e presta\u00e7\u00e3o.<\/p>\n<p>d) soberania nacional, propriedade privada, fun\u00e7\u00e3o social da propriedade, livre concorr\u00eancia, opress\u00e3o ao consumidor, defesa do meio ambiente, inclusive mediante tratamento diferenciado conforme o impacto ambiental dos produtos e servi\u00e7os e de seus processos de elabora\u00e7\u00e3o e presta\u00e7\u00e3o.<\/p>\n<p>e) soberania nacional, propriedade privada, fun\u00e7\u00e3o antissocial da propriedade, livre concorr\u00eancia, defesa do consumidor, defesa do meio ambiente, inclusive mediante tratamento diferenciado conforme o impacto ambiental dos produtos e servi\u00e7os e de seus processos de elabora\u00e7\u00e3o e presta\u00e7\u00e3o.<\/p>\n<p><strong>Coment\u00e1rios:<\/strong><\/p>\n<p>Segundo o art. 170, CF\/88, <strong><em>s\u00e3o princ\u00edpios da ordem econ\u00f4mica<\/em><\/strong> os seguintes:<\/p>\n<p>&#8211; soberania nacional;<\/p>\n<p>&#8211; propriedade privada;<\/p>\n<p>&#8211; fun\u00e7\u00e3o social da propriedade;<\/p>\n<p>&#8211; livre concorr\u00eancia;<\/p>\n<p>&#8211; defesa do consumidor;<\/p>\n<p>&#8211; defesa do meio ambiente, inclusive mediante tratamento diferenciado conforme o impacto ambiental dos produtos e servi\u00e7os e de seus processos de elabora\u00e7\u00e3o e presta\u00e7\u00e3o;<\/p>\n<p>&#8211; redu\u00e7\u00e3o das desigualdades regionais e sociais;<\/p>\n<p>&#8211; busca do pleno emprego e;<\/p>\n<p>&#8211; tratamento favorecido para as empresas de pequeno porte constitu\u00eddas sob as leis brasileiras e que tenham sua sede e administra\u00e7\u00e3o no Pa\u00eds.<\/p>\n<p>O gabarito \u00e9 a letra A.<\/p>\n<p><strong>34 &#8211; <\/strong><strong>(AOCP \/ ISS Juiz de Fora \u2013 2016) A institui\u00e7\u00e3o do Estado Democr\u00e1tico visa garantir:<\/strong><\/p>\n<p>a) a liberdade, a igualdade e a limita\u00e7\u00e3o do acesso \u00e0 justi\u00e7a para conferir equidade nos controles processuais, promovendo o imediatismo na presta\u00e7\u00e3o jurisdicional.<\/p>\n<p>b) uma sociedade fraterna e solid\u00e1ria, independente de preconceitos.<\/p>\n<p>c) o bem-estar, a inseguran\u00e7a e a restri\u00e7\u00e3o da liberdade, como forma de assegurar a dignidade humana, pelo resguardo da integridade f\u00edsica dos indiv\u00edduos.<\/p>\n<p>d) o desenvolvimento paulatino da regi\u00e3o sul, para assegurar que a regi\u00e3o norte logre suplantar os problemas derivados da escassez de \u00e1gua.<\/p>\n<p>e) a liberdade, a igualdade e a justi\u00e7a.<\/p>\n<p><strong>Coment\u00e1rios<\/strong>:<\/p>\n<p>A institui\u00e7\u00e3o do Estado democr\u00e1tico visa garantir a liberdade, a igualdade e a justi\u00e7a. O gabarito \u00e9 a letra E.<\/p>\n<p>&#8230;.<\/p>\n<p>Abra\u00e7os,<\/p>\n<p>Ricardo<\/p>\n","protected":false},"excerpt":{"rendered":"<p>Ol\u00e1, pessoal! Tudo bem? Nesse final de semana, tivemos a prova da Prefeitura de Juiz de Fora, organizada pela banca AOCP. Abaixo, comento a prova de Direito Constitucional do cargo de Auditor-Fiscal (ISS \/ Juiz de Fora). Na minha opini\u00e3o, foi uma prova tranquil\u00edssima! :) PROVA COMENTADA \u2013 ISS Juiz de Fora 31 \u2013 (AOCP [&hellip;]<\/p>\n","protected":false},"author":26,"featured_media":0,"comment_status":"open","ping_status":"open","sticky":false,"template":"","format":"standard","meta":{"post_tipo":"article","footnotes":""},"categories":[1],"tags":[],"tax_estado":[],"class_list":["post-47432","post","type-post","status-publish","format-standard","hentry","category-cursos-e-concursos"],"acf":[],"yoast_head":"<!-- This site is optimized with the Yoast SEO Premium plugin v27.2 (Yoast SEO v27.2) - https:\/\/yoast.com\/product\/yoast-seo-premium-wordpress\/ -->\n<title>Corre\u00e7\u00e3o da prova de Direito Constitucional - ISS Juiz de Fora<\/title>\n<meta name=\"robots\" content=\"index, follow, max-snippet:-1, max-image-preview:large, max-video-preview:-1\" \/>\n<link rel=\"canonical\" href=\"https:\/\/www.estrategiaconcursos.com.br\/blog\/correcao-da-prova-de-direito-constitucional-iss-juiz-de-fora\/\" \/>\n<meta property=\"og:locale\" content=\"pt_BR\" \/>\n<meta property=\"og:type\" content=\"article\" \/>\n<meta property=\"og:title\" content=\"Corre\u00e7\u00e3o da prova de Direito Constitucional - ISS Juiz de Fora\" \/>\n<meta property=\"og:description\" content=\"Ol\u00e1, pessoal! Tudo bem? Nesse final de semana, tivemos a prova da Prefeitura de Juiz de Fora, organizada pela banca AOCP. Abaixo, comento a prova de Direito Constitucional do cargo de Auditor-Fiscal (ISS \/ Juiz de Fora). Na minha opini\u00e3o, foi uma prova tranquil\u00edssima! :) PROVA COMENTADA \u2013 ISS Juiz de Fora 31 \u2013 (AOCP [&hellip;]\" \/>\n<meta property=\"og:url\" content=\"https:\/\/www.estrategiaconcursos.com.br\/blog\/correcao-da-prova-de-direito-constitucional-iss-juiz-de-fora\/\" \/>\n<meta property=\"og:site_name\" content=\"Estrat\u00e9gia Concursos\" \/>\n<meta property=\"article:author\" content=\"https:\/\/www.facebook.com\/rvale01\" \/>\n<meta property=\"article:published_time\" content=\"2016-08-29T17:35:37+00:00\" \/>\n<meta property=\"article:modified_time\" content=\"2016-08-29T21:08:01+00:00\" \/>\n<meta name=\"author\" content=\"Ricardo Vale\" \/>\n<meta name=\"twitter:card\" content=\"summary_large_image\" \/>\n<meta name=\"twitter:creator\" content=\"@https:\/\/twitter.com\/EstratConcursos\" \/>\n<meta name=\"twitter:site\" content=\"@EstratConcursos\" \/>\n<meta name=\"twitter:label1\" content=\"Escrito por\" \/>\n\t<meta name=\"twitter:data1\" content=\"Ricardo Vale\" \/>\n\t<meta name=\"twitter:label2\" content=\"Est. tempo de leitura\" \/>\n\t<meta name=\"twitter:data2\" content=\"4 minutos\" \/>\n<script type=\"application\/ld+json\" class=\"yoast-schema-graph\">{\"@context\":\"https:\/\/schema.org\",\"@graph\":[{\"@type\":\"NewsArticle\",\"@id\":\"https:\/\/www.estrategiaconcursos.com.br\/blog\/correcao-da-prova-de-direito-constitucional-iss-juiz-de-fora\/#article\",\"isPartOf\":{\"@id\":\"https:\/\/www.estrategiaconcursos.com.br\/blog\/correcao-da-prova-de-direito-constitucional-iss-juiz-de-fora\/\"},\"author\":{\"name\":\"Ricardo Vale\",\"@id\":\"https:\/\/www.estrategiaconcursos.com.br\/blog\/#\/schema\/person\/c32e47dba2159cafe7796a9569a6ff7e\"},\"headline\":\"Corre\u00e7\u00e3o da prova de Direito Constitucional &#8211; ISS Juiz de Fora\",\"datePublished\":\"2016-08-29T17:35:37+00:00\",\"dateModified\":\"2016-08-29T21:08:01+00:00\",\"mainEntityOfPage\":{\"@id\":\"https:\/\/www.estrategiaconcursos.com.br\/blog\/correcao-da-prova-de-direito-constitucional-iss-juiz-de-fora\/\"},\"wordCount\":882,\"commentCount\":3,\"publisher\":{\"@id\":\"https:\/\/www.estrategiaconcursos.com.br\/blog\/#organization\"},\"articleSection\":[\"Concursos P\u00fablicos\"],\"inLanguage\":\"pt-BR\",\"potentialAction\":[{\"@type\":\"CommentAction\",\"name\":\"Comment\",\"target\":[\"https:\/\/www.estrategiaconcursos.com.br\/blog\/correcao-da-prova-de-direito-constitucional-iss-juiz-de-fora\/#respond\"]}],\"copyrightYear\":\"2016\",\"copyrightHolder\":{\"@id\":\"https:\/\/www.estrategiaconcursos.com.br\/blog\/#organization\"}},{\"@type\":\"WebPage\",\"@id\":\"https:\/\/www.estrategiaconcursos.com.br\/blog\/correcao-da-prova-de-direito-constitucional-iss-juiz-de-fora\/\",\"url\":\"https:\/\/www.estrategiaconcursos.com.br\/blog\/correcao-da-prova-de-direito-constitucional-iss-juiz-de-fora\/\",\"name\":\"Corre\u00e7\u00e3o da prova de Direito Constitucional - ISS Juiz de Fora\",\"isPartOf\":{\"@id\":\"https:\/\/www.estrategiaconcursos.com.br\/blog\/#website\"},\"datePublished\":\"2016-08-29T17:35:37+00:00\",\"dateModified\":\"2016-08-29T21:08:01+00:00\",\"breadcrumb\":{\"@id\":\"https:\/\/www.estrategiaconcursos.com.br\/blog\/correcao-da-prova-de-direito-constitucional-iss-juiz-de-fora\/#breadcrumb\"},\"inLanguage\":\"pt-BR\",\"potentialAction\":[{\"@type\":\"ReadAction\",\"target\":[\"https:\/\/www.estrategiaconcursos.com.br\/blog\/correcao-da-prova-de-direito-constitucional-iss-juiz-de-fora\/\"]}]},{\"@type\":\"BreadcrumbList\",\"@id\":\"https:\/\/www.estrategiaconcursos.com.br\/blog\/correcao-da-prova-de-direito-constitucional-iss-juiz-de-fora\/#breadcrumb\",\"itemListElement\":[{\"@type\":\"ListItem\",\"position\":1,\"name\":\"In\u00edcio\",\"item\":\"https:\/\/www.estrategiaconcursos.com.br\/blog\/\"},{\"@type\":\"ListItem\",\"position\":2,\"name\":\"Corre\u00e7\u00e3o da prova de Direito Constitucional &#8211; ISS Juiz de Fora\"}]},{\"@type\":\"WebSite\",\"@id\":\"https:\/\/www.estrategiaconcursos.com.br\/blog\/#website\",\"url\":\"https:\/\/www.estrategiaconcursos.com.br\/blog\/\",\"name\":\"Estrat\u00e9gia Concursos\",\"description\":\"O blog da Estrat\u00e9gia Concursos traz not\u00edcias sobre concursos e artigos de professores oferecendo cursos para concursos (pdf + videaulas) no site.\",\"publisher\":{\"@id\":\"https:\/\/www.estrategiaconcursos.com.br\/blog\/#organization\"},\"potentialAction\":[{\"@type\":\"SearchAction\",\"target\":{\"@type\":\"EntryPoint\",\"urlTemplate\":\"https:\/\/www.estrategiaconcursos.com.br\/blog\/?s={search_term_string}\"},\"query-input\":{\"@type\":\"PropertyValueSpecification\",\"valueRequired\":true,\"valueName\":\"search_term_string\"}}],\"inLanguage\":\"pt-BR\"},{\"@type\":\"Organization\",\"@id\":\"https:\/\/www.estrategiaconcursos.com.br\/blog\/#organization\",\"name\":\"Estrat\u00e9gia Concursos\",\"url\":\"https:\/\/www.estrategiaconcursos.com.br\/blog\/\",\"logo\":{\"@type\":\"ImageObject\",\"inLanguage\":\"pt-BR\",\"@id\":\"https:\/\/www.estrategiaconcursos.com.br\/blog\/#\/schema\/logo\/image\/\",\"url\":\"https:\/\/dhg1h5j42swfq.cloudfront.net\/2025\/06\/03203428\/logo_concursos-1.jpg\",\"contentUrl\":\"https:\/\/dhg1h5j42swfq.cloudfront.net\/2025\/06\/03203428\/logo_concursos-1.jpg\",\"width\":230,\"height\":60,\"caption\":\"Estrat\u00e9gia Concursos\"},\"image\":{\"@id\":\"https:\/\/www.estrategiaconcursos.com.br\/blog\/#\/schema\/logo\/image\/\"},\"sameAs\":[\"https:\/\/x.com\/EstratConcursos\"]},{\"@type\":\"Person\",\"@id\":\"https:\/\/www.estrategiaconcursos.com.br\/blog\/#\/schema\/person\/c32e47dba2159cafe7796a9569a6ff7e\",\"name\":\"Ricardo Vale\",\"image\":{\"@type\":\"ImageObject\",\"inLanguage\":\"pt-BR\",\"@id\":\"https:\/\/secure.gravatar.com\/avatar\/e5a5658c798bb49dd53314263f59f38c192d73370fb65839a372c2ae9027be74?s=96&d=mm&r=g\",\"url\":\"https:\/\/secure.gravatar.com\/avatar\/e5a5658c798bb49dd53314263f59f38c192d73370fb65839a372c2ae9027be74?s=96&d=mm&r=g\",\"contentUrl\":\"https:\/\/secure.gravatar.com\/avatar\/e5a5658c798bb49dd53314263f59f38c192d73370fb65839a372c2ae9027be74?s=96&d=mm&r=g\",\"caption\":\"Ricardo Vale\"},\"sameAs\":[\"https:\/\/www.facebook.com\/rvale01\",\"https:\/\/x.com\/https:\/\/twitter.com\/EstratConcursos\"],\"url\":\"https:\/\/www.estrategiaconcursos.com.br\/blog\/author\/ricardovaleestrategiaconcursos-com-br\/\"}]}<\/script>\n<!-- \/ Yoast SEO Premium plugin. -->","yoast_head_json":{"title":"Corre\u00e7\u00e3o da prova de Direito Constitucional - ISS Juiz de Fora","robots":{"index":"index","follow":"follow","max-snippet":"max-snippet:-1","max-image-preview":"max-image-preview:large","max-video-preview":"max-video-preview:-1"},"canonical":"https:\/\/www.estrategiaconcursos.com.br\/blog\/correcao-da-prova-de-direito-constitucional-iss-juiz-de-fora\/","og_locale":"pt_BR","og_type":"article","og_title":"Corre\u00e7\u00e3o da prova de Direito Constitucional - ISS Juiz de Fora","og_description":"Ol\u00e1, pessoal! Tudo bem? Nesse final de semana, tivemos a prova da Prefeitura de Juiz de Fora, organizada pela banca AOCP. Abaixo, comento a prova de Direito Constitucional do cargo de Auditor-Fiscal (ISS \/ Juiz de Fora). Na minha opini\u00e3o, foi uma prova tranquil\u00edssima! :) PROVA COMENTADA \u2013 ISS Juiz de Fora 31 \u2013 (AOCP [&hellip;]","og_url":"https:\/\/www.estrategiaconcursos.com.br\/blog\/correcao-da-prova-de-direito-constitucional-iss-juiz-de-fora\/","og_site_name":"Estrat\u00e9gia Concursos","article_author":"https:\/\/www.facebook.com\/rvale01","article_published_time":"2016-08-29T17:35:37+00:00","article_modified_time":"2016-08-29T21:08:01+00:00","author":"Ricardo Vale","twitter_card":"summary_large_image","twitter_creator":"@https:\/\/twitter.com\/EstratConcursos","twitter_site":"@EstratConcursos","twitter_misc":{"Escrito por":"Ricardo Vale","Est. tempo de leitura":"4 minutos"},"schema":{"@context":"https:\/\/schema.org","@graph":[{"@type":"NewsArticle","@id":"https:\/\/www.estrategiaconcursos.com.br\/blog\/correcao-da-prova-de-direito-constitucional-iss-juiz-de-fora\/#article","isPartOf":{"@id":"https:\/\/www.estrategiaconcursos.com.br\/blog\/correcao-da-prova-de-direito-constitucional-iss-juiz-de-fora\/"},"author":{"name":"Ricardo Vale","@id":"https:\/\/www.estrategiaconcursos.com.br\/blog\/#\/schema\/person\/c32e47dba2159cafe7796a9569a6ff7e"},"headline":"Corre\u00e7\u00e3o da prova de Direito Constitucional &#8211; ISS Juiz de Fora","datePublished":"2016-08-29T17:35:37+00:00","dateModified":"2016-08-29T21:08:01+00:00","mainEntityOfPage":{"@id":"https:\/\/www.estrategiaconcursos.com.br\/blog\/correcao-da-prova-de-direito-constitucional-iss-juiz-de-fora\/"},"wordCount":882,"commentCount":3,"publisher":{"@id":"https:\/\/www.estrategiaconcursos.com.br\/blog\/#organization"},"articleSection":["Concursos P\u00fablicos"],"inLanguage":"pt-BR","potentialAction":[{"@type":"CommentAction","name":"Comment","target":["https:\/\/www.estrategiaconcursos.com.br\/blog\/correcao-da-prova-de-direito-constitucional-iss-juiz-de-fora\/#respond"]}],"copyrightYear":"2016","copyrightHolder":{"@id":"https:\/\/www.estrategiaconcursos.com.br\/blog\/#organization"}},{"@type":"WebPage","@id":"https:\/\/www.estrategiaconcursos.com.br\/blog\/correcao-da-prova-de-direito-constitucional-iss-juiz-de-fora\/","url":"https:\/\/www.estrategiaconcursos.com.br\/blog\/correcao-da-prova-de-direito-constitucional-iss-juiz-de-fora\/","name":"Corre\u00e7\u00e3o da prova de Direito Constitucional - ISS Juiz de Fora","isPartOf":{"@id":"https:\/\/www.estrategiaconcursos.com.br\/blog\/#website"},"datePublished":"2016-08-29T17:35:37+00:00","dateModified":"2016-08-29T21:08:01+00:00","breadcrumb":{"@id":"https:\/\/www.estrategiaconcursos.com.br\/blog\/correcao-da-prova-de-direito-constitucional-iss-juiz-de-fora\/#breadcrumb"},"inLanguage":"pt-BR","potentialAction":[{"@type":"ReadAction","target":["https:\/\/www.estrategiaconcursos.com.br\/blog\/correcao-da-prova-de-direito-constitucional-iss-juiz-de-fora\/"]}]},{"@type":"BreadcrumbList","@id":"https:\/\/www.estrategiaconcursos.com.br\/blog\/correcao-da-prova-de-direito-constitucional-iss-juiz-de-fora\/#breadcrumb","itemListElement":[{"@type":"ListItem","position":1,"name":"In\u00edcio","item":"https:\/\/www.estrategiaconcursos.com.br\/blog\/"},{"@type":"ListItem","position":2,"name":"Corre\u00e7\u00e3o da prova de Direito Constitucional &#8211; ISS Juiz de Fora"}]},{"@type":"WebSite","@id":"https:\/\/www.estrategiaconcursos.com.br\/blog\/#website","url":"https:\/\/www.estrategiaconcursos.com.br\/blog\/","name":"Estrat\u00e9gia Concursos","description":"O blog da Estrat\u00e9gia Concursos traz not\u00edcias sobre concursos e artigos de professores oferecendo cursos para concursos (pdf + videaulas) no site.","publisher":{"@id":"https:\/\/www.estrategiaconcursos.com.br\/blog\/#organization"},"potentialAction":[{"@type":"SearchAction","target":{"@type":"EntryPoint","urlTemplate":"https:\/\/www.estrategiaconcursos.com.br\/blog\/?s={search_term_string}"},"query-input":{"@type":"PropertyValueSpecification","valueRequired":true,"valueName":"search_term_string"}}],"inLanguage":"pt-BR"},{"@type":"Organization","@id":"https:\/\/www.estrategiaconcursos.com.br\/blog\/#organization","name":"Estrat\u00e9gia Concursos","url":"https:\/\/www.estrategiaconcursos.com.br\/blog\/","logo":{"@type":"ImageObject","inLanguage":"pt-BR","@id":"https:\/\/www.estrategiaconcursos.com.br\/blog\/#\/schema\/logo\/image\/","url":"https:\/\/dhg1h5j42swfq.cloudfront.net\/2025\/06\/03203428\/logo_concursos-1.jpg","contentUrl":"https:\/\/dhg1h5j42swfq.cloudfront.net\/2025\/06\/03203428\/logo_concursos-1.jpg","width":230,"height":60,"caption":"Estrat\u00e9gia Concursos"},"image":{"@id":"https:\/\/www.estrategiaconcursos.com.br\/blog\/#\/schema\/logo\/image\/"},"sameAs":["https:\/\/x.com\/EstratConcursos"]},{"@type":"Person","@id":"https:\/\/www.estrategiaconcursos.com.br\/blog\/#\/schema\/person\/c32e47dba2159cafe7796a9569a6ff7e","name":"Ricardo Vale","image":{"@type":"ImageObject","inLanguage":"pt-BR","@id":"https:\/\/secure.gravatar.com\/avatar\/e5a5658c798bb49dd53314263f59f38c192d73370fb65839a372c2ae9027be74?s=96&d=mm&r=g","url":"https:\/\/secure.gravatar.com\/avatar\/e5a5658c798bb49dd53314263f59f38c192d73370fb65839a372c2ae9027be74?s=96&d=mm&r=g","contentUrl":"https:\/\/secure.gravatar.com\/avatar\/e5a5658c798bb49dd53314263f59f38c192d73370fb65839a372c2ae9027be74?s=96&d=mm&r=g","caption":"Ricardo Vale"},"sameAs":["https:\/\/www.facebook.com\/rvale01","https:\/\/x.com\/https:\/\/twitter.com\/EstratConcursos"],"url":"https:\/\/www.estrategiaconcursos.com.br\/blog\/author\/ricardovaleestrategiaconcursos-com-br\/"}]}},"_links":{"self":[{"href":"https:\/\/www.estrategiaconcursos.com.br\/blog\/wp-json\/wp\/v2\/posts\/47432","targetHints":{"allow":["GET"]}}],"collection":[{"href":"https:\/\/www.estrategiaconcursos.com.br\/blog\/wp-json\/wp\/v2\/posts"}],"about":[{"href":"https:\/\/www.estrategiaconcursos.com.br\/blog\/wp-json\/wp\/v2\/types\/post"}],"author":[{"embeddable":true,"href":"https:\/\/www.estrategiaconcursos.com.br\/blog\/wp-json\/wp\/v2\/users\/26"}],"replies":[{"embeddable":true,"href":"https:\/\/www.estrategiaconcursos.com.br\/blog\/wp-json\/wp\/v2\/comments?post=47432"}],"version-history":[{"count":1,"href":"https:\/\/www.estrategiaconcursos.com.br\/blog\/wp-json\/wp\/v2\/posts\/47432\/revisions"}],"predecessor-version":[{"id":47435,"href":"https:\/\/www.estrategiaconcursos.com.br\/blog\/wp-json\/wp\/v2\/posts\/47432\/revisions\/47435"}],"wp:attachment":[{"href":"https:\/\/www.estrategiaconcursos.com.br\/blog\/wp-json\/wp\/v2\/media?parent=47432"}],"wp:term":[{"taxonomy":"category","embeddable":true,"href":"https:\/\/www.estrategiaconcursos.com.br\/blog\/wp-json\/wp\/v2\/categories?post=47432"},{"taxonomy":"post_tag","embeddable":true,"href":"https:\/\/www.estrategiaconcursos.com.br\/blog\/wp-json\/wp\/v2\/tags?post=47432"},{"taxonomy":"tax_estado","embeddable":true,"href":"https:\/\/www.estrategiaconcursos.com.br\/blog\/wp-json\/wp\/v2\/tax_estado?post=47432"}],"curies":[{"name":"wp","href":"https:\/\/api.w.org\/{rel}","templated":true}]}}