{"id":474150,"date":"2020-01-27T09:20:55","date_gmt":"2020-01-27T12:20:55","guid":{"rendered":"https:\/\/www.estrategiaconcursos.com.br\/blog\/?p=474150"},"modified":"2023-06-20T10:34:04","modified_gmt":"2023-06-20T13:34:04","slug":"concurso-procon-df-prorrogacao","status":"publish","type":"post","link":"https:\/\/www.estrategiaconcursos.com.br\/blog\/concurso-procon-df-prorrogacao\/","title":{"rendered":"Prazo de estudos para realiza\u00e7\u00e3o do concurso Procon DF \u00e9 prorrogado!"},"content":{"rendered":"\n<p>Foi publicada no Di\u00e1rio Oficial do Distrito Federal desta segunda-feira, 27 de janeiro, a portaria de n\u00b004 que prorroga o prazo de estudos para realiza\u00e7\u00e3o do pr\u00f3ximo concurso p\u00fablico do Instituto de Defesa do Consumidor do Distrito Federal \u2013 Procon.<\/p>\n\n\n\n<p>O documento divulgado estabelece o prazo de 30 dias para conclus\u00e3o dos trabalhos da referida comiss\u00e3o que foi institu\u00edda em setembro de 2019. Vale ressaltar que essa \u00e9 a quarta vez em que o prazo \u00e9 prorrogado. <\/p>\n\n\n\n<p>Sendo assim, a comiss\u00e3o ter\u00e1 uma nova data para concluir o processo, sendo at\u00e9 o dia <strong>26 de fevereiro de 2020<\/strong>. A principal fun\u00e7\u00e3o do grupo de trabalho \u00e9 elaborar estudos t\u00e9cnicos para realiza\u00e7\u00e3o do concurso, visando o provimento de cargos efetivos do \u00f3rg\u00e3o.<\/p>\n\n\n\n<p>A equipe de jornalismo do Estrat\u00e9gia Concursos segue em contato com o \u00f3rg\u00e3o para obter maiores informa\u00e7\u00f5es a respeito do quantitativo de vagas e cargos que ser\u00e3o ofertados no certame. <\/p>\n\n\n\n<p>O \u00faltimo edital do concurso Procon DF foi publicado em 2011, quando foram ofertadas 200 vagas para cargos de n\u00edvel m\u00e9dio e superior. A organiza\u00e7\u00e3o do certame ficou por conta do Instituto Americano de Desenvolvimento, o IADES.<\/p>\n\n\n\n<p>Abaixo voc\u00ea confere a portaria de n\u00b004 que prorroga o prazo de estudos da comiss\u00e3o organizadora: <\/p>\n\n\n\n<figure class=\"wp-block-image aligncenter size-large\"><img loading=\"lazy\" decoding=\"async\" width=\"705\" height=\"347\" src=\"https:\/\/dhg1h5j42swfq.cloudfront.net\/2020\/01\/27090655\/diretor.png\" alt=\"\" class=\"wp-image-474155\" srcset=\"https:\/\/dhg1h5j42swfq.cloudfront.net\/2020\/01\/27090655\/diretor.png 705w, https:\/\/dhg1h5j42swfq.cloudfront.net\/2020\/01\/27090655\/diretor-300x148.png 300w, https:\/\/dhg1h5j42swfq.cloudfront.net\/2020\/01\/27090655\/diretor-610x300.png 610w\" sizes=\"auto, (max-width: 705px) 100vw, 705px\" \/><\/figure>\n\n\n\n<p>Fique por dentro de tudo que acontece no concurso Procon DF acessando o link abaixo!!<\/p>\n\n\n\n<p class=\"has-text-align-center has-very-light-gray-background-color has-background\" style=\"font-size:clamp(14.642px, 0.915rem + ((1vw - 3.2px) * 0.721), 22px);px\"><strong>Saiba mais: <a rel=\"noreferrer noopener\" aria-label=\"Saiba mais: Procon DF (abre numa nova aba)\" href=\"https:\/\/www.estrategiaconcursos.com.br\/blog\/concurso-procon-df\/\" target=\"_blank\">Concurso Procon DF<\/a><\/strong><\/p>\n\n\n\n<h2 class=\"wp-block-heading has-text-align-center\" id=\"cursos-assinatura\"><strong><em>Quer estudar para o Concurso Procon DF?<\/em><\/strong><\/h2>\n\n\n\n<p class=\"has-text-align-center\"><em>Gostou desta oportunidade e deseja come\u00e7ar se preparar agora mesmo? Ent\u00e3o, confira os nossos cursos e comece a estudar para PROCON DF:<\/em><\/p>\n\n\n\n<p class=\"has-text-align-center has-luminous-vivid-amber-background-color has-background\"><strong><a rel=\"noreferrer noopener\" href=\"https:\/\/www.estrategiaconcursos.com.br\/cursosPorConcurso\/instituto-de-defesa-do-consumidor-do-distrito-federal-procon-df\/\" target=\"_blank\">CURSO PROCON DF<\/a><\/strong><\/p>\n\n\n\n<p class=\"has-text-align-center has-pale-cyan-blue-background-color has-background\"><strong><a href=\"https:\/\/www.estrategiaconcursos.com.br\/blog\/concursos-abertos\/\" target=\"_blank\" rel=\"noreferrer noopener\">CONCURSOS ABERTOS<\/a><\/strong><\/p>\n","protected":false},"excerpt":{"rendered":"<p>Foi publicada no Di\u00e1rio Oficial do Distrito Federal desta segunda-feira, 27 de janeiro, a portaria de n\u00b004 que prorroga o prazo de estudos para realiza\u00e7\u00e3o do pr\u00f3ximo concurso p\u00fablico do Instituto de Defesa do Consumidor do Distrito Federal \u2013 Procon. O documento divulgado estabelece o prazo de 30 dias para conclus\u00e3o dos trabalhos da referida [&hellip;]<\/p>\n","protected":false},"author":463,"featured_media":380612,"comment_status":"open","ping_status":"closed","sticky":false,"template":"","format":"standard","meta":{"post_tipo":"article","footnotes":""},"categories":[1],"tags":[],"tax_estado":[],"class_list":["post-474150","post","type-post","status-publish","format-standard","has-post-thumbnail","hentry","category-cursos-e-concursos"],"acf":[],"yoast_head":"<!-- This site is optimized with the Yoast SEO Premium plugin v27.2 (Yoast SEO v27.2) - https:\/\/yoast.com\/product\/yoast-seo-premium-wordpress\/ -->\n<title>Prazo de estudos para realiza\u00e7\u00e3o do concurso Procon DF \u00e9 prorrogado!<\/title>\n<meta name=\"description\" content=\"Prazo de estudos para realiza\u00e7\u00e3o do pr\u00f3ximo concurso do Instituto de Defesa do Consumidor do Distrito Federal \u2013 Procon \u00e9 prorrogado. Saiba mais!\" \/>\n<meta name=\"robots\" content=\"index, follow, max-snippet:-1, max-image-preview:large, max-video-preview:-1\" \/>\n<link rel=\"canonical\" href=\"https:\/\/www.estrategiaconcursos.com.br\/blog\/concurso-procon-df-prorrogacao\/\" \/>\n<meta property=\"og:locale\" content=\"pt_BR\" \/>\n<meta property=\"og:type\" content=\"article\" \/>\n<meta property=\"og:title\" content=\"Prazo de estudos para realiza\u00e7\u00e3o do concurso Procon DF \u00e9 prorrogado!\" \/>\n<meta property=\"og:description\" content=\"Prazo de estudos para realiza\u00e7\u00e3o do pr\u00f3ximo concurso do Instituto de Defesa do Consumidor do Distrito Federal \u2013 Procon \u00e9 prorrogado. Saiba mais!\" \/>\n<meta property=\"og:url\" content=\"https:\/\/www.estrategiaconcursos.com.br\/blog\/concurso-procon-df-prorrogacao\/\" \/>\n<meta property=\"og:site_name\" content=\"Estrat\u00e9gia Concursos\" \/>\n<meta property=\"article:published_time\" content=\"2020-01-27T12:20:55+00:00\" \/>\n<meta property=\"article:modified_time\" content=\"2023-06-20T13:34:04+00:00\" \/>\n<meta property=\"og:image\" content=\"https:\/\/dhg1h5j42swfq.cloudfront.net\/2019\/05\/30114409\/PROCON-DF-e1559227456337.jpg\" \/>\n\t<meta property=\"og:image:width\" content=\"400\" \/>\n\t<meta property=\"og:image:height\" content=\"209\" \/>\n\t<meta property=\"og:image:type\" content=\"image\/jpeg\" \/>\n<meta name=\"author\" content=\"Wagner Damazio\" \/>\n<meta name=\"twitter:card\" content=\"summary_large_image\" \/>\n<meta name=\"twitter:creator\" content=\"@EstratConcursos\" \/>\n<meta name=\"twitter:site\" content=\"@EstratConcursos\" \/>\n<meta name=\"twitter:label1\" content=\"Escrito por\" \/>\n\t<meta name=\"twitter:data1\" content=\"Wagner Damazio\" \/>\n\t<meta name=\"twitter:label2\" content=\"Est. tempo de leitura\" \/>\n\t<meta name=\"twitter:data2\" content=\"1 minuto\" \/>\n<script type=\"application\/ld+json\" class=\"yoast-schema-graph\">{\"@context\":\"https:\/\/schema.org\",\"@graph\":[{\"@type\":\"NewsArticle\",\"@id\":\"https:\/\/www.estrategiaconcursos.com.br\/blog\/concurso-procon-df-prorrogacao\/#article\",\"isPartOf\":{\"@id\":\"https:\/\/www.estrategiaconcursos.com.br\/blog\/concurso-procon-df-prorrogacao\/\"},\"author\":{\"name\":\"Wagner Damazio\",\"@id\":\"https:\/\/www.estrategiaconcursos.com.br\/blog\/#\/schema\/person\/f5b81e04c4522e78c0d896ba290e4cb0\"},\"headline\":\"Prazo de estudos para realiza\u00e7\u00e3o do concurso Procon DF \u00e9 prorrogado!\",\"datePublished\":\"2020-01-27T12:20:55+00:00\",\"dateModified\":\"2023-06-20T13:34:04+00:00\",\"mainEntityOfPage\":{\"@id\":\"https:\/\/www.estrategiaconcursos.com.br\/blog\/concurso-procon-df-prorrogacao\/\"},\"wordCount\":280,\"commentCount\":0,\"publisher\":{\"@id\":\"https:\/\/www.estrategiaconcursos.com.br\/blog\/#organization\"},\"image\":{\"@id\":\"https:\/\/www.estrategiaconcursos.com.br\/blog\/concurso-procon-df-prorrogacao\/#primaryimage\"},\"thumbnailUrl\":\"https:\/\/dhg1h5j42swfq.cloudfront.net\/2019\/05\/30114409\/PROCON-DF-e1559227456337.jpg\",\"articleSection\":[\"Concursos P\u00fablicos\"],\"inLanguage\":\"pt-BR\",\"potentialAction\":[{\"@type\":\"CommentAction\",\"name\":\"Comment\",\"target\":[\"https:\/\/www.estrategiaconcursos.com.br\/blog\/concurso-procon-df-prorrogacao\/#respond\"]}],\"copyrightYear\":\"2020\",\"copyrightHolder\":{\"@id\":\"https:\/\/www.estrategiaconcursos.com.br\/blog\/#organization\"}},{\"@type\":\"WebPage\",\"@id\":\"https:\/\/www.estrategiaconcursos.com.br\/blog\/concurso-procon-df-prorrogacao\/\",\"url\":\"https:\/\/www.estrategiaconcursos.com.br\/blog\/concurso-procon-df-prorrogacao\/\",\"name\":\"Prazo de estudos para realiza\u00e7\u00e3o do concurso Procon DF \u00e9 prorrogado!\",\"isPartOf\":{\"@id\":\"https:\/\/www.estrategiaconcursos.com.br\/blog\/#website\"},\"primaryImageOfPage\":{\"@id\":\"https:\/\/www.estrategiaconcursos.com.br\/blog\/concurso-procon-df-prorrogacao\/#primaryimage\"},\"image\":{\"@id\":\"https:\/\/www.estrategiaconcursos.com.br\/blog\/concurso-procon-df-prorrogacao\/#primaryimage\"},\"thumbnailUrl\":\"https:\/\/dhg1h5j42swfq.cloudfront.net\/2019\/05\/30114409\/PROCON-DF-e1559227456337.jpg\",\"datePublished\":\"2020-01-27T12:20:55+00:00\",\"dateModified\":\"2023-06-20T13:34:04+00:00\",\"description\":\"Prazo de estudos para realiza\u00e7\u00e3o do pr\u00f3ximo concurso do Instituto de Defesa do Consumidor do Distrito Federal \u2013 Procon \u00e9 prorrogado. Saiba mais!\",\"breadcrumb\":{\"@id\":\"https:\/\/www.estrategiaconcursos.com.br\/blog\/concurso-procon-df-prorrogacao\/#breadcrumb\"},\"inLanguage\":\"pt-BR\",\"potentialAction\":[{\"@type\":\"ReadAction\",\"target\":[\"https:\/\/www.estrategiaconcursos.com.br\/blog\/concurso-procon-df-prorrogacao\/\"]}]},{\"@type\":\"ImageObject\",\"inLanguage\":\"pt-BR\",\"@id\":\"https:\/\/www.estrategiaconcursos.com.br\/blog\/concurso-procon-df-prorrogacao\/#primaryimage\",\"url\":\"https:\/\/dhg1h5j42swfq.cloudfront.net\/2019\/05\/30114409\/PROCON-DF-e1559227456337.jpg\",\"contentUrl\":\"https:\/\/dhg1h5j42swfq.cloudfront.net\/2019\/05\/30114409\/PROCON-DF-e1559227456337.jpg\",\"width\":400,\"height\":209,\"caption\":\"Concurso Procon DF 2021\"},{\"@type\":\"BreadcrumbList\",\"@id\":\"https:\/\/www.estrategiaconcursos.com.br\/blog\/concurso-procon-df-prorrogacao\/#breadcrumb\",\"itemListElement\":[{\"@type\":\"ListItem\",\"position\":1,\"name\":\"In\u00edcio\",\"item\":\"https:\/\/www.estrategiaconcursos.com.br\/blog\/\"},{\"@type\":\"ListItem\",\"position\":2,\"name\":\"Prazo de estudos para realiza\u00e7\u00e3o do concurso Procon DF \u00e9 prorrogado!\"}]},{\"@type\":\"WebSite\",\"@id\":\"https:\/\/www.estrategiaconcursos.com.br\/blog\/#website\",\"url\":\"https:\/\/www.estrategiaconcursos.com.br\/blog\/\",\"name\":\"Estrat\u00e9gia Concursos\",\"description\":\"O blog da Estrat\u00e9gia Concursos traz not\u00edcias sobre concursos e artigos de professores oferecendo cursos para concursos (pdf + videaulas) no site.\",\"publisher\":{\"@id\":\"https:\/\/www.estrategiaconcursos.com.br\/blog\/#organization\"},\"potentialAction\":[{\"@type\":\"SearchAction\",\"target\":{\"@type\":\"EntryPoint\",\"urlTemplate\":\"https:\/\/www.estrategiaconcursos.com.br\/blog\/?s={search_term_string}\"},\"query-input\":{\"@type\":\"PropertyValueSpecification\",\"valueRequired\":true,\"valueName\":\"search_term_string\"}}],\"inLanguage\":\"pt-BR\"},{\"@type\":\"Organization\",\"@id\":\"https:\/\/www.estrategiaconcursos.com.br\/blog\/#organization\",\"name\":\"Estrat\u00e9gia Concursos\",\"url\":\"https:\/\/www.estrategiaconcursos.com.br\/blog\/\",\"logo\":{\"@type\":\"ImageObject\",\"inLanguage\":\"pt-BR\",\"@id\":\"https:\/\/www.estrategiaconcursos.com.br\/blog\/#\/schema\/logo\/image\/\",\"url\":\"https:\/\/dhg1h5j42swfq.cloudfront.net\/2025\/06\/03203428\/logo_concursos-1.jpg\",\"contentUrl\":\"https:\/\/dhg1h5j42swfq.cloudfront.net\/2025\/06\/03203428\/logo_concursos-1.jpg\",\"width\":230,\"height\":60,\"caption\":\"Estrat\u00e9gia Concursos\"},\"image\":{\"@id\":\"https:\/\/www.estrategiaconcursos.com.br\/blog\/#\/schema\/logo\/image\/\"},\"sameAs\":[\"https:\/\/x.com\/EstratConcursos\"]},{\"@type\":\"Person\",\"@id\":\"https:\/\/www.estrategiaconcursos.com.br\/blog\/#\/schema\/person\/f5b81e04c4522e78c0d896ba290e4cb0\",\"name\":\"Wagner Damazio\",\"image\":{\"@type\":\"ImageObject\",\"inLanguage\":\"pt-BR\",\"@id\":\"https:\/\/secure.gravatar.com\/avatar\/5841b494cf624bcdfca728a4708ad21f8dd8e34657a98b9970e6136e633ae15a?s=96&d=mm&r=g\",\"url\":\"https:\/\/secure.gravatar.com\/avatar\/5841b494cf624bcdfca728a4708ad21f8dd8e34657a98b9970e6136e633ae15a?s=96&d=mm&r=g\",\"contentUrl\":\"https:\/\/secure.gravatar.com\/avatar\/5841b494cf624bcdfca728a4708ad21f8dd8e34657a98b9970e6136e633ae15a?s=96&d=mm&r=g\",\"caption\":\"Wagner Damazio\"},\"url\":\"https:\/\/www.estrategiaconcursos.com.br\/blog\/author\/wagnermatematicoyahoo-com-br\/\"}]}<\/script>\n<!-- \/ Yoast SEO Premium plugin. -->","yoast_head_json":{"title":"Prazo de estudos para realiza\u00e7\u00e3o do concurso Procon DF \u00e9 prorrogado!","description":"Prazo de estudos para realiza\u00e7\u00e3o do pr\u00f3ximo concurso do Instituto de Defesa do Consumidor do Distrito Federal \u2013 Procon \u00e9 prorrogado. Saiba mais!","robots":{"index":"index","follow":"follow","max-snippet":"max-snippet:-1","max-image-preview":"max-image-preview:large","max-video-preview":"max-video-preview:-1"},"canonical":"https:\/\/www.estrategiaconcursos.com.br\/blog\/concurso-procon-df-prorrogacao\/","og_locale":"pt_BR","og_type":"article","og_title":"Prazo de estudos para realiza\u00e7\u00e3o do concurso Procon DF \u00e9 prorrogado!","og_description":"Prazo de estudos para realiza\u00e7\u00e3o do pr\u00f3ximo concurso do Instituto de Defesa do Consumidor do Distrito Federal \u2013 Procon \u00e9 prorrogado. Saiba mais!","og_url":"https:\/\/www.estrategiaconcursos.com.br\/blog\/concurso-procon-df-prorrogacao\/","og_site_name":"Estrat\u00e9gia Concursos","article_published_time":"2020-01-27T12:20:55+00:00","article_modified_time":"2023-06-20T13:34:04+00:00","og_image":[{"width":400,"height":209,"url":"https:\/\/dhg1h5j42swfq.cloudfront.net\/2019\/05\/30114409\/PROCON-DF-e1559227456337.jpg","type":"image\/jpeg"}],"author":"Wagner Damazio","twitter_card":"summary_large_image","twitter_creator":"@EstratConcursos","twitter_site":"@EstratConcursos","twitter_misc":{"Escrito por":"Wagner Damazio","Est. tempo de leitura":"1 minuto"},"schema":{"@context":"https:\/\/schema.org","@graph":[{"@type":"NewsArticle","@id":"https:\/\/www.estrategiaconcursos.com.br\/blog\/concurso-procon-df-prorrogacao\/#article","isPartOf":{"@id":"https:\/\/www.estrategiaconcursos.com.br\/blog\/concurso-procon-df-prorrogacao\/"},"author":{"name":"Wagner Damazio","@id":"https:\/\/www.estrategiaconcursos.com.br\/blog\/#\/schema\/person\/f5b81e04c4522e78c0d896ba290e4cb0"},"headline":"Prazo de estudos para realiza\u00e7\u00e3o do concurso Procon DF \u00e9 prorrogado!","datePublished":"2020-01-27T12:20:55+00:00","dateModified":"2023-06-20T13:34:04+00:00","mainEntityOfPage":{"@id":"https:\/\/www.estrategiaconcursos.com.br\/blog\/concurso-procon-df-prorrogacao\/"},"wordCount":280,"commentCount":0,"publisher":{"@id":"https:\/\/www.estrategiaconcursos.com.br\/blog\/#organization"},"image":{"@id":"https:\/\/www.estrategiaconcursos.com.br\/blog\/concurso-procon-df-prorrogacao\/#primaryimage"},"thumbnailUrl":"https:\/\/dhg1h5j42swfq.cloudfront.net\/2019\/05\/30114409\/PROCON-DF-e1559227456337.jpg","articleSection":["Concursos P\u00fablicos"],"inLanguage":"pt-BR","potentialAction":[{"@type":"CommentAction","name":"Comment","target":["https:\/\/www.estrategiaconcursos.com.br\/blog\/concurso-procon-df-prorrogacao\/#respond"]}],"copyrightYear":"2020","copyrightHolder":{"@id":"https:\/\/www.estrategiaconcursos.com.br\/blog\/#organization"}},{"@type":"WebPage","@id":"https:\/\/www.estrategiaconcursos.com.br\/blog\/concurso-procon-df-prorrogacao\/","url":"https:\/\/www.estrategiaconcursos.com.br\/blog\/concurso-procon-df-prorrogacao\/","name":"Prazo de estudos para realiza\u00e7\u00e3o do concurso Procon DF \u00e9 prorrogado!","isPartOf":{"@id":"https:\/\/www.estrategiaconcursos.com.br\/blog\/#website"},"primaryImageOfPage":{"@id":"https:\/\/www.estrategiaconcursos.com.br\/blog\/concurso-procon-df-prorrogacao\/#primaryimage"},"image":{"@id":"https:\/\/www.estrategiaconcursos.com.br\/blog\/concurso-procon-df-prorrogacao\/#primaryimage"},"thumbnailUrl":"https:\/\/dhg1h5j42swfq.cloudfront.net\/2019\/05\/30114409\/PROCON-DF-e1559227456337.jpg","datePublished":"2020-01-27T12:20:55+00:00","dateModified":"2023-06-20T13:34:04+00:00","description":"Prazo de estudos para realiza\u00e7\u00e3o do pr\u00f3ximo concurso do Instituto de Defesa do Consumidor do Distrito Federal \u2013 Procon \u00e9 prorrogado. Saiba mais!","breadcrumb":{"@id":"https:\/\/www.estrategiaconcursos.com.br\/blog\/concurso-procon-df-prorrogacao\/#breadcrumb"},"inLanguage":"pt-BR","potentialAction":[{"@type":"ReadAction","target":["https:\/\/www.estrategiaconcursos.com.br\/blog\/concurso-procon-df-prorrogacao\/"]}]},{"@type":"ImageObject","inLanguage":"pt-BR","@id":"https:\/\/www.estrategiaconcursos.com.br\/blog\/concurso-procon-df-prorrogacao\/#primaryimage","url":"https:\/\/dhg1h5j42swfq.cloudfront.net\/2019\/05\/30114409\/PROCON-DF-e1559227456337.jpg","contentUrl":"https:\/\/dhg1h5j42swfq.cloudfront.net\/2019\/05\/30114409\/PROCON-DF-e1559227456337.jpg","width":400,"height":209,"caption":"Concurso Procon DF 2021"},{"@type":"BreadcrumbList","@id":"https:\/\/www.estrategiaconcursos.com.br\/blog\/concurso-procon-df-prorrogacao\/#breadcrumb","itemListElement":[{"@type":"ListItem","position":1,"name":"In\u00edcio","item":"https:\/\/www.estrategiaconcursos.com.br\/blog\/"},{"@type":"ListItem","position":2,"name":"Prazo de estudos para realiza\u00e7\u00e3o do concurso Procon DF \u00e9 prorrogado!"}]},{"@type":"WebSite","@id":"https:\/\/www.estrategiaconcursos.com.br\/blog\/#website","url":"https:\/\/www.estrategiaconcursos.com.br\/blog\/","name":"Estrat\u00e9gia Concursos","description":"O blog da Estrat\u00e9gia Concursos traz not\u00edcias sobre concursos e artigos de professores oferecendo cursos para concursos (pdf + videaulas) no site.","publisher":{"@id":"https:\/\/www.estrategiaconcursos.com.br\/blog\/#organization"},"potentialAction":[{"@type":"SearchAction","target":{"@type":"EntryPoint","urlTemplate":"https:\/\/www.estrategiaconcursos.com.br\/blog\/?s={search_term_string}"},"query-input":{"@type":"PropertyValueSpecification","valueRequired":true,"valueName":"search_term_string"}}],"inLanguage":"pt-BR"},{"@type":"Organization","@id":"https:\/\/www.estrategiaconcursos.com.br\/blog\/#organization","name":"Estrat\u00e9gia Concursos","url":"https:\/\/www.estrategiaconcursos.com.br\/blog\/","logo":{"@type":"ImageObject","inLanguage":"pt-BR","@id":"https:\/\/www.estrategiaconcursos.com.br\/blog\/#\/schema\/logo\/image\/","url":"https:\/\/dhg1h5j42swfq.cloudfront.net\/2025\/06\/03203428\/logo_concursos-1.jpg","contentUrl":"https:\/\/dhg1h5j42swfq.cloudfront.net\/2025\/06\/03203428\/logo_concursos-1.jpg","width":230,"height":60,"caption":"Estrat\u00e9gia Concursos"},"image":{"@id":"https:\/\/www.estrategiaconcursos.com.br\/blog\/#\/schema\/logo\/image\/"},"sameAs":["https:\/\/x.com\/EstratConcursos"]},{"@type":"Person","@id":"https:\/\/www.estrategiaconcursos.com.br\/blog\/#\/schema\/person\/f5b81e04c4522e78c0d896ba290e4cb0","name":"Wagner Damazio","image":{"@type":"ImageObject","inLanguage":"pt-BR","@id":"https:\/\/secure.gravatar.com\/avatar\/5841b494cf624bcdfca728a4708ad21f8dd8e34657a98b9970e6136e633ae15a?s=96&d=mm&r=g","url":"https:\/\/secure.gravatar.com\/avatar\/5841b494cf624bcdfca728a4708ad21f8dd8e34657a98b9970e6136e633ae15a?s=96&d=mm&r=g","contentUrl":"https:\/\/secure.gravatar.com\/avatar\/5841b494cf624bcdfca728a4708ad21f8dd8e34657a98b9970e6136e633ae15a?s=96&d=mm&r=g","caption":"Wagner Damazio"},"url":"https:\/\/www.estrategiaconcursos.com.br\/blog\/author\/wagnermatematicoyahoo-com-br\/"}]}},"_links":{"self":[{"href":"https:\/\/www.estrategiaconcursos.com.br\/blog\/wp-json\/wp\/v2\/posts\/474150","targetHints":{"allow":["GET"]}}],"collection":[{"href":"https:\/\/www.estrategiaconcursos.com.br\/blog\/wp-json\/wp\/v2\/posts"}],"about":[{"href":"https:\/\/www.estrategiaconcursos.com.br\/blog\/wp-json\/wp\/v2\/types\/post"}],"author":[{"embeddable":true,"href":"https:\/\/www.estrategiaconcursos.com.br\/blog\/wp-json\/wp\/v2\/users\/463"}],"replies":[{"embeddable":true,"href":"https:\/\/www.estrategiaconcursos.com.br\/blog\/wp-json\/wp\/v2\/comments?post=474150"}],"version-history":[{"count":6,"href":"https:\/\/www.estrategiaconcursos.com.br\/blog\/wp-json\/wp\/v2\/posts\/474150\/revisions"}],"predecessor-version":[{"id":1235436,"href":"https:\/\/www.estrategiaconcursos.com.br\/blog\/wp-json\/wp\/v2\/posts\/474150\/revisions\/1235436"}],"wp:featuredmedia":[{"embeddable":true,"href":"https:\/\/www.estrategiaconcursos.com.br\/blog\/wp-json\/wp\/v2\/media\/380612"}],"wp:attachment":[{"href":"https:\/\/www.estrategiaconcursos.com.br\/blog\/wp-json\/wp\/v2\/media?parent=474150"}],"wp:term":[{"taxonomy":"category","embeddable":true,"href":"https:\/\/www.estrategiaconcursos.com.br\/blog\/wp-json\/wp\/v2\/categories?post=474150"},{"taxonomy":"post_tag","embeddable":true,"href":"https:\/\/www.estrategiaconcursos.com.br\/blog\/wp-json\/wp\/v2\/tags?post=474150"},{"taxonomy":"tax_estado","embeddable":true,"href":"https:\/\/www.estrategiaconcursos.com.br\/blog\/wp-json\/wp\/v2\/tax_estado?post=474150"}],"curies":[{"name":"wp","href":"https:\/\/api.w.org\/{rel}","templated":true}]}}