{"id":474139,"date":"2021-11-16T23:59:00","date_gmt":"2021-11-17T02:59:00","guid":{"rendered":"https:\/\/www.estrategiaconcursos.com.br\/blog\/?p=474139"},"modified":"2024-01-11T14:21:25","modified_gmt":"2024-01-11T17:21:25","slug":"concurso-prefeitura-uba","status":"publish","type":"post","link":"https:\/\/www.estrategiaconcursos.com.br\/blog\/concurso-prefeitura-uba\/","title":{"rendered":"Concurso Prefeitura de Ub\u00e1: inscri\u00e7\u00f5es ENCERRADAS!"},"content":{"rendered":"\n<p>Ap\u00f3s um per\u00edodo suspenso, as inscri\u00e7\u00f5es do <strong>concurso Prefeitura de Ub\u00e1<\/strong>, no Estado de Minas Gerais, foram oficialmente <strong>encerradas<\/strong>. Os interessados puderam se inscrever at\u00e9 o dia<strong> 16 de novembro<\/strong>.<\/p>\n\n\n\n<p>Todo o processo p\u00f4de ser realizado por meio do site da banca organizadora, <a href=\"https:\/\/www.gestaodeconcursos.com.br\/site\/site\/default.aspx\" target=\"_blank\" rel=\"noreferrer noopener\"><strong>Fundep Gest\u00e3o de Concursos<\/strong><\/a>. <\/p>\n\n\n\n<ul style=\"background-color:#b0d1e5\" class=\"has-background wp-block-list\">\n<li><strong>Prefeitura de Ub\u00e1 MG &#8211; diversos cargos <\/strong><\/li>\n\n\n\n<li><strong>Status: <\/strong>inscri\u00e7\u00f5es encerradas<\/li>\n\n\n\n<li><strong>Banca:<\/strong> Fundep Gest\u00e3o de Concursos<\/li>\n\n\n\n<li><strong>Vagas:<\/strong> 175<\/li>\n\n\n\n<li><strong>Sal\u00e1rio:<\/strong> R$ 1.416,71 a R$ 4.029,27<\/li>\n\n\n\n<li><a href=\"https:\/\/dhg1h5j42swfq.cloudfront.net\/2021\/09\/16155839\/edital-da-prefeitura-de-uba-retificacao-no-01-02-03-e-04-consolidado-v2-1.pdf\" target=\"_blank\" rel=\"noreferrer noopener nofollow\"><strong>Edital concurso Ub\u00e1<\/strong><\/a><\/li>\n<\/ul>\n\n\n\n<p>Importante destacar que, com a retomada da sele\u00e7\u00e3o, algumas importantes retifica\u00e7\u00f5es <strong>no quantitativo de vagas, requisitos, sal\u00e1rios e conte\u00fado program\u00e1tico de alguns cargos foram anunciadas<\/strong>. Confira na aba &#8216;<a href=\"#retificacao\"><em>retifica\u00e7\u00f5es<\/em><\/a>.&#8217;<\/p>\n\n\n\n<p>O edital da <strong>Prefeitura de Ub\u00e1<\/strong> antes ofertava 161 vagas. Agora, com altera\u00e7\u00f5es, ao todo, <strong>175 vagas <\/strong>s\u00e3o distribu\u00eddas entre diversos cargos de n\u00edveis fundamental, m\u00e9dio, m\u00e9dio\/t\u00e9cnico e superior. <\/p>\n\n\n\n<p>Se voc\u00ea tem interesse no certame, chegou ao lugar certo! Ao longo deste artigo reunimos as principais informa\u00e7\u00f5es sobre o<strong> Concurso Prefeitura de Ub\u00e1 <\/strong>para que voc\u00ea possa se preparar e garantir uma das vagas. Acompanhe pelos t\u00f3picos abaixo:<\/p>\n\n\n\n<ul class=\"wp-block-list\" id=\"indice\">\n<li><a href=\"#situ\">Situa\u00e7\u00e3o atual do concurso<\/a>\n<ul class=\"wp-block-list\">\n<li><a href=\"#datas\">Principais datas<\/a><\/li>\n\n\n\n<li><a href=\"#retificacao\">Retifica\u00e7\u00f5es<\/a><\/li>\n<\/ul>\n<\/li>\n\n\n\n<li><a href=\"#vagas\">Cargos e vagas<\/a>\n<ul class=\"wp-block-list\">\n<li><a href=\"#fundamental\">Fundamental<\/a><\/li>\n\n\n\n<li><a href=\"#medio\">M\u00e9dio<\/a><\/li>\n\n\n\n<li><a href=\"#superior\">Superior<\/a><\/li>\n<\/ul>\n<\/li>\n\n\n\n<li><a href=\"#etapas\">Etapas<\/a>\n<ul class=\"wp-block-list\">\n<li><a href=\"#objetiva\">Prova objetiva<\/a><\/li>\n\n\n\n<li><a href=\"#fisica\">Prova de Aptid\u00e3o F\u00edsica<\/a><\/li>\n\n\n\n<li><a href=\"#titulos\">Avalia\u00e7\u00e3o de t\u00edtulos<\/a><\/li>\n<\/ul>\n<\/li>\n\n\n\n<li><a href=\"#estudar\">Cursos e Assinaturas<\/a><\/li>\n\n\n\n<li><a href=\"#ficha\">Ficha t\u00e9cnica<\/a><\/li>\n<\/ul>\n\n\n\n<div class=\"container\" id=\"boxes\">\n  <div class=\"row\">\n\n    <div class=\"col-sm\">\n      <div class=\"banner-adm\" id=\"box-assinatura\">\n        <h3 class=\"titulo-assinatura\">Concurso Prefeitura de Ub\u00e1<\/h3>\n        <p class=\"subtitulo-assinatura\">Conhe\u00e7a os cursos<\/p>\n        <div class=\"box-botao\">\n          <a class=\"btn-assinatura\" target=\"_blank\" href=\"https:\/\/www.estrategiaconcursos.com.br\/pesquisa\/?q=Prefeitura+de+Ub%C3%A1\" rel=\"noopener\">Conhe\u00e7a mais<\/a>\n        <\/div>\n      <\/div>\n      \n    <\/div>\n\n  <\/div>\n<\/div>\n\n\n\n<h2 class=\"wp-block-heading\" id=\"situ\"><span style=\"font-size: revert; color: initial;\">Situa\u00e7\u00e3o atual do concurso<\/span> Prefeitura de Ub\u00e1 <\/h2>\n\n\n\n<h3 class=\"wp-block-heading\" id=\"datas\"><span style=\"font-size: revert; color: initial;\">Principais datas<\/span> <\/h3>\n\n\n\n<p class=\"has-background\" style=\"background-color:#e7f4ff\"><strong>Inscri\u00e7\u00f5es: <\/strong><s>15\/10 a 16\/11\/2021<\/s><strong><br \/>Isen\u00e7\u00e3o da taxa: <\/strong><s>15 a 21\/10\/2021<\/s><strong><br \/>Prova:<\/strong> 19\/12\/2021<\/p>\n\n\n\n<h2 class=\"wp-block-heading\" id=\"retificacao\">Retifica\u00e7\u00e3o do concurso Prefeitura de Ub\u00e1<\/h2>\n\n\n\n<h3 class=\"wp-block-heading\">Cargos com altera\u00e7\u00e3o em seus requisitos <\/h3>\n\n\n\n<ul class=\"wp-block-list\">\n<li>Agente Administrativo <\/li>\n\n\n\n<li>Assistente Administrativo <\/li>\n\n\n\n<li>Fiscal Sanit\u00e1rio<\/li>\n\n\n\n<li>T\u00e9cnico de Inform\u00e1tica<\/li>\n\n\n\n<li>T\u00e9cnico Ambiental<\/li>\n\n\n\n<li>T\u00e9cnico de Edifica\u00e7\u00e3o<\/li>\n\n\n\n<li>T\u00e9cnico de Enfermagem<\/li>\n\n\n\n<li>Engenheiro de Tr\u00e2nsito<\/li>\n\n\n\n<li>M\u00e9dico Auditor<\/li>\n\n\n\n<li>T\u00e9cnico em Educa\u00e7\u00e3o<\/li>\n<\/ul>\n\n\n\n<h3 class=\"wp-block-heading\">Sal\u00e1rio<\/h3>\n\n\n\n<ul class=\"wp-block-list\">\n<li>Todos os cargos sofreram altera\u00e7\u00f5es no sal\u00e1rio.<\/li>\n<\/ul>\n\n\n\n<h3 class=\"wp-block-heading\">Convoca\u00e7\u00e3o para provas<\/h3>\n\n\n\n<ul class=\"wp-block-list\">\n<li>Ser\u00e3o convocados para o Teste de Aptid\u00e3o F\u00edsica os 120 melhores candidatos aprovados e classificados na Prova objetiva. N\u00e3o mais 160.<\/li>\n\n\n\n<li>Ser\u00e3o convocados para a Avalia\u00e7\u00e3o Psicol\u00f3gica todos os candidatos aprovados no Teste de Aptid\u00e3o F\u00edsica. E n\u00e3o mais apenas 80.<\/li>\n<\/ul>\n\n\n\n<h3 class=\"wp-block-heading\">Quadro de provas<\/h3>\n\n\n\n<ul class=\"wp-block-list\">\n<li>Procurador Municipal.<\/li>\n<\/ul>\n\n\n\n<h3 class=\"wp-block-heading\">Conte\u00fado program\u00e1tico<\/h3>\n\n\n\n<ul class=\"wp-block-list\">\n<li>Todos os cargos sofreram altera\u00e7\u00f5es no conte\u00fado program\u00e1tico. <\/li>\n<\/ul>\n\n\n\n<p class=\"has-text-align-center has-background\" style=\"background-color:#d4dee6\"><strong><a href=\"https:\/\/dhg1h5j42swfq.cloudfront.net\/2021\/09\/16154950\/anexos-i-ii-v-e-vi-consolidados-a-retificacao-n-04-1.pdf\" target=\"_blank\" rel=\"noreferrer noopener nofollow\">Retifica\u00e7\u00f5es consolidadas<\/a> <\/strong><\/p>\n\n\n\n<h2 class=\"wp-block-heading\" id=\"vagas\">Cargos e vagas do concurso Prefeitura de Ub\u00e1 <\/h2>\n\n\n\n<h3 class=\"wp-block-heading\" id=\"fundamental\">N\u00edvel Fundamental<\/h3>\n\n\n\n<figure class=\"wp-block-table is-style-stripes\"><table class=\"has-background has-fixed-layout\" style=\"background-color:#e7f5fe\"><thead><tr><th class=\"has-text-align-center\" data-align=\"center\"> <strong>Cargos<\/strong> <\/th><th class=\"has-text-align-center\" data-align=\"center\"> <strong>Vagas<\/strong> <\/th><th class=\"has-text-align-center\" data-align=\"center\"> <strong>Remunera\u00e7\u00e3o<\/strong> <\/th><\/tr><\/thead><tbody><tr><td class=\"has-text-align-center\" data-align=\"center\">Agente Administrativo<\/td><td class=\"has-text-align-center\" data-align=\"center\">14<\/td><td class=\"has-text-align-center\" data-align=\"center\">R$ 1.416,71<\/td><\/tr><\/tbody><\/table><\/figure>\n\n\n\n<h3 class=\"wp-block-heading\" id=\"medio\">N\u00edvel M\u00e9dio\/T\u00e9cnico<\/h3>\n\n\n\n<figure class=\"wp-block-table is-style-stripes\"><table class=\"has-background has-fixed-layout\" style=\"background-color:#e7f5fe\"><thead><tr><th class=\"has-text-align-center\" data-align=\"center\"> <strong>Cargos<\/strong> <\/th><th class=\"has-text-align-center\" data-align=\"center\"> <strong>Vagas<\/strong> <\/th><th class=\"has-text-align-center\" data-align=\"center\"> <strong>Remunera\u00e7\u00e3o<\/strong> <\/th><th class=\"has-text-align-center\" data-align=\"center\"> <strong>Escolaridade<\/strong> <\/th><\/tr><\/thead><tbody><tr><td class=\"has-text-align-center\" data-align=\"center\">Professor AI (Magist\u00e9rio)<\/td><td class=\"has-text-align-center\" data-align=\"center\">56<\/td><td class=\"has-text-align-center\" data-align=\"center\">R$ 2.160,61<\/td><td class=\"has-text-align-center\" data-align=\"center\">N\u00edvel M\u00e9dio, com habilita\u00e7\u00e3o em magist\u00e9rio  <\/td><\/tr><tr><td class=\"has-text-align-center\" data-align=\"center\">Assistente Administrativo I<\/td><td class=\"has-text-align-center\" data-align=\"center\">16<\/td><td class=\"has-text-align-center\" data-align=\"center\">R$ 2.160,61<\/td><td class=\"has-text-align-center\" data-align=\"center\">N\u00edvel M\u00e9dio<\/td><\/tr><tr><td class=\"has-text-align-center\" data-align=\"center\">Agente de Fiscaliza\u00e7\u00e3o<\/td><td class=\"has-text-align-center\" data-align=\"center\">2<\/td><td class=\"has-text-align-center\" data-align=\"center\">R$ 2.160,61<\/td><td class=\"has-text-align-center\" data-align=\"center\">N\u00edvel m\u00e9dio +  habilita\u00e7\u00e3o m\u00ednima em T\u00e9cnico em contabilidade <\/td><\/tr><tr><td class=\"has-text-align-center\" data-align=\"center\">Fiscal Sanit\u00e1rio<\/td><td class=\"has-text-align-center\" data-align=\"center\">1<\/td><td class=\"has-text-align-center\" data-align=\"center\">R$ 2.160,61<\/td><td class=\"has-text-align-center\" data-align=\"center\">N\u00edvel M\u00e9dio<\/td><\/tr><tr><td class=\"has-text-align-center\" data-align=\"center\">T\u00e9cnico de Inform\u00e1tica<\/td><td class=\"has-text-align-center\" data-align=\"center\">1<\/td><td class=\"has-text-align-center\" data-align=\"center\">R$ 2.160,61<\/td><td class=\"has-text-align-center\" data-align=\"center\">N\u00edvel M\u00e9dio + habilita\u00e7\u00e3o t\u00e9cnica adequada \u00e0 respectiva fun\u00e7\u00e3o e registro profissional quando exigido por lei<\/td><\/tr><tr><td class=\"has-text-align-center\" data-align=\"center\">T\u00e9cnico Ambiental<\/td><td class=\"has-text-align-center\" data-align=\"center\">1<\/td><td class=\"has-text-align-center\" data-align=\"center\">R$ 2.160,61<\/td><td class=\"has-text-align-center\" data-align=\"center\">N\u00edvel M\u00e9dio + habilita\u00e7\u00e3o t\u00e9cnica adequada \u00e0 respectiva fun\u00e7\u00e3o e registro profissional quando exigido por lei <\/td><\/tr><tr><td class=\"has-text-align-center\" data-align=\"center\">T\u00e9cnico de Edifica\u00e7\u00e3o<\/td><td class=\"has-text-align-center\" data-align=\"center\">1<\/td><td class=\"has-text-align-center\" data-align=\"center\">R$ 2.160,61<\/td><td class=\"has-text-align-center\" data-align=\"center\">N\u00edvel M\u00e9dio + habilita\u00e7\u00e3o t\u00e9cnica adequada \u00e0 respectiva fun\u00e7\u00e3o e registro profissional quando exigido por lei <\/td><\/tr><tr><td class=\"has-text-align-center\" data-align=\"center\">T\u00e9cnico de Enfermagem<\/td><td class=\"has-text-align-center\" data-align=\"center\">6<\/td><td class=\"has-text-align-center\" data-align=\"center\">R$ 2.880,79<\/td><td class=\"has-text-align-center\" data-align=\"center\">N\u00edvel M\u00e9dio + habilita\u00e7\u00e3o t\u00e9cnica adequada \u00e0 respectiva fun\u00e7\u00e3o e registro profissional quando exigido por lei <\/td><\/tr><tr><td class=\"has-text-align-center\" data-align=\"center\">Guarda Civil Municipal<\/td><td class=\"has-text-align-center\" data-align=\"center\">20<\/td><td class=\"has-text-align-center\" data-align=\"center\">R$ 2.160,61<\/td><td class=\"has-text-align-center\" data-align=\"center\">N\u00edvel m\u00e9dio<\/td><\/tr><tr><td class=\"has-text-align-center\" data-align=\"center\">Fiscal de Obras e Posturas <\/td><td class=\"has-text-align-center\" data-align=\"center\">02<\/td><td class=\"has-text-align-center\" data-align=\"center\">R$ 2.160,61<\/td><td class=\"has-text-align-center\" data-align=\"center\">N\u00edvel m\u00e9dio<\/td><\/tr><tr><td class=\"has-text-align-center\" data-align=\"center\">Fiscal de Rela\u00e7\u00e3o de Consumo <\/td><td class=\"has-text-align-center\" data-align=\"center\">01<\/td><td class=\"has-text-align-center\" data-align=\"center\">R$ 2.160,61<\/td><td class=\"has-text-align-center\" data-align=\"center\">N\u00edvel m\u00e9dio<\/td><\/tr><\/tbody><\/table><\/figure>\n\n\n\n<h3 class=\"wp-block-heading\" id=\"superior\">N\u00edvel Superior<\/h3>\n\n\n\n<figure class=\"wp-block-table is-style-stripes\"><table class=\"has-background has-fixed-layout\" style=\"background-color:#e7f5fe\"><thead><tr><th class=\"has-text-align-center\" data-align=\"center\"> <strong>Cargos<\/strong> <\/th><th class=\"has-text-align-center\" data-align=\"center\"> <strong>Vagas<\/strong> <\/th><th class=\"has-text-align-center\" data-align=\"center\"> <strong>Remunera\u00e7\u00e3o<\/strong> <\/th><\/tr><\/thead><tbody><tr><td class=\"has-text-align-center\" data-align=\"center\">Bibliotec\u00e1rio<\/td><td class=\"has-text-align-center\" data-align=\"center\">1<\/td><td class=\"has-text-align-center\" data-align=\"center\">R$ 3.021,96<\/td><\/tr><tr><td class=\"has-text-align-center\" data-align=\"center\">Engenheiro de Tr\u00e2nsito<\/td><td class=\"has-text-align-center\" data-align=\"center\">1<\/td><td class=\"has-text-align-center\" data-align=\"center\">R$ 3.021,96<\/td><\/tr><tr><td class=\"has-text-align-center\" data-align=\"center\">Bi\u00f3logo<\/td><td class=\"has-text-align-center\" data-align=\"center\">1<\/td><td class=\"has-text-align-center\" data-align=\"center\">R$ 3.021,96<\/td><\/tr><tr><td class=\"has-text-align-center\" data-align=\"center\">Assistente Social<\/td><td class=\"has-text-align-center\" data-align=\"center\">4<\/td><td class=\"has-text-align-center\" data-align=\"center\">R$ 3.021,96<\/td><\/tr><tr><td class=\"has-text-align-center\" data-align=\"center\">Psic\u00f3logo<\/td><td class=\"has-text-align-center\" data-align=\"center\">7<\/td><td class=\"has-text-align-center\" data-align=\"center\">R$ 3.021,96<\/td><\/tr><tr><td class=\"has-text-align-center\" data-align=\"center\">Assistente Social<\/td><td class=\"has-text-align-center\" data-align=\"center\">4<\/td><td class=\"has-text-align-center\" data-align=\"center\">R$ 3.021,96<\/td><\/tr><tr><td class=\"has-text-align-center\" data-align=\"center\">Contador<\/td><td class=\"has-text-align-center\" data-align=\"center\">3<\/td><td class=\"has-text-align-center\" data-align=\"center\">R$ 3.021,96<\/td><\/tr><tr><td class=\"has-text-align-center\" data-align=\"center\">Engenheiro Agr\u00f4nomo<\/td><td class=\"has-text-align-center\" data-align=\"center\">1<\/td><td class=\"has-text-align-center\" data-align=\"center\">R$ 3.021,96<\/td><\/tr><tr><td class=\"has-text-align-center\" data-align=\"center\">Engenheiro de Sistemas<\/td><td class=\"has-text-align-center\" data-align=\"center\">1<\/td><td class=\"has-text-align-center\" data-align=\"center\">R$ 3.021,96<\/td><\/tr><tr><td class=\"has-text-align-center\" data-align=\"center\">Engenheiro Civil<\/td><td class=\"has-text-align-center\" data-align=\"center\">1<\/td><td class=\"has-text-align-center\" data-align=\"center\">R$ 3.021,96<\/td><\/tr><tr><td class=\"has-text-align-center\" data-align=\"center\">Engenheiro Eletricista<\/td><td class=\"has-text-align-center\" data-align=\"center\">1<\/td><td class=\"has-text-align-center\" data-align=\"center\">R$ 3.021,96<\/td><\/tr><tr><td class=\"has-text-align-center\" data-align=\"center\">Enfermeiro<\/td><td class=\"has-text-align-center\" data-align=\"center\">4<\/td><td class=\"has-text-align-center\" data-align=\"center\">30h: R$ 3.021,96<br \/>40h: R$ 4.029,27<\/td><\/tr><tr><td class=\"has-text-align-center\" data-align=\"center\">Enfermeiro do Trabalho<\/td><td class=\"has-text-align-center\" data-align=\"center\">1<\/td><td class=\"has-text-align-center\" data-align=\"center\">R$ 3.021,96<\/td><\/tr><tr><td class=\"has-text-align-center\" data-align=\"center\">M\u00e9dico Auditor<\/td><td class=\"has-text-align-center\" data-align=\"center\">1<\/td><td class=\"has-text-align-center\" data-align=\"center\">R$ 3.021,96<\/td><\/tr><tr><td class=\"has-text-align-center\" data-align=\"center\">Dentista<\/td><td class=\"has-text-align-center\" data-align=\"center\">2<\/td><td class=\"has-text-align-center\" data-align=\"center\">30h: R$ 3.021,96<br \/>40h:  R$ 4.029,27 <\/td><\/tr><tr><td class=\"has-text-align-center\" data-align=\"center\">T\u00e9cnico em Educa\u00e7\u00e3o<\/td><td class=\"has-text-align-center\" data-align=\"center\">12<\/td><td class=\"has-text-align-center\" data-align=\"center\">R$ 3.021,96<\/td><\/tr><tr><td class=\"has-text-align-center\" data-align=\"center\">Procurador Municipal<\/td><td class=\"has-text-align-center\" data-align=\"center\">2<\/td><td class=\"has-text-align-center\" data-align=\"center\">R$ 3.021,96<\/td><\/tr><tr><td class=\"has-text-align-center\" data-align=\"center\">Farmac\u00eautico <\/td><td class=\"has-text-align-center\" data-align=\"center\">2<\/td><td class=\"has-text-align-center\" data-align=\"center\">R$ 4.029,27<\/td><\/tr><tr><td class=\"has-text-align-center\" data-align=\"center\">M\u00e9dico Generalista<\/td><td class=\"has-text-align-center\" data-align=\"center\">2<\/td><td class=\"has-text-align-center\" data-align=\"center\">R$ 3.021,96<\/td><\/tr><tr><td class=\"has-text-align-center\" data-align=\"center\">Nutricionista<\/td><td class=\"has-text-align-center\" data-align=\"center\">2<\/td><td class=\"has-text-align-center\" data-align=\"center\">R$ 4.029,27<\/td><\/tr><tr><td class=\"has-text-align-center\" data-align=\"center\">Educador F\u00edsico<\/td><td class=\"has-text-align-center\" data-align=\"center\">1<\/td><td class=\"has-text-align-center\" data-align=\"center\">R$ 3.021,96<\/td><\/tr><tr><td class=\"has-text-align-center\" data-align=\"center\">Arquiteto<\/td><td class=\"has-text-align-center\" data-align=\"center\">1<\/td><td class=\"has-text-align-center\" data-align=\"center\">R$ 3.021,96<\/td><\/tr><tr><td class=\"has-text-align-center\" data-align=\"center\">Engenheiro Ambiental <\/td><td class=\"has-text-align-center\" data-align=\"center\">1<\/td><td class=\"has-text-align-center\" data-align=\"center\">R$ 3.021,96<\/td><\/tr><tr><td class=\"has-text-align-center\" data-align=\"center\">Fonoaudi\u00f3logo <\/td><td class=\"has-text-align-center\" data-align=\"center\">1<\/td><td class=\"has-text-align-center\" data-align=\"center\">R$ 4.029,27<\/td><\/tr><tr><td class=\"has-text-align-center\" data-align=\"center\">Fisioterapeuta <\/td><td class=\"has-text-align-center\" data-align=\"center\">1<\/td><td class=\"has-text-align-center\" data-align=\"center\">R$ 4.029,27<\/td><\/tr><tr><td class=\"has-text-align-center\" data-align=\"center\">Turism\u00f3logo <\/td><td class=\"has-text-align-center\" data-align=\"center\">1<\/td><td class=\"has-text-align-center\" data-align=\"center\">R$ 3.021,96<\/td><\/tr><\/tbody><\/table><\/figure>\n\n\n\n<h2 class=\"wp-block-heading\" id=\"etapas\">Etapas do concurso Prefeitura de Ub\u00e1 <\/h2>\n\n\n\n<ol class=\"wp-block-list\">\n<li><strong>Primeira Etapa:<\/strong> prova objetiva de m\u00faltipla escolha para todos os cargos (car\u00e1ter eliminat\u00f3rio e classificat\u00f3rio)<\/li>\n\n\n\n<li><strong>Segunda Etapa:<\/strong> teste de aptid\u00e3o f\u00edsica para o cargo Guarda Civil Municipal (eliminat\u00f3rio)<\/li>\n\n\n\n<li><strong>Terceira Etapa: <\/strong>prova de Avalia\u00e7\u00e3o Psicol\u00f3gica para o cargo de Guarda Civil Municipal (eliminat\u00f3rio)<\/li>\n\n\n\n<li><strong>Quarta Etapa:<\/strong> prova de T\u00edtulos para os cargos de n\u00edvel superior e para o cargo de n\u00edvel m\u00e9dio Professor AI (Magist\u00e9rio) (classificat\u00f3rio)<\/li>\n<\/ol>\n\n\n\n<h3 class=\"wp-block-heading\" id=\"objetiva\">Prova Objetiva<\/h3>\n\n\n\n<p>Com dura\u00e7\u00e3o de 4 horas, a prova objetiva ser\u00e1 composta por 30 quest\u00f5es de m\u00faltipla escolha, com quatro alternativas cada. <\/p>\n\n\n\n<p>Ser\u00e1 considerado aprovado o candidato que obtiver o m\u00ednimo de 60% de acerto do total e n\u00e3o obtiver nota zero em nenhum dos conte\u00fados. <\/p>\n\n\n\n<h4 class=\"wp-block-heading\">N\u00edvel Fundamental<\/h4>\n\n\n\n<figure class=\"wp-block-image aligncenter size-large\"><img loading=\"lazy\" decoding=\"async\" width=\"788\" height=\"145\" src=\"https:\/\/dhg1h5j42swfq.cloudfront.net\/2020\/01\/27093808\/fundamental-min-1.png\" alt=\"Prova Objetiva para cargos de n\u00edvel fundamental concurso Prefeitura de Ub\u00e1 \" class=\"wp-image-474188\" srcset=\"https:\/\/dhg1h5j42swfq.cloudfront.net\/2020\/01\/27093808\/fundamental-min-1.png 788w, https:\/\/dhg1h5j42swfq.cloudfront.net\/2020\/01\/27093808\/fundamental-min-1-300x55.png 300w, https:\/\/dhg1h5j42swfq.cloudfront.net\/2020\/01\/27093808\/fundamental-min-1-768x141.png 768w, https:\/\/dhg1h5j42swfq.cloudfront.net\/2020\/01\/27093808\/fundamental-min-1-610x112.png 610w\" sizes=\"auto, (max-width: 788px) 100vw, 788px\" \/><figcaption class=\"wp-element-caption\">Prova Objetiva para cargos de n\u00edvel fundamental<\/figcaption><\/figure>\n\n\n\n<h4 class=\"wp-block-heading\">N\u00edvel M\u00e9dio<\/h4>\n\n\n\n<figure class=\"wp-block-image aligncenter size-full\"><img loading=\"lazy\" decoding=\"async\" width=\"1025\" height=\"536\" src=\"https:\/\/dhg1h5j42swfq.cloudfront.net\/2021\/09\/16154622\/image-265.png\" alt=\"provas concurso Prefeitura de Ub\u00e1 \" class=\"wp-image-862771\" srcset=\"https:\/\/dhg1h5j42swfq.cloudfront.net\/2021\/09\/16154622\/image-265.png 1025w, https:\/\/dhg1h5j42swfq.cloudfront.net\/2021\/09\/16154622\/image-265-300x157.png 300w, https:\/\/dhg1h5j42swfq.cloudfront.net\/2021\/09\/16154622\/image-265-768x402.png 768w, https:\/\/dhg1h5j42swfq.cloudfront.net\/2021\/09\/16154622\/image-265-610x319.png 610w\" sizes=\"auto, (max-width: 1025px) 100vw, 1025px\" \/><\/figure>\n\n\n\n<h4 class=\"wp-block-heading\">N\u00edvel Superior<\/h4>\n\n\n\n<figure class=\"wp-block-image aligncenter size-full\"><img loading=\"lazy\" decoding=\"async\" width=\"669\" height=\"723\" src=\"https:\/\/dhg1h5j42swfq.cloudfront.net\/2021\/09\/16154653\/image-266.png\" alt=\"\" class=\"wp-image-862773\" srcset=\"https:\/\/dhg1h5j42swfq.cloudfront.net\/2021\/09\/16154653\/image-266.png 669w, https:\/\/dhg1h5j42swfq.cloudfront.net\/2021\/09\/16154653\/image-266-278x300.png 278w, https:\/\/dhg1h5j42swfq.cloudfront.net\/2021\/09\/16154653\/image-266-610x659.png 610w\" sizes=\"auto, (max-width: 669px) 100vw, 669px\" \/><\/figure>\n\n\n\n<h3 class=\"wp-block-heading\" id=\"fisica\">Prova de Aptid\u00e3o F\u00edsica<\/h3>\n\n\n\n<p>O teste de Aptid\u00e3o F\u00edsica ser\u00e1 destinado aos candidatos que se inscreverem para o cargo de <strong>Guarda Civil Municipal<\/strong>.<\/p>\n\n\n\n<p>Esta avalia\u00e7\u00e3o ser\u00e1 de car\u00e1ter eliminat\u00f3rio, visa avaliar a capacidade do candidato para desempenhar as atividades inerentes. <\/p>\n\n\n\n<p>Ser\u00e3o convocados para o Teste de Aptid\u00e3o F\u00edsica os 120 melhores candidatos aprovados e classificados na Prova Objetiva, conforme tabela abaixo:<\/p>\n\n\n\n<figure class=\"wp-block-image aligncenter size-full\"><img loading=\"lazy\" decoding=\"async\" width=\"780\" height=\"93\" src=\"https:\/\/dhg1h5j42swfq.cloudfront.net\/2021\/09\/16155540\/image-267.png\" alt=\"\" class=\"wp-image-862780\" srcset=\"https:\/\/dhg1h5j42swfq.cloudfront.net\/2021\/09\/16155540\/image-267.png 780w, https:\/\/dhg1h5j42swfq.cloudfront.net\/2021\/09\/16155540\/image-267-300x36.png 300w, https:\/\/dhg1h5j42swfq.cloudfront.net\/2021\/09\/16155540\/image-267-768x92.png 768w, https:\/\/dhg1h5j42swfq.cloudfront.net\/2021\/09\/16155540\/image-267-610x73.png 610w\" sizes=\"auto, (max-width: 780px) 100vw, 780px\" \/><\/figure>\n\n\n\n<h3 class=\"wp-block-heading\" id=\"titulos\">Prova de T\u00edtulos<\/h3>\n\n\n\n<p>Ser\u00e1 pontuado apenas 1 T\u00edtulo por forma\u00e7\u00e3o acad\u00eamica, sendo: 1 t\u00edtulo de especializa\u00e7\u00e3o lato sensu, 1 de stricto sensu Mestrado, 1 de stricto sensu Doutorado, conforme distribui\u00e7\u00e3o de pontos a seguir: <\/p>\n\n\n\n<h4 class=\"wp-block-heading\">Distribui\u00e7\u00e3o de pontos por Titula\u00e7\u00e3o Acad\u00eamica:<\/h4>\n\n\n\n<figure class=\"wp-block-table is-style-stripes\"><table class=\"has-background has-fixed-layout\" style=\"background-color:#e7f5fe\"><tbody><tr><td class=\"has-text-align-center\" data-align=\"center\"><strong>P\u00d3S\u2010GRADUA\u00c7\u00c3O <\/strong><\/td><td class=\"has-text-align-center\" data-align=\"center\"><strong>MESTRADO <\/strong><\/td><td class=\"has-text-align-center\" data-align=\"center\"><strong>DOUTORADO <\/strong><\/td><\/tr><tr><td class=\"has-text-align-center\" data-align=\"center\">Conclus\u00e3o de curso de p\u00f3s\u2010 gradua\u00e7\u00e3o lato sensu, com carga hor\u00e1ria m\u00ednima de 360 horas \u2013 Especializa\u00e7\u00e3o, na \u00e1rea de sele\u00e7\u00e3o espec\u00edfica a que concorre. <\/td><td class=\"has-text-align-center\" data-align=\"center\">Conclus\u00e3o de curso de p\u00f3s\u2010Gradua\u00e7\u00e3o stricto sensu \u2013 Mestrado, na \u00e1rea espec\u00edfica a que concorre. <\/td><td class=\"has-text-align-center\" data-align=\"center\">Conclus\u00e3o de curso de p\u00f3s\u2010gradua\u00e7\u00e3o stricto sensu \u2013 Doutorado, na \u00e1rea espec\u00edfica a que concorre. <\/td><\/tr><tr><td class=\"has-text-align-center\" data-align=\"center\">1,0<\/td><td class=\"has-text-align-center\" data-align=\"center\">2,0<\/td><td class=\"has-text-align-center\" data-align=\"center\">3,0<\/td><\/tr><\/tbody><\/table><\/figure>\n\n\n\n<hr class=\"wp-block-separator has-css-opacity\"\/>\n\n\n\n<h2 class=\"wp-block-heading has-text-align-center\" id=\"estudar\"><em>Quer estudar para o concurso Prefeitura de Ub\u00e1?<\/em><\/h2>\n\n\n\n<div class=\"container\" id=\"boxes\">\n  <div class=\"row\">\n\n    <div class=\"col-sm\">\n      <div class=\"banner-adm\" id=\"box-assinatura\">\n        <h3 class=\"titulo-assinatura\">Concurso Prefeitura de Ub\u00e1<\/h3>\n        <p class=\"subtitulo-assinatura\">Conhe\u00e7a os cursos<\/p>\n        <div class=\"box-botao\">\n          <a class=\"btn-assinatura\" target=\"_blank\" href=\"https:\/\/www.estrategiaconcursos.com.br\/pesquisa\/?q=Prefeitura+de+Ub%C3%A1\" rel=\"noopener\">Conhe\u00e7a mais<\/a>\n        <\/div>\n      <\/div>\n      \n    <\/div>\n\n  <\/div>\n<\/div>\n\n\n\n<div class=\"container\" id=\"boxes\">\n  <div class=\"row\">\n\n    <div class=\"col-sm\">\n      <div class=\"estrategia\" id=\"box-assinatura\">\n        <h3 class=\"titulo-assinatura\"> Concursos P\u00fablicos\n        <p class=\"subtitulo-assinatura\">Assinatura de 1 ano ou 2 anos<\/p>\n        <div class=\"box-botao\">\n          <a class=\"btn-assinatura\" target=\"_blank\" href=\"https:\/\/www.estrategiaconcursos.com.br\/assinaturas\/\" role=\"button\" rel=\"noopener noreferrer\">ASSINE AGORA<\/a>\n        <\/div>\n      <\/h3><\/div><\/div><\/div><\/div>\n\n\n\n<h2 class=\"wp-block-heading has-text-align-center\" id=\"h-quer-saber-tudo-sobre-concursos-previstos-confira-nossos-artigos\">Quer saber tudo sobre concursos previstos?<br \/>Confira nossos artigos!<\/h2>\n\n\n\n<ul class=\"wp-block-list\">\n<li><a href=\"https:\/\/www.estrategiaconcursos.com.br\/blog\/concursos-abertos\/\" target=\"_blank\" rel=\"noreferrer noopener\">Concursos abertos<\/a><\/li>\n\n\n\n<li><a href=\"https:\/\/www.estrategiaconcursos.com.br\/blog\/concursos-prefeituras\/\">Concursos prefeituras<\/a><\/li>\n<\/ul>\n\n\n\n<figure class=\"wp-block-image size-large is-resized\"><img loading=\"lazy\" decoding=\"async\" width=\"1024\" height=\"632\" src=\"https:\/\/dhg1h5j42swfq.cloudfront.net\/2021\/07\/05112101\/ficha-tecnica-1024x632.png\" alt=\"Informa\u00e7\u00f5es do concurso Prefeitura de Ub\u00e1-MG\" class=\"wp-image-786986\" style=\"width:202px;height:125px\" srcset=\"https:\/\/dhg1h5j42swfq.cloudfront.net\/2021\/07\/05112101\/ficha-tecnica-1024x632.png 1024w, https:\/\/dhg1h5j42swfq.cloudfront.net\/2021\/07\/05112101\/ficha-tecnica-300x185.png 300w, https:\/\/dhg1h5j42swfq.cloudfront.net\/2021\/07\/05112101\/ficha-tecnica-768x474.png 768w, https:\/\/dhg1h5j42swfq.cloudfront.net\/2021\/07\/05112101\/ficha-tecnica-1536x948.png 1536w, https:\/\/dhg1h5j42swfq.cloudfront.net\/2021\/07\/05112101\/ficha-tecnica-610x377.png 610w, https:\/\/dhg1h5j42swfq.cloudfront.net\/2021\/07\/05112101\/ficha-tecnica.png 1571w\" sizes=\"auto, (max-width: 1024px) 100vw, 1024px\" \/><\/figure>\n\n\n\n<h3 class=\"wp-block-heading\" id=\"ficha\"><strong>Informa\u00e7\u00f5es do concurso Prefeitura de Ub\u00e1<\/strong>-MG<\/h3>\n\n\n\n<ul class=\"wp-block-list\">\n<li><strong>Data prevista da prova:&nbsp;<\/strong>19\/12\/2021<\/li>\n\n\n\n<li><strong>Vagas<\/strong>: 175<\/li>\n\n\n\n<li><strong>Cargos<\/strong>: V\u00e1rios<\/li>\n\n\n\n<li><strong>Banca<\/strong>: Fundep<\/li>\n\n\n\n<li><strong>Escolaridade<\/strong>: N\u00edveis fundamental, m\u00e9dio\/t\u00e9cnico e superior<\/li>\n\n\n\n<li><strong>Edital retificado<\/strong>: <a href=\"https:\/\/dhg1h5j42swfq.cloudfront.net\/2021\/09\/16155839\/edital-da-prefeitura-de-uba-retificacao-no-01-02-03-e-04-consolidado-v2-1.pdf\" target=\"_blank\" rel=\"noreferrer noopener nofollow\">Edital Ub\u00e1<\/a> | <a href=\"https:\/\/dhg1h5j42swfq.cloudfront.net\/2021\/11\/24090528\/anexos-i-ii-v-e-vi-consolidados-a-retificacao-n-04.pdf\" target=\"_blank\" rel=\"noreferrer noopener nofollow\">Anexos<\/a><\/li>\n<\/ul>\n\n\n\n<p><\/p>\n","protected":false},"excerpt":{"rendered":"<p>Ap\u00f3s um per\u00edodo suspenso, as inscri\u00e7\u00f5es do concurso Prefeitura de Ub\u00e1, no Estado de Minas Gerais, foram oficialmente encerradas. Os interessados puderam se inscrever at\u00e9 o dia 16 de novembro. Todo o processo p\u00f4de ser realizado por meio do site da banca organizadora, Fundep Gest\u00e3o de Concursos. Importante destacar que, com a retomada da sele\u00e7\u00e3o, [&hellip;]<\/p>\n","protected":false},"author":1,"featured_media":873378,"comment_status":"open","ping_status":"closed","sticky":false,"template":"","format":"standard","meta":{"post_tipo":"news_page","footnotes":""},"categories":[214992],"tags":[],"tax_estado":[219974],"class_list":["post-474139","post","type-post","status-publish","format-standard","has-post-thumbnail","hentry","category-concursos-administrativos","tax_estado-mg"],"acf":[],"yoast_head":"<!-- This site is optimized with the Yoast SEO Premium plugin v27.2 (Yoast SEO v27.2) - https:\/\/yoast.com\/product\/yoast-seo-premium-wordpress\/ -->\n<title>Concurso Prefeitura de Ub\u00e1: inscri\u00e7\u00f5es ENCERRADAS!<\/title>\n<meta name=\"description\" content=\"Concurso Prefeitura de Ub\u00e1 - MG: inscri\u00e7\u00f5es ENCERRADAS! Provas ser\u00e3o aplicadas na segunda quinzena de dezembro!\" \/>\n<meta name=\"robots\" content=\"index, follow, max-snippet:-1, max-image-preview:large, max-video-preview:-1\" \/>\n<link rel=\"canonical\" href=\"https:\/\/www.estrategiaconcursos.com.br\/blog\/concurso-prefeitura-uba\/\" \/>\n<meta property=\"og:locale\" content=\"pt_BR\" \/>\n<meta property=\"og:type\" content=\"article\" \/>\n<meta property=\"og:title\" content=\"Concurso Prefeitura de Ub\u00e1: inscri\u00e7\u00f5es ENCERRADAS!\" \/>\n<meta property=\"og:description\" content=\"Concurso Prefeitura de Ub\u00e1 - MG: inscri\u00e7\u00f5es ENCERRADAS! Provas ser\u00e3o aplicadas na segunda quinzena de dezembro!\" \/>\n<meta property=\"og:url\" content=\"https:\/\/www.estrategiaconcursos.com.br\/blog\/concurso-prefeitura-uba\/\" \/>\n<meta property=\"og:site_name\" content=\"Estrat\u00e9gia Concursos\" \/>\n<meta property=\"article:author\" content=\"https:\/\/www.facebook.com\/EstrategiaConcursos\" \/>\n<meta property=\"article:published_time\" content=\"2021-11-17T02:59:00+00:00\" \/>\n<meta property=\"article:modified_time\" content=\"2024-01-11T17:21:25+00:00\" \/>\n<meta property=\"og:image\" content=\"https:\/\/dhg1h5j42swfq.cloudfront.net\/2021\/09\/29120453\/prefeitura_de_uba.jpg\" \/>\n\t<meta property=\"og:image:width\" content=\"768\" \/>\n\t<meta property=\"og:image:height\" content=\"432\" \/>\n\t<meta property=\"og:image:type\" content=\"image\/jpeg\" \/>\n<meta name=\"author\" content=\"Coordena\u00e7\u00e3o\" \/>\n<meta name=\"twitter:card\" content=\"summary_large_image\" \/>\n<meta name=\"twitter:creator\" content=\"@EstratConcursos\" \/>\n<meta name=\"twitter:site\" content=\"@EstratConcursos\" \/>\n<meta name=\"twitter:label1\" content=\"Escrito por\" \/>\n\t<meta name=\"twitter:data1\" content=\"Coordena\u00e7\u00e3o\" \/>\n\t<meta name=\"twitter:label2\" content=\"Est. tempo de leitura\" \/>\n\t<meta name=\"twitter:data2\" content=\"6 minutos\" \/>\n<script type=\"application\/ld+json\" class=\"yoast-schema-graph\">{\"@context\":\"https:\/\/schema.org\",\"@graph\":[{\"@type\":\"NewsArticle\",\"@id\":\"https:\/\/www.estrategiaconcursos.com.br\/blog\/concurso-prefeitura-uba\/#article\",\"isPartOf\":{\"@id\":\"https:\/\/www.estrategiaconcursos.com.br\/blog\/concurso-prefeitura-uba\/\"},\"author\":{\"name\":\"Coordena\u00e7\u00e3o\",\"@id\":\"https:\/\/www.estrategiaconcursos.com.br\/blog\/#\/schema\/person\/b4a388c97673c5f483d72185668afa1f\"},\"headline\":\"Concurso Prefeitura de Ub\u00e1: inscri\u00e7\u00f5es ENCERRADAS!\",\"datePublished\":\"2021-11-17T02:59:00+00:00\",\"dateModified\":\"2024-01-11T17:21:25+00:00\",\"mainEntityOfPage\":{\"@id\":\"https:\/\/www.estrategiaconcursos.com.br\/blog\/concurso-prefeitura-uba\/\"},\"wordCount\":1117,\"commentCount\":2,\"publisher\":{\"@id\":\"https:\/\/www.estrategiaconcursos.com.br\/blog\/#organization\"},\"image\":{\"@id\":\"https:\/\/www.estrategiaconcursos.com.br\/blog\/concurso-prefeitura-uba\/#primaryimage\"},\"thumbnailUrl\":\"https:\/\/dhg1h5j42swfq.cloudfront.net\/2021\/09\/29120453\/prefeitura_de_uba.jpg\",\"articleSection\":[\"Executivo (Administrativa)\"],\"inLanguage\":\"pt-BR\",\"potentialAction\":[{\"@type\":\"CommentAction\",\"name\":\"Comment\",\"target\":[\"https:\/\/www.estrategiaconcursos.com.br\/blog\/concurso-prefeitura-uba\/#respond\"]}],\"copyrightYear\":\"2021\",\"copyrightHolder\":{\"@id\":\"https:\/\/www.estrategiaconcursos.com.br\/blog\/#organization\"}},{\"@type\":\"WebPage\",\"@id\":\"https:\/\/www.estrategiaconcursos.com.br\/blog\/concurso-prefeitura-uba\/\",\"url\":\"https:\/\/www.estrategiaconcursos.com.br\/blog\/concurso-prefeitura-uba\/\",\"name\":\"Concurso Prefeitura de Ub\u00e1: inscri\u00e7\u00f5es ENCERRADAS!\",\"isPartOf\":{\"@id\":\"https:\/\/www.estrategiaconcursos.com.br\/blog\/#website\"},\"primaryImageOfPage\":{\"@id\":\"https:\/\/www.estrategiaconcursos.com.br\/blog\/concurso-prefeitura-uba\/#primaryimage\"},\"image\":{\"@id\":\"https:\/\/www.estrategiaconcursos.com.br\/blog\/concurso-prefeitura-uba\/#primaryimage\"},\"thumbnailUrl\":\"https:\/\/dhg1h5j42swfq.cloudfront.net\/2021\/09\/29120453\/prefeitura_de_uba.jpg\",\"datePublished\":\"2021-11-17T02:59:00+00:00\",\"dateModified\":\"2024-01-11T17:21:25+00:00\",\"description\":\"Concurso Prefeitura de Ub\u00e1 - MG: inscri\u00e7\u00f5es ENCERRADAS! Provas ser\u00e3o aplicadas na segunda quinzena de dezembro!\",\"breadcrumb\":{\"@id\":\"https:\/\/www.estrategiaconcursos.com.br\/blog\/concurso-prefeitura-uba\/#breadcrumb\"},\"inLanguage\":\"pt-BR\",\"potentialAction\":[{\"@type\":\"ReadAction\",\"target\":[\"https:\/\/www.estrategiaconcursos.com.br\/blog\/concurso-prefeitura-uba\/\"]}]},{\"@type\":\"ImageObject\",\"inLanguage\":\"pt-BR\",\"@id\":\"https:\/\/www.estrategiaconcursos.com.br\/blog\/concurso-prefeitura-uba\/#primaryimage\",\"url\":\"https:\/\/dhg1h5j42swfq.cloudfront.net\/2021\/09\/29120453\/prefeitura_de_uba.jpg\",\"contentUrl\":\"https:\/\/dhg1h5j42swfq.cloudfront.net\/2021\/09\/29120453\/prefeitura_de_uba.jpg\",\"width\":768,\"height\":432},{\"@type\":\"BreadcrumbList\",\"@id\":\"https:\/\/www.estrategiaconcursos.com.br\/blog\/concurso-prefeitura-uba\/#breadcrumb\",\"itemListElement\":[{\"@type\":\"ListItem\",\"position\":1,\"name\":\"In\u00edcio\",\"item\":\"https:\/\/www.estrategiaconcursos.com.br\/blog\/\"},{\"@type\":\"ListItem\",\"position\":2,\"name\":\"Concurso Prefeitura de Ub\u00e1: inscri\u00e7\u00f5es ENCERRADAS!\"}]},{\"@type\":\"WebSite\",\"@id\":\"https:\/\/www.estrategiaconcursos.com.br\/blog\/#website\",\"url\":\"https:\/\/www.estrategiaconcursos.com.br\/blog\/\",\"name\":\"Estrat\u00e9gia Concursos\",\"description\":\"O blog da Estrat\u00e9gia Concursos traz not\u00edcias sobre concursos e artigos de professores oferecendo cursos para concursos (pdf + videaulas) no site.\",\"publisher\":{\"@id\":\"https:\/\/www.estrategiaconcursos.com.br\/blog\/#organization\"},\"potentialAction\":[{\"@type\":\"SearchAction\",\"target\":{\"@type\":\"EntryPoint\",\"urlTemplate\":\"https:\/\/www.estrategiaconcursos.com.br\/blog\/?s={search_term_string}\"},\"query-input\":{\"@type\":\"PropertyValueSpecification\",\"valueRequired\":true,\"valueName\":\"search_term_string\"}}],\"inLanguage\":\"pt-BR\"},{\"@type\":\"Organization\",\"@id\":\"https:\/\/www.estrategiaconcursos.com.br\/blog\/#organization\",\"name\":\"Estrat\u00e9gia Concursos\",\"url\":\"https:\/\/www.estrategiaconcursos.com.br\/blog\/\",\"logo\":{\"@type\":\"ImageObject\",\"inLanguage\":\"pt-BR\",\"@id\":\"https:\/\/www.estrategiaconcursos.com.br\/blog\/#\/schema\/logo\/image\/\",\"url\":\"https:\/\/dhg1h5j42swfq.cloudfront.net\/2025\/06\/03203428\/logo_concursos-1.jpg\",\"contentUrl\":\"https:\/\/dhg1h5j42swfq.cloudfront.net\/2025\/06\/03203428\/logo_concursos-1.jpg\",\"width\":230,\"height\":60,\"caption\":\"Estrat\u00e9gia Concursos\"},\"image\":{\"@id\":\"https:\/\/www.estrategiaconcursos.com.br\/blog\/#\/schema\/logo\/image\/\"},\"sameAs\":[\"https:\/\/x.com\/EstratConcursos\"]},{\"@type\":\"Person\",\"@id\":\"https:\/\/www.estrategiaconcursos.com.br\/blog\/#\/schema\/person\/b4a388c97673c5f483d72185668afa1f\",\"name\":\"Coordena\u00e7\u00e3o\",\"image\":{\"@type\":\"ImageObject\",\"inLanguage\":\"pt-BR\",\"@id\":\"https:\/\/secure.gravatar.com\/avatar\/b720319e4c9a967eb58678d110f4fe35452fc5d5f97b202bac7b8acceb18c6ad?s=96&d=mm&r=g\",\"url\":\"https:\/\/secure.gravatar.com\/avatar\/b720319e4c9a967eb58678d110f4fe35452fc5d5f97b202bac7b8acceb18c6ad?s=96&d=mm&r=g\",\"contentUrl\":\"https:\/\/secure.gravatar.com\/avatar\/b720319e4c9a967eb58678d110f4fe35452fc5d5f97b202bac7b8acceb18c6ad?s=96&d=mm&r=g\",\"caption\":\"Coordena\u00e7\u00e3o\"},\"sameAs\":[\"https:\/\/www.facebook.com\/EstrategiaConcursos\",\"https:\/\/x.com\/EstratConcursos\"],\"url\":\"https:\/\/www.estrategiaconcursos.com.br\/blog\/author\/estrategia2013\/\"}]}<\/script>\n<!-- \/ Yoast SEO Premium plugin. -->","yoast_head_json":{"title":"Concurso Prefeitura de Ub\u00e1: inscri\u00e7\u00f5es ENCERRADAS!","description":"Concurso Prefeitura de Ub\u00e1 - MG: inscri\u00e7\u00f5es ENCERRADAS! Provas ser\u00e3o aplicadas na segunda quinzena de dezembro!","robots":{"index":"index","follow":"follow","max-snippet":"max-snippet:-1","max-image-preview":"max-image-preview:large","max-video-preview":"max-video-preview:-1"},"canonical":"https:\/\/www.estrategiaconcursos.com.br\/blog\/concurso-prefeitura-uba\/","og_locale":"pt_BR","og_type":"article","og_title":"Concurso Prefeitura de Ub\u00e1: inscri\u00e7\u00f5es ENCERRADAS!","og_description":"Concurso Prefeitura de Ub\u00e1 - MG: inscri\u00e7\u00f5es ENCERRADAS! Provas ser\u00e3o aplicadas na segunda quinzena de dezembro!","og_url":"https:\/\/www.estrategiaconcursos.com.br\/blog\/concurso-prefeitura-uba\/","og_site_name":"Estrat\u00e9gia Concursos","article_author":"https:\/\/www.facebook.com\/EstrategiaConcursos","article_published_time":"2021-11-17T02:59:00+00:00","article_modified_time":"2024-01-11T17:21:25+00:00","og_image":[{"width":768,"height":432,"url":"https:\/\/dhg1h5j42swfq.cloudfront.net\/2021\/09\/29120453\/prefeitura_de_uba.jpg","type":"image\/jpeg"}],"author":"Coordena\u00e7\u00e3o","twitter_card":"summary_large_image","twitter_creator":"@EstratConcursos","twitter_site":"@EstratConcursos","twitter_misc":{"Escrito por":"Coordena\u00e7\u00e3o","Est. tempo de leitura":"6 minutos"},"schema":{"@context":"https:\/\/schema.org","@graph":[{"@type":"NewsArticle","@id":"https:\/\/www.estrategiaconcursos.com.br\/blog\/concurso-prefeitura-uba\/#article","isPartOf":{"@id":"https:\/\/www.estrategiaconcursos.com.br\/blog\/concurso-prefeitura-uba\/"},"author":{"name":"Coordena\u00e7\u00e3o","@id":"https:\/\/www.estrategiaconcursos.com.br\/blog\/#\/schema\/person\/b4a388c97673c5f483d72185668afa1f"},"headline":"Concurso Prefeitura de Ub\u00e1: inscri\u00e7\u00f5es ENCERRADAS!","datePublished":"2021-11-17T02:59:00+00:00","dateModified":"2024-01-11T17:21:25+00:00","mainEntityOfPage":{"@id":"https:\/\/www.estrategiaconcursos.com.br\/blog\/concurso-prefeitura-uba\/"},"wordCount":1117,"commentCount":2,"publisher":{"@id":"https:\/\/www.estrategiaconcursos.com.br\/blog\/#organization"},"image":{"@id":"https:\/\/www.estrategiaconcursos.com.br\/blog\/concurso-prefeitura-uba\/#primaryimage"},"thumbnailUrl":"https:\/\/dhg1h5j42swfq.cloudfront.net\/2021\/09\/29120453\/prefeitura_de_uba.jpg","articleSection":["Executivo (Administrativa)"],"inLanguage":"pt-BR","potentialAction":[{"@type":"CommentAction","name":"Comment","target":["https:\/\/www.estrategiaconcursos.com.br\/blog\/concurso-prefeitura-uba\/#respond"]}],"copyrightYear":"2021","copyrightHolder":{"@id":"https:\/\/www.estrategiaconcursos.com.br\/blog\/#organization"}},{"@type":"WebPage","@id":"https:\/\/www.estrategiaconcursos.com.br\/blog\/concurso-prefeitura-uba\/","url":"https:\/\/www.estrategiaconcursos.com.br\/blog\/concurso-prefeitura-uba\/","name":"Concurso Prefeitura de Ub\u00e1: inscri\u00e7\u00f5es ENCERRADAS!","isPartOf":{"@id":"https:\/\/www.estrategiaconcursos.com.br\/blog\/#website"},"primaryImageOfPage":{"@id":"https:\/\/www.estrategiaconcursos.com.br\/blog\/concurso-prefeitura-uba\/#primaryimage"},"image":{"@id":"https:\/\/www.estrategiaconcursos.com.br\/blog\/concurso-prefeitura-uba\/#primaryimage"},"thumbnailUrl":"https:\/\/dhg1h5j42swfq.cloudfront.net\/2021\/09\/29120453\/prefeitura_de_uba.jpg","datePublished":"2021-11-17T02:59:00+00:00","dateModified":"2024-01-11T17:21:25+00:00","description":"Concurso Prefeitura de Ub\u00e1 - MG: inscri\u00e7\u00f5es ENCERRADAS! Provas ser\u00e3o aplicadas na segunda quinzena de dezembro!","breadcrumb":{"@id":"https:\/\/www.estrategiaconcursos.com.br\/blog\/concurso-prefeitura-uba\/#breadcrumb"},"inLanguage":"pt-BR","potentialAction":[{"@type":"ReadAction","target":["https:\/\/www.estrategiaconcursos.com.br\/blog\/concurso-prefeitura-uba\/"]}]},{"@type":"ImageObject","inLanguage":"pt-BR","@id":"https:\/\/www.estrategiaconcursos.com.br\/blog\/concurso-prefeitura-uba\/#primaryimage","url":"https:\/\/dhg1h5j42swfq.cloudfront.net\/2021\/09\/29120453\/prefeitura_de_uba.jpg","contentUrl":"https:\/\/dhg1h5j42swfq.cloudfront.net\/2021\/09\/29120453\/prefeitura_de_uba.jpg","width":768,"height":432},{"@type":"BreadcrumbList","@id":"https:\/\/www.estrategiaconcursos.com.br\/blog\/concurso-prefeitura-uba\/#breadcrumb","itemListElement":[{"@type":"ListItem","position":1,"name":"In\u00edcio","item":"https:\/\/www.estrategiaconcursos.com.br\/blog\/"},{"@type":"ListItem","position":2,"name":"Concurso Prefeitura de Ub\u00e1: inscri\u00e7\u00f5es ENCERRADAS!"}]},{"@type":"WebSite","@id":"https:\/\/www.estrategiaconcursos.com.br\/blog\/#website","url":"https:\/\/www.estrategiaconcursos.com.br\/blog\/","name":"Estrat\u00e9gia Concursos","description":"O blog da Estrat\u00e9gia Concursos traz not\u00edcias sobre concursos e artigos de professores oferecendo cursos para concursos (pdf + videaulas) no site.","publisher":{"@id":"https:\/\/www.estrategiaconcursos.com.br\/blog\/#organization"},"potentialAction":[{"@type":"SearchAction","target":{"@type":"EntryPoint","urlTemplate":"https:\/\/www.estrategiaconcursos.com.br\/blog\/?s={search_term_string}"},"query-input":{"@type":"PropertyValueSpecification","valueRequired":true,"valueName":"search_term_string"}}],"inLanguage":"pt-BR"},{"@type":"Organization","@id":"https:\/\/www.estrategiaconcursos.com.br\/blog\/#organization","name":"Estrat\u00e9gia Concursos","url":"https:\/\/www.estrategiaconcursos.com.br\/blog\/","logo":{"@type":"ImageObject","inLanguage":"pt-BR","@id":"https:\/\/www.estrategiaconcursos.com.br\/blog\/#\/schema\/logo\/image\/","url":"https:\/\/dhg1h5j42swfq.cloudfront.net\/2025\/06\/03203428\/logo_concursos-1.jpg","contentUrl":"https:\/\/dhg1h5j42swfq.cloudfront.net\/2025\/06\/03203428\/logo_concursos-1.jpg","width":230,"height":60,"caption":"Estrat\u00e9gia Concursos"},"image":{"@id":"https:\/\/www.estrategiaconcursos.com.br\/blog\/#\/schema\/logo\/image\/"},"sameAs":["https:\/\/x.com\/EstratConcursos"]},{"@type":"Person","@id":"https:\/\/www.estrategiaconcursos.com.br\/blog\/#\/schema\/person\/b4a388c97673c5f483d72185668afa1f","name":"Coordena\u00e7\u00e3o","image":{"@type":"ImageObject","inLanguage":"pt-BR","@id":"https:\/\/secure.gravatar.com\/avatar\/b720319e4c9a967eb58678d110f4fe35452fc5d5f97b202bac7b8acceb18c6ad?s=96&d=mm&r=g","url":"https:\/\/secure.gravatar.com\/avatar\/b720319e4c9a967eb58678d110f4fe35452fc5d5f97b202bac7b8acceb18c6ad?s=96&d=mm&r=g","contentUrl":"https:\/\/secure.gravatar.com\/avatar\/b720319e4c9a967eb58678d110f4fe35452fc5d5f97b202bac7b8acceb18c6ad?s=96&d=mm&r=g","caption":"Coordena\u00e7\u00e3o"},"sameAs":["https:\/\/www.facebook.com\/EstrategiaConcursos","https:\/\/x.com\/EstratConcursos"],"url":"https:\/\/www.estrategiaconcursos.com.br\/blog\/author\/estrategia2013\/"}]}},"_links":{"self":[{"href":"https:\/\/www.estrategiaconcursos.com.br\/blog\/wp-json\/wp\/v2\/posts\/474139","targetHints":{"allow":["GET"]}}],"collection":[{"href":"https:\/\/www.estrategiaconcursos.com.br\/blog\/wp-json\/wp\/v2\/posts"}],"about":[{"href":"https:\/\/www.estrategiaconcursos.com.br\/blog\/wp-json\/wp\/v2\/types\/post"}],"author":[{"embeddable":true,"href":"https:\/\/www.estrategiaconcursos.com.br\/blog\/wp-json\/wp\/v2\/users\/1"}],"replies":[{"embeddable":true,"href":"https:\/\/www.estrategiaconcursos.com.br\/blog\/wp-json\/wp\/v2\/comments?post=474139"}],"version-history":[{"count":66,"href":"https:\/\/www.estrategiaconcursos.com.br\/blog\/wp-json\/wp\/v2\/posts\/474139\/revisions"}],"predecessor-version":[{"id":1334377,"href":"https:\/\/www.estrategiaconcursos.com.br\/blog\/wp-json\/wp\/v2\/posts\/474139\/revisions\/1334377"}],"wp:featuredmedia":[{"embeddable":true,"href":"https:\/\/www.estrategiaconcursos.com.br\/blog\/wp-json\/wp\/v2\/media\/873378"}],"wp:attachment":[{"href":"https:\/\/www.estrategiaconcursos.com.br\/blog\/wp-json\/wp\/v2\/media?parent=474139"}],"wp:term":[{"taxonomy":"category","embeddable":true,"href":"https:\/\/www.estrategiaconcursos.com.br\/blog\/wp-json\/wp\/v2\/categories?post=474139"},{"taxonomy":"post_tag","embeddable":true,"href":"https:\/\/www.estrategiaconcursos.com.br\/blog\/wp-json\/wp\/v2\/tags?post=474139"},{"taxonomy":"tax_estado","embeddable":true,"href":"https:\/\/www.estrategiaconcursos.com.br\/blog\/wp-json\/wp\/v2\/tax_estado?post=474139"}],"curies":[{"name":"wp","href":"https:\/\/api.w.org\/{rel}","templated":true}]}}