{"id":474102,"date":"2020-01-26T21:44:12","date_gmt":"2020-01-27T00:44:12","guid":{"rendered":"https:\/\/www.estrategiaconcursos.com.br\/blog\/?p=474102"},"modified":"2020-01-26T21:44:15","modified_gmt":"2020-01-27T00:44:15","slug":"lancamento-trilha-estrategica-pos-edital-iss-santos-nesta-segunda-27-01","status":"publish","type":"post","link":"https:\/\/www.estrategiaconcursos.com.br\/blog\/lancamento-trilha-estrategica-pos-edital-iss-santos-nesta-segunda-27-01\/","title":{"rendered":"Lan\u00e7amento Trilha Estrat\u00e9gica P\u00f3s-Edital ISS-Santos nesta segunda, 27\/01."},"content":{"rendered":"<p>Ol\u00e1, concurseiros!<\/p>\n<p>No \u00faltimo dia 17 foi publicado o edital para o concurso da Prefeitura de Santos, a ser organizado pelo Instituto Brasileiro de Administra\u00e7\u00e3o Municipal \u2013 IBAM, com uma vaga para o cargo de Auditor Fiscal de Tributos Municipais. E, para ajuda-los na prepara\u00e7\u00e3o para este excelente cargo, teremos a Trilha Estrat\u00e9gica de P\u00f3s-Edital para o ISS-Santos.<\/p>\n<p>Para quem ainda n\u00e3o conhece, a Trilha Estrat\u00e9gica \u00e9 um direcionamento para seus estudos. Semanalmente, voc\u00ea ter\u00e1 acesso, em sua \u00e1rea do aluno, a um pdf com uma s\u00e9rie de tarefas com indica\u00e7\u00e3o de estudos para desenvolver ao longo da semana. Detalharemos quais aulas estudar, revis\u00f5es, quest\u00f5es, contaremos com um canal exclusivo no Telegram para envio de dicas de estudo e de informa\u00e7\u00f5es relevantes, al\u00e9m de lives ao vivo para tirar d\u00favidas com o coach organizador.<\/p>\n<p>A trilha, que ser\u00e1 lan\u00e7ada na segunda-feira dia 27\/01\/2020, ter\u00e1 dura\u00e7\u00e3o de 6 semanas, j\u00e1 que a prova est\u00e1 prevista para ocorrer no pr\u00f3ximo dia 08 de mar\u00e7o. Ser\u00e1 um tempo bem corrido, por isso daremos maior destaque aos assuntos mais prov\u00e1veis de virem em sua prova, segundo o padr\u00e3o de exig\u00eancia da banca.<\/p>\n<p>Ent\u00e3o, se almeja ser aprovado neste concurso, acompanhe a Trilha! Ser\u00e1 uma prepara\u00e7\u00e3o objetiva e direcionada!<\/p>\n<p>At\u00e9 l\u00e1!<br \/>\nAmanda Alves \u2013 coach do Estrat\u00e9gia Concursos<\/p>\n","protected":false},"excerpt":{"rendered":"<p>Ol\u00e1, concurseiros! No \u00faltimo dia 17 foi publicado o edital para o concurso da Prefeitura de Santos, a ser organizado pelo Instituto Brasileiro de Administra\u00e7\u00e3o Municipal \u2013 IBAM, com uma vaga para o cargo de Auditor Fiscal de Tributos Municipais. E, para ajuda-los na prepara\u00e7\u00e3o para este excelente cargo, teremos a Trilha Estrat\u00e9gica de P\u00f3s-Edital [&hellip;]<\/p>\n","protected":false},"author":977,"featured_media":0,"comment_status":"open","ping_status":"closed","sticky":false,"template":"","format":"standard","meta":{"post_tipo":"article","footnotes":""},"categories":[1],"tags":[],"tax_estado":[],"class_list":["post-474102","post","type-post","status-publish","format-standard","hentry","category-cursos-e-concursos"],"acf":[],"yoast_head":"<!-- This site is optimized with the Yoast SEO Premium plugin v27.2 (Yoast SEO v27.2) - https:\/\/yoast.com\/product\/yoast-seo-premium-wordpress\/ -->\n<title>Lan\u00e7amento Trilha Estrat\u00e9gica P\u00f3s-Edital ISS-Santos nesta segunda, 27\/01.<\/title>\n<meta name=\"robots\" content=\"index, follow, max-snippet:-1, max-image-preview:large, max-video-preview:-1\" \/>\n<link rel=\"canonical\" href=\"https:\/\/www.estrategiaconcursos.com.br\/blog\/lancamento-trilha-estrategica-pos-edital-iss-santos-nesta-segunda-27-01\/\" \/>\n<meta property=\"og:locale\" content=\"pt_BR\" \/>\n<meta property=\"og:type\" content=\"article\" \/>\n<meta property=\"og:title\" content=\"Lan\u00e7amento Trilha Estrat\u00e9gica P\u00f3s-Edital ISS-Santos nesta segunda, 27\/01.\" \/>\n<meta property=\"og:description\" content=\"Ol\u00e1, concurseiros! No \u00faltimo dia 17 foi publicado o edital para o concurso da Prefeitura de Santos, a ser organizado pelo Instituto Brasileiro de Administra\u00e7\u00e3o Municipal \u2013 IBAM, com uma vaga para o cargo de Auditor Fiscal de Tributos Municipais. E, para ajuda-los na prepara\u00e7\u00e3o para este excelente cargo, teremos a Trilha Estrat\u00e9gica de P\u00f3s-Edital [&hellip;]\" \/>\n<meta property=\"og:url\" content=\"https:\/\/www.estrategiaconcursos.com.br\/blog\/lancamento-trilha-estrategica-pos-edital-iss-santos-nesta-segunda-27-01\/\" \/>\n<meta property=\"og:site_name\" content=\"Estrat\u00e9gia Concursos\" \/>\n<meta property=\"article:published_time\" content=\"2020-01-27T00:44:12+00:00\" \/>\n<meta property=\"article:modified_time\" content=\"2020-01-27T00:44:15+00:00\" \/>\n<meta name=\"author\" content=\"Amanda Alves\" \/>\n<meta name=\"twitter:card\" content=\"summary_large_image\" \/>\n<meta name=\"twitter:creator\" content=\"@EstratConcursos\" \/>\n<meta name=\"twitter:site\" content=\"@EstratConcursos\" \/>\n<meta name=\"twitter:label1\" content=\"Escrito por\" \/>\n\t<meta name=\"twitter:data1\" content=\"Amanda Alves\" \/>\n\t<meta name=\"twitter:label2\" content=\"Est. tempo de leitura\" \/>\n\t<meta name=\"twitter:data2\" content=\"1 minuto\" \/>\n<script type=\"application\/ld+json\" class=\"yoast-schema-graph\">{\"@context\":\"https:\/\/schema.org\",\"@graph\":[{\"@type\":\"NewsArticle\",\"@id\":\"https:\/\/www.estrategiaconcursos.com.br\/blog\/lancamento-trilha-estrategica-pos-edital-iss-santos-nesta-segunda-27-01\/#article\",\"isPartOf\":{\"@id\":\"https:\/\/www.estrategiaconcursos.com.br\/blog\/lancamento-trilha-estrategica-pos-edital-iss-santos-nesta-segunda-27-01\/\"},\"author\":{\"name\":\"Amanda Alves\",\"@id\":\"https:\/\/www.estrategiaconcursos.com.br\/blog\/#\/schema\/person\/98623b0d57f14cabf551b439946d987a\"},\"headline\":\"Lan\u00e7amento Trilha Estrat\u00e9gica P\u00f3s-Edital ISS-Santos nesta segunda, 27\/01.\",\"datePublished\":\"2020-01-27T00:44:12+00:00\",\"dateModified\":\"2020-01-27T00:44:15+00:00\",\"mainEntityOfPage\":{\"@id\":\"https:\/\/www.estrategiaconcursos.com.br\/blog\/lancamento-trilha-estrategica-pos-edital-iss-santos-nesta-segunda-27-01\/\"},\"wordCount\":239,\"commentCount\":0,\"publisher\":{\"@id\":\"https:\/\/www.estrategiaconcursos.com.br\/blog\/#organization\"},\"articleSection\":[\"Concursos P\u00fablicos\"],\"inLanguage\":\"pt-BR\",\"potentialAction\":[{\"@type\":\"CommentAction\",\"name\":\"Comment\",\"target\":[\"https:\/\/www.estrategiaconcursos.com.br\/blog\/lancamento-trilha-estrategica-pos-edital-iss-santos-nesta-segunda-27-01\/#respond\"]}],\"copyrightYear\":\"2020\",\"copyrightHolder\":{\"@id\":\"https:\/\/www.estrategiaconcursos.com.br\/blog\/#organization\"}},{\"@type\":\"WebPage\",\"@id\":\"https:\/\/www.estrategiaconcursos.com.br\/blog\/lancamento-trilha-estrategica-pos-edital-iss-santos-nesta-segunda-27-01\/\",\"url\":\"https:\/\/www.estrategiaconcursos.com.br\/blog\/lancamento-trilha-estrategica-pos-edital-iss-santos-nesta-segunda-27-01\/\",\"name\":\"Lan\u00e7amento Trilha Estrat\u00e9gica P\u00f3s-Edital ISS-Santos nesta segunda, 27\/01.\",\"isPartOf\":{\"@id\":\"https:\/\/www.estrategiaconcursos.com.br\/blog\/#website\"},\"datePublished\":\"2020-01-27T00:44:12+00:00\",\"dateModified\":\"2020-01-27T00:44:15+00:00\",\"breadcrumb\":{\"@id\":\"https:\/\/www.estrategiaconcursos.com.br\/blog\/lancamento-trilha-estrategica-pos-edital-iss-santos-nesta-segunda-27-01\/#breadcrumb\"},\"inLanguage\":\"pt-BR\",\"potentialAction\":[{\"@type\":\"ReadAction\",\"target\":[\"https:\/\/www.estrategiaconcursos.com.br\/blog\/lancamento-trilha-estrategica-pos-edital-iss-santos-nesta-segunda-27-01\/\"]}]},{\"@type\":\"BreadcrumbList\",\"@id\":\"https:\/\/www.estrategiaconcursos.com.br\/blog\/lancamento-trilha-estrategica-pos-edital-iss-santos-nesta-segunda-27-01\/#breadcrumb\",\"itemListElement\":[{\"@type\":\"ListItem\",\"position\":1,\"name\":\"In\u00edcio\",\"item\":\"https:\/\/www.estrategiaconcursos.com.br\/blog\/\"},{\"@type\":\"ListItem\",\"position\":2,\"name\":\"Lan\u00e7amento Trilha Estrat\u00e9gica P\u00f3s-Edital ISS-Santos nesta segunda, 27\/01.\"}]},{\"@type\":\"WebSite\",\"@id\":\"https:\/\/www.estrategiaconcursos.com.br\/blog\/#website\",\"url\":\"https:\/\/www.estrategiaconcursos.com.br\/blog\/\",\"name\":\"Estrat\u00e9gia Concursos\",\"description\":\"O blog da Estrat\u00e9gia Concursos traz not\u00edcias sobre concursos e artigos de professores oferecendo cursos para concursos (pdf + videaulas) no site.\",\"publisher\":{\"@id\":\"https:\/\/www.estrategiaconcursos.com.br\/blog\/#organization\"},\"potentialAction\":[{\"@type\":\"SearchAction\",\"target\":{\"@type\":\"EntryPoint\",\"urlTemplate\":\"https:\/\/www.estrategiaconcursos.com.br\/blog\/?s={search_term_string}\"},\"query-input\":{\"@type\":\"PropertyValueSpecification\",\"valueRequired\":true,\"valueName\":\"search_term_string\"}}],\"inLanguage\":\"pt-BR\"},{\"@type\":\"Organization\",\"@id\":\"https:\/\/www.estrategiaconcursos.com.br\/blog\/#organization\",\"name\":\"Estrat\u00e9gia Concursos\",\"url\":\"https:\/\/www.estrategiaconcursos.com.br\/blog\/\",\"logo\":{\"@type\":\"ImageObject\",\"inLanguage\":\"pt-BR\",\"@id\":\"https:\/\/www.estrategiaconcursos.com.br\/blog\/#\/schema\/logo\/image\/\",\"url\":\"https:\/\/dhg1h5j42swfq.cloudfront.net\/2025\/06\/03203428\/logo_concursos-1.jpg\",\"contentUrl\":\"https:\/\/dhg1h5j42swfq.cloudfront.net\/2025\/06\/03203428\/logo_concursos-1.jpg\",\"width\":230,\"height\":60,\"caption\":\"Estrat\u00e9gia Concursos\"},\"image\":{\"@id\":\"https:\/\/www.estrategiaconcursos.com.br\/blog\/#\/schema\/logo\/image\/\"},\"sameAs\":[\"https:\/\/x.com\/EstratConcursos\"]},{\"@type\":\"Person\",\"@id\":\"https:\/\/www.estrategiaconcursos.com.br\/blog\/#\/schema\/person\/98623b0d57f14cabf551b439946d987a\",\"name\":\"Amanda Alves\",\"image\":{\"@type\":\"ImageObject\",\"inLanguage\":\"pt-BR\",\"@id\":\"https:\/\/secure.gravatar.com\/avatar\/c750b5c2106ccd05d7b280e72ac7595eac17fb09ad0103202ee504e62acb0b48?s=96&d=mm&r=g\",\"url\":\"https:\/\/secure.gravatar.com\/avatar\/c750b5c2106ccd05d7b280e72ac7595eac17fb09ad0103202ee504e62acb0b48?s=96&d=mm&r=g\",\"contentUrl\":\"https:\/\/secure.gravatar.com\/avatar\/c750b5c2106ccd05d7b280e72ac7595eac17fb09ad0103202ee504e62acb0b48?s=96&d=mm&r=g\",\"caption\":\"Amanda Alves\"},\"url\":\"https:\/\/www.estrategiaconcursos.com.br\/blog\/author\/amandaperpetuoalvesgmail-com\/\"}]}<\/script>\n<!-- \/ Yoast SEO Premium plugin. -->","yoast_head_json":{"title":"Lan\u00e7amento Trilha Estrat\u00e9gica P\u00f3s-Edital ISS-Santos nesta segunda, 27\/01.","robots":{"index":"index","follow":"follow","max-snippet":"max-snippet:-1","max-image-preview":"max-image-preview:large","max-video-preview":"max-video-preview:-1"},"canonical":"https:\/\/www.estrategiaconcursos.com.br\/blog\/lancamento-trilha-estrategica-pos-edital-iss-santos-nesta-segunda-27-01\/","og_locale":"pt_BR","og_type":"article","og_title":"Lan\u00e7amento Trilha Estrat\u00e9gica P\u00f3s-Edital ISS-Santos nesta segunda, 27\/01.","og_description":"Ol\u00e1, concurseiros! No \u00faltimo dia 17 foi publicado o edital para o concurso da Prefeitura de Santos, a ser organizado pelo Instituto Brasileiro de Administra\u00e7\u00e3o Municipal \u2013 IBAM, com uma vaga para o cargo de Auditor Fiscal de Tributos Municipais. E, para ajuda-los na prepara\u00e7\u00e3o para este excelente cargo, teremos a Trilha Estrat\u00e9gica de P\u00f3s-Edital [&hellip;]","og_url":"https:\/\/www.estrategiaconcursos.com.br\/blog\/lancamento-trilha-estrategica-pos-edital-iss-santos-nesta-segunda-27-01\/","og_site_name":"Estrat\u00e9gia Concursos","article_published_time":"2020-01-27T00:44:12+00:00","article_modified_time":"2020-01-27T00:44:15+00:00","author":"Amanda Alves","twitter_card":"summary_large_image","twitter_creator":"@EstratConcursos","twitter_site":"@EstratConcursos","twitter_misc":{"Escrito por":"Amanda Alves","Est. tempo de leitura":"1 minuto"},"schema":{"@context":"https:\/\/schema.org","@graph":[{"@type":"NewsArticle","@id":"https:\/\/www.estrategiaconcursos.com.br\/blog\/lancamento-trilha-estrategica-pos-edital-iss-santos-nesta-segunda-27-01\/#article","isPartOf":{"@id":"https:\/\/www.estrategiaconcursos.com.br\/blog\/lancamento-trilha-estrategica-pos-edital-iss-santos-nesta-segunda-27-01\/"},"author":{"name":"Amanda Alves","@id":"https:\/\/www.estrategiaconcursos.com.br\/blog\/#\/schema\/person\/98623b0d57f14cabf551b439946d987a"},"headline":"Lan\u00e7amento Trilha Estrat\u00e9gica P\u00f3s-Edital ISS-Santos nesta segunda, 27\/01.","datePublished":"2020-01-27T00:44:12+00:00","dateModified":"2020-01-27T00:44:15+00:00","mainEntityOfPage":{"@id":"https:\/\/www.estrategiaconcursos.com.br\/blog\/lancamento-trilha-estrategica-pos-edital-iss-santos-nesta-segunda-27-01\/"},"wordCount":239,"commentCount":0,"publisher":{"@id":"https:\/\/www.estrategiaconcursos.com.br\/blog\/#organization"},"articleSection":["Concursos P\u00fablicos"],"inLanguage":"pt-BR","potentialAction":[{"@type":"CommentAction","name":"Comment","target":["https:\/\/www.estrategiaconcursos.com.br\/blog\/lancamento-trilha-estrategica-pos-edital-iss-santos-nesta-segunda-27-01\/#respond"]}],"copyrightYear":"2020","copyrightHolder":{"@id":"https:\/\/www.estrategiaconcursos.com.br\/blog\/#organization"}},{"@type":"WebPage","@id":"https:\/\/www.estrategiaconcursos.com.br\/blog\/lancamento-trilha-estrategica-pos-edital-iss-santos-nesta-segunda-27-01\/","url":"https:\/\/www.estrategiaconcursos.com.br\/blog\/lancamento-trilha-estrategica-pos-edital-iss-santos-nesta-segunda-27-01\/","name":"Lan\u00e7amento Trilha Estrat\u00e9gica P\u00f3s-Edital ISS-Santos nesta segunda, 27\/01.","isPartOf":{"@id":"https:\/\/www.estrategiaconcursos.com.br\/blog\/#website"},"datePublished":"2020-01-27T00:44:12+00:00","dateModified":"2020-01-27T00:44:15+00:00","breadcrumb":{"@id":"https:\/\/www.estrategiaconcursos.com.br\/blog\/lancamento-trilha-estrategica-pos-edital-iss-santos-nesta-segunda-27-01\/#breadcrumb"},"inLanguage":"pt-BR","potentialAction":[{"@type":"ReadAction","target":["https:\/\/www.estrategiaconcursos.com.br\/blog\/lancamento-trilha-estrategica-pos-edital-iss-santos-nesta-segunda-27-01\/"]}]},{"@type":"BreadcrumbList","@id":"https:\/\/www.estrategiaconcursos.com.br\/blog\/lancamento-trilha-estrategica-pos-edital-iss-santos-nesta-segunda-27-01\/#breadcrumb","itemListElement":[{"@type":"ListItem","position":1,"name":"In\u00edcio","item":"https:\/\/www.estrategiaconcursos.com.br\/blog\/"},{"@type":"ListItem","position":2,"name":"Lan\u00e7amento Trilha Estrat\u00e9gica P\u00f3s-Edital ISS-Santos nesta segunda, 27\/01."}]},{"@type":"WebSite","@id":"https:\/\/www.estrategiaconcursos.com.br\/blog\/#website","url":"https:\/\/www.estrategiaconcursos.com.br\/blog\/","name":"Estrat\u00e9gia Concursos","description":"O blog da Estrat\u00e9gia Concursos traz not\u00edcias sobre concursos e artigos de professores oferecendo cursos para concursos (pdf + videaulas) no site.","publisher":{"@id":"https:\/\/www.estrategiaconcursos.com.br\/blog\/#organization"},"potentialAction":[{"@type":"SearchAction","target":{"@type":"EntryPoint","urlTemplate":"https:\/\/www.estrategiaconcursos.com.br\/blog\/?s={search_term_string}"},"query-input":{"@type":"PropertyValueSpecification","valueRequired":true,"valueName":"search_term_string"}}],"inLanguage":"pt-BR"},{"@type":"Organization","@id":"https:\/\/www.estrategiaconcursos.com.br\/blog\/#organization","name":"Estrat\u00e9gia Concursos","url":"https:\/\/www.estrategiaconcursos.com.br\/blog\/","logo":{"@type":"ImageObject","inLanguage":"pt-BR","@id":"https:\/\/www.estrategiaconcursos.com.br\/blog\/#\/schema\/logo\/image\/","url":"https:\/\/dhg1h5j42swfq.cloudfront.net\/2025\/06\/03203428\/logo_concursos-1.jpg","contentUrl":"https:\/\/dhg1h5j42swfq.cloudfront.net\/2025\/06\/03203428\/logo_concursos-1.jpg","width":230,"height":60,"caption":"Estrat\u00e9gia Concursos"},"image":{"@id":"https:\/\/www.estrategiaconcursos.com.br\/blog\/#\/schema\/logo\/image\/"},"sameAs":["https:\/\/x.com\/EstratConcursos"]},{"@type":"Person","@id":"https:\/\/www.estrategiaconcursos.com.br\/blog\/#\/schema\/person\/98623b0d57f14cabf551b439946d987a","name":"Amanda Alves","image":{"@type":"ImageObject","inLanguage":"pt-BR","@id":"https:\/\/secure.gravatar.com\/avatar\/c750b5c2106ccd05d7b280e72ac7595eac17fb09ad0103202ee504e62acb0b48?s=96&d=mm&r=g","url":"https:\/\/secure.gravatar.com\/avatar\/c750b5c2106ccd05d7b280e72ac7595eac17fb09ad0103202ee504e62acb0b48?s=96&d=mm&r=g","contentUrl":"https:\/\/secure.gravatar.com\/avatar\/c750b5c2106ccd05d7b280e72ac7595eac17fb09ad0103202ee504e62acb0b48?s=96&d=mm&r=g","caption":"Amanda Alves"},"url":"https:\/\/www.estrategiaconcursos.com.br\/blog\/author\/amandaperpetuoalvesgmail-com\/"}]}},"_links":{"self":[{"href":"https:\/\/www.estrategiaconcursos.com.br\/blog\/wp-json\/wp\/v2\/posts\/474102","targetHints":{"allow":["GET"]}}],"collection":[{"href":"https:\/\/www.estrategiaconcursos.com.br\/blog\/wp-json\/wp\/v2\/posts"}],"about":[{"href":"https:\/\/www.estrategiaconcursos.com.br\/blog\/wp-json\/wp\/v2\/types\/post"}],"author":[{"embeddable":true,"href":"https:\/\/www.estrategiaconcursos.com.br\/blog\/wp-json\/wp\/v2\/users\/977"}],"replies":[{"embeddable":true,"href":"https:\/\/www.estrategiaconcursos.com.br\/blog\/wp-json\/wp\/v2\/comments?post=474102"}],"version-history":[{"count":1,"href":"https:\/\/www.estrategiaconcursos.com.br\/blog\/wp-json\/wp\/v2\/posts\/474102\/revisions"}],"predecessor-version":[{"id":474107,"href":"https:\/\/www.estrategiaconcursos.com.br\/blog\/wp-json\/wp\/v2\/posts\/474102\/revisions\/474107"}],"wp:attachment":[{"href":"https:\/\/www.estrategiaconcursos.com.br\/blog\/wp-json\/wp\/v2\/media?parent=474102"}],"wp:term":[{"taxonomy":"category","embeddable":true,"href":"https:\/\/www.estrategiaconcursos.com.br\/blog\/wp-json\/wp\/v2\/categories?post=474102"},{"taxonomy":"post_tag","embeddable":true,"href":"https:\/\/www.estrategiaconcursos.com.br\/blog\/wp-json\/wp\/v2\/tags?post=474102"},{"taxonomy":"tax_estado","embeddable":true,"href":"https:\/\/www.estrategiaconcursos.com.br\/blog\/wp-json\/wp\/v2\/tax_estado?post=474102"}],"curies":[{"name":"wp","href":"https:\/\/api.w.org\/{rel}","templated":true}]}}