{"id":474089,"date":"2020-01-26T21:08:40","date_gmt":"2020-01-27T00:08:40","guid":{"rendered":"https:\/\/www.estrategiaconcursos.com.br\/blog\/?p=474089"},"modified":"2020-01-26T21:08:41","modified_gmt":"2020-01-27T00:08:41","slug":"iss-imperatriz-prova-de-direito-tributario-comentada","status":"publish","type":"post","link":"https:\/\/www.estrategiaconcursos.com.br\/blog\/iss-imperatriz-prova-de-direito-tributario-comentada\/","title":{"rendered":"ISS-Imperatriz &#8211; Prova de Direito Tribut\u00e1rio Comentada"},"content":{"rendered":"\n<p>Ol\u00e1, meus amigos, tudo bem?<\/p>\n\n\n\n<p>Meu nome \u00e9 F\u00e1bio Dutra, sou professor de Direito Tribut\u00e1rio\ndo Estrat\u00e9gia Concursos e Auditor-Fiscal da RFB.<\/p>\n\n\n\n<p>Estou aqui com voc\u00eas, pois hoje foi aplicada a prova do\nconcurso ISS-Imperatriz \u2013 Auditor Fiscal, e como de costume, j\u00e1 providenciamos\na sua resolu\u00e7\u00e3o neste artigo. Vale ressaltar que este \u00e9 um gabarito\nextraoficial, considerando a legisla\u00e7\u00e3o em vigor e a jurisprud\u00eancia e doutrina\ndominante sobre o tema.<\/p>\n\n\n\n<p>Ap\u00f3s uma r\u00e1pida an\u00e1lise, acreditamos que a quest\u00e3o 47 tem\ntudo para ser anulada! <\/p>\n\n\n\n<p>Antes de iniciarmos a resolu\u00e7\u00e3o, convido voc\u00ea a me seguir l\u00e1 no Instagram, para acompanhar os pr\u00f3ximos concursos da \u00e1rea fiscal bem como os projetos gratuitos de quest\u00f5es comentadas: <a href=\"http:\/\/www.instagram.com\/proffabiodutra\">@proffabiodutra<\/a><\/p>\n\n\n\n<hr class=\"wp-block-separator\" \/>\n\n\n\n<p>45 &#8211; Em raz\u00e3o do exerc\u00edcio do poder de pol\u00edcia \u00e9 facultado\nao munic\u00edpio de imperatriz no \u00e2mbito de suas atribui\u00e7\u00f5es, exigir do sujeito\npassivo uma presta\u00e7\u00e3o compuls\u00f3ria denominada <\/p>\n\n\n\n<p>A) alvar\u00e1.<\/p>\n\n\n\n<p>B) contribui\u00e7\u00e3o.<\/p>\n\n\n\n<p>C) tarifa.<\/p>\n\n\n\n<p>D) taxa.<\/p>\n\n\n\n<p>E) emolumento.<\/p>\n\n\n\n<p>Coment\u00e1rio: &nbsp;O tributo\ncujo fato gerador \u00e9 representado pelo exerc\u00edcio regular do poder de pol\u00edcia \u00e9 a\ntaxa.<\/p>\n\n\n\n<p><strong>Gabarito Extraoficial: Letra \u00a0D<\/strong><\/p>\n\n\n\n<hr class=\"wp-block-separator\" \/>\n\n\n\n<p>46 &#8211; Ao dispor sobre as limita\u00e7\u00f5es ao poder de tributar, a\nConstitui\u00e7\u00e3o federal estabelece a proibi\u00e7\u00e3o de cobrar tributo antes de\ndecorridos 90 dias da data em que tenha sido publicada a lei que os instituiu\nou aumentou. Essa regra , no entanto, n\u00e3o \u00e9 aplic\u00e1vel para <\/p>\n\n\n\n<p>A) produtos industrializados.<\/p>\n\n\n\n<p>B) opera\u00e7\u00f5es de cr\u00e9dito, c\u00e2mbio e seguro <\/p>\n\n\n\n<p>C) imposto sobre servi\u00e7os de qualquer natureza <\/p>\n\n\n\n<p>D) imposto sobre grandes fortunas <\/p>\n\n\n\n<p>E) propriedade territorial rural <\/p>\n\n\n\n<p>Coment\u00e1rio: &nbsp;&nbsp;O princ\u00edpio da noventena n\u00e3o \u00e9 aplic\u00e1vel ao IOF.\nLogo a alternativa correta \u00e9 a letra b.<\/p>\n\n\n\n<p><strong>Gabarito Extraoficial: Letra B<\/strong><\/p>\n\n\n\n<hr class=\"wp-block-separator\" \/>\n\n\n\n<p>47 &#8211; Para estabelecer normas gerais em mat\u00e9ria de legisla\u00e7\u00e3o\ntribut\u00e1ria como por exemplo obriga\u00e7\u00e3o, lan\u00e7amento, cr\u00e9dito e prescri\u00e7\u00e3o de\ntributos fisco municipal de imperatriz dever\u00e1 se valer de <\/p>\n\n\n\n<p>A) Lei delegada da C\u00e2mara de vereadores <\/p>\n\n\n\n<p>B) lei ordin\u00e1ria municipal <\/p>\n\n\n\n<p>C) lei complementar municipal <\/p>\n\n\n\n<p>D) decreto do poder executivo <\/p>\n\n\n\n<p>E) lei federal ou estadual, conforme o tributo <\/p>\n\n\n\n<p>Coment\u00e1rio: &nbsp;Em nossa\nopini\u00e3o, esta quest\u00e3o n\u00e3o tem resposta correta, haja vista que compete \u00e0 Uni\u00e3o,\naos Estados e ao Distrito Federal legislar concorrentemente sobre direito\ntribut\u00e1rio (CF\/88, art. 24, I). Quanto a este ponto, cabe \u00e0 Uni\u00e3o a defini\u00e7\u00e3o\ndas normas gerais de direito tribut\u00e1rio (CF\/88, art. 24, \u00a7 1\u00ba). Assim,\nconsiderando o que disp\u00f5e o art. 146, III, da CF\/88, a lei complementar que\ndisp\u00f5e sobre normas gerais em mat\u00e9ria de legisla\u00e7\u00e3o tribut\u00e1ria \u00e9 federal, como\no C\u00f3digo Tribut\u00e1rio Nacional.<\/p>\n\n\n\n<p><strong>Gabarito Extraoficial: Sem resposta<\/strong><\/p>\n\n\n\n<hr class=\"wp-block-separator\" \/>\n\n\n\n<p>48 &#8211; A legisla\u00e7\u00e3o tribut\u00e1ria que trata da suspens\u00e3o ou\nexclus\u00e3o do cr\u00e9dito tribut\u00e1rio deve ser interpretada de forma <\/p>\n\n\n\n<p>A) literal.<\/p>\n\n\n\n<p>B) equ\u00e2nime<\/p>\n\n\n\n<p>C) sistem\u00e1tica.<\/p>\n\n\n\n<p>D) hist\u00f3rica.<\/p>\n\n\n\n<p>E) l\u00f3gica.<\/p>\n\n\n\n<p>Coment\u00e1rio: &nbsp;De acordo\ncom o art. 111, do CTN, a legisla\u00e7\u00e3o tribut\u00e1ria que trata da suspens\u00e3o ou\nexclus\u00e3o do cr\u00e9dito tribut\u00e1rio deve ser interpretada de forma literal.<\/p>\n\n\n\n<p><strong>Gabarito Extraoficial: Letra A<\/strong><\/p>\n\n\n\n<hr class=\"wp-block-separator\" \/>\n\n\n\n<p>49 &#8211; Quando a autoridade competente para aplicar a\nlegisla\u00e7\u00e3o tribut\u00e1ria se v\u00ea diante de uma lacuna &#8211; ou seja, se depara com a\naus\u00eancia de disposi\u00e7\u00e3o expressa para um caso espec\u00edfico &#8211; deve ser utilizar,\npara suprir essa lacuna, principalmente, <\/p>\n\n\n\n<p>A) do dever fiscal de arrecadar <\/p>\n\n\n\n<p>B) da equidade<\/p>\n\n\n\n<p>C) dos princ\u00edpios gerais de direito tribut\u00e1rio <\/p>\n\n\n\n<p>D) dos princ\u00edpios gerais de direito p\u00fablico <\/p>\n\n\n\n<p>E) da analogia <\/p>\n\n\n\n<p>Coment\u00e1rio: &nbsp;De acordo\ncom o art. 108, do CTN, primeiramente, deve-se utilizar o crit\u00e9rio da analogia.<\/p>\n\n\n\n<p><strong>Gabarito Extraoficial: Letra E<\/strong><\/p>\n\n\n\n<hr class=\"wp-block-separator\" \/>\n\n\n\n<p>50 &#8211; Sobre a obriga\u00e7\u00e3o tribut\u00e1ria acess\u00f3ria, \u00e9 correto\nafirmar que <\/p>\n\n\n\n<p>A) converte-se em obriga\u00e7\u00e3o principal sempre que o fato\ngerador do tributo assim dispuser <\/p>\n\n\n\n<p>B) surge com a ocorr\u00eancia do fato gerador e extingue-se com a\nentrega da declara\u00e7\u00e3o <\/p>\n\n\n\n<p>C) restringe-se \u00e0s declara\u00e7\u00f5es de interesse fiscal para a\narrecada\u00e7\u00e3o ou a fiscaliza\u00e7\u00e3o de tributos <\/p>\n\n\n\n<p>D) decorre da legisla\u00e7\u00e3o tribut\u00e1ria e tem por objeto presta\u00e7\u00f5es\npositivas ou negativas previstas na legisla\u00e7\u00e3o <\/p>\n\n\n\n<p>E) refere-se \u00e0s penalidades pecuni\u00e1rias de multas de juros\nincidente sobre parcelas de tributos pagas em atraso <\/p>\n\n\n\n<p>Coment\u00e1rio: &nbsp;<\/p>\n\n\n\n<p>Alternativa A: Tem obriga\u00e7\u00e3o tribut\u00e1ria acess\u00f3ria somente se\nconverte em obriga\u00e7\u00e3o principal quando descumprida pelo contribuinte. <\/p>\n\n\n\n<p>Alternativa B: N\u00e3o \u00e9 exatamente isso o que disp\u00f5em o CTN\nsobre a obriga\u00e7\u00e3o tribut\u00e1ria acess\u00f3ria. <\/p>\n\n\n\n<p>Alternativa C: \u00c9 obriga\u00e7\u00e3o acess\u00f3ria n\u00e3o se restringe \u00e0s\ndeclara\u00e7\u00f5es de interesse fiscal, abrangendo tamb\u00e9m outras obriga\u00e7\u00f5es de fazer\nou deixar de fazer.<\/p>\n\n\n\n<p>Alternativa D: De fato, o CTN estabelece que a obriga\u00e7\u00e3o\nacess\u00f3ria decorre da legisla\u00e7\u00e3o tribut\u00e1ria e tem por objeto presta\u00e7\u00f5es\npositivas ou negativas nela previstas no interesse da arrecada\u00e7\u00e3o ou\nfiscaliza\u00e7\u00e3o de tributos. Alternativa correta. <\/p>\n\n\n\n<p>Alternativa E: A obriga\u00e7\u00e3o tribut\u00e1ria acess\u00f3ria n\u00e3o se\nrefere ao pagamento, seja de tributo, multas, ou juros.<\/p>\n\n\n\n<p><strong>Gabarito Extraoficial: Letra D<\/strong> <\/p>\n\n\n\n<hr class=\"wp-block-separator\" \/>\n\n\n\n<p>51 &#8211; Aquele que, sem se revestir da condi\u00e7\u00e3o de\ncontribuinte, tem uma obriga\u00e7\u00e3o fiscal decorrente de disposi\u00e7\u00e3o expressa em\nlei, \u00e9 denominado <\/p>\n\n\n\n<p>A) sujeito passivo respons\u00e1vel <\/p>\n\n\n\n<p>B) sujeito ativo da obriga\u00e7\u00e3o principal <\/p>\n\n\n\n<p>C)&nbsp; sujeito ativo\ncompetente <\/p>\n\n\n\n<p>D) sujeito passivo solid\u00e1rio <\/p>\n\n\n\n<p>E) sujeito passivo coobrigado <\/p>\n\n\n\n<p>Coment\u00e1rio: &nbsp;Trata se\ndo sujeito passivo classificado como respons\u00e1vel, previsto no artigo 121 do CTN.<\/p>\n\n\n\n<p>G<strong>abarito Extraoficial: Letra A<\/strong><\/p>\n\n\n\n<hr class=\"wp-block-separator\" \/>\n\n\n\n<p>52 &#8211; Segundo o c\u00f3digo tribut\u00e1rio nacional, quando o\ncontribuinte pessoa f\u00edsica n\u00e3o possui resid\u00eancia habitual ou ela \u00e9 incerta ou\ndesconhecida, seu Domicilio tribut\u00e1rio passa a ser o (a)<\/p>\n\n\n\n<p>A) local estabelecido pelo sujeito ativo da obriga\u00e7\u00e3o <\/p>\n\n\n\n<p>B) resid\u00eancia de seus pais ou, na aus\u00eancia dos seus filhos <\/p>\n\n\n\n<p>C) centro habitual de sua atividade <\/p>\n\n\n\n<p>D) ag\u00eancia tribut\u00e1ria de seu munic\u00edpio de Nascimento <\/p>\n\n\n\n<p>E) lugar em que ele dispuser de bens im\u00f3veis <\/p>\n\n\n\n<p>Coment\u00e1rio: &nbsp;Nesta\nsitua\u00e7\u00e3o, o artigo 127 do c\u00f3digo tribut\u00e1rio nacional prev\u00ea que o Domicilio\ntribut\u00e1rio ser\u00e1 o seu centro habitual de atividade. <\/p>\n\n\n\n<p><strong>Gabarito Extraoficial: Letra C<\/strong><\/p>\n\n\n\n<hr class=\"wp-block-separator\" \/>\n\n\n\n<p>53 &#8211; &nbsp;As empresas ALFA\ne BETA fundiram seus patrim\u00f4nios para formar uma nova sociedade , a SIGMA. com\nrela\u00e7\u00e3o a responsabilidade tribut\u00e1ria, \u00e9 correto afirmar que a SIGMA se torna <\/p>\n\n\n\n<p>A) contribuinte de todos os impostos que ainda vierem a ser\nlan\u00e7ados contra ALFA e BETA<\/p>\n\n\n\n<p>B) respons\u00e1vel pelos tributos devidos por ALFA e BETA ap\u00f3s a\ndata da fus\u00e3o <\/p>\n\n\n\n<p>C) correspons\u00e1vel pelos tributos devidos por ALFA e BETA at\u00e9\na data da fus\u00e3o <\/p>\n\n\n\n<p>D) correspons\u00e1vel pelos tributos devidos por ALFA e BETA ap\u00f3s\na data da fus\u00e3o <\/p>\n\n\n\n<p>E) respons\u00e1vel pelos tributos devidos por ALFA e BETA at\u00e9 a\ndata da fus\u00e3o <\/p>\n\n\n\n<p>Coment\u00e1rio: &nbsp;&nbsp;De acordo com o artigo 132 do CTN , a empresa\nsucessora ser\u00e1 respons\u00e1vel pelos tributos devidos pelas empresas sucedidas at\u00e9\na data da fus\u00e3o. n\u00e3o se admite como resposta a corresponsabilidade, haja vista\nque a empresa sucedida foi extinta com a fus\u00e3o.<\/p>\n\n\n\n<p><strong>Gabarito Extraoficial: Letra E<\/strong><\/p>\n\n\n\n<hr class=\"wp-block-separator\" \/>\n\n\n\n<p>54 &#8211; Classifica-se como contribui\u00e7\u00e3o na composi\u00e7\u00e3o do\nsistema tribut\u00e1rio Municipal de imperatriz o(a)<\/p>\n\n\n\n<p>A) tarifa de fiscaliza\u00e7\u00e3o de obras de engenharia <\/p>\n\n\n\n<p>B) alvar\u00e1 de estabelecimento comercial <\/p>\n\n\n\n<p>C) taxa de servi\u00e7o de fiscaliza\u00e7\u00e3o sanit\u00e1ria <\/p>\n\n\n\n<p>D) imposto sobre servi\u00e7os de qualquer natureza <\/p>\n\n\n\n<p>E) custeio do servi\u00e7o de ilumina\u00e7\u00e3o p\u00fablica <\/p>\n\n\n\n<p>Coment\u00e1rio: &nbsp;&nbsp;A \u00fanica contribui\u00e7\u00e3o prevista entre as\nalternativas acima \u00e9 a letra E , contribui\u00e7\u00e3o para o custeio do servi\u00e7o de\nilumina\u00e7\u00e3o p\u00fablica.<\/p>\n\n\n\n<p><strong>Gabarito Extraoficial: Letra E<\/strong><\/p>\n\n\n\n<hr class=\"wp-block-separator\" \/>\n\n\n\n<p>59 &#8211; A contribui\u00e7\u00e3o de melhoria tem como fato gerador o\nacr\u00e9scimo do valor do im\u00f3vel localizado em \u00e1reas beneficiadas direta ou\nindiretamente por obras p\u00fablicas municipais . nessa condi\u00e7\u00e3o, a contribui\u00e7\u00e3o\npoder\u00e1 ser cobrada para fazer os custos das obras e ter\u00e1 como limite individual\n<\/p>\n\n\n\n<p>A) 50% aplicados sobre o acr\u00e9scimo de valor que o im\u00f3vel\nvier a ter com a obra <\/p>\n\n\n\n<p>B) o custo total da obra divido pelo n\u00famero de im\u00f3veis\nbeneficiados <\/p>\n\n\n\n<p>C) o acr\u00e9scimo de valor que da obra resultar para cada\nim\u00f3vel beneficiado <\/p>\n\n\n\n<p>D) 20% aplicados sobre o acr\u00e9scimo de valor que o im\u00f3vel\nvier a ter com a obra <\/p>\n\n\n\n<p>E) um quarto do valor venal do im\u00f3vel antes de iniciadas as\nobras de melhoria.<\/p>\n\n\n\n<p>Coment\u00e1rio: &nbsp;&nbsp;O limite individual da contribui\u00e7\u00e3o de\nmelhoria, previsto no c\u00f3digo tribut\u00e1rio nacional, corresponde ao acr\u00e9scimo de\nvalor que da obra resultar para cada im\u00f3vel beneficiado, tendo como limite\ntotal a despesa realizada.<\/p>\n\n\n\n<p><strong>Gabarito Extraoficial: Letra C<\/strong><\/p>\n","protected":false},"excerpt":{"rendered":"<p>Ol\u00e1, meus amigos, tudo bem? Meu nome \u00e9 F\u00e1bio Dutra, sou professor de Direito Tribut\u00e1rio do Estrat\u00e9gia Concursos e Auditor-Fiscal da RFB. Estou aqui com voc\u00eas, pois hoje foi aplicada a prova do concurso ISS-Imperatriz \u2013 Auditor Fiscal, e como de costume, j\u00e1 providenciamos a sua resolu\u00e7\u00e3o neste artigo. Vale ressaltar que este \u00e9 um [&hellip;]<\/p>\n","protected":false},"author":150,"featured_media":0,"comment_status":"open","ping_status":"closed","sticky":false,"template":"","format":"standard","meta":{"post_tipo":"article","footnotes":""},"categories":[1],"tags":[],"tax_estado":[],"class_list":["post-474089","post","type-post","status-publish","format-standard","hentry","category-cursos-e-concursos"],"acf":[],"yoast_head":"<!-- This site is optimized with the Yoast SEO Premium plugin v27.2 (Yoast SEO v27.2) - https:\/\/yoast.com\/product\/yoast-seo-premium-wordpress\/ -->\n<title>ISS-Imperatriz - Prova de Direito Tribut\u00e1rio Comentada<\/title>\n<meta name=\"robots\" content=\"index, follow, max-snippet:-1, max-image-preview:large, max-video-preview:-1\" \/>\n<link rel=\"canonical\" href=\"https:\/\/www.estrategiaconcursos.com.br\/blog\/iss-imperatriz-prova-de-direito-tributario-comentada\/\" \/>\n<meta property=\"og:locale\" content=\"pt_BR\" \/>\n<meta property=\"og:type\" content=\"article\" \/>\n<meta property=\"og:title\" content=\"ISS-Imperatriz - Prova de Direito Tribut\u00e1rio Comentada\" \/>\n<meta property=\"og:description\" content=\"Ol\u00e1, meus amigos, tudo bem? Meu nome \u00e9 F\u00e1bio Dutra, sou professor de Direito Tribut\u00e1rio do Estrat\u00e9gia Concursos e Auditor-Fiscal da RFB. Estou aqui com voc\u00eas, pois hoje foi aplicada a prova do concurso ISS-Imperatriz \u2013 Auditor Fiscal, e como de costume, j\u00e1 providenciamos a sua resolu\u00e7\u00e3o neste artigo. Vale ressaltar que este \u00e9 um [&hellip;]\" \/>\n<meta property=\"og:url\" content=\"https:\/\/www.estrategiaconcursos.com.br\/blog\/iss-imperatriz-prova-de-direito-tributario-comentada\/\" \/>\n<meta property=\"og:site_name\" content=\"Estrat\u00e9gia Concursos\" \/>\n<meta property=\"article:published_time\" content=\"2020-01-27T00:08:40+00:00\" \/>\n<meta property=\"article:modified_time\" content=\"2020-01-27T00:08:41+00:00\" \/>\n<meta name=\"author\" content=\"F\u00e1bio Dutra\" \/>\n<meta name=\"twitter:card\" content=\"summary_large_image\" \/>\n<meta name=\"twitter:creator\" content=\"@EstratConcursos\" \/>\n<meta name=\"twitter:site\" content=\"@EstratConcursos\" \/>\n<meta name=\"twitter:label1\" content=\"Escrito por\" \/>\n\t<meta name=\"twitter:data1\" content=\"F\u00e1bio Dutra\" \/>\n\t<meta name=\"twitter:label2\" content=\"Est. tempo de leitura\" \/>\n\t<meta name=\"twitter:data2\" content=\"7 minutos\" \/>\n<script type=\"application\/ld+json\" class=\"yoast-schema-graph\">{\"@context\":\"https:\/\/schema.org\",\"@graph\":[{\"@type\":\"NewsArticle\",\"@id\":\"https:\/\/www.estrategiaconcursos.com.br\/blog\/iss-imperatriz-prova-de-direito-tributario-comentada\/#article\",\"isPartOf\":{\"@id\":\"https:\/\/www.estrategiaconcursos.com.br\/blog\/iss-imperatriz-prova-de-direito-tributario-comentada\/\"},\"author\":{\"name\":\"F\u00e1bio Dutra\",\"@id\":\"https:\/\/www.estrategiaconcursos.com.br\/blog\/#\/schema\/person\/c6615b1e72eae70edca73ea5362ead63\"},\"headline\":\"ISS-Imperatriz &#8211; Prova de Direito Tribut\u00e1rio Comentada\",\"datePublished\":\"2020-01-27T00:08:40+00:00\",\"dateModified\":\"2020-01-27T00:08:41+00:00\",\"mainEntityOfPage\":{\"@id\":\"https:\/\/www.estrategiaconcursos.com.br\/blog\/iss-imperatriz-prova-de-direito-tributario-comentada\/\"},\"wordCount\":1499,\"commentCount\":2,\"publisher\":{\"@id\":\"https:\/\/www.estrategiaconcursos.com.br\/blog\/#organization\"},\"articleSection\":[\"Concursos P\u00fablicos\"],\"inLanguage\":\"pt-BR\",\"potentialAction\":[{\"@type\":\"CommentAction\",\"name\":\"Comment\",\"target\":[\"https:\/\/www.estrategiaconcursos.com.br\/blog\/iss-imperatriz-prova-de-direito-tributario-comentada\/#respond\"]}],\"copyrightYear\":\"2020\",\"copyrightHolder\":{\"@id\":\"https:\/\/www.estrategiaconcursos.com.br\/blog\/#organization\"}},{\"@type\":\"WebPage\",\"@id\":\"https:\/\/www.estrategiaconcursos.com.br\/blog\/iss-imperatriz-prova-de-direito-tributario-comentada\/\",\"url\":\"https:\/\/www.estrategiaconcursos.com.br\/blog\/iss-imperatriz-prova-de-direito-tributario-comentada\/\",\"name\":\"ISS-Imperatriz - Prova de Direito Tribut\u00e1rio Comentada\",\"isPartOf\":{\"@id\":\"https:\/\/www.estrategiaconcursos.com.br\/blog\/#website\"},\"datePublished\":\"2020-01-27T00:08:40+00:00\",\"dateModified\":\"2020-01-27T00:08:41+00:00\",\"breadcrumb\":{\"@id\":\"https:\/\/www.estrategiaconcursos.com.br\/blog\/iss-imperatriz-prova-de-direito-tributario-comentada\/#breadcrumb\"},\"inLanguage\":\"pt-BR\",\"potentialAction\":[{\"@type\":\"ReadAction\",\"target\":[\"https:\/\/www.estrategiaconcursos.com.br\/blog\/iss-imperatriz-prova-de-direito-tributario-comentada\/\"]}]},{\"@type\":\"BreadcrumbList\",\"@id\":\"https:\/\/www.estrategiaconcursos.com.br\/blog\/iss-imperatriz-prova-de-direito-tributario-comentada\/#breadcrumb\",\"itemListElement\":[{\"@type\":\"ListItem\",\"position\":1,\"name\":\"In\u00edcio\",\"item\":\"https:\/\/www.estrategiaconcursos.com.br\/blog\/\"},{\"@type\":\"ListItem\",\"position\":2,\"name\":\"ISS-Imperatriz &#8211; Prova de Direito Tribut\u00e1rio Comentada\"}]},{\"@type\":\"WebSite\",\"@id\":\"https:\/\/www.estrategiaconcursos.com.br\/blog\/#website\",\"url\":\"https:\/\/www.estrategiaconcursos.com.br\/blog\/\",\"name\":\"Estrat\u00e9gia Concursos\",\"description\":\"O blog da Estrat\u00e9gia Concursos traz not\u00edcias sobre concursos e artigos de professores oferecendo cursos para concursos (pdf + videaulas) no site.\",\"publisher\":{\"@id\":\"https:\/\/www.estrategiaconcursos.com.br\/blog\/#organization\"},\"potentialAction\":[{\"@type\":\"SearchAction\",\"target\":{\"@type\":\"EntryPoint\",\"urlTemplate\":\"https:\/\/www.estrategiaconcursos.com.br\/blog\/?s={search_term_string}\"},\"query-input\":{\"@type\":\"PropertyValueSpecification\",\"valueRequired\":true,\"valueName\":\"search_term_string\"}}],\"inLanguage\":\"pt-BR\"},{\"@type\":\"Organization\",\"@id\":\"https:\/\/www.estrategiaconcursos.com.br\/blog\/#organization\",\"name\":\"Estrat\u00e9gia Concursos\",\"url\":\"https:\/\/www.estrategiaconcursos.com.br\/blog\/\",\"logo\":{\"@type\":\"ImageObject\",\"inLanguage\":\"pt-BR\",\"@id\":\"https:\/\/www.estrategiaconcursos.com.br\/blog\/#\/schema\/logo\/image\/\",\"url\":\"https:\/\/dhg1h5j42swfq.cloudfront.net\/2025\/06\/03203428\/logo_concursos-1.jpg\",\"contentUrl\":\"https:\/\/dhg1h5j42swfq.cloudfront.net\/2025\/06\/03203428\/logo_concursos-1.jpg\",\"width\":230,\"height\":60,\"caption\":\"Estrat\u00e9gia Concursos\"},\"image\":{\"@id\":\"https:\/\/www.estrategiaconcursos.com.br\/blog\/#\/schema\/logo\/image\/\"},\"sameAs\":[\"https:\/\/x.com\/EstratConcursos\"]},{\"@type\":\"Person\",\"@id\":\"https:\/\/www.estrategiaconcursos.com.br\/blog\/#\/schema\/person\/c6615b1e72eae70edca73ea5362ead63\",\"name\":\"F\u00e1bio Dutra\",\"image\":{\"@type\":\"ImageObject\",\"inLanguage\":\"pt-BR\",\"@id\":\"https:\/\/secure.gravatar.com\/avatar\/2fb4b2715a33320653086a45a7174528e6836e078753b587b59cb70f7b453819?s=96&d=mm&r=g\",\"url\":\"https:\/\/secure.gravatar.com\/avatar\/2fb4b2715a33320653086a45a7174528e6836e078753b587b59cb70f7b453819?s=96&d=mm&r=g\",\"contentUrl\":\"https:\/\/secure.gravatar.com\/avatar\/2fb4b2715a33320653086a45a7174528e6836e078753b587b59cb70f7b453819?s=96&d=mm&r=g\",\"caption\":\"F\u00e1bio Dutra\"},\"url\":\"https:\/\/www.estrategiaconcursos.com.br\/blog\/author\/fabiodutraestrategiaconcursos-com-br\/\"}]}<\/script>\n<!-- \/ Yoast SEO Premium plugin. -->","yoast_head_json":{"title":"ISS-Imperatriz - Prova de Direito Tribut\u00e1rio Comentada","robots":{"index":"index","follow":"follow","max-snippet":"max-snippet:-1","max-image-preview":"max-image-preview:large","max-video-preview":"max-video-preview:-1"},"canonical":"https:\/\/www.estrategiaconcursos.com.br\/blog\/iss-imperatriz-prova-de-direito-tributario-comentada\/","og_locale":"pt_BR","og_type":"article","og_title":"ISS-Imperatriz - Prova de Direito Tribut\u00e1rio Comentada","og_description":"Ol\u00e1, meus amigos, tudo bem? Meu nome \u00e9 F\u00e1bio Dutra, sou professor de Direito Tribut\u00e1rio do Estrat\u00e9gia Concursos e Auditor-Fiscal da RFB. Estou aqui com voc\u00eas, pois hoje foi aplicada a prova do concurso ISS-Imperatriz \u2013 Auditor Fiscal, e como de costume, j\u00e1 providenciamos a sua resolu\u00e7\u00e3o neste artigo. Vale ressaltar que este \u00e9 um [&hellip;]","og_url":"https:\/\/www.estrategiaconcursos.com.br\/blog\/iss-imperatriz-prova-de-direito-tributario-comentada\/","og_site_name":"Estrat\u00e9gia Concursos","article_published_time":"2020-01-27T00:08:40+00:00","article_modified_time":"2020-01-27T00:08:41+00:00","author":"F\u00e1bio Dutra","twitter_card":"summary_large_image","twitter_creator":"@EstratConcursos","twitter_site":"@EstratConcursos","twitter_misc":{"Escrito por":"F\u00e1bio Dutra","Est. tempo de leitura":"7 minutos"},"schema":{"@context":"https:\/\/schema.org","@graph":[{"@type":"NewsArticle","@id":"https:\/\/www.estrategiaconcursos.com.br\/blog\/iss-imperatriz-prova-de-direito-tributario-comentada\/#article","isPartOf":{"@id":"https:\/\/www.estrategiaconcursos.com.br\/blog\/iss-imperatriz-prova-de-direito-tributario-comentada\/"},"author":{"name":"F\u00e1bio Dutra","@id":"https:\/\/www.estrategiaconcursos.com.br\/blog\/#\/schema\/person\/c6615b1e72eae70edca73ea5362ead63"},"headline":"ISS-Imperatriz &#8211; Prova de Direito Tribut\u00e1rio Comentada","datePublished":"2020-01-27T00:08:40+00:00","dateModified":"2020-01-27T00:08:41+00:00","mainEntityOfPage":{"@id":"https:\/\/www.estrategiaconcursos.com.br\/blog\/iss-imperatriz-prova-de-direito-tributario-comentada\/"},"wordCount":1499,"commentCount":2,"publisher":{"@id":"https:\/\/www.estrategiaconcursos.com.br\/blog\/#organization"},"articleSection":["Concursos P\u00fablicos"],"inLanguage":"pt-BR","potentialAction":[{"@type":"CommentAction","name":"Comment","target":["https:\/\/www.estrategiaconcursos.com.br\/blog\/iss-imperatriz-prova-de-direito-tributario-comentada\/#respond"]}],"copyrightYear":"2020","copyrightHolder":{"@id":"https:\/\/www.estrategiaconcursos.com.br\/blog\/#organization"}},{"@type":"WebPage","@id":"https:\/\/www.estrategiaconcursos.com.br\/blog\/iss-imperatriz-prova-de-direito-tributario-comentada\/","url":"https:\/\/www.estrategiaconcursos.com.br\/blog\/iss-imperatriz-prova-de-direito-tributario-comentada\/","name":"ISS-Imperatriz - Prova de Direito Tribut\u00e1rio Comentada","isPartOf":{"@id":"https:\/\/www.estrategiaconcursos.com.br\/blog\/#website"},"datePublished":"2020-01-27T00:08:40+00:00","dateModified":"2020-01-27T00:08:41+00:00","breadcrumb":{"@id":"https:\/\/www.estrategiaconcursos.com.br\/blog\/iss-imperatriz-prova-de-direito-tributario-comentada\/#breadcrumb"},"inLanguage":"pt-BR","potentialAction":[{"@type":"ReadAction","target":["https:\/\/www.estrategiaconcursos.com.br\/blog\/iss-imperatriz-prova-de-direito-tributario-comentada\/"]}]},{"@type":"BreadcrumbList","@id":"https:\/\/www.estrategiaconcursos.com.br\/blog\/iss-imperatriz-prova-de-direito-tributario-comentada\/#breadcrumb","itemListElement":[{"@type":"ListItem","position":1,"name":"In\u00edcio","item":"https:\/\/www.estrategiaconcursos.com.br\/blog\/"},{"@type":"ListItem","position":2,"name":"ISS-Imperatriz &#8211; Prova de Direito Tribut\u00e1rio Comentada"}]},{"@type":"WebSite","@id":"https:\/\/www.estrategiaconcursos.com.br\/blog\/#website","url":"https:\/\/www.estrategiaconcursos.com.br\/blog\/","name":"Estrat\u00e9gia Concursos","description":"O blog da Estrat\u00e9gia Concursos traz not\u00edcias sobre concursos e artigos de professores oferecendo cursos para concursos (pdf + videaulas) no site.","publisher":{"@id":"https:\/\/www.estrategiaconcursos.com.br\/blog\/#organization"},"potentialAction":[{"@type":"SearchAction","target":{"@type":"EntryPoint","urlTemplate":"https:\/\/www.estrategiaconcursos.com.br\/blog\/?s={search_term_string}"},"query-input":{"@type":"PropertyValueSpecification","valueRequired":true,"valueName":"search_term_string"}}],"inLanguage":"pt-BR"},{"@type":"Organization","@id":"https:\/\/www.estrategiaconcursos.com.br\/blog\/#organization","name":"Estrat\u00e9gia Concursos","url":"https:\/\/www.estrategiaconcursos.com.br\/blog\/","logo":{"@type":"ImageObject","inLanguage":"pt-BR","@id":"https:\/\/www.estrategiaconcursos.com.br\/blog\/#\/schema\/logo\/image\/","url":"https:\/\/dhg1h5j42swfq.cloudfront.net\/2025\/06\/03203428\/logo_concursos-1.jpg","contentUrl":"https:\/\/dhg1h5j42swfq.cloudfront.net\/2025\/06\/03203428\/logo_concursos-1.jpg","width":230,"height":60,"caption":"Estrat\u00e9gia Concursos"},"image":{"@id":"https:\/\/www.estrategiaconcursos.com.br\/blog\/#\/schema\/logo\/image\/"},"sameAs":["https:\/\/x.com\/EstratConcursos"]},{"@type":"Person","@id":"https:\/\/www.estrategiaconcursos.com.br\/blog\/#\/schema\/person\/c6615b1e72eae70edca73ea5362ead63","name":"F\u00e1bio Dutra","image":{"@type":"ImageObject","inLanguage":"pt-BR","@id":"https:\/\/secure.gravatar.com\/avatar\/2fb4b2715a33320653086a45a7174528e6836e078753b587b59cb70f7b453819?s=96&d=mm&r=g","url":"https:\/\/secure.gravatar.com\/avatar\/2fb4b2715a33320653086a45a7174528e6836e078753b587b59cb70f7b453819?s=96&d=mm&r=g","contentUrl":"https:\/\/secure.gravatar.com\/avatar\/2fb4b2715a33320653086a45a7174528e6836e078753b587b59cb70f7b453819?s=96&d=mm&r=g","caption":"F\u00e1bio Dutra"},"url":"https:\/\/www.estrategiaconcursos.com.br\/blog\/author\/fabiodutraestrategiaconcursos-com-br\/"}]}},"_links":{"self":[{"href":"https:\/\/www.estrategiaconcursos.com.br\/blog\/wp-json\/wp\/v2\/posts\/474089","targetHints":{"allow":["GET"]}}],"collection":[{"href":"https:\/\/www.estrategiaconcursos.com.br\/blog\/wp-json\/wp\/v2\/posts"}],"about":[{"href":"https:\/\/www.estrategiaconcursos.com.br\/blog\/wp-json\/wp\/v2\/types\/post"}],"author":[{"embeddable":true,"href":"https:\/\/www.estrategiaconcursos.com.br\/blog\/wp-json\/wp\/v2\/users\/150"}],"replies":[{"embeddable":true,"href":"https:\/\/www.estrategiaconcursos.com.br\/blog\/wp-json\/wp\/v2\/comments?post=474089"}],"version-history":[{"count":1,"href":"https:\/\/www.estrategiaconcursos.com.br\/blog\/wp-json\/wp\/v2\/posts\/474089\/revisions"}],"predecessor-version":[{"id":474091,"href":"https:\/\/www.estrategiaconcursos.com.br\/blog\/wp-json\/wp\/v2\/posts\/474089\/revisions\/474091"}],"wp:attachment":[{"href":"https:\/\/www.estrategiaconcursos.com.br\/blog\/wp-json\/wp\/v2\/media?parent=474089"}],"wp:term":[{"taxonomy":"category","embeddable":true,"href":"https:\/\/www.estrategiaconcursos.com.br\/blog\/wp-json\/wp\/v2\/categories?post=474089"},{"taxonomy":"post_tag","embeddable":true,"href":"https:\/\/www.estrategiaconcursos.com.br\/blog\/wp-json\/wp\/v2\/tags?post=474089"},{"taxonomy":"tax_estado","embeddable":true,"href":"https:\/\/www.estrategiaconcursos.com.br\/blog\/wp-json\/wp\/v2\/tax_estado?post=474089"}],"curies":[{"name":"wp","href":"https:\/\/api.w.org\/{rel}","templated":true}]}}