{"id":473970,"date":"2020-01-24T19:06:08","date_gmt":"2020-01-24T22:06:08","guid":{"rendered":"https:\/\/www.estrategiaconcursos.com.br\/blog\/?p=473970"},"modified":"2020-01-24T19:07:24","modified_gmt":"2020-01-24T22:07:24","slug":"mpf-pedido-suspensao-sisu","status":"publish","type":"post","link":"https:\/\/www.estrategiaconcursos.com.br\/blog\/mpf-pedido-suspensao-sisu\/","title":{"rendered":"MPF vai \u00e0 Justi\u00e7a Federal para pedir suspens\u00e3o das inscri\u00e7\u00f5es no Sisu"},"content":{"rendered":"\n<p>O Minist\u00e9rio P\u00fablico Federal (MPF) pediu \u00e0 Justi\u00e7a Federal que determine a suspens\u00e3o das inscri\u00e7\u00f5es do Sistema de Sele\u00e7\u00e3o Unificada (<a href=\"https:\/\/blog.estrategiavestibulares.com.br\/sisu\/\">SiSU<\/a>). O pedido foi feito pela Procuradoria Regional dos Diretos do Cidad\u00e3o (PRDC) em Minas Gerais, nesta sexta-feira, dia 24 de janeiro. As inscri\u00e7\u00f5es do Sisu est\u00e3o abertas desde a \u00faltima ter\u00e7a-feira.<\/p>\n\n\n\n<ul class=\"wp-block-list\"><li><em><a href=\"https:\/\/blog.estrategiavestibulares.com.br\/simulado-vestibular-gratuito\/\">Simulado para Vestibulare<\/a><\/em><a href=\"https:\/\/blog.estrategiavestibulares.com.br\/simulado-vestibular-gratuito\/\"><em>s<\/em><\/a><\/li><li><a href=\"https:\/\/blog.estrategiavestibulares.com.br\/enem\/\" target=\"_blank\" rel=\"noreferrer noopener\" aria-label=\"Tudo sobre o\u00a0Enem\u2028 (abre numa nova aba)\"><em>Tudo sobre o\u00a0Enem<\/em><\/a><\/li><li><em><a rel=\"noreferrer noopener\" href=\"https:\/\/blog.estrategiavestibulares.com.br\/enem-2020-datas-e-o-que-muda\/\" target=\"_blank\">O que muda no Enem em 2020?<\/a><\/em><\/li><li><a rel=\"noreferrer noopener\" aria-label=\"Simulado Enem 2020\u2028 (abre numa nova aba)\" href=\"https:\/\/blog.estrategiavestibulares.com.br\/simulado-enem\/\" target=\"_blank\"><em>Simulado Enem 2020<\/em><\/a><\/li><li><em><a rel=\"noreferrer noopener\" aria-label=\"Inscri\u00e7\u00f5es Simulado Enem 2020 (abre numa nova aba)\" href=\"https:\/\/docs.google.com\/forms\/d\/e\/1FAIpQLScKNVN4mCzCFOfWX8o2NBfBLLJynDBkuTSVqLq2fJ2U6G4MbA\/viewform\" target=\"_blank\">Inscri\u00e7\u00f5es Simulado Enem 2020<\/a><\/em><\/li><\/ul>\n\n\n\n<p>O pedido de suspens\u00e3o veio em raz\u00e3o das inconsist\u00eancias que foram encontradas nas notas de candidatos, antes mesmo das inscri\u00e7\u00f5es terem sido iniciadas. De acordo com o Minist\u00e9rio P\u00fablico Federal, o pedido vem para que seja feita uma auditoria nas notas do Exame Nacional do Ensino M\u00e9dio, o <a href=\"https:\/\/blog.estrategiavestibulares.com.br\/enem\/\">Enem<\/a>.<\/p>\n\n\n\n<p>Al\u00e9m da suspens\u00e3o das inscri\u00e7\u00f5es, o Minist\u00e9rio P\u00fablico Federal pede altera\u00e7\u00e3o dos calend\u00e1rios 2020 tanto do <a href=\"https:\/\/blog.estrategiavestibulares.com.br\/sisu\/\">Sisu<\/a>, como do Fundo de Financiamento Estudantil (Fies) e do Programa Universidade para Todos (Prouni). O MPF pede que o Instituto Nacional de Estudos e Pesquisas Educacionais An\u00edsio Teixeira (Inep) realize nova confer\u00eancia dos gabaritos.<\/p>\n\n\n\n<p>A medida, de acordo com o Minist\u00e9rio P\u00fablico Federal, \u00e9 <em>&#8220;para garantir a idoneidade, a corre\u00e7\u00e3o do resultado do exame e a correspond\u00eancia entre o gabarito utilizado e a prova realizada pelo candidato&#8221;<\/em>.<\/p>\n\n\n\n<p>A a\u00e7\u00e3o judicial tamb\u00e9m solicita que a nova corre\u00e7\u00e3o das provas dever\u00e1 considerar a repercuss\u00e3o das notas retificadas no valor atribu\u00eddo a cada quest\u00e3o do exame, de acordo com a Teoria de Resposta ao Item (TRI), prevista no edital do <a href=\"https:\/\/blog.estrategiavestibulares.com.br\/enem\/\">Enem<\/a>.<\/p>\n\n\n\n<p>Ap\u00f3s a nova publica\u00e7\u00e3o do resultado das provas, os candidatos dever\u00e3o ser comunicados oficialmente da abertura de prazo para solicita\u00e7\u00e3o de verifica\u00e7\u00e3o de eventuais inconsist\u00eancias.<\/p>\n\n\n\n<p>O MPF solicita, ainda, que seja apresentada resposta formal a todos os pedidos de corre\u00e7\u00e3o\/apura\u00e7\u00e3o feitos pelos estudantes, com eventual retifica\u00e7\u00e3o da nota final e sua devida repercuss\u00e3o no conjunto global de candidatos, se for o caso.<\/p>\n\n\n\n<p>Na a\u00e7\u00e3o, tamb\u00e9m h\u00e1 pedido para que a Justi\u00e7a intime a Uni\u00e3o e o Inep para uma Audi\u00eancia de Concilia\u00e7\u00e3o, com m\u00e1xima urg\u00eancia, e que pode contar com a participa\u00e7\u00e3o de especialistas em avalia\u00e7\u00e3o educacional.\u00a0Caso sejam descumpridas as medidas, o MPF requereu que seja aplicada uma multa di\u00e1ria no valor de R$ 10 milh\u00f5es.<\/p>\n\n\n\n<p> Para ler a \u00edntegra da a\u00e7\u00e3o, clique\u00a0<a href=\"http:\/\/www.mpf.mp.br\/mg\/sala-de-imprensa\/docs\/2020\/acp-enem-2020\">aqui<\/a>.<\/p>\n\n\n\n<p class=\"has-background has-text-align-center has-medium-font-size has-pale-cyan-blue-background-color\"><a rel=\"noreferrer noopener\" href=\"https:\/\/estrategiavestibulares.com.br\/vestibulares\/enem\/\" target=\"_blank\">CURSO PARA O ENEM 2020<\/a><\/p>\n\n\n\n<h2 class=\"wp-block-heading\">Leia mais\u2026<\/h2>\n\n\n\n<ul class=\"wp-block-list\"><li><em><a href=\"https:\/\/blog.estrategiavestibulares.com.br\/vestibulares-abertos\/\">Vestibulares abertos<\/a><\/em><\/li><li><a href=\"https:\/\/blog.estrategiavestibulares.com.br\/simulado-vestibular-gratuito\/\"><em>Simulado para Vestibular<\/em><\/a><\/li><li><em>Tudo sobre o&nbsp;<a rel=\"noreferrer noopener\" href=\"https:\/\/blog.estrategiavestibulares.com.br\/enem\/\" target=\"_blank\">Enem<\/a><\/em><\/li><li><em><a href=\"https:\/\/blog.estrategiavestibulares.com.br\/enem-2020-datas-e-o-que-muda\/\" target=\"_blank\" rel=\"noreferrer noopener\">O que muda no Enem em 2020?<\/a><\/em><\/li><\/ul>\n","protected":false},"excerpt":{"rendered":"<p>O Minist\u00e9rio P\u00fablico Federal (MPF) pediu \u00e0 Justi\u00e7a Federal que determine a suspens\u00e3o das inscri\u00e7\u00f5es do Sistema de Sele\u00e7\u00e3o Unificada (SiSU). O pedido foi feito pela Procuradoria Regional dos Diretos do Cidad\u00e3o (PRDC) em Minas Gerais, nesta sexta-feira, dia 24 de janeiro. As inscri\u00e7\u00f5es do Sisu est\u00e3o abertas desde a \u00faltima ter\u00e7a-feira. Simulado para Vestibulares [&hellip;]<\/p>\n","protected":false},"author":1,"featured_media":473971,"comment_status":"open","ping_status":"closed","sticky":false,"template":"","format":"standard","meta":{"post_tipo":"news","footnotes":""},"categories":[1],"tags":[],"tax_estado":[],"class_list":["post-473970","post","type-post","status-publish","format-standard","has-post-thumbnail","hentry","category-cursos-e-concursos"],"acf":[],"yoast_head":"<!-- This site is optimized with the Yoast SEO Premium plugin v27.2 (Yoast SEO v27.2) - https:\/\/yoast.com\/product\/yoast-seo-premium-wordpress\/ -->\n<title>MPF vai \u00e0 Justi\u00e7a Federal para pedir suspens\u00e3o das inscri\u00e7\u00f5es no Sisu<\/title>\n<meta name=\"robots\" content=\"index, follow, max-snippet:-1, max-image-preview:large, max-video-preview:-1\" \/>\n<link rel=\"canonical\" href=\"https:\/\/www.estrategiaconcursos.com.br\/blog\/mpf-pedido-suspensao-sisu\/\" \/>\n<meta property=\"og:locale\" content=\"pt_BR\" \/>\n<meta property=\"og:type\" content=\"article\" \/>\n<meta property=\"og:title\" content=\"MPF vai \u00e0 Justi\u00e7a Federal para pedir suspens\u00e3o das inscri\u00e7\u00f5es no Sisu\" \/>\n<meta property=\"og:description\" content=\"O Minist\u00e9rio P\u00fablico Federal (MPF) pediu \u00e0 Justi\u00e7a Federal que determine a suspens\u00e3o das inscri\u00e7\u00f5es do Sistema de Sele\u00e7\u00e3o Unificada (SiSU). O pedido foi feito pela Procuradoria Regional dos Diretos do Cidad\u00e3o (PRDC) em Minas Gerais, nesta sexta-feira, dia 24 de janeiro. As inscri\u00e7\u00f5es do Sisu est\u00e3o abertas desde a \u00faltima ter\u00e7a-feira. Simulado para Vestibulares [&hellip;]\" \/>\n<meta property=\"og:url\" content=\"https:\/\/www.estrategiaconcursos.com.br\/blog\/mpf-pedido-suspensao-sisu\/\" \/>\n<meta property=\"og:site_name\" content=\"Estrat\u00e9gia Concursos\" \/>\n<meta property=\"article:author\" content=\"https:\/\/www.facebook.com\/EstrategiaConcursos\" \/>\n<meta property=\"article:published_time\" content=\"2020-01-24T22:06:08+00:00\" \/>\n<meta property=\"article:modified_time\" content=\"2020-01-24T22:07:24+00:00\" \/>\n<meta property=\"og:image\" content=\"https:\/\/dhg1h5j42swfq.cloudfront.net\/2020\/01\/24185713\/sisu.png\" \/>\n\t<meta property=\"og:image:width\" content=\"500\" \/>\n\t<meta property=\"og:image:height\" content=\"334\" \/>\n\t<meta property=\"og:image:type\" content=\"image\/png\" \/>\n<meta name=\"author\" content=\"Coordena\u00e7\u00e3o\" \/>\n<meta name=\"twitter:card\" content=\"summary_large_image\" \/>\n<meta name=\"twitter:creator\" content=\"@EstratConcursos\" \/>\n<meta name=\"twitter:site\" content=\"@EstratConcursos\" \/>\n<meta name=\"twitter:label1\" content=\"Escrito por\" \/>\n\t<meta name=\"twitter:data1\" content=\"Coordena\u00e7\u00e3o\" \/>\n\t<meta name=\"twitter:label2\" content=\"Est. tempo de leitura\" \/>\n\t<meta name=\"twitter:data2\" content=\"2 minutos\" \/>\n<script type=\"application\/ld+json\" class=\"yoast-schema-graph\">{\"@context\":\"https:\/\/schema.org\",\"@graph\":[{\"@type\":\"NewsArticle\",\"@id\":\"https:\/\/www.estrategiaconcursos.com.br\/blog\/mpf-pedido-suspensao-sisu\/#article\",\"isPartOf\":{\"@id\":\"https:\/\/www.estrategiaconcursos.com.br\/blog\/mpf-pedido-suspensao-sisu\/\"},\"author\":{\"name\":\"Coordena\u00e7\u00e3o\",\"@id\":\"https:\/\/www.estrategiaconcursos.com.br\/blog\/#\/schema\/person\/b4a388c97673c5f483d72185668afa1f\"},\"headline\":\"MPF vai \u00e0 Justi\u00e7a Federal para pedir suspens\u00e3o das inscri\u00e7\u00f5es no Sisu\",\"datePublished\":\"2020-01-24T22:06:08+00:00\",\"dateModified\":\"2020-01-24T22:07:24+00:00\",\"mainEntityOfPage\":{\"@id\":\"https:\/\/www.estrategiaconcursos.com.br\/blog\/mpf-pedido-suspensao-sisu\/\"},\"wordCount\":462,\"commentCount\":0,\"publisher\":{\"@id\":\"https:\/\/www.estrategiaconcursos.com.br\/blog\/#organization\"},\"image\":{\"@id\":\"https:\/\/www.estrategiaconcursos.com.br\/blog\/mpf-pedido-suspensao-sisu\/#primaryimage\"},\"thumbnailUrl\":\"https:\/\/dhg1h5j42swfq.cloudfront.net\/2020\/01\/24185713\/sisu.png\",\"articleSection\":[\"Concursos P\u00fablicos\"],\"inLanguage\":\"pt-BR\",\"potentialAction\":[{\"@type\":\"CommentAction\",\"name\":\"Comment\",\"target\":[\"https:\/\/www.estrategiaconcursos.com.br\/blog\/mpf-pedido-suspensao-sisu\/#respond\"]}],\"copyrightYear\":\"2020\",\"copyrightHolder\":{\"@id\":\"https:\/\/www.estrategiaconcursos.com.br\/blog\/#organization\"}},{\"@type\":\"WebPage\",\"@id\":\"https:\/\/www.estrategiaconcursos.com.br\/blog\/mpf-pedido-suspensao-sisu\/\",\"url\":\"https:\/\/www.estrategiaconcursos.com.br\/blog\/mpf-pedido-suspensao-sisu\/\",\"name\":\"MPF vai \u00e0 Justi\u00e7a Federal para pedir suspens\u00e3o das inscri\u00e7\u00f5es no Sisu\",\"isPartOf\":{\"@id\":\"https:\/\/www.estrategiaconcursos.com.br\/blog\/#website\"},\"primaryImageOfPage\":{\"@id\":\"https:\/\/www.estrategiaconcursos.com.br\/blog\/mpf-pedido-suspensao-sisu\/#primaryimage\"},\"image\":{\"@id\":\"https:\/\/www.estrategiaconcursos.com.br\/blog\/mpf-pedido-suspensao-sisu\/#primaryimage\"},\"thumbnailUrl\":\"https:\/\/dhg1h5j42swfq.cloudfront.net\/2020\/01\/24185713\/sisu.png\",\"datePublished\":\"2020-01-24T22:06:08+00:00\",\"dateModified\":\"2020-01-24T22:07:24+00:00\",\"breadcrumb\":{\"@id\":\"https:\/\/www.estrategiaconcursos.com.br\/blog\/mpf-pedido-suspensao-sisu\/#breadcrumb\"},\"inLanguage\":\"pt-BR\",\"potentialAction\":[{\"@type\":\"ReadAction\",\"target\":[\"https:\/\/www.estrategiaconcursos.com.br\/blog\/mpf-pedido-suspensao-sisu\/\"]}]},{\"@type\":\"ImageObject\",\"inLanguage\":\"pt-BR\",\"@id\":\"https:\/\/www.estrategiaconcursos.com.br\/blog\/mpf-pedido-suspensao-sisu\/#primaryimage\",\"url\":\"https:\/\/dhg1h5j42swfq.cloudfront.net\/2020\/01\/24185713\/sisu.png\",\"contentUrl\":\"https:\/\/dhg1h5j42swfq.cloudfront.net\/2020\/01\/24185713\/sisu.png\",\"width\":500,\"height\":334,\"caption\":\"sisu\"},{\"@type\":\"BreadcrumbList\",\"@id\":\"https:\/\/www.estrategiaconcursos.com.br\/blog\/mpf-pedido-suspensao-sisu\/#breadcrumb\",\"itemListElement\":[{\"@type\":\"ListItem\",\"position\":1,\"name\":\"In\u00edcio\",\"item\":\"https:\/\/www.estrategiaconcursos.com.br\/blog\/\"},{\"@type\":\"ListItem\",\"position\":2,\"name\":\"MPF vai \u00e0 Justi\u00e7a Federal para pedir suspens\u00e3o das inscri\u00e7\u00f5es no Sisu\"}]},{\"@type\":\"WebSite\",\"@id\":\"https:\/\/www.estrategiaconcursos.com.br\/blog\/#website\",\"url\":\"https:\/\/www.estrategiaconcursos.com.br\/blog\/\",\"name\":\"Estrat\u00e9gia Concursos\",\"description\":\"O blog da Estrat\u00e9gia Concursos traz not\u00edcias sobre concursos e artigos de professores oferecendo cursos para concursos (pdf + videaulas) no site.\",\"publisher\":{\"@id\":\"https:\/\/www.estrategiaconcursos.com.br\/blog\/#organization\"},\"potentialAction\":[{\"@type\":\"SearchAction\",\"target\":{\"@type\":\"EntryPoint\",\"urlTemplate\":\"https:\/\/www.estrategiaconcursos.com.br\/blog\/?s={search_term_string}\"},\"query-input\":{\"@type\":\"PropertyValueSpecification\",\"valueRequired\":true,\"valueName\":\"search_term_string\"}}],\"inLanguage\":\"pt-BR\"},{\"@type\":\"Organization\",\"@id\":\"https:\/\/www.estrategiaconcursos.com.br\/blog\/#organization\",\"name\":\"Estrat\u00e9gia Concursos\",\"url\":\"https:\/\/www.estrategiaconcursos.com.br\/blog\/\",\"logo\":{\"@type\":\"ImageObject\",\"inLanguage\":\"pt-BR\",\"@id\":\"https:\/\/www.estrategiaconcursos.com.br\/blog\/#\/schema\/logo\/image\/\",\"url\":\"https:\/\/dhg1h5j42swfq.cloudfront.net\/2025\/06\/03203428\/logo_concursos-1.jpg\",\"contentUrl\":\"https:\/\/dhg1h5j42swfq.cloudfront.net\/2025\/06\/03203428\/logo_concursos-1.jpg\",\"width\":230,\"height\":60,\"caption\":\"Estrat\u00e9gia Concursos\"},\"image\":{\"@id\":\"https:\/\/www.estrategiaconcursos.com.br\/blog\/#\/schema\/logo\/image\/\"},\"sameAs\":[\"https:\/\/x.com\/EstratConcursos\"]},{\"@type\":\"Person\",\"@id\":\"https:\/\/www.estrategiaconcursos.com.br\/blog\/#\/schema\/person\/b4a388c97673c5f483d72185668afa1f\",\"name\":\"Coordena\u00e7\u00e3o\",\"image\":{\"@type\":\"ImageObject\",\"inLanguage\":\"pt-BR\",\"@id\":\"https:\/\/secure.gravatar.com\/avatar\/b720319e4c9a967eb58678d110f4fe35452fc5d5f97b202bac7b8acceb18c6ad?s=96&d=mm&r=g\",\"url\":\"https:\/\/secure.gravatar.com\/avatar\/b720319e4c9a967eb58678d110f4fe35452fc5d5f97b202bac7b8acceb18c6ad?s=96&d=mm&r=g\",\"contentUrl\":\"https:\/\/secure.gravatar.com\/avatar\/b720319e4c9a967eb58678d110f4fe35452fc5d5f97b202bac7b8acceb18c6ad?s=96&d=mm&r=g\",\"caption\":\"Coordena\u00e7\u00e3o\"},\"sameAs\":[\"https:\/\/www.facebook.com\/EstrategiaConcursos\",\"https:\/\/x.com\/EstratConcursos\"],\"url\":\"https:\/\/www.estrategiaconcursos.com.br\/blog\/author\/estrategia2013\/\"}]}<\/script>\n<!-- \/ Yoast SEO Premium plugin. -->","yoast_head_json":{"title":"MPF vai \u00e0 Justi\u00e7a Federal para pedir suspens\u00e3o das inscri\u00e7\u00f5es no Sisu","robots":{"index":"index","follow":"follow","max-snippet":"max-snippet:-1","max-image-preview":"max-image-preview:large","max-video-preview":"max-video-preview:-1"},"canonical":"https:\/\/www.estrategiaconcursos.com.br\/blog\/mpf-pedido-suspensao-sisu\/","og_locale":"pt_BR","og_type":"article","og_title":"MPF vai \u00e0 Justi\u00e7a Federal para pedir suspens\u00e3o das inscri\u00e7\u00f5es no Sisu","og_description":"O Minist\u00e9rio P\u00fablico Federal (MPF) pediu \u00e0 Justi\u00e7a Federal que determine a suspens\u00e3o das inscri\u00e7\u00f5es do Sistema de Sele\u00e7\u00e3o Unificada (SiSU). O pedido foi feito pela Procuradoria Regional dos Diretos do Cidad\u00e3o (PRDC) em Minas Gerais, nesta sexta-feira, dia 24 de janeiro. As inscri\u00e7\u00f5es do Sisu est\u00e3o abertas desde a \u00faltima ter\u00e7a-feira. Simulado para Vestibulares [&hellip;]","og_url":"https:\/\/www.estrategiaconcursos.com.br\/blog\/mpf-pedido-suspensao-sisu\/","og_site_name":"Estrat\u00e9gia Concursos","article_author":"https:\/\/www.facebook.com\/EstrategiaConcursos","article_published_time":"2020-01-24T22:06:08+00:00","article_modified_time":"2020-01-24T22:07:24+00:00","og_image":[{"width":500,"height":334,"url":"https:\/\/dhg1h5j42swfq.cloudfront.net\/2020\/01\/24185713\/sisu.png","type":"image\/png"}],"author":"Coordena\u00e7\u00e3o","twitter_card":"summary_large_image","twitter_creator":"@EstratConcursos","twitter_site":"@EstratConcursos","twitter_misc":{"Escrito por":"Coordena\u00e7\u00e3o","Est. tempo de leitura":"2 minutos"},"schema":{"@context":"https:\/\/schema.org","@graph":[{"@type":"NewsArticle","@id":"https:\/\/www.estrategiaconcursos.com.br\/blog\/mpf-pedido-suspensao-sisu\/#article","isPartOf":{"@id":"https:\/\/www.estrategiaconcursos.com.br\/blog\/mpf-pedido-suspensao-sisu\/"},"author":{"name":"Coordena\u00e7\u00e3o","@id":"https:\/\/www.estrategiaconcursos.com.br\/blog\/#\/schema\/person\/b4a388c97673c5f483d72185668afa1f"},"headline":"MPF vai \u00e0 Justi\u00e7a Federal para pedir suspens\u00e3o das inscri\u00e7\u00f5es no Sisu","datePublished":"2020-01-24T22:06:08+00:00","dateModified":"2020-01-24T22:07:24+00:00","mainEntityOfPage":{"@id":"https:\/\/www.estrategiaconcursos.com.br\/blog\/mpf-pedido-suspensao-sisu\/"},"wordCount":462,"commentCount":0,"publisher":{"@id":"https:\/\/www.estrategiaconcursos.com.br\/blog\/#organization"},"image":{"@id":"https:\/\/www.estrategiaconcursos.com.br\/blog\/mpf-pedido-suspensao-sisu\/#primaryimage"},"thumbnailUrl":"https:\/\/dhg1h5j42swfq.cloudfront.net\/2020\/01\/24185713\/sisu.png","articleSection":["Concursos P\u00fablicos"],"inLanguage":"pt-BR","potentialAction":[{"@type":"CommentAction","name":"Comment","target":["https:\/\/www.estrategiaconcursos.com.br\/blog\/mpf-pedido-suspensao-sisu\/#respond"]}],"copyrightYear":"2020","copyrightHolder":{"@id":"https:\/\/www.estrategiaconcursos.com.br\/blog\/#organization"}},{"@type":"WebPage","@id":"https:\/\/www.estrategiaconcursos.com.br\/blog\/mpf-pedido-suspensao-sisu\/","url":"https:\/\/www.estrategiaconcursos.com.br\/blog\/mpf-pedido-suspensao-sisu\/","name":"MPF vai \u00e0 Justi\u00e7a Federal para pedir suspens\u00e3o das inscri\u00e7\u00f5es no Sisu","isPartOf":{"@id":"https:\/\/www.estrategiaconcursos.com.br\/blog\/#website"},"primaryImageOfPage":{"@id":"https:\/\/www.estrategiaconcursos.com.br\/blog\/mpf-pedido-suspensao-sisu\/#primaryimage"},"image":{"@id":"https:\/\/www.estrategiaconcursos.com.br\/blog\/mpf-pedido-suspensao-sisu\/#primaryimage"},"thumbnailUrl":"https:\/\/dhg1h5j42swfq.cloudfront.net\/2020\/01\/24185713\/sisu.png","datePublished":"2020-01-24T22:06:08+00:00","dateModified":"2020-01-24T22:07:24+00:00","breadcrumb":{"@id":"https:\/\/www.estrategiaconcursos.com.br\/blog\/mpf-pedido-suspensao-sisu\/#breadcrumb"},"inLanguage":"pt-BR","potentialAction":[{"@type":"ReadAction","target":["https:\/\/www.estrategiaconcursos.com.br\/blog\/mpf-pedido-suspensao-sisu\/"]}]},{"@type":"ImageObject","inLanguage":"pt-BR","@id":"https:\/\/www.estrategiaconcursos.com.br\/blog\/mpf-pedido-suspensao-sisu\/#primaryimage","url":"https:\/\/dhg1h5j42swfq.cloudfront.net\/2020\/01\/24185713\/sisu.png","contentUrl":"https:\/\/dhg1h5j42swfq.cloudfront.net\/2020\/01\/24185713\/sisu.png","width":500,"height":334,"caption":"sisu"},{"@type":"BreadcrumbList","@id":"https:\/\/www.estrategiaconcursos.com.br\/blog\/mpf-pedido-suspensao-sisu\/#breadcrumb","itemListElement":[{"@type":"ListItem","position":1,"name":"In\u00edcio","item":"https:\/\/www.estrategiaconcursos.com.br\/blog\/"},{"@type":"ListItem","position":2,"name":"MPF vai \u00e0 Justi\u00e7a Federal para pedir suspens\u00e3o das inscri\u00e7\u00f5es no Sisu"}]},{"@type":"WebSite","@id":"https:\/\/www.estrategiaconcursos.com.br\/blog\/#website","url":"https:\/\/www.estrategiaconcursos.com.br\/blog\/","name":"Estrat\u00e9gia Concursos","description":"O blog da Estrat\u00e9gia Concursos traz not\u00edcias sobre concursos e artigos de professores oferecendo cursos para concursos (pdf + videaulas) no site.","publisher":{"@id":"https:\/\/www.estrategiaconcursos.com.br\/blog\/#organization"},"potentialAction":[{"@type":"SearchAction","target":{"@type":"EntryPoint","urlTemplate":"https:\/\/www.estrategiaconcursos.com.br\/blog\/?s={search_term_string}"},"query-input":{"@type":"PropertyValueSpecification","valueRequired":true,"valueName":"search_term_string"}}],"inLanguage":"pt-BR"},{"@type":"Organization","@id":"https:\/\/www.estrategiaconcursos.com.br\/blog\/#organization","name":"Estrat\u00e9gia Concursos","url":"https:\/\/www.estrategiaconcursos.com.br\/blog\/","logo":{"@type":"ImageObject","inLanguage":"pt-BR","@id":"https:\/\/www.estrategiaconcursos.com.br\/blog\/#\/schema\/logo\/image\/","url":"https:\/\/dhg1h5j42swfq.cloudfront.net\/2025\/06\/03203428\/logo_concursos-1.jpg","contentUrl":"https:\/\/dhg1h5j42swfq.cloudfront.net\/2025\/06\/03203428\/logo_concursos-1.jpg","width":230,"height":60,"caption":"Estrat\u00e9gia Concursos"},"image":{"@id":"https:\/\/www.estrategiaconcursos.com.br\/blog\/#\/schema\/logo\/image\/"},"sameAs":["https:\/\/x.com\/EstratConcursos"]},{"@type":"Person","@id":"https:\/\/www.estrategiaconcursos.com.br\/blog\/#\/schema\/person\/b4a388c97673c5f483d72185668afa1f","name":"Coordena\u00e7\u00e3o","image":{"@type":"ImageObject","inLanguage":"pt-BR","@id":"https:\/\/secure.gravatar.com\/avatar\/b720319e4c9a967eb58678d110f4fe35452fc5d5f97b202bac7b8acceb18c6ad?s=96&d=mm&r=g","url":"https:\/\/secure.gravatar.com\/avatar\/b720319e4c9a967eb58678d110f4fe35452fc5d5f97b202bac7b8acceb18c6ad?s=96&d=mm&r=g","contentUrl":"https:\/\/secure.gravatar.com\/avatar\/b720319e4c9a967eb58678d110f4fe35452fc5d5f97b202bac7b8acceb18c6ad?s=96&d=mm&r=g","caption":"Coordena\u00e7\u00e3o"},"sameAs":["https:\/\/www.facebook.com\/EstrategiaConcursos","https:\/\/x.com\/EstratConcursos"],"url":"https:\/\/www.estrategiaconcursos.com.br\/blog\/author\/estrategia2013\/"}]}},"_links":{"self":[{"href":"https:\/\/www.estrategiaconcursos.com.br\/blog\/wp-json\/wp\/v2\/posts\/473970","targetHints":{"allow":["GET"]}}],"collection":[{"href":"https:\/\/www.estrategiaconcursos.com.br\/blog\/wp-json\/wp\/v2\/posts"}],"about":[{"href":"https:\/\/www.estrategiaconcursos.com.br\/blog\/wp-json\/wp\/v2\/types\/post"}],"author":[{"embeddable":true,"href":"https:\/\/www.estrategiaconcursos.com.br\/blog\/wp-json\/wp\/v2\/users\/1"}],"replies":[{"embeddable":true,"href":"https:\/\/www.estrategiaconcursos.com.br\/blog\/wp-json\/wp\/v2\/comments?post=473970"}],"version-history":[{"count":6,"href":"https:\/\/www.estrategiaconcursos.com.br\/blog\/wp-json\/wp\/v2\/posts\/473970\/revisions"}],"predecessor-version":[{"id":473982,"href":"https:\/\/www.estrategiaconcursos.com.br\/blog\/wp-json\/wp\/v2\/posts\/473970\/revisions\/473982"}],"wp:featuredmedia":[{"embeddable":true,"href":"https:\/\/www.estrategiaconcursos.com.br\/blog\/wp-json\/wp\/v2\/media\/473971"}],"wp:attachment":[{"href":"https:\/\/www.estrategiaconcursos.com.br\/blog\/wp-json\/wp\/v2\/media?parent=473970"}],"wp:term":[{"taxonomy":"category","embeddable":true,"href":"https:\/\/www.estrategiaconcursos.com.br\/blog\/wp-json\/wp\/v2\/categories?post=473970"},{"taxonomy":"post_tag","embeddable":true,"href":"https:\/\/www.estrategiaconcursos.com.br\/blog\/wp-json\/wp\/v2\/tags?post=473970"},{"taxonomy":"tax_estado","embeddable":true,"href":"https:\/\/www.estrategiaconcursos.com.br\/blog\/wp-json\/wp\/v2\/tax_estado?post=473970"}],"curies":[{"name":"wp","href":"https:\/\/api.w.org\/{rel}","templated":true}]}}