{"id":473925,"date":"2020-01-24T18:13:45","date_gmt":"2020-01-24T21:13:45","guid":{"rendered":"https:\/\/www.estrategiaconcursos.com.br\/blog\/?p=473925"},"modified":"2020-05-06T13:59:32","modified_gmt":"2020-05-06T16:59:32","slug":"liminar-retificacao-pcdf","status":"publish","type":"post","link":"https:\/\/www.estrategiaconcursos.com.br\/blog\/liminar-retificacao-pcdf\/","title":{"rendered":"Liminar do TCDF pede retifica\u00e7\u00e3o do edital do concurso PCDF"},"content":{"rendered":"\n<p>O Tribunal de Contas do Distrito Federal (TCDF) publicou nesta sexta-feira, 24 de janeiro de 2020, uma liminar que solicita \u00e0 Pol\u00edcia Civil do Distrito Federal (PCDF) retifica\u00e7\u00f5es no edital do concurso para Escriv\u00e3o, publicado em dezembro de 2019, com oferta de <strong>300 vagas<\/strong>.<br \/><br \/>De acordo com a publica\u00e7\u00e3o, o \u00f3rg\u00e3o pede a retifica\u00e7\u00e3o do edital nos seguintes pontos:<\/p>\n\n\n\n<ul class=\"wp-block-list\"><li>Insira no edital normativo a possibilidade de interposi\u00e7\u00e3o de recurso contra o resultado da avalia\u00e7\u00e3o biopsicossocial prevista no subitem 5.6, fixando prazo para tanto;<\/li><li>Exclua do edital o subitem 10.12.7, que contraria n\u00e3o apenas os termos do art. 59 da Lei DF n\u00ba 4.949\/2012, como tamb\u00e9m as adequadas disposi\u00e7\u00f5es do subitem 10.11.2, que contemplou o ajuste proporcional ao sistema de pontua\u00e7\u00e3o em caso de anula\u00e7\u00e3o de quest\u00e3o das Provas Objetivas;<\/li><li>Retifique o subitem 11.7.2 para deixar claro que os candidatos n\u00e3o convocados para a prova discursiva, na forma do subitem 11.7.1, bem como aqueles que, convocados, n\u00e3o a realizarem estar\u00e3o eliminados e n\u00e3o ter\u00e3o classifica\u00e7\u00e3o alguma no certame;<\/li><li>Retifique os subitens 11.8.6, 15.19 e 16.15 para que estabele\u00e7am o prazo de 10 dias \u00fateis para interposi\u00e7\u00e3o dos recursos neles previstos, conforme disposto no \u00a7 1\u00ba do art. 55 da Lei n\u00ba 4.949\/2012, relativamente aos resultados provis\u00f3rios da prova discursiva, da avalia\u00e7\u00e3o psicol\u00f3gica e da sindic\u00e2ncia da vida pregressa e investiga\u00e7\u00e3o social, respectivamente;<\/li><li>Retifique o subitem 14.2.1 para que, na forma do art. 42-A da Lei DF n\u00ba 4.949\/2012, com a reda\u00e7\u00e3o dada pela Lei n\u00ba 6.392\/2019, disponibilize aos candidatos, para efeito de recurso, o registro, tamb\u00e9m, da grava\u00e7\u00e3o do teste de corrida de 12 minutos;<\/li><li>Promova altera\u00e7\u00f5es ao longo do edital normativo para que, em atendimento ao comando do art. 10, X, da Lei DF n\u00ba 4.949\/2012, com a reda\u00e7\u00e3o dada pela Lei DF n\u00ba 6.074\/2018, fa\u00e7a constar as datas prov\u00e1veis de divulga\u00e7\u00e3o dos resultados das diversas fases e etapas do certame, inclusive resultado final, previs\u00e3o feita somente em rela\u00e7\u00e3o \u00e0s Provas Objetivas e Discursiva;<\/li><li>Insira no edital expressa previs\u00e3o de possibilidade de interposi\u00e7\u00e3o de recurso contra os resultados provis\u00f3rios da prova pr\u00e1tica de digita\u00e7\u00e3o, dos exames biom\u00e9tricos e avalia\u00e7\u00e3o m\u00e9dica, assim como do Curso de Forma\u00e7\u00e3o Profissional, em obedi\u00eancia ao disposto no art. 55, \u00a7 1\u00ba, da Lei local n\u00ba 4.949\/2012, indicando o prazo de 10 dia \u00fateis para tanto;<\/li><li>Fa\u00e7a constar do edital o cronograma para as nomea\u00e7\u00f5es dos candidatos aprovados no concurso, a teor do art. 10, inciso II, in fine, da Lei DF n\u00ba 4.949\/2012; III \u2013 autorizar o retorno dos autos \u00e0 SEFIPE para o acompanhamento do certame.<\/li><\/ul>\n\n\n\n<p>O concurso PCDF est\u00e1 com as inscri\u00e7\u00f5es abertas at\u00e9 o dia 10 de fevereiro, e os interessados em prestar o concurso devem pagar a taxa de R$ 199,00. A prova objetiva est\u00e1 prevista para ocorrer no dia 15 de mar\u00e7o de 2020. <\/p>\n\n\n\n<p class=\"has-background has-text-align-center has-medium-font-size has-very-light-gray-background-color\"><a href=\"https:\/\/www.estrategiaconcursos.com.br\/blog\/concurso-pcdf\/\">Saiba mais: Concurso PCDF<\/a><\/p>\n\n\n\n<h2 class=\"has-text-align-center wp-block-heading\" id=\"assinatura-e-cursos\">Assinatura ilimitada e cursos para o Concurso PCDF<\/h2>\n\n\n\n<p class=\"has-text-align-center\"><em>Gostou desta oportunidade e deseja come\u00e7ar se preparar agora mesmo? Ent\u00e3o, confira os nossos cursos e comece a estudar para o concurso PCDF:<\/em><\/p>\n\n\n\n<p class=\"has-background has-text-align-center has-medium-font-size has-luminous-vivid-amber-background-color\"><a rel=\"noreferrer noopener\" href=\"https:\/\/www.estrategiaconcursos.com.br\/cursosPorConcurso\/policia-civil-do-distrito-federal-pc-df\/\" target=\"_blank\"><strong>CURSOS PCDF<\/strong><\/a><\/p>\n\n\n\n<p class=\"has-text-align-center\"><em><strong>Assinatura Anual Ilimitada*<\/strong><\/em><\/p>\n\n\n\n<p class=\"has-text-align-center\"><em>Prepare-se com o melhor material e com quem mais aprova em Concursos P\u00fablicos em todo o pa\u00eds. Assine agora a nossa Assinatura Anual e tenha acesso ilimitado* a todos os nossos cursos.<\/em><\/p>\n\n\n\n<p class=\"has-background has-text-align-center has-light-green-cyan-background-color\"><strong>ASSINE AGORA<\/strong>&nbsp;\u2013&nbsp;<a rel=\"noreferrer noopener\" href=\"https:\/\/www.estrategiaconcursos.com.br\/assinaturas\/\" target=\"_blank\"><strong>Assinatura Ilimitada<\/strong><\/a><\/p>\n\n\n\n<p class=\"has-background has-text-align-center has-medium-font-size has-pale-cyan-blue-background-color\"><strong><a href=\"https:\/\/www.estrategiaconcursos.com.br\/blog\/concursos-abertos\/\">CONCURSOS ABERTOS<\/a><\/strong><\/p>\n\n\n\n<p class=\"has-background has-text-align-center has-medium-font-size has-pale-cyan-blue-background-color\"><a href=\"https:\/\/www.estrategiaconcursos.com.br\/blog\/concursos-2020\/\"><strong>CONCURSOS<\/strong><\/a><strong><a href=\"https:\/\/www.estrategiaconcursos.com.br\/blog\/concursos-2020\/\">&nbsp;2020<\/a><\/strong><\/p>\n\n\n\n<p class=\"has-background has-text-align-center has-medium-font-size has-pale-cyan-blue-background-color\"><strong><a rel=\"noreferrer noopener\" href=\"https:\/\/www.estrategiaconcursos.com.br\/blog\/concursos-de-policia\/\" target=\"_blank\">CONCURSOS POLICIAIS<\/a><\/strong><\/p>\n","protected":false},"excerpt":{"rendered":"<p>O Tribunal de Contas do Distrito Federal (TCDF) publicou nesta sexta-feira, 24 de janeiro de 2020, uma liminar que solicita \u00e0 Pol\u00edcia Civil do Distrito Federal (PCDF) retifica\u00e7\u00f5es no edital do concurso para Escriv\u00e3o, publicado em dezembro de 2019, com oferta de 300 vagas. De acordo com a publica\u00e7\u00e3o, o \u00f3rg\u00e3o pede a retifica\u00e7\u00e3o do [&hellip;]<\/p>\n","protected":false},"author":214,"featured_media":0,"comment_status":"open","ping_status":"closed","sticky":false,"template":"","format":"standard","meta":{"post_tipo":"article","footnotes":""},"categories":[1],"tags":[],"tax_estado":[],"class_list":["post-473925","post","type-post","status-publish","format-standard","hentry","category-cursos-e-concursos"],"acf":[],"yoast_head":"<!-- This site is optimized with the Yoast SEO Premium plugin v27.2 (Yoast SEO v27.2) - https:\/\/yoast.com\/product\/yoast-seo-premium-wordpress\/ -->\n<title>Liminar do TCDF pede retifica\u00e7\u00e3o do edital do concurso PCDF<\/title>\n<meta name=\"description\" content=\"O Tribunal de Contas do DIstrito Federal solicitou \u00e0 Pol\u00edcia Civil do Distrito Federal (PCDF) retifica\u00e7\u00f5es no edital do concurso. Confira!\" \/>\n<meta name=\"robots\" content=\"index, follow, max-snippet:-1, max-image-preview:large, max-video-preview:-1\" \/>\n<link rel=\"canonical\" href=\"https:\/\/www.estrategiaconcursos.com.br\/blog\/liminar-retificacao-pcdf\/\" \/>\n<meta property=\"og:locale\" content=\"pt_BR\" \/>\n<meta property=\"og:type\" content=\"article\" \/>\n<meta property=\"og:title\" content=\"Liminar do TCDF pede retifica\u00e7\u00e3o do edital do concurso PCDF\" \/>\n<meta property=\"og:description\" content=\"O Tribunal de Contas do DIstrito Federal solicitou \u00e0 Pol\u00edcia Civil do Distrito Federal (PCDF) retifica\u00e7\u00f5es no edital do concurso. Confira!\" \/>\n<meta property=\"og:url\" content=\"https:\/\/www.estrategiaconcursos.com.br\/blog\/liminar-retificacao-pcdf\/\" \/>\n<meta property=\"og:site_name\" content=\"Estrat\u00e9gia Concursos\" \/>\n<meta property=\"article:published_time\" content=\"2020-01-24T21:13:45+00:00\" \/>\n<meta property=\"article:modified_time\" content=\"2020-05-06T16:59:32+00:00\" \/>\n<meta name=\"author\" content=\"D\u00e9cio Terror Filho\" \/>\n<meta name=\"twitter:card\" content=\"summary_large_image\" \/>\n<meta name=\"twitter:creator\" content=\"@EstratConcursos\" \/>\n<meta name=\"twitter:site\" content=\"@EstratConcursos\" \/>\n<meta name=\"twitter:label1\" content=\"Escrito por\" \/>\n\t<meta name=\"twitter:data1\" content=\"D\u00e9cio Terror Filho\" \/>\n\t<meta name=\"twitter:label2\" content=\"Est. tempo de leitura\" \/>\n\t<meta name=\"twitter:data2\" content=\"3 minutos\" \/>\n<script type=\"application\/ld+json\" class=\"yoast-schema-graph\">{\"@context\":\"https:\/\/schema.org\",\"@graph\":[{\"@type\":\"NewsArticle\",\"@id\":\"https:\/\/www.estrategiaconcursos.com.br\/blog\/liminar-retificacao-pcdf\/#article\",\"isPartOf\":{\"@id\":\"https:\/\/www.estrategiaconcursos.com.br\/blog\/liminar-retificacao-pcdf\/\"},\"author\":{\"name\":\"D\u00e9cio Terror Filho\",\"@id\":\"https:\/\/www.estrategiaconcursos.com.br\/blog\/#\/schema\/person\/e8165364027a31208914fc77c3314727\"},\"headline\":\"Liminar do TCDF pede retifica\u00e7\u00e3o do edital do concurso PCDF\",\"datePublished\":\"2020-01-24T21:13:45+00:00\",\"dateModified\":\"2020-05-06T16:59:32+00:00\",\"mainEntityOfPage\":{\"@id\":\"https:\/\/www.estrategiaconcursos.com.br\/blog\/liminar-retificacao-pcdf\/\"},\"wordCount\":574,\"commentCount\":0,\"publisher\":{\"@id\":\"https:\/\/www.estrategiaconcursos.com.br\/blog\/#organization\"},\"articleSection\":[\"Concursos P\u00fablicos\"],\"inLanguage\":\"pt-BR\",\"potentialAction\":[{\"@type\":\"CommentAction\",\"name\":\"Comment\",\"target\":[\"https:\/\/www.estrategiaconcursos.com.br\/blog\/liminar-retificacao-pcdf\/#respond\"]}],\"copyrightYear\":\"2020\",\"copyrightHolder\":{\"@id\":\"https:\/\/www.estrategiaconcursos.com.br\/blog\/#organization\"}},{\"@type\":\"WebPage\",\"@id\":\"https:\/\/www.estrategiaconcursos.com.br\/blog\/liminar-retificacao-pcdf\/\",\"url\":\"https:\/\/www.estrategiaconcursos.com.br\/blog\/liminar-retificacao-pcdf\/\",\"name\":\"Liminar do TCDF pede retifica\u00e7\u00e3o do edital do concurso PCDF\",\"isPartOf\":{\"@id\":\"https:\/\/www.estrategiaconcursos.com.br\/blog\/#website\"},\"datePublished\":\"2020-01-24T21:13:45+00:00\",\"dateModified\":\"2020-05-06T16:59:32+00:00\",\"description\":\"O Tribunal de Contas do DIstrito Federal solicitou \u00e0 Pol\u00edcia Civil do Distrito Federal (PCDF) retifica\u00e7\u00f5es no edital do concurso. Confira!\",\"breadcrumb\":{\"@id\":\"https:\/\/www.estrategiaconcursos.com.br\/blog\/liminar-retificacao-pcdf\/#breadcrumb\"},\"inLanguage\":\"pt-BR\",\"potentialAction\":[{\"@type\":\"ReadAction\",\"target\":[\"https:\/\/www.estrategiaconcursos.com.br\/blog\/liminar-retificacao-pcdf\/\"]}]},{\"@type\":\"BreadcrumbList\",\"@id\":\"https:\/\/www.estrategiaconcursos.com.br\/blog\/liminar-retificacao-pcdf\/#breadcrumb\",\"itemListElement\":[{\"@type\":\"ListItem\",\"position\":1,\"name\":\"In\u00edcio\",\"item\":\"https:\/\/www.estrategiaconcursos.com.br\/blog\/\"},{\"@type\":\"ListItem\",\"position\":2,\"name\":\"Liminar do TCDF pede retifica\u00e7\u00e3o do edital do concurso PCDF\"}]},{\"@type\":\"WebSite\",\"@id\":\"https:\/\/www.estrategiaconcursos.com.br\/blog\/#website\",\"url\":\"https:\/\/www.estrategiaconcursos.com.br\/blog\/\",\"name\":\"Estrat\u00e9gia Concursos\",\"description\":\"O blog da Estrat\u00e9gia Concursos traz not\u00edcias sobre concursos e artigos de professores oferecendo cursos para concursos (pdf + videaulas) no site.\",\"publisher\":{\"@id\":\"https:\/\/www.estrategiaconcursos.com.br\/blog\/#organization\"},\"potentialAction\":[{\"@type\":\"SearchAction\",\"target\":{\"@type\":\"EntryPoint\",\"urlTemplate\":\"https:\/\/www.estrategiaconcursos.com.br\/blog\/?s={search_term_string}\"},\"query-input\":{\"@type\":\"PropertyValueSpecification\",\"valueRequired\":true,\"valueName\":\"search_term_string\"}}],\"inLanguage\":\"pt-BR\"},{\"@type\":\"Organization\",\"@id\":\"https:\/\/www.estrategiaconcursos.com.br\/blog\/#organization\",\"name\":\"Estrat\u00e9gia Concursos\",\"url\":\"https:\/\/www.estrategiaconcursos.com.br\/blog\/\",\"logo\":{\"@type\":\"ImageObject\",\"inLanguage\":\"pt-BR\",\"@id\":\"https:\/\/www.estrategiaconcursos.com.br\/blog\/#\/schema\/logo\/image\/\",\"url\":\"https:\/\/dhg1h5j42swfq.cloudfront.net\/2025\/06\/03203428\/logo_concursos-1.jpg\",\"contentUrl\":\"https:\/\/dhg1h5j42swfq.cloudfront.net\/2025\/06\/03203428\/logo_concursos-1.jpg\",\"width\":230,\"height\":60,\"caption\":\"Estrat\u00e9gia Concursos\"},\"image\":{\"@id\":\"https:\/\/www.estrategiaconcursos.com.br\/blog\/#\/schema\/logo\/image\/\"},\"sameAs\":[\"https:\/\/x.com\/EstratConcursos\"]},{\"@type\":\"Person\",\"@id\":\"https:\/\/www.estrategiaconcursos.com.br\/blog\/#\/schema\/person\/e8165364027a31208914fc77c3314727\",\"name\":\"D\u00e9cio Terror Filho\",\"image\":{\"@type\":\"ImageObject\",\"inLanguage\":\"pt-BR\",\"@id\":\"https:\/\/secure.gravatar.com\/avatar\/a5b78e734de7c6482e965926e78344deb81abbc34282a3c9536cbb1a59728a37?s=96&d=mm&r=g\",\"url\":\"https:\/\/secure.gravatar.com\/avatar\/a5b78e734de7c6482e965926e78344deb81abbc34282a3c9536cbb1a59728a37?s=96&d=mm&r=g\",\"contentUrl\":\"https:\/\/secure.gravatar.com\/avatar\/a5b78e734de7c6482e965926e78344deb81abbc34282a3c9536cbb1a59728a37?s=96&d=mm&r=g\",\"caption\":\"D\u00e9cio Terror Filho\"},\"url\":\"https:\/\/www.estrategiaconcursos.com.br\/blog\/author\/contatoterrorportugues-com-br\/\"}]}<\/script>\n<!-- \/ Yoast SEO Premium plugin. -->","yoast_head_json":{"title":"Liminar do TCDF pede retifica\u00e7\u00e3o do edital do concurso PCDF","description":"O Tribunal de Contas do DIstrito Federal solicitou \u00e0 Pol\u00edcia Civil do Distrito Federal (PCDF) retifica\u00e7\u00f5es no edital do concurso. Confira!","robots":{"index":"index","follow":"follow","max-snippet":"max-snippet:-1","max-image-preview":"max-image-preview:large","max-video-preview":"max-video-preview:-1"},"canonical":"https:\/\/www.estrategiaconcursos.com.br\/blog\/liminar-retificacao-pcdf\/","og_locale":"pt_BR","og_type":"article","og_title":"Liminar do TCDF pede retifica\u00e7\u00e3o do edital do concurso PCDF","og_description":"O Tribunal de Contas do DIstrito Federal solicitou \u00e0 Pol\u00edcia Civil do Distrito Federal (PCDF) retifica\u00e7\u00f5es no edital do concurso. Confira!","og_url":"https:\/\/www.estrategiaconcursos.com.br\/blog\/liminar-retificacao-pcdf\/","og_site_name":"Estrat\u00e9gia Concursos","article_published_time":"2020-01-24T21:13:45+00:00","article_modified_time":"2020-05-06T16:59:32+00:00","author":"D\u00e9cio Terror Filho","twitter_card":"summary_large_image","twitter_creator":"@EstratConcursos","twitter_site":"@EstratConcursos","twitter_misc":{"Escrito por":"D\u00e9cio Terror Filho","Est. tempo de leitura":"3 minutos"},"schema":{"@context":"https:\/\/schema.org","@graph":[{"@type":"NewsArticle","@id":"https:\/\/www.estrategiaconcursos.com.br\/blog\/liminar-retificacao-pcdf\/#article","isPartOf":{"@id":"https:\/\/www.estrategiaconcursos.com.br\/blog\/liminar-retificacao-pcdf\/"},"author":{"name":"D\u00e9cio Terror Filho","@id":"https:\/\/www.estrategiaconcursos.com.br\/blog\/#\/schema\/person\/e8165364027a31208914fc77c3314727"},"headline":"Liminar do TCDF pede retifica\u00e7\u00e3o do edital do concurso PCDF","datePublished":"2020-01-24T21:13:45+00:00","dateModified":"2020-05-06T16:59:32+00:00","mainEntityOfPage":{"@id":"https:\/\/www.estrategiaconcursos.com.br\/blog\/liminar-retificacao-pcdf\/"},"wordCount":574,"commentCount":0,"publisher":{"@id":"https:\/\/www.estrategiaconcursos.com.br\/blog\/#organization"},"articleSection":["Concursos P\u00fablicos"],"inLanguage":"pt-BR","potentialAction":[{"@type":"CommentAction","name":"Comment","target":["https:\/\/www.estrategiaconcursos.com.br\/blog\/liminar-retificacao-pcdf\/#respond"]}],"copyrightYear":"2020","copyrightHolder":{"@id":"https:\/\/www.estrategiaconcursos.com.br\/blog\/#organization"}},{"@type":"WebPage","@id":"https:\/\/www.estrategiaconcursos.com.br\/blog\/liminar-retificacao-pcdf\/","url":"https:\/\/www.estrategiaconcursos.com.br\/blog\/liminar-retificacao-pcdf\/","name":"Liminar do TCDF pede retifica\u00e7\u00e3o do edital do concurso PCDF","isPartOf":{"@id":"https:\/\/www.estrategiaconcursos.com.br\/blog\/#website"},"datePublished":"2020-01-24T21:13:45+00:00","dateModified":"2020-05-06T16:59:32+00:00","description":"O Tribunal de Contas do DIstrito Federal solicitou \u00e0 Pol\u00edcia Civil do Distrito Federal (PCDF) retifica\u00e7\u00f5es no edital do concurso. Confira!","breadcrumb":{"@id":"https:\/\/www.estrategiaconcursos.com.br\/blog\/liminar-retificacao-pcdf\/#breadcrumb"},"inLanguage":"pt-BR","potentialAction":[{"@type":"ReadAction","target":["https:\/\/www.estrategiaconcursos.com.br\/blog\/liminar-retificacao-pcdf\/"]}]},{"@type":"BreadcrumbList","@id":"https:\/\/www.estrategiaconcursos.com.br\/blog\/liminar-retificacao-pcdf\/#breadcrumb","itemListElement":[{"@type":"ListItem","position":1,"name":"In\u00edcio","item":"https:\/\/www.estrategiaconcursos.com.br\/blog\/"},{"@type":"ListItem","position":2,"name":"Liminar do TCDF pede retifica\u00e7\u00e3o do edital do concurso PCDF"}]},{"@type":"WebSite","@id":"https:\/\/www.estrategiaconcursos.com.br\/blog\/#website","url":"https:\/\/www.estrategiaconcursos.com.br\/blog\/","name":"Estrat\u00e9gia Concursos","description":"O blog da Estrat\u00e9gia Concursos traz not\u00edcias sobre concursos e artigos de professores oferecendo cursos para concursos (pdf + videaulas) no site.","publisher":{"@id":"https:\/\/www.estrategiaconcursos.com.br\/blog\/#organization"},"potentialAction":[{"@type":"SearchAction","target":{"@type":"EntryPoint","urlTemplate":"https:\/\/www.estrategiaconcursos.com.br\/blog\/?s={search_term_string}"},"query-input":{"@type":"PropertyValueSpecification","valueRequired":true,"valueName":"search_term_string"}}],"inLanguage":"pt-BR"},{"@type":"Organization","@id":"https:\/\/www.estrategiaconcursos.com.br\/blog\/#organization","name":"Estrat\u00e9gia Concursos","url":"https:\/\/www.estrategiaconcursos.com.br\/blog\/","logo":{"@type":"ImageObject","inLanguage":"pt-BR","@id":"https:\/\/www.estrategiaconcursos.com.br\/blog\/#\/schema\/logo\/image\/","url":"https:\/\/dhg1h5j42swfq.cloudfront.net\/2025\/06\/03203428\/logo_concursos-1.jpg","contentUrl":"https:\/\/dhg1h5j42swfq.cloudfront.net\/2025\/06\/03203428\/logo_concursos-1.jpg","width":230,"height":60,"caption":"Estrat\u00e9gia Concursos"},"image":{"@id":"https:\/\/www.estrategiaconcursos.com.br\/blog\/#\/schema\/logo\/image\/"},"sameAs":["https:\/\/x.com\/EstratConcursos"]},{"@type":"Person","@id":"https:\/\/www.estrategiaconcursos.com.br\/blog\/#\/schema\/person\/e8165364027a31208914fc77c3314727","name":"D\u00e9cio Terror Filho","image":{"@type":"ImageObject","inLanguage":"pt-BR","@id":"https:\/\/secure.gravatar.com\/avatar\/a5b78e734de7c6482e965926e78344deb81abbc34282a3c9536cbb1a59728a37?s=96&d=mm&r=g","url":"https:\/\/secure.gravatar.com\/avatar\/a5b78e734de7c6482e965926e78344deb81abbc34282a3c9536cbb1a59728a37?s=96&d=mm&r=g","contentUrl":"https:\/\/secure.gravatar.com\/avatar\/a5b78e734de7c6482e965926e78344deb81abbc34282a3c9536cbb1a59728a37?s=96&d=mm&r=g","caption":"D\u00e9cio Terror Filho"},"url":"https:\/\/www.estrategiaconcursos.com.br\/blog\/author\/contatoterrorportugues-com-br\/"}]}},"_links":{"self":[{"href":"https:\/\/www.estrategiaconcursos.com.br\/blog\/wp-json\/wp\/v2\/posts\/473925","targetHints":{"allow":["GET"]}}],"collection":[{"href":"https:\/\/www.estrategiaconcursos.com.br\/blog\/wp-json\/wp\/v2\/posts"}],"about":[{"href":"https:\/\/www.estrategiaconcursos.com.br\/blog\/wp-json\/wp\/v2\/types\/post"}],"author":[{"embeddable":true,"href":"https:\/\/www.estrategiaconcursos.com.br\/blog\/wp-json\/wp\/v2\/users\/214"}],"replies":[{"embeddable":true,"href":"https:\/\/www.estrategiaconcursos.com.br\/blog\/wp-json\/wp\/v2\/comments?post=473925"}],"version-history":[{"count":2,"href":"https:\/\/www.estrategiaconcursos.com.br\/blog\/wp-json\/wp\/v2\/posts\/473925\/revisions"}],"predecessor-version":[{"id":473942,"href":"https:\/\/www.estrategiaconcursos.com.br\/blog\/wp-json\/wp\/v2\/posts\/473925\/revisions\/473942"}],"wp:attachment":[{"href":"https:\/\/www.estrategiaconcursos.com.br\/blog\/wp-json\/wp\/v2\/media?parent=473925"}],"wp:term":[{"taxonomy":"category","embeddable":true,"href":"https:\/\/www.estrategiaconcursos.com.br\/blog\/wp-json\/wp\/v2\/categories?post=473925"},{"taxonomy":"post_tag","embeddable":true,"href":"https:\/\/www.estrategiaconcursos.com.br\/blog\/wp-json\/wp\/v2\/tags?post=473925"},{"taxonomy":"tax_estado","embeddable":true,"href":"https:\/\/www.estrategiaconcursos.com.br\/blog\/wp-json\/wp\/v2\/tax_estado?post=473925"}],"curies":[{"name":"wp","href":"https:\/\/api.w.org\/{rel}","templated":true}]}}