{"id":473841,"date":"2020-01-24T18:06:57","date_gmt":"2020-01-24T21:06:57","guid":{"rendered":"https:\/\/www.estrategiaconcursos.com.br\/blog\/?p=473841"},"modified":"2020-04-08T14:57:02","modified_gmt":"2020-04-08T17:57:02","slug":"quem-nao-tem-repertorio-sociocultural-se-trumbica-ciencias-humanas-para-redacao","status":"publish","type":"post","link":"https:\/\/www.estrategiaconcursos.com.br\/blog\/quem-nao-tem-repertorio-sociocultural-se-trumbica-ciencias-humanas-para-redacao\/","title":{"rendered":"Quem n\u00e3o tem repert\u00f3rio sociocultural, se trumbica: ci\u00eancias humanas para reda\u00e7\u00e3o"},"content":{"rendered":"\n<p>Al\u00f4, al\u00f4 concurseiro! <\/p>\n\n\n\n<p>Quem n\u00e3o tem repert\u00f3rio sociocultural, se trumbica feio na reda\u00e7\u00e3o! <\/p>\n\n\n\n<p>Acho que j\u00e1 est\u00e1 mais do que claro que a nota da reda\u00e7\u00e3o faz toda a diferen\u00e7a na aprova\u00e7\u00e3o, n\u00e3o \u00e9 mesmo? N\u00e3o acredita, n\u00e9?! Tudo bem&#8230;Confira estes v\u00eddeos:<\/p>\n\n\n<figure class=\"wp-block-embed-youtube wp-block-embed is-type-video is-provider-youtube wp-embed-aspect-4-3 wp-has-aspect-ratio\"><div class=\"lyte-wrapper\" style=\"width:853px;max-width:100%;margin:5px;\"><div class=\"lyMe\" id=\"WYL_qUxbSM8h1zY\"><div id=\"lyte_qUxbSM8h1zY\" data-src=\"\/\/i.ytimg.com\/vi\/qUxbSM8h1zY\/hqdefault.jpg\" class=\"pL\"><div class=\"tC\"><div class=\"tT\"><\/div><\/div><div class=\"play\"><\/div><div class=\"ctrl\"><div class=\"Lctrl\"><\/div><div class=\"Rctrl\"><\/div><\/div><\/div><noscript><a href=\"https:\/\/youtu.be\/qUxbSM8h1zY\" rel=\"nofollow\"><img loading=\"lazy\" decoding=\"async\" src=\"https:\/\/i.ytimg.com\/vi\/qUxbSM8h1zY\/0.jpg\" alt=\"YouTube video thumbnail\" width=\"853\" height=\"460\" \/><br \/>Assista a este v\u00eddeo no YouTube<\/a><\/noscript><\/div><\/div><div class=\"lL\" style=\"max-width:100%;width:853px;margin:5px;\"><\/div><figcaption><\/figcaption><\/figure>\n\n<figure class=\"wp-block-embed-youtube wp-block-embed is-type-video is-provider-youtube wp-embed-aspect-16-9 wp-has-aspect-ratio\"><div class=\"lyte-wrapper\" style=\"width:853px;max-width:100%;margin:5px;\"><div class=\"lyMe\" id=\"WYL_AlE9ZdKuAhg\"><div id=\"lyte_AlE9ZdKuAhg\" data-src=\"\/\/i.ytimg.com\/vi\/AlE9ZdKuAhg\/hqdefault.jpg\" class=\"pL\"><div class=\"tC\"><div class=\"tT\"><\/div><\/div><div class=\"play\"><\/div><div class=\"ctrl\"><div class=\"Lctrl\"><\/div><div class=\"Rctrl\"><\/div><\/div><\/div><noscript><a href=\"https:\/\/youtu.be\/AlE9ZdKuAhg\" rel=\"nofollow\"><img loading=\"lazy\" decoding=\"async\" src=\"https:\/\/i.ytimg.com\/vi\/AlE9ZdKuAhg\/0.jpg\" alt=\"YouTube video thumbnail\" width=\"853\" height=\"460\" \/><br \/>Assista a este v\u00eddeo no YouTube<\/a><\/noscript><\/div><\/div><div class=\"lL\" style=\"max-width:100%;width:853px;margin:5px;\"><\/div><figcaption><\/figcaption><\/figure>\n\n\n<p>Como eu disse, as aprova\u00e7\u00f5es em concursos de alto n\u00edvel est\u00e3o sendo decididas com a nota de reda\u00e7\u00e3o. Por qu\u00ea? Simples, na parte objetiva os candidatos chegam com &#8220;sangue nos z\u00f3i&#8221;, isto \u00e9, preparad\u00edssimos. Por\u00e9m, quando chegam na reda\u00e7\u00e3o muitos deslizam porque n\u00e3o fizeram uma boa prepara\u00e7\u00e3o. Por isso, se preparar bem para a prova discursiva tamb\u00e9m \u00e9 essencial.<\/p>\n\n\n\n<p>H\u00e1 tr\u00eas coisas que voc\u00ea precisa combinar para buscar a nota m\u00e1xima na reda\u00e7\u00e3o: <strong>dom\u00ednio da estrutura, ampliar o seu repert\u00f3rio sociocultural e treinar<\/strong>.<\/p>\n\n\n\n<p>Na Programa\u00e7\u00e3o Neurolingu\u00edstica (PNL) h\u00e1 uma t\u00e9cnica muito interessante denominada &#8220;MODELAR&#8221;, que consiste em identificar padr\u00f5es que d\u00e3o certo, que funcionam. Nessa perspectiva, analisei minuciosamente as reda\u00e7\u00f5es notas 10 de meus alunos nos anos de 2018 e 2019  (diversas bancas e concursos). Todas elas utilizaram na fundamenta\u00e7\u00e3o argumentativa a seguinte combina\u00e7\u00e3o: <strong>desenvolvimento contextualizado de conceitos de pensadores renomados aplicados a exemplos da realidade social.<\/strong><\/p>\n\n\n\n<p>Confira estes dois exemplos de nota m\u00e1xima na reda\u00e7\u00e3o:<\/p>\n\n\n\n<figure class=\"wp-block-image size-large\"><img loading=\"lazy\" decoding=\"async\" width=\"586\" height=\"587\" src=\"https:\/\/dhg1h5j42swfq.cloudfront.net\/2020\/01\/24174526\/image-186.png\" alt=\"\" class=\"wp-image-473927\" srcset=\"https:\/\/dhg1h5j42swfq.cloudfront.net\/2020\/01\/24174526\/image-186.png 586w, https:\/\/dhg1h5j42swfq.cloudfront.net\/2020\/01\/24174526\/image-186-300x300.png 300w, https:\/\/dhg1h5j42swfq.cloudfront.net\/2020\/01\/24174526\/image-186-150x150.png 150w\" sizes=\"auto, (max-width: 586px) 100vw, 586px\" \/><figcaption>Ricardo Teixeira &#8211; Nota 10 no concurso TRF-4\/Banca FCC<br \/><\/figcaption><\/figure>\n\n\n\n<figure class=\"wp-block-image size-large\"><img loading=\"lazy\" decoding=\"async\" width=\"506\" height=\"580\" src=\"https:\/\/dhg1h5j42swfq.cloudfront.net\/2020\/01\/24174855\/image-187.png\" alt=\"\" class=\"wp-image-473931\" srcset=\"https:\/\/dhg1h5j42swfq.cloudfront.net\/2020\/01\/24174855\/image-187.png 506w, https:\/\/dhg1h5j42swfq.cloudfront.net\/2020\/01\/24174855\/image-187-262x300.png 262w\" sizes=\"auto, (max-width: 506px) 100vw, 506px\" \/><figcaption>Anna Martins &#8211; Nota 100 no concurso da UFF\/Banca Coseac<\/figcaption><\/figure>\n\n\n\n<p>Com o objetivo de contribuir com a sua aprova\u00e7\u00e3o, lan\u00e7amos o curso de <a href=\"https:\/\/www.estrategiaconcursos.com.br\/curso\/ciencias-humanas-para-redacao-2020\/\">Ci\u00eancias Humanas para Reda\u00e7\u00e3o 2020<\/a>, no qual h\u00e1 a apresenta\u00e7\u00e3o de dezenas de pensadores e o debate de v\u00e1rios temas de interesse geral. Dessa forma, o seu repert\u00f3rio sociocultural e o dom\u00ednio da estrutura est\u00e3o garantidos!<\/p>\n\n\n\n<p>Confira o cronograma do curso e assista a aula demonstrativa, na qual eu apresento a metodologia, explico a filosofia de Gilles Lipovetsky e debato o tema mobilidade urbana:<\/p>\n\n\n\n<p><a href=\"https:\/\/www.estrategiaconcursos.com.br\/curso\/ciencias-humanas-para-redacao-2020\/\">https:\/\/www.estrategiaconcursos.com.br\/curso\/ciencias-humanas-para-redacao-2020\/<\/a><\/p>\n\n\n\n<p>Lembre-se: quem n\u00e3o usa repert\u00f3rio sociocultural, se trumbica na reda\u00e7\u00e3o!<\/p>\n\n\n\n<p>Estas alunas fizeram o curso de Ci\u00eancias Humanas para Reda\u00e7\u00e3o 2019 e compartilharam suas experi\u00eancias:<\/p>\n\n\n<figure class=\"wp-block-embed-youtube wp-block-embed is-type-video is-provider-youtube wp-embed-aspect-16-9 wp-has-aspect-ratio\"><div class=\"lyte-wrapper\" style=\"width:853px;max-width:100%;margin:5px;\"><div class=\"lyMe\" id=\"WYL_xZnL9BSelDU\"><div id=\"lyte_xZnL9BSelDU\" data-src=\"\/\/i.ytimg.com\/vi\/xZnL9BSelDU\/hqdefault.jpg\" class=\"pL\"><div class=\"tC\"><div class=\"tT\"><\/div><\/div><div class=\"play\"><\/div><div class=\"ctrl\"><div class=\"Lctrl\"><\/div><div class=\"Rctrl\"><\/div><\/div><\/div><noscript><a href=\"https:\/\/youtu.be\/xZnL9BSelDU\" rel=\"nofollow\"><img loading=\"lazy\" decoding=\"async\" src=\"https:\/\/i.ytimg.com\/vi\/xZnL9BSelDU\/0.jpg\" alt=\"YouTube video thumbnail\" width=\"853\" height=\"460\" \/><br \/>Assista a este v\u00eddeo no YouTube<\/a><\/noscript><\/div><\/div><div class=\"lL\" style=\"max-width:100%;width:853px;margin:5px;\"><\/div><figcaption><\/figcaption><\/figure>\n\n<figure class=\"wp-block-embed-youtube wp-block-embed is-type-video is-provider-youtube wp-embed-aspect-4-3 wp-has-aspect-ratio\"><div class=\"lyte-wrapper\" style=\"width:853px;max-width:100%;margin:5px;\"><div class=\"lyMe\" id=\"WYL_SzM265LBidI\"><div id=\"lyte_SzM265LBidI\" data-src=\"\/\/i.ytimg.com\/vi\/SzM265LBidI\/hqdefault.jpg\" class=\"pL\"><div class=\"tC\"><div class=\"tT\"><\/div><\/div><div class=\"play\"><\/div><div class=\"ctrl\"><div class=\"Lctrl\"><\/div><div class=\"Rctrl\"><\/div><\/div><\/div><noscript><a href=\"https:\/\/youtu.be\/SzM265LBidI\" rel=\"nofollow\"><img loading=\"lazy\" decoding=\"async\" src=\"https:\/\/i.ytimg.com\/vi\/SzM265LBidI\/0.jpg\" alt=\"YouTube video thumbnail\" width=\"853\" height=\"460\" \/><br \/>Assista a este v\u00eddeo no YouTube<\/a><\/noscript><\/div><\/div><div class=\"lL\" style=\"max-width:100%;width:853px;margin:5px;\"><\/div><figcaption><\/figcaption><\/figure>\n\n<p><!--StartFragment--><\/p>\n\n\n<p><strong>Quem sou eu?<\/strong><\/p>\n\n\n\n<p>Sou o Professor Raphael Reis. Para quem ainda n\u00e3o me conhece, fica aqui uma breve apresenta\u00e7\u00e3o: sou Professor do Estrat\u00e9gia Concursos desde 2016 e leciono os seguintes conte\u00fados: Reda\u00e7\u00e3o (macroestrutura), Hist\u00f3ria, Filosofia e Sociologia. Fiz minha gradua\u00e7\u00e3o em Hist\u00f3ria (UFJF), especializa\u00e7\u00e3o em Pol\u00edticas P\u00fablicas e Gest\u00e3o Social (UFJF) e mestrado em Sociologia da Educa\u00e7\u00e3o (UFJF).<\/p>\n\n\n\n<p>Nos \u00faltimos anos tenho me especializado na parte de macroestrutura da<br \/>reda\u00e7\u00e3o. Ao perceber que a grande dificuldade dos candidatos \u00e9 desenvolver argumentos bem fundamentados, criei o curso in\u00e9dito e inovador de <a href=\"https:\/\/www.estrategiaconcursos.com.br\/curso\/ciencias-humanas-para-redacao-2020\/\">Ci\u00eancias Humanas para Reda\u00e7\u00e3o<\/a>, que j\u00e1 atendeu milhares de alunos e t\u00eam contribu\u00eddo decisivamente para a melhoria das notas. Sou autor do e-book 15 conceitos para mandar bem na reda\u00e7\u00e3o da FCC.<\/p>\n\n\n<p><!--StartFragment--><\/p>\n\n\n<p><strong>Sigam-me os bons:<\/strong><\/p>\n\n\n\n<p>Instagram (@profraphaelreis)<\/p>\n\n\n\n<p>YouTube (Professor Raphael Reis)<\/p>\n\n\n\n<p>Telegram: t.me\/profraphaelreis<\/p>\n\n\n\n<p><strong>Site:<\/strong> www.professorraphaelreis.com.br<\/p>\n\n\n<p><!--EndFragment--><\/p>\n<p><!--EndFragment--><\/p>","protected":false},"excerpt":{"rendered":"<p>Al\u00f4, al\u00f4 concurseiro! Quem n\u00e3o tem repert\u00f3rio sociocultural, se trumbica feio na reda\u00e7\u00e3o! Acho que j\u00e1 est\u00e1 mais do que claro que a nota da reda\u00e7\u00e3o faz toda a diferen\u00e7a na aprova\u00e7\u00e3o, n\u00e3o \u00e9 mesmo? N\u00e3o acredita, n\u00e9?! Tudo bem&#8230;Confira estes v\u00eddeos: Como eu disse, as aprova\u00e7\u00f5es em concursos de alto n\u00edvel est\u00e3o sendo decididas [&hellip;]<\/p>\n","protected":false},"author":384,"featured_media":0,"comment_status":"open","ping_status":"closed","sticky":false,"template":"","format":"standard","meta":{"post_tipo":"article","footnotes":""},"categories":[1],"tags":[],"tax_estado":[],"class_list":["post-473841","post","type-post","status-publish","format-standard","hentry","category-cursos-e-concursos"],"acf":[],"yoast_head":"<!-- This site is optimized with the Yoast SEO Premium plugin v27.2 (Yoast SEO v27.2) - https:\/\/yoast.com\/product\/yoast-seo-premium-wordpress\/ -->\n<title>Quem n\u00e3o tem repert\u00f3rio sociocultural, se trumbica: ci\u00eancias humanas para reda\u00e7\u00e3o<\/title>\n<meta name=\"robots\" content=\"index, follow, max-snippet:-1, max-image-preview:large, max-video-preview:-1\" \/>\n<link rel=\"canonical\" href=\"https:\/\/www.estrategiaconcursos.com.br\/blog\/quem-nao-tem-repertorio-sociocultural-se-trumbica-ciencias-humanas-para-redacao\/\" \/>\n<meta property=\"og:locale\" content=\"pt_BR\" \/>\n<meta property=\"og:type\" content=\"article\" \/>\n<meta property=\"og:title\" content=\"Quem n\u00e3o tem repert\u00f3rio sociocultural, se trumbica: ci\u00eancias humanas para reda\u00e7\u00e3o\" \/>\n<meta property=\"og:description\" content=\"Al\u00f4, al\u00f4 concurseiro! Quem n\u00e3o tem repert\u00f3rio sociocultural, se trumbica feio na reda\u00e7\u00e3o! Acho que j\u00e1 est\u00e1 mais do que claro que a nota da reda\u00e7\u00e3o faz toda a diferen\u00e7a na aprova\u00e7\u00e3o, n\u00e3o \u00e9 mesmo? N\u00e3o acredita, n\u00e9?! Tudo bem&#8230;Confira estes v\u00eddeos: Como eu disse, as aprova\u00e7\u00f5es em concursos de alto n\u00edvel est\u00e3o sendo decididas [&hellip;]\" \/>\n<meta property=\"og:url\" content=\"https:\/\/www.estrategiaconcursos.com.br\/blog\/quem-nao-tem-repertorio-sociocultural-se-trumbica-ciencias-humanas-para-redacao\/\" \/>\n<meta property=\"og:site_name\" content=\"Estrat\u00e9gia Concursos\" \/>\n<meta property=\"article:published_time\" content=\"2020-01-24T21:06:57+00:00\" \/>\n<meta property=\"article:modified_time\" content=\"2020-04-08T17:57:02+00:00\" \/>\n<meta property=\"og:image\" content=\"https:\/\/www.estrategiaconcursos.com.br\/blog\/wp-content\/uploads\/2020\/01\/image-186.png\" \/>\n<meta name=\"author\" content=\"Raphael de Oliveira Reis\" \/>\n<meta name=\"twitter:card\" content=\"summary_large_image\" \/>\n<meta name=\"twitter:creator\" content=\"@EstratConcursos\" \/>\n<meta name=\"twitter:site\" content=\"@EstratConcursos\" \/>\n<meta name=\"twitter:label1\" content=\"Escrito por\" \/>\n\t<meta name=\"twitter:data1\" content=\"Raphael de Oliveira Reis\" \/>\n\t<meta name=\"twitter:label2\" content=\"Est. tempo de leitura\" \/>\n\t<meta name=\"twitter:data2\" content=\"3 minutos\" \/>\n<script type=\"application\/ld+json\" class=\"yoast-schema-graph\">{\"@context\":\"https:\/\/schema.org\",\"@graph\":[{\"@type\":\"NewsArticle\",\"@id\":\"https:\/\/www.estrategiaconcursos.com.br\/blog\/quem-nao-tem-repertorio-sociocultural-se-trumbica-ciencias-humanas-para-redacao\/#article\",\"isPartOf\":{\"@id\":\"https:\/\/www.estrategiaconcursos.com.br\/blog\/quem-nao-tem-repertorio-sociocultural-se-trumbica-ciencias-humanas-para-redacao\/\"},\"author\":{\"name\":\"Raphael de Oliveira Reis\",\"@id\":\"https:\/\/www.estrategiaconcursos.com.br\/blog\/#\/schema\/person\/b49a1a49e5ef8a9f8d3268e74404a911\"},\"headline\":\"Quem n\u00e3o tem repert\u00f3rio sociocultural, se trumbica: ci\u00eancias humanas para reda\u00e7\u00e3o\",\"datePublished\":\"2020-01-24T21:06:57+00:00\",\"dateModified\":\"2020-04-08T17:57:02+00:00\",\"mainEntityOfPage\":{\"@id\":\"https:\/\/www.estrategiaconcursos.com.br\/blog\/quem-nao-tem-repertorio-sociocultural-se-trumbica-ciencias-humanas-para-redacao\/\"},\"wordCount\":577,\"commentCount\":2,\"publisher\":{\"@id\":\"https:\/\/www.estrategiaconcursos.com.br\/blog\/#organization\"},\"image\":{\"@id\":\"https:\/\/www.estrategiaconcursos.com.br\/blog\/quem-nao-tem-repertorio-sociocultural-se-trumbica-ciencias-humanas-para-redacao\/#primaryimage\"},\"thumbnailUrl\":\"https:\/\/www.estrategiaconcursos.com.br\/blog\/wp-content\/uploads\/2020\/01\/image-186.png\",\"articleSection\":[\"Concursos P\u00fablicos\"],\"inLanguage\":\"pt-BR\",\"potentialAction\":[{\"@type\":\"CommentAction\",\"name\":\"Comment\",\"target\":[\"https:\/\/www.estrategiaconcursos.com.br\/blog\/quem-nao-tem-repertorio-sociocultural-se-trumbica-ciencias-humanas-para-redacao\/#respond\"]}],\"copyrightYear\":\"2020\",\"copyrightHolder\":{\"@id\":\"https:\/\/www.estrategiaconcursos.com.br\/blog\/#organization\"}},{\"@type\":\"WebPage\",\"@id\":\"https:\/\/www.estrategiaconcursos.com.br\/blog\/quem-nao-tem-repertorio-sociocultural-se-trumbica-ciencias-humanas-para-redacao\/\",\"url\":\"https:\/\/www.estrategiaconcursos.com.br\/blog\/quem-nao-tem-repertorio-sociocultural-se-trumbica-ciencias-humanas-para-redacao\/\",\"name\":\"Quem n\u00e3o tem repert\u00f3rio sociocultural, se trumbica: ci\u00eancias humanas para reda\u00e7\u00e3o\",\"isPartOf\":{\"@id\":\"https:\/\/www.estrategiaconcursos.com.br\/blog\/#website\"},\"primaryImageOfPage\":{\"@id\":\"https:\/\/www.estrategiaconcursos.com.br\/blog\/quem-nao-tem-repertorio-sociocultural-se-trumbica-ciencias-humanas-para-redacao\/#primaryimage\"},\"image\":{\"@id\":\"https:\/\/www.estrategiaconcursos.com.br\/blog\/quem-nao-tem-repertorio-sociocultural-se-trumbica-ciencias-humanas-para-redacao\/#primaryimage\"},\"thumbnailUrl\":\"https:\/\/www.estrategiaconcursos.com.br\/blog\/wp-content\/uploads\/2020\/01\/image-186.png\",\"datePublished\":\"2020-01-24T21:06:57+00:00\",\"dateModified\":\"2020-04-08T17:57:02+00:00\",\"breadcrumb\":{\"@id\":\"https:\/\/www.estrategiaconcursos.com.br\/blog\/quem-nao-tem-repertorio-sociocultural-se-trumbica-ciencias-humanas-para-redacao\/#breadcrumb\"},\"inLanguage\":\"pt-BR\",\"potentialAction\":[{\"@type\":\"ReadAction\",\"target\":[\"https:\/\/www.estrategiaconcursos.com.br\/blog\/quem-nao-tem-repertorio-sociocultural-se-trumbica-ciencias-humanas-para-redacao\/\"]}]},{\"@type\":\"ImageObject\",\"inLanguage\":\"pt-BR\",\"@id\":\"https:\/\/www.estrategiaconcursos.com.br\/blog\/quem-nao-tem-repertorio-sociocultural-se-trumbica-ciencias-humanas-para-redacao\/#primaryimage\",\"url\":\"https:\/\/dhg1h5j42swfq.cloudfront.net\/2020\/01\/24174526\/image-186.png\",\"contentUrl\":\"https:\/\/dhg1h5j42swfq.cloudfront.net\/2020\/01\/24174526\/image-186.png\",\"width\":586,\"height\":587},{\"@type\":\"BreadcrumbList\",\"@id\":\"https:\/\/www.estrategiaconcursos.com.br\/blog\/quem-nao-tem-repertorio-sociocultural-se-trumbica-ciencias-humanas-para-redacao\/#breadcrumb\",\"itemListElement\":[{\"@type\":\"ListItem\",\"position\":1,\"name\":\"In\u00edcio\",\"item\":\"https:\/\/www.estrategiaconcursos.com.br\/blog\/\"},{\"@type\":\"ListItem\",\"position\":2,\"name\":\"Quem n\u00e3o tem repert\u00f3rio sociocultural, se trumbica: ci\u00eancias humanas para reda\u00e7\u00e3o\"}]},{\"@type\":\"WebSite\",\"@id\":\"https:\/\/www.estrategiaconcursos.com.br\/blog\/#website\",\"url\":\"https:\/\/www.estrategiaconcursos.com.br\/blog\/\",\"name\":\"Estrat\u00e9gia Concursos\",\"description\":\"O blog da Estrat\u00e9gia Concursos traz not\u00edcias sobre concursos e artigos de professores oferecendo cursos para concursos (pdf + videaulas) no site.\",\"publisher\":{\"@id\":\"https:\/\/www.estrategiaconcursos.com.br\/blog\/#organization\"},\"potentialAction\":[{\"@type\":\"SearchAction\",\"target\":{\"@type\":\"EntryPoint\",\"urlTemplate\":\"https:\/\/www.estrategiaconcursos.com.br\/blog\/?s={search_term_string}\"},\"query-input\":{\"@type\":\"PropertyValueSpecification\",\"valueRequired\":true,\"valueName\":\"search_term_string\"}}],\"inLanguage\":\"pt-BR\"},{\"@type\":\"Organization\",\"@id\":\"https:\/\/www.estrategiaconcursos.com.br\/blog\/#organization\",\"name\":\"Estrat\u00e9gia Concursos\",\"url\":\"https:\/\/www.estrategiaconcursos.com.br\/blog\/\",\"logo\":{\"@type\":\"ImageObject\",\"inLanguage\":\"pt-BR\",\"@id\":\"https:\/\/www.estrategiaconcursos.com.br\/blog\/#\/schema\/logo\/image\/\",\"url\":\"https:\/\/dhg1h5j42swfq.cloudfront.net\/2025\/06\/03203428\/logo_concursos-1.jpg\",\"contentUrl\":\"https:\/\/dhg1h5j42swfq.cloudfront.net\/2025\/06\/03203428\/logo_concursos-1.jpg\",\"width\":230,\"height\":60,\"caption\":\"Estrat\u00e9gia Concursos\"},\"image\":{\"@id\":\"https:\/\/www.estrategiaconcursos.com.br\/blog\/#\/schema\/logo\/image\/\"},\"sameAs\":[\"https:\/\/x.com\/EstratConcursos\"]},{\"@type\":\"Person\",\"@id\":\"https:\/\/www.estrategiaconcursos.com.br\/blog\/#\/schema\/person\/b49a1a49e5ef8a9f8d3268e74404a911\",\"name\":\"Raphael de Oliveira Reis\",\"image\":{\"@type\":\"ImageObject\",\"inLanguage\":\"pt-BR\",\"@id\":\"https:\/\/secure.gravatar.com\/avatar\/b1c5789180fc7bfb5103ec006c301370c02393e37aa13c55f6d72f05fcc76b3b?s=96&d=mm&r=g\",\"url\":\"https:\/\/secure.gravatar.com\/avatar\/b1c5789180fc7bfb5103ec006c301370c02393e37aa13c55f6d72f05fcc76b3b?s=96&d=mm&r=g\",\"contentUrl\":\"https:\/\/secure.gravatar.com\/avatar\/b1c5789180fc7bfb5103ec006c301370c02393e37aa13c55f6d72f05fcc76b3b?s=96&d=mm&r=g\",\"caption\":\"Raphael de Oliveira Reis\"},\"url\":\"https:\/\/www.estrategiaconcursos.com.br\/blog\/author\/profraphaelreisgmail-com\/\"}]}<\/script>\n<!-- \/ Yoast SEO Premium plugin. -->","yoast_head_json":{"title":"Quem n\u00e3o tem repert\u00f3rio sociocultural, se trumbica: ci\u00eancias humanas para reda\u00e7\u00e3o","robots":{"index":"index","follow":"follow","max-snippet":"max-snippet:-1","max-image-preview":"max-image-preview:large","max-video-preview":"max-video-preview:-1"},"canonical":"https:\/\/www.estrategiaconcursos.com.br\/blog\/quem-nao-tem-repertorio-sociocultural-se-trumbica-ciencias-humanas-para-redacao\/","og_locale":"pt_BR","og_type":"article","og_title":"Quem n\u00e3o tem repert\u00f3rio sociocultural, se trumbica: ci\u00eancias humanas para reda\u00e7\u00e3o","og_description":"Al\u00f4, al\u00f4 concurseiro! Quem n\u00e3o tem repert\u00f3rio sociocultural, se trumbica feio na reda\u00e7\u00e3o! Acho que j\u00e1 est\u00e1 mais do que claro que a nota da reda\u00e7\u00e3o faz toda a diferen\u00e7a na aprova\u00e7\u00e3o, n\u00e3o \u00e9 mesmo? N\u00e3o acredita, n\u00e9?! Tudo bem&#8230;Confira estes v\u00eddeos: Como eu disse, as aprova\u00e7\u00f5es em concursos de alto n\u00edvel est\u00e3o sendo decididas [&hellip;]","og_url":"https:\/\/www.estrategiaconcursos.com.br\/blog\/quem-nao-tem-repertorio-sociocultural-se-trumbica-ciencias-humanas-para-redacao\/","og_site_name":"Estrat\u00e9gia Concursos","article_published_time":"2020-01-24T21:06:57+00:00","article_modified_time":"2020-04-08T17:57:02+00:00","og_image":[{"url":"https:\/\/www.estrategiaconcursos.com.br\/blog\/wp-content\/uploads\/2020\/01\/image-186.png","type":"","width":"","height":""}],"author":"Raphael de Oliveira Reis","twitter_card":"summary_large_image","twitter_creator":"@EstratConcursos","twitter_site":"@EstratConcursos","twitter_misc":{"Escrito por":"Raphael de Oliveira Reis","Est. tempo de leitura":"3 minutos"},"schema":{"@context":"https:\/\/schema.org","@graph":[{"@type":"NewsArticle","@id":"https:\/\/www.estrategiaconcursos.com.br\/blog\/quem-nao-tem-repertorio-sociocultural-se-trumbica-ciencias-humanas-para-redacao\/#article","isPartOf":{"@id":"https:\/\/www.estrategiaconcursos.com.br\/blog\/quem-nao-tem-repertorio-sociocultural-se-trumbica-ciencias-humanas-para-redacao\/"},"author":{"name":"Raphael de Oliveira Reis","@id":"https:\/\/www.estrategiaconcursos.com.br\/blog\/#\/schema\/person\/b49a1a49e5ef8a9f8d3268e74404a911"},"headline":"Quem n\u00e3o tem repert\u00f3rio sociocultural, se trumbica: ci\u00eancias humanas para reda\u00e7\u00e3o","datePublished":"2020-01-24T21:06:57+00:00","dateModified":"2020-04-08T17:57:02+00:00","mainEntityOfPage":{"@id":"https:\/\/www.estrategiaconcursos.com.br\/blog\/quem-nao-tem-repertorio-sociocultural-se-trumbica-ciencias-humanas-para-redacao\/"},"wordCount":577,"commentCount":2,"publisher":{"@id":"https:\/\/www.estrategiaconcursos.com.br\/blog\/#organization"},"image":{"@id":"https:\/\/www.estrategiaconcursos.com.br\/blog\/quem-nao-tem-repertorio-sociocultural-se-trumbica-ciencias-humanas-para-redacao\/#primaryimage"},"thumbnailUrl":"https:\/\/www.estrategiaconcursos.com.br\/blog\/wp-content\/uploads\/2020\/01\/image-186.png","articleSection":["Concursos P\u00fablicos"],"inLanguage":"pt-BR","potentialAction":[{"@type":"CommentAction","name":"Comment","target":["https:\/\/www.estrategiaconcursos.com.br\/blog\/quem-nao-tem-repertorio-sociocultural-se-trumbica-ciencias-humanas-para-redacao\/#respond"]}],"copyrightYear":"2020","copyrightHolder":{"@id":"https:\/\/www.estrategiaconcursos.com.br\/blog\/#organization"}},{"@type":"WebPage","@id":"https:\/\/www.estrategiaconcursos.com.br\/blog\/quem-nao-tem-repertorio-sociocultural-se-trumbica-ciencias-humanas-para-redacao\/","url":"https:\/\/www.estrategiaconcursos.com.br\/blog\/quem-nao-tem-repertorio-sociocultural-se-trumbica-ciencias-humanas-para-redacao\/","name":"Quem n\u00e3o tem repert\u00f3rio sociocultural, se trumbica: ci\u00eancias humanas para reda\u00e7\u00e3o","isPartOf":{"@id":"https:\/\/www.estrategiaconcursos.com.br\/blog\/#website"},"primaryImageOfPage":{"@id":"https:\/\/www.estrategiaconcursos.com.br\/blog\/quem-nao-tem-repertorio-sociocultural-se-trumbica-ciencias-humanas-para-redacao\/#primaryimage"},"image":{"@id":"https:\/\/www.estrategiaconcursos.com.br\/blog\/quem-nao-tem-repertorio-sociocultural-se-trumbica-ciencias-humanas-para-redacao\/#primaryimage"},"thumbnailUrl":"https:\/\/www.estrategiaconcursos.com.br\/blog\/wp-content\/uploads\/2020\/01\/image-186.png","datePublished":"2020-01-24T21:06:57+00:00","dateModified":"2020-04-08T17:57:02+00:00","breadcrumb":{"@id":"https:\/\/www.estrategiaconcursos.com.br\/blog\/quem-nao-tem-repertorio-sociocultural-se-trumbica-ciencias-humanas-para-redacao\/#breadcrumb"},"inLanguage":"pt-BR","potentialAction":[{"@type":"ReadAction","target":["https:\/\/www.estrategiaconcursos.com.br\/blog\/quem-nao-tem-repertorio-sociocultural-se-trumbica-ciencias-humanas-para-redacao\/"]}]},{"@type":"ImageObject","inLanguage":"pt-BR","@id":"https:\/\/www.estrategiaconcursos.com.br\/blog\/quem-nao-tem-repertorio-sociocultural-se-trumbica-ciencias-humanas-para-redacao\/#primaryimage","url":"https:\/\/dhg1h5j42swfq.cloudfront.net\/2020\/01\/24174526\/image-186.png","contentUrl":"https:\/\/dhg1h5j42swfq.cloudfront.net\/2020\/01\/24174526\/image-186.png","width":586,"height":587},{"@type":"BreadcrumbList","@id":"https:\/\/www.estrategiaconcursos.com.br\/blog\/quem-nao-tem-repertorio-sociocultural-se-trumbica-ciencias-humanas-para-redacao\/#breadcrumb","itemListElement":[{"@type":"ListItem","position":1,"name":"In\u00edcio","item":"https:\/\/www.estrategiaconcursos.com.br\/blog\/"},{"@type":"ListItem","position":2,"name":"Quem n\u00e3o tem repert\u00f3rio sociocultural, se trumbica: ci\u00eancias humanas para reda\u00e7\u00e3o"}]},{"@type":"WebSite","@id":"https:\/\/www.estrategiaconcursos.com.br\/blog\/#website","url":"https:\/\/www.estrategiaconcursos.com.br\/blog\/","name":"Estrat\u00e9gia Concursos","description":"O blog da Estrat\u00e9gia Concursos traz not\u00edcias sobre concursos e artigos de professores oferecendo cursos para concursos (pdf + videaulas) no site.","publisher":{"@id":"https:\/\/www.estrategiaconcursos.com.br\/blog\/#organization"},"potentialAction":[{"@type":"SearchAction","target":{"@type":"EntryPoint","urlTemplate":"https:\/\/www.estrategiaconcursos.com.br\/blog\/?s={search_term_string}"},"query-input":{"@type":"PropertyValueSpecification","valueRequired":true,"valueName":"search_term_string"}}],"inLanguage":"pt-BR"},{"@type":"Organization","@id":"https:\/\/www.estrategiaconcursos.com.br\/blog\/#organization","name":"Estrat\u00e9gia Concursos","url":"https:\/\/www.estrategiaconcursos.com.br\/blog\/","logo":{"@type":"ImageObject","inLanguage":"pt-BR","@id":"https:\/\/www.estrategiaconcursos.com.br\/blog\/#\/schema\/logo\/image\/","url":"https:\/\/dhg1h5j42swfq.cloudfront.net\/2025\/06\/03203428\/logo_concursos-1.jpg","contentUrl":"https:\/\/dhg1h5j42swfq.cloudfront.net\/2025\/06\/03203428\/logo_concursos-1.jpg","width":230,"height":60,"caption":"Estrat\u00e9gia Concursos"},"image":{"@id":"https:\/\/www.estrategiaconcursos.com.br\/blog\/#\/schema\/logo\/image\/"},"sameAs":["https:\/\/x.com\/EstratConcursos"]},{"@type":"Person","@id":"https:\/\/www.estrategiaconcursos.com.br\/blog\/#\/schema\/person\/b49a1a49e5ef8a9f8d3268e74404a911","name":"Raphael de Oliveira Reis","image":{"@type":"ImageObject","inLanguage":"pt-BR","@id":"https:\/\/secure.gravatar.com\/avatar\/b1c5789180fc7bfb5103ec006c301370c02393e37aa13c55f6d72f05fcc76b3b?s=96&d=mm&r=g","url":"https:\/\/secure.gravatar.com\/avatar\/b1c5789180fc7bfb5103ec006c301370c02393e37aa13c55f6d72f05fcc76b3b?s=96&d=mm&r=g","contentUrl":"https:\/\/secure.gravatar.com\/avatar\/b1c5789180fc7bfb5103ec006c301370c02393e37aa13c55f6d72f05fcc76b3b?s=96&d=mm&r=g","caption":"Raphael de Oliveira Reis"},"url":"https:\/\/www.estrategiaconcursos.com.br\/blog\/author\/profraphaelreisgmail-com\/"}]}},"_links":{"self":[{"href":"https:\/\/www.estrategiaconcursos.com.br\/blog\/wp-json\/wp\/v2\/posts\/473841","targetHints":{"allow":["GET"]}}],"collection":[{"href":"https:\/\/www.estrategiaconcursos.com.br\/blog\/wp-json\/wp\/v2\/posts"}],"about":[{"href":"https:\/\/www.estrategiaconcursos.com.br\/blog\/wp-json\/wp\/v2\/types\/post"}],"author":[{"embeddable":true,"href":"https:\/\/www.estrategiaconcursos.com.br\/blog\/wp-json\/wp\/v2\/users\/384"}],"replies":[{"embeddable":true,"href":"https:\/\/www.estrategiaconcursos.com.br\/blog\/wp-json\/wp\/v2\/comments?post=473841"}],"version-history":[{"count":5,"href":"https:\/\/www.estrategiaconcursos.com.br\/blog\/wp-json\/wp\/v2\/posts\/473841\/revisions"}],"predecessor-version":[{"id":501633,"href":"https:\/\/www.estrategiaconcursos.com.br\/blog\/wp-json\/wp\/v2\/posts\/473841\/revisions\/501633"}],"wp:attachment":[{"href":"https:\/\/www.estrategiaconcursos.com.br\/blog\/wp-json\/wp\/v2\/media?parent=473841"}],"wp:term":[{"taxonomy":"category","embeddable":true,"href":"https:\/\/www.estrategiaconcursos.com.br\/blog\/wp-json\/wp\/v2\/categories?post=473841"},{"taxonomy":"post_tag","embeddable":true,"href":"https:\/\/www.estrategiaconcursos.com.br\/blog\/wp-json\/wp\/v2\/tags?post=473841"},{"taxonomy":"tax_estado","embeddable":true,"href":"https:\/\/www.estrategiaconcursos.com.br\/blog\/wp-json\/wp\/v2\/tax_estado?post=473841"}],"curies":[{"name":"wp","href":"https:\/\/api.w.org\/{rel}","templated":true}]}}