{"id":473816,"date":"2020-01-24T19:14:39","date_gmt":"2020-01-24T22:14:39","guid":{"rendered":"https:\/\/www.estrategiaconcursos.com.br\/blog\/?p=473816"},"modified":"2023-06-27T09:11:18","modified_gmt":"2023-06-27T12:11:18","slug":"entrevista-exclusiva-subdefensor-publico-geral-do-df-fala-sobre-sobre-o-proximo-concurso-dpdf-para-o-cargo-de-analista","status":"publish","type":"post","link":"https:\/\/www.estrategiaconcursos.com.br\/blog\/entrevista-exclusiva-subdefensor-publico-geral-do-df-fala-sobre-sobre-o-proximo-concurso-dpdf-para-o-cargo-de-analista\/","title":{"rendered":"ENTREVISTA EXCLUSIVA: Subdefensor P\u00fablico-Geral do DF fala sobre pr\u00f3ximo concurso DPDF para Analista"},"content":{"rendered":"\n<p class=\"has-text-align-justify\">Foi publicada, no \u00faltimo dia 21, a autoriza\u00e7\u00e3o para realiza\u00e7\u00e3o do pr\u00f3ximo concurso da Defensoria P\u00fablica do Distrito Federal (<a href=\"https:\/\/www.estrategiaconcursos.com.br\/blog\/concurso-dpdf\/\">concurso DPDF<\/a>). De acordo com o documento, ser\u00e3o ofertadas 60 vagas imediatas mais cadastro de reserva para a fun\u00e7\u00e3o de Analista de Apoio \u00e0 Assist\u00eancia Judici\u00e1ria. O cargo exige N\u00edvel Superior em Direito e tem remunera\u00e7\u00e3o inicial de R$ 4.641,22<\/p>\n\n\n\n<p class=\"has-text-align-justify\">Para deixar voc\u00ea por dentro de todas as informa\u00e7\u00f5es sobre o concurso DPDF e para que possa conhecer melhor a carreira de Analista de Apoio \u00e0 Assist\u00eancia Judici\u00e1ria, o jornalismo do Estrat\u00e9gia Concursos entrou em contato com o \u00f3rg\u00e3o solicitando entrevista.<\/p>\n\n\n\n<p class=\"has-text-align-justify\">Por escrito, o subdefensor p\u00fablico-geral do DF, <em>Danniel Vargas de Siqueira Campos<\/em>, respondeu a v\u00e1rios de nossos questionamentos. Confira a entrevista exclusiva!<\/p>\n\n\n\n<h2 class=\"wp-block-heading\">Entrevista<\/h2>\n\n\n\n<p class=\"has-text-align-justify\"><strong>Estrat\u00e9gia Concursos: O processo de escolha de banca j\u00e1 foi iniciado? Deve acontecer por qual tipo de licita\u00e7\u00e3o? O \u00faltimo concurso para Analista de Apoio \u00e0 Assist\u00eancia Judici\u00e1ria, realizado em 2014, foi organizado pela FGV. J\u00e1 para Defensor, foi o Cebraspe. No caso de escolha por dispensa de licita\u00e7\u00e3o, h\u00e1 uma propens\u00e3o que a escolhida seja uma banca j\u00e1 \u201cconhecida\u201d pela DPDF? <\/strong><\/p>\n\n\n\n<p class=\"has-text-align-justify\"><strong>Subdefensor p\u00fablico-geral do DF <em>Danniel Vargas<\/em>:<\/strong> <em>A contrata\u00e7\u00e3o de banca examinadora, o lan\u00e7amento do edital e a defini\u00e7\u00e3o do conte\u00fado program\u00e1tico do concurso ocorrer\u00e3o posteriormente, em data a ser definida.<\/em><\/p>\n\n\n\n<p class=\"has-text-align-justify\"><strong>A grande maioria dos concurseiros iniciam seus estudos baseando-se no \u00faltimo edital. Em 2014, a sele\u00e7\u00e3o aconteceu atrav\u00e9s de provas objetiva e discursiva. A primeira etapa, ainda teve pesos diferentes entre conhecimentos b\u00e1sicos e espec\u00edficos. Nesse sentido, deve haver alguma mudan\u00e7a? J\u00e1 h\u00e1 uma previs\u00e3o para o lan\u00e7amento do edital? <\/strong><\/p>\n\n\n\n<p class=\"has-text-align-justify\"><em>A Defensoria P\u00fablica-Geral ainda definir\u00e1 a Comiss\u00e3o do Concurso, as especialidades a serem contempladas e as respectivas vagas.<\/em><\/p>\n\n\n\n<p class=\"has-text-align-justify\"><strong>Para aqueles que almejam se tornar um servidor da DPDF, \u00e9 poss\u00edvel conferir as atribui\u00e7\u00f5es do cargo no edital de lan\u00e7amento. Mas na pr\u00e1tica, o que faz um Analista de Apoio \u00e0 Assist\u00eancia Judici\u00e1ria? Eles trabalham diretamente com os Defensores?<\/strong><\/p>\n\n\n\n<p class=\"has-text-align-justify\"><em>A Defensoria P\u00fablica \u00e9 uma institui\u00e7\u00e3o permanente, essencial \u00e0 fun\u00e7\u00e3o jurisdicional do Estado, cuja atribui\u00e7\u00e3o \u2013 como express\u00e3o e instrumento do regime democr\u00e1tico \u2013 \u00e9 oferecer orienta\u00e7\u00e3o jur\u00eddica, promo\u00e7\u00e3o dos direitos humanos e a defesa, em todos os graus, judicial e extrajudicial, dos direitos individuais e coletivos, de forma integral e gratuita, \u00e0s pessoas necessitadas.<\/em><br \/> <br \/><em>S\u00e3o consideradas necessitadas as pessoas que, em raz\u00e3o de circunst\u00e2ncias sociais, econ\u00f4micas, \u00e9tnicas ou culturais, encontram especiais dificuldades em exercitar com plenitude, perante o sistema de justi\u00e7a, os direitos reconhecidos pelo ordenamento jur\u00eddico.<\/em><br \/> <br \/><em>Com a miss\u00e3o de garantir os princ\u00edpios constitucionais de acesso \u00e0 justi\u00e7a e igualdade entre as partes, bem como de zelar pela efetiva\u00e7\u00e3o dos direitos fundamentais a todos, a Defensoria P\u00fablica desponta como uma das mais relevantes institui\u00e7\u00f5es p\u00fablicas, fundamentalmente comprometida com a democracia, a efetividade da Constitui\u00e7\u00e3o Brasileira e a constru\u00e7\u00e3o de uma sociedade mais justa, fraterna e solid\u00e1ria.<\/em><br \/> <br \/><em>\u00c9 nossa fun\u00e7\u00e3o defender n\u00e3o apenas as pessoas atingidas pela pobreza e pela mis\u00e9ria, mas tamb\u00e9m zelar pelos direitos de crian\u00e7as; adolescentes e idosos em situa\u00e7\u00e3o de risco; de pessoas com defici\u00eancia; de pessoas pertencentes a minorias que sejam v\u00edtimas de preconceito em raz\u00e3o de g\u00eanero, identidade de g\u00eanero, ra\u00e7a, etnia e origem; de pessoas em situa\u00e7\u00e3o de priva\u00e7\u00e3o de liberdade; e de v\u00edtimas de viol\u00eancia institucional, familiar e dom\u00e9stica.<br \/> <br \/>Os Analistas de Apoio \u00e0 Assist\u00eancia Jur\u00eddica exercem relevante fun\u00e7\u00e3o de apoio e assessoramento aos Defensores P\u00fablicos e contribuem expressivamente para a miss\u00e3o constitucional da Defensoria P\u00fablica<\/em>.<\/p>\n\n\n\n<p class=\"has-text-align-justify\"><strong>Em que \u00e1reas podem atuar?<\/strong><\/p>\n\n\n\n<p class=\"has-text-align-justify\"><em>A Carreira de Analista de Apoio \u00e0 Assist\u00eancia Jur\u00eddica \u00e9 regulada pela Lei Distrital n\u00ba 4.516\/2010 e \u00e9 composta por 301 cargos, divididos nos seguintes cargos de provimento:<\/em><br \/> <br \/><em>&#8211; \u00c1rea judici\u00e1ria, que compreende os servi\u00e7os realizados privativamente por bachar\u00e9is em Direito, abrangendo an\u00e1lise e pesquisa da legisla\u00e7\u00e3o, doutrina e jurisprud\u00eancia nos v\u00e1rios ramos do Direito, assessoramento aos Defensores P\u00fablicos, e a execu\u00e7\u00e3o de atividades da mesma natureza e n\u00edvel de complexidade determinadas em legisla\u00e7\u00e3o espec\u00edfica, observadas as peculiaridades da especialidade vinculada ao cargo;<br \/> <br \/>&#8211; \u00c1rea de apoio especializado, que compreende os servi\u00e7os para cuja execu\u00e7\u00e3o se exige dos titulares o devido registro no \u00f3rg\u00e3o fiscalizador da profiss\u00e3o ou o dom\u00ednio de habilidades espec\u00edficas a crit\u00e9rio da administra\u00e7\u00e3o, e a execu\u00e7\u00e3o de atividades da mesma natureza e n\u00edvel de complexidade determinadas em legisla\u00e7\u00e3o espec\u00edfica, observadas as peculiaridades da especialidade vinculada ao cargo;<\/em><br \/> <br \/> <em>&#8211; \u00c1rea administrativa, que compreende os servi\u00e7os relacionados, no \u00e2mbito da DPDF, com recursos humanos, material e patrim\u00f4nio, licita\u00e7\u00f5es e contratos, seguran\u00e7a e transporte e outras atividades complementares de apoio administrativo, bem como a execu\u00e7\u00e3o de atividades da mesma natureza e n\u00edvel de complexidade determinadas em legisla\u00e7\u00e3o espec\u00edfica, observadas as peculiaridades da especialidade vinculada ao cargo.<\/em><\/p>\n\n\n\n<p class=\"has-text-align-justify\"><strong>A remunera\u00e7\u00e3o fixada em lei \u00e9 a soma do sal\u00e1rio base + gratifica\u00e7\u00e3o judici\u00e1ria. Ainda podem ser acrescidos outros benef\u00edcios a remunera\u00e7\u00e3o? <\/strong><\/p>\n\n\n\n<p class=\"has-text-align-justify\"><em>Os vencimentos da Carreira de Apoio \u00e0 Assist\u00eancia Judici\u00e1ria s\u00e3o constitu\u00eddos das seguintes parcelas:<br \/> <br \/> I \u2013 Vencimento B\u00e1sico, constante da Tabela de Escalonamento Vertical estabelecida no Anexo II da Lei Distrital n\u00ba 4.516\/2010;<br \/> <br \/> II \u2013 Gratifica\u00e7\u00e3o Judici\u00e1ria \u2013 GJ, no valor atual de R$600,00 (seiscentos reais);<br \/> <br \/> III &#8211; Aux\u00edlio-alimenta\u00e7\u00e3o, no valor atual de R$ 394,00 (trezentos e noventa e quatro reais).;<br \/> <br \/> IV &#8211; Gratifica\u00e7\u00e3o de Titula\u00e7\u00e3o \u2013 GTIT, regulada pela Lei 4.426\/2009.<\/em><\/p>\n\n\n\n<p class=\"has-text-align-justify\"><strong>Onde os Analistas podem ser lotados? <\/strong><\/p>\n\n\n\n<p class=\"has-text-align-justify\"><em>Os Analistas podem ser lotados na sede administrativa ou nos N\u00facleos de Assist\u00eancia Jur\u00eddica da DPDF, conforme as necessidades do servi\u00e7o.<\/em><\/p>\n\n\n\n<p class=\"has-text-align-justify\"><strong>A carga hor\u00e1ria prevista \u00e9 de 35 horas semanais. O hor\u00e1rio de trabalho (turno) \u00e9 flex\u00edvel ou estipulado pela Defensoria ou chefia direta?<\/strong><\/p>\n\n\n\n<p class=\"has-text-align-justify\"><em>Os integrantes da Carreira de Apoio \u00e0 Assist\u00eancia Judici\u00e1ria possuem jornada de 35 (trinta e cinco) horas semanais, distribu\u00eddas em 7 (sete) horas di\u00e1rias, cumpridas ininterruptamente, em per\u00edodo definido pela chefia imediata.<\/em><\/p>\n\n\n\n<p><strong>Quantos cargos vagos h\u00e1 na DPDF? As 60 vagas ofertadas suprir\u00e3o o d\u00e9ficit do \u00f3rg\u00e3o? Caso n\u00e3o preencha, a quantidade de vagas pode aumentar?&nbsp; <\/strong><\/p>\n\n\n\n<p><em>Atualmente, existem 75 analistas em exerc\u00edcio. H\u00e1 226 cargos vagos. As 60 vagas previstas para o Concurso autorizado s\u00e3o insuficientes para suprir as necessidades da institui\u00e7\u00e3o, mas o preenchimento dos demais cargos carece de previs\u00e3o na LDO e na LOA. <\/em><\/p>\n\n\n\n<h2 class=\"wp-block-heading\" id=\"ULTIMO-CONCURSO-DPDF\">O \u00faltimo concurso DPDF<\/h2>\n\n\n\n<p class=\"has-text-align-justify\">O \u00faltimo concurso para provimento de cargos de Analista de Apoio Judici\u00e1rio da DPDF foi realizado em 2014 e ofereceu 15 vagas. O certame teve&nbsp;8994 candidatos inscritos e foi organizado pela&nbsp;<strong>FGV.<\/strong><\/p>\n\n\n\n<h2 class=\"wp-block-heading\" id=\"BANCA-DO-\u00daLTIMO-CONCURSO-DPDF\">Banca do \u00faltimo concurso DPDF<\/h2>\n\n\n\n<p class=\"has-text-align-justify\">A FGV Projetos \u00e9 a unidade de assessoria t\u00e9cnica da Funda\u00e7\u00e3o Get\u00falio Vargas, respons\u00e1vel pela aplica\u00e7\u00e3o do conhecimento acad\u00eamico gerado e acumulado em suas escolas e institutos.<\/p>\n\n\n\n<p class=\"has-text-align-justify\">Auxilia organiza\u00e7\u00f5es p\u00fablicas, empresariais e do terceiro setor, no Brasil e no exterior, desenvolvendo projetos nas \u00e1reas de economia e finan\u00e7as, gest\u00e3o e administra\u00e7\u00e3o, e pol\u00edticas p\u00fablicas.<\/p>\n\n\n\n<p class=\"has-text-align-justify\">Os recursos gerados s\u00e3o aplicados nas atividades de ensino e pesquisa da pr\u00f3pria institui\u00e7\u00e3o, contribuindo para a forma\u00e7\u00e3o dos&nbsp; quadros t\u00e9cnicos e acad\u00eamicos do Brasil. Para isso, conta com uma equipe t\u00e9cnica inteiramente formada por doutores, mestres e especialistas.<\/p>\n\n\n\n<h2 class=\"wp-block-heading\" id=\"ETAPAS-CONCURSO-DPDF\">Etapas do concurso DPDF<\/h2>\n\n\n\n<p class=\"has-text-align-justify\">O concurso da Defensoria P\u00fablica do DF foi composto por&nbsp;<strong>duas provas<\/strong>, uma objetiva e outra dissertativa, aplicadas&nbsp;<strong>conjuntamente<\/strong>&nbsp;em um turno de&nbsp;<strong>5 horas<\/strong>.<\/p>\n\n\n\n<h2 class=\"wp-block-heading\" id=\"PROVA-OBJETIVA-CONCURSO-DPDF\">Prova objetiva do concurso Defensoria DF<\/h2>\n\n\n\n<p class=\"has-text-align-justify\">A prova objetiva foi composta por&nbsp;<strong>80 quest\u00f5es<\/strong> objetivas de m\u00faltipla escolha com&nbsp;<strong>5 alternativas<\/strong>, distribu\u00eddas em conhecimentos gerais e espec\u00edficos:<\/p>\n\n\n\n<h4 class=\"wp-block-heading\">Conhecimentos b\u00e1sicos<\/h4>\n\n\n\n<figure class=\"wp-block-table is-style-stripes\"><table><tbody><tr><td>\n  <strong>Disciplinas<\/strong>\n  <\/td><td>\n  <strong>N\u00ba de quest\u00f5es<\/strong>\n  <\/td><td>\n  <strong>Peso \/ Pontos<\/strong>\n  <\/td><\/tr><tr><td>\n  L\u00edngua Portuguesa\n  <\/td><td>\n  10\n  <\/td><td>\n  1\n  <\/td><\/tr><tr><td>\n  Organiza\u00e7\u00e3o e Princ\u00edpios Institucionais\n  da DPDF\n  <\/td><td>\n  4\n  <\/td><td>\n  1\n  <\/td><\/tr><\/tbody><\/table><\/figure>\n\n\n\n<h4 class=\"wp-block-heading\">Conhecimentos espec\u00edficos<\/h4>\n\n\n\n<figure class=\"wp-block-table is-style-stripes\"><table><tbody><tr><td>\n  <strong>Disciplinas<\/strong>\n  <\/td><td>\n  <strong>N\u00ba de quest\u00f5es<\/strong>\n  <\/td><td>\n  <strong>Peso \/ Pontos<\/strong>\n  <\/td><\/tr><tr><td>\n  Direito Constitucional \n  <\/td><td>\n  10\n  <\/td><td>\n  2\n  <\/td><\/tr><tr><td>\n  Direito Administrativo\n  <\/td><td>\n  10\n  <\/td><td>\n  2\n  <\/td><\/tr><tr><td>\n  Direito Penal\n  <\/td><td>\n  10\n  <\/td><td>\n  2\n  <\/td><\/tr><tr><td>\n  Direito Processual Penal \n  <\/td><td>\n  10\n  <\/td><td>\n  2\n  <\/td><\/tr><tr><td>\n  Direito Civil \n  <\/td><td>\n  10\n  <\/td><td>\n  2\n  <\/td><\/tr><tr><td>\n  Direito Processual Civil\n  <\/td><td>\n  10\n  <\/td><td>\n  2\n  <\/td><\/tr><tr><td>\n  Direito do Consumidor\n  <\/td><td>\n  3\n  <\/td><td>\n  1\n  <\/td><\/tr><tr><td>\n  Direito da Crian\u00e7a e do Adolescente\n  <\/td><td>\n  3\n  <\/td><td>\n  1\n  <\/td><\/tr><\/tbody><\/table><\/figure>\n\n\n\n<h4 class=\"wp-block-heading\">Total<\/h4>\n\n\n\n<figure class=\"wp-block-table is-style-stripes\"><table><tbody><tr><td><strong>   Total de quest\u00f5es<\/strong><\/td><td><strong>Pontos<\/strong><\/td><\/tr><tr><td>\n  <strong>80<\/strong>\n  <\/td><td>\n  <strong>140<\/strong>\n  <\/td><\/tr><\/tbody><\/table><\/figure>\n\n\n\n<h4 class=\"wp-block-heading\">Notas m\u00ednimas<\/h4>\n\n\n\n<ul class=\"wp-block-list\">\n<li>Conhecimentos b\u00e1sicos: 7<\/li>\n\n\n\n<li>Conhecimentos espec\u00edficos: 63<\/li>\n\n\n\n<li>Total: 70<\/li>\n<\/ul>\n\n\n\n<h2 class=\"wp-block-heading\" id=\"PROVA-DISCURSIVA-CONCURSO-DPDF\">Prova discursiva do concurso DPDF<\/h2>\n\n\n\n<p class=\"has-text-align-justify\">J\u00e1 a&nbsp;<strong>prova discursiva<\/strong> consistiu em uma&nbsp;<strong>reda\u00e7\u00e3o<\/strong> sobre um tema do programa de &#8220;Organiza\u00e7\u00e3o e Princ\u00edpios Institucionais da Defensoria P\u00fablica do Distrito Federal&#8221; de, no m\u00e1ximo, <strong>30 linhas&nbsp;<\/strong>e valor total de&nbsp;<strong>80 pontos<\/strong>.<\/p>\n\n\n\n<p class=\"has-text-align-justify\">Para ter sua reda\u00e7\u00e3o corrigida, o candidato deveria, cumulativamente, cumprir os seguintes requisitos:<\/p>\n\n\n\n<p><strong>a)<\/strong> Pontua\u00e7\u00e3o m\u00ednima de 7 pontos no m\u00f3dulo de conhecimentos b\u00e1sicos e 63 no m\u00f3dulo de conhecimentos espec\u00edficos;<\/p>\n\n\n\n<p><strong>b)&nbsp;<\/strong>Pontua\u00e7\u00e3o total m\u00ednima de 7o pontos;<\/p>\n\n\n\n<p><strong>c)&nbsp;<\/strong>Classifica\u00e7\u00e3o at\u00e9 a 300\u00aa posi\u00e7\u00e3o na lista de ampla concorr\u00eancia e at\u00e9 a 60\u00aa posi\u00e7\u00e3o na lista de candidatos com defici\u00eancia.<\/p>\n\n\n\n<p>A nota final foi calculada mediante a soma das pontua\u00e7\u00f5es obtidas nas duas provas.<\/p>\n\n\n\n<h2 class=\"wp-block-heading\" id=\"CURSO-CONCURSO-DPDF\">Cursos para o concurso DPDF<\/h2>\n\n\n\n<p class=\"has-text-align-center has-luminous-vivid-amber-background-color has-background\" style=\"font-size:clamp(15.197px, 0.95rem + ((1vw - 3.2px) * 0.765), 23px);px\"><a href=\"https:\/\/www.estrategiaconcursos.com.br\/cursosPorConcurso\/promocao-pacotes-para-dp-df\/\"><strong>Curso Concurso DPDF<\/strong>:<\/a><\/p>\n\n\n\n<p class=\"has-text-align-center\"><em><strong>Fique por dentro de todos os concursos<\/strong><\/em>:<\/p>\n\n\n\n<p class=\"has-text-align-center has-pale-cyan-blue-background-color has-background\" style=\"font-size:clamp(15.197px, 0.95rem + ((1vw - 3.2px) * 0.765), 23px);px\"><strong><a href=\"https:\/\/www.estrategiaconcursos.com.br\/blog\/concursos-abertos\/\" target=\"_blank\" rel=\"noreferrer noopener\">Concursos Abertos<\/a><\/strong><\/p>\n\n\n\n<figure class=\"wp-block-image\"><img loading=\"lazy\" decoding=\"async\" width=\"300\" height=\"102\" src=\"https:\/\/dhg1h5j42swfq.cloudfront.net\/2017\/03\/28152500\/coruja-ficha-tecnica-300x102.png\" alt=\"Ficha t\u00e9cnica concurso pge rj\" class=\"wp-image-68542\"\/><\/figure>\n\n\n\n<h4 class=\"wp-block-heading\" id=\"FICHA-TECNICA-CONCURSO-DPDF\"><strong>Informa\u00e7\u00f5es sobre o Concurso DPDF<\/strong><\/h4>\n\n\n\n<p>\u25ba<strong>Data prevista para prova<\/strong>: a definir<br \/>\u25ba<strong>Vagas<\/strong>: 60 + CR<br \/>\u25ba<strong>Cargos<\/strong>: Analista de Apoio \u00e0 Assist\u00eancia Judici\u00e1ria <br \/>\u25ba<strong>Lota\u00e7\u00f5es<\/strong>: Distrito Federal<br \/>\u25ba<strong>Banca<\/strong>: a definir<br \/>\u25ba<strong>Escolaridade<\/strong>: N\u00edvel Superior em Direito (Analista)<br \/>\u25ba<strong>Edital<\/strong>: <a rel=\"noopener noreferrer\" href=\"https:\/\/dhg1h5j42swfq.cloudfront.net\/2018\/09\/05163305\/edital_dpdf_14_03_17.pdf\" target=\"_blank\">Edital Concurso DPDF 2014 (Analista)<\/a><\/p>\n","protected":false},"excerpt":{"rendered":"<p>Foi publicada, no \u00faltimo dia 21, a autoriza\u00e7\u00e3o para realiza\u00e7\u00e3o do pr\u00f3ximo concurso da Defensoria P\u00fablica do Distrito Federal (concurso DPDF). De acordo com o documento, ser\u00e3o ofertadas 60 vagas imediatas mais cadastro de reserva para a fun\u00e7\u00e3o de Analista de Apoio \u00e0 Assist\u00eancia Judici\u00e1ria. O cargo exige N\u00edvel Superior em Direito e tem remunera\u00e7\u00e3o [&hellip;]<\/p>\n","protected":false},"author":188,"featured_media":0,"comment_status":"open","ping_status":"closed","sticky":false,"template":"","format":"standard","meta":{"post_tipo":"article","footnotes":""},"categories":[1],"tags":[],"tax_estado":[],"class_list":["post-473816","post","type-post","status-publish","format-standard","hentry","category-cursos-e-concursos"],"acf":[],"yoast_head":"<!-- This site is optimized with the Yoast SEO Premium plugin v27.2 (Yoast SEO v27.2) - https:\/\/yoast.com\/product\/yoast-seo-premium-wordpress\/ -->\n<title>ENTREVISTA EXCLUSIVA: Subdefensor P\u00fablico-Geral do DF fala sobre pr\u00f3ximo concurso DPDF para Analista<\/title>\n<meta name=\"description\" content=\"CONCURSO DPDF - Por escrito, o subdefensor p\u00fablico-geral do DF, Danniel Vargas de Siqueira Campos, respondeu a v\u00e1rios de nossos questionamentos.\" \/>\n<meta name=\"robots\" content=\"index, follow, max-snippet:-1, max-image-preview:large, max-video-preview:-1\" \/>\n<link rel=\"canonical\" href=\"https:\/\/www.estrategiaconcursos.com.br\/blog\/entrevista-exclusiva-subdefensor-publico-geral-do-df-fala-sobre-sobre-o-proximo-concurso-dpdf-para-o-cargo-de-analista\/\" \/>\n<meta property=\"og:locale\" content=\"pt_BR\" \/>\n<meta property=\"og:type\" content=\"article\" \/>\n<meta property=\"og:title\" content=\"ENTREVISTA EXCLUSIVA: Subdefensor P\u00fablico-Geral do DF fala sobre pr\u00f3ximo concurso DPDF para Analista\" \/>\n<meta property=\"og:description\" content=\"CONCURSO DPDF - Por escrito, o subdefensor p\u00fablico-geral do DF, Danniel Vargas de Siqueira Campos, respondeu a v\u00e1rios de nossos questionamentos.\" \/>\n<meta property=\"og:url\" content=\"https:\/\/www.estrategiaconcursos.com.br\/blog\/entrevista-exclusiva-subdefensor-publico-geral-do-df-fala-sobre-sobre-o-proximo-concurso-dpdf-para-o-cargo-de-analista\/\" \/>\n<meta property=\"og:site_name\" content=\"Estrat\u00e9gia Concursos\" \/>\n<meta property=\"article:published_time\" content=\"2020-01-24T22:14:39+00:00\" \/>\n<meta property=\"article:modified_time\" content=\"2023-06-27T12:11:18+00:00\" \/>\n<meta property=\"og:image\" content=\"https:\/\/www.estrategiaconcursos.com.br\/blog\/wp-content\/uploads\/2017\/03\/coruja-ficha-tecnica-300x102.png\" \/>\n<meta name=\"author\" content=\"Tha\u00eds Mendes (Jornalista)\" \/>\n<meta name=\"twitter:card\" content=\"summary_large_image\" \/>\n<meta name=\"twitter:creator\" content=\"@EstratConcursos\" \/>\n<meta name=\"twitter:site\" content=\"@EstratConcursos\" \/>\n<meta name=\"twitter:label1\" content=\"Escrito por\" \/>\n\t<meta name=\"twitter:data1\" content=\"Tha\u00eds Mendes (Jornalista)\" \/>\n\t<meta name=\"twitter:label2\" content=\"Est. tempo de leitura\" \/>\n\t<meta name=\"twitter:data2\" content=\"8 minutos\" \/>\n<script type=\"application\/ld+json\" class=\"yoast-schema-graph\">{\"@context\":\"https:\/\/schema.org\",\"@graph\":[{\"@type\":\"NewsArticle\",\"@id\":\"https:\/\/www.estrategiaconcursos.com.br\/blog\/entrevista-exclusiva-subdefensor-publico-geral-do-df-fala-sobre-sobre-o-proximo-concurso-dpdf-para-o-cargo-de-analista\/#article\",\"isPartOf\":{\"@id\":\"https:\/\/www.estrategiaconcursos.com.br\/blog\/entrevista-exclusiva-subdefensor-publico-geral-do-df-fala-sobre-sobre-o-proximo-concurso-dpdf-para-o-cargo-de-analista\/\"},\"author\":{\"name\":\"Tha\u00eds Mendes (Jornalista)\",\"@id\":\"https:\/\/www.estrategiaconcursos.com.br\/blog\/#\/schema\/person\/b69f846fcb6f09c1b651569e30b6e865\"},\"headline\":\"ENTREVISTA EXCLUSIVA: Subdefensor P\u00fablico-Geral do DF fala sobre pr\u00f3ximo concurso DPDF para Analista\",\"datePublished\":\"2020-01-24T22:14:39+00:00\",\"dateModified\":\"2023-06-27T12:11:18+00:00\",\"mainEntityOfPage\":{\"@id\":\"https:\/\/www.estrategiaconcursos.com.br\/blog\/entrevista-exclusiva-subdefensor-publico-geral-do-df-fala-sobre-sobre-o-proximo-concurso-dpdf-para-o-cargo-de-analista\/\"},\"wordCount\":1629,\"commentCount\":0,\"publisher\":{\"@id\":\"https:\/\/www.estrategiaconcursos.com.br\/blog\/#organization\"},\"image\":{\"@id\":\"https:\/\/www.estrategiaconcursos.com.br\/blog\/entrevista-exclusiva-subdefensor-publico-geral-do-df-fala-sobre-sobre-o-proximo-concurso-dpdf-para-o-cargo-de-analista\/#primaryimage\"},\"thumbnailUrl\":\"https:\/\/www.estrategiaconcursos.com.br\/blog\/wp-content\/uploads\/2017\/03\/coruja-ficha-tecnica-300x102.png\",\"articleSection\":[\"Concursos P\u00fablicos\"],\"inLanguage\":\"pt-BR\",\"potentialAction\":[{\"@type\":\"CommentAction\",\"name\":\"Comment\",\"target\":[\"https:\/\/www.estrategiaconcursos.com.br\/blog\/entrevista-exclusiva-subdefensor-publico-geral-do-df-fala-sobre-sobre-o-proximo-concurso-dpdf-para-o-cargo-de-analista\/#respond\"]}],\"copyrightYear\":\"2020\",\"copyrightHolder\":{\"@id\":\"https:\/\/www.estrategiaconcursos.com.br\/blog\/#organization\"}},{\"@type\":\"WebPage\",\"@id\":\"https:\/\/www.estrategiaconcursos.com.br\/blog\/entrevista-exclusiva-subdefensor-publico-geral-do-df-fala-sobre-sobre-o-proximo-concurso-dpdf-para-o-cargo-de-analista\/\",\"url\":\"https:\/\/www.estrategiaconcursos.com.br\/blog\/entrevista-exclusiva-subdefensor-publico-geral-do-df-fala-sobre-sobre-o-proximo-concurso-dpdf-para-o-cargo-de-analista\/\",\"name\":\"ENTREVISTA EXCLUSIVA: Subdefensor P\u00fablico-Geral do DF fala sobre pr\u00f3ximo concurso DPDF para Analista\",\"isPartOf\":{\"@id\":\"https:\/\/www.estrategiaconcursos.com.br\/blog\/#website\"},\"primaryImageOfPage\":{\"@id\":\"https:\/\/www.estrategiaconcursos.com.br\/blog\/entrevista-exclusiva-subdefensor-publico-geral-do-df-fala-sobre-sobre-o-proximo-concurso-dpdf-para-o-cargo-de-analista\/#primaryimage\"},\"image\":{\"@id\":\"https:\/\/www.estrategiaconcursos.com.br\/blog\/entrevista-exclusiva-subdefensor-publico-geral-do-df-fala-sobre-sobre-o-proximo-concurso-dpdf-para-o-cargo-de-analista\/#primaryimage\"},\"thumbnailUrl\":\"https:\/\/www.estrategiaconcursos.com.br\/blog\/wp-content\/uploads\/2017\/03\/coruja-ficha-tecnica-300x102.png\",\"datePublished\":\"2020-01-24T22:14:39+00:00\",\"dateModified\":\"2023-06-27T12:11:18+00:00\",\"description\":\"CONCURSO DPDF - Por escrito, o subdefensor p\u00fablico-geral do DF, Danniel Vargas de Siqueira Campos, respondeu a v\u00e1rios de nossos questionamentos.\",\"breadcrumb\":{\"@id\":\"https:\/\/www.estrategiaconcursos.com.br\/blog\/entrevista-exclusiva-subdefensor-publico-geral-do-df-fala-sobre-sobre-o-proximo-concurso-dpdf-para-o-cargo-de-analista\/#breadcrumb\"},\"inLanguage\":\"pt-BR\",\"potentialAction\":[{\"@type\":\"ReadAction\",\"target\":[\"https:\/\/www.estrategiaconcursos.com.br\/blog\/entrevista-exclusiva-subdefensor-publico-geral-do-df-fala-sobre-sobre-o-proximo-concurso-dpdf-para-o-cargo-de-analista\/\"]}]},{\"@type\":\"ImageObject\",\"inLanguage\":\"pt-BR\",\"@id\":\"https:\/\/www.estrategiaconcursos.com.br\/blog\/entrevista-exclusiva-subdefensor-publico-geral-do-df-fala-sobre-sobre-o-proximo-concurso-dpdf-para-o-cargo-de-analista\/#primaryimage\",\"url\":\"https:\/\/www.estrategiaconcursos.com.br\/blog\/wp-content\/uploads\/2017\/03\/coruja-ficha-tecnica-300x102.png\",\"contentUrl\":\"https:\/\/www.estrategiaconcursos.com.br\/blog\/wp-content\/uploads\/2017\/03\/coruja-ficha-tecnica-300x102.png\"},{\"@type\":\"BreadcrumbList\",\"@id\":\"https:\/\/www.estrategiaconcursos.com.br\/blog\/entrevista-exclusiva-subdefensor-publico-geral-do-df-fala-sobre-sobre-o-proximo-concurso-dpdf-para-o-cargo-de-analista\/#breadcrumb\",\"itemListElement\":[{\"@type\":\"ListItem\",\"position\":1,\"name\":\"In\u00edcio\",\"item\":\"https:\/\/www.estrategiaconcursos.com.br\/blog\/\"},{\"@type\":\"ListItem\",\"position\":2,\"name\":\"ENTREVISTA EXCLUSIVA: Subdefensor P\u00fablico-Geral do DF fala sobre pr\u00f3ximo concurso DPDF para Analista\"}]},{\"@type\":\"WebSite\",\"@id\":\"https:\/\/www.estrategiaconcursos.com.br\/blog\/#website\",\"url\":\"https:\/\/www.estrategiaconcursos.com.br\/blog\/\",\"name\":\"Estrat\u00e9gia Concursos\",\"description\":\"O blog da Estrat\u00e9gia Concursos traz not\u00edcias sobre concursos e artigos de professores oferecendo cursos para concursos (pdf + videaulas) no site.\",\"publisher\":{\"@id\":\"https:\/\/www.estrategiaconcursos.com.br\/blog\/#organization\"},\"potentialAction\":[{\"@type\":\"SearchAction\",\"target\":{\"@type\":\"EntryPoint\",\"urlTemplate\":\"https:\/\/www.estrategiaconcursos.com.br\/blog\/?s={search_term_string}\"},\"query-input\":{\"@type\":\"PropertyValueSpecification\",\"valueRequired\":true,\"valueName\":\"search_term_string\"}}],\"inLanguage\":\"pt-BR\"},{\"@type\":\"Organization\",\"@id\":\"https:\/\/www.estrategiaconcursos.com.br\/blog\/#organization\",\"name\":\"Estrat\u00e9gia Concursos\",\"url\":\"https:\/\/www.estrategiaconcursos.com.br\/blog\/\",\"logo\":{\"@type\":\"ImageObject\",\"inLanguage\":\"pt-BR\",\"@id\":\"https:\/\/www.estrategiaconcursos.com.br\/blog\/#\/schema\/logo\/image\/\",\"url\":\"https:\/\/dhg1h5j42swfq.cloudfront.net\/2025\/06\/03203428\/logo_concursos-1.jpg\",\"contentUrl\":\"https:\/\/dhg1h5j42swfq.cloudfront.net\/2025\/06\/03203428\/logo_concursos-1.jpg\",\"width\":230,\"height\":60,\"caption\":\"Estrat\u00e9gia Concursos\"},\"image\":{\"@id\":\"https:\/\/www.estrategiaconcursos.com.br\/blog\/#\/schema\/logo\/image\/\"},\"sameAs\":[\"https:\/\/x.com\/EstratConcursos\"]},{\"@type\":\"Person\",\"@id\":\"https:\/\/www.estrategiaconcursos.com.br\/blog\/#\/schema\/person\/b69f846fcb6f09c1b651569e30b6e865\",\"name\":\"Tha\u00eds Mendes (Jornalista)\",\"image\":{\"@type\":\"ImageObject\",\"inLanguage\":\"pt-BR\",\"@id\":\"https:\/\/secure.gravatar.com\/avatar\/3c9c4f2eb3e762ee925852cf3188d5507fcec36cfe4fdee47acd4135266a8614?s=96&d=mm&r=g\",\"url\":\"https:\/\/secure.gravatar.com\/avatar\/3c9c4f2eb3e762ee925852cf3188d5507fcec36cfe4fdee47acd4135266a8614?s=96&d=mm&r=g\",\"contentUrl\":\"https:\/\/secure.gravatar.com\/avatar\/3c9c4f2eb3e762ee925852cf3188d5507fcec36cfe4fdee47acd4135266a8614?s=96&d=mm&r=g\",\"caption\":\"Tha\u00eds Mendes (Jornalista)\"},\"url\":\"https:\/\/www.estrategiaconcursos.com.br\/blog\/author\/comunicacaoestrategiaconcursos-com-br\/\"}]}<\/script>\n<!-- \/ Yoast SEO Premium plugin. -->","yoast_head_json":{"title":"ENTREVISTA EXCLUSIVA: Subdefensor P\u00fablico-Geral do DF fala sobre pr\u00f3ximo concurso DPDF para Analista","description":"CONCURSO DPDF - Por escrito, o subdefensor p\u00fablico-geral do DF, Danniel Vargas de Siqueira Campos, respondeu a v\u00e1rios de nossos questionamentos.","robots":{"index":"index","follow":"follow","max-snippet":"max-snippet:-1","max-image-preview":"max-image-preview:large","max-video-preview":"max-video-preview:-1"},"canonical":"https:\/\/www.estrategiaconcursos.com.br\/blog\/entrevista-exclusiva-subdefensor-publico-geral-do-df-fala-sobre-sobre-o-proximo-concurso-dpdf-para-o-cargo-de-analista\/","og_locale":"pt_BR","og_type":"article","og_title":"ENTREVISTA EXCLUSIVA: Subdefensor P\u00fablico-Geral do DF fala sobre pr\u00f3ximo concurso DPDF para Analista","og_description":"CONCURSO DPDF - Por escrito, o subdefensor p\u00fablico-geral do DF, Danniel Vargas de Siqueira Campos, respondeu a v\u00e1rios de nossos questionamentos.","og_url":"https:\/\/www.estrategiaconcursos.com.br\/blog\/entrevista-exclusiva-subdefensor-publico-geral-do-df-fala-sobre-sobre-o-proximo-concurso-dpdf-para-o-cargo-de-analista\/","og_site_name":"Estrat\u00e9gia Concursos","article_published_time":"2020-01-24T22:14:39+00:00","article_modified_time":"2023-06-27T12:11:18+00:00","og_image":[{"url":"https:\/\/www.estrategiaconcursos.com.br\/blog\/wp-content\/uploads\/2017\/03\/coruja-ficha-tecnica-300x102.png","type":"","width":"","height":""}],"author":"Tha\u00eds Mendes (Jornalista)","twitter_card":"summary_large_image","twitter_creator":"@EstratConcursos","twitter_site":"@EstratConcursos","twitter_misc":{"Escrito por":"Tha\u00eds Mendes (Jornalista)","Est. tempo de leitura":"8 minutos"},"schema":{"@context":"https:\/\/schema.org","@graph":[{"@type":"NewsArticle","@id":"https:\/\/www.estrategiaconcursos.com.br\/blog\/entrevista-exclusiva-subdefensor-publico-geral-do-df-fala-sobre-sobre-o-proximo-concurso-dpdf-para-o-cargo-de-analista\/#article","isPartOf":{"@id":"https:\/\/www.estrategiaconcursos.com.br\/blog\/entrevista-exclusiva-subdefensor-publico-geral-do-df-fala-sobre-sobre-o-proximo-concurso-dpdf-para-o-cargo-de-analista\/"},"author":{"name":"Tha\u00eds Mendes (Jornalista)","@id":"https:\/\/www.estrategiaconcursos.com.br\/blog\/#\/schema\/person\/b69f846fcb6f09c1b651569e30b6e865"},"headline":"ENTREVISTA EXCLUSIVA: Subdefensor P\u00fablico-Geral do DF fala sobre pr\u00f3ximo concurso DPDF para Analista","datePublished":"2020-01-24T22:14:39+00:00","dateModified":"2023-06-27T12:11:18+00:00","mainEntityOfPage":{"@id":"https:\/\/www.estrategiaconcursos.com.br\/blog\/entrevista-exclusiva-subdefensor-publico-geral-do-df-fala-sobre-sobre-o-proximo-concurso-dpdf-para-o-cargo-de-analista\/"},"wordCount":1629,"commentCount":0,"publisher":{"@id":"https:\/\/www.estrategiaconcursos.com.br\/blog\/#organization"},"image":{"@id":"https:\/\/www.estrategiaconcursos.com.br\/blog\/entrevista-exclusiva-subdefensor-publico-geral-do-df-fala-sobre-sobre-o-proximo-concurso-dpdf-para-o-cargo-de-analista\/#primaryimage"},"thumbnailUrl":"https:\/\/www.estrategiaconcursos.com.br\/blog\/wp-content\/uploads\/2017\/03\/coruja-ficha-tecnica-300x102.png","articleSection":["Concursos P\u00fablicos"],"inLanguage":"pt-BR","potentialAction":[{"@type":"CommentAction","name":"Comment","target":["https:\/\/www.estrategiaconcursos.com.br\/blog\/entrevista-exclusiva-subdefensor-publico-geral-do-df-fala-sobre-sobre-o-proximo-concurso-dpdf-para-o-cargo-de-analista\/#respond"]}],"copyrightYear":"2020","copyrightHolder":{"@id":"https:\/\/www.estrategiaconcursos.com.br\/blog\/#organization"}},{"@type":"WebPage","@id":"https:\/\/www.estrategiaconcursos.com.br\/blog\/entrevista-exclusiva-subdefensor-publico-geral-do-df-fala-sobre-sobre-o-proximo-concurso-dpdf-para-o-cargo-de-analista\/","url":"https:\/\/www.estrategiaconcursos.com.br\/blog\/entrevista-exclusiva-subdefensor-publico-geral-do-df-fala-sobre-sobre-o-proximo-concurso-dpdf-para-o-cargo-de-analista\/","name":"ENTREVISTA EXCLUSIVA: Subdefensor P\u00fablico-Geral do DF fala sobre pr\u00f3ximo concurso DPDF para Analista","isPartOf":{"@id":"https:\/\/www.estrategiaconcursos.com.br\/blog\/#website"},"primaryImageOfPage":{"@id":"https:\/\/www.estrategiaconcursos.com.br\/blog\/entrevista-exclusiva-subdefensor-publico-geral-do-df-fala-sobre-sobre-o-proximo-concurso-dpdf-para-o-cargo-de-analista\/#primaryimage"},"image":{"@id":"https:\/\/www.estrategiaconcursos.com.br\/blog\/entrevista-exclusiva-subdefensor-publico-geral-do-df-fala-sobre-sobre-o-proximo-concurso-dpdf-para-o-cargo-de-analista\/#primaryimage"},"thumbnailUrl":"https:\/\/www.estrategiaconcursos.com.br\/blog\/wp-content\/uploads\/2017\/03\/coruja-ficha-tecnica-300x102.png","datePublished":"2020-01-24T22:14:39+00:00","dateModified":"2023-06-27T12:11:18+00:00","description":"CONCURSO DPDF - Por escrito, o subdefensor p\u00fablico-geral do DF, Danniel Vargas de Siqueira Campos, respondeu a v\u00e1rios de nossos questionamentos.","breadcrumb":{"@id":"https:\/\/www.estrategiaconcursos.com.br\/blog\/entrevista-exclusiva-subdefensor-publico-geral-do-df-fala-sobre-sobre-o-proximo-concurso-dpdf-para-o-cargo-de-analista\/#breadcrumb"},"inLanguage":"pt-BR","potentialAction":[{"@type":"ReadAction","target":["https:\/\/www.estrategiaconcursos.com.br\/blog\/entrevista-exclusiva-subdefensor-publico-geral-do-df-fala-sobre-sobre-o-proximo-concurso-dpdf-para-o-cargo-de-analista\/"]}]},{"@type":"ImageObject","inLanguage":"pt-BR","@id":"https:\/\/www.estrategiaconcursos.com.br\/blog\/entrevista-exclusiva-subdefensor-publico-geral-do-df-fala-sobre-sobre-o-proximo-concurso-dpdf-para-o-cargo-de-analista\/#primaryimage","url":"https:\/\/www.estrategiaconcursos.com.br\/blog\/wp-content\/uploads\/2017\/03\/coruja-ficha-tecnica-300x102.png","contentUrl":"https:\/\/www.estrategiaconcursos.com.br\/blog\/wp-content\/uploads\/2017\/03\/coruja-ficha-tecnica-300x102.png"},{"@type":"BreadcrumbList","@id":"https:\/\/www.estrategiaconcursos.com.br\/blog\/entrevista-exclusiva-subdefensor-publico-geral-do-df-fala-sobre-sobre-o-proximo-concurso-dpdf-para-o-cargo-de-analista\/#breadcrumb","itemListElement":[{"@type":"ListItem","position":1,"name":"In\u00edcio","item":"https:\/\/www.estrategiaconcursos.com.br\/blog\/"},{"@type":"ListItem","position":2,"name":"ENTREVISTA EXCLUSIVA: Subdefensor P\u00fablico-Geral do DF fala sobre pr\u00f3ximo concurso DPDF para Analista"}]},{"@type":"WebSite","@id":"https:\/\/www.estrategiaconcursos.com.br\/blog\/#website","url":"https:\/\/www.estrategiaconcursos.com.br\/blog\/","name":"Estrat\u00e9gia Concursos","description":"O blog da Estrat\u00e9gia Concursos traz not\u00edcias sobre concursos e artigos de professores oferecendo cursos para concursos (pdf + videaulas) no site.","publisher":{"@id":"https:\/\/www.estrategiaconcursos.com.br\/blog\/#organization"},"potentialAction":[{"@type":"SearchAction","target":{"@type":"EntryPoint","urlTemplate":"https:\/\/www.estrategiaconcursos.com.br\/blog\/?s={search_term_string}"},"query-input":{"@type":"PropertyValueSpecification","valueRequired":true,"valueName":"search_term_string"}}],"inLanguage":"pt-BR"},{"@type":"Organization","@id":"https:\/\/www.estrategiaconcursos.com.br\/blog\/#organization","name":"Estrat\u00e9gia Concursos","url":"https:\/\/www.estrategiaconcursos.com.br\/blog\/","logo":{"@type":"ImageObject","inLanguage":"pt-BR","@id":"https:\/\/www.estrategiaconcursos.com.br\/blog\/#\/schema\/logo\/image\/","url":"https:\/\/dhg1h5j42swfq.cloudfront.net\/2025\/06\/03203428\/logo_concursos-1.jpg","contentUrl":"https:\/\/dhg1h5j42swfq.cloudfront.net\/2025\/06\/03203428\/logo_concursos-1.jpg","width":230,"height":60,"caption":"Estrat\u00e9gia Concursos"},"image":{"@id":"https:\/\/www.estrategiaconcursos.com.br\/blog\/#\/schema\/logo\/image\/"},"sameAs":["https:\/\/x.com\/EstratConcursos"]},{"@type":"Person","@id":"https:\/\/www.estrategiaconcursos.com.br\/blog\/#\/schema\/person\/b69f846fcb6f09c1b651569e30b6e865","name":"Tha\u00eds Mendes (Jornalista)","image":{"@type":"ImageObject","inLanguage":"pt-BR","@id":"https:\/\/secure.gravatar.com\/avatar\/3c9c4f2eb3e762ee925852cf3188d5507fcec36cfe4fdee47acd4135266a8614?s=96&d=mm&r=g","url":"https:\/\/secure.gravatar.com\/avatar\/3c9c4f2eb3e762ee925852cf3188d5507fcec36cfe4fdee47acd4135266a8614?s=96&d=mm&r=g","contentUrl":"https:\/\/secure.gravatar.com\/avatar\/3c9c4f2eb3e762ee925852cf3188d5507fcec36cfe4fdee47acd4135266a8614?s=96&d=mm&r=g","caption":"Tha\u00eds Mendes (Jornalista)"},"url":"https:\/\/www.estrategiaconcursos.com.br\/blog\/author\/comunicacaoestrategiaconcursos-com-br\/"}]}},"_links":{"self":[{"href":"https:\/\/www.estrategiaconcursos.com.br\/blog\/wp-json\/wp\/v2\/posts\/473816","targetHints":{"allow":["GET"]}}],"collection":[{"href":"https:\/\/www.estrategiaconcursos.com.br\/blog\/wp-json\/wp\/v2\/posts"}],"about":[{"href":"https:\/\/www.estrategiaconcursos.com.br\/blog\/wp-json\/wp\/v2\/types\/post"}],"author":[{"embeddable":true,"href":"https:\/\/www.estrategiaconcursos.com.br\/blog\/wp-json\/wp\/v2\/users\/188"}],"replies":[{"embeddable":true,"href":"https:\/\/www.estrategiaconcursos.com.br\/blog\/wp-json\/wp\/v2\/comments?post=473816"}],"version-history":[{"count":11,"href":"https:\/\/www.estrategiaconcursos.com.br\/blog\/wp-json\/wp\/v2\/posts\/473816\/revisions"}],"predecessor-version":[{"id":1239323,"href":"https:\/\/www.estrategiaconcursos.com.br\/blog\/wp-json\/wp\/v2\/posts\/473816\/revisions\/1239323"}],"wp:attachment":[{"href":"https:\/\/www.estrategiaconcursos.com.br\/blog\/wp-json\/wp\/v2\/media?parent=473816"}],"wp:term":[{"taxonomy":"category","embeddable":true,"href":"https:\/\/www.estrategiaconcursos.com.br\/blog\/wp-json\/wp\/v2\/categories?post=473816"},{"taxonomy":"post_tag","embeddable":true,"href":"https:\/\/www.estrategiaconcursos.com.br\/blog\/wp-json\/wp\/v2\/tags?post=473816"},{"taxonomy":"tax_estado","embeddable":true,"href":"https:\/\/www.estrategiaconcursos.com.br\/blog\/wp-json\/wp\/v2\/tax_estado?post=473816"}],"curies":[{"name":"wp","href":"https:\/\/api.w.org\/{rel}","templated":true}]}}