{"id":473505,"date":"2020-01-23T17:15:35","date_gmt":"2020-01-23T20:15:35","guid":{"rendered":"https:\/\/www.estrategiaconcursos.com.br\/blog\/?p=473505"},"modified":"2020-03-05T09:09:51","modified_gmt":"2020-03-05T12:09:51","slug":"concurso-prefeitura-altamira-edital-educacao","status":"publish","type":"post","link":"https:\/\/www.estrategiaconcursos.com.br\/blog\/concurso-prefeitura-altamira-edital-educacao\/","title":{"rendered":"Prefeitura de Altamira publica edital de concurso para Educa\u00e7\u00e3o"},"content":{"rendered":"\n<h2 class=\"wp-block-heading\"><em>Inscri\u00e7\u00f5es do Concurso Prefeitura de Altamira j\u00e1 est\u00e3o encerradas!<\/em><\/h2>\n\n\n\n<p>Foi publicado o edital do concurso p\u00fablico da Prefeitura de Altamira, munic\u00edpio localizado no Estado do Par\u00e1. S\u00e3o ofertadas <strong>756 vagas para cargos de n\u00edvel m\u00e9dio\/t\u00e9cnico e superior<\/strong>, voltados \u00e0 \u00e1rea da Educa\u00e7\u00e3o. <\/p>\n\n\n\n<p>Os interessados em participar da sele\u00e7\u00e3o puderam realizar as inscri\u00e7\u00f5es at\u00e9 o dia 04 de mar\u00e7o, no site da banca organizadora, o <strong>Instituto Vicente Nelson<\/strong>. <\/p>\n\n\n\n<h2 class=\"wp-block-heading\">Principais datas <\/h2>\n\n\n\n<p class=\"has-background has-very-light-gray-background-color\"><strong>Inscri\u00e7\u00f5es<\/strong>: <s>31 de janeiro a 04 de mar\u00e7o<\/s> [ENCERRADO]<br \/><strong>Isen\u00e7\u00e3o da taxa<\/strong>: <s>03 a 07 de fevereiro<\/s> [ENCERRADO] <br \/><strong>\u00daltimo dia para pagamento<\/strong>: 05 de mar\u00e7o<br \/><strong>Prova<\/strong>: 24 de abril e 03 de maio <\/p>\n\n\n\n<h2 class=\"wp-block-heading\">Cargos e vagas<\/h2>\n\n\n\n<h4 class=\"wp-block-heading\">N\u00edvel m\u00e9dio\/t\u00e9cnico<\/h4>\n\n\n\n<p><\/p>\n\n\n\n<figure class=\"wp-block-table is-style-stripes\"><table class=\"has-subtle-pale-blue-background-color has-fixed-layout has-background\"><tbody><tr><td><strong>CARGO<\/strong><\/td><td><strong>VAGAS<\/strong><\/td><td><strong>REMUNERA\u00c7\u00c3O<\/strong><\/td><\/tr><tr><td>Professor do Magist\u00e9rio<\/td><td>39<\/td><td>R$ 2.557,73<\/td><\/tr><\/tbody><\/table><\/figure>\n\n\n\n<h4 class=\"wp-block-heading\">N\u00edvel superior<\/h4>\n\n\n\n<p><\/p>\n\n\n\n<figure class=\"wp-block-table is-style-stripes\"><table class=\"has-subtle-pale-blue-background-color has-fixed-layout has-background\"><tbody><tr><td><strong>CARGO<\/strong><\/td><td><strong>VAGAS<\/strong><\/td><td><strong>REMUNERA\u00c7\u00c3O<\/strong><\/td><\/tr><tr><td>Pedagogo<\/td><td>346<\/td><td>R$ 2.557,73<\/td><\/tr><tr><td>Professor de Educa\u00e7\u00e3o do Campo (v\u00e1rias especialidades)<\/td><td>31<\/td><td>R$ 2.557,73<\/td><\/tr><tr><td>Professor\/Instrutor de Libras<\/td><td>05<\/td><td>R$ 2.557,73<\/td><\/tr><tr><td>Professor Auxiliar de Sala Regular<\/td><td>24<\/td><td>R$ 2.557,73<\/td><\/tr><tr><td>Professor de Atendimento Educacional<\/td><td>24<\/td><td>R$ 2.557,73<\/td><\/tr><tr><td>Professor de Ci\u00eancias F\u00edsicas e Biol\u00f3gicas<\/td><td>15<\/td><td>R$ 2.557,73<\/td><\/tr><tr><td>Professor de Ensino Religioso<\/td><td>09<\/td><td>R$ 2.557,73<\/td><\/tr><tr><td>Professor de Educa\u00e7\u00e3o F\u00edsica<\/td><td>35<\/td><td>R$ 2.557,73<\/td><\/tr><tr><td>Professor de Ensino das Artes<\/td><td>34<\/td><td>R$ 2.557,73<\/td><\/tr><tr><td>Professor de Geografia<\/td><td>39<\/td><td>R$ 2.557,73<\/td><\/tr><tr><td>Professor de Hist\u00f3ria<\/td><td>18<\/td><td>R$ 2.557,73<\/td><\/tr><tr><td>Professor de Matem\u00e1tica<\/td><td>39<\/td><td>R$ 2.557,73<\/td><\/tr><tr><td>Professor de L\u00edngua Inglesa<\/td><td>17<\/td><td>R$ 2.557,73<\/td><\/tr><tr><td>Professor de L\u00edngua Portuguesa<\/td><td>40<\/td><td>R$ 2.557,73<\/td><\/tr><tr><td>Professor de Inform\u00e1tica<\/td><td>33<\/td><td>R$ 2.557,73<\/td><\/tr><tr><td>Tradutor\/Int\u00e9rprete de Libras Educacional<\/td><td>8<\/td><td>R$ 2.557,73<\/td><\/tr><\/tbody><\/table><\/figure>\n\n\n\n<p>As lota\u00e7\u00f5es dos cargos ser\u00e3o distribu\u00eddas entre: cidade, \u00e1rea Extrativista, Ind\u00edgena, Castelo de Sonhos e Cachoeira.<\/p>\n\n\n\n<h2 class=\"wp-block-heading\">Etapas e provas<\/h2>\n\n\n\n<ul class=\"wp-block-list\"><li><strong>1\u00aa Etapa<\/strong>: Provas Escritas Objetivas de m\u00faltipla escolha para todos os cargos, de car\u00e1ter Eliminat\u00f3rio e Classificat\u00f3rio<\/li><li><strong>2\u00aa Etapa<\/strong>: Prova Discursiva para todos os cargos, de car\u00e1ter Eliminat\u00f3rio e Classificat\u00f3rio<\/li><li><strong>3\u00aa Etapa<\/strong>: Prova de T\u00edtulos para todos os cargos de N\u00edvel Superior, de car\u00e1ter apenas Classificat\u00f3rio <\/li><\/ul>\n\n\n\n<h3 class=\"wp-block-heading\">Prova Objetiva<\/h3>\n\n\n\n<p>A prova objetiva ser\u00e1 composta de 50 quest\u00f5es objetivas, cada uma contendo 5 op\u00e7\u00f5es de resposta, das quais apenas 1 ser\u00e1 correta e ser\u00e1 composta conforme discrimina\u00e7\u00e3o abaixo:  <\/p>\n\n\n\n<ul class=\"wp-block-list\"><li><em>L\u00edngua Portuguesa &#8211; 10 quest\u00f5es<\/em><\/li><li><em>Matem\u00e1tica &#8211; 10 quest\u00f5es<\/em><\/li><li><em>Legisla\u00e7\u00e3o &#8211; 10 quest\u00f5es<\/em><\/li><li><em>Conhecimentos Pedag\u00f3gicos &#8211; 10 quest\u00f5es<\/em><\/li><li><em>Conhecimentos Espec\u00edficos &#8211; 20 quest\u00f5es<\/em><\/li><\/ul>\n\n\n\n<h3 class=\"wp-block-heading\">Prova Discursiva<\/h3>\n\n\n\n<p>Nesta etapa, o candidato dever\u00e1 desenvolver texto dissertativo a partir de proposta \u00fanica, sobre assunto de interesse geral. Na Reda\u00e7\u00e3o, devem ser respeitados os limites m\u00ednimo de 20  linhas e m\u00e1ximo de 30 linhas. De car\u00e1ter eliminat\u00f3rio e classificat\u00f3rio, esta prova ser\u00e1 avaliada na escala de 0 a 10 pontos, considerando-se habilitado o candidato que nela obtiver nota igual ou superior a 06.   <\/p>\n\n\n\n<h3 class=\"wp-block-heading\">Prova de T\u00edtulos <\/h3>\n\n\n\n<p>Os candidatos habilitados nas etapas anteriores, para todos os cargos de n\u00edvel superior, devem apresentar os t\u00edtulos e os respectivos documentos comprobat\u00f3rios. A an\u00e1lise dos t\u00edtulos \u00e9 limitada ao n\u00famero m\u00e1ximo de 10 pontos e tem car\u00e1ter apenas classificat\u00f3rio. <\/p>\n\n\n\n<div class=\"wp-block-image\"><figure class=\"aligncenter is-resized\"><img loading=\"lazy\" decoding=\"async\" src=\"https:\/\/dhg1h5j42swfq.cloudfront.net\/2020\/01\/23165424\/image-182.png\" alt=\"O atributo alt desta imagem est\u00e1 vazio. O nome do arquivo \u00e9 image-182.png\" width=\"632\" height=\"309\"\/><\/figure><\/div>\n\n\n\n<p class=\"has-background has-text-align-center has-medium-font-size has-very-light-gray-background-color\"><strong>Saiba mais: <a href=\"https:\/\/www.estrategiaconcursos.com.br\/blog\/concurso-prefeitura-de-altamira\/\" target=\"_blank\" rel=\"noreferrer noopener\" aria-label=\"Concurso Prefeitura de Altamira (abre numa nova aba)\">Concurso Prefeitura de Altamira<\/a><\/strong><\/p>\n\n\n\n<hr class=\"wp-block-separator\"\/>\n\n\n\n<h2 class=\"has-text-align-center wp-block-heading\" id=\"assinatura-e-cursos\"><em>Quer estudar para o concurso Prefeitura de Altamira?<\/em><\/h2>\n\n\n\n<p class=\"has-text-align-center\"><em>Gostou desta oportunidade e deseja come\u00e7ar se preparar agora mesmo? Ent\u00e3o, confira os nossos cursos e comece a estudar:<\/em><\/p>\n\n\n\n<p style=\"font-size:22px\" class=\"has-background has-text-align-center has-light-green-cyan-background-color\"><a rel=\"noreferrer noopener\" href=\"https:\/\/www.estrategiaconcursos.com.br\/cursos\/concurso\/\" target=\"_blank\"><strong>CURSO PREFEITURA DE ALTAMIRA<\/strong><\/a><\/p>\n\n\n\n<p class=\"has-text-align-center has-medium-font-size\"><em><strong>Assinatura Anual Ilimitada*<\/strong><\/em><\/p>\n\n\n\n<p class=\"has-text-align-center\"><em>Prepare-se com o melhor material e com quem mais aprova em Concursos P\u00fablicos em todo o pa\u00eds. Assine agora a nossa Assinatura Anual e tenha acesso ilimitado* a todos os nossos cursos.<\/em><\/p>\n\n\n\n<p style=\"font-size:22px\" class=\"has-background has-text-align-center has-luminous-vivid-amber-background-color\"><strong>ASSINE AGORA&nbsp;\u2013&nbsp;<\/strong><a rel=\"noreferrer noopener\" href=\"https:\/\/www.estrategiaconcursos.com.br\/assinaturas\" target=\"_blank\"><strong>Assinatura Ilimitada<\/strong><\/a><\/p>\n\n\n\n<p style=\"font-size:22px\" class=\"has-background has-text-align-center has-pale-cyan-blue-background-color\"><a rel=\"noreferrer noopener\" href=\"https:\/\/www.estrategiaconcursos.com.br\/blog\/concursos-abertos\/\" target=\"_blank\"><strong>CONCURSOS ABERTOS<\/strong><\/a><\/p>\n\n\n\n<p style=\"font-size:22px\" class=\"has-background has-text-align-center has-pale-cyan-blue-background-color\"><a rel=\"noreferrer noopener\" href=\"https:\/\/www.estrategiaconcursos.com.br\/blog\/concursos-2020\/\" target=\"_blank\"><strong>CONCURSOS&nbsp;2020<\/strong><\/a><\/p>\n\n\n\n<figure class=\"wp-block-image\"><img decoding=\"async\" src=\"https:\/\/dhg1h5j42swfq.cloudfront.net\/2017\/03\/28152500\/coruja-ficha-tecnica-300x102.png\" alt=\"\"\/><\/figure>\n\n\n\n<h3 class=\"wp-block-heading\"><strong>Informa\u00e7\u00f5es do concurso Prefeitura Altamira<\/strong><\/h3>\n\n\n\n<p><strong>\u25baProvas: <\/strong>26\/04 e 03\/05<strong><br \/>\u25baVagas:<\/strong> 756<br \/>\u25ba<strong>Cargos:<\/strong> Diversos (Educa\u00e7\u00e3o)<strong><br \/>\u25baBanca:<\/strong> Instituto Bezerra Nelson<strong><br \/>\u25baEscolaridade: <\/strong>N\u00edvel m\u00e9dio e superior<br \/>\u25ba<strong>Edital:<\/strong> <a rel=\"noreferrer noopener\" href=\"https:\/\/dhg1h5j42swfq.cloudfront.net\/2020\/01\/23165515\/edital-concurso-altamira-pa-01-2020-educacao.pdf\" target=\"_blank\">Edital 1 &#8211; Educa\u00e7\u00e3o<\/a> <\/p>\n\n\n\n<p><br \/><em>Ascom Estrat\u00e9gia<br \/><\/em>ascomestrategia@gmail.com <\/p>\n","protected":false},"excerpt":{"rendered":"<p>Inscri\u00e7\u00f5es do Concurso Prefeitura de Altamira j\u00e1 est\u00e3o encerradas! Foi publicado o edital do concurso p\u00fablico da Prefeitura de Altamira, munic\u00edpio localizado no Estado do Par\u00e1. S\u00e3o ofertadas 756 vagas para cargos de n\u00edvel m\u00e9dio\/t\u00e9cnico e superior, voltados \u00e0 \u00e1rea da Educa\u00e7\u00e3o. Os interessados em participar da sele\u00e7\u00e3o puderam realizar as inscri\u00e7\u00f5es at\u00e9 o dia [&hellip;]<\/p>\n","protected":false},"author":260,"featured_media":444277,"comment_status":"open","ping_status":"closed","sticky":false,"template":"","format":"standard","meta":{"post_tipo":"article","footnotes":""},"categories":[1],"tags":[],"tax_estado":[],"class_list":["post-473505","post","type-post","status-publish","format-standard","has-post-thumbnail","hentry","category-cursos-e-concursos"],"acf":[],"yoast_head":"<!-- This site is optimized with the Yoast SEO Premium plugin v27.2 (Yoast SEO v27.2) - https:\/\/yoast.com\/product\/yoast-seo-premium-wordpress\/ -->\n<title>Prefeitura de Altamira publica edital de concurso para Educa\u00e7\u00e3o<\/title>\n<meta name=\"description\" content=\"Foi publicado o edital do concurso p\u00fabico da Prefeitura de Altamira com 756 vagas para cargos de n\u00edvel m\u00e9dio\/t\u00e9cnico e superior, na \u00e1rea da Educa\u00e7\u00e3o.\" \/>\n<meta name=\"robots\" content=\"index, follow, max-snippet:-1, max-image-preview:large, max-video-preview:-1\" \/>\n<link rel=\"canonical\" href=\"https:\/\/www.estrategiaconcursos.com.br\/blog\/concurso-prefeitura-altamira-edital-educacao\/\" \/>\n<meta property=\"og:locale\" content=\"pt_BR\" \/>\n<meta property=\"og:type\" content=\"article\" \/>\n<meta property=\"og:title\" content=\"Prefeitura de Altamira publica edital de concurso para Educa\u00e7\u00e3o\" \/>\n<meta property=\"og:description\" content=\"Foi publicado o edital do concurso p\u00fabico da Prefeitura de Altamira com 756 vagas para cargos de n\u00edvel m\u00e9dio\/t\u00e9cnico e superior, na \u00e1rea da Educa\u00e7\u00e3o.\" \/>\n<meta property=\"og:url\" content=\"https:\/\/www.estrategiaconcursos.com.br\/blog\/concurso-prefeitura-altamira-edital-educacao\/\" \/>\n<meta property=\"og:site_name\" content=\"Estrat\u00e9gia Concursos\" \/>\n<meta property=\"article:published_time\" content=\"2020-01-23T20:15:35+00:00\" \/>\n<meta property=\"article:modified_time\" content=\"2020-03-05T12:09:51+00:00\" \/>\n<meta property=\"og:image\" content=\"https:\/\/dhg1h5j42swfq.cloudfront.net\/2019\/11\/05113857\/Saiu-Edital-5.png\" \/>\n\t<meta property=\"og:image:width\" content=\"1200\" \/>\n\t<meta property=\"og:image:height\" content=\"628\" \/>\n\t<meta property=\"og:image:type\" content=\"image\/png\" \/>\n<meta name=\"author\" content=\"Diego Cerqueira Berbert Vasconcelos\" \/>\n<meta name=\"twitter:card\" content=\"summary_large_image\" \/>\n<meta name=\"twitter:creator\" content=\"@EstratConcursos\" \/>\n<meta name=\"twitter:site\" content=\"@EstratConcursos\" \/>\n<meta name=\"twitter:label1\" content=\"Escrito por\" \/>\n\t<meta name=\"twitter:data1\" content=\"Diego Cerqueira Berbert Vasconcelos\" \/>\n\t<meta name=\"twitter:label2\" content=\"Est. tempo de leitura\" \/>\n\t<meta name=\"twitter:data2\" content=\"3 minutos\" \/>\n<script type=\"application\/ld+json\" class=\"yoast-schema-graph\">{\"@context\":\"https:\/\/schema.org\",\"@graph\":[{\"@type\":\"NewsArticle\",\"@id\":\"https:\/\/www.estrategiaconcursos.com.br\/blog\/concurso-prefeitura-altamira-edital-educacao\/#article\",\"isPartOf\":{\"@id\":\"https:\/\/www.estrategiaconcursos.com.br\/blog\/concurso-prefeitura-altamira-edital-educacao\/\"},\"author\":{\"name\":\"Diego Cerqueira Berbert Vasconcelos\",\"@id\":\"https:\/\/www.estrategiaconcursos.com.br\/blog\/#\/schema\/person\/7fbf898fd336f5ce58a961518beff68c\"},\"headline\":\"Prefeitura de Altamira publica edital de concurso para Educa\u00e7\u00e3o\",\"datePublished\":\"2020-01-23T20:15:35+00:00\",\"dateModified\":\"2020-03-05T12:09:51+00:00\",\"mainEntityOfPage\":{\"@id\":\"https:\/\/www.estrategiaconcursos.com.br\/blog\/concurso-prefeitura-altamira-edital-educacao\/\"},\"wordCount\":610,\"commentCount\":0,\"publisher\":{\"@id\":\"https:\/\/www.estrategiaconcursos.com.br\/blog\/#organization\"},\"image\":{\"@id\":\"https:\/\/www.estrategiaconcursos.com.br\/blog\/concurso-prefeitura-altamira-edital-educacao\/#primaryimage\"},\"thumbnailUrl\":\"https:\/\/dhg1h5j42swfq.cloudfront.net\/2019\/11\/05113857\/Saiu-Edital-5.png\",\"articleSection\":[\"Concursos P\u00fablicos\"],\"inLanguage\":\"pt-BR\",\"potentialAction\":[{\"@type\":\"CommentAction\",\"name\":\"Comment\",\"target\":[\"https:\/\/www.estrategiaconcursos.com.br\/blog\/concurso-prefeitura-altamira-edital-educacao\/#respond\"]}],\"copyrightYear\":\"2020\",\"copyrightHolder\":{\"@id\":\"https:\/\/www.estrategiaconcursos.com.br\/blog\/#organization\"}},{\"@type\":\"WebPage\",\"@id\":\"https:\/\/www.estrategiaconcursos.com.br\/blog\/concurso-prefeitura-altamira-edital-educacao\/\",\"url\":\"https:\/\/www.estrategiaconcursos.com.br\/blog\/concurso-prefeitura-altamira-edital-educacao\/\",\"name\":\"Prefeitura de Altamira publica edital de concurso para Educa\u00e7\u00e3o\",\"isPartOf\":{\"@id\":\"https:\/\/www.estrategiaconcursos.com.br\/blog\/#website\"},\"primaryImageOfPage\":{\"@id\":\"https:\/\/www.estrategiaconcursos.com.br\/blog\/concurso-prefeitura-altamira-edital-educacao\/#primaryimage\"},\"image\":{\"@id\":\"https:\/\/www.estrategiaconcursos.com.br\/blog\/concurso-prefeitura-altamira-edital-educacao\/#primaryimage\"},\"thumbnailUrl\":\"https:\/\/dhg1h5j42swfq.cloudfront.net\/2019\/11\/05113857\/Saiu-Edital-5.png\",\"datePublished\":\"2020-01-23T20:15:35+00:00\",\"dateModified\":\"2020-03-05T12:09:51+00:00\",\"description\":\"Foi publicado o edital do concurso p\u00fabico da Prefeitura de Altamira com 756 vagas para cargos de n\u00edvel m\u00e9dio\/t\u00e9cnico e superior, na \u00e1rea da Educa\u00e7\u00e3o.\",\"breadcrumb\":{\"@id\":\"https:\/\/www.estrategiaconcursos.com.br\/blog\/concurso-prefeitura-altamira-edital-educacao\/#breadcrumb\"},\"inLanguage\":\"pt-BR\",\"potentialAction\":[{\"@type\":\"ReadAction\",\"target\":[\"https:\/\/www.estrategiaconcursos.com.br\/blog\/concurso-prefeitura-altamira-edital-educacao\/\"]}]},{\"@type\":\"ImageObject\",\"inLanguage\":\"pt-BR\",\"@id\":\"https:\/\/www.estrategiaconcursos.com.br\/blog\/concurso-prefeitura-altamira-edital-educacao\/#primaryimage\",\"url\":\"https:\/\/dhg1h5j42swfq.cloudfront.net\/2019\/11\/05113857\/Saiu-Edital-5.png\",\"contentUrl\":\"https:\/\/dhg1h5j42swfq.cloudfront.net\/2019\/11\/05113857\/Saiu-Edital-5.png\",\"width\":1200,\"height\":628,\"caption\":\"Edital CRF MA\"},{\"@type\":\"BreadcrumbList\",\"@id\":\"https:\/\/www.estrategiaconcursos.com.br\/blog\/concurso-prefeitura-altamira-edital-educacao\/#breadcrumb\",\"itemListElement\":[{\"@type\":\"ListItem\",\"position\":1,\"name\":\"In\u00edcio\",\"item\":\"https:\/\/www.estrategiaconcursos.com.br\/blog\/\"},{\"@type\":\"ListItem\",\"position\":2,\"name\":\"Prefeitura de Altamira publica edital de concurso para Educa\u00e7\u00e3o\"}]},{\"@type\":\"WebSite\",\"@id\":\"https:\/\/www.estrategiaconcursos.com.br\/blog\/#website\",\"url\":\"https:\/\/www.estrategiaconcursos.com.br\/blog\/\",\"name\":\"Estrat\u00e9gia Concursos\",\"description\":\"O blog da Estrat\u00e9gia Concursos traz not\u00edcias sobre concursos e artigos de professores oferecendo cursos para concursos (pdf + videaulas) no site.\",\"publisher\":{\"@id\":\"https:\/\/www.estrategiaconcursos.com.br\/blog\/#organization\"},\"potentialAction\":[{\"@type\":\"SearchAction\",\"target\":{\"@type\":\"EntryPoint\",\"urlTemplate\":\"https:\/\/www.estrategiaconcursos.com.br\/blog\/?s={search_term_string}\"},\"query-input\":{\"@type\":\"PropertyValueSpecification\",\"valueRequired\":true,\"valueName\":\"search_term_string\"}}],\"inLanguage\":\"pt-BR\"},{\"@type\":\"Organization\",\"@id\":\"https:\/\/www.estrategiaconcursos.com.br\/blog\/#organization\",\"name\":\"Estrat\u00e9gia Concursos\",\"url\":\"https:\/\/www.estrategiaconcursos.com.br\/blog\/\",\"logo\":{\"@type\":\"ImageObject\",\"inLanguage\":\"pt-BR\",\"@id\":\"https:\/\/www.estrategiaconcursos.com.br\/blog\/#\/schema\/logo\/image\/\",\"url\":\"https:\/\/dhg1h5j42swfq.cloudfront.net\/2025\/06\/03203428\/logo_concursos-1.jpg\",\"contentUrl\":\"https:\/\/dhg1h5j42swfq.cloudfront.net\/2025\/06\/03203428\/logo_concursos-1.jpg\",\"width\":230,\"height\":60,\"caption\":\"Estrat\u00e9gia Concursos\"},\"image\":{\"@id\":\"https:\/\/www.estrategiaconcursos.com.br\/blog\/#\/schema\/logo\/image\/\"},\"sameAs\":[\"https:\/\/x.com\/EstratConcursos\"]},{\"@type\":\"Person\",\"@id\":\"https:\/\/www.estrategiaconcursos.com.br\/blog\/#\/schema\/person\/7fbf898fd336f5ce58a961518beff68c\",\"name\":\"Diego Cerqueira Berbert Vasconcelos\",\"image\":{\"@type\":\"ImageObject\",\"inLanguage\":\"pt-BR\",\"@id\":\"https:\/\/secure.gravatar.com\/avatar\/ed2d045a7390980cad1a92d24dcc39d10ef55b88fcb9fb9c047979bf4ddeb1ce?s=96&d=mm&r=g\",\"url\":\"https:\/\/secure.gravatar.com\/avatar\/ed2d045a7390980cad1a92d24dcc39d10ef55b88fcb9fb9c047979bf4ddeb1ce?s=96&d=mm&r=g\",\"contentUrl\":\"https:\/\/secure.gravatar.com\/avatar\/ed2d045a7390980cad1a92d24dcc39d10ef55b88fcb9fb9c047979bf4ddeb1ce?s=96&d=mm&r=g\",\"caption\":\"Diego Cerqueira Berbert Vasconcelos\"},\"url\":\"https:\/\/www.estrategiaconcursos.com.br\/blog\/author\/diegocerqueiraestrategiaconcursos-com-br\/\"}]}<\/script>\n<!-- \/ Yoast SEO Premium plugin. -->","yoast_head_json":{"title":"Prefeitura de Altamira publica edital de concurso para Educa\u00e7\u00e3o","description":"Foi publicado o edital do concurso p\u00fabico da Prefeitura de Altamira com 756 vagas para cargos de n\u00edvel m\u00e9dio\/t\u00e9cnico e superior, na \u00e1rea da Educa\u00e7\u00e3o.","robots":{"index":"index","follow":"follow","max-snippet":"max-snippet:-1","max-image-preview":"max-image-preview:large","max-video-preview":"max-video-preview:-1"},"canonical":"https:\/\/www.estrategiaconcursos.com.br\/blog\/concurso-prefeitura-altamira-edital-educacao\/","og_locale":"pt_BR","og_type":"article","og_title":"Prefeitura de Altamira publica edital de concurso para Educa\u00e7\u00e3o","og_description":"Foi publicado o edital do concurso p\u00fabico da Prefeitura de Altamira com 756 vagas para cargos de n\u00edvel m\u00e9dio\/t\u00e9cnico e superior, na \u00e1rea da Educa\u00e7\u00e3o.","og_url":"https:\/\/www.estrategiaconcursos.com.br\/blog\/concurso-prefeitura-altamira-edital-educacao\/","og_site_name":"Estrat\u00e9gia Concursos","article_published_time":"2020-01-23T20:15:35+00:00","article_modified_time":"2020-03-05T12:09:51+00:00","og_image":[{"width":1200,"height":628,"url":"https:\/\/dhg1h5j42swfq.cloudfront.net\/2019\/11\/05113857\/Saiu-Edital-5.png","type":"image\/png"}],"author":"Diego Cerqueira Berbert Vasconcelos","twitter_card":"summary_large_image","twitter_creator":"@EstratConcursos","twitter_site":"@EstratConcursos","twitter_misc":{"Escrito por":"Diego Cerqueira Berbert Vasconcelos","Est. tempo de leitura":"3 minutos"},"schema":{"@context":"https:\/\/schema.org","@graph":[{"@type":"NewsArticle","@id":"https:\/\/www.estrategiaconcursos.com.br\/blog\/concurso-prefeitura-altamira-edital-educacao\/#article","isPartOf":{"@id":"https:\/\/www.estrategiaconcursos.com.br\/blog\/concurso-prefeitura-altamira-edital-educacao\/"},"author":{"name":"Diego Cerqueira Berbert Vasconcelos","@id":"https:\/\/www.estrategiaconcursos.com.br\/blog\/#\/schema\/person\/7fbf898fd336f5ce58a961518beff68c"},"headline":"Prefeitura de Altamira publica edital de concurso para Educa\u00e7\u00e3o","datePublished":"2020-01-23T20:15:35+00:00","dateModified":"2020-03-05T12:09:51+00:00","mainEntityOfPage":{"@id":"https:\/\/www.estrategiaconcursos.com.br\/blog\/concurso-prefeitura-altamira-edital-educacao\/"},"wordCount":610,"commentCount":0,"publisher":{"@id":"https:\/\/www.estrategiaconcursos.com.br\/blog\/#organization"},"image":{"@id":"https:\/\/www.estrategiaconcursos.com.br\/blog\/concurso-prefeitura-altamira-edital-educacao\/#primaryimage"},"thumbnailUrl":"https:\/\/dhg1h5j42swfq.cloudfront.net\/2019\/11\/05113857\/Saiu-Edital-5.png","articleSection":["Concursos P\u00fablicos"],"inLanguage":"pt-BR","potentialAction":[{"@type":"CommentAction","name":"Comment","target":["https:\/\/www.estrategiaconcursos.com.br\/blog\/concurso-prefeitura-altamira-edital-educacao\/#respond"]}],"copyrightYear":"2020","copyrightHolder":{"@id":"https:\/\/www.estrategiaconcursos.com.br\/blog\/#organization"}},{"@type":"WebPage","@id":"https:\/\/www.estrategiaconcursos.com.br\/blog\/concurso-prefeitura-altamira-edital-educacao\/","url":"https:\/\/www.estrategiaconcursos.com.br\/blog\/concurso-prefeitura-altamira-edital-educacao\/","name":"Prefeitura de Altamira publica edital de concurso para Educa\u00e7\u00e3o","isPartOf":{"@id":"https:\/\/www.estrategiaconcursos.com.br\/blog\/#website"},"primaryImageOfPage":{"@id":"https:\/\/www.estrategiaconcursos.com.br\/blog\/concurso-prefeitura-altamira-edital-educacao\/#primaryimage"},"image":{"@id":"https:\/\/www.estrategiaconcursos.com.br\/blog\/concurso-prefeitura-altamira-edital-educacao\/#primaryimage"},"thumbnailUrl":"https:\/\/dhg1h5j42swfq.cloudfront.net\/2019\/11\/05113857\/Saiu-Edital-5.png","datePublished":"2020-01-23T20:15:35+00:00","dateModified":"2020-03-05T12:09:51+00:00","description":"Foi publicado o edital do concurso p\u00fabico da Prefeitura de Altamira com 756 vagas para cargos de n\u00edvel m\u00e9dio\/t\u00e9cnico e superior, na \u00e1rea da Educa\u00e7\u00e3o.","breadcrumb":{"@id":"https:\/\/www.estrategiaconcursos.com.br\/blog\/concurso-prefeitura-altamira-edital-educacao\/#breadcrumb"},"inLanguage":"pt-BR","potentialAction":[{"@type":"ReadAction","target":["https:\/\/www.estrategiaconcursos.com.br\/blog\/concurso-prefeitura-altamira-edital-educacao\/"]}]},{"@type":"ImageObject","inLanguage":"pt-BR","@id":"https:\/\/www.estrategiaconcursos.com.br\/blog\/concurso-prefeitura-altamira-edital-educacao\/#primaryimage","url":"https:\/\/dhg1h5j42swfq.cloudfront.net\/2019\/11\/05113857\/Saiu-Edital-5.png","contentUrl":"https:\/\/dhg1h5j42swfq.cloudfront.net\/2019\/11\/05113857\/Saiu-Edital-5.png","width":1200,"height":628,"caption":"Edital CRF MA"},{"@type":"BreadcrumbList","@id":"https:\/\/www.estrategiaconcursos.com.br\/blog\/concurso-prefeitura-altamira-edital-educacao\/#breadcrumb","itemListElement":[{"@type":"ListItem","position":1,"name":"In\u00edcio","item":"https:\/\/www.estrategiaconcursos.com.br\/blog\/"},{"@type":"ListItem","position":2,"name":"Prefeitura de Altamira publica edital de concurso para Educa\u00e7\u00e3o"}]},{"@type":"WebSite","@id":"https:\/\/www.estrategiaconcursos.com.br\/blog\/#website","url":"https:\/\/www.estrategiaconcursos.com.br\/blog\/","name":"Estrat\u00e9gia Concursos","description":"O blog da Estrat\u00e9gia Concursos traz not\u00edcias sobre concursos e artigos de professores oferecendo cursos para concursos (pdf + videaulas) no site.","publisher":{"@id":"https:\/\/www.estrategiaconcursos.com.br\/blog\/#organization"},"potentialAction":[{"@type":"SearchAction","target":{"@type":"EntryPoint","urlTemplate":"https:\/\/www.estrategiaconcursos.com.br\/blog\/?s={search_term_string}"},"query-input":{"@type":"PropertyValueSpecification","valueRequired":true,"valueName":"search_term_string"}}],"inLanguage":"pt-BR"},{"@type":"Organization","@id":"https:\/\/www.estrategiaconcursos.com.br\/blog\/#organization","name":"Estrat\u00e9gia Concursos","url":"https:\/\/www.estrategiaconcursos.com.br\/blog\/","logo":{"@type":"ImageObject","inLanguage":"pt-BR","@id":"https:\/\/www.estrategiaconcursos.com.br\/blog\/#\/schema\/logo\/image\/","url":"https:\/\/dhg1h5j42swfq.cloudfront.net\/2025\/06\/03203428\/logo_concursos-1.jpg","contentUrl":"https:\/\/dhg1h5j42swfq.cloudfront.net\/2025\/06\/03203428\/logo_concursos-1.jpg","width":230,"height":60,"caption":"Estrat\u00e9gia Concursos"},"image":{"@id":"https:\/\/www.estrategiaconcursos.com.br\/blog\/#\/schema\/logo\/image\/"},"sameAs":["https:\/\/x.com\/EstratConcursos"]},{"@type":"Person","@id":"https:\/\/www.estrategiaconcursos.com.br\/blog\/#\/schema\/person\/7fbf898fd336f5ce58a961518beff68c","name":"Diego Cerqueira Berbert Vasconcelos","image":{"@type":"ImageObject","inLanguage":"pt-BR","@id":"https:\/\/secure.gravatar.com\/avatar\/ed2d045a7390980cad1a92d24dcc39d10ef55b88fcb9fb9c047979bf4ddeb1ce?s=96&d=mm&r=g","url":"https:\/\/secure.gravatar.com\/avatar\/ed2d045a7390980cad1a92d24dcc39d10ef55b88fcb9fb9c047979bf4ddeb1ce?s=96&d=mm&r=g","contentUrl":"https:\/\/secure.gravatar.com\/avatar\/ed2d045a7390980cad1a92d24dcc39d10ef55b88fcb9fb9c047979bf4ddeb1ce?s=96&d=mm&r=g","caption":"Diego Cerqueira Berbert Vasconcelos"},"url":"https:\/\/www.estrategiaconcursos.com.br\/blog\/author\/diegocerqueiraestrategiaconcursos-com-br\/"}]}},"_links":{"self":[{"href":"https:\/\/www.estrategiaconcursos.com.br\/blog\/wp-json\/wp\/v2\/posts\/473505","targetHints":{"allow":["GET"]}}],"collection":[{"href":"https:\/\/www.estrategiaconcursos.com.br\/blog\/wp-json\/wp\/v2\/posts"}],"about":[{"href":"https:\/\/www.estrategiaconcursos.com.br\/blog\/wp-json\/wp\/v2\/types\/post"}],"author":[{"embeddable":true,"href":"https:\/\/www.estrategiaconcursos.com.br\/blog\/wp-json\/wp\/v2\/users\/260"}],"replies":[{"embeddable":true,"href":"https:\/\/www.estrategiaconcursos.com.br\/blog\/wp-json\/wp\/v2\/comments?post=473505"}],"version-history":[{"count":5,"href":"https:\/\/www.estrategiaconcursos.com.br\/blog\/wp-json\/wp\/v2\/posts\/473505\/revisions"}],"predecessor-version":[{"id":488501,"href":"https:\/\/www.estrategiaconcursos.com.br\/blog\/wp-json\/wp\/v2\/posts\/473505\/revisions\/488501"}],"wp:featuredmedia":[{"embeddable":true,"href":"https:\/\/www.estrategiaconcursos.com.br\/blog\/wp-json\/wp\/v2\/media\/444277"}],"wp:attachment":[{"href":"https:\/\/www.estrategiaconcursos.com.br\/blog\/wp-json\/wp\/v2\/media?parent=473505"}],"wp:term":[{"taxonomy":"category","embeddable":true,"href":"https:\/\/www.estrategiaconcursos.com.br\/blog\/wp-json\/wp\/v2\/categories?post=473505"},{"taxonomy":"post_tag","embeddable":true,"href":"https:\/\/www.estrategiaconcursos.com.br\/blog\/wp-json\/wp\/v2\/tags?post=473505"},{"taxonomy":"tax_estado","embeddable":true,"href":"https:\/\/www.estrategiaconcursos.com.br\/blog\/wp-json\/wp\/v2\/tax_estado?post=473505"}],"curies":[{"name":"wp","href":"https:\/\/api.w.org\/{rel}","templated":true}]}}