{"id":473372,"date":"2020-01-23T12:36:39","date_gmt":"2020-01-23T15:36:39","guid":{"rendered":"https:\/\/www.estrategiaconcursos.com.br\/blog\/?p=473372"},"modified":"2020-07-31T12:41:04","modified_gmt":"2020-07-31T15:41:04","slug":"militares-no-inss-e-agora-concurseiro","status":"publish","type":"post","link":"https:\/\/www.estrategiaconcursos.com.br\/blog\/militares-no-inss-e-agora-concurseiro\/","title":{"rendered":"Militares no INSS? E agora, concurseiro?"},"content":{"rendered":"\n<p>No\n\u00faltimo dia 13 de janeiro, em coletiva de impressa convocada pelo Minist\u00e9rio da\nEconomia, foram anunciadas medidas para redu\u00e7\u00e3o da fila de processos represados\nno INSS. Entre os an\u00fancios, o que mais gerou repercuss\u00e3o no mundo dos concursos,\ncertamente, foi o da <strong>contrata\u00e7\u00e3o\ntempor\u00e1ria de 7 mil militares da reserva pelo INSS<\/strong> para refor\u00e7o no\natendimento.&nbsp; <\/p>\n\n\n\n<p>Eles far\u00e3o tarefas como recep\u00e7\u00e3o de documentos bem como orienta\u00e7\u00e3o dos cidad\u00e3os que procuram as ag\u00eancias f\u00edsicas. Nos pr\u00f3ximos dias, deve ser publicado decreto com as condi\u00e7\u00f5es e prazo de ades\u00e3o para os militares interessados, os quais ter\u00e3o como incentivo um acr\u00e9scimo de 30% na remunera\u00e7\u00e3o bruta, aumento estimado em R$ 2.071,42. <\/p>\n\n\n\n<p>Vale ressaltar que os militares ir\u00e3o <span style=\"text-decoration: underline;\">refor\u00e7ar o atendimento ao p\u00fablico<\/span>, entretanto, <strong>somente t\u00e9cnicos e analistas do INSS podem trabalhar na atividade fim do INSS, <\/strong>que \u00e9 a an\u00e1lise de requerimentos previdenci\u00e1rios, nos quais \u00e9 analisado o direito a benef\u00edcios como aposentadoria, sal\u00e1rio-maternidade, pens\u00e3o por morte, aux\u00edlio-reclus\u00e3o, entre outros. Vejamos trecho da Lei 10.885\/04 que faz essa previs\u00e3o: <\/p>\n\n\n\n<blockquote class=\"wp-block-quote is-layout-flow wp-block-quote-is-layout-flow\"><p><strong>Art. 5\u00ba-B<\/strong> S\u00e3o atribui\u00e7\u00f5es da <strong><span style=\"text-decoration: underline;\">carreira do Seguro Social<\/span><\/strong>:&nbsp;<br \/><strong>I <\/strong>&#8211; no exerc\u00edcio da compet\u00eancia do INSS e em <strong>car\u00e1ter privativo<\/strong>: <br \/><strong>a) <\/strong><span style=\"text-decoration: underline;\">elaborar e proferir decis\u00f5es ou delas participar em processo administrativo-previdenci\u00e1rio relativas ao Regime Geral da Previd\u00eancia Social (RGPS)<\/span>, de que trata o art. 201 da Constitui\u00e7\u00e3o Federal, bem como em processos de consulta, de restitui\u00e7\u00e3o ou de apura\u00e7\u00e3o de irregularidade em processos administrados pelo INSS;<br \/>(&#8230;)<br \/>(grifos nossos)<\/p><\/blockquote>\n\n\n\n<p>Com a\ncontrata\u00e7\u00e3o dos militares, a inten\u00e7\u00e3o da gest\u00e3o do \u00f3rg\u00e3o \u00e9 deslocar servidores\nda carreira do seguro social que atualmente est\u00e3o no servi\u00e7o de atendimento\ndireito ao p\u00fablico para a an\u00e1lise de processos administrativos previdenci\u00e1rios,\naumentando o n\u00famero de an\u00e1lises feitas no m\u00eas.<\/p>\n\n\n\n<h2 class=\"wp-block-heading\"><strong>Situa\u00e7\u00e3o\natual do INSS<\/strong><\/h2>\n\n\n\n<p>A motiva\u00e7\u00e3o da medida se d\u00e1 ao fato de que o INSS enfrenta dificuldades para dar vaz\u00e3o aos 980 mil requerimentos que recebe mensalmente. Atualmente, existe um estoque de aproximadamente <strong>1,3 milh\u00f5es pedidos sem solu\u00e7\u00e3o por mais 45 dias<\/strong>, que \u00e9 o prazo legal para resposta. Se forem computados todos os processos, mesmo os que est\u00e3o dentro do prazo legal, o estoque \u00e9 superior a 2 milh\u00f5es.<\/p>\n\n\n\n<p>V\u00e1rios\nforam os fatores que colaboraram para que o INSS chegasse aos n\u00fameros atuais de\nrepresamento que citamos. Entre eles, podemos mencionar:<\/p>\n\n\n\n<ul class=\"wp-block-list\"><li><strong>Aposentadorias em massa <\/strong>de servidores efetivos que ocorreram ao longo dos \u00faltimos anos. Somente em 2019, tivemos mais de 7 mil aposentadorias e, atualmente, o INSS chegou ao menor quadro de servidores da hist\u00f3ria: <strong>23 mil<\/strong>;<\/li><\/ul>\n\n\n\n<ul class=\"wp-block-list\"><li><strong>Implanta\u00e7\u00e3o do INSS digital<\/strong> em 2018, o qual possibilitou que o cidad\u00e3o n\u00e3o precisasse aguardar um agendamento para requerer seu benef\u00edcio, podendo faz\u00ea-lo a qualquer tempo, resultando em um aumento de mais de 280 mil requerimentos por m\u00eas;<\/li><\/ul>\n\n\n\n<ul class=\"wp-block-list\"><li><strong>Reforma\nda previd\u00eancia<\/strong>, que aumentou o n\u00famero de requerimentos e\nprejudicou a capacidade de vaz\u00e3o dos processos, uma vez que os sistemas do INSS\nainda n\u00e3o est\u00e3o totalmente adaptados \u00e0s novas regras. Al\u00e9m disso, faltam normas\nregulamentadoras. <\/li><\/ul>\n\n\n\n<h2 class=\"wp-block-heading\"><strong>A contrata\u00e7\u00e3o dos Militares \u00e9 Constitucional?<\/strong><\/h2>\n\n\n\n<p>Desde\nque houve o an\u00fancio, surgiram d\u00favidas sobre a constitucionalidade da\ncontrata\u00e7\u00e3o dos militares para o atendimento no INSS. Inclusive<strong> o Minist\u00e9rio P\u00fablico junto ao TCU\ningressou com pedido de medida cautelar para suspens\u00e3o da contrata\u00e7\u00e3o<\/strong>. <\/p>\n\n\n\n<p>O\nargumento do Minist\u00e9rio P\u00fablico \u00e9 o de que \u00e9 evidente a necessidade de\nreposi\u00e7\u00e3o dos quadros de servidores do INSS e que, dada a condi\u00e7\u00e3o de <strong>autarquia<\/strong> do referido instituto,\naplica-se a <strong>regra do concurso p\u00fablico<\/strong> para a investidura no \u00f3rg\u00e3o. As\nexce\u00e7\u00f5es da regra de admiss\u00e3o de pessoal por meio de concurso p\u00fablico s\u00e3o:<\/p>\n\n\n\n<ul class=\"wp-block-list\"><li>cargos exclusivamente em comiss\u00e3o;<\/li><li>contrata\u00e7\u00e3o por tempo determinado para atender necessidade tempor\u00e1ria de excepcional interesse p\u00fablico.<\/li><\/ul>\n\n\n\n<p>Um dos\nargumentos do Minist\u00e9rio P\u00fablico junto ao TCU \u00e9 de que essa contrata\u00e7\u00e3o dos\nmilitares, ainda que se encaixe na hip\u00f3tese \u201cb\u201d, n\u00e3o atende ao princ\u00edpio que\ndeve ser seguido pela administra\u00e7\u00e3o p\u00fablica da <strong>impessoalidade<\/strong>, dado que foi direcionado para uma categoria\nprofissional exclusiva.<\/p>\n\n\n\n<p>Tamb\u00e9m\n\u00e9 destacado que o militar da reserva permanece \u00e0 disposi\u00e7\u00e3o por prazo\ndeterminado, necessitando estar em condi\u00e7\u00f5es de atender convoca\u00e7\u00f5es do Comando\nMilitar em casos de necessidade extraordin\u00e1ria, o que indica que eles est\u00e3o \u00e0 <strong>disposi\u00e7\u00e3o para atividades militares, mas\nn\u00e3o civis.<\/strong><\/p>\n\n\n\n<p><strong>&nbsp;<\/strong>Al\u00e9m da a\u00e7\u00e3o do Minist\u00e9rio P\u00fablico junto ao TCU, os\npr\u00f3prios servidores do INSS est\u00e3o ingressando com a\u00e7\u00f5es judiciais para\nsuspender a medida, entendendo que a contrata\u00e7\u00e3o viola princ\u00edpios\nconstitucionais. <\/p>\n\n\n\n<h2 class=\"wp-block-heading\"><strong>E voc\u00ea,\nconcurseiro?<\/strong><\/h2>\n\n\n\n<p>A\nnot\u00edcia da contrata\u00e7\u00e3o dos militares foi um banho de \u00e1gua fria para muitos que\nse preparam para o concurso do INSS, mas pode ser que esteja sendo olhada pelo\nespectro errado. <\/p>\n\n\n\n<p>O que esse an\u00fancio demonstra \u00e9 que o INSS est\u00e1 tendo uma aten\u00e7\u00e3o especial das autoridades p\u00fablicas dado que apesar da revolu\u00e7\u00e3o digital que vem passando nos \u00faltimos tempos, est\u00e1 muito aqu\u00e9m de atender de forma eficaz, efetiva e eficiente as necessidades da sociedade. <strong><span style=\"text-decoration: underline;\">N\u00e3o d\u00e1 para continuar como est\u00e1<\/span><\/strong>!&nbsp; <\/p>\n\n\n\n<p>A necessidade de m\u00e3o-de-obra \u00e9 indiscut\u00edvel, e a gest\u00e3o do Instituto est\u00e1 consciente desse problema, dada a <span style=\"text-decoration: underline;\">quantidade expressiva de militares tempor\u00e1rios que podem ser contratados<\/span>. Chegar\u00e1 o momento em que <strong>a realiza\u00e7\u00e3o de concurso p\u00fablico ser\u00e1 a \u00fanica sa\u00edda<\/strong>, pois somente servidores da carreira do seguro social podem proferir decis\u00f5es em processos previdenci\u00e1rios. <\/p>\n\n\n\n<p>Tamb\u00e9m\ndevemos lembrar que os problemas do INSS est\u00e3o na mira do Minist\u00e9rio P\u00fablico,\nque inclusive entrou com uma a\u00e7\u00e3o judicial no ano passado para solicita\u00e7\u00e3o de\nconcurso emergencial e que est\u00e1 agora impugnando a decis\u00e3o da contrata\u00e7\u00e3o dos\nmilitares. <\/p>\n\n\n\n<p>Tendo todas essas informa\u00e7\u00f5es, podemos chegar \u00e0\nconclus\u00e3o de que o \u00f3rg\u00e3o necessita de mais pessoal e que a medida anunciada\npelo governo pode n\u00e3o surtir o efeito esperado, seja pela possibilidade de\nbaixa ades\u00e3o dos militares, seja pela possibilidade de suspens\u00e3o judicial, ou\npor outro fator. O cen\u00e1rio pode caminhar para a necessidade da realiza\u00e7\u00e3o de um\nconcurso emergencial para o INSS, como j\u00e1 vimos acontecer outras vezes no mundo\ndos concursos p\u00fablicos, sendo um grande exemplo o concurso da Receita Federal\nde 2014. <\/p>\n\n\n\n<p><strong><span style=\"text-decoration: underline;\">A dif\u00edcil realidade \u00e9 que todos esses fatos que n\u00e3o s\u00e3o control\u00e1veis por voc\u00ea concurseiro<\/span><\/strong>. Por mais que se as not\u00edcias surjam, n\u00e3o se sabe ao certo o que ocorrer\u00e1. Estudar para concursos p\u00fablicos envolve v\u00e1rios desafios, e um deles \u00e9 o de que a maioria dos concursos n\u00e3o \u00e9 como a prova do Enem, que voc\u00ea j\u00e1 sabe que vai ocorrer todo ano e quando ela vai ocorrer. A menos que haja uma autoriza\u00e7\u00e3o, ningu\u00e9m pode afirmar que a prova est\u00e1 pr\u00f3xima de sair.<\/p>\n\n\n\n<p>&nbsp;O que \u00e9 fato \u00e9 que em algum momento o concurso\nocorrer\u00e1 e ele ser\u00e1 concorrid\u00edssimo, n\u00e3o dando chances para candidatos que n\u00e3o\ntenham se preparado com excel\u00eancia. Tomando\ncomo exemplo o \u00faltimo concurso do INSS, realizado em 2016, <strong>o n\u00famero de inscritos foi de 1.087.789 para\nconcorrer a 800 vagas<\/strong> e somente foram convocados para trabalhar no \u00f3rg\u00e3o o\nn\u00famero de candidatos suficiente para preencher o n\u00famero de vagas iniciais\nprevistos. <\/p>\n\n\n\n<p>Fica ent\u00e3o o questionamento: Voc\u00ea ir\u00e1 apegar aos fatores que n\u00e3o dependem de voc\u00ea ou ir\u00e1 fazer o que est\u00e1 nas suas m\u00e3os para conseguir o resultado que muitos desejam?<\/p>\n\n\n\n<p class=\"has-background has-very-light-gray-background-color\"><strong>Instagram: <a href=\"https:\/\/www.instagram.com\/profrubensmauricio\/?hl=pt-br\" target=\"_blank\" rel=\"noreferrer noopener\" aria-label=\"@profrubensmauricio (abre numa nova aba)\">@profrubensmauricio<\/a><\/strong><\/p>\n\n\n\n<p class=\"has-background has-very-light-gray-background-color\"><strong>Canal Youtube: <a href=\"https:\/\/www.youtube.com\/channel\/UCUbTaXsPXX2NOYh4PO1RyLQ\" target=\"_blank\" rel=\"noreferrer noopener\" aria-label=\"Prof. Rubens Mauricio (abre numa nova aba)\">Prof. Rubens Mauricio<\/a><\/strong><\/p>\n","protected":false},"excerpt":{"rendered":"<p>No \u00faltimo dia 13 de janeiro, em coletiva de impressa convocada pelo Minist\u00e9rio da Economia, foram anunciadas medidas para redu\u00e7\u00e3o da fila de processos represados no INSS. Entre os an\u00fancios, o que mais gerou repercuss\u00e3o no mundo dos concursos, certamente, foi o da contrata\u00e7\u00e3o tempor\u00e1ria de 7 mil militares da reserva pelo INSS para refor\u00e7o [&hellip;]<\/p>\n","protected":false},"author":401,"featured_media":165209,"comment_status":"open","ping_status":"closed","sticky":false,"template":"","format":"standard","meta":{"post_tipo":"article","footnotes":""},"categories":[1],"tags":[],"tax_estado":[],"class_list":["post-473372","post","type-post","status-publish","format-standard","has-post-thumbnail","hentry","category-cursos-e-concursos"],"acf":[],"yoast_head":"<!-- This site is optimized with the Yoast SEO Premium plugin v27.2 (Yoast SEO v27.2) - https:\/\/yoast.com\/product\/yoast-seo-premium-wordpress\/ -->\n<title>Militares no INSS? E agora, concurseiro?<\/title>\n<meta name=\"robots\" content=\"index, follow, max-snippet:-1, max-image-preview:large, max-video-preview:-1\" \/>\n<link rel=\"canonical\" href=\"https:\/\/www.estrategiaconcursos.com.br\/blog\/militares-no-inss-e-agora-concurseiro\/\" \/>\n<meta property=\"og:locale\" content=\"pt_BR\" \/>\n<meta property=\"og:type\" content=\"article\" \/>\n<meta property=\"og:title\" content=\"Militares no INSS? E agora, concurseiro?\" \/>\n<meta property=\"og:description\" content=\"No \u00faltimo dia 13 de janeiro, em coletiva de impressa convocada pelo Minist\u00e9rio da Economia, foram anunciadas medidas para redu\u00e7\u00e3o da fila de processos represados no INSS. Entre os an\u00fancios, o que mais gerou repercuss\u00e3o no mundo dos concursos, certamente, foi o da contrata\u00e7\u00e3o tempor\u00e1ria de 7 mil militares da reserva pelo INSS para refor\u00e7o [&hellip;]\" \/>\n<meta property=\"og:url\" content=\"https:\/\/www.estrategiaconcursos.com.br\/blog\/militares-no-inss-e-agora-concurseiro\/\" \/>\n<meta property=\"og:site_name\" content=\"Estrat\u00e9gia Concursos\" \/>\n<meta property=\"article:published_time\" content=\"2020-01-23T15:36:39+00:00\" \/>\n<meta property=\"article:modified_time\" content=\"2020-07-31T15:41:04+00:00\" \/>\n<meta property=\"og:image\" content=\"https:\/\/dhg1h5j42swfq.cloudfront.net\/2019\/02\/09084953\/Capturar.jpg\" \/>\n\t<meta property=\"og:image:width\" content=\"1200\" \/>\n\t<meta property=\"og:image:height\" content=\"627\" \/>\n\t<meta property=\"og:image:type\" content=\"image\/jpeg\" \/>\n<meta name=\"author\" content=\"Rubens Mauricio Corr\u00eaa\" \/>\n<meta name=\"twitter:card\" content=\"summary_large_image\" \/>\n<meta name=\"twitter:creator\" content=\"@EstratConcursos\" \/>\n<meta name=\"twitter:site\" content=\"@EstratConcursos\" \/>\n<meta name=\"twitter:label1\" content=\"Escrito por\" \/>\n\t<meta name=\"twitter:data1\" content=\"Rubens Mauricio Corr\u00eaa\" \/>\n\t<meta name=\"twitter:label2\" content=\"Est. tempo de leitura\" \/>\n\t<meta name=\"twitter:data2\" content=\"7 minutos\" \/>\n<script type=\"application\/ld+json\" class=\"yoast-schema-graph\">{\"@context\":\"https:\/\/schema.org\",\"@graph\":[{\"@type\":\"NewsArticle\",\"@id\":\"https:\/\/www.estrategiaconcursos.com.br\/blog\/militares-no-inss-e-agora-concurseiro\/#article\",\"isPartOf\":{\"@id\":\"https:\/\/www.estrategiaconcursos.com.br\/blog\/militares-no-inss-e-agora-concurseiro\/\"},\"author\":{\"name\":\"Rubens Mauricio Corr\u00eaa\",\"@id\":\"https:\/\/www.estrategiaconcursos.com.br\/blog\/#\/schema\/person\/9fac14a8bf47492d9fd98769d1481766\"},\"headline\":\"Militares no INSS? E agora, concurseiro?\",\"datePublished\":\"2020-01-23T15:36:39+00:00\",\"dateModified\":\"2020-07-31T15:41:04+00:00\",\"mainEntityOfPage\":{\"@id\":\"https:\/\/www.estrategiaconcursos.com.br\/blog\/militares-no-inss-e-agora-concurseiro\/\"},\"wordCount\":1326,\"commentCount\":0,\"publisher\":{\"@id\":\"https:\/\/www.estrategiaconcursos.com.br\/blog\/#organization\"},\"image\":{\"@id\":\"https:\/\/www.estrategiaconcursos.com.br\/blog\/militares-no-inss-e-agora-concurseiro\/#primaryimage\"},\"thumbnailUrl\":\"https:\/\/dhg1h5j42swfq.cloudfront.net\/2019\/02\/09084953\/Capturar.jpg\",\"articleSection\":[\"Concursos P\u00fablicos\"],\"inLanguage\":\"pt-BR\",\"potentialAction\":[{\"@type\":\"CommentAction\",\"name\":\"Comment\",\"target\":[\"https:\/\/www.estrategiaconcursos.com.br\/blog\/militares-no-inss-e-agora-concurseiro\/#respond\"]}],\"copyrightYear\":\"2020\",\"copyrightHolder\":{\"@id\":\"https:\/\/www.estrategiaconcursos.com.br\/blog\/#organization\"}},{\"@type\":\"WebPage\",\"@id\":\"https:\/\/www.estrategiaconcursos.com.br\/blog\/militares-no-inss-e-agora-concurseiro\/\",\"url\":\"https:\/\/www.estrategiaconcursos.com.br\/blog\/militares-no-inss-e-agora-concurseiro\/\",\"name\":\"Militares no INSS? E agora, concurseiro?\",\"isPartOf\":{\"@id\":\"https:\/\/www.estrategiaconcursos.com.br\/blog\/#website\"},\"primaryImageOfPage\":{\"@id\":\"https:\/\/www.estrategiaconcursos.com.br\/blog\/militares-no-inss-e-agora-concurseiro\/#primaryimage\"},\"image\":{\"@id\":\"https:\/\/www.estrategiaconcursos.com.br\/blog\/militares-no-inss-e-agora-concurseiro\/#primaryimage\"},\"thumbnailUrl\":\"https:\/\/dhg1h5j42swfq.cloudfront.net\/2019\/02\/09084953\/Capturar.jpg\",\"datePublished\":\"2020-01-23T15:36:39+00:00\",\"dateModified\":\"2020-07-31T15:41:04+00:00\",\"breadcrumb\":{\"@id\":\"https:\/\/www.estrategiaconcursos.com.br\/blog\/militares-no-inss-e-agora-concurseiro\/#breadcrumb\"},\"inLanguage\":\"pt-BR\",\"potentialAction\":[{\"@type\":\"ReadAction\",\"target\":[\"https:\/\/www.estrategiaconcursos.com.br\/blog\/militares-no-inss-e-agora-concurseiro\/\"]}]},{\"@type\":\"ImageObject\",\"inLanguage\":\"pt-BR\",\"@id\":\"https:\/\/www.estrategiaconcursos.com.br\/blog\/militares-no-inss-e-agora-concurseiro\/#primaryimage\",\"url\":\"https:\/\/dhg1h5j42swfq.cloudfront.net\/2019\/02\/09084953\/Capturar.jpg\",\"contentUrl\":\"https:\/\/dhg1h5j42swfq.cloudfront.net\/2019\/02\/09084953\/Capturar.jpg\",\"width\":1200,\"height\":627,\"caption\":\"INSS Passo Estrat\u00e9gico\"},{\"@type\":\"BreadcrumbList\",\"@id\":\"https:\/\/www.estrategiaconcursos.com.br\/blog\/militares-no-inss-e-agora-concurseiro\/#breadcrumb\",\"itemListElement\":[{\"@type\":\"ListItem\",\"position\":1,\"name\":\"In\u00edcio\",\"item\":\"https:\/\/www.estrategiaconcursos.com.br\/blog\/\"},{\"@type\":\"ListItem\",\"position\":2,\"name\":\"Militares no INSS? E agora, concurseiro?\"}]},{\"@type\":\"WebSite\",\"@id\":\"https:\/\/www.estrategiaconcursos.com.br\/blog\/#website\",\"url\":\"https:\/\/www.estrategiaconcursos.com.br\/blog\/\",\"name\":\"Estrat\u00e9gia Concursos\",\"description\":\"O blog da Estrat\u00e9gia Concursos traz not\u00edcias sobre concursos e artigos de professores oferecendo cursos para concursos (pdf + videaulas) no site.\",\"publisher\":{\"@id\":\"https:\/\/www.estrategiaconcursos.com.br\/blog\/#organization\"},\"potentialAction\":[{\"@type\":\"SearchAction\",\"target\":{\"@type\":\"EntryPoint\",\"urlTemplate\":\"https:\/\/www.estrategiaconcursos.com.br\/blog\/?s={search_term_string}\"},\"query-input\":{\"@type\":\"PropertyValueSpecification\",\"valueRequired\":true,\"valueName\":\"search_term_string\"}}],\"inLanguage\":\"pt-BR\"},{\"@type\":\"Organization\",\"@id\":\"https:\/\/www.estrategiaconcursos.com.br\/blog\/#organization\",\"name\":\"Estrat\u00e9gia Concursos\",\"url\":\"https:\/\/www.estrategiaconcursos.com.br\/blog\/\",\"logo\":{\"@type\":\"ImageObject\",\"inLanguage\":\"pt-BR\",\"@id\":\"https:\/\/www.estrategiaconcursos.com.br\/blog\/#\/schema\/logo\/image\/\",\"url\":\"https:\/\/dhg1h5j42swfq.cloudfront.net\/2025\/06\/03203428\/logo_concursos-1.jpg\",\"contentUrl\":\"https:\/\/dhg1h5j42swfq.cloudfront.net\/2025\/06\/03203428\/logo_concursos-1.jpg\",\"width\":230,\"height\":60,\"caption\":\"Estrat\u00e9gia Concursos\"},\"image\":{\"@id\":\"https:\/\/www.estrategiaconcursos.com.br\/blog\/#\/schema\/logo\/image\/\"},\"sameAs\":[\"https:\/\/x.com\/EstratConcursos\"]},{\"@type\":\"Person\",\"@id\":\"https:\/\/www.estrategiaconcursos.com.br\/blog\/#\/schema\/person\/9fac14a8bf47492d9fd98769d1481766\",\"name\":\"Rubens Mauricio Corr\u00eaa\",\"image\":{\"@type\":\"ImageObject\",\"inLanguage\":\"pt-BR\",\"@id\":\"https:\/\/secure.gravatar.com\/avatar\/83a4c19cfd065707044bf9b66e1b81736430186d86e560356b352823fac7df9c?s=96&d=mm&r=g\",\"url\":\"https:\/\/secure.gravatar.com\/avatar\/83a4c19cfd065707044bf9b66e1b81736430186d86e560356b352823fac7df9c?s=96&d=mm&r=g\",\"contentUrl\":\"https:\/\/secure.gravatar.com\/avatar\/83a4c19cfd065707044bf9b66e1b81736430186d86e560356b352823fac7df9c?s=96&d=mm&r=g\",\"caption\":\"Rubens Mauricio Corr\u00eaa\"},\"url\":\"https:\/\/www.estrategiaconcursos.com.br\/blog\/author\/rubensmauricioestrategiaconcursos-com-br\/\"}]}<\/script>\n<!-- \/ Yoast SEO Premium plugin. -->","yoast_head_json":{"title":"Militares no INSS? E agora, concurseiro?","robots":{"index":"index","follow":"follow","max-snippet":"max-snippet:-1","max-image-preview":"max-image-preview:large","max-video-preview":"max-video-preview:-1"},"canonical":"https:\/\/www.estrategiaconcursos.com.br\/blog\/militares-no-inss-e-agora-concurseiro\/","og_locale":"pt_BR","og_type":"article","og_title":"Militares no INSS? E agora, concurseiro?","og_description":"No \u00faltimo dia 13 de janeiro, em coletiva de impressa convocada pelo Minist\u00e9rio da Economia, foram anunciadas medidas para redu\u00e7\u00e3o da fila de processos represados no INSS. Entre os an\u00fancios, o que mais gerou repercuss\u00e3o no mundo dos concursos, certamente, foi o da contrata\u00e7\u00e3o tempor\u00e1ria de 7 mil militares da reserva pelo INSS para refor\u00e7o [&hellip;]","og_url":"https:\/\/www.estrategiaconcursos.com.br\/blog\/militares-no-inss-e-agora-concurseiro\/","og_site_name":"Estrat\u00e9gia Concursos","article_published_time":"2020-01-23T15:36:39+00:00","article_modified_time":"2020-07-31T15:41:04+00:00","og_image":[{"width":1200,"height":627,"url":"https:\/\/dhg1h5j42swfq.cloudfront.net\/2019\/02\/09084953\/Capturar.jpg","type":"image\/jpeg"}],"author":"Rubens Mauricio Corr\u00eaa","twitter_card":"summary_large_image","twitter_creator":"@EstratConcursos","twitter_site":"@EstratConcursos","twitter_misc":{"Escrito por":"Rubens Mauricio Corr\u00eaa","Est. tempo de leitura":"7 minutos"},"schema":{"@context":"https:\/\/schema.org","@graph":[{"@type":"NewsArticle","@id":"https:\/\/www.estrategiaconcursos.com.br\/blog\/militares-no-inss-e-agora-concurseiro\/#article","isPartOf":{"@id":"https:\/\/www.estrategiaconcursos.com.br\/blog\/militares-no-inss-e-agora-concurseiro\/"},"author":{"name":"Rubens Mauricio Corr\u00eaa","@id":"https:\/\/www.estrategiaconcursos.com.br\/blog\/#\/schema\/person\/9fac14a8bf47492d9fd98769d1481766"},"headline":"Militares no INSS? E agora, concurseiro?","datePublished":"2020-01-23T15:36:39+00:00","dateModified":"2020-07-31T15:41:04+00:00","mainEntityOfPage":{"@id":"https:\/\/www.estrategiaconcursos.com.br\/blog\/militares-no-inss-e-agora-concurseiro\/"},"wordCount":1326,"commentCount":0,"publisher":{"@id":"https:\/\/www.estrategiaconcursos.com.br\/blog\/#organization"},"image":{"@id":"https:\/\/www.estrategiaconcursos.com.br\/blog\/militares-no-inss-e-agora-concurseiro\/#primaryimage"},"thumbnailUrl":"https:\/\/dhg1h5j42swfq.cloudfront.net\/2019\/02\/09084953\/Capturar.jpg","articleSection":["Concursos P\u00fablicos"],"inLanguage":"pt-BR","potentialAction":[{"@type":"CommentAction","name":"Comment","target":["https:\/\/www.estrategiaconcursos.com.br\/blog\/militares-no-inss-e-agora-concurseiro\/#respond"]}],"copyrightYear":"2020","copyrightHolder":{"@id":"https:\/\/www.estrategiaconcursos.com.br\/blog\/#organization"}},{"@type":"WebPage","@id":"https:\/\/www.estrategiaconcursos.com.br\/blog\/militares-no-inss-e-agora-concurseiro\/","url":"https:\/\/www.estrategiaconcursos.com.br\/blog\/militares-no-inss-e-agora-concurseiro\/","name":"Militares no INSS? E agora, concurseiro?","isPartOf":{"@id":"https:\/\/www.estrategiaconcursos.com.br\/blog\/#website"},"primaryImageOfPage":{"@id":"https:\/\/www.estrategiaconcursos.com.br\/blog\/militares-no-inss-e-agora-concurseiro\/#primaryimage"},"image":{"@id":"https:\/\/www.estrategiaconcursos.com.br\/blog\/militares-no-inss-e-agora-concurseiro\/#primaryimage"},"thumbnailUrl":"https:\/\/dhg1h5j42swfq.cloudfront.net\/2019\/02\/09084953\/Capturar.jpg","datePublished":"2020-01-23T15:36:39+00:00","dateModified":"2020-07-31T15:41:04+00:00","breadcrumb":{"@id":"https:\/\/www.estrategiaconcursos.com.br\/blog\/militares-no-inss-e-agora-concurseiro\/#breadcrumb"},"inLanguage":"pt-BR","potentialAction":[{"@type":"ReadAction","target":["https:\/\/www.estrategiaconcursos.com.br\/blog\/militares-no-inss-e-agora-concurseiro\/"]}]},{"@type":"ImageObject","inLanguage":"pt-BR","@id":"https:\/\/www.estrategiaconcursos.com.br\/blog\/militares-no-inss-e-agora-concurseiro\/#primaryimage","url":"https:\/\/dhg1h5j42swfq.cloudfront.net\/2019\/02\/09084953\/Capturar.jpg","contentUrl":"https:\/\/dhg1h5j42swfq.cloudfront.net\/2019\/02\/09084953\/Capturar.jpg","width":1200,"height":627,"caption":"INSS Passo Estrat\u00e9gico"},{"@type":"BreadcrumbList","@id":"https:\/\/www.estrategiaconcursos.com.br\/blog\/militares-no-inss-e-agora-concurseiro\/#breadcrumb","itemListElement":[{"@type":"ListItem","position":1,"name":"In\u00edcio","item":"https:\/\/www.estrategiaconcursos.com.br\/blog\/"},{"@type":"ListItem","position":2,"name":"Militares no INSS? E agora, concurseiro?"}]},{"@type":"WebSite","@id":"https:\/\/www.estrategiaconcursos.com.br\/blog\/#website","url":"https:\/\/www.estrategiaconcursos.com.br\/blog\/","name":"Estrat\u00e9gia Concursos","description":"O blog da Estrat\u00e9gia Concursos traz not\u00edcias sobre concursos e artigos de professores oferecendo cursos para concursos (pdf + videaulas) no site.","publisher":{"@id":"https:\/\/www.estrategiaconcursos.com.br\/blog\/#organization"},"potentialAction":[{"@type":"SearchAction","target":{"@type":"EntryPoint","urlTemplate":"https:\/\/www.estrategiaconcursos.com.br\/blog\/?s={search_term_string}"},"query-input":{"@type":"PropertyValueSpecification","valueRequired":true,"valueName":"search_term_string"}}],"inLanguage":"pt-BR"},{"@type":"Organization","@id":"https:\/\/www.estrategiaconcursos.com.br\/blog\/#organization","name":"Estrat\u00e9gia Concursos","url":"https:\/\/www.estrategiaconcursos.com.br\/blog\/","logo":{"@type":"ImageObject","inLanguage":"pt-BR","@id":"https:\/\/www.estrategiaconcursos.com.br\/blog\/#\/schema\/logo\/image\/","url":"https:\/\/dhg1h5j42swfq.cloudfront.net\/2025\/06\/03203428\/logo_concursos-1.jpg","contentUrl":"https:\/\/dhg1h5j42swfq.cloudfront.net\/2025\/06\/03203428\/logo_concursos-1.jpg","width":230,"height":60,"caption":"Estrat\u00e9gia Concursos"},"image":{"@id":"https:\/\/www.estrategiaconcursos.com.br\/blog\/#\/schema\/logo\/image\/"},"sameAs":["https:\/\/x.com\/EstratConcursos"]},{"@type":"Person","@id":"https:\/\/www.estrategiaconcursos.com.br\/blog\/#\/schema\/person\/9fac14a8bf47492d9fd98769d1481766","name":"Rubens Mauricio Corr\u00eaa","image":{"@type":"ImageObject","inLanguage":"pt-BR","@id":"https:\/\/secure.gravatar.com\/avatar\/83a4c19cfd065707044bf9b66e1b81736430186d86e560356b352823fac7df9c?s=96&d=mm&r=g","url":"https:\/\/secure.gravatar.com\/avatar\/83a4c19cfd065707044bf9b66e1b81736430186d86e560356b352823fac7df9c?s=96&d=mm&r=g","contentUrl":"https:\/\/secure.gravatar.com\/avatar\/83a4c19cfd065707044bf9b66e1b81736430186d86e560356b352823fac7df9c?s=96&d=mm&r=g","caption":"Rubens Mauricio Corr\u00eaa"},"url":"https:\/\/www.estrategiaconcursos.com.br\/blog\/author\/rubensmauricioestrategiaconcursos-com-br\/"}]}},"_links":{"self":[{"href":"https:\/\/www.estrategiaconcursos.com.br\/blog\/wp-json\/wp\/v2\/posts\/473372","targetHints":{"allow":["GET"]}}],"collection":[{"href":"https:\/\/www.estrategiaconcursos.com.br\/blog\/wp-json\/wp\/v2\/posts"}],"about":[{"href":"https:\/\/www.estrategiaconcursos.com.br\/blog\/wp-json\/wp\/v2\/types\/post"}],"author":[{"embeddable":true,"href":"https:\/\/www.estrategiaconcursos.com.br\/blog\/wp-json\/wp\/v2\/users\/401"}],"replies":[{"embeddable":true,"href":"https:\/\/www.estrategiaconcursos.com.br\/blog\/wp-json\/wp\/v2\/comments?post=473372"}],"version-history":[{"count":8,"href":"https:\/\/www.estrategiaconcursos.com.br\/blog\/wp-json\/wp\/v2\/posts\/473372\/revisions"}],"predecessor-version":[{"id":549733,"href":"https:\/\/www.estrategiaconcursos.com.br\/blog\/wp-json\/wp\/v2\/posts\/473372\/revisions\/549733"}],"wp:featuredmedia":[{"embeddable":true,"href":"https:\/\/www.estrategiaconcursos.com.br\/blog\/wp-json\/wp\/v2\/media\/165209"}],"wp:attachment":[{"href":"https:\/\/www.estrategiaconcursos.com.br\/blog\/wp-json\/wp\/v2\/media?parent=473372"}],"wp:term":[{"taxonomy":"category","embeddable":true,"href":"https:\/\/www.estrategiaconcursos.com.br\/blog\/wp-json\/wp\/v2\/categories?post=473372"},{"taxonomy":"post_tag","embeddable":true,"href":"https:\/\/www.estrategiaconcursos.com.br\/blog\/wp-json\/wp\/v2\/tags?post=473372"},{"taxonomy":"tax_estado","embeddable":true,"href":"https:\/\/www.estrategiaconcursos.com.br\/blog\/wp-json\/wp\/v2\/tax_estado?post=473372"}],"curies":[{"name":"wp","href":"https:\/\/api.w.org\/{rel}","templated":true}]}}