{"id":473245,"date":"2021-11-02T19:38:00","date_gmt":"2021-11-02T22:38:00","guid":{"rendered":"https:\/\/www.estrategiaconcursos.com.br\/blog\/?p=473245"},"modified":"2021-11-23T17:45:39","modified_gmt":"2021-11-23T20:45:39","slug":"concurso-camara-de-salgueiro-pe","status":"publish","type":"post","link":"https:\/\/www.estrategiaconcursos.com.br\/blog\/concurso-camara-de-salgueiro-pe\/","title":{"rendered":"Concurso C\u00e2mara de Salgueiro PE: confira a lista de nomea\u00e7\u00e3o!"},"content":{"rendered":"\n<p>Ap\u00f3s a divulga\u00e7\u00e3o do termo de <a href=\"https:\/\/dhg1h5j42swfq.cloudfront.net\/2021\/11\/22191906\/homologacao-salgueiro-pe.pdf\" target=\"_blank\" rel=\"noreferrer noopener nofollow\">homologa\u00e7\u00e3o<\/a> do <strong>concurso C\u00e2mara de Salgueiro PE<\/strong>, foi divulgada a nomea\u00e7\u00e3o e convoca\u00e7\u00e3o dos candidatos aprovados na sele\u00e7\u00e3o. Confira no link abaixo:<\/p>\n\n\n\n<p class=\"has-text-align-center has-black-color has-text-color has-background has-normal-font-size\" style=\"background-color:#dab54d\"><a href=\"https:\/\/dhg1h5j42swfq.cloudfront.net\/2021\/11\/22191914\/nomeacao-e-convocacao-sangueiro-pe.pdf\" target=\"_blank\" rel=\"noreferrer noopener nofollow\"><strong>Nomea\u00e7\u00e3o e convoca\u00e7\u00e3o<\/strong><\/a><\/p>\n\n\n\n<p>A validade do concurso ser\u00e1 de dois anos, prorrog\u00e1vel uma vez por igual per\u00edodo, seguindo vigente at\u00e9 dezembro de 2022. Lembrando que o certame ofertou&nbsp;<strong>18 vagas<\/strong> para cargos de<em> <\/em>diversos n\u00edveis de forma\u00e7\u00e3o.<\/p>\n\n\n\n<ul class=\"has-background wp-block-list\" style=\"background:linear-gradient(135deg,rgb(252,240,207) 0%,rgb(218,181,77) 100%)\"><li><strong style=\"color: initial;\">Situa\u00e7\u00e3o<\/strong><span style=\"color: initial;\">: Homologado e v\u00e1lido at\u00e9 12\/2022<\/span><\/li><li><strong>Banca<\/strong>: <a href=\"https:\/\/www.consulpam.com.br\/index.php?menu=concursos&amp;acao=ver&amp;id=240\" target=\"_blank\" rel=\"noreferrer noopener\">Consulpam<\/a><\/li><li><strong>Vagas<\/strong>: 18<\/li><li><strong>Sal\u00e1rio<\/strong>: R$ 998,00 a R$ 2.600,00<\/li><li><strong>Edital:<\/strong> <a href=\"https:\/\/dhg1h5j42swfq.cloudfront.net\/2020\/02\/20133804\/edital-retificado-Salgueiro.pdf\" target=\"_blank\" rel=\"noreferrer noopener nofollow\">C\u00e2mara Salgueiro PE &#8211; 2020<\/a><\/li><\/ul>\n\n\n\n<p>Aqui, coruja, voc\u00ea encontra tudo o que precisa saber sobre as novidades do concurso C\u00e2mara de Salgueiro PE. Nosso objetivo \u00e9 te deixar 100% atualizado! Acompanhe pelos t\u00f3picos a seguir:     <\/p>\n\n\n\n<ul class=\"wp-block-list\"><li><a href=\"#infos\">Principais informa\u00e7\u00f5es<\/a><ul><li><a href=\"#nomeacoes\">Concurso homologado\/nomea\u00e7\u00f5es<\/a><\/li><\/ul><\/li><li><a href=\"#cargo\">Cargos, vagas e remunera\u00e7\u00f5es<\/a><\/li><li><a href=\"#etapa\">Etapas de provas<\/a><\/li><li><a href=\"#cursos\">Cursos e Assinaturas<\/a><\/li><li><a href=\"#ficha\">Ficha t\u00e9cnica<\/a><\/li><\/ul>\n\n\n\n<h2 class=\"has-background wp-block-heading\" id=\"edital-2021\" style=\"background-color:#dab54d\">Concurso C\u00e2mara de Salgueiro PE: edital 2020<\/h2>\n\n\n\n<h3 class=\"wp-block-heading\" id=\"nomeacoes\">Concurso homologado\/nomea\u00e7\u00f5es<\/h3>\n\n\n\n<p>Foi divulgado o termo de <a href=\"https:\/\/dhg1h5j42swfq.cloudfront.net\/2021\/11\/22191906\/homologacao-salgueiro-pe.pdf\" target=\"_blank\" rel=\"noreferrer noopener\">homologa\u00e7\u00e3o<\/a> do concurso C\u00e2mara de Salgueiro PE, munic\u00edpio de Pernambuco, que ofertou 18 vagas entre diversos n\u00edveis de forma\u00e7\u00e3o.<\/p>\n\n\n\n<p>Agora, a sele\u00e7\u00e3o ficar\u00e1 v\u00e1lida por dois anos, ou seja, at\u00e9 dezembro de 2022 e poder\u00e1 ser prorrogado uma \u00fanica vez pelo mesmo per\u00edodo.<\/p>\n\n\n\n<p>Al\u00e9m disso, est\u00e1 dispon\u00edvel o edital de nomea\u00e7\u00e3o e convoca\u00e7\u00e3o dos aprovados na sele\u00e7\u00e3o. Confira <a href=\"https:\/\/dhg1h5j42swfq.cloudfront.net\/2021\/11\/22191914\/nomeacao-e-convocacao-sangueiro-pe.pdf\" target=\"_blank\" rel=\"noreferrer noopener nofollow\">AQUI<\/a>!<\/p>\n\n\n\n<h3 class=\"wp-block-heading\" id=\"cargo\">Cargos, vagas e remunera\u00e7\u00f5es do concurso C\u00e2mara de Salgueiro PE <\/h3>\n\n\n\n<p>O concurso ofertou 18 vagas para diversos cargos. O cargo com mais vagas foi o de <strong>Agente Administrativo<\/strong>, com seis oportunidades. Para concorrer a uma vaga, era necess\u00e1rio possuir ensino m\u00e9dio completo.<\/p>\n\n\n\n<h3 class=\"wp-block-heading\">N\u00edvel Fundamental Incompleto<\/h3>\n\n\n\n<figure class=\"wp-block-table is-style-stripes\"><table class=\"has-background has-fixed-layout\" style=\"background-color:#dab54d\"><thead><tr><th class=\"has-text-align-center\" data-align=\"center\">Cargo<\/th><th class=\"has-text-align-center\" data-align=\"center\">Vagas<\/th><th class=\"has-text-align-center\" data-align=\"center\">SAL\u00c1RIO<\/th><\/tr><\/thead><tbody><tr><td class=\"has-text-align-center\" data-align=\"center\">Auxiliar de Servi\u00e7os Gerais<\/td><td class=\"has-text-align-center\" data-align=\"center\">04<\/td><td class=\"has-text-align-center\" data-align=\"center\">R$ 998,00<\/td><\/tr><\/tbody><\/table><\/figure>\n\n\n\n<h3 class=\"wp-block-heading\">N\u00edvel M\u00e9dio<\/h3>\n\n\n\n<figure class=\"wp-block-table is-style-stripes\"><table class=\"has-background has-fixed-layout\" style=\"background-color:#dab54d\"><thead><tr><th class=\"has-text-align-center\" data-align=\"center\">Cargo<\/th><th class=\"has-text-align-center\" data-align=\"center\">Vagas<\/th><th class=\"has-text-align-center\" data-align=\"center\">SAL\u00c1RIO<\/th><\/tr><\/thead><tbody><tr><td class=\"has-text-align-center\" data-align=\"center\">Agente Administrativo<\/td><td class=\"has-text-align-center\" data-align=\"center\">06<\/td><td class=\"has-text-align-center\" data-align=\"center\">R$ 1.713,35<\/td><\/tr><tr><td class=\"has-text-align-center\" data-align=\"center\">Assistente da Ouvidoria<\/td><td class=\"has-text-align-center\" data-align=\"center\">01<\/td><td class=\"has-text-align-center\" data-align=\"center\">R$ 1.043,91<\/td><\/tr><tr><td class=\"has-text-align-center\" data-align=\"center\">Recepcionista<\/td><td class=\"has-text-align-center\" data-align=\"center\">01<\/td><td class=\"has-text-align-center\" data-align=\"center\">R$ 1.356,66<\/td><\/tr><tr><td class=\"has-text-align-center\" data-align=\"center\">T\u00e9cnico em Inform\u00e1tica<\/td><td class=\"has-text-align-center\" data-align=\"center\">04<\/td><td class=\"has-text-align-center\" data-align=\"center\">R$ 1.356,66<\/td><\/tr><\/tbody><\/table><\/figure>\n\n\n\n<h3 class=\"wp-block-heading\">N\u00edvel Superior<\/h3>\n\n\n\n<figure class=\"wp-block-table is-style-stripes\"><table class=\"has-background has-fixed-layout\" style=\"background-color:#dab54d\"><thead><tr><th class=\"has-text-align-center\" data-align=\"center\">Cargo<\/th><th class=\"has-text-align-center\" data-align=\"center\">Vagas<\/th><th class=\"has-text-align-center\" data-align=\"center\">SAL\u00c1RIO<\/th><\/tr><\/thead><tbody><tr><td class=\"has-text-align-center\" data-align=\"center\">Contador<\/td><td class=\"has-text-align-center\" data-align=\"center\">01<\/td><td class=\"has-text-align-center\" data-align=\"center\">R$ 2.600,00<\/td><\/tr><tr><td class=\"has-text-align-center\" data-align=\"center\">Procurador Legislativo<\/td><td class=\"has-text-align-center\" data-align=\"center\">01<\/td><td class=\"has-text-align-center\" data-align=\"center\">R$ 2.600,00<\/td><\/tr><\/tbody><\/table><\/figure>\n\n\n\n<h3 class=\"wp-block-heading\" id=\"etapa\">Etapas de Provas do concurso C\u00e2mara de Salgueiro PE  <\/h3>\n\n\n\n<p>O concurso C\u00e2mara de Salgueiro PE foi constitu\u00eddo pelas seguintes fases: <\/p>\n\n\n\n<ul class=\"wp-block-list\"><li><em><strong>Prova objetiva<\/strong>, de car\u00e1ter eliminat\u00f3rio e classificat\u00f3rio para todos os cargos.<\/em><\/li><li><strong><em>Prova Dissertativa<\/em><\/strong>, <em>de car\u00e1ter eliminat\u00f3rio e classificat\u00f3rio<\/em><\/li><li><em><strong>Prova de T\u00edtulos<\/strong>, de car\u00e1ter classificat\u00f3rio. <\/em><\/li><\/ul>\n\n\n\n<h3 class=\"wp-block-heading\">Prova Objetiva<\/h3>\n\n\n\n<p>A prova objetiva e dissertativa foram realizadas na cidade de Salgueiro (PE). A dura\u00e7\u00e3o das provas foi de 4 horas, com exce\u00e7\u00e3o para os candidatos com defici\u00eancia que houverem solicitado tempo adicional, com in\u00edcio e t\u00e9rmino a serem divulgados.  <\/p>\n\n\n\n<p>Foi considerado aprovado o candidato que obtive total de pontos igual ou superior a 50%  em cada prova objetiva (Conhecimentos gerais e Conhecimentos espec\u00edficos). Confira abaixo as disciplinas cobradas no certame:<\/p>\n\n\n\n<p class=\"has-normal-font-size\"><strong>Todos os cargos (exceto Procurador)<\/strong><\/p>\n\n\n\n<div class=\"wp-block-image\"><figure class=\"aligncenter size-large\"><img loading=\"lazy\" decoding=\"async\" width=\"661\" height=\"249\" src=\"https:\/\/dhg1h5j42swfq.cloudfront.net\/2020\/01\/23103351\/image-168.png\" alt=\"Provas do concurso C\u00e2mara de Salgueiro PE\" class=\"wp-image-473299\" srcset=\"https:\/\/dhg1h5j42swfq.cloudfront.net\/2020\/01\/23103351\/image-168.png 661w, https:\/\/dhg1h5j42swfq.cloudfront.net\/2020\/01\/23103351\/image-168-300x113.png 300w, https:\/\/dhg1h5j42swfq.cloudfront.net\/2020\/01\/23103351\/image-168-610x230.png 610w\" sizes=\"auto, (max-width: 661px) 100vw, 661px\" \/><figcaption>Provas do concurso <\/figcaption><\/figure><\/div>\n\n\n\n<p class=\"has-normal-font-size\"><strong>Procurador<\/strong><\/p>\n\n\n\n<div class=\"wp-block-image\"><figure class=\"aligncenter size-large\"><img loading=\"lazy\" decoding=\"async\" width=\"661\" height=\"245\" src=\"https:\/\/dhg1h5j42swfq.cloudfront.net\/2020\/01\/23103440\/image-169.png\" alt=\"Provas do concurso C\u00e2mara de Salgueiro PE\" class=\"wp-image-473300\" srcset=\"https:\/\/dhg1h5j42swfq.cloudfront.net\/2020\/01\/23103440\/image-169.png 661w, https:\/\/dhg1h5j42swfq.cloudfront.net\/2020\/01\/23103440\/image-169-300x111.png 300w, https:\/\/dhg1h5j42swfq.cloudfront.net\/2020\/01\/23103440\/image-169-610x226.png 610w\" sizes=\"auto, (max-width: 661px) 100vw, 661px\" \/><figcaption>Provas do concurso para Procurador<\/figcaption><\/figure><\/div>\n\n\n\n<h3 class=\"wp-block-heading\">Prova Dissertativa<\/h3>\n\n\n\n<p>A Prova dissertativa deveria conter o m\u00ednimo de 10 e o m\u00e1ximo de 30 linhas em cada quest\u00e3o e ocorreu em conjunto com as provas objetivas.  <\/p>\n\n\n\n<p>Foi considerado eliminado o candidato que n\u00e3o obteve o m\u00ednimo de 60% do total dos pontos distribu\u00eddos na Prova dissertativa. Confira como foi avaliada a prova:<\/p>\n\n\n\n<div class=\"wp-block-image\"><figure class=\"aligncenter size-large\"><img loading=\"lazy\" decoding=\"async\" width=\"613\" height=\"402\" src=\"https:\/\/dhg1h5j42swfq.cloudfront.net\/2020\/01\/23103955\/image-170.png\" alt=\"Provas do concurso\" class=\"wp-image-473310\" srcset=\"https:\/\/dhg1h5j42swfq.cloudfront.net\/2020\/01\/23103955\/image-170.png 613w, https:\/\/dhg1h5j42swfq.cloudfront.net\/2020\/01\/23103955\/image-170-300x197.png 300w, https:\/\/dhg1h5j42swfq.cloudfront.net\/2020\/01\/23103955\/image-170-610x400.png 610w\" sizes=\"auto, (max-width: 613px) 100vw, 613px\" \/><figcaption>Prova dissertativa do concurso <\/figcaption><\/figure><\/div>\n\n\n\n<h3 class=\"wp-block-heading\">Prova de T\u00edtulos<\/h3>\n\n\n\n<p>A segunda etapa foi constitu\u00edda de prova de t\u00edtulos de forma\u00e7\u00e3o acad\u00eamica, de car\u00e1ter classificat\u00f3rio, e concorreu os candidatos aos cargos de n\u00edvel superior, desde que aprovados nas etapas anteriores.  <\/p>\n\n\n\n<p>Confira abaixo a tabela da prova de t\u00edtulos:<\/p>\n\n\n\n<div class=\"wp-block-image\"><figure class=\"aligncenter size-large\"><img loading=\"lazy\" decoding=\"async\" width=\"603\" height=\"404\" src=\"https:\/\/dhg1h5j42swfq.cloudfront.net\/2020\/01\/23104511\/image-172.png\" alt=\"\" class=\"wp-image-473317\" srcset=\"https:\/\/dhg1h5j42swfq.cloudfront.net\/2020\/01\/23104511\/image-172.png 603w, https:\/\/dhg1h5j42swfq.cloudfront.net\/2020\/01\/23104511\/image-172-300x201.png 300w\" sizes=\"auto, (max-width: 603px) 100vw, 603px\" \/><\/figure><\/div>\n\n\n\n<h2 class=\"has-text-align-center wp-block-heading\" id=\"h-quer-saber-tudo-sobre-concursos-previstos-confira-nossos-artigos\">Quer saber tudo sobre concursos previstos?<br \/>Confira nossos artigos!<\/h2>\n\n\n\n<ul class=\"wp-block-list\"><li><a href=\"https:\/\/www.estrategiaconcursos.com.br\/blog\/concursos-abertos\/\" target=\"_blank\" rel=\"noreferrer noopener\">Concursos abertos<\/a><\/li><li><a href=\"https:\/\/www.estrategiaconcursos.com.br\/blog\/concursos-2021\/\" target=\"_blank\" rel=\"noreferrer noopener\">Concursos 2021<\/a><\/li><li><a href=\"https:\/\/www.estrategiaconcursos.com.br\/blog\/concursos-2022\/\" target=\"_blank\" rel=\"noreferrer noopener\">Concursos 2022<\/a><\/li><\/ul>\n\n\n\n<h2 class=\"has-text-align-center wp-block-heading\" id=\"cursos\">Quer estudar para Concurso C\u00e2mara de Salgueiro PE?<\/h2>\n\n\n\n<div class=\"container\" id=\"boxes\">\n  <div class=\"row\">\n\n    <div class=\"col-sm\">\n      <div class=\"banner-legislativo\" id=\"box-assinatura\">\n        <h3 class=\"titulo-assinatura\">Concurso C\u00e2mara de Salgueiro PE<\/h3>\n        <p class=\"subtitulo-assinatura\">Conhe\u00e7a nossos cursos<\/p>\n        <div class=\"box-botao\">\n          <a class=\"btn-assinatura\" target=\"_blank\" rel=\"noopener\">Conhe\u00e7a mais<\/a>\n        <\/div>\n      <\/div>\n     \n    <\/div>\n\n  <\/div>\n<\/div>\n\n\n\n<div class=\"container\" id=\"boxes\">\n  <div class=\"row\">\n\n    <div class=\"col-sm\">\n      <div class=\"estrategia\" id=\"box-assinatura\">\n        <h3 class=\"titulo-assinatura\">Assinatura de Concursos<\/h3>\n        <p class=\"subtitulo-assinatura\">Assinatura de 1 ano ou 2 anos<\/p>\n        <div class=\"box-botao\">\n          <a class=\"btn-assinatura\" target=\"_blank\" href=\"https:\/\/www.estrategiaconcursos.com.br\/assinaturas\/\" role=\"button\" rel=\"noopener noreferrer\">ASSINE AGORA<\/a>\n        <\/div>\n      <\/div>\n     \n    <\/div><\/div><\/div>\n\n\n\n<figure class=\"wp-block-image size-full is-resized\"><img loading=\"lazy\" decoding=\"async\" src=\"https:\/\/dhg1h5j42swfq.cloudfront.net\/2021\/05\/20215428\/ficha-tecnica-1-1024x632-1-15.png\" alt=\"Informa\u00e7\u00f5es do\u00a0Concurso C\u00e2mara de Salgueiro PE \" class=\"wp-image-746613\" width=\"276\" height=\"170\" srcset=\"https:\/\/dhg1h5j42swfq.cloudfront.net\/2021\/05\/20215428\/ficha-tecnica-1-1024x632-1-15.png 1024w, https:\/\/dhg1h5j42swfq.cloudfront.net\/2021\/05\/20215428\/ficha-tecnica-1-1024x632-1-15-300x185.png 300w, https:\/\/dhg1h5j42swfq.cloudfront.net\/2021\/05\/20215428\/ficha-tecnica-1-1024x632-1-15-768x474.png 768w, https:\/\/dhg1h5j42swfq.cloudfront.net\/2021\/05\/20215428\/ficha-tecnica-1-1024x632-1-15-610x376.png 610w\" sizes=\"auto, (max-width: 276px) 100vw, 276px\" \/><\/figure>\n\n\n\n<h3 class=\"wp-block-heading\" id=\"ficha\">Informa\u00e7\u00f5es do\u00a0Concurso C\u00e2mara de Salgueiro PE <\/h3>\n\n\n\n<p>\u25ba<strong>Data<\/strong>: 2020<strong><br \/>\u25baVagas:\u00a0<\/strong>18 <strong><br \/>\u25baBanca:\u00a0<\/strong>Instituto Consulpam <br \/><strong>\u25baEscolaridade:<\/strong>\u00a0todos os n\u00edveis <br \/><strong>\u25baEdital 2020:\u00a0<\/strong><a href=\"https:\/\/dhg1h5j42swfq.cloudfront.net\/2020\/02\/20133804\/edital-retificado-Salgueiro.pdf\" target=\"_blank\" rel=\"noreferrer noopener nofollow\">C\u00e2mara de Salgueiro PE<\/a><\/p>\n","protected":false},"excerpt":{"rendered":"<p>Ap\u00f3s a divulga\u00e7\u00e3o do termo de homologa\u00e7\u00e3o do concurso C\u00e2mara de Salgueiro PE, foi divulgada a nomea\u00e7\u00e3o e convoca\u00e7\u00e3o dos candidatos aprovados na sele\u00e7\u00e3o. Confira no link abaixo: Nomea\u00e7\u00e3o e convoca\u00e7\u00e3o A validade do concurso ser\u00e1 de dois anos, prorrog\u00e1vel uma vez por igual per\u00edodo, seguindo vigente at\u00e9 dezembro de 2022. Lembrando que o certame [&hellip;]<\/p>\n","protected":false},"author":1,"featured_media":518380,"comment_status":"open","ping_status":"closed","sticky":false,"template":"","format":"standard","meta":{"post_tipo":"news_page","footnotes":""},"categories":[2017],"tags":[],"tax_estado":[219979],"class_list":["post-473245","post","type-post","status-publish","format-standard","has-post-thumbnail","hentry","category-concursos-legislativos","tax_estado-pe"],"acf":[],"yoast_head":"<!-- This site is optimized with the Yoast SEO Premium plugin v27.2 (Yoast SEO v27.2) - https:\/\/yoast.com\/product\/yoast-seo-premium-wordpress\/ -->\n<title>Concurso C\u00e2mara de Salgueiro PE: confira a lista de nomea\u00e7\u00e3o!<\/title>\n<meta name=\"description\" content=\"O concurso C\u00e2mara de Salgueiro PE, ap\u00f3s a homologa\u00e7\u00e3o da sele\u00e7\u00e3o, divulga a nomea\u00e7\u00e3o e convoca\u00e7\u00e3o dos aprovados! Confira aqui!\" \/>\n<meta name=\"robots\" content=\"index, follow, max-snippet:-1, max-image-preview:large, max-video-preview:-1\" \/>\n<link rel=\"canonical\" href=\"https:\/\/www.estrategiaconcursos.com.br\/blog\/concurso-camara-de-salgueiro-pe\/\" \/>\n<meta property=\"og:locale\" content=\"pt_BR\" \/>\n<meta property=\"og:type\" content=\"article\" \/>\n<meta property=\"og:title\" content=\"Concurso C\u00e2mara de Salgueiro PE: confira a lista de nomea\u00e7\u00e3o!\" \/>\n<meta property=\"og:description\" content=\"O concurso C\u00e2mara de Salgueiro PE, ap\u00f3s a homologa\u00e7\u00e3o da sele\u00e7\u00e3o, divulga a nomea\u00e7\u00e3o e convoca\u00e7\u00e3o dos aprovados! Confira aqui!\" \/>\n<meta property=\"og:url\" content=\"https:\/\/www.estrategiaconcursos.com.br\/blog\/concurso-camara-de-salgueiro-pe\/\" \/>\n<meta property=\"og:site_name\" content=\"Estrat\u00e9gia Concursos\" \/>\n<meta property=\"article:author\" content=\"https:\/\/www.facebook.com\/EstrategiaConcursos\" \/>\n<meta property=\"article:published_time\" content=\"2021-11-02T22:38:00+00:00\" \/>\n<meta property=\"article:modified_time\" content=\"2021-11-23T20:45:39+00:00\" \/>\n<meta property=\"og:image\" content=\"https:\/\/dhg1h5j42swfq.cloudfront.net\/2020\/05\/23091032\/JORNALISMO_SALGUEIRO.jpg\" \/>\n\t<meta property=\"og:image:width\" content=\"1200\" \/>\n\t<meta property=\"og:image:height\" content=\"628\" \/>\n\t<meta property=\"og:image:type\" content=\"image\/jpeg\" \/>\n<meta name=\"author\" content=\"Coordena\u00e7\u00e3o\" \/>\n<meta name=\"twitter:card\" content=\"summary_large_image\" \/>\n<meta name=\"twitter:creator\" content=\"@EstratConcursos\" \/>\n<meta name=\"twitter:site\" content=\"@EstratConcursos\" \/>\n<meta name=\"twitter:label1\" content=\"Escrito por\" \/>\n\t<meta name=\"twitter:data1\" content=\"Coordena\u00e7\u00e3o\" \/>\n\t<meta name=\"twitter:label2\" content=\"Est. tempo de leitura\" \/>\n\t<meta name=\"twitter:data2\" content=\"4 minutos\" \/>\n<script type=\"application\/ld+json\" class=\"yoast-schema-graph\">{\"@context\":\"https:\/\/schema.org\",\"@graph\":[{\"@type\":\"NewsArticle\",\"@id\":\"https:\/\/www.estrategiaconcursos.com.br\/blog\/concurso-camara-de-salgueiro-pe\/#article\",\"isPartOf\":{\"@id\":\"https:\/\/www.estrategiaconcursos.com.br\/blog\/concurso-camara-de-salgueiro-pe\/\"},\"author\":{\"name\":\"Coordena\u00e7\u00e3o\",\"@id\":\"https:\/\/www.estrategiaconcursos.com.br\/blog\/#\/schema\/person\/b4a388c97673c5f483d72185668afa1f\"},\"headline\":\"Concurso C\u00e2mara de Salgueiro PE: confira a lista de nomea\u00e7\u00e3o!\",\"datePublished\":\"2021-11-02T22:38:00+00:00\",\"dateModified\":\"2021-11-23T20:45:39+00:00\",\"mainEntityOfPage\":{\"@id\":\"https:\/\/www.estrategiaconcursos.com.br\/blog\/concurso-camara-de-salgueiro-pe\/\"},\"wordCount\":668,\"commentCount\":2,\"publisher\":{\"@id\":\"https:\/\/www.estrategiaconcursos.com.br\/blog\/#organization\"},\"image\":{\"@id\":\"https:\/\/www.estrategiaconcursos.com.br\/blog\/concurso-camara-de-salgueiro-pe\/#primaryimage\"},\"thumbnailUrl\":\"https:\/\/dhg1h5j42swfq.cloudfront.net\/2020\/05\/23091032\/JORNALISMO_SALGUEIRO.jpg\",\"articleSection\":[\"Legislativo\"],\"inLanguage\":\"pt-BR\",\"potentialAction\":[{\"@type\":\"CommentAction\",\"name\":\"Comment\",\"target\":[\"https:\/\/www.estrategiaconcursos.com.br\/blog\/concurso-camara-de-salgueiro-pe\/#respond\"]}],\"copyrightYear\":\"2021\",\"copyrightHolder\":{\"@id\":\"https:\/\/www.estrategiaconcursos.com.br\/blog\/#organization\"}},{\"@type\":\"WebPage\",\"@id\":\"https:\/\/www.estrategiaconcursos.com.br\/blog\/concurso-camara-de-salgueiro-pe\/\",\"url\":\"https:\/\/www.estrategiaconcursos.com.br\/blog\/concurso-camara-de-salgueiro-pe\/\",\"name\":\"Concurso C\u00e2mara de Salgueiro PE: confira a lista de nomea\u00e7\u00e3o!\",\"isPartOf\":{\"@id\":\"https:\/\/www.estrategiaconcursos.com.br\/blog\/#website\"},\"primaryImageOfPage\":{\"@id\":\"https:\/\/www.estrategiaconcursos.com.br\/blog\/concurso-camara-de-salgueiro-pe\/#primaryimage\"},\"image\":{\"@id\":\"https:\/\/www.estrategiaconcursos.com.br\/blog\/concurso-camara-de-salgueiro-pe\/#primaryimage\"},\"thumbnailUrl\":\"https:\/\/dhg1h5j42swfq.cloudfront.net\/2020\/05\/23091032\/JORNALISMO_SALGUEIRO.jpg\",\"datePublished\":\"2021-11-02T22:38:00+00:00\",\"dateModified\":\"2021-11-23T20:45:39+00:00\",\"description\":\"O concurso C\u00e2mara de Salgueiro PE, ap\u00f3s a homologa\u00e7\u00e3o da sele\u00e7\u00e3o, divulga a nomea\u00e7\u00e3o e convoca\u00e7\u00e3o dos aprovados! Confira aqui!\",\"breadcrumb\":{\"@id\":\"https:\/\/www.estrategiaconcursos.com.br\/blog\/concurso-camara-de-salgueiro-pe\/#breadcrumb\"},\"inLanguage\":\"pt-BR\",\"potentialAction\":[{\"@type\":\"ReadAction\",\"target\":[\"https:\/\/www.estrategiaconcursos.com.br\/blog\/concurso-camara-de-salgueiro-pe\/\"]}]},{\"@type\":\"ImageObject\",\"inLanguage\":\"pt-BR\",\"@id\":\"https:\/\/www.estrategiaconcursos.com.br\/blog\/concurso-camara-de-salgueiro-pe\/#primaryimage\",\"url\":\"https:\/\/dhg1h5j42swfq.cloudfront.net\/2020\/05\/23091032\/JORNALISMO_SALGUEIRO.jpg\",\"contentUrl\":\"https:\/\/dhg1h5j42swfq.cloudfront.net\/2020\/05\/23091032\/JORNALISMO_SALGUEIRO.jpg\",\"width\":1200,\"height\":628},{\"@type\":\"BreadcrumbList\",\"@id\":\"https:\/\/www.estrategiaconcursos.com.br\/blog\/concurso-camara-de-salgueiro-pe\/#breadcrumb\",\"itemListElement\":[{\"@type\":\"ListItem\",\"position\":1,\"name\":\"In\u00edcio\",\"item\":\"https:\/\/www.estrategiaconcursos.com.br\/blog\/\"},{\"@type\":\"ListItem\",\"position\":2,\"name\":\"Concurso C\u00e2mara de Salgueiro PE: confira a lista de nomea\u00e7\u00e3o!\"}]},{\"@type\":\"WebSite\",\"@id\":\"https:\/\/www.estrategiaconcursos.com.br\/blog\/#website\",\"url\":\"https:\/\/www.estrategiaconcursos.com.br\/blog\/\",\"name\":\"Estrat\u00e9gia Concursos\",\"description\":\"O blog da Estrat\u00e9gia Concursos traz not\u00edcias sobre concursos e artigos de professores oferecendo cursos para concursos (pdf + videaulas) no site.\",\"publisher\":{\"@id\":\"https:\/\/www.estrategiaconcursos.com.br\/blog\/#organization\"},\"potentialAction\":[{\"@type\":\"SearchAction\",\"target\":{\"@type\":\"EntryPoint\",\"urlTemplate\":\"https:\/\/www.estrategiaconcursos.com.br\/blog\/?s={search_term_string}\"},\"query-input\":{\"@type\":\"PropertyValueSpecification\",\"valueRequired\":true,\"valueName\":\"search_term_string\"}}],\"inLanguage\":\"pt-BR\"},{\"@type\":\"Organization\",\"@id\":\"https:\/\/www.estrategiaconcursos.com.br\/blog\/#organization\",\"name\":\"Estrat\u00e9gia Concursos\",\"url\":\"https:\/\/www.estrategiaconcursos.com.br\/blog\/\",\"logo\":{\"@type\":\"ImageObject\",\"inLanguage\":\"pt-BR\",\"@id\":\"https:\/\/www.estrategiaconcursos.com.br\/blog\/#\/schema\/logo\/image\/\",\"url\":\"https:\/\/dhg1h5j42swfq.cloudfront.net\/2025\/06\/03203428\/logo_concursos-1.jpg\",\"contentUrl\":\"https:\/\/dhg1h5j42swfq.cloudfront.net\/2025\/06\/03203428\/logo_concursos-1.jpg\",\"width\":230,\"height\":60,\"caption\":\"Estrat\u00e9gia Concursos\"},\"image\":{\"@id\":\"https:\/\/www.estrategiaconcursos.com.br\/blog\/#\/schema\/logo\/image\/\"},\"sameAs\":[\"https:\/\/x.com\/EstratConcursos\"]},{\"@type\":\"Person\",\"@id\":\"https:\/\/www.estrategiaconcursos.com.br\/blog\/#\/schema\/person\/b4a388c97673c5f483d72185668afa1f\",\"name\":\"Coordena\u00e7\u00e3o\",\"image\":{\"@type\":\"ImageObject\",\"inLanguage\":\"pt-BR\",\"@id\":\"https:\/\/secure.gravatar.com\/avatar\/b720319e4c9a967eb58678d110f4fe35452fc5d5f97b202bac7b8acceb18c6ad?s=96&d=mm&r=g\",\"url\":\"https:\/\/secure.gravatar.com\/avatar\/b720319e4c9a967eb58678d110f4fe35452fc5d5f97b202bac7b8acceb18c6ad?s=96&d=mm&r=g\",\"contentUrl\":\"https:\/\/secure.gravatar.com\/avatar\/b720319e4c9a967eb58678d110f4fe35452fc5d5f97b202bac7b8acceb18c6ad?s=96&d=mm&r=g\",\"caption\":\"Coordena\u00e7\u00e3o\"},\"sameAs\":[\"https:\/\/www.facebook.com\/EstrategiaConcursos\",\"https:\/\/x.com\/EstratConcursos\"],\"url\":\"https:\/\/www.estrategiaconcursos.com.br\/blog\/author\/estrategia2013\/\"}]}<\/script>\n<!-- \/ Yoast SEO Premium plugin. -->","yoast_head_json":{"title":"Concurso C\u00e2mara de Salgueiro PE: confira a lista de nomea\u00e7\u00e3o!","description":"O concurso C\u00e2mara de Salgueiro PE, ap\u00f3s a homologa\u00e7\u00e3o da sele\u00e7\u00e3o, divulga a nomea\u00e7\u00e3o e convoca\u00e7\u00e3o dos aprovados! Confira aqui!","robots":{"index":"index","follow":"follow","max-snippet":"max-snippet:-1","max-image-preview":"max-image-preview:large","max-video-preview":"max-video-preview:-1"},"canonical":"https:\/\/www.estrategiaconcursos.com.br\/blog\/concurso-camara-de-salgueiro-pe\/","og_locale":"pt_BR","og_type":"article","og_title":"Concurso C\u00e2mara de Salgueiro PE: confira a lista de nomea\u00e7\u00e3o!","og_description":"O concurso C\u00e2mara de Salgueiro PE, ap\u00f3s a homologa\u00e7\u00e3o da sele\u00e7\u00e3o, divulga a nomea\u00e7\u00e3o e convoca\u00e7\u00e3o dos aprovados! Confira aqui!","og_url":"https:\/\/www.estrategiaconcursos.com.br\/blog\/concurso-camara-de-salgueiro-pe\/","og_site_name":"Estrat\u00e9gia Concursos","article_author":"https:\/\/www.facebook.com\/EstrategiaConcursos","article_published_time":"2021-11-02T22:38:00+00:00","article_modified_time":"2021-11-23T20:45:39+00:00","og_image":[{"width":1200,"height":628,"url":"https:\/\/dhg1h5j42swfq.cloudfront.net\/2020\/05\/23091032\/JORNALISMO_SALGUEIRO.jpg","type":"image\/jpeg"}],"author":"Coordena\u00e7\u00e3o","twitter_card":"summary_large_image","twitter_creator":"@EstratConcursos","twitter_site":"@EstratConcursos","twitter_misc":{"Escrito por":"Coordena\u00e7\u00e3o","Est. tempo de leitura":"4 minutos"},"schema":{"@context":"https:\/\/schema.org","@graph":[{"@type":"NewsArticle","@id":"https:\/\/www.estrategiaconcursos.com.br\/blog\/concurso-camara-de-salgueiro-pe\/#article","isPartOf":{"@id":"https:\/\/www.estrategiaconcursos.com.br\/blog\/concurso-camara-de-salgueiro-pe\/"},"author":{"name":"Coordena\u00e7\u00e3o","@id":"https:\/\/www.estrategiaconcursos.com.br\/blog\/#\/schema\/person\/b4a388c97673c5f483d72185668afa1f"},"headline":"Concurso C\u00e2mara de Salgueiro PE: confira a lista de nomea\u00e7\u00e3o!","datePublished":"2021-11-02T22:38:00+00:00","dateModified":"2021-11-23T20:45:39+00:00","mainEntityOfPage":{"@id":"https:\/\/www.estrategiaconcursos.com.br\/blog\/concurso-camara-de-salgueiro-pe\/"},"wordCount":668,"commentCount":2,"publisher":{"@id":"https:\/\/www.estrategiaconcursos.com.br\/blog\/#organization"},"image":{"@id":"https:\/\/www.estrategiaconcursos.com.br\/blog\/concurso-camara-de-salgueiro-pe\/#primaryimage"},"thumbnailUrl":"https:\/\/dhg1h5j42swfq.cloudfront.net\/2020\/05\/23091032\/JORNALISMO_SALGUEIRO.jpg","articleSection":["Legislativo"],"inLanguage":"pt-BR","potentialAction":[{"@type":"CommentAction","name":"Comment","target":["https:\/\/www.estrategiaconcursos.com.br\/blog\/concurso-camara-de-salgueiro-pe\/#respond"]}],"copyrightYear":"2021","copyrightHolder":{"@id":"https:\/\/www.estrategiaconcursos.com.br\/blog\/#organization"}},{"@type":"WebPage","@id":"https:\/\/www.estrategiaconcursos.com.br\/blog\/concurso-camara-de-salgueiro-pe\/","url":"https:\/\/www.estrategiaconcursos.com.br\/blog\/concurso-camara-de-salgueiro-pe\/","name":"Concurso C\u00e2mara de Salgueiro PE: confira a lista de nomea\u00e7\u00e3o!","isPartOf":{"@id":"https:\/\/www.estrategiaconcursos.com.br\/blog\/#website"},"primaryImageOfPage":{"@id":"https:\/\/www.estrategiaconcursos.com.br\/blog\/concurso-camara-de-salgueiro-pe\/#primaryimage"},"image":{"@id":"https:\/\/www.estrategiaconcursos.com.br\/blog\/concurso-camara-de-salgueiro-pe\/#primaryimage"},"thumbnailUrl":"https:\/\/dhg1h5j42swfq.cloudfront.net\/2020\/05\/23091032\/JORNALISMO_SALGUEIRO.jpg","datePublished":"2021-11-02T22:38:00+00:00","dateModified":"2021-11-23T20:45:39+00:00","description":"O concurso C\u00e2mara de Salgueiro PE, ap\u00f3s a homologa\u00e7\u00e3o da sele\u00e7\u00e3o, divulga a nomea\u00e7\u00e3o e convoca\u00e7\u00e3o dos aprovados! Confira aqui!","breadcrumb":{"@id":"https:\/\/www.estrategiaconcursos.com.br\/blog\/concurso-camara-de-salgueiro-pe\/#breadcrumb"},"inLanguage":"pt-BR","potentialAction":[{"@type":"ReadAction","target":["https:\/\/www.estrategiaconcursos.com.br\/blog\/concurso-camara-de-salgueiro-pe\/"]}]},{"@type":"ImageObject","inLanguage":"pt-BR","@id":"https:\/\/www.estrategiaconcursos.com.br\/blog\/concurso-camara-de-salgueiro-pe\/#primaryimage","url":"https:\/\/dhg1h5j42swfq.cloudfront.net\/2020\/05\/23091032\/JORNALISMO_SALGUEIRO.jpg","contentUrl":"https:\/\/dhg1h5j42swfq.cloudfront.net\/2020\/05\/23091032\/JORNALISMO_SALGUEIRO.jpg","width":1200,"height":628},{"@type":"BreadcrumbList","@id":"https:\/\/www.estrategiaconcursos.com.br\/blog\/concurso-camara-de-salgueiro-pe\/#breadcrumb","itemListElement":[{"@type":"ListItem","position":1,"name":"In\u00edcio","item":"https:\/\/www.estrategiaconcursos.com.br\/blog\/"},{"@type":"ListItem","position":2,"name":"Concurso C\u00e2mara de Salgueiro PE: confira a lista de nomea\u00e7\u00e3o!"}]},{"@type":"WebSite","@id":"https:\/\/www.estrategiaconcursos.com.br\/blog\/#website","url":"https:\/\/www.estrategiaconcursos.com.br\/blog\/","name":"Estrat\u00e9gia Concursos","description":"O blog da Estrat\u00e9gia Concursos traz not\u00edcias sobre concursos e artigos de professores oferecendo cursos para concursos (pdf + videaulas) no site.","publisher":{"@id":"https:\/\/www.estrategiaconcursos.com.br\/blog\/#organization"},"potentialAction":[{"@type":"SearchAction","target":{"@type":"EntryPoint","urlTemplate":"https:\/\/www.estrategiaconcursos.com.br\/blog\/?s={search_term_string}"},"query-input":{"@type":"PropertyValueSpecification","valueRequired":true,"valueName":"search_term_string"}}],"inLanguage":"pt-BR"},{"@type":"Organization","@id":"https:\/\/www.estrategiaconcursos.com.br\/blog\/#organization","name":"Estrat\u00e9gia Concursos","url":"https:\/\/www.estrategiaconcursos.com.br\/blog\/","logo":{"@type":"ImageObject","inLanguage":"pt-BR","@id":"https:\/\/www.estrategiaconcursos.com.br\/blog\/#\/schema\/logo\/image\/","url":"https:\/\/dhg1h5j42swfq.cloudfront.net\/2025\/06\/03203428\/logo_concursos-1.jpg","contentUrl":"https:\/\/dhg1h5j42swfq.cloudfront.net\/2025\/06\/03203428\/logo_concursos-1.jpg","width":230,"height":60,"caption":"Estrat\u00e9gia Concursos"},"image":{"@id":"https:\/\/www.estrategiaconcursos.com.br\/blog\/#\/schema\/logo\/image\/"},"sameAs":["https:\/\/x.com\/EstratConcursos"]},{"@type":"Person","@id":"https:\/\/www.estrategiaconcursos.com.br\/blog\/#\/schema\/person\/b4a388c97673c5f483d72185668afa1f","name":"Coordena\u00e7\u00e3o","image":{"@type":"ImageObject","inLanguage":"pt-BR","@id":"https:\/\/secure.gravatar.com\/avatar\/b720319e4c9a967eb58678d110f4fe35452fc5d5f97b202bac7b8acceb18c6ad?s=96&d=mm&r=g","url":"https:\/\/secure.gravatar.com\/avatar\/b720319e4c9a967eb58678d110f4fe35452fc5d5f97b202bac7b8acceb18c6ad?s=96&d=mm&r=g","contentUrl":"https:\/\/secure.gravatar.com\/avatar\/b720319e4c9a967eb58678d110f4fe35452fc5d5f97b202bac7b8acceb18c6ad?s=96&d=mm&r=g","caption":"Coordena\u00e7\u00e3o"},"sameAs":["https:\/\/www.facebook.com\/EstrategiaConcursos","https:\/\/x.com\/EstratConcursos"],"url":"https:\/\/www.estrategiaconcursos.com.br\/blog\/author\/estrategia2013\/"}]}},"_links":{"self":[{"href":"https:\/\/www.estrategiaconcursos.com.br\/blog\/wp-json\/wp\/v2\/posts\/473245","targetHints":{"allow":["GET"]}}],"collection":[{"href":"https:\/\/www.estrategiaconcursos.com.br\/blog\/wp-json\/wp\/v2\/posts"}],"about":[{"href":"https:\/\/www.estrategiaconcursos.com.br\/blog\/wp-json\/wp\/v2\/types\/post"}],"author":[{"embeddable":true,"href":"https:\/\/www.estrategiaconcursos.com.br\/blog\/wp-json\/wp\/v2\/users\/1"}],"replies":[{"embeddable":true,"href":"https:\/\/www.estrategiaconcursos.com.br\/blog\/wp-json\/wp\/v2\/comments?post=473245"}],"version-history":[{"count":38,"href":"https:\/\/www.estrategiaconcursos.com.br\/blog\/wp-json\/wp\/v2\/posts\/473245\/revisions"}],"predecessor-version":[{"id":914741,"href":"https:\/\/www.estrategiaconcursos.com.br\/blog\/wp-json\/wp\/v2\/posts\/473245\/revisions\/914741"}],"wp:featuredmedia":[{"embeddable":true,"href":"https:\/\/www.estrategiaconcursos.com.br\/blog\/wp-json\/wp\/v2\/media\/518380"}],"wp:attachment":[{"href":"https:\/\/www.estrategiaconcursos.com.br\/blog\/wp-json\/wp\/v2\/media?parent=473245"}],"wp:term":[{"taxonomy":"category","embeddable":true,"href":"https:\/\/www.estrategiaconcursos.com.br\/blog\/wp-json\/wp\/v2\/categories?post=473245"},{"taxonomy":"post_tag","embeddable":true,"href":"https:\/\/www.estrategiaconcursos.com.br\/blog\/wp-json\/wp\/v2\/tags?post=473245"},{"taxonomy":"tax_estado","embeddable":true,"href":"https:\/\/www.estrategiaconcursos.com.br\/blog\/wp-json\/wp\/v2\/tax_estado?post=473245"}],"curies":[{"name":"wp","href":"https:\/\/api.w.org\/{rel}","templated":true}]}}