{"id":472805,"date":"2020-01-22T08:39:46","date_gmt":"2020-01-22T11:39:46","guid":{"rendered":"https:\/\/www.estrategiaconcursos.com.br\/blog\/?p=472805"},"modified":"2020-01-22T08:39:48","modified_gmt":"2020-01-22T11:39:48","slug":"gabarito-extraoficial-tj-pa-direito-processual-civil","status":"publish","type":"post","link":"https:\/\/www.estrategiaconcursos.com.br\/blog\/gabarito-extraoficial-tj-pa-direito-processual-civil\/","title":{"rendered":"Gabarito Extraoficial TJ-PA &#8211; Direito Processual Civil"},"content":{"rendered":"\n<p>Ol\u00e1 pessoal, boa noite!<\/p>\n\n\n\n<p>Neste artigo, comentamos as quest\u00f5es de Processo Civil que\nforam aplicadas na prova do TJPA, pelo CESPE no dia 19\/1\/2020. S\u00e3o as primeiras\nquest\u00f5es de 2020 que temos da disciplina. Se voc\u00ea n\u00e3o fez a prova, \u00e9 hora de\nficar atualizado nas quest\u00f5es mais recentes da banca. Se fez, confira nossos\ncoment\u00e1rios. Trata-se de gabarito extraoficial, ficaremos atentos ao gabarito\npreliminar da banca. <\/p>\n\n\n\n<p>Qualquer coisa, me procure ;)<\/p>\n\n\n\n<p>Antes de come\u00e7ar, gostaria muito de pedir para voc\u00ea entrar\nem nosso canal do Telegram. Informo tudo, absolutamente tudo de Processo Civil para\nconcursos. Aulas, resumos, provas comentadas. Voc\u00ea recebe as informa\u00e7\u00f5es em\nprimeira m\u00e3o.<\/p>\n\n\n\n<p>Para entrar no canal, se voc\u00ea j\u00e1 tiver o Telegram instalado, \u00e9 s\u00f3 clicar no link:<\/p>\n\n\n\n<p><a href=\"https:\/\/t.me\/dpcparaconcursos\">https:\/\/t.me\/dpcparaconcursos<\/a><\/p>\n\n\n\n<p>Vamos \u00e0s quest\u00f5es?<\/p>\n\n\n\n<p>Primeiro comentarei as quest\u00f5es da prova de analista, depois\na prova de auxiliar.<\/p>\n\n\n\n<p><strong>Analista Judici\u00e1rio \u2013 Direito<\/strong><\/p>\n\n\n\n<p>&#8212;<\/p>\n\n\n\n<p><strong>(CESPE\/TJPA\/2020)<\/strong> A respeito de provas previstas no\nC\u00f3digo de Processo Civil (CPC), julgue os itens a seguir.<\/p>\n\n\n\n<p>I \u2013 A prova escrita \u00e9 imprescind\u00edvel para a comprova\u00e7\u00e3o do\nv\u00edcio do consentimento em contrato realizado entre particulares.<\/p>\n\n\n\n<p>II \u2013 A ata notarial \u00e9 meio de prova id\u00f4neo para comprovar\nfatos que o tabeli\u00e3o declarar que foram constatados em sua presen\u00e7a.<\/p>\n\n\n\n<p>III \u2013 Quando a parte invocar direito de natureza estadual ou\nmunicipal, o magistrado somente poder\u00e1 examinar a quest\u00e3o se houver provas nos\nautos que demonstre a exist\u00eancia da regra jur\u00eddica invocada.<\/p>\n\n\n\n<p>IV \u2013 Cabe ao advogado da parte intimar a testemunha que\narrolou por carta com aviso de recebimento, devendo juntar aos autos, no prazo\nlegal, c\u00f3pia da correspond\u00eancia de intima\u00e7\u00e3o e do aviso de recebimento, sob\npena de se considerar desist\u00eancia da inquiri\u00e7\u00e3o o n\u00e3o comparecimento da\ntestemunha.<\/p>\n\n\n\n<p>Est\u00e3o certos apenas os itens<\/p>\n\n\n\n<p>a) I e II.<\/p>\n\n\n\n<p>b) I e III.<\/p>\n\n\n\n<p>c) II e IV.<\/p>\n\n\n\n<p>d) I, III e IV.<\/p>\n\n\n\n<p>e) II, III e IV.<\/p>\n\n\n\n<p><strong>Coment\u00e1rios<\/strong><\/p>\n\n\n\n<p>Item I est\u00e1 incorreto, \u00e9 l\u00edcito \u00e0 parte provar v\u00edcios de\nconsentimento em contratos em geral por interm\u00e9dio de testemunhas (art. 446,\nII, CPC).<\/p>\n\n\n\n<p>Item II est\u00e1 correto e conforme o <em>caput<\/em> do art. 384,\nCPC.<\/p>\n\n\n\n<p>Item III est\u00e1 incorreta, pois a prova da vig\u00eancia ser\u00e1\nexigida se o juiz determinar. \u00c9 o que se extrai do art. 376, CPC: <\/p>\n\n\n\n<blockquote class=\"wp-block-quote is-layout-flow wp-block-quote-is-layout-flow\"><p>Art. 376. A parte que alegar direito municipal, estadual, estrangeiro ou consuetudin\u00e1rio provar-lhe-\u00e1 o teor e a vig\u00eancia, se assim o juiz determinar.<\/p><p>Item IV est\u00e1 correta! Caso o advogado deseje obrigar o comparecimento da testemunha dever\u00e1 intim\u00e1-la e juntar o AR nos autos 3 dias antes da audi\u00eancia. Confira:<\/p><p>Art. 455. Cabe ao advogado da parte informar ou intimar a testemunha por ele arrolada do dia, da hora e do local da audi\u00eancia designada, dispensando-se a intima\u00e7\u00e3o do ju\u00edzo.<\/p><p>\u00a7 1\u00ba A intima\u00e7\u00e3o dever\u00e1 ser realizada por carta com aviso de recebimento, cumprindo ao advogado juntar aos autos, com anteced\u00eancia de pelo menos 3 (tr\u00eas) dias da data da audi\u00eancia, c\u00f3pia da correspond\u00eancia de intima\u00e7\u00e3o e do comprovante de recebimento.<\/p><p>\u00a7 2\u00ba A parte pode comprometer-se a levar a testemunha \u00e0 audi\u00eancia, independentemente da intima\u00e7\u00e3o de que trata o \u00a7 1\u00ba, presumindo-se, caso a testemunha n\u00e3o compare\u00e7a, que a parte desistiu de sua inquiri\u00e7\u00e3o.<\/p><\/blockquote>\n\n\n\n<p>Assim, a <strong>alternativa C<\/strong> est\u00e1 correta e \u00e9 o gabarito da quest\u00e3o.<\/p>\n\n\n\n<p>&#8212;<\/p>\n\n\n\n<p><strong>(CEPSE\/TJPA\/2020)<\/strong> De acordo com o CPC, a compet\u00eancia\npara realizar o juiz de admissibilidade em incidente de resolu\u00e7\u00e3o de demandas\nrepetitivas (IRDR) \u00e9 do<\/p>\n\n\n\n<p>a) presidente do tribunal, exclusivamente.<\/p>\n\n\n\n<p>b) relator do IRDR, que decidir\u00e1 monocraticamente.<\/p>\n\n\n\n<p>c) plen\u00e1rio do tribunal, obrigatoriamente.<\/p>\n\n\n\n<p>d) \u00f3rg\u00e3o colegiado que possua compet\u00eancia para julgar o IRDR\nsegundo o regimento interno.<\/p>\n\n\n\n<p>e) ju\u00edzo singular, quando o incidente se origina de processo\nque est\u00e1 em primeiro grau.<\/p>\n\n\n\n<p><strong>Coment\u00e1rios<\/strong><\/p>\n\n\n\n<p>O Regimento Interno do Tribunal ir\u00e1 estabelecer o \u00f3rg\u00e3o que\nser\u00e1 respons\u00e1vel pelo julgamento do IRDR. Esse mesmo \u00f3rg\u00e3o far\u00e1 o ju\u00edzo de\nadmissibilidade conforme prev\u00ea o art. 981, do CPC. <\/p>\n\n\n\n<blockquote class=\"wp-block-quote is-layout-flow wp-block-quote-is-layout-flow\"><p>Art. 981. Ap\u00f3s a distribui\u00e7\u00e3o, <strong>o \u00f3rg\u00e3o colegiado competente para julgar o incidente <\/strong>proceder\u00e1 ao seu ju\u00edzo de admissibilidade, considerando a presen\u00e7a dos pressupostos do art. 976. <\/p><\/blockquote>\n\n\n\n<p>Logo, a <strong>alternativa D<\/strong>\n\u00e9 a correta e gabarito da quest\u00e3o.<\/p>\n\n\n\n<p>&#8212;<\/p>\n\n\n\n<p><strong>(CESPE\/TJPA\/2020)<\/strong> Ao tratar dos deveres das partes e\ndos procuradores, o CPC expressamente estabelece que, sem preju\u00edzo de outras\nsan\u00e7\u00f5es criminais, civis e processuais, constitui ato atentat\u00f3ria \u00e0 dignidade\nda justi\u00e7a, pass\u00edveis de aplica\u00e7\u00e3o ao respons\u00e1vel multa de at\u00e9 vinte por cento\ndo valor da causa,<\/p>\n\n\n\n<p>a) o ajuizamento de peti\u00e7\u00e3o inicial para reconhecimento de\ndireito manifestamente prescrito.<\/p>\n\n\n\n<p>b) o oferecimento de contesta\u00e7\u00e3o com tese jur\u00eddica contr\u00e1ria\nao enunciado de s\u00famula vinculante.<\/p>\n\n\n\n<p>c) a utiliza\u00e7\u00e3o abusiva de incidente de desconsidera\u00e7\u00e3o de\npersonalidade jur\u00eddica.<\/p>\n\n\n\n<p>d) a inova\u00e7\u00e3o legal no estado de fato de bem litigioso\nrealizada pelo executado.<\/p>\n\n\n\n<p>e) a interposi\u00e7\u00e3o de apela\u00e7\u00e3o com intuito protelat\u00f3rio.<\/p>\n\n\n\n<p><strong>Coment\u00e1rios <\/strong><\/p>\n\n\n\n<p>De acordo com o art. 77, \u00a72\u00ba, do CPC, s\u00e3o duas as hip\u00f3teses\nde ato atentat\u00f3rio \u00e0 dignidade de justi\u00e7a previstas neste trecho do CPC:<\/p>\n\n\n\n<p>&#8211; n\u00e3o cumprir com exatid\u00e3o as decis\u00f5es jurisdicionais, de\nnatureza provis\u00f3ria ou final, e n\u00e3o criar embara\u00e7os \u00e0 sua efetiva\u00e7\u00e3o;<\/p>\n\n\n\n<p>&#8211; praticar inova\u00e7\u00e3o ilegal no estado de fato de bem ou\ndireito litigioso.<\/p>\n\n\n\n<p>Logo, a <strong>alternativa D<\/strong>\n\u00e9 a correta e gabarito da quest\u00e3o.<\/p>\n\n\n\n<p>&#8212;<\/p>\n\n\n\n<p><strong>(CESPE\/TJPA\/2020)<\/strong> Segundo regramento estabelecido no\nCPC, o desmembramento do litiscons\u00f3rcio multitudin\u00e1rio em raz\u00e3o do n\u00famero\nexcessivo de litigantes<\/p>\n\n\n\n<p>a) ocorre na fase de conhecimento, na liquida\u00e7\u00e3o de senten\u00e7a\nou na execu\u00e7\u00e3o, desde que o litiscons\u00f3rcio seja facultativo.<\/p>\n\n\n\n<p>b) \u00e9 permitido somente antes da cita\u00e7\u00e3o do r\u00e9u, seja o\nlitiscons\u00f3rcio facultativo ou necess\u00e1rio.<\/p>\n\n\n\n<p>c) \u00e9 vedado em sede de execu\u00e7\u00e3o, seja ela decorrente de t\u00edtulo\njudicial ou extrajudicial.<\/p>\n\n\n\n<p>d) depende de concord\u00e2ncia de todas partes do processo, se o\nlitiscons\u00f3rcio for necess\u00e1rio e unit\u00e1rio.<\/p>\n\n\n\n<p>e) n\u00e3o pode ocorrer antes da liquida\u00e7\u00e3o de senten\u00e7a, se o\nlitiscons\u00f3rcio for ativo e facultativo.<\/p>\n\n\n\n<p><strong>Coment\u00e1rios<\/strong><\/p>\n\n\n\n<p>A <strong>alternativa A<\/strong>\nest\u00e1 correta e \u00e9 o gabarito da quest\u00e3o conforme o art. 113, \u00a71\u00ba, do CPC. Vale\nfrisar que no litiscons\u00f3rcio necess\u00e1rio n\u00e3o ser\u00e1 poss\u00edvel liminar o n\u00famero de\nlitigantes, por isso acerta a alternativa ao mencionar que \u00e9 necess\u00e1rio se\ntratar de litiscons\u00f3rcio facultativo.<\/p>\n\n\n\n<p>A alternativa B, C e E est\u00e3o incorretas. Admite-se a\nlimita\u00e7\u00e3o do n\u00famero de litigantes na fase de conhecimento, na liquida\u00e7\u00e3o de\nsenten\u00e7a ou na execu\u00e7\u00e3o, desde que haja o comprometimento da r\u00e1pida solu\u00e7\u00e3o do\nlit\u00edgio ou dificultar a defesa ou o cumprimento da senten\u00e7a.<\/p>\n\n\n\n<p>A alternativa D est\u00e1 incorreta, por aus\u00eancia de previs\u00e3o\nlegal.<\/p>\n\n\n\n<p>&#8212;<\/p>\n\n\n\n<p><strong>(CESPE\/TJPA\/2020)<\/strong> Maria deseja ajuizar a\u00e7\u00e3o\nindenizat\u00f3ria com pedidos cumulados de dano material e moral contra a empresa\na\u00e9rea Y, em raz\u00e3o de cancelamento indevido de viagem ao exterior. <\/p>\n\n\n\n<p>Nessa hip\u00f3tese, de acordo com o CPC, o valor da causa ser\u00e1<\/p>\n\n\n\n<p>a) o total decorrente da soma do valor pedido a t\u00edtulo de\ndano moral e de dano material.<\/p>\n\n\n\n<p>b) o valor do maior dos pedidos realizados pela parte\nautora.<\/p>\n\n\n\n<p>c) o valor do dano material apenas, porque o dano moral\ndever\u00e1 ser requerido de forma gen\u00e9rica.<\/p>\n\n\n\n<p>d) o fixado pelo magistrado segundo seu prudente arb\u00edtrio.<\/p>\n\n\n\n<p>e) o indicado pelo autor, segundo crit\u00e9rios de equidade e\nproporcionalidade.<\/p>\n\n\n\n<p><strong>Coment\u00e1rios<\/strong><\/p>\n\n\n\n<p>A <strong>alternativa A<\/strong>\nest\u00e1 correta e \u00e9 o gabarito da quest\u00e3o.<\/p>\n\n\n\n<p>De acordo com o inc. VI do art. 292 do CPC, na a\u00e7\u00e3o em que\nh\u00e1 cumula\u00e7\u00e3o de pedidos, a quantia correspondente \u00e0 soma dos valores de todos\neles. Como a parte deseja condena\u00e7\u00e3o a t\u00edtulo de dano material e moral o valor\nda causa corresponder\u00e1 \u00e0 soma dos valores pretendidos.<\/p>\n\n\n\n<p>&#8212;<\/p>\n\n\n\n<p><strong>(CESPE\/TJPA\/2020)<\/strong> Determinado indiv\u00edduo, r\u00e9u e\nprocesso que tramita no primeiro grau de juizado especial c\u00edvel, deseja\nimpetrar mandado de seguran\u00e7a contra decis\u00e3o interlocut\u00f3ria teratol\u00f3gica\nprolatada pelo magistrado. <\/p>\n\n\n\n<p>Considerando-se essa situa\u00e7\u00e3o hipot\u00e9tica e o entendimento\nsumulado do STJ, o mandado de seguran\u00e7a deve ser processado e examinado<\/p>\n\n\n\n<p>a) por turma recursal. <\/p>\n\n\n\n<p>b) pelo tribunal de justi\u00e7a. <\/p>\n\n\n\n<p>c) pelo STJ. <\/p>\n\n\n\n<p>d) pelo pr\u00f3prio \u00f3rg\u00e3o judicial prolator da decis\u00e3o. <\/p>\n\n\n\n<p>e) por vara c\u00edvel da justi\u00e7a comum. <\/p>\n\n\n\n<p><strong>Coment\u00e1rios<\/strong><\/p>\n\n\n\n<p>A <strong>alternativa A<\/strong> \u00e9\na correta e gabarito da quest\u00e3o, em face do que prev\u00ea a S\u00famula STJ 376:<\/p>\n\n\n\n<blockquote class=\"wp-block-quote is-layout-flow wp-block-quote-is-layout-flow\"><p>S\u00famula STJ 376<\/p><p>Compete a turma recursal processar e julgar o mandado de seguran\u00e7a contra ato de juizado especial.<\/p><\/blockquote>\n\n\n\n<p>&#8212;<\/p>\n\n\n\n<p><strong>(CESPE\/TJPA\/2020)<\/strong> Durante uma tentativa de media\u00e7\u00e3o\njudicial frustrada foram produzidas as seguintes informa\u00e7\u00f5es e(ou)\nmanifesta\u00e7\u00f5es por uma das partes envolvidas no processo. <\/p>\n\n\n\n<p>I. documento elaborado unicamente para fins de media\u00e7\u00e3o. <\/p>\n\n\n\n<p>II. manifesta\u00e7\u00e3o de aceita\u00e7\u00e3o de proposta de acordo\napresentada pelo mediador. <\/p>\n\n\n\n<p>III. informa\u00e7\u00e3o sobre a pr\u00e1tica de crime de a\u00e7\u00e3o penal\np\u00fablica. <\/p>\n\n\n\n<p>IV. declara\u00e7\u00e3o formulada \u00e0 outra parte na busca de\nentendimento para o conflito.<\/p>\n\n\n\n<p>De acordo com o previsto na Lei n\u00ba 13.140\/2015, que disp\u00f5e\nsobre media\u00e7\u00e3o, independentemente da vontade das partes, a confidencialidade\nprevista na norma se aplica apenas \u00e0s informa\u00e7\u00f5es e(ou) manifesta\u00e7\u00f5es\nconstantes nos itens<\/p>\n\n\n\n<p>a) I e II.<\/p>\n\n\n\n<p>b) I e III.<\/p>\n\n\n\n<p>c) III e IV. <\/p>\n\n\n\n<p>d) I, II e IV. <\/p>\n\n\n\n<p>e) II, III e IV. <\/p>\n\n\n\n<p><strong>Coment\u00e1rios<\/strong><\/p>\n\n\n\n<p>O art. 30, \u00a71\u00ba, da Lei 13.140\/2015 prev\u00ea a extens\u00e3o do dever\nde confidencialidade. Veja:<\/p>\n\n\n\n<blockquote class=\"wp-block-quote is-layout-flow wp-block-quote-is-layout-flow\"><p>\u00a7 1\u00ba O dever de confidencialidade aplica-se ao mediador, \u00e0s partes, a seus prepostos, advogados, assessores t\u00e9cnicos e a outras pessoas de sua confian\u00e7a que tenham, direta ou indiretamente, participado do procedimento de media\u00e7\u00e3o, alcan\u00e7ando:<\/p><p>I &#8211; declara\u00e7\u00e3o, opini\u00e3o, sugest\u00e3o, promessa ou proposta formulada por uma parte \u00e0 outra na busca de entendimento para o conflito;<\/p><p>II &#8211; reconhecimento de fato por qualquer das partes no curso do procedimento de media\u00e7\u00e3o;<\/p><p>III &#8211; manifesta\u00e7\u00e3o de aceita\u00e7\u00e3o de proposta de acordo apresentada pelo mediador;<\/p><p>IV &#8211; documento preparado unicamente para os fins do procedimento de media\u00e7\u00e3o.<\/p><\/blockquote>\n\n\n\n<p>Assim:<\/p>\n\n\n\n<p>Item I: correto (inc. IV)<\/p>\n\n\n\n<p>Item II: correto (inc. III)<\/p>\n\n\n\n<p>Item III: incorreto<\/p>\n\n\n\n<p>Item IV: correto (inc. I)<\/p>\n\n\n\n<p>Assim, a <strong>alternativa D<\/strong> est\u00e1 correta e \u00e9 o gabarito da quest\u00e3o.<\/p>\n\n\n\n<p>&#8212;<\/p>\n\n\n\n<p><strong>(CESPE\/TJPA\/2020)<\/strong> De acordo com o estabelecido no\nCPC, o pronunciamento do magistrado que na justi\u00e7a comum, em primeiro grau,\nrevoga deferimento de gratuidade de justi\u00e7a ser\u00e1<\/p>\n\n\n\n<p>a) irrecorr\u00edvel. <\/p>\n\n\n\n<p>b) recorr\u00edvel por agravo de instrumento em qualquer\nhip\u00f3tese. <\/p>\n\n\n\n<p>c) recorr\u00edvel por apela\u00e7\u00e3o em qualquer hip\u00f3tese.<\/p>\n\n\n\n<p>d) recorr\u00edvel, em regra, por agravo de instrumento,\nressalvada a interposi\u00e7\u00e3o de apela\u00e7\u00e3o quando a quest\u00e3o for resolvida na\nsenten\u00e7a. <\/p>\n\n\n\n<p>e) recorr\u00edvel por agravo interno somente se a decis\u00e3o for\nprolatada em audi\u00eancia. <\/p>\n\n\n\n<p>Coment\u00e1rios<\/p>\n\n\n\n<p>A <strong>alternativa D<\/strong> est\u00e1 correta e \u00e9 o gabarito da quest\u00e3o.<\/p>\n\n\n\n<p>Cabe agravo, em requerimento de gratuidade, na hip\u00f3tese de\nn\u00e3o concess\u00e3o ou e revoga\u00e7\u00e3o do pedido concedido. Evidentemente que caber\u00e1 essa\nesp\u00e9cie recursal quando se tratar de decis\u00e3o interlocut\u00f3ria. Caso a revoga\u00e7\u00e3o\nse d\u00ea em senten\u00e7a, a insurg\u00eancia da parte ocorrer\u00e1 por interm\u00e9dio do recurso de\napela\u00e7\u00e3o, mais especificamente nas preliminares das raz\u00f5es recursais.<\/p>\n\n\n\n<p>&#8212;<\/p>\n\n\n\n<p>Vamos, agora, aos coment\u00e1rios das quest\u00f5es de Auxiliar.<\/p>\n\n\n\n<p><strong>Auxiliar Judici\u00e1rio \u2013 Processo Civil<\/strong><\/p>\n\n\n\n<p>&#8212;<\/p>\n\n\n\n<p><strong>(CESPE\/TJPA\/2020) <\/strong>Mafalda, domiciliada em bairro\nresidencial e vizinha de Mateus, adolescente de quinze anos de idade que sonha\nem ser DJ e passa parte do dia mixando m\u00fasicas, incomodada com o barulho\nprovocado pela mixagem das m\u00fasicas, buscou o Poder Judici\u00e1rio, ap\u00f3s v\u00e1rias\ntentativas frustradas de resolver a situa\u00e7\u00e3o diretamente com o vizinho, e pop\u00f4s\na\u00e7\u00e3o de obriga\u00e7\u00e3o de n\u00e3o fazer na vara c\u00edvel. Ela dispensou audi\u00eancia de\nconcilia\u00e7\u00e3o. Citado, Mateus procurou um advogado a fim de receber orienta\u00e7\u00f5es\nsobre o ocorrido. <\/p>\n\n\n\n<p>Tendo como base a situa\u00e7\u00e3o hipot\u00e9tica e as regras de\ncapacidade processual, assinale a op\u00e7\u00e3o correta. <\/p>\n\n\n\n<p>a) se Mateus n\u00e3o tiver representante legal, o juiz lhe\nnomear\u00e1 um curador especial. <\/p>\n\n\n\n<p>b) se for verificada a irregularidade da representa\u00e7\u00e3o de\nMateus, o juiz dever\u00e1 promover e extin\u00e7\u00e3o do processo for falta de capacidade\nprocessual. <\/p>\n\n\n\n<p>c) como aceitou a cita\u00e7\u00e3o, Mateus ser\u00e1 considerado revel\ncaso n\u00e3o se manifeste em ju\u00edzo. <\/p>\n\n\n\n<p>d) Mateus n\u00e3o tem capacidade processual para estar em ju\u00edzo,\ndevendo ser assistido por seus representantes legais. <\/p>\n\n\n\n<p>e) a cita\u00e7\u00e3o assinada por Mateus \u00e9 v\u00e1lida, embora, em raz\u00e3o\nde sua incapacidade processual, ele deva ser representado por seus pais em\nju\u00edzo. <\/p>\n\n\n\n<p><strong>Coment\u00e1rios<\/strong><\/p>\n\n\n\n<p>Vamos analisar cada uma das alternativas.<\/p>\n\n\n\n<p>A <strong>alternativa A<\/strong> est\u00e1 correta e \u00e9 o gabarito da quest\u00e3o. Mateus,\npor ter 15 anos, \u00e9 absolutamente incapaz, motivo pelo qual precisa de\nrepresentante nos autos. Se o adolescente n\u00e3o tiver representantes (por\nexemplo, os pais s\u00e3o falecidos) e n\u00e3o houver um guardi\u00e3o, o ju\u00edzo ir\u00e1 nomear um\ncurador especial, na forma do art. 72, II, do CPC.<\/p>\n\n\n\n<p>A alternativa B est\u00e1 incorreta, por dois motivos. Primeiro porque se a incapacidade atingir o polo passivo e n\u00e3o for regularizada, teremos a revelia, n\u00e3o a extin\u00e7\u00e3o do processo sem julgamento do m\u00e9rito. Somente no caso de irregularidade de representa\u00e7\u00e3o da parte autora \u00e9 que haver\u00e1 a extin\u00e7\u00e3o do processo sem julgamento do m\u00e9rito. Al\u00e9m disso, caso identificada a irregularidade, a primeira atitude do ju\u00edzo ser\u00e1 a suspens\u00e3o do processo e fixa\u00e7\u00e3o de prazo razo\u00e1vel para ajuste pela parte. Somente ap\u00f3s impor\u00e1 a consequ\u00eancia de revelia ou extin\u00e7\u00e3o do processo.<\/p>\n\n\n\n<p>A alternativa C est\u00e1 totalmente equivocada, pois n\u00e3o existe aceita\u00e7\u00e3o da cita\u00e7\u00e3o, dada a inevitabilidade da jurisdi\u00e7\u00e3o. Al\u00e9m disso, no caso espec\u00edfico, citado diretamente Mateus h\u00e1 irregularidade, pois faz-se necess\u00e1ria comunica\u00e7\u00e3o na pessoa do representante.<\/p>\n\n\n\n<p>\u00a0A<strong> <\/strong>alternativa D est\u00e1 incorreta, pois \u00e9 caso de representa\u00e7\u00e3o (0 a 16 anos, absolutamente incapaz), n\u00e3o de assist\u00eancia (16 a 18 anos, relativamente incapaz).<\/p>\n\n\n\n<p>A alternativa E est\u00e1 incorreta, pois h\u00e1 v\u00edcio na cita\u00e7\u00e3o direta de Mateus dada a incapacidade civil absoluta. Como dito, a cita\u00e7\u00e3o deveria ter sido direcionada para o representante de Mateus.<\/p>\n\n\n\n<p>&#8212;<\/p>\n\n\n\n<p><strong>(CESPE\/TJPA\/2020) <\/strong>O C\u00f3digo de Processo Civil disciplina\nos atos processuais que podem ser praticados pelas partes e os que devem ser\npraticados pelo juiz. A respeito dos atos processuais, assinale a op\u00e7\u00e3o\ncorreta. <\/p>\n\n\n\n<p>a) s\u00e3o exemplos de atos processuais das partes a contesta\u00e7\u00e3o\ne a media\u00e7\u00e3o. <\/p>\n\n\n\n<p>b) o ato processual do juiz que est\u00e1 apto a por fim ao\nprocesso \u00e9 a decis\u00e3o interlocut\u00f3ria. <\/p>\n\n\n\n<p>c) despacho \u00e9 todo pronunciamento judicial de natureza\ndecis\u00f3ria que n\u00e3o p\u00f5e fim ao processo. <\/p>\n\n\n\n<p>d) a senten\u00e7a \u00e9 o ato processual do juiz que p\u00f5e fim \u00e0 fase\ncognitiva, mas n\u00e3o extingue a execu\u00e7\u00e3o. <\/p>\n\n\n\n<p>e) s\u00e3o exemplos de atos bilaterais das partes a peti\u00e7\u00e3o\ninicial e a concilia\u00e7\u00e3o. <\/p>\n\n\n\n<p><strong>Coment\u00e1rios<\/strong> <\/p>\n\n\n\n<p>Vejamos cada um dos itens.<\/p>\n\n\n\n<p>A <strong>alternativa A<\/strong> est\u00e1 correta e \u00e9 o gabarito da quest\u00e3o. A\ncontesta\u00e7\u00e3o \u00e9 ato processual unilateral, praticado pela parte r\u00e9. A media\u00e7\u00e3o \u00e9\nato processual bilateral, pois autor e r\u00e9u buscam a composi\u00e7\u00e3o do lit\u00edgio\nconjuntamente.<\/p>\n\n\n\n<p>A alternativa B est\u00e1 incorreta, pois a decis\u00e3o do ju\u00edzo que p\u00f5e fim ao processo \u00e9 denominada de senten\u00e7a.<\/p>\n\n\n\n<p>A alternativa C est\u00e1 incorreta, pois o despacho \u00e9 pronunciamento do ju\u00edzo sem natureza decis\u00f3ria.<\/p>\n\n\n\n<p>A alternativa D est\u00e1 incorreta, pois senten\u00e7a \u00e9 conceituada como:<\/p>\n\n\n\n<ul class=\"wp-block-list\"><li>decis\u00e3o que encerra a fase de conhecimento;<\/li><\/ul>\n\n\n\n<ul class=\"wp-block-list\"><li>decis\u00e3o que extingue a execu\u00e7\u00e3o; e<\/li><\/ul>\n\n\n\n<ul class=\"wp-block-list\"><li>decis\u00e3o tida como tal nos procedimentos especiais, a exemplo do formal de partilha no processo de invent\u00e1rio e partilha.<\/li><\/ul>\n\n\n\n<p>A alternativa E est\u00e1 incorreta, pois a contesta\u00e7\u00e3o \u00e9 ato unilateral, pois praticado apenas pela parte r\u00e9.<\/p>\n\n\n\n<p>&#8212;<\/p>\n\n\n\n<p><strong>(CESPE\/TJPA\/2020) <\/strong>O juiz e os auxiliares de justi\u00e7a\nde uma localidade n\u00e3o t\u00eam compet\u00eancia para praticar dilig\u00eancias em comarcas\ndiferentes das que est\u00e3o lotados. Nesse contexto, pode ser necess\u00e1rio, por\nexemplo, solicitar a avalia\u00e7\u00e3o de bens pass\u00edveis de penhora que estejam em localidade\ndiferente daquela em que corre o processo. <\/p>\n\n\n\n<p>Em situa\u00e7\u00f5es como essa, expede-se ato de comunica\u00e7\u00e3o\nprocessual entre \u00f3rg\u00e3os do Poder Judici\u00e1rio, de modo a respeitarem os limites\nterritoriais de compet\u00eancia das comarcas. <\/p>\n\n\n\n<p>Tal ato de comunica\u00e7\u00e3o processual denomina-se<\/p>\n\n\n\n<p>a) carta de mandado. <\/p>\n\n\n\n<p>b) carta de autoriza\u00e7\u00e3o. <\/p>\n\n\n\n<p>c) carta de ordem.<\/p>\n\n\n\n<p>d) carta precat\u00f3ria.<\/p>\n\n\n\n<p>e) carga rogat\u00f3ria. <\/p>\n\n\n\n<p><strong>Coment\u00e1rios<\/strong> <\/p>\n\n\n\n<p>Como se trata de ato de coopera\u00e7\u00e3o entre ju\u00edzos de mesma\nhierarquia, a <strong>alternativa D<\/strong> \u00e9 a correta e gabarito da quest\u00e3o.<\/p>\n\n\n\n<p>Apenas para fixar o conte\u00fado, lembre-se:<\/p>\n\n\n\n<ul class=\"wp-block-list\"><li>carta de ordem envolve determinado do tribunal a que o juiz est\u00e1 vinculado para a pr\u00e1tica de atos processuais;<\/li><\/ul>\n\n\n\n<ul class=\"wp-block-list\"><li>carta rogat\u00f3ria envolve atos de coopera\u00e7\u00e3o entre ju\u00edzo de nacionalidade distinta.<\/li><\/ul>\n\n\n\n<p>Registre-se, ainda, que n\u00e3o existe carta de mandado e carta\nde autoriza\u00e7\u00e3o.<\/p>\n\n\n\n<p>&#8212;<\/p>\n\n\n\n<p><strong>(CESPE\/TJPA\/2020) <\/strong>M\u00e1rcio, domiciliado em Porto\nAlegre-RS, celebrou um contrato com F\u00e1bio, domiciliado em Gramado-RS, relativo\na empr\u00e9stimo a t\u00edtulo gratuito da quantia de R$20.000. Ambos acordaram que\nF\u00e1bio deveria devolver a quantia para M\u00e1rcio at\u00e9 o dia 12\/11\/2019. Diante do\ninadimplemento do valor, M\u00e1rcio decidiu promover uma a\u00e7\u00e3o contra F\u00e1bio. <\/p>\n\n\n\n<p>Considerando essa situa\u00e7\u00e3o hipot\u00e9tica, assinale a op\u00e7\u00e3o\ncorreta relativa a compet\u00eancia, prazos, forma, tempo e lugar dos atos\nprocessuais. <\/p>\n\n\n\n<p>a) o advogado de M\u00e1rcio n\u00e3o poder\u00e1 praticar atos processuais\ndurante o per\u00edodo de f\u00e9rias forenses, excetuados os casos previstos em lei. <\/p>\n\n\n\n<p>b) o juiz poder\u00e1 alterar os prazos perempt\u00f3rios ainda que\nM\u00e1rcio e F\u00e1bio n\u00e3o tenham anu\u00eddo. <\/p>\n\n\n\n<p>c) a cita\u00e7\u00e3o de F\u00e1bio n\u00e3o poder\u00e1 ser realizada no per\u00edodo de\nf\u00e9rias forenses. <\/p>\n\n\n\n<p>d) M\u00e1rcio dever\u00e1 protocolar a a\u00e7\u00e3o em Porto Alegre-RS, pois\no foro competente \u00e9 o do domicilio do autor. <\/p>\n\n\n\n<p>e) F\u00e1bio ter\u00e1 o prazo de 15 dias corridos para protocolar\nsua contesta\u00e7\u00e3o. <\/p>\n\n\n\n<p><strong>Coment\u00e1rios<\/strong> <\/p>\n\n\n\n<p>Quest\u00e3o interessante que aborda v\u00e1rios aspectos do Direito\nProcessual Civil.<\/p>\n\n\n\n<p>A <strong>alternativa A<\/strong> est\u00e1 correta e \u00e9 o gabarito da quest\u00e3o. Durante o\nper\u00edodo de suspens\u00e3o do processo, n\u00e3o haver\u00e1 pr\u00e1tica de atos processuais, salvo\nsitua\u00e7\u00f5es excepcionais autorizadas por lei, a exemplo de peti\u00e7\u00f5es urgentes. <\/p>\n\n\n\n<p>H\u00e1, entretanto, uma cr\u00edtica. N\u00e3o obstante o CPC mencione que\nn\u00e3o haver\u00e1 pr\u00e1tica de atos processuais durante o per\u00edodo de f\u00e9rias forenses, na\nrealidade n\u00e3o h\u00e1 impedimento para a pr\u00e1tica de atos unilaterais como a\ncontesta\u00e7\u00e3o, a interposi\u00e7\u00e3o do recurso. O que n\u00e3o teremos ser\u00e1 uma audi\u00eancia de\nconcilia\u00e7\u00e3o, de instru\u00e7\u00e3o etc. Na realidade, os autos ficam suspensos de 20 de\ndezembro a 20 de janeiro.<\/p>\n\n\n\n<p>Contudo, em face do que prev\u00ea o art. 214, <em>caput<\/em>,\nprev\u00ea que durante o per\u00edodo de f\u00e9rias forenses n\u00e3o s\u00e3o praticados atos\nprocessuais. A quest\u00e3o foi elaborada em torno da literalidade do dispositivo do\nC\u00f3digo que n\u00e3o \u00e9 das melhores. <\/p>\n\n\n\n<p>A alternativa B est\u00e1 incorreta, pois o \u00a71\u00ba do art. 222 do C\u00f3digo prev\u00ea que o juiz n\u00e3o poder\u00e1 reduzir prazos perempt\u00f3rios sem a anu\u00eancia das partes. Assim, peca a quest\u00e3o ao mencionar a possibilidade de o ju\u00edzo alterar o prazo sem anu\u00eancia das partes.<\/p>\n\n\n\n<p>A alternativa D est\u00e1 incorreta, pois no caso de contrato (direito pessoal) a a\u00e7\u00e3o dever\u00e1 ser ajuizada no foro do domic\u00edlio do r\u00e9u, seguindo orienta\u00e7\u00e3o do art. 46 do CPC.<\/p>\n\n\n\n<p>Por fim, est\u00e1 incorreta a alternativa E, uma vez que o prazo processual no CPC \u00e9 contato em dias \u00fateis, n\u00e3o em dias corridos. <\/p>\n\n\n\n<p>&#8212;<\/p>\n\n\n\n<p>\u00c9 isso. <\/p>\n\n\n\n<p>Bons estudos!!<\/p>\n","protected":false},"excerpt":{"rendered":"<p>Ol\u00e1 pessoal, boa noite! Neste artigo, comentamos as quest\u00f5es de Processo Civil que foram aplicadas na prova do TJPA, pelo CESPE no dia 19\/1\/2020. S\u00e3o as primeiras quest\u00f5es de 2020 que temos da disciplina. Se voc\u00ea n\u00e3o fez a prova, \u00e9 hora de ficar atualizado nas quest\u00f5es mais recentes da banca. Se fez, confira nossos [&hellip;]<\/p>\n","protected":false},"author":180,"featured_media":0,"comment_status":"open","ping_status":"closed","sticky":false,"template":"","format":"standard","meta":{"post_tipo":"article","footnotes":""},"categories":[1],"tags":[3127,1245,1182,867,595],"tax_estado":[],"class_list":["post-472805","post","type-post","status-publish","format-standard","hentry","category-cursos-e-concursos","tag-dpc","tag-gabarito-extraoficial","tag-processo-civil","tag-prova-comentada","tag-tj-pa"],"acf":[],"yoast_head":"<!-- This site is optimized with the Yoast SEO Premium plugin v27.2 (Yoast SEO v27.2) - https:\/\/yoast.com\/product\/yoast-seo-premium-wordpress\/ -->\n<title>Gabarito Extraoficial TJ-PA - Direito Processual Civil<\/title>\n<meta name=\"robots\" content=\"index, follow, max-snippet:-1, max-image-preview:large, max-video-preview:-1\" \/>\n<link rel=\"canonical\" href=\"https:\/\/www.estrategiaconcursos.com.br\/blog\/gabarito-extraoficial-tj-pa-direito-processual-civil\/\" \/>\n<meta property=\"og:locale\" content=\"pt_BR\" \/>\n<meta property=\"og:type\" content=\"article\" \/>\n<meta property=\"og:title\" content=\"Gabarito Extraoficial TJ-PA - Direito Processual Civil\" \/>\n<meta property=\"og:description\" content=\"Ol\u00e1 pessoal, boa noite! Neste artigo, comentamos as quest\u00f5es de Processo Civil que foram aplicadas na prova do TJPA, pelo CESPE no dia 19\/1\/2020. S\u00e3o as primeiras quest\u00f5es de 2020 que temos da disciplina. Se voc\u00ea n\u00e3o fez a prova, \u00e9 hora de ficar atualizado nas quest\u00f5es mais recentes da banca. Se fez, confira nossos [&hellip;]\" \/>\n<meta property=\"og:url\" content=\"https:\/\/www.estrategiaconcursos.com.br\/blog\/gabarito-extraoficial-tj-pa-direito-processual-civil\/\" \/>\n<meta property=\"og:site_name\" content=\"Estrat\u00e9gia Concursos\" \/>\n<meta property=\"article:author\" content=\"https:\/\/www.facebook.com\/ricardo.s.torques\" \/>\n<meta property=\"article:published_time\" content=\"2020-01-22T11:39:46+00:00\" \/>\n<meta property=\"article:modified_time\" content=\"2020-01-22T11:39:48+00:00\" \/>\n<meta name=\"author\" content=\"Ricardo Torques\" \/>\n<meta name=\"twitter:card\" content=\"summary_large_image\" \/>\n<meta name=\"twitter:creator\" content=\"@EstratConcursos\" \/>\n<meta name=\"twitter:site\" content=\"@EstratConcursos\" \/>\n<meta name=\"twitter:label1\" content=\"Escrito por\" \/>\n\t<meta name=\"twitter:data1\" content=\"Ricardo Torques\" \/>\n\t<meta name=\"twitter:label2\" content=\"Est. tempo de leitura\" \/>\n\t<meta name=\"twitter:data2\" content=\"17 minutos\" \/>\n<script type=\"application\/ld+json\" class=\"yoast-schema-graph\">{\"@context\":\"https:\/\/schema.org\",\"@graph\":[{\"@type\":\"NewsArticle\",\"@id\":\"https:\/\/www.estrategiaconcursos.com.br\/blog\/gabarito-extraoficial-tj-pa-direito-processual-civil\/#article\",\"isPartOf\":{\"@id\":\"https:\/\/www.estrategiaconcursos.com.br\/blog\/gabarito-extraoficial-tj-pa-direito-processual-civil\/\"},\"author\":{\"name\":\"Ricardo Torques\",\"@id\":\"https:\/\/www.estrategiaconcursos.com.br\/blog\/#\/schema\/person\/aa39cf5ddb518e5bdce27c35788405e2\"},\"headline\":\"Gabarito Extraoficial TJ-PA &#8211; Direito Processual Civil\",\"datePublished\":\"2020-01-22T11:39:46+00:00\",\"dateModified\":\"2020-01-22T11:39:48+00:00\",\"mainEntityOfPage\":{\"@id\":\"https:\/\/www.estrategiaconcursos.com.br\/blog\/gabarito-extraoficial-tj-pa-direito-processual-civil\/\"},\"wordCount\":3407,\"commentCount\":0,\"publisher\":{\"@id\":\"https:\/\/www.estrategiaconcursos.com.br\/blog\/#organization\"},\"keywords\":[\"DPC\",\"Gabarito Extraoficial\",\"Processo Civil\",\"prova comentada\",\"TJ-PA\"],\"articleSection\":[\"Concursos P\u00fablicos\"],\"inLanguage\":\"pt-BR\",\"potentialAction\":[{\"@type\":\"CommentAction\",\"name\":\"Comment\",\"target\":[\"https:\/\/www.estrategiaconcursos.com.br\/blog\/gabarito-extraoficial-tj-pa-direito-processual-civil\/#respond\"]}],\"copyrightYear\":\"2020\",\"copyrightHolder\":{\"@id\":\"https:\/\/www.estrategiaconcursos.com.br\/blog\/#organization\"}},{\"@type\":\"WebPage\",\"@id\":\"https:\/\/www.estrategiaconcursos.com.br\/blog\/gabarito-extraoficial-tj-pa-direito-processual-civil\/\",\"url\":\"https:\/\/www.estrategiaconcursos.com.br\/blog\/gabarito-extraoficial-tj-pa-direito-processual-civil\/\",\"name\":\"Gabarito Extraoficial TJ-PA - Direito Processual Civil\",\"isPartOf\":{\"@id\":\"https:\/\/www.estrategiaconcursos.com.br\/blog\/#website\"},\"datePublished\":\"2020-01-22T11:39:46+00:00\",\"dateModified\":\"2020-01-22T11:39:48+00:00\",\"breadcrumb\":{\"@id\":\"https:\/\/www.estrategiaconcursos.com.br\/blog\/gabarito-extraoficial-tj-pa-direito-processual-civil\/#breadcrumb\"},\"inLanguage\":\"pt-BR\",\"potentialAction\":[{\"@type\":\"ReadAction\",\"target\":[\"https:\/\/www.estrategiaconcursos.com.br\/blog\/gabarito-extraoficial-tj-pa-direito-processual-civil\/\"]}]},{\"@type\":\"BreadcrumbList\",\"@id\":\"https:\/\/www.estrategiaconcursos.com.br\/blog\/gabarito-extraoficial-tj-pa-direito-processual-civil\/#breadcrumb\",\"itemListElement\":[{\"@type\":\"ListItem\",\"position\":1,\"name\":\"In\u00edcio\",\"item\":\"https:\/\/www.estrategiaconcursos.com.br\/blog\/\"},{\"@type\":\"ListItem\",\"position\":2,\"name\":\"Gabarito Extraoficial TJ-PA &#8211; Direito Processual Civil\"}]},{\"@type\":\"WebSite\",\"@id\":\"https:\/\/www.estrategiaconcursos.com.br\/blog\/#website\",\"url\":\"https:\/\/www.estrategiaconcursos.com.br\/blog\/\",\"name\":\"Estrat\u00e9gia Concursos\",\"description\":\"O blog da Estrat\u00e9gia Concursos traz not\u00edcias sobre concursos e artigos de professores oferecendo cursos para concursos (pdf + videaulas) no site.\",\"publisher\":{\"@id\":\"https:\/\/www.estrategiaconcursos.com.br\/blog\/#organization\"},\"potentialAction\":[{\"@type\":\"SearchAction\",\"target\":{\"@type\":\"EntryPoint\",\"urlTemplate\":\"https:\/\/www.estrategiaconcursos.com.br\/blog\/?s={search_term_string}\"},\"query-input\":{\"@type\":\"PropertyValueSpecification\",\"valueRequired\":true,\"valueName\":\"search_term_string\"}}],\"inLanguage\":\"pt-BR\"},{\"@type\":\"Organization\",\"@id\":\"https:\/\/www.estrategiaconcursos.com.br\/blog\/#organization\",\"name\":\"Estrat\u00e9gia Concursos\",\"url\":\"https:\/\/www.estrategiaconcursos.com.br\/blog\/\",\"logo\":{\"@type\":\"ImageObject\",\"inLanguage\":\"pt-BR\",\"@id\":\"https:\/\/www.estrategiaconcursos.com.br\/blog\/#\/schema\/logo\/image\/\",\"url\":\"https:\/\/dhg1h5j42swfq.cloudfront.net\/2025\/06\/03203428\/logo_concursos-1.jpg\",\"contentUrl\":\"https:\/\/dhg1h5j42swfq.cloudfront.net\/2025\/06\/03203428\/logo_concursos-1.jpg\",\"width\":230,\"height\":60,\"caption\":\"Estrat\u00e9gia Concursos\"},\"image\":{\"@id\":\"https:\/\/www.estrategiaconcursos.com.br\/blog\/#\/schema\/logo\/image\/\"},\"sameAs\":[\"https:\/\/x.com\/EstratConcursos\"]},{\"@type\":\"Person\",\"@id\":\"https:\/\/www.estrategiaconcursos.com.br\/blog\/#\/schema\/person\/aa39cf5ddb518e5bdce27c35788405e2\",\"name\":\"Ricardo Torques\",\"image\":{\"@type\":\"ImageObject\",\"inLanguage\":\"pt-BR\",\"@id\":\"https:\/\/secure.gravatar.com\/avatar\/ce9ac6c3cff25fe86d15ed568ebc64d1724baf5c0693133bcb1f6073f712f92a?s=96&d=mm&r=g\",\"url\":\"https:\/\/secure.gravatar.com\/avatar\/ce9ac6c3cff25fe86d15ed568ebc64d1724baf5c0693133bcb1f6073f712f92a?s=96&d=mm&r=g\",\"contentUrl\":\"https:\/\/secure.gravatar.com\/avatar\/ce9ac6c3cff25fe86d15ed568ebc64d1724baf5c0693133bcb1f6073f712f92a?s=96&d=mm&r=g\",\"caption\":\"Ricardo Torques\"},\"sameAs\":[\"https:\/\/www.facebook.com\/ricardo.s.torques\"],\"url\":\"https:\/\/www.estrategiaconcursos.com.br\/blog\/author\/ricardotorquesestrategiaconcursos-com-br\/\"}]}<\/script>\n<!-- \/ Yoast SEO Premium plugin. -->","yoast_head_json":{"title":"Gabarito Extraoficial TJ-PA - Direito Processual Civil","robots":{"index":"index","follow":"follow","max-snippet":"max-snippet:-1","max-image-preview":"max-image-preview:large","max-video-preview":"max-video-preview:-1"},"canonical":"https:\/\/www.estrategiaconcursos.com.br\/blog\/gabarito-extraoficial-tj-pa-direito-processual-civil\/","og_locale":"pt_BR","og_type":"article","og_title":"Gabarito Extraoficial TJ-PA - Direito Processual Civil","og_description":"Ol\u00e1 pessoal, boa noite! Neste artigo, comentamos as quest\u00f5es de Processo Civil que foram aplicadas na prova do TJPA, pelo CESPE no dia 19\/1\/2020. S\u00e3o as primeiras quest\u00f5es de 2020 que temos da disciplina. Se voc\u00ea n\u00e3o fez a prova, \u00e9 hora de ficar atualizado nas quest\u00f5es mais recentes da banca. Se fez, confira nossos [&hellip;]","og_url":"https:\/\/www.estrategiaconcursos.com.br\/blog\/gabarito-extraoficial-tj-pa-direito-processual-civil\/","og_site_name":"Estrat\u00e9gia Concursos","article_author":"https:\/\/www.facebook.com\/ricardo.s.torques","article_published_time":"2020-01-22T11:39:46+00:00","article_modified_time":"2020-01-22T11:39:48+00:00","author":"Ricardo Torques","twitter_card":"summary_large_image","twitter_creator":"@EstratConcursos","twitter_site":"@EstratConcursos","twitter_misc":{"Escrito por":"Ricardo Torques","Est. tempo de leitura":"17 minutos"},"schema":{"@context":"https:\/\/schema.org","@graph":[{"@type":"NewsArticle","@id":"https:\/\/www.estrategiaconcursos.com.br\/blog\/gabarito-extraoficial-tj-pa-direito-processual-civil\/#article","isPartOf":{"@id":"https:\/\/www.estrategiaconcursos.com.br\/blog\/gabarito-extraoficial-tj-pa-direito-processual-civil\/"},"author":{"name":"Ricardo Torques","@id":"https:\/\/www.estrategiaconcursos.com.br\/blog\/#\/schema\/person\/aa39cf5ddb518e5bdce27c35788405e2"},"headline":"Gabarito Extraoficial TJ-PA &#8211; Direito Processual Civil","datePublished":"2020-01-22T11:39:46+00:00","dateModified":"2020-01-22T11:39:48+00:00","mainEntityOfPage":{"@id":"https:\/\/www.estrategiaconcursos.com.br\/blog\/gabarito-extraoficial-tj-pa-direito-processual-civil\/"},"wordCount":3407,"commentCount":0,"publisher":{"@id":"https:\/\/www.estrategiaconcursos.com.br\/blog\/#organization"},"keywords":["DPC","Gabarito Extraoficial","Processo Civil","prova comentada","TJ-PA"],"articleSection":["Concursos P\u00fablicos"],"inLanguage":"pt-BR","potentialAction":[{"@type":"CommentAction","name":"Comment","target":["https:\/\/www.estrategiaconcursos.com.br\/blog\/gabarito-extraoficial-tj-pa-direito-processual-civil\/#respond"]}],"copyrightYear":"2020","copyrightHolder":{"@id":"https:\/\/www.estrategiaconcursos.com.br\/blog\/#organization"}},{"@type":"WebPage","@id":"https:\/\/www.estrategiaconcursos.com.br\/blog\/gabarito-extraoficial-tj-pa-direito-processual-civil\/","url":"https:\/\/www.estrategiaconcursos.com.br\/blog\/gabarito-extraoficial-tj-pa-direito-processual-civil\/","name":"Gabarito Extraoficial TJ-PA - Direito Processual Civil","isPartOf":{"@id":"https:\/\/www.estrategiaconcursos.com.br\/blog\/#website"},"datePublished":"2020-01-22T11:39:46+00:00","dateModified":"2020-01-22T11:39:48+00:00","breadcrumb":{"@id":"https:\/\/www.estrategiaconcursos.com.br\/blog\/gabarito-extraoficial-tj-pa-direito-processual-civil\/#breadcrumb"},"inLanguage":"pt-BR","potentialAction":[{"@type":"ReadAction","target":["https:\/\/www.estrategiaconcursos.com.br\/blog\/gabarito-extraoficial-tj-pa-direito-processual-civil\/"]}]},{"@type":"BreadcrumbList","@id":"https:\/\/www.estrategiaconcursos.com.br\/blog\/gabarito-extraoficial-tj-pa-direito-processual-civil\/#breadcrumb","itemListElement":[{"@type":"ListItem","position":1,"name":"In\u00edcio","item":"https:\/\/www.estrategiaconcursos.com.br\/blog\/"},{"@type":"ListItem","position":2,"name":"Gabarito Extraoficial TJ-PA &#8211; Direito Processual Civil"}]},{"@type":"WebSite","@id":"https:\/\/www.estrategiaconcursos.com.br\/blog\/#website","url":"https:\/\/www.estrategiaconcursos.com.br\/blog\/","name":"Estrat\u00e9gia Concursos","description":"O blog da Estrat\u00e9gia Concursos traz not\u00edcias sobre concursos e artigos de professores oferecendo cursos para concursos (pdf + videaulas) no site.","publisher":{"@id":"https:\/\/www.estrategiaconcursos.com.br\/blog\/#organization"},"potentialAction":[{"@type":"SearchAction","target":{"@type":"EntryPoint","urlTemplate":"https:\/\/www.estrategiaconcursos.com.br\/blog\/?s={search_term_string}"},"query-input":{"@type":"PropertyValueSpecification","valueRequired":true,"valueName":"search_term_string"}}],"inLanguage":"pt-BR"},{"@type":"Organization","@id":"https:\/\/www.estrategiaconcursos.com.br\/blog\/#organization","name":"Estrat\u00e9gia Concursos","url":"https:\/\/www.estrategiaconcursos.com.br\/blog\/","logo":{"@type":"ImageObject","inLanguage":"pt-BR","@id":"https:\/\/www.estrategiaconcursos.com.br\/blog\/#\/schema\/logo\/image\/","url":"https:\/\/dhg1h5j42swfq.cloudfront.net\/2025\/06\/03203428\/logo_concursos-1.jpg","contentUrl":"https:\/\/dhg1h5j42swfq.cloudfront.net\/2025\/06\/03203428\/logo_concursos-1.jpg","width":230,"height":60,"caption":"Estrat\u00e9gia Concursos"},"image":{"@id":"https:\/\/www.estrategiaconcursos.com.br\/blog\/#\/schema\/logo\/image\/"},"sameAs":["https:\/\/x.com\/EstratConcursos"]},{"@type":"Person","@id":"https:\/\/www.estrategiaconcursos.com.br\/blog\/#\/schema\/person\/aa39cf5ddb518e5bdce27c35788405e2","name":"Ricardo Torques","image":{"@type":"ImageObject","inLanguage":"pt-BR","@id":"https:\/\/secure.gravatar.com\/avatar\/ce9ac6c3cff25fe86d15ed568ebc64d1724baf5c0693133bcb1f6073f712f92a?s=96&d=mm&r=g","url":"https:\/\/secure.gravatar.com\/avatar\/ce9ac6c3cff25fe86d15ed568ebc64d1724baf5c0693133bcb1f6073f712f92a?s=96&d=mm&r=g","contentUrl":"https:\/\/secure.gravatar.com\/avatar\/ce9ac6c3cff25fe86d15ed568ebc64d1724baf5c0693133bcb1f6073f712f92a?s=96&d=mm&r=g","caption":"Ricardo Torques"},"sameAs":["https:\/\/www.facebook.com\/ricardo.s.torques"],"url":"https:\/\/www.estrategiaconcursos.com.br\/blog\/author\/ricardotorquesestrategiaconcursos-com-br\/"}]}},"_links":{"self":[{"href":"https:\/\/www.estrategiaconcursos.com.br\/blog\/wp-json\/wp\/v2\/posts\/472805","targetHints":{"allow":["GET"]}}],"collection":[{"href":"https:\/\/www.estrategiaconcursos.com.br\/blog\/wp-json\/wp\/v2\/posts"}],"about":[{"href":"https:\/\/www.estrategiaconcursos.com.br\/blog\/wp-json\/wp\/v2\/types\/post"}],"author":[{"embeddable":true,"href":"https:\/\/www.estrategiaconcursos.com.br\/blog\/wp-json\/wp\/v2\/users\/180"}],"replies":[{"embeddable":true,"href":"https:\/\/www.estrategiaconcursos.com.br\/blog\/wp-json\/wp\/v2\/comments?post=472805"}],"version-history":[{"count":1,"href":"https:\/\/www.estrategiaconcursos.com.br\/blog\/wp-json\/wp\/v2\/posts\/472805\/revisions"}],"predecessor-version":[{"id":472807,"href":"https:\/\/www.estrategiaconcursos.com.br\/blog\/wp-json\/wp\/v2\/posts\/472805\/revisions\/472807"}],"wp:attachment":[{"href":"https:\/\/www.estrategiaconcursos.com.br\/blog\/wp-json\/wp\/v2\/media?parent=472805"}],"wp:term":[{"taxonomy":"category","embeddable":true,"href":"https:\/\/www.estrategiaconcursos.com.br\/blog\/wp-json\/wp\/v2\/categories?post=472805"},{"taxonomy":"post_tag","embeddable":true,"href":"https:\/\/www.estrategiaconcursos.com.br\/blog\/wp-json\/wp\/v2\/tags?post=472805"},{"taxonomy":"tax_estado","embeddable":true,"href":"https:\/\/www.estrategiaconcursos.com.br\/blog\/wp-json\/wp\/v2\/tax_estado?post=472805"}],"curies":[{"name":"wp","href":"https:\/\/api.w.org\/{rel}","templated":true}]}}