{"id":472802,"date":"2020-04-09T10:00:00","date_gmt":"2020-04-09T13:00:00","guid":{"rendered":"https:\/\/www.estrategiaconcursos.com.br\/blog\/?p=472802"},"modified":"2020-04-09T10:15:09","modified_gmt":"2020-04-09T13:15:09","slug":"edital-cau-sp","status":"publish","type":"post","link":"https:\/\/www.estrategiaconcursos.com.br\/blog\/edital-cau-sp\/","title":{"rendered":"Edital CAU SP: retifica\u00e7\u00e3o altera conte\u00fado program\u00e1tico"},"content":{"rendered":"\n<h2 class=\"wp-block-heading\">\u00d3rg\u00e3o decide suspender certame por causa do coronav\u00edrus<\/h2>\n\n\n\n<p>O Conselho de Arquitetura de Urbanismo de S\u00e3o Paulo divulgou que o conte\u00fado program\u00e1tico do certame ser\u00e1 ajustado.De acordo com o documento, o anexo II foi modificado e agora permanecer\u00e1 da seguinte forma. Confira abaixo:<\/p>\n\n\n\n<div class=\"wp-block-image\"><figure class=\"aligncenter size-large is-resized\"><img loading=\"lazy\" decoding=\"async\" src=\"https:\/\/dhg1h5j42swfq.cloudfront.net\/2020\/04\/09101316\/image-108.png\" alt=\"\" class=\"wp-image-502000\" width=\"520\" height=\"349\" srcset=\"https:\/\/dhg1h5j42swfq.cloudfront.net\/2020\/04\/09101316\/image-108.png 854w, https:\/\/dhg1h5j42swfq.cloudfront.net\/2020\/04\/09101316\/image-108-300x201.png 300w, https:\/\/dhg1h5j42swfq.cloudfront.net\/2020\/04\/09101316\/image-108-768x515.png 768w, https:\/\/dhg1h5j42swfq.cloudfront.net\/2020\/04\/09101316\/image-108-610x409.png 610w\" sizes=\"auto, (max-width: 520px) 100vw, 520px\" \/><\/figure><\/div>\n\n\n\n<p><strong> <\/strong>O concurso segue suspenso devido a pandemia de Coronav\u00edrus. A decis\u00e3o partiu do Presidente do CAU SP, Jos\u00e9 Roberto Geraldine Junior, que acatou a decis\u00e3o do decreto publicado pelo  Governo do Estado de S\u00e3o Paulo, para evitar aglomera\u00e7\u00f5es e com isso conseguir combater o coronav\u00edrus. <\/p>\n\n\n\n<p> Vale lembrar que o Conselho de Arquitetura de Urbanismo de S\u00e3o Paulo divulgou que o cargo de Analista de Gest\u00e3o de Pessoas ser\u00e1 exclu\u00eddo do certame. A partir de agora o certame ofertar\u00e1 aos candidatos agora 27 vagas para cargos  de n\u00edvel m\u00e9dio e superior.  <\/p>\n\n\n\n<p>Confira abaixo: <\/p>\n\n\n\n<h2 class=\"wp-block-heading\" id=\"data\">Principais datas do concurso CAU SP<\/h2>\n\n\n\n<ul class=\"wp-block-list\"><li><strong><em>O \u00faltimo dia para pagamento da taxa inscri\u00e7\u00e3o teve data alterada (de&nbsp;08\/03\/2020&nbsp;para&nbsp;09\/03\/2020);<\/em><\/strong><\/li><li><strong><em>N\u00e3o ser\u00e1 aceito pagamento ap\u00f3s dia&nbsp;09\/03\/2020;<\/em><\/strong><\/li><li><strong><em>Boleto para pagamento da taxa ficar\u00e1 dispon\u00edvel no site da Funda\u00e7\u00e3o Vunesp (https:\/\/www.vunesp.com.br) at\u00e9&nbsp;09\/03\/2020;<\/em><\/strong><\/li><li><strong><em>A data para fazer solicita\u00e7\u00e3o de condi\u00e7\u00e3o especial ou de tempo adicional para fazer a prova foi alterada (de&nbsp;25\/03\/2020&nbsp;para&nbsp;20\/03\/2020);<\/em><\/strong><\/li><li><strong><em>Publica\u00e7\u00e3o do resultado definitivo da solicita\u00e7\u00e3o de condi\u00e7\u00e3o especial ou de tempo adicional para fazer a prova foi alterada (de&nbsp;03\/04\/2020&nbsp;para&nbsp;30\/03\/2020);<\/em><\/strong><\/li><li><strong><em>A prova de t\u00edtulos, que antes aconteceria no mesmo dia da prova objetiva e estudo de caso, teve data alterada para&nbsp;25\/04\/2020.<\/em><\/strong><\/li><\/ul>\n\n\n\n<p class=\"has-background has-very-light-gray-background-color\"><strong><em>Inscri\u00e7\u00e3o:  29 de janeiro a 6 de mar\u00e7o de 2020<br \/>Taxa: R$ 56,50 &#8211; R$ 82,20 <\/em><\/strong><br \/><em><strong>Isen\u00e7\u00e3o: 29 a 30 de janeiro de 202<\/strong><\/em><strong><em>0<\/em><\/strong><strong><em><br \/>Prova: 26 de abril de 2020<\/em><\/strong><\/p>\n\n\n\n<h2 class=\"wp-block-heading\" id=\"vagas\">Cargos e vagas do concurso CAU SP <\/h2>\n\n\n\n<p><\/p>\n\n\n\n<figure class=\"wp-block-table is-style-stripes\"><table class=\"has-subtle-pale-blue-background-color has-fixed-layout has-background\"><tbody><tr><td><strong>Cargo <\/strong><\/td><td><strong>N\u00edvel <\/strong><\/td><td><strong>Vagas<\/strong><\/td><td><strong>Remunera\u00e7\u00e3o <\/strong><\/td><td><strong>Lota\u00e7\u00e3o<\/strong><\/td><\/tr><tr><td>Assistente T\u00e9cnico Administrativo <\/td><td>M\u00e9dio <\/td><td>04<\/td><td> R$ 2.832,11   <\/td><td>Bauru, Campinas, S\u00e3o Jos\u00e9 do Rio Preto, S\u00e3o Jos\u00e9 dos Campos <\/td><\/tr><tr><td>Analista Administrativo <\/td><td>Superior<\/td><td>03<\/td><td>R$ 5.261,72  <\/td><td> <em>&nbsp;<\/em>S\u00e3o Paulo<\/td><\/tr><tr><td>Analista Cont\u00e1bil&nbsp;<\/td><td>Superior <\/td><td>01<\/td><td>R$ 5.261,72  <\/td><td> S\u00e3o Paulo <\/td><\/tr><tr><td>Analista de Comunica\u00e7\u00e3o<\/td><td>Superior <\/td><td>01<\/td><td>R$ 5.261,72  <\/td><td> S\u00e3o Paulo <\/td><\/tr><tr><td>Analista de Gest\u00e3o Financeira&nbsp;<\/td><td>Superior <\/td><td>01<\/td><td>R$ 5.261,72  <\/td><td> S\u00e3o Paulo <\/td><\/tr><tr><td>Analista de Tecnologia da Informa\u00e7\u00e3o e Comunica\u00e7\u00e3o&nbsp;<\/td><td>Superior <\/td><td>01<\/td><td>R$ 5.261,72  <\/td><td> S\u00e3o Paulo <\/td><\/tr><tr><td>Analista Executivo<\/td><td>Superior <\/td><td>02<\/td><td>R$ 5.261,72  <\/td><td> S\u00e3o Paulo <\/td><\/tr><tr><td>Agente de Fiscaliza\u00e7\u00e3o <\/td><td>Superior <\/td><td>11<\/td><td> R$ 8.842,28  <\/td><td>Bauru, Campinas, Presidente Prudente, Ribeir\u00e3o Preto, Santos,  S\u00e3o Jos\u00e9 do Rio Preto, S\u00e3o Jos\u00e9 dos Campos, S\u00e3o Paulo, Sorocaba  <\/td><\/tr><tr><td>Analista T\u00e9cnico em Arquitetura e Urbanismo <\/td><td>Superior <\/td><td>03<\/td><td> R$ 8.842,28  <\/td><td>S\u00e3o Paulo <\/td><\/tr><\/tbody><\/table><\/figure>\n\n\n\n<h2 class=\"wp-block-heading\" id=\"etapas-concurso\">Etapas do concurso CAU SP <\/h2>\n\n\n\n<p>O Concurso ser\u00e1 composto das seguintes fases: <\/p>\n\n\n\n<ul class=\"wp-block-list\"><li><strong><em>Prova Objetiva<\/em><\/strong> <em>(todos os cargos)<\/em>: car\u00e1ter eliminat\u00f3rio e classificat\u00f3rio;<\/li><li><strong><em>Prova de Reda\u00e7\u00e3o<\/em> <\/strong><em>(n\u00edvel m\u00e9dio)<\/em>: car\u00e1ter eliminat\u00f3rio e classificat\u00f3rio;<\/li><li><strong><em>Prova de Estudo de Caso <\/em><\/strong>(n\u00edvel superior): car\u00e1ter eliminat\u00f3rio e classificat\u00f3rio; <\/li><li><em><strong>Prova de T\u00edtulos<\/strong><\/em> (n\u00edvel superior): car\u00e1ter classificat\u00f3rio. <\/li><\/ul>\n\n\n\n<h3 class=\"wp-block-heading\">Prova Objetiva <\/h3>\n\n\n\n<p>A Prova Objetiva ser\u00e1 composta de <strong>40 quest\u00f5es<\/strong> de m\u00faltipla escolha para todos os cargos. <\/p>\n\n\n\n<p>A divis\u00e3o das disciplinas ser\u00e1 a seguinte para todos os cargos, mudando apenas a forma de abordagem e os conte\u00fados espec\u00edficos de cada uma delas: <\/p>\n\n\n\n<h4 class=\"wp-block-heading\">Cargos de N\u00edvel M\u00e9dio e Superior <\/h4>\n\n\n\n<p><\/p>\n\n\n\n<figure class=\"wp-block-table is-style-stripes\"><table class=\"has-subtle-pale-blue-background-color has-fixed-layout has-background\"><tbody><tr><td><strong>Disciplina<\/strong><\/td><td><strong>N.\u00ba quest\u00f5es<\/strong><\/td><\/tr><tr><td>L\u00edngua Portuguesa<\/td><td>10<\/td><\/tr><tr><td>Racioc\u00ednio L\u00f3gico <\/td><td>5<\/td><\/tr><tr><td>Conhecimentos Comuns <\/td><td>5<\/td><\/tr><tr><td>Conhecimentos Espec\u00edficos<\/td><td>20<\/td><\/tr><\/tbody><\/table><\/figure>\n\n\n\n<p>O \u00fanico cargo que ter\u00e1 disciplina e n\u00famero de quest\u00f5es distinto ser\u00e1 o de Analista Executivo, que seguir\u00e1 a divis\u00e3o a seguir exposta. <\/p>\n\n\n\n<h4 class=\"wp-block-heading\">Analista Executivo <\/h4>\n\n\n\n<p><\/p>\n\n\n\n<figure class=\"wp-block-table is-style-stripes\"><table class=\"has-subtle-pale-blue-background-color has-fixed-layout has-background\"><tbody><tr><td><strong>Disciplina<\/strong><\/td><td><strong>N.\u00ba quest\u00f5es<\/strong><\/td><\/tr><tr><td>L\u00edngua Portuguesa<\/td><td>10<\/td><\/tr><tr><td>Racioc\u00ednio L\u00f3gico <\/td><td>5<\/td><\/tr><tr><td>Conhecimentos Comuns <\/td><td>5<\/td><\/tr><tr><td>Conhecimentos Espec\u00edficos<\/td><td>10<\/td><\/tr><tr><td>L\u00edngua Inglesa<\/td><td>10<\/td><\/tr><\/tbody><\/table><\/figure>\n\n\n\n<h3 class=\"wp-block-heading\">Prova de Reda\u00e7\u00e3o<\/h3>\n\n\n\n<p>A Prova de Reda\u00e7\u00e3o ser\u00e1 aplicada junto com a Prova Objetiva, no per\u00edodo da manh\u00e3, para os cargos de n\u00edvel m\u00e9dio e, para resolver ambas, o candidato possuir\u00e1 o tempo de <strong>4 horas<\/strong>. <\/p>\n\n\n\n<p>A Prova de Reda\u00e7\u00e3o ser\u00e1 avaliada na escala de 0 a 100 pontos, valendo peso final 0,20. Ser\u00e1 considerado habilitado, na prova de reda\u00e7\u00e3o, o candidato que obtiver nota igual ou superior a 50,00 pontos.<\/p>\n\n\n\n<h3 class=\"wp-block-heading\">Prova de Estudo de Caso <\/h3>\n\n\n\n<p>A Prova de Estudo de Caso ser\u00e1 aplicada junto com a Prova Objetiva, no per\u00edodo da tarde para os cargos de n\u00edvel superior (\u00e0 exce\u00e7\u00e3o do cargo de  Analista T\u00e9cnico em Arquitetura e Urbanismo, cujas provas ser\u00e3o apicadas no per\u00edodo da manh\u00e3). <\/p>\n\n\n\n<p>Para resolver ambas o candidato ter\u00e1 o tempo de <strong>4 horas<\/strong>. Ser\u00e3o corrigidas apenas as Provas de Estudo de Caso dos <em>50 primeiros candidatos de ampla concorr\u00eancia<\/em>, dos <em>10 primeiros candidatos pretos e pardos<\/em> e dos <em>3 primeiros candidatos com defici\u00eancia<\/em> mais bem habilitados na Prova Objetiva. <\/p>\n\n\n\n<p>A prova ser\u00e1 avaliada na escala de 0 a 100,00 pontos valendo peso final 0,20. Ser\u00e1 considerado habilitado, na prova de estudo de caso, o candidato que obtiver nota igual ou superior a 50,00 pontos.  <\/p>\n\n\n\n<h3 class=\"wp-block-heading\">Prova de T\u00edtulos<\/h3>\n\n\n\n<p>Ter\u00e3o seus t\u00edtulos avaliados, apenas para fins de classifica\u00e7\u00e3o, os candidatos a cargos de n\u00edvel superior. <\/p>\n\n\n\n<p> Somente ser\u00e3o avaliados os t\u00edtulos obtidos at\u00e9 a data da realiza\u00e7\u00e3o da prova de t\u00edtulos.  <\/p>\n\n\n\n<p>A pontua\u00e7\u00e3o total da prova estar\u00e1 limitada ao valor m\u00e1ximo de 10,00  pontos, observando-se os comprovantes, a quantidade m\u00e1xima e os valores unit\u00e1rio e m\u00e1ximo de cada t\u00edtulo, conforme a tabela a seguir: <\/p>\n\n\n\n<p><\/p>\n\n\n\n<figure class=\"wp-block-table is-style-stripes\"><table class=\"has-subtle-pale-blue-background-color has-fixed-layout has-background\"><tbody><tr><td><strong>T\u00edtulos<\/strong><\/td><td><strong>Quantidade M\u00e1xima<\/strong> <\/td><td><strong>Valor Unit\u00e1rio<\/strong><\/td><td><strong>Valor M\u00e1ximo <\/strong><\/td><\/tr><tr><td>Doutor na \u00e1rea prevista nos requisitos para o cargo a que concorre <\/td><td>1<\/td><td>5,0<\/td><td>5,0<\/td><\/tr><tr><td>Mestre na \u00e1rea prevista nos requisitos para o cargo a que concorre <\/td><td>1<\/td><td>3,0<\/td><td>3,0<\/td><\/tr><tr><td>P\u00f3s-gradua\u00e7\u00e3o lato sensu (Especializa\u00e7\u00e3o) na \u00e1rea prevista nos requisitos para o cargo a que concorre com carga hor\u00e1ria m\u00ednima de 360 horas  <\/td><td>3<\/td><td>2,0<\/td><td>6,0<\/td><\/tr><\/tbody><\/table><\/figure>\n\n\n\n<p>Quer saber mais sobre o certame? Clique no link abaixo e fique por dentro de tudo!<\/p>\n\n\n\n<p style=\"font-size:23px\" class=\"has-background has-text-align-center has-very-light-gray-background-color\"><a href=\"https:\/\/www.estrategiaconcursos.com.br\/blog\/concurso-cau-sp\/\"><strong><em>Concurso CAU SP<\/em><\/strong><\/a><\/p>\n\n\n\n<p style=\"font-size:25px\" class=\"has-background has-text-align-center has-luminous-vivid-amber-background-color\"><strong><a href=\"https:\/\/www.estrategiaconcursos.com.br\/cursosPorConcurso\/conselho-de-arquitetura-e-urbanismo-de-sao-paulo-cau-sp\/\" target=\"_blank\" rel=\"noreferrer noopener\" aria-label=\"CURSOS CAU SP (abre numa nova aba)\">CURSOS CAU SP<\/a><\/strong><\/p>\n\n\n\n<p class=\"has-text-align-center\"><em><strong>Fique por dentro de todos os concursos<\/strong><\/em>:<\/p>\n\n\n\n<p style=\"font-size:23px\" class=\"has-background has-text-align-center has-pale-cyan-blue-background-color\"><a rel=\"noreferrer noopener\" href=\"https:\/\/www.estrategiaconcursos.com.br\/blog\/concursos-abertos\/\" target=\"_blank\"><strong>Concursos abertos<\/strong><\/a><\/p>\n\n\n\n<p style=\"font-size:23px\" class=\"has-background has-text-align-center has-pale-cyan-blue-background-color\"><a rel=\"noreferrer noopener\" href=\"https:\/\/www.estrategiaconcursos.com.br\/blog\/concursos-2020\/\" target=\"_blank\"><strong>Concursos 2020<\/strong><\/a><\/p>\n\n\n\n<figure class=\"wp-block-image\"><img loading=\"lazy\" decoding=\"async\" width=\"300\" height=\"102\" src=\"https:\/\/dhg1h5j42swfq.cloudfront.net\/2017\/03\/28152500\/coruja-ficha-tecnica-300x102.png\" alt=\"Ficha t\u00e9cnica do concurso CAU SP \" class=\"wp-image-68542\"\/><\/figure>\n\n\n\n<h3 class=\"wp-block-heading\" id=\"ficha-tecnica\"><strong>Informa\u00e7\u00f5es sobre o c<\/strong>oncurso CAU SP<\/h3>\n\n\n\n<p>\u25ba<strong>Data prevista da prova:<\/strong>&nbsp;26\/04\/2020<br \/>\u25ba<strong>Vagas<\/strong>: 27 vagas <br \/>\u25ba<strong>Cargos<\/strong>: Assistente, Analista e Agente <br \/>\u25ba<strong>Banca<\/strong>: VUNESP<br \/>\u25ba<strong>Escolaridade<\/strong>: N\u00edvel m\u00e9dio e superior<br \/>\u25ba<strong>Edital: <\/strong><a rel=\"noreferrer noopener\" aria-label=\"Edital CAU SP 2020 (abre numa nova aba)\" href=\"https:\/\/dhg1h5j42swfq.cloudfront.net\/2020\/01\/22155901\/cau-sp-edital.pdf\" target=\"_blank\">Edital CAU SP 2020<\/a><\/p>\n","protected":false},"excerpt":{"rendered":"<p>\u00d3rg\u00e3o decide suspender certame por causa do coronav\u00edrus O Conselho de Arquitetura de Urbanismo de S\u00e3o Paulo divulgou que o conte\u00fado program\u00e1tico do certame ser\u00e1 ajustado.De acordo com o documento, o anexo II foi modificado e agora permanecer\u00e1 da seguinte forma. Confira abaixo: O concurso segue suspenso devido a pandemia de Coronav\u00edrus. A decis\u00e3o partiu [&hellip;]<\/p>\n","protected":false},"author":73,"featured_media":473115,"comment_status":"open","ping_status":"closed","sticky":false,"template":"","format":"standard","meta":{"post_tipo":"article","footnotes":""},"categories":[1],"tags":[],"tax_estado":[],"class_list":["post-472802","post","type-post","status-publish","format-standard","has-post-thumbnail","hentry","category-cursos-e-concursos"],"acf":[],"yoast_head":"<!-- This site is optimized with the Yoast SEO Premium plugin v27.2 (Yoast SEO v27.2) - https:\/\/yoast.com\/product\/yoast-seo-premium-wordpress\/ -->\n<title>Edital CAU SP: retifica\u00e7\u00e3o altera conte\u00fado program\u00e1tico<\/title>\n<meta name=\"description\" content=\"Edital CAU SP sofre retifica\u00e7\u00e3o. S\u00e3o ofertadas vagas para os cargos de Analista, Agente e Assistente. Confira mais informa\u00e7\u00f5es neste artigo\" \/>\n<meta name=\"robots\" content=\"index, follow, max-snippet:-1, max-image-preview:large, max-video-preview:-1\" \/>\n<link rel=\"canonical\" href=\"https:\/\/www.estrategiaconcursos.com.br\/blog\/edital-cau-sp\/\" \/>\n<meta property=\"og:locale\" content=\"pt_BR\" \/>\n<meta property=\"og:type\" content=\"article\" \/>\n<meta property=\"og:title\" content=\"Edital CAU SP: retifica\u00e7\u00e3o altera conte\u00fado program\u00e1tico\" \/>\n<meta property=\"og:description\" content=\"Edital CAU SP sofre retifica\u00e7\u00e3o. S\u00e3o ofertadas vagas para os cargos de Analista, Agente e Assistente. Confira mais informa\u00e7\u00f5es neste artigo\" \/>\n<meta property=\"og:url\" content=\"https:\/\/www.estrategiaconcursos.com.br\/blog\/edital-cau-sp\/\" \/>\n<meta property=\"og:site_name\" content=\"Estrat\u00e9gia Concursos\" \/>\n<meta property=\"article:author\" content=\"https:\/\/www.facebook.com\/rosenvaljr\" \/>\n<meta property=\"article:published_time\" content=\"2020-04-09T13:00:00+00:00\" \/>\n<meta property=\"article:modified_time\" content=\"2020-04-09T13:15:09+00:00\" \/>\n<meta property=\"og:image\" content=\"https:\/\/dhg1h5j42swfq.cloudfront.net\/2020\/01\/22163633\/CAU-SP.jpg\" \/>\n\t<meta property=\"og:image:width\" content=\"1200\" \/>\n\t<meta property=\"og:image:height\" content=\"628\" \/>\n\t<meta property=\"og:image:type\" content=\"image\/jpeg\" \/>\n<meta name=\"author\" content=\"Rosenval J\u00fanior\" \/>\n<meta name=\"twitter:card\" content=\"summary_large_image\" \/>\n<meta name=\"twitter:creator\" content=\"@EstratConcursos\" \/>\n<meta name=\"twitter:site\" content=\"@EstratConcursos\" \/>\n<meta name=\"twitter:label1\" content=\"Escrito por\" \/>\n\t<meta name=\"twitter:data1\" content=\"Rosenval J\u00fanior\" \/>\n\t<meta name=\"twitter:label2\" content=\"Est. tempo de leitura\" \/>\n\t<meta name=\"twitter:data2\" content=\"5 minutos\" \/>\n<script type=\"application\/ld+json\" class=\"yoast-schema-graph\">{\"@context\":\"https:\/\/schema.org\",\"@graph\":[{\"@type\":\"NewsArticle\",\"@id\":\"https:\/\/www.estrategiaconcursos.com.br\/blog\/edital-cau-sp\/#article\",\"isPartOf\":{\"@id\":\"https:\/\/www.estrategiaconcursos.com.br\/blog\/edital-cau-sp\/\"},\"author\":{\"name\":\"Rosenval J\u00fanior\",\"@id\":\"https:\/\/www.estrategiaconcursos.com.br\/blog\/#\/schema\/person\/3489eb8fb39ff11193689cf7762b03b0\"},\"headline\":\"Edital CAU SP: retifica\u00e7\u00e3o altera conte\u00fado program\u00e1tico\",\"datePublished\":\"2020-04-09T13:00:00+00:00\",\"dateModified\":\"2020-04-09T13:15:09+00:00\",\"mainEntityOfPage\":{\"@id\":\"https:\/\/www.estrategiaconcursos.com.br\/blog\/edital-cau-sp\/\"},\"wordCount\":1037,\"commentCount\":0,\"publisher\":{\"@id\":\"https:\/\/www.estrategiaconcursos.com.br\/blog\/#organization\"},\"image\":{\"@id\":\"https:\/\/www.estrategiaconcursos.com.br\/blog\/edital-cau-sp\/#primaryimage\"},\"thumbnailUrl\":\"https:\/\/dhg1h5j42swfq.cloudfront.net\/2020\/01\/22163633\/CAU-SP.jpg\",\"articleSection\":[\"Concursos P\u00fablicos\"],\"inLanguage\":\"pt-BR\",\"potentialAction\":[{\"@type\":\"CommentAction\",\"name\":\"Comment\",\"target\":[\"https:\/\/www.estrategiaconcursos.com.br\/blog\/edital-cau-sp\/#respond\"]}],\"copyrightYear\":\"2020\",\"copyrightHolder\":{\"@id\":\"https:\/\/www.estrategiaconcursos.com.br\/blog\/#organization\"}},{\"@type\":\"WebPage\",\"@id\":\"https:\/\/www.estrategiaconcursos.com.br\/blog\/edital-cau-sp\/\",\"url\":\"https:\/\/www.estrategiaconcursos.com.br\/blog\/edital-cau-sp\/\",\"name\":\"Edital CAU SP: retifica\u00e7\u00e3o altera conte\u00fado program\u00e1tico\",\"isPartOf\":{\"@id\":\"https:\/\/www.estrategiaconcursos.com.br\/blog\/#website\"},\"primaryImageOfPage\":{\"@id\":\"https:\/\/www.estrategiaconcursos.com.br\/blog\/edital-cau-sp\/#primaryimage\"},\"image\":{\"@id\":\"https:\/\/www.estrategiaconcursos.com.br\/blog\/edital-cau-sp\/#primaryimage\"},\"thumbnailUrl\":\"https:\/\/dhg1h5j42swfq.cloudfront.net\/2020\/01\/22163633\/CAU-SP.jpg\",\"datePublished\":\"2020-04-09T13:00:00+00:00\",\"dateModified\":\"2020-04-09T13:15:09+00:00\",\"description\":\"Edital CAU SP sofre retifica\u00e7\u00e3o. S\u00e3o ofertadas vagas para os cargos de Analista, Agente e Assistente. Confira mais informa\u00e7\u00f5es neste artigo\",\"breadcrumb\":{\"@id\":\"https:\/\/www.estrategiaconcursos.com.br\/blog\/edital-cau-sp\/#breadcrumb\"},\"inLanguage\":\"pt-BR\",\"potentialAction\":[{\"@type\":\"ReadAction\",\"target\":[\"https:\/\/www.estrategiaconcursos.com.br\/blog\/edital-cau-sp\/\"]}]},{\"@type\":\"ImageObject\",\"inLanguage\":\"pt-BR\",\"@id\":\"https:\/\/www.estrategiaconcursos.com.br\/blog\/edital-cau-sp\/#primaryimage\",\"url\":\"https:\/\/dhg1h5j42swfq.cloudfront.net\/2020\/01\/22163633\/CAU-SP.jpg\",\"contentUrl\":\"https:\/\/dhg1h5j42swfq.cloudfront.net\/2020\/01\/22163633\/CAU-SP.jpg\",\"width\":1200,\"height\":628,\"caption\":\"Concurso CAU SP tem extrato de EDITAL publicado!\"},{\"@type\":\"BreadcrumbList\",\"@id\":\"https:\/\/www.estrategiaconcursos.com.br\/blog\/edital-cau-sp\/#breadcrumb\",\"itemListElement\":[{\"@type\":\"ListItem\",\"position\":1,\"name\":\"In\u00edcio\",\"item\":\"https:\/\/www.estrategiaconcursos.com.br\/blog\/\"},{\"@type\":\"ListItem\",\"position\":2,\"name\":\"Edital CAU SP: retifica\u00e7\u00e3o altera conte\u00fado program\u00e1tico\"}]},{\"@type\":\"WebSite\",\"@id\":\"https:\/\/www.estrategiaconcursos.com.br\/blog\/#website\",\"url\":\"https:\/\/www.estrategiaconcursos.com.br\/blog\/\",\"name\":\"Estrat\u00e9gia Concursos\",\"description\":\"O blog da Estrat\u00e9gia Concursos traz not\u00edcias sobre concursos e artigos de professores oferecendo cursos para concursos (pdf + videaulas) no site.\",\"publisher\":{\"@id\":\"https:\/\/www.estrategiaconcursos.com.br\/blog\/#organization\"},\"potentialAction\":[{\"@type\":\"SearchAction\",\"target\":{\"@type\":\"EntryPoint\",\"urlTemplate\":\"https:\/\/www.estrategiaconcursos.com.br\/blog\/?s={search_term_string}\"},\"query-input\":{\"@type\":\"PropertyValueSpecification\",\"valueRequired\":true,\"valueName\":\"search_term_string\"}}],\"inLanguage\":\"pt-BR\"},{\"@type\":\"Organization\",\"@id\":\"https:\/\/www.estrategiaconcursos.com.br\/blog\/#organization\",\"name\":\"Estrat\u00e9gia Concursos\",\"url\":\"https:\/\/www.estrategiaconcursos.com.br\/blog\/\",\"logo\":{\"@type\":\"ImageObject\",\"inLanguage\":\"pt-BR\",\"@id\":\"https:\/\/www.estrategiaconcursos.com.br\/blog\/#\/schema\/logo\/image\/\",\"url\":\"https:\/\/dhg1h5j42swfq.cloudfront.net\/2025\/06\/03203428\/logo_concursos-1.jpg\",\"contentUrl\":\"https:\/\/dhg1h5j42swfq.cloudfront.net\/2025\/06\/03203428\/logo_concursos-1.jpg\",\"width\":230,\"height\":60,\"caption\":\"Estrat\u00e9gia Concursos\"},\"image\":{\"@id\":\"https:\/\/www.estrategiaconcursos.com.br\/blog\/#\/schema\/logo\/image\/\"},\"sameAs\":[\"https:\/\/x.com\/EstratConcursos\"]},{\"@type\":\"Person\",\"@id\":\"https:\/\/www.estrategiaconcursos.com.br\/blog\/#\/schema\/person\/3489eb8fb39ff11193689cf7762b03b0\",\"name\":\"Rosenval J\u00fanior\",\"image\":{\"@type\":\"ImageObject\",\"inLanguage\":\"pt-BR\",\"@id\":\"https:\/\/secure.gravatar.com\/avatar\/dc38e7bcadccb99c8a28b35b027bdc6b8b6a65ee938a25ed335e3e31eed462e0?s=96&d=mm&r=g\",\"url\":\"https:\/\/secure.gravatar.com\/avatar\/dc38e7bcadccb99c8a28b35b027bdc6b8b6a65ee938a25ed335e3e31eed462e0?s=96&d=mm&r=g\",\"contentUrl\":\"https:\/\/secure.gravatar.com\/avatar\/dc38e7bcadccb99c8a28b35b027bdc6b8b6a65ee938a25ed335e3e31eed462e0?s=96&d=mm&r=g\",\"caption\":\"Rosenval J\u00fanior\"},\"description\":\"Graduado pela Universidade Federal de Vi\u00e7osa - UFV. P\u00f3s-graduado em Direito Ambiental. Graduado tamb\u00e9m em Gest\u00e3o Ambiental, com tr\u00eas especializa\u00e7\u00f5es na \u00e1rea ambiental. Mestrando em Engenharia Ambiental. Servidor p\u00fablico do Minist\u00e9rio da Justi\u00e7a e professor de Direito Ambiental, Meio Ambiente, Direito Agr\u00e1rio e Direito Urban\u00edstico para concursos p\u00fablicos. Professor de Direito Ambiental para o Exame de Ordem. Aprovado em 15 concursos p\u00fablicos na \u00e1rea de Meio Ambiente como Analista Ambiental do Instituto Brasileiro do Meio Ambiente e dos Recursos Naturais Renov\u00e1veis - IBAMA; Analista Pericial - Especialidade Engenharia Florestal do Minist\u00e9rio P\u00fablico da Uni\u00e3o - MPU; Analista de Infraestrutura - \u00c1rea de Especializa\u00e7\u00e3o Ambiental do Departamento Nacional de Infraestrutura de Transportes - DNIT; Especialista em Regula\u00e7\u00e3o - \u00c1rea Engenharia Ambiental e Engenharia Florestal, com \u00eanfase em Meio Ambiente da Ag\u00eancia Nacional de Transportes Terrestres - ANTT; Consultor Legislativo em Meio Ambiente e Direito Ambiental, Organiza\u00e7\u00e3o Territorial, Desenvolvimento Urbano e Regional da C\u00e2mara dos Deputados; entre outros. Autor do livro \\\"Direito Ambiental para Concursos e Exame de Ordem\\\", Editora Juru\u00e1. Iniciou sua carreira no servi\u00e7o p\u00fablico federal em 2006, quando obteve aprova\u00e7\u00e3o em 1\u00b0 lugar para o cargo de engenheiro florestal da Casa Civil da Presid\u00eancia da Rep\u00fablica\/Arquivo Nacional. Alguns concursos em que foi aprovado: 1\u00b0 lugar para Analista do Minist\u00e9rio P\u00fablico de MG; 1\u00ba lugar para Engenheiro da Casa Civil da Presid\u00eancia da Rep\u00fablica; 1\u00b0 lugar para T\u00e9cnico em Recursos Naturais \u2013 n\u00edvel II \u2013 \u00c1rea Engenharia Florestal do IDAF; 2\u00b0 lugar para Analista Pericial do Minist\u00e9rio P\u00fablico da Uni\u00e3o - MPU; 2\u00b0 lugar para Analista em Reforma e Desenvolvimento Agr\u00e1rio do INCRA; 7\u00ba lugar Engenheiro J\u00fanior da Caixa Econ\u00f4mica Federal; 10\u00ba lugar para Analista Ambiental do Instituto Estadual de Florestas - IEF\/MG; 6\u00ba lugar para Analista de Infraestrutura (\u00c1rea de Especializa\u00e7\u00e3o Ambiental) do Departamento Nacional de Infraestrutura de Transportes \u2013 DNIT (Prova objetiva e discursiva); 2\u00b0 lugar para Perito Criminal da Pol\u00edcia Civil do Estado do Rio de Janeiro \u2013PCERJ (Resultado na Prova objetiva, TAF, Avalia\u00e7\u00e3o M\u00e9dica, e Psicot\u00e9cnico); 10\u00ba lugar para Perito Criminal da Pol\u00edcia Federal \u2013 DPF \u2013 \u00c1rea 9 (Resultado definitivo na prova objetiva e discursiva); 2\u00b0 lugar para Analista Ambiental do Instituto Brasileiro do Meio Ambiente e dos Recursos Naturais Renov\u00e1veis \u2013 IBAMA (Prova objetiva e discursiva); 1\u00b0 lugar para Especialista em Regula\u00e7\u00e3o Engenharia Ambiental e Engenharia Florestal (com \u00eanfase em meio ambiente) da Ag\u00eancia Nacional de Transportes Terrestres - ANTT (Resultado da prova objetiva, discursiva e de t\u00edtulos); 10\u00ba lugar para Consultor Legislativo em Meio Ambiente e Direito Ambiental, Organiza\u00e7\u00e3o Territorial, Desenvolvimento Urbano e Regional da C\u00e2mara dos Deputados. (Resultado da prova objetiva, discursiva e de t\u00edtulos) Entre em contato comigo pelo facebook e pelo Youtube. Basta colocar na busca: Rosenval J\u00fanior. Ou copiar e colar o endere\u00e7o: www.facebook.com\/rosenvaljr Acesse o meu site e saiba mais: www.aprendadireitoambiental.com.br\",\"sameAs\":[\"http:\/\/www.aprendadireitoambiental.com.br\",\"https:\/\/www.facebook.com\/rosenvaljr\"],\"url\":\"https:\/\/www.estrategiaconcursos.com.br\/blog\/author\/rosenvaljuniorestrategiaconcursos-com-br\/\"}]}<\/script>\n<!-- \/ Yoast SEO Premium plugin. -->","yoast_head_json":{"title":"Edital CAU SP: retifica\u00e7\u00e3o altera conte\u00fado program\u00e1tico","description":"Edital CAU SP sofre retifica\u00e7\u00e3o. S\u00e3o ofertadas vagas para os cargos de Analista, Agente e Assistente. Confira mais informa\u00e7\u00f5es neste artigo","robots":{"index":"index","follow":"follow","max-snippet":"max-snippet:-1","max-image-preview":"max-image-preview:large","max-video-preview":"max-video-preview:-1"},"canonical":"https:\/\/www.estrategiaconcursos.com.br\/blog\/edital-cau-sp\/","og_locale":"pt_BR","og_type":"article","og_title":"Edital CAU SP: retifica\u00e7\u00e3o altera conte\u00fado program\u00e1tico","og_description":"Edital CAU SP sofre retifica\u00e7\u00e3o. S\u00e3o ofertadas vagas para os cargos de Analista, Agente e Assistente. Confira mais informa\u00e7\u00f5es neste artigo","og_url":"https:\/\/www.estrategiaconcursos.com.br\/blog\/edital-cau-sp\/","og_site_name":"Estrat\u00e9gia Concursos","article_author":"https:\/\/www.facebook.com\/rosenvaljr","article_published_time":"2020-04-09T13:00:00+00:00","article_modified_time":"2020-04-09T13:15:09+00:00","og_image":[{"width":1200,"height":628,"url":"https:\/\/dhg1h5j42swfq.cloudfront.net\/2020\/01\/22163633\/CAU-SP.jpg","type":"image\/jpeg"}],"author":"Rosenval J\u00fanior","twitter_card":"summary_large_image","twitter_creator":"@EstratConcursos","twitter_site":"@EstratConcursos","twitter_misc":{"Escrito por":"Rosenval J\u00fanior","Est. tempo de leitura":"5 minutos"},"schema":{"@context":"https:\/\/schema.org","@graph":[{"@type":"NewsArticle","@id":"https:\/\/www.estrategiaconcursos.com.br\/blog\/edital-cau-sp\/#article","isPartOf":{"@id":"https:\/\/www.estrategiaconcursos.com.br\/blog\/edital-cau-sp\/"},"author":{"name":"Rosenval J\u00fanior","@id":"https:\/\/www.estrategiaconcursos.com.br\/blog\/#\/schema\/person\/3489eb8fb39ff11193689cf7762b03b0"},"headline":"Edital CAU SP: retifica\u00e7\u00e3o altera conte\u00fado program\u00e1tico","datePublished":"2020-04-09T13:00:00+00:00","dateModified":"2020-04-09T13:15:09+00:00","mainEntityOfPage":{"@id":"https:\/\/www.estrategiaconcursos.com.br\/blog\/edital-cau-sp\/"},"wordCount":1037,"commentCount":0,"publisher":{"@id":"https:\/\/www.estrategiaconcursos.com.br\/blog\/#organization"},"image":{"@id":"https:\/\/www.estrategiaconcursos.com.br\/blog\/edital-cau-sp\/#primaryimage"},"thumbnailUrl":"https:\/\/dhg1h5j42swfq.cloudfront.net\/2020\/01\/22163633\/CAU-SP.jpg","articleSection":["Concursos P\u00fablicos"],"inLanguage":"pt-BR","potentialAction":[{"@type":"CommentAction","name":"Comment","target":["https:\/\/www.estrategiaconcursos.com.br\/blog\/edital-cau-sp\/#respond"]}],"copyrightYear":"2020","copyrightHolder":{"@id":"https:\/\/www.estrategiaconcursos.com.br\/blog\/#organization"}},{"@type":"WebPage","@id":"https:\/\/www.estrategiaconcursos.com.br\/blog\/edital-cau-sp\/","url":"https:\/\/www.estrategiaconcursos.com.br\/blog\/edital-cau-sp\/","name":"Edital CAU SP: retifica\u00e7\u00e3o altera conte\u00fado program\u00e1tico","isPartOf":{"@id":"https:\/\/www.estrategiaconcursos.com.br\/blog\/#website"},"primaryImageOfPage":{"@id":"https:\/\/www.estrategiaconcursos.com.br\/blog\/edital-cau-sp\/#primaryimage"},"image":{"@id":"https:\/\/www.estrategiaconcursos.com.br\/blog\/edital-cau-sp\/#primaryimage"},"thumbnailUrl":"https:\/\/dhg1h5j42swfq.cloudfront.net\/2020\/01\/22163633\/CAU-SP.jpg","datePublished":"2020-04-09T13:00:00+00:00","dateModified":"2020-04-09T13:15:09+00:00","description":"Edital CAU SP sofre retifica\u00e7\u00e3o. S\u00e3o ofertadas vagas para os cargos de Analista, Agente e Assistente. Confira mais informa\u00e7\u00f5es neste artigo","breadcrumb":{"@id":"https:\/\/www.estrategiaconcursos.com.br\/blog\/edital-cau-sp\/#breadcrumb"},"inLanguage":"pt-BR","potentialAction":[{"@type":"ReadAction","target":["https:\/\/www.estrategiaconcursos.com.br\/blog\/edital-cau-sp\/"]}]},{"@type":"ImageObject","inLanguage":"pt-BR","@id":"https:\/\/www.estrategiaconcursos.com.br\/blog\/edital-cau-sp\/#primaryimage","url":"https:\/\/dhg1h5j42swfq.cloudfront.net\/2020\/01\/22163633\/CAU-SP.jpg","contentUrl":"https:\/\/dhg1h5j42swfq.cloudfront.net\/2020\/01\/22163633\/CAU-SP.jpg","width":1200,"height":628,"caption":"Concurso CAU SP tem extrato de EDITAL publicado!"},{"@type":"BreadcrumbList","@id":"https:\/\/www.estrategiaconcursos.com.br\/blog\/edital-cau-sp\/#breadcrumb","itemListElement":[{"@type":"ListItem","position":1,"name":"In\u00edcio","item":"https:\/\/www.estrategiaconcursos.com.br\/blog\/"},{"@type":"ListItem","position":2,"name":"Edital CAU SP: retifica\u00e7\u00e3o altera conte\u00fado program\u00e1tico"}]},{"@type":"WebSite","@id":"https:\/\/www.estrategiaconcursos.com.br\/blog\/#website","url":"https:\/\/www.estrategiaconcursos.com.br\/blog\/","name":"Estrat\u00e9gia Concursos","description":"O blog da Estrat\u00e9gia Concursos traz not\u00edcias sobre concursos e artigos de professores oferecendo cursos para concursos (pdf + videaulas) no site.","publisher":{"@id":"https:\/\/www.estrategiaconcursos.com.br\/blog\/#organization"},"potentialAction":[{"@type":"SearchAction","target":{"@type":"EntryPoint","urlTemplate":"https:\/\/www.estrategiaconcursos.com.br\/blog\/?s={search_term_string}"},"query-input":{"@type":"PropertyValueSpecification","valueRequired":true,"valueName":"search_term_string"}}],"inLanguage":"pt-BR"},{"@type":"Organization","@id":"https:\/\/www.estrategiaconcursos.com.br\/blog\/#organization","name":"Estrat\u00e9gia Concursos","url":"https:\/\/www.estrategiaconcursos.com.br\/blog\/","logo":{"@type":"ImageObject","inLanguage":"pt-BR","@id":"https:\/\/www.estrategiaconcursos.com.br\/blog\/#\/schema\/logo\/image\/","url":"https:\/\/dhg1h5j42swfq.cloudfront.net\/2025\/06\/03203428\/logo_concursos-1.jpg","contentUrl":"https:\/\/dhg1h5j42swfq.cloudfront.net\/2025\/06\/03203428\/logo_concursos-1.jpg","width":230,"height":60,"caption":"Estrat\u00e9gia Concursos"},"image":{"@id":"https:\/\/www.estrategiaconcursos.com.br\/blog\/#\/schema\/logo\/image\/"},"sameAs":["https:\/\/x.com\/EstratConcursos"]},{"@type":"Person","@id":"https:\/\/www.estrategiaconcursos.com.br\/blog\/#\/schema\/person\/3489eb8fb39ff11193689cf7762b03b0","name":"Rosenval J\u00fanior","image":{"@type":"ImageObject","inLanguage":"pt-BR","@id":"https:\/\/secure.gravatar.com\/avatar\/dc38e7bcadccb99c8a28b35b027bdc6b8b6a65ee938a25ed335e3e31eed462e0?s=96&d=mm&r=g","url":"https:\/\/secure.gravatar.com\/avatar\/dc38e7bcadccb99c8a28b35b027bdc6b8b6a65ee938a25ed335e3e31eed462e0?s=96&d=mm&r=g","contentUrl":"https:\/\/secure.gravatar.com\/avatar\/dc38e7bcadccb99c8a28b35b027bdc6b8b6a65ee938a25ed335e3e31eed462e0?s=96&d=mm&r=g","caption":"Rosenval J\u00fanior"},"description":"Graduado pela Universidade Federal de Vi\u00e7osa - UFV. P\u00f3s-graduado em Direito Ambiental. Graduado tamb\u00e9m em Gest\u00e3o Ambiental, com tr\u00eas especializa\u00e7\u00f5es na \u00e1rea ambiental. Mestrando em Engenharia Ambiental. Servidor p\u00fablico do Minist\u00e9rio da Justi\u00e7a e professor de Direito Ambiental, Meio Ambiente, Direito Agr\u00e1rio e Direito Urban\u00edstico para concursos p\u00fablicos. Professor de Direito Ambiental para o Exame de Ordem. Aprovado em 15 concursos p\u00fablicos na \u00e1rea de Meio Ambiente como Analista Ambiental do Instituto Brasileiro do Meio Ambiente e dos Recursos Naturais Renov\u00e1veis - IBAMA; Analista Pericial - Especialidade Engenharia Florestal do Minist\u00e9rio P\u00fablico da Uni\u00e3o - MPU; Analista de Infraestrutura - \u00c1rea de Especializa\u00e7\u00e3o Ambiental do Departamento Nacional de Infraestrutura de Transportes - DNIT; Especialista em Regula\u00e7\u00e3o - \u00c1rea Engenharia Ambiental e Engenharia Florestal, com \u00eanfase em Meio Ambiente da Ag\u00eancia Nacional de Transportes Terrestres - ANTT; Consultor Legislativo em Meio Ambiente e Direito Ambiental, Organiza\u00e7\u00e3o Territorial, Desenvolvimento Urbano e Regional da C\u00e2mara dos Deputados; entre outros. Autor do livro \"Direito Ambiental para Concursos e Exame de Ordem\", Editora Juru\u00e1. Iniciou sua carreira no servi\u00e7o p\u00fablico federal em 2006, quando obteve aprova\u00e7\u00e3o em 1\u00b0 lugar para o cargo de engenheiro florestal da Casa Civil da Presid\u00eancia da Rep\u00fablica\/Arquivo Nacional. Alguns concursos em que foi aprovado: 1\u00b0 lugar para Analista do Minist\u00e9rio P\u00fablico de MG; 1\u00ba lugar para Engenheiro da Casa Civil da Presid\u00eancia da Rep\u00fablica; 1\u00b0 lugar para T\u00e9cnico em Recursos Naturais \u2013 n\u00edvel II \u2013 \u00c1rea Engenharia Florestal do IDAF; 2\u00b0 lugar para Analista Pericial do Minist\u00e9rio P\u00fablico da Uni\u00e3o - MPU; 2\u00b0 lugar para Analista em Reforma e Desenvolvimento Agr\u00e1rio do INCRA; 7\u00ba lugar Engenheiro J\u00fanior da Caixa Econ\u00f4mica Federal; 10\u00ba lugar para Analista Ambiental do Instituto Estadual de Florestas - IEF\/MG; 6\u00ba lugar para Analista de Infraestrutura (\u00c1rea de Especializa\u00e7\u00e3o Ambiental) do Departamento Nacional de Infraestrutura de Transportes \u2013 DNIT (Prova objetiva e discursiva); 2\u00b0 lugar para Perito Criminal da Pol\u00edcia Civil do Estado do Rio de Janeiro \u2013PCERJ (Resultado na Prova objetiva, TAF, Avalia\u00e7\u00e3o M\u00e9dica, e Psicot\u00e9cnico); 10\u00ba lugar para Perito Criminal da Pol\u00edcia Federal \u2013 DPF \u2013 \u00c1rea 9 (Resultado definitivo na prova objetiva e discursiva); 2\u00b0 lugar para Analista Ambiental do Instituto Brasileiro do Meio Ambiente e dos Recursos Naturais Renov\u00e1veis \u2013 IBAMA (Prova objetiva e discursiva); 1\u00b0 lugar para Especialista em Regula\u00e7\u00e3o Engenharia Ambiental e Engenharia Florestal (com \u00eanfase em meio ambiente) da Ag\u00eancia Nacional de Transportes Terrestres - ANTT (Resultado da prova objetiva, discursiva e de t\u00edtulos); 10\u00ba lugar para Consultor Legislativo em Meio Ambiente e Direito Ambiental, Organiza\u00e7\u00e3o Territorial, Desenvolvimento Urbano e Regional da C\u00e2mara dos Deputados. (Resultado da prova objetiva, discursiva e de t\u00edtulos) Entre em contato comigo pelo facebook e pelo Youtube. Basta colocar na busca: Rosenval J\u00fanior. Ou copiar e colar o endere\u00e7o: www.facebook.com\/rosenvaljr Acesse o meu site e saiba mais: www.aprendadireitoambiental.com.br","sameAs":["http:\/\/www.aprendadireitoambiental.com.br","https:\/\/www.facebook.com\/rosenvaljr"],"url":"https:\/\/www.estrategiaconcursos.com.br\/blog\/author\/rosenvaljuniorestrategiaconcursos-com-br\/"}]}},"_links":{"self":[{"href":"https:\/\/www.estrategiaconcursos.com.br\/blog\/wp-json\/wp\/v2\/posts\/472802","targetHints":{"allow":["GET"]}}],"collection":[{"href":"https:\/\/www.estrategiaconcursos.com.br\/blog\/wp-json\/wp\/v2\/posts"}],"about":[{"href":"https:\/\/www.estrategiaconcursos.com.br\/blog\/wp-json\/wp\/v2\/types\/post"}],"author":[{"embeddable":true,"href":"https:\/\/www.estrategiaconcursos.com.br\/blog\/wp-json\/wp\/v2\/users\/73"}],"replies":[{"embeddable":true,"href":"https:\/\/www.estrategiaconcursos.com.br\/blog\/wp-json\/wp\/v2\/comments?post=472802"}],"version-history":[{"count":21,"href":"https:\/\/www.estrategiaconcursos.com.br\/blog\/wp-json\/wp\/v2\/posts\/472802\/revisions"}],"predecessor-version":[{"id":502005,"href":"https:\/\/www.estrategiaconcursos.com.br\/blog\/wp-json\/wp\/v2\/posts\/472802\/revisions\/502005"}],"wp:featuredmedia":[{"embeddable":true,"href":"https:\/\/www.estrategiaconcursos.com.br\/blog\/wp-json\/wp\/v2\/media\/473115"}],"wp:attachment":[{"href":"https:\/\/www.estrategiaconcursos.com.br\/blog\/wp-json\/wp\/v2\/media?parent=472802"}],"wp:term":[{"taxonomy":"category","embeddable":true,"href":"https:\/\/www.estrategiaconcursos.com.br\/blog\/wp-json\/wp\/v2\/categories?post=472802"},{"taxonomy":"post_tag","embeddable":true,"href":"https:\/\/www.estrategiaconcursos.com.br\/blog\/wp-json\/wp\/v2\/tags?post=472802"},{"taxonomy":"tax_estado","embeddable":true,"href":"https:\/\/www.estrategiaconcursos.com.br\/blog\/wp-json\/wp\/v2\/tax_estado?post=472802"}],"curies":[{"name":"wp","href":"https:\/\/api.w.org\/{rel}","templated":true}]}}