{"id":472448,"date":"2020-01-21T11:18:46","date_gmt":"2020-01-21T14:18:46","guid":{"rendered":"https:\/\/www.estrategiaconcursos.com.br\/blog\/?p=472448"},"modified":"2020-02-28T09:45:45","modified_gmt":"2020-02-28T12:45:45","slug":"edital-idaf-ac","status":"publish","type":"post","link":"https:\/\/www.estrategiaconcursos.com.br\/blog\/edital-idaf-ac\/","title":{"rendered":"Edital IDAF AC: edital oferta vagas para n\u00edvel m\u00e9dio e superior"},"content":{"rendered":"\n<h2 class=\"wp-block-heading\"><em>Provas previstas para o dia 15 de mar\u00e7o de 2020<\/em><\/h2>\n\n\n\n<p>Foi publicado o edital do concurso p\u00fablico do Instituto de Defesa Agropecu\u00e1ria e Florestal do Acre (IDAF). As vagas s\u00e3o para cadastro de reserva destinadas para os cargos de M\u00e9dico Veterin\u00e1rio, Engenheiro Agr\u00f4nomo, Engenheiro Florestal e T\u00e9cnico em Defesa Agropecu\u00e1ria e Florestal <\/p>\n\n\n\n<p>Os candidatos interessados em garantir a candidatura no certame puderam acessar o site da banca organizadora, o Instituto Brasileiro de Apoio e Desenvolvimento Executivo, <strong>IBADE<\/strong>, at\u00e9 o dia 27 de fevereiro (data prorrogada).<\/p>\n\n\n\n<h2 class=\"wp-block-heading\">Principais datas: <\/h2>\n\n\n\n<p class=\"has-background has-very-light-gray-background-color\"><strong>Inscri\u00e7\u00f5es<\/strong>: <s>22\/01 a 27\/02\/2020<\/s> [ENCERRADO] <br \/><strong>Prazo para solicitar isen\u00e7\u00e3o<\/strong>: <s>22\/01 a 24\/01\/2020<\/s> [ENCERRADO]<br \/><strong>Prova<\/strong>: 15\/03\/2020 <\/p>\n\n\n\n<h2 class=\"wp-block-heading\">Etapas do concurso IDAF AC<\/h2>\n\n\n\n<p>O concurso p\u00fablico do Instituto de Defesa Agropecu\u00e1ria e Florestal do Acre ser\u00e1 realizado mediante uma etapa com tr\u00eas fases sucessivas, de car\u00e1ter eliminat\u00f3rio e classificat\u00f3rio, conforme detalhamento a seguir: <\/p>\n\n\n\n<p><strong>1\u00aa Fase:<\/strong> Prova Objetiva, de car\u00e1ter classificat\u00f3rio e eliminat\u00f3rio; <br \/><strong>2\u00aa Fase:<\/strong> Prova Discursiva, de car\u00e1ter classificat\u00f3rio e eliminat\u00f3rio; <br \/><strong>3\u00aa Fase:<\/strong> Prova de T\u00edtulos, de car\u00e1ter classificat\u00f3rio  <\/p>\n\n\n\n<p>A realiza\u00e7\u00e3o da prova objetiva do certame e a entrega dos t\u00edtulos ser\u00e1 no dia 15 de mar\u00e7o de 2020 nas cidades de Brasileia, Cruzeiro do Sul, Feij\u00f3, Jord\u00e3o, Marechal Thaumaturgo, Porto Walter, Rio Branco, Santa Rosa do Purus, Sena Madureira e Tarauac\u00e1.<\/p>\n\n\n\n<p>Al\u00e9m disso, a prova objetiva ser\u00e1 constitu\u00edda de quest\u00f5es de m\u00faltipla escolha, cada quest\u00e3o ter\u00e1 5 alternativas com apenas uma correta. A organiza\u00e7\u00e3o da prova, seu detalhamento, n\u00famero de quest\u00f5es por disciplina e valor das quest\u00f5es encontram-se representados na tabela abaixo: <\/p>\n\n\n\n<div class=\"wp-block-image\"><figure class=\"aligncenter size-large is-resized\"><img loading=\"lazy\" decoding=\"async\" src=\"https:\/\/dhg1h5j42swfq.cloudfront.net\/2020\/01\/21110753\/prova-3.png\" alt=\"\" class=\"wp-image-472492\" width=\"695\" height=\"176\" srcset=\"https:\/\/dhg1h5j42swfq.cloudfront.net\/2020\/01\/21110753\/prova-3.png 874w, https:\/\/dhg1h5j42swfq.cloudfront.net\/2020\/01\/21110753\/prova-3-300x76.png 300w, https:\/\/dhg1h5j42swfq.cloudfront.net\/2020\/01\/21110753\/prova-3-768x195.png 768w, https:\/\/dhg1h5j42swfq.cloudfront.net\/2020\/01\/21110753\/prova-3-610x155.png 610w\" sizes=\"auto, (max-width: 695px) 100vw, 695px\" \/><\/figure><\/div>\n\n\n\n<p>A prova discursiva, de car\u00e1ter eliminat\u00f3rio e classificat\u00f3rio ser\u00e1 aplicada no mesmo dia e hor\u00e1rio da prova objetiva, sendo realizada em at\u00e9 cinco horas. <\/p>\n\n\n\n<p>O exame consistir\u00e1 na reda\u00e7\u00e3o de um texto dissertativo, de 25 at\u00e9 30 linhas, e valer\u00e1 20,00 pontos e dever\u00e1 ser desenvolvida em formul\u00e1rio espec\u00edfico (Folha de Resposta). Para efeito de avalia\u00e7\u00e3o da Prova Discursiva ser\u00e3o considerados os elementos de avalia\u00e7\u00e3o descritos abaixo: <\/p>\n\n\n\n<div class=\"wp-block-image\"><figure class=\"aligncenter size-large is-resized\"><img loading=\"lazy\" decoding=\"async\" src=\"https:\/\/dhg1h5j42swfq.cloudfront.net\/2020\/01\/21111138\/reda%C3%A7%C3%A3o.png\" alt=\"\" class=\"wp-image-472497\" width=\"807\" height=\"135\" srcset=\"https:\/\/dhg1h5j42swfq.cloudfront.net\/2020\/01\/21111138\/reda%C3%A7%C3%A3o.png 874w, https:\/\/dhg1h5j42swfq.cloudfront.net\/2020\/01\/21111138\/reda%C3%A7%C3%A3o-300x50.png 300w, https:\/\/dhg1h5j42swfq.cloudfront.net\/2020\/01\/21111138\/reda%C3%A7%C3%A3o-768x129.png 768w, https:\/\/dhg1h5j42swfq.cloudfront.net\/2020\/01\/21111138\/reda%C3%A7%C3%A3o-610x103.png 610w\" sizes=\"auto, (max-width: 807px) 100vw, 807px\" \/><\/figure><\/div>\n\n\n\n<p>Lembrando que todos os candidatos aos cargos de n\u00edvel m\u00e9dio e superior dever\u00e3o entregar a documenta\u00e7\u00e3o referente aos t\u00edtulos no mesmo dia de realiza\u00e7\u00e3o das Provas Objetivas e Discursivas. <\/p>\n\n\n\n<p>Ser\u00e3o considerados os seguintes t\u00edtulos, para efeitos do presente Concurso p\u00fablico: <\/p>\n\n\n\n<div class=\"wp-block-image\"><figure class=\"aligncenter size-large is-resized\"><img loading=\"lazy\" decoding=\"async\" src=\"https:\/\/dhg1h5j42swfq.cloudfront.net\/2020\/01\/21111312\/t%C3%ADtulos-2.png\" alt=\"\" class=\"wp-image-472501\" width=\"801\" height=\"87\" srcset=\"https:\/\/dhg1h5j42swfq.cloudfront.net\/2020\/01\/21111312\/t%C3%ADtulos-2.png 870w, https:\/\/dhg1h5j42swfq.cloudfront.net\/2020\/01\/21111312\/t%C3%ADtulos-2-300x33.png 300w, https:\/\/dhg1h5j42swfq.cloudfront.net\/2020\/01\/21111312\/t%C3%ADtulos-2-768x84.png 768w, https:\/\/dhg1h5j42swfq.cloudfront.net\/2020\/01\/21111312\/t%C3%ADtulos-2-610x67.png 610w\" sizes=\"auto, (max-width: 801px) 100vw, 801px\" \/><\/figure><\/div>\n\n\n\n<p class=\"has-text-align-center\"><strong><em>Quer saber mais informa\u00e7\u00f5es sobre o concurso IDAF AC? Acesse o link abaixo e confira tudo na \u00edntegra!! <\/em><\/strong><\/p>\n\n\n\n<p style=\"font-size:22px\" class=\"has-background has-text-align-center has-very-light-gray-background-color\"><strong>Saiba mais: <a rel=\"noreferrer noopener\" aria-label=\"Saiba mais: IDAF AC (abre numa nova aba)\" href=\"https:\/\/www.estrategiaconcursos.com.br\/blog\/concurso-idaf-ac\/\" target=\"_blank\">Concurso IDAF AC<\/a><\/strong><\/p>\n\n\n\n<h2 class=\"has-text-align-center wp-block-heading\" id=\"cursos-assinatura\">Quer estudar para o concurso IDAF AC?<\/h2>\n\n\n\n<p class=\"has-text-align-center\"><em>Gostou desta oportunidade e deseja come\u00e7ar se preparar agora mesmo? Ent\u00e3o, confira os nossos cursos e comece a estudar:<\/em><\/p>\n\n\n\n<p class=\"has-background has-text-align-center has-medium-font-size has-luminous-vivid-amber-background-color\"><strong><a href=\"https:\/\/www.estrategiaconcursos.com.br\/cursosPorConcurso\/instituto-de-defesa-agropecuaria-e-florestal-do-acre-idaf-ac\/\" target=\"_blank\" rel=\"noreferrer noopener\" aria-label=\"CURSO IDAF AC (abre numa nova aba)\">CURSO IDAF AC<\/a><\/strong><\/p>\n\n\n\n<p class=\"has-text-align-center\"><em><strong>Assinatura Anual Ilimitada*<\/strong><\/em><\/p>\n\n\n\n<p class=\"has-text-align-center\"><em>Prepare-se com o melhor material e com quem mais aprova em Concursos P\u00fablicos em todo o pa\u00eds. Assine agora a nossa Assinatura Anual e tenha acesso ilimitado* a todos os nossos cursos.<\/em><\/p>\n\n\n\n<p class=\"has-background has-text-align-center has-light-green-cyan-background-color\"><strong>ASSINE AGORA<\/strong>&nbsp;\u2013&nbsp;<strong><a rel=\"noreferrer noopener\" href=\"https:\/\/www.estrategiaconcursos.com.br\/assinaturas\" target=\"_blank\">Assinatura Ilimitada<\/a><\/strong><\/p>\n\n\n\n<p class=\"has-background has-text-align-center has-pale-cyan-blue-background-color\"><a rel=\"noreferrer noopener\" href=\"https:\/\/www.estrategiaconcursos.com.br\/blog\/concursos-abertos\/\" target=\"_blank\"><strong>CONCURSOS ABERTOS<\/strong><\/a><\/p>\n\n\n\n<p class=\"has-background has-text-align-center has-pale-cyan-blue-background-color\"><a rel=\"noreferrer noopener\" href=\"https:\/\/www.estrategiaconcursos.com.br\/blog\/concursos-2020\/\" target=\"_blank\"><strong>CONCURSOS&nbsp;2020<\/strong><\/a><\/p>\n\n\n\n<figure class=\"wp-block-image\"><img loading=\"lazy\" decoding=\"async\" width=\"300\" height=\"102\" src=\"https:\/\/dhg1h5j42swfq.cloudfront.net\/2017\/03\/28152500\/coruja-ficha-tecnica-300x102.png\" alt=\"\" class=\"wp-image-68542\"\/><\/figure>\n\n\n\n<h3 class=\"wp-block-heading\" id=\"ficha\"><strong>Informa\u00e7\u00f5es sobre o c<\/strong>oncurso IDAF AC<\/h3>\n\n\n\n<p>\u25ba<strong>Data prevista<\/strong>: 15 de mar\u00e7o<br \/>\u25ba<strong>Vagas<\/strong>: CR<br \/>\u25ba<strong>Cargos<\/strong>: M\u00e9dico, Engenheiro e T\u00e9cnico<br \/>\u25ba<strong>Banca<\/strong>: Ibade<br \/>\u25ba<strong>Escolaridade<\/strong>: N\u00edvel m\u00e9dio e superior<br \/>\u25ba<strong>Escolaridade<\/strong>:&nbsp;<a rel=\"noreferrer noopener\" href=\"https:\/\/dhg1h5j42swfq.cloudfront.net\/2020\/01\/21103048\/Edital_Concurso_Idaf_AC_2020.pdf\" target=\"_blank\">Edital IDAF AC 2020<\/a><\/p>\n\n\n\n<p><br \/><em>Ascom Estrat\u00e9gia<\/em><br \/>ascomestrategia@gmail.com<\/p>\n","protected":false},"excerpt":{"rendered":"<p>Provas previstas para o dia 15 de mar\u00e7o de 2020 Foi publicado o edital do concurso p\u00fablico do Instituto de Defesa Agropecu\u00e1ria e Florestal do Acre (IDAF). As vagas s\u00e3o para cadastro de reserva destinadas para os cargos de M\u00e9dico Veterin\u00e1rio, Engenheiro Agr\u00f4nomo, Engenheiro Florestal e T\u00e9cnico em Defesa Agropecu\u00e1ria e Florestal Os candidatos interessados [&hellip;]<\/p>\n","protected":false},"author":492,"featured_media":444275,"comment_status":"open","ping_status":"closed","sticky":false,"template":"","format":"standard","meta":{"post_tipo":"article","footnotes":""},"categories":[1],"tags":[],"tax_estado":[],"class_list":["post-472448","post","type-post","status-publish","format-standard","has-post-thumbnail","hentry","category-cursos-e-concursos"],"acf":[],"yoast_head":"<!-- This site is optimized with the Yoast SEO Premium plugin v27.2 (Yoast SEO v27.2) - https:\/\/yoast.com\/product\/yoast-seo-premium-wordpress\/ -->\n<title>Edital IDAF AC: edital oferta vagas para n\u00edvel m\u00e9dio e superior<\/title>\n<meta name=\"description\" content=\"Edital IDAF AC: publicado com vagas para forma\u00e7\u00e3o de cadastro reserva para cargos de n\u00edveis m\u00e9dio e superior. Saiba mais aqui!\" \/>\n<meta name=\"robots\" content=\"index, follow, max-snippet:-1, max-image-preview:large, max-video-preview:-1\" \/>\n<link rel=\"canonical\" href=\"https:\/\/www.estrategiaconcursos.com.br\/blog\/edital-idaf-ac\/\" \/>\n<meta property=\"og:locale\" content=\"pt_BR\" \/>\n<meta property=\"og:type\" content=\"article\" \/>\n<meta property=\"og:title\" content=\"Edital IDAF AC: edital oferta vagas para n\u00edvel m\u00e9dio e superior\" \/>\n<meta property=\"og:description\" content=\"Edital IDAF AC: publicado com vagas para forma\u00e7\u00e3o de cadastro reserva para cargos de n\u00edveis m\u00e9dio e superior. Saiba mais aqui!\" \/>\n<meta property=\"og:url\" content=\"https:\/\/www.estrategiaconcursos.com.br\/blog\/edital-idaf-ac\/\" \/>\n<meta property=\"og:site_name\" content=\"Estrat\u00e9gia Concursos\" \/>\n<meta property=\"article:published_time\" content=\"2020-01-21T14:18:46+00:00\" \/>\n<meta property=\"article:modified_time\" content=\"2020-02-28T12:45:45+00:00\" \/>\n<meta property=\"og:image\" content=\"https:\/\/dhg1h5j42swfq.cloudfront.net\/2019\/11\/05113847\/Saiu-Edital-6.png\" \/>\n\t<meta property=\"og:image:width\" content=\"1200\" \/>\n\t<meta property=\"og:image:height\" content=\"628\" \/>\n\t<meta property=\"og:image:type\" content=\"image\/png\" \/>\n<meta name=\"author\" content=\"Nelma Fontana\" \/>\n<meta name=\"twitter:card\" content=\"summary_large_image\" \/>\n<meta name=\"twitter:creator\" content=\"@EstratConcursos\" \/>\n<meta name=\"twitter:site\" content=\"@EstratConcursos\" \/>\n<meta name=\"twitter:label1\" content=\"Escrito por\" \/>\n\t<meta name=\"twitter:data1\" content=\"Nelma Fontana\" \/>\n\t<meta name=\"twitter:label2\" content=\"Est. tempo de leitura\" \/>\n\t<meta name=\"twitter:data2\" content=\"3 minutos\" \/>\n<script type=\"application\/ld+json\" class=\"yoast-schema-graph\">{\"@context\":\"https:\/\/schema.org\",\"@graph\":[{\"@type\":\"NewsArticle\",\"@id\":\"https:\/\/www.estrategiaconcursos.com.br\/blog\/edital-idaf-ac\/#article\",\"isPartOf\":{\"@id\":\"https:\/\/www.estrategiaconcursos.com.br\/blog\/edital-idaf-ac\/\"},\"author\":{\"name\":\"Nelma Fontana\",\"@id\":\"https:\/\/www.estrategiaconcursos.com.br\/blog\/#\/schema\/person\/09924ae9dae935885ef15db075a3be15\"},\"headline\":\"Edital IDAF AC: edital oferta vagas para n\u00edvel m\u00e9dio e superior\",\"datePublished\":\"2020-01-21T14:18:46+00:00\",\"dateModified\":\"2020-02-28T12:45:45+00:00\",\"mainEntityOfPage\":{\"@id\":\"https:\/\/www.estrategiaconcursos.com.br\/blog\/edital-idaf-ac\/\"},\"wordCount\":551,\"commentCount\":1,\"publisher\":{\"@id\":\"https:\/\/www.estrategiaconcursos.com.br\/blog\/#organization\"},\"image\":{\"@id\":\"https:\/\/www.estrategiaconcursos.com.br\/blog\/edital-idaf-ac\/#primaryimage\"},\"thumbnailUrl\":\"https:\/\/dhg1h5j42swfq.cloudfront.net\/2019\/11\/05113847\/Saiu-Edital-6.png\",\"articleSection\":[\"Concursos P\u00fablicos\"],\"inLanguage\":\"pt-BR\",\"potentialAction\":[{\"@type\":\"CommentAction\",\"name\":\"Comment\",\"target\":[\"https:\/\/www.estrategiaconcursos.com.br\/blog\/edital-idaf-ac\/#respond\"]}],\"copyrightYear\":\"2020\",\"copyrightHolder\":{\"@id\":\"https:\/\/www.estrategiaconcursos.com.br\/blog\/#organization\"}},{\"@type\":\"WebPage\",\"@id\":\"https:\/\/www.estrategiaconcursos.com.br\/blog\/edital-idaf-ac\/\",\"url\":\"https:\/\/www.estrategiaconcursos.com.br\/blog\/edital-idaf-ac\/\",\"name\":\"Edital IDAF AC: edital oferta vagas para n\u00edvel m\u00e9dio e superior\",\"isPartOf\":{\"@id\":\"https:\/\/www.estrategiaconcursos.com.br\/blog\/#website\"},\"primaryImageOfPage\":{\"@id\":\"https:\/\/www.estrategiaconcursos.com.br\/blog\/edital-idaf-ac\/#primaryimage\"},\"image\":{\"@id\":\"https:\/\/www.estrategiaconcursos.com.br\/blog\/edital-idaf-ac\/#primaryimage\"},\"thumbnailUrl\":\"https:\/\/dhg1h5j42swfq.cloudfront.net\/2019\/11\/05113847\/Saiu-Edital-6.png\",\"datePublished\":\"2020-01-21T14:18:46+00:00\",\"dateModified\":\"2020-02-28T12:45:45+00:00\",\"description\":\"Edital IDAF AC: publicado com vagas para forma\u00e7\u00e3o de cadastro reserva para cargos de n\u00edveis m\u00e9dio e superior. Saiba mais aqui!\",\"breadcrumb\":{\"@id\":\"https:\/\/www.estrategiaconcursos.com.br\/blog\/edital-idaf-ac\/#breadcrumb\"},\"inLanguage\":\"pt-BR\",\"potentialAction\":[{\"@type\":\"ReadAction\",\"target\":[\"https:\/\/www.estrategiaconcursos.com.br\/blog\/edital-idaf-ac\/\"]}]},{\"@type\":\"ImageObject\",\"inLanguage\":\"pt-BR\",\"@id\":\"https:\/\/www.estrategiaconcursos.com.br\/blog\/edital-idaf-ac\/#primaryimage\",\"url\":\"https:\/\/dhg1h5j42swfq.cloudfront.net\/2019\/11\/05113847\/Saiu-Edital-6.png\",\"contentUrl\":\"https:\/\/dhg1h5j42swfq.cloudfront.net\/2019\/11\/05113847\/Saiu-Edital-6.png\",\"width\":1200,\"height\":628,\"caption\":\"Concurso CRBM 14\"},{\"@type\":\"BreadcrumbList\",\"@id\":\"https:\/\/www.estrategiaconcursos.com.br\/blog\/edital-idaf-ac\/#breadcrumb\",\"itemListElement\":[{\"@type\":\"ListItem\",\"position\":1,\"name\":\"In\u00edcio\",\"item\":\"https:\/\/www.estrategiaconcursos.com.br\/blog\/\"},{\"@type\":\"ListItem\",\"position\":2,\"name\":\"Edital IDAF AC: edital oferta vagas para n\u00edvel m\u00e9dio e superior\"}]},{\"@type\":\"WebSite\",\"@id\":\"https:\/\/www.estrategiaconcursos.com.br\/blog\/#website\",\"url\":\"https:\/\/www.estrategiaconcursos.com.br\/blog\/\",\"name\":\"Estrat\u00e9gia Concursos\",\"description\":\"O blog da Estrat\u00e9gia Concursos traz not\u00edcias sobre concursos e artigos de professores oferecendo cursos para concursos (pdf + videaulas) no site.\",\"publisher\":{\"@id\":\"https:\/\/www.estrategiaconcursos.com.br\/blog\/#organization\"},\"potentialAction\":[{\"@type\":\"SearchAction\",\"target\":{\"@type\":\"EntryPoint\",\"urlTemplate\":\"https:\/\/www.estrategiaconcursos.com.br\/blog\/?s={search_term_string}\"},\"query-input\":{\"@type\":\"PropertyValueSpecification\",\"valueRequired\":true,\"valueName\":\"search_term_string\"}}],\"inLanguage\":\"pt-BR\"},{\"@type\":\"Organization\",\"@id\":\"https:\/\/www.estrategiaconcursos.com.br\/blog\/#organization\",\"name\":\"Estrat\u00e9gia Concursos\",\"url\":\"https:\/\/www.estrategiaconcursos.com.br\/blog\/\",\"logo\":{\"@type\":\"ImageObject\",\"inLanguage\":\"pt-BR\",\"@id\":\"https:\/\/www.estrategiaconcursos.com.br\/blog\/#\/schema\/logo\/image\/\",\"url\":\"https:\/\/dhg1h5j42swfq.cloudfront.net\/2025\/06\/03203428\/logo_concursos-1.jpg\",\"contentUrl\":\"https:\/\/dhg1h5j42swfq.cloudfront.net\/2025\/06\/03203428\/logo_concursos-1.jpg\",\"width\":230,\"height\":60,\"caption\":\"Estrat\u00e9gia Concursos\"},\"image\":{\"@id\":\"https:\/\/www.estrategiaconcursos.com.br\/blog\/#\/schema\/logo\/image\/\"},\"sameAs\":[\"https:\/\/x.com\/EstratConcursos\"]},{\"@type\":\"Person\",\"@id\":\"https:\/\/www.estrategiaconcursos.com.br\/blog\/#\/schema\/person\/09924ae9dae935885ef15db075a3be15\",\"name\":\"Nelma Fontana\",\"image\":{\"@type\":\"ImageObject\",\"inLanguage\":\"pt-BR\",\"@id\":\"https:\/\/secure.gravatar.com\/avatar\/a2b4071a40b0ae857a4dfe2308130289bde3d65cc7674fb758d21a8b645071e5?s=96&d=mm&r=g\",\"url\":\"https:\/\/secure.gravatar.com\/avatar\/a2b4071a40b0ae857a4dfe2308130289bde3d65cc7674fb758d21a8b645071e5?s=96&d=mm&r=g\",\"contentUrl\":\"https:\/\/secure.gravatar.com\/avatar\/a2b4071a40b0ae857a4dfe2308130289bde3d65cc7674fb758d21a8b645071e5?s=96&d=mm&r=g\",\"caption\":\"Nelma Fontana\"},\"url\":\"https:\/\/www.estrategiaconcursos.com.br\/blog\/author\/fontananelmagmail-com\/\"}]}<\/script>\n<!-- \/ Yoast SEO Premium plugin. -->","yoast_head_json":{"title":"Edital IDAF AC: edital oferta vagas para n\u00edvel m\u00e9dio e superior","description":"Edital IDAF AC: publicado com vagas para forma\u00e7\u00e3o de cadastro reserva para cargos de n\u00edveis m\u00e9dio e superior. Saiba mais aqui!","robots":{"index":"index","follow":"follow","max-snippet":"max-snippet:-1","max-image-preview":"max-image-preview:large","max-video-preview":"max-video-preview:-1"},"canonical":"https:\/\/www.estrategiaconcursos.com.br\/blog\/edital-idaf-ac\/","og_locale":"pt_BR","og_type":"article","og_title":"Edital IDAF AC: edital oferta vagas para n\u00edvel m\u00e9dio e superior","og_description":"Edital IDAF AC: publicado com vagas para forma\u00e7\u00e3o de cadastro reserva para cargos de n\u00edveis m\u00e9dio e superior. Saiba mais aqui!","og_url":"https:\/\/www.estrategiaconcursos.com.br\/blog\/edital-idaf-ac\/","og_site_name":"Estrat\u00e9gia Concursos","article_published_time":"2020-01-21T14:18:46+00:00","article_modified_time":"2020-02-28T12:45:45+00:00","og_image":[{"width":1200,"height":628,"url":"https:\/\/dhg1h5j42swfq.cloudfront.net\/2019\/11\/05113847\/Saiu-Edital-6.png","type":"image\/png"}],"author":"Nelma Fontana","twitter_card":"summary_large_image","twitter_creator":"@EstratConcursos","twitter_site":"@EstratConcursos","twitter_misc":{"Escrito por":"Nelma Fontana","Est. tempo de leitura":"3 minutos"},"schema":{"@context":"https:\/\/schema.org","@graph":[{"@type":"NewsArticle","@id":"https:\/\/www.estrategiaconcursos.com.br\/blog\/edital-idaf-ac\/#article","isPartOf":{"@id":"https:\/\/www.estrategiaconcursos.com.br\/blog\/edital-idaf-ac\/"},"author":{"name":"Nelma Fontana","@id":"https:\/\/www.estrategiaconcursos.com.br\/blog\/#\/schema\/person\/09924ae9dae935885ef15db075a3be15"},"headline":"Edital IDAF AC: edital oferta vagas para n\u00edvel m\u00e9dio e superior","datePublished":"2020-01-21T14:18:46+00:00","dateModified":"2020-02-28T12:45:45+00:00","mainEntityOfPage":{"@id":"https:\/\/www.estrategiaconcursos.com.br\/blog\/edital-idaf-ac\/"},"wordCount":551,"commentCount":1,"publisher":{"@id":"https:\/\/www.estrategiaconcursos.com.br\/blog\/#organization"},"image":{"@id":"https:\/\/www.estrategiaconcursos.com.br\/blog\/edital-idaf-ac\/#primaryimage"},"thumbnailUrl":"https:\/\/dhg1h5j42swfq.cloudfront.net\/2019\/11\/05113847\/Saiu-Edital-6.png","articleSection":["Concursos P\u00fablicos"],"inLanguage":"pt-BR","potentialAction":[{"@type":"CommentAction","name":"Comment","target":["https:\/\/www.estrategiaconcursos.com.br\/blog\/edital-idaf-ac\/#respond"]}],"copyrightYear":"2020","copyrightHolder":{"@id":"https:\/\/www.estrategiaconcursos.com.br\/blog\/#organization"}},{"@type":"WebPage","@id":"https:\/\/www.estrategiaconcursos.com.br\/blog\/edital-idaf-ac\/","url":"https:\/\/www.estrategiaconcursos.com.br\/blog\/edital-idaf-ac\/","name":"Edital IDAF AC: edital oferta vagas para n\u00edvel m\u00e9dio e superior","isPartOf":{"@id":"https:\/\/www.estrategiaconcursos.com.br\/blog\/#website"},"primaryImageOfPage":{"@id":"https:\/\/www.estrategiaconcursos.com.br\/blog\/edital-idaf-ac\/#primaryimage"},"image":{"@id":"https:\/\/www.estrategiaconcursos.com.br\/blog\/edital-idaf-ac\/#primaryimage"},"thumbnailUrl":"https:\/\/dhg1h5j42swfq.cloudfront.net\/2019\/11\/05113847\/Saiu-Edital-6.png","datePublished":"2020-01-21T14:18:46+00:00","dateModified":"2020-02-28T12:45:45+00:00","description":"Edital IDAF AC: publicado com vagas para forma\u00e7\u00e3o de cadastro reserva para cargos de n\u00edveis m\u00e9dio e superior. Saiba mais aqui!","breadcrumb":{"@id":"https:\/\/www.estrategiaconcursos.com.br\/blog\/edital-idaf-ac\/#breadcrumb"},"inLanguage":"pt-BR","potentialAction":[{"@type":"ReadAction","target":["https:\/\/www.estrategiaconcursos.com.br\/blog\/edital-idaf-ac\/"]}]},{"@type":"ImageObject","inLanguage":"pt-BR","@id":"https:\/\/www.estrategiaconcursos.com.br\/blog\/edital-idaf-ac\/#primaryimage","url":"https:\/\/dhg1h5j42swfq.cloudfront.net\/2019\/11\/05113847\/Saiu-Edital-6.png","contentUrl":"https:\/\/dhg1h5j42swfq.cloudfront.net\/2019\/11\/05113847\/Saiu-Edital-6.png","width":1200,"height":628,"caption":"Concurso CRBM 14"},{"@type":"BreadcrumbList","@id":"https:\/\/www.estrategiaconcursos.com.br\/blog\/edital-idaf-ac\/#breadcrumb","itemListElement":[{"@type":"ListItem","position":1,"name":"In\u00edcio","item":"https:\/\/www.estrategiaconcursos.com.br\/blog\/"},{"@type":"ListItem","position":2,"name":"Edital IDAF AC: edital oferta vagas para n\u00edvel m\u00e9dio e superior"}]},{"@type":"WebSite","@id":"https:\/\/www.estrategiaconcursos.com.br\/blog\/#website","url":"https:\/\/www.estrategiaconcursos.com.br\/blog\/","name":"Estrat\u00e9gia Concursos","description":"O blog da Estrat\u00e9gia Concursos traz not\u00edcias sobre concursos e artigos de professores oferecendo cursos para concursos (pdf + videaulas) no site.","publisher":{"@id":"https:\/\/www.estrategiaconcursos.com.br\/blog\/#organization"},"potentialAction":[{"@type":"SearchAction","target":{"@type":"EntryPoint","urlTemplate":"https:\/\/www.estrategiaconcursos.com.br\/blog\/?s={search_term_string}"},"query-input":{"@type":"PropertyValueSpecification","valueRequired":true,"valueName":"search_term_string"}}],"inLanguage":"pt-BR"},{"@type":"Organization","@id":"https:\/\/www.estrategiaconcursos.com.br\/blog\/#organization","name":"Estrat\u00e9gia Concursos","url":"https:\/\/www.estrategiaconcursos.com.br\/blog\/","logo":{"@type":"ImageObject","inLanguage":"pt-BR","@id":"https:\/\/www.estrategiaconcursos.com.br\/blog\/#\/schema\/logo\/image\/","url":"https:\/\/dhg1h5j42swfq.cloudfront.net\/2025\/06\/03203428\/logo_concursos-1.jpg","contentUrl":"https:\/\/dhg1h5j42swfq.cloudfront.net\/2025\/06\/03203428\/logo_concursos-1.jpg","width":230,"height":60,"caption":"Estrat\u00e9gia Concursos"},"image":{"@id":"https:\/\/www.estrategiaconcursos.com.br\/blog\/#\/schema\/logo\/image\/"},"sameAs":["https:\/\/x.com\/EstratConcursos"]},{"@type":"Person","@id":"https:\/\/www.estrategiaconcursos.com.br\/blog\/#\/schema\/person\/09924ae9dae935885ef15db075a3be15","name":"Nelma Fontana","image":{"@type":"ImageObject","inLanguage":"pt-BR","@id":"https:\/\/secure.gravatar.com\/avatar\/a2b4071a40b0ae857a4dfe2308130289bde3d65cc7674fb758d21a8b645071e5?s=96&d=mm&r=g","url":"https:\/\/secure.gravatar.com\/avatar\/a2b4071a40b0ae857a4dfe2308130289bde3d65cc7674fb758d21a8b645071e5?s=96&d=mm&r=g","contentUrl":"https:\/\/secure.gravatar.com\/avatar\/a2b4071a40b0ae857a4dfe2308130289bde3d65cc7674fb758d21a8b645071e5?s=96&d=mm&r=g","caption":"Nelma Fontana"},"url":"https:\/\/www.estrategiaconcursos.com.br\/blog\/author\/fontananelmagmail-com\/"}]}},"_links":{"self":[{"href":"https:\/\/www.estrategiaconcursos.com.br\/blog\/wp-json\/wp\/v2\/posts\/472448","targetHints":{"allow":["GET"]}}],"collection":[{"href":"https:\/\/www.estrategiaconcursos.com.br\/blog\/wp-json\/wp\/v2\/posts"}],"about":[{"href":"https:\/\/www.estrategiaconcursos.com.br\/blog\/wp-json\/wp\/v2\/types\/post"}],"author":[{"embeddable":true,"href":"https:\/\/www.estrategiaconcursos.com.br\/blog\/wp-json\/wp\/v2\/users\/492"}],"replies":[{"embeddable":true,"href":"https:\/\/www.estrategiaconcursos.com.br\/blog\/wp-json\/wp\/v2\/comments?post=472448"}],"version-history":[{"count":9,"href":"https:\/\/www.estrategiaconcursos.com.br\/blog\/wp-json\/wp\/v2\/posts\/472448\/revisions"}],"predecessor-version":[{"id":486491,"href":"https:\/\/www.estrategiaconcursos.com.br\/blog\/wp-json\/wp\/v2\/posts\/472448\/revisions\/486491"}],"wp:featuredmedia":[{"embeddable":true,"href":"https:\/\/www.estrategiaconcursos.com.br\/blog\/wp-json\/wp\/v2\/media\/444275"}],"wp:attachment":[{"href":"https:\/\/www.estrategiaconcursos.com.br\/blog\/wp-json\/wp\/v2\/media?parent=472448"}],"wp:term":[{"taxonomy":"category","embeddable":true,"href":"https:\/\/www.estrategiaconcursos.com.br\/blog\/wp-json\/wp\/v2\/categories?post=472448"},{"taxonomy":"post_tag","embeddable":true,"href":"https:\/\/www.estrategiaconcursos.com.br\/blog\/wp-json\/wp\/v2\/tags?post=472448"},{"taxonomy":"tax_estado","embeddable":true,"href":"https:\/\/www.estrategiaconcursos.com.br\/blog\/wp-json\/wp\/v2\/tax_estado?post=472448"}],"curies":[{"name":"wp","href":"https:\/\/api.w.org\/{rel}","templated":true}]}}