{"id":472441,"date":"2020-01-21T10:39:54","date_gmt":"2020-01-21T13:39:54","guid":{"rendered":"https:\/\/www.estrategiaconcursos.com.br\/blog\/?p=472441"},"modified":"2022-10-13T18:21:05","modified_gmt":"2022-10-13T21:21:05","slug":"sisu-inscricoes-problemas","status":"publish","type":"post","link":"https:\/\/www.estrategiaconcursos.com.br\/blog\/sisu-inscricoes-problemas\/","title":{"rendered":"&#8220;Inscri\u00e7\u00f5es encerradas&#8221;?? Sisu inicia inscri\u00e7\u00f5es nesta ter\u00e7a com problemas"},"content":{"rendered":"\n<p>As inscri\u00e7\u00f5es para o Sistema de Sele\u00e7\u00e3o Unificada, Sisu, iniciaram na manh\u00e3 desta ter\u00e7a-feira, 21 de janeiro, com problemas. Assunto mais comentado no Twitter, o portal amanheceu inst\u00e1vel, com erros e com a mensagem indicando <strong><em>&#8220;Inscri\u00e7\u00f5es Encerradas&#8221;<\/em><\/strong>.<\/p>\n\n\n\n<p>Ainda no in\u00edcio da manh\u00e3, o ministro da educa\u00e7\u00e3o Abraham Weintraub publicou um v\u00eddeo em sua rede social dizendo que <em>&#8220;o Sisu est\u00e1 rodando normalmente&#8221;<\/em>. Mas n\u00e3o \u00e9 isso o que est\u00e1 acontecendo. Milh\u00f5es de candidatos aguardam ansiosos a resolu\u00e7\u00e3o do problema.<\/p>\n\n\n\n<ul class=\"wp-block-list\"><li><em><a rel=\"noreferrer noopener\" aria-label=\"Simulado Enem 2020 (abre numa nova aba)\" href=\"https:\/\/blog.estrategiavestibulares.com.br\/simulado-enem\/\" target=\"_blank\">Simulado Enem 2020<\/a><\/em><\/li><li><em><a rel=\"noreferrer noopener\" aria-label=\"Inscri\u00e7\u00f5es gr\u00e1tis simulado Enem! (abre numa nova aba)\" href=\"https:\/\/docs.google.com\/forms\/d\/e\/1FAIpQLScKNVN4mCzCFOfWX8o2NBfBLLJynDBkuTSVqLq2fJ2U6G4MbA\/viewform\" target=\"_blank\">Inscri\u00e7\u00f5es gr\u00e1tis simulado Enem!<\/a><\/em><\/li><li><em><a rel=\"noreferrer noopener\" aria-label=\"Tudo sobre o Enem (abre numa nova aba)\" href=\"https:\/\/blog.estrategiavestibulares.com.br\/enem\/\" target=\"_blank\">Tudo sobre o Enem<\/a><\/em><\/li><li><em><a href=\"https:\/\/blog.estrategiavestibulares.com.br\/enem-2020-datas-e-o-que-muda\/\" target=\"_blank\" rel=\"noreferrer noopener\" aria-label=\"O que muda no novo Enem? (abre numa nova aba)\">O que muda no novo Enem?<\/a><\/em><\/li><\/ul>\n\n\n\n<p>Ainda no fim de semana, inconsist\u00eancias foram encontradas na corre\u00e7\u00e3o do gabarito em pelo menos quatro cidades brasileiras. Quase 6 mil candidatos foram prejudicados por conta da corre\u00e7\u00e3o da prova do Enem.<\/p>\n\n\n\n<p>Na segunda-feira, a Procuradoria Federal dos Direitos do Cidad\u00e3o, \u00f3rg\u00e3o vinculado ao Minist\u00e9rio P\u00fablico Federal, encaminhou of\u00edcio indicando suspens\u00e3o das inscri\u00e7\u00f5es para o Sisu at\u00e9 que as falhas ocorridas no Enem sejam solucionadas.<\/p>\n\n\n\n<p>O Minist\u00e9rio da Educa\u00e7\u00e3o chegou a disponibilizar um e-mail para que candidatos enviassem solicita\u00e7\u00e3o de revis\u00e3o da nota do Enem. Ainda na segunda-feira, o MEC informou que as notas de todos os candidatos foram revisadas e corrigidas.<\/p>\n","protected":false},"excerpt":{"rendered":"<p>As inscri\u00e7\u00f5es para o Sistema de Sele\u00e7\u00e3o Unificada, Sisu, iniciaram na manh\u00e3 desta ter\u00e7a-feira, 21 de janeiro, com problemas. Assunto mais comentado no Twitter, o portal amanheceu inst\u00e1vel, com erros e com a mensagem indicando &#8220;Inscri\u00e7\u00f5es Encerradas&#8221;. Ainda no in\u00edcio da manh\u00e3, o ministro da educa\u00e7\u00e3o Abraham Weintraub publicou um v\u00eddeo em sua rede social [&hellip;]<\/p>\n","protected":false},"author":1,"featured_media":472443,"comment_status":"open","ping_status":"closed","sticky":false,"template":"","format":"standard","meta":{"post_tipo":"news","footnotes":""},"categories":[1],"tags":[],"tax_estado":[],"class_list":["post-472441","post","type-post","status-publish","format-standard","has-post-thumbnail","hentry","category-cursos-e-concursos"],"acf":[],"yoast_head":"<!-- This site is optimized with the Yoast SEO Premium plugin v27.2 (Yoast SEO v27.2) - https:\/\/yoast.com\/product\/yoast-seo-premium-wordpress\/ -->\n<title>&quot;Inscri\u00e7\u00f5es encerradas&quot;?? Sisu inicia inscri\u00e7\u00f5es nesta ter\u00e7a com problemas<\/title>\n<meta name=\"robots\" content=\"index, follow, max-snippet:-1, max-image-preview:large, max-video-preview:-1\" \/>\n<link rel=\"canonical\" href=\"https:\/\/www.estrategiaconcursos.com.br\/blog\/sisu-inscricoes-problemas\/\" \/>\n<meta property=\"og:locale\" content=\"pt_BR\" \/>\n<meta property=\"og:type\" content=\"article\" \/>\n<meta property=\"og:title\" content=\"&quot;Inscri\u00e7\u00f5es encerradas&quot;?? Sisu inicia inscri\u00e7\u00f5es nesta ter\u00e7a com problemas\" \/>\n<meta property=\"og:description\" content=\"As inscri\u00e7\u00f5es para o Sistema de Sele\u00e7\u00e3o Unificada, Sisu, iniciaram na manh\u00e3 desta ter\u00e7a-feira, 21 de janeiro, com problemas. Assunto mais comentado no Twitter, o portal amanheceu inst\u00e1vel, com erros e com a mensagem indicando &#8220;Inscri\u00e7\u00f5es Encerradas&#8221;. Ainda no in\u00edcio da manh\u00e3, o ministro da educa\u00e7\u00e3o Abraham Weintraub publicou um v\u00eddeo em sua rede social [&hellip;]\" \/>\n<meta property=\"og:url\" content=\"https:\/\/www.estrategiaconcursos.com.br\/blog\/sisu-inscricoes-problemas\/\" \/>\n<meta property=\"og:site_name\" content=\"Estrat\u00e9gia Concursos\" \/>\n<meta property=\"article:author\" content=\"https:\/\/www.facebook.com\/EstrategiaConcursos\" \/>\n<meta property=\"article:published_time\" content=\"2020-01-21T13:39:54+00:00\" \/>\n<meta property=\"article:modified_time\" content=\"2022-10-13T21:21:05+00:00\" \/>\n<meta property=\"og:image\" content=\"https:\/\/dhg1h5j42swfq.cloudfront.net\/2020\/01\/21103038\/image-158.png\" \/>\n\t<meta property=\"og:image:width\" content=\"1530\" \/>\n\t<meta property=\"og:image:height\" content=\"795\" \/>\n\t<meta property=\"og:image:type\" content=\"image\/png\" \/>\n<meta name=\"author\" content=\"Coordena\u00e7\u00e3o\" \/>\n<meta name=\"twitter:card\" content=\"summary_large_image\" \/>\n<meta name=\"twitter:creator\" content=\"@EstratConcursos\" \/>\n<meta name=\"twitter:site\" content=\"@EstratConcursos\" \/>\n<meta name=\"twitter:label1\" content=\"Escrito por\" \/>\n\t<meta name=\"twitter:data1\" content=\"Coordena\u00e7\u00e3o\" \/>\n\t<meta name=\"twitter:label2\" content=\"Est. tempo de leitura\" \/>\n\t<meta name=\"twitter:data2\" content=\"1 minuto\" \/>\n<script type=\"application\/ld+json\" class=\"yoast-schema-graph\">{\"@context\":\"https:\/\/schema.org\",\"@graph\":[{\"@type\":\"NewsArticle\",\"@id\":\"https:\/\/www.estrategiaconcursos.com.br\/blog\/sisu-inscricoes-problemas\/#article\",\"isPartOf\":{\"@id\":\"https:\/\/www.estrategiaconcursos.com.br\/blog\/sisu-inscricoes-problemas\/\"},\"author\":{\"name\":\"Coordena\u00e7\u00e3o\",\"@id\":\"https:\/\/www.estrategiaconcursos.com.br\/blog\/#\/schema\/person\/b4a388c97673c5f483d72185668afa1f\"},\"headline\":\"&#8220;Inscri\u00e7\u00f5es encerradas&#8221;?? Sisu inicia inscri\u00e7\u00f5es nesta ter\u00e7a com problemas\",\"datePublished\":\"2020-01-21T13:39:54+00:00\",\"dateModified\":\"2022-10-13T21:21:05+00:00\",\"mainEntityOfPage\":{\"@id\":\"https:\/\/www.estrategiaconcursos.com.br\/blog\/sisu-inscricoes-problemas\/\"},\"wordCount\":233,\"commentCount\":5,\"publisher\":{\"@id\":\"https:\/\/www.estrategiaconcursos.com.br\/blog\/#organization\"},\"image\":{\"@id\":\"https:\/\/www.estrategiaconcursos.com.br\/blog\/sisu-inscricoes-problemas\/#primaryimage\"},\"thumbnailUrl\":\"https:\/\/dhg1h5j42swfq.cloudfront.net\/2020\/01\/21103038\/image-158.png\",\"articleSection\":[\"Concursos P\u00fablicos\"],\"inLanguage\":\"pt-BR\",\"potentialAction\":[{\"@type\":\"CommentAction\",\"name\":\"Comment\",\"target\":[\"https:\/\/www.estrategiaconcursos.com.br\/blog\/sisu-inscricoes-problemas\/#respond\"]}],\"copyrightYear\":\"2020\",\"copyrightHolder\":{\"@id\":\"https:\/\/www.estrategiaconcursos.com.br\/blog\/#organization\"}},{\"@type\":\"WebPage\",\"@id\":\"https:\/\/www.estrategiaconcursos.com.br\/blog\/sisu-inscricoes-problemas\/\",\"url\":\"https:\/\/www.estrategiaconcursos.com.br\/blog\/sisu-inscricoes-problemas\/\",\"name\":\"\\\"Inscri\u00e7\u00f5es encerradas\\\"?? Sisu inicia inscri\u00e7\u00f5es nesta ter\u00e7a com problemas\",\"isPartOf\":{\"@id\":\"https:\/\/www.estrategiaconcursos.com.br\/blog\/#website\"},\"primaryImageOfPage\":{\"@id\":\"https:\/\/www.estrategiaconcursos.com.br\/blog\/sisu-inscricoes-problemas\/#primaryimage\"},\"image\":{\"@id\":\"https:\/\/www.estrategiaconcursos.com.br\/blog\/sisu-inscricoes-problemas\/#primaryimage\"},\"thumbnailUrl\":\"https:\/\/dhg1h5j42swfq.cloudfront.net\/2020\/01\/21103038\/image-158.png\",\"datePublished\":\"2020-01-21T13:39:54+00:00\",\"dateModified\":\"2022-10-13T21:21:05+00:00\",\"breadcrumb\":{\"@id\":\"https:\/\/www.estrategiaconcursos.com.br\/blog\/sisu-inscricoes-problemas\/#breadcrumb\"},\"inLanguage\":\"pt-BR\",\"potentialAction\":[{\"@type\":\"ReadAction\",\"target\":[\"https:\/\/www.estrategiaconcursos.com.br\/blog\/sisu-inscricoes-problemas\/\"]}]},{\"@type\":\"ImageObject\",\"inLanguage\":\"pt-BR\",\"@id\":\"https:\/\/www.estrategiaconcursos.com.br\/blog\/sisu-inscricoes-problemas\/#primaryimage\",\"url\":\"https:\/\/dhg1h5j42swfq.cloudfront.net\/2020\/01\/21103038\/image-158.png\",\"contentUrl\":\"https:\/\/dhg1h5j42swfq.cloudfront.net\/2020\/01\/21103038\/image-158.png\",\"width\":1530,\"height\":795,\"caption\":\"sisu\"},{\"@type\":\"BreadcrumbList\",\"@id\":\"https:\/\/www.estrategiaconcursos.com.br\/blog\/sisu-inscricoes-problemas\/#breadcrumb\",\"itemListElement\":[{\"@type\":\"ListItem\",\"position\":1,\"name\":\"In\u00edcio\",\"item\":\"https:\/\/www.estrategiaconcursos.com.br\/blog\/\"},{\"@type\":\"ListItem\",\"position\":2,\"name\":\"&#8220;Inscri\u00e7\u00f5es encerradas&#8221;?? Sisu inicia inscri\u00e7\u00f5es nesta ter\u00e7a com problemas\"}]},{\"@type\":\"WebSite\",\"@id\":\"https:\/\/www.estrategiaconcursos.com.br\/blog\/#website\",\"url\":\"https:\/\/www.estrategiaconcursos.com.br\/blog\/\",\"name\":\"Estrat\u00e9gia Concursos\",\"description\":\"O blog da Estrat\u00e9gia Concursos traz not\u00edcias sobre concursos e artigos de professores oferecendo cursos para concursos (pdf + videaulas) no site.\",\"publisher\":{\"@id\":\"https:\/\/www.estrategiaconcursos.com.br\/blog\/#organization\"},\"potentialAction\":[{\"@type\":\"SearchAction\",\"target\":{\"@type\":\"EntryPoint\",\"urlTemplate\":\"https:\/\/www.estrategiaconcursos.com.br\/blog\/?s={search_term_string}\"},\"query-input\":{\"@type\":\"PropertyValueSpecification\",\"valueRequired\":true,\"valueName\":\"search_term_string\"}}],\"inLanguage\":\"pt-BR\"},{\"@type\":\"Organization\",\"@id\":\"https:\/\/www.estrategiaconcursos.com.br\/blog\/#organization\",\"name\":\"Estrat\u00e9gia Concursos\",\"url\":\"https:\/\/www.estrategiaconcursos.com.br\/blog\/\",\"logo\":{\"@type\":\"ImageObject\",\"inLanguage\":\"pt-BR\",\"@id\":\"https:\/\/www.estrategiaconcursos.com.br\/blog\/#\/schema\/logo\/image\/\",\"url\":\"https:\/\/dhg1h5j42swfq.cloudfront.net\/2025\/06\/03203428\/logo_concursos-1.jpg\",\"contentUrl\":\"https:\/\/dhg1h5j42swfq.cloudfront.net\/2025\/06\/03203428\/logo_concursos-1.jpg\",\"width\":230,\"height\":60,\"caption\":\"Estrat\u00e9gia Concursos\"},\"image\":{\"@id\":\"https:\/\/www.estrategiaconcursos.com.br\/blog\/#\/schema\/logo\/image\/\"},\"sameAs\":[\"https:\/\/x.com\/EstratConcursos\"]},{\"@type\":\"Person\",\"@id\":\"https:\/\/www.estrategiaconcursos.com.br\/blog\/#\/schema\/person\/b4a388c97673c5f483d72185668afa1f\",\"name\":\"Coordena\u00e7\u00e3o\",\"image\":{\"@type\":\"ImageObject\",\"inLanguage\":\"pt-BR\",\"@id\":\"https:\/\/secure.gravatar.com\/avatar\/b720319e4c9a967eb58678d110f4fe35452fc5d5f97b202bac7b8acceb18c6ad?s=96&d=mm&r=g\",\"url\":\"https:\/\/secure.gravatar.com\/avatar\/b720319e4c9a967eb58678d110f4fe35452fc5d5f97b202bac7b8acceb18c6ad?s=96&d=mm&r=g\",\"contentUrl\":\"https:\/\/secure.gravatar.com\/avatar\/b720319e4c9a967eb58678d110f4fe35452fc5d5f97b202bac7b8acceb18c6ad?s=96&d=mm&r=g\",\"caption\":\"Coordena\u00e7\u00e3o\"},\"sameAs\":[\"https:\/\/www.facebook.com\/EstrategiaConcursos\",\"https:\/\/x.com\/EstratConcursos\"],\"url\":\"https:\/\/www.estrategiaconcursos.com.br\/blog\/author\/estrategia2013\/\"}]}<\/script>\n<!-- \/ Yoast SEO Premium plugin. -->","yoast_head_json":{"title":"\"Inscri\u00e7\u00f5es encerradas\"?? Sisu inicia inscri\u00e7\u00f5es nesta ter\u00e7a com problemas","robots":{"index":"index","follow":"follow","max-snippet":"max-snippet:-1","max-image-preview":"max-image-preview:large","max-video-preview":"max-video-preview:-1"},"canonical":"https:\/\/www.estrategiaconcursos.com.br\/blog\/sisu-inscricoes-problemas\/","og_locale":"pt_BR","og_type":"article","og_title":"\"Inscri\u00e7\u00f5es encerradas\"?? Sisu inicia inscri\u00e7\u00f5es nesta ter\u00e7a com problemas","og_description":"As inscri\u00e7\u00f5es para o Sistema de Sele\u00e7\u00e3o Unificada, Sisu, iniciaram na manh\u00e3 desta ter\u00e7a-feira, 21 de janeiro, com problemas. Assunto mais comentado no Twitter, o portal amanheceu inst\u00e1vel, com erros e com a mensagem indicando &#8220;Inscri\u00e7\u00f5es Encerradas&#8221;. Ainda no in\u00edcio da manh\u00e3, o ministro da educa\u00e7\u00e3o Abraham Weintraub publicou um v\u00eddeo em sua rede social [&hellip;]","og_url":"https:\/\/www.estrategiaconcursos.com.br\/blog\/sisu-inscricoes-problemas\/","og_site_name":"Estrat\u00e9gia Concursos","article_author":"https:\/\/www.facebook.com\/EstrategiaConcursos","article_published_time":"2020-01-21T13:39:54+00:00","article_modified_time":"2022-10-13T21:21:05+00:00","og_image":[{"width":1530,"height":795,"url":"https:\/\/dhg1h5j42swfq.cloudfront.net\/2020\/01\/21103038\/image-158.png","type":"image\/png"}],"author":"Coordena\u00e7\u00e3o","twitter_card":"summary_large_image","twitter_creator":"@EstratConcursos","twitter_site":"@EstratConcursos","twitter_misc":{"Escrito por":"Coordena\u00e7\u00e3o","Est. tempo de leitura":"1 minuto"},"schema":{"@context":"https:\/\/schema.org","@graph":[{"@type":"NewsArticle","@id":"https:\/\/www.estrategiaconcursos.com.br\/blog\/sisu-inscricoes-problemas\/#article","isPartOf":{"@id":"https:\/\/www.estrategiaconcursos.com.br\/blog\/sisu-inscricoes-problemas\/"},"author":{"name":"Coordena\u00e7\u00e3o","@id":"https:\/\/www.estrategiaconcursos.com.br\/blog\/#\/schema\/person\/b4a388c97673c5f483d72185668afa1f"},"headline":"&#8220;Inscri\u00e7\u00f5es encerradas&#8221;?? Sisu inicia inscri\u00e7\u00f5es nesta ter\u00e7a com problemas","datePublished":"2020-01-21T13:39:54+00:00","dateModified":"2022-10-13T21:21:05+00:00","mainEntityOfPage":{"@id":"https:\/\/www.estrategiaconcursos.com.br\/blog\/sisu-inscricoes-problemas\/"},"wordCount":233,"commentCount":5,"publisher":{"@id":"https:\/\/www.estrategiaconcursos.com.br\/blog\/#organization"},"image":{"@id":"https:\/\/www.estrategiaconcursos.com.br\/blog\/sisu-inscricoes-problemas\/#primaryimage"},"thumbnailUrl":"https:\/\/dhg1h5j42swfq.cloudfront.net\/2020\/01\/21103038\/image-158.png","articleSection":["Concursos P\u00fablicos"],"inLanguage":"pt-BR","potentialAction":[{"@type":"CommentAction","name":"Comment","target":["https:\/\/www.estrategiaconcursos.com.br\/blog\/sisu-inscricoes-problemas\/#respond"]}],"copyrightYear":"2020","copyrightHolder":{"@id":"https:\/\/www.estrategiaconcursos.com.br\/blog\/#organization"}},{"@type":"WebPage","@id":"https:\/\/www.estrategiaconcursos.com.br\/blog\/sisu-inscricoes-problemas\/","url":"https:\/\/www.estrategiaconcursos.com.br\/blog\/sisu-inscricoes-problemas\/","name":"\"Inscri\u00e7\u00f5es encerradas\"?? Sisu inicia inscri\u00e7\u00f5es nesta ter\u00e7a com problemas","isPartOf":{"@id":"https:\/\/www.estrategiaconcursos.com.br\/blog\/#website"},"primaryImageOfPage":{"@id":"https:\/\/www.estrategiaconcursos.com.br\/blog\/sisu-inscricoes-problemas\/#primaryimage"},"image":{"@id":"https:\/\/www.estrategiaconcursos.com.br\/blog\/sisu-inscricoes-problemas\/#primaryimage"},"thumbnailUrl":"https:\/\/dhg1h5j42swfq.cloudfront.net\/2020\/01\/21103038\/image-158.png","datePublished":"2020-01-21T13:39:54+00:00","dateModified":"2022-10-13T21:21:05+00:00","breadcrumb":{"@id":"https:\/\/www.estrategiaconcursos.com.br\/blog\/sisu-inscricoes-problemas\/#breadcrumb"},"inLanguage":"pt-BR","potentialAction":[{"@type":"ReadAction","target":["https:\/\/www.estrategiaconcursos.com.br\/blog\/sisu-inscricoes-problemas\/"]}]},{"@type":"ImageObject","inLanguage":"pt-BR","@id":"https:\/\/www.estrategiaconcursos.com.br\/blog\/sisu-inscricoes-problemas\/#primaryimage","url":"https:\/\/dhg1h5j42swfq.cloudfront.net\/2020\/01\/21103038\/image-158.png","contentUrl":"https:\/\/dhg1h5j42swfq.cloudfront.net\/2020\/01\/21103038\/image-158.png","width":1530,"height":795,"caption":"sisu"},{"@type":"BreadcrumbList","@id":"https:\/\/www.estrategiaconcursos.com.br\/blog\/sisu-inscricoes-problemas\/#breadcrumb","itemListElement":[{"@type":"ListItem","position":1,"name":"In\u00edcio","item":"https:\/\/www.estrategiaconcursos.com.br\/blog\/"},{"@type":"ListItem","position":2,"name":"&#8220;Inscri\u00e7\u00f5es encerradas&#8221;?? Sisu inicia inscri\u00e7\u00f5es nesta ter\u00e7a com problemas"}]},{"@type":"WebSite","@id":"https:\/\/www.estrategiaconcursos.com.br\/blog\/#website","url":"https:\/\/www.estrategiaconcursos.com.br\/blog\/","name":"Estrat\u00e9gia Concursos","description":"O blog da Estrat\u00e9gia Concursos traz not\u00edcias sobre concursos e artigos de professores oferecendo cursos para concursos (pdf + videaulas) no site.","publisher":{"@id":"https:\/\/www.estrategiaconcursos.com.br\/blog\/#organization"},"potentialAction":[{"@type":"SearchAction","target":{"@type":"EntryPoint","urlTemplate":"https:\/\/www.estrategiaconcursos.com.br\/blog\/?s={search_term_string}"},"query-input":{"@type":"PropertyValueSpecification","valueRequired":true,"valueName":"search_term_string"}}],"inLanguage":"pt-BR"},{"@type":"Organization","@id":"https:\/\/www.estrategiaconcursos.com.br\/blog\/#organization","name":"Estrat\u00e9gia Concursos","url":"https:\/\/www.estrategiaconcursos.com.br\/blog\/","logo":{"@type":"ImageObject","inLanguage":"pt-BR","@id":"https:\/\/www.estrategiaconcursos.com.br\/blog\/#\/schema\/logo\/image\/","url":"https:\/\/dhg1h5j42swfq.cloudfront.net\/2025\/06\/03203428\/logo_concursos-1.jpg","contentUrl":"https:\/\/dhg1h5j42swfq.cloudfront.net\/2025\/06\/03203428\/logo_concursos-1.jpg","width":230,"height":60,"caption":"Estrat\u00e9gia Concursos"},"image":{"@id":"https:\/\/www.estrategiaconcursos.com.br\/blog\/#\/schema\/logo\/image\/"},"sameAs":["https:\/\/x.com\/EstratConcursos"]},{"@type":"Person","@id":"https:\/\/www.estrategiaconcursos.com.br\/blog\/#\/schema\/person\/b4a388c97673c5f483d72185668afa1f","name":"Coordena\u00e7\u00e3o","image":{"@type":"ImageObject","inLanguage":"pt-BR","@id":"https:\/\/secure.gravatar.com\/avatar\/b720319e4c9a967eb58678d110f4fe35452fc5d5f97b202bac7b8acceb18c6ad?s=96&d=mm&r=g","url":"https:\/\/secure.gravatar.com\/avatar\/b720319e4c9a967eb58678d110f4fe35452fc5d5f97b202bac7b8acceb18c6ad?s=96&d=mm&r=g","contentUrl":"https:\/\/secure.gravatar.com\/avatar\/b720319e4c9a967eb58678d110f4fe35452fc5d5f97b202bac7b8acceb18c6ad?s=96&d=mm&r=g","caption":"Coordena\u00e7\u00e3o"},"sameAs":["https:\/\/www.facebook.com\/EstrategiaConcursos","https:\/\/x.com\/EstratConcursos"],"url":"https:\/\/www.estrategiaconcursos.com.br\/blog\/author\/estrategia2013\/"}]}},"_links":{"self":[{"href":"https:\/\/www.estrategiaconcursos.com.br\/blog\/wp-json\/wp\/v2\/posts\/472441","targetHints":{"allow":["GET"]}}],"collection":[{"href":"https:\/\/www.estrategiaconcursos.com.br\/blog\/wp-json\/wp\/v2\/posts"}],"about":[{"href":"https:\/\/www.estrategiaconcursos.com.br\/blog\/wp-json\/wp\/v2\/types\/post"}],"author":[{"embeddable":true,"href":"https:\/\/www.estrategiaconcursos.com.br\/blog\/wp-json\/wp\/v2\/users\/1"}],"replies":[{"embeddable":true,"href":"https:\/\/www.estrategiaconcursos.com.br\/blog\/wp-json\/wp\/v2\/comments?post=472441"}],"version-history":[{"count":11,"href":"https:\/\/www.estrategiaconcursos.com.br\/blog\/wp-json\/wp\/v2\/posts\/472441\/revisions"}],"predecessor-version":[{"id":1109882,"href":"https:\/\/www.estrategiaconcursos.com.br\/blog\/wp-json\/wp\/v2\/posts\/472441\/revisions\/1109882"}],"wp:featuredmedia":[{"embeddable":true,"href":"https:\/\/www.estrategiaconcursos.com.br\/blog\/wp-json\/wp\/v2\/media\/472443"}],"wp:attachment":[{"href":"https:\/\/www.estrategiaconcursos.com.br\/blog\/wp-json\/wp\/v2\/media?parent=472441"}],"wp:term":[{"taxonomy":"category","embeddable":true,"href":"https:\/\/www.estrategiaconcursos.com.br\/blog\/wp-json\/wp\/v2\/categories?post=472441"},{"taxonomy":"post_tag","embeddable":true,"href":"https:\/\/www.estrategiaconcursos.com.br\/blog\/wp-json\/wp\/v2\/tags?post=472441"},{"taxonomy":"tax_estado","embeddable":true,"href":"https:\/\/www.estrategiaconcursos.com.br\/blog\/wp-json\/wp\/v2\/tax_estado?post=472441"}],"curies":[{"name":"wp","href":"https:\/\/api.w.org\/{rel}","templated":true}]}}