{"id":472410,"date":"2020-02-05T09:10:00","date_gmt":"2020-02-05T12:10:00","guid":{"rendered":"https:\/\/www.estrategiaconcursos.com.br\/blog\/?p=472410"},"modified":"2023-06-26T16:27:22","modified_gmt":"2023-06-26T19:27:22","slug":"edital-residencia-juridica-pge-rj-2020","status":"publish","type":"post","link":"https:\/\/www.estrategiaconcursos.com.br\/blog\/edital-residencia-juridica-pge-rj-2020\/","title":{"rendered":"Edital Resid\u00eancia Jur\u00eddica PGE RJ: marcada data da Prova para 300 vagas"},"content":{"rendered":"\n<p>As inscri\u00e7\u00f5es do edital do Programa de Resid\u00eancia Jur\u00eddica da Procuradoria Geral do Estado do Rio de Janeiro est\u00e3o encerradas. S\u00e3o ofertadas <strong>300 vagas imediatas<\/strong>.<\/p>\n\n\n\n<p>A data para a realiza\u00e7\u00e3o da \u00fanica etapa do certame, uma Prova Discursiva, foi marcada para o dia <strong>29 de mar\u00e7o de 2020 <\/strong>e ser\u00e1 aplicada na <em>Universidade do Estado do Rio de Janeiro\/UERJ<\/em>, na capital fluminense e tamb\u00e9m no <em>Instituto Superior de Educa\u00e7\u00e3o Professor Aldo Muylaert\/ISEPAM<\/em>, na cidade interiorana de Campos dos Goytacazes. <\/p>\n\n\n\n<h2 class=\"wp-block-heading\" id=\"principais\">Principais datas da Resid\u00eancia Jur\u00eddica PGE RJ<\/h2>\n\n\n\n<p class=\"has-background\" style=\"background-color:#e5f2fb\"><strong>Inscri\u00e7\u00f5es<\/strong>: 21\/01 a 04\/02\/2020<br \/><strong>Isen\u00e7\u00e3o<\/strong>: 21 a 24\/01\/2020<br \/><strong>Prova: <\/strong>29\/03\/2020<\/p>\n\n\n\n<h2 class=\"wp-block-heading\">Bolsa Aux\u00edlio &#8211; Resid\u00eancia Jur\u00eddica PGE RJ<\/h2>\n\n\n\n<p> Os alunos-residentes far\u00e3o jus ao recebimento de bolsa-aux\u00edlio no valor de R$ 2.100,00 por m\u00eas, al\u00e9m de aux\u00edlio transporte. <\/p>\n\n\n\n<h2 class=\"wp-block-heading\">Carga Hor\u00e1ria da Resid\u00eancia Jur\u00eddica PGE RJ<\/h2>\n\n\n\n<p> A carga hor\u00e1ria ser\u00e1 de 30 horas semanais, de acordo com o expediente da Procuradoria Geral do Estado, sendo 24 horas destinadas \u00e0s atividades pr\u00e1ticas e 06 horas destinadas a atividades acad\u00eamicas <\/p>\n\n\n\n<h2 class=\"wp-block-heading\" id=\"requisitos\">Requisitos para participa\u00e7\u00e3o na Resid\u00eancia Jur\u00eddica PGE RJ<\/h2>\n\n\n\n<p>Para participar da sele\u00e7\u00e3o do concurso PGE RJ \u00e9 necess\u00e1rio ser <strong>bacharel em Direito<\/strong>. De acordo com o regulamento do exame, os candidatos podem ou n\u00e3o ter inscri\u00e7\u00e3o na Ordem dos Advogados do Brasil. <\/p>\n\n\n\n<p>Al\u00e9m disso,  \u00e9 <span style=\"text-decoration: underline;\">admitida a inscri\u00e7\u00e3o de candidatos que ainda n\u00e3o tenham conclu\u00eddo o Curso de Direito<\/span>. No entanto, quando convocados para admiss\u00e3o no Programa de Resid\u00eancia Jur\u00eddica, dever\u00e3o apresentar a comprova\u00e7\u00e3o de conclus\u00e3o do Curso. <\/p>\n\n\n\n<h2 class=\"wp-block-heading\" id=\"provas\">Provas da Resid\u00eancia Jur\u00eddica PGE RJ<\/h2>\n\n\n\n<p>A sele\u00e7\u00e3o dos novos residentes da PGE RJ ser\u00e1 realizada por meio de uma prova escrita com <strong>oito quest\u00f5es discursivas<\/strong>, distribu\u00eddas entre as seguintes disciplinas:<\/p>\n\n\n\n<ul class=\"wp-block-list\">\n<li>Direito Administrativo (2 quest\u00f5es);<\/li>\n\n\n\n<li>Direito Constitucional (2 quest\u00f5es);<\/li>\n\n\n\n<li>Direito Processual Civil (2 quest\u00f5es);<\/li>\n\n\n\n<li>Direito Tribut\u00e1rio (2 quest\u00f5es).<\/li>\n<\/ul>\n\n\n\n<p>Para a elabora\u00e7\u00e3o das quest\u00f5es ser\u00e3o sorteados <strong>dois pontos<\/strong> do conte\u00fado program\u00e1tico previsto no regulamento do concurso.<\/p>\n\n\n\n<p>Cada quest\u00e3o da prova no concurso PGE RJ dever\u00e1 ser respondida em at\u00e9 15 linhas. As disciplinas ser\u00e3o avaliadas numa escala de 0 a 100 pontos.<\/p>\n\n\n\n<h3 class=\"wp-block-heading\">C\u00e1lculo da nota<\/h3>\n\n\n\n<p>A nota final dos candidatos ser\u00e1 calculada por meio da m\u00e9dia aritm\u00e9tica entre as pontua\u00e7\u00f5es obtidas em cada disciplina. Para ser considerado habilitado no concurso PGE RJ, o candidato dever\u00e1 ter m\u00e9dia final m\u00ednima de <strong>50 pontos<\/strong>.<\/p>\n\n\n\n<h3 class=\"wp-block-heading\">Crit\u00e9rios de desempate<\/h3>\n\n\n\n<ul class=\"wp-block-list\">\n<li>maior nota obtida na prova de Direito Constitucional; <\/li>\n\n\n\n<li>maior nota obtida na prova de Direito Administrativo; <\/li>\n\n\n\n<li>maior nota obtida na prova de Direito Processual Civil; <\/li>\n\n\n\n<li>idade mais elevada.  <\/li>\n<\/ul>\n\n\n\n<h2 class=\"wp-block-heading has-text-align-center\" id=\"curso-assinatura\">Quer estudar para o concurso PGE RJ?<\/h2>\n\n\n\n<p class=\"has-text-align-center\"><strong><em>Gostou dessa oportunidade e deseja se preparar? Ent\u00e3o, confira nosso curso exclusivo para este concurso e inicie seus estudos agora mesmo:<\/em><\/strong><\/p>\n\n\n\n<p class=\"has-text-align-center has-luminous-vivid-amber-background-color has-background\" style=\"font-size:clamp(16.293px, 1.018rem + ((1vw - 3.2px) * 0.854), 25px);px\"><a rel=\"noreferrer noopener\" aria-label=\" CURSO PGE RJ Resid\u00eancia Jur\u00eddica (abre numa nova aba)\" href=\"https:\/\/www.estrategiaconcursos.com.br\/cursosPorConcurso\/pge-rj-procuradoria-do-estado-do-rio-de-janeiro-residencia-juridica\/\" target=\"_blank\">CURSO PGE RJ Resid\u00eancia Jur\u00eddica<\/a><\/p>\n\n\n\n<p class=\"has-text-align-center has-pale-cyan-blue-background-color has-background\" style=\"font-size:clamp(15.197px, 0.95rem + ((1vw - 3.2px) * 0.765), 23px);px\"><strong><a href=\"https:\/\/www.estrategiaconcursos.com.br\/blog\/concursos-abertos\/\">CONCURSOS ABERTOS<\/a><\/strong><\/p>\n\n\n\n<figure class=\"wp-block-image\"><img loading=\"lazy\" decoding=\"async\" width=\"300\" height=\"102\" src=\"https:\/\/dhg1h5j42swfq.cloudfront.net\/2017\/03\/28152500\/coruja-ficha-tecnica-300x102.png\" alt=\"Ficha t\u00e9cnica concurso pge rj\" class=\"wp-image-68542\"\/><\/figure>\n\n\n\n<h4 class=\"wp-block-heading\" id=\"ficha-tecnica\"><strong>Informa\u00e7\u00f5es sobre o Concurso PGE RJ Resid\u00eancia Jur\u00eddica<\/strong><\/h4>\n\n\n\n<p>\u25ba<strong>Data<\/strong>: 29\/03\/2020<br \/>\u25ba<strong>Vagas<\/strong>: 300<br \/>\u25ba<strong>Cargos<\/strong>: Residente Jur\u00eddico<br \/>\u25ba<strong>Lota\u00e7\u00f5es<\/strong>: Rio de Janeiro<br \/>\u25ba<strong>Escolaridade<\/strong>: N\u00edvel Superior em Direito<br \/>\u25ba<strong>Banca<\/strong>: PGE RJ<\/p>\n\n\n\n<p>\u25ba<strong>Edital:<\/strong> <a href=\"https:\/\/dhg1h5j42swfq.cloudfront.net\/2020\/01\/21095244\/Edital-Resid%C3%AAncia-Jur%C3%ADdica-PGE-RJ.pdf\" target=\"_blank\" rel=\"noreferrer noopener\" aria-label=\"Edital Resid\u00eancia Jur\u00eddica PGE RJ 2020 (abre numa nova aba)\">Edital Resid\u00eancia Jur\u00eddica PGE RJ 2020<\/a><\/p>\n\n\n\n<p>\u25ba<strong>Regulamento:<\/strong> <a href=\"https:\/\/dhg1h5j42swfq.cloudfront.net\/2020\/01\/21095250\/Regulamento-Resid%C3%AAncia-Jur%C3%ADdica-PGE-RJ.pdf\" target=\"_blank\" rel=\"noreferrer noopener\" aria-label=\"Regulamento Resid\u00eancia Jur\u00eddica PGE RJ 2020 (abre numa nova aba)\">Regulamento Resid\u00eancia Jur\u00eddica PGE RJ 2020<\/a><\/p>\n\n\n\n<p><em>Ascom Estrat\u00e9gia<\/em><br \/>ascomestrategia@gmail.com<\/p>\n","protected":false},"excerpt":{"rendered":"<p>As inscri\u00e7\u00f5es do edital do Programa de Resid\u00eancia Jur\u00eddica da Procuradoria Geral do Estado do Rio de Janeiro est\u00e3o encerradas. S\u00e3o ofertadas 300 vagas imediatas. A data para a realiza\u00e7\u00e3o da \u00fanica etapa do certame, uma Prova Discursiva, foi marcada para o dia 29 de mar\u00e7o de 2020 e ser\u00e1 aplicada na Universidade do Estado [&hellip;]<\/p>\n","protected":false},"author":180,"featured_media":152496,"comment_status":"open","ping_status":"closed","sticky":false,"template":"","format":"standard","meta":{"post_tipo":"article","footnotes":""},"categories":[1],"tags":[],"tax_estado":[219982],"class_list":["post-472410","post","type-post","status-publish","format-standard","has-post-thumbnail","hentry","category-cursos-e-concursos","tax_estado-rj"],"acf":[],"yoast_head":"<!-- This site is optimized with the Yoast SEO Premium plugin v27.2 (Yoast SEO v27.2) - https:\/\/yoast.com\/product\/yoast-seo-premium-wordpress\/ -->\n<title>Edital Resid\u00eancia Jur\u00eddica PGE RJ: marcada data da Prova para 300 vagas<\/title>\n<meta name=\"description\" content=\"Inscri\u00e7\u00f5es encerradas para o edital de Resid\u00eancia Jur\u00eddica PGE RJ com 300 vagas imediatas. Confira todas as informa\u00e7\u00f5es neste artigo!\" \/>\n<meta name=\"robots\" content=\"index, follow, max-snippet:-1, max-image-preview:large, max-video-preview:-1\" \/>\n<link rel=\"canonical\" href=\"https:\/\/www.estrategiaconcursos.com.br\/blog\/edital-residencia-juridica-pge-rj-2020\/\" \/>\n<meta property=\"og:locale\" content=\"pt_BR\" \/>\n<meta property=\"og:type\" content=\"article\" \/>\n<meta property=\"og:title\" content=\"Edital Resid\u00eancia Jur\u00eddica PGE RJ: marcada data da Prova para 300 vagas\" \/>\n<meta property=\"og:description\" content=\"Inscri\u00e7\u00f5es encerradas para o edital de Resid\u00eancia Jur\u00eddica PGE RJ com 300 vagas imediatas. Confira todas as informa\u00e7\u00f5es neste artigo!\" \/>\n<meta property=\"og:url\" content=\"https:\/\/www.estrategiaconcursos.com.br\/blog\/edital-residencia-juridica-pge-rj-2020\/\" \/>\n<meta property=\"og:site_name\" content=\"Estrat\u00e9gia Concursos\" \/>\n<meta property=\"article:author\" content=\"https:\/\/www.facebook.com\/ricardo.s.torques\" \/>\n<meta property=\"article:published_time\" content=\"2020-02-05T12:10:00+00:00\" \/>\n<meta property=\"article:modified_time\" content=\"2023-06-26T19:27:22+00:00\" \/>\n<meta property=\"og:image\" content=\"https:\/\/dhg1h5j42swfq.cloudfront.net\/2016\/04\/23134448\/PGE-RJ-e1542991496789.jpg\" \/>\n\t<meta property=\"og:image:width\" content=\"400\" \/>\n\t<meta property=\"og:image:height\" content=\"267\" \/>\n\t<meta property=\"og:image:type\" content=\"image\/jpeg\" \/>\n<meta name=\"author\" content=\"Ricardo Torques\" \/>\n<meta name=\"twitter:card\" content=\"summary_large_image\" \/>\n<meta name=\"twitter:creator\" content=\"@EstratConcursos\" \/>\n<meta name=\"twitter:site\" content=\"@EstratConcursos\" \/>\n<meta name=\"twitter:label1\" content=\"Escrito por\" \/>\n\t<meta name=\"twitter:data1\" content=\"Ricardo Torques\" \/>\n\t<meta name=\"twitter:label2\" content=\"Est. tempo de leitura\" \/>\n\t<meta name=\"twitter:data2\" content=\"3 minutos\" \/>\n<script type=\"application\/ld+json\" class=\"yoast-schema-graph\">{\"@context\":\"https:\/\/schema.org\",\"@graph\":[{\"@type\":\"NewsArticle\",\"@id\":\"https:\/\/www.estrategiaconcursos.com.br\/blog\/edital-residencia-juridica-pge-rj-2020\/#article\",\"isPartOf\":{\"@id\":\"https:\/\/www.estrategiaconcursos.com.br\/blog\/edital-residencia-juridica-pge-rj-2020\/\"},\"author\":{\"name\":\"Ricardo Torques\",\"@id\":\"https:\/\/www.estrategiaconcursos.com.br\/blog\/#\/schema\/person\/aa39cf5ddb518e5bdce27c35788405e2\"},\"headline\":\"Edital Resid\u00eancia Jur\u00eddica PGE RJ: marcada data da Prova para 300 vagas\",\"datePublished\":\"2020-02-05T12:10:00+00:00\",\"dateModified\":\"2023-06-26T19:27:22+00:00\",\"mainEntityOfPage\":{\"@id\":\"https:\/\/www.estrategiaconcursos.com.br\/blog\/edital-residencia-juridica-pge-rj-2020\/\"},\"wordCount\":553,\"commentCount\":0,\"publisher\":{\"@id\":\"https:\/\/www.estrategiaconcursos.com.br\/blog\/#organization\"},\"image\":{\"@id\":\"https:\/\/www.estrategiaconcursos.com.br\/blog\/edital-residencia-juridica-pge-rj-2020\/#primaryimage\"},\"thumbnailUrl\":\"https:\/\/dhg1h5j42swfq.cloudfront.net\/2016\/04\/23134448\/PGE-RJ-e1542991496789.jpg\",\"articleSection\":[\"Concursos P\u00fablicos\"],\"inLanguage\":\"pt-BR\",\"potentialAction\":[{\"@type\":\"CommentAction\",\"name\":\"Comment\",\"target\":[\"https:\/\/www.estrategiaconcursos.com.br\/blog\/edital-residencia-juridica-pge-rj-2020\/#respond\"]}],\"copyrightYear\":\"2020\",\"copyrightHolder\":{\"@id\":\"https:\/\/www.estrategiaconcursos.com.br\/blog\/#organization\"}},{\"@type\":\"WebPage\",\"@id\":\"https:\/\/www.estrategiaconcursos.com.br\/blog\/edital-residencia-juridica-pge-rj-2020\/\",\"url\":\"https:\/\/www.estrategiaconcursos.com.br\/blog\/edital-residencia-juridica-pge-rj-2020\/\",\"name\":\"Edital Resid\u00eancia Jur\u00eddica PGE RJ: marcada data da Prova para 300 vagas\",\"isPartOf\":{\"@id\":\"https:\/\/www.estrategiaconcursos.com.br\/blog\/#website\"},\"primaryImageOfPage\":{\"@id\":\"https:\/\/www.estrategiaconcursos.com.br\/blog\/edital-residencia-juridica-pge-rj-2020\/#primaryimage\"},\"image\":{\"@id\":\"https:\/\/www.estrategiaconcursos.com.br\/blog\/edital-residencia-juridica-pge-rj-2020\/#primaryimage\"},\"thumbnailUrl\":\"https:\/\/dhg1h5j42swfq.cloudfront.net\/2016\/04\/23134448\/PGE-RJ-e1542991496789.jpg\",\"datePublished\":\"2020-02-05T12:10:00+00:00\",\"dateModified\":\"2023-06-26T19:27:22+00:00\",\"description\":\"Inscri\u00e7\u00f5es encerradas para o edital de Resid\u00eancia Jur\u00eddica PGE RJ com 300 vagas imediatas. Confira todas as informa\u00e7\u00f5es neste artigo!\",\"breadcrumb\":{\"@id\":\"https:\/\/www.estrategiaconcursos.com.br\/blog\/edital-residencia-juridica-pge-rj-2020\/#breadcrumb\"},\"inLanguage\":\"pt-BR\",\"potentialAction\":[{\"@type\":\"ReadAction\",\"target\":[\"https:\/\/www.estrategiaconcursos.com.br\/blog\/edital-residencia-juridica-pge-rj-2020\/\"]}]},{\"@type\":\"ImageObject\",\"inLanguage\":\"pt-BR\",\"@id\":\"https:\/\/www.estrategiaconcursos.com.br\/blog\/edital-residencia-juridica-pge-rj-2020\/#primaryimage\",\"url\":\"https:\/\/dhg1h5j42swfq.cloudfront.net\/2016\/04\/23134448\/PGE-RJ-e1542991496789.jpg\",\"contentUrl\":\"https:\/\/dhg1h5j42swfq.cloudfront.net\/2016\/04\/23134448\/PGE-RJ-e1542991496789.jpg\",\"width\":400,\"height\":267},{\"@type\":\"BreadcrumbList\",\"@id\":\"https:\/\/www.estrategiaconcursos.com.br\/blog\/edital-residencia-juridica-pge-rj-2020\/#breadcrumb\",\"itemListElement\":[{\"@type\":\"ListItem\",\"position\":1,\"name\":\"In\u00edcio\",\"item\":\"https:\/\/www.estrategiaconcursos.com.br\/blog\/\"},{\"@type\":\"ListItem\",\"position\":2,\"name\":\"Edital Resid\u00eancia Jur\u00eddica PGE RJ: marcada data da Prova para 300 vagas\"}]},{\"@type\":\"WebSite\",\"@id\":\"https:\/\/www.estrategiaconcursos.com.br\/blog\/#website\",\"url\":\"https:\/\/www.estrategiaconcursos.com.br\/blog\/\",\"name\":\"Estrat\u00e9gia Concursos\",\"description\":\"O blog da Estrat\u00e9gia Concursos traz not\u00edcias sobre concursos e artigos de professores oferecendo cursos para concursos (pdf + videaulas) no site.\",\"publisher\":{\"@id\":\"https:\/\/www.estrategiaconcursos.com.br\/blog\/#organization\"},\"potentialAction\":[{\"@type\":\"SearchAction\",\"target\":{\"@type\":\"EntryPoint\",\"urlTemplate\":\"https:\/\/www.estrategiaconcursos.com.br\/blog\/?s={search_term_string}\"},\"query-input\":{\"@type\":\"PropertyValueSpecification\",\"valueRequired\":true,\"valueName\":\"search_term_string\"}}],\"inLanguage\":\"pt-BR\"},{\"@type\":\"Organization\",\"@id\":\"https:\/\/www.estrategiaconcursos.com.br\/blog\/#organization\",\"name\":\"Estrat\u00e9gia Concursos\",\"url\":\"https:\/\/www.estrategiaconcursos.com.br\/blog\/\",\"logo\":{\"@type\":\"ImageObject\",\"inLanguage\":\"pt-BR\",\"@id\":\"https:\/\/www.estrategiaconcursos.com.br\/blog\/#\/schema\/logo\/image\/\",\"url\":\"https:\/\/dhg1h5j42swfq.cloudfront.net\/2025\/06\/03203428\/logo_concursos-1.jpg\",\"contentUrl\":\"https:\/\/dhg1h5j42swfq.cloudfront.net\/2025\/06\/03203428\/logo_concursos-1.jpg\",\"width\":230,\"height\":60,\"caption\":\"Estrat\u00e9gia Concursos\"},\"image\":{\"@id\":\"https:\/\/www.estrategiaconcursos.com.br\/blog\/#\/schema\/logo\/image\/\"},\"sameAs\":[\"https:\/\/x.com\/EstratConcursos\"]},{\"@type\":\"Person\",\"@id\":\"https:\/\/www.estrategiaconcursos.com.br\/blog\/#\/schema\/person\/aa39cf5ddb518e5bdce27c35788405e2\",\"name\":\"Ricardo Torques\",\"image\":{\"@type\":\"ImageObject\",\"inLanguage\":\"pt-BR\",\"@id\":\"https:\/\/secure.gravatar.com\/avatar\/ce9ac6c3cff25fe86d15ed568ebc64d1724baf5c0693133bcb1f6073f712f92a?s=96&d=mm&r=g\",\"url\":\"https:\/\/secure.gravatar.com\/avatar\/ce9ac6c3cff25fe86d15ed568ebc64d1724baf5c0693133bcb1f6073f712f92a?s=96&d=mm&r=g\",\"contentUrl\":\"https:\/\/secure.gravatar.com\/avatar\/ce9ac6c3cff25fe86d15ed568ebc64d1724baf5c0693133bcb1f6073f712f92a?s=96&d=mm&r=g\",\"caption\":\"Ricardo Torques\"},\"sameAs\":[\"https:\/\/www.facebook.com\/ricardo.s.torques\"],\"url\":\"https:\/\/www.estrategiaconcursos.com.br\/blog\/author\/ricardotorquesestrategiaconcursos-com-br\/\"}]}<\/script>\n<!-- \/ Yoast SEO Premium plugin. -->","yoast_head_json":{"title":"Edital Resid\u00eancia Jur\u00eddica PGE RJ: marcada data da Prova para 300 vagas","description":"Inscri\u00e7\u00f5es encerradas para o edital de Resid\u00eancia Jur\u00eddica PGE RJ com 300 vagas imediatas. Confira todas as informa\u00e7\u00f5es neste artigo!","robots":{"index":"index","follow":"follow","max-snippet":"max-snippet:-1","max-image-preview":"max-image-preview:large","max-video-preview":"max-video-preview:-1"},"canonical":"https:\/\/www.estrategiaconcursos.com.br\/blog\/edital-residencia-juridica-pge-rj-2020\/","og_locale":"pt_BR","og_type":"article","og_title":"Edital Resid\u00eancia Jur\u00eddica PGE RJ: marcada data da Prova para 300 vagas","og_description":"Inscri\u00e7\u00f5es encerradas para o edital de Resid\u00eancia Jur\u00eddica PGE RJ com 300 vagas imediatas. Confira todas as informa\u00e7\u00f5es neste artigo!","og_url":"https:\/\/www.estrategiaconcursos.com.br\/blog\/edital-residencia-juridica-pge-rj-2020\/","og_site_name":"Estrat\u00e9gia Concursos","article_author":"https:\/\/www.facebook.com\/ricardo.s.torques","article_published_time":"2020-02-05T12:10:00+00:00","article_modified_time":"2023-06-26T19:27:22+00:00","og_image":[{"width":400,"height":267,"url":"https:\/\/dhg1h5j42swfq.cloudfront.net\/2016\/04\/23134448\/PGE-RJ-e1542991496789.jpg","type":"image\/jpeg"}],"author":"Ricardo Torques","twitter_card":"summary_large_image","twitter_creator":"@EstratConcursos","twitter_site":"@EstratConcursos","twitter_misc":{"Escrito por":"Ricardo Torques","Est. tempo de leitura":"3 minutos"},"schema":{"@context":"https:\/\/schema.org","@graph":[{"@type":"NewsArticle","@id":"https:\/\/www.estrategiaconcursos.com.br\/blog\/edital-residencia-juridica-pge-rj-2020\/#article","isPartOf":{"@id":"https:\/\/www.estrategiaconcursos.com.br\/blog\/edital-residencia-juridica-pge-rj-2020\/"},"author":{"name":"Ricardo Torques","@id":"https:\/\/www.estrategiaconcursos.com.br\/blog\/#\/schema\/person\/aa39cf5ddb518e5bdce27c35788405e2"},"headline":"Edital Resid\u00eancia Jur\u00eddica PGE RJ: marcada data da Prova para 300 vagas","datePublished":"2020-02-05T12:10:00+00:00","dateModified":"2023-06-26T19:27:22+00:00","mainEntityOfPage":{"@id":"https:\/\/www.estrategiaconcursos.com.br\/blog\/edital-residencia-juridica-pge-rj-2020\/"},"wordCount":553,"commentCount":0,"publisher":{"@id":"https:\/\/www.estrategiaconcursos.com.br\/blog\/#organization"},"image":{"@id":"https:\/\/www.estrategiaconcursos.com.br\/blog\/edital-residencia-juridica-pge-rj-2020\/#primaryimage"},"thumbnailUrl":"https:\/\/dhg1h5j42swfq.cloudfront.net\/2016\/04\/23134448\/PGE-RJ-e1542991496789.jpg","articleSection":["Concursos P\u00fablicos"],"inLanguage":"pt-BR","potentialAction":[{"@type":"CommentAction","name":"Comment","target":["https:\/\/www.estrategiaconcursos.com.br\/blog\/edital-residencia-juridica-pge-rj-2020\/#respond"]}],"copyrightYear":"2020","copyrightHolder":{"@id":"https:\/\/www.estrategiaconcursos.com.br\/blog\/#organization"}},{"@type":"WebPage","@id":"https:\/\/www.estrategiaconcursos.com.br\/blog\/edital-residencia-juridica-pge-rj-2020\/","url":"https:\/\/www.estrategiaconcursos.com.br\/blog\/edital-residencia-juridica-pge-rj-2020\/","name":"Edital Resid\u00eancia Jur\u00eddica PGE RJ: marcada data da Prova para 300 vagas","isPartOf":{"@id":"https:\/\/www.estrategiaconcursos.com.br\/blog\/#website"},"primaryImageOfPage":{"@id":"https:\/\/www.estrategiaconcursos.com.br\/blog\/edital-residencia-juridica-pge-rj-2020\/#primaryimage"},"image":{"@id":"https:\/\/www.estrategiaconcursos.com.br\/blog\/edital-residencia-juridica-pge-rj-2020\/#primaryimage"},"thumbnailUrl":"https:\/\/dhg1h5j42swfq.cloudfront.net\/2016\/04\/23134448\/PGE-RJ-e1542991496789.jpg","datePublished":"2020-02-05T12:10:00+00:00","dateModified":"2023-06-26T19:27:22+00:00","description":"Inscri\u00e7\u00f5es encerradas para o edital de Resid\u00eancia Jur\u00eddica PGE RJ com 300 vagas imediatas. Confira todas as informa\u00e7\u00f5es neste artigo!","breadcrumb":{"@id":"https:\/\/www.estrategiaconcursos.com.br\/blog\/edital-residencia-juridica-pge-rj-2020\/#breadcrumb"},"inLanguage":"pt-BR","potentialAction":[{"@type":"ReadAction","target":["https:\/\/www.estrategiaconcursos.com.br\/blog\/edital-residencia-juridica-pge-rj-2020\/"]}]},{"@type":"ImageObject","inLanguage":"pt-BR","@id":"https:\/\/www.estrategiaconcursos.com.br\/blog\/edital-residencia-juridica-pge-rj-2020\/#primaryimage","url":"https:\/\/dhg1h5j42swfq.cloudfront.net\/2016\/04\/23134448\/PGE-RJ-e1542991496789.jpg","contentUrl":"https:\/\/dhg1h5j42swfq.cloudfront.net\/2016\/04\/23134448\/PGE-RJ-e1542991496789.jpg","width":400,"height":267},{"@type":"BreadcrumbList","@id":"https:\/\/www.estrategiaconcursos.com.br\/blog\/edital-residencia-juridica-pge-rj-2020\/#breadcrumb","itemListElement":[{"@type":"ListItem","position":1,"name":"In\u00edcio","item":"https:\/\/www.estrategiaconcursos.com.br\/blog\/"},{"@type":"ListItem","position":2,"name":"Edital Resid\u00eancia Jur\u00eddica PGE RJ: marcada data da Prova para 300 vagas"}]},{"@type":"WebSite","@id":"https:\/\/www.estrategiaconcursos.com.br\/blog\/#website","url":"https:\/\/www.estrategiaconcursos.com.br\/blog\/","name":"Estrat\u00e9gia Concursos","description":"O blog da Estrat\u00e9gia Concursos traz not\u00edcias sobre concursos e artigos de professores oferecendo cursos para concursos (pdf + videaulas) no site.","publisher":{"@id":"https:\/\/www.estrategiaconcursos.com.br\/blog\/#organization"},"potentialAction":[{"@type":"SearchAction","target":{"@type":"EntryPoint","urlTemplate":"https:\/\/www.estrategiaconcursos.com.br\/blog\/?s={search_term_string}"},"query-input":{"@type":"PropertyValueSpecification","valueRequired":true,"valueName":"search_term_string"}}],"inLanguage":"pt-BR"},{"@type":"Organization","@id":"https:\/\/www.estrategiaconcursos.com.br\/blog\/#organization","name":"Estrat\u00e9gia Concursos","url":"https:\/\/www.estrategiaconcursos.com.br\/blog\/","logo":{"@type":"ImageObject","inLanguage":"pt-BR","@id":"https:\/\/www.estrategiaconcursos.com.br\/blog\/#\/schema\/logo\/image\/","url":"https:\/\/dhg1h5j42swfq.cloudfront.net\/2025\/06\/03203428\/logo_concursos-1.jpg","contentUrl":"https:\/\/dhg1h5j42swfq.cloudfront.net\/2025\/06\/03203428\/logo_concursos-1.jpg","width":230,"height":60,"caption":"Estrat\u00e9gia Concursos"},"image":{"@id":"https:\/\/www.estrategiaconcursos.com.br\/blog\/#\/schema\/logo\/image\/"},"sameAs":["https:\/\/x.com\/EstratConcursos"]},{"@type":"Person","@id":"https:\/\/www.estrategiaconcursos.com.br\/blog\/#\/schema\/person\/aa39cf5ddb518e5bdce27c35788405e2","name":"Ricardo Torques","image":{"@type":"ImageObject","inLanguage":"pt-BR","@id":"https:\/\/secure.gravatar.com\/avatar\/ce9ac6c3cff25fe86d15ed568ebc64d1724baf5c0693133bcb1f6073f712f92a?s=96&d=mm&r=g","url":"https:\/\/secure.gravatar.com\/avatar\/ce9ac6c3cff25fe86d15ed568ebc64d1724baf5c0693133bcb1f6073f712f92a?s=96&d=mm&r=g","contentUrl":"https:\/\/secure.gravatar.com\/avatar\/ce9ac6c3cff25fe86d15ed568ebc64d1724baf5c0693133bcb1f6073f712f92a?s=96&d=mm&r=g","caption":"Ricardo Torques"},"sameAs":["https:\/\/www.facebook.com\/ricardo.s.torques"],"url":"https:\/\/www.estrategiaconcursos.com.br\/blog\/author\/ricardotorquesestrategiaconcursos-com-br\/"}]}},"_links":{"self":[{"href":"https:\/\/www.estrategiaconcursos.com.br\/blog\/wp-json\/wp\/v2\/posts\/472410","targetHints":{"allow":["GET"]}}],"collection":[{"href":"https:\/\/www.estrategiaconcursos.com.br\/blog\/wp-json\/wp\/v2\/posts"}],"about":[{"href":"https:\/\/www.estrategiaconcursos.com.br\/blog\/wp-json\/wp\/v2\/types\/post"}],"author":[{"embeddable":true,"href":"https:\/\/www.estrategiaconcursos.com.br\/blog\/wp-json\/wp\/v2\/users\/180"}],"replies":[{"embeddable":true,"href":"https:\/\/www.estrategiaconcursos.com.br\/blog\/wp-json\/wp\/v2\/comments?post=472410"}],"version-history":[{"count":7,"href":"https:\/\/www.estrategiaconcursos.com.br\/blog\/wp-json\/wp\/v2\/posts\/472410\/revisions"}],"predecessor-version":[{"id":1239080,"href":"https:\/\/www.estrategiaconcursos.com.br\/blog\/wp-json\/wp\/v2\/posts\/472410\/revisions\/1239080"}],"wp:featuredmedia":[{"embeddable":true,"href":"https:\/\/www.estrategiaconcursos.com.br\/blog\/wp-json\/wp\/v2\/media\/152496"}],"wp:attachment":[{"href":"https:\/\/www.estrategiaconcursos.com.br\/blog\/wp-json\/wp\/v2\/media?parent=472410"}],"wp:term":[{"taxonomy":"category","embeddable":true,"href":"https:\/\/www.estrategiaconcursos.com.br\/blog\/wp-json\/wp\/v2\/categories?post=472410"},{"taxonomy":"post_tag","embeddable":true,"href":"https:\/\/www.estrategiaconcursos.com.br\/blog\/wp-json\/wp\/v2\/tags?post=472410"},{"taxonomy":"tax_estado","embeddable":true,"href":"https:\/\/www.estrategiaconcursos.com.br\/blog\/wp-json\/wp\/v2\/tax_estado?post=472410"}],"curies":[{"name":"wp","href":"https:\/\/api.w.org\/{rel}","templated":true}]}}