{"id":472349,"date":"2020-01-21T08:29:18","date_gmt":"2020-01-21T11:29:18","guid":{"rendered":"https:\/\/www.estrategiaconcursos.com.br\/blog\/?p=472349"},"modified":"2020-01-21T08:45:04","modified_gmt":"2020-01-21T11:45:04","slug":"concurso-senado-edital-no-primeiro-semestre","status":"publish","type":"post","link":"https:\/\/www.estrategiaconcursos.com.br\/blog\/concurso-senado-edital-no-primeiro-semestre\/","title":{"rendered":"Concurso Senado: Casa oferece conte\u00fados gratuitos e edital sai no primeiro semestre"},"content":{"rendered":"\n<p>O concurso do Senado Federal \u00e9 um dos mais aguardados certames de 2020 e  conta com previs\u00e3o or\u00e7ament\u00e1ria na Lei Or\u00e7ament\u00e1ria Anual, divulgada nesta segunda-feira, 20 de janeiro.<\/p>\n\n\n\n<p>Em mat\u00e9ria divulgada no site da Ag\u00eancia Senado, o vice-presidente da Comiss\u00e3o Organizadora, Kleber Minatogau, informou que a escolha da banca examinadora, a produ\u00e7\u00e3o do edital e todos os detalhes que comp\u00f5em o projeto b\u00e1sico do concurso <strong>ser\u00e3o finalizados at\u00e9 o final de mar\u00e7o.<\/strong><\/p>\n\n\n\n<p> Al\u00e9m disso, o Senado Federal est\u00e1 dando &#8220;aquela ajudinha&#8221; para os candidatos que est\u00e3o em busca de um cargo na Casa.<\/p>\n\n\n\n<p>A Secretaria de Transpar\u00eancia (STrans), em parceria com a Comiss\u00e3o Organizadora do certame, criou um site com conte\u00fado gratuito e informa\u00e7\u00f5es relevantes para aqueles que desejam refor\u00e7ar os estudos, contando com cursos e videoaulas , publica\u00e7\u00f5es da Livraria do Senado com regimentos internos, informa\u00e7\u00f5es sobre o \u00faltimo concurso e muito mais.<\/p>\n\n\n\n<p class=\"has-background has-very-light-gray-background-color\">\u2014 <em>Temos por obriga\u00e7\u00e3o legal divulgar a\u00e7\u00f5es sobre o concurso, mas fomos al\u00e9m da parte burocr\u00e1tica. Agregamos materiais que podem ajudar pessoas de diversas classes sociais, que por vezes n\u00e3o podem pagar por cursinhos preparat\u00f3rios \u2014 ressaltou Thiago Cortez Costa, assessor t\u00e9cnico da STrans. <\/em><br \/><em>F<\/em>onte: Ag\u00eancia Senado<\/p>\n\n\n\n<p>Vale lembrar que em dezembro de 2019 algumas bancas organizadoras foram reunidas em uma audi\u00eancia p\u00fablica para debater sobre as novas legisla\u00e7\u00f5es no mundo dos concursos e colher subs\u00eddios t\u00e9cnicos para o termo de refer\u00eancia da licita\u00e7\u00e3o que visa contratar a organizadora do novo certame.<\/p>\n\n\n\n<h2 class=\"wp-block-heading\">O Concurso Senado 2020<\/h2>\n\n\n\n<p>Com <strong>40 vagas<\/strong> para cargos de N\u00edvel M\u00e9dio e Superior o Concurso Senado visa o preenchimento de vagas imediatas e cadastro de reserva e ter\u00e1 oportunidades para T\u00e9cnico Legislativo (Policial Legislativo), Advogado e Analista Legislativo. <\/p>\n\n\n\n<p>As remunera\u00e7\u00f5es variam de R$ 19.427,79 at\u00e9 R$ 35.114,14. Al\u00e9m do sal\u00e1rio l\u00edquido,&nbsp;os servidores t\u00eam direito ao <strong>aux\u00edlio alimenta\u00e7\u00e3o<\/strong> no valor mensal de&nbsp;R$ 924,16 e ao <strong>aux\u00edlio transporte<\/strong>, mas para este benef\u00edcio, h\u00e1 o desconto no valor de 6% do sal\u00e1rio do funcion\u00e1rio, sendo necess\u00e1rio que descreva detalhadamente o trajeto. <\/p>\n\n\n\n<p>Confira a distribui\u00e7\u00e3o do concurso Senado:<\/p>\n\n\n\n<ul class=\"wp-block-list\"><li>T\u00e9cnico Legislativo, N\u00edvel II, padr\u00e3o 21, na especialidade Policial Legislativo, com requisito de escolaridade de n\u00edvel m\u00e9dio: 24 vagas;<\/li><li> Advogado, N\u00edvel III, padr\u00e3o 41, na especialidade Advocacia, com requisito de escolaridade de n\u00edvel superior: 4 vagas;<\/li><li>Analista Legislativo, N\u00edvel III, padr\u00e3o 36, na especialidade Administra\u00e7\u00e3o, com requisito de escolaridade de n\u00edvel superior: 2  vagas;<\/li><li>Analista Legislativo, N\u00edvel III, padr\u00e3o 36, na especialidade Arquivologia, com requisito de escolaridade de n\u00edvel superior: 1 vaga;<\/li><li>Analista Legislativo, N\u00edvel III, padr\u00e3o 36, na especialidade Assist\u00eancia Social, com requisito de escolaridade de n\u00edvel superior: 1 vaga;<\/li><li>Analista Legislativo, N\u00edvel III, padr\u00e3o 36, na especialidade Contabilidade, com requisito de escolaridade de n\u00edvel superior: 1 (uma) vaga;<\/li><li>Analista Legislativo, N\u00edvel III, padr\u00e3o 36, na especialidade Enfermagem, com requisito de escolaridade de n\u00edvel superior: 1 vaga;<\/li><li>Analista Legislativo, N\u00edvel III, padr\u00e3o 36, na especialidade Inform\u00e1tica Legislativa, com requisito de escolaridade de n\u00edvel superior: 1 vaga;<\/li><li> Analista Legislativo, N\u00edvel III, padr\u00e3o 36, na especialidade Processo Legislativo, com requisito de escolaridade de n\u00edvel superior: 2 vagas;<\/li><li>Analista Legislativo, N\u00edvel III, padr\u00e3o 36, na especialidade Registro e Reda\u00e7\u00e3o Parlamentar, com requisito de escolaridade de n\u00edvel superior: 1 vaga;<\/li><li> Analista Legislativo, N\u00edvel III, padr\u00e3o 36, na especialidade Engenharia do Trabalho, com requisito de escolaridade de n\u00edvel superior: 1 vaga;<\/li><li>Analista Legislativo, N\u00edvel III, padr\u00e3o 36, na especialidade Engenharia Eletr\u00f4nica e Telecomunica\u00e7\u00f5es, com requisito de escolaridade de n\u00edvel superior: 1 vaga.<\/li><\/ul>\n\n\n\n<p class=\"has-text-align-center\"><strong><em>Quer saber mais sobre o certame? Acesse a mat\u00e9ria completa:<\/em><\/strong><\/p>\n\n\n\n<p class=\"has-background has-text-align-center has-luminous-vivid-amber-background-color\"><a href=\"https:\/\/www.estrategiaconcursos.com.br\/blog\/concurso-senado-federal\/\"><strong>Concurso Senado 2020<\/strong><\/a><\/p>\n\n\n\n<p class=\"has-background has-text-align-center has-very-light-gray-background-color\"><strong>Quer acessar o link do Senado? <a href=\"https:\/\/www.senado.leg.br\/institucional\/datasenado\/STRANS\/hotsite_concurso\/\" target=\"_blank\" rel=\"noreferrer noopener\" aria-label=\"Clique aqui! (abre numa nova aba)\">Clique aqui!<\/a><\/strong><\/p>\n\n\n\n<h2 class=\"has-text-align-center wp-block-heading\">Prepare-se agora para o Concurso Senado Federal<\/h2>\n\n\n\n<p class=\"has-text-align-center\"><strong><em>Gostou dessa oportunidade&nbsp;e deseja se preparar agora mesmo para este concurso?&nbsp;<\/em><em>O Estrat\u00e9gia Concursos j\u00e1 possui cursos focados neste certame.<\/em><\/strong><\/p>\n\n\n\n<p style=\"font-size:25px\" class=\"has-background has-text-align-center has-light-green-cyan-background-color\"><strong><a rel=\"noreferrer noopener\" href=\"https:\/\/www.estrategiaconcursos.com.br\/cursosPorConcurso\/senado-federal-6\/\" target=\"_blank\">Cursos para o Senado Federal<\/a><\/strong><\/p>\n\n\n\n<p class=\"has-background has-text-align-center has-medium-font-size has-light-green-cyan-background-color\"><a href=\"https:\/\/www.estrategiaconcursos.com.br\/cursosPorConcurso\/promocao-pacote-para-senado-federal-advogado\/\"><strong>Curso Senado Advogado<\/strong><\/a><\/p>\n\n\n\n<h4 class=\"has-text-align-center wp-block-heading\" id=\"assinatura\"><em><strong>Assinatura Anual Ilimitada*<\/strong><\/em><\/h4>\n\n\n\n<p class=\"has-text-align-center\"><em>Prepare-se com o melhor material e com quem mais aprova em Concursos P\u00fablicos em todo o pa\u00eds. Assine agora a nossa Assinatura Anual e tenha acesso ilimitado* a todos os nossos cursos.<\/em><\/p>\n\n\n\n<p style=\"font-size:25px\" class=\"has-background has-text-align-center has-luminous-vivid-amber-background-color\"><strong>ASSINE AGORA<\/strong>&nbsp;\u2013&nbsp;<strong><a href=\"https:\/\/www.estrategiaconcursos.com.br\/assinaturas\" target=\"_blank\" rel=\"noreferrer noopener\">Assinatura Ilimitada<\/a><\/strong><\/p>\n\n\n\n<p class=\"has-text-align-center\"><strong><em>Fique por dentro dos concursos vigentes:<\/em><\/strong><\/p>\n\n\n\n<p class=\"has-text-color has-background has-text-align-center has-medium-font-size has-very-dark-gray-color has-pale-cyan-blue-background-color\"><strong><a href=\"https:\/\/www.estrategiaconcursos.com.br\/blog\/concursos-abertos\/\" target=\"_blank\" rel=\"noreferrer noopener\">CONCURSOS ABERTOS<\/a><\/strong><\/p>\n\n\n\n<p class=\"has-text-color has-background has-text-align-center has-medium-font-size has-very-dark-gray-color has-pale-cyan-blue-background-color\"><strong><a href=\"https:\/\/www.estrategiaconcursos.com.br\/blog\/concursos-2020\/\" target=\"_blank\" rel=\"noreferrer noopener\">CONCURSOS&nbsp;2020<\/a><\/strong><\/p>\n","protected":false},"excerpt":{"rendered":"<p>O concurso do Senado Federal \u00e9 um dos mais aguardados certames de 2020 e conta com previs\u00e3o or\u00e7ament\u00e1ria na Lei Or\u00e7ament\u00e1ria Anual, divulgada nesta segunda-feira, 20 de janeiro. Em mat\u00e9ria divulgada no site da Ag\u00eancia Senado, o vice-presidente da Comiss\u00e3o Organizadora, Kleber Minatogau, informou que a escolha da banca examinadora, a produ\u00e7\u00e3o do edital e [&hellip;]<\/p>\n","protected":false},"author":129,"featured_media":431330,"comment_status":"open","ping_status":"closed","sticky":false,"template":"","format":"standard","meta":{"post_tipo":"article","footnotes":""},"categories":[1],"tags":[],"tax_estado":[],"class_list":["post-472349","post","type-post","status-publish","format-standard","has-post-thumbnail","hentry","category-cursos-e-concursos"],"acf":[],"yoast_head":"<!-- This site is optimized with the Yoast SEO Premium plugin v27.2 (Yoast SEO v27.2) - https:\/\/yoast.com\/product\/yoast-seo-premium-wordpress\/ -->\n<title>Concurso Senado: Casa oferece conte\u00fados gratuitos e edital sai no primeiro semestre<\/title>\n<meta name=\"robots\" content=\"index, follow, max-snippet:-1, max-image-preview:large, max-video-preview:-1\" \/>\n<link rel=\"canonical\" href=\"https:\/\/www.estrategiaconcursos.com.br\/blog\/concurso-senado-edital-no-primeiro-semestre\/\" \/>\n<meta property=\"og:locale\" content=\"pt_BR\" \/>\n<meta property=\"og:type\" content=\"article\" \/>\n<meta property=\"og:title\" content=\"Concurso Senado: Casa oferece conte\u00fados gratuitos e edital sai no primeiro semestre\" \/>\n<meta property=\"og:description\" content=\"O concurso do Senado Federal \u00e9 um dos mais aguardados certames de 2020 e conta com previs\u00e3o or\u00e7ament\u00e1ria na Lei Or\u00e7ament\u00e1ria Anual, divulgada nesta segunda-feira, 20 de janeiro. Em mat\u00e9ria divulgada no site da Ag\u00eancia Senado, o vice-presidente da Comiss\u00e3o Organizadora, Kleber Minatogau, informou que a escolha da banca examinadora, a produ\u00e7\u00e3o do edital e [&hellip;]\" \/>\n<meta property=\"og:url\" content=\"https:\/\/www.estrategiaconcursos.com.br\/blog\/concurso-senado-edital-no-primeiro-semestre\/\" \/>\n<meta property=\"og:site_name\" content=\"Estrat\u00e9gia Concursos\" \/>\n<meta property=\"article:published_time\" content=\"2020-01-21T11:29:18+00:00\" \/>\n<meta property=\"article:modified_time\" content=\"2020-01-21T11:45:04+00:00\" \/>\n<meta property=\"og:image\" content=\"https:\/\/dhg1h5j42swfq.cloudfront.net\/2019\/10\/08030104\/48833368752_bb66223880_o-1024x683.jpg\" \/>\n\t<meta property=\"og:image:width\" content=\"1024\" \/>\n\t<meta property=\"og:image:height\" content=\"683\" \/>\n\t<meta property=\"og:image:type\" content=\"image\/jpeg\" \/>\n<meta name=\"author\" content=\"Herbert Almeida\" \/>\n<meta name=\"twitter:card\" content=\"summary_large_image\" \/>\n<meta name=\"twitter:creator\" content=\"@EstratConcursos\" \/>\n<meta name=\"twitter:site\" content=\"@EstratConcursos\" \/>\n<meta name=\"twitter:label1\" content=\"Escrito por\" \/>\n\t<meta name=\"twitter:data1\" content=\"Herbert Almeida\" \/>\n\t<meta name=\"twitter:label2\" content=\"Est. tempo de leitura\" \/>\n\t<meta name=\"twitter:data2\" content=\"4 minutos\" \/>\n<script type=\"application\/ld+json\" class=\"yoast-schema-graph\">{\"@context\":\"https:\/\/schema.org\",\"@graph\":[{\"@type\":\"NewsArticle\",\"@id\":\"https:\/\/www.estrategiaconcursos.com.br\/blog\/concurso-senado-edital-no-primeiro-semestre\/#article\",\"isPartOf\":{\"@id\":\"https:\/\/www.estrategiaconcursos.com.br\/blog\/concurso-senado-edital-no-primeiro-semestre\/\"},\"author\":{\"name\":\"Herbert Almeida\",\"@id\":\"https:\/\/www.estrategiaconcursos.com.br\/blog\/#\/schema\/person\/59717c75350fa01aa0fd68a52a8d02e0\"},\"headline\":\"Concurso Senado: Casa oferece conte\u00fados gratuitos e edital sai no primeiro semestre\",\"datePublished\":\"2020-01-21T11:29:18+00:00\",\"dateModified\":\"2020-01-21T11:45:04+00:00\",\"mainEntityOfPage\":{\"@id\":\"https:\/\/www.estrategiaconcursos.com.br\/blog\/concurso-senado-edital-no-primeiro-semestre\/\"},\"wordCount\":749,\"commentCount\":0,\"publisher\":{\"@id\":\"https:\/\/www.estrategiaconcursos.com.br\/blog\/#organization\"},\"image\":{\"@id\":\"https:\/\/www.estrategiaconcursos.com.br\/blog\/concurso-senado-edital-no-primeiro-semestre\/#primaryimage\"},\"thumbnailUrl\":\"https:\/\/dhg1h5j42swfq.cloudfront.net\/2019\/10\/08030104\/48833368752_bb66223880_o.jpg\",\"articleSection\":[\"Concursos P\u00fablicos\"],\"inLanguage\":\"pt-BR\",\"potentialAction\":[{\"@type\":\"CommentAction\",\"name\":\"Comment\",\"target\":[\"https:\/\/www.estrategiaconcursos.com.br\/blog\/concurso-senado-edital-no-primeiro-semestre\/#respond\"]}],\"copyrightYear\":\"2020\",\"copyrightHolder\":{\"@id\":\"https:\/\/www.estrategiaconcursos.com.br\/blog\/#organization\"}},{\"@type\":\"WebPage\",\"@id\":\"https:\/\/www.estrategiaconcursos.com.br\/blog\/concurso-senado-edital-no-primeiro-semestre\/\",\"url\":\"https:\/\/www.estrategiaconcursos.com.br\/blog\/concurso-senado-edital-no-primeiro-semestre\/\",\"name\":\"Concurso Senado: Casa oferece conte\u00fados gratuitos e edital sai no primeiro semestre\",\"isPartOf\":{\"@id\":\"https:\/\/www.estrategiaconcursos.com.br\/blog\/#website\"},\"primaryImageOfPage\":{\"@id\":\"https:\/\/www.estrategiaconcursos.com.br\/blog\/concurso-senado-edital-no-primeiro-semestre\/#primaryimage\"},\"image\":{\"@id\":\"https:\/\/www.estrategiaconcursos.com.br\/blog\/concurso-senado-edital-no-primeiro-semestre\/#primaryimage\"},\"thumbnailUrl\":\"https:\/\/dhg1h5j42swfq.cloudfront.net\/2019\/10\/08030104\/48833368752_bb66223880_o.jpg\",\"datePublished\":\"2020-01-21T11:29:18+00:00\",\"dateModified\":\"2020-01-21T11:45:04+00:00\",\"breadcrumb\":{\"@id\":\"https:\/\/www.estrategiaconcursos.com.br\/blog\/concurso-senado-edital-no-primeiro-semestre\/#breadcrumb\"},\"inLanguage\":\"pt-BR\",\"potentialAction\":[{\"@type\":\"ReadAction\",\"target\":[\"https:\/\/www.estrategiaconcursos.com.br\/blog\/concurso-senado-edital-no-primeiro-semestre\/\"]}]},{\"@type\":\"ImageObject\",\"inLanguage\":\"pt-BR\",\"@id\":\"https:\/\/www.estrategiaconcursos.com.br\/blog\/concurso-senado-edital-no-primeiro-semestre\/#primaryimage\",\"url\":\"https:\/\/dhg1h5j42swfq.cloudfront.net\/2019\/10\/08030104\/48833368752_bb66223880_o.jpg\",\"contentUrl\":\"https:\/\/dhg1h5j42swfq.cloudfront.net\/2019\/10\/08030104\/48833368752_bb66223880_o.jpg\",\"width\":4176,\"height\":2784,\"caption\":\"Plen\u00e1rio do Senado Federal durante sess\u00e3o deliberativa extraordin\u00e1ria. Ordem do dia. Vota\u00e7\u00e3o dos destaques para a proposta de emenda \u00e0 Constitui\u00e7\u00e3o (PEC) 6\/2019, da reforma da Previd\u00eancia. Mesa: senador D\u00e1rio Berger (MDB-SC); senador Marcos Rog\u00e9rio (DEM-RO); presidente do Senado Federal, senador Davi Alcolumbre (DEM-AP); secret\u00e1rio-geral da Mesa, Luiz Fernando Bandeira de Mello Filho; senador Izalci (PSDB-DF). Foto: Marcos Oliveira\/Ag\u00eancia Senado\"},{\"@type\":\"BreadcrumbList\",\"@id\":\"https:\/\/www.estrategiaconcursos.com.br\/blog\/concurso-senado-edital-no-primeiro-semestre\/#breadcrumb\",\"itemListElement\":[{\"@type\":\"ListItem\",\"position\":1,\"name\":\"In\u00edcio\",\"item\":\"https:\/\/www.estrategiaconcursos.com.br\/blog\/\"},{\"@type\":\"ListItem\",\"position\":2,\"name\":\"Concurso Senado: Casa oferece conte\u00fados gratuitos e edital sai no primeiro semestre\"}]},{\"@type\":\"WebSite\",\"@id\":\"https:\/\/www.estrategiaconcursos.com.br\/blog\/#website\",\"url\":\"https:\/\/www.estrategiaconcursos.com.br\/blog\/\",\"name\":\"Estrat\u00e9gia Concursos\",\"description\":\"O blog da Estrat\u00e9gia Concursos traz not\u00edcias sobre concursos e artigos de professores oferecendo cursos para concursos (pdf + videaulas) no site.\",\"publisher\":{\"@id\":\"https:\/\/www.estrategiaconcursos.com.br\/blog\/#organization\"},\"potentialAction\":[{\"@type\":\"SearchAction\",\"target\":{\"@type\":\"EntryPoint\",\"urlTemplate\":\"https:\/\/www.estrategiaconcursos.com.br\/blog\/?s={search_term_string}\"},\"query-input\":{\"@type\":\"PropertyValueSpecification\",\"valueRequired\":true,\"valueName\":\"search_term_string\"}}],\"inLanguage\":\"pt-BR\"},{\"@type\":\"Organization\",\"@id\":\"https:\/\/www.estrategiaconcursos.com.br\/blog\/#organization\",\"name\":\"Estrat\u00e9gia Concursos\",\"url\":\"https:\/\/www.estrategiaconcursos.com.br\/blog\/\",\"logo\":{\"@type\":\"ImageObject\",\"inLanguage\":\"pt-BR\",\"@id\":\"https:\/\/www.estrategiaconcursos.com.br\/blog\/#\/schema\/logo\/image\/\",\"url\":\"https:\/\/dhg1h5j42swfq.cloudfront.net\/2025\/06\/03203428\/logo_concursos-1.jpg\",\"contentUrl\":\"https:\/\/dhg1h5j42swfq.cloudfront.net\/2025\/06\/03203428\/logo_concursos-1.jpg\",\"width\":230,\"height\":60,\"caption\":\"Estrat\u00e9gia Concursos\"},\"image\":{\"@id\":\"https:\/\/www.estrategiaconcursos.com.br\/blog\/#\/schema\/logo\/image\/\"},\"sameAs\":[\"https:\/\/x.com\/EstratConcursos\"]},{\"@type\":\"Person\",\"@id\":\"https:\/\/www.estrategiaconcursos.com.br\/blog\/#\/schema\/person\/59717c75350fa01aa0fd68a52a8d02e0\",\"name\":\"Herbert Almeida\",\"image\":{\"@type\":\"ImageObject\",\"inLanguage\":\"pt-BR\",\"@id\":\"https:\/\/secure.gravatar.com\/avatar\/b6461a43893c24d5fc91efc433971ffec025c84c0341129f4578034d77f9a536?s=96&d=mm&r=g\",\"url\":\"https:\/\/secure.gravatar.com\/avatar\/b6461a43893c24d5fc91efc433971ffec025c84c0341129f4578034d77f9a536?s=96&d=mm&r=g\",\"contentUrl\":\"https:\/\/secure.gravatar.com\/avatar\/b6461a43893c24d5fc91efc433971ffec025c84c0341129f4578034d77f9a536?s=96&d=mm&r=g\",\"caption\":\"Herbert Almeida\"},\"url\":\"https:\/\/www.estrategiaconcursos.com.br\/blog\/author\/herbertestrategiaconcursos-com-br\/\"}]}<\/script>\n<!-- \/ Yoast SEO Premium plugin. -->","yoast_head_json":{"title":"Concurso Senado: Casa oferece conte\u00fados gratuitos e edital sai no primeiro semestre","robots":{"index":"index","follow":"follow","max-snippet":"max-snippet:-1","max-image-preview":"max-image-preview:large","max-video-preview":"max-video-preview:-1"},"canonical":"https:\/\/www.estrategiaconcursos.com.br\/blog\/concurso-senado-edital-no-primeiro-semestre\/","og_locale":"pt_BR","og_type":"article","og_title":"Concurso Senado: Casa oferece conte\u00fados gratuitos e edital sai no primeiro semestre","og_description":"O concurso do Senado Federal \u00e9 um dos mais aguardados certames de 2020 e conta com previs\u00e3o or\u00e7ament\u00e1ria na Lei Or\u00e7ament\u00e1ria Anual, divulgada nesta segunda-feira, 20 de janeiro. Em mat\u00e9ria divulgada no site da Ag\u00eancia Senado, o vice-presidente da Comiss\u00e3o Organizadora, Kleber Minatogau, informou que a escolha da banca examinadora, a produ\u00e7\u00e3o do edital e [&hellip;]","og_url":"https:\/\/www.estrategiaconcursos.com.br\/blog\/concurso-senado-edital-no-primeiro-semestre\/","og_site_name":"Estrat\u00e9gia Concursos","article_published_time":"2020-01-21T11:29:18+00:00","article_modified_time":"2020-01-21T11:45:04+00:00","og_image":[{"width":1024,"height":683,"url":"https:\/\/dhg1h5j42swfq.cloudfront.net\/2019\/10\/08030104\/48833368752_bb66223880_o-1024x683.jpg","type":"image\/jpeg"}],"author":"Herbert Almeida","twitter_card":"summary_large_image","twitter_creator":"@EstratConcursos","twitter_site":"@EstratConcursos","twitter_misc":{"Escrito por":"Herbert Almeida","Est. tempo de leitura":"4 minutos"},"schema":{"@context":"https:\/\/schema.org","@graph":[{"@type":"NewsArticle","@id":"https:\/\/www.estrategiaconcursos.com.br\/blog\/concurso-senado-edital-no-primeiro-semestre\/#article","isPartOf":{"@id":"https:\/\/www.estrategiaconcursos.com.br\/blog\/concurso-senado-edital-no-primeiro-semestre\/"},"author":{"name":"Herbert Almeida","@id":"https:\/\/www.estrategiaconcursos.com.br\/blog\/#\/schema\/person\/59717c75350fa01aa0fd68a52a8d02e0"},"headline":"Concurso Senado: Casa oferece conte\u00fados gratuitos e edital sai no primeiro semestre","datePublished":"2020-01-21T11:29:18+00:00","dateModified":"2020-01-21T11:45:04+00:00","mainEntityOfPage":{"@id":"https:\/\/www.estrategiaconcursos.com.br\/blog\/concurso-senado-edital-no-primeiro-semestre\/"},"wordCount":749,"commentCount":0,"publisher":{"@id":"https:\/\/www.estrategiaconcursos.com.br\/blog\/#organization"},"image":{"@id":"https:\/\/www.estrategiaconcursos.com.br\/blog\/concurso-senado-edital-no-primeiro-semestre\/#primaryimage"},"thumbnailUrl":"https:\/\/dhg1h5j42swfq.cloudfront.net\/2019\/10\/08030104\/48833368752_bb66223880_o.jpg","articleSection":["Concursos P\u00fablicos"],"inLanguage":"pt-BR","potentialAction":[{"@type":"CommentAction","name":"Comment","target":["https:\/\/www.estrategiaconcursos.com.br\/blog\/concurso-senado-edital-no-primeiro-semestre\/#respond"]}],"copyrightYear":"2020","copyrightHolder":{"@id":"https:\/\/www.estrategiaconcursos.com.br\/blog\/#organization"}},{"@type":"WebPage","@id":"https:\/\/www.estrategiaconcursos.com.br\/blog\/concurso-senado-edital-no-primeiro-semestre\/","url":"https:\/\/www.estrategiaconcursos.com.br\/blog\/concurso-senado-edital-no-primeiro-semestre\/","name":"Concurso Senado: Casa oferece conte\u00fados gratuitos e edital sai no primeiro semestre","isPartOf":{"@id":"https:\/\/www.estrategiaconcursos.com.br\/blog\/#website"},"primaryImageOfPage":{"@id":"https:\/\/www.estrategiaconcursos.com.br\/blog\/concurso-senado-edital-no-primeiro-semestre\/#primaryimage"},"image":{"@id":"https:\/\/www.estrategiaconcursos.com.br\/blog\/concurso-senado-edital-no-primeiro-semestre\/#primaryimage"},"thumbnailUrl":"https:\/\/dhg1h5j42swfq.cloudfront.net\/2019\/10\/08030104\/48833368752_bb66223880_o.jpg","datePublished":"2020-01-21T11:29:18+00:00","dateModified":"2020-01-21T11:45:04+00:00","breadcrumb":{"@id":"https:\/\/www.estrategiaconcursos.com.br\/blog\/concurso-senado-edital-no-primeiro-semestre\/#breadcrumb"},"inLanguage":"pt-BR","potentialAction":[{"@type":"ReadAction","target":["https:\/\/www.estrategiaconcursos.com.br\/blog\/concurso-senado-edital-no-primeiro-semestre\/"]}]},{"@type":"ImageObject","inLanguage":"pt-BR","@id":"https:\/\/www.estrategiaconcursos.com.br\/blog\/concurso-senado-edital-no-primeiro-semestre\/#primaryimage","url":"https:\/\/dhg1h5j42swfq.cloudfront.net\/2019\/10\/08030104\/48833368752_bb66223880_o.jpg","contentUrl":"https:\/\/dhg1h5j42swfq.cloudfront.net\/2019\/10\/08030104\/48833368752_bb66223880_o.jpg","width":4176,"height":2784,"caption":"Plen\u00e1rio do Senado Federal durante sess\u00e3o deliberativa extraordin\u00e1ria. Ordem do dia. Vota\u00e7\u00e3o dos destaques para a proposta de emenda \u00e0 Constitui\u00e7\u00e3o (PEC) 6\/2019, da reforma da Previd\u00eancia. Mesa: senador D\u00e1rio Berger (MDB-SC); senador Marcos Rog\u00e9rio (DEM-RO); presidente do Senado Federal, senador Davi Alcolumbre (DEM-AP); secret\u00e1rio-geral da Mesa, Luiz Fernando Bandeira de Mello Filho; senador Izalci (PSDB-DF). Foto: Marcos Oliveira\/Ag\u00eancia Senado"},{"@type":"BreadcrumbList","@id":"https:\/\/www.estrategiaconcursos.com.br\/blog\/concurso-senado-edital-no-primeiro-semestre\/#breadcrumb","itemListElement":[{"@type":"ListItem","position":1,"name":"In\u00edcio","item":"https:\/\/www.estrategiaconcursos.com.br\/blog\/"},{"@type":"ListItem","position":2,"name":"Concurso Senado: Casa oferece conte\u00fados gratuitos e edital sai no primeiro semestre"}]},{"@type":"WebSite","@id":"https:\/\/www.estrategiaconcursos.com.br\/blog\/#website","url":"https:\/\/www.estrategiaconcursos.com.br\/blog\/","name":"Estrat\u00e9gia Concursos","description":"O blog da Estrat\u00e9gia Concursos traz not\u00edcias sobre concursos e artigos de professores oferecendo cursos para concursos (pdf + videaulas) no site.","publisher":{"@id":"https:\/\/www.estrategiaconcursos.com.br\/blog\/#organization"},"potentialAction":[{"@type":"SearchAction","target":{"@type":"EntryPoint","urlTemplate":"https:\/\/www.estrategiaconcursos.com.br\/blog\/?s={search_term_string}"},"query-input":{"@type":"PropertyValueSpecification","valueRequired":true,"valueName":"search_term_string"}}],"inLanguage":"pt-BR"},{"@type":"Organization","@id":"https:\/\/www.estrategiaconcursos.com.br\/blog\/#organization","name":"Estrat\u00e9gia Concursos","url":"https:\/\/www.estrategiaconcursos.com.br\/blog\/","logo":{"@type":"ImageObject","inLanguage":"pt-BR","@id":"https:\/\/www.estrategiaconcursos.com.br\/blog\/#\/schema\/logo\/image\/","url":"https:\/\/dhg1h5j42swfq.cloudfront.net\/2025\/06\/03203428\/logo_concursos-1.jpg","contentUrl":"https:\/\/dhg1h5j42swfq.cloudfront.net\/2025\/06\/03203428\/logo_concursos-1.jpg","width":230,"height":60,"caption":"Estrat\u00e9gia Concursos"},"image":{"@id":"https:\/\/www.estrategiaconcursos.com.br\/blog\/#\/schema\/logo\/image\/"},"sameAs":["https:\/\/x.com\/EstratConcursos"]},{"@type":"Person","@id":"https:\/\/www.estrategiaconcursos.com.br\/blog\/#\/schema\/person\/59717c75350fa01aa0fd68a52a8d02e0","name":"Herbert Almeida","image":{"@type":"ImageObject","inLanguage":"pt-BR","@id":"https:\/\/secure.gravatar.com\/avatar\/b6461a43893c24d5fc91efc433971ffec025c84c0341129f4578034d77f9a536?s=96&d=mm&r=g","url":"https:\/\/secure.gravatar.com\/avatar\/b6461a43893c24d5fc91efc433971ffec025c84c0341129f4578034d77f9a536?s=96&d=mm&r=g","contentUrl":"https:\/\/secure.gravatar.com\/avatar\/b6461a43893c24d5fc91efc433971ffec025c84c0341129f4578034d77f9a536?s=96&d=mm&r=g","caption":"Herbert Almeida"},"url":"https:\/\/www.estrategiaconcursos.com.br\/blog\/author\/herbertestrategiaconcursos-com-br\/"}]}},"_links":{"self":[{"href":"https:\/\/www.estrategiaconcursos.com.br\/blog\/wp-json\/wp\/v2\/posts\/472349","targetHints":{"allow":["GET"]}}],"collection":[{"href":"https:\/\/www.estrategiaconcursos.com.br\/blog\/wp-json\/wp\/v2\/posts"}],"about":[{"href":"https:\/\/www.estrategiaconcursos.com.br\/blog\/wp-json\/wp\/v2\/types\/post"}],"author":[{"embeddable":true,"href":"https:\/\/www.estrategiaconcursos.com.br\/blog\/wp-json\/wp\/v2\/users\/129"}],"replies":[{"embeddable":true,"href":"https:\/\/www.estrategiaconcursos.com.br\/blog\/wp-json\/wp\/v2\/comments?post=472349"}],"version-history":[{"count":2,"href":"https:\/\/www.estrategiaconcursos.com.br\/blog\/wp-json\/wp\/v2\/posts\/472349\/revisions"}],"predecessor-version":[{"id":472388,"href":"https:\/\/www.estrategiaconcursos.com.br\/blog\/wp-json\/wp\/v2\/posts\/472349\/revisions\/472388"}],"wp:featuredmedia":[{"embeddable":true,"href":"https:\/\/www.estrategiaconcursos.com.br\/blog\/wp-json\/wp\/v2\/media\/431330"}],"wp:attachment":[{"href":"https:\/\/www.estrategiaconcursos.com.br\/blog\/wp-json\/wp\/v2\/media?parent=472349"}],"wp:term":[{"taxonomy":"category","embeddable":true,"href":"https:\/\/www.estrategiaconcursos.com.br\/blog\/wp-json\/wp\/v2\/categories?post=472349"},{"taxonomy":"post_tag","embeddable":true,"href":"https:\/\/www.estrategiaconcursos.com.br\/blog\/wp-json\/wp\/v2\/tags?post=472349"},{"taxonomy":"tax_estado","embeddable":true,"href":"https:\/\/www.estrategiaconcursos.com.br\/blog\/wp-json\/wp\/v2\/tax_estado?post=472349"}],"curies":[{"name":"wp","href":"https:\/\/api.w.org\/{rel}","templated":true}]}}