{"id":471972,"date":"2020-01-20T14:11:23","date_gmt":"2020-01-20T17:11:23","guid":{"rendered":"https:\/\/www.estrategiaconcursos.com.br\/blog\/?p=471972"},"modified":"2020-01-20T14:11:24","modified_gmt":"2020-01-20T17:11:24","slug":"prova-pmba-geografia","status":"publish","type":"post","link":"https:\/\/www.estrategiaconcursos.com.br\/blog\/prova-pmba-geografia\/","title":{"rendered":"Prova PMBA Geografia"},"content":{"rendered":"\n<p><\/p>\n\n\n<p>O resultado dos nossos alunos na prova\u00a0 de geografia PMBA 2020 foi s\u00f3 sucesso, e para quem acompanhou a revis\u00e3o de v\u00e9spera, teve arsenal para gabaritar. Todas as quest\u00f5es foram comentadas ao vivo e extensamente trabalhadas em nosso material escrito.\u00a0<br \/>A IBFC sempre cobra bastante a geografia f\u00edsica nos seus exames e neste n\u00e3o foi diferente. Todos os aspectos gerais da natureza \u2013 clima, relevo e vegeta\u00e7\u00e3o &#8211; foram cobrados, e tamb\u00e9m o vazamento do navio de petr\u00f3leo grego, com \u00f3leo venezuelano, que atingiu todo o litoral nordestino. Este tema era praticamente certo, e caiu uma quest\u00e3o que pessoalmente achei legal, pois dependia de uma interpreta\u00e7\u00e3o global do tema, e interpreta\u00e7\u00e3o de texto, num n\u00edvel adequado, que permitiu ao candidato atualizado, resolv\u00ea-la sem nenhuma dificuldade. Na verdade, esta prova foi f\u00e1cil, pois atrav\u00e9s da elimina\u00e7\u00e3o de proposi\u00e7\u00f5es absurdamente erradas, cheg\u00e1vamos tranquilamente na resposta.<\/p>\n<p><strong>27. (IBFC -P &#8211; Soldado \/ 2020)<\/strong><br \/>\u201cBioma \u00e9 um conhecido de vida vegetal e animal , Constitu\u00eddo pelo agrupamento de tipos de vegeta\u00e7\u00e3o que s\u00e3o pr\u00f3ximos e que podem ser identificados em n\u00edvel regional, com condi\u00e7\u00f5es de geologia e clima semelhantes e que, historicamente, sofreram os mesmos processos de forma\u00e7\u00e3o da paisagem, resultando em uma diversidade de flora e fauna pr\u00f3pria\u201d (IBGE, 2019). No que concerne aos biomas que est\u00e3o presentes no estado da Bahia, assinale a alternativa correta.<br \/>A) Amaz\u00f4nia, Cerrado e Mata Atl\u00e2ntica.<br \/>B) Amaz\u00f4nia, Caatinga e Pampa.<br \/>C) Amaz\u00f4nia, Mata Atl\u00e2ntica e Pampa.<br \/>D) Cerrado, Caatinga e Mata Atl\u00e2ntica.<br \/>E) Cerrado, Caatinga e Pampa.<\/p>\n<p>\u00a0 \u00a0 \u00a0 \u00a0 \u00a0 As tr\u00eas principais forma\u00e7\u00f5es vegetais que encontramos na Bahia s\u00e3o, do litoral para o interior, a Mata Atl\u00e2ntica, a Caatinga e o Cerrado.<\/p>\n<p><img loading=\"lazy\" decoding=\"async\" class=\"aligncenter size-medium wp-image-471994\" src=\"https:\/\/dhg1h5j42swfq.cloudfront.net\/2020\/01\/20131206\/PROVA-PMBA-VEGETA%C3%87%C3%83O--300x257.png\" alt=\"\" width=\"300\" height=\"257\" srcset=\"https:\/\/dhg1h5j42swfq.cloudfront.net\/2020\/01\/20131206\/PROVA-PMBA-VEGETA%C3%87%C3%83O--300x257.png 300w, https:\/\/dhg1h5j42swfq.cloudfront.net\/2020\/01\/20131206\/PROVA-PMBA-VEGETA%C3%87%C3%83O-.png 555w\" sizes=\"auto, (max-width: 300px) 100vw, 300px\" \/><\/p>\n<p><span style=\"color: #0000ff\"><strong>Gabarito: D<\/strong><\/span><\/p>\n<p><strong>28. (IBFC &#8211; PM-BA &#8211; Soldado \/ 2020)<\/strong><br \/>No que se refere aos aspectos f\u00edsicos do estado da Bahia, analise as afirmativas abaixo e de valores Verdadeiro (V) ou Falso (F):<br \/>( ) O estado possui relevos com altitudes que podem variar de 0 a 630 metros, sendo que as maiores eleva\u00e7\u00f5es est\u00e3o localizadas no Rec\u00f4ncavo Baiano. Est\u00e3o no sudoeste da Chapada Diamantina.<br \/>( ) A Serra do Espinha\u00e7o, a Serra da Canastra, a Chapada Diamantina e a Chapada dos Veadeiros s\u00e3o exemplos de acidente geogr\u00e1ficos localizados no estado. O PN Serra da Canastra \u00e9 onde est\u00e1 a nascente do Rio S\u00e3o Francisco no sul de Minas Gerais e a Chapada dos Veadeiros est\u00e1 localizada no nordeste de Goi\u00e1s.<br \/>( ) Grande parte do territ\u00f3rio do estado \u00e9 banhado por cursos d\u2019\u00e1gua pertencentes a bacia hidrogr\u00e1fica do rio S\u00e3o Francisco.<br \/>( ) A capital do estado, Salvador, est\u00e1 localizada na bacia hidrogr\u00e1fica do rio Jequitinhonha, e Feira de Santana, na bacia do rio Paran\u00e1.<\/p>\n<p>Assinale alternativa que apresenta sequ\u00eancia correta de cima para baixo.<br \/>A) F, F, F, V.<br \/>B) F, V, V, F.<br \/>C) F, F, V, F.<br \/>D) V, V, F, F.<br \/>E) V, F, F, V.<\/p>\n<p>O relevo baiano possui tr\u00eas compartimentos principais: Plan\u00edcie e tabuleiros litor\u00e2neos, Planaltos e serras do Atl\u00e2ntico- cuja forma\u00e7\u00e3o mais conhecida \u00e9 a chapada diamantina, e a depress\u00e3o Inter plan\u00e1ltica do Rio S\u00e3o Francisco. Salvador fica na Baia de todos os Santos, na plan\u00edcie litor\u00e2nea e o ponto mais alto do estado \u00e9 a APA (\u00c1rea de Preserva\u00e7\u00e3o Ambiental) Serra do Barbado, no sudeste da Chapada Diamantina, com 2.033 metros de altitude. Era mais f\u00e1cil fazer sabendo o que n\u00e3o era relevo baiano: Serra da Canastra, onde fica a nascente do rio S\u00e3o Francisco em Minas Gerais, e a Chapada dos Veadeiros, no nordeste de Goi\u00e1s, que est\u00e1 bem pr\u00f3ximo, nos limites estaduais, mas s\u00e3o forma\u00e7\u00f5es goianas. O Rec\u00f4ncavo baiano est\u00e1 na plan\u00edcie litor\u00e2nea.<br \/>Um dos assuntos mais cobrados, e que pessoalmente considero obrigat\u00f3rio nas provas do estado da Bahia, s\u00e3o quest\u00f5es sobre o Rio S\u00e3o Francisco. Al\u00e9m de ser um dos primeiros caminhos que permitiram a interioriza\u00e7\u00e3o da coloniza\u00e7\u00e3o atrav\u00e9s da expans\u00e3o da pecu\u00e1ria, e importante caminho para os bandeirantes, \u00e9 o terceiro maior potencial hidrel\u00e9trico instalado do pa\u00eds (foi o segundo por muito anos e recentemente superado pela bacia do Tocantins). \u00c9 o principal polo do agroneg\u00f3cio da fruticultura nacional, maior e principal rio baiano, para onde confluem muitos pequenos afluentes, dos planaltos ocidentais do rebordo do S\u00e3o Francisco. A nascente fica em Minas Gerais na Serra da Canastra e sua foz em delta entre Alagoas e Sergipe.<\/p>\n<p><img loading=\"lazy\" decoding=\"async\" class=\"aligncenter size-medium wp-image-472033\" src=\"https:\/\/dhg1h5j42swfq.cloudfront.net\/2020\/01\/20135313\/PMBA-RELEVO-282x300.jpg\" alt=\"\" width=\"282\" height=\"300\" srcset=\"https:\/\/dhg1h5j42swfq.cloudfront.net\/2020\/01\/20135313\/PMBA-RELEVO-282x300.jpg 282w, https:\/\/dhg1h5j42swfq.cloudfront.net\/2020\/01\/20135313\/PMBA-RELEVO-963x1024.jpg 963w, https:\/\/dhg1h5j42swfq.cloudfront.net\/2020\/01\/20135313\/PMBA-RELEVO-768x817.jpg 768w, https:\/\/dhg1h5j42swfq.cloudfront.net\/2020\/01\/20135313\/PMBA-RELEVO-610x649.jpg 610w, https:\/\/dhg1h5j42swfq.cloudfront.net\/2020\/01\/20135313\/PMBA-RELEVO.jpg 1309w\" sizes=\"auto, (max-width: 282px) 100vw, 282px\" \/><\/p>\n<p><span style=\"color: #0000ff\"><strong>Gabarito C<\/strong><\/span><\/p>\n<p><strong>29. (IBFC &#8211; PM-BA &#8211; Soldado \/ 2020)<\/strong><br \/>Analise a figura abaixo.<\/p>\n<p><img loading=\"lazy\" decoding=\"async\" class=\"aligncenter size-medium wp-image-472020\" src=\"https:\/\/dhg1h5j42swfq.cloudfront.net\/2020\/01\/20133657\/PROVA-PMBA-CLIMA-300x237.png\" alt=\"\" width=\"300\" height=\"237\" srcset=\"https:\/\/dhg1h5j42swfq.cloudfront.net\/2020\/01\/20133657\/PROVA-PMBA-CLIMA-300x237.png 300w, https:\/\/dhg1h5j42swfq.cloudfront.net\/2020\/01\/20133657\/PROVA-PMBA-CLIMA.png 517w\" sizes=\"auto, (max-width: 300px) 100vw, 300px\" \/><\/p>\n<p>Associe os climas da legenda do mapa com os diferentes tipos de climas da regi\u00e3o Nordeste. Analise as afirmativas abaixo e de valores Verdadeiro (V) ou Falso (F).<br \/>( ) O clima 1 \u00e9 o subtropical.<br \/>( ) O clima 2 \u00e9 o tropical.<br \/>( ) O clima 3 \u00e9 o semi\u00e1rido.<br \/>( ) O clima 4 \u00e9 o equatorial.<\/p>\n<p>Assinale alternativa que apresenta a sequ\u00eancia correta de cima para baixo.<br \/>A) V, F, F, F.<br \/>B) F, V, F, F.<br \/>C) F, F, V, F.<br \/>D) V, F, F, V.<br \/>E) V, V, V, V.<\/p>\n<p><img loading=\"lazy\" decoding=\"async\" class=\"aligncenter size-medium wp-image-472019\" src=\"https:\/\/dhg1h5j42swfq.cloudfront.net\/2020\/01\/20133435\/CLIMA-PMBA-CLIMA-2-236x300.png\" alt=\"\" width=\"236\" height=\"300\" srcset=\"https:\/\/dhg1h5j42swfq.cloudfront.net\/2020\/01\/20133435\/CLIMA-PMBA-CLIMA-2-236x300.png 236w, https:\/\/dhg1h5j42swfq.cloudfront.net\/2020\/01\/20133435\/CLIMA-PMBA-CLIMA-2.png 541w\" sizes=\"auto, (max-width: 236px) 100vw, 236px\" \/><\/p>\n<p>H\u00e1 tr\u00eas tipos clim\u00e1ticos na Bahia:<br \/>1) O clima quente e \u00famido sem esta\u00e7\u00e3o seca (Af);<br \/>2) O clima quente e \u00famido com esta\u00e7\u00e3o<br \/>seca de inverno (Aw);<br \/>3) O clima semi\u00e1rido quente (BSh).<\/p>\n<p><strong><span style=\"color: #0000ff\">Gabarito: B<\/span><\/strong><\/p>\n<p><br \/><strong>30. (IBFC &#8211; PM-BA &#8211; Soldado \/ 2020)<\/strong><br \/>\u201cO homem chega, j\u00e1 Deus faz a natureza<br \/>Tira gente, p\u00f5e represa, diz que tudo vai mudar.<br \/>O S\u00e3o Francisco l\u00e1 pra cima da Bahia<br \/>Diz que dia menos dia vai subir bem devagar.<br \/>Vai ter barragem do salto do Sobradinho<br \/>E o povo vai-se embora com medo de se afogar.<br \/>O sert\u00e3o vai virar mar, d\u00e1 no cora\u00e7\u00e3o<br \/>O medo que algum dia o mar tamb\u00e9m vire Sert\u00e3o\u201d<br \/>Guttemberg Guarabyra<\/p>\n<p>A can\u00e7\u00e3o Sobradinho, cantada pelo trio S\u00e1, Rodrix e Guarabyra, protesta contra a constru\u00e7\u00e3o da Usina Hidrel\u00e9trica de Sobradinho, que foi instalada na<span style=\"color: #000000\"> d\u00e9cada <\/span>de 70 no rio S\u00e3o Francisco, no estado da Bahia. Sobre os impactos negativos causados pela constru\u00e7\u00e3o de grandes barragens, que afetam a sociedade e o meio ambiente, assinale alternativa incorreta.<br \/>A) desapropria\u00e7\u00e3o de propriedades particulares e realoca\u00e7\u00e3o da popula\u00e7\u00e3o ribeirinha.<br \/>B) desintegra\u00e7\u00e3o dos costumes e tradi\u00e7\u00f5es hist\u00f3ricas da popula\u00e7\u00e3o atingida.<br \/>C) perda de terras agricult\u00e1veis devido \u00e0 eleva\u00e7\u00e3o do n\u00edvel da \u00e1gua do rio.<br \/>D) altera\u00e7\u00e3o da din\u00e2mica natural do rio e derrubada de florestas.<br \/>E) Rebaixamento do len\u00e7ol fre\u00e1tico e polui\u00e7\u00e3o radioativa do rio.<br \/>O tema energia era tamb\u00e9m esperado, pois a Bahia possui uma grande <span style=\"color: #000000\">disponibilidade<\/span> energ\u00e9tica, como as usinas instaladas no rio S\u00e3o Francisco que atualmente \u00e9 o terceiro maior potencial hidrel\u00e9trico instalado, o segundo potencial e\u00f3lico instalado no pa\u00eds e tamb\u00e9m \u00e9 um grande produtor de petr\u00f3leo no rec\u00f4ncavo baiano. Era fundamental que o candidato que tivesse ao menos no\u00e7\u00e3o de que a bacia do Paran\u00e1 n\u00e3o drena o estado da Bahia.<\/p>\n<p><span style=\"color: #0000ff\"><strong>Gabarito: E<\/strong><\/span><\/p>\n<p><span style=\"color: #000000\"><strong>31. (IBFC &#8211; PM-BA &#8211; Soldado \/ 2020)<\/strong><\/span><\/p>\n<p><img loading=\"lazy\" decoding=\"async\" class=\"aligncenter size-medium wp-image-472027\" src=\"https:\/\/dhg1h5j42swfq.cloudfront.net\/2020\/01\/20134504\/PMBA-CHARGE-300x209.png\" alt=\"\" width=\"300\" height=\"209\" srcset=\"https:\/\/dhg1h5j42swfq.cloudfront.net\/2020\/01\/20134504\/PMBA-CHARGE-300x209.png 300w, https:\/\/dhg1h5j42swfq.cloudfront.net\/2020\/01\/20134504\/PMBA-CHARGE-610x425.png 610w, https:\/\/dhg1h5j42swfq.cloudfront.net\/2020\/01\/20134504\/PMBA-CHARGE.png 684w\" sizes=\"auto, (max-width: 300px) 100vw, 300px\" \/><\/p>\n<p>(Fonte: Humor Pol\u00edtico)<br \/>A charge acima \u00e9 uma cr\u00edtica ao vazamento de \u00f3leo que ocorreu no litoral nordestino e atingiu praias do estado da Bahia, no segundo semestre de 2019. Em rela\u00e7\u00e3o as poss\u00edveis consequ\u00eancias deste vazamento para o meio ambiente, analise as afirmativas abaixo.<br \/>I. O \u00f3leo pode causar a morte de animais marinhos, como tartarugas e peixes.<br \/>II. \u00d3leo pode alterar a qualidade da \u00e1gua, deixando a inclusive impr\u00f3pria para banho.<br \/>III. O olho pode ocasionar a forma\u00e7\u00e3o de processos erosivos em \u00e1reas de mangue, como ravinas e vo\u00e7orocas.<br \/>IV. \u00d3leo pode reduzir as emiss\u00f5es de di\u00f3xido de carbono na atmosfera, contribuindo assim com o aquecimento global.<\/p>\n<p>Assinale alternativa correta.<br \/>A) Apenas as afirmativas I e II est\u00e3o corretas.<br \/>B) Apenas as afirmativas I e III est\u00e3o corretas.<br \/>C) Apenas as afirmativas II e IV est\u00e3o corretas.<br \/>D) Apenas as afirmativas I, III e IV est\u00e3o corretas.<br \/>E) As afirmativas I, II, III e IV est\u00e3o corretas.<\/p>\n<p>A quest\u00e3o sobre o \u00f3leo no nordeste foi bem tranquila quanto as informa\u00e7\u00f5es de atualidades, e exigiu conhecimentos bem b\u00e1sicos, como o fato do petr\u00f3leo ser um combust\u00edvel f\u00f3ssil que agrava o aquecimento global devido \u00e0s emiss\u00f5es de g\u00e1s carb\u00f4nico, bem como identificar que n\u00e3o tem como uma mancha de \u00f3leo na praia, que causa contamina\u00e7\u00e3o, diminuir os efeitos do aquecimento global, tampouco provocar eros\u00e3o, que \u00e9 o desgaste resultante da a\u00e7\u00e3o o intemperismo qu\u00edmico provocado pela \u00e1gua, que provoca desgaste. Ravinas e Vo\u00e7orocas s\u00e3o \u00e1reas profundamente erodidas pela a\u00e7\u00e3o da \u00e1gua, em locais de constante enxurrada.<br \/><span style=\"color: #0000ff\"><strong>Gabarito: A<\/strong><\/span><\/p>\n<p><br \/><strong>32. (IBFC &#8211; PM-BA &#8211; Soldado \/ 2020)<\/strong><br \/>\u201cS\u00e3o tr\u00eas vozes de uma gente<br \/>Que assim solta a garganta<br \/>Quando triste ou se contente<br \/>Bate o seu tambor e canta.<br \/>Olodum, te amo! Il\u00ea, te amo!<br \/>O seu som e a sua cor<br \/>Did\u00e1, te amo! Neguinho, te amo!<br \/>Amor, amor.\u201d<br \/>Daniela Mercury\/Marcelo Quintana<\/p>\n<p>A can\u00e7\u00e3o acima homenageia entidades carnavalescas que s\u00e3o patrim\u00f4nio da cultura baiana. Assinado alternativa correta que indica, respectivamente, um termo que \u00e9 utilizado para nomear essas entidades e qual sua representatividade.<br \/>A) Bloco Afro, s\u00edmbolo da resist\u00eancia e da valoriza\u00e7\u00e3o negra.<br \/>B) Trio El\u00e9trico, palco m\u00f3vel utilizado pelos artistas.<br \/>C) Escola de Samba, agremia\u00e7\u00e3o popular voltada ao samba.<br \/>D) Samba de Roda, propagador da cultura do Rec\u00f4ncavo da Bahia.<br \/>E) Filhos de Gandhy, que difundiu o frevo na Bahia.<\/p>\n<p>A cultura popular foi tamb\u00e9m abordada na prova, que destacou o Olodum como manifesta\u00e7\u00e3o cultural de resist\u00eancia e de valoriza\u00e7\u00e3o da cultura negra. Essa foi especialmente f\u00e1cil para o baiano, pois as alternativas estavam f\u00e1ceis de serem exclu\u00eddas.<br \/><span style=\"color: #0000ff\"><strong>Gabarito: A<\/strong><\/span><\/p>\n<p><strong>33. (IBFC &#8211; PM-BA &#8211; Soldado \/ 2020)<\/strong><br \/>\u201cEntre 2012 e 2018, a Bahia foi \u00fanico estado em que popula\u00e7\u00e3o se declarava preta cresceu (+35,5% fecha par\u00eantese ao mesmo tempo em que os n\u00fameros de pardos (-3,9% fecha par\u00eanteses e brancos diminu\u00edram (-6,9% fecha par\u00eantese. No pa\u00eds como um todo e na maior parte dos estados, as pessoas que se declarava pretas e as perdas cresceram numericamente, enquanto total desse declaravam brancas diminuiu\u201d (G1, 2019).<br \/>Assinale alternativa correta que apresenta a cor ou ra\u00e7a predominantemente alto declarada pela popula\u00e7\u00e3o do estado da Bahia, de acordo com o Censo Demogr\u00e1fico realizado em 2010 pelo Instituto Brasileiro de Geografia e Estat\u00edstica (IBGE).<br \/>A) Amarela<br \/>B) Parda<br \/>C) Preta<br \/>D) Branca<br \/>E) Ind\u00edgena<\/p>\n<p>A quest\u00e3o sobre a autodeclara\u00e7\u00e3o da cor da popula\u00e7\u00e3o no Censo de 2010 acho que pode ter surpreendido muita gente. Sabemos que a popula\u00e7\u00e3o Baiana em torno de 70% se declara preta ou parda, e que Salvador \u00e9 de maioria negra, mas no conjunto da popula\u00e7\u00e3o de todo o estado, a maioria se declarou de cor parda. Tinha as duas alternativas, e muitos candidatos foram logo a alternativa que sugeria maioria autodeclarada preta.<\/p>\n<p><img loading=\"lazy\" decoding=\"async\" class=\"aligncenter size-medium wp-image-472003\" src=\"https:\/\/dhg1h5j42swfq.cloudfront.net\/2020\/01\/20132323\/PMBA-POPULA%C3%87%C3%83O-300x154.png\" alt=\"\" width=\"300\" height=\"154\" srcset=\"https:\/\/dhg1h5j42swfq.cloudfront.net\/2020\/01\/20132323\/PMBA-POPULA%C3%87%C3%83O-300x154.png 300w, https:\/\/dhg1h5j42swfq.cloudfront.net\/2020\/01\/20132323\/PMBA-POPULA%C3%87%C3%83O-768x394.png 768w, https:\/\/dhg1h5j42swfq.cloudfront.net\/2020\/01\/20132323\/PMBA-POPULA%C3%87%C3%83O-610x313.png 610w, https:\/\/dhg1h5j42swfq.cloudfront.net\/2020\/01\/20132323\/PMBA-POPULA%C3%87%C3%83O.png 890w\" sizes=\"auto, (max-width: 300px) 100vw, 300px\" \/><\/p>\n<p>Vale a pena consultar o site do IBGE.<br \/>Pnad cont\u00ednua: popula\u00e7\u00e3o autodeclarada parda e preta na Bahia.<br \/>https:\/\/cidades.ibge.gov.br\/brasil\/ba\/pesquisa\/10070\/64506<\/p>\n<p><span style=\"color: #0000ff\"><strong>Gabarito: B<\/strong><\/span><\/p>\n<p><strong>34. (IBFC &#8211; PM-BA &#8211; Soldado \/ 2020)<\/strong><br \/>Em rela\u00e7\u00e3o aos aspectos econ\u00f4micos e sociais do estado da Bahia, assinale alternativa correta.<br \/>A) O Produto Interno Bruto (PIB per capita da Bahia est\u00e1 entre os tr\u00eas maiores do Brasil.<br \/>B) O Produto Interno Bruto (PIB) per capita da Bahia \u00e9 o menor entre os estados do Brasil.<br \/>C) O \u00cdndice de Desenvolvimento Humano (IDH) da Bahia est\u00e1 entre os tr\u00eas maiores do Brasil.<br \/>D) O \u00cdndice de Desenvolvimento Humano (IDH) da Bahia \u00e9 o menor entre os estados do Brasil.<br \/>E) A expectativa de vida do baiano est\u00e1 crescendo, por\u00e9m ainda est\u00e1 abaixo da m\u00e9dia do brasileiro.<br \/>A popula\u00e7\u00e3o baiana tamb\u00e9m foi explorada atrav\u00e9s de uma quest\u00e3o que trabalhamos extensamente nas aulas, que \u00e9 sobre o perfil da popula\u00e7\u00e3o e suas transforma\u00e7\u00f5es ao longo do tempo, como a queda na natalidade, o aumento na expectativa de vida e o progressivo envelhecimento. O gr\u00e1fico abaixo, que trabalhamos no material e na revis\u00e3o de v\u00e9spera permite claramente observar que apesar do aumento da expectativa de vida progressiva no estado, ainda \u00e9 menor que o aumento em n\u00edvel nacional. Podemos observar com clareza no gr\u00e1fico abaixo em que o gr\u00e1fico baiano \u00e9 o colorido e est\u00e1 sobreposto ao brasileiro, que a popula\u00e7\u00e3o baiana \u00e9 mais jovem que a m\u00e9dia nacional e tem menor expectativa de vida.<\/p>\n<p><span style=\"color: #0000ff\"><strong>Gabarito: E<\/strong><\/span><\/p>\n<p>\u00c9 isso a\u00ed pessoal, qualquer d\u00favida \u00e9 s\u00f3 me consultar no f\u00f3rum de d\u00favidas, ou pelo\u00a0 \u00a0<\/p>\n<p><img loading=\"lazy\" decoding=\"async\" class=\"aligncenter size-medium wp-image-472036\" src=\"https:\/\/dhg1h5j42swfq.cloudfront.net\/2020\/01\/20135908\/PMBA-instagram-professor-s%C3%A9rgio-300x168.jpg\" alt=\"\" width=\"300\" height=\"168\" srcset=\"https:\/\/dhg1h5j42swfq.cloudfront.net\/2020\/01\/20135908\/PMBA-instagram-professor-s%C3%A9rgio-300x168.jpg 300w, https:\/\/dhg1h5j42swfq.cloudfront.net\/2020\/01\/20135908\/PMBA-instagram-professor-s%C3%A9rgio.jpg 385w\" sizes=\"auto, (max-width: 300px) 100vw, 300px\" \/><\/p>\n<p>\u00a0@professorsergiohenrique<\/p>\n<p>bons estudos e foco no sucesso !!!<\/p>\n\n","protected":false},"excerpt":{"rendered":"<p>O resultado dos nossos alunos na prova\u00a0 de geografia PMBA 2020 foi s\u00f3 sucesso, e para quem acompanhou a revis\u00e3o de v\u00e9spera, teve arsenal para gabaritar. Todas as quest\u00f5es foram comentadas ao vivo e extensamente trabalhadas em nosso material escrito.\u00a0A IBFC sempre cobra bastante a geografia f\u00edsica nos seus exames e neste n\u00e3o foi diferente. [&hellip;]<\/p>\n","protected":false},"author":322,"featured_media":0,"comment_status":"open","ping_status":"closed","sticky":false,"template":"","format":"standard","meta":{"post_tipo":"article","footnotes":""},"categories":[1],"tags":[],"tax_estado":[],"class_list":["post-471972","post","type-post","status-publish","format-standard","hentry","category-cursos-e-concursos"],"acf":[],"yoast_head":"<!-- This site is optimized with the Yoast SEO Premium plugin v27.2 (Yoast SEO v27.2) - https:\/\/yoast.com\/product\/yoast-seo-premium-wordpress\/ -->\n<title>Prova PMBA Geografia<\/title>\n<meta name=\"robots\" content=\"index, follow, max-snippet:-1, max-image-preview:large, max-video-preview:-1\" \/>\n<link rel=\"canonical\" href=\"https:\/\/www.estrategiaconcursos.com.br\/blog\/prova-pmba-geografia\/\" \/>\n<meta property=\"og:locale\" content=\"pt_BR\" \/>\n<meta property=\"og:type\" content=\"article\" \/>\n<meta property=\"og:title\" content=\"Prova PMBA Geografia\" \/>\n<meta property=\"og:description\" content=\"O resultado dos nossos alunos na prova\u00a0 de geografia PMBA 2020 foi s\u00f3 sucesso, e para quem acompanhou a revis\u00e3o de v\u00e9spera, teve arsenal para gabaritar. Todas as quest\u00f5es foram comentadas ao vivo e extensamente trabalhadas em nosso material escrito.\u00a0A IBFC sempre cobra bastante a geografia f\u00edsica nos seus exames e neste n\u00e3o foi diferente. [&hellip;]\" \/>\n<meta property=\"og:url\" content=\"https:\/\/www.estrategiaconcursos.com.br\/blog\/prova-pmba-geografia\/\" \/>\n<meta property=\"og:site_name\" content=\"Estrat\u00e9gia Concursos\" \/>\n<meta property=\"article:published_time\" content=\"2020-01-20T17:11:23+00:00\" \/>\n<meta property=\"article:modified_time\" content=\"2020-01-20T17:11:24+00:00\" \/>\n<meta property=\"og:image\" content=\"https:\/\/www.estrategiaconcursos.com.br\/blog\/wp-content\/uploads\/2020\/01\/PMBA-RELEVO-282x300.jpg\" \/>\n<meta name=\"author\" content=\"Sergio Henrique\" \/>\n<meta name=\"twitter:card\" content=\"summary_large_image\" \/>\n<meta name=\"twitter:creator\" content=\"@EstratConcursos\" \/>\n<meta name=\"twitter:site\" content=\"@EstratConcursos\" \/>\n<meta name=\"twitter:label1\" content=\"Escrito por\" \/>\n\t<meta name=\"twitter:data1\" content=\"Sergio Henrique\" \/>\n\t<meta name=\"twitter:label2\" content=\"Est. tempo de leitura\" \/>\n\t<meta name=\"twitter:data2\" content=\"11 minutos\" \/>\n<script type=\"application\/ld+json\" class=\"yoast-schema-graph\">{\"@context\":\"https:\/\/schema.org\",\"@graph\":[{\"@type\":\"NewsArticle\",\"@id\":\"https:\/\/www.estrategiaconcursos.com.br\/blog\/prova-pmba-geografia\/#article\",\"isPartOf\":{\"@id\":\"https:\/\/www.estrategiaconcursos.com.br\/blog\/prova-pmba-geografia\/\"},\"author\":{\"name\":\"Sergio Henrique\",\"@id\":\"https:\/\/www.estrategiaconcursos.com.br\/blog\/#\/schema\/person\/d18952c4e9d57a78a6caea1fc8412aca\"},\"headline\":\"Prova PMBA Geografia\",\"datePublished\":\"2020-01-20T17:11:23+00:00\",\"dateModified\":\"2020-01-20T17:11:24+00:00\",\"mainEntityOfPage\":{\"@id\":\"https:\/\/www.estrategiaconcursos.com.br\/blog\/prova-pmba-geografia\/\"},\"wordCount\":2158,\"commentCount\":0,\"publisher\":{\"@id\":\"https:\/\/www.estrategiaconcursos.com.br\/blog\/#organization\"},\"image\":{\"@id\":\"https:\/\/www.estrategiaconcursos.com.br\/blog\/prova-pmba-geografia\/#primaryimage\"},\"thumbnailUrl\":\"https:\/\/www.estrategiaconcursos.com.br\/blog\/wp-content\/uploads\/2020\/01\/PMBA-RELEVO-282x300.jpg\",\"articleSection\":[\"Concursos P\u00fablicos\"],\"inLanguage\":\"pt-BR\",\"potentialAction\":[{\"@type\":\"CommentAction\",\"name\":\"Comment\",\"target\":[\"https:\/\/www.estrategiaconcursos.com.br\/blog\/prova-pmba-geografia\/#respond\"]}],\"copyrightYear\":\"2020\",\"copyrightHolder\":{\"@id\":\"https:\/\/www.estrategiaconcursos.com.br\/blog\/#organization\"}},{\"@type\":\"WebPage\",\"@id\":\"https:\/\/www.estrategiaconcursos.com.br\/blog\/prova-pmba-geografia\/\",\"url\":\"https:\/\/www.estrategiaconcursos.com.br\/blog\/prova-pmba-geografia\/\",\"name\":\"Prova PMBA Geografia\",\"isPartOf\":{\"@id\":\"https:\/\/www.estrategiaconcursos.com.br\/blog\/#website\"},\"primaryImageOfPage\":{\"@id\":\"https:\/\/www.estrategiaconcursos.com.br\/blog\/prova-pmba-geografia\/#primaryimage\"},\"image\":{\"@id\":\"https:\/\/www.estrategiaconcursos.com.br\/blog\/prova-pmba-geografia\/#primaryimage\"},\"thumbnailUrl\":\"https:\/\/www.estrategiaconcursos.com.br\/blog\/wp-content\/uploads\/2020\/01\/PMBA-RELEVO-282x300.jpg\",\"datePublished\":\"2020-01-20T17:11:23+00:00\",\"dateModified\":\"2020-01-20T17:11:24+00:00\",\"breadcrumb\":{\"@id\":\"https:\/\/www.estrategiaconcursos.com.br\/blog\/prova-pmba-geografia\/#breadcrumb\"},\"inLanguage\":\"pt-BR\",\"potentialAction\":[{\"@type\":\"ReadAction\",\"target\":[\"https:\/\/www.estrategiaconcursos.com.br\/blog\/prova-pmba-geografia\/\"]}]},{\"@type\":\"ImageObject\",\"inLanguage\":\"pt-BR\",\"@id\":\"https:\/\/www.estrategiaconcursos.com.br\/blog\/prova-pmba-geografia\/#primaryimage\",\"url\":\"https:\/\/dhg1h5j42swfq.cloudfront.net\/2020\/01\/20135313\/PMBA-RELEVO.jpg\",\"contentUrl\":\"https:\/\/dhg1h5j42swfq.cloudfront.net\/2020\/01\/20135313\/PMBA-RELEVO.jpg\",\"width\":1309,\"height\":1392},{\"@type\":\"BreadcrumbList\",\"@id\":\"https:\/\/www.estrategiaconcursos.com.br\/blog\/prova-pmba-geografia\/#breadcrumb\",\"itemListElement\":[{\"@type\":\"ListItem\",\"position\":1,\"name\":\"In\u00edcio\",\"item\":\"https:\/\/www.estrategiaconcursos.com.br\/blog\/\"},{\"@type\":\"ListItem\",\"position\":2,\"name\":\"Prova PMBA Geografia\"}]},{\"@type\":\"WebSite\",\"@id\":\"https:\/\/www.estrategiaconcursos.com.br\/blog\/#website\",\"url\":\"https:\/\/www.estrategiaconcursos.com.br\/blog\/\",\"name\":\"Estrat\u00e9gia Concursos\",\"description\":\"O blog da Estrat\u00e9gia Concursos traz not\u00edcias sobre concursos e artigos de professores oferecendo cursos para concursos (pdf + videaulas) no site.\",\"publisher\":{\"@id\":\"https:\/\/www.estrategiaconcursos.com.br\/blog\/#organization\"},\"potentialAction\":[{\"@type\":\"SearchAction\",\"target\":{\"@type\":\"EntryPoint\",\"urlTemplate\":\"https:\/\/www.estrategiaconcursos.com.br\/blog\/?s={search_term_string}\"},\"query-input\":{\"@type\":\"PropertyValueSpecification\",\"valueRequired\":true,\"valueName\":\"search_term_string\"}}],\"inLanguage\":\"pt-BR\"},{\"@type\":\"Organization\",\"@id\":\"https:\/\/www.estrategiaconcursos.com.br\/blog\/#organization\",\"name\":\"Estrat\u00e9gia Concursos\",\"url\":\"https:\/\/www.estrategiaconcursos.com.br\/blog\/\",\"logo\":{\"@type\":\"ImageObject\",\"inLanguage\":\"pt-BR\",\"@id\":\"https:\/\/www.estrategiaconcursos.com.br\/blog\/#\/schema\/logo\/image\/\",\"url\":\"https:\/\/dhg1h5j42swfq.cloudfront.net\/2025\/06\/03203428\/logo_concursos-1.jpg\",\"contentUrl\":\"https:\/\/dhg1h5j42swfq.cloudfront.net\/2025\/06\/03203428\/logo_concursos-1.jpg\",\"width\":230,\"height\":60,\"caption\":\"Estrat\u00e9gia Concursos\"},\"image\":{\"@id\":\"https:\/\/www.estrategiaconcursos.com.br\/blog\/#\/schema\/logo\/image\/\"},\"sameAs\":[\"https:\/\/x.com\/EstratConcursos\"]},{\"@type\":\"Person\",\"@id\":\"https:\/\/www.estrategiaconcursos.com.br\/blog\/#\/schema\/person\/d18952c4e9d57a78a6caea1fc8412aca\",\"name\":\"Sergio Henrique\",\"image\":{\"@type\":\"ImageObject\",\"inLanguage\":\"pt-BR\",\"@id\":\"https:\/\/secure.gravatar.com\/avatar\/8a654c3858278ad4f39af7a25daa62ab86082ab9406fabd7edee0d6cdfb86662?s=96&d=mm&r=g\",\"url\":\"https:\/\/secure.gravatar.com\/avatar\/8a654c3858278ad4f39af7a25daa62ab86082ab9406fabd7edee0d6cdfb86662?s=96&d=mm&r=g\",\"contentUrl\":\"https:\/\/secure.gravatar.com\/avatar\/8a654c3858278ad4f39af7a25daa62ab86082ab9406fabd7edee0d6cdfb86662?s=96&d=mm&r=g\",\"caption\":\"Sergio Henrique\"},\"url\":\"https:\/\/www.estrategiaconcursos.com.br\/blog\/author\/sergio-henrique\/\"}]}<\/script>\n<!-- \/ Yoast SEO Premium plugin. -->","yoast_head_json":{"title":"Prova PMBA Geografia","robots":{"index":"index","follow":"follow","max-snippet":"max-snippet:-1","max-image-preview":"max-image-preview:large","max-video-preview":"max-video-preview:-1"},"canonical":"https:\/\/www.estrategiaconcursos.com.br\/blog\/prova-pmba-geografia\/","og_locale":"pt_BR","og_type":"article","og_title":"Prova PMBA Geografia","og_description":"O resultado dos nossos alunos na prova\u00a0 de geografia PMBA 2020 foi s\u00f3 sucesso, e para quem acompanhou a revis\u00e3o de v\u00e9spera, teve arsenal para gabaritar. Todas as quest\u00f5es foram comentadas ao vivo e extensamente trabalhadas em nosso material escrito.\u00a0A IBFC sempre cobra bastante a geografia f\u00edsica nos seus exames e neste n\u00e3o foi diferente. [&hellip;]","og_url":"https:\/\/www.estrategiaconcursos.com.br\/blog\/prova-pmba-geografia\/","og_site_name":"Estrat\u00e9gia Concursos","article_published_time":"2020-01-20T17:11:23+00:00","article_modified_time":"2020-01-20T17:11:24+00:00","og_image":[{"url":"https:\/\/www.estrategiaconcursos.com.br\/blog\/wp-content\/uploads\/2020\/01\/PMBA-RELEVO-282x300.jpg","type":"","width":"","height":""}],"author":"Sergio Henrique","twitter_card":"summary_large_image","twitter_creator":"@EstratConcursos","twitter_site":"@EstratConcursos","twitter_misc":{"Escrito por":"Sergio Henrique","Est. tempo de leitura":"11 minutos"},"schema":{"@context":"https:\/\/schema.org","@graph":[{"@type":"NewsArticle","@id":"https:\/\/www.estrategiaconcursos.com.br\/blog\/prova-pmba-geografia\/#article","isPartOf":{"@id":"https:\/\/www.estrategiaconcursos.com.br\/blog\/prova-pmba-geografia\/"},"author":{"name":"Sergio Henrique","@id":"https:\/\/www.estrategiaconcursos.com.br\/blog\/#\/schema\/person\/d18952c4e9d57a78a6caea1fc8412aca"},"headline":"Prova PMBA Geografia","datePublished":"2020-01-20T17:11:23+00:00","dateModified":"2020-01-20T17:11:24+00:00","mainEntityOfPage":{"@id":"https:\/\/www.estrategiaconcursos.com.br\/blog\/prova-pmba-geografia\/"},"wordCount":2158,"commentCount":0,"publisher":{"@id":"https:\/\/www.estrategiaconcursos.com.br\/blog\/#organization"},"image":{"@id":"https:\/\/www.estrategiaconcursos.com.br\/blog\/prova-pmba-geografia\/#primaryimage"},"thumbnailUrl":"https:\/\/www.estrategiaconcursos.com.br\/blog\/wp-content\/uploads\/2020\/01\/PMBA-RELEVO-282x300.jpg","articleSection":["Concursos P\u00fablicos"],"inLanguage":"pt-BR","potentialAction":[{"@type":"CommentAction","name":"Comment","target":["https:\/\/www.estrategiaconcursos.com.br\/blog\/prova-pmba-geografia\/#respond"]}],"copyrightYear":"2020","copyrightHolder":{"@id":"https:\/\/www.estrategiaconcursos.com.br\/blog\/#organization"}},{"@type":"WebPage","@id":"https:\/\/www.estrategiaconcursos.com.br\/blog\/prova-pmba-geografia\/","url":"https:\/\/www.estrategiaconcursos.com.br\/blog\/prova-pmba-geografia\/","name":"Prova PMBA Geografia","isPartOf":{"@id":"https:\/\/www.estrategiaconcursos.com.br\/blog\/#website"},"primaryImageOfPage":{"@id":"https:\/\/www.estrategiaconcursos.com.br\/blog\/prova-pmba-geografia\/#primaryimage"},"image":{"@id":"https:\/\/www.estrategiaconcursos.com.br\/blog\/prova-pmba-geografia\/#primaryimage"},"thumbnailUrl":"https:\/\/www.estrategiaconcursos.com.br\/blog\/wp-content\/uploads\/2020\/01\/PMBA-RELEVO-282x300.jpg","datePublished":"2020-01-20T17:11:23+00:00","dateModified":"2020-01-20T17:11:24+00:00","breadcrumb":{"@id":"https:\/\/www.estrategiaconcursos.com.br\/blog\/prova-pmba-geografia\/#breadcrumb"},"inLanguage":"pt-BR","potentialAction":[{"@type":"ReadAction","target":["https:\/\/www.estrategiaconcursos.com.br\/blog\/prova-pmba-geografia\/"]}]},{"@type":"ImageObject","inLanguage":"pt-BR","@id":"https:\/\/www.estrategiaconcursos.com.br\/blog\/prova-pmba-geografia\/#primaryimage","url":"https:\/\/dhg1h5j42swfq.cloudfront.net\/2020\/01\/20135313\/PMBA-RELEVO.jpg","contentUrl":"https:\/\/dhg1h5j42swfq.cloudfront.net\/2020\/01\/20135313\/PMBA-RELEVO.jpg","width":1309,"height":1392},{"@type":"BreadcrumbList","@id":"https:\/\/www.estrategiaconcursos.com.br\/blog\/prova-pmba-geografia\/#breadcrumb","itemListElement":[{"@type":"ListItem","position":1,"name":"In\u00edcio","item":"https:\/\/www.estrategiaconcursos.com.br\/blog\/"},{"@type":"ListItem","position":2,"name":"Prova PMBA Geografia"}]},{"@type":"WebSite","@id":"https:\/\/www.estrategiaconcursos.com.br\/blog\/#website","url":"https:\/\/www.estrategiaconcursos.com.br\/blog\/","name":"Estrat\u00e9gia Concursos","description":"O blog da Estrat\u00e9gia Concursos traz not\u00edcias sobre concursos e artigos de professores oferecendo cursos para concursos (pdf + videaulas) no site.","publisher":{"@id":"https:\/\/www.estrategiaconcursos.com.br\/blog\/#organization"},"potentialAction":[{"@type":"SearchAction","target":{"@type":"EntryPoint","urlTemplate":"https:\/\/www.estrategiaconcursos.com.br\/blog\/?s={search_term_string}"},"query-input":{"@type":"PropertyValueSpecification","valueRequired":true,"valueName":"search_term_string"}}],"inLanguage":"pt-BR"},{"@type":"Organization","@id":"https:\/\/www.estrategiaconcursos.com.br\/blog\/#organization","name":"Estrat\u00e9gia Concursos","url":"https:\/\/www.estrategiaconcursos.com.br\/blog\/","logo":{"@type":"ImageObject","inLanguage":"pt-BR","@id":"https:\/\/www.estrategiaconcursos.com.br\/blog\/#\/schema\/logo\/image\/","url":"https:\/\/dhg1h5j42swfq.cloudfront.net\/2025\/06\/03203428\/logo_concursos-1.jpg","contentUrl":"https:\/\/dhg1h5j42swfq.cloudfront.net\/2025\/06\/03203428\/logo_concursos-1.jpg","width":230,"height":60,"caption":"Estrat\u00e9gia Concursos"},"image":{"@id":"https:\/\/www.estrategiaconcursos.com.br\/blog\/#\/schema\/logo\/image\/"},"sameAs":["https:\/\/x.com\/EstratConcursos"]},{"@type":"Person","@id":"https:\/\/www.estrategiaconcursos.com.br\/blog\/#\/schema\/person\/d18952c4e9d57a78a6caea1fc8412aca","name":"Sergio Henrique","image":{"@type":"ImageObject","inLanguage":"pt-BR","@id":"https:\/\/secure.gravatar.com\/avatar\/8a654c3858278ad4f39af7a25daa62ab86082ab9406fabd7edee0d6cdfb86662?s=96&d=mm&r=g","url":"https:\/\/secure.gravatar.com\/avatar\/8a654c3858278ad4f39af7a25daa62ab86082ab9406fabd7edee0d6cdfb86662?s=96&d=mm&r=g","contentUrl":"https:\/\/secure.gravatar.com\/avatar\/8a654c3858278ad4f39af7a25daa62ab86082ab9406fabd7edee0d6cdfb86662?s=96&d=mm&r=g","caption":"Sergio Henrique"},"url":"https:\/\/www.estrategiaconcursos.com.br\/blog\/author\/sergio-henrique\/"}]}},"_links":{"self":[{"href":"https:\/\/www.estrategiaconcursos.com.br\/blog\/wp-json\/wp\/v2\/posts\/471972","targetHints":{"allow":["GET"]}}],"collection":[{"href":"https:\/\/www.estrategiaconcursos.com.br\/blog\/wp-json\/wp\/v2\/posts"}],"about":[{"href":"https:\/\/www.estrategiaconcursos.com.br\/blog\/wp-json\/wp\/v2\/types\/post"}],"author":[{"embeddable":true,"href":"https:\/\/www.estrategiaconcursos.com.br\/blog\/wp-json\/wp\/v2\/users\/322"}],"replies":[{"embeddable":true,"href":"https:\/\/www.estrategiaconcursos.com.br\/blog\/wp-json\/wp\/v2\/comments?post=471972"}],"version-history":[{"count":4,"href":"https:\/\/www.estrategiaconcursos.com.br\/blog\/wp-json\/wp\/v2\/posts\/471972\/revisions"}],"predecessor-version":[{"id":472037,"href":"https:\/\/www.estrategiaconcursos.com.br\/blog\/wp-json\/wp\/v2\/posts\/471972\/revisions\/472037"}],"wp:attachment":[{"href":"https:\/\/www.estrategiaconcursos.com.br\/blog\/wp-json\/wp\/v2\/media?parent=471972"}],"wp:term":[{"taxonomy":"category","embeddable":true,"href":"https:\/\/www.estrategiaconcursos.com.br\/blog\/wp-json\/wp\/v2\/categories?post=471972"},{"taxonomy":"post_tag","embeddable":true,"href":"https:\/\/www.estrategiaconcursos.com.br\/blog\/wp-json\/wp\/v2\/tags?post=471972"},{"taxonomy":"tax_estado","embeddable":true,"href":"https:\/\/www.estrategiaconcursos.com.br\/blog\/wp-json\/wp\/v2\/tax_estado?post=471972"}],"curies":[{"name":"wp","href":"https:\/\/api.w.org\/{rel}","templated":true}]}}