{"id":471964,"date":"2020-01-20T13:23:33","date_gmt":"2020-01-20T16:23:33","guid":{"rendered":"https:\/\/www.estrategiaconcursos.com.br\/blog\/?p=471964"},"modified":"2020-01-20T13:23:35","modified_gmt":"2020-01-20T16:23:35","slug":"enem-sisu-esta-mantido","status":"publish","type":"post","link":"https:\/\/www.estrategiaconcursos.com.br\/blog\/enem-sisu-esta-mantido\/","title":{"rendered":"Enem: mesmo com problemas, inscri\u00e7\u00f5es para o Sisu iniciam na ter\u00e7a"},"content":{"rendered":"\n<p>Se voc\u00ea prestou o <a href=\"https:\/\/blog.estrategiavestibulares.com.br\/enem\/\" target=\"_blank\" rel=\"noreferrer noopener\" aria-label=\"Enem (abre numa nova aba)\">Enem<\/a> em 2019 fique atento. Mesmo diante dos problemas identificados na corre\u00e7\u00e3o do gabarito, as inscri\u00e7\u00f5es para o <a href=\"https:\/\/blog.estrategiavestibulares.com.br\/sisu\/\" target=\"_blank\" rel=\"noreferrer noopener\" aria-label=\"Sisu (abre numa nova aba)\">Sisu<\/a> est\u00e3o mantidas. De acordo com o cronograma, o sistema abre nesta ter\u00e7a-feira, 21 de janeiro, para inscri\u00e7\u00f5es. O per\u00edodo vai at\u00e9 o dia 28 de janeiro, pr\u00f3xima sexta-feira.<\/p>\n\n\n\n<p>No fim de semana, o Inep alegou &#8216;incongru\u00eancias&#8217; nas corre\u00e7\u00f5es das provas em ao menos quatro cidades brasileiras. Candidatos relataram terem tido suas provas corrigidas por gabaritos de cores diferentes. O erro teria sido causado por conta de uma falha na impressora gr\u00e1fica contratada pelo Inep para confec\u00e7\u00e3o da prova.<\/p>\n\n\n\n<p>Aos afetados com a falha, o Inep solicitou que enviassem um e-mail solicitando at\u00e9 \u00e0s 10h de hoje para que a nota fosse revista. O Inep disse que n\u00e3o haveria prorroga\u00e7\u00e3o do prazo. Mesmo assim, as inscri\u00e7\u00f5es para o Sisu est\u00e3o mantidas. As inscri\u00e7\u00f5es come\u00e7am nesta ter\u00e7a-feira, 21 de janeiro.<\/p>\n\n\n\n<p>Candidatos que prestaram o <a href=\"https:\/\/blog.estrategiavestibulares.com.br\/enem\/\" target=\"_blank\" rel=\"noreferrer noopener\" aria-label=\"Enem (abre numa nova aba)\">Enem<\/a> e obtiveram nota para aprova\u00e7\u00e3o devem se inscrever atrav\u00e9s do sistema at\u00e9 o pr\u00f3ximo dia 24 de janeiro. O resultado est\u00e1 previsto para ser divulgado no dia 28 de janeiro, ter\u00e7a-feira. Mais de 5 milh\u00f5es de candidatos prestaram o Enem no ano passado.<\/p>\n\n\n\n<h2 class=\"wp-block-heading\">Datas do Sisu 2020<\/h2>\n\n\n\n<ul class=\"wp-block-list\"><li><strong>Per\u00edodo de inscri\u00e7\u00f5es:<\/strong>&nbsp;21\/01 a 24\/01<\/li><li><strong>Resultado da chamada regular:<\/strong>&nbsp;28\/01<\/li><li><strong>Prazo para participar da Lista de Espera:<\/strong>&nbsp;29\/01 a 04\/02<\/li><li><strong>Convoca\u00e7\u00e3o dos candidatos em lista de espera pelas institui\u00e7\u00f5es a partir desta data:&nbsp;<\/strong>07\/02 a 30\/04<\/li><\/ul>\n\n\n\n<p style=\"font-size:25px\" class=\"has-background has-text-align-center has-pale-cyan-blue-background-color\"><a rel=\"noreferrer noopener\" href=\"https:\/\/www.estrategiavestibulares.com.br\/vestibulares\/enem\/\" target=\"_blank\">ENEM 2020<\/a><\/p>\n\n\n\n<figure class=\"wp-block-image\"><a href=\"https:\/\/www.estrategiavestibulares.com.br\/cursos\/gratis\/\" target=\"_blank\" rel=\"noreferrer noopener\"><img decoding=\"async\" src=\"https:\/\/datlc2zk2genn.cloudfront.net\/media\/20190904135006579772.png\" alt=\"\"\/><\/a><\/figure>\n\n\n\n<h2 class=\"wp-block-heading\">Leia mais\u2026<\/h2>\n\n\n\n<ul class=\"wp-block-list\"><li><em><a href=\"https:\/\/blog.estrategiavestibulares.com.br\/vestibulares-abertos\/\">Vestibulares abertos<\/a><\/em><\/li><li><em><a href=\"https:\/\/blog.estrategiavestibulares.com.br\/simulado-vestibular-gratuito\/\">Simulado Vestibular Gratuito<\/a><\/em><\/li><li><a rel=\"noreferrer noopener\" aria-label=\"Saiba o que muda com o novo\u00a0Enem\u2028 (abre numa nova aba)\" href=\"https:\/\/blog.estrategiavestibulares.com.br\/enem-2020-datas-e-o-que-muda\/\" target=\"_blank\"><em>Saiba o que muda com o novo\u00a0Enem<\/em><\/a><\/li><li><em>Tudo sobre o <a rel=\"noreferrer noopener\" aria-label=\"Enem (abre numa nova aba)\" href=\"https:\/\/blog.estrategiavestibulares.com.br\/enem\/\" target=\"_blank\">Enem<\/a><\/em><\/li><li><em>Tudo sobre o <a href=\"https:\/\/blog.estrategiavestibulares.com.br\/sisu\/\" target=\"_blank\" rel=\"noreferrer noopener\" aria-label=\"Sisu (abre numa nova aba)\">Sisu<\/a><\/em><\/li><\/ul>\n\n\n\n<p><\/p>\n","protected":false},"excerpt":{"rendered":"<p>Se voc\u00ea prestou o Enem em 2019 fique atento. Mesmo diante dos problemas identificados na corre\u00e7\u00e3o do gabarito, as inscri\u00e7\u00f5es para o Sisu est\u00e3o mantidas. De acordo com o cronograma, o sistema abre nesta ter\u00e7a-feira, 21 de janeiro, para inscri\u00e7\u00f5es. O per\u00edodo vai at\u00e9 o dia 28 de janeiro, pr\u00f3xima sexta-feira. No fim de semana, [&hellip;]<\/p>\n","protected":false},"author":1,"featured_media":468269,"comment_status":"open","ping_status":"closed","sticky":false,"template":"","format":"standard","meta":{"post_tipo":"news","footnotes":""},"categories":[1],"tags":[],"tax_estado":[],"class_list":["post-471964","post","type-post","status-publish","format-standard","has-post-thumbnail","hentry","category-cursos-e-concursos"],"acf":[],"yoast_head":"<!-- This site is optimized with the Yoast SEO Premium plugin v27.2 (Yoast SEO v27.2) - https:\/\/yoast.com\/product\/yoast-seo-premium-wordpress\/ -->\n<title>Enem: mesmo com problemas, inscri\u00e7\u00f5es para o Sisu iniciam na ter\u00e7a<\/title>\n<meta name=\"robots\" content=\"index, follow, max-snippet:-1, max-image-preview:large, max-video-preview:-1\" \/>\n<link rel=\"canonical\" href=\"https:\/\/www.estrategiaconcursos.com.br\/blog\/enem-sisu-esta-mantido\/\" \/>\n<meta property=\"og:locale\" content=\"pt_BR\" \/>\n<meta property=\"og:type\" content=\"article\" \/>\n<meta property=\"og:title\" content=\"Enem: mesmo com problemas, inscri\u00e7\u00f5es para o Sisu iniciam na ter\u00e7a\" \/>\n<meta property=\"og:description\" content=\"Se voc\u00ea prestou o Enem em 2019 fique atento. Mesmo diante dos problemas identificados na corre\u00e7\u00e3o do gabarito, as inscri\u00e7\u00f5es para o Sisu est\u00e3o mantidas. De acordo com o cronograma, o sistema abre nesta ter\u00e7a-feira, 21 de janeiro, para inscri\u00e7\u00f5es. O per\u00edodo vai at\u00e9 o dia 28 de janeiro, pr\u00f3xima sexta-feira. No fim de semana, [&hellip;]\" \/>\n<meta property=\"og:url\" content=\"https:\/\/www.estrategiaconcursos.com.br\/blog\/enem-sisu-esta-mantido\/\" \/>\n<meta property=\"og:site_name\" content=\"Estrat\u00e9gia Concursos\" \/>\n<meta property=\"article:author\" content=\"https:\/\/www.facebook.com\/EstrategiaConcursos\" \/>\n<meta property=\"article:published_time\" content=\"2020-01-20T16:23:33+00:00\" \/>\n<meta property=\"article:modified_time\" content=\"2020-01-20T16:23:35+00:00\" \/>\n<meta property=\"og:image\" content=\"https:\/\/dhg1h5j42swfq.cloudfront.net\/2020\/01\/09154049\/ENEM.png\" \/>\n\t<meta property=\"og:image:width\" content=\"500\" \/>\n\t<meta property=\"og:image:height\" content=\"334\" \/>\n\t<meta property=\"og:image:type\" content=\"image\/png\" \/>\n<meta name=\"author\" content=\"Coordena\u00e7\u00e3o\" \/>\n<meta name=\"twitter:card\" content=\"summary_large_image\" \/>\n<meta name=\"twitter:creator\" content=\"@EstratConcursos\" \/>\n<meta name=\"twitter:site\" content=\"@EstratConcursos\" \/>\n<meta name=\"twitter:label1\" content=\"Escrito por\" \/>\n\t<meta name=\"twitter:data1\" content=\"Coordena\u00e7\u00e3o\" \/>\n\t<meta name=\"twitter:label2\" content=\"Est. tempo de leitura\" \/>\n\t<meta name=\"twitter:data2\" content=\"1 minuto\" \/>\n<script type=\"application\/ld+json\" class=\"yoast-schema-graph\">{\"@context\":\"https:\/\/schema.org\",\"@graph\":[{\"@type\":\"NewsArticle\",\"@id\":\"https:\/\/www.estrategiaconcursos.com.br\/blog\/enem-sisu-esta-mantido\/#article\",\"isPartOf\":{\"@id\":\"https:\/\/www.estrategiaconcursos.com.br\/blog\/enem-sisu-esta-mantido\/\"},\"author\":{\"name\":\"Coordena\u00e7\u00e3o\",\"@id\":\"https:\/\/www.estrategiaconcursos.com.br\/blog\/#\/schema\/person\/b4a388c97673c5f483d72185668afa1f\"},\"headline\":\"Enem: mesmo com problemas, inscri\u00e7\u00f5es para o Sisu iniciam na ter\u00e7a\",\"datePublished\":\"2020-01-20T16:23:33+00:00\",\"dateModified\":\"2020-01-20T16:23:35+00:00\",\"mainEntityOfPage\":{\"@id\":\"https:\/\/www.estrategiaconcursos.com.br\/blog\/enem-sisu-esta-mantido\/\"},\"wordCount\":293,\"commentCount\":0,\"publisher\":{\"@id\":\"https:\/\/www.estrategiaconcursos.com.br\/blog\/#organization\"},\"image\":{\"@id\":\"https:\/\/www.estrategiaconcursos.com.br\/blog\/enem-sisu-esta-mantido\/#primaryimage\"},\"thumbnailUrl\":\"https:\/\/dhg1h5j42swfq.cloudfront.net\/2020\/01\/09154049\/ENEM.png\",\"articleSection\":[\"Concursos P\u00fablicos\"],\"inLanguage\":\"pt-BR\",\"potentialAction\":[{\"@type\":\"CommentAction\",\"name\":\"Comment\",\"target\":[\"https:\/\/www.estrategiaconcursos.com.br\/blog\/enem-sisu-esta-mantido\/#respond\"]}],\"copyrightYear\":\"2020\",\"copyrightHolder\":{\"@id\":\"https:\/\/www.estrategiaconcursos.com.br\/blog\/#organization\"}},{\"@type\":\"WebPage\",\"@id\":\"https:\/\/www.estrategiaconcursos.com.br\/blog\/enem-sisu-esta-mantido\/\",\"url\":\"https:\/\/www.estrategiaconcursos.com.br\/blog\/enem-sisu-esta-mantido\/\",\"name\":\"Enem: mesmo com problemas, inscri\u00e7\u00f5es para o Sisu iniciam na ter\u00e7a\",\"isPartOf\":{\"@id\":\"https:\/\/www.estrategiaconcursos.com.br\/blog\/#website\"},\"primaryImageOfPage\":{\"@id\":\"https:\/\/www.estrategiaconcursos.com.br\/blog\/enem-sisu-esta-mantido\/#primaryimage\"},\"image\":{\"@id\":\"https:\/\/www.estrategiaconcursos.com.br\/blog\/enem-sisu-esta-mantido\/#primaryimage\"},\"thumbnailUrl\":\"https:\/\/dhg1h5j42swfq.cloudfront.net\/2020\/01\/09154049\/ENEM.png\",\"datePublished\":\"2020-01-20T16:23:33+00:00\",\"dateModified\":\"2020-01-20T16:23:35+00:00\",\"breadcrumb\":{\"@id\":\"https:\/\/www.estrategiaconcursos.com.br\/blog\/enem-sisu-esta-mantido\/#breadcrumb\"},\"inLanguage\":\"pt-BR\",\"potentialAction\":[{\"@type\":\"ReadAction\",\"target\":[\"https:\/\/www.estrategiaconcursos.com.br\/blog\/enem-sisu-esta-mantido\/\"]}]},{\"@type\":\"ImageObject\",\"inLanguage\":\"pt-BR\",\"@id\":\"https:\/\/www.estrategiaconcursos.com.br\/blog\/enem-sisu-esta-mantido\/#primaryimage\",\"url\":\"https:\/\/dhg1h5j42swfq.cloudfront.net\/2020\/01\/09154049\/ENEM.png\",\"contentUrl\":\"https:\/\/dhg1h5j42swfq.cloudfront.net\/2020\/01\/09154049\/ENEM.png\",\"width\":500,\"height\":334,\"caption\":\"tema-reda\u00e7\u00e3o-enem-2023\"},{\"@type\":\"BreadcrumbList\",\"@id\":\"https:\/\/www.estrategiaconcursos.com.br\/blog\/enem-sisu-esta-mantido\/#breadcrumb\",\"itemListElement\":[{\"@type\":\"ListItem\",\"position\":1,\"name\":\"In\u00edcio\",\"item\":\"https:\/\/www.estrategiaconcursos.com.br\/blog\/\"},{\"@type\":\"ListItem\",\"position\":2,\"name\":\"Enem: mesmo com problemas, inscri\u00e7\u00f5es para o Sisu iniciam na ter\u00e7a\"}]},{\"@type\":\"WebSite\",\"@id\":\"https:\/\/www.estrategiaconcursos.com.br\/blog\/#website\",\"url\":\"https:\/\/www.estrategiaconcursos.com.br\/blog\/\",\"name\":\"Estrat\u00e9gia Concursos\",\"description\":\"O blog da Estrat\u00e9gia Concursos traz not\u00edcias sobre concursos e artigos de professores oferecendo cursos para concursos (pdf + videaulas) no site.\",\"publisher\":{\"@id\":\"https:\/\/www.estrategiaconcursos.com.br\/blog\/#organization\"},\"potentialAction\":[{\"@type\":\"SearchAction\",\"target\":{\"@type\":\"EntryPoint\",\"urlTemplate\":\"https:\/\/www.estrategiaconcursos.com.br\/blog\/?s={search_term_string}\"},\"query-input\":{\"@type\":\"PropertyValueSpecification\",\"valueRequired\":true,\"valueName\":\"search_term_string\"}}],\"inLanguage\":\"pt-BR\"},{\"@type\":\"Organization\",\"@id\":\"https:\/\/www.estrategiaconcursos.com.br\/blog\/#organization\",\"name\":\"Estrat\u00e9gia Concursos\",\"url\":\"https:\/\/www.estrategiaconcursos.com.br\/blog\/\",\"logo\":{\"@type\":\"ImageObject\",\"inLanguage\":\"pt-BR\",\"@id\":\"https:\/\/www.estrategiaconcursos.com.br\/blog\/#\/schema\/logo\/image\/\",\"url\":\"https:\/\/dhg1h5j42swfq.cloudfront.net\/2025\/06\/03203428\/logo_concursos-1.jpg\",\"contentUrl\":\"https:\/\/dhg1h5j42swfq.cloudfront.net\/2025\/06\/03203428\/logo_concursos-1.jpg\",\"width\":230,\"height\":60,\"caption\":\"Estrat\u00e9gia Concursos\"},\"image\":{\"@id\":\"https:\/\/www.estrategiaconcursos.com.br\/blog\/#\/schema\/logo\/image\/\"},\"sameAs\":[\"https:\/\/x.com\/EstratConcursos\"]},{\"@type\":\"Person\",\"@id\":\"https:\/\/www.estrategiaconcursos.com.br\/blog\/#\/schema\/person\/b4a388c97673c5f483d72185668afa1f\",\"name\":\"Coordena\u00e7\u00e3o\",\"image\":{\"@type\":\"ImageObject\",\"inLanguage\":\"pt-BR\",\"@id\":\"https:\/\/secure.gravatar.com\/avatar\/b720319e4c9a967eb58678d110f4fe35452fc5d5f97b202bac7b8acceb18c6ad?s=96&d=mm&r=g\",\"url\":\"https:\/\/secure.gravatar.com\/avatar\/b720319e4c9a967eb58678d110f4fe35452fc5d5f97b202bac7b8acceb18c6ad?s=96&d=mm&r=g\",\"contentUrl\":\"https:\/\/secure.gravatar.com\/avatar\/b720319e4c9a967eb58678d110f4fe35452fc5d5f97b202bac7b8acceb18c6ad?s=96&d=mm&r=g\",\"caption\":\"Coordena\u00e7\u00e3o\"},\"sameAs\":[\"https:\/\/www.facebook.com\/EstrategiaConcursos\",\"https:\/\/x.com\/EstratConcursos\"],\"url\":\"https:\/\/www.estrategiaconcursos.com.br\/blog\/author\/estrategia2013\/\"}]}<\/script>\n<!-- \/ Yoast SEO Premium plugin. -->","yoast_head_json":{"title":"Enem: mesmo com problemas, inscri\u00e7\u00f5es para o Sisu iniciam na ter\u00e7a","robots":{"index":"index","follow":"follow","max-snippet":"max-snippet:-1","max-image-preview":"max-image-preview:large","max-video-preview":"max-video-preview:-1"},"canonical":"https:\/\/www.estrategiaconcursos.com.br\/blog\/enem-sisu-esta-mantido\/","og_locale":"pt_BR","og_type":"article","og_title":"Enem: mesmo com problemas, inscri\u00e7\u00f5es para o Sisu iniciam na ter\u00e7a","og_description":"Se voc\u00ea prestou o Enem em 2019 fique atento. Mesmo diante dos problemas identificados na corre\u00e7\u00e3o do gabarito, as inscri\u00e7\u00f5es para o Sisu est\u00e3o mantidas. De acordo com o cronograma, o sistema abre nesta ter\u00e7a-feira, 21 de janeiro, para inscri\u00e7\u00f5es. O per\u00edodo vai at\u00e9 o dia 28 de janeiro, pr\u00f3xima sexta-feira. No fim de semana, [&hellip;]","og_url":"https:\/\/www.estrategiaconcursos.com.br\/blog\/enem-sisu-esta-mantido\/","og_site_name":"Estrat\u00e9gia Concursos","article_author":"https:\/\/www.facebook.com\/EstrategiaConcursos","article_published_time":"2020-01-20T16:23:33+00:00","article_modified_time":"2020-01-20T16:23:35+00:00","og_image":[{"width":500,"height":334,"url":"https:\/\/dhg1h5j42swfq.cloudfront.net\/2020\/01\/09154049\/ENEM.png","type":"image\/png"}],"author":"Coordena\u00e7\u00e3o","twitter_card":"summary_large_image","twitter_creator":"@EstratConcursos","twitter_site":"@EstratConcursos","twitter_misc":{"Escrito por":"Coordena\u00e7\u00e3o","Est. tempo de leitura":"1 minuto"},"schema":{"@context":"https:\/\/schema.org","@graph":[{"@type":"NewsArticle","@id":"https:\/\/www.estrategiaconcursos.com.br\/blog\/enem-sisu-esta-mantido\/#article","isPartOf":{"@id":"https:\/\/www.estrategiaconcursos.com.br\/blog\/enem-sisu-esta-mantido\/"},"author":{"name":"Coordena\u00e7\u00e3o","@id":"https:\/\/www.estrategiaconcursos.com.br\/blog\/#\/schema\/person\/b4a388c97673c5f483d72185668afa1f"},"headline":"Enem: mesmo com problemas, inscri\u00e7\u00f5es para o Sisu iniciam na ter\u00e7a","datePublished":"2020-01-20T16:23:33+00:00","dateModified":"2020-01-20T16:23:35+00:00","mainEntityOfPage":{"@id":"https:\/\/www.estrategiaconcursos.com.br\/blog\/enem-sisu-esta-mantido\/"},"wordCount":293,"commentCount":0,"publisher":{"@id":"https:\/\/www.estrategiaconcursos.com.br\/blog\/#organization"},"image":{"@id":"https:\/\/www.estrategiaconcursos.com.br\/blog\/enem-sisu-esta-mantido\/#primaryimage"},"thumbnailUrl":"https:\/\/dhg1h5j42swfq.cloudfront.net\/2020\/01\/09154049\/ENEM.png","articleSection":["Concursos P\u00fablicos"],"inLanguage":"pt-BR","potentialAction":[{"@type":"CommentAction","name":"Comment","target":["https:\/\/www.estrategiaconcursos.com.br\/blog\/enem-sisu-esta-mantido\/#respond"]}],"copyrightYear":"2020","copyrightHolder":{"@id":"https:\/\/www.estrategiaconcursos.com.br\/blog\/#organization"}},{"@type":"WebPage","@id":"https:\/\/www.estrategiaconcursos.com.br\/blog\/enem-sisu-esta-mantido\/","url":"https:\/\/www.estrategiaconcursos.com.br\/blog\/enem-sisu-esta-mantido\/","name":"Enem: mesmo com problemas, inscri\u00e7\u00f5es para o Sisu iniciam na ter\u00e7a","isPartOf":{"@id":"https:\/\/www.estrategiaconcursos.com.br\/blog\/#website"},"primaryImageOfPage":{"@id":"https:\/\/www.estrategiaconcursos.com.br\/blog\/enem-sisu-esta-mantido\/#primaryimage"},"image":{"@id":"https:\/\/www.estrategiaconcursos.com.br\/blog\/enem-sisu-esta-mantido\/#primaryimage"},"thumbnailUrl":"https:\/\/dhg1h5j42swfq.cloudfront.net\/2020\/01\/09154049\/ENEM.png","datePublished":"2020-01-20T16:23:33+00:00","dateModified":"2020-01-20T16:23:35+00:00","breadcrumb":{"@id":"https:\/\/www.estrategiaconcursos.com.br\/blog\/enem-sisu-esta-mantido\/#breadcrumb"},"inLanguage":"pt-BR","potentialAction":[{"@type":"ReadAction","target":["https:\/\/www.estrategiaconcursos.com.br\/blog\/enem-sisu-esta-mantido\/"]}]},{"@type":"ImageObject","inLanguage":"pt-BR","@id":"https:\/\/www.estrategiaconcursos.com.br\/blog\/enem-sisu-esta-mantido\/#primaryimage","url":"https:\/\/dhg1h5j42swfq.cloudfront.net\/2020\/01\/09154049\/ENEM.png","contentUrl":"https:\/\/dhg1h5j42swfq.cloudfront.net\/2020\/01\/09154049\/ENEM.png","width":500,"height":334,"caption":"tema-reda\u00e7\u00e3o-enem-2023"},{"@type":"BreadcrumbList","@id":"https:\/\/www.estrategiaconcursos.com.br\/blog\/enem-sisu-esta-mantido\/#breadcrumb","itemListElement":[{"@type":"ListItem","position":1,"name":"In\u00edcio","item":"https:\/\/www.estrategiaconcursos.com.br\/blog\/"},{"@type":"ListItem","position":2,"name":"Enem: mesmo com problemas, inscri\u00e7\u00f5es para o Sisu iniciam na ter\u00e7a"}]},{"@type":"WebSite","@id":"https:\/\/www.estrategiaconcursos.com.br\/blog\/#website","url":"https:\/\/www.estrategiaconcursos.com.br\/blog\/","name":"Estrat\u00e9gia Concursos","description":"O blog da Estrat\u00e9gia Concursos traz not\u00edcias sobre concursos e artigos de professores oferecendo cursos para concursos (pdf + videaulas) no site.","publisher":{"@id":"https:\/\/www.estrategiaconcursos.com.br\/blog\/#organization"},"potentialAction":[{"@type":"SearchAction","target":{"@type":"EntryPoint","urlTemplate":"https:\/\/www.estrategiaconcursos.com.br\/blog\/?s={search_term_string}"},"query-input":{"@type":"PropertyValueSpecification","valueRequired":true,"valueName":"search_term_string"}}],"inLanguage":"pt-BR"},{"@type":"Organization","@id":"https:\/\/www.estrategiaconcursos.com.br\/blog\/#organization","name":"Estrat\u00e9gia Concursos","url":"https:\/\/www.estrategiaconcursos.com.br\/blog\/","logo":{"@type":"ImageObject","inLanguage":"pt-BR","@id":"https:\/\/www.estrategiaconcursos.com.br\/blog\/#\/schema\/logo\/image\/","url":"https:\/\/dhg1h5j42swfq.cloudfront.net\/2025\/06\/03203428\/logo_concursos-1.jpg","contentUrl":"https:\/\/dhg1h5j42swfq.cloudfront.net\/2025\/06\/03203428\/logo_concursos-1.jpg","width":230,"height":60,"caption":"Estrat\u00e9gia Concursos"},"image":{"@id":"https:\/\/www.estrategiaconcursos.com.br\/blog\/#\/schema\/logo\/image\/"},"sameAs":["https:\/\/x.com\/EstratConcursos"]},{"@type":"Person","@id":"https:\/\/www.estrategiaconcursos.com.br\/blog\/#\/schema\/person\/b4a388c97673c5f483d72185668afa1f","name":"Coordena\u00e7\u00e3o","image":{"@type":"ImageObject","inLanguage":"pt-BR","@id":"https:\/\/secure.gravatar.com\/avatar\/b720319e4c9a967eb58678d110f4fe35452fc5d5f97b202bac7b8acceb18c6ad?s=96&d=mm&r=g","url":"https:\/\/secure.gravatar.com\/avatar\/b720319e4c9a967eb58678d110f4fe35452fc5d5f97b202bac7b8acceb18c6ad?s=96&d=mm&r=g","contentUrl":"https:\/\/secure.gravatar.com\/avatar\/b720319e4c9a967eb58678d110f4fe35452fc5d5f97b202bac7b8acceb18c6ad?s=96&d=mm&r=g","caption":"Coordena\u00e7\u00e3o"},"sameAs":["https:\/\/www.facebook.com\/EstrategiaConcursos","https:\/\/x.com\/EstratConcursos"],"url":"https:\/\/www.estrategiaconcursos.com.br\/blog\/author\/estrategia2013\/"}]}},"_links":{"self":[{"href":"https:\/\/www.estrategiaconcursos.com.br\/blog\/wp-json\/wp\/v2\/posts\/471964","targetHints":{"allow":["GET"]}}],"collection":[{"href":"https:\/\/www.estrategiaconcursos.com.br\/blog\/wp-json\/wp\/v2\/posts"}],"about":[{"href":"https:\/\/www.estrategiaconcursos.com.br\/blog\/wp-json\/wp\/v2\/types\/post"}],"author":[{"embeddable":true,"href":"https:\/\/www.estrategiaconcursos.com.br\/blog\/wp-json\/wp\/v2\/users\/1"}],"replies":[{"embeddable":true,"href":"https:\/\/www.estrategiaconcursos.com.br\/blog\/wp-json\/wp\/v2\/comments?post=471964"}],"version-history":[{"count":5,"href":"https:\/\/www.estrategiaconcursos.com.br\/blog\/wp-json\/wp\/v2\/posts\/471964\/revisions"}],"predecessor-version":[{"id":472004,"href":"https:\/\/www.estrategiaconcursos.com.br\/blog\/wp-json\/wp\/v2\/posts\/471964\/revisions\/472004"}],"wp:featuredmedia":[{"embeddable":true,"href":"https:\/\/www.estrategiaconcursos.com.br\/blog\/wp-json\/wp\/v2\/media\/468269"}],"wp:attachment":[{"href":"https:\/\/www.estrategiaconcursos.com.br\/blog\/wp-json\/wp\/v2\/media?parent=471964"}],"wp:term":[{"taxonomy":"category","embeddable":true,"href":"https:\/\/www.estrategiaconcursos.com.br\/blog\/wp-json\/wp\/v2\/categories?post=471964"},{"taxonomy":"post_tag","embeddable":true,"href":"https:\/\/www.estrategiaconcursos.com.br\/blog\/wp-json\/wp\/v2\/tags?post=471964"},{"taxonomy":"tax_estado","embeddable":true,"href":"https:\/\/www.estrategiaconcursos.com.br\/blog\/wp-json\/wp\/v2\/tax_estado?post=471964"}],"curies":[{"name":"wp","href":"https:\/\/api.w.org\/{rel}","templated":true}]}}