{"id":471828,"date":"2020-03-24T04:00:17","date_gmt":"2020-03-24T07:00:17","guid":{"rendered":"https:\/\/www.estrategiaconcursos.com.br\/blog\/?p=471828"},"modified":"2020-03-24T10:04:45","modified_gmt":"2020-03-24T13:04:45","slug":"edital-prefeitura-de-mineiros","status":"publish","type":"post","link":"https:\/\/www.estrategiaconcursos.com.br\/blog\/edital-prefeitura-de-mineiros\/","title":{"rendered":"Edital Prefeitura de Mineiros: inscri\u00e7\u00f5es encerradas com 355 vagas"},"content":{"rendered":"\n<p>As inscri\u00e7\u00f5es do concurso p\u00fablico da Prefeitura de Mineiros, munic\u00edpio do estado de Goi\u00e1, est\u00e3o encerradas. O certame oferta <strong>355 vagas<\/strong> imediatas mais 1.065 em cadastro reserva para o quadro permanente da Administra\u00e7\u00e3o Direta do Munic\u00edpio (Poder Executivo). <\/p>\n\n\n\n<p>Al\u00e9m disso, s\u00e3o ofertadas tamb\u00e9m<strong> 34 vagas <\/strong>imediatas mais 102 em CR para o Servi\u00e7o Aut\u00f4nomo de \u00c1gua e Esgoto \u2013 SAAE. <\/p>\n\n\n\n<h2 class=\"wp-block-heading\">Distribui\u00e7\u00e3o das vagas &#8211; Prefeitura<\/h2>\n\n\n\n<h3 class=\"wp-block-heading\">N\u00edvel fundamental<\/h3>\n\n\n\n<figure class=\"wp-block-table is-style-stripes\"><table class=\"has-subtle-pale-blue-background-color has-fixed-layout has-background\"><tbody><tr><td class=\"has-text-align-left\" data-align=\"left\"><strong>Cargos<\/strong><\/td><td><strong>Vagas<\/strong><\/td><td><strong>Remunera\u00e7\u00e3o<\/strong><\/td><\/tr><tr><td class=\"has-text-align-left\" data-align=\"left\"> Auxiliar de Produ\u00e7\u00e3o-Pedreiro&nbsp;<\/td><td>5 + 5 CR<\/td><td>R$ 951,52<\/td><\/tr><tr><td class=\"has-text-align-left\" data-align=\"left\"> Auxiliar de Servi\u00e7os de Sa\u00fade <\/td><td>10+ 10 CR<\/td><td> R$ 951,52 <\/td><\/tr><tr><td class=\"has-text-align-left\" data-align=\"left\"> Auxiliar de Servi\u00e7os Gerais <\/td><td>27 + 26 CR<\/td><td>R$ 783,65<\/td><\/tr><tr><td class=\"has-text-align-left\" data-align=\"left\"> Merendeira <\/td><td>18 + 17 CR<\/td><td> R$ 783,65 <\/td><\/tr><tr><td class=\"has-text-align-left\" data-align=\"left\"> Motorista <\/td><td>14 + 14 CR<\/td><td>R$ 1.585,92<\/td><\/tr><tr><td class=\"has-text-align-left\" data-align=\"left\"> Operador de M\u00e1quinas&nbsp;<\/td><td>5 + 5 CR<\/td><td> R$ 1.585,92 <\/td><\/tr><tr><td class=\"has-text-align-left\" data-align=\"left\"> Porteiro Servente&nbsp;<\/td><td>20 + 19 CR<\/td><td>R$ 783,65<\/td><\/tr><tr><td class=\"has-text-align-left\" data-align=\"left\"> Vigia <\/td><td>6 + 6 CR<\/td><td> R$ 783,65 <\/td><\/tr><\/tbody><\/table><\/figure>\n\n\n\n<h3 class=\"wp-block-heading\">N\u00edvel m\u00e9dio\/t\u00e9cnico<\/h3>\n\n\n\n<figure class=\"wp-block-table is-style-stripes\"><table class=\"has-subtle-pale-blue-background-color has-fixed-layout has-background\"><tbody><tr><td><strong>Cargos<\/strong><\/td><td><strong>Vagas<\/strong><\/td><td><strong>Remunera\u00e7\u00e3o<\/strong><\/td><\/tr><tr><td>Agente Administrativo<\/td><td>5 + 12 CR<\/td><td> R$ 1.585,93<\/td><\/tr><tr><td>Agente Educativo de Inclus\u00e3o Apoio<\/td><td>20 + 18 CR <\/td><td> &nbsp;R$ 783,65 <\/td><\/tr><tr><td>Agente Educativo de Inclus\u00e3o Int\u00e9rprete<\/td><td> 2 + 2 CR <\/td><td> &nbsp;R$ 783,65 <\/td><\/tr><tr><td>Atendente <\/td><td>1 + 1 CR<\/td><td> R$ 783,65 <\/td><\/tr><tr><td>Auxiliar de Cuidador<\/td><td>6 + 5 CR<\/td><td> R$ 783,65 <\/td><\/tr><tr><td>Auxiliar de Sa\u00fade Bucal <\/td><td>6 + 6 CR<\/td><td>R$ 951,52 <\/td><\/tr><tr><td>Auxiliar de Secretaria<\/td><td>9 + 7 CR<\/td><td>  R$ 783,65  <\/td><\/tr><tr><td>Cuidador<\/td><td>6 + 6 CR<\/td><td>  R$ 783,65  <\/td><\/tr><tr><td>Fiscal do Procon<\/td><td>2 + 2 CR<\/td><td> R$ 1.585,93 <\/td><\/tr><tr><td>Monitor de Creche<\/td><td>54 + 51 CR<\/td><td> R$ 1.184,39 <\/td><\/tr><tr><td>Monitor de Programa<\/td><td>3 + 3 CR<\/td><td> R$ 783,65 <\/td><\/tr><\/tbody><\/table><\/figure>\n\n\n\n<h3 class=\"wp-block-heading\">N\u00edvel superior<\/h3>\n\n\n\n<figure class=\"wp-block-table is-style-stripes\"><table class=\"has-subtle-pale-blue-background-color has-fixed-layout has-background\"><tbody><tr><td><strong>Cargos<\/strong><\/td><td><strong>Vagas<\/strong><\/td><td><strong>Remunera\u00e7\u00e3o<\/strong><\/td><\/tr><tr><td> Analista de Suporte T\u00e9c.&nbsp;<\/td><td> 1 +1 CR<\/td><td> R$ 2.425,54<\/td><\/tr><tr><td> Analista e Fiscal Ambiental T\u00e9c <\/td><td> 1 +1 CR<\/td><td> R$ 3.265,15<\/td><\/tr><tr><td> Assistente Social (Sa\u00fade) <\/td><td> 2 +2 CR<\/td><td> R$ 3.265,15<\/td><\/tr><tr><td> Assistente Social T\u00e9c. (Promo\u00e7\u00e3o Social) <\/td><td> 3 +3 CR<\/td><td> R$ 3.265,15<\/td><\/tr><tr><td>Bibliotec\u00e1rio T\u00e9c.&nbsp;<\/td><td> 1 +1 CR<\/td><td> R$ 3.265,15<\/td><\/tr><tr><td> Cirurgi\u00e3o Dentista&nbsp;<\/td><td> 1 +1 CR<\/td><td>30h: R$ 3.731,64<br \/>40h: R$ 5.020,90 <\/td><\/tr><tr><td>Enfermeiro <\/td><td> 3 +3 CR<\/td><td>30h: R$ 3.731,64<br \/>40h: R$ 5.020,90 <\/td><\/tr><tr><td>Engenheiro Agr\u00f4nomo TEC. <\/td><td> 2 +2 CR<\/td><td> R$ 3.265,15<\/td><\/tr><tr><td>Farmac\u00eautico <\/td><td> 1 +1 CR<\/td><td> R$ 2.425,54<\/td><\/tr><tr><td> Fiscal de Arrecada\u00e7\u00e3o&nbsp;<\/td><td> 2 +1 CR<\/td><td> R$ 2.425,54<\/td><\/tr><tr><td>Fisioterapeuta <\/td><td> 1 + CR<br \/><br \/> <\/td><td> R$ 2.425,54<\/td><\/tr><tr><td>Fonoaudi\u00f3logo <\/td><td> 1 +1 CR<\/td><td> R$ 2.425,54<\/td><\/tr><tr><td> M\u00e9dico Anestesista&nbsp;<\/td><td> 1 +1 CR<\/td><td>20h: R$ 4.992,87<br \/>40h: R$ 9.990,44 <\/td><\/tr><tr><td> M\u00e9dico Ginecologista\/Obstetra&nbsp;<\/td><td> 1 +1 CR<\/td><td>20h: R$ 4.992,87<br \/>40h: R$ 9.990,44 <\/td><\/tr><tr><td> M\u00e9dico Pediatra&nbsp;<\/td><td> 1 +1 CR<\/td><td>20h: R$ 4.992,87<br \/>40h: R$ 9.990,44 <\/td><\/tr><tr><td> M\u00e9dico Psiquiatra<\/td><td> 1 +1 CR<\/td><td> 20h: R$ 4.992,87<br \/>40h: R$ 9.990,44 <\/td><\/tr><tr><td> M\u00e9dico Veterin\u00e1rio Tec.&nbsp;<\/td><td> 1 +1 CR<\/td><td> R$ 3.265,15<\/td><\/tr><tr><td>Nutricionista (Sa\u00fade)&nbsp;<\/td><td> 1 +1 CR<\/td><td> R$ 2.425,54<\/td><\/tr><tr><td>Procurador<\/td><td> 5 +5 CR<\/td><td> R$ 2.425,54<\/td><\/tr><tr><td> Professor N-1&nbsp;<\/td><td> 82 +78 CR<\/td><td> 20h: R$ 1.630,16<br \/>30h: R$ 2.445,54<br \/>40h: R$ 3.260,58 <\/td><\/tr><tr><td> Professor Educa\u00e7\u00e3o F\u00edsica N-1&nbsp;<\/td><td> 1 +1 CR<\/td><td> 20h: R$ 1.630,16<br \/>30h: R$ 2.445,54<br \/>40h: R$ 3.260,58 <\/td><\/tr><tr><td> Psic\u00f3logo&nbsp; <\/td><td> 2 +2 CR<\/td><td> R$ 2.425,54<\/td><\/tr><tr><td> T\u00e9cnico em Enfermagem<\/td><td> 20 +19 CR<\/td><td> R$ 1.138,11<\/td><\/tr><tr><td> T\u00e9cnico em Radiologia&nbsp;<\/td><td> 1 +1 CR<\/td><td> R$ 1.585,93<\/td><\/tr><\/tbody><\/table><\/figure>\n\n\n\n<h2 class=\"wp-block-heading\">Principais datas<\/h2>\n\n\n\n<p>Todo o processo de inscri\u00e7\u00f5es ocorreu no site da banca organizadora, a UNIFIMES, entre os dias<strong> 20 de fevereiro e 23 de mar\u00e7o<\/strong>. Al\u00e9m disso, os candidatos tiveram que pagar uma taxa de pagar uma taxa nos seguintes valores:<\/p>\n\n\n\n<p class=\"has-background has-very-light-gray-background-color\">N\u00edvel fundamental: <strong>R$ 50,00<\/strong><br \/>N\u00edvel m\u00e9dio\/t\u00e9cnico: <strong>R$ 75,00 <\/strong><br \/>N\u00edvel superior: <strong>R$ 100,00<\/strong><\/p>\n\n\n\n<ul class=\"wp-block-list\"><li><strong>Inscri\u00e7\u00f5es: <\/strong>20 de fevereiro a 23 de mar\u00e7o <\/li><li><strong>Isen\u00e7\u00e3o da taxa: <\/strong>at\u00e9 o dia 24 de mar\u00e7o<\/li><li><strong>Data prevista da prova:<\/strong> 19\/04 (m\u00e9dio e superior) 26\/04 (fundamental)<\/li><\/ul>\n\n\n\n<h2 class=\"wp-block-heading\">Etapas do Concurso<\/h2>\n\n\n\n<h3 class=\"wp-block-heading\">N\u00edvel fundamental<\/h3>\n\n\n\n<p>Para os cargos ofertados cujo pr\u00e9-requisito m\u00e1ximo \u00e9 o&nbsp;<strong>Ensino Fundamental<\/strong>, o concurso ser\u00e1 constitu\u00eddo de uma \u00fanica fase, consistente em uma<strong>&nbsp;Prova Objetiva<\/strong>&nbsp;de Conhecimentos Gerais, exceto para os candidatos aos cargos de Motorista e Operador de M\u00e1quinas.<\/p>\n\n\n\n<figure class=\"wp-block-image\"><img loading=\"lazy\" decoding=\"async\" width=\"623\" height=\"481\" src=\"https:\/\/dhg1h5j42swfq.cloudfront.net\/2020\/01\/20133156\/fundamental-min.png\" alt=\"Provas para os cargos de n\u00edvel fundamental\" class=\"wp-image-472011\" srcset=\"https:\/\/dhg1h5j42swfq.cloudfront.net\/2020\/01\/20133156\/fundamental-min.png 623w, https:\/\/dhg1h5j42swfq.cloudfront.net\/2020\/01\/20133156\/fundamental-min-300x232.png 300w, https:\/\/dhg1h5j42swfq.cloudfront.net\/2020\/01\/20133156\/fundamental-min-610x471.png 610w\" sizes=\"auto, (max-width: 623px) 100vw, 623px\" \/><figcaption>Provas para os cargos de n\u00edvel fundamental<\/figcaption><\/figure>\n\n\n\n<h3 class=\"wp-block-heading\">N\u00edvel m\u00e9dio<\/h3>\n\n\n\n<p>Para os cargos ofertados cujo pr\u00e9-requisito \u00e9 o&nbsp;<strong>Ensino M\u00e9dio<\/strong>, inclu\u00eddo o T\u00e9cnico Profissionalizante, o concurso ser\u00e1 constitu\u00eddo de uma \u00fanica fase consistente de&nbsp;<strong>Prova Objetiva<\/strong>&nbsp;de Conhecimentos Gerais, Espec\u00edficos e de Inform\u00e1tica, exceto para o cargo de Agente Educativo de Inclus\u00e3o \u2013 Int\u00e9rprete.<\/p>\n\n\n\n<div class=\"wp-block-image\"><figure class=\"aligncenter\"><img decoding=\"async\" src=\"https:\/\/dhg1h5j42swfq.cloudfront.net\/2020\/01\/20133218\/m%C3%A9dio-min.png\" alt=\" Provas para os cargos de n\u00edvel m\u00e9dio\" class=\"wp-image-472012\"\/><figcaption>Provas para os cargos de n\u00edvel m\u00e9dio<\/figcaption><\/figure><\/div>\n\n\n\n<h3 class=\"wp-block-heading\">N\u00edvel superior<\/h3>\n\n\n\n<p>Para os cargos ofertados cujo pr\u00e9-requisito \u00e9 o<strong>&nbsp;Ensino Superior<\/strong>, o concurso ser\u00e1 constitu\u00eddo das seguintes provas:<\/p>\n\n\n\n<ol class=\"wp-block-list\"><li><strong>Prova Objetiva<\/strong>&nbsp;de Conhecimentos Gerais e Espec\u00edficos e&nbsp;<strong>Prova de T\u00edtulos<\/strong>, para candidatos de todos os cargos de n\u00edvel superior;<\/li><li><strong>Prova de Reda\u00e7\u00e3o<\/strong>&nbsp;para candidatos aos cargos de Profissional do Magist\u00e9rio (Professor N-1) e Professor de Educa\u00e7\u00e3o F\u00edsica N-1;<\/li><li><strong>Prova Pr\u00e1tico-Profissional&nbsp;<\/strong>para os cargos de Procurador e Advogado Tec.<\/li><\/ol>\n\n\n\n<div class=\"wp-block-image\"><figure class=\"aligncenter\"><img loading=\"lazy\" decoding=\"async\" width=\"625\" height=\"395\" src=\"https:\/\/dhg1h5j42swfq.cloudfront.net\/2020\/01\/20133238\/superior-min.png\" alt=\"  Provas para os cargos de n\u00edvel superior\" class=\"wp-image-472014\" srcset=\"https:\/\/dhg1h5j42swfq.cloudfront.net\/2020\/01\/20133238\/superior-min.png 625w, https:\/\/dhg1h5j42swfq.cloudfront.net\/2020\/01\/20133238\/superior-min-300x190.png 300w, https:\/\/dhg1h5j42swfq.cloudfront.net\/2020\/01\/20133238\/superior-min-610x386.png 610w\" sizes=\"auto, (max-width: 625px) 100vw, 625px\" \/><figcaption>Provas para os cargos de n\u00edvel superior<\/figcaption><\/figure><\/div>\n\n\n\n<h3 class=\"wp-block-heading\">Procurador e Advogado<\/h3>\n\n\n\n<div class=\"wp-block-image\"><figure class=\"aligncenter\"><img loading=\"lazy\" decoding=\"async\" width=\"627\" height=\"322\" src=\"https:\/\/dhg1h5j42swfq.cloudfront.net\/2020\/01\/20133256\/procurador-e-advogado-min.png\" alt=\"   Provas para os cargos de Advogado e Procurador\" class=\"wp-image-472015\" srcset=\"https:\/\/dhg1h5j42swfq.cloudfront.net\/2020\/01\/20133256\/procurador-e-advogado-min.png 627w, https:\/\/dhg1h5j42swfq.cloudfront.net\/2020\/01\/20133256\/procurador-e-advogado-min-300x154.png 300w, https:\/\/dhg1h5j42swfq.cloudfront.net\/2020\/01\/20133256\/procurador-e-advogado-min-610x313.png 610w\" sizes=\"auto, (max-width: 627px) 100vw, 627px\" \/><figcaption>Provas para os cargos de Advogado e Procurador<\/figcaption><\/figure><\/div>\n\n\n\n<h3 class=\"wp-block-heading\">Magist\u00e9rio<\/h3>\n\n\n\n<div class=\"wp-block-image\"><figure class=\"aligncenter\"><img decoding=\"async\" src=\"https:\/\/dhg1h5j42swfq.cloudfront.net\/2020\/01\/20133316\/magist%C3%A9rio.png\" alt=\"    Provas para os cargos do Magist\u00e9rio\" class=\"wp-image-472017\"\/><figcaption>Provas para os cargos do Magist\u00e9rio<\/figcaption><\/figure><\/div>\n\n\n\n<h2 class=\"has-text-align-center wp-block-heading\" id=\"assinatura-e-cursos\">Assinatura ilimitada e cursos para o Concurso Prefeitura de Mineiros<\/h2>\n\n\n\n<p class=\"has-text-align-center\"><em>Gostou desta oportunidade e deseja come\u00e7ar se preparar agora mesmo? Ent\u00e3o, confira os nossos cursos e comece a estudar:<\/em><\/p>\n\n\n\n<p class=\"has-background has-text-align-center has-medium-font-size has-luminous-vivid-amber-background-color\"><strong><a href=\"https:\/\/www.estrategiaconcursos.com.br\/cursos\/concurso\/\" target=\"_blank\" rel=\"noreferrer noopener\" aria-label=\"CURSO PREFEITURA DE MINEIROS (abre numa nova aba)\">CURSO PREFEITURA DE MINEIROS<\/a><\/strong><\/p>\n\n\n\n<p class=\"has-text-align-center\"><em><strong>Assinatura Anual Ilimitada*<\/strong><\/em><\/p>\n\n\n\n<p class=\"has-text-align-center\"><em>Prepare-se com o melhor material e com quem mais aprova em Concursos P\u00fablicos em todo o pa\u00eds. Assine agora a nossa Assinatura Anual e tenha acesso ilimitado* a todos os nossos cursos.<\/em><\/p>\n\n\n\n<p class=\"has-background has-text-align-center has-medium-font-size has-light-green-cyan-background-color\"><strong>ASSINE AGORA<\/strong>&nbsp;\u2013&nbsp;<a rel=\"noreferrer noopener\" href=\"https:\/\/www.estrategiaconcursos.com.br\/assinaturas\" target=\"_blank\"><strong>Assinatura Ilimitada<\/strong><\/a><\/p>\n\n\n\n<p class=\"has-text-align-center\"><strong><em>Fique por dentro de todos os concursos<\/em><\/strong><\/p>\n\n\n\n<p class=\"has-background has-text-align-center has-medium-font-size has-pale-cyan-blue-background-color\"><a rel=\"noreferrer noopener\" href=\"https:\/\/www.estrategiaconcursos.com.br\/blog\/concursos-abertos\/\" target=\"_blank\"><strong>CONCURSOS ABERTOS<\/strong><\/a><\/p>\n\n\n\n<p class=\"has-background has-text-align-center has-medium-font-size has-pale-cyan-blue-background-color\"><a rel=\"noreferrer noopener\" href=\"https:\/\/www.estrategiaconcursos.com.br\/blog\/concursos-2020\/\" target=\"_blank\"><strong>CONCURSOS&nbsp;2020<\/strong><\/a><\/p>\n\n\n\n<figure class=\"wp-block-image\"><img loading=\"lazy\" decoding=\"async\" width=\"300\" height=\"102\" src=\"https:\/\/dhg1h5j42swfq.cloudfront.net\/2017\/03\/28152500\/coruja-ficha-tecnica-300x102.png\" alt=\"\" class=\"wp-image-68542\"\/><\/figure>\n\n\n\n<h4 class=\"wp-block-heading\" id=\"ficha-tecnica\"><strong>\u2666Informa\u00e7\u00f5es do Concurso Prefeitura de Mineiros<\/strong><\/h4>\n\n\n\n<p><strong>\u25baData prevista da prova:<\/strong> 19\/04 (m\u00e9dio e superior) | 26\/04 (fundamental) <br \/><strong>\u25baVagas:<\/strong>&nbsp;355 + 1.065 <br \/><strong>\u25baCargos:&nbsp;<\/strong>V\u00e1rios<br \/><strong>\u25baEscolaridade:&nbsp;<\/strong>N\u00edvel fundamental, m\u00e9dio, t\u00e9cnico e superior<br \/><strong>\u25baBanca:&nbsp;<\/strong>FIMES<br \/><strong>\u25baEdital:&nbsp;<\/strong><a rel=\"noreferrer noopener\" href=\"https:\/\/dhg1h5j42swfq.cloudfront.net\/2020\/01\/20101717\/mineiros_go_gov_br_20200120100102-0.pdf\" target=\"_blank\">Edital Prefeitura de Mineiros<\/a> <\/p>\n\n\n\n<p><br \/><em>Ascom Estrat\u00e9gia<\/em><br \/>ascomestrategia@gmail.com<\/p>\n","protected":false},"excerpt":{"rendered":"<p>As inscri\u00e7\u00f5es do concurso p\u00fablico da Prefeitura de Mineiros, munic\u00edpio do estado de Goi\u00e1, est\u00e3o encerradas. O certame oferta 355 vagas imediatas mais 1.065 em cadastro reserva para o quadro permanente da Administra\u00e7\u00e3o Direta do Munic\u00edpio (Poder Executivo). Al\u00e9m disso, s\u00e3o ofertadas tamb\u00e9m 34 vagas imediatas mais 102 em CR para o Servi\u00e7o Aut\u00f4nomo de [&hellip;]<\/p>\n","protected":false},"author":260,"featured_media":444278,"comment_status":"open","ping_status":"closed","sticky":false,"template":"","format":"standard","meta":{"post_tipo":"article","footnotes":""},"categories":[1],"tags":[],"tax_estado":[],"class_list":["post-471828","post","type-post","status-publish","format-standard","has-post-thumbnail","hentry","category-cursos-e-concursos"],"acf":[],"yoast_head":"<!-- This site is optimized with the Yoast SEO Premium plugin v27.2 (Yoast SEO v27.2) - https:\/\/yoast.com\/product\/yoast-seo-premium-wordpress\/ -->\n<title>Edital Prefeitura de Mineiros: inscri\u00e7\u00f5es encerradas com 355 vagas<\/title>\n<meta name=\"description\" content=\"Edital Prefeitura de Mineiros: inscri\u00e7\u00f5es encerradas com oferta de 355 vagas para diversos cargos de n\u00edveis fundamental, m\u00e9dio e superior. Saiba mais!\" \/>\n<meta name=\"robots\" content=\"index, follow, max-snippet:-1, max-image-preview:large, max-video-preview:-1\" \/>\n<link rel=\"canonical\" href=\"https:\/\/www.estrategiaconcursos.com.br\/blog\/edital-prefeitura-de-mineiros\/\" \/>\n<meta property=\"og:locale\" content=\"pt_BR\" \/>\n<meta property=\"og:type\" content=\"article\" \/>\n<meta property=\"og:title\" content=\"Edital Prefeitura de Mineiros: inscri\u00e7\u00f5es encerradas com 355 vagas\" \/>\n<meta property=\"og:description\" content=\"Edital Prefeitura de Mineiros: inscri\u00e7\u00f5es encerradas com oferta de 355 vagas para diversos cargos de n\u00edveis fundamental, m\u00e9dio e superior. Saiba mais!\" \/>\n<meta property=\"og:url\" content=\"https:\/\/www.estrategiaconcursos.com.br\/blog\/edital-prefeitura-de-mineiros\/\" \/>\n<meta property=\"og:site_name\" content=\"Estrat\u00e9gia Concursos\" \/>\n<meta property=\"article:published_time\" content=\"2020-03-24T07:00:17+00:00\" \/>\n<meta property=\"article:modified_time\" content=\"2020-03-24T13:04:45+00:00\" \/>\n<meta property=\"og:image\" content=\"https:\/\/dhg1h5j42swfq.cloudfront.net\/2019\/11\/05113900\/SAIU-EDITAL1.jpg\" \/>\n\t<meta property=\"og:image:width\" content=\"1200\" \/>\n\t<meta property=\"og:image:height\" content=\"628\" \/>\n\t<meta property=\"og:image:type\" content=\"image\/jpeg\" \/>\n<meta name=\"author\" content=\"Diego Cerqueira Berbert Vasconcelos\" \/>\n<meta name=\"twitter:card\" content=\"summary_large_image\" \/>\n<meta name=\"twitter:creator\" content=\"@EstratConcursos\" \/>\n<meta name=\"twitter:site\" content=\"@EstratConcursos\" \/>\n<meta name=\"twitter:label1\" content=\"Escrito por\" \/>\n\t<meta name=\"twitter:data1\" content=\"Diego Cerqueira Berbert Vasconcelos\" \/>\n\t<meta name=\"twitter:label2\" content=\"Est. tempo de leitura\" \/>\n\t<meta name=\"twitter:data2\" content=\"4 minutos\" \/>\n<script type=\"application\/ld+json\" class=\"yoast-schema-graph\">{\"@context\":\"https:\/\/schema.org\",\"@graph\":[{\"@type\":\"NewsArticle\",\"@id\":\"https:\/\/www.estrategiaconcursos.com.br\/blog\/edital-prefeitura-de-mineiros\/#article\",\"isPartOf\":{\"@id\":\"https:\/\/www.estrategiaconcursos.com.br\/blog\/edital-prefeitura-de-mineiros\/\"},\"author\":{\"name\":\"Diego Cerqueira Berbert Vasconcelos\",\"@id\":\"https:\/\/www.estrategiaconcursos.com.br\/blog\/#\/schema\/person\/7fbf898fd336f5ce58a961518beff68c\"},\"headline\":\"Edital Prefeitura de Mineiros: inscri\u00e7\u00f5es encerradas com 355 vagas\",\"datePublished\":\"2020-03-24T07:00:17+00:00\",\"dateModified\":\"2020-03-24T13:04:45+00:00\",\"mainEntityOfPage\":{\"@id\":\"https:\/\/www.estrategiaconcursos.com.br\/blog\/edital-prefeitura-de-mineiros\/\"},\"wordCount\":840,\"commentCount\":0,\"publisher\":{\"@id\":\"https:\/\/www.estrategiaconcursos.com.br\/blog\/#organization\"},\"image\":{\"@id\":\"https:\/\/www.estrategiaconcursos.com.br\/blog\/edital-prefeitura-de-mineiros\/#primaryimage\"},\"thumbnailUrl\":\"https:\/\/dhg1h5j42swfq.cloudfront.net\/2019\/11\/05113900\/SAIU-EDITAL1.jpg\",\"articleSection\":[\"Concursos P\u00fablicos\"],\"inLanguage\":\"pt-BR\",\"potentialAction\":[{\"@type\":\"CommentAction\",\"name\":\"Comment\",\"target\":[\"https:\/\/www.estrategiaconcursos.com.br\/blog\/edital-prefeitura-de-mineiros\/#respond\"]}],\"copyrightYear\":\"2020\",\"copyrightHolder\":{\"@id\":\"https:\/\/www.estrategiaconcursos.com.br\/blog\/#organization\"}},{\"@type\":\"WebPage\",\"@id\":\"https:\/\/www.estrategiaconcursos.com.br\/blog\/edital-prefeitura-de-mineiros\/\",\"url\":\"https:\/\/www.estrategiaconcursos.com.br\/blog\/edital-prefeitura-de-mineiros\/\",\"name\":\"Edital Prefeitura de Mineiros: inscri\u00e7\u00f5es encerradas com 355 vagas\",\"isPartOf\":{\"@id\":\"https:\/\/www.estrategiaconcursos.com.br\/blog\/#website\"},\"primaryImageOfPage\":{\"@id\":\"https:\/\/www.estrategiaconcursos.com.br\/blog\/edital-prefeitura-de-mineiros\/#primaryimage\"},\"image\":{\"@id\":\"https:\/\/www.estrategiaconcursos.com.br\/blog\/edital-prefeitura-de-mineiros\/#primaryimage\"},\"thumbnailUrl\":\"https:\/\/dhg1h5j42swfq.cloudfront.net\/2019\/11\/05113900\/SAIU-EDITAL1.jpg\",\"datePublished\":\"2020-03-24T07:00:17+00:00\",\"dateModified\":\"2020-03-24T13:04:45+00:00\",\"description\":\"Edital Prefeitura de Mineiros: inscri\u00e7\u00f5es encerradas com oferta de 355 vagas para diversos cargos de n\u00edveis fundamental, m\u00e9dio e superior. Saiba mais!\",\"breadcrumb\":{\"@id\":\"https:\/\/www.estrategiaconcursos.com.br\/blog\/edital-prefeitura-de-mineiros\/#breadcrumb\"},\"inLanguage\":\"pt-BR\",\"potentialAction\":[{\"@type\":\"ReadAction\",\"target\":[\"https:\/\/www.estrategiaconcursos.com.br\/blog\/edital-prefeitura-de-mineiros\/\"]}]},{\"@type\":\"ImageObject\",\"inLanguage\":\"pt-BR\",\"@id\":\"https:\/\/www.estrategiaconcursos.com.br\/blog\/edital-prefeitura-de-mineiros\/#primaryimage\",\"url\":\"https:\/\/dhg1h5j42swfq.cloudfront.net\/2019\/11\/05113900\/SAIU-EDITAL1.jpg\",\"contentUrl\":\"https:\/\/dhg1h5j42swfq.cloudfront.net\/2019\/11\/05113900\/SAIU-EDITAL1.jpg\",\"width\":1200,\"height\":628,\"caption\":\"Concurso PGM Barra do Bugres\"},{\"@type\":\"BreadcrumbList\",\"@id\":\"https:\/\/www.estrategiaconcursos.com.br\/blog\/edital-prefeitura-de-mineiros\/#breadcrumb\",\"itemListElement\":[{\"@type\":\"ListItem\",\"position\":1,\"name\":\"In\u00edcio\",\"item\":\"https:\/\/www.estrategiaconcursos.com.br\/blog\/\"},{\"@type\":\"ListItem\",\"position\":2,\"name\":\"Edital Prefeitura de Mineiros: inscri\u00e7\u00f5es encerradas com 355 vagas\"}]},{\"@type\":\"WebSite\",\"@id\":\"https:\/\/www.estrategiaconcursos.com.br\/blog\/#website\",\"url\":\"https:\/\/www.estrategiaconcursos.com.br\/blog\/\",\"name\":\"Estrat\u00e9gia Concursos\",\"description\":\"O blog da Estrat\u00e9gia Concursos traz not\u00edcias sobre concursos e artigos de professores oferecendo cursos para concursos (pdf + videaulas) no site.\",\"publisher\":{\"@id\":\"https:\/\/www.estrategiaconcursos.com.br\/blog\/#organization\"},\"potentialAction\":[{\"@type\":\"SearchAction\",\"target\":{\"@type\":\"EntryPoint\",\"urlTemplate\":\"https:\/\/www.estrategiaconcursos.com.br\/blog\/?s={search_term_string}\"},\"query-input\":{\"@type\":\"PropertyValueSpecification\",\"valueRequired\":true,\"valueName\":\"search_term_string\"}}],\"inLanguage\":\"pt-BR\"},{\"@type\":\"Organization\",\"@id\":\"https:\/\/www.estrategiaconcursos.com.br\/blog\/#organization\",\"name\":\"Estrat\u00e9gia Concursos\",\"url\":\"https:\/\/www.estrategiaconcursos.com.br\/blog\/\",\"logo\":{\"@type\":\"ImageObject\",\"inLanguage\":\"pt-BR\",\"@id\":\"https:\/\/www.estrategiaconcursos.com.br\/blog\/#\/schema\/logo\/image\/\",\"url\":\"https:\/\/dhg1h5j42swfq.cloudfront.net\/2025\/06\/03203428\/logo_concursos-1.jpg\",\"contentUrl\":\"https:\/\/dhg1h5j42swfq.cloudfront.net\/2025\/06\/03203428\/logo_concursos-1.jpg\",\"width\":230,\"height\":60,\"caption\":\"Estrat\u00e9gia Concursos\"},\"image\":{\"@id\":\"https:\/\/www.estrategiaconcursos.com.br\/blog\/#\/schema\/logo\/image\/\"},\"sameAs\":[\"https:\/\/x.com\/EstratConcursos\"]},{\"@type\":\"Person\",\"@id\":\"https:\/\/www.estrategiaconcursos.com.br\/blog\/#\/schema\/person\/7fbf898fd336f5ce58a961518beff68c\",\"name\":\"Diego Cerqueira Berbert Vasconcelos\",\"image\":{\"@type\":\"ImageObject\",\"inLanguage\":\"pt-BR\",\"@id\":\"https:\/\/secure.gravatar.com\/avatar\/ed2d045a7390980cad1a92d24dcc39d10ef55b88fcb9fb9c047979bf4ddeb1ce?s=96&d=mm&r=g\",\"url\":\"https:\/\/secure.gravatar.com\/avatar\/ed2d045a7390980cad1a92d24dcc39d10ef55b88fcb9fb9c047979bf4ddeb1ce?s=96&d=mm&r=g\",\"contentUrl\":\"https:\/\/secure.gravatar.com\/avatar\/ed2d045a7390980cad1a92d24dcc39d10ef55b88fcb9fb9c047979bf4ddeb1ce?s=96&d=mm&r=g\",\"caption\":\"Diego Cerqueira Berbert Vasconcelos\"},\"url\":\"https:\/\/www.estrategiaconcursos.com.br\/blog\/author\/diegocerqueiraestrategiaconcursos-com-br\/\"}]}<\/script>\n<!-- \/ Yoast SEO Premium plugin. -->","yoast_head_json":{"title":"Edital Prefeitura de Mineiros: inscri\u00e7\u00f5es encerradas com 355 vagas","description":"Edital Prefeitura de Mineiros: inscri\u00e7\u00f5es encerradas com oferta de 355 vagas para diversos cargos de n\u00edveis fundamental, m\u00e9dio e superior. Saiba mais!","robots":{"index":"index","follow":"follow","max-snippet":"max-snippet:-1","max-image-preview":"max-image-preview:large","max-video-preview":"max-video-preview:-1"},"canonical":"https:\/\/www.estrategiaconcursos.com.br\/blog\/edital-prefeitura-de-mineiros\/","og_locale":"pt_BR","og_type":"article","og_title":"Edital Prefeitura de Mineiros: inscri\u00e7\u00f5es encerradas com 355 vagas","og_description":"Edital Prefeitura de Mineiros: inscri\u00e7\u00f5es encerradas com oferta de 355 vagas para diversos cargos de n\u00edveis fundamental, m\u00e9dio e superior. Saiba mais!","og_url":"https:\/\/www.estrategiaconcursos.com.br\/blog\/edital-prefeitura-de-mineiros\/","og_site_name":"Estrat\u00e9gia Concursos","article_published_time":"2020-03-24T07:00:17+00:00","article_modified_time":"2020-03-24T13:04:45+00:00","og_image":[{"width":1200,"height":628,"url":"https:\/\/dhg1h5j42swfq.cloudfront.net\/2019\/11\/05113900\/SAIU-EDITAL1.jpg","type":"image\/jpeg"}],"author":"Diego Cerqueira Berbert Vasconcelos","twitter_card":"summary_large_image","twitter_creator":"@EstratConcursos","twitter_site":"@EstratConcursos","twitter_misc":{"Escrito por":"Diego Cerqueira Berbert Vasconcelos","Est. tempo de leitura":"4 minutos"},"schema":{"@context":"https:\/\/schema.org","@graph":[{"@type":"NewsArticle","@id":"https:\/\/www.estrategiaconcursos.com.br\/blog\/edital-prefeitura-de-mineiros\/#article","isPartOf":{"@id":"https:\/\/www.estrategiaconcursos.com.br\/blog\/edital-prefeitura-de-mineiros\/"},"author":{"name":"Diego Cerqueira Berbert Vasconcelos","@id":"https:\/\/www.estrategiaconcursos.com.br\/blog\/#\/schema\/person\/7fbf898fd336f5ce58a961518beff68c"},"headline":"Edital Prefeitura de Mineiros: inscri\u00e7\u00f5es encerradas com 355 vagas","datePublished":"2020-03-24T07:00:17+00:00","dateModified":"2020-03-24T13:04:45+00:00","mainEntityOfPage":{"@id":"https:\/\/www.estrategiaconcursos.com.br\/blog\/edital-prefeitura-de-mineiros\/"},"wordCount":840,"commentCount":0,"publisher":{"@id":"https:\/\/www.estrategiaconcursos.com.br\/blog\/#organization"},"image":{"@id":"https:\/\/www.estrategiaconcursos.com.br\/blog\/edital-prefeitura-de-mineiros\/#primaryimage"},"thumbnailUrl":"https:\/\/dhg1h5j42swfq.cloudfront.net\/2019\/11\/05113900\/SAIU-EDITAL1.jpg","articleSection":["Concursos P\u00fablicos"],"inLanguage":"pt-BR","potentialAction":[{"@type":"CommentAction","name":"Comment","target":["https:\/\/www.estrategiaconcursos.com.br\/blog\/edital-prefeitura-de-mineiros\/#respond"]}],"copyrightYear":"2020","copyrightHolder":{"@id":"https:\/\/www.estrategiaconcursos.com.br\/blog\/#organization"}},{"@type":"WebPage","@id":"https:\/\/www.estrategiaconcursos.com.br\/blog\/edital-prefeitura-de-mineiros\/","url":"https:\/\/www.estrategiaconcursos.com.br\/blog\/edital-prefeitura-de-mineiros\/","name":"Edital Prefeitura de Mineiros: inscri\u00e7\u00f5es encerradas com 355 vagas","isPartOf":{"@id":"https:\/\/www.estrategiaconcursos.com.br\/blog\/#website"},"primaryImageOfPage":{"@id":"https:\/\/www.estrategiaconcursos.com.br\/blog\/edital-prefeitura-de-mineiros\/#primaryimage"},"image":{"@id":"https:\/\/www.estrategiaconcursos.com.br\/blog\/edital-prefeitura-de-mineiros\/#primaryimage"},"thumbnailUrl":"https:\/\/dhg1h5j42swfq.cloudfront.net\/2019\/11\/05113900\/SAIU-EDITAL1.jpg","datePublished":"2020-03-24T07:00:17+00:00","dateModified":"2020-03-24T13:04:45+00:00","description":"Edital Prefeitura de Mineiros: inscri\u00e7\u00f5es encerradas com oferta de 355 vagas para diversos cargos de n\u00edveis fundamental, m\u00e9dio e superior. Saiba mais!","breadcrumb":{"@id":"https:\/\/www.estrategiaconcursos.com.br\/blog\/edital-prefeitura-de-mineiros\/#breadcrumb"},"inLanguage":"pt-BR","potentialAction":[{"@type":"ReadAction","target":["https:\/\/www.estrategiaconcursos.com.br\/blog\/edital-prefeitura-de-mineiros\/"]}]},{"@type":"ImageObject","inLanguage":"pt-BR","@id":"https:\/\/www.estrategiaconcursos.com.br\/blog\/edital-prefeitura-de-mineiros\/#primaryimage","url":"https:\/\/dhg1h5j42swfq.cloudfront.net\/2019\/11\/05113900\/SAIU-EDITAL1.jpg","contentUrl":"https:\/\/dhg1h5j42swfq.cloudfront.net\/2019\/11\/05113900\/SAIU-EDITAL1.jpg","width":1200,"height":628,"caption":"Concurso PGM Barra do Bugres"},{"@type":"BreadcrumbList","@id":"https:\/\/www.estrategiaconcursos.com.br\/blog\/edital-prefeitura-de-mineiros\/#breadcrumb","itemListElement":[{"@type":"ListItem","position":1,"name":"In\u00edcio","item":"https:\/\/www.estrategiaconcursos.com.br\/blog\/"},{"@type":"ListItem","position":2,"name":"Edital Prefeitura de Mineiros: inscri\u00e7\u00f5es encerradas com 355 vagas"}]},{"@type":"WebSite","@id":"https:\/\/www.estrategiaconcursos.com.br\/blog\/#website","url":"https:\/\/www.estrategiaconcursos.com.br\/blog\/","name":"Estrat\u00e9gia Concursos","description":"O blog da Estrat\u00e9gia Concursos traz not\u00edcias sobre concursos e artigos de professores oferecendo cursos para concursos (pdf + videaulas) no site.","publisher":{"@id":"https:\/\/www.estrategiaconcursos.com.br\/blog\/#organization"},"potentialAction":[{"@type":"SearchAction","target":{"@type":"EntryPoint","urlTemplate":"https:\/\/www.estrategiaconcursos.com.br\/blog\/?s={search_term_string}"},"query-input":{"@type":"PropertyValueSpecification","valueRequired":true,"valueName":"search_term_string"}}],"inLanguage":"pt-BR"},{"@type":"Organization","@id":"https:\/\/www.estrategiaconcursos.com.br\/blog\/#organization","name":"Estrat\u00e9gia Concursos","url":"https:\/\/www.estrategiaconcursos.com.br\/blog\/","logo":{"@type":"ImageObject","inLanguage":"pt-BR","@id":"https:\/\/www.estrategiaconcursos.com.br\/blog\/#\/schema\/logo\/image\/","url":"https:\/\/dhg1h5j42swfq.cloudfront.net\/2025\/06\/03203428\/logo_concursos-1.jpg","contentUrl":"https:\/\/dhg1h5j42swfq.cloudfront.net\/2025\/06\/03203428\/logo_concursos-1.jpg","width":230,"height":60,"caption":"Estrat\u00e9gia Concursos"},"image":{"@id":"https:\/\/www.estrategiaconcursos.com.br\/blog\/#\/schema\/logo\/image\/"},"sameAs":["https:\/\/x.com\/EstratConcursos"]},{"@type":"Person","@id":"https:\/\/www.estrategiaconcursos.com.br\/blog\/#\/schema\/person\/7fbf898fd336f5ce58a961518beff68c","name":"Diego Cerqueira Berbert Vasconcelos","image":{"@type":"ImageObject","inLanguage":"pt-BR","@id":"https:\/\/secure.gravatar.com\/avatar\/ed2d045a7390980cad1a92d24dcc39d10ef55b88fcb9fb9c047979bf4ddeb1ce?s=96&d=mm&r=g","url":"https:\/\/secure.gravatar.com\/avatar\/ed2d045a7390980cad1a92d24dcc39d10ef55b88fcb9fb9c047979bf4ddeb1ce?s=96&d=mm&r=g","contentUrl":"https:\/\/secure.gravatar.com\/avatar\/ed2d045a7390980cad1a92d24dcc39d10ef55b88fcb9fb9c047979bf4ddeb1ce?s=96&d=mm&r=g","caption":"Diego Cerqueira Berbert Vasconcelos"},"url":"https:\/\/www.estrategiaconcursos.com.br\/blog\/author\/diegocerqueiraestrategiaconcursos-com-br\/"}]}},"_links":{"self":[{"href":"https:\/\/www.estrategiaconcursos.com.br\/blog\/wp-json\/wp\/v2\/posts\/471828","targetHints":{"allow":["GET"]}}],"collection":[{"href":"https:\/\/www.estrategiaconcursos.com.br\/blog\/wp-json\/wp\/v2\/posts"}],"about":[{"href":"https:\/\/www.estrategiaconcursos.com.br\/blog\/wp-json\/wp\/v2\/types\/post"}],"author":[{"embeddable":true,"href":"https:\/\/www.estrategiaconcursos.com.br\/blog\/wp-json\/wp\/v2\/users\/260"}],"replies":[{"embeddable":true,"href":"https:\/\/www.estrategiaconcursos.com.br\/blog\/wp-json\/wp\/v2\/comments?post=471828"}],"version-history":[{"count":9,"href":"https:\/\/www.estrategiaconcursos.com.br\/blog\/wp-json\/wp\/v2\/posts\/471828\/revisions"}],"predecessor-version":[{"id":495783,"href":"https:\/\/www.estrategiaconcursos.com.br\/blog\/wp-json\/wp\/v2\/posts\/471828\/revisions\/495783"}],"wp:featuredmedia":[{"embeddable":true,"href":"https:\/\/www.estrategiaconcursos.com.br\/blog\/wp-json\/wp\/v2\/media\/444278"}],"wp:attachment":[{"href":"https:\/\/www.estrategiaconcursos.com.br\/blog\/wp-json\/wp\/v2\/media?parent=471828"}],"wp:term":[{"taxonomy":"category","embeddable":true,"href":"https:\/\/www.estrategiaconcursos.com.br\/blog\/wp-json\/wp\/v2\/categories?post=471828"},{"taxonomy":"post_tag","embeddable":true,"href":"https:\/\/www.estrategiaconcursos.com.br\/blog\/wp-json\/wp\/v2\/tags?post=471828"},{"taxonomy":"tax_estado","embeddable":true,"href":"https:\/\/www.estrategiaconcursos.com.br\/blog\/wp-json\/wp\/v2\/tax_estado?post=471828"}],"curies":[{"name":"wp","href":"https:\/\/api.w.org\/{rel}","templated":true}]}}