{"id":471692,"date":"2020-01-19T17:27:43","date_gmt":"2020-01-19T20:27:43","guid":{"rendered":"https:\/\/www.estrategiaconcursos.com.br\/blog\/?p=471692"},"modified":"2020-01-19T17:27:46","modified_gmt":"2020-01-19T20:27:46","slug":"gabarito-extraoficial-direito-tributario-iss-cariacica","status":"publish","type":"post","link":"https:\/\/www.estrategiaconcursos.com.br\/blog\/gabarito-extraoficial-direito-tributario-iss-cariacica\/","title":{"rendered":"Gabarito Extraoficial &#8211; Direito Tribut\u00e1rio &#8211; ISS-Cariacica"},"content":{"rendered":"\n<p>Ol\u00e1, meus amigos, tudo bem?<\/p>\n\n\n\n<p>Meu nome \u00e9 F\u00e1bio Dutra, sou professor de Direito Tribut\u00e1rio\ndo Estrat\u00e9gia Concursos e Auditor-Fiscal da RFB.<\/p>\n\n\n\n<p>Estou aqui com voc\u00eas, pois hoje foi aplicada a prova do concurso <strong>ISS-Cariacica \u2013 Auditor Fiscal, realizada pela banca AOCP<\/strong>, e, como de costume, j\u00e1 providenciamos a sua resolu\u00e7\u00e3o neste artigo. Vale ressaltar que este \u00e9 um gabarito extraoficial, considerando a legisla\u00e7\u00e3o em vigor e a jurisprud\u00eancia e doutrina dominante sobre o tema.<\/p>\n\n\n\n<p>Ap\u00f3s uma r\u00e1pida an\u00e1lise, acreditamos que n\u00e3o haver\u00e1\npossibilidade de recursos. <\/p>\n\n\n\n<p>Antes de iniciarmos a resolu\u00e7\u00e3o, convido voc\u00ea a me seguir l\u00e1 no Instagram, para acompanhar os pr\u00f3ximos concursos da \u00e1rea fiscal bem como os projetos gratuitos de quest\u00f5es comentadas: <a href=\"http:\/\/www.instagram.com\/proffabiodutra\">@proffabiodutra<\/a><\/p>\n\n\n\n<hr class=\"wp-block-separator\" \/>\n\n\n\n<p><strong>31 &#8211;<\/strong> Assinale a alternativa correta sobre a ordem tribut\u00e1ria prevista na Constitui\u00e7\u00e3o da Rep\u00fablica.<\/p>\n\n\n\n<p>A) quando houver d\u00e9ficit atuarial a contribui\u00e7\u00e3o ordin\u00e1ria\ndos aposentados \u00e9 pensionistas n\u00e3o poder\u00e1 incidir sobre o valor dos proventos\nde aposentadoria \u00e9 de pens\u00f5es que supere o sal\u00e1rio m\u00ednimo. <\/p>\n\n\n\n<p>B) a uni\u00e3o mediante lei ordin\u00e1ria, poder\u00e1 instituir\nempr\u00e9stimos compuls\u00f3rios para atender a despesas extraordin\u00e1rias, decorrentes\nde calamidade p\u00fablica, guerra externa ou sua emin\u00eancia.<\/p>\n\n\n\n<p>C) as contribui\u00e7\u00f5es sociais \u00e9 de interven\u00e7\u00e3o no dom\u00ednio\necon\u00f4mico n\u00e3o poder\u00e3o ter al\u00edquotas ad valorem, nem ter por base o faturamento,\na receita bruta ou o valor da opera\u00e7\u00e3o.<\/p>\n\n\n\n<p>D) a lei complementar poder\u00e1 estabelecer crit\u00e9rios especiais\nde tributa\u00e7\u00e3o com o objetivo de prevenir desequil\u00edbrios da concorr\u00eancia, sem\npreju\u00edzo da compet\u00eancia de a uni\u00e3o por lei estabelecer normas de igual objetivo.\n<\/p>\n\n\n\n<p>Coment\u00e1rio:<\/p>\n\n\n\n<p>Alternativa A: Trata-se de dispositivo que ainda est\u00e1\npendente de vig\u00eancia no texto constitucional, com base na EC 103\/2019, mas\nainda est\u00e1 errado, porque, quando houver deficit atuarial, a contribui\u00e7\u00e3o\nordin\u00e1ria dos aposentados e pensionistas poder\u00e1 incidir sobre o valor dos\nproventos de aposentadoria e de pens\u00f5es que supere o sal\u00e1rio-m\u00ednimo.\nAlternativa errada.<\/p>\n\n\n\n<p>Alternativa B: A institui\u00e7\u00e3o de empr\u00e9stimo compuls\u00f3rio\ndepende de lei complementar. Alternativa errada.<\/p>\n\n\n\n<p>Alternativa C:&nbsp; Trata-se\nde afirmativa em desacordo com o que disp\u00f5em a Constitui\u00e7\u00e3o federal. Alternativa\nerrada.<\/p>\n\n\n\n<p>Alternativa D: de acordo com o artigo 146-A, da Constitui\u00e7\u00e3o\nFederal, este \u00e9 um dos pap\u00e9is da lei complementar. Alternativa correta.<\/p>\n\n\n\n<p>Gabarito Extraoficial: Letra D<\/p>\n\n\n\n<hr class=\"wp-block-separator\" \/>\n\n\n\n<p><strong>32 &#8211;<\/strong> Sobre as limita\u00e7\u00f5es constitucionais ao poder de tributar, assinale a alternativa correta:<\/p>\n\n\n\n<p>A) a Uni\u00e3o poder\u00e1 instituir isen\u00e7\u00f5es de tributos da\ncompet\u00eancia dos estados ou dos munic\u00edpios por meio de lei complementar.<\/p>\n\n\n\n<p>B) a lei poder\u00e1 atribuir a sujeito passivo de obriga\u00e7\u00e3o\ntribut\u00e1ria a condi\u00e7\u00e3o de respons\u00e1vel pelo pagamento de imposto ou contribui\u00e7\u00e3o,\ncujo fato gerador deva ocorrer posteriormente assegurada a imediata \u00e9\npreferencial restitui\u00e7\u00e3o da quantia paga caso n\u00e3o se realize o fato gerador\npresumido.<\/p>\n\n\n\n<p>C) somente emenda constitucional de car\u00e1ter erga omnes\ndeterminar\u00e1 as medidas para que os consumidores sejam esclarecidos acerca dos\nimpostos que incidam sobre mercadorias e servi\u00e7os. <\/p>\n\n\n\n<p>D) \u00e9 vedado a Uni\u00e3o, mas permitido aos estados, cobrar\ntributos no mesmo exerc\u00edcio financeiro em que haja sido publicada a lei que os\ninstituiu ou aumentou. <\/p>\n\n\n\n<p>Coment\u00e1rio:<\/p>\n\n\n\n<p>Alternativa A: As isen\u00e7\u00f5es heter\u00f4nomas s\u00e3o proibidas no\ntexto constitucional. Alternativa errada.<\/p>\n\n\n\n<p>Alternativa B: trata-se de previs\u00e3o contida no art. 150, \u00a7\n7\u00ba, d\u00e1 Constitui\u00e7\u00e3o federal, que se refere a substitui\u00e7\u00e3o tribut\u00e1ria\nprogressiva. Alternativa correta.<\/p>\n\n\n\n<p>Alternativa C: De acordo com o art. 150, \u00a7 5\u00ba, da CF\/88, a\nlei determinar\u00e1 medidas para que os consumidores sejam esclarecidos acerca dos\nimpostos que incidam sobre mercadorias e servi\u00e7os. Alternativa errada.<\/p>\n\n\n\n<p>Alternativa D: A veda\u00e7\u00e3o do princ\u00edpio da anterioridade anual\nalcan\u00e7a todos os entes federativos. Alternativa errada.<\/p>\n\n\n\n<p>Gabarito Extraoficial: Letra B<\/p>\n\n\n\n<hr class=\"wp-block-separator\" \/>\n\n\n\n<p><strong>33 &#8211; <\/strong>Acerca da compet\u00eancia tribut\u00e1ria para instituir impostos, \u00e9 correto afirmar que: <\/p>\n\n\n\n<p>A) o imposto sobre propriedade territorial rural ser\u00e1\nfiscalizado e cobrado pelos munic\u00edpios que assim optarem, na forma da lei desde\nque n\u00e3o implique redu\u00e7\u00e3o do imposto ou qualquer outra forma de Ren\u00fancia fiscal.<\/p>\n\n\n\n<p>B) o imposto sobre propriedade territorial rural tamb\u00e9m\nincidir\u00e1 sobre pequenas glebas rurais, definidas em lei, quando as explore o\npropriet\u00e1rio que n\u00e3o possua outro im\u00f3vel.<\/p>\n\n\n\n<p>C) o imposto sobre a propriedade de ve\u00edculos automotores n\u00e3o\npoder\u00e1 ter al\u00edquotas diferenciadas em fun\u00e7\u00e3o do tipo e da utiliza\u00e7\u00e3o.<\/p>\n\n\n\n<p>D) o imposto sobre transmiss\u00e3o causa Mortis e doa\u00e7\u00e3o, ter\u00e1\ncompet\u00eancia para a sua institui\u00e7\u00e3o regulada por lei ordin\u00e1ria se o doador tiver\ndomic\u00edlio ou resid\u00eancia no exterior.<\/p>\n\n\n\n<p>Coment\u00e1rio:<\/p>\n\n\n\n<p>Alternativa A: De fato, o texto constitucional autoriza que\no ITR seja fiscalizado \u00e9 cobrado pelos munic\u00edpios que assim optarem.\nAlternativa correta.<\/p>\n\n\n\n<p>Alternativa B: Existe imunidade constitucional sobre o ITR,\nem rela\u00e7\u00e3o \u00e0s pequenas glebas rurais exploradas pelo propriet\u00e1rio que n\u00e3o\npossua outro im\u00f3vel. Alternativa errada.<\/p>\n\n\n\n<p>Alternativa C: Existe autoriza\u00e7\u00e3o do texto constitucional\npara que o IPVA tem al\u00edquotas diferenciadas em raz\u00e3o do tipo ou da utiliza\u00e7\u00e3o\ndo ve\u00edculo. Alternativa errada.<\/p>\n\n\n\n<p>Alternativa D: Trata-se de situa\u00e7\u00e3o que deve ser regulada em\nlei complementar. Alternativa errada.<\/p>\n\n\n\n<p>Gabarito Extraoficial: Letra A<\/p>\n\n\n\n<hr class=\"wp-block-separator\" \/>\n\n\n\n<p><strong>34 &#8211; <\/strong>Acerca da disciplina constitucional das limita\u00e7\u00f5es do poder de tributar, assinale a alternativa incorreta <\/p>\n\n\n\n<p>A) \u00e9 vedado a <a>Uni\u00e3o<\/a>, aos estados,\nao Distrito Federal e aos munic\u00edpios instituir impostos sobre patrim\u00f4nio renda\nou servi\u00e7os dos partidos pol\u00edticos, exceto sobre suas funda\u00e7\u00f5es de direito\nprivado.<\/p>\n\n\n\n<p>B) \u00e9 vedado a Uni\u00e3o, aos estados, ao distrito federal \u00e9 aos\nmunic\u00edpios cobrar tributos em rela\u00e7\u00e3o a fatos geradores ocorridos antes do In\u00edcio\nda vig\u00eancia da lei que os houver institu\u00eddo ou aumentado. <\/p>\n\n\n\n<p>C) \u00e9 vedado \u00e0 Uni\u00e3o tributar a renda das obriga\u00e7\u00f5es da\nd\u00edvida p\u00fablica dos estados do Distrito Federal e dos munic\u00edpios bem como a\nremunera\u00e7\u00e3o e os proventos dos respectivos agentes p\u00fablicos em n\u00edveis\nsuperiores ao fixar para as suas obriga\u00e7\u00f5es e para seus agentes. <\/p>\n\n\n\n<p>D) \u00e9 vedado aos estados , ao Distrito Federal e aos\nmunic\u00edpios estabelecer diferen\u00e7a tribut\u00e1ria entre bens e servi\u00e7os de qualquer\nnatureza, em raz\u00e3o de sua proced\u00eancia ou destino.<\/p>\n\n\n\n<p>Coment\u00e1rio:<\/p>\n\n\n\n<p>Alternativa A: A veda\u00e7\u00e3o prevista no texto constitucional\nreferente aos partidos pol\u00edticos abrange suas respectivas funda\u00e7\u00f5es.\nAlternativa errada.<\/p>\n\n\n\n<p>Alternativa B: trata se do princ\u00edpio da irretroatividade da\nlei tribut\u00e1ria. Alternativa correta.<\/p>\n\n\n\n<p>Alternativa C: trata se do princ\u00edpio previsto no artigo 151,\nII, da Constitui\u00e7\u00e3o Federal. Alternativa correta.<\/p>\n\n\n\n<p>Alternativa D: trata se do princ\u00edpio previsto no artigo 152\nda Constitui\u00e7\u00e3o Federal. &nbsp;Alternativa correta.<\/p>\n\n\n\n<p>Gabarito Extraoficial: Letra A<\/p>\n\n\n\n<hr class=\"wp-block-separator\" \/>\n\n\n\n<p><strong>35 &#8211; <\/strong>Em se tratando das regras gerais do imposto sobre servi\u00e7o de qualquer natureza (ISS) prescritas na lei complementar federal n\u00ba 116\/2003, assinale a alternativa incorreta <\/p>\n\n\n\n<p>A) o imposto n\u00e3o incide sobre o valor intermediado no\nmercado de t\u00edtulos e valores mobili\u00e1rios o valor dos dep\u00f3sitos banc\u00e1rios o\nprincipal juros e acr\u00e9scimos morat\u00f3rios relativos a opera\u00e7\u00f5es de cr\u00e9dito\nrealizadas por institui\u00e7\u00f5es financeiras. <\/p>\n\n\n\n<p>B) o servi\u00e7o considera-se prestado e o imposto devido no\nlocal do florestamento \u00e9 reflorestamento, semeadura, aduba\u00e7\u00e3o, repara\u00e7\u00e3o de\nsolo, plantio, silagem, colheita, corte, descascamento de \u00e1rvores, silvicultura,\nexplora\u00e7\u00e3o florestal e servi\u00e7os cong\u00eaneres indissoci\u00e1veis da forma\u00e7\u00e3o\nmanuten\u00e7\u00e3o e colheita de florestas para quaisquer fins e por quaisquer meios. <\/p>\n\n\n\n<p>C) O imposto n\u00e3o incide sobre o servi\u00e7o proveniente do\nexterior do pa\u00eds ou cuja presta\u00e7\u00e3o se tenha iniciado no exterior do pa\u00eds. <\/p>\n\n\n\n<p>D) a al\u00edquota m\u00ednima do imposto sobre servi\u00e7os de qualquer\nnatureza \u00e9 de 2% (dois por cento).<\/p>\n\n\n\n<p>Coment\u00e1rio:<\/p>\n\n\n\n<p>Alternativa A:&nbsp;&nbsp; O ISS\nn\u00e3o incide sobre tais servi\u00e7os, com base no art. 2\u00ba, III, da LC 116\/03.\nAlternativa correta.<\/p>\n\n\n\n<p>Alternativa B: Trata-se de previs\u00e3o no art. 3\u00ba, XII, com\nreda\u00e7\u00e3o dada pela LC 157\/2016. Alternativa correta.<\/p>\n\n\n\n<p>Alternativa C: O ISS incide sobre o servi\u00e7o proveniente do\nexterior do pa\u00eds ou cuja presta\u00e7\u00e3o se tenha iniciado no exterior do pa\u00eds\n(importa\u00e7\u00e3o de servi\u00e7os). Alternativa errada.<\/p>\n\n\n\n<p>Alternativa D: Realmente, esta \u00e9 a al\u00edquota m\u00ednima do ISS.\nAlternativa correta.<\/p>\n\n\n\n<p>Gabarito Extraoficial: Letra C<\/p>\n\n\n\n<hr class=\"wp-block-separator\" \/>\n\n\n\n<p><strong>36 &#8211; <\/strong>Conforme o direito tribut\u00e1rio brasileiro, assinale a alternativa correta.<\/p>\n\n\n\n<p>A) para o c\u00f3digo tribut\u00e1rio nacional, s\u00e3o tributos apenas os\nimpostos e as taxas. <\/p>\n\n\n\n<p>B) as taxas t\u00eam como fato gerador o exerc\u00edcio regular do\npoder de pol\u00edcia, ou a utiliza\u00e7\u00e3o efetiva ou potencial de servi\u00e7o p\u00fablico\nespec\u00edfico e divis\u00edvel, prestado ao contribuinte ou posto \u00e0 sua disposi\u00e7\u00e3o. <\/p>\n\n\n\n<p>C) imposto \u00e9 o tributo institu\u00eddo para fazer face ao custo\nde obras p\u00fablicas de que decorra valoriza\u00e7\u00e3o imobili\u00e1ria.<\/p>\n\n\n\n<p>D) Para o c\u00f3digo tribut\u00e1rio nacional, os impostos t\u00eam como\nfato gerador o exerc\u00edcio regular do poder de pol\u00edcia, ou a utiliza\u00e7\u00e3o efetiva\nou potencial de servi\u00e7o p\u00fablico espec\u00edfico e divis\u00edvel, prestado ao\ncontribuinte ou posto \u00e0 sua disposi\u00e7\u00e3o.<\/p>\n\n\n\n<p>Coment\u00e1rio:<\/p>\n\n\n\n<p>Alternativa A: O CTN tamb\u00e9m inclui as contribui\u00e7\u00f5es de\nmelhoria como esp\u00e9cie tribut\u00e1ria. Alternativa errada.<\/p>\n\n\n\n<p>Alternativa B: De fato, este \u00e9 o fato gerador das taxas, considerando\no CTN. &nbsp;Alternativa correta.<\/p>\n\n\n\n<p>Alternativa C: Esta \u00e9 a defini\u00e7\u00e3o das contribui\u00e7\u00f5es de\nmelhoria. Alternativa errada.<\/p>\n\n\n\n<p>Alternativa D: Os impostos s\u00e3o tributos n\u00e3o vinculados, raz\u00e3o\npela qual n\u00e3o podem ter tais fatos geradores. Alternativa errada.<\/p>\n\n\n\n<p>Gabarito Extraoficial: Letra B<\/p>\n\n\n\n<hr class=\"wp-block-separator\" \/>\n\n\n\n<p><strong>37 &#8211;<\/strong> O c\u00f3digo tribut\u00e1rio nacional conceitua &#8220;tributo&#8221;. sobre sua significa\u00e7\u00e3o, assinale a alternativa correta. <\/p>\n\n\n\n<p>A) tributo \u00e9 toda presta\u00e7\u00e3o pecuni\u00e1ria compuls\u00f3ria em moeda\nou cujo valor nela se possa exprimir, por obriga\u00e7\u00e3o principal ou san\u00e7\u00e3o de ato\nil\u00edcito institu\u00edda em lei e cobrada mediante atividade administrativa\nplenamente vinculada. <\/p>\n\n\n\n<p>B) tributo \u00e9 toda presta\u00e7\u00e3o pecuni\u00e1ria compuls\u00f3ria em moeda\nou servi\u00e7o ad valorem, que n\u00e3o constitua san\u00e7\u00e3o de ato il\u00edcito, institu\u00edda em\nlei e cobrada mediante atividade administrativa plenamente vinculada. <\/p>\n\n\n\n<p>C) tributo \u00e9 toda presta\u00e7\u00e3o pecuni\u00e1ria volunt\u00e1ria, em moeda\nou cujo valor nela se possa exprimir, que n\u00e3o constitua san\u00e7\u00e3o de ato il\u00edcito, institu\u00edda\nem lei e cobrada mediante atividade administrativa plenamente vinculada. <\/p>\n\n\n\n<p>D) Tributo \u00e9 toda presta\u00e7\u00e3o pecuni\u00e1ria compuls\u00f3ria, em moeda\nou cujo valor nela se possa exprimir que n\u00e3o constitua san\u00e7\u00e3o de ato il\u00edcito,\ninstitu\u00edda em lei e cobrada mediante atividade administrativa plenamente\nvinculada. <\/p>\n\n\n\n<p>Coment\u00e1rio: A \u00fanica alternativa que atende exatamente ao&nbsp; conceito de tributo previsto no art. 3\u00ba do CTN\n\u00e9 a Letra D.<\/p>\n\n\n\n<p>Gabarito Extraoficial: Letra D<\/p>\n\n\n\n<hr class=\"wp-block-separator\" \/>\n\n\n\n<p><strong>38 &#8211;<\/strong> Um dos tributos previstos na legisla\u00e7\u00e3o \u00e9 aquele incidente sobre a exporta\u00e7\u00e3o para o estrangeiro, de produtos nacionais ou nacionalizados tendo como fato gerador a sa\u00edda destes do territ\u00f3rio nacional. Essa esp\u00e9cie tribut\u00e1ria denomina se <\/p>\n\n\n\n<p>A) taxa.<\/p>\n\n\n\n<p>B) imposto.<\/p>\n\n\n\n<p>C) contribui\u00e7\u00e3o de melhoria.<\/p>\n\n\n\n<p>D) &nbsp;empr\u00e9stimo\ncompuls\u00f3rio.<\/p>\n\n\n\n<p>Coment\u00e1rio: A defini\u00e7\u00e3o do enunciado se refere ao imposto\nsobre exporta\u00e7\u00e3o. Logo, a resposta \u00e9 a Letra B.<\/p>\n\n\n\n<p>Gabarito Extraoficial: Letra B<\/p>\n\n\n\n<hr class=\"wp-block-separator\" \/>\n\n\n\n<p><strong>39 &#8211; <\/strong>O imposto sobre a propriedade predial e territorial urbana (IPTU) tem como fato gerador a propriedade, o dom\u00ednio \u00fatil ou a posse de bem im\u00f3vel por natureza ou por acess\u00e3o f\u00edsica, como definido na lei civil localizado na zona urbana do munic\u00edpio. Para os efeitos deste imposto, entende-se como zona urbana definida em lei municipal, observado o requisito m\u00ednimo da exist\u00eancia de melhoramentos indicados em pelo 2 (dois) \u00a0dos incisos seguintes, constru\u00eddos ou mantidos pelo poder p\u00fablico:<\/p>\n\n\n\n<p>A) Sistema de esgoto sanit\u00e1rios e escola prim\u00e1ria ou posto\nde sa\u00fade a uma dist\u00e2ncia m\u00e1xima de 10 (dez) quil\u00f4metros do im\u00f3vel considerado .<\/p>\n\n\n\n<p>B) rede de ilumina\u00e7\u00e3o p\u00fablica \u00e9 biblioteca municipal em um\nraio de 5 (cinco) quil\u00f4metros.<\/p>\n\n\n\n<p>C) abastecimento de \u00e1gua, escola prim\u00e1ria ou posto de sa\u00fade a\numa dist\u00e2ncia m\u00e1xima de 3 (tr\u00eas) quil\u00f4metros do im\u00f3vel considerado <\/p>\n\n\n\n<p>D) meio-fio ou cal\u00e7amento, com canaliza\u00e7\u00e3o de \u00e1guas\npluviais, e cobertura asf\u00e1ltica das vias de acesso ao im\u00f3vel.<\/p>\n\n\n\n<p>Coment\u00e1rio: A \u00fanica alternativa que traz dois dos incisos\nprevistos no art. 32, \u00a7 1\u00ba, do CTN, \u00e9 a Letra C.<\/p>\n\n\n\n<p>Gabarito Extraoficial: Letra C<br \/><\/p>\n\n\n\n<hr class=\"wp-block-separator\" \/>\n\n\n\n<p><strong>40 &#8211;<\/strong> A lei relativa \u00e0 contribui\u00e7\u00e3o de melhoria deve observar alguns requisitos ponto assinale a alternativa que apresenta um desses requisitos <\/p>\n\n\n\n<p>A) publica\u00e7\u00e3o pr\u00e9via do or\u00e7amento do custo da obra. <\/p>\n\n\n\n<p>B) fixa\u00e7\u00e3o de prazo n\u00e3o inferior a 300 (trezentos) dias ,\npara impugna\u00e7\u00e3o pelos interessados, de qualquer dos elementos referidos na\npublica\u00e7\u00e3o pr\u00e9via. <\/p>\n\n\n\n<p>C) publica\u00e7\u00e3o pr\u00e9via de delimita\u00e7\u00e3o da zona prejudicada. <\/p>\n\n\n\n<p>D) fixa\u00e7\u00e3o de prazo para o pr\u00e9vio pagamento compuls\u00f3rio do\nrateio do tributo, tendo como limite individual a despesa realizada. <\/p>\n\n\n\n<p>Coment\u00e1rio: A \u00fanica alternativa que apresenta requisito\nprevisto no art. 82, do CTN, \u00e9 a Letra A (or\u00e7amento do custo da obra), conforme\nart. 82, I, b.<\/p>\n\n\n\n<p>Gabarito Extraoficial: Letra A<\/p>\n\n\n\n<hr class=\"wp-block-separator\" \/>\n\n\n\n<p><strong>41 &#8211;<\/strong> O c\u00f3digo tribut\u00e1rio nacional tem regras pr\u00f3prias sobre exig\u00eancia e interpreta\u00e7\u00e3o das normas tribut\u00e1rias. sobre esse tema, assinale a alternativa correta <\/p>\n\n\n\n<p>A) os tratados e as conven\u00e7\u00f5es internacionais n\u00e3o t\u00eam o\ncond\u00e3o de revogar ou modificar a legisla\u00e7\u00e3o tribut\u00e1ria interna, uma vez que tal\nexpediente \u00e9 privativo das leis complementares. <\/p>\n\n\n\n<p>B) a lei aplica-se a ato ou fato pret\u00e9rito tratando-se de\nato n\u00e3o definitivamente julgado quando passa a defini-lo como infra\u00e7\u00e3o. <\/p>\n\n\n\n<p>C) Na aus\u00eancia de disposi\u00e7\u00e3o expressa, a autoridade\ncompetente para aplicar a legisla\u00e7\u00e3o tribut\u00e1ria poder\u00e1 fazer uso de sucessivos\nmecanismos, sendo um deles o da equidade. <\/p>\n\n\n\n<p>D) o emprego da analogia poder\u00e1 resultar na exig\u00eancia de\ntributo n\u00e3o previsto em lei. <\/p>\n\n\n\n<p>Coment\u00e1rio:<\/p>\n\n\n\n<p>Alternativa A: &nbsp;&nbsp;Os tratados e as conven\u00e7\u00f5es internacionais revogam\nou modificam a legisla\u00e7\u00e3o tribut\u00e1ria interna, com base no art. 98, do CTN. Alternativa\nerrada.<\/p>\n\n\n\n<p>Alternativa B: \u00c9 exatamente o oposto: a aplica\u00e7\u00e3o retroativa\nocorre quando a lei deixar de definir o ato como infra\u00e7\u00e3o. Alternativa errada.<\/p>\n\n\n\n<p>Alternativa C: Trata-se da integra\u00e7\u00e3o da legisla\u00e7\u00e3o tribut\u00e1ria,\nprevista no art. 108, do CTN. Alternativa correta.<\/p>\n\n\n\n<p>Alternativa D: De acordo com o CTN, o emprego da analogia\nn\u00e3o poder\u00e1 resultar na exig\u00eancia de tributo n\u00e3o previsto em lei Alternativa errada.<\/p>\n\n\n\n<p>Gabarito Extraoficial: Letra C<br \/><\/p>\n\n\n\n<hr class=\"wp-block-separator\" \/>\n\n\n\n<p><strong>42 &#8211; <\/strong>sobre a interpreta\u00e7\u00e3o da lei tribut\u00e1ria prevista no c\u00f3digo tribut\u00e1rio nacional , assinale a alternativa correta.<\/p>\n\n\n\n<p>A) interpreta se livremente a legisla\u00e7\u00e3o tribut\u00e1ria que\ndisponha sobre dispensa do cumprimento de obriga\u00e7\u00f5es tribut\u00e1rias acess\u00f3rias. <\/p>\n\n\n\n<p>B) a lei tribut\u00e1ria que define infra\u00e7\u00f5es, ou lhe comina\npenalidades interpreta se da maneira mais favor\u00e1vel ao acusado em caso de\nd\u00favida quanto \u00e0 capitula\u00e7\u00e3o legal do fato, mas n\u00e3o quanto a imputabilidade.<\/p>\n\n\n\n<p>C) interpreta se literalmente a legisla\u00e7\u00e3o tribut\u00e1ria que\ndisponha sobre outorga de isen\u00e7\u00e3o.<\/p>\n\n\n\n<p>D) os princ\u00edpios gerais de direito privado utilizam-se para\na pesquisa da defini\u00e7\u00e3o do conte\u00fado do alcance de seus institutos conceitos e\nformas , e para defini\u00e7\u00e3o dos respectivos efeitos tribut\u00e1rios. <\/p>\n\n\n\n<p>Coment\u00e1rio:<\/p>\n\n\n\n<p>Alternativa A: Trata-se de interpreta\u00e7\u00e3o literal, com base\nno art. 111, III, do CTN. Alternativa errada.<\/p>\n\n\n\n<p>Alternativa B: Ambos os casos admitem interpreta\u00e7\u00e3o mais ben\u00e9fica\nao contribuinte. Alternativa errada.<\/p>\n\n\n\n<p>Alternativa C: De fato, a legisla\u00e7\u00e3o tribut\u00e1ria que disponha\nsobre outorga de isen\u00e7\u00e3o deve ser interpretada literalmente, com base no art.\n111, II, do CTN. Alternativa correta.<\/p>\n\n\n\n<p>Alternativa D: Os princ\u00edpios gerais de direito privado n\u00e3o\npodem ser utilizados para defini\u00e7\u00e3o dos respectivos efeitos tribut\u00e1rios. Alternativa\nerrada.<\/p>\n\n\n\n<p>Gabarito Extraoficial: Letra C<\/p>\n\n\n\n<hr class=\"wp-block-separator\" \/>\n\n\n\n<p><strong>43 &#8211; <\/strong>Ao prescrever regras sobre a obriga\u00e7\u00e3o tribut\u00e1ria, o c\u00f3digo tribut\u00e1rio nacional afirma que <\/p>\n\n\n\n<p>A) a interrup\u00e7\u00e3o da prescri\u00e7\u00e3o, em favor ou contra um dos\nobrigados solid\u00e1rios favorece aos demais, mas n\u00e3o os prejudica.<\/p>\n\n\n\n<p>B) o sujeito ativo da obriga\u00e7\u00e3o \u00e9 a pessoa jur\u00eddica de\ndireito p\u00fablico ou privado, titular da compet\u00eancia origin\u00e1ria ou delegada para\nexigir o seu cumprimento.<\/p>\n\n\n\n<p>C) a defini\u00e7\u00e3o legal do fato gerador \u00e9 interpretada,\nconsiderando-se os efeitos dos fatos efetivamente ocorridos.<\/p>\n\n\n\n<p>D) o fato gerador da obriga\u00e7\u00e3o acess\u00f3ria \u00e9 qualquer situa\u00e7\u00e3o\nque na forma da legisla\u00e7\u00e3o aplic\u00e1vel, imp\u00f5em a pr\u00e1tica ou absten\u00e7\u00e3o de ato que\nn\u00e3o configure obriga\u00e7\u00e3o principal. <\/p>\n\n\n\n<p>Coment\u00e1rio:<\/p>\n\n\n\n<p>Alternativa A: A interrup\u00e7\u00e3o da prescri\u00e7\u00e3o, em favor ou\ncontra um dos obrigados solid\u00e1rios, pode favorecer ou prejudicar os demais. Alternativa\nerrada.<\/p>\n\n\n\n<p>Alternativa B: O sujeito ativo da obriga\u00e7\u00e3o \u00e9 a pessoa jur\u00eddica\nde direito p\u00fablico apenas. Alternativa errada.<\/p>\n\n\n\n<p>Alternativa C:&nbsp; A defini\u00e7\u00e3o\nlegal do fato gerador \u00e9 interpretada abstraindo-se dos efeitos dos fatos\nefetivamente ocorridos. Alternativa errada.<\/p>\n\n\n\n<p>Alternativa D: Trata-se da defini\u00e7\u00e3o exata do fato gerador\nda obriga\u00e7\u00e3o acess\u00f3ria, previsto no CTN. Alternativa correta. <\/p>\n\n\n\n<p>Gabarito Extraoficial: Letra D<\/p>\n\n\n\n<hr class=\"wp-block-separator\" \/>\n\n\n\n<p><strong>44 <\/strong>&#8211; S\u00e3o causas de suspens\u00e3o do cr\u00e9dito tribut\u00e1rio <\/p>\n\n\n\n<p>A) morat\u00f3ria e parcelamento <\/p>\n\n\n\n<p>B) parcelamento e remiss\u00e3o <\/p>\n\n\n\n<p>C) medida liminar em mandado de seguran\u00e7a e transa\u00e7\u00e3o <\/p>\n\n\n\n<p>D) morat\u00f3ria e decis\u00e3o administrativa irreform\u00e1vel <\/p>\n\n\n\n<p>Coment\u00e1rio:<\/p>\n\n\n\n<p>Alternativa A: A morat\u00f3ria e o parcelamento suspendem a\nexigibilidade do cr\u00e9dito tribut\u00e1rio. Alternativa correta.<\/p>\n\n\n\n<p>Alternativa B: A remiss\u00e3o extingue o cr\u00e9dito tribut\u00e1rio. Alternativa\nerrada.<\/p>\n\n\n\n<p>Alternativa C: A transa\u00e7\u00e3o extingue o cr\u00e9dito tribut\u00e1rio. Alternativa\nerrada.<\/p>\n\n\n\n<p>Alternativa D: A decis\u00e3o administrativa irreform\u00e1vel extingue\no cr\u00e9dito tribut\u00e1rio. Alternativa errada.<\/p>\n\n\n\n<p>Gabarito Extraoficial: Letra A<\/p>\n\n\n\n<hr class=\"wp-block-separator\" \/>\n\n\n\n<p><strong>45 &#8211;<\/strong> A respeito da administra\u00e7\u00e3o tribut\u00e1ria, assinale a alternativa correta <\/p>\n\n\n\n<p>A) a d\u00edvida regularmente inscrita goza de presun\u00e7\u00e3o de\ncerteza \u00e9 liquidez, mas n\u00e3o tem o efeito de prova pr\u00e9-constitu\u00edda.<\/p>\n\n\n\n<p>B) os livros obrigat\u00f3rios de escritura\u00e7\u00e3o comercial e fiscal\ne os comprovantes dos lan\u00e7amentos neles efetuados ser\u00e3o conservados at\u00e9 que\nocorra a prescri\u00e7\u00e3o dos cr\u00e9ditos tribut\u00e1rios decorrentes das opera\u00e7\u00f5es a que se\nrefiram. <\/p>\n\n\n\n<p>C) Constitui d\u00edvida ativa tribut\u00e1ria a proveniente de\ncr\u00e9dito dessa natureza, regularmente inscrita na reparti\u00e7\u00e3o administrativa\ncompetente, ainda que pendente o prazo fixado para pagamento.<\/p>\n\n\n\n<p>D) A omiss\u00e3o de quaisquer dos requisitos ao termo de\ninscri\u00e7\u00e3o de d\u00edvida ativa, ou erro a eles relativo n\u00e3o causa a nulidade da\ninscri\u00e7\u00e3o do processo de cobran\u00e7a dela decorrente.<\/p>\n\n\n\n<p>Coment\u00e1rio:<\/p>\n\n\n\n<p>Alternativa A: A d\u00edvida regularmente inscrita goza de\npresun\u00e7\u00e3o de certeza \u00e9 liquidez e tem o efeito de prova pr\u00e9-constitu\u00edda. Alternativa\nerrada.<\/p>\n\n\n\n<p>Alternativa B: Realmente, o CTN determina que tais\ndocumentos devem ser conservados pelo sujeito passivo at\u00e9 que ocorra a\nprescri\u00e7\u00e3o dos cr\u00e9ditos tribut\u00e1rios decorrentes das opera\u00e7\u00f5es a que se refiram.\nAlternativa correta.<\/p>\n\n\n\n<p>Alternativa C: A d\u00edvida ativa se refere ao cr\u00e9dito\ntribut\u00e1rio cujo prazo para pagamento j\u00e1 tenha se expirado. Alternativa errada.<\/p>\n\n\n\n<p>Alternativa D: A omiss\u00e3o de quaisquer dos requisitos ao\ntermo de inscri\u00e7\u00e3o de d\u00edvida ativa, ou erro a eles relativo configura a\nnulidade da inscri\u00e7\u00e3o do processo de cobran\u00e7a dela decorrente. Alternativa errada.<\/p>\n\n\n\n<p>Gabarito Extraoficial: Letra B<\/p>\n","protected":false},"excerpt":{"rendered":"<p>Ol\u00e1, meus amigos, tudo bem? Meu nome \u00e9 F\u00e1bio Dutra, sou professor de Direito Tribut\u00e1rio do Estrat\u00e9gia Concursos e Auditor-Fiscal da RFB. Estou aqui com voc\u00eas, pois hoje foi aplicada a prova do concurso ISS-Cariacica \u2013 Auditor Fiscal, realizada pela banca AOCP, e, como de costume, j\u00e1 providenciamos a sua resolu\u00e7\u00e3o neste artigo. Vale ressaltar [&hellip;]<\/p>\n","protected":false},"author":150,"featured_media":0,"comment_status":"open","ping_status":"closed","sticky":false,"template":"","format":"standard","meta":{"post_tipo":"article","footnotes":""},"categories":[1],"tags":[],"tax_estado":[],"class_list":["post-471692","post","type-post","status-publish","format-standard","hentry","category-cursos-e-concursos"],"acf":[],"yoast_head":"<!-- This site is optimized with the Yoast SEO Premium plugin v27.2 (Yoast SEO v27.2) - https:\/\/yoast.com\/product\/yoast-seo-premium-wordpress\/ -->\n<title>Gabarito Extraoficial - Direito Tribut\u00e1rio - ISS-Cariacica<\/title>\n<meta name=\"robots\" content=\"index, follow, max-snippet:-1, max-image-preview:large, max-video-preview:-1\" \/>\n<link rel=\"canonical\" href=\"https:\/\/www.estrategiaconcursos.com.br\/blog\/gabarito-extraoficial-direito-tributario-iss-cariacica\/\" \/>\n<meta property=\"og:locale\" content=\"pt_BR\" \/>\n<meta property=\"og:type\" content=\"article\" \/>\n<meta property=\"og:title\" content=\"Gabarito Extraoficial - Direito Tribut\u00e1rio - ISS-Cariacica\" \/>\n<meta property=\"og:description\" content=\"Ol\u00e1, meus amigos, tudo bem? Meu nome \u00e9 F\u00e1bio Dutra, sou professor de Direito Tribut\u00e1rio do Estrat\u00e9gia Concursos e Auditor-Fiscal da RFB. Estou aqui com voc\u00eas, pois hoje foi aplicada a prova do concurso ISS-Cariacica \u2013 Auditor Fiscal, realizada pela banca AOCP, e, como de costume, j\u00e1 providenciamos a sua resolu\u00e7\u00e3o neste artigo. Vale ressaltar [&hellip;]\" \/>\n<meta property=\"og:url\" content=\"https:\/\/www.estrategiaconcursos.com.br\/blog\/gabarito-extraoficial-direito-tributario-iss-cariacica\/\" \/>\n<meta property=\"og:site_name\" content=\"Estrat\u00e9gia Concursos\" \/>\n<meta property=\"article:published_time\" content=\"2020-01-19T20:27:43+00:00\" \/>\n<meta property=\"article:modified_time\" content=\"2020-01-19T20:27:46+00:00\" \/>\n<meta name=\"author\" content=\"F\u00e1bio Dutra\" \/>\n<meta name=\"twitter:card\" content=\"summary_large_image\" \/>\n<meta name=\"twitter:creator\" content=\"@EstratConcursos\" \/>\n<meta name=\"twitter:site\" content=\"@EstratConcursos\" \/>\n<meta name=\"twitter:label1\" content=\"Escrito por\" \/>\n\t<meta name=\"twitter:data1\" content=\"F\u00e1bio Dutra\" \/>\n\t<meta name=\"twitter:label2\" content=\"Est. tempo de leitura\" \/>\n\t<meta name=\"twitter:data2\" content=\"16 minutos\" \/>\n<script type=\"application\/ld+json\" class=\"yoast-schema-graph\">{\"@context\":\"https:\/\/schema.org\",\"@graph\":[{\"@type\":\"NewsArticle\",\"@id\":\"https:\/\/www.estrategiaconcursos.com.br\/blog\/gabarito-extraoficial-direito-tributario-iss-cariacica\/#article\",\"isPartOf\":{\"@id\":\"https:\/\/www.estrategiaconcursos.com.br\/blog\/gabarito-extraoficial-direito-tributario-iss-cariacica\/\"},\"author\":{\"name\":\"F\u00e1bio Dutra\",\"@id\":\"https:\/\/www.estrategiaconcursos.com.br\/blog\/#\/schema\/person\/c6615b1e72eae70edca73ea5362ead63\"},\"headline\":\"Gabarito Extraoficial &#8211; Direito Tribut\u00e1rio &#8211; ISS-Cariacica\",\"datePublished\":\"2020-01-19T20:27:43+00:00\",\"dateModified\":\"2020-01-19T20:27:46+00:00\",\"mainEntityOfPage\":{\"@id\":\"https:\/\/www.estrategiaconcursos.com.br\/blog\/gabarito-extraoficial-direito-tributario-iss-cariacica\/\"},\"wordCount\":3284,\"commentCount\":0,\"publisher\":{\"@id\":\"https:\/\/www.estrategiaconcursos.com.br\/blog\/#organization\"},\"articleSection\":[\"Concursos P\u00fablicos\"],\"inLanguage\":\"pt-BR\",\"potentialAction\":[{\"@type\":\"CommentAction\",\"name\":\"Comment\",\"target\":[\"https:\/\/www.estrategiaconcursos.com.br\/blog\/gabarito-extraoficial-direito-tributario-iss-cariacica\/#respond\"]}],\"copyrightYear\":\"2020\",\"copyrightHolder\":{\"@id\":\"https:\/\/www.estrategiaconcursos.com.br\/blog\/#organization\"}},{\"@type\":\"WebPage\",\"@id\":\"https:\/\/www.estrategiaconcursos.com.br\/blog\/gabarito-extraoficial-direito-tributario-iss-cariacica\/\",\"url\":\"https:\/\/www.estrategiaconcursos.com.br\/blog\/gabarito-extraoficial-direito-tributario-iss-cariacica\/\",\"name\":\"Gabarito Extraoficial - Direito Tribut\u00e1rio - ISS-Cariacica\",\"isPartOf\":{\"@id\":\"https:\/\/www.estrategiaconcursos.com.br\/blog\/#website\"},\"datePublished\":\"2020-01-19T20:27:43+00:00\",\"dateModified\":\"2020-01-19T20:27:46+00:00\",\"breadcrumb\":{\"@id\":\"https:\/\/www.estrategiaconcursos.com.br\/blog\/gabarito-extraoficial-direito-tributario-iss-cariacica\/#breadcrumb\"},\"inLanguage\":\"pt-BR\",\"potentialAction\":[{\"@type\":\"ReadAction\",\"target\":[\"https:\/\/www.estrategiaconcursos.com.br\/blog\/gabarito-extraoficial-direito-tributario-iss-cariacica\/\"]}]},{\"@type\":\"BreadcrumbList\",\"@id\":\"https:\/\/www.estrategiaconcursos.com.br\/blog\/gabarito-extraoficial-direito-tributario-iss-cariacica\/#breadcrumb\",\"itemListElement\":[{\"@type\":\"ListItem\",\"position\":1,\"name\":\"In\u00edcio\",\"item\":\"https:\/\/www.estrategiaconcursos.com.br\/blog\/\"},{\"@type\":\"ListItem\",\"position\":2,\"name\":\"Gabarito Extraoficial &#8211; Direito Tribut\u00e1rio &#8211; ISS-Cariacica\"}]},{\"@type\":\"WebSite\",\"@id\":\"https:\/\/www.estrategiaconcursos.com.br\/blog\/#website\",\"url\":\"https:\/\/www.estrategiaconcursos.com.br\/blog\/\",\"name\":\"Estrat\u00e9gia Concursos\",\"description\":\"O blog da Estrat\u00e9gia Concursos traz not\u00edcias sobre concursos e artigos de professores oferecendo cursos para concursos (pdf + videaulas) no site.\",\"publisher\":{\"@id\":\"https:\/\/www.estrategiaconcursos.com.br\/blog\/#organization\"},\"potentialAction\":[{\"@type\":\"SearchAction\",\"target\":{\"@type\":\"EntryPoint\",\"urlTemplate\":\"https:\/\/www.estrategiaconcursos.com.br\/blog\/?s={search_term_string}\"},\"query-input\":{\"@type\":\"PropertyValueSpecification\",\"valueRequired\":true,\"valueName\":\"search_term_string\"}}],\"inLanguage\":\"pt-BR\"},{\"@type\":\"Organization\",\"@id\":\"https:\/\/www.estrategiaconcursos.com.br\/blog\/#organization\",\"name\":\"Estrat\u00e9gia Concursos\",\"url\":\"https:\/\/www.estrategiaconcursos.com.br\/blog\/\",\"logo\":{\"@type\":\"ImageObject\",\"inLanguage\":\"pt-BR\",\"@id\":\"https:\/\/www.estrategiaconcursos.com.br\/blog\/#\/schema\/logo\/image\/\",\"url\":\"https:\/\/dhg1h5j42swfq.cloudfront.net\/2025\/06\/03203428\/logo_concursos-1.jpg\",\"contentUrl\":\"https:\/\/dhg1h5j42swfq.cloudfront.net\/2025\/06\/03203428\/logo_concursos-1.jpg\",\"width\":230,\"height\":60,\"caption\":\"Estrat\u00e9gia Concursos\"},\"image\":{\"@id\":\"https:\/\/www.estrategiaconcursos.com.br\/blog\/#\/schema\/logo\/image\/\"},\"sameAs\":[\"https:\/\/x.com\/EstratConcursos\"]},{\"@type\":\"Person\",\"@id\":\"https:\/\/www.estrategiaconcursos.com.br\/blog\/#\/schema\/person\/c6615b1e72eae70edca73ea5362ead63\",\"name\":\"F\u00e1bio Dutra\",\"image\":{\"@type\":\"ImageObject\",\"inLanguage\":\"pt-BR\",\"@id\":\"https:\/\/secure.gravatar.com\/avatar\/2fb4b2715a33320653086a45a7174528e6836e078753b587b59cb70f7b453819?s=96&d=mm&r=g\",\"url\":\"https:\/\/secure.gravatar.com\/avatar\/2fb4b2715a33320653086a45a7174528e6836e078753b587b59cb70f7b453819?s=96&d=mm&r=g\",\"contentUrl\":\"https:\/\/secure.gravatar.com\/avatar\/2fb4b2715a33320653086a45a7174528e6836e078753b587b59cb70f7b453819?s=96&d=mm&r=g\",\"caption\":\"F\u00e1bio Dutra\"},\"url\":\"https:\/\/www.estrategiaconcursos.com.br\/blog\/author\/fabiodutraestrategiaconcursos-com-br\/\"}]}<\/script>\n<!-- \/ Yoast SEO Premium plugin. -->","yoast_head_json":{"title":"Gabarito Extraoficial - Direito Tribut\u00e1rio - ISS-Cariacica","robots":{"index":"index","follow":"follow","max-snippet":"max-snippet:-1","max-image-preview":"max-image-preview:large","max-video-preview":"max-video-preview:-1"},"canonical":"https:\/\/www.estrategiaconcursos.com.br\/blog\/gabarito-extraoficial-direito-tributario-iss-cariacica\/","og_locale":"pt_BR","og_type":"article","og_title":"Gabarito Extraoficial - Direito Tribut\u00e1rio - ISS-Cariacica","og_description":"Ol\u00e1, meus amigos, tudo bem? Meu nome \u00e9 F\u00e1bio Dutra, sou professor de Direito Tribut\u00e1rio do Estrat\u00e9gia Concursos e Auditor-Fiscal da RFB. Estou aqui com voc\u00eas, pois hoje foi aplicada a prova do concurso ISS-Cariacica \u2013 Auditor Fiscal, realizada pela banca AOCP, e, como de costume, j\u00e1 providenciamos a sua resolu\u00e7\u00e3o neste artigo. Vale ressaltar [&hellip;]","og_url":"https:\/\/www.estrategiaconcursos.com.br\/blog\/gabarito-extraoficial-direito-tributario-iss-cariacica\/","og_site_name":"Estrat\u00e9gia Concursos","article_published_time":"2020-01-19T20:27:43+00:00","article_modified_time":"2020-01-19T20:27:46+00:00","author":"F\u00e1bio Dutra","twitter_card":"summary_large_image","twitter_creator":"@EstratConcursos","twitter_site":"@EstratConcursos","twitter_misc":{"Escrito por":"F\u00e1bio Dutra","Est. tempo de leitura":"16 minutos"},"schema":{"@context":"https:\/\/schema.org","@graph":[{"@type":"NewsArticle","@id":"https:\/\/www.estrategiaconcursos.com.br\/blog\/gabarito-extraoficial-direito-tributario-iss-cariacica\/#article","isPartOf":{"@id":"https:\/\/www.estrategiaconcursos.com.br\/blog\/gabarito-extraoficial-direito-tributario-iss-cariacica\/"},"author":{"name":"F\u00e1bio Dutra","@id":"https:\/\/www.estrategiaconcursos.com.br\/blog\/#\/schema\/person\/c6615b1e72eae70edca73ea5362ead63"},"headline":"Gabarito Extraoficial &#8211; Direito Tribut\u00e1rio &#8211; ISS-Cariacica","datePublished":"2020-01-19T20:27:43+00:00","dateModified":"2020-01-19T20:27:46+00:00","mainEntityOfPage":{"@id":"https:\/\/www.estrategiaconcursos.com.br\/blog\/gabarito-extraoficial-direito-tributario-iss-cariacica\/"},"wordCount":3284,"commentCount":0,"publisher":{"@id":"https:\/\/www.estrategiaconcursos.com.br\/blog\/#organization"},"articleSection":["Concursos P\u00fablicos"],"inLanguage":"pt-BR","potentialAction":[{"@type":"CommentAction","name":"Comment","target":["https:\/\/www.estrategiaconcursos.com.br\/blog\/gabarito-extraoficial-direito-tributario-iss-cariacica\/#respond"]}],"copyrightYear":"2020","copyrightHolder":{"@id":"https:\/\/www.estrategiaconcursos.com.br\/blog\/#organization"}},{"@type":"WebPage","@id":"https:\/\/www.estrategiaconcursos.com.br\/blog\/gabarito-extraoficial-direito-tributario-iss-cariacica\/","url":"https:\/\/www.estrategiaconcursos.com.br\/blog\/gabarito-extraoficial-direito-tributario-iss-cariacica\/","name":"Gabarito Extraoficial - Direito Tribut\u00e1rio - ISS-Cariacica","isPartOf":{"@id":"https:\/\/www.estrategiaconcursos.com.br\/blog\/#website"},"datePublished":"2020-01-19T20:27:43+00:00","dateModified":"2020-01-19T20:27:46+00:00","breadcrumb":{"@id":"https:\/\/www.estrategiaconcursos.com.br\/blog\/gabarito-extraoficial-direito-tributario-iss-cariacica\/#breadcrumb"},"inLanguage":"pt-BR","potentialAction":[{"@type":"ReadAction","target":["https:\/\/www.estrategiaconcursos.com.br\/blog\/gabarito-extraoficial-direito-tributario-iss-cariacica\/"]}]},{"@type":"BreadcrumbList","@id":"https:\/\/www.estrategiaconcursos.com.br\/blog\/gabarito-extraoficial-direito-tributario-iss-cariacica\/#breadcrumb","itemListElement":[{"@type":"ListItem","position":1,"name":"In\u00edcio","item":"https:\/\/www.estrategiaconcursos.com.br\/blog\/"},{"@type":"ListItem","position":2,"name":"Gabarito Extraoficial &#8211; Direito Tribut\u00e1rio &#8211; ISS-Cariacica"}]},{"@type":"WebSite","@id":"https:\/\/www.estrategiaconcursos.com.br\/blog\/#website","url":"https:\/\/www.estrategiaconcursos.com.br\/blog\/","name":"Estrat\u00e9gia Concursos","description":"O blog da Estrat\u00e9gia Concursos traz not\u00edcias sobre concursos e artigos de professores oferecendo cursos para concursos (pdf + videaulas) no site.","publisher":{"@id":"https:\/\/www.estrategiaconcursos.com.br\/blog\/#organization"},"potentialAction":[{"@type":"SearchAction","target":{"@type":"EntryPoint","urlTemplate":"https:\/\/www.estrategiaconcursos.com.br\/blog\/?s={search_term_string}"},"query-input":{"@type":"PropertyValueSpecification","valueRequired":true,"valueName":"search_term_string"}}],"inLanguage":"pt-BR"},{"@type":"Organization","@id":"https:\/\/www.estrategiaconcursos.com.br\/blog\/#organization","name":"Estrat\u00e9gia Concursos","url":"https:\/\/www.estrategiaconcursos.com.br\/blog\/","logo":{"@type":"ImageObject","inLanguage":"pt-BR","@id":"https:\/\/www.estrategiaconcursos.com.br\/blog\/#\/schema\/logo\/image\/","url":"https:\/\/dhg1h5j42swfq.cloudfront.net\/2025\/06\/03203428\/logo_concursos-1.jpg","contentUrl":"https:\/\/dhg1h5j42swfq.cloudfront.net\/2025\/06\/03203428\/logo_concursos-1.jpg","width":230,"height":60,"caption":"Estrat\u00e9gia Concursos"},"image":{"@id":"https:\/\/www.estrategiaconcursos.com.br\/blog\/#\/schema\/logo\/image\/"},"sameAs":["https:\/\/x.com\/EstratConcursos"]},{"@type":"Person","@id":"https:\/\/www.estrategiaconcursos.com.br\/blog\/#\/schema\/person\/c6615b1e72eae70edca73ea5362ead63","name":"F\u00e1bio Dutra","image":{"@type":"ImageObject","inLanguage":"pt-BR","@id":"https:\/\/secure.gravatar.com\/avatar\/2fb4b2715a33320653086a45a7174528e6836e078753b587b59cb70f7b453819?s=96&d=mm&r=g","url":"https:\/\/secure.gravatar.com\/avatar\/2fb4b2715a33320653086a45a7174528e6836e078753b587b59cb70f7b453819?s=96&d=mm&r=g","contentUrl":"https:\/\/secure.gravatar.com\/avatar\/2fb4b2715a33320653086a45a7174528e6836e078753b587b59cb70f7b453819?s=96&d=mm&r=g","caption":"F\u00e1bio Dutra"},"url":"https:\/\/www.estrategiaconcursos.com.br\/blog\/author\/fabiodutraestrategiaconcursos-com-br\/"}]}},"_links":{"self":[{"href":"https:\/\/www.estrategiaconcursos.com.br\/blog\/wp-json\/wp\/v2\/posts\/471692","targetHints":{"allow":["GET"]}}],"collection":[{"href":"https:\/\/www.estrategiaconcursos.com.br\/blog\/wp-json\/wp\/v2\/posts"}],"about":[{"href":"https:\/\/www.estrategiaconcursos.com.br\/blog\/wp-json\/wp\/v2\/types\/post"}],"author":[{"embeddable":true,"href":"https:\/\/www.estrategiaconcursos.com.br\/blog\/wp-json\/wp\/v2\/users\/150"}],"replies":[{"embeddable":true,"href":"https:\/\/www.estrategiaconcursos.com.br\/blog\/wp-json\/wp\/v2\/comments?post=471692"}],"version-history":[{"count":1,"href":"https:\/\/www.estrategiaconcursos.com.br\/blog\/wp-json\/wp\/v2\/posts\/471692\/revisions"}],"predecessor-version":[{"id":471695,"href":"https:\/\/www.estrategiaconcursos.com.br\/blog\/wp-json\/wp\/v2\/posts\/471692\/revisions\/471695"}],"wp:attachment":[{"href":"https:\/\/www.estrategiaconcursos.com.br\/blog\/wp-json\/wp\/v2\/media?parent=471692"}],"wp:term":[{"taxonomy":"category","embeddable":true,"href":"https:\/\/www.estrategiaconcursos.com.br\/blog\/wp-json\/wp\/v2\/categories?post=471692"},{"taxonomy":"post_tag","embeddable":true,"href":"https:\/\/www.estrategiaconcursos.com.br\/blog\/wp-json\/wp\/v2\/tags?post=471692"},{"taxonomy":"tax_estado","embeddable":true,"href":"https:\/\/www.estrategiaconcursos.com.br\/blog\/wp-json\/wp\/v2\/tax_estado?post=471692"}],"curies":[{"name":"wp","href":"https:\/\/api.w.org\/{rel}","templated":true}]}}