{"id":471488,"date":"2020-01-21T17:30:00","date_gmt":"2020-01-21T20:30:00","guid":{"rendered":"https:\/\/www.estrategiaconcursos.com.br\/blog\/?p=471488"},"modified":"2022-12-13T09:47:16","modified_gmt":"2022-12-13T12:47:16","slug":"pgm-vitoria-edital-em-2020-comece-a-se-preparar-agora-mesmo","status":"publish","type":"post","link":"https:\/\/www.estrategiaconcursos.com.br\/blog\/pgm-vitoria-edital-em-2020-comece-a-se-preparar-agora-mesmo\/","title":{"rendered":"PGM Vit\u00f3ria: edital em 2020. Comece a se preparar agora mesmo!"},"content":{"rendered":"\n<p>De acordo com informa\u00e7\u00f5es da Secretaria Municipal de Gest\u00e3o, Planejamento e Comunica\u00e7\u00e3o (Seges) para portal Tribuna Online, a Prefeitura de Vit\u00f3ria escolheu o Instituto Brasileiro de Apoio e Desenvolvimento Executivo, o Ibade, como banca organizadora do pr\u00f3ximo concurso, que ofertar\u00e1 vagas para o cargo de <strong>Procurador Municipal. <\/strong><\/p>\n\n\n\n<p>Vale lembrar que a C\u00e2mara Municipal de Vit\u00f3ria aprovou em 29 de novembro de 2019, a nova <strong>Lei Org\u00e2nica da Procuradoria-Geral do Munic\u00edpio<\/strong> cujo texto foi encaminhado no in\u00edcio deste ano para san\u00e7\u00e3o ou veto do Prefeito Municipal, Luciano Santos Resende. <\/p>\n\n\n\n<p>De acordo com o novo PL, a carreira passa a ter <strong>35 cargos<\/strong> &#8211; dos quais 10 est\u00e3o vagos &#8211; e ter\u00e1 remunera\u00e7\u00e3o inicial de R$ 16.570,81, al\u00e9m da percep\u00e7\u00e3o dos honor\u00e1rios de sucumb\u00eancia pelo Procurador. <\/p>\n\n\n\n<p>Caso voc\u00ea esteja se preparando para este certame, n\u00e3o pode perder o evento exclusivo sobre o certame que ser\u00e1 transmitido ao vivo e ministrado pelo professor Igor Maciel nesta <em><strong>ter\u00e7a-feira, 21 de janeiro<\/strong><\/em>, a partir das <strong><em>19 horas<\/em><\/strong>, diretamente do <strong><em>canal do Estrat\u00e9gia Concursos no Youtube<\/em><\/strong>. <\/p>\n\n\n\n<p class=\"has-luminous-vivid-amber-background-color has-background\" style=\"font-size:clamp(15.197px, 0.95rem + ((1vw - 3.2px) * 0.765), 23px);px\"><em><strong>Mais informa\u00e7\u00f5es<\/strong><\/em>: <a href=\"https:\/\/www.estrategiaconcursos.com.br\/blog\/concurso-pgm-vitoria\" target=\"_blank\" rel=\"noreferrer noopener\" aria-label=\"Concurso PGM Vit\u00f3ria ES (abre numa nova aba)\"><strong>Concurso PGM Vit\u00f3ria ES<\/strong><\/a> <\/p>\n\n\n\n<h2 class=\"wp-block-heading\" id=\"cursos-assinatura\">Quer se preparar para o concurso PGM Vit\u00f3ria ES? <\/h2>\n\n\n\n<p class=\"has-text-align-center\"><em>Gostou dessa oportunidade e gostaria de come\u00e7ar a se preparar para este e outros certames correlatos? Acesse nossos cursos: <\/em><\/p>\n\n\n\n<p class=\"has-text-align-center has-light-green-cyan-background-color has-background\" style=\"font-size:clamp(16.293px, 1.018rem + ((1vw - 3.2px) * 0.854), 25px);px\"><strong><a href=\"https:\/\/www.estrategiaconcursos.com.br\/cursosPorConcurso\/promocao-pacotes-para-procuradorias-municipais-pgms-cursos-regulares\/\" target=\"_blank\" rel=\"noreferrer noopener\" aria-label=\"CURSOS PROCURADORIAS (abre numa nova aba)\">CURSOS PROCURADORIAS<\/a><\/strong><\/p>\n\n\n\n<p class=\"has-text-align-center\"><em><strong>Fique por dentro de todos os concursos<\/strong><\/em>:<\/p>\n\n\n\n<p class=\"has-text-align-center has-pale-cyan-blue-background-color has-background\" style=\"font-size:clamp(15.197px, 0.95rem + ((1vw - 3.2px) * 0.765), 23px);px\"><a rel=\"noreferrer noopener\" href=\"https:\/\/www.estrategiaconcursos.com.br\/blog\/concursos-abertos\/\" target=\"_blank\"><strong>Concursos abertos<\/strong><\/a><\/p>\n\n\n\n<p class=\"has-text-align-center has-pale-cyan-blue-background-color has-background\" style=\"font-size:clamp(15.197px, 0.95rem + ((1vw - 3.2px) * 0.765), 23px);px\"><a rel=\"noreferrer noopener\" href=\"https:\/\/www.estrategiaconcursos.com.br\/blog\/concursos-2020\/\" target=\"_blank\"><strong>Concursos 2020<\/strong><\/a><\/p>\n\n\n\n<p class=\"has-text-align-center has-pale-cyan-blue-background-color has-background\" style=\"font-size:clamp(15.197px, 0.95rem + ((1vw - 3.2px) * 0.765), 23px);px\"><strong><a rel=\"noreferrer noopener\" aria-label=\"Concursos de Direito (abre numa nova aba)\" href=\"https:\/\/www.estrategiaconcursos.com.br\/blog\/concursos-de-direito\/\" target=\"_blank\">Concursos de Direito<\/a><\/strong><\/p>\n","protected":false},"excerpt":{"rendered":"<p>De acordo com informa\u00e7\u00f5es da Secretaria Municipal de Gest\u00e3o, Planejamento e Comunica\u00e7\u00e3o (Seges) para portal Tribuna Online, a Prefeitura de Vit\u00f3ria escolheu o Instituto Brasileiro de Apoio e Desenvolvimento Executivo, o Ibade, como banca organizadora do pr\u00f3ximo concurso, que ofertar\u00e1 vagas para o cargo de Procurador Municipal. Vale lembrar que a C\u00e2mara Municipal de Vit\u00f3ria [&hellip;]<\/p>\n","protected":false},"author":135,"featured_media":471495,"comment_status":"open","ping_status":"closed","sticky":false,"template":"","format":"standard","meta":{"post_tipo":"article","footnotes":""},"categories":[1,2185],"tags":[],"tax_estado":[],"class_list":["post-471488","post","type-post","status-publish","format-standard","has-post-thumbnail","hentry","category-cursos-e-concursos","category-carreiras-juridicas"],"acf":[],"yoast_head":"<!-- This site is optimized with the Yoast SEO Premium plugin v27.2 (Yoast SEO v27.2) - https:\/\/yoast.com\/product\/yoast-seo-premium-wordpress\/ -->\n<title>PGM Vit\u00f3ria: edital em 2020. Comece a se preparar agora mesmo!<\/title>\n<meta name=\"robots\" content=\"index, follow, max-snippet:-1, max-image-preview:large, max-video-preview:-1\" \/>\n<link rel=\"canonical\" href=\"https:\/\/www.estrategiaconcursos.com.br\/blog\/pgm-vitoria-edital-em-2020-comece-a-se-preparar-agora-mesmo\/\" \/>\n<meta property=\"og:locale\" content=\"pt_BR\" \/>\n<meta property=\"og:type\" content=\"article\" \/>\n<meta property=\"og:title\" content=\"PGM Vit\u00f3ria: edital em 2020. Comece a se preparar agora mesmo!\" \/>\n<meta property=\"og:description\" content=\"De acordo com informa\u00e7\u00f5es da Secretaria Municipal de Gest\u00e3o, Planejamento e Comunica\u00e7\u00e3o (Seges) para portal Tribuna Online, a Prefeitura de Vit\u00f3ria escolheu o Instituto Brasileiro de Apoio e Desenvolvimento Executivo, o Ibade, como banca organizadora do pr\u00f3ximo concurso, que ofertar\u00e1 vagas para o cargo de Procurador Municipal. Vale lembrar que a C\u00e2mara Municipal de Vit\u00f3ria [&hellip;]\" \/>\n<meta property=\"og:url\" content=\"https:\/\/www.estrategiaconcursos.com.br\/blog\/pgm-vitoria-edital-em-2020-comece-a-se-preparar-agora-mesmo\/\" \/>\n<meta property=\"og:site_name\" content=\"Estrat\u00e9gia Concursos\" \/>\n<meta property=\"article:published_time\" content=\"2020-01-21T20:30:00+00:00\" \/>\n<meta property=\"article:modified_time\" content=\"2022-12-13T12:47:16+00:00\" \/>\n<meta property=\"og:image\" content=\"https:\/\/dhg1h5j42swfq.cloudfront.net\/2020\/01\/18115558\/PGM-Vit%C3%B3ria-ES-ECJ.png\" \/>\n\t<meta property=\"og:image:width\" content=\"1200\" \/>\n\t<meta property=\"og:image:height\" content=\"628\" \/>\n\t<meta property=\"og:image:type\" content=\"image\/png\" \/>\n<meta name=\"author\" content=\"Antonio Daud\" \/>\n<meta name=\"twitter:card\" content=\"summary_large_image\" \/>\n<meta name=\"twitter:creator\" content=\"@EstratConcursos\" \/>\n<meta name=\"twitter:site\" content=\"@EstratConcursos\" \/>\n<meta name=\"twitter:label1\" content=\"Escrito por\" \/>\n\t<meta name=\"twitter:data1\" content=\"Antonio Daud\" \/>\n\t<meta name=\"twitter:label2\" content=\"Est. tempo de leitura\" \/>\n\t<meta name=\"twitter:data2\" content=\"1 minuto\" \/>\n<script type=\"application\/ld+json\" class=\"yoast-schema-graph\">{\"@context\":\"https:\/\/schema.org\",\"@graph\":[{\"@type\":\"NewsArticle\",\"@id\":\"https:\/\/www.estrategiaconcursos.com.br\/blog\/pgm-vitoria-edital-em-2020-comece-a-se-preparar-agora-mesmo\/#article\",\"isPartOf\":{\"@id\":\"https:\/\/www.estrategiaconcursos.com.br\/blog\/pgm-vitoria-edital-em-2020-comece-a-se-preparar-agora-mesmo\/\"},\"author\":{\"name\":\"Antonio Daud\",\"@id\":\"https:\/\/www.estrategiaconcursos.com.br\/blog\/#\/schema\/person\/90692507130b147bb9128fc093141dad\"},\"headline\":\"PGM Vit\u00f3ria: edital em 2020. Comece a se preparar agora mesmo!\",\"datePublished\":\"2020-01-21T20:30:00+00:00\",\"dateModified\":\"2022-12-13T12:47:16+00:00\",\"mainEntityOfPage\":{\"@id\":\"https:\/\/www.estrategiaconcursos.com.br\/blog\/pgm-vitoria-edital-em-2020-comece-a-se-preparar-agora-mesmo\/\"},\"wordCount\":247,\"commentCount\":0,\"publisher\":{\"@id\":\"https:\/\/www.estrategiaconcursos.com.br\/blog\/#organization\"},\"image\":{\"@id\":\"https:\/\/www.estrategiaconcursos.com.br\/blog\/pgm-vitoria-edital-em-2020-comece-a-se-preparar-agora-mesmo\/#primaryimage\"},\"thumbnailUrl\":\"https:\/\/dhg1h5j42swfq.cloudfront.net\/2020\/01\/18115558\/PGM-Vit%C3%B3ria-ES-ECJ.png\",\"articleSection\":[\"Concursos P\u00fablicos\",\"Jur\u00eddico\"],\"inLanguage\":\"pt-BR\",\"potentialAction\":[{\"@type\":\"CommentAction\",\"name\":\"Comment\",\"target\":[\"https:\/\/www.estrategiaconcursos.com.br\/blog\/pgm-vitoria-edital-em-2020-comece-a-se-preparar-agora-mesmo\/#respond\"]}],\"copyrightYear\":\"2020\",\"copyrightHolder\":{\"@id\":\"https:\/\/www.estrategiaconcursos.com.br\/blog\/#organization\"}},{\"@type\":\"WebPage\",\"@id\":\"https:\/\/www.estrategiaconcursos.com.br\/blog\/pgm-vitoria-edital-em-2020-comece-a-se-preparar-agora-mesmo\/\",\"url\":\"https:\/\/www.estrategiaconcursos.com.br\/blog\/pgm-vitoria-edital-em-2020-comece-a-se-preparar-agora-mesmo\/\",\"name\":\"PGM Vit\u00f3ria: edital em 2020. Comece a se preparar agora mesmo!\",\"isPartOf\":{\"@id\":\"https:\/\/www.estrategiaconcursos.com.br\/blog\/#website\"},\"primaryImageOfPage\":{\"@id\":\"https:\/\/www.estrategiaconcursos.com.br\/blog\/pgm-vitoria-edital-em-2020-comece-a-se-preparar-agora-mesmo\/#primaryimage\"},\"image\":{\"@id\":\"https:\/\/www.estrategiaconcursos.com.br\/blog\/pgm-vitoria-edital-em-2020-comece-a-se-preparar-agora-mesmo\/#primaryimage\"},\"thumbnailUrl\":\"https:\/\/dhg1h5j42swfq.cloudfront.net\/2020\/01\/18115558\/PGM-Vit%C3%B3ria-ES-ECJ.png\",\"datePublished\":\"2020-01-21T20:30:00+00:00\",\"dateModified\":\"2022-12-13T12:47:16+00:00\",\"breadcrumb\":{\"@id\":\"https:\/\/www.estrategiaconcursos.com.br\/blog\/pgm-vitoria-edital-em-2020-comece-a-se-preparar-agora-mesmo\/#breadcrumb\"},\"inLanguage\":\"pt-BR\",\"potentialAction\":[{\"@type\":\"ReadAction\",\"target\":[\"https:\/\/www.estrategiaconcursos.com.br\/blog\/pgm-vitoria-edital-em-2020-comece-a-se-preparar-agora-mesmo\/\"]}]},{\"@type\":\"ImageObject\",\"inLanguage\":\"pt-BR\",\"@id\":\"https:\/\/www.estrategiaconcursos.com.br\/blog\/pgm-vitoria-edital-em-2020-comece-a-se-preparar-agora-mesmo\/#primaryimage\",\"url\":\"https:\/\/dhg1h5j42swfq.cloudfront.net\/2020\/01\/18115558\/PGM-Vit%C3%B3ria-ES-ECJ.png\",\"contentUrl\":\"https:\/\/dhg1h5j42swfq.cloudfront.net\/2020\/01\/18115558\/PGM-Vit%C3%B3ria-ES-ECJ.png\",\"width\":1200,\"height\":628,\"caption\":\"pgm vit\u00f3ria es\"},{\"@type\":\"BreadcrumbList\",\"@id\":\"https:\/\/www.estrategiaconcursos.com.br\/blog\/pgm-vitoria-edital-em-2020-comece-a-se-preparar-agora-mesmo\/#breadcrumb\",\"itemListElement\":[{\"@type\":\"ListItem\",\"position\":1,\"name\":\"In\u00edcio\",\"item\":\"https:\/\/www.estrategiaconcursos.com.br\/blog\/\"},{\"@type\":\"ListItem\",\"position\":2,\"name\":\"PGM Vit\u00f3ria: edital em 2020. Comece a se preparar agora mesmo!\"}]},{\"@type\":\"WebSite\",\"@id\":\"https:\/\/www.estrategiaconcursos.com.br\/blog\/#website\",\"url\":\"https:\/\/www.estrategiaconcursos.com.br\/blog\/\",\"name\":\"Estrat\u00e9gia Concursos\",\"description\":\"O blog da Estrat\u00e9gia Concursos traz not\u00edcias sobre concursos e artigos de professores oferecendo cursos para concursos (pdf + videaulas) no site.\",\"publisher\":{\"@id\":\"https:\/\/www.estrategiaconcursos.com.br\/blog\/#organization\"},\"potentialAction\":[{\"@type\":\"SearchAction\",\"target\":{\"@type\":\"EntryPoint\",\"urlTemplate\":\"https:\/\/www.estrategiaconcursos.com.br\/blog\/?s={search_term_string}\"},\"query-input\":{\"@type\":\"PropertyValueSpecification\",\"valueRequired\":true,\"valueName\":\"search_term_string\"}}],\"inLanguage\":\"pt-BR\"},{\"@type\":\"Organization\",\"@id\":\"https:\/\/www.estrategiaconcursos.com.br\/blog\/#organization\",\"name\":\"Estrat\u00e9gia Concursos\",\"url\":\"https:\/\/www.estrategiaconcursos.com.br\/blog\/\",\"logo\":{\"@type\":\"ImageObject\",\"inLanguage\":\"pt-BR\",\"@id\":\"https:\/\/www.estrategiaconcursos.com.br\/blog\/#\/schema\/logo\/image\/\",\"url\":\"https:\/\/dhg1h5j42swfq.cloudfront.net\/2025\/06\/03203428\/logo_concursos-1.jpg\",\"contentUrl\":\"https:\/\/dhg1h5j42swfq.cloudfront.net\/2025\/06\/03203428\/logo_concursos-1.jpg\",\"width\":230,\"height\":60,\"caption\":\"Estrat\u00e9gia Concursos\"},\"image\":{\"@id\":\"https:\/\/www.estrategiaconcursos.com.br\/blog\/#\/schema\/logo\/image\/\"},\"sameAs\":[\"https:\/\/x.com\/EstratConcursos\"]},{\"@type\":\"Person\",\"@id\":\"https:\/\/www.estrategiaconcursos.com.br\/blog\/#\/schema\/person\/90692507130b147bb9128fc093141dad\",\"name\":\"Antonio Daud\",\"image\":{\"@type\":\"ImageObject\",\"inLanguage\":\"pt-BR\",\"@id\":\"https:\/\/secure.gravatar.com\/avatar\/9a6539d0d807c3d7c2aaa709166f9aa9824103126593f30916973bcaedf16896?s=96&d=mm&r=g\",\"url\":\"https:\/\/secure.gravatar.com\/avatar\/9a6539d0d807c3d7c2aaa709166f9aa9824103126593f30916973bcaedf16896?s=96&d=mm&r=g\",\"contentUrl\":\"https:\/\/secure.gravatar.com\/avatar\/9a6539d0d807c3d7c2aaa709166f9aa9824103126593f30916973bcaedf16896?s=96&d=mm&r=g\",\"caption\":\"Antonio Daud\"},\"description\":\"Antonio Daud J\u00fanior \u00e9 bacharel em Engenharia El\u00e9trica e em Direito. Foi Analista de Finan\u00e7as e Controle da Controladoria-Geral da Uni\u00e3o\/Presid\u00eancia da Rep\u00fablica (CGU\/PR), aprovado no concurso de 2008. Atualmente \u00e9 Auditor Federal de Controle Externo (AUFC) do Tribunal de Contas da Uni\u00e3o (TCU), aprovado tamb\u00e9m em 2008.\",\"sameAs\":[\"https:\/\/www.instagram.com\/professordaud\/?hl=en\"],\"url\":\"https:\/\/www.estrategiaconcursos.com.br\/blog\/author\/antoniodaudestrategiaconcursos-com-br\/\"}]}<\/script>\n<!-- \/ Yoast SEO Premium plugin. -->","yoast_head_json":{"title":"PGM Vit\u00f3ria: edital em 2020. Comece a se preparar agora mesmo!","robots":{"index":"index","follow":"follow","max-snippet":"max-snippet:-1","max-image-preview":"max-image-preview:large","max-video-preview":"max-video-preview:-1"},"canonical":"https:\/\/www.estrategiaconcursos.com.br\/blog\/pgm-vitoria-edital-em-2020-comece-a-se-preparar-agora-mesmo\/","og_locale":"pt_BR","og_type":"article","og_title":"PGM Vit\u00f3ria: edital em 2020. Comece a se preparar agora mesmo!","og_description":"De acordo com informa\u00e7\u00f5es da Secretaria Municipal de Gest\u00e3o, Planejamento e Comunica\u00e7\u00e3o (Seges) para portal Tribuna Online, a Prefeitura de Vit\u00f3ria escolheu o Instituto Brasileiro de Apoio e Desenvolvimento Executivo, o Ibade, como banca organizadora do pr\u00f3ximo concurso, que ofertar\u00e1 vagas para o cargo de Procurador Municipal. Vale lembrar que a C\u00e2mara Municipal de Vit\u00f3ria [&hellip;]","og_url":"https:\/\/www.estrategiaconcursos.com.br\/blog\/pgm-vitoria-edital-em-2020-comece-a-se-preparar-agora-mesmo\/","og_site_name":"Estrat\u00e9gia Concursos","article_published_time":"2020-01-21T20:30:00+00:00","article_modified_time":"2022-12-13T12:47:16+00:00","og_image":[{"width":1200,"height":628,"url":"https:\/\/dhg1h5j42swfq.cloudfront.net\/2020\/01\/18115558\/PGM-Vit%C3%B3ria-ES-ECJ.png","type":"image\/png"}],"author":"Antonio Daud","twitter_card":"summary_large_image","twitter_creator":"@EstratConcursos","twitter_site":"@EstratConcursos","twitter_misc":{"Escrito por":"Antonio Daud","Est. tempo de leitura":"1 minuto"},"schema":{"@context":"https:\/\/schema.org","@graph":[{"@type":"NewsArticle","@id":"https:\/\/www.estrategiaconcursos.com.br\/blog\/pgm-vitoria-edital-em-2020-comece-a-se-preparar-agora-mesmo\/#article","isPartOf":{"@id":"https:\/\/www.estrategiaconcursos.com.br\/blog\/pgm-vitoria-edital-em-2020-comece-a-se-preparar-agora-mesmo\/"},"author":{"name":"Antonio Daud","@id":"https:\/\/www.estrategiaconcursos.com.br\/blog\/#\/schema\/person\/90692507130b147bb9128fc093141dad"},"headline":"PGM Vit\u00f3ria: edital em 2020. Comece a se preparar agora mesmo!","datePublished":"2020-01-21T20:30:00+00:00","dateModified":"2022-12-13T12:47:16+00:00","mainEntityOfPage":{"@id":"https:\/\/www.estrategiaconcursos.com.br\/blog\/pgm-vitoria-edital-em-2020-comece-a-se-preparar-agora-mesmo\/"},"wordCount":247,"commentCount":0,"publisher":{"@id":"https:\/\/www.estrategiaconcursos.com.br\/blog\/#organization"},"image":{"@id":"https:\/\/www.estrategiaconcursos.com.br\/blog\/pgm-vitoria-edital-em-2020-comece-a-se-preparar-agora-mesmo\/#primaryimage"},"thumbnailUrl":"https:\/\/dhg1h5j42swfq.cloudfront.net\/2020\/01\/18115558\/PGM-Vit%C3%B3ria-ES-ECJ.png","articleSection":["Concursos P\u00fablicos","Jur\u00eddico"],"inLanguage":"pt-BR","potentialAction":[{"@type":"CommentAction","name":"Comment","target":["https:\/\/www.estrategiaconcursos.com.br\/blog\/pgm-vitoria-edital-em-2020-comece-a-se-preparar-agora-mesmo\/#respond"]}],"copyrightYear":"2020","copyrightHolder":{"@id":"https:\/\/www.estrategiaconcursos.com.br\/blog\/#organization"}},{"@type":"WebPage","@id":"https:\/\/www.estrategiaconcursos.com.br\/blog\/pgm-vitoria-edital-em-2020-comece-a-se-preparar-agora-mesmo\/","url":"https:\/\/www.estrategiaconcursos.com.br\/blog\/pgm-vitoria-edital-em-2020-comece-a-se-preparar-agora-mesmo\/","name":"PGM Vit\u00f3ria: edital em 2020. Comece a se preparar agora mesmo!","isPartOf":{"@id":"https:\/\/www.estrategiaconcursos.com.br\/blog\/#website"},"primaryImageOfPage":{"@id":"https:\/\/www.estrategiaconcursos.com.br\/blog\/pgm-vitoria-edital-em-2020-comece-a-se-preparar-agora-mesmo\/#primaryimage"},"image":{"@id":"https:\/\/www.estrategiaconcursos.com.br\/blog\/pgm-vitoria-edital-em-2020-comece-a-se-preparar-agora-mesmo\/#primaryimage"},"thumbnailUrl":"https:\/\/dhg1h5j42swfq.cloudfront.net\/2020\/01\/18115558\/PGM-Vit%C3%B3ria-ES-ECJ.png","datePublished":"2020-01-21T20:30:00+00:00","dateModified":"2022-12-13T12:47:16+00:00","breadcrumb":{"@id":"https:\/\/www.estrategiaconcursos.com.br\/blog\/pgm-vitoria-edital-em-2020-comece-a-se-preparar-agora-mesmo\/#breadcrumb"},"inLanguage":"pt-BR","potentialAction":[{"@type":"ReadAction","target":["https:\/\/www.estrategiaconcursos.com.br\/blog\/pgm-vitoria-edital-em-2020-comece-a-se-preparar-agora-mesmo\/"]}]},{"@type":"ImageObject","inLanguage":"pt-BR","@id":"https:\/\/www.estrategiaconcursos.com.br\/blog\/pgm-vitoria-edital-em-2020-comece-a-se-preparar-agora-mesmo\/#primaryimage","url":"https:\/\/dhg1h5j42swfq.cloudfront.net\/2020\/01\/18115558\/PGM-Vit%C3%B3ria-ES-ECJ.png","contentUrl":"https:\/\/dhg1h5j42swfq.cloudfront.net\/2020\/01\/18115558\/PGM-Vit%C3%B3ria-ES-ECJ.png","width":1200,"height":628,"caption":"pgm vit\u00f3ria es"},{"@type":"BreadcrumbList","@id":"https:\/\/www.estrategiaconcursos.com.br\/blog\/pgm-vitoria-edital-em-2020-comece-a-se-preparar-agora-mesmo\/#breadcrumb","itemListElement":[{"@type":"ListItem","position":1,"name":"In\u00edcio","item":"https:\/\/www.estrategiaconcursos.com.br\/blog\/"},{"@type":"ListItem","position":2,"name":"PGM Vit\u00f3ria: edital em 2020. Comece a se preparar agora mesmo!"}]},{"@type":"WebSite","@id":"https:\/\/www.estrategiaconcursos.com.br\/blog\/#website","url":"https:\/\/www.estrategiaconcursos.com.br\/blog\/","name":"Estrat\u00e9gia Concursos","description":"O blog da Estrat\u00e9gia Concursos traz not\u00edcias sobre concursos e artigos de professores oferecendo cursos para concursos (pdf + videaulas) no site.","publisher":{"@id":"https:\/\/www.estrategiaconcursos.com.br\/blog\/#organization"},"potentialAction":[{"@type":"SearchAction","target":{"@type":"EntryPoint","urlTemplate":"https:\/\/www.estrategiaconcursos.com.br\/blog\/?s={search_term_string}"},"query-input":{"@type":"PropertyValueSpecification","valueRequired":true,"valueName":"search_term_string"}}],"inLanguage":"pt-BR"},{"@type":"Organization","@id":"https:\/\/www.estrategiaconcursos.com.br\/blog\/#organization","name":"Estrat\u00e9gia Concursos","url":"https:\/\/www.estrategiaconcursos.com.br\/blog\/","logo":{"@type":"ImageObject","inLanguage":"pt-BR","@id":"https:\/\/www.estrategiaconcursos.com.br\/blog\/#\/schema\/logo\/image\/","url":"https:\/\/dhg1h5j42swfq.cloudfront.net\/2025\/06\/03203428\/logo_concursos-1.jpg","contentUrl":"https:\/\/dhg1h5j42swfq.cloudfront.net\/2025\/06\/03203428\/logo_concursos-1.jpg","width":230,"height":60,"caption":"Estrat\u00e9gia Concursos"},"image":{"@id":"https:\/\/www.estrategiaconcursos.com.br\/blog\/#\/schema\/logo\/image\/"},"sameAs":["https:\/\/x.com\/EstratConcursos"]},{"@type":"Person","@id":"https:\/\/www.estrategiaconcursos.com.br\/blog\/#\/schema\/person\/90692507130b147bb9128fc093141dad","name":"Antonio Daud","image":{"@type":"ImageObject","inLanguage":"pt-BR","@id":"https:\/\/secure.gravatar.com\/avatar\/9a6539d0d807c3d7c2aaa709166f9aa9824103126593f30916973bcaedf16896?s=96&d=mm&r=g","url":"https:\/\/secure.gravatar.com\/avatar\/9a6539d0d807c3d7c2aaa709166f9aa9824103126593f30916973bcaedf16896?s=96&d=mm&r=g","contentUrl":"https:\/\/secure.gravatar.com\/avatar\/9a6539d0d807c3d7c2aaa709166f9aa9824103126593f30916973bcaedf16896?s=96&d=mm&r=g","caption":"Antonio Daud"},"description":"Antonio Daud J\u00fanior \u00e9 bacharel em Engenharia El\u00e9trica e em Direito. Foi Analista de Finan\u00e7as e Controle da Controladoria-Geral da Uni\u00e3o\/Presid\u00eancia da Rep\u00fablica (CGU\/PR), aprovado no concurso de 2008. Atualmente \u00e9 Auditor Federal de Controle Externo (AUFC) do Tribunal de Contas da Uni\u00e3o (TCU), aprovado tamb\u00e9m em 2008.","sameAs":["https:\/\/www.instagram.com\/professordaud\/?hl=en"],"url":"https:\/\/www.estrategiaconcursos.com.br\/blog\/author\/antoniodaudestrategiaconcursos-com-br\/"}]}},"_links":{"self":[{"href":"https:\/\/www.estrategiaconcursos.com.br\/blog\/wp-json\/wp\/v2\/posts\/471488","targetHints":{"allow":["GET"]}}],"collection":[{"href":"https:\/\/www.estrategiaconcursos.com.br\/blog\/wp-json\/wp\/v2\/posts"}],"about":[{"href":"https:\/\/www.estrategiaconcursos.com.br\/blog\/wp-json\/wp\/v2\/types\/post"}],"author":[{"embeddable":true,"href":"https:\/\/www.estrategiaconcursos.com.br\/blog\/wp-json\/wp\/v2\/users\/135"}],"replies":[{"embeddable":true,"href":"https:\/\/www.estrategiaconcursos.com.br\/blog\/wp-json\/wp\/v2\/comments?post=471488"}],"version-history":[{"count":4,"href":"https:\/\/www.estrategiaconcursos.com.br\/blog\/wp-json\/wp\/v2\/posts\/471488\/revisions"}],"predecessor-version":[{"id":1138003,"href":"https:\/\/www.estrategiaconcursos.com.br\/blog\/wp-json\/wp\/v2\/posts\/471488\/revisions\/1138003"}],"wp:featuredmedia":[{"embeddable":true,"href":"https:\/\/www.estrategiaconcursos.com.br\/blog\/wp-json\/wp\/v2\/media\/471495"}],"wp:attachment":[{"href":"https:\/\/www.estrategiaconcursos.com.br\/blog\/wp-json\/wp\/v2\/media?parent=471488"}],"wp:term":[{"taxonomy":"category","embeddable":true,"href":"https:\/\/www.estrategiaconcursos.com.br\/blog\/wp-json\/wp\/v2\/categories?post=471488"},{"taxonomy":"post_tag","embeddable":true,"href":"https:\/\/www.estrategiaconcursos.com.br\/blog\/wp-json\/wp\/v2\/tags?post=471488"},{"taxonomy":"tax_estado","embeddable":true,"href":"https:\/\/www.estrategiaconcursos.com.br\/blog\/wp-json\/wp\/v2\/tax_estado?post=471488"}],"curies":[{"name":"wp","href":"https:\/\/api.w.org\/{rel}","templated":true}]}}