{"id":471439,"date":"2020-01-18T10:46:20","date_gmt":"2020-01-18T13:46:20","guid":{"rendered":"https:\/\/www.estrategiaconcursos.com.br\/blog\/?p=471439"},"modified":"2023-06-29T09:30:19","modified_gmt":"2023-06-29T12:30:19","slug":"mp-pede-suspensao-da-contratacao-de-militares-da-reserva-para-o-inss","status":"publish","type":"post","link":"https:\/\/www.estrategiaconcursos.com.br\/blog\/mp-pede-suspensao-da-contratacao-de-militares-da-reserva-para-o-inss\/","title":{"rendered":"MP pede suspens\u00e3o da contrata\u00e7\u00e3o de militares da reserva para o INSS"},"content":{"rendered":"\n<p>O subprocurador-geral do Minist\u00e9rio P\u00fablico no TCU,&nbsp;Lucas Rocha Furtado,&nbsp;ingressou com um pedido de medida cautelar para suspender a&nbsp;contrata\u00e7\u00e3o&nbsp;tempor\u00e1ria dos 7 mil militares da reserva para o Instituto Nacional de Seguridade Social &#8211; INSS. <\/p>\n\n\n\n<p>Segundo o subprocurador, a medida \u00e9 inconstitucional. Al\u00e9m disso, a contrata\u00e7\u00e3o dos militares pagar\u00e1 sal\u00e1rios de R$ 2.071,42, o dobro do sal\u00e1rio m\u00ednimo brasileiro. Ainda na representa\u00e7\u00e3o, \u00e9 citado que o governo descumpriu o princ\u00edpio da impessoalidade: <\/p>\n\n\n\n<blockquote class=\"wp-block-quote is-layout-flow wp-block-quote-is-layout-flow\">\n<p>&#8220;A referida situa\u00e7\u00e3o demonstra que, caso fossem abertas sele\u00e7\u00f5es amplas &#8211; sem discrimina\u00e7\u00f5es e direcionamento de mercado &#8211; \u00e9 poss\u00edvel que o Estado cumpra seu objetivo em contratar funcion\u00e1rios tempor\u00e1rios para o quadro do INSS, reduza a fila de processos pendentes e, especialmente, respeite aos princ\u00edpios da legalidade, da impessoalidade e da economicidade&#8221;<\/p>\n<\/blockquote>\n\n\n\n<p>Anunciada na \u00faltima ter\u00e7a-feira, a medida visa refor\u00e7ar o atendimento no \u00f3rg\u00e3o. O objetivo \u00e9 que os militares ingressem nos postos de atendimento enquanto os servidores do INSS passem a realizar a an\u00e1lise dos processos.<\/p>\n\n\n\n<p>Vale lembrar que logo ap\u00f3s o an\u00fancio da contrata\u00e7\u00e3o dos militares da reserva, a Federa\u00e7\u00e3o Nacional dos Sindicatos de Trabalhadores em Sa\u00fade, Trabalho, Previd\u00eancia e Assist\u00eancia Social &#8211; FENSPS, publicou uma nota defendendo a realiza\u00e7\u00e3o imediata de concurso p\u00fablico no \u00f3rg\u00e3o. <\/p>\n\n\n\n<p> O \u00faltimo concurso p\u00fablico no INSS aconteceu em 2015, quando foram ofertadas 150 vagas para o cargo de Analista do Seguro Social e 800 para T\u00e9cnico do Seguro Social. Foram&nbsp;registrados 1.087.789&nbsp;candidatos inscritos&nbsp;neste concurso, tornando-se um dos maiores dos \u00faltimos anos. <\/p>\n\n\n\n<p style=\"font-size:clamp(14px, 0.875rem + ((1vw - 3.2px) * 0.392), 18px);px\"><strong> \u25ba<a rel=\"noreferrer noopener\" aria-label=\"Confira a representa\u00e7\u00e3o completa (abre numa nova aba)\" href=\"https:\/\/dhg1h5j42swfq.cloudfront.net\/2020\/01\/18103358\/clique-aqui-ler-representacao-inss.pdf\" target=\"_blank\">Confira a representa\u00e7\u00e3o completa<\/a><\/strong><\/p>\n\n\n\n<p class=\"has-text-align-center has-very-light-gray-background-color has-background has-medium-font-size\"><strong>Mais informa\u00e7\u00f5es:&nbsp;<a href=\"https:\/\/www.estrategiaconcursos.com.br\/blog\/concurso-inss-2\/\" target=\"_blank\" rel=\"noreferrer noopener\">Concurso INSS<\/a><\/strong><\/p>\n\n\n\n<p class=\"has-text-align-center\"><em><strong>Assinatura Anual Ilimitada*<\/strong><\/em><\/p>\n\n\n\n<p class=\"has-text-align-center\"><em>Prepare-se com o melhor material e com quem mais aprova em Concursos P\u00fablicos em todo o pa\u00eds. Assine agora a nossa Assinatura Anual e tenha acesso ilimitado a todos os nossos cursos.<\/em><\/p>\n\n\n\n<p class=\"has-text-align-center has-light-green-cyan-background-color has-background has-medium-font-size\"><strong>ASSINE AGORA<\/strong>&nbsp;\u2013&nbsp;<a rel=\"noreferrer noopener\" href=\"https:\/\/www.estrategiaconcursos.com.br\/assinaturas\/\" target=\"_blank\"><strong>Assinatura Ilimitada<\/strong><\/a><\/p>\n\n\n\n<p class=\"has-text-align-center has-pale-cyan-blue-background-color has-background has-medium-font-size\"><strong><a href=\"https:\/\/www.estrategiaconcursos.com.br\/blog\/concursos-abertos\/\">CONCURSOS ABERTOS<\/a><\/strong><\/p>\n","protected":false},"excerpt":{"rendered":"<p>O subprocurador-geral do Minist\u00e9rio P\u00fablico no TCU,&nbsp;Lucas Rocha Furtado,&nbsp;ingressou com um pedido de medida cautelar para suspender a&nbsp;contrata\u00e7\u00e3o&nbsp;tempor\u00e1ria dos 7 mil militares da reserva para o Instituto Nacional de Seguridade Social &#8211; INSS. Segundo o subprocurador, a medida \u00e9 inconstitucional. Al\u00e9m disso, a contrata\u00e7\u00e3o dos militares pagar\u00e1 sal\u00e1rios de R$ 2.071,42, o dobro do sal\u00e1rio [&hellip;]<\/p>\n","protected":false},"author":401,"featured_media":166149,"comment_status":"open","ping_status":"closed","sticky":false,"template":"","format":"standard","meta":{"post_tipo":"article","footnotes":""},"categories":[1],"tags":[],"tax_estado":[],"class_list":["post-471439","post","type-post","status-publish","format-standard","has-post-thumbnail","hentry","category-cursos-e-concursos"],"acf":[],"yoast_head":"<!-- This site is optimized with the Yoast SEO Premium plugin v27.2 (Yoast SEO v27.2) - https:\/\/yoast.com\/product\/yoast-seo-premium-wordpress\/ -->\n<title>MP pede suspens\u00e3o da contrata\u00e7\u00e3o de militares da reserva para o INSS<\/title>\n<meta name=\"robots\" content=\"index, follow, max-snippet:-1, max-image-preview:large, max-video-preview:-1\" \/>\n<link rel=\"canonical\" href=\"https:\/\/www.estrategiaconcursos.com.br\/blog\/mp-pede-suspensao-da-contratacao-de-militares-da-reserva-para-o-inss\/\" \/>\n<meta property=\"og:locale\" content=\"pt_BR\" \/>\n<meta property=\"og:type\" content=\"article\" \/>\n<meta property=\"og:title\" content=\"MP pede suspens\u00e3o da contrata\u00e7\u00e3o de militares da reserva para o INSS\" \/>\n<meta property=\"og:description\" content=\"O subprocurador-geral do Minist\u00e9rio P\u00fablico no TCU,&nbsp;Lucas Rocha Furtado,&nbsp;ingressou com um pedido de medida cautelar para suspender a&nbsp;contrata\u00e7\u00e3o&nbsp;tempor\u00e1ria dos 7 mil militares da reserva para o Instituto Nacional de Seguridade Social &#8211; INSS. Segundo o subprocurador, a medida \u00e9 inconstitucional. Al\u00e9m disso, a contrata\u00e7\u00e3o dos militares pagar\u00e1 sal\u00e1rios de R$ 2.071,42, o dobro do sal\u00e1rio [&hellip;]\" \/>\n<meta property=\"og:url\" content=\"https:\/\/www.estrategiaconcursos.com.br\/blog\/mp-pede-suspensao-da-contratacao-de-militares-da-reserva-para-o-inss\/\" \/>\n<meta property=\"og:site_name\" content=\"Estrat\u00e9gia Concursos\" \/>\n<meta property=\"article:published_time\" content=\"2020-01-18T13:46:20+00:00\" \/>\n<meta property=\"article:modified_time\" content=\"2023-06-29T12:30:19+00:00\" \/>\n<meta property=\"og:image\" content=\"https:\/\/dhg1h5j42swfq.cloudfront.net\/2019\/02\/14151433\/Captuinssrar-min.jpg\" \/>\n\t<meta property=\"og:image:width\" content=\"1200\" \/>\n\t<meta property=\"og:image:height\" content=\"627\" \/>\n\t<meta property=\"og:image:type\" content=\"image\/jpeg\" \/>\n<meta name=\"author\" content=\"Rubens Mauricio Corr\u00eaa\" \/>\n<meta name=\"twitter:card\" content=\"summary_large_image\" \/>\n<meta name=\"twitter:creator\" content=\"@EstratConcursos\" \/>\n<meta name=\"twitter:site\" content=\"@EstratConcursos\" \/>\n<meta name=\"twitter:label1\" content=\"Escrito por\" \/>\n\t<meta name=\"twitter:data1\" content=\"Rubens Mauricio Corr\u00eaa\" \/>\n\t<meta name=\"twitter:label2\" content=\"Est. tempo de leitura\" \/>\n\t<meta name=\"twitter:data2\" content=\"2 minutos\" \/>\n<script type=\"application\/ld+json\" class=\"yoast-schema-graph\">{\"@context\":\"https:\/\/schema.org\",\"@graph\":[{\"@type\":\"NewsArticle\",\"@id\":\"https:\/\/www.estrategiaconcursos.com.br\/blog\/mp-pede-suspensao-da-contratacao-de-militares-da-reserva-para-o-inss\/#article\",\"isPartOf\":{\"@id\":\"https:\/\/www.estrategiaconcursos.com.br\/blog\/mp-pede-suspensao-da-contratacao-de-militares-da-reserva-para-o-inss\/\"},\"author\":{\"name\":\"Rubens Mauricio Corr\u00eaa\",\"@id\":\"https:\/\/www.estrategiaconcursos.com.br\/blog\/#\/schema\/person\/9fac14a8bf47492d9fd98769d1481766\"},\"headline\":\"MP pede suspens\u00e3o da contrata\u00e7\u00e3o de militares da reserva para o INSS\",\"datePublished\":\"2020-01-18T13:46:20+00:00\",\"dateModified\":\"2023-06-29T12:30:19+00:00\",\"mainEntityOfPage\":{\"@id\":\"https:\/\/www.estrategiaconcursos.com.br\/blog\/mp-pede-suspensao-da-contratacao-de-militares-da-reserva-para-o-inss\/\"},\"wordCount\":347,\"commentCount\":0,\"publisher\":{\"@id\":\"https:\/\/www.estrategiaconcursos.com.br\/blog\/#organization\"},\"image\":{\"@id\":\"https:\/\/www.estrategiaconcursos.com.br\/blog\/mp-pede-suspensao-da-contratacao-de-militares-da-reserva-para-o-inss\/#primaryimage\"},\"thumbnailUrl\":\"https:\/\/dhg1h5j42swfq.cloudfront.net\/2019\/02\/14151433\/Captuinssrar-min.jpg\",\"articleSection\":[\"Concursos P\u00fablicos\"],\"inLanguage\":\"pt-BR\",\"potentialAction\":[{\"@type\":\"CommentAction\",\"name\":\"Comment\",\"target\":[\"https:\/\/www.estrategiaconcursos.com.br\/blog\/mp-pede-suspensao-da-contratacao-de-militares-da-reserva-para-o-inss\/#respond\"]}],\"copyrightYear\":\"2020\",\"copyrightHolder\":{\"@id\":\"https:\/\/www.estrategiaconcursos.com.br\/blog\/#organization\"}},{\"@type\":\"WebPage\",\"@id\":\"https:\/\/www.estrategiaconcursos.com.br\/blog\/mp-pede-suspensao-da-contratacao-de-militares-da-reserva-para-o-inss\/\",\"url\":\"https:\/\/www.estrategiaconcursos.com.br\/blog\/mp-pede-suspensao-da-contratacao-de-militares-da-reserva-para-o-inss\/\",\"name\":\"MP pede suspens\u00e3o da contrata\u00e7\u00e3o de militares da reserva para o INSS\",\"isPartOf\":{\"@id\":\"https:\/\/www.estrategiaconcursos.com.br\/blog\/#website\"},\"primaryImageOfPage\":{\"@id\":\"https:\/\/www.estrategiaconcursos.com.br\/blog\/mp-pede-suspensao-da-contratacao-de-militares-da-reserva-para-o-inss\/#primaryimage\"},\"image\":{\"@id\":\"https:\/\/www.estrategiaconcursos.com.br\/blog\/mp-pede-suspensao-da-contratacao-de-militares-da-reserva-para-o-inss\/#primaryimage\"},\"thumbnailUrl\":\"https:\/\/dhg1h5j42swfq.cloudfront.net\/2019\/02\/14151433\/Captuinssrar-min.jpg\",\"datePublished\":\"2020-01-18T13:46:20+00:00\",\"dateModified\":\"2023-06-29T12:30:19+00:00\",\"breadcrumb\":{\"@id\":\"https:\/\/www.estrategiaconcursos.com.br\/blog\/mp-pede-suspensao-da-contratacao-de-militares-da-reserva-para-o-inss\/#breadcrumb\"},\"inLanguage\":\"pt-BR\",\"potentialAction\":[{\"@type\":\"ReadAction\",\"target\":[\"https:\/\/www.estrategiaconcursos.com.br\/blog\/mp-pede-suspensao-da-contratacao-de-militares-da-reserva-para-o-inss\/\"]}]},{\"@type\":\"ImageObject\",\"inLanguage\":\"pt-BR\",\"@id\":\"https:\/\/www.estrategiaconcursos.com.br\/blog\/mp-pede-suspensao-da-contratacao-de-militares-da-reserva-para-o-inss\/#primaryimage\",\"url\":\"https:\/\/dhg1h5j42swfq.cloudfront.net\/2019\/02\/14151433\/Captuinssrar-min.jpg\",\"contentUrl\":\"https:\/\/dhg1h5j42swfq.cloudfront.net\/2019\/02\/14151433\/Captuinssrar-min.jpg\",\"width\":1200,\"height\":627,\"caption\":\"Instituto Nacional do Seguro Social\"},{\"@type\":\"BreadcrumbList\",\"@id\":\"https:\/\/www.estrategiaconcursos.com.br\/blog\/mp-pede-suspensao-da-contratacao-de-militares-da-reserva-para-o-inss\/#breadcrumb\",\"itemListElement\":[{\"@type\":\"ListItem\",\"position\":1,\"name\":\"In\u00edcio\",\"item\":\"https:\/\/www.estrategiaconcursos.com.br\/blog\/\"},{\"@type\":\"ListItem\",\"position\":2,\"name\":\"MP pede suspens\u00e3o da contrata\u00e7\u00e3o de militares da reserva para o INSS\"}]},{\"@type\":\"WebSite\",\"@id\":\"https:\/\/www.estrategiaconcursos.com.br\/blog\/#website\",\"url\":\"https:\/\/www.estrategiaconcursos.com.br\/blog\/\",\"name\":\"Estrat\u00e9gia Concursos\",\"description\":\"O blog da Estrat\u00e9gia Concursos traz not\u00edcias sobre concursos e artigos de professores oferecendo cursos para concursos (pdf + videaulas) no site.\",\"publisher\":{\"@id\":\"https:\/\/www.estrategiaconcursos.com.br\/blog\/#organization\"},\"potentialAction\":[{\"@type\":\"SearchAction\",\"target\":{\"@type\":\"EntryPoint\",\"urlTemplate\":\"https:\/\/www.estrategiaconcursos.com.br\/blog\/?s={search_term_string}\"},\"query-input\":{\"@type\":\"PropertyValueSpecification\",\"valueRequired\":true,\"valueName\":\"search_term_string\"}}],\"inLanguage\":\"pt-BR\"},{\"@type\":\"Organization\",\"@id\":\"https:\/\/www.estrategiaconcursos.com.br\/blog\/#organization\",\"name\":\"Estrat\u00e9gia Concursos\",\"url\":\"https:\/\/www.estrategiaconcursos.com.br\/blog\/\",\"logo\":{\"@type\":\"ImageObject\",\"inLanguage\":\"pt-BR\",\"@id\":\"https:\/\/www.estrategiaconcursos.com.br\/blog\/#\/schema\/logo\/image\/\",\"url\":\"https:\/\/dhg1h5j42swfq.cloudfront.net\/2025\/06\/03203428\/logo_concursos-1.jpg\",\"contentUrl\":\"https:\/\/dhg1h5j42swfq.cloudfront.net\/2025\/06\/03203428\/logo_concursos-1.jpg\",\"width\":230,\"height\":60,\"caption\":\"Estrat\u00e9gia Concursos\"},\"image\":{\"@id\":\"https:\/\/www.estrategiaconcursos.com.br\/blog\/#\/schema\/logo\/image\/\"},\"sameAs\":[\"https:\/\/x.com\/EstratConcursos\"]},{\"@type\":\"Person\",\"@id\":\"https:\/\/www.estrategiaconcursos.com.br\/blog\/#\/schema\/person\/9fac14a8bf47492d9fd98769d1481766\",\"name\":\"Rubens Mauricio Corr\u00eaa\",\"image\":{\"@type\":\"ImageObject\",\"inLanguage\":\"pt-BR\",\"@id\":\"https:\/\/secure.gravatar.com\/avatar\/83a4c19cfd065707044bf9b66e1b81736430186d86e560356b352823fac7df9c?s=96&d=mm&r=g\",\"url\":\"https:\/\/secure.gravatar.com\/avatar\/83a4c19cfd065707044bf9b66e1b81736430186d86e560356b352823fac7df9c?s=96&d=mm&r=g\",\"contentUrl\":\"https:\/\/secure.gravatar.com\/avatar\/83a4c19cfd065707044bf9b66e1b81736430186d86e560356b352823fac7df9c?s=96&d=mm&r=g\",\"caption\":\"Rubens Mauricio Corr\u00eaa\"},\"url\":\"https:\/\/www.estrategiaconcursos.com.br\/blog\/author\/rubensmauricioestrategiaconcursos-com-br\/\"}]}<\/script>\n<!-- \/ Yoast SEO Premium plugin. -->","yoast_head_json":{"title":"MP pede suspens\u00e3o da contrata\u00e7\u00e3o de militares da reserva para o INSS","robots":{"index":"index","follow":"follow","max-snippet":"max-snippet:-1","max-image-preview":"max-image-preview:large","max-video-preview":"max-video-preview:-1"},"canonical":"https:\/\/www.estrategiaconcursos.com.br\/blog\/mp-pede-suspensao-da-contratacao-de-militares-da-reserva-para-o-inss\/","og_locale":"pt_BR","og_type":"article","og_title":"MP pede suspens\u00e3o da contrata\u00e7\u00e3o de militares da reserva para o INSS","og_description":"O subprocurador-geral do Minist\u00e9rio P\u00fablico no TCU,&nbsp;Lucas Rocha Furtado,&nbsp;ingressou com um pedido de medida cautelar para suspender a&nbsp;contrata\u00e7\u00e3o&nbsp;tempor\u00e1ria dos 7 mil militares da reserva para o Instituto Nacional de Seguridade Social &#8211; INSS. Segundo o subprocurador, a medida \u00e9 inconstitucional. Al\u00e9m disso, a contrata\u00e7\u00e3o dos militares pagar\u00e1 sal\u00e1rios de R$ 2.071,42, o dobro do sal\u00e1rio [&hellip;]","og_url":"https:\/\/www.estrategiaconcursos.com.br\/blog\/mp-pede-suspensao-da-contratacao-de-militares-da-reserva-para-o-inss\/","og_site_name":"Estrat\u00e9gia Concursos","article_published_time":"2020-01-18T13:46:20+00:00","article_modified_time":"2023-06-29T12:30:19+00:00","og_image":[{"width":1200,"height":627,"url":"https:\/\/dhg1h5j42swfq.cloudfront.net\/2019\/02\/14151433\/Captuinssrar-min.jpg","type":"image\/jpeg"}],"author":"Rubens Mauricio Corr\u00eaa","twitter_card":"summary_large_image","twitter_creator":"@EstratConcursos","twitter_site":"@EstratConcursos","twitter_misc":{"Escrito por":"Rubens Mauricio Corr\u00eaa","Est. tempo de leitura":"2 minutos"},"schema":{"@context":"https:\/\/schema.org","@graph":[{"@type":"NewsArticle","@id":"https:\/\/www.estrategiaconcursos.com.br\/blog\/mp-pede-suspensao-da-contratacao-de-militares-da-reserva-para-o-inss\/#article","isPartOf":{"@id":"https:\/\/www.estrategiaconcursos.com.br\/blog\/mp-pede-suspensao-da-contratacao-de-militares-da-reserva-para-o-inss\/"},"author":{"name":"Rubens Mauricio Corr\u00eaa","@id":"https:\/\/www.estrategiaconcursos.com.br\/blog\/#\/schema\/person\/9fac14a8bf47492d9fd98769d1481766"},"headline":"MP pede suspens\u00e3o da contrata\u00e7\u00e3o de militares da reserva para o INSS","datePublished":"2020-01-18T13:46:20+00:00","dateModified":"2023-06-29T12:30:19+00:00","mainEntityOfPage":{"@id":"https:\/\/www.estrategiaconcursos.com.br\/blog\/mp-pede-suspensao-da-contratacao-de-militares-da-reserva-para-o-inss\/"},"wordCount":347,"commentCount":0,"publisher":{"@id":"https:\/\/www.estrategiaconcursos.com.br\/blog\/#organization"},"image":{"@id":"https:\/\/www.estrategiaconcursos.com.br\/blog\/mp-pede-suspensao-da-contratacao-de-militares-da-reserva-para-o-inss\/#primaryimage"},"thumbnailUrl":"https:\/\/dhg1h5j42swfq.cloudfront.net\/2019\/02\/14151433\/Captuinssrar-min.jpg","articleSection":["Concursos P\u00fablicos"],"inLanguage":"pt-BR","potentialAction":[{"@type":"CommentAction","name":"Comment","target":["https:\/\/www.estrategiaconcursos.com.br\/blog\/mp-pede-suspensao-da-contratacao-de-militares-da-reserva-para-o-inss\/#respond"]}],"copyrightYear":"2020","copyrightHolder":{"@id":"https:\/\/www.estrategiaconcursos.com.br\/blog\/#organization"}},{"@type":"WebPage","@id":"https:\/\/www.estrategiaconcursos.com.br\/blog\/mp-pede-suspensao-da-contratacao-de-militares-da-reserva-para-o-inss\/","url":"https:\/\/www.estrategiaconcursos.com.br\/blog\/mp-pede-suspensao-da-contratacao-de-militares-da-reserva-para-o-inss\/","name":"MP pede suspens\u00e3o da contrata\u00e7\u00e3o de militares da reserva para o INSS","isPartOf":{"@id":"https:\/\/www.estrategiaconcursos.com.br\/blog\/#website"},"primaryImageOfPage":{"@id":"https:\/\/www.estrategiaconcursos.com.br\/blog\/mp-pede-suspensao-da-contratacao-de-militares-da-reserva-para-o-inss\/#primaryimage"},"image":{"@id":"https:\/\/www.estrategiaconcursos.com.br\/blog\/mp-pede-suspensao-da-contratacao-de-militares-da-reserva-para-o-inss\/#primaryimage"},"thumbnailUrl":"https:\/\/dhg1h5j42swfq.cloudfront.net\/2019\/02\/14151433\/Captuinssrar-min.jpg","datePublished":"2020-01-18T13:46:20+00:00","dateModified":"2023-06-29T12:30:19+00:00","breadcrumb":{"@id":"https:\/\/www.estrategiaconcursos.com.br\/blog\/mp-pede-suspensao-da-contratacao-de-militares-da-reserva-para-o-inss\/#breadcrumb"},"inLanguage":"pt-BR","potentialAction":[{"@type":"ReadAction","target":["https:\/\/www.estrategiaconcursos.com.br\/blog\/mp-pede-suspensao-da-contratacao-de-militares-da-reserva-para-o-inss\/"]}]},{"@type":"ImageObject","inLanguage":"pt-BR","@id":"https:\/\/www.estrategiaconcursos.com.br\/blog\/mp-pede-suspensao-da-contratacao-de-militares-da-reserva-para-o-inss\/#primaryimage","url":"https:\/\/dhg1h5j42swfq.cloudfront.net\/2019\/02\/14151433\/Captuinssrar-min.jpg","contentUrl":"https:\/\/dhg1h5j42swfq.cloudfront.net\/2019\/02\/14151433\/Captuinssrar-min.jpg","width":1200,"height":627,"caption":"Instituto Nacional do Seguro Social"},{"@type":"BreadcrumbList","@id":"https:\/\/www.estrategiaconcursos.com.br\/blog\/mp-pede-suspensao-da-contratacao-de-militares-da-reserva-para-o-inss\/#breadcrumb","itemListElement":[{"@type":"ListItem","position":1,"name":"In\u00edcio","item":"https:\/\/www.estrategiaconcursos.com.br\/blog\/"},{"@type":"ListItem","position":2,"name":"MP pede suspens\u00e3o da contrata\u00e7\u00e3o de militares da reserva para o INSS"}]},{"@type":"WebSite","@id":"https:\/\/www.estrategiaconcursos.com.br\/blog\/#website","url":"https:\/\/www.estrategiaconcursos.com.br\/blog\/","name":"Estrat\u00e9gia Concursos","description":"O blog da Estrat\u00e9gia Concursos traz not\u00edcias sobre concursos e artigos de professores oferecendo cursos para concursos (pdf + videaulas) no site.","publisher":{"@id":"https:\/\/www.estrategiaconcursos.com.br\/blog\/#organization"},"potentialAction":[{"@type":"SearchAction","target":{"@type":"EntryPoint","urlTemplate":"https:\/\/www.estrategiaconcursos.com.br\/blog\/?s={search_term_string}"},"query-input":{"@type":"PropertyValueSpecification","valueRequired":true,"valueName":"search_term_string"}}],"inLanguage":"pt-BR"},{"@type":"Organization","@id":"https:\/\/www.estrategiaconcursos.com.br\/blog\/#organization","name":"Estrat\u00e9gia Concursos","url":"https:\/\/www.estrategiaconcursos.com.br\/blog\/","logo":{"@type":"ImageObject","inLanguage":"pt-BR","@id":"https:\/\/www.estrategiaconcursos.com.br\/blog\/#\/schema\/logo\/image\/","url":"https:\/\/dhg1h5j42swfq.cloudfront.net\/2025\/06\/03203428\/logo_concursos-1.jpg","contentUrl":"https:\/\/dhg1h5j42swfq.cloudfront.net\/2025\/06\/03203428\/logo_concursos-1.jpg","width":230,"height":60,"caption":"Estrat\u00e9gia Concursos"},"image":{"@id":"https:\/\/www.estrategiaconcursos.com.br\/blog\/#\/schema\/logo\/image\/"},"sameAs":["https:\/\/x.com\/EstratConcursos"]},{"@type":"Person","@id":"https:\/\/www.estrategiaconcursos.com.br\/blog\/#\/schema\/person\/9fac14a8bf47492d9fd98769d1481766","name":"Rubens Mauricio Corr\u00eaa","image":{"@type":"ImageObject","inLanguage":"pt-BR","@id":"https:\/\/secure.gravatar.com\/avatar\/83a4c19cfd065707044bf9b66e1b81736430186d86e560356b352823fac7df9c?s=96&d=mm&r=g","url":"https:\/\/secure.gravatar.com\/avatar\/83a4c19cfd065707044bf9b66e1b81736430186d86e560356b352823fac7df9c?s=96&d=mm&r=g","contentUrl":"https:\/\/secure.gravatar.com\/avatar\/83a4c19cfd065707044bf9b66e1b81736430186d86e560356b352823fac7df9c?s=96&d=mm&r=g","caption":"Rubens Mauricio Corr\u00eaa"},"url":"https:\/\/www.estrategiaconcursos.com.br\/blog\/author\/rubensmauricioestrategiaconcursos-com-br\/"}]}},"_links":{"self":[{"href":"https:\/\/www.estrategiaconcursos.com.br\/blog\/wp-json\/wp\/v2\/posts\/471439","targetHints":{"allow":["GET"]}}],"collection":[{"href":"https:\/\/www.estrategiaconcursos.com.br\/blog\/wp-json\/wp\/v2\/posts"}],"about":[{"href":"https:\/\/www.estrategiaconcursos.com.br\/blog\/wp-json\/wp\/v2\/types\/post"}],"author":[{"embeddable":true,"href":"https:\/\/www.estrategiaconcursos.com.br\/blog\/wp-json\/wp\/v2\/users\/401"}],"replies":[{"embeddable":true,"href":"https:\/\/www.estrategiaconcursos.com.br\/blog\/wp-json\/wp\/v2\/comments?post=471439"}],"version-history":[{"count":3,"href":"https:\/\/www.estrategiaconcursos.com.br\/blog\/wp-json\/wp\/v2\/posts\/471439\/revisions"}],"predecessor-version":[{"id":1240802,"href":"https:\/\/www.estrategiaconcursos.com.br\/blog\/wp-json\/wp\/v2\/posts\/471439\/revisions\/1240802"}],"wp:featuredmedia":[{"embeddable":true,"href":"https:\/\/www.estrategiaconcursos.com.br\/blog\/wp-json\/wp\/v2\/media\/166149"}],"wp:attachment":[{"href":"https:\/\/www.estrategiaconcursos.com.br\/blog\/wp-json\/wp\/v2\/media?parent=471439"}],"wp:term":[{"taxonomy":"category","embeddable":true,"href":"https:\/\/www.estrategiaconcursos.com.br\/blog\/wp-json\/wp\/v2\/categories?post=471439"},{"taxonomy":"post_tag","embeddable":true,"href":"https:\/\/www.estrategiaconcursos.com.br\/blog\/wp-json\/wp\/v2\/tags?post=471439"},{"taxonomy":"tax_estado","embeddable":true,"href":"https:\/\/www.estrategiaconcursos.com.br\/blog\/wp-json\/wp\/v2\/tax_estado?post=471439"}],"curies":[{"name":"wp","href":"https:\/\/api.w.org\/{rel}","templated":true}]}}