{"id":471438,"date":"2020-01-20T17:10:00","date_gmt":"2020-01-20T20:10:00","guid":{"rendered":"https:\/\/www.estrategiaconcursos.com.br\/blog\/?p=471438"},"modified":"2022-09-13T10:22:01","modified_gmt":"2022-09-13T13:22:01","slug":"intensivo-de-3-dias-de-lingua-portuguesa-para-juiz-do-tj-rj-comeca-nesta-segunda","status":"publish","type":"post","link":"https:\/\/www.estrategiaconcursos.com.br\/blog\/intensivo-de-3-dias-de-lingua-portuguesa-para-juiz-do-tj-rj-comeca-nesta-segunda\/","title":{"rendered":"Intensivo de 3 dias de L\u00edngua Portuguesa para JUIZ do TJ RS come\u00e7a nesta segunda"},"content":{"rendered":"\n<p>Est\u00e3o abertas as inscri\u00e7\u00f5es do concurso da Magistratura do Tribunal de Justi\u00e7a do Rio Grande do Sul, que oferta <strong>45 vagas<\/strong> para Juiz Substituto, com remunera\u00e7\u00e3o inicial de <strong>R$ 25.851,96<\/strong>. <\/p>\n\n\n\n<p>Trata-se de uma carreira bastante atrativa e renomada para os formados em Direito, que j\u00e1 possuam <strong>tr\u00eas anos de atividade jur\u00eddica<\/strong>, exercidos ap\u00f3s a cola\u00e7\u00e3o de grau no curso superior.  <\/p>\n\n\n\n<p>A primeira etapa ser\u00e1 aplicada em Porto Alegre (RS) no dia <strong>29 de mar\u00e7o de 2020<\/strong>. O certame ter\u00e1 provas objetiva, discursiva, de senten\u00e7a e oral, al\u00e9m de avalia\u00e7\u00e3o de t\u00edtulos.  <\/p>\n\n\n\n<p>E requisitos como a boa escrita e leitura, adequa\u00e7\u00e3o da linguagem,  articula\u00e7\u00e3o do racioc\u00ednio, capacidade de argumenta\u00e7\u00e3o e o uso correto do vern\u00e1culo, que s\u00e3o imprescind\u00edveis na rotina do magistrado, ser\u00e3o avaliados desde a primeira etapa, pois a disciplina de L\u00edngua Portuguesa j\u00e1 ser\u00e1 objeto de quest\u00f5es no Bloco I da Prova Objetiva.  <\/p>\n\n\n\n<p>Por essa raz\u00e3o, o Estrat\u00e9gia Concursos ir\u00e1 realizar um Intensivo de tr\u00eas dias, que come\u00e7ar\u00e1 nesta segunda-feira, 20 de janeiro e ir\u00e1 at\u00e9 a pr\u00f3xima quarta, 23, exclusivamente voltado ao aprimoramento na L\u00edngua Portuguesa e ministrado pelo  professor D\u00e9cio Terror Filho, que atua no ensino da\u00a0L\u00edngua Portuguesa para concurso p\u00fablico\u00a0desde o ano 2000.   <\/p>\n\n\n\n<h2 class=\"has-text-align-center wp-block-heading\" id=\"cursos-assinatura\"><strong><em>Quer estudar para o edital Magistratura RS?<\/em><\/strong><\/h2>\n\n\n\n<p class=\"has-text-align-center\"><em>Gostou desta oportunidade e deseja come\u00e7ar se preparar agora mesmo? Ent\u00e3o, confira os nossos cursos e comece a estudar para o concurso:<\/em><\/p>\n\n\n\n<p class=\"has-text-align-center has-very-light-gray-background-color has-background has-medium-font-size\"><strong><a rel=\"noreferrer noopener\" aria-label=\"CURSO Magistratura RS (abre numa nova aba)\" href=\"https:\/\/www.estrategiaconcursos.com.br\/cursos\/concurso\/\" target=\"_blank\"><em>Curso Magistratura RS<\/em><\/a><\/strong><\/p>\n\n\n\n<p class=\"has-text-align-center\"><em><strong>Fique por dentro de todos os concursos<\/strong><\/em>:<\/p>\n\n\n\n<p class=\"has-text-align-center has-pale-cyan-blue-background-color has-background has-medium-font-size\"><strong><a rel=\"noreferrer noopener\" href=\"https:\/\/www.estrategiaconcursos.com.br\/blog\/concursos-abertos\/\" target=\"_blank\">Concursos abertos<\/a><\/strong><\/p>\n\n\n\n<p class=\"has-text-align-center has-pale-cyan-blue-background-color has-background has-medium-font-size\"><a rel=\"noreferrer noopener\" href=\"https:\/\/www.estrategiaconcursos.com.br\/blog\/concursos-2020\/\" target=\"_blank\"><strong>Concursos 2020<\/strong><\/a><\/p>\n\n\n\n<p class=\"has-text-align-center has-pale-cyan-blue-background-color has-background has-medium-font-size\"><a rel=\"noreferrer noopener\" href=\"https:\/\/www.estrategiaconcursos.com.br\/blog\/concursos-de-direito\/\" target=\"_blank\"><strong>CONCURSOS DE DIREITO<\/strong><\/a><\/p>\n","protected":false},"excerpt":{"rendered":"<p>Est\u00e3o abertas as inscri\u00e7\u00f5es do concurso da Magistratura do Tribunal de Justi\u00e7a do Rio Grande do Sul, que oferta 45 vagas para Juiz Substituto, com remunera\u00e7\u00e3o inicial de R$ 25.851,96. Trata-se de uma carreira bastante atrativa e renomada para os formados em Direito, que j\u00e1 possuam tr\u00eas anos de atividade jur\u00eddica, exercidos ap\u00f3s a cola\u00e7\u00e3o [&hellip;]<\/p>\n","protected":false},"author":317,"featured_media":455098,"comment_status":"open","ping_status":"closed","sticky":false,"template":"","format":"standard","meta":{"post_tipo":"article","footnotes":""},"categories":[1,2185],"tags":[],"tax_estado":[],"class_list":["post-471438","post","type-post","status-publish","format-standard","has-post-thumbnail","hentry","category-cursos-e-concursos","category-carreiras-juridicas"],"acf":[],"yoast_head":"<!-- This site is optimized with the Yoast SEO Premium plugin v27.2 (Yoast SEO v27.2) - https:\/\/yoast.com\/product\/yoast-seo-premium-wordpress\/ -->\n<title>Intensivo de 3 dias de L\u00edngua Portuguesa para JUIZ do TJ RS come\u00e7a nesta segunda<\/title>\n<meta name=\"robots\" content=\"index, follow, max-snippet:-1, max-image-preview:large, max-video-preview:-1\" \/>\n<link rel=\"canonical\" href=\"https:\/\/www.estrategiaconcursos.com.br\/blog\/intensivo-de-3-dias-de-lingua-portuguesa-para-juiz-do-tj-rj-comeca-nesta-segunda\/\" \/>\n<meta property=\"og:locale\" content=\"pt_BR\" \/>\n<meta property=\"og:type\" content=\"article\" \/>\n<meta property=\"og:title\" content=\"Intensivo de 3 dias de L\u00edngua Portuguesa para JUIZ do TJ RS come\u00e7a nesta segunda\" \/>\n<meta property=\"og:description\" content=\"Est\u00e3o abertas as inscri\u00e7\u00f5es do concurso da Magistratura do Tribunal de Justi\u00e7a do Rio Grande do Sul, que oferta 45 vagas para Juiz Substituto, com remunera\u00e7\u00e3o inicial de R$ 25.851,96. Trata-se de uma carreira bastante atrativa e renomada para os formados em Direito, que j\u00e1 possuam tr\u00eas anos de atividade jur\u00eddica, exercidos ap\u00f3s a cola\u00e7\u00e3o [&hellip;]\" \/>\n<meta property=\"og:url\" content=\"https:\/\/www.estrategiaconcursos.com.br\/blog\/intensivo-de-3-dias-de-lingua-portuguesa-para-juiz-do-tj-rj-comeca-nesta-segunda\/\" \/>\n<meta property=\"og:site_name\" content=\"Estrat\u00e9gia Concursos\" \/>\n<meta property=\"article:author\" content=\"https:\/\/www.facebook.com\/igor.maciel.1420\" \/>\n<meta property=\"article:published_time\" content=\"2020-01-20T20:10:00+00:00\" \/>\n<meta property=\"article:modified_time\" content=\"2022-09-13T13:22:01+00:00\" \/>\n<meta property=\"og:image\" content=\"https:\/\/dhg1h5j42swfq.cloudfront.net\/2019\/12\/03184753\/TJ-RS-Juiz6-e1501692215212.jpg\" \/>\n\t<meta property=\"og:image:width\" content=\"400\" \/>\n\t<meta property=\"og:image:height\" content=\"209\" \/>\n\t<meta property=\"og:image:type\" content=\"image\/jpeg\" \/>\n<meta name=\"author\" content=\"Igor Maciel\" \/>\n<meta name=\"twitter:card\" content=\"summary_large_image\" \/>\n<meta name=\"twitter:creator\" content=\"@EstratConcursos\" \/>\n<meta name=\"twitter:site\" content=\"@EstratConcursos\" \/>\n<meta name=\"twitter:label1\" content=\"Escrito por\" \/>\n\t<meta name=\"twitter:data1\" content=\"Igor Maciel\" \/>\n\t<meta name=\"twitter:label2\" content=\"Est. tempo de leitura\" \/>\n\t<meta name=\"twitter:data2\" content=\"1 minuto\" \/>\n<script type=\"application\/ld+json\" class=\"yoast-schema-graph\">{\"@context\":\"https:\/\/schema.org\",\"@graph\":[{\"@type\":\"NewsArticle\",\"@id\":\"https:\/\/www.estrategiaconcursos.com.br\/blog\/intensivo-de-3-dias-de-lingua-portuguesa-para-juiz-do-tj-rj-comeca-nesta-segunda\/#article\",\"isPartOf\":{\"@id\":\"https:\/\/www.estrategiaconcursos.com.br\/blog\/intensivo-de-3-dias-de-lingua-portuguesa-para-juiz-do-tj-rj-comeca-nesta-segunda\/\"},\"author\":{\"name\":\"Igor Maciel\",\"@id\":\"https:\/\/www.estrategiaconcursos.com.br\/blog\/#\/schema\/person\/024d26d5efb06d95dfc04025d7301591\"},\"headline\":\"Intensivo de 3 dias de L\u00edngua Portuguesa para JUIZ do TJ RS come\u00e7a nesta segunda\",\"datePublished\":\"2020-01-20T20:10:00+00:00\",\"dateModified\":\"2022-09-13T13:22:01+00:00\",\"mainEntityOfPage\":{\"@id\":\"https:\/\/www.estrategiaconcursos.com.br\/blog\/intensivo-de-3-dias-de-lingua-portuguesa-para-juiz-do-tj-rj-comeca-nesta-segunda\/\"},\"wordCount\":287,\"commentCount\":0,\"publisher\":{\"@id\":\"https:\/\/www.estrategiaconcursos.com.br\/blog\/#organization\"},\"image\":{\"@id\":\"https:\/\/www.estrategiaconcursos.com.br\/blog\/intensivo-de-3-dias-de-lingua-portuguesa-para-juiz-do-tj-rj-comeca-nesta-segunda\/#primaryimage\"},\"thumbnailUrl\":\"https:\/\/dhg1h5j42swfq.cloudfront.net\/2019\/12\/03184753\/TJ-RS-Juiz6-e1501692215212.jpg\",\"articleSection\":[\"Concursos P\u00fablicos\",\"Jur\u00eddico\"],\"inLanguage\":\"pt-BR\",\"potentialAction\":[{\"@type\":\"CommentAction\",\"name\":\"Comment\",\"target\":[\"https:\/\/www.estrategiaconcursos.com.br\/blog\/intensivo-de-3-dias-de-lingua-portuguesa-para-juiz-do-tj-rj-comeca-nesta-segunda\/#respond\"]}],\"copyrightYear\":\"2020\",\"copyrightHolder\":{\"@id\":\"https:\/\/www.estrategiaconcursos.com.br\/blog\/#organization\"}},{\"@type\":\"WebPage\",\"@id\":\"https:\/\/www.estrategiaconcursos.com.br\/blog\/intensivo-de-3-dias-de-lingua-portuguesa-para-juiz-do-tj-rj-comeca-nesta-segunda\/\",\"url\":\"https:\/\/www.estrategiaconcursos.com.br\/blog\/intensivo-de-3-dias-de-lingua-portuguesa-para-juiz-do-tj-rj-comeca-nesta-segunda\/\",\"name\":\"Intensivo de 3 dias de L\u00edngua Portuguesa para JUIZ do TJ RS come\u00e7a nesta segunda\",\"isPartOf\":{\"@id\":\"https:\/\/www.estrategiaconcursos.com.br\/blog\/#website\"},\"primaryImageOfPage\":{\"@id\":\"https:\/\/www.estrategiaconcursos.com.br\/blog\/intensivo-de-3-dias-de-lingua-portuguesa-para-juiz-do-tj-rj-comeca-nesta-segunda\/#primaryimage\"},\"image\":{\"@id\":\"https:\/\/www.estrategiaconcursos.com.br\/blog\/intensivo-de-3-dias-de-lingua-portuguesa-para-juiz-do-tj-rj-comeca-nesta-segunda\/#primaryimage\"},\"thumbnailUrl\":\"https:\/\/dhg1h5j42swfq.cloudfront.net\/2019\/12\/03184753\/TJ-RS-Juiz6-e1501692215212.jpg\",\"datePublished\":\"2020-01-20T20:10:00+00:00\",\"dateModified\":\"2022-09-13T13:22:01+00:00\",\"breadcrumb\":{\"@id\":\"https:\/\/www.estrategiaconcursos.com.br\/blog\/intensivo-de-3-dias-de-lingua-portuguesa-para-juiz-do-tj-rj-comeca-nesta-segunda\/#breadcrumb\"},\"inLanguage\":\"pt-BR\",\"potentialAction\":[{\"@type\":\"ReadAction\",\"target\":[\"https:\/\/www.estrategiaconcursos.com.br\/blog\/intensivo-de-3-dias-de-lingua-portuguesa-para-juiz-do-tj-rj-comeca-nesta-segunda\/\"]}]},{\"@type\":\"ImageObject\",\"inLanguage\":\"pt-BR\",\"@id\":\"https:\/\/www.estrategiaconcursos.com.br\/blog\/intensivo-de-3-dias-de-lingua-portuguesa-para-juiz-do-tj-rj-comeca-nesta-segunda\/#primaryimage\",\"url\":\"https:\/\/dhg1h5j42swfq.cloudfront.net\/2019\/12\/03184753\/TJ-RS-Juiz6-e1501692215212.jpg\",\"contentUrl\":\"https:\/\/dhg1h5j42swfq.cloudfront.net\/2019\/12\/03184753\/TJ-RS-Juiz6-e1501692215212.jpg\",\"width\":400,\"height\":209,\"caption\":\"Concurso TJ RS Juiz\"},{\"@type\":\"BreadcrumbList\",\"@id\":\"https:\/\/www.estrategiaconcursos.com.br\/blog\/intensivo-de-3-dias-de-lingua-portuguesa-para-juiz-do-tj-rj-comeca-nesta-segunda\/#breadcrumb\",\"itemListElement\":[{\"@type\":\"ListItem\",\"position\":1,\"name\":\"In\u00edcio\",\"item\":\"https:\/\/www.estrategiaconcursos.com.br\/blog\/\"},{\"@type\":\"ListItem\",\"position\":2,\"name\":\"Intensivo de 3 dias de L\u00edngua Portuguesa para JUIZ do TJ RS come\u00e7a nesta segunda\"}]},{\"@type\":\"WebSite\",\"@id\":\"https:\/\/www.estrategiaconcursos.com.br\/blog\/#website\",\"url\":\"https:\/\/www.estrategiaconcursos.com.br\/blog\/\",\"name\":\"Estrat\u00e9gia Concursos\",\"description\":\"O blog da Estrat\u00e9gia Concursos traz not\u00edcias sobre concursos e artigos de professores oferecendo cursos para concursos (pdf + videaulas) no site.\",\"publisher\":{\"@id\":\"https:\/\/www.estrategiaconcursos.com.br\/blog\/#organization\"},\"potentialAction\":[{\"@type\":\"SearchAction\",\"target\":{\"@type\":\"EntryPoint\",\"urlTemplate\":\"https:\/\/www.estrategiaconcursos.com.br\/blog\/?s={search_term_string}\"},\"query-input\":{\"@type\":\"PropertyValueSpecification\",\"valueRequired\":true,\"valueName\":\"search_term_string\"}}],\"inLanguage\":\"pt-BR\"},{\"@type\":\"Organization\",\"@id\":\"https:\/\/www.estrategiaconcursos.com.br\/blog\/#organization\",\"name\":\"Estrat\u00e9gia Concursos\",\"url\":\"https:\/\/www.estrategiaconcursos.com.br\/blog\/\",\"logo\":{\"@type\":\"ImageObject\",\"inLanguage\":\"pt-BR\",\"@id\":\"https:\/\/www.estrategiaconcursos.com.br\/blog\/#\/schema\/logo\/image\/\",\"url\":\"https:\/\/dhg1h5j42swfq.cloudfront.net\/2025\/06\/03203428\/logo_concursos-1.jpg\",\"contentUrl\":\"https:\/\/dhg1h5j42swfq.cloudfront.net\/2025\/06\/03203428\/logo_concursos-1.jpg\",\"width\":230,\"height\":60,\"caption\":\"Estrat\u00e9gia Concursos\"},\"image\":{\"@id\":\"https:\/\/www.estrategiaconcursos.com.br\/blog\/#\/schema\/logo\/image\/\"},\"sameAs\":[\"https:\/\/x.com\/EstratConcursos\"]},{\"@type\":\"Person\",\"@id\":\"https:\/\/www.estrategiaconcursos.com.br\/blog\/#\/schema\/person\/024d26d5efb06d95dfc04025d7301591\",\"name\":\"Igor Maciel\",\"image\":{\"@type\":\"ImageObject\",\"inLanguage\":\"pt-BR\",\"@id\":\"https:\/\/secure.gravatar.com\/avatar\/e983a676af6facf4aebcb2989d49e3bf61b718712d5e7a4b3f355b7fe651bc2f?s=96&d=mm&r=g\",\"url\":\"https:\/\/secure.gravatar.com\/avatar\/e983a676af6facf4aebcb2989d49e3bf61b718712d5e7a4b3f355b7fe651bc2f?s=96&d=mm&r=g\",\"contentUrl\":\"https:\/\/secure.gravatar.com\/avatar\/e983a676af6facf4aebcb2989d49e3bf61b718712d5e7a4b3f355b7fe651bc2f?s=96&d=mm&r=g\",\"caption\":\"Igor Maciel\"},\"description\":\"Graduado na Universidade Federal de Pernambuco, com extens\u00e3o na Universidade de Coimbra\/Portugal. Especialista LLM em Direito Corporativo pelo IBMEC\/RJ. Mestrando em Direito e Pol\u00edticas P\u00fablicas pelo UNICEUB\/DF. Advogado com atua\u00e7\u00e3o profissional centrada no Direito Tribut\u00e1rio e no Direito Administrativo, especialmente na defesa de servidores p\u00fablicos.\",\"sameAs\":[\"http:\/\/www.imaciel.com.br\",\"https:\/\/www.facebook.com\/igor.maciel.1420\"],\"url\":\"https:\/\/www.estrategiaconcursos.com.br\/blog\/author\/contatoimaciel-com-br\/\"}]}<\/script>\n<!-- \/ Yoast SEO Premium plugin. -->","yoast_head_json":{"title":"Intensivo de 3 dias de L\u00edngua Portuguesa para JUIZ do TJ RS come\u00e7a nesta segunda","robots":{"index":"index","follow":"follow","max-snippet":"max-snippet:-1","max-image-preview":"max-image-preview:large","max-video-preview":"max-video-preview:-1"},"canonical":"https:\/\/www.estrategiaconcursos.com.br\/blog\/intensivo-de-3-dias-de-lingua-portuguesa-para-juiz-do-tj-rj-comeca-nesta-segunda\/","og_locale":"pt_BR","og_type":"article","og_title":"Intensivo de 3 dias de L\u00edngua Portuguesa para JUIZ do TJ RS come\u00e7a nesta segunda","og_description":"Est\u00e3o abertas as inscri\u00e7\u00f5es do concurso da Magistratura do Tribunal de Justi\u00e7a do Rio Grande do Sul, que oferta 45 vagas para Juiz Substituto, com remunera\u00e7\u00e3o inicial de R$ 25.851,96. Trata-se de uma carreira bastante atrativa e renomada para os formados em Direito, que j\u00e1 possuam tr\u00eas anos de atividade jur\u00eddica, exercidos ap\u00f3s a cola\u00e7\u00e3o [&hellip;]","og_url":"https:\/\/www.estrategiaconcursos.com.br\/blog\/intensivo-de-3-dias-de-lingua-portuguesa-para-juiz-do-tj-rj-comeca-nesta-segunda\/","og_site_name":"Estrat\u00e9gia Concursos","article_author":"https:\/\/www.facebook.com\/igor.maciel.1420","article_published_time":"2020-01-20T20:10:00+00:00","article_modified_time":"2022-09-13T13:22:01+00:00","og_image":[{"width":400,"height":209,"url":"https:\/\/dhg1h5j42swfq.cloudfront.net\/2019\/12\/03184753\/TJ-RS-Juiz6-e1501692215212.jpg","type":"image\/jpeg"}],"author":"Igor Maciel","twitter_card":"summary_large_image","twitter_creator":"@EstratConcursos","twitter_site":"@EstratConcursos","twitter_misc":{"Escrito por":"Igor Maciel","Est. tempo de leitura":"1 minuto"},"schema":{"@context":"https:\/\/schema.org","@graph":[{"@type":"NewsArticle","@id":"https:\/\/www.estrategiaconcursos.com.br\/blog\/intensivo-de-3-dias-de-lingua-portuguesa-para-juiz-do-tj-rj-comeca-nesta-segunda\/#article","isPartOf":{"@id":"https:\/\/www.estrategiaconcursos.com.br\/blog\/intensivo-de-3-dias-de-lingua-portuguesa-para-juiz-do-tj-rj-comeca-nesta-segunda\/"},"author":{"name":"Igor Maciel","@id":"https:\/\/www.estrategiaconcursos.com.br\/blog\/#\/schema\/person\/024d26d5efb06d95dfc04025d7301591"},"headline":"Intensivo de 3 dias de L\u00edngua Portuguesa para JUIZ do TJ RS come\u00e7a nesta segunda","datePublished":"2020-01-20T20:10:00+00:00","dateModified":"2022-09-13T13:22:01+00:00","mainEntityOfPage":{"@id":"https:\/\/www.estrategiaconcursos.com.br\/blog\/intensivo-de-3-dias-de-lingua-portuguesa-para-juiz-do-tj-rj-comeca-nesta-segunda\/"},"wordCount":287,"commentCount":0,"publisher":{"@id":"https:\/\/www.estrategiaconcursos.com.br\/blog\/#organization"},"image":{"@id":"https:\/\/www.estrategiaconcursos.com.br\/blog\/intensivo-de-3-dias-de-lingua-portuguesa-para-juiz-do-tj-rj-comeca-nesta-segunda\/#primaryimage"},"thumbnailUrl":"https:\/\/dhg1h5j42swfq.cloudfront.net\/2019\/12\/03184753\/TJ-RS-Juiz6-e1501692215212.jpg","articleSection":["Concursos P\u00fablicos","Jur\u00eddico"],"inLanguage":"pt-BR","potentialAction":[{"@type":"CommentAction","name":"Comment","target":["https:\/\/www.estrategiaconcursos.com.br\/blog\/intensivo-de-3-dias-de-lingua-portuguesa-para-juiz-do-tj-rj-comeca-nesta-segunda\/#respond"]}],"copyrightYear":"2020","copyrightHolder":{"@id":"https:\/\/www.estrategiaconcursos.com.br\/blog\/#organization"}},{"@type":"WebPage","@id":"https:\/\/www.estrategiaconcursos.com.br\/blog\/intensivo-de-3-dias-de-lingua-portuguesa-para-juiz-do-tj-rj-comeca-nesta-segunda\/","url":"https:\/\/www.estrategiaconcursos.com.br\/blog\/intensivo-de-3-dias-de-lingua-portuguesa-para-juiz-do-tj-rj-comeca-nesta-segunda\/","name":"Intensivo de 3 dias de L\u00edngua Portuguesa para JUIZ do TJ RS come\u00e7a nesta segunda","isPartOf":{"@id":"https:\/\/www.estrategiaconcursos.com.br\/blog\/#website"},"primaryImageOfPage":{"@id":"https:\/\/www.estrategiaconcursos.com.br\/blog\/intensivo-de-3-dias-de-lingua-portuguesa-para-juiz-do-tj-rj-comeca-nesta-segunda\/#primaryimage"},"image":{"@id":"https:\/\/www.estrategiaconcursos.com.br\/blog\/intensivo-de-3-dias-de-lingua-portuguesa-para-juiz-do-tj-rj-comeca-nesta-segunda\/#primaryimage"},"thumbnailUrl":"https:\/\/dhg1h5j42swfq.cloudfront.net\/2019\/12\/03184753\/TJ-RS-Juiz6-e1501692215212.jpg","datePublished":"2020-01-20T20:10:00+00:00","dateModified":"2022-09-13T13:22:01+00:00","breadcrumb":{"@id":"https:\/\/www.estrategiaconcursos.com.br\/blog\/intensivo-de-3-dias-de-lingua-portuguesa-para-juiz-do-tj-rj-comeca-nesta-segunda\/#breadcrumb"},"inLanguage":"pt-BR","potentialAction":[{"@type":"ReadAction","target":["https:\/\/www.estrategiaconcursos.com.br\/blog\/intensivo-de-3-dias-de-lingua-portuguesa-para-juiz-do-tj-rj-comeca-nesta-segunda\/"]}]},{"@type":"ImageObject","inLanguage":"pt-BR","@id":"https:\/\/www.estrategiaconcursos.com.br\/blog\/intensivo-de-3-dias-de-lingua-portuguesa-para-juiz-do-tj-rj-comeca-nesta-segunda\/#primaryimage","url":"https:\/\/dhg1h5j42swfq.cloudfront.net\/2019\/12\/03184753\/TJ-RS-Juiz6-e1501692215212.jpg","contentUrl":"https:\/\/dhg1h5j42swfq.cloudfront.net\/2019\/12\/03184753\/TJ-RS-Juiz6-e1501692215212.jpg","width":400,"height":209,"caption":"Concurso TJ RS Juiz"},{"@type":"BreadcrumbList","@id":"https:\/\/www.estrategiaconcursos.com.br\/blog\/intensivo-de-3-dias-de-lingua-portuguesa-para-juiz-do-tj-rj-comeca-nesta-segunda\/#breadcrumb","itemListElement":[{"@type":"ListItem","position":1,"name":"In\u00edcio","item":"https:\/\/www.estrategiaconcursos.com.br\/blog\/"},{"@type":"ListItem","position":2,"name":"Intensivo de 3 dias de L\u00edngua Portuguesa para JUIZ do TJ RS come\u00e7a nesta segunda"}]},{"@type":"WebSite","@id":"https:\/\/www.estrategiaconcursos.com.br\/blog\/#website","url":"https:\/\/www.estrategiaconcursos.com.br\/blog\/","name":"Estrat\u00e9gia Concursos","description":"O blog da Estrat\u00e9gia Concursos traz not\u00edcias sobre concursos e artigos de professores oferecendo cursos para concursos (pdf + videaulas) no site.","publisher":{"@id":"https:\/\/www.estrategiaconcursos.com.br\/blog\/#organization"},"potentialAction":[{"@type":"SearchAction","target":{"@type":"EntryPoint","urlTemplate":"https:\/\/www.estrategiaconcursos.com.br\/blog\/?s={search_term_string}"},"query-input":{"@type":"PropertyValueSpecification","valueRequired":true,"valueName":"search_term_string"}}],"inLanguage":"pt-BR"},{"@type":"Organization","@id":"https:\/\/www.estrategiaconcursos.com.br\/blog\/#organization","name":"Estrat\u00e9gia Concursos","url":"https:\/\/www.estrategiaconcursos.com.br\/blog\/","logo":{"@type":"ImageObject","inLanguage":"pt-BR","@id":"https:\/\/www.estrategiaconcursos.com.br\/blog\/#\/schema\/logo\/image\/","url":"https:\/\/dhg1h5j42swfq.cloudfront.net\/2025\/06\/03203428\/logo_concursos-1.jpg","contentUrl":"https:\/\/dhg1h5j42swfq.cloudfront.net\/2025\/06\/03203428\/logo_concursos-1.jpg","width":230,"height":60,"caption":"Estrat\u00e9gia Concursos"},"image":{"@id":"https:\/\/www.estrategiaconcursos.com.br\/blog\/#\/schema\/logo\/image\/"},"sameAs":["https:\/\/x.com\/EstratConcursos"]},{"@type":"Person","@id":"https:\/\/www.estrategiaconcursos.com.br\/blog\/#\/schema\/person\/024d26d5efb06d95dfc04025d7301591","name":"Igor Maciel","image":{"@type":"ImageObject","inLanguage":"pt-BR","@id":"https:\/\/secure.gravatar.com\/avatar\/e983a676af6facf4aebcb2989d49e3bf61b718712d5e7a4b3f355b7fe651bc2f?s=96&d=mm&r=g","url":"https:\/\/secure.gravatar.com\/avatar\/e983a676af6facf4aebcb2989d49e3bf61b718712d5e7a4b3f355b7fe651bc2f?s=96&d=mm&r=g","contentUrl":"https:\/\/secure.gravatar.com\/avatar\/e983a676af6facf4aebcb2989d49e3bf61b718712d5e7a4b3f355b7fe651bc2f?s=96&d=mm&r=g","caption":"Igor Maciel"},"description":"Graduado na Universidade Federal de Pernambuco, com extens\u00e3o na Universidade de Coimbra\/Portugal. Especialista LLM em Direito Corporativo pelo IBMEC\/RJ. Mestrando em Direito e Pol\u00edticas P\u00fablicas pelo UNICEUB\/DF. Advogado com atua\u00e7\u00e3o profissional centrada no Direito Tribut\u00e1rio e no Direito Administrativo, especialmente na defesa de servidores p\u00fablicos.","sameAs":["http:\/\/www.imaciel.com.br","https:\/\/www.facebook.com\/igor.maciel.1420"],"url":"https:\/\/www.estrategiaconcursos.com.br\/blog\/author\/contatoimaciel-com-br\/"}]}},"_links":{"self":[{"href":"https:\/\/www.estrategiaconcursos.com.br\/blog\/wp-json\/wp\/v2\/posts\/471438","targetHints":{"allow":["GET"]}}],"collection":[{"href":"https:\/\/www.estrategiaconcursos.com.br\/blog\/wp-json\/wp\/v2\/posts"}],"about":[{"href":"https:\/\/www.estrategiaconcursos.com.br\/blog\/wp-json\/wp\/v2\/types\/post"}],"author":[{"embeddable":true,"href":"https:\/\/www.estrategiaconcursos.com.br\/blog\/wp-json\/wp\/v2\/users\/317"}],"replies":[{"embeddable":true,"href":"https:\/\/www.estrategiaconcursos.com.br\/blog\/wp-json\/wp\/v2\/comments?post=471438"}],"version-history":[{"count":7,"href":"https:\/\/www.estrategiaconcursos.com.br\/blog\/wp-json\/wp\/v2\/posts\/471438\/revisions"}],"predecessor-version":[{"id":1093657,"href":"https:\/\/www.estrategiaconcursos.com.br\/blog\/wp-json\/wp\/v2\/posts\/471438\/revisions\/1093657"}],"wp:featuredmedia":[{"embeddable":true,"href":"https:\/\/www.estrategiaconcursos.com.br\/blog\/wp-json\/wp\/v2\/media\/455098"}],"wp:attachment":[{"href":"https:\/\/www.estrategiaconcursos.com.br\/blog\/wp-json\/wp\/v2\/media?parent=471438"}],"wp:term":[{"taxonomy":"category","embeddable":true,"href":"https:\/\/www.estrategiaconcursos.com.br\/blog\/wp-json\/wp\/v2\/categories?post=471438"},{"taxonomy":"post_tag","embeddable":true,"href":"https:\/\/www.estrategiaconcursos.com.br\/blog\/wp-json\/wp\/v2\/tags?post=471438"},{"taxonomy":"tax_estado","embeddable":true,"href":"https:\/\/www.estrategiaconcursos.com.br\/blog\/wp-json\/wp\/v2\/tax_estado?post=471438"}],"curies":[{"name":"wp","href":"https:\/\/api.w.org\/{rel}","templated":true}]}}