{"id":471227,"date":"2020-03-12T00:00:00","date_gmt":"2020-03-12T03:00:00","guid":{"rendered":"https:\/\/www.estrategiaconcursos.com.br\/blog\/?p=471227"},"modified":"2020-03-14T09:56:07","modified_gmt":"2020-03-14T12:56:07","slug":"edital-tj-rn-area-de-t-i","status":"publish","type":"post","link":"https:\/\/www.estrategiaconcursos.com.br\/blog\/edital-tj-rn-area-de-t-i\/","title":{"rendered":"Edital TJ RN \u00e1rea de T.I.: resultado preliminar da prova objetiva publicado"},"content":{"rendered":"\n<p>Foram publicados os resultado preliminares da prova objetiva do concurso TJ RN \u00e1rea de T.I. De acordo com o edital de abertura, a interposi\u00e7\u00e3o de recursos poder\u00e1 ser feita&nbsp;desde que se&nbsp;refira a erro de c\u00e1lculo da pontua\u00e7\u00e3o obtida. <\/p>\n\n\n\n<p>Confira abaixo o resultado da prova objetiva:<\/p>\n\n\n\n<p style=\"background-color:#fff346\" class=\"has-background has-text-align-center has-medium-font-size\"><a href=\"https:\/\/dhg1h5j42swfq.cloudfront.net\/2020\/03\/14094521\/candidatos_aptos_redacao-1.pdf\"><strong>Resultado preliminar prova objetiva<\/strong><\/a><\/p>\n\n\n\n<p>Al\u00e9m disso, foi publicado uma rela\u00e7\u00e3o com os candidatos aptos para a&nbsp;<strong>an\u00e1lise profissional espec\u00edfica.&nbsp;<\/strong>Nessa segunda avalia\u00e7\u00e3o, ser\u00e3o usados os seguintes crit\u00e9rios:<\/p>\n\n\n\n<ul class=\"wp-block-list\"><li>Tempo de experi\u00eancia espec\u00edfica em atividades de Tecnologia da Informa\u00e7\u00e3o e Comunica\u00e7\u00e3o no Poder P\u00fablico; e<\/li><li>Tempo de experi\u00eancia espec\u00edfica em atividades de Tecnologia da Informa\u00e7\u00e3o e Comunica\u00e7\u00e3o relacionada a ferramentas judiciais no Poder P\u00fablico.<\/li><\/ul>\n\n\n\n<p>O resultado da an\u00e1lise&nbsp;e o resultado final preliminar&nbsp;est\u00e3o previstos para os dias&nbsp;<strong>20 de mar\u00e7o<\/strong>&nbsp;e<strong>&nbsp;1\u00ba de abril<\/strong>, respectivamente.&nbsp;<\/p>\n\n\n\n<p>O processo seletivo simplificado visa o provimento de <strong>33 vagas de servidores tempor\u00e1rios do quadro de Tecnologia da Informa\u00e7\u00e3o e Comunica\u00e7\u00e3o (TIC) <\/strong>do Poder Judici\u00e1rio.   <\/p>\n\n\n\n<p>A remunera\u00e7\u00e3o dos cargos varia entre R$ 2.676,61 e R$ 5.520,16 para o regime de 40 horas semanais de trabalho. Al\u00e9m disso, os aprovados ter\u00e3o aux\u00edlio-alimenta\u00e7\u00e3o de R$ 1.400 e aux\u00edlio-sa\u00fade, o qual varia de R$ 800 a R$ 1.200, dependendo da idade do benefici\u00e1rio. <\/p>\n\n\n\n<p>Neste artigo voc\u00ea ficar\u00e1 a par das principais informa\u00e7\u00f5es sobre o certame, confira abaixo e n\u00e3o perca nenhum detalhe! <\/p>\n\n\n\n<ul class=\"wp-block-list\"><li><strong><em><a href=\"#principais-datas\">Principais datas<\/a><\/em><\/strong><\/li><li><strong><em><a href=\"#cargos-vagas\">Cargos, vagas e remunera\u00e7\u00f5es<\/a><\/em><\/strong><\/li><li><strong><em><a href=\"#etapas-concurso\">Etapas do concurso <\/a><\/em><\/strong><\/li><li><strong><em><a href=\"#curso-tj-rn\">Assinatura ilimitada e cursos<\/a><\/em><\/strong><\/li><li><em><strong><a href=\"#analise-edital\">An\u00e1lise de edital<\/a> <\/strong><\/em><\/li><li><strong><em><a href=\"#ficha-tj-rn\">Ficha t\u00e9cnica<\/a><\/em><\/strong><\/li><\/ul>\n\n\n\n<h2 class=\"wp-block-heading\" id=\"principais-datas\">Principais datas <\/h2>\n\n\n\n<p class=\"has-background has-very-light-gray-background-color\"><strong>Per\u00edodo de inscri\u00e7\u00f5es<\/strong>: 27 de janeiro a 4 de fevereiro  <br \/><strong>Isen\u00e7\u00e3o: <\/strong>27 a 30 de janeiro <br \/><strong>Data da Prova<\/strong>: 1.\u00ba de mar\u00e7o de 2020<strong><br \/>Taxa<\/strong>: R$ 80,00 (m\u00e9dio) e R$ 100,00 (superior) <\/p>\n\n\n\n<h2 class=\"wp-block-heading\" id=\"cargos-vagas\">Cargos, vagas e remunera\u00e7\u00f5es<\/h2>\n\n\n\n<p>O novo edital oferta <strong>33 vagas<\/strong> para <em>sete fun\u00e7\u00f5es diferentes<\/em>, todas na \u00e1rea de T.I., sendo 22 vagas para forma\u00e7\u00e3o em n\u00edvel superior mais 12 vagas destinadas para o n\u00edvel m\u00e9dio, como \u00e9 poss\u00edvel verificar a seguir:   <\/p>\n\n\n\n<p><\/p>\n\n\n\n<figure class=\"wp-block-table is-style-stripes\"><table class=\"has-subtle-pale-blue-background-color has-fixed-layout has-background\"><tbody><tr><td><strong>Cargos <\/strong><\/td><td><strong>Vagas<\/strong> <\/td><td><strong>N\u00edvel<\/strong> <\/td><td><strong>Remunera\u00e7\u00f5es <\/strong><\/td><\/tr><tr><td> Analista de suporte pleno \u2013 Infraestrutura <\/td><td> 6 <\/td><td>Superior na \u00e1rea de tecnologia da informa\u00e7\u00e3o e comunica\u00e7\u00e3o.  <\/td><td> R$ 5.142,80 <\/td><\/tr><tr><td> Coordenador t\u00e9cnico de atendimento e suporte <\/td><td>1<\/td><td>Superior na \u00e1rea de tecnologia da informa\u00e7\u00e3o e comunica\u00e7\u00e3o.   <\/td><td>  R$ 4.811,28 <\/td><\/tr><tr><td> Analista de suporte pleno \u2013 Banco de dados <\/td><td>6<\/td><td>Superior na \u00e1rea de tecnologia da informa\u00e7\u00e3o e comunica\u00e7\u00e3o.    <\/td><td>  R$ 5.142,80 <\/td><\/tr><tr><td> Analista de sistemas s\u00eanior <\/td><td>5<\/td><td> Superior na \u00e1rea de tecnologia da informa\u00e7\u00e3o e comunica\u00e7\u00e3o.     <\/td><td> R$ 5.520,16 <\/td><\/tr><tr><td> Administrador de Sites (Web Master) <\/td><td>3<\/td><td>Superior na \u00e1rea de tecnologia da informa\u00e7\u00e3o e comunica\u00e7\u00e3o.      <\/td><td>  R$ 5.520,16 <\/td><\/tr><tr><td> T\u00e9cnico de suporte s\u00eanior <\/td><td> 12 <\/td><td>M\u00e9dio<\/td><td>  R$ 2.676,61 <\/td><\/tr><\/tbody><\/table><\/figure>\n\n\n\n<h2 class=\"wp-block-heading\" id=\"etapas-concurso\">Etapas do concurso <\/h2>\n\n\n\n<p>O certame se dividir\u00e1 nas seguintes fases: <\/p>\n\n\n\n<ul class=\"wp-block-list\"><li><strong><em>Prova Objetiva<\/em>:<\/strong> car\u00e1ter eliminat\u00f3rio e classificat\u00f3rio<\/li><li><em><strong>An\u00e1lise Profissional<\/strong><\/em>: car\u00e1ter classificat\u00f3rio <\/li><\/ul>\n\n\n\n<h3 class=\"wp-block-heading\">Prova Objetiva <\/h3>\n\n\n\n<p>A prova objetiva de m\u00faltipla escolha ser\u00e1 composta de <strong>50 quest\u00f5es<\/strong>, a serem resolvidas no per\u00edodo m\u00e1ximo de <strong>4 horas<\/strong>, sendo assim divididas: <\/p>\n\n\n\n<ul class=\"wp-block-list\"><li>10 quest\u00f5es de <em>L\u00edngua Portuguesa<\/em>; <\/li><li>10 quest\u00f5es sobre <em>Lei de Organiza\u00e7\u00e3o Judici\u00e1ria<\/em> e <\/li><li>30 quest\u00f5es de <em>Conhecimentos Espec\u00edficos<\/em>.  <\/li><\/ul>\n\n\n\n<p>Cada quest\u00e3o valer\u00e1 um ponto. Ser\u00e3o classificados para a segunda etapa, de an\u00e1lise profissional espec\u00edfica, os candidatos que obtiverem, pelo menos, 50% de acertos das quest\u00f5es v\u00e1lidas da prova objetiva de m\u00faltipla escolha. <\/p>\n\n\n\n<h3 class=\"wp-block-heading\">An\u00e1lise Profissional <\/h3>\n\n\n\n<p> A an\u00e1lise profissional espec\u00edfica, para todos os cargos oferecidos, ter\u00e1 duas categorias: <\/p>\n\n\n\n<ol class=\"wp-block-list\"><li>Experi\u00eancia profissional espec\u00edfica na \u00e1rea de Tecnologia da Informa\u00e7\u00e3o e Comunica\u00e7\u00e3o; <\/li><li>Experi\u00eancia profissional espec\u00edfica em ferramentas judiciais.  <\/li><\/ol>\n\n\n\n<p>A prova de an\u00e1lise profissional espec\u00edfica, de car\u00e1ter classificat\u00f3rio, ser\u00e1 realizada por meio da comprova\u00e7\u00e3o de experi\u00eancia profissional espec\u00edfica, que constar\u00e1 de: <\/p>\n\n\n\n<ul class=\"wp-block-list\"><li> Atestado pessoal de atividade t\u00e9cnica relacionada \u00e0 Tecnologia da Informa\u00e7\u00e3o e Comunica\u00e7\u00e3o, em \u00f3rg\u00e3o p\u00fablico, constando o per\u00edodo e o tempo (em anos, meses e dias). <br \/><\/li><li>Atestado pessoal de atividade t\u00e9cnica relacionada \u00e0 Tecnologia da Informa\u00e7\u00e3o e Comunica\u00e7\u00e3o em ferramentas judiciais, em \u00f3rg\u00e3o p\u00fablico, constando o per\u00edodo e o tempo (em anos, meses e dias).  <\/li><\/ul>\n\n\n\n<p>O c\u00e1lculo da pontua\u00e7\u00e3o dos candidatos que comprovarem tempo de experi\u00eancia profissional, em ambos os casos, ser\u00e1 realizado conforme os crit\u00e9rios abaixo: <\/p>\n\n\n\n<p><\/p>\n\n\n\n<figure class=\"wp-block-table is-style-stripes\"><table class=\"has-subtle-pale-blue-background-color has-fixed-layout has-background\"><tbody><tr><td><strong>Tempo de experi\u00eancia espec\u00edfica no Poder P\u00fablico<\/strong> <strong>(em ferramentas judiciais ou n\u00e3o)<\/strong><\/td><td><strong>Atividade no Poder Judici\u00e1rio <\/strong><\/td><td><strong>Atividade em outros poderes <\/strong><\/td><\/tr><tr><td> At\u00e9 1 ano<\/td><td>2<\/td><td>&#8211;<\/td><\/tr><tr><td>De 1 ano e 1 dia at\u00e9 2 anos <\/td><td>4<\/td><td>2<\/td><\/tr><tr><td>De 2 anos e 1 dia at\u00e9 3 anos <\/td><td>6<\/td><td>3<\/td><\/tr><tr><td>De 3 anos e 1 dia at\u00e9 4 anos <\/td><td>8<\/td><td>4<\/td><\/tr><tr><td>De 4 anos e 1 dia at\u00e9 5 anos  <\/td><td>10<\/td><td>5<\/td><\/tr><tr><td>Mais de 5 anos  <\/td><td>12<\/td><td>6<\/td><\/tr><\/tbody><\/table><\/figure>\n\n\n\n<p>Ser\u00e1 permitida a<em><strong> acumula\u00e7\u00e3o dos pontos referentes \u00e0s atividades apresentadas nos dois crit\u00e9rios<\/strong><\/em>, sendo a pontua\u00e7\u00e3o final limitada ao m\u00e1ximo de<strong> 30 pontos<\/strong>. <\/p>\n\n\n\n<p>O envio da documenta\u00e7\u00e3o comprobat\u00f3ria para a prova de an\u00e1lise profissional ser\u00e1 feita, exclusivamente, via internet, a partir das 8 horas  do dia 17 de janeiro at\u00e9 \u00e0s 23 horas e 59 minutos do dia 06 de fevereiro, observados o hor\u00e1rio local de Natal. <\/p>\n\n\n\n<h3 class=\"wp-block-heading\">Classifica\u00e7\u00e3o Final <\/h3>\n\n\n\n<p>A nota final ser\u00e1 calculada pela soma dos pontos obtidos na prova de m\u00faltipla escolha com os obtidos na prova de an\u00e1lise profissional espec\u00edfica. A classifica\u00e7\u00e3o final, por cargo, ser\u00e1 feita em ordem decrescente da nota final dos candidatos. <\/p>\n\n\n\n<p style=\"font-size:25px\" class=\"has-background has-text-align-center has-light-green-cyan-background-color\"><em><strong>Mais informa\u00e7\u00f5es<\/strong><\/em>: <a href=\"https:\/\/www.estrategiaconcursos.com.br\/blog\/concurso-tj-rn\/\" target=\"_blank\" rel=\"noreferrer noopener\" aria-label=\"Concurso TJ RN (abre numa nova aba)\"><strong>Concurso TJ RN<\/strong><\/a> <\/p>\n\n\n\n<h2 class=\"wp-block-heading\" id=\"curso-tj-rn\"><strong><em>Quer estudar para Concurso TJ RN?<\/em><\/strong><\/h2>\n\n\n\n<p style=\"font-size:25px\" class=\"has-text-color has-background has-text-align-center has-vivid-cyan-blue-color has-luminous-vivid-amber-background-color\"><a href=\"https:\/\/www.estrategiaconcursos.com.br\/cursosPorConcurso\/tribunal-de-justica-do-rio-grande-do-norte-tj-rn\/\" target=\"_blank\" rel=\"noreferrer noopener\" aria-label=\"CURSO TJ RN (abre numa nova aba)\">CURSO TJ RN<\/a><\/p>\n\n\n\n<p style=\"font-size:25px\" class=\"has-text-align-center\"><em><strong>Assinatura Anual Ilimitada*<\/strong><\/em><\/p>\n\n\n\n<p class=\"has-text-align-center\"><em>Prepare-se com o melhor material e com quem mais aprova em Concursos P\u00fablicos em todo o pa\u00eds. Assine agora a nossa Assinatura Anual e tenha acesso ilimitado* a todos os nossos cursos.<\/em><\/p>\n\n\n\n<p style=\"font-size:25px\" class=\"has-background has-text-align-center has-very-light-gray-background-color\"><strong>ASSINE AGORA<\/strong>&nbsp;\u2013&nbsp;<a rel=\"noreferrer noopener\" href=\"https:\/\/www.estrategiaconcursos.com.br\/assinaturas\" target=\"_blank\"><strong>Assinatura Ilimitada<\/strong><\/a><\/p>\n\n\n\n<p class=\"has-background has-text-align-center has-medium-font-size has-pale-cyan-blue-background-color\"><strong><a href=\"https:\/\/www.estrategiaconcursos.com.br\/blog\/concursos-abertos\/\">CONCURSOS ABERTOS<\/a><\/strong><\/p>\n\n\n\n<p class=\"has-background has-text-align-center has-medium-font-size has-pale-cyan-blue-background-color\"><a href=\"https:\/\/www.estrategiaconcursos.com.br\/blog\/concursos-2020\/\"><strong>CONCURSOS<\/strong><\/a><strong><a href=\"https:\/\/www.estrategiaconcursos.com.br\/blog\/concursos-2020\/\">&nbsp;2020<\/a><\/strong><\/p>\n\n\n\n<p class=\"has-background has-text-align-center has-medium-font-size has-pale-cyan-blue-background-color\"><strong><a href=\"https:\/\/www.estrategiaconcursos.com.br\/blog\/concursos-tribunais-2019\/\" target=\"_blank\" rel=\"noreferrer noopener\" aria-label=\" (abre numa nova aba)\">CONCURSOS&nbsp;TRIBUNAIS<\/a><\/strong><\/p>\n\n\n\n<figure class=\"wp-block-image\"><img loading=\"lazy\" decoding=\"async\" width=\"300\" height=\"102\" src=\"https:\/\/dhg1h5j42swfq.cloudfront.net\/2017\/03\/28152500\/coruja-ficha-tecnica-300x102.png\" alt=\"Ficha t\u00e9cnica edital TJ RN\" class=\"wp-image-68542\"\/><\/figure>\n\n\n\n<h4 class=\"wp-block-heading\" id=\"ficha-tj-rn\"><strong>\u2666Informa\u00e7\u00f5es do pr\u00f3ximo Concurso TJ RN<\/strong><\/h4>\n\n\n\n<p>\u25ba<strong>Data: <\/strong>1.\u00ba de mar\u00e7o de 2020<br \/>\u25ba<strong>Vagas: <\/strong>33 vagas<br \/>\u25ba<b>Cargos:<\/b> na \u00e1rea de Tecnologia da Informa\u00e7\u00e3o<br \/>\u25ba <strong>Escolaridade:<\/strong>M\u00e9dio e Superior<strong><br \/>\u25baBanca:<\/strong> UFRN\/COMPERVE<br \/><strong>\u25baEdital<\/strong>: <a href=\"https:\/\/dhg1h5j42swfq.cloudfront.net\/2020\/01\/22101651\/Edital_TJRN_-_Republicado.pdf\">Edital TJ RN 2020 T.I.<\/a><\/p>\n\n\n\n<p> Ascom Estrat\u00e9gia<br \/>ascomestrategia@gmail.com <\/p>\n","protected":false},"excerpt":{"rendered":"<p>Foram publicados os resultado preliminares da prova objetiva do concurso TJ RN \u00e1rea de T.I. De acordo com o edital de abertura, a interposi\u00e7\u00e3o de recursos poder\u00e1 ser feita&nbsp;desde que se&nbsp;refira a erro de c\u00e1lculo da pontua\u00e7\u00e3o obtida. Confira abaixo o resultado da prova objetiva: Resultado preliminar prova objetiva Al\u00e9m disso, foi publicado uma rela\u00e7\u00e3o [&hellip;]<\/p>\n","protected":false},"author":1094,"featured_media":465626,"comment_status":"open","ping_status":"closed","sticky":false,"template":"","format":"standard","meta":{"post_tipo":"article","footnotes":""},"categories":[1,1984],"tags":[],"tax_estado":[],"class_list":["post-471227","post","type-post","status-publish","format-standard","has-post-thumbnail","hentry","category-cursos-e-concursos","category-tribunais"],"acf":[],"yoast_head":"<!-- This site is optimized with the Yoast SEO Premium plugin v27.2 (Yoast SEO v27.2) - https:\/\/yoast.com\/product\/yoast-seo-premium-wordpress\/ -->\n<title>Edital TJ RN \u00e1rea de T.I.: resultado preliminar da prova objetiva publicado<\/title>\n<meta name=\"description\" content=\"Edital TJ RN \u00e1rea de T.I.: resultado preliminar da prova objetiva \u00e9 divulgado. S\u00e3o 33 vagas em cargos de n\u00edvel m\u00e9dio e superior para a \u00e1rea de T.I.\" \/>\n<meta name=\"robots\" content=\"index, follow, max-snippet:-1, max-image-preview:large, max-video-preview:-1\" \/>\n<link rel=\"canonical\" href=\"https:\/\/www.estrategiaconcursos.com.br\/blog\/edital-tj-rn-area-de-t-i\/\" \/>\n<meta property=\"og:locale\" content=\"pt_BR\" \/>\n<meta property=\"og:type\" content=\"article\" \/>\n<meta property=\"og:title\" content=\"Edital TJ RN \u00e1rea de T.I.: resultado preliminar da prova objetiva publicado\" \/>\n<meta property=\"og:description\" content=\"Edital TJ RN \u00e1rea de T.I.: resultado preliminar da prova objetiva \u00e9 divulgado. S\u00e3o 33 vagas em cargos de n\u00edvel m\u00e9dio e superior para a \u00e1rea de T.I.\" \/>\n<meta property=\"og:url\" content=\"https:\/\/www.estrategiaconcursos.com.br\/blog\/edital-tj-rn-area-de-t-i\/\" \/>\n<meta property=\"og:site_name\" content=\"Estrat\u00e9gia Concursos\" \/>\n<meta property=\"article:published_time\" content=\"2020-03-12T03:00:00+00:00\" \/>\n<meta property=\"article:modified_time\" content=\"2020-03-14T12:56:07+00:00\" \/>\n<meta property=\"og:image\" content=\"https:\/\/dhg1h5j42swfq.cloudfront.net\/2020\/01\/03161813\/JORNALISMO_TJ_RN.jpg\" \/>\n\t<meta property=\"og:image:width\" content=\"1200\" \/>\n\t<meta property=\"og:image:height\" content=\"628\" \/>\n\t<meta property=\"og:image:type\" content=\"image\/jpeg\" \/>\n<meta name=\"author\" content=\"Paulo Sousa (Coord.)\" \/>\n<meta name=\"twitter:card\" content=\"summary_large_image\" \/>\n<meta name=\"twitter:creator\" content=\"@EstratConcursos\" \/>\n<meta name=\"twitter:site\" content=\"@EstratConcursos\" \/>\n<meta name=\"twitter:label1\" content=\"Escrito por\" \/>\n\t<meta name=\"twitter:data1\" content=\"Paulo Sousa (Coord.)\" \/>\n\t<meta name=\"twitter:label2\" content=\"Est. tempo de leitura\" \/>\n\t<meta name=\"twitter:data2\" content=\"5 minutos\" \/>\n<script type=\"application\/ld+json\" class=\"yoast-schema-graph\">{\"@context\":\"https:\/\/schema.org\",\"@graph\":[{\"@type\":\"NewsArticle\",\"@id\":\"https:\/\/www.estrategiaconcursos.com.br\/blog\/edital-tj-rn-area-de-t-i\/#article\",\"isPartOf\":{\"@id\":\"https:\/\/www.estrategiaconcursos.com.br\/blog\/edital-tj-rn-area-de-t-i\/\"},\"author\":{\"name\":\"Paulo Sousa (Coord.)\",\"@id\":\"https:\/\/www.estrategiaconcursos.com.br\/blog\/#\/schema\/person\/f6cf94f3aa8ed75620a4506ad577b88a\"},\"headline\":\"Edital TJ RN \u00e1rea de T.I.: resultado preliminar da prova objetiva publicado\",\"datePublished\":\"2020-03-12T03:00:00+00:00\",\"dateModified\":\"2020-03-14T12:56:07+00:00\",\"mainEntityOfPage\":{\"@id\":\"https:\/\/www.estrategiaconcursos.com.br\/blog\/edital-tj-rn-area-de-t-i\/\"},\"wordCount\":1024,\"commentCount\":0,\"publisher\":{\"@id\":\"https:\/\/www.estrategiaconcursos.com.br\/blog\/#organization\"},\"image\":{\"@id\":\"https:\/\/www.estrategiaconcursos.com.br\/blog\/edital-tj-rn-area-de-t-i\/#primaryimage\"},\"thumbnailUrl\":\"https:\/\/dhg1h5j42swfq.cloudfront.net\/2020\/01\/03161813\/JORNALISMO_TJ_RN.jpg\",\"articleSection\":[\"Concursos P\u00fablicos\",\"Tribunais\"],\"inLanguage\":\"pt-BR\",\"potentialAction\":[{\"@type\":\"CommentAction\",\"name\":\"Comment\",\"target\":[\"https:\/\/www.estrategiaconcursos.com.br\/blog\/edital-tj-rn-area-de-t-i\/#respond\"]}],\"copyrightYear\":\"2020\",\"copyrightHolder\":{\"@id\":\"https:\/\/www.estrategiaconcursos.com.br\/blog\/#organization\"}},{\"@type\":\"WebPage\",\"@id\":\"https:\/\/www.estrategiaconcursos.com.br\/blog\/edital-tj-rn-area-de-t-i\/\",\"url\":\"https:\/\/www.estrategiaconcursos.com.br\/blog\/edital-tj-rn-area-de-t-i\/\",\"name\":\"Edital TJ RN \u00e1rea de T.I.: resultado preliminar da prova objetiva publicado\",\"isPartOf\":{\"@id\":\"https:\/\/www.estrategiaconcursos.com.br\/blog\/#website\"},\"primaryImageOfPage\":{\"@id\":\"https:\/\/www.estrategiaconcursos.com.br\/blog\/edital-tj-rn-area-de-t-i\/#primaryimage\"},\"image\":{\"@id\":\"https:\/\/www.estrategiaconcursos.com.br\/blog\/edital-tj-rn-area-de-t-i\/#primaryimage\"},\"thumbnailUrl\":\"https:\/\/dhg1h5j42swfq.cloudfront.net\/2020\/01\/03161813\/JORNALISMO_TJ_RN.jpg\",\"datePublished\":\"2020-03-12T03:00:00+00:00\",\"dateModified\":\"2020-03-14T12:56:07+00:00\",\"description\":\"Edital TJ RN \u00e1rea de T.I.: resultado preliminar da prova objetiva \u00e9 divulgado. S\u00e3o 33 vagas em cargos de n\u00edvel m\u00e9dio e superior para a \u00e1rea de T.I.\",\"breadcrumb\":{\"@id\":\"https:\/\/www.estrategiaconcursos.com.br\/blog\/edital-tj-rn-area-de-t-i\/#breadcrumb\"},\"inLanguage\":\"pt-BR\",\"potentialAction\":[{\"@type\":\"ReadAction\",\"target\":[\"https:\/\/www.estrategiaconcursos.com.br\/blog\/edital-tj-rn-area-de-t-i\/\"]}]},{\"@type\":\"ImageObject\",\"inLanguage\":\"pt-BR\",\"@id\":\"https:\/\/www.estrategiaconcursos.com.br\/blog\/edital-tj-rn-area-de-t-i\/#primaryimage\",\"url\":\"https:\/\/dhg1h5j42swfq.cloudfront.net\/2020\/01\/03161813\/JORNALISMO_TJ_RN.jpg\",\"contentUrl\":\"https:\/\/dhg1h5j42swfq.cloudfront.net\/2020\/01\/03161813\/JORNALISMO_TJ_RN.jpg\",\"width\":1200,\"height\":628,\"caption\":\"concurso cart\u00f3rio rn\"},{\"@type\":\"BreadcrumbList\",\"@id\":\"https:\/\/www.estrategiaconcursos.com.br\/blog\/edital-tj-rn-area-de-t-i\/#breadcrumb\",\"itemListElement\":[{\"@type\":\"ListItem\",\"position\":1,\"name\":\"In\u00edcio\",\"item\":\"https:\/\/www.estrategiaconcursos.com.br\/blog\/\"},{\"@type\":\"ListItem\",\"position\":2,\"name\":\"Edital TJ RN \u00e1rea de T.I.: resultado preliminar da prova objetiva publicado\"}]},{\"@type\":\"WebSite\",\"@id\":\"https:\/\/www.estrategiaconcursos.com.br\/blog\/#website\",\"url\":\"https:\/\/www.estrategiaconcursos.com.br\/blog\/\",\"name\":\"Estrat\u00e9gia Concursos\",\"description\":\"O blog da Estrat\u00e9gia Concursos traz not\u00edcias sobre concursos e artigos de professores oferecendo cursos para concursos (pdf + videaulas) no site.\",\"publisher\":{\"@id\":\"https:\/\/www.estrategiaconcursos.com.br\/blog\/#organization\"},\"potentialAction\":[{\"@type\":\"SearchAction\",\"target\":{\"@type\":\"EntryPoint\",\"urlTemplate\":\"https:\/\/www.estrategiaconcursos.com.br\/blog\/?s={search_term_string}\"},\"query-input\":{\"@type\":\"PropertyValueSpecification\",\"valueRequired\":true,\"valueName\":\"search_term_string\"}}],\"inLanguage\":\"pt-BR\"},{\"@type\":\"Organization\",\"@id\":\"https:\/\/www.estrategiaconcursos.com.br\/blog\/#organization\",\"name\":\"Estrat\u00e9gia Concursos\",\"url\":\"https:\/\/www.estrategiaconcursos.com.br\/blog\/\",\"logo\":{\"@type\":\"ImageObject\",\"inLanguage\":\"pt-BR\",\"@id\":\"https:\/\/www.estrategiaconcursos.com.br\/blog\/#\/schema\/logo\/image\/\",\"url\":\"https:\/\/dhg1h5j42swfq.cloudfront.net\/2025\/06\/03203428\/logo_concursos-1.jpg\",\"contentUrl\":\"https:\/\/dhg1h5j42swfq.cloudfront.net\/2025\/06\/03203428\/logo_concursos-1.jpg\",\"width\":230,\"height\":60,\"caption\":\"Estrat\u00e9gia Concursos\"},\"image\":{\"@id\":\"https:\/\/www.estrategiaconcursos.com.br\/blog\/#\/schema\/logo\/image\/\"},\"sameAs\":[\"https:\/\/x.com\/EstratConcursos\"]},{\"@type\":\"Person\",\"@id\":\"https:\/\/www.estrategiaconcursos.com.br\/blog\/#\/schema\/person\/f6cf94f3aa8ed75620a4506ad577b88a\",\"name\":\"Paulo Sousa (Coord.)\",\"image\":{\"@type\":\"ImageObject\",\"inLanguage\":\"pt-BR\",\"@id\":\"https:\/\/secure.gravatar.com\/avatar\/29f9e2d4ed868d929b68f3762e3577b9db519beed74b347b76e194f9a3293cf1?s=96&d=mm&r=g\",\"url\":\"https:\/\/secure.gravatar.com\/avatar\/29f9e2d4ed868d929b68f3762e3577b9db519beed74b347b76e194f9a3293cf1?s=96&d=mm&r=g\",\"contentUrl\":\"https:\/\/secure.gravatar.com\/avatar\/29f9e2d4ed868d929b68f3762e3577b9db519beed74b347b76e194f9a3293cf1?s=96&d=mm&r=g\",\"caption\":\"Paulo Sousa (Coord.)\"},\"url\":\"https:\/\/www.estrategiaconcursos.com.br\/blog\/author\/prof-phmsestrategiaconcursos-com-br\/\"}]}<\/script>\n<!-- \/ Yoast SEO Premium plugin. -->","yoast_head_json":{"title":"Edital TJ RN \u00e1rea de T.I.: resultado preliminar da prova objetiva publicado","description":"Edital TJ RN \u00e1rea de T.I.: resultado preliminar da prova objetiva \u00e9 divulgado. S\u00e3o 33 vagas em cargos de n\u00edvel m\u00e9dio e superior para a \u00e1rea de T.I.","robots":{"index":"index","follow":"follow","max-snippet":"max-snippet:-1","max-image-preview":"max-image-preview:large","max-video-preview":"max-video-preview:-1"},"canonical":"https:\/\/www.estrategiaconcursos.com.br\/blog\/edital-tj-rn-area-de-t-i\/","og_locale":"pt_BR","og_type":"article","og_title":"Edital TJ RN \u00e1rea de T.I.: resultado preliminar da prova objetiva publicado","og_description":"Edital TJ RN \u00e1rea de T.I.: resultado preliminar da prova objetiva \u00e9 divulgado. S\u00e3o 33 vagas em cargos de n\u00edvel m\u00e9dio e superior para a \u00e1rea de T.I.","og_url":"https:\/\/www.estrategiaconcursos.com.br\/blog\/edital-tj-rn-area-de-t-i\/","og_site_name":"Estrat\u00e9gia Concursos","article_published_time":"2020-03-12T03:00:00+00:00","article_modified_time":"2020-03-14T12:56:07+00:00","og_image":[{"width":1200,"height":628,"url":"https:\/\/dhg1h5j42swfq.cloudfront.net\/2020\/01\/03161813\/JORNALISMO_TJ_RN.jpg","type":"image\/jpeg"}],"author":"Paulo Sousa (Coord.)","twitter_card":"summary_large_image","twitter_creator":"@EstratConcursos","twitter_site":"@EstratConcursos","twitter_misc":{"Escrito por":"Paulo Sousa (Coord.)","Est. tempo de leitura":"5 minutos"},"schema":{"@context":"https:\/\/schema.org","@graph":[{"@type":"NewsArticle","@id":"https:\/\/www.estrategiaconcursos.com.br\/blog\/edital-tj-rn-area-de-t-i\/#article","isPartOf":{"@id":"https:\/\/www.estrategiaconcursos.com.br\/blog\/edital-tj-rn-area-de-t-i\/"},"author":{"name":"Paulo Sousa (Coord.)","@id":"https:\/\/www.estrategiaconcursos.com.br\/blog\/#\/schema\/person\/f6cf94f3aa8ed75620a4506ad577b88a"},"headline":"Edital TJ RN \u00e1rea de T.I.: resultado preliminar da prova objetiva publicado","datePublished":"2020-03-12T03:00:00+00:00","dateModified":"2020-03-14T12:56:07+00:00","mainEntityOfPage":{"@id":"https:\/\/www.estrategiaconcursos.com.br\/blog\/edital-tj-rn-area-de-t-i\/"},"wordCount":1024,"commentCount":0,"publisher":{"@id":"https:\/\/www.estrategiaconcursos.com.br\/blog\/#organization"},"image":{"@id":"https:\/\/www.estrategiaconcursos.com.br\/blog\/edital-tj-rn-area-de-t-i\/#primaryimage"},"thumbnailUrl":"https:\/\/dhg1h5j42swfq.cloudfront.net\/2020\/01\/03161813\/JORNALISMO_TJ_RN.jpg","articleSection":["Concursos P\u00fablicos","Tribunais"],"inLanguage":"pt-BR","potentialAction":[{"@type":"CommentAction","name":"Comment","target":["https:\/\/www.estrategiaconcursos.com.br\/blog\/edital-tj-rn-area-de-t-i\/#respond"]}],"copyrightYear":"2020","copyrightHolder":{"@id":"https:\/\/www.estrategiaconcursos.com.br\/blog\/#organization"}},{"@type":"WebPage","@id":"https:\/\/www.estrategiaconcursos.com.br\/blog\/edital-tj-rn-area-de-t-i\/","url":"https:\/\/www.estrategiaconcursos.com.br\/blog\/edital-tj-rn-area-de-t-i\/","name":"Edital TJ RN \u00e1rea de T.I.: resultado preliminar da prova objetiva publicado","isPartOf":{"@id":"https:\/\/www.estrategiaconcursos.com.br\/blog\/#website"},"primaryImageOfPage":{"@id":"https:\/\/www.estrategiaconcursos.com.br\/blog\/edital-tj-rn-area-de-t-i\/#primaryimage"},"image":{"@id":"https:\/\/www.estrategiaconcursos.com.br\/blog\/edital-tj-rn-area-de-t-i\/#primaryimage"},"thumbnailUrl":"https:\/\/dhg1h5j42swfq.cloudfront.net\/2020\/01\/03161813\/JORNALISMO_TJ_RN.jpg","datePublished":"2020-03-12T03:00:00+00:00","dateModified":"2020-03-14T12:56:07+00:00","description":"Edital TJ RN \u00e1rea de T.I.: resultado preliminar da prova objetiva \u00e9 divulgado. S\u00e3o 33 vagas em cargos de n\u00edvel m\u00e9dio e superior para a \u00e1rea de T.I.","breadcrumb":{"@id":"https:\/\/www.estrategiaconcursos.com.br\/blog\/edital-tj-rn-area-de-t-i\/#breadcrumb"},"inLanguage":"pt-BR","potentialAction":[{"@type":"ReadAction","target":["https:\/\/www.estrategiaconcursos.com.br\/blog\/edital-tj-rn-area-de-t-i\/"]}]},{"@type":"ImageObject","inLanguage":"pt-BR","@id":"https:\/\/www.estrategiaconcursos.com.br\/blog\/edital-tj-rn-area-de-t-i\/#primaryimage","url":"https:\/\/dhg1h5j42swfq.cloudfront.net\/2020\/01\/03161813\/JORNALISMO_TJ_RN.jpg","contentUrl":"https:\/\/dhg1h5j42swfq.cloudfront.net\/2020\/01\/03161813\/JORNALISMO_TJ_RN.jpg","width":1200,"height":628,"caption":"concurso cart\u00f3rio rn"},{"@type":"BreadcrumbList","@id":"https:\/\/www.estrategiaconcursos.com.br\/blog\/edital-tj-rn-area-de-t-i\/#breadcrumb","itemListElement":[{"@type":"ListItem","position":1,"name":"In\u00edcio","item":"https:\/\/www.estrategiaconcursos.com.br\/blog\/"},{"@type":"ListItem","position":2,"name":"Edital TJ RN \u00e1rea de T.I.: resultado preliminar da prova objetiva publicado"}]},{"@type":"WebSite","@id":"https:\/\/www.estrategiaconcursos.com.br\/blog\/#website","url":"https:\/\/www.estrategiaconcursos.com.br\/blog\/","name":"Estrat\u00e9gia Concursos","description":"O blog da Estrat\u00e9gia Concursos traz not\u00edcias sobre concursos e artigos de professores oferecendo cursos para concursos (pdf + videaulas) no site.","publisher":{"@id":"https:\/\/www.estrategiaconcursos.com.br\/blog\/#organization"},"potentialAction":[{"@type":"SearchAction","target":{"@type":"EntryPoint","urlTemplate":"https:\/\/www.estrategiaconcursos.com.br\/blog\/?s={search_term_string}"},"query-input":{"@type":"PropertyValueSpecification","valueRequired":true,"valueName":"search_term_string"}}],"inLanguage":"pt-BR"},{"@type":"Organization","@id":"https:\/\/www.estrategiaconcursos.com.br\/blog\/#organization","name":"Estrat\u00e9gia Concursos","url":"https:\/\/www.estrategiaconcursos.com.br\/blog\/","logo":{"@type":"ImageObject","inLanguage":"pt-BR","@id":"https:\/\/www.estrategiaconcursos.com.br\/blog\/#\/schema\/logo\/image\/","url":"https:\/\/dhg1h5j42swfq.cloudfront.net\/2025\/06\/03203428\/logo_concursos-1.jpg","contentUrl":"https:\/\/dhg1h5j42swfq.cloudfront.net\/2025\/06\/03203428\/logo_concursos-1.jpg","width":230,"height":60,"caption":"Estrat\u00e9gia Concursos"},"image":{"@id":"https:\/\/www.estrategiaconcursos.com.br\/blog\/#\/schema\/logo\/image\/"},"sameAs":["https:\/\/x.com\/EstratConcursos"]},{"@type":"Person","@id":"https:\/\/www.estrategiaconcursos.com.br\/blog\/#\/schema\/person\/f6cf94f3aa8ed75620a4506ad577b88a","name":"Paulo Sousa (Coord.)","image":{"@type":"ImageObject","inLanguage":"pt-BR","@id":"https:\/\/secure.gravatar.com\/avatar\/29f9e2d4ed868d929b68f3762e3577b9db519beed74b347b76e194f9a3293cf1?s=96&d=mm&r=g","url":"https:\/\/secure.gravatar.com\/avatar\/29f9e2d4ed868d929b68f3762e3577b9db519beed74b347b76e194f9a3293cf1?s=96&d=mm&r=g","contentUrl":"https:\/\/secure.gravatar.com\/avatar\/29f9e2d4ed868d929b68f3762e3577b9db519beed74b347b76e194f9a3293cf1?s=96&d=mm&r=g","caption":"Paulo Sousa (Coord.)"},"url":"https:\/\/www.estrategiaconcursos.com.br\/blog\/author\/prof-phmsestrategiaconcursos-com-br\/"}]}},"_links":{"self":[{"href":"https:\/\/www.estrategiaconcursos.com.br\/blog\/wp-json\/wp\/v2\/posts\/471227","targetHints":{"allow":["GET"]}}],"collection":[{"href":"https:\/\/www.estrategiaconcursos.com.br\/blog\/wp-json\/wp\/v2\/posts"}],"about":[{"href":"https:\/\/www.estrategiaconcursos.com.br\/blog\/wp-json\/wp\/v2\/types\/post"}],"author":[{"embeddable":true,"href":"https:\/\/www.estrategiaconcursos.com.br\/blog\/wp-json\/wp\/v2\/users\/1094"}],"replies":[{"embeddable":true,"href":"https:\/\/www.estrategiaconcursos.com.br\/blog\/wp-json\/wp\/v2\/comments?post=471227"}],"version-history":[{"count":29,"href":"https:\/\/www.estrategiaconcursos.com.br\/blog\/wp-json\/wp\/v2\/posts\/471227\/revisions"}],"predecessor-version":[{"id":492395,"href":"https:\/\/www.estrategiaconcursos.com.br\/blog\/wp-json\/wp\/v2\/posts\/471227\/revisions\/492395"}],"wp:featuredmedia":[{"embeddable":true,"href":"https:\/\/www.estrategiaconcursos.com.br\/blog\/wp-json\/wp\/v2\/media\/465626"}],"wp:attachment":[{"href":"https:\/\/www.estrategiaconcursos.com.br\/blog\/wp-json\/wp\/v2\/media?parent=471227"}],"wp:term":[{"taxonomy":"category","embeddable":true,"href":"https:\/\/www.estrategiaconcursos.com.br\/blog\/wp-json\/wp\/v2\/categories?post=471227"},{"taxonomy":"post_tag","embeddable":true,"href":"https:\/\/www.estrategiaconcursos.com.br\/blog\/wp-json\/wp\/v2\/tags?post=471227"},{"taxonomy":"tax_estado","embeddable":true,"href":"https:\/\/www.estrategiaconcursos.com.br\/blog\/wp-json\/wp\/v2\/tax_estado?post=471227"}],"curies":[{"name":"wp","href":"https:\/\/api.w.org\/{rel}","templated":true}]}}