{"id":471084,"date":"2026-01-03T09:17:25","date_gmt":"2026-01-03T12:17:25","guid":{"rendered":"https:\/\/www.estrategiaconcursos.com.br\/blog\/?p=471084"},"modified":"2026-01-07T09:17:02","modified_gmt":"2026-01-07T12:17:02","slug":"concurso-prefeitura-canoas","status":"publish","type":"post","link":"https:\/\/www.estrategiaconcursos.com.br\/blog\/concurso-prefeitura-canoas\/","title":{"rendered":"Concurso Prefeitura Canoas: gabaritos preliminares divulgados!"},"content":{"rendered":"\n<p style=\"font-size:clamp(15.197px, 0.95rem + ((1vw - 3.2px) * 0.765), 23px);\"><strong><em>Concurso Prefeitura Canoas: oportunidades para n\u00edveis m\u00e9dio e superior com sal\u00e1rios que podem atingir R$ 16,8 mil<\/em><\/strong><\/p>\n\n\n\n<p>J\u00e1 \u00e9 poss\u00edvel consultar os gabaritos preliminares das provas objetivas (dias 09, 16 e 23 de julho) do <strong>concurso da Prefeitura de <a href=\"https:\/\/www.estrategiaconcursos.com.br\/cursosPorConcurso\/prefeitura-municipal-de-canoas-rs\/\" target=\"_blank\" rel=\"noreferrer noopener\">Canoas<\/a><\/strong>. Confira abaixo:<\/p>\n\n\n\n<ul class=\"wp-block-list\">\n<li><a href=\"https:\/\/dhg1h5j42swfq.cloudfront.net\/2023\/07\/17170613\/auxvuevzzzfu1x8xcnynctjsxj3haqnrq67hjfxk-1.pdf\" target=\"_blank\" rel=\"noreferrer noopener nofollow\">Gabarito provas dia 09\/07<\/a><\/li>\n\n\n\n<li><a href=\"https:\/\/dhg1h5j42swfq.cloudfront.net\/2023\/07\/17170610\/r2a3y3g22xqdakxomztqo3c68rigc3kjhg93cqfm.pdf\" target=\"_blank\" rel=\"noreferrer noopener nofollow\">Gabarito provas dia 16\/07<\/a><\/li>\n\n\n\n<li><a href=\"https:\/\/dhg1h5j42swfq.cloudfront.net\/2023\/07\/24145154\/ncgirtrvdp7to1ulik2ut2h29q9bc0qp0csqka1w.pdf\" target=\"_blank\" rel=\"noreferrer noopener nofollow\">Gabarito provas dia 23\/07<\/a><\/li>\n<\/ul>\n\n\n\n<p>Os candidatos insatisfeitos com os gabaritos do dia 23 poder\u00e3o<strong> interpor recursos<\/strong> contra os documentos entre os dias <strong>25 a 27 de julho<\/strong>. Para as provas do dias 09 e 16, o prazo j\u00e1 foi encerrado.<\/p>\n\n\n\n<p>Vale lembrar que existem quatro editais publicados, sendo que ainda haver\u00e1 aplica\u00e7\u00e3o de prova no dia <strong>30 de julho<\/strong>. A depender do cargo, ainda ser\u00e3o realizadas outras <a href=\"#etapas\">etapas<\/a>.<\/p>\n\n\n\n<p>As oportunidades s\u00e3o para cargos de <strong>n\u00edveis m\u00e9dio e superior<\/strong>, com remunera\u00e7\u00f5es iniciais que variam de <strong>R$ 2,7 mil a R$ 16,8 mil<\/strong>.<\/p>\n\n\n\n<ul style=\"background-color:#eeefef\" class=\"wp-block-list has-background\">\n<li><strong>Prefeitura Municipal de Canoas &#8211; RS <\/strong><\/li>\n\n\n\n<li><strong style=\"color: initial;\">Situa\u00e7\u00e3o:<\/strong><span style=\"color: initial;\">&nbsp;Prova dias <s>09 16, 23<\/s> e 30<\/span>\/07<\/li>\n\n\n\n<li><strong>Banca:<\/strong>&nbsp;Objetiva <\/li>\n\n\n\n<li><strong>Vagas:<\/strong>&nbsp;CR<\/li>\n\n\n\n<li><strong>Sal\u00e1rio inicial:<\/strong>&nbsp;R$ 2.799,61 a R$ 16.816,03<\/li>\n\n\n\n<li><strong>Editais:<\/strong> <a href=\"https:\/\/dhg1h5j42swfq.cloudfront.net\/2023\/05\/22132525\/130.pdf\" target=\"_blank\" rel=\"noreferrer noopener nofollow\">130\/T\u00e9cnico<\/a> | <a href=\"https:\/\/dhg1h5j42swfq.cloudfront.net\/2023\/05\/22132520\/131.pdf\" target=\"_blank\" rel=\"noreferrer noopener nofollow\">131\/GCM<\/a> | <a href=\"https:\/\/dhg1h5j42swfq.cloudfront.net\/2023\/05\/22132514\/yy5biypwqa7xpl5ihpqgjxhs29nfo9d8jl0ngsks.pdf\" target=\"_blank\" rel=\"noreferrer noopener nofollow\">132\/Analista<\/a> | <a href=\"https:\/\/dhg1h5j42swfq.cloudfront.net\/2023\/05\/22132509\/133.pdf\" target=\"_blank\" rel=\"noreferrer noopener nofollow\">133\/Educa\u00e7\u00e3o<\/a><\/li>\n<\/ul>\n\n\n\n<p>Confira neste artigo mais informa\u00e7\u00f5es sobre o concurso Canoas e os detalhes de seu edital. Acompanhe pelos t\u00f3picos abaixo:<\/p>\n\n\n\n<ul id=\"indice\" class=\"wp-block-list\">\n<li><a href=\"#datas\"><strong>Principais datas<\/strong><\/a><\/li>\n\n\n\n<li><a href=\"#vagas\"><strong>Distribui\u00e7\u00e3o das vagas<\/strong><\/a>\n<ul class=\"wp-block-list\">\n<li><a href=\"#tecnico\">T\u00e9cnico<\/a><\/li>\n\n\n\n<li><a href=\"#analista\">Analista<\/a><\/li>\n\n\n\n<li><a href=\"#gcm\">GCM<\/a><\/li>\n\n\n\n<li><a href=\"#edu\">Educa\u00e7\u00e3o<\/a><\/li>\n<\/ul>\n<\/li>\n\n\n\n<li><a href=\"#etapas\"><strong>Etapas<\/strong><\/a>\n\n\n\n\n\n\n\n\n\n\n\n\n\n\n\n\n\n\n\n\n\n\n\n\n\n\n\n\n\n\n\n\n\n\n\n\n\n\n<ul class=\"wp-block-list\">\n<li><a href=\"#objetiva\">Prova objetiva<\/a><\/li>\n\n\n\n<li><a href=\"#titulos\">Prova de t\u00edtulos<\/a><\/li>\n<\/ul>\n\n\n\n<ul class=\"wp-block-list\">\n<li><a href=\"#taf\">Prova de aptid\u00e3o f\u00edsica<\/a><\/li>\n<\/ul>\n<\/li>\n\n\n\n<li><a href=\"#cursos-assinatura\"><strong>Assinatura e cursos<\/strong><\/a><\/li>\n\n\n\n<li><a href=\"#ficha-tecnica\"><strong>Ficha t\u00e9cnica<\/strong><\/a><\/li>\n<\/ul>\n\n\n\n<div class=\"container\" id=\"boxes\">\n  <div class=\"row\">\n\n    <div class=\"col-sm\">\n      <div class=\"banner-prefeituras-ec\" id=\"box-assinatura\">\n        <h2 class=\"titulo-assinatura\" style=\"text-align: left;\">Concurso Prefeitura Canoas<\/h2>\n        <p class=\"subtitulo-assinatura\" style=\"text-align: left;\">Prepara\u00e7\u00e3o completa para a carreira!<\/p>\n        <div class=\"box-botao\" style=\"text-align: left;\">\n          <a class=\"btn-assinatura\" target=\"_blank\" href=\"https:\/\/www.estrategiaconcursos.com.br\/cursosPorConcurso\/prefeitura-municipal-de-canoas-rs\/\" role=\"button\" rel=\"noopener noreferrer\">EXPLORAR CURSOS<\/a>\n        <\/div>\n      <\/div><\/div><\/div><\/div>\n\n\n\n<h2 class=\"wp-block-heading\" id=\"datas\">Concurso Prefeitura Canoas: principais datas<\/h2>\n\n\n\n<ul class=\"wp-block-list\">\n<li><strong>Inscri\u00e7\u00f5es:<\/strong> <s>22 de maio a 22 de junho<\/s> | <s>at\u00e9 03 de julho (T\u00e9cnico)<\/s><\/li>\n\n\n\n<li><strong>Isen\u00e7\u00e3o da taxa:<\/strong> <s>22 a 25 de maio<\/s><\/li>\n\n\n\n<li><strong>Pagamento da taxa:<\/strong><s> at\u00e9 22 de junho<\/s><\/li>\n\n\n\n<li><strong>Prova objetiva: <\/strong>\n<ul class=\"wp-block-list\">\n<li><s>09 de julho &#8211; Guarda<\/s><\/li>\n\n\n\n<li><s>16 de julho &#8211; Analista<\/s><\/li>\n\n\n\n<li><s>23 de julho &#8211; T\u00e9cnico<\/s><\/li>\n\n\n\n<li>30 de julho &#8211; Educa\u00e7\u00e3o<\/li>\n<\/ul>\n<\/li>\n<\/ul>\n\n\n\n<h3 class=\"wp-block-heading\">Retifica\u00e7\u00f5es<\/h3>\n\n\n\n<ul class=\"wp-block-list\">\n<li><a href=\"https:\/\/anexos.cdn.selecao.net.br\/uploads\/361\/concursos\/2317\/anexos\/XBaSkh5DCfiApvWToKvj3F4JsE1PDFeR9gmM7glh.pdf\" target=\"_blank\" rel=\"noreferrer noopener\">Reserva de vagas<\/a><\/li>\n\n\n\n<li><a href=\"https:\/\/anexos.cdn.selecao.net.br\/uploads\/361\/concursos\/2317\/anexos\/UWcKkMzCs3oPUTtRUzHFHrH3BVDA8yVlik0Rc6C3.pdf\" target=\"_blank\" rel=\"noreferrer noopener\">Turno da prova \/ inscri\u00e7\u00f5es prorrogadas<\/a><\/li>\n\n\n\n<li><a href=\"https:\/\/anexos.cdn.selecao.net.br\/uploads\/361\/concursos\/2319\/anexos\/Zt23NSxzfvcxBJTIUfFs00MIWHREe3ImM2yoXK5s.pdf\" target=\"_blank\" rel=\"noreferrer noopener\">Conte\u00fado program\u00e1tico e normas<\/a><\/li>\n\n\n\n<li><a href=\"https:\/\/anexos.cdn.selecao.net.br\/uploads\/361\/concursos\/2320\/anexos\/3KENWxggbYyGGpWjv98i2gtcOA64bCMqwlJtoP7J.pdf\" target=\"_blank\" rel=\"noreferrer noopener\">Exclus\u00e3o cargo de PEB<\/a><\/li>\n<\/ul>\n\n\n\n<h2 class=\"wp-block-heading\" id=\"vagas\">Concurso Prefeitura Canoas: distribui\u00e7\u00e3o das vagas<\/h2>\n\n\n\n<h3 class=\"wp-block-heading\" id=\"tecnico\">Edital T\u00e9cnico Municipal<\/h3>\n\n\n\n<figure class=\"wp-block-table is-style-stripes\"><table class=\"has-fixed-layout\"><thead><tr><th class=\"has-text-align-center\" data-align=\"center\">Cargo<\/th><th class=\"has-text-align-center\" data-align=\"center\">Vagas<\/th><th class=\"has-text-align-center\" data-align=\"center\">Remunera\u00e7\u00e3o<\/th><th class=\"has-text-align-center\" data-align=\"center\">Requisitos<\/th><\/tr><\/thead><tbody><tr><td class=\"has-text-align-center\" data-align=\"center\">T\u00e9cnico Administrativo<\/td><td class=\"has-text-align-center\" data-align=\"center\">CR<\/td><td class=\"has-text-align-center\" data-align=\"center\">R$ 4.484,36<\/td><td class=\"has-text-align-center\" data-align=\"center\">N\u00edvel m\u00e9dio<\/td><\/tr><tr><td class=\"has-text-align-center\" data-align=\"center\">T\u00e9cnico Ambiental<\/td><td class=\"has-text-align-center\" data-align=\"center\">CR<\/td><td class=\"has-text-align-center\" data-align=\"center\">R$ 4.484,36<\/td><td class=\"has-text-align-center\" data-align=\"center\">N\u00edvel m\u00e9dio<\/td><\/tr><tr><td class=\"has-text-align-center\" data-align=\"center\">T\u00e9cnico em Fiscaliza\u00e7\u00e3o<\/td><td class=\"has-text-align-center\" data-align=\"center\">CR<\/td><td class=\"has-text-align-center\" data-align=\"center\">R$ 4.484,36<\/td><td class=\"has-text-align-center\" data-align=\"center\">N\u00edvel m\u00e9dio<\/td><\/tr><tr><td class=\"has-text-align-center\" data-align=\"center\">T\u00e9cnico em Manuten\u00e7\u00e3o<\/td><td class=\"has-text-align-center\" data-align=\"center\">CR<\/td><td class=\"has-text-align-center\" data-align=\"center\">R$ 4.484,36<\/td><td class=\"has-text-align-center\" data-align=\"center\">N\u00edvel m\u00e9dio<\/td><\/tr><tr><td class=\"has-text-align-center\" data-align=\"center\">T\u00e9cnico em Seguran\u00e7a do Trabalho<\/td><td class=\"has-text-align-center\" data-align=\"center\">CR<\/td><td class=\"has-text-align-center\" data-align=\"center\">R$ 4.484,36<\/td><td class=\"has-text-align-center\" data-align=\"center\">N\u00edvel m\u00e9dio<\/td><\/tr><tr><td class=\"has-text-align-center\" data-align=\"center\">T\u00e9cnico em Tr\u00e2nsito e<br \/>Transportes<\/td><td class=\"has-text-align-center\" data-align=\"center\">CR<\/td><td class=\"has-text-align-center\" data-align=\"center\">R$ 4.484,36<\/td><td class=\"has-text-align-center\" data-align=\"center\">N\u00edvel m\u00e9dio<\/td><\/tr><tr><td class=\"has-text-align-center\" data-align=\"center\">T\u00e9cnico em Urbanismo e Edifica\u00e7\u00f5es<\/td><td class=\"has-text-align-center\" data-align=\"center\">CR<\/td><td class=\"has-text-align-center\" data-align=\"center\">R$ 4.484,36<\/td><td class=\"has-text-align-center\" data-align=\"center\">N\u00edvel m\u00e9dio<\/td><\/tr><\/tbody><\/table><figcaption class=\"wp-element-caption\">Quadro de vagas e sal\u00e1rios para T\u00e9cnico Municipal<\/figcaption><\/figure>\n\n\n\n<h3 class=\"wp-block-heading\" id=\"analista\">Edital Analista Municipal<\/h3>\n\n\n\n<figure class=\"wp-block-table is-style-stripes\"><table class=\"has-fixed-layout\"><thead><tr><th class=\"has-text-align-center\" data-align=\"center\">Cargo<\/th><th class=\"has-text-align-center\" data-align=\"center\">Vagas<\/th><th class=\"has-text-align-center\" data-align=\"center\">Remunera\u00e7\u00e3o<\/th><th class=\"has-text-align-center\" data-align=\"center\">Requisitos<\/th><\/tr><\/thead><tbody><tr><td class=\"has-text-align-center\" data-align=\"center\">Analista I &#8211; Assistente social<\/td><td class=\"has-text-align-center\" data-align=\"center\">CR<\/td><td class=\"has-text-align-center\" data-align=\"center\">R$ 6.085,91<\/td><td class=\"has-text-align-center\" data-align=\"center\">N\u00edvel superior<\/td><\/tr><tr><td class=\"has-text-align-center\" data-align=\"center\">Analista I &#8211; Bibliotec\u00e1rio<\/td><td class=\"has-text-align-center\" data-align=\"center\">CR<\/td><td class=\"has-text-align-center\" data-align=\"center\">R$ 6.085,91<\/td><td class=\"has-text-align-center\" data-align=\"center\">N\u00edvel superior<\/td><\/tr><tr><td class=\"has-text-align-center\" data-align=\"center\">Analista I &#8211; Bi\u00f3logo<\/td><td class=\"has-text-align-center\" data-align=\"center\">CR<\/td><td class=\"has-text-align-center\" data-align=\"center\">R$ 6.085,91<\/td><td class=\"has-text-align-center\" data-align=\"center\">N\u00edvel superior<\/td><\/tr><tr><td class=\"has-text-align-center\" data-align=\"center\">Analista I &#8211; Gestor Cont\u00e1bil-Financeiro<\/td><td class=\"has-text-align-center\" data-align=\"center\">CR<\/td><td class=\"has-text-align-center\" data-align=\"center\">R$ 6.085,91<\/td><td class=\"has-text-align-center\" data-align=\"center\">N\u00edvel superior<\/td><\/tr><tr><td class=\"has-text-align-center\" data-align=\"center\">Analista I &#8211; Jornalista<\/td><td class=\"has-text-align-center\" data-align=\"center\">CR<\/td><td class=\"has-text-align-center\" data-align=\"center\">R$ 6.085,91<\/td><td class=\"has-text-align-center\" data-align=\"center\">N\u00edvel superior<\/td><\/tr><tr><td class=\"has-text-align-center\" data-align=\"center\">Analista I &#8211; M\u00e9dico Veterin\u00e1rio<\/td><td class=\"has-text-align-center\" data-align=\"center\">CR<\/td><td class=\"has-text-align-center\" data-align=\"center\">R$ 6.085,91<\/td><td class=\"has-text-align-center\" data-align=\"center\">N\u00edvel superior<\/td><\/tr><tr><td class=\"has-text-align-center\" data-align=\"center\">Analista I &#8211; Profissional de Educa\u00e7\u00e3o F\u00edsica<\/td><td class=\"has-text-align-center\" data-align=\"center\">CR<\/td><td class=\"has-text-align-center\" data-align=\"center\">R$ 6.085,91<\/td><td class=\"has-text-align-center\" data-align=\"center\">N\u00edvel superior<\/td><\/tr><tr><td class=\"has-text-align-center\" data-align=\"center\">Analista I &#8211; Psic\u00f3logo<\/td><td class=\"has-text-align-center\" data-align=\"center\">CR<\/td><td class=\"has-text-align-center\" data-align=\"center\">R$ 6.085,91<\/td><td class=\"has-text-align-center\" data-align=\"center\">N\u00edvel superior<\/td><\/tr><tr><td class=\"has-text-align-center\" data-align=\"center\">Analista II &#8211; Arquiteto Urbanista<\/td><td class=\"has-text-align-center\" data-align=\"center\">CR<\/td><td class=\"has-text-align-center\" data-align=\"center\">R$ 16.816,03<\/td><td class=\"has-text-align-center\" data-align=\"center\">N\u00edvel superior<\/td><\/tr><tr><td class=\"has-text-align-center\" data-align=\"center\">Analista II &#8211; Engenheiro Agr\u00f4nomo<\/td><td class=\"has-text-align-center\" data-align=\"center\">CR<\/td><td class=\"has-text-align-center\" data-align=\"center\">R$ 16.816,03<\/td><td class=\"has-text-align-center\" data-align=\"center\">N\u00edvel superior<\/td><\/tr><tr><td class=\"has-text-align-center\" data-align=\"center\">Analista II &#8211; Engenheiro Ambiental<\/td><td class=\"has-text-align-center\" data-align=\"center\">CR<\/td><td class=\"has-text-align-center\" data-align=\"center\">R$ 16.816,03<\/td><td class=\"has-text-align-center\" data-align=\"center\">N\u00edvel superior<\/td><\/tr><tr><td class=\"has-text-align-center\" data-align=\"center\">Analista II &#8211; Engenheiro Cart\u00f3grafo<\/td><td class=\"has-text-align-center\" data-align=\"center\">CR<\/td><td class=\"has-text-align-center\" data-align=\"center\">R$ 16.816,03<\/td><td class=\"has-text-align-center\" data-align=\"center\">N\u00edvel superior<\/td><\/tr><tr><td class=\"has-text-align-center\" data-align=\"center\">Analista II &#8211; Engenheiro Civil<\/td><td class=\"has-text-align-center\" data-align=\"center\">CR<\/td><td class=\"has-text-align-center\" data-align=\"center\">R$ 16.816,03<\/td><td class=\"has-text-align-center\" data-align=\"center\">N\u00edvel superior<\/td><\/tr><tr><td class=\"has-text-align-center\" data-align=\"center\">Analista II &#8211; Engenheiro de Seguran\u00e7a do Trabalho<\/td><td class=\"has-text-align-center\" data-align=\"center\">CR<\/td><td class=\"has-text-align-center\" data-align=\"center\">R$ 16.816,03<\/td><td class=\"has-text-align-center\" data-align=\"center\">N\u00edvel superior<\/td><\/tr><tr><td class=\"has-text-align-center\" data-align=\"center\">Analista II &#8211; Engenheiro de Tr\u00e1fego<\/td><td class=\"has-text-align-center\" data-align=\"center\">CR<\/td><td class=\"has-text-align-center\" data-align=\"center\">R$ 16.816,03<\/td><td class=\"has-text-align-center\" data-align=\"center\">N\u00edvel superior<\/td><\/tr><tr><td class=\"has-text-align-center\" data-align=\"center\">Analista II &#8211; Engenheiro Eletricista<\/td><td class=\"has-text-align-center\" data-align=\"center\">CR<\/td><td class=\"has-text-align-center\" data-align=\"center\">R$ 16.816,03<\/td><td class=\"has-text-align-center\" data-align=\"center\">N\u00edvel superior<\/td><\/tr><tr><td class=\"has-text-align-center\" data-align=\"center\">Analista II &#8211; Engenheiro Mec\u00e2nico<\/td><td class=\"has-text-align-center\" data-align=\"center\">CR<\/td><td class=\"has-text-align-center\" data-align=\"center\">R$ 16.816,03<\/td><td class=\"has-text-align-center\" data-align=\"center\">N\u00edvel superior<\/td><\/tr><tr><td class=\"has-text-align-center\" data-align=\"center\">Analista II &#8211; Engenheiro Qu\u00edmico<\/td><td class=\"has-text-align-center\" data-align=\"center\">CR<\/td><td class=\"has-text-align-center\" data-align=\"center\">R$ 16.816,03<\/td><td class=\"has-text-align-center\" data-align=\"center\">N\u00edvel superior<\/td><\/tr><tr><td class=\"has-text-align-center\" data-align=\"center\">Analista II &#8211; Engenheiro Sanitarista<\/td><td class=\"has-text-align-center\" data-align=\"center\">CR<\/td><td class=\"has-text-align-center\" data-align=\"center\">R$ 16.816,03<\/td><td class=\"has-text-align-center\" data-align=\"center\">N\u00edvel superior<\/td><\/tr><tr><td class=\"has-text-align-center\" data-align=\"center\">Analista II &#8211; Ge\u00f3logo<\/td><td class=\"has-text-align-center\" data-align=\"center\">CR<\/td><td class=\"has-text-align-center\" data-align=\"center\">R$ 16.816,03<\/td><td class=\"has-text-align-center\" data-align=\"center\">N\u00edvel superior<\/td><\/tr><\/tbody><\/table><figcaption class=\"wp-element-caption\">Quadro de vagas e sal\u00e1rios para Analista Municipal<\/figcaption><\/figure>\n\n\n\n<h3 class=\"wp-block-heading\" id=\"gcm\">Edital GCM <\/h3>\n\n\n\n<figure class=\"wp-block-table is-style-stripes\"><table class=\"has-fixed-layout\"><thead><tr><th class=\"has-text-align-center\" data-align=\"center\">Cargo<\/th><th class=\"has-text-align-center\" data-align=\"center\">Vagas<\/th><th class=\"has-text-align-center\" data-align=\"center\">Remunera\u00e7\u00e3o<\/th><th class=\"has-text-align-center\" data-align=\"center\">Requisitos<\/th><\/tr><\/thead><tbody><tr><td class=\"has-text-align-center\" data-align=\"center\">Guarda Municipal<\/td><td class=\"has-text-align-center\" data-align=\"center\">CR<\/td><td class=\"has-text-align-center\" data-align=\"center\">R$ 4.484,36<\/td><td class=\"has-text-align-center\" data-align=\"center\">N\u00edvel m\u00e9dio<\/td><\/tr><\/tbody><\/table><figcaption class=\"wp-element-caption\">Quadro de vagas e sal\u00e1rios para GCM<\/figcaption><\/figure>\n\n\n\n<p class=\"has-background\" style=\"background-color:#e4e8eb\"><strong>&gt;&gt;&gt; <a href=\"https:\/\/www.estrategiaconcursos.com.br\/blog\/concurso-guarda-municipal-de-canoas-rs\/\" target=\"_blank\" rel=\"noreferrer noopener\">Confira mais informa\u00e7\u00f5es sobre o cargo de Guarda Municipal em nosso artigo completo<\/a><\/strong><\/p>\n\n\n\n<h3 class=\"wp-block-heading\" id=\"edu\">Edital Educa\u00e7\u00e3o<\/h3>\n\n\n\n<figure class=\"wp-block-table is-style-stripes\"><table class=\"has-fixed-layout\"><thead><tr><th class=\"has-text-align-center\" data-align=\"center\">Cargo<\/th><th class=\"has-text-align-center\" data-align=\"center\">Vagas<\/th><th class=\"has-text-align-center\" data-align=\"center\">Remunera\u00e7\u00e3o<\/th><th class=\"has-text-align-center\" data-align=\"center\">Requisitos<\/th><\/tr><\/thead><tbody><tr><td class=\"has-text-align-center\" data-align=\"center\">Especialista de Apoio Pedag\u00f3gico \u00e0 Educa\u00e7\u00e3o B\u00e1sica<\/td><td class=\"has-text-align-center\" data-align=\"center\">CR<\/td><td class=\"has-text-align-center\" data-align=\"center\">R$ 5.599,21<\/td><td class=\"has-text-align-center\" data-align=\"center\">N\u00edvel superior<\/td><\/tr><tr><td class=\"has-text-align-center\" data-align=\"center\"><s>PEB I &#8211; Professor de Educa\u00e7\u00e3o B\u00e1sica I<\/s><\/td><td class=\"has-text-align-center\" data-align=\"center\"><s>CR<\/s><\/td><td class=\"has-text-align-center\" data-align=\"center\"><s>R$ 2.799,61<\/s><\/td><td class=\"has-text-align-center\" data-align=\"center\"><s>N\u00edvel superior<\/s><\/td><\/tr><tr><td class=\"has-text-align-center\" data-align=\"center\"><s>PEB I EI &#8211; Professor de Educa\u00e7\u00e3o B\u00e1sica I &#8211; Educa\u00e7\u00e3o Infantil<\/s><\/td><td class=\"has-text-align-center\" data-align=\"center\"><s>CR<\/s><\/td><td class=\"has-text-align-center\" data-align=\"center\"><s>R$ 2.799,61<\/s><\/td><td class=\"has-text-align-center\" data-align=\"center\"><s>N\u00edvel superior<\/s><\/td><\/tr><tr><td class=\"has-text-align-center\" data-align=\"center\"><s>PEB I AI &#8211; Professor de Educa\u00e7\u00e3o B\u00e1sica I &#8211; Anos Iniciais<\/s><\/td><td class=\"has-text-align-center\" data-align=\"center\"><s>CR<\/s><\/td><td class=\"has-text-align-center\" data-align=\"center\"><s>R$ 2.799,61<\/s><\/td><td class=\"has-text-align-center\" data-align=\"center\"><s>N\u00edvel superior<\/s><\/td><\/tr><tr><td class=\"has-text-align-center\" data-align=\"center\">T\u00e9cnico de Apoio \u00e0 Educa\u00e7\u00e3o B\u00e1sica<\/td><td class=\"has-text-align-center\" data-align=\"center\">CR<\/td><td class=\"has-text-align-center\" data-align=\"center\">R$ 2.799,61<\/td><td class=\"has-text-align-center\" data-align=\"center\">N\u00edvel m\u00e9dio<\/td><\/tr><\/tbody><\/table><figcaption class=\"wp-element-caption\">Quadro de vagas e sal\u00e1rios para Educa\u00e7\u00e3o<\/figcaption><\/figure>\n\n\n\n<p class=\"has-background\" style=\"background-color:#e4e8eb\"><strong>&gt;&gt;&gt; <a href=\"https:\/\/www.estrategiaconcursos.com.br\/blog\/concurso-canoas-rs-educacao\/\" target=\"_blank\" rel=\"noreferrer noopener\">Confira mais informa\u00e7\u00f5es sobre os cargos da Educa\u00e7\u00e3o em nosso artigo completo<\/a><\/strong><\/p>\n\n\n\n<h2 class=\"wp-block-heading\" id=\"etapas\">Concurso Prefeitura Canoas: etapas<\/h2>\n\n\n\n<ul class=\"wp-block-list\">\n<li><strong>Prova objetiva<\/strong> para todos os cargos (eliminat\u00f3rio e classificat\u00f3rio);<\/li>\n\n\n\n<li><strong>Prova de t\u00edtulos<\/strong> somente para os cargos de n\u00edvel superior (classificat\u00f3rio);<\/li>\n\n\n\n<li><strong>Prova de aptid\u00e3o f\u00edsica <\/strong>somente para os cargos de Guarda Municipal e T\u00e9cnico Municipal\/T\u00e9cnico em Tr\u00e2nsito e Transportes (eliminat\u00f3rio);<\/li>\n\n\n\n<li><strong>Prova de aptid\u00e3o psicol\u00f3gica <\/strong>somente para o cargo de Guarda Municipal (eliminat\u00f3rio).<\/li>\n<\/ul>\n\n\n\n<h3 class=\"wp-block-heading\" id=\"objetiva\">Prova objetiva<\/h3>\n\n\n\n<p>Com dura\u00e7\u00e3o de 4 horas, a prova ser\u00e1 constitu\u00edda por quest\u00f5es de m\u00faltipla escolha, com at\u00e9 05 alternativas de resposta (A, B, C, D, E), das quais somente uma ser\u00e1 a correta. <\/p>\n\n\n\n<p><strong>T\u00e9cnico municipal e Analista Municipal<\/strong><\/p>\n\n\n\n<figure class=\"wp-block-image aligncenter size-full\"><img loading=\"lazy\" decoding=\"async\" width=\"610\" height=\"151\" src=\"https:\/\/dhg1h5j42swfq.cloudfront.net\/2023\/05\/22145116\/image-222.png\" alt=\"Quadro de detalhes da Prova Objetiva para T\u00e9cnico municipal e Analista Municipal do concurso Prefeitura Canoas\" class=\"wp-image-1220005\" srcset=\"https:\/\/dhg1h5j42swfq.cloudfront.net\/2023\/05\/22145116\/image-222.png 610w, https:\/\/dhg1h5j42swfq.cloudfront.net\/2023\/05\/22145116\/image-222-300x74.png 300w, https:\/\/dhg1h5j42swfq.cloudfront.net\/2023\/05\/22145116\/image-222-150x37.png 150w\" sizes=\"auto, (max-width: 610px) 100vw, 610px\" \/><\/figure>\n\n\n\n<p><strong>Guarda Municipal<\/strong><\/p>\n\n\n\n<figure class=\"wp-block-image aligncenter size-full\"><img loading=\"lazy\" decoding=\"async\" width=\"588\" height=\"131\" src=\"https:\/\/dhg1h5j42swfq.cloudfront.net\/2023\/05\/22145302\/image-225.png\" alt=\"Quadro de detalhes da Prova Objetiva para Guarda Municipal do concurso Prefeitura Canoas\" class=\"wp-image-1220010\" srcset=\"https:\/\/dhg1h5j42swfq.cloudfront.net\/2023\/05\/22145302\/image-225.png 588w, https:\/\/dhg1h5j42swfq.cloudfront.net\/2023\/05\/22145302\/image-225-300x67.png 300w, https:\/\/dhg1h5j42swfq.cloudfront.net\/2023\/05\/22145302\/image-225-150x33.png 150w\" sizes=\"auto, (max-width: 588px) 100vw, 588px\" \/><\/figure>\n\n\n\n<p><strong>Especialista de Educa\u00e7\u00e3o B\u00e1sica\/Especialista de Apoio Pedag\u00f3gico \u00e0 Educa\u00e7\u00e3o B\u00e1sica<\/strong><\/p>\n\n\n\n<figure class=\"wp-block-image aligncenter size-full\"><img loading=\"lazy\" decoding=\"async\" width=\"602\" height=\"141\" src=\"https:\/\/dhg1h5j42swfq.cloudfront.net\/2023\/05\/22145416\/image-226.png\" alt=\"Quadro de detalhes da Prova Objetiva para Especialista de Educa\u00e7\u00e3o B\u00e1sica\/Especialista de Apoio Pedag\u00f3gico \u00e0 Educa\u00e7\u00e3o B\u00e1sica do concurso Prefeitura Canoas\" class=\"wp-image-1220015\" srcset=\"https:\/\/dhg1h5j42swfq.cloudfront.net\/2023\/05\/22145416\/image-226.png 602w, https:\/\/dhg1h5j42swfq.cloudfront.net\/2023\/05\/22145416\/image-226-300x70.png 300w, https:\/\/dhg1h5j42swfq.cloudfront.net\/2023\/05\/22145416\/image-226-150x35.png 150w\" sizes=\"auto, (max-width: 602px) 100vw, 602px\" \/><\/figure>\n\n\n\n<p><strong>Demais cargos da Educa\u00e7\u00e3o<\/strong><\/p>\n\n\n\n<figure class=\"wp-block-image aligncenter size-full\"><img loading=\"lazy\" decoding=\"async\" width=\"600\" height=\"124\" src=\"https:\/\/dhg1h5j42swfq.cloudfront.net\/2023\/05\/22145502\/image-227.png\" alt=\"Quadro de detalhes da Prova Objetiva para os demais cargos da Educa\u00e7\u00e3o do concurso Prefeitura Canoas\" class=\"wp-image-1220021\" srcset=\"https:\/\/dhg1h5j42swfq.cloudfront.net\/2023\/05\/22145502\/image-227.png 600w, https:\/\/dhg1h5j42swfq.cloudfront.net\/2023\/05\/22145502\/image-227-300x62.png 300w, https:\/\/dhg1h5j42swfq.cloudfront.net\/2023\/05\/22145502\/image-227-150x31.png 150w\" sizes=\"auto, (max-width: 600px) 100vw, 600px\" \/><\/figure>\n\n\n\n<h3 class=\"wp-block-heading\" id=\"titulos\">Prova de t\u00edtulos<\/h3>\n\n\n\n<p>Esta etapa tem car\u00e1ter classificat\u00f3rio, sendo que o candidato que deixar de participar dessa etapa n\u00e3o ser\u00e1 eliminado do certame, somente n\u00e3o ter\u00e1 somados os pontos correspondentes a essa etapa.<\/p>\n\n\n\n<figure class=\"wp-block-image aligncenter size-full\"><img loading=\"lazy\" decoding=\"async\" width=\"881\" height=\"356\" src=\"https:\/\/dhg1h5j42swfq.cloudfront.net\/2023\/05\/22150733\/image-229.png\" alt=\"Tabela de atribui\u00e7\u00e3o de pontos na Prova de T\u00edtulos do concurso Prefeitura Canoas\" class=\"wp-image-1220036\" srcset=\"https:\/\/dhg1h5j42swfq.cloudfront.net\/2023\/05\/22150733\/image-229.png 881w, https:\/\/dhg1h5j42swfq.cloudfront.net\/2023\/05\/22150733\/image-229-300x121.png 300w, https:\/\/dhg1h5j42swfq.cloudfront.net\/2023\/05\/22150733\/image-229-768x310.png 768w, https:\/\/dhg1h5j42swfq.cloudfront.net\/2023\/05\/22150733\/image-229-610x246.png 610w, https:\/\/dhg1h5j42swfq.cloudfront.net\/2023\/05\/22150733\/image-229-150x61.png 150w\" sizes=\"auto, (max-width: 881px) 100vw, 881px\" \/><\/figure>\n\n\n\n<h3 class=\"wp-block-heading\" id=\"taf\">Prova de aptid\u00e3o f\u00edsica<\/h3>\n\n\n\n<p>A etapa ter\u00e1 car\u00e1ter eliminat\u00f3rio, exclusivamente, com avalia\u00e7\u00e3o individual por candidato, atribuindo ao candidato a situa\u00e7\u00e3o de APTO ou INAPTO, e aplicada somente para candidatos considerados aprovados, a partir do resultado da prova objetiva.<\/p>\n\n\n\n<ul class=\"wp-block-list\">\n<li><strong>Teste de flex\u00e3o abdominal em 1 minuto<\/strong>\n<ul class=\"wp-block-list\">\n<li>candidato do sexo masculino &#8211; no m\u00ednimo 30 repeti\u00e7\u00f5es;<\/li>\n\n\n\n<li>candidata do sexo feminino &#8211; no m\u00ednimo 20 repeti\u00e7\u00f5es;<\/li>\n<\/ul>\n<\/li>\n\n\n\n<li><strong>Teste de corrida de 12 minutos<\/strong>\n<ul class=\"wp-block-list\">\n<li>candidato do sexo masculino &#8211; dist\u00e2ncia m\u00ednima de 2.100 metros;<\/li>\n\n\n\n<li>candidata do sexo feminino &#8211; dist\u00e2ncia m\u00ednima de 1.800 metros;<\/li>\n<\/ul>\n<\/li>\n\n\n\n<li><strong>Teste de barra<\/strong>\n<ul class=\"wp-block-list\">\n<li>candidato do sexo masculino &#8211; m\u00ednimo de 04 repeti\u00e7\u00f5es;<\/li>\n\n\n\n<li>candidata do sexo feminino &#8211; m\u00ednimo de 15 segundos de suspens\u00e3o na posi\u00e7\u00e3o correta do<\/li>\n\n\n\n<li>exerc\u00edcio;<\/li>\n<\/ul>\n<\/li>\n\n\n\n<li><strong>Teste de impuls\u00e3o horizontal<\/strong> (apenas para Guarda)\n<ul class=\"wp-block-list\">\n<li>candidato do sexo masculino &#8211; dist\u00e2ncia m\u00ednima de 2,00 metros;<\/li>\n\n\n\n<li>candidata do sexo feminino &#8211; dist\u00e2ncia m\u00ednima de 1,50 metros.<\/li>\n<\/ul>\n<\/li>\n<\/ul>\n\n\n\n<hr class=\"wp-block-separator has-alpha-channel-opacity\"\/>\n\n\n\n<h2 class=\"wp-block-heading has-text-align-center\" id=\"cursos-assinatura\"><em>Quer estudar para o concurso Prefeitura Canoas?<\/em><\/h2>\n\n\n\n<div class=\"container\" id=\"boxes\">\n  <div class=\"row\">\n\n    <div class=\"col-sm\">\n      <div class=\"banner-prefeituras-ec\" id=\"box-assinatura\">\n        <h2 class=\"titulo-assinatura\" style=\"text-align: left;\">Concurso Prefeitura Canoas<\/h2>\n        <p class=\"subtitulo-assinatura\" style=\"text-align: left;\">Prepara\u00e7\u00e3o completa para a carreira!<\/p>\n        <div class=\"box-botao\" style=\"text-align: left;\">\n          <a class=\"btn-assinatura\" target=\"_blank\" href=\"https:\/\/www.estrategiaconcursos.com.br\/cursosPorConcurso\/prefeitura-municipal-de-canoas-rs\/\" role=\"button\" rel=\"noopener noreferrer\">EXPLORAR CURSOS<\/a>\n        <\/div>\n      <\/div><\/div><\/div><\/div>\n\n\n\n<div class=\"container\" id=\"boxes\">\r\n  <div class=\"row\">\r\n\r\n    <div class=\"col-sm\">\r\n      <div class=\"estrategia\" id=\"box-assinatura\">\r\n        <h3 class=\"titulo-assinatura\">Assinatura Concursos<\/h3>\r\n        <p class=\"subtitulo-assinatura\">Assinatura de 1 ano ou 2 anos<\/p>\r\n        <div class=\"box-botao\">\r\n          <a class=\"btn-assinatura\" target=\"_blank\" href=\"https:\/\/www.estrategiaconcursos.com.br\/assinaturas\/\" role=\"button\" rel=\"noopener noreferrer\">ASSINE AGORA<\/a>\r\n        <\/div>\r\n      <\/div><\/div><\/div><\/div>\n\n\n\n<h2 class=\"wp-block-heading has-text-align-center\" id=\"h-quer-saber-tudo-sobre-concursos-previstos-confira-os-nossos-artigos\">Quer saber tudo sobre concursos previstos?<br \/>Confira os nossos artigos!<\/h2>\n\n\n\n<ul class=\"wp-block-list\">\n<li><a href=\"https:\/\/www.estrategiaconcursos.com.br\/blog\/concursos-abertos-prefeituras\/\" target=\"_blank\" rel=\"noreferrer noopener\">Concursos Abertos Prefeituras<\/a><\/li>\n\n\n\n<li><a href=\"https:\/\/www.estrategiaconcursos.com.br\/blog\/concursos-prefeituras\/\">Concursos Prefeituras<\/a><\/li>\n\n\n\n<li><a href=\"https:\/\/www.estrategiaconcursos.com.br\/blog\/concursos-abertos\/\" target=\"_blank\" rel=\"noreferrer noopener\">Concursos Abertos<\/a><\/li>\n\n\n\n<li><a href=\"https:\/\/www.estrategiaconcursos.com.br\/blog\/concursos-2026\/\" target=\"_blank\" rel=\"noreferrer noopener\">Concursos 2026<\/a><\/li>\n<\/ul>\n\n\n\n<figure class=\"wp-block-image is-resized\"><img loading=\"lazy\" decoding=\"async\" width=\"1024\" height=\"632\" src=\"https:\/\/dhg1h5j42swfq.cloudfront.net\/2021\/04\/01161145\/ficha-tecnica-5-1024x632.png\" alt=\"Informa\u00e7\u00f5es do concurso Prefeitura Canoas\" class=\"wp-image-706736\" style=\"width:236px;height:145px\" srcset=\"https:\/\/dhg1h5j42swfq.cloudfront.net\/2021\/04\/01161145\/ficha-tecnica-5-1024x632.png 1024w, https:\/\/dhg1h5j42swfq.cloudfront.net\/2021\/04\/01161145\/ficha-tecnica-5-300x185.png 300w, https:\/\/dhg1h5j42swfq.cloudfront.net\/2021\/04\/01161145\/ficha-tecnica-5-768x474.png 768w, https:\/\/dhg1h5j42swfq.cloudfront.net\/2021\/04\/01161145\/ficha-tecnica-5-1536x948.png 1536w, https:\/\/dhg1h5j42swfq.cloudfront.net\/2021\/04\/01161145\/ficha-tecnica-5-610x377.png 610w, https:\/\/dhg1h5j42swfq.cloudfront.net\/2021\/04\/01161145\/ficha-tecnica-5.png 1571w\" sizes=\"auto, (max-width: 1024px) 100vw, 1024px\" \/><\/figure>\n\n\n\n<h3 class=\"wp-block-heading\" id=\"ficha-tecnica\">Informa\u00e7\u00f5es do Concurso Prefeitura Canoas<\/h3>\n\n\n\n<ul class=\"wp-block-list\">\n<li><strong>Data da prova<\/strong>: <s>09, 16, 23 e <\/s>30\/07\/2023<\/li>\n\n\n\n<li><strong>Banca<\/strong>: Objetiva<\/li>\n\n\n\n<li><strong>Escolaridade<\/strong>: N\u00edveis m\u00e9dio e superior<\/li>\n\n\n\n<li><strong>Vagas:<\/strong> CR<\/li>\n\n\n\n<li><strong>Cargos<\/strong>: V\u00e1rios<\/li>\n\n\n\n<li><strong>Editais: <\/strong><a href=\"https:\/\/dhg1h5j42swfq.cloudfront.net\/2023\/05\/22132525\/130.pdf\" target=\"_blank\" rel=\"noreferrer noopener\">130\/T\u00e9cnico<\/a> | <a href=\"https:\/\/dhg1h5j42swfq.cloudfront.net\/2023\/05\/22132520\/131.pdf\" target=\"_blank\" rel=\"noreferrer noopener\">131\/GCM<\/a> | <a href=\"https:\/\/dhg1h5j42swfq.cloudfront.net\/2023\/05\/22132514\/yy5biypwqa7xpl5ihpqgjxhs29nfo9d8jl0ngsks.pdf\" target=\"_blank\" rel=\"noreferrer noopener\">132\/Analista<\/a> | <a href=\"https:\/\/dhg1h5j42swfq.cloudfront.net\/2023\/05\/22132509\/133.pdf\" target=\"_blank\" rel=\"noreferrer noopener\">133\/Educa\u00e7\u00e3o<\/a><\/li>\n<\/ul>\n\n\n\n<p><\/p>\n","protected":false},"excerpt":{"rendered":"<p>Concurso Prefeitura Canoas: oportunidades para n\u00edveis m\u00e9dio e superior com sal\u00e1rios que podem atingir R$ 16,8 mil J\u00e1 \u00e9 poss\u00edvel consultar os gabaritos preliminares das provas objetivas (dias 09, 16 e 23 de julho) do concurso da Prefeitura de Canoas. Confira abaixo: Os candidatos insatisfeitos com os gabaritos do dia 23 poder\u00e3o interpor recursos contra [&hellip;]<\/p>\n","protected":false},"author":2991,"featured_media":744984,"comment_status":"open","ping_status":"closed","sticky":false,"template":"","format":"standard","meta":{"post_tipo":"news_page","footnotes":""},"categories":[222278],"tags":[],"tax_estado":[219986],"class_list":["post-471084","post","type-post","status-publish","format-standard","has-post-thumbnail","hentry","category-prefeituras","tax_estado-rs"],"acf":[],"yoast_head":"<!-- This site is optimized with the Yoast SEO Premium plugin v27.2 (Yoast SEO v27.2) - https:\/\/yoast.com\/product\/yoast-seo-premium-wordpress\/ -->\n<title>Concurso Prefeitura Canoas: gabaritos preliminares divulgados!<\/title>\n<meta name=\"description\" content=\"Concurso Prefeitura Canoas: confira os gabaritos preliminares das provas de julho! Veja prazos para recursos e sal\u00e1rios de at\u00e9 R$ 16,8 mil.\" \/>\n<meta name=\"robots\" content=\"index, follow, max-snippet:-1, max-image-preview:large, max-video-preview:-1\" \/>\n<link rel=\"canonical\" href=\"https:\/\/www.estrategiaconcursos.com.br\/blog\/concurso-prefeitura-canoas\/\" \/>\n<meta property=\"og:locale\" content=\"pt_BR\" \/>\n<meta property=\"og:type\" content=\"article\" \/>\n<meta property=\"og:title\" content=\"Concurso Prefeitura Canoas: gabaritos preliminares divulgados!\" \/>\n<meta property=\"og:description\" content=\"Concurso Prefeitura Canoas: confira os gabaritos preliminares das provas de julho! Veja prazos para recursos e sal\u00e1rios de at\u00e9 R$ 16,8 mil.\" \/>\n<meta property=\"og:url\" content=\"https:\/\/www.estrategiaconcursos.com.br\/blog\/concurso-prefeitura-canoas\/\" \/>\n<meta property=\"og:site_name\" content=\"Estrat\u00e9gia Concursos\" \/>\n<meta property=\"article:published_time\" content=\"2026-01-03T12:17:25+00:00\" \/>\n<meta property=\"article:modified_time\" content=\"2026-01-07T12:17:02+00:00\" \/>\n<meta property=\"og:image\" content=\"https:\/\/dhg1h5j42swfq.cloudfront.net\/2021\/05\/19101528\/prefeitura-de-canoas-rs.jpg\" \/>\n\t<meta property=\"og:image:width\" content=\"768\" \/>\n\t<meta property=\"og:image:height\" content=\"432\" \/>\n\t<meta property=\"og:image:type\" content=\"image\/jpeg\" \/>\n<meta name=\"author\" content=\"Melmuara Thaiane Doneg\u00e1 C\u00e2ndido\" \/>\n<meta name=\"twitter:card\" content=\"summary_large_image\" \/>\n<meta name=\"twitter:creator\" content=\"@EstratConcursos\" \/>\n<meta name=\"twitter:site\" content=\"@EstratConcursos\" \/>\n<meta name=\"twitter:label1\" content=\"Escrito por\" \/>\n\t<meta name=\"twitter:data1\" content=\"Melmuara Thaiane Doneg\u00e1 C\u00e2ndido\" \/>\n\t<meta name=\"twitter:label2\" content=\"Est. tempo de leitura\" \/>\n\t<meta name=\"twitter:data2\" content=\"4 minutos\" \/>\n<script type=\"application\/ld+json\" class=\"yoast-schema-graph\">{\"@context\":\"https:\/\/schema.org\",\"@graph\":[{\"@type\":\"NewsArticle\",\"@id\":\"https:\/\/www.estrategiaconcursos.com.br\/blog\/concurso-prefeitura-canoas\/#article\",\"isPartOf\":{\"@id\":\"https:\/\/www.estrategiaconcursos.com.br\/blog\/concurso-prefeitura-canoas\/\"},\"author\":{\"name\":\"Melmuara Thaiane Doneg\u00e1 C\u00e2ndido\",\"@id\":\"https:\/\/www.estrategiaconcursos.com.br\/blog\/#\/schema\/person\/f33ffe5648e36a1ec7be14cb98aec31a\"},\"headline\":\"Concurso Prefeitura Canoas: gabaritos preliminares divulgados!\",\"datePublished\":\"2026-01-03T12:17:25+00:00\",\"dateModified\":\"2026-01-07T12:17:02+00:00\",\"mainEntityOfPage\":{\"@id\":\"https:\/\/www.estrategiaconcursos.com.br\/blog\/concurso-prefeitura-canoas\/\"},\"wordCount\":1210,\"commentCount\":0,\"publisher\":{\"@id\":\"https:\/\/www.estrategiaconcursos.com.br\/blog\/#organization\"},\"image\":{\"@id\":\"https:\/\/www.estrategiaconcursos.com.br\/blog\/concurso-prefeitura-canoas\/#primaryimage\"},\"thumbnailUrl\":\"https:\/\/dhg1h5j42swfq.cloudfront.net\/2021\/05\/19101528\/prefeitura-de-canoas-rs.jpg\",\"articleSection\":[\"Prefeituras\"],\"inLanguage\":\"pt-BR\",\"potentialAction\":[{\"@type\":\"CommentAction\",\"name\":\"Comment\",\"target\":[\"https:\/\/www.estrategiaconcursos.com.br\/blog\/concurso-prefeitura-canoas\/#respond\"]}],\"copyrightYear\":\"2026\",\"copyrightHolder\":{\"@id\":\"https:\/\/www.estrategiaconcursos.com.br\/blog\/#organization\"}},{\"@type\":\"WebPage\",\"@id\":\"https:\/\/www.estrategiaconcursos.com.br\/blog\/concurso-prefeitura-canoas\/\",\"url\":\"https:\/\/www.estrategiaconcursos.com.br\/blog\/concurso-prefeitura-canoas\/\",\"name\":\"Concurso Prefeitura Canoas: gabaritos preliminares divulgados!\",\"isPartOf\":{\"@id\":\"https:\/\/www.estrategiaconcursos.com.br\/blog\/#website\"},\"primaryImageOfPage\":{\"@id\":\"https:\/\/www.estrategiaconcursos.com.br\/blog\/concurso-prefeitura-canoas\/#primaryimage\"},\"image\":{\"@id\":\"https:\/\/www.estrategiaconcursos.com.br\/blog\/concurso-prefeitura-canoas\/#primaryimage\"},\"thumbnailUrl\":\"https:\/\/dhg1h5j42swfq.cloudfront.net\/2021\/05\/19101528\/prefeitura-de-canoas-rs.jpg\",\"datePublished\":\"2026-01-03T12:17:25+00:00\",\"dateModified\":\"2026-01-07T12:17:02+00:00\",\"description\":\"Concurso Prefeitura Canoas: confira os gabaritos preliminares das provas de julho! Veja prazos para recursos e sal\u00e1rios de at\u00e9 R$ 16,8 mil.\",\"breadcrumb\":{\"@id\":\"https:\/\/www.estrategiaconcursos.com.br\/blog\/concurso-prefeitura-canoas\/#breadcrumb\"},\"inLanguage\":\"pt-BR\",\"potentialAction\":[{\"@type\":\"ReadAction\",\"target\":[\"https:\/\/www.estrategiaconcursos.com.br\/blog\/concurso-prefeitura-canoas\/\"]}]},{\"@type\":\"ImageObject\",\"inLanguage\":\"pt-BR\",\"@id\":\"https:\/\/www.estrategiaconcursos.com.br\/blog\/concurso-prefeitura-canoas\/#primaryimage\",\"url\":\"https:\/\/dhg1h5j42swfq.cloudfront.net\/2021\/05\/19101528\/prefeitura-de-canoas-rs.jpg\",\"contentUrl\":\"https:\/\/dhg1h5j42swfq.cloudfront.net\/2021\/05\/19101528\/prefeitura-de-canoas-rs.jpg\",\"width\":768,\"height\":432,\"caption\":\"Editais Prefeitura de Canoas\"},{\"@type\":\"BreadcrumbList\",\"@id\":\"https:\/\/www.estrategiaconcursos.com.br\/blog\/concurso-prefeitura-canoas\/#breadcrumb\",\"itemListElement\":[{\"@type\":\"ListItem\",\"position\":1,\"name\":\"In\u00edcio\",\"item\":\"https:\/\/www.estrategiaconcursos.com.br\/blog\/\"},{\"@type\":\"ListItem\",\"position\":2,\"name\":\"Concurso Prefeitura Canoas: gabaritos preliminares divulgados!\"}]},{\"@type\":\"WebSite\",\"@id\":\"https:\/\/www.estrategiaconcursos.com.br\/blog\/#website\",\"url\":\"https:\/\/www.estrategiaconcursos.com.br\/blog\/\",\"name\":\"Estrat\u00e9gia Concursos\",\"description\":\"O blog da Estrat\u00e9gia Concursos traz not\u00edcias sobre concursos e artigos de professores oferecendo cursos para concursos (pdf + videaulas) no site.\",\"publisher\":{\"@id\":\"https:\/\/www.estrategiaconcursos.com.br\/blog\/#organization\"},\"potentialAction\":[{\"@type\":\"SearchAction\",\"target\":{\"@type\":\"EntryPoint\",\"urlTemplate\":\"https:\/\/www.estrategiaconcursos.com.br\/blog\/?s={search_term_string}\"},\"query-input\":{\"@type\":\"PropertyValueSpecification\",\"valueRequired\":true,\"valueName\":\"search_term_string\"}}],\"inLanguage\":\"pt-BR\"},{\"@type\":\"Organization\",\"@id\":\"https:\/\/www.estrategiaconcursos.com.br\/blog\/#organization\",\"name\":\"Estrat\u00e9gia Concursos\",\"url\":\"https:\/\/www.estrategiaconcursos.com.br\/blog\/\",\"logo\":{\"@type\":\"ImageObject\",\"inLanguage\":\"pt-BR\",\"@id\":\"https:\/\/www.estrategiaconcursos.com.br\/blog\/#\/schema\/logo\/image\/\",\"url\":\"https:\/\/dhg1h5j42swfq.cloudfront.net\/2025\/06\/03203428\/logo_concursos-1.jpg\",\"contentUrl\":\"https:\/\/dhg1h5j42swfq.cloudfront.net\/2025\/06\/03203428\/logo_concursos-1.jpg\",\"width\":230,\"height\":60,\"caption\":\"Estrat\u00e9gia Concursos\"},\"image\":{\"@id\":\"https:\/\/www.estrategiaconcursos.com.br\/blog\/#\/schema\/logo\/image\/\"},\"sameAs\":[\"https:\/\/x.com\/EstratConcursos\"]},{\"@type\":\"Person\",\"@id\":\"https:\/\/www.estrategiaconcursos.com.br\/blog\/#\/schema\/person\/f33ffe5648e36a1ec7be14cb98aec31a\",\"name\":\"Melmuara Thaiane Doneg\u00e1 C\u00e2ndido\",\"image\":{\"@type\":\"ImageObject\",\"inLanguage\":\"pt-BR\",\"@id\":\"https:\/\/secure.gravatar.com\/avatar\/72c23c49ace6e781125178efe440f336ae4f50fbfb902780beb369688b387c4f?s=96&d=mm&r=g\",\"url\":\"https:\/\/secure.gravatar.com\/avatar\/72c23c49ace6e781125178efe440f336ae4f50fbfb902780beb369688b387c4f?s=96&d=mm&r=g\",\"contentUrl\":\"https:\/\/secure.gravatar.com\/avatar\/72c23c49ace6e781125178efe440f336ae4f50fbfb902780beb369688b387c4f?s=96&d=mm&r=g\",\"caption\":\"Melmuara Thaiane Doneg\u00e1 C\u00e2ndido\"},\"description\":\"Formada em Jornalismo em 2011 pela UniSEB-COC, Ribeir\u00e3o Preto-SP, atua desde 2017 na produ\u00e7\u00e3o de conte\u00fado para prefeituras, passando da \u00e1rea publicit\u00e1ria para a cria\u00e7\u00e3o de textos estrat\u00e9gicos e not\u00edcias sobre concursos, mantendo os concurseiros bem informados sobre os principais editais de prefeituras e concursos municipais.\",\"birthDate\":\"1990-04-21\",\"gender\":\"feminino\",\"url\":\"https:\/\/www.estrategiaconcursos.com.br\/blog\/author\/melmuara-candidoestrategia-com\/\"}]}<\/script>\n<!-- \/ Yoast SEO Premium plugin. -->","yoast_head_json":{"title":"Concurso Prefeitura Canoas: gabaritos preliminares divulgados!","description":"Concurso Prefeitura Canoas: confira os gabaritos preliminares das provas de julho! Veja prazos para recursos e sal\u00e1rios de at\u00e9 R$ 16,8 mil.","robots":{"index":"index","follow":"follow","max-snippet":"max-snippet:-1","max-image-preview":"max-image-preview:large","max-video-preview":"max-video-preview:-1"},"canonical":"https:\/\/www.estrategiaconcursos.com.br\/blog\/concurso-prefeitura-canoas\/","og_locale":"pt_BR","og_type":"article","og_title":"Concurso Prefeitura Canoas: gabaritos preliminares divulgados!","og_description":"Concurso Prefeitura Canoas: confira os gabaritos preliminares das provas de julho! Veja prazos para recursos e sal\u00e1rios de at\u00e9 R$ 16,8 mil.","og_url":"https:\/\/www.estrategiaconcursos.com.br\/blog\/concurso-prefeitura-canoas\/","og_site_name":"Estrat\u00e9gia Concursos","article_published_time":"2026-01-03T12:17:25+00:00","article_modified_time":"2026-01-07T12:17:02+00:00","og_image":[{"width":768,"height":432,"url":"https:\/\/dhg1h5j42swfq.cloudfront.net\/2021\/05\/19101528\/prefeitura-de-canoas-rs.jpg","type":"image\/jpeg"}],"author":"Melmuara Thaiane Doneg\u00e1 C\u00e2ndido","twitter_card":"summary_large_image","twitter_creator":"@EstratConcursos","twitter_site":"@EstratConcursos","twitter_misc":{"Escrito por":"Melmuara Thaiane Doneg\u00e1 C\u00e2ndido","Est. tempo de leitura":"4 minutos"},"schema":{"@context":"https:\/\/schema.org","@graph":[{"@type":"NewsArticle","@id":"https:\/\/www.estrategiaconcursos.com.br\/blog\/concurso-prefeitura-canoas\/#article","isPartOf":{"@id":"https:\/\/www.estrategiaconcursos.com.br\/blog\/concurso-prefeitura-canoas\/"},"author":{"name":"Melmuara Thaiane Doneg\u00e1 C\u00e2ndido","@id":"https:\/\/www.estrategiaconcursos.com.br\/blog\/#\/schema\/person\/f33ffe5648e36a1ec7be14cb98aec31a"},"headline":"Concurso Prefeitura Canoas: gabaritos preliminares divulgados!","datePublished":"2026-01-03T12:17:25+00:00","dateModified":"2026-01-07T12:17:02+00:00","mainEntityOfPage":{"@id":"https:\/\/www.estrategiaconcursos.com.br\/blog\/concurso-prefeitura-canoas\/"},"wordCount":1210,"commentCount":0,"publisher":{"@id":"https:\/\/www.estrategiaconcursos.com.br\/blog\/#organization"},"image":{"@id":"https:\/\/www.estrategiaconcursos.com.br\/blog\/concurso-prefeitura-canoas\/#primaryimage"},"thumbnailUrl":"https:\/\/dhg1h5j42swfq.cloudfront.net\/2021\/05\/19101528\/prefeitura-de-canoas-rs.jpg","articleSection":["Prefeituras"],"inLanguage":"pt-BR","potentialAction":[{"@type":"CommentAction","name":"Comment","target":["https:\/\/www.estrategiaconcursos.com.br\/blog\/concurso-prefeitura-canoas\/#respond"]}],"copyrightYear":"2026","copyrightHolder":{"@id":"https:\/\/www.estrategiaconcursos.com.br\/blog\/#organization"}},{"@type":"WebPage","@id":"https:\/\/www.estrategiaconcursos.com.br\/blog\/concurso-prefeitura-canoas\/","url":"https:\/\/www.estrategiaconcursos.com.br\/blog\/concurso-prefeitura-canoas\/","name":"Concurso Prefeitura Canoas: gabaritos preliminares divulgados!","isPartOf":{"@id":"https:\/\/www.estrategiaconcursos.com.br\/blog\/#website"},"primaryImageOfPage":{"@id":"https:\/\/www.estrategiaconcursos.com.br\/blog\/concurso-prefeitura-canoas\/#primaryimage"},"image":{"@id":"https:\/\/www.estrategiaconcursos.com.br\/blog\/concurso-prefeitura-canoas\/#primaryimage"},"thumbnailUrl":"https:\/\/dhg1h5j42swfq.cloudfront.net\/2021\/05\/19101528\/prefeitura-de-canoas-rs.jpg","datePublished":"2026-01-03T12:17:25+00:00","dateModified":"2026-01-07T12:17:02+00:00","description":"Concurso Prefeitura Canoas: confira os gabaritos preliminares das provas de julho! Veja prazos para recursos e sal\u00e1rios de at\u00e9 R$ 16,8 mil.","breadcrumb":{"@id":"https:\/\/www.estrategiaconcursos.com.br\/blog\/concurso-prefeitura-canoas\/#breadcrumb"},"inLanguage":"pt-BR","potentialAction":[{"@type":"ReadAction","target":["https:\/\/www.estrategiaconcursos.com.br\/blog\/concurso-prefeitura-canoas\/"]}]},{"@type":"ImageObject","inLanguage":"pt-BR","@id":"https:\/\/www.estrategiaconcursos.com.br\/blog\/concurso-prefeitura-canoas\/#primaryimage","url":"https:\/\/dhg1h5j42swfq.cloudfront.net\/2021\/05\/19101528\/prefeitura-de-canoas-rs.jpg","contentUrl":"https:\/\/dhg1h5j42swfq.cloudfront.net\/2021\/05\/19101528\/prefeitura-de-canoas-rs.jpg","width":768,"height":432,"caption":"Editais Prefeitura de Canoas"},{"@type":"BreadcrumbList","@id":"https:\/\/www.estrategiaconcursos.com.br\/blog\/concurso-prefeitura-canoas\/#breadcrumb","itemListElement":[{"@type":"ListItem","position":1,"name":"In\u00edcio","item":"https:\/\/www.estrategiaconcursos.com.br\/blog\/"},{"@type":"ListItem","position":2,"name":"Concurso Prefeitura Canoas: gabaritos preliminares divulgados!"}]},{"@type":"WebSite","@id":"https:\/\/www.estrategiaconcursos.com.br\/blog\/#website","url":"https:\/\/www.estrategiaconcursos.com.br\/blog\/","name":"Estrat\u00e9gia Concursos","description":"O blog da Estrat\u00e9gia Concursos traz not\u00edcias sobre concursos e artigos de professores oferecendo cursos para concursos (pdf + videaulas) no site.","publisher":{"@id":"https:\/\/www.estrategiaconcursos.com.br\/blog\/#organization"},"potentialAction":[{"@type":"SearchAction","target":{"@type":"EntryPoint","urlTemplate":"https:\/\/www.estrategiaconcursos.com.br\/blog\/?s={search_term_string}"},"query-input":{"@type":"PropertyValueSpecification","valueRequired":true,"valueName":"search_term_string"}}],"inLanguage":"pt-BR"},{"@type":"Organization","@id":"https:\/\/www.estrategiaconcursos.com.br\/blog\/#organization","name":"Estrat\u00e9gia Concursos","url":"https:\/\/www.estrategiaconcursos.com.br\/blog\/","logo":{"@type":"ImageObject","inLanguage":"pt-BR","@id":"https:\/\/www.estrategiaconcursos.com.br\/blog\/#\/schema\/logo\/image\/","url":"https:\/\/dhg1h5j42swfq.cloudfront.net\/2025\/06\/03203428\/logo_concursos-1.jpg","contentUrl":"https:\/\/dhg1h5j42swfq.cloudfront.net\/2025\/06\/03203428\/logo_concursos-1.jpg","width":230,"height":60,"caption":"Estrat\u00e9gia Concursos"},"image":{"@id":"https:\/\/www.estrategiaconcursos.com.br\/blog\/#\/schema\/logo\/image\/"},"sameAs":["https:\/\/x.com\/EstratConcursos"]},{"@type":"Person","@id":"https:\/\/www.estrategiaconcursos.com.br\/blog\/#\/schema\/person\/f33ffe5648e36a1ec7be14cb98aec31a","name":"Melmuara Thaiane Doneg\u00e1 C\u00e2ndido","image":{"@type":"ImageObject","inLanguage":"pt-BR","@id":"https:\/\/secure.gravatar.com\/avatar\/72c23c49ace6e781125178efe440f336ae4f50fbfb902780beb369688b387c4f?s=96&d=mm&r=g","url":"https:\/\/secure.gravatar.com\/avatar\/72c23c49ace6e781125178efe440f336ae4f50fbfb902780beb369688b387c4f?s=96&d=mm&r=g","contentUrl":"https:\/\/secure.gravatar.com\/avatar\/72c23c49ace6e781125178efe440f336ae4f50fbfb902780beb369688b387c4f?s=96&d=mm&r=g","caption":"Melmuara Thaiane Doneg\u00e1 C\u00e2ndido"},"description":"Formada em Jornalismo em 2011 pela UniSEB-COC, Ribeir\u00e3o Preto-SP, atua desde 2017 na produ\u00e7\u00e3o de conte\u00fado para prefeituras, passando da \u00e1rea publicit\u00e1ria para a cria\u00e7\u00e3o de textos estrat\u00e9gicos e not\u00edcias sobre concursos, mantendo os concurseiros bem informados sobre os principais editais de prefeituras e concursos municipais.","birthDate":"1990-04-21","gender":"feminino","url":"https:\/\/www.estrategiaconcursos.com.br\/blog\/author\/melmuara-candidoestrategia-com\/"}]}},"_links":{"self":[{"href":"https:\/\/www.estrategiaconcursos.com.br\/blog\/wp-json\/wp\/v2\/posts\/471084","targetHints":{"allow":["GET"]}}],"collection":[{"href":"https:\/\/www.estrategiaconcursos.com.br\/blog\/wp-json\/wp\/v2\/posts"}],"about":[{"href":"https:\/\/www.estrategiaconcursos.com.br\/blog\/wp-json\/wp\/v2\/types\/post"}],"author":[{"embeddable":true,"href":"https:\/\/www.estrategiaconcursos.com.br\/blog\/wp-json\/wp\/v2\/users\/2991"}],"replies":[{"embeddable":true,"href":"https:\/\/www.estrategiaconcursos.com.br\/blog\/wp-json\/wp\/v2\/comments?post=471084"}],"version-history":[{"count":54,"href":"https:\/\/www.estrategiaconcursos.com.br\/blog\/wp-json\/wp\/v2\/posts\/471084\/revisions"}],"predecessor-version":[{"id":1694757,"href":"https:\/\/www.estrategiaconcursos.com.br\/blog\/wp-json\/wp\/v2\/posts\/471084\/revisions\/1694757"}],"wp:featuredmedia":[{"embeddable":true,"href":"https:\/\/www.estrategiaconcursos.com.br\/blog\/wp-json\/wp\/v2\/media\/744984"}],"wp:attachment":[{"href":"https:\/\/www.estrategiaconcursos.com.br\/blog\/wp-json\/wp\/v2\/media?parent=471084"}],"wp:term":[{"taxonomy":"category","embeddable":true,"href":"https:\/\/www.estrategiaconcursos.com.br\/blog\/wp-json\/wp\/v2\/categories?post=471084"},{"taxonomy":"post_tag","embeddable":true,"href":"https:\/\/www.estrategiaconcursos.com.br\/blog\/wp-json\/wp\/v2\/tags?post=471084"},{"taxonomy":"tax_estado","embeddable":true,"href":"https:\/\/www.estrategiaconcursos.com.br\/blog\/wp-json\/wp\/v2\/tax_estado?post=471084"}],"curies":[{"name":"wp","href":"https:\/\/api.w.org\/{rel}","templated":true}]}}