{"id":470386,"date":"2025-09-02T00:59:11","date_gmt":"2025-09-02T03:59:11","guid":{"rendered":"https:\/\/www.estrategiaconcursos.com.br\/blog\/?p=470386"},"modified":"2025-09-02T00:59:13","modified_gmt":"2025-09-02T03:59:13","slug":"concurso-policia-penal-ac","status":"publish","type":"post","link":"https:\/\/www.estrategiaconcursos.com.br\/blog\/concurso-policia-penal-ac\/","title":{"rendered":"Concurso Pol\u00edcia Penal AC: resultados homologados!"},"content":{"rendered":"\n<p class=\"has-medium-font-size\"><strong><em>Resultados para t\u00e9cnicos e administrativos do concurso Pol\u00edcia Penal AC j\u00e1 estavam homologados!<\/em><\/strong><\/p>\n\n\n\n<p>Foi homologado o<strong> resultado final <\/strong>do <strong>concurso Pol\u00edcia Penal AC <\/strong>(<a href=\"https:\/\/www.estrategiaconcursos.com.br\/cursosPorConcurso\/instituto-de-administracao-penitenciaria-do-acre-iapen-acre\" target=\"_blank\" rel=\"noreferrer noopener\">Instituto de Administra\u00e7\u00e3o Penitenci\u00e1ria do Estado do Acre \u2013 IAPEN\/AC<\/a>) para<strong> Agente Policial Penal<\/strong>.<strong><em> <\/em><\/strong><\/p>\n\n\n\n<p>Agora, o certame segue v\u00e1lido por 2 anos, ou seja, at\u00e9 setembro de 2027, podendo ser prorrogado uma vez, por igual per\u00edodo.<\/p>\n\n\n\n<ul class=\"wp-block-list\">\n<li><a href=\"https:\/\/dhg1h5j42swfq.cloudfront.net\/2025\/09\/02005208\/resultado-final-policia-penal-ac.pdf\" target=\"_blank\" rel=\"noreferrer noopener nofollow\">Resultado final homologado &#8211; Agente de Pol\u00edcia Penal<\/a><\/li>\n<\/ul>\n\n\n\n<p>Lembrando que, recentemente, foi divulgada a primeira convoca\u00e7\u00e3o para a inspe\u00e7\u00e3o m\u00e9dica, entrega de documentos e posse dos candidatos aprovados para os cargos t\u00e9cnicos e administrativos.<\/p>\n\n\n\n<p>Vale lembrar que o resultado final e homologa\u00e7\u00e3o para estes cargos foram divulgados em mar\u00e7o de 2025. Com isso, a validade segue vigente at\u00e9 mar\u00e7o de 2027.<\/p>\n\n\n\n<ul class=\"wp-block-list\">\n<li><a href=\"https:\/\/dhg1h5j42swfq.cloudfront.net\/2025\/07\/25150410\/c6cbe74e-29be-4f25-baa4-56df0027991c.pdf\" target=\"_blank\" rel=\"noreferrer noopener nofollow\">Acesse aqui a convoca\u00e7\u00e3o para posse<\/a><\/li>\n\n\n\n<li><a href=\"https:\/\/dhg1h5j42swfq.cloudfront.net\/2025\/02\/07154359\/86af6827-7384-4bf9-a5fb-e4154f47b170-2.pdf\" target=\"_blank\" rel=\"noreferrer noopener nofollow\">Resultado final e homologa\u00e7\u00e3o &#8211; cargos t\u00e9cnicos e administrativos<\/a><\/li>\n<\/ul>\n\n\n\n<p>Ao todo, foram ofertadas <strong>329 vagas<\/strong> para os cargos de T\u00e9cnico Administrativo e Operacional, <strong>Agente de Pol\u00edcia Penal<\/strong>, Assistente Social, Engenheiro Civil, Especialista em Execu\u00e7\u00e3o Penal e Psic\u00f3logo. Os sal\u00e1rios variam de R$ 3.221,90 a R$ 6.561,76.<\/p>\n\n\n\n<ul class=\"wp-block-list has-very-light-gray-to-cyan-bluish-gray-gradient-background has-background\">\n<li><strong>Pol\u00edcia Penal AC<\/strong><\/li>\n\n\n\n<li><strong>Situa\u00e7\u00e3o<\/strong>: homologado e v\u00e1lido at\u00e9 2027<\/li>\n\n\n\n<li><strong>Banca<\/strong>: <a href=\"https:\/\/concursos.ibfc.org.br\/informacoes\/6\/\" target=\"_blank\" rel=\"noreferrer noopener\">IBFC<\/a><\/li>\n\n\n\n<li><strong>Vagas<\/strong>: 329<\/li>\n\n\n\n<li><strong>Sal\u00e1rio inicial:<\/strong>&nbsp;R$ 3.221,90 a R$ 6.561,76<\/li>\n\n\n\n<li><strong>Edital<\/strong>: <a href=\"https:\/\/dhg1h5j42swfq.cloudfront.net\/2023\/06\/20111136\/editalppac.pdf\" target=\"_blank\" rel=\"noreferrer noopener nofollow\">IAPEN AC 2023<\/a><\/li>\n<\/ul>\n\n\n\n<p>Ao longo deste artigo voc\u00ea confere mais detalhes sobre o&nbsp;concurso Pol\u00edcia Penal AC.&nbsp;Nosso objetivo \u00e9 mant\u00ea-lo 100% informado.  <\/p>\n\n\n\n<ul id=\"indice\" class=\"wp-block-list\">\n<li><a href=\"#situacao\">Informa\u00e7\u00f5es do edital publicado<\/a>\n\n\n\n\n\n\n\n\n\n\n\n\n\n\n\n\n<ul class=\"wp-block-list\">\n<li><a href=\"#cargos-vagas\">Cargos e vagas<\/a><\/li>\n\n\n\n<li><a href=\"#etapas\">Etapas e provas<\/a><\/li>\n<\/ul>\n<\/li>\n\n\n\n<li><a href=\"#ultimos\">\u00daltimos concursos<\/a>\n<ul class=\"wp-block-list\">\n<li><a href=\"#h-concurso-iapen-acre-processo-seletivo-2021\" target=\"_blank\" rel=\"noreferrer noopener\">Processo seletivo 2021<\/a><\/li>\n\n\n\n<li><a href=\"#pss-2020\">Processo seletivo 2020<\/a><\/li>\n\n\n\n<li><a href=\"#seletivo-2018\">Processo Seletivo 2018<\/a><\/li>\n<\/ul>\n<\/li>\n\n\n\n<li><a href=\"#guia\">Guia de estudos 2023<\/a><\/li>\n\n\n\n<li><a href=\"#cursos\">Cursos e assinaturas<\/a><\/li>\n\n\n\n<li><a href=\"#ficha\">Ficha t\u00e9cnica<\/a><\/li>\n<\/ul>\n\n\n\n<div class=\"container\" id=\"boxes\">\n  <div class=\"row\">\n\n    <div class=\"col-sm\">\n      <div class=\"banner-policia-penal\" id=\"box-assinatura\">\n        <h3 class=\"titulo-assinatura\" style=\"text-align: left;\">Concurso Pol\u00edcia Penal AC<\/h3>\n        <p class=\"subtitulo-assinatura\" style=\"text-align: left;\">Conhe\u00e7a os cursos<\/p>\n        <div class=\"box-botao\" style=\"text-align: left;\">\n          <a class=\"btn-assinatura\" target=\"_blank\" href=\"https:\/\/www.estrategiaconcursos.com.br\/cursosPorConcurso\/instituto-de-administracao-penitenciaria-do-acre-iapen-acre\/\" role=\"button\" rel=\"noopener noreferrer\">CLIQUE AQUI<\/a>\n        <\/div>\n      <\/div><\/div><\/div><\/div>\n\n\n\n<h2 class=\"wp-block-heading\">Concurso Pol\u00edcia Penal AC: informa\u00e7\u00f5es do edital<\/h2>\n\n\n\n<h3 class=\"wp-block-heading\" id=\"cargos-vagas\">Cargos e vagas do concurso IAPEN AC<\/h3>\n\n\n\n<h4 class=\"wp-block-heading\" id=\"medio\">Ensino m\u00e9dio<\/h4>\n\n\n\n<figure class=\"wp-block-table is-style-stripes\"><table class=\"has-very-light-gray-to-cyan-bluish-gray-gradient-background has-background has-fixed-layout\"><thead><tr><th class=\"has-text-align-center\" data-align=\"center\">CARGOS<\/th><th class=\"has-text-align-center\" data-align=\"center\">VAGAS<\/th><th class=\"has-text-align-center\" data-align=\"center\">SAL\u00c1RIO<\/th><\/tr><\/thead><tbody><tr><td class=\"has-text-align-center\" data-align=\"center\"><a href=\"https:\/\/www.estrategiaconcursos.com.br\/curso\/policia-penal-ac-tecnico-administrativo-e-operacional-pacote-2023-pos-edital\/\" target=\"_blank\" rel=\"noreferrer noopener\">T\u00e9cnico Administrativo e Operacional<\/a><\/td><td class=\"has-text-align-center\" data-align=\"center\">49<\/td><td class=\"has-text-align-center\" data-align=\"center\">R$ 3.221,90<\/td><\/tr><\/tbody><\/table><\/figure>\n\n\n\n<h4 class=\"wp-block-heading\" id=\"superior\">Curso superior<\/h4>\n\n\n\n<figure class=\"wp-block-table is-style-stripes\"><table class=\"has-very-light-gray-to-cyan-bluish-gray-gradient-background has-background has-fixed-layout\"><thead><tr><th class=\"has-text-align-center\" data-align=\"center\">CARGOS<\/th><th class=\"has-text-align-center\" data-align=\"center\">VAGAS<\/th><th class=\"has-text-align-center\" data-align=\"center\">SAL\u00c1RIO<\/th><\/tr><\/thead><tbody><tr><td class=\"has-text-align-center\" data-align=\"center\"><a href=\"https:\/\/www.estrategiaconcursos.com.br\/curso\/policia-penal-ac-agente-de-policia-penal-pacote-2023-pos-edital\/\" target=\"_blank\" rel=\"noreferrer noopener\">Agente de Pol\u00edcia Penal \u2013 Masculino<\/a><\/td><td class=\"has-text-align-center\" data-align=\"center\">211<\/td><td class=\"has-text-align-center\" data-align=\"center\">R$ 4.366,60<\/td><\/tr><tr><td class=\"has-text-align-center\" data-align=\"center\"><a href=\"https:\/\/www.estrategiaconcursos.com.br\/curso\/policia-penal-ac-agente-de-policia-penal-pacote-2023-pos-edital\/\" target=\"_blank\" rel=\"noreferrer noopener\">Agente de Pol\u00edcia Penal \u2013 Feminino<\/a><\/td><td class=\"has-text-align-center\" data-align=\"center\">50<\/td><td class=\"has-text-align-center\" data-align=\"center\">R$ 4.366,60<\/td><\/tr><tr><td class=\"has-text-align-center\" data-align=\"center\">Assistente Social<\/td><td class=\"has-text-align-center\" data-align=\"center\">7<\/td><td class=\"has-text-align-center\" data-align=\"center\">R$ 5.131,34<\/td><\/tr><tr><td class=\"has-text-align-center\" data-align=\"center\">Engenheiro Civil<\/td><td class=\"has-text-align-center\" data-align=\"center\">1<\/td><td class=\"has-text-align-center\" data-align=\"center\">R$ 6.561,76<\/td><\/tr><tr><td class=\"has-text-align-center\" data-align=\"center\">Especialista em Execu\u00e7\u00e3o Penal<\/td><td class=\"has-text-align-center\" data-align=\"center\">4<\/td><td class=\"has-text-align-center\" data-align=\"center\">R$ 5.131,34<\/td><\/tr><tr><td class=\"has-text-align-center\" data-align=\"center\">Psic\u00f3logo<\/td><td class=\"has-text-align-center\" data-align=\"center\">7<\/td><td class=\"has-text-align-center\" data-align=\"center\">R$ 5.131,34<\/td><\/tr><\/tbody><\/table><\/figure>\n\n\n\n<h4 class=\"wp-block-heading\">Quais os principais requisitos?<\/h4>\n\n\n\n<ul class=\"wp-block-list\">\n<li>ser brasileiro nato ou naturalizado;<\/li>\n\n\n\n<li>ter a idade m\u00ednima de 18 anos completos;<\/li>\n\n\n\n<li>ter a idade m\u00ednima de 18 anos completos na data da posse e m\u00e1xima de 55 anos na data da inscri\u00e7\u00e3o para Agente de Pol\u00edcia Penal;<\/li>\n\n\n\n<li>comprovar a habilita\u00e7\u00e3o ou carteira provis\u00f3ria para condu\u00e7\u00e3o de ve\u00edculo automotor atrav\u00e9s da Carteira Nacional de Habilita\u00e7\u00e3o &#8211; CNH, categoria \u201cB\u201d ou superior, at\u00e9 a inscri\u00e7\u00e3o no curso de forma\u00e7\u00e3o para o cargo de Agente de Pol\u00edcia Penal;<\/li>\n\n\n\n<li>estar devidamente registrado e em dia junto ao respectivo Conselho Profissional de Classe, para a ocupa\u00e7\u00e3o que assim o exigir.<\/li>\n<\/ul>\n\n\n\n<h3 class=\"wp-block-heading\" id=\"etapas\">Etapas e provas do concurso IAPEN AC<\/h3>\n\n\n\n<p>Os candidatos do concurso IAPEN AC foram avaliados mediante aplica\u00e7\u00e3o de diferentes etapas, conforme abaixo:<\/p>\n\n\n\n<ul class=\"wp-block-list\">\n<li><strong>Prova Objetiva<\/strong> &#8211; para todos os cargos, de car\u00e1ter Eliminat\u00f3rio e Classificat\u00f3rio;<\/li>\n\n\n\n<li><strong>Prova Discursiva<\/strong> &#8211; para todos os cargos, de car\u00e1ter Eliminat\u00f3rio e Classificat\u00f3rio; <\/li>\n\n\n\n<li><strong>Prova de T\u00edtulos<\/strong> &#8211; apenas para o n\u00edvel superior, de car\u00e1ter Classificat\u00f3rio;<\/li>\n\n\n\n<li><strong>Prova de Aptid\u00e3o F\u00edsica<\/strong> &#8211; apenas para Agente de Pol\u00edcia Penal, de car\u00e1ter Eliminat\u00f3rio; <\/li>\n\n\n\n<li><strong>Exame Psicot\u00e9cnico<\/strong> &#8211; apenas para Agente de Pol\u00edcia Penal, de car\u00e1ter Eliminat\u00f3rio; <\/li>\n\n\n\n<li><strong>Exame M\u00e9dico e Toxicol\u00f3gico <\/strong>&#8211; apenas para Agente de Pol\u00edcia Penal, de car\u00e1ter Eliminat\u00f3rio; <\/li>\n\n\n\n<li><strong>Investiga\u00e7\u00e3o Criminal e Social<\/strong> &#8211; apenas para Agente de Pol\u00edcia Penal, de car\u00e1ter Eliminat\u00f3rio; <\/li>\n\n\n\n<li><strong>Curso de Forma\u00e7\u00e3o<\/strong> &#8211; apenas para Agente de Pol\u00edcia Penal, de car\u00e1ter Eliminat\u00f3rio e Classificat\u00f3rio.<\/li>\n<\/ul>\n\n\n\n<p>As Provas Objetiva e Discursiva foram realizadas nas cidades de Brasil\u00e9ia, Cruzeiro do Sul, Feij\u00f3, Jord\u00e3o, Marechal Thaumaturgo, Porto Walter, Rio Branco, Santa Rosa do Purus, Sena Madureira e Tarauac\u00e1 do Estado do Acre.<\/p>\n\n\n\n<h4 class=\"wp-block-heading\" id=\"objetiva\">Provas Objetivas<\/h4>\n\n\n\n<p>A Prova Objetiva do concurso IAPEN AC foi constitu\u00edda por quest\u00f5es de m\u00faltipla escolha, distribu\u00edda pelos conhecimentos gerais e espec\u00edficos, sendo que cada quest\u00e3o conteve quatro alternativas.<\/p>\n\n\n\n<ul class=\"wp-block-list\">\n<li>L\u00edngua Portuguesa &#8211; 10 quest\u00f5es (peso 1)<\/li>\n\n\n\n<li>Hist\u00f3ria e Geografia do Acre &#8211; 10 quest\u00f5es (peso 1)<\/li>\n\n\n\n<li>Inform\u00e1tica B\u00e1sica &#8211; 10 quest\u00f5es (peso 1)<\/li>\n\n\n\n<li>Espec\u00edficos Espec\u00edfica &#8211; 30 quest\u00f5es (peso 2)<\/li>\n<\/ul>\n\n\n\n<p>De acordo com o edital, a etapa foi avaliada na escala de 0 a 60 pontos, considerando-se <strong>habilitado<\/strong> o candidato que, cumulativamente:<\/p>\n\n\n\n<ul class=\"wp-block-list\">\n<li>a) acertou, no m\u00ednimo, 15 pontos na prova de Conhecimentos Gerais;<\/li>\n\n\n\n<li>b) acertou, no m\u00ednimo, 30 pontos na prova de Conhecimentos Espec\u00edficos; e<\/li>\n\n\n\n<li>c) acertou, no m\u00ednimo, 45 pontos do total da prova objetiva.<\/li>\n<\/ul>\n\n\n\n<h4 class=\"wp-block-heading\" id=\"discursiva\">Prova Discursiva<\/h4>\n\n\n\n<p>Somente foram corrigidas as Provas Discursivas dos candidatos que forem aprovados na Prova Objetiva e que estejam classificados dentro do limite, mais os empates na \u00faltima posi\u00e7\u00e3o de classifica\u00e7\u00e3o, se houver.<\/p>\n\n\n\n<p>A etapa foi constitu\u00edda de uma Reda\u00e7\u00e3o, cujo tema foi fornecido no momento da Prova Objetiva. Para o desenvolvimento, o candidato teve que redigir no m\u00ednimo 20 e no m\u00e1ximo 30 linhas.<\/p>\n\n\n\n<p>A Prova Discursiva teve car\u00e1ter eliminat\u00f3rio e classificat\u00f3rio e foi avaliada na escala de 0 a 20 pontos, considerando-se <strong>habilitado <\/strong>o candidato que nela obteve nota igual ou superior a 10 pontos.<\/p>\n\n\n\n<h4 class=\"wp-block-heading\" id=\"titulos\">Avalia\u00e7\u00e3o de T\u00edtulos<\/h4>\n\n\n\n<p>Foram convocados para a Prova de T\u00edtulos do concurso Pol\u00edcia Penal AC, de car\u00e1ter classificat\u00f3rio, os candidatos aprovados na Prova Discursiva dos cargos de N\u00edvel Superior.<\/p>\n\n\n\n<p>A etapa foi avaliada na escala de 0 a 3 pontos, conforme o quadro a seguir:<\/p>\n\n\n\n<figure class=\"wp-block-image aligncenter size-large\"><img loading=\"lazy\" decoding=\"async\" width=\"1024\" height=\"156\" src=\"https:\/\/dhg1h5j42swfq.cloudfront.net\/2023\/06\/20115225\/image-209-1024x156.png\" alt=\"Quadro de t\u00edtulos do concurso IAPEN AC\" class=\"wp-image-1235538\" srcset=\"https:\/\/dhg1h5j42swfq.cloudfront.net\/2023\/06\/20115225\/image-209-1024x156.png 1024w, https:\/\/dhg1h5j42swfq.cloudfront.net\/2023\/06\/20115225\/image-209-300x46.png 300w, https:\/\/dhg1h5j42swfq.cloudfront.net\/2023\/06\/20115225\/image-209-768x117.png 768w, https:\/\/dhg1h5j42swfq.cloudfront.net\/2023\/06\/20115225\/image-209-610x93.png 610w, https:\/\/dhg1h5j42swfq.cloudfront.net\/2023\/06\/20115225\/image-209-150x23.png 150w, https:\/\/dhg1h5j42swfq.cloudfront.net\/2023\/06\/20115225\/image-209.png 1220w\" sizes=\"auto, (max-width: 1024px) 100vw, 1024px\" \/><figcaption class=\"wp-element-caption\">Quadro de t\u00edtulos do concurso IAPEN AC<\/figcaption><\/figure>\n\n\n\n<h4 class=\"wp-block-heading\" id=\"pratica\">Prova de Aptid\u00e3o F\u00edsica<\/h4>\n\n\n\n<p>Os candidatos habilitados na Prova Discursiva para o cargo de Agente de Pol\u00edcia Penal foram convocados para a Prova de Aptid\u00e3o F\u00edsica, de car\u00e1ter eliminat\u00f3rio.<\/p>\n\n\n\n<p>A referida etapa teve por objetivo avaliar a agilidade, resist\u00eancia muscular e aer\u00f3bica do candidato ao cargo de Agente de Pol\u00edcia Penal, consideradas indispens\u00e1veis ao exerc\u00edcio de suas atividades, sendo composta dos seguintes testes:<\/p>\n\n\n\n<figure class=\"wp-block-table is-style-stripes\"><table class=\"has-very-light-gray-to-cyan-bluish-gray-gradient-background has-background has-fixed-layout\"><thead><tr><th class=\"has-text-align-center\" data-align=\"center\">Teste<\/th><th class=\"has-text-align-center\" data-align=\"center\">\u00cdndice m\u00ednimo &#8211; masculino<\/th><th class=\"has-text-align-center\" data-align=\"center\">\u00cdndice m\u00ednimo &#8211; feminino<\/th><\/tr><\/thead><tbody><tr><td class=\"has-text-align-center\" data-align=\"center\">Barra Fixa<\/td><td class=\"has-text-align-center\" data-align=\"center\">06 repeti\u00e7\u00f5es<\/td><td class=\"has-text-align-center\" data-align=\"center\">10 segundos<\/td><\/tr><tr><td class=\"has-text-align-center\" data-align=\"center\">Flex\u00e3o<\/td><td class=\"has-text-align-center\" data-align=\"center\">20 repeti\u00e7\u00f5es<\/td><td class=\"has-text-align-center\" data-align=\"center\">12 repeti\u00e7\u00f5es<\/td><\/tr><tr><td class=\"has-text-align-center\" data-align=\"center\">Abdominal<\/td><td class=\"has-text-align-center\" data-align=\"center\">30 repeti\u00e7\u00f5es<\/td><td class=\"has-text-align-center\" data-align=\"center\">25 repeti\u00e7\u00f5es<\/td><\/tr><tr><td class=\"has-text-align-center\" data-align=\"center\">Corrida<\/td><td class=\"has-text-align-center\" data-align=\"center\">2.200 metros<\/td><td class=\"has-text-align-center\" data-align=\"center\">1.800 metros<\/td><\/tr><\/tbody><\/table><\/figure>\n\n\n\n<h2 class=\"wp-block-heading\" id=\"ultimos\">Concurso Pol\u00edcia Penal AC: \u00faltimos editais<\/h2>\n\n\n\n<h3 class=\"wp-block-heading has-cyan-bluish-gray-background-color has-background\" id=\"h-processo-seletivo-de-2021\">Processo seletivo de 2021<\/h3>\n\n\n\n<p>Foi <a href=\"https:\/\/dhg1h5j42swfq.cloudfront.net\/2022\/02\/01161259\/edital-n-012-iapen-resultado-final-do-processo-seletivo-10-12-2021.pdf\" target=\"_blank\" rel=\"noreferrer noopener nofollow\">homologado<\/a> o resultado final do Processo Seletivo Simplificado da Pol\u00edcia Penal AC (2021) na seguinte ordem: cargo, inscri\u00e7\u00e3o, nome do candidato e nota, em ordem de classifica\u00e7\u00e3o.<\/p>\n\n\n\n<h3 class=\"wp-block-heading\" id=\"h-cargos-vagas-e-remuneracoes\">Cargos, vagas e remunera\u00e7\u00f5es<\/h3>\n\n\n\n<figure class=\"wp-block-table is-style-stripes\"><table class=\"has-very-light-gray-to-cyan-bluish-gray-gradient-background has-background has-fixed-layout\"><thead><tr><th class=\"has-text-align-center\" data-align=\"center\">CARGOS<\/th><th class=\"has-text-align-center\" data-align=\"center\">VAGAS<\/th><th class=\"has-text-align-center\" data-align=\"center\">SAL\u00c1RIO<\/th><th class=\"has-text-align-center\" data-align=\"center\">ESCOLARIDADE<\/th><\/tr><\/thead><tbody><tr><td class=\"has-text-align-center\" data-align=\"center\">Auxiliar Administrativo<\/td><td class=\"has-text-align-center\" data-align=\"center\">1<\/td><td class=\"has-text-align-center\" data-align=\"center\">R$ 3.077,05<\/td><td class=\"has-text-align-center\" data-align=\"center\">Ensino m\u00e9dio<\/td><\/tr><tr><td class=\"has-text-align-center\" data-align=\"center\">Advogado<\/td><td class=\"has-text-align-center\" data-align=\"center\">1<\/td><td class=\"has-text-align-center\" data-align=\"center\">R$ 4.658,32<\/td><td class=\"has-text-align-center\" data-align=\"center\">Curso superior<\/td><\/tr><tr><td class=\"has-text-align-center\" data-align=\"center\">Assistente Social<\/td><td class=\"has-text-align-center\" data-align=\"center\">1<\/td><td class=\"has-text-align-center\" data-align=\"center\">R$ 4.658,32<\/td><td class=\"has-text-align-center\" data-align=\"center\">Curso superior<\/td><\/tr><tr><td class=\"has-text-align-center\" data-align=\"center\">Psic\u00f3logo<\/td><td class=\"has-text-align-center\" data-align=\"center\">1<\/td><td class=\"has-text-align-center\" data-align=\"center\">R$ 4.658,32<\/td><td class=\"has-text-align-center\" data-align=\"center\">Curso superior<\/td><\/tr><\/tbody><\/table><figcaption class=\"wp-element-caption\">Cargos, vagas, sal\u00e1rios e escolaridade do Processo Seletivo de 2021.<\/figcaption><\/figure>\n\n\n\n<h3 class=\"wp-block-heading\" id=\"etapas\">Etapas e provas<\/h3>\n\n\n\n<p>O processo seletivo IAPEN Acre foi constitu\u00eddo pelas etapas a seguir:<\/p>\n\n\n\n<ul class=\"wp-block-list\">\n<li>Prova Objetiva, de car\u00e1ter classificat\u00f3rio e eliminat\u00f3rio;<\/li>\n\n\n\n<li>Investiga\u00e7\u00e3o Criminal e Social, de car\u00e1ter eliminat\u00f3rio.<\/li>\n\n\n\n<li>Prova de T\u00edtulos, de car\u00e1ter classificat\u00f3rio.<\/li>\n<\/ul>\n\n\n\n<p>A <strong>Prova Objetiva <\/strong>teve car\u00e1ter eliminat\u00f3rio e classificat\u00f3rio e foi realizada em at\u00e9 3h30.<\/p>\n\n\n\n<figure class=\"wp-block-image aligncenter size-large\"><img loading=\"lazy\" decoding=\"async\" width=\"695\" height=\"397\" src=\"https:\/\/dhg1h5j42swfq.cloudfront.net\/2021\/07\/05191248\/capturar.png\" alt=\"Tabelas das disciplinas, n\u00famero de quest\u00f5es e pontua\u00e7\u00e3o da prova objetiva.\" class=\"wp-image-787742\" srcset=\"https:\/\/dhg1h5j42swfq.cloudfront.net\/2021\/07\/05191248\/capturar.png 695w, https:\/\/dhg1h5j42swfq.cloudfront.net\/2021\/07\/05191248\/capturar-300x171.png 300w, https:\/\/dhg1h5j42swfq.cloudfront.net\/2021\/07\/05191248\/capturar-610x348.png 610w\" sizes=\"auto, (max-width: 695px) 100vw, 695px\" \/><figcaption class=\"wp-element-caption\">Provas do concurso IAPEN Acre<\/figcaption><\/figure>\n\n\n\n<p>Foram considerados os seguintes <strong>t\u00edtulos <\/strong>no concurso IAPEN Acre:<\/p>\n\n\n\n<figure class=\"wp-block-image aligncenter size-large\"><img loading=\"lazy\" decoding=\"async\" width=\"679\" height=\"205\" src=\"https:\/\/dhg1h5j42swfq.cloudfront.net\/2021\/07\/05192409\/titulos.png\" alt=\"Tabela de atribui\u00e7\u00e3o de pontos na Prova de T\u00edtulo do Concurso Pol\u00edcia Penal AC.\" class=\"wp-image-787779\" srcset=\"https:\/\/dhg1h5j42swfq.cloudfront.net\/2021\/07\/05192409\/titulos.png 679w, https:\/\/dhg1h5j42swfq.cloudfront.net\/2021\/07\/05192409\/titulos-300x91.png 300w, https:\/\/dhg1h5j42swfq.cloudfront.net\/2021\/07\/05192409\/titulos-610x184.png 610w\" sizes=\"auto, (max-width: 679px) 100vw, 679px\" \/><figcaption class=\"wp-element-caption\">T\u00edtulos exigidos aos cargos de n\u00edvel m\u00e9dio <\/figcaption><\/figure>\n\n\n\n<figure class=\"wp-block-image aligncenter size-large\"><img loading=\"lazy\" decoding=\"async\" width=\"687\" height=\"172\" src=\"https:\/\/dhg1h5j42swfq.cloudfront.net\/2021\/07\/05192421\/titulos-2.png\" alt=\"Tabela de atribui\u00e7\u00e3o de pontos na Prova de T\u00edtulos para N\u00edvel Superior.\" class=\"wp-image-787780\" srcset=\"https:\/\/dhg1h5j42swfq.cloudfront.net\/2021\/07\/05192421\/titulos-2.png 687w, https:\/\/dhg1h5j42swfq.cloudfront.net\/2021\/07\/05192421\/titulos-2-300x75.png 300w, https:\/\/dhg1h5j42swfq.cloudfront.net\/2021\/07\/05192421\/titulos-2-610x153.png 610w\" sizes=\"auto, (max-width: 687px) 100vw, 687px\" \/><figcaption class=\"wp-element-caption\">T\u00edtulos exigidos aos cargos de n\u00edvel superior <\/figcaption><\/figure>\n\n\n\n<h3 class=\"wp-block-heading has-cyan-bluish-gray-background-color has-background\" id=\"pss-2020\">Processo seletivo de 2020<\/h3>\n\n\n\n<h3 class=\"wp-block-heading\" id=\"cargos\">Cargos, vagas e remunera\u00e7\u00f5es<\/h3>\n\n\n\n<p>O Processo seletivo de 2020 foi voltado \u00e0 <strong>\u00e1rea da sa\u00fade<\/strong> e teve oferta de <strong>16 vagas<\/strong>. Confira a rela\u00e7\u00e3o de cargos, vagas e remunera\u00e7\u00f5es:<\/p>\n\n\n\n<figure class=\"wp-block-table is-style-stripes\"><table class=\"has-very-light-gray-to-cyan-bluish-gray-gradient-background has-background has-fixed-layout\"><thead><tr><th class=\"has-text-align-center\" data-align=\"center\">Cargos<\/th><th class=\"has-text-align-center\" data-align=\"center\">Vagas<\/th><th class=\"has-text-align-center\" data-align=\"center\">Escolaridade<\/th><th class=\"has-text-align-center\" data-align=\"center\">Sal\u00e1rio<\/th><\/tr><\/thead><tbody><tr><td class=\"has-text-align-center\" data-align=\"center\">T\u00e9cnico em enfermagem<\/td><td class=\"has-text-align-center\" data-align=\"center\">04<\/td><td class=\"has-text-align-center\" data-align=\"center\">n\u00edvel m\u00e9dio<\/td><td class=\"has-text-align-center\" data-align=\"center\">R$ 2.458,15<\/td><\/tr><tr><td class=\"has-text-align-center\" data-align=\"center\">Microscopista<\/td><td class=\"has-text-align-center\" data-align=\"center\">01<\/td><td class=\"has-text-align-center\" data-align=\"center\">n\u00edvel m\u00e9dio<\/td><td class=\"has-text-align-center\" data-align=\"center\"> R$ 2.458,15 <\/td><\/tr><tr><td class=\"has-text-align-center\" data-align=\"center\">Auxiliar de farm\u00e1cia<\/td><td class=\"has-text-align-center\" data-align=\"center\">01<\/td><td class=\"has-text-align-center\" data-align=\"center\">n\u00edvel m\u00e9dio<\/td><td class=\"has-text-align-center\" data-align=\"center\"> R$ 2.458,15 <\/td><\/tr><tr><td class=\"has-text-align-center\" data-align=\"center\">Auxiliar de sa\u00fade bucal<\/td><td class=\"has-text-align-center\" data-align=\"center\">02<\/td><td class=\"has-text-align-center\" data-align=\"center\">n\u00edvel m\u00e9dio<\/td><td class=\"has-text-align-center\" data-align=\"center\"> R$ 2.458,15 <\/td><\/tr><tr><td class=\"has-text-align-center\" data-align=\"center\">Enfermeiro<\/td><td class=\"has-text-align-center\" data-align=\"center\">03<\/td><td class=\"has-text-align-center\" data-align=\"center\">n\u00edvel superior<\/td><td class=\"has-text-align-center\" data-align=\"center\">R$ 4.547,75<\/td><\/tr><tr><td class=\"has-text-align-center\" data-align=\"center\">Farmac\u00eautico<\/td><td class=\"has-text-align-center\" data-align=\"center\">01<\/td><td class=\"has-text-align-center\" data-align=\"center\">n\u00edvel superior<\/td><td class=\"has-text-align-center\" data-align=\"center\">R$ 4.547,75 <\/td><\/tr><tr><td class=\"has-text-align-center\" data-align=\"center\">Fisioterapeuta<\/td><td class=\"has-text-align-center\" data-align=\"center\">01<\/td><td class=\"has-text-align-center\" data-align=\"center\">n\u00edvel superior<\/td><td class=\"has-text-align-center\" data-align=\"center\"> R$ 4.547,75 <\/td><\/tr><tr><td class=\"has-text-align-center\" data-align=\"center\">Odont\u00f3logo<\/td><td class=\"has-text-align-center\" data-align=\"center\">01<\/td><td class=\"has-text-align-center\" data-align=\"center\">n\u00edvel superior<\/td><td class=\"has-text-align-center\" data-align=\"center\">R$ 7.301,59<\/td><\/tr><tr><td class=\"has-text-align-center\" data-align=\"center\">M\u00e9dico (Cl\u00ednica geral)<\/td><td class=\"has-text-align-center\" data-align=\"center\">01<\/td><td class=\"has-text-align-center\" data-align=\"center\">n\u00edvel superior<\/td><td class=\"has-text-align-center\" data-align=\"center\">R$ 10.298,95<\/td><\/tr><tr><td class=\"has-text-align-center\" data-align=\"center\">Nutricionista<\/td><td class=\"has-text-align-center\" data-align=\"center\">01<\/td><td class=\"has-text-align-center\" data-align=\"center\">n\u00edvel superior<\/td><td class=\"has-text-align-center\" data-align=\"center\">R$ 4.547,75 <\/td><\/tr><\/tbody><\/table><figcaption class=\"wp-element-caption\">Quadro de cargos, vagas, forma\u00e7\u00e3o e remunera\u00e7\u00e3o<\/figcaption><\/figure>\n\n\n\n<h3 class=\"wp-block-heading has-cyan-bluish-gray-background-color has-background\" id=\"seletivo-2018\">Processo seletivo de 2018<\/h3>\n\n\n\n<p>O \u00faltimo processo seletivo do IAPEN Acre <strong>ocorreu em 2018<\/strong>. Na ocasi\u00e3o, <strong>14 oportunidades tempor\u00e1rias<\/strong> foram oferecidas, para cargos de n\u00edvel m\u00e9dio (Auxiliar Administrativo e Recepcionista) e superior (Advogado Aut\u00e1rquico, Assistente Social e Psic\u00f3logo. e Advogado Aut\u00e1rquico). <br \/><br \/>A remunera\u00e7\u00e3o para os <strong>cargos de n\u00edvel m\u00e9dio foi de R$ 2.931,05<\/strong> (sal\u00e1rio base + gratifica\u00e7\u00e3o e benef\u00edcios) e de <strong>R$ 4.658,32 para superior <\/strong>(sal\u00e1rio base + gratifica\u00e7\u00e3o e benef\u00edcios).<\/p>\n\n\n\n<h2 class=\"wp-block-heading\" id=\"guia\">Guia de estudos Pol\u00edcia Penal AC<\/h2>\n\n\n\n<ul class=\"wp-block-list\">\n<li><a href=\"https:\/\/www.estrategiaconcursos.com.br\/blog\/guia-de-estudos-para-policia-penal-ac-2023-agente-policia-penal\/\" target=\"_blank\" rel=\"noreferrer noopener\">Guia de estudos Pol\u00edcia Penal AC &#8211; Agente de Pol\u00edcia Penal 2023<\/a><\/li>\n<\/ul>\n\n\n\n<hr class=\"wp-block-separator has-alpha-channel-opacity\"\/>\n\n\n\n<h2 class=\"wp-block-heading has-text-align-center\" id=\"h-quer-saber-tudo-sobre-concursos-previstos-confira-nossos-artigos\">Quer saber tudo sobre concursos previstos?<br \/>Confira  nossos artigos!<\/h2>\n\n\n\n<ul class=\"wp-block-list\">\n<li><a href=\"https:\/\/www.estrategiaconcursos.com.br\/blog\/concursos-abertos\/\" target=\"_blank\" rel=\"noreferrer noopener\">Concursos abertos<\/a><\/li>\n\n\n\n<li><a href=\"https:\/\/www.estrategiaconcursos.com.br\/blog\/concursos-policia-penal\/\" target=\"_blank\" rel=\"noreferrer noopener\">Concursos Pol\u00edcia Penal<\/a><\/li>\n\n\n\n<li><a href=\"https:\/\/www.estrategiaconcursos.com.br\/blog\/concursos-2025\" target=\"_blank\" rel=\"noreferrer noopener\">Concursos 2025<\/a><\/li>\n\n\n\n<li><a href=\"https:\/\/www.estrategiaconcursos.com.br\/blog\/concursos-2026\/\" target=\"_blank\" rel=\"noreferrer noopener\">Concursos 2026<\/a><\/li>\n<\/ul>\n\n\n\n<h2 class=\"wp-block-heading has-text-align-center\" id=\"cursos\">Quer estudar para o concurso Pol\u00edcia Penal AC?<\/h2>\n\n\n\n<div class=\"container\" id=\"boxes\">\n  <div class=\"row\">\n\n    <div class=\"col-sm\">\n      <div class=\"banner-policia-penal\" id=\"box-assinatura\">\n        <h3 class=\"titulo-assinatura\" style=\"text-align: left;\">Concurso Pol\u00edcia Penal AC<\/h3>\n        <p class=\"subtitulo-assinatura\" style=\"text-align: left;\">Conhe\u00e7a os cursos<\/p>\n        <div class=\"box-botao\" style=\"text-align: left;\">\n          <a class=\"btn-assinatura\" target=\"_blank\" href=\"https:\/\/www.estrategiaconcursos.com.br\/cursosPorConcurso\/instituto-de-administracao-penitenciaria-do-acre-iapen-acre\/\" role=\"button\" rel=\"noopener noreferrer\">CLIQUE AQUI<\/a>\n        <\/div>\n      <\/div><\/div><\/div><\/div>\n\n\n\n<div class=\"container\" id=\"boxes\">\n  <div class=\"row\">\n\n    <div class=\"col-sm\">\n      <div class=\"estrategia\" id=\"box-assinatura\">\n        <h3 class=\"titulo-assinatura\">Assinatura Concursos<\/h3>\n        <p class=\"subtitulo-assinatura\">Assinatura de 1 ano ou 2 anos<\/p>\n        <div class=\"box-botao\">\n          <a class=\"btn-assinatura\" target=\"_blank\" href=\"https:\/\/www.estrategiaconcursos.com.br\/assinaturas\/\" role=\"button\" rel=\"noopener noreferrer\">ASSINE AGORA<\/a>\n        <\/div>\n      <\/div>\n     \n    <\/div><\/div><\/div>\n\n\n\n<figure class=\"wp-block-image size-large is-resized\"><img loading=\"lazy\" decoding=\"async\" width=\"1024\" height=\"632\" src=\"https:\/\/dhg1h5j42swfq.cloudfront.net\/2021\/05\/27120554\/ficha-tecnica-41-1024x632.png\" alt=\"Ficha t\u00e9cnica\" class=\"wp-image-753399\" style=\"width:260px;height:160px\" srcset=\"https:\/\/dhg1h5j42swfq.cloudfront.net\/2021\/05\/27120554\/ficha-tecnica-41-1024x632.png 1024w, https:\/\/dhg1h5j42swfq.cloudfront.net\/2021\/05\/27120554\/ficha-tecnica-41-300x185.png 300w, https:\/\/dhg1h5j42swfq.cloudfront.net\/2021\/05\/27120554\/ficha-tecnica-41-768x474.png 768w, https:\/\/dhg1h5j42swfq.cloudfront.net\/2021\/05\/27120554\/ficha-tecnica-41-1536x948.png 1536w, https:\/\/dhg1h5j42swfq.cloudfront.net\/2021\/05\/27120554\/ficha-tecnica-41-610x377.png 610w, https:\/\/dhg1h5j42swfq.cloudfront.net\/2021\/05\/27120554\/ficha-tecnica-41.png 1571w\" sizes=\"auto, (max-width: 1024px) 100vw, 1024px\" \/><\/figure>\n\n\n\n<h3 class=\"wp-block-heading\" id=\"ficha\">Informa\u00e7\u00f5es do concurso Pol\u00edcia Penal AC <\/h3>\n\n\n\n<ul class=\"wp-block-list\">\n<li><strong>Provas<\/strong>: 15\/10\/2023<\/li>\n\n\n\n<li><strong style=\"color: initial;\">Vagas<\/strong><span style=\"color: initial;\">: 329<\/span><\/li>\n\n\n\n<li><strong>Cargos<\/strong>: v\u00e1rios<\/li>\n\n\n\n<li><strong>Banca<\/strong>: IBFC<\/li>\n\n\n\n<li><strong>Escolaridade<\/strong>: n\u00edvel m\u00e9dio e superior<\/li>\n\n\n\n<li><strong>Edital<\/strong>: <a href=\"https:\/\/dhg1h5j42swfq.cloudfront.net\/2023\/06\/20111136\/editalppac.pdf\" target=\"_blank\" rel=\"noreferrer noopener nofollow\">IAPEN AC 2023<\/a><\/li>\n<\/ul>\n\n\n\n<h3 class=\"wp-block-heading\" id=\"ficha\">Informa\u00e7\u00f5es dos \u00faltimos concursos IAPEN AC <\/h3>\n\n\n\n<ul class=\"wp-block-list\">\n<li><strong>Data: <\/strong>2021 | 2020<\/li>\n\n\n\n<li><strong>Vagas<\/strong>: 4 | 16 + CR<\/li>\n\n\n\n<li><strong>Cargos<\/strong>: v\u00e1rios<\/li>\n\n\n\n<li><strong>Banca<\/strong>: IBADE<\/li>\n\n\n\n<li><strong>Escolaridade<\/strong>: N\u00edvel m\u00e9dio e superior<\/li>\n\n\n\n<li><strong>Edital<\/strong>: <a href=\"https:\/\/dhg1h5j42swfq.cloudfront.net\/2021\/07\/05192650\/edital-n-001-edital-de-abertura-02-07-2021.pdf\" target=\"_blank\" rel=\"noreferrer noopener\"><\/a><a href=\"https:\/\/dhg1h5j42swfq.cloudfront.net\/2021\/07\/05192650\/edital-n-001-edital-de-abertura-02-07-2021.pdf\" target=\"_blank\" rel=\"noreferrer noopener nofollow\">IAPEN AC 2021<\/a> | <a href=\"https:\/\/dhg1h5j42swfq.cloudfront.net\/2020\/01\/28115735\/IAPEN_AC_PSS_.pdf\" target=\"_blank\" rel=\"noreferrer noopener nofollow\">IAPEN AC 2020<\/a><\/li>\n<\/ul>\n","protected":false},"excerpt":{"rendered":"<p>Resultados para t\u00e9cnicos e administrativos do concurso Pol\u00edcia Penal AC j\u00e1 estavam homologados! Foi homologado o resultado final do concurso Pol\u00edcia Penal AC (Instituto de Administra\u00e7\u00e3o Penitenci\u00e1ria do Estado do Acre \u2013 IAPEN\/AC) para Agente Policial Penal. Agora, o certame segue v\u00e1lido por 2 anos, ou seja, at\u00e9 setembro de 2027, podendo ser prorrogado uma [&hellip;]<\/p>\n","protected":false},"author":1,"featured_media":1106346,"comment_status":"open","ping_status":"closed","sticky":false,"template":"","format":"standard","meta":{"post_tipo":"news_page","footnotes":""},"categories":[220188],"tags":[],"tax_estado":[219964],"class_list":["post-470386","post","type-post","status-publish","format-standard","has-post-thumbnail","hentry","category-policial-agente-penitenciario","tax_estado-ac"],"acf":[],"yoast_head":"<!-- This site is optimized with the Yoast SEO Premium plugin v27.2 (Yoast SEO v27.2) - https:\/\/yoast.com\/product\/yoast-seo-premium-wordpress\/ -->\n<title>Concurso Pol\u00edcia Penal AC: resultados homologados!<\/title>\n<meta name=\"description\" content=\"Concurso Pol\u00edcia Penal AC tem resultado final homologado. Acesse o site do Estrat\u00e9gia e confira todos os detalhes!\" \/>\n<meta name=\"robots\" content=\"index, follow, max-snippet:-1, max-image-preview:large, max-video-preview:-1\" \/>\n<link rel=\"canonical\" href=\"https:\/\/www.estrategiaconcursos.com.br\/blog\/concurso-policia-penal-ac\/\" \/>\n<meta property=\"og:locale\" content=\"pt_BR\" \/>\n<meta property=\"og:type\" content=\"article\" \/>\n<meta property=\"og:title\" content=\"Concurso Pol\u00edcia Penal AC: resultados homologados!\" \/>\n<meta property=\"og:description\" content=\"Concurso Pol\u00edcia Penal AC tem resultado final homologado. Acesse o site do Estrat\u00e9gia e confira todos os detalhes!\" \/>\n<meta property=\"og:url\" content=\"https:\/\/www.estrategiaconcursos.com.br\/blog\/concurso-policia-penal-ac\/\" \/>\n<meta property=\"og:site_name\" content=\"Estrat\u00e9gia Concursos\" \/>\n<meta property=\"article:author\" content=\"https:\/\/www.facebook.com\/EstrategiaConcursos\" \/>\n<meta property=\"article:published_time\" content=\"2025-09-02T03:59:11+00:00\" \/>\n<meta property=\"article:modified_time\" content=\"2025-09-02T03:59:13+00:00\" \/>\n<meta property=\"og:image\" content=\"https:\/\/dhg1h5j42swfq.cloudfront.net\/2022\/10\/07112018\/concurso-policia-penal-ac.jpg\" \/>\n\t<meta property=\"og:image:width\" content=\"768\" \/>\n\t<meta property=\"og:image:height\" content=\"432\" \/>\n\t<meta property=\"og:image:type\" content=\"image\/jpeg\" \/>\n<meta name=\"author\" content=\"Coordena\u00e7\u00e3o\" \/>\n<meta name=\"twitter:card\" content=\"summary_large_image\" \/>\n<meta name=\"twitter:creator\" content=\"@EstratConcursos\" \/>\n<meta name=\"twitter:site\" content=\"@EstratConcursos\" \/>\n<meta name=\"twitter:label1\" content=\"Escrito por\" \/>\n\t<meta name=\"twitter:data1\" content=\"Coordena\u00e7\u00e3o\" \/>\n\t<meta name=\"twitter:label2\" content=\"Est. tempo de leitura\" \/>\n\t<meta name=\"twitter:data2\" content=\"6 minutos\" \/>\n<script type=\"application\/ld+json\" class=\"yoast-schema-graph\">{\"@context\":\"https:\/\/schema.org\",\"@graph\":[{\"@type\":\"NewsArticle\",\"@id\":\"https:\/\/www.estrategiaconcursos.com.br\/blog\/concurso-policia-penal-ac\/#article\",\"isPartOf\":{\"@id\":\"https:\/\/www.estrategiaconcursos.com.br\/blog\/concurso-policia-penal-ac\/\"},\"author\":{\"name\":\"Coordena\u00e7\u00e3o\",\"@id\":\"https:\/\/www.estrategiaconcursos.com.br\/blog\/#\/schema\/person\/b4a388c97673c5f483d72185668afa1f\"},\"headline\":\"Concurso Pol\u00edcia Penal AC: resultados homologados!\",\"datePublished\":\"2025-09-02T03:59:11+00:00\",\"dateModified\":\"2025-09-02T03:59:13+00:00\",\"mainEntityOfPage\":{\"@id\":\"https:\/\/www.estrategiaconcursos.com.br\/blog\/concurso-policia-penal-ac\/\"},\"wordCount\":1531,\"commentCount\":1,\"publisher\":{\"@id\":\"https:\/\/www.estrategiaconcursos.com.br\/blog\/#organization\"},\"image\":{\"@id\":\"https:\/\/www.estrategiaconcursos.com.br\/blog\/concurso-policia-penal-ac\/#primaryimage\"},\"thumbnailUrl\":\"https:\/\/dhg1h5j42swfq.cloudfront.net\/2022\/10\/07112018\/concurso-policia-penal-ac.jpg\",\"articleSection\":[\"Policial (Agente Penitenci\u00e1rio)\"],\"inLanguage\":\"pt-BR\",\"potentialAction\":[{\"@type\":\"CommentAction\",\"name\":\"Comment\",\"target\":[\"https:\/\/www.estrategiaconcursos.com.br\/blog\/concurso-policia-penal-ac\/#respond\"]}],\"copyrightYear\":\"2025\",\"copyrightHolder\":{\"@id\":\"https:\/\/www.estrategiaconcursos.com.br\/blog\/#organization\"}},{\"@type\":\"WebPage\",\"@id\":\"https:\/\/www.estrategiaconcursos.com.br\/blog\/concurso-policia-penal-ac\/\",\"url\":\"https:\/\/www.estrategiaconcursos.com.br\/blog\/concurso-policia-penal-ac\/\",\"name\":\"Concurso Pol\u00edcia Penal AC: resultados homologados!\",\"isPartOf\":{\"@id\":\"https:\/\/www.estrategiaconcursos.com.br\/blog\/#website\"},\"primaryImageOfPage\":{\"@id\":\"https:\/\/www.estrategiaconcursos.com.br\/blog\/concurso-policia-penal-ac\/#primaryimage\"},\"image\":{\"@id\":\"https:\/\/www.estrategiaconcursos.com.br\/blog\/concurso-policia-penal-ac\/#primaryimage\"},\"thumbnailUrl\":\"https:\/\/dhg1h5j42swfq.cloudfront.net\/2022\/10\/07112018\/concurso-policia-penal-ac.jpg\",\"datePublished\":\"2025-09-02T03:59:11+00:00\",\"dateModified\":\"2025-09-02T03:59:13+00:00\",\"description\":\"Concurso Pol\u00edcia Penal AC tem resultado final homologado. Acesse o site do Estrat\u00e9gia e confira todos os detalhes!\",\"breadcrumb\":{\"@id\":\"https:\/\/www.estrategiaconcursos.com.br\/blog\/concurso-policia-penal-ac\/#breadcrumb\"},\"inLanguage\":\"pt-BR\",\"potentialAction\":[{\"@type\":\"ReadAction\",\"target\":[\"https:\/\/www.estrategiaconcursos.com.br\/blog\/concurso-policia-penal-ac\/\"]}]},{\"@type\":\"ImageObject\",\"inLanguage\":\"pt-BR\",\"@id\":\"https:\/\/www.estrategiaconcursos.com.br\/blog\/concurso-policia-penal-ac\/#primaryimage\",\"url\":\"https:\/\/dhg1h5j42swfq.cloudfront.net\/2022\/10\/07112018\/concurso-policia-penal-ac.jpg\",\"contentUrl\":\"https:\/\/dhg1h5j42swfq.cloudfront.net\/2022\/10\/07112018\/concurso-policia-penal-ac.jpg\",\"width\":768,\"height\":432,\"caption\":\"concurso Pol\u00edcia Penal AC\"},{\"@type\":\"BreadcrumbList\",\"@id\":\"https:\/\/www.estrategiaconcursos.com.br\/blog\/concurso-policia-penal-ac\/#breadcrumb\",\"itemListElement\":[{\"@type\":\"ListItem\",\"position\":1,\"name\":\"In\u00edcio\",\"item\":\"https:\/\/www.estrategiaconcursos.com.br\/blog\/\"},{\"@type\":\"ListItem\",\"position\":2,\"name\":\"Concurso Pol\u00edcia Penal AC: resultados homologados!\"}]},{\"@type\":\"WebSite\",\"@id\":\"https:\/\/www.estrategiaconcursos.com.br\/blog\/#website\",\"url\":\"https:\/\/www.estrategiaconcursos.com.br\/blog\/\",\"name\":\"Estrat\u00e9gia Concursos\",\"description\":\"O blog da Estrat\u00e9gia Concursos traz not\u00edcias sobre concursos e artigos de professores oferecendo cursos para concursos (pdf + videaulas) no site.\",\"publisher\":{\"@id\":\"https:\/\/www.estrategiaconcursos.com.br\/blog\/#organization\"},\"potentialAction\":[{\"@type\":\"SearchAction\",\"target\":{\"@type\":\"EntryPoint\",\"urlTemplate\":\"https:\/\/www.estrategiaconcursos.com.br\/blog\/?s={search_term_string}\"},\"query-input\":{\"@type\":\"PropertyValueSpecification\",\"valueRequired\":true,\"valueName\":\"search_term_string\"}}],\"inLanguage\":\"pt-BR\"},{\"@type\":\"Organization\",\"@id\":\"https:\/\/www.estrategiaconcursos.com.br\/blog\/#organization\",\"name\":\"Estrat\u00e9gia Concursos\",\"url\":\"https:\/\/www.estrategiaconcursos.com.br\/blog\/\",\"logo\":{\"@type\":\"ImageObject\",\"inLanguage\":\"pt-BR\",\"@id\":\"https:\/\/www.estrategiaconcursos.com.br\/blog\/#\/schema\/logo\/image\/\",\"url\":\"https:\/\/dhg1h5j42swfq.cloudfront.net\/2025\/06\/03203428\/logo_concursos-1.jpg\",\"contentUrl\":\"https:\/\/dhg1h5j42swfq.cloudfront.net\/2025\/06\/03203428\/logo_concursos-1.jpg\",\"width\":230,\"height\":60,\"caption\":\"Estrat\u00e9gia Concursos\"},\"image\":{\"@id\":\"https:\/\/www.estrategiaconcursos.com.br\/blog\/#\/schema\/logo\/image\/\"},\"sameAs\":[\"https:\/\/x.com\/EstratConcursos\"]},{\"@type\":\"Person\",\"@id\":\"https:\/\/www.estrategiaconcursos.com.br\/blog\/#\/schema\/person\/b4a388c97673c5f483d72185668afa1f\",\"name\":\"Coordena\u00e7\u00e3o\",\"image\":{\"@type\":\"ImageObject\",\"inLanguage\":\"pt-BR\",\"@id\":\"https:\/\/secure.gravatar.com\/avatar\/b720319e4c9a967eb58678d110f4fe35452fc5d5f97b202bac7b8acceb18c6ad?s=96&d=mm&r=g\",\"url\":\"https:\/\/secure.gravatar.com\/avatar\/b720319e4c9a967eb58678d110f4fe35452fc5d5f97b202bac7b8acceb18c6ad?s=96&d=mm&r=g\",\"contentUrl\":\"https:\/\/secure.gravatar.com\/avatar\/b720319e4c9a967eb58678d110f4fe35452fc5d5f97b202bac7b8acceb18c6ad?s=96&d=mm&r=g\",\"caption\":\"Coordena\u00e7\u00e3o\"},\"sameAs\":[\"https:\/\/www.facebook.com\/EstrategiaConcursos\",\"https:\/\/x.com\/EstratConcursos\"],\"url\":\"https:\/\/www.estrategiaconcursos.com.br\/blog\/author\/estrategia2013\/\"}]}<\/script>\n<!-- \/ Yoast SEO Premium plugin. -->","yoast_head_json":{"title":"Concurso Pol\u00edcia Penal AC: resultados homologados!","description":"Concurso Pol\u00edcia Penal AC tem resultado final homologado. Acesse o site do Estrat\u00e9gia e confira todos os detalhes!","robots":{"index":"index","follow":"follow","max-snippet":"max-snippet:-1","max-image-preview":"max-image-preview:large","max-video-preview":"max-video-preview:-1"},"canonical":"https:\/\/www.estrategiaconcursos.com.br\/blog\/concurso-policia-penal-ac\/","og_locale":"pt_BR","og_type":"article","og_title":"Concurso Pol\u00edcia Penal AC: resultados homologados!","og_description":"Concurso Pol\u00edcia Penal AC tem resultado final homologado. Acesse o site do Estrat\u00e9gia e confira todos os detalhes!","og_url":"https:\/\/www.estrategiaconcursos.com.br\/blog\/concurso-policia-penal-ac\/","og_site_name":"Estrat\u00e9gia Concursos","article_author":"https:\/\/www.facebook.com\/EstrategiaConcursos","article_published_time":"2025-09-02T03:59:11+00:00","article_modified_time":"2025-09-02T03:59:13+00:00","og_image":[{"width":768,"height":432,"url":"https:\/\/dhg1h5j42swfq.cloudfront.net\/2022\/10\/07112018\/concurso-policia-penal-ac.jpg","type":"image\/jpeg"}],"author":"Coordena\u00e7\u00e3o","twitter_card":"summary_large_image","twitter_creator":"@EstratConcursos","twitter_site":"@EstratConcursos","twitter_misc":{"Escrito por":"Coordena\u00e7\u00e3o","Est. tempo de leitura":"6 minutos"},"schema":{"@context":"https:\/\/schema.org","@graph":[{"@type":"NewsArticle","@id":"https:\/\/www.estrategiaconcursos.com.br\/blog\/concurso-policia-penal-ac\/#article","isPartOf":{"@id":"https:\/\/www.estrategiaconcursos.com.br\/blog\/concurso-policia-penal-ac\/"},"author":{"name":"Coordena\u00e7\u00e3o","@id":"https:\/\/www.estrategiaconcursos.com.br\/blog\/#\/schema\/person\/b4a388c97673c5f483d72185668afa1f"},"headline":"Concurso Pol\u00edcia Penal AC: resultados homologados!","datePublished":"2025-09-02T03:59:11+00:00","dateModified":"2025-09-02T03:59:13+00:00","mainEntityOfPage":{"@id":"https:\/\/www.estrategiaconcursos.com.br\/blog\/concurso-policia-penal-ac\/"},"wordCount":1531,"commentCount":1,"publisher":{"@id":"https:\/\/www.estrategiaconcursos.com.br\/blog\/#organization"},"image":{"@id":"https:\/\/www.estrategiaconcursos.com.br\/blog\/concurso-policia-penal-ac\/#primaryimage"},"thumbnailUrl":"https:\/\/dhg1h5j42swfq.cloudfront.net\/2022\/10\/07112018\/concurso-policia-penal-ac.jpg","articleSection":["Policial (Agente Penitenci\u00e1rio)"],"inLanguage":"pt-BR","potentialAction":[{"@type":"CommentAction","name":"Comment","target":["https:\/\/www.estrategiaconcursos.com.br\/blog\/concurso-policia-penal-ac\/#respond"]}],"copyrightYear":"2025","copyrightHolder":{"@id":"https:\/\/www.estrategiaconcursos.com.br\/blog\/#organization"}},{"@type":"WebPage","@id":"https:\/\/www.estrategiaconcursos.com.br\/blog\/concurso-policia-penal-ac\/","url":"https:\/\/www.estrategiaconcursos.com.br\/blog\/concurso-policia-penal-ac\/","name":"Concurso Pol\u00edcia Penal AC: resultados homologados!","isPartOf":{"@id":"https:\/\/www.estrategiaconcursos.com.br\/blog\/#website"},"primaryImageOfPage":{"@id":"https:\/\/www.estrategiaconcursos.com.br\/blog\/concurso-policia-penal-ac\/#primaryimage"},"image":{"@id":"https:\/\/www.estrategiaconcursos.com.br\/blog\/concurso-policia-penal-ac\/#primaryimage"},"thumbnailUrl":"https:\/\/dhg1h5j42swfq.cloudfront.net\/2022\/10\/07112018\/concurso-policia-penal-ac.jpg","datePublished":"2025-09-02T03:59:11+00:00","dateModified":"2025-09-02T03:59:13+00:00","description":"Concurso Pol\u00edcia Penal AC tem resultado final homologado. Acesse o site do Estrat\u00e9gia e confira todos os detalhes!","breadcrumb":{"@id":"https:\/\/www.estrategiaconcursos.com.br\/blog\/concurso-policia-penal-ac\/#breadcrumb"},"inLanguage":"pt-BR","potentialAction":[{"@type":"ReadAction","target":["https:\/\/www.estrategiaconcursos.com.br\/blog\/concurso-policia-penal-ac\/"]}]},{"@type":"ImageObject","inLanguage":"pt-BR","@id":"https:\/\/www.estrategiaconcursos.com.br\/blog\/concurso-policia-penal-ac\/#primaryimage","url":"https:\/\/dhg1h5j42swfq.cloudfront.net\/2022\/10\/07112018\/concurso-policia-penal-ac.jpg","contentUrl":"https:\/\/dhg1h5j42swfq.cloudfront.net\/2022\/10\/07112018\/concurso-policia-penal-ac.jpg","width":768,"height":432,"caption":"concurso Pol\u00edcia Penal AC"},{"@type":"BreadcrumbList","@id":"https:\/\/www.estrategiaconcursos.com.br\/blog\/concurso-policia-penal-ac\/#breadcrumb","itemListElement":[{"@type":"ListItem","position":1,"name":"In\u00edcio","item":"https:\/\/www.estrategiaconcursos.com.br\/blog\/"},{"@type":"ListItem","position":2,"name":"Concurso Pol\u00edcia Penal AC: resultados homologados!"}]},{"@type":"WebSite","@id":"https:\/\/www.estrategiaconcursos.com.br\/blog\/#website","url":"https:\/\/www.estrategiaconcursos.com.br\/blog\/","name":"Estrat\u00e9gia Concursos","description":"O blog da Estrat\u00e9gia Concursos traz not\u00edcias sobre concursos e artigos de professores oferecendo cursos para concursos (pdf + videaulas) no site.","publisher":{"@id":"https:\/\/www.estrategiaconcursos.com.br\/blog\/#organization"},"potentialAction":[{"@type":"SearchAction","target":{"@type":"EntryPoint","urlTemplate":"https:\/\/www.estrategiaconcursos.com.br\/blog\/?s={search_term_string}"},"query-input":{"@type":"PropertyValueSpecification","valueRequired":true,"valueName":"search_term_string"}}],"inLanguage":"pt-BR"},{"@type":"Organization","@id":"https:\/\/www.estrategiaconcursos.com.br\/blog\/#organization","name":"Estrat\u00e9gia Concursos","url":"https:\/\/www.estrategiaconcursos.com.br\/blog\/","logo":{"@type":"ImageObject","inLanguage":"pt-BR","@id":"https:\/\/www.estrategiaconcursos.com.br\/blog\/#\/schema\/logo\/image\/","url":"https:\/\/dhg1h5j42swfq.cloudfront.net\/2025\/06\/03203428\/logo_concursos-1.jpg","contentUrl":"https:\/\/dhg1h5j42swfq.cloudfront.net\/2025\/06\/03203428\/logo_concursos-1.jpg","width":230,"height":60,"caption":"Estrat\u00e9gia Concursos"},"image":{"@id":"https:\/\/www.estrategiaconcursos.com.br\/blog\/#\/schema\/logo\/image\/"},"sameAs":["https:\/\/x.com\/EstratConcursos"]},{"@type":"Person","@id":"https:\/\/www.estrategiaconcursos.com.br\/blog\/#\/schema\/person\/b4a388c97673c5f483d72185668afa1f","name":"Coordena\u00e7\u00e3o","image":{"@type":"ImageObject","inLanguage":"pt-BR","@id":"https:\/\/secure.gravatar.com\/avatar\/b720319e4c9a967eb58678d110f4fe35452fc5d5f97b202bac7b8acceb18c6ad?s=96&d=mm&r=g","url":"https:\/\/secure.gravatar.com\/avatar\/b720319e4c9a967eb58678d110f4fe35452fc5d5f97b202bac7b8acceb18c6ad?s=96&d=mm&r=g","contentUrl":"https:\/\/secure.gravatar.com\/avatar\/b720319e4c9a967eb58678d110f4fe35452fc5d5f97b202bac7b8acceb18c6ad?s=96&d=mm&r=g","caption":"Coordena\u00e7\u00e3o"},"sameAs":["https:\/\/www.facebook.com\/EstrategiaConcursos","https:\/\/x.com\/EstratConcursos"],"url":"https:\/\/www.estrategiaconcursos.com.br\/blog\/author\/estrategia2013\/"}]}},"_links":{"self":[{"href":"https:\/\/www.estrategiaconcursos.com.br\/blog\/wp-json\/wp\/v2\/posts\/470386","targetHints":{"allow":["GET"]}}],"collection":[{"href":"https:\/\/www.estrategiaconcursos.com.br\/blog\/wp-json\/wp\/v2\/posts"}],"about":[{"href":"https:\/\/www.estrategiaconcursos.com.br\/blog\/wp-json\/wp\/v2\/types\/post"}],"author":[{"embeddable":true,"href":"https:\/\/www.estrategiaconcursos.com.br\/blog\/wp-json\/wp\/v2\/users\/1"}],"replies":[{"embeddable":true,"href":"https:\/\/www.estrategiaconcursos.com.br\/blog\/wp-json\/wp\/v2\/comments?post=470386"}],"version-history":[{"count":95,"href":"https:\/\/www.estrategiaconcursos.com.br\/blog\/wp-json\/wp\/v2\/posts\/470386\/revisions"}],"predecessor-version":[{"id":1632295,"href":"https:\/\/www.estrategiaconcursos.com.br\/blog\/wp-json\/wp\/v2\/posts\/470386\/revisions\/1632295"}],"wp:featuredmedia":[{"embeddable":true,"href":"https:\/\/www.estrategiaconcursos.com.br\/blog\/wp-json\/wp\/v2\/media\/1106346"}],"wp:attachment":[{"href":"https:\/\/www.estrategiaconcursos.com.br\/blog\/wp-json\/wp\/v2\/media?parent=470386"}],"wp:term":[{"taxonomy":"category","embeddable":true,"href":"https:\/\/www.estrategiaconcursos.com.br\/blog\/wp-json\/wp\/v2\/categories?post=470386"},{"taxonomy":"post_tag","embeddable":true,"href":"https:\/\/www.estrategiaconcursos.com.br\/blog\/wp-json\/wp\/v2\/tags?post=470386"},{"taxonomy":"tax_estado","embeddable":true,"href":"https:\/\/www.estrategiaconcursos.com.br\/blog\/wp-json\/wp\/v2\/tax_estado?post=470386"}],"curies":[{"name":"wp","href":"https:\/\/api.w.org\/{rel}","templated":true}]}}