{"id":470245,"date":"2020-01-15T09:59:46","date_gmt":"2020-01-15T12:59:46","guid":{"rendered":"https:\/\/www.estrategiaconcursos.com.br\/blog\/?p=470245"},"modified":"2020-01-15T09:59:48","modified_gmt":"2020-01-15T12:59:48","slug":"comissao-de-selecao-e-estabelecida-para-concurso-semsa","status":"publish","type":"post","link":"https:\/\/www.estrategiaconcursos.com.br\/blog\/comissao-de-selecao-e-estabelecida-para-concurso-semsa\/","title":{"rendered":"Comiss\u00e3o de Sele\u00e7\u00e3o \u00e9 estabelecida para concurso SEMSA"},"content":{"rendered":"\n<p>Foi publicada no Di\u00e1rio Oficial desta quarta-feira, 15 de janeiro, a Comiss\u00e3o de Sele\u00e7\u00e3o do concurso  Secretaria Municipal de Sa\u00fade de Manaus. Agora, o edital est\u00e1 cada vez mais perto de ser publicado.<\/p>\n\n\n\n<p>A <em>Comiss\u00e3o de Sele\u00e7\u00e3o<\/em> tem como objetivo analisar as propostas apresentadas pelas Institui\u00e7\u00f5es Especializadas e interessadas em realizar o Concurso P\u00fablico.<\/p>\n\n\n\n<p>Comp\u00f5em a Comiss\u00e3o de Sele\u00e7\u00e3o os servidores:<\/p>\n\n\n\n<ul class=\"wp-block-list\"><li><em>IEDE ANNE ALVES DE ARA\u00daJO &#8211; <strong>Presidente <\/strong><\/em><\/li><li><em>MARIA DO PERP\u00c9TUO SOCORRO NASCIMENTO FALC\u00c3O &#8211; <strong>Membro <\/strong><\/em><\/li><li><em>ALINE FERREIRA PEREIRA &#8211;  <strong>Membro <\/strong><\/em><\/li><li><em>RUTH FREIRE DE SOUZA  &#8211; <strong>Membro <\/strong><\/em><\/li><li><em>SEBASTIANA BASTOS DA PENHA RIBEIRO &#8211; <strong>Membro <\/strong><\/em><\/li><\/ul>\n\n\n\n<p>Em junho de 2018, foi aprovado o Projeto de Lei, o qual cria\u00a0<strong>2.492 vagas<\/strong>\u00a0na \u00e1rea da Secretaria Municipal de Sa\u00fade de Manaus. O PL seguiu para san\u00e7\u00e3o do prefeito, Arthur Neto, mas ainda n\u00e3o foi publicado no Di\u00e1rio Oficial. <\/p>\n\n\n\n<p>Lembrando que anteriormente, j\u00e1 havia sido estabelecida a comiss\u00e3o organizadora para levantar dados direcionados \u00e0 realiza\u00e7\u00e3o do concurso.<\/p>\n\n\n\n<p class=\"has-background has-text-align-center has-very-light-gray-background-color\"><strong><em>Saiba mais: <a href=\"https:\/\/www.estrategiaconcursos.com.br\/blog\/concurso-semsa-manaus\/\" target=\"_blank\" rel=\"noreferrer noopener\" aria-label=\"concurso SEMSA (abre numa nova aba)\">concurso SEMSA<\/a><\/em><\/strong><\/p>\n\n\n\n<h2 class=\"has-text-align-center wp-block-heading\" id=\"cursos-assinatura\"><em>Quer estudar para o concurso SEMSA Manaus?<\/em><\/h2>\n\n\n\n<p><em>Gostou desta oportunidade e deseja se preparar? Ent\u00e3o, confira abaixo nossos cursos e inicie agora mesmo seus estudos:<\/em><\/p>\n\n\n\n<p class=\"has-background has-text-align-center has-luminous-vivid-amber-background-color\"><strong><a rel=\"noreferrer noopener\" href=\"https:\/\/www.estrategiaconcursos.com.br\/cursosPorConcurso\/secretaria-municipal-de-saude-de-manaus-semsa-manaus\/\" target=\"_blank\">CURSO <\/a><a rel=\"noreferrer noopener\" href=\"https:\/\/www.estrategiaconcursos.com.br\/cursosPorConcurso\/secretaria-municipal-de-saude-de-manaus-semsa-manaus\/\" target=\"_blank\">SEMSA MANAUS<\/a><\/strong><\/p>\n\n\n\n<p class=\"has-text-align-center\"><em><strong>Assinatura Anual Ilimitada*<\/strong><\/em><\/p>\n\n\n\n<p class=\"has-text-align-center\"><em>Prepare-se com o melhor material e com quem mais aprova em Concursos P\u00fablicos em todo o pa\u00eds. Assine agora a nossa Assinatura Anual e tenha acesso ilimitado a todos os nossos cursos.<\/em><\/p>\n\n\n\n<p class=\"has-background has-text-align-center has-light-green-cyan-background-color\"><strong>ASSINE AGORA<\/strong>\u00a0\u2013\u00a0<a rel=\"noreferrer noopener\" href=\"https:\/\/www.estrategiaconcursos.com.br\/assinaturas\" target=\"_blank\"><strong>Assinatura Ilimitada<\/strong><\/a><\/p>\n\n\n\n<p class=\"has-text-align-center\"><strong><em>Fique por dentro dos concursos vigentes:<\/em><\/strong><\/p>\n\n\n\n<p class=\"has-background has-text-align-center has-pale-cyan-blue-background-color\"><strong><a href=\"https:\/\/www.estrategiaconcursos.com.br\/blog\/concursos-abertos\/\" target=\"_blank\" rel=\"noreferrer noopener\">CONCURSOS ABERTOS<\/a><\/strong><\/p>\n\n\n\n<p class=\"has-background has-text-align-center has-pale-cyan-blue-background-color\"><strong><a href=\"https:\/\/www.estrategiaconcursos.com.br\/blog\/concursos-2020\/\" target=\"_blank\" rel=\"noreferrer noopener\">CONCURSOS&nbsp;2020<\/a><\/strong><\/p>\n","protected":false},"excerpt":{"rendered":"<p>Foi publicada no Di\u00e1rio Oficial desta quarta-feira, 15 de janeiro, a Comiss\u00e3o de Sele\u00e7\u00e3o do concurso Secretaria Municipal de Sa\u00fade de Manaus. Agora, o edital est\u00e1 cada vez mais perto de ser publicado. A Comiss\u00e3o de Sele\u00e7\u00e3o tem como objetivo analisar as propostas apresentadas pelas Institui\u00e7\u00f5es Especializadas e interessadas em realizar o Concurso P\u00fablico. Comp\u00f5em [&hellip;]<\/p>\n","protected":false},"author":561,"featured_media":0,"comment_status":"open","ping_status":"closed","sticky":false,"template":"","format":"standard","meta":{"post_tipo":"article","footnotes":""},"categories":[1],"tags":[],"tax_estado":[],"class_list":["post-470245","post","type-post","status-publish","format-standard","hentry","category-cursos-e-concursos"],"acf":[],"yoast_head":"<!-- This site is optimized with the Yoast SEO Premium plugin v27.2 (Yoast SEO v27.2) - https:\/\/yoast.com\/product\/yoast-seo-premium-wordpress\/ -->\n<title>Comiss\u00e3o de Sele\u00e7\u00e3o \u00e9 estabelecida para concurso SEMSA<\/title>\n<meta name=\"robots\" content=\"index, follow, max-snippet:-1, max-image-preview:large, max-video-preview:-1\" \/>\n<link rel=\"canonical\" href=\"https:\/\/www.estrategiaconcursos.com.br\/blog\/comissao-de-selecao-e-estabelecida-para-concurso-semsa\/\" \/>\n<meta property=\"og:locale\" content=\"pt_BR\" \/>\n<meta property=\"og:type\" content=\"article\" \/>\n<meta property=\"og:title\" content=\"Comiss\u00e3o de Sele\u00e7\u00e3o \u00e9 estabelecida para concurso SEMSA\" \/>\n<meta property=\"og:description\" content=\"Foi publicada no Di\u00e1rio Oficial desta quarta-feira, 15 de janeiro, a Comiss\u00e3o de Sele\u00e7\u00e3o do concurso Secretaria Municipal de Sa\u00fade de Manaus. Agora, o edital est\u00e1 cada vez mais perto de ser publicado. A Comiss\u00e3o de Sele\u00e7\u00e3o tem como objetivo analisar as propostas apresentadas pelas Institui\u00e7\u00f5es Especializadas e interessadas em realizar o Concurso P\u00fablico. Comp\u00f5em [&hellip;]\" \/>\n<meta property=\"og:url\" content=\"https:\/\/www.estrategiaconcursos.com.br\/blog\/comissao-de-selecao-e-estabelecida-para-concurso-semsa\/\" \/>\n<meta property=\"og:site_name\" content=\"Estrat\u00e9gia Concursos\" \/>\n<meta property=\"article:published_time\" content=\"2020-01-15T12:59:46+00:00\" \/>\n<meta property=\"article:modified_time\" content=\"2020-01-15T12:59:48+00:00\" \/>\n<meta name=\"author\" content=\"Ligia Carvalheiro Fernandes\" \/>\n<meta name=\"twitter:card\" content=\"summary_large_image\" \/>\n<meta name=\"twitter:creator\" content=\"@EstratConcursos\" \/>\n<meta name=\"twitter:site\" content=\"@EstratConcursos\" \/>\n<meta name=\"twitter:label1\" content=\"Escrito por\" \/>\n\t<meta name=\"twitter:data1\" content=\"Ligia Carvalheiro Fernandes\" \/>\n\t<meta name=\"twitter:label2\" content=\"Est. tempo de leitura\" \/>\n\t<meta name=\"twitter:data2\" content=\"1 minuto\" \/>\n<script type=\"application\/ld+json\" class=\"yoast-schema-graph\">{\"@context\":\"https:\/\/schema.org\",\"@graph\":[{\"@type\":\"NewsArticle\",\"@id\":\"https:\/\/www.estrategiaconcursos.com.br\/blog\/comissao-de-selecao-e-estabelecida-para-concurso-semsa\/#article\",\"isPartOf\":{\"@id\":\"https:\/\/www.estrategiaconcursos.com.br\/blog\/comissao-de-selecao-e-estabelecida-para-concurso-semsa\/\"},\"author\":{\"name\":\"Ligia Carvalheiro Fernandes\",\"@id\":\"https:\/\/www.estrategiaconcursos.com.br\/blog\/#\/schema\/person\/cc76e9dac392d5e35e7d00c493eee792\"},\"headline\":\"Comiss\u00e3o de Sele\u00e7\u00e3o \u00e9 estabelecida para concurso SEMSA\",\"datePublished\":\"2020-01-15T12:59:46+00:00\",\"dateModified\":\"2020-01-15T12:59:48+00:00\",\"mainEntityOfPage\":{\"@id\":\"https:\/\/www.estrategiaconcursos.com.br\/blog\/comissao-de-selecao-e-estabelecida-para-concurso-semsa\/\"},\"wordCount\":262,\"commentCount\":0,\"publisher\":{\"@id\":\"https:\/\/www.estrategiaconcursos.com.br\/blog\/#organization\"},\"articleSection\":[\"Concursos P\u00fablicos\"],\"inLanguage\":\"pt-BR\",\"potentialAction\":[{\"@type\":\"CommentAction\",\"name\":\"Comment\",\"target\":[\"https:\/\/www.estrategiaconcursos.com.br\/blog\/comissao-de-selecao-e-estabelecida-para-concurso-semsa\/#respond\"]}],\"copyrightYear\":\"2020\",\"copyrightHolder\":{\"@id\":\"https:\/\/www.estrategiaconcursos.com.br\/blog\/#organization\"}},{\"@type\":\"WebPage\",\"@id\":\"https:\/\/www.estrategiaconcursos.com.br\/blog\/comissao-de-selecao-e-estabelecida-para-concurso-semsa\/\",\"url\":\"https:\/\/www.estrategiaconcursos.com.br\/blog\/comissao-de-selecao-e-estabelecida-para-concurso-semsa\/\",\"name\":\"Comiss\u00e3o de Sele\u00e7\u00e3o \u00e9 estabelecida para concurso SEMSA\",\"isPartOf\":{\"@id\":\"https:\/\/www.estrategiaconcursos.com.br\/blog\/#website\"},\"datePublished\":\"2020-01-15T12:59:46+00:00\",\"dateModified\":\"2020-01-15T12:59:48+00:00\",\"breadcrumb\":{\"@id\":\"https:\/\/www.estrategiaconcursos.com.br\/blog\/comissao-de-selecao-e-estabelecida-para-concurso-semsa\/#breadcrumb\"},\"inLanguage\":\"pt-BR\",\"potentialAction\":[{\"@type\":\"ReadAction\",\"target\":[\"https:\/\/www.estrategiaconcursos.com.br\/blog\/comissao-de-selecao-e-estabelecida-para-concurso-semsa\/\"]}]},{\"@type\":\"BreadcrumbList\",\"@id\":\"https:\/\/www.estrategiaconcursos.com.br\/blog\/comissao-de-selecao-e-estabelecida-para-concurso-semsa\/#breadcrumb\",\"itemListElement\":[{\"@type\":\"ListItem\",\"position\":1,\"name\":\"In\u00edcio\",\"item\":\"https:\/\/www.estrategiaconcursos.com.br\/blog\/\"},{\"@type\":\"ListItem\",\"position\":2,\"name\":\"Comiss\u00e3o de Sele\u00e7\u00e3o \u00e9 estabelecida para concurso SEMSA\"}]},{\"@type\":\"WebSite\",\"@id\":\"https:\/\/www.estrategiaconcursos.com.br\/blog\/#website\",\"url\":\"https:\/\/www.estrategiaconcursos.com.br\/blog\/\",\"name\":\"Estrat\u00e9gia Concursos\",\"description\":\"O blog da Estrat\u00e9gia Concursos traz not\u00edcias sobre concursos e artigos de professores oferecendo cursos para concursos (pdf + videaulas) no site.\",\"publisher\":{\"@id\":\"https:\/\/www.estrategiaconcursos.com.br\/blog\/#organization\"},\"potentialAction\":[{\"@type\":\"SearchAction\",\"target\":{\"@type\":\"EntryPoint\",\"urlTemplate\":\"https:\/\/www.estrategiaconcursos.com.br\/blog\/?s={search_term_string}\"},\"query-input\":{\"@type\":\"PropertyValueSpecification\",\"valueRequired\":true,\"valueName\":\"search_term_string\"}}],\"inLanguage\":\"pt-BR\"},{\"@type\":\"Organization\",\"@id\":\"https:\/\/www.estrategiaconcursos.com.br\/blog\/#organization\",\"name\":\"Estrat\u00e9gia Concursos\",\"url\":\"https:\/\/www.estrategiaconcursos.com.br\/blog\/\",\"logo\":{\"@type\":\"ImageObject\",\"inLanguage\":\"pt-BR\",\"@id\":\"https:\/\/www.estrategiaconcursos.com.br\/blog\/#\/schema\/logo\/image\/\",\"url\":\"https:\/\/dhg1h5j42swfq.cloudfront.net\/2025\/06\/03203428\/logo_concursos-1.jpg\",\"contentUrl\":\"https:\/\/dhg1h5j42swfq.cloudfront.net\/2025\/06\/03203428\/logo_concursos-1.jpg\",\"width\":230,\"height\":60,\"caption\":\"Estrat\u00e9gia Concursos\"},\"image\":{\"@id\":\"https:\/\/www.estrategiaconcursos.com.br\/blog\/#\/schema\/logo\/image\/\"},\"sameAs\":[\"https:\/\/x.com\/EstratConcursos\"]},{\"@type\":\"Person\",\"@id\":\"https:\/\/www.estrategiaconcursos.com.br\/blog\/#\/schema\/person\/cc76e9dac392d5e35e7d00c493eee792\",\"name\":\"Ligia Carvalheiro Fernandes\",\"image\":{\"@type\":\"ImageObject\",\"inLanguage\":\"pt-BR\",\"@id\":\"https:\/\/secure.gravatar.com\/avatar\/26e4636c44dabc043eaf634f767ecd1d80505b210d3981d4ebd176a3f373e3ec?s=96&d=mm&r=g\",\"url\":\"https:\/\/secure.gravatar.com\/avatar\/26e4636c44dabc043eaf634f767ecd1d80505b210d3981d4ebd176a3f373e3ec?s=96&d=mm&r=g\",\"contentUrl\":\"https:\/\/secure.gravatar.com\/avatar\/26e4636c44dabc043eaf634f767ecd1d80505b210d3981d4ebd176a3f373e3ec?s=96&d=mm&r=g\",\"caption\":\"Ligia Carvalheiro Fernandes\"},\"url\":\"https:\/\/www.estrategiaconcursos.com.br\/blog\/author\/licarfegmail-com\/\"}]}<\/script>\n<!-- \/ Yoast SEO Premium plugin. -->","yoast_head_json":{"title":"Comiss\u00e3o de Sele\u00e7\u00e3o \u00e9 estabelecida para concurso SEMSA","robots":{"index":"index","follow":"follow","max-snippet":"max-snippet:-1","max-image-preview":"max-image-preview:large","max-video-preview":"max-video-preview:-1"},"canonical":"https:\/\/www.estrategiaconcursos.com.br\/blog\/comissao-de-selecao-e-estabelecida-para-concurso-semsa\/","og_locale":"pt_BR","og_type":"article","og_title":"Comiss\u00e3o de Sele\u00e7\u00e3o \u00e9 estabelecida para concurso SEMSA","og_description":"Foi publicada no Di\u00e1rio Oficial desta quarta-feira, 15 de janeiro, a Comiss\u00e3o de Sele\u00e7\u00e3o do concurso Secretaria Municipal de Sa\u00fade de Manaus. Agora, o edital est\u00e1 cada vez mais perto de ser publicado. A Comiss\u00e3o de Sele\u00e7\u00e3o tem como objetivo analisar as propostas apresentadas pelas Institui\u00e7\u00f5es Especializadas e interessadas em realizar o Concurso P\u00fablico. Comp\u00f5em [&hellip;]","og_url":"https:\/\/www.estrategiaconcursos.com.br\/blog\/comissao-de-selecao-e-estabelecida-para-concurso-semsa\/","og_site_name":"Estrat\u00e9gia Concursos","article_published_time":"2020-01-15T12:59:46+00:00","article_modified_time":"2020-01-15T12:59:48+00:00","author":"Ligia Carvalheiro Fernandes","twitter_card":"summary_large_image","twitter_creator":"@EstratConcursos","twitter_site":"@EstratConcursos","twitter_misc":{"Escrito por":"Ligia Carvalheiro Fernandes","Est. tempo de leitura":"1 minuto"},"schema":{"@context":"https:\/\/schema.org","@graph":[{"@type":"NewsArticle","@id":"https:\/\/www.estrategiaconcursos.com.br\/blog\/comissao-de-selecao-e-estabelecida-para-concurso-semsa\/#article","isPartOf":{"@id":"https:\/\/www.estrategiaconcursos.com.br\/blog\/comissao-de-selecao-e-estabelecida-para-concurso-semsa\/"},"author":{"name":"Ligia Carvalheiro Fernandes","@id":"https:\/\/www.estrategiaconcursos.com.br\/blog\/#\/schema\/person\/cc76e9dac392d5e35e7d00c493eee792"},"headline":"Comiss\u00e3o de Sele\u00e7\u00e3o \u00e9 estabelecida para concurso SEMSA","datePublished":"2020-01-15T12:59:46+00:00","dateModified":"2020-01-15T12:59:48+00:00","mainEntityOfPage":{"@id":"https:\/\/www.estrategiaconcursos.com.br\/blog\/comissao-de-selecao-e-estabelecida-para-concurso-semsa\/"},"wordCount":262,"commentCount":0,"publisher":{"@id":"https:\/\/www.estrategiaconcursos.com.br\/blog\/#organization"},"articleSection":["Concursos P\u00fablicos"],"inLanguage":"pt-BR","potentialAction":[{"@type":"CommentAction","name":"Comment","target":["https:\/\/www.estrategiaconcursos.com.br\/blog\/comissao-de-selecao-e-estabelecida-para-concurso-semsa\/#respond"]}],"copyrightYear":"2020","copyrightHolder":{"@id":"https:\/\/www.estrategiaconcursos.com.br\/blog\/#organization"}},{"@type":"WebPage","@id":"https:\/\/www.estrategiaconcursos.com.br\/blog\/comissao-de-selecao-e-estabelecida-para-concurso-semsa\/","url":"https:\/\/www.estrategiaconcursos.com.br\/blog\/comissao-de-selecao-e-estabelecida-para-concurso-semsa\/","name":"Comiss\u00e3o de Sele\u00e7\u00e3o \u00e9 estabelecida para concurso SEMSA","isPartOf":{"@id":"https:\/\/www.estrategiaconcursos.com.br\/blog\/#website"},"datePublished":"2020-01-15T12:59:46+00:00","dateModified":"2020-01-15T12:59:48+00:00","breadcrumb":{"@id":"https:\/\/www.estrategiaconcursos.com.br\/blog\/comissao-de-selecao-e-estabelecida-para-concurso-semsa\/#breadcrumb"},"inLanguage":"pt-BR","potentialAction":[{"@type":"ReadAction","target":["https:\/\/www.estrategiaconcursos.com.br\/blog\/comissao-de-selecao-e-estabelecida-para-concurso-semsa\/"]}]},{"@type":"BreadcrumbList","@id":"https:\/\/www.estrategiaconcursos.com.br\/blog\/comissao-de-selecao-e-estabelecida-para-concurso-semsa\/#breadcrumb","itemListElement":[{"@type":"ListItem","position":1,"name":"In\u00edcio","item":"https:\/\/www.estrategiaconcursos.com.br\/blog\/"},{"@type":"ListItem","position":2,"name":"Comiss\u00e3o de Sele\u00e7\u00e3o \u00e9 estabelecida para concurso SEMSA"}]},{"@type":"WebSite","@id":"https:\/\/www.estrategiaconcursos.com.br\/blog\/#website","url":"https:\/\/www.estrategiaconcursos.com.br\/blog\/","name":"Estrat\u00e9gia Concursos","description":"O blog da Estrat\u00e9gia Concursos traz not\u00edcias sobre concursos e artigos de professores oferecendo cursos para concursos (pdf + videaulas) no site.","publisher":{"@id":"https:\/\/www.estrategiaconcursos.com.br\/blog\/#organization"},"potentialAction":[{"@type":"SearchAction","target":{"@type":"EntryPoint","urlTemplate":"https:\/\/www.estrategiaconcursos.com.br\/blog\/?s={search_term_string}"},"query-input":{"@type":"PropertyValueSpecification","valueRequired":true,"valueName":"search_term_string"}}],"inLanguage":"pt-BR"},{"@type":"Organization","@id":"https:\/\/www.estrategiaconcursos.com.br\/blog\/#organization","name":"Estrat\u00e9gia Concursos","url":"https:\/\/www.estrategiaconcursos.com.br\/blog\/","logo":{"@type":"ImageObject","inLanguage":"pt-BR","@id":"https:\/\/www.estrategiaconcursos.com.br\/blog\/#\/schema\/logo\/image\/","url":"https:\/\/dhg1h5j42swfq.cloudfront.net\/2025\/06\/03203428\/logo_concursos-1.jpg","contentUrl":"https:\/\/dhg1h5j42swfq.cloudfront.net\/2025\/06\/03203428\/logo_concursos-1.jpg","width":230,"height":60,"caption":"Estrat\u00e9gia Concursos"},"image":{"@id":"https:\/\/www.estrategiaconcursos.com.br\/blog\/#\/schema\/logo\/image\/"},"sameAs":["https:\/\/x.com\/EstratConcursos"]},{"@type":"Person","@id":"https:\/\/www.estrategiaconcursos.com.br\/blog\/#\/schema\/person\/cc76e9dac392d5e35e7d00c493eee792","name":"Ligia Carvalheiro Fernandes","image":{"@type":"ImageObject","inLanguage":"pt-BR","@id":"https:\/\/secure.gravatar.com\/avatar\/26e4636c44dabc043eaf634f767ecd1d80505b210d3981d4ebd176a3f373e3ec?s=96&d=mm&r=g","url":"https:\/\/secure.gravatar.com\/avatar\/26e4636c44dabc043eaf634f767ecd1d80505b210d3981d4ebd176a3f373e3ec?s=96&d=mm&r=g","contentUrl":"https:\/\/secure.gravatar.com\/avatar\/26e4636c44dabc043eaf634f767ecd1d80505b210d3981d4ebd176a3f373e3ec?s=96&d=mm&r=g","caption":"Ligia Carvalheiro Fernandes"},"url":"https:\/\/www.estrategiaconcursos.com.br\/blog\/author\/licarfegmail-com\/"}]}},"_links":{"self":[{"href":"https:\/\/www.estrategiaconcursos.com.br\/blog\/wp-json\/wp\/v2\/posts\/470245","targetHints":{"allow":["GET"]}}],"collection":[{"href":"https:\/\/www.estrategiaconcursos.com.br\/blog\/wp-json\/wp\/v2\/posts"}],"about":[{"href":"https:\/\/www.estrategiaconcursos.com.br\/blog\/wp-json\/wp\/v2\/types\/post"}],"author":[{"embeddable":true,"href":"https:\/\/www.estrategiaconcursos.com.br\/blog\/wp-json\/wp\/v2\/users\/561"}],"replies":[{"embeddable":true,"href":"https:\/\/www.estrategiaconcursos.com.br\/blog\/wp-json\/wp\/v2\/comments?post=470245"}],"version-history":[{"count":2,"href":"https:\/\/www.estrategiaconcursos.com.br\/blog\/wp-json\/wp\/v2\/posts\/470245\/revisions"}],"predecessor-version":[{"id":470257,"href":"https:\/\/www.estrategiaconcursos.com.br\/blog\/wp-json\/wp\/v2\/posts\/470245\/revisions\/470257"}],"wp:attachment":[{"href":"https:\/\/www.estrategiaconcursos.com.br\/blog\/wp-json\/wp\/v2\/media?parent=470245"}],"wp:term":[{"taxonomy":"category","embeddable":true,"href":"https:\/\/www.estrategiaconcursos.com.br\/blog\/wp-json\/wp\/v2\/categories?post=470245"},{"taxonomy":"post_tag","embeddable":true,"href":"https:\/\/www.estrategiaconcursos.com.br\/blog\/wp-json\/wp\/v2\/tags?post=470245"},{"taxonomy":"tax_estado","embeddable":true,"href":"https:\/\/www.estrategiaconcursos.com.br\/blog\/wp-json\/wp\/v2\/tax_estado?post=470245"}],"curies":[{"name":"wp","href":"https:\/\/api.w.org\/{rel}","templated":true}]}}