{"id":470242,"date":"2020-01-15T09:22:29","date_gmt":"2020-01-15T12:22:29","guid":{"rendered":"https:\/\/www.estrategiaconcursos.com.br\/blog\/?p=470242"},"modified":"2020-01-15T09:23:57","modified_gmt":"2020-01-15T12:23:57","slug":"edital-da-camara-de-braganca-paulista-recebe-novas-retificacoes","status":"publish","type":"post","link":"https:\/\/www.estrategiaconcursos.com.br\/blog\/edital-da-camara-de-braganca-paulista-recebe-novas-retificacoes\/","title":{"rendered":"Edital da C\u00e2mara de Bragan\u00e7a Paulista recebe novas retifica\u00e7\u00f5es"},"content":{"rendered":"\n<p>O Concurso da C\u00e2mara de Bragan\u00e7a Paulista recebeu uma nova retifica\u00e7\u00e3o. Dessa vez, foi inclu\u00eddo um conte\u00fado program\u00e1tico para os cargos de Assistente de Gest\u00e3o e Pol\u00edticas P\u00fablicas \u2013 Gest\u00e3o Administrativa e Assistente de Gest\u00e3o e Pol\u00edticas P\u00fablicas \u2013 Secret\u00e1ria.<\/p>\n\n\n\n<p>Foi acrescentado aos t\u00f3picos dos Conhecimentos Espec\u00edficos, o Decreto n\u00ba 9.758, de 11 de abril de 2019 \u2013 que disp\u00f5e sobre a forma de tratamento e de endere\u00e7amento nas comunica\u00e7\u00f5es com agentes p\u00fablicos da administra\u00e7\u00e3o p\u00fablica federal.<\/p>\n\n\n\n<p>Al\u00e9m disso, foi retificado peda\u00e7o das Disposi\u00e7\u00f5es Finais, esclarecendo que:<\/p>\n\n\n\n<p class=\"has-background has-very-light-gray-background-color\"><em>A legisla\u00e7\u00e3o, para todos os cargos, deve ser considerada com as altera\u00e7\u00f5es e atualiza\u00e7\u00f5es vigentes at\u00e9 a data da publica\u00e7\u00e3o do edital. Legisla\u00e7\u00e3o com entrada em vigor ap\u00f3s a publica\u00e7\u00e3o do edital poder\u00e1 ser utilizada, quando superveniente ou complementar a algum t\u00f3pico j\u00e1 previsto ou indispens\u00e1vel \u00e0 avalia\u00e7\u00e3o para o cargo. Todos os temas englobam tamb\u00e9m a legisla\u00e7\u00e3o que lhes \u00e9 pertinente, ainda que n\u00e3o expressas no conte\u00fado program\u00e1tico.<\/em><\/p>\n\n\n\n<p>No dia 12 de dezembro de 2019, o edital j\u00e1 havia passado por retifica\u00e7\u00f5es.<\/p>\n\n\n\n<p>A mudan\u00e7a se deu nos artigos do regimento interno:\u00a0<em><strong>onde se l\u00ea<\/strong>: artigos de 58 a 99; T\u00edtulo IV \u2013 das Sess\u00f5es \u2013 artigos de 104 a 127; T\u00edtulo V \u2013 das Proposi\u00e7\u00f5es e sua tramita\u00e7\u00e3o \u2013 artigos de 128 a 157).\u00a0<strong>Leia-se:\u00a0<\/strong>artigos de 1\u00ba ao 9\u00ba; de 58 a 99; de 104 a 157. Os demais itens permanecem inalterados.<\/em><\/p>\n\n\n\n<p>Vale lembrar que a Prova Objetiva ir\u00e1 ocorrer no dia  <strong>01 de mar\u00e7o de 2020. <\/strong><\/p>\n\n\n\n<p>O edital do Concurso da C\u00e2mara de Bragan\u00e7a Paulista foi divulgado ainda em 2019 com a oferta de 05 vagas imediatas para Assistente de Gest\u00e3o e Pol\u00edticas P\u00fablicas.<\/p>\n\n\n\n<h3 class=\"wp-block-heading\">Cargos, Vagas e Remunera\u00e7\u00e3o &#8211; Edital C\u00e2mara de Bragan\u00e7a Paulista<\/h3>\n\n\n\n<ul class=\"wp-block-list\"><li><strong>Assistente de Gest\u00e3o e Pol\u00edticas P\u00fablicas \u2013 Gest\u00e3o Administrativa &#8211; 03 vagas <\/strong><\/li><li>Remunera\u00e7\u00e3o: 4.731,15 40 horas &#8211; <\/li><li>Requisitos: Ensino M\u00e9dio Completo <\/li><\/ul>\n\n\n\n<ul class=\"wp-block-list\"><li><strong>Assistente de Gest\u00e3o e Pol\u00edticas P\u00fablicas &#8211; Secret\u00e1ria &#8211; 02 vagas<\/strong><\/li><li>Remunera\u00e7\u00e3o: 2.869,87 40 horas <\/li><li>Requisitos: Ensino M\u00e9dio Completo <\/li><\/ul>\n\n\n\n<p><strong>Gostou dessa informa\u00e7\u00e3o e quer saber mais sobre o certame? Acesse a mat\u00e9ria completa:<\/strong><\/p>\n\n\n\n<p class=\"has-background has-text-align-center has-light-green-cyan-background-color\"><a href=\"https:\/\/www.estrategiaconcursos.com.br\/blog\/concurso-camara-de-braganca-paulista\/\"><strong>C\u00e2mara de Bragan\u00e7a Paulista<\/strong><\/a><\/p>\n\n\n\n<p class=\"has-text-align-center\"><em><strong>Gostou desta oportunidade e deseja come\u00e7ar se preparar agora mesmo? Ent\u00e3o, confira os nossos cursos e comece a estudar:<\/strong><\/em><\/p>\n\n\n\n<p style=\"font-size:19px\" class=\"has-background has-text-align-center has-luminous-vivid-amber-background-color\"><strong><a href=\"https:\/\/www.estrategiaconcursos.com.br\/cursosPorConcurso\/camara-municipal-de-braganca-paulista-sp\/\" target=\"_blank\" rel=\"noreferrer noopener\" aria-label=\"CURSOS C\u00c2MARA DE BRAGAN\u00c7A PAULISTA (abre numa nova aba)\">CURSOS C\u00c2MARA DE BRAGAN\u00c7A PAULISTA<\/a><\/strong><\/p>\n\n\n\n<p class=\"has-text-align-center\"><em><strong>Assinatura Anual Ilimitada*<\/strong><\/em><\/p>\n\n\n\n<p class=\"has-text-align-center\"><em>Prepare-se com o melhor material e com quem mais aprova em Concursos P\u00fablicos em todo o pa\u00eds. Assine agora a nossa Assinatura Anual e tenha acesso ilimitado* a todos os nossos cursos.<\/em><\/p>\n\n\n\n<p class=\"has-background has-text-align-center has-light-green-cyan-background-color\"><strong>ASSINE AGORA<\/strong>&nbsp;\u2013&nbsp;<strong><a rel=\"noreferrer noopener\" href=\"https:\/\/www.estrategiaconcursos.com.br\/assinaturas\" target=\"_blank\">Assinatura Ilimitada<\/a><\/strong><\/p>\n\n\n\n<p style=\"font-size:18px\" class=\"has-background has-text-align-center has-pale-cyan-blue-background-color\"><strong><a href=\"https:\/\/www.estrategiaconcursos.com.br\/blog\/concursos-abertos\/\">CONCURSOS ABERTOS<\/a><\/strong><\/p>\n\n\n\n<p style=\"font-size:18px\" class=\"has-background has-text-align-center has-pale-cyan-blue-background-color\"><a href=\"https:\/\/www.estrategiaconcursos.com.br\/blog\/concursos-2020\/\"><strong>CONCURSOS<\/strong><\/a><strong><a href=\"https:\/\/www.estrategiaconcursos.com.br\/blog\/concursos-2020\/\">&nbsp;2020<\/a><\/strong><\/p>\n","protected":false},"excerpt":{"rendered":"<p>O Concurso da C\u00e2mara de Bragan\u00e7a Paulista recebeu uma nova retifica\u00e7\u00e3o. Dessa vez, foi inclu\u00eddo um conte\u00fado program\u00e1tico para os cargos de Assistente de Gest\u00e3o e Pol\u00edticas P\u00fablicas \u2013 Gest\u00e3o Administrativa e Assistente de Gest\u00e3o e Pol\u00edticas P\u00fablicas \u2013 Secret\u00e1ria. Foi acrescentado aos t\u00f3picos dos Conhecimentos Espec\u00edficos, o Decreto n\u00ba 9.758, de 11 de abril [&hellip;]<\/p>\n","protected":false},"author":657,"featured_media":414755,"comment_status":"open","ping_status":"closed","sticky":false,"template":"","format":"standard","meta":{"post_tipo":"article","footnotes":""},"categories":[1],"tags":[],"tax_estado":[],"class_list":["post-470242","post","type-post","status-publish","format-standard","has-post-thumbnail","hentry","category-cursos-e-concursos"],"acf":[],"yoast_head":"<!-- This site is optimized with the Yoast SEO Premium plugin v27.2 (Yoast SEO v27.2) - https:\/\/yoast.com\/product\/yoast-seo-premium-wordpress\/ -->\n<title>Edital da C\u00e2mara de Bragan\u00e7a Paulista recebe novas retifica\u00e7\u00f5es<\/title>\n<meta name=\"robots\" content=\"index, follow, max-snippet:-1, max-image-preview:large, max-video-preview:-1\" \/>\n<link rel=\"canonical\" href=\"https:\/\/www.estrategiaconcursos.com.br\/blog\/edital-da-camara-de-braganca-paulista-recebe-novas-retificacoes\/\" \/>\n<meta property=\"og:locale\" content=\"pt_BR\" \/>\n<meta property=\"og:type\" content=\"article\" \/>\n<meta property=\"og:title\" content=\"Edital da C\u00e2mara de Bragan\u00e7a Paulista recebe novas retifica\u00e7\u00f5es\" \/>\n<meta property=\"og:description\" content=\"O Concurso da C\u00e2mara de Bragan\u00e7a Paulista recebeu uma nova retifica\u00e7\u00e3o. Dessa vez, foi inclu\u00eddo um conte\u00fado program\u00e1tico para os cargos de Assistente de Gest\u00e3o e Pol\u00edticas P\u00fablicas \u2013 Gest\u00e3o Administrativa e Assistente de Gest\u00e3o e Pol\u00edticas P\u00fablicas \u2013 Secret\u00e1ria. Foi acrescentado aos t\u00f3picos dos Conhecimentos Espec\u00edficos, o Decreto n\u00ba 9.758, de 11 de abril [&hellip;]\" \/>\n<meta property=\"og:url\" content=\"https:\/\/www.estrategiaconcursos.com.br\/blog\/edital-da-camara-de-braganca-paulista-recebe-novas-retificacoes\/\" \/>\n<meta property=\"og:site_name\" content=\"Estrat\u00e9gia Concursos\" \/>\n<meta property=\"article:published_time\" content=\"2020-01-15T12:22:29+00:00\" \/>\n<meta property=\"article:modified_time\" content=\"2020-01-15T12:23:57+00:00\" \/>\n<meta property=\"og:image\" content=\"https:\/\/dhg1h5j42swfq.cloudfront.net\/2019\/08\/30161201\/bragan%C3%A7a.png\" \/>\n\t<meta property=\"og:image:width\" content=\"225\" \/>\n\t<meta property=\"og:image:height\" content=\"224\" \/>\n\t<meta property=\"og:image:type\" content=\"image\/png\" \/>\n<meta name=\"author\" content=\"Nat\u00e1lia Scarano\" \/>\n<meta name=\"twitter:card\" content=\"summary_large_image\" \/>\n<meta name=\"twitter:creator\" content=\"@EstratConcursos\" \/>\n<meta name=\"twitter:site\" content=\"@EstratConcursos\" \/>\n<meta name=\"twitter:label1\" content=\"Escrito por\" \/>\n\t<meta name=\"twitter:data1\" content=\"Nat\u00e1lia Scarano\" \/>\n\t<meta name=\"twitter:label2\" content=\"Est. tempo de leitura\" \/>\n\t<meta name=\"twitter:data2\" content=\"2 minutos\" \/>\n<script type=\"application\/ld+json\" class=\"yoast-schema-graph\">{\"@context\":\"https:\/\/schema.org\",\"@graph\":[{\"@type\":\"NewsArticle\",\"@id\":\"https:\/\/www.estrategiaconcursos.com.br\/blog\/edital-da-camara-de-braganca-paulista-recebe-novas-retificacoes\/#article\",\"isPartOf\":{\"@id\":\"https:\/\/www.estrategiaconcursos.com.br\/blog\/edital-da-camara-de-braganca-paulista-recebe-novas-retificacoes\/\"},\"author\":{\"name\":\"Nat\u00e1lia Scarano\",\"@id\":\"https:\/\/www.estrategiaconcursos.com.br\/blog\/#\/schema\/person\/751aedf909a9d10cb23ce6ac527ce0f2\"},\"headline\":\"Edital da C\u00e2mara de Bragan\u00e7a Paulista recebe novas retifica\u00e7\u00f5es\",\"datePublished\":\"2020-01-15T12:22:29+00:00\",\"dateModified\":\"2020-01-15T12:23:57+00:00\",\"mainEntityOfPage\":{\"@id\":\"https:\/\/www.estrategiaconcursos.com.br\/blog\/edital-da-camara-de-braganca-paulista-recebe-novas-retificacoes\/\"},\"wordCount\":464,\"commentCount\":0,\"publisher\":{\"@id\":\"https:\/\/www.estrategiaconcursos.com.br\/blog\/#organization\"},\"image\":{\"@id\":\"https:\/\/www.estrategiaconcursos.com.br\/blog\/edital-da-camara-de-braganca-paulista-recebe-novas-retificacoes\/#primaryimage\"},\"thumbnailUrl\":\"https:\/\/dhg1h5j42swfq.cloudfront.net\/2019\/08\/30161201\/bragan%C3%A7a.png\",\"articleSection\":[\"Concursos P\u00fablicos\"],\"inLanguage\":\"pt-BR\",\"potentialAction\":[{\"@type\":\"CommentAction\",\"name\":\"Comment\",\"target\":[\"https:\/\/www.estrategiaconcursos.com.br\/blog\/edital-da-camara-de-braganca-paulista-recebe-novas-retificacoes\/#respond\"]}],\"copyrightYear\":\"2020\",\"copyrightHolder\":{\"@id\":\"https:\/\/www.estrategiaconcursos.com.br\/blog\/#organization\"}},{\"@type\":\"WebPage\",\"@id\":\"https:\/\/www.estrategiaconcursos.com.br\/blog\/edital-da-camara-de-braganca-paulista-recebe-novas-retificacoes\/\",\"url\":\"https:\/\/www.estrategiaconcursos.com.br\/blog\/edital-da-camara-de-braganca-paulista-recebe-novas-retificacoes\/\",\"name\":\"Edital da C\u00e2mara de Bragan\u00e7a Paulista recebe novas retifica\u00e7\u00f5es\",\"isPartOf\":{\"@id\":\"https:\/\/www.estrategiaconcursos.com.br\/blog\/#website\"},\"primaryImageOfPage\":{\"@id\":\"https:\/\/www.estrategiaconcursos.com.br\/blog\/edital-da-camara-de-braganca-paulista-recebe-novas-retificacoes\/#primaryimage\"},\"image\":{\"@id\":\"https:\/\/www.estrategiaconcursos.com.br\/blog\/edital-da-camara-de-braganca-paulista-recebe-novas-retificacoes\/#primaryimage\"},\"thumbnailUrl\":\"https:\/\/dhg1h5j42swfq.cloudfront.net\/2019\/08\/30161201\/bragan%C3%A7a.png\",\"datePublished\":\"2020-01-15T12:22:29+00:00\",\"dateModified\":\"2020-01-15T12:23:57+00:00\",\"breadcrumb\":{\"@id\":\"https:\/\/www.estrategiaconcursos.com.br\/blog\/edital-da-camara-de-braganca-paulista-recebe-novas-retificacoes\/#breadcrumb\"},\"inLanguage\":\"pt-BR\",\"potentialAction\":[{\"@type\":\"ReadAction\",\"target\":[\"https:\/\/www.estrategiaconcursos.com.br\/blog\/edital-da-camara-de-braganca-paulista-recebe-novas-retificacoes\/\"]}]},{\"@type\":\"ImageObject\",\"inLanguage\":\"pt-BR\",\"@id\":\"https:\/\/www.estrategiaconcursos.com.br\/blog\/edital-da-camara-de-braganca-paulista-recebe-novas-retificacoes\/#primaryimage\",\"url\":\"https:\/\/dhg1h5j42swfq.cloudfront.net\/2019\/08\/30161201\/bragan%C3%A7a.png\",\"contentUrl\":\"https:\/\/dhg1h5j42swfq.cloudfront.net\/2019\/08\/30161201\/bragan%C3%A7a.png\",\"width\":225,\"height\":224,\"caption\":\"concurso c\u00e2mara de bragan\u00e7a paulista\"},{\"@type\":\"BreadcrumbList\",\"@id\":\"https:\/\/www.estrategiaconcursos.com.br\/blog\/edital-da-camara-de-braganca-paulista-recebe-novas-retificacoes\/#breadcrumb\",\"itemListElement\":[{\"@type\":\"ListItem\",\"position\":1,\"name\":\"In\u00edcio\",\"item\":\"https:\/\/www.estrategiaconcursos.com.br\/blog\/\"},{\"@type\":\"ListItem\",\"position\":2,\"name\":\"Edital da C\u00e2mara de Bragan\u00e7a Paulista recebe novas retifica\u00e7\u00f5es\"}]},{\"@type\":\"WebSite\",\"@id\":\"https:\/\/www.estrategiaconcursos.com.br\/blog\/#website\",\"url\":\"https:\/\/www.estrategiaconcursos.com.br\/blog\/\",\"name\":\"Estrat\u00e9gia Concursos\",\"description\":\"O blog da Estrat\u00e9gia Concursos traz not\u00edcias sobre concursos e artigos de professores oferecendo cursos para concursos (pdf + videaulas) no site.\",\"publisher\":{\"@id\":\"https:\/\/www.estrategiaconcursos.com.br\/blog\/#organization\"},\"potentialAction\":[{\"@type\":\"SearchAction\",\"target\":{\"@type\":\"EntryPoint\",\"urlTemplate\":\"https:\/\/www.estrategiaconcursos.com.br\/blog\/?s={search_term_string}\"},\"query-input\":{\"@type\":\"PropertyValueSpecification\",\"valueRequired\":true,\"valueName\":\"search_term_string\"}}],\"inLanguage\":\"pt-BR\"},{\"@type\":\"Organization\",\"@id\":\"https:\/\/www.estrategiaconcursos.com.br\/blog\/#organization\",\"name\":\"Estrat\u00e9gia Concursos\",\"url\":\"https:\/\/www.estrategiaconcursos.com.br\/blog\/\",\"logo\":{\"@type\":\"ImageObject\",\"inLanguage\":\"pt-BR\",\"@id\":\"https:\/\/www.estrategiaconcursos.com.br\/blog\/#\/schema\/logo\/image\/\",\"url\":\"https:\/\/dhg1h5j42swfq.cloudfront.net\/2025\/06\/03203428\/logo_concursos-1.jpg\",\"contentUrl\":\"https:\/\/dhg1h5j42swfq.cloudfront.net\/2025\/06\/03203428\/logo_concursos-1.jpg\",\"width\":230,\"height\":60,\"caption\":\"Estrat\u00e9gia Concursos\"},\"image\":{\"@id\":\"https:\/\/www.estrategiaconcursos.com.br\/blog\/#\/schema\/logo\/image\/\"},\"sameAs\":[\"https:\/\/x.com\/EstratConcursos\"]},{\"@type\":\"Person\",\"@id\":\"https:\/\/www.estrategiaconcursos.com.br\/blog\/#\/schema\/person\/751aedf909a9d10cb23ce6ac527ce0f2\",\"name\":\"Nat\u00e1lia Scarano\",\"image\":{\"@type\":\"ImageObject\",\"inLanguage\":\"pt-BR\",\"@id\":\"https:\/\/secure.gravatar.com\/avatar\/8a889b8db3dbd227a1a78627357ec8fe64f5e99189d1889a270127828ab372ac?s=96&d=mm&r=g\",\"url\":\"https:\/\/secure.gravatar.com\/avatar\/8a889b8db3dbd227a1a78627357ec8fe64f5e99189d1889a270127828ab372ac?s=96&d=mm&r=g\",\"contentUrl\":\"https:\/\/secure.gravatar.com\/avatar\/8a889b8db3dbd227a1a78627357ec8fe64f5e99189d1889a270127828ab372ac?s=96&d=mm&r=g\",\"caption\":\"Nat\u00e1lia Scarano\"},\"description\":\"Jornalista, formada e p\u00f3s graduada pelo IESB, faz parte do time de jornalistas do Estrat\u00e9gia desde 2017. Possui familiaridade com as \u00e1reas de Tribunais, Defensorias, Procuradorias, Minist\u00e9rios P\u00fablicos, Conselhos, Educa\u00e7\u00e3o, \u00c1rea de Seguran\u00e7a, concursos de Carreiras Jur\u00eddicas e OAB. Experi\u00eancia em marketing digital, assessoria de comunica\u00e7\u00e3o e institucional na \u00e1rea privada e p\u00fablica, com atua\u00e7\u00e3o em \u00f3rg\u00e3os como CGU, Cofen e CNM.\",\"url\":\"https:\/\/www.estrategiaconcursos.com.br\/blog\/author\/natalia-scaranoestrategiaconcursos-com-br\/\"}]}<\/script>\n<!-- \/ Yoast SEO Premium plugin. -->","yoast_head_json":{"title":"Edital da C\u00e2mara de Bragan\u00e7a Paulista recebe novas retifica\u00e7\u00f5es","robots":{"index":"index","follow":"follow","max-snippet":"max-snippet:-1","max-image-preview":"max-image-preview:large","max-video-preview":"max-video-preview:-1"},"canonical":"https:\/\/www.estrategiaconcursos.com.br\/blog\/edital-da-camara-de-braganca-paulista-recebe-novas-retificacoes\/","og_locale":"pt_BR","og_type":"article","og_title":"Edital da C\u00e2mara de Bragan\u00e7a Paulista recebe novas retifica\u00e7\u00f5es","og_description":"O Concurso da C\u00e2mara de Bragan\u00e7a Paulista recebeu uma nova retifica\u00e7\u00e3o. Dessa vez, foi inclu\u00eddo um conte\u00fado program\u00e1tico para os cargos de Assistente de Gest\u00e3o e Pol\u00edticas P\u00fablicas \u2013 Gest\u00e3o Administrativa e Assistente de Gest\u00e3o e Pol\u00edticas P\u00fablicas \u2013 Secret\u00e1ria. Foi acrescentado aos t\u00f3picos dos Conhecimentos Espec\u00edficos, o Decreto n\u00ba 9.758, de 11 de abril [&hellip;]","og_url":"https:\/\/www.estrategiaconcursos.com.br\/blog\/edital-da-camara-de-braganca-paulista-recebe-novas-retificacoes\/","og_site_name":"Estrat\u00e9gia Concursos","article_published_time":"2020-01-15T12:22:29+00:00","article_modified_time":"2020-01-15T12:23:57+00:00","og_image":[{"width":225,"height":224,"url":"https:\/\/dhg1h5j42swfq.cloudfront.net\/2019\/08\/30161201\/bragan%C3%A7a.png","type":"image\/png"}],"author":"Nat\u00e1lia Scarano","twitter_card":"summary_large_image","twitter_creator":"@EstratConcursos","twitter_site":"@EstratConcursos","twitter_misc":{"Escrito por":"Nat\u00e1lia Scarano","Est. tempo de leitura":"2 minutos"},"schema":{"@context":"https:\/\/schema.org","@graph":[{"@type":"NewsArticle","@id":"https:\/\/www.estrategiaconcursos.com.br\/blog\/edital-da-camara-de-braganca-paulista-recebe-novas-retificacoes\/#article","isPartOf":{"@id":"https:\/\/www.estrategiaconcursos.com.br\/blog\/edital-da-camara-de-braganca-paulista-recebe-novas-retificacoes\/"},"author":{"name":"Nat\u00e1lia Scarano","@id":"https:\/\/www.estrategiaconcursos.com.br\/blog\/#\/schema\/person\/751aedf909a9d10cb23ce6ac527ce0f2"},"headline":"Edital da C\u00e2mara de Bragan\u00e7a Paulista recebe novas retifica\u00e7\u00f5es","datePublished":"2020-01-15T12:22:29+00:00","dateModified":"2020-01-15T12:23:57+00:00","mainEntityOfPage":{"@id":"https:\/\/www.estrategiaconcursos.com.br\/blog\/edital-da-camara-de-braganca-paulista-recebe-novas-retificacoes\/"},"wordCount":464,"commentCount":0,"publisher":{"@id":"https:\/\/www.estrategiaconcursos.com.br\/blog\/#organization"},"image":{"@id":"https:\/\/www.estrategiaconcursos.com.br\/blog\/edital-da-camara-de-braganca-paulista-recebe-novas-retificacoes\/#primaryimage"},"thumbnailUrl":"https:\/\/dhg1h5j42swfq.cloudfront.net\/2019\/08\/30161201\/bragan%C3%A7a.png","articleSection":["Concursos P\u00fablicos"],"inLanguage":"pt-BR","potentialAction":[{"@type":"CommentAction","name":"Comment","target":["https:\/\/www.estrategiaconcursos.com.br\/blog\/edital-da-camara-de-braganca-paulista-recebe-novas-retificacoes\/#respond"]}],"copyrightYear":"2020","copyrightHolder":{"@id":"https:\/\/www.estrategiaconcursos.com.br\/blog\/#organization"}},{"@type":"WebPage","@id":"https:\/\/www.estrategiaconcursos.com.br\/blog\/edital-da-camara-de-braganca-paulista-recebe-novas-retificacoes\/","url":"https:\/\/www.estrategiaconcursos.com.br\/blog\/edital-da-camara-de-braganca-paulista-recebe-novas-retificacoes\/","name":"Edital da C\u00e2mara de Bragan\u00e7a Paulista recebe novas retifica\u00e7\u00f5es","isPartOf":{"@id":"https:\/\/www.estrategiaconcursos.com.br\/blog\/#website"},"primaryImageOfPage":{"@id":"https:\/\/www.estrategiaconcursos.com.br\/blog\/edital-da-camara-de-braganca-paulista-recebe-novas-retificacoes\/#primaryimage"},"image":{"@id":"https:\/\/www.estrategiaconcursos.com.br\/blog\/edital-da-camara-de-braganca-paulista-recebe-novas-retificacoes\/#primaryimage"},"thumbnailUrl":"https:\/\/dhg1h5j42swfq.cloudfront.net\/2019\/08\/30161201\/bragan%C3%A7a.png","datePublished":"2020-01-15T12:22:29+00:00","dateModified":"2020-01-15T12:23:57+00:00","breadcrumb":{"@id":"https:\/\/www.estrategiaconcursos.com.br\/blog\/edital-da-camara-de-braganca-paulista-recebe-novas-retificacoes\/#breadcrumb"},"inLanguage":"pt-BR","potentialAction":[{"@type":"ReadAction","target":["https:\/\/www.estrategiaconcursos.com.br\/blog\/edital-da-camara-de-braganca-paulista-recebe-novas-retificacoes\/"]}]},{"@type":"ImageObject","inLanguage":"pt-BR","@id":"https:\/\/www.estrategiaconcursos.com.br\/blog\/edital-da-camara-de-braganca-paulista-recebe-novas-retificacoes\/#primaryimage","url":"https:\/\/dhg1h5j42swfq.cloudfront.net\/2019\/08\/30161201\/bragan%C3%A7a.png","contentUrl":"https:\/\/dhg1h5j42swfq.cloudfront.net\/2019\/08\/30161201\/bragan%C3%A7a.png","width":225,"height":224,"caption":"concurso c\u00e2mara de bragan\u00e7a paulista"},{"@type":"BreadcrumbList","@id":"https:\/\/www.estrategiaconcursos.com.br\/blog\/edital-da-camara-de-braganca-paulista-recebe-novas-retificacoes\/#breadcrumb","itemListElement":[{"@type":"ListItem","position":1,"name":"In\u00edcio","item":"https:\/\/www.estrategiaconcursos.com.br\/blog\/"},{"@type":"ListItem","position":2,"name":"Edital da C\u00e2mara de Bragan\u00e7a Paulista recebe novas retifica\u00e7\u00f5es"}]},{"@type":"WebSite","@id":"https:\/\/www.estrategiaconcursos.com.br\/blog\/#website","url":"https:\/\/www.estrategiaconcursos.com.br\/blog\/","name":"Estrat\u00e9gia Concursos","description":"O blog da Estrat\u00e9gia Concursos traz not\u00edcias sobre concursos e artigos de professores oferecendo cursos para concursos (pdf + videaulas) no site.","publisher":{"@id":"https:\/\/www.estrategiaconcursos.com.br\/blog\/#organization"},"potentialAction":[{"@type":"SearchAction","target":{"@type":"EntryPoint","urlTemplate":"https:\/\/www.estrategiaconcursos.com.br\/blog\/?s={search_term_string}"},"query-input":{"@type":"PropertyValueSpecification","valueRequired":true,"valueName":"search_term_string"}}],"inLanguage":"pt-BR"},{"@type":"Organization","@id":"https:\/\/www.estrategiaconcursos.com.br\/blog\/#organization","name":"Estrat\u00e9gia Concursos","url":"https:\/\/www.estrategiaconcursos.com.br\/blog\/","logo":{"@type":"ImageObject","inLanguage":"pt-BR","@id":"https:\/\/www.estrategiaconcursos.com.br\/blog\/#\/schema\/logo\/image\/","url":"https:\/\/dhg1h5j42swfq.cloudfront.net\/2025\/06\/03203428\/logo_concursos-1.jpg","contentUrl":"https:\/\/dhg1h5j42swfq.cloudfront.net\/2025\/06\/03203428\/logo_concursos-1.jpg","width":230,"height":60,"caption":"Estrat\u00e9gia Concursos"},"image":{"@id":"https:\/\/www.estrategiaconcursos.com.br\/blog\/#\/schema\/logo\/image\/"},"sameAs":["https:\/\/x.com\/EstratConcursos"]},{"@type":"Person","@id":"https:\/\/www.estrategiaconcursos.com.br\/blog\/#\/schema\/person\/751aedf909a9d10cb23ce6ac527ce0f2","name":"Nat\u00e1lia Scarano","image":{"@type":"ImageObject","inLanguage":"pt-BR","@id":"https:\/\/secure.gravatar.com\/avatar\/8a889b8db3dbd227a1a78627357ec8fe64f5e99189d1889a270127828ab372ac?s=96&d=mm&r=g","url":"https:\/\/secure.gravatar.com\/avatar\/8a889b8db3dbd227a1a78627357ec8fe64f5e99189d1889a270127828ab372ac?s=96&d=mm&r=g","contentUrl":"https:\/\/secure.gravatar.com\/avatar\/8a889b8db3dbd227a1a78627357ec8fe64f5e99189d1889a270127828ab372ac?s=96&d=mm&r=g","caption":"Nat\u00e1lia Scarano"},"description":"Jornalista, formada e p\u00f3s graduada pelo IESB, faz parte do time de jornalistas do Estrat\u00e9gia desde 2017. Possui familiaridade com as \u00e1reas de Tribunais, Defensorias, Procuradorias, Minist\u00e9rios P\u00fablicos, Conselhos, Educa\u00e7\u00e3o, \u00c1rea de Seguran\u00e7a, concursos de Carreiras Jur\u00eddicas e OAB. Experi\u00eancia em marketing digital, assessoria de comunica\u00e7\u00e3o e institucional na \u00e1rea privada e p\u00fablica, com atua\u00e7\u00e3o em \u00f3rg\u00e3os como CGU, Cofen e CNM.","url":"https:\/\/www.estrategiaconcursos.com.br\/blog\/author\/natalia-scaranoestrategiaconcursos-com-br\/"}]}},"_links":{"self":[{"href":"https:\/\/www.estrategiaconcursos.com.br\/blog\/wp-json\/wp\/v2\/posts\/470242","targetHints":{"allow":["GET"]}}],"collection":[{"href":"https:\/\/www.estrategiaconcursos.com.br\/blog\/wp-json\/wp\/v2\/posts"}],"about":[{"href":"https:\/\/www.estrategiaconcursos.com.br\/blog\/wp-json\/wp\/v2\/types\/post"}],"author":[{"embeddable":true,"href":"https:\/\/www.estrategiaconcursos.com.br\/blog\/wp-json\/wp\/v2\/users\/657"}],"replies":[{"embeddable":true,"href":"https:\/\/www.estrategiaconcursos.com.br\/blog\/wp-json\/wp\/v2\/comments?post=470242"}],"version-history":[{"count":2,"href":"https:\/\/www.estrategiaconcursos.com.br\/blog\/wp-json\/wp\/v2\/posts\/470242\/revisions"}],"predecessor-version":[{"id":470247,"href":"https:\/\/www.estrategiaconcursos.com.br\/blog\/wp-json\/wp\/v2\/posts\/470242\/revisions\/470247"}],"wp:featuredmedia":[{"embeddable":true,"href":"https:\/\/www.estrategiaconcursos.com.br\/blog\/wp-json\/wp\/v2\/media\/414755"}],"wp:attachment":[{"href":"https:\/\/www.estrategiaconcursos.com.br\/blog\/wp-json\/wp\/v2\/media?parent=470242"}],"wp:term":[{"taxonomy":"category","embeddable":true,"href":"https:\/\/www.estrategiaconcursos.com.br\/blog\/wp-json\/wp\/v2\/categories?post=470242"},{"taxonomy":"post_tag","embeddable":true,"href":"https:\/\/www.estrategiaconcursos.com.br\/blog\/wp-json\/wp\/v2\/tags?post=470242"},{"taxonomy":"tax_estado","embeddable":true,"href":"https:\/\/www.estrategiaconcursos.com.br\/blog\/wp-json\/wp\/v2\/tax_estado?post=470242"}],"curies":[{"name":"wp","href":"https:\/\/api.w.org\/{rel}","templated":true}]}}