{"id":470197,"date":"2020-01-15T09:12:25","date_gmt":"2020-01-15T12:12:25","guid":{"rendered":"https:\/\/www.estrategiaconcursos.com.br\/blog\/?p=470197"},"modified":"2020-01-15T15:23:03","modified_gmt":"2020-01-15T18:23:03","slug":"concurso-policia-penal-rn-estabelecida-a-lei-complementar-para-o-cargo","status":"publish","type":"post","link":"https:\/\/www.estrategiaconcursos.com.br\/blog\/concurso-policia-penal-rn-estabelecida-a-lei-complementar-para-o-cargo\/","title":{"rendered":"Concurso Pol\u00edcia Penal RN: estabelecida a Lei Complementar para o cargo"},"content":{"rendered":"\n<p>Foi divulgada nesta quarta-feira, 15 de janeiro, a Lei Complementar n\u00ba 566 para o cargo de Policial Penal do Rio Grande do Norte. A Lei tem como objetivo: estabelecer os deveres, atribui\u00e7\u00f5es, remunera\u00e7\u00e3o, carga hor\u00e1ria, entre outros regulamentos do Policial Penal.<\/p>\n\n\n\n<p>Ao longo deste artigo voc\u00ea confere mais detalhes sobre o<strong>&nbsp;Pol\u00edcia Penal RN.<\/strong>&nbsp;Nosso objetivo \u00e9 mant\u00ea-lo 100% informado. <\/p>\n\n\n\n<p><a href=\"#atribui\u00e7\u00f5es\">Atribui\u00e7\u00f5es:<\/a><br \/><a href=\"#remunera\u00e7\u00e3o\">Remunera\u00e7\u00e3o:<\/a><br \/><a href=\"#emenda\">Emenda Constitucional:<\/a><\/p>\n\n\n\n<h2 class=\"wp-block-heading\" id=\"atribui\u00e7\u00f5es\">Atribui\u00e7\u00f5es  <\/h2>\n\n\n\n<p>Entre as atribui\u00e7\u00f5es do Policial penal est\u00e3o: a<em> Preserva\u00e7\u00e3o da integridade f\u00edsica e moral da pessoa presa ou sujeita \u00e0 medida de seguran\u00e7a, de vigil\u00e2ncia e cust\u00f3dia de presos, realizar a recaptura de presos foragidos, executar as medidas de reintegra\u00e7\u00e3o socioeducativas de condenados e d e conjuga\u00e7\u00e3o da sua educa\u00e7\u00e3o com o trabalho produtivo e reinser\u00e7\u00e3o social.<\/em><\/p>\n\n\n\n<h2 class=\"wp-block-heading\" id=\"remunera\u00e7\u00e3o\">Remunera\u00e7\u00e3o<em>  <\/em><\/h2>\n\n\n\n<p>O Subs\u00eddio inicial para o cargo \u00e9 de R$ 3.405,76  podendo chegar at\u00e9  13.455,68. Confira abaixo a tabela remunerat\u00f3ria:<\/p>\n\n\n\n<div class=\"wp-block-image\"><figure class=\"aligncenter size-large\"><img loading=\"lazy\" decoding=\"async\" width=\"453\" height=\"625\" src=\"https:\/\/dhg1h5j42swfq.cloudfront.net\/2020\/01\/15084705\/image-101.png\" alt=\"\" class=\"wp-image-470211\" srcset=\"https:\/\/dhg1h5j42swfq.cloudfront.net\/2020\/01\/15084705\/image-101.png 453w, https:\/\/dhg1h5j42swfq.cloudfront.net\/2020\/01\/15084705\/image-101-217x300.png 217w\" sizes=\"auto, (max-width: 453px) 100vw, 453px\" \/><\/figure><\/div>\n\n\n\n<p>Al\u00e9m disso, ficou estabelecido a carga hor\u00e1ria para a fun\u00e7\u00e3o:  <em>A jornada de trabalho do Policial Penal ser\u00e1 em regime de plant\u00e3o e n\u00e3o poder\u00e1 exceder a <strong>160 (cento e sessenta) horas mensais<\/strong>.<\/em><\/p>\n\n\n\n<h2 class=\"wp-block-heading\" id=\"emenda\">Emenda Constitucional <\/h2>\n\n\n\n<p>Em dezembro de 2019, o Congresso Nacional promulgou uma EC (Emenda Constitucional) que criou a Pol\u00edcia Penal dos estados e do Distrito Federal. Os atuais agentes penitenci\u00e1rios ser\u00e3o incorporados aos cargos de policiais penais.<\/p>\n\n\n\n<p>Portanto, a carreira estar\u00e1 dentro do sistema p\u00fablico de seguran\u00e7a do pa\u00eds e os servidores ter\u00e3o direitos equivalentes \u00e0 Pol\u00edcia Militar e Civil. J\u00e1 que o objetivo do projeto de Lei , segundo o autor da EC, Senador C\u00e1ssio Lima, era a conquista de direitos e melhorias para os agentes prisionais.<\/p>\n\n\n\n<p>O presidente do Senado, Davi Alcolumbre, ressaltou que a emenda d\u00e1 suporte jur\u00eddico \u00e0 categoria para que esta possa exercer a efetiva atividade policial, como de fato j\u00e1 acontece.<\/p>\n\n\n\n<p>As pol\u00edcias penais estar\u00e3o subordinadas aos Governadores dos Estados, do Distrito Federal e dos Territ\u00f3rios, assim como as pol\u00edcias civis. Entre as responsabilidades da profiss\u00e3o est\u00e3o a escolta de presos e a seguran\u00e7a de estabelecimentos penais.<\/p>\n\n\n\n<p>Para ver todos os detalhe da Lei Complementar para o Policial Penal, baixe o arquivo abaixo:<\/p>\n\n\n\n<p style=\"background-color:#e0fff8;font-size:25px\" class=\"has-background has-text-align-center\"><strong><a rel=\"noreferrer noopener\" aria-label=\"Lei Complementar - Policial Penal (abre numa nova aba)\" href=\"https:\/\/dhg1h5j42swfq.cloudfront.net\/2020\/01\/15085201\/Lei_-_Pol%C3%ADcia_Penal_RN.pdf\" target=\"_blank\">Lei Complementar &#8211; Policial Penal<\/a><\/strong><\/p>\n\n\n\n<p class=\"has-background has-text-align-center has-medium-font-size has-luminous-vivid-amber-background-color\"><strong><a rel=\"noreferrer noopener\" href=\"https:\/\/dhg1h5j42swfq.cloudfront.net\/2019\/11\/07095143\/PEC-372-2017.pdf\" target=\"_blank\">PEC 327\/2017<\/a><\/strong><\/p>\n\n\n\n<p class=\"has-background has-text-align-center has-medium-font-size has-luminous-vivid-amber-background-color\"><em><strong><a rel=\"noreferrer noopener\" href=\"https:\/\/www.estrategiaconcursos.com.br\/cursos\/concurso\/\" target=\"_blank\">Cursos para concursos<\/a><\/strong><\/em><\/p>\n\n\n\n<p class=\"has-text-align-center\"><em><strong>Assinatura Anual Ilimitada*<\/strong><\/em><\/p>\n\n\n\n<p class=\"has-text-align-center\"><em>Prepare-se com o melhor material e com quem mais aprova em&nbsp;Concursos P\u00fablicos de todo o pa\u00eds. Assine agora a nossa Assinatura Anual e tenha acesso ilimitado a todos os nossos cursos.<\/em><\/p>\n\n\n\n<p class=\"has-background has-text-align-center has-medium-font-size has-light-green-cyan-background-color\"><strong>ASSINE AGORA<\/strong>&nbsp;\u2013&nbsp;<a rel=\"noreferrer noopener\" href=\"https:\/\/www.estrategiaconcursos.com.br\/assinaturas\" target=\"_blank\"><strong>Assinatura Ilimitada<\/strong><\/a><\/p>\n\n\n\n<p class=\"has-text-align-center\"><strong><em>Fique por dentro dos concursos vigentes:<\/em><\/strong><\/p>\n\n\n\n<p class=\"has-background has-text-align-center has-medium-font-size has-pale-cyan-blue-background-color\"><strong><a href=\"https:\/\/www.estrategiaconcursos.com.br\/blog\/concursos-abertos\/\" target=\"_blank\" rel=\"noreferrer noopener\">CONCURSOS ABERTOS<\/a><\/strong><\/p>\n\n\n\n<p class=\"has-background has-text-align-center has-medium-font-size has-pale-cyan-blue-background-color\"><strong><a href=\"https:\/\/www.estrategiaconcursos.com.br\/blog\/concursos-2020\/\" target=\"_blank\" rel=\"noreferrer noopener\">CONCURSOS&nbsp;2020<\/a><\/strong><\/p>\n","protected":false},"excerpt":{"rendered":"<p>Foi divulgada nesta quarta-feira, 15 de janeiro, a Lei Complementar n\u00ba 566 para o cargo de Policial Penal do Rio Grande do Norte. A Lei tem como objetivo: estabelecer os deveres, atribui\u00e7\u00f5es, remunera\u00e7\u00e3o, carga hor\u00e1ria, entre outros regulamentos do Policial Penal. Ao longo deste artigo voc\u00ea confere mais detalhes sobre o&nbsp;Pol\u00edcia Penal RN.&nbsp;Nosso objetivo \u00e9 [&hellip;]<\/p>\n","protected":false},"author":552,"featured_media":0,"comment_status":"open","ping_status":"closed","sticky":false,"template":"","format":"standard","meta":{"post_tipo":"article","footnotes":""},"categories":[1],"tags":[],"tax_estado":[],"class_list":["post-470197","post","type-post","status-publish","format-standard","hentry","category-cursos-e-concursos"],"acf":[],"yoast_head":"<!-- This site is optimized with the Yoast SEO Premium plugin v27.2 (Yoast SEO v27.2) - https:\/\/yoast.com\/product\/yoast-seo-premium-wordpress\/ -->\n<title>Concurso Pol\u00edcia Penal RN: estabelecida a Lei Complementar para o cargo<\/title>\n<meta name=\"robots\" content=\"index, follow, max-snippet:-1, max-image-preview:large, max-video-preview:-1\" \/>\n<link rel=\"canonical\" href=\"https:\/\/www.estrategiaconcursos.com.br\/blog\/concurso-policia-penal-rn-estabelecida-a-lei-complementar-para-o-cargo\/\" \/>\n<meta property=\"og:locale\" content=\"pt_BR\" \/>\n<meta property=\"og:type\" content=\"article\" \/>\n<meta property=\"og:title\" content=\"Concurso Pol\u00edcia Penal RN: estabelecida a Lei Complementar para o cargo\" \/>\n<meta property=\"og:description\" content=\"Foi divulgada nesta quarta-feira, 15 de janeiro, a Lei Complementar n\u00ba 566 para o cargo de Policial Penal do Rio Grande do Norte. A Lei tem como objetivo: estabelecer os deveres, atribui\u00e7\u00f5es, remunera\u00e7\u00e3o, carga hor\u00e1ria, entre outros regulamentos do Policial Penal. Ao longo deste artigo voc\u00ea confere mais detalhes sobre o&nbsp;Pol\u00edcia Penal RN.&nbsp;Nosso objetivo \u00e9 [&hellip;]\" \/>\n<meta property=\"og:url\" content=\"https:\/\/www.estrategiaconcursos.com.br\/blog\/concurso-policia-penal-rn-estabelecida-a-lei-complementar-para-o-cargo\/\" \/>\n<meta property=\"og:site_name\" content=\"Estrat\u00e9gia Concursos\" \/>\n<meta property=\"article:published_time\" content=\"2020-01-15T12:12:25+00:00\" \/>\n<meta property=\"article:modified_time\" content=\"2020-01-15T18:23:03+00:00\" \/>\n<meta property=\"og:image\" content=\"https:\/\/www.estrategiaconcursos.com.br\/blog\/wp-content\/uploads\/2020\/01\/image-101.png\" \/>\n<meta name=\"author\" content=\"Paulo Bilynskyj\" \/>\n<meta name=\"twitter:card\" content=\"summary_large_image\" \/>\n<meta name=\"twitter:creator\" content=\"@EstratConcursos\" \/>\n<meta name=\"twitter:site\" content=\"@EstratConcursos\" \/>\n<meta name=\"twitter:label1\" content=\"Escrito por\" \/>\n\t<meta name=\"twitter:data1\" content=\"Paulo Bilynskyj\" \/>\n\t<meta name=\"twitter:label2\" content=\"Est. tempo de leitura\" \/>\n\t<meta name=\"twitter:data2\" content=\"2 minutos\" \/>\n<script type=\"application\/ld+json\" class=\"yoast-schema-graph\">{\"@context\":\"https:\/\/schema.org\",\"@graph\":[{\"@type\":\"NewsArticle\",\"@id\":\"https:\/\/www.estrategiaconcursos.com.br\/blog\/concurso-policia-penal-rn-estabelecida-a-lei-complementar-para-o-cargo\/#article\",\"isPartOf\":{\"@id\":\"https:\/\/www.estrategiaconcursos.com.br\/blog\/concurso-policia-penal-rn-estabelecida-a-lei-complementar-para-o-cargo\/\"},\"author\":{\"name\":\"Paulo Bilynskyj\",\"@id\":\"https:\/\/www.estrategiaconcursos.com.br\/blog\/#\/schema\/person\/a630b15e36f45b4c21fed01219843cb5\"},\"headline\":\"Concurso Pol\u00edcia Penal RN: estabelecida a Lei Complementar para o cargo\",\"datePublished\":\"2020-01-15T12:12:25+00:00\",\"dateModified\":\"2020-01-15T18:23:03+00:00\",\"mainEntityOfPage\":{\"@id\":\"https:\/\/www.estrategiaconcursos.com.br\/blog\/concurso-policia-penal-rn-estabelecida-a-lei-complementar-para-o-cargo\/\"},\"wordCount\":451,\"commentCount\":0,\"publisher\":{\"@id\":\"https:\/\/www.estrategiaconcursos.com.br\/blog\/#organization\"},\"image\":{\"@id\":\"https:\/\/www.estrategiaconcursos.com.br\/blog\/concurso-policia-penal-rn-estabelecida-a-lei-complementar-para-o-cargo\/#primaryimage\"},\"thumbnailUrl\":\"https:\/\/www.estrategiaconcursos.com.br\/blog\/wp-content\/uploads\/2020\/01\/image-101.png\",\"articleSection\":[\"Concursos P\u00fablicos\"],\"inLanguage\":\"pt-BR\",\"potentialAction\":[{\"@type\":\"CommentAction\",\"name\":\"Comment\",\"target\":[\"https:\/\/www.estrategiaconcursos.com.br\/blog\/concurso-policia-penal-rn-estabelecida-a-lei-complementar-para-o-cargo\/#respond\"]}],\"copyrightYear\":\"2020\",\"copyrightHolder\":{\"@id\":\"https:\/\/www.estrategiaconcursos.com.br\/blog\/#organization\"}},{\"@type\":\"WebPage\",\"@id\":\"https:\/\/www.estrategiaconcursos.com.br\/blog\/concurso-policia-penal-rn-estabelecida-a-lei-complementar-para-o-cargo\/\",\"url\":\"https:\/\/www.estrategiaconcursos.com.br\/blog\/concurso-policia-penal-rn-estabelecida-a-lei-complementar-para-o-cargo\/\",\"name\":\"Concurso Pol\u00edcia Penal RN: estabelecida a Lei Complementar para o cargo\",\"isPartOf\":{\"@id\":\"https:\/\/www.estrategiaconcursos.com.br\/blog\/#website\"},\"primaryImageOfPage\":{\"@id\":\"https:\/\/www.estrategiaconcursos.com.br\/blog\/concurso-policia-penal-rn-estabelecida-a-lei-complementar-para-o-cargo\/#primaryimage\"},\"image\":{\"@id\":\"https:\/\/www.estrategiaconcursos.com.br\/blog\/concurso-policia-penal-rn-estabelecida-a-lei-complementar-para-o-cargo\/#primaryimage\"},\"thumbnailUrl\":\"https:\/\/www.estrategiaconcursos.com.br\/blog\/wp-content\/uploads\/2020\/01\/image-101.png\",\"datePublished\":\"2020-01-15T12:12:25+00:00\",\"dateModified\":\"2020-01-15T18:23:03+00:00\",\"breadcrumb\":{\"@id\":\"https:\/\/www.estrategiaconcursos.com.br\/blog\/concurso-policia-penal-rn-estabelecida-a-lei-complementar-para-o-cargo\/#breadcrumb\"},\"inLanguage\":\"pt-BR\",\"potentialAction\":[{\"@type\":\"ReadAction\",\"target\":[\"https:\/\/www.estrategiaconcursos.com.br\/blog\/concurso-policia-penal-rn-estabelecida-a-lei-complementar-para-o-cargo\/\"]}]},{\"@type\":\"ImageObject\",\"inLanguage\":\"pt-BR\",\"@id\":\"https:\/\/www.estrategiaconcursos.com.br\/blog\/concurso-policia-penal-rn-estabelecida-a-lei-complementar-para-o-cargo\/#primaryimage\",\"url\":\"https:\/\/dhg1h5j42swfq.cloudfront.net\/2020\/01\/15084705\/image-101.png\",\"contentUrl\":\"https:\/\/dhg1h5j42swfq.cloudfront.net\/2020\/01\/15084705\/image-101.png\",\"width\":453,\"height\":625},{\"@type\":\"BreadcrumbList\",\"@id\":\"https:\/\/www.estrategiaconcursos.com.br\/blog\/concurso-policia-penal-rn-estabelecida-a-lei-complementar-para-o-cargo\/#breadcrumb\",\"itemListElement\":[{\"@type\":\"ListItem\",\"position\":1,\"name\":\"In\u00edcio\",\"item\":\"https:\/\/www.estrategiaconcursos.com.br\/blog\/\"},{\"@type\":\"ListItem\",\"position\":2,\"name\":\"Concurso Pol\u00edcia Penal RN: estabelecida a Lei Complementar para o cargo\"}]},{\"@type\":\"WebSite\",\"@id\":\"https:\/\/www.estrategiaconcursos.com.br\/blog\/#website\",\"url\":\"https:\/\/www.estrategiaconcursos.com.br\/blog\/\",\"name\":\"Estrat\u00e9gia Concursos\",\"description\":\"O blog da Estrat\u00e9gia Concursos traz not\u00edcias sobre concursos e artigos de professores oferecendo cursos para concursos (pdf + videaulas) no site.\",\"publisher\":{\"@id\":\"https:\/\/www.estrategiaconcursos.com.br\/blog\/#organization\"},\"potentialAction\":[{\"@type\":\"SearchAction\",\"target\":{\"@type\":\"EntryPoint\",\"urlTemplate\":\"https:\/\/www.estrategiaconcursos.com.br\/blog\/?s={search_term_string}\"},\"query-input\":{\"@type\":\"PropertyValueSpecification\",\"valueRequired\":true,\"valueName\":\"search_term_string\"}}],\"inLanguage\":\"pt-BR\"},{\"@type\":\"Organization\",\"@id\":\"https:\/\/www.estrategiaconcursos.com.br\/blog\/#organization\",\"name\":\"Estrat\u00e9gia Concursos\",\"url\":\"https:\/\/www.estrategiaconcursos.com.br\/blog\/\",\"logo\":{\"@type\":\"ImageObject\",\"inLanguage\":\"pt-BR\",\"@id\":\"https:\/\/www.estrategiaconcursos.com.br\/blog\/#\/schema\/logo\/image\/\",\"url\":\"https:\/\/dhg1h5j42swfq.cloudfront.net\/2025\/06\/03203428\/logo_concursos-1.jpg\",\"contentUrl\":\"https:\/\/dhg1h5j42swfq.cloudfront.net\/2025\/06\/03203428\/logo_concursos-1.jpg\",\"width\":230,\"height\":60,\"caption\":\"Estrat\u00e9gia Concursos\"},\"image\":{\"@id\":\"https:\/\/www.estrategiaconcursos.com.br\/blog\/#\/schema\/logo\/image\/\"},\"sameAs\":[\"https:\/\/x.com\/EstratConcursos\"]},{\"@type\":\"Person\",\"@id\":\"https:\/\/www.estrategiaconcursos.com.br\/blog\/#\/schema\/person\/a630b15e36f45b4c21fed01219843cb5\",\"name\":\"Paulo Bilynskyj\",\"image\":{\"@type\":\"ImageObject\",\"inLanguage\":\"pt-BR\",\"@id\":\"https:\/\/secure.gravatar.com\/avatar\/37e21f70c9042e7456beffdc6d31fe051f3f6dcbf252f69343a791b144852057?s=96&d=mm&r=g\",\"url\":\"https:\/\/secure.gravatar.com\/avatar\/37e21f70c9042e7456beffdc6d31fe051f3f6dcbf252f69343a791b144852057?s=96&d=mm&r=g\",\"contentUrl\":\"https:\/\/secure.gravatar.com\/avatar\/37e21f70c9042e7456beffdc6d31fe051f3f6dcbf252f69343a791b144852057?s=96&d=mm&r=g\",\"caption\":\"Paulo Bilynskyj\"},\"url\":\"https:\/\/www.estrategiaconcursos.com.br\/blog\/author\/pbilynskyjgmail-com\/\"}]}<\/script>\n<!-- \/ Yoast SEO Premium plugin. -->","yoast_head_json":{"title":"Concurso Pol\u00edcia Penal RN: estabelecida a Lei Complementar para o cargo","robots":{"index":"index","follow":"follow","max-snippet":"max-snippet:-1","max-image-preview":"max-image-preview:large","max-video-preview":"max-video-preview:-1"},"canonical":"https:\/\/www.estrategiaconcursos.com.br\/blog\/concurso-policia-penal-rn-estabelecida-a-lei-complementar-para-o-cargo\/","og_locale":"pt_BR","og_type":"article","og_title":"Concurso Pol\u00edcia Penal RN: estabelecida a Lei Complementar para o cargo","og_description":"Foi divulgada nesta quarta-feira, 15 de janeiro, a Lei Complementar n\u00ba 566 para o cargo de Policial Penal do Rio Grande do Norte. A Lei tem como objetivo: estabelecer os deveres, atribui\u00e7\u00f5es, remunera\u00e7\u00e3o, carga hor\u00e1ria, entre outros regulamentos do Policial Penal. Ao longo deste artigo voc\u00ea confere mais detalhes sobre o&nbsp;Pol\u00edcia Penal RN.&nbsp;Nosso objetivo \u00e9 [&hellip;]","og_url":"https:\/\/www.estrategiaconcursos.com.br\/blog\/concurso-policia-penal-rn-estabelecida-a-lei-complementar-para-o-cargo\/","og_site_name":"Estrat\u00e9gia Concursos","article_published_time":"2020-01-15T12:12:25+00:00","article_modified_time":"2020-01-15T18:23:03+00:00","og_image":[{"url":"https:\/\/www.estrategiaconcursos.com.br\/blog\/wp-content\/uploads\/2020\/01\/image-101.png","type":"","width":"","height":""}],"author":"Paulo Bilynskyj","twitter_card":"summary_large_image","twitter_creator":"@EstratConcursos","twitter_site":"@EstratConcursos","twitter_misc":{"Escrito por":"Paulo Bilynskyj","Est. tempo de leitura":"2 minutos"},"schema":{"@context":"https:\/\/schema.org","@graph":[{"@type":"NewsArticle","@id":"https:\/\/www.estrategiaconcursos.com.br\/blog\/concurso-policia-penal-rn-estabelecida-a-lei-complementar-para-o-cargo\/#article","isPartOf":{"@id":"https:\/\/www.estrategiaconcursos.com.br\/blog\/concurso-policia-penal-rn-estabelecida-a-lei-complementar-para-o-cargo\/"},"author":{"name":"Paulo Bilynskyj","@id":"https:\/\/www.estrategiaconcursos.com.br\/blog\/#\/schema\/person\/a630b15e36f45b4c21fed01219843cb5"},"headline":"Concurso Pol\u00edcia Penal RN: estabelecida a Lei Complementar para o cargo","datePublished":"2020-01-15T12:12:25+00:00","dateModified":"2020-01-15T18:23:03+00:00","mainEntityOfPage":{"@id":"https:\/\/www.estrategiaconcursos.com.br\/blog\/concurso-policia-penal-rn-estabelecida-a-lei-complementar-para-o-cargo\/"},"wordCount":451,"commentCount":0,"publisher":{"@id":"https:\/\/www.estrategiaconcursos.com.br\/blog\/#organization"},"image":{"@id":"https:\/\/www.estrategiaconcursos.com.br\/blog\/concurso-policia-penal-rn-estabelecida-a-lei-complementar-para-o-cargo\/#primaryimage"},"thumbnailUrl":"https:\/\/www.estrategiaconcursos.com.br\/blog\/wp-content\/uploads\/2020\/01\/image-101.png","articleSection":["Concursos P\u00fablicos"],"inLanguage":"pt-BR","potentialAction":[{"@type":"CommentAction","name":"Comment","target":["https:\/\/www.estrategiaconcursos.com.br\/blog\/concurso-policia-penal-rn-estabelecida-a-lei-complementar-para-o-cargo\/#respond"]}],"copyrightYear":"2020","copyrightHolder":{"@id":"https:\/\/www.estrategiaconcursos.com.br\/blog\/#organization"}},{"@type":"WebPage","@id":"https:\/\/www.estrategiaconcursos.com.br\/blog\/concurso-policia-penal-rn-estabelecida-a-lei-complementar-para-o-cargo\/","url":"https:\/\/www.estrategiaconcursos.com.br\/blog\/concurso-policia-penal-rn-estabelecida-a-lei-complementar-para-o-cargo\/","name":"Concurso Pol\u00edcia Penal RN: estabelecida a Lei Complementar para o cargo","isPartOf":{"@id":"https:\/\/www.estrategiaconcursos.com.br\/blog\/#website"},"primaryImageOfPage":{"@id":"https:\/\/www.estrategiaconcursos.com.br\/blog\/concurso-policia-penal-rn-estabelecida-a-lei-complementar-para-o-cargo\/#primaryimage"},"image":{"@id":"https:\/\/www.estrategiaconcursos.com.br\/blog\/concurso-policia-penal-rn-estabelecida-a-lei-complementar-para-o-cargo\/#primaryimage"},"thumbnailUrl":"https:\/\/www.estrategiaconcursos.com.br\/blog\/wp-content\/uploads\/2020\/01\/image-101.png","datePublished":"2020-01-15T12:12:25+00:00","dateModified":"2020-01-15T18:23:03+00:00","breadcrumb":{"@id":"https:\/\/www.estrategiaconcursos.com.br\/blog\/concurso-policia-penal-rn-estabelecida-a-lei-complementar-para-o-cargo\/#breadcrumb"},"inLanguage":"pt-BR","potentialAction":[{"@type":"ReadAction","target":["https:\/\/www.estrategiaconcursos.com.br\/blog\/concurso-policia-penal-rn-estabelecida-a-lei-complementar-para-o-cargo\/"]}]},{"@type":"ImageObject","inLanguage":"pt-BR","@id":"https:\/\/www.estrategiaconcursos.com.br\/blog\/concurso-policia-penal-rn-estabelecida-a-lei-complementar-para-o-cargo\/#primaryimage","url":"https:\/\/dhg1h5j42swfq.cloudfront.net\/2020\/01\/15084705\/image-101.png","contentUrl":"https:\/\/dhg1h5j42swfq.cloudfront.net\/2020\/01\/15084705\/image-101.png","width":453,"height":625},{"@type":"BreadcrumbList","@id":"https:\/\/www.estrategiaconcursos.com.br\/blog\/concurso-policia-penal-rn-estabelecida-a-lei-complementar-para-o-cargo\/#breadcrumb","itemListElement":[{"@type":"ListItem","position":1,"name":"In\u00edcio","item":"https:\/\/www.estrategiaconcursos.com.br\/blog\/"},{"@type":"ListItem","position":2,"name":"Concurso Pol\u00edcia Penal RN: estabelecida a Lei Complementar para o cargo"}]},{"@type":"WebSite","@id":"https:\/\/www.estrategiaconcursos.com.br\/blog\/#website","url":"https:\/\/www.estrategiaconcursos.com.br\/blog\/","name":"Estrat\u00e9gia Concursos","description":"O blog da Estrat\u00e9gia Concursos traz not\u00edcias sobre concursos e artigos de professores oferecendo cursos para concursos (pdf + videaulas) no site.","publisher":{"@id":"https:\/\/www.estrategiaconcursos.com.br\/blog\/#organization"},"potentialAction":[{"@type":"SearchAction","target":{"@type":"EntryPoint","urlTemplate":"https:\/\/www.estrategiaconcursos.com.br\/blog\/?s={search_term_string}"},"query-input":{"@type":"PropertyValueSpecification","valueRequired":true,"valueName":"search_term_string"}}],"inLanguage":"pt-BR"},{"@type":"Organization","@id":"https:\/\/www.estrategiaconcursos.com.br\/blog\/#organization","name":"Estrat\u00e9gia Concursos","url":"https:\/\/www.estrategiaconcursos.com.br\/blog\/","logo":{"@type":"ImageObject","inLanguage":"pt-BR","@id":"https:\/\/www.estrategiaconcursos.com.br\/blog\/#\/schema\/logo\/image\/","url":"https:\/\/dhg1h5j42swfq.cloudfront.net\/2025\/06\/03203428\/logo_concursos-1.jpg","contentUrl":"https:\/\/dhg1h5j42swfq.cloudfront.net\/2025\/06\/03203428\/logo_concursos-1.jpg","width":230,"height":60,"caption":"Estrat\u00e9gia Concursos"},"image":{"@id":"https:\/\/www.estrategiaconcursos.com.br\/blog\/#\/schema\/logo\/image\/"},"sameAs":["https:\/\/x.com\/EstratConcursos"]},{"@type":"Person","@id":"https:\/\/www.estrategiaconcursos.com.br\/blog\/#\/schema\/person\/a630b15e36f45b4c21fed01219843cb5","name":"Paulo Bilynskyj","image":{"@type":"ImageObject","inLanguage":"pt-BR","@id":"https:\/\/secure.gravatar.com\/avatar\/37e21f70c9042e7456beffdc6d31fe051f3f6dcbf252f69343a791b144852057?s=96&d=mm&r=g","url":"https:\/\/secure.gravatar.com\/avatar\/37e21f70c9042e7456beffdc6d31fe051f3f6dcbf252f69343a791b144852057?s=96&d=mm&r=g","contentUrl":"https:\/\/secure.gravatar.com\/avatar\/37e21f70c9042e7456beffdc6d31fe051f3f6dcbf252f69343a791b144852057?s=96&d=mm&r=g","caption":"Paulo Bilynskyj"},"url":"https:\/\/www.estrategiaconcursos.com.br\/blog\/author\/pbilynskyjgmail-com\/"}]}},"_links":{"self":[{"href":"https:\/\/www.estrategiaconcursos.com.br\/blog\/wp-json\/wp\/v2\/posts\/470197","targetHints":{"allow":["GET"]}}],"collection":[{"href":"https:\/\/www.estrategiaconcursos.com.br\/blog\/wp-json\/wp\/v2\/posts"}],"about":[{"href":"https:\/\/www.estrategiaconcursos.com.br\/blog\/wp-json\/wp\/v2\/types\/post"}],"author":[{"embeddable":true,"href":"https:\/\/www.estrategiaconcursos.com.br\/blog\/wp-json\/wp\/v2\/users\/552"}],"replies":[{"embeddable":true,"href":"https:\/\/www.estrategiaconcursos.com.br\/blog\/wp-json\/wp\/v2\/comments?post=470197"}],"version-history":[{"count":7,"href":"https:\/\/www.estrategiaconcursos.com.br\/blog\/wp-json\/wp\/v2\/posts\/470197\/revisions"}],"predecessor-version":[{"id":472579,"href":"https:\/\/www.estrategiaconcursos.com.br\/blog\/wp-json\/wp\/v2\/posts\/470197\/revisions\/472579"}],"wp:attachment":[{"href":"https:\/\/www.estrategiaconcursos.com.br\/blog\/wp-json\/wp\/v2\/media?parent=470197"}],"wp:term":[{"taxonomy":"category","embeddable":true,"href":"https:\/\/www.estrategiaconcursos.com.br\/blog\/wp-json\/wp\/v2\/categories?post=470197"},{"taxonomy":"post_tag","embeddable":true,"href":"https:\/\/www.estrategiaconcursos.com.br\/blog\/wp-json\/wp\/v2\/tags?post=470197"},{"taxonomy":"tax_estado","embeddable":true,"href":"https:\/\/www.estrategiaconcursos.com.br\/blog\/wp-json\/wp\/v2\/tax_estado?post=470197"}],"curies":[{"name":"wp","href":"https:\/\/api.w.org\/{rel}","templated":true}]}}