{"id":470190,"date":"2020-01-16T14:00:00","date_gmt":"2020-01-16T17:00:00","guid":{"rendered":"https:\/\/www.estrategiaconcursos.com.br\/blog\/?p=470190"},"modified":"2023-06-28T14:21:40","modified_gmt":"2023-06-28T17:21:40","slug":"militares-da-reserva-serao-contratados-para-suprir-deficit-no-inss","status":"publish","type":"post","link":"https:\/\/www.estrategiaconcursos.com.br\/blog\/militares-da-reserva-serao-contratados-para-suprir-deficit-no-inss\/","title":{"rendered":"Militares da Reserva ser\u00e3o contratados para suprir d\u00e9ficit no INSS"},"content":{"rendered":"\n<h2 class=\"wp-block-heading\" id=\"h-e-necessaria-a-realizacao-de-concurso-publico-ja-diz-fenasps\"><em>&#8220;\u00c9 necess\u00e1ria a realiza\u00e7\u00e3o de concurso p\u00fablico j\u00e1!&#8221;, diz FENASPS<\/em><\/h2>\n\n\n\n<p>Sem concurso p\u00fablico h\u00e1 quase cinco anos, mais um problema surge no Instituto Nacional de Seguridade Social. A fila de processos chega, atualmente, a 2 milh\u00f5es de pedidos que n\u00e3o est\u00e3o sendo atendidos por falta de pessoal.<\/p>\n\n\n\n<p>Com isso, o Governo anunciou que vai contratar 7 mil militares da reserva&nbsp;para refor\u00e7ar o atendimento no \u00f3rg\u00e3o. O objetivo \u00e9 que os militares ingressem nos postos de atendimento enquanto os servidores do INSS passem a realizar a an\u00e1lise dos processos. A expectativa \u00e9 que a situa\u00e7\u00e3o seja resolvida at\u00e9 o m\u00eas de setembro.<\/p>\n\n\n\n<p>Segundo o secret\u00e1rio especial de Previd\u00eancia e Trabalho, Rog\u00e9rio Marinho, n\u00e3o \u00e9 esperado que a fila de processo seja zerada, mas que haja uma redu\u00e7\u00e3o proporcional ao n\u00famero de atendimentos:<\/p>\n\n\n\n<blockquote class=\"wp-block-quote is-layout-flow wp-block-quote-is-layout-flow\">\n<p><em>&#8220;O estoque n\u00e3o ser\u00e1 zerado. Voc\u00ea tem 988 mil pedidos que entram todos os meses, n\u00e3o d\u00e1 para zerar estoque. O que a gente est\u00e1 dizendo \u00e9 que pretende que todo m\u00eas, at\u00e9 setembro, outubro, a gente tenha a\u00ed esse n\u00famero de requerimentos da mesma quantidade que temos capacidade de processar. \u00c9 isso que a gente quer&#8221;<\/em>.<\/p>\n<\/blockquote>\n\n\n\n<p>Al\u00e9m disso, outras medidas sugeridas foram a restri\u00e7\u00e3o da cess\u00e3o de servidores do INSS a outros \u00f3rg\u00e3os e a instala\u00e7\u00e3o de uma for\u00e7a-tarefa para a per\u00edcia dos 1.514 servidores que est\u00e3o afastados do Instituto. <\/p>\n\n\n\n<p>O \u00faltimo concurso p\u00fablico no INSS aconteceu em 2015, quando foram ofertadas 150 vagas para o cargo de Analista do Seguro Social e 800 para T\u00e9cnico do Seguro Social. Foram&nbsp;registrados 1.087.789&nbsp;candidatos inscritos&nbsp;neste concurso, tornando-se um dos maiores dos \u00faltimos anos. <\/p>\n\n\n\n<h3 class=\"wp-block-heading\" id=\"h-nota-do-sindicato\">Nota do Sindicato<\/h3>\n\n\n\n<p>Em nota, a Federa\u00e7\u00e3o Nacional dos Sindicatos de Trabalhadores em Sa\u00fade, Trabalho, Previd\u00eancia e Assist\u00eancia Social disse que n\u00e3o h\u00e1 necessidade de interven\u00e7\u00e3o militar para o INSS. E sim, a realiza\u00e7\u00e3o imediata de concurso p\u00fablico, al\u00e9m de projetos voltados aos investimentos na carreira do Seguro Social e na sa\u00fade do servidor.<\/p>\n\n\n\n<p>A FENASPS diz, ainda, que o governo utiliza a m\u00eddia para espalhar &#8220;<em>fakenews<\/em>&#8221; sobre processos e melhorias no INSS. Quando, na realidade, a condi\u00e7\u00e3o de trabalho \u00e9 m\u00ednima, e o cen\u00e1rio dos servidores e trabalhadores est\u00e1 cada vez pior.<\/p>\n\n\n\n<figure class=\"wp-block-image aligncenter size-large\"><img loading=\"lazy\" decoding=\"async\" width=\"741\" height=\"353\" src=\"https:\/\/dhg1h5j42swfq.cloudfront.net\/2020\/01\/16143040\/Capturar.PNG.png\" alt=\"\" class=\"wp-image-470677\" srcset=\"https:\/\/dhg1h5j42swfq.cloudfront.net\/2020\/01\/16143040\/Capturar.PNG.png 741w, https:\/\/dhg1h5j42swfq.cloudfront.net\/2020\/01\/16143040\/Capturar.PNG-300x143.png 300w, https:\/\/dhg1h5j42swfq.cloudfront.net\/2020\/01\/16143040\/Capturar.PNG-610x291.png 610w\" sizes=\"auto, (max-width: 741px) 100vw, 741px\" \/><\/figure>\n\n\n\n<p class=\"has-normal-font-size\"><strong>\u25baConfira a <a rel=\"noreferrer noopener\" aria-label=\"nota da FENASPS (abre numa nova aba)\" href=\"http:\/\/fenasps.org.br\/destaque\/2033-inss-nao-precisa-de-intervencao-militar-e-necessaria-a-realizacao-de-concurso-publico-ja\" target=\"_blank\">nota da FENASPS<\/a> na \u00edntegra<\/strong>.<\/p>\n\n\n\n<p class=\"has-text-align-center has-very-light-gray-background-color has-background has-medium-font-size\"><strong>Mais informa\u00e7\u00f5es: <a href=\"https:\/\/www.estrategiaconcursos.com.br\/blog\/concurso-inss-2\/\" target=\"_blank\" rel=\"noreferrer noopener\" aria-label=\"Concurso INSS (abre numa nova aba)\">Concurso INSS<\/a><\/strong><\/p>\n\n\n\n<p class=\"has-text-align-center\"><em><strong>Assinatura Anual Ilimitada*<\/strong><\/em><\/p>\n\n\n\n<p class=\"has-text-align-center\"><em>Prepare-se com o melhor material e com quem mais aprova em Concursos P\u00fablicos em todo o pa\u00eds. Assine agora a nossa Assinatura Anual e tenha acesso ilimitado a todos os nossos cursos.<\/em><\/p>\n\n\n\n<p class=\"has-text-align-center has-light-green-cyan-background-color has-background has-medium-font-size\"><strong>ASSINE AGORA<\/strong>&nbsp;\u2013&nbsp;<a rel=\"noreferrer noopener\" href=\"https:\/\/www.estrategiaconcursos.com.br\/assinaturas\/\" target=\"_blank\"><strong>Assinatura Ilimitada<\/strong><\/a><\/p>\n\n\n\n<p class=\"has-text-align-center has-pale-cyan-blue-background-color has-background has-medium-font-size\"><strong><a href=\"https:\/\/www.estrategiaconcursos.com.br\/blog\/concursos-abertos\/\">CONCURSOS ABERTOS<\/a><\/strong><\/p>\n","protected":false},"excerpt":{"rendered":"<p>&#8220;\u00c9 necess\u00e1ria a realiza\u00e7\u00e3o de concurso p\u00fablico j\u00e1!&#8221;, diz FENASPS Sem concurso p\u00fablico h\u00e1 quase cinco anos, mais um problema surge no Instituto Nacional de Seguridade Social. A fila de processos chega, atualmente, a 2 milh\u00f5es de pedidos que n\u00e3o est\u00e3o sendo atendidos por falta de pessoal. Com isso, o Governo anunciou que vai contratar [&hellip;]<\/p>\n","protected":false},"author":401,"featured_media":165209,"comment_status":"open","ping_status":"closed","sticky":false,"template":"","format":"standard","meta":{"post_tipo":"article","footnotes":""},"categories":[1],"tags":[],"tax_estado":[],"class_list":["post-470190","post","type-post","status-publish","format-standard","has-post-thumbnail","hentry","category-cursos-e-concursos"],"acf":[],"yoast_head":"<!-- This site is optimized with the Yoast SEO Premium plugin v27.2 (Yoast SEO v27.2) - https:\/\/yoast.com\/product\/yoast-seo-premium-wordpress\/ -->\n<title>Militares da Reserva ser\u00e3o contratados para suprir d\u00e9ficit no INSS<\/title>\n<meta name=\"robots\" content=\"index, follow, max-snippet:-1, max-image-preview:large, max-video-preview:-1\" \/>\n<link rel=\"canonical\" href=\"https:\/\/www.estrategiaconcursos.com.br\/blog\/militares-da-reserva-serao-contratados-para-suprir-deficit-no-inss\/\" \/>\n<meta property=\"og:locale\" content=\"pt_BR\" \/>\n<meta property=\"og:type\" content=\"article\" \/>\n<meta property=\"og:title\" content=\"Militares da Reserva ser\u00e3o contratados para suprir d\u00e9ficit no INSS\" \/>\n<meta property=\"og:description\" content=\"&#8220;\u00c9 necess\u00e1ria a realiza\u00e7\u00e3o de concurso p\u00fablico j\u00e1!&#8221;, diz FENASPS Sem concurso p\u00fablico h\u00e1 quase cinco anos, mais um problema surge no Instituto Nacional de Seguridade Social. A fila de processos chega, atualmente, a 2 milh\u00f5es de pedidos que n\u00e3o est\u00e3o sendo atendidos por falta de pessoal. Com isso, o Governo anunciou que vai contratar [&hellip;]\" \/>\n<meta property=\"og:url\" content=\"https:\/\/www.estrategiaconcursos.com.br\/blog\/militares-da-reserva-serao-contratados-para-suprir-deficit-no-inss\/\" \/>\n<meta property=\"og:site_name\" content=\"Estrat\u00e9gia Concursos\" \/>\n<meta property=\"article:published_time\" content=\"2020-01-16T17:00:00+00:00\" \/>\n<meta property=\"article:modified_time\" content=\"2023-06-28T17:21:40+00:00\" \/>\n<meta property=\"og:image\" content=\"https:\/\/dhg1h5j42swfq.cloudfront.net\/2019\/02\/09084953\/Capturar.jpg\" \/>\n\t<meta property=\"og:image:width\" content=\"1200\" \/>\n\t<meta property=\"og:image:height\" content=\"627\" \/>\n\t<meta property=\"og:image:type\" content=\"image\/jpeg\" \/>\n<meta name=\"author\" content=\"Rubens Mauricio Corr\u00eaa\" \/>\n<meta name=\"twitter:card\" content=\"summary_large_image\" \/>\n<meta name=\"twitter:creator\" content=\"@EstratConcursos\" \/>\n<meta name=\"twitter:site\" content=\"@EstratConcursos\" \/>\n<meta name=\"twitter:label1\" content=\"Escrito por\" \/>\n\t<meta name=\"twitter:data1\" content=\"Rubens Mauricio Corr\u00eaa\" \/>\n\t<meta name=\"twitter:label2\" content=\"Est. tempo de leitura\" \/>\n\t<meta name=\"twitter:data2\" content=\"2 minutos\" \/>\n<script type=\"application\/ld+json\" class=\"yoast-schema-graph\">{\"@context\":\"https:\/\/schema.org\",\"@graph\":[{\"@type\":\"NewsArticle\",\"@id\":\"https:\/\/www.estrategiaconcursos.com.br\/blog\/militares-da-reserva-serao-contratados-para-suprir-deficit-no-inss\/#article\",\"isPartOf\":{\"@id\":\"https:\/\/www.estrategiaconcursos.com.br\/blog\/militares-da-reserva-serao-contratados-para-suprir-deficit-no-inss\/\"},\"author\":{\"name\":\"Rubens Mauricio Corr\u00eaa\",\"@id\":\"https:\/\/www.estrategiaconcursos.com.br\/blog\/#\/schema\/person\/9fac14a8bf47492d9fd98769d1481766\"},\"headline\":\"Militares da Reserva ser\u00e3o contratados para suprir d\u00e9ficit no INSS\",\"datePublished\":\"2020-01-16T17:00:00+00:00\",\"dateModified\":\"2023-06-28T17:21:40+00:00\",\"mainEntityOfPage\":{\"@id\":\"https:\/\/www.estrategiaconcursos.com.br\/blog\/militares-da-reserva-serao-contratados-para-suprir-deficit-no-inss\/\"},\"wordCount\":463,\"commentCount\":7,\"publisher\":{\"@id\":\"https:\/\/www.estrategiaconcursos.com.br\/blog\/#organization\"},\"image\":{\"@id\":\"https:\/\/www.estrategiaconcursos.com.br\/blog\/militares-da-reserva-serao-contratados-para-suprir-deficit-no-inss\/#primaryimage\"},\"thumbnailUrl\":\"https:\/\/dhg1h5j42swfq.cloudfront.net\/2019\/02\/09084953\/Capturar.jpg\",\"articleSection\":[\"Concursos P\u00fablicos\"],\"inLanguage\":\"pt-BR\",\"potentialAction\":[{\"@type\":\"CommentAction\",\"name\":\"Comment\",\"target\":[\"https:\/\/www.estrategiaconcursos.com.br\/blog\/militares-da-reserva-serao-contratados-para-suprir-deficit-no-inss\/#respond\"]}],\"copyrightYear\":\"2020\",\"copyrightHolder\":{\"@id\":\"https:\/\/www.estrategiaconcursos.com.br\/blog\/#organization\"}},{\"@type\":\"WebPage\",\"@id\":\"https:\/\/www.estrategiaconcursos.com.br\/blog\/militares-da-reserva-serao-contratados-para-suprir-deficit-no-inss\/\",\"url\":\"https:\/\/www.estrategiaconcursos.com.br\/blog\/militares-da-reserva-serao-contratados-para-suprir-deficit-no-inss\/\",\"name\":\"Militares da Reserva ser\u00e3o contratados para suprir d\u00e9ficit no INSS\",\"isPartOf\":{\"@id\":\"https:\/\/www.estrategiaconcursos.com.br\/blog\/#website\"},\"primaryImageOfPage\":{\"@id\":\"https:\/\/www.estrategiaconcursos.com.br\/blog\/militares-da-reserva-serao-contratados-para-suprir-deficit-no-inss\/#primaryimage\"},\"image\":{\"@id\":\"https:\/\/www.estrategiaconcursos.com.br\/blog\/militares-da-reserva-serao-contratados-para-suprir-deficit-no-inss\/#primaryimage\"},\"thumbnailUrl\":\"https:\/\/dhg1h5j42swfq.cloudfront.net\/2019\/02\/09084953\/Capturar.jpg\",\"datePublished\":\"2020-01-16T17:00:00+00:00\",\"dateModified\":\"2023-06-28T17:21:40+00:00\",\"breadcrumb\":{\"@id\":\"https:\/\/www.estrategiaconcursos.com.br\/blog\/militares-da-reserva-serao-contratados-para-suprir-deficit-no-inss\/#breadcrumb\"},\"inLanguage\":\"pt-BR\",\"potentialAction\":[{\"@type\":\"ReadAction\",\"target\":[\"https:\/\/www.estrategiaconcursos.com.br\/blog\/militares-da-reserva-serao-contratados-para-suprir-deficit-no-inss\/\"]}]},{\"@type\":\"ImageObject\",\"inLanguage\":\"pt-BR\",\"@id\":\"https:\/\/www.estrategiaconcursos.com.br\/blog\/militares-da-reserva-serao-contratados-para-suprir-deficit-no-inss\/#primaryimage\",\"url\":\"https:\/\/dhg1h5j42swfq.cloudfront.net\/2019\/02\/09084953\/Capturar.jpg\",\"contentUrl\":\"https:\/\/dhg1h5j42swfq.cloudfront.net\/2019\/02\/09084953\/Capturar.jpg\",\"width\":1200,\"height\":627,\"caption\":\"INSS Passo Estrat\u00e9gico\"},{\"@type\":\"BreadcrumbList\",\"@id\":\"https:\/\/www.estrategiaconcursos.com.br\/blog\/militares-da-reserva-serao-contratados-para-suprir-deficit-no-inss\/#breadcrumb\",\"itemListElement\":[{\"@type\":\"ListItem\",\"position\":1,\"name\":\"In\u00edcio\",\"item\":\"https:\/\/www.estrategiaconcursos.com.br\/blog\/\"},{\"@type\":\"ListItem\",\"position\":2,\"name\":\"Militares da Reserva ser\u00e3o contratados para suprir d\u00e9ficit no INSS\"}]},{\"@type\":\"WebSite\",\"@id\":\"https:\/\/www.estrategiaconcursos.com.br\/blog\/#website\",\"url\":\"https:\/\/www.estrategiaconcursos.com.br\/blog\/\",\"name\":\"Estrat\u00e9gia Concursos\",\"description\":\"O blog da Estrat\u00e9gia Concursos traz not\u00edcias sobre concursos e artigos de professores oferecendo cursos para concursos (pdf + videaulas) no site.\",\"publisher\":{\"@id\":\"https:\/\/www.estrategiaconcursos.com.br\/blog\/#organization\"},\"potentialAction\":[{\"@type\":\"SearchAction\",\"target\":{\"@type\":\"EntryPoint\",\"urlTemplate\":\"https:\/\/www.estrategiaconcursos.com.br\/blog\/?s={search_term_string}\"},\"query-input\":{\"@type\":\"PropertyValueSpecification\",\"valueRequired\":true,\"valueName\":\"search_term_string\"}}],\"inLanguage\":\"pt-BR\"},{\"@type\":\"Organization\",\"@id\":\"https:\/\/www.estrategiaconcursos.com.br\/blog\/#organization\",\"name\":\"Estrat\u00e9gia Concursos\",\"url\":\"https:\/\/www.estrategiaconcursos.com.br\/blog\/\",\"logo\":{\"@type\":\"ImageObject\",\"inLanguage\":\"pt-BR\",\"@id\":\"https:\/\/www.estrategiaconcursos.com.br\/blog\/#\/schema\/logo\/image\/\",\"url\":\"https:\/\/dhg1h5j42swfq.cloudfront.net\/2025\/06\/03203428\/logo_concursos-1.jpg\",\"contentUrl\":\"https:\/\/dhg1h5j42swfq.cloudfront.net\/2025\/06\/03203428\/logo_concursos-1.jpg\",\"width\":230,\"height\":60,\"caption\":\"Estrat\u00e9gia Concursos\"},\"image\":{\"@id\":\"https:\/\/www.estrategiaconcursos.com.br\/blog\/#\/schema\/logo\/image\/\"},\"sameAs\":[\"https:\/\/x.com\/EstratConcursos\"]},{\"@type\":\"Person\",\"@id\":\"https:\/\/www.estrategiaconcursos.com.br\/blog\/#\/schema\/person\/9fac14a8bf47492d9fd98769d1481766\",\"name\":\"Rubens Mauricio Corr\u00eaa\",\"image\":{\"@type\":\"ImageObject\",\"inLanguage\":\"pt-BR\",\"@id\":\"https:\/\/secure.gravatar.com\/avatar\/83a4c19cfd065707044bf9b66e1b81736430186d86e560356b352823fac7df9c?s=96&d=mm&r=g\",\"url\":\"https:\/\/secure.gravatar.com\/avatar\/83a4c19cfd065707044bf9b66e1b81736430186d86e560356b352823fac7df9c?s=96&d=mm&r=g\",\"contentUrl\":\"https:\/\/secure.gravatar.com\/avatar\/83a4c19cfd065707044bf9b66e1b81736430186d86e560356b352823fac7df9c?s=96&d=mm&r=g\",\"caption\":\"Rubens Mauricio Corr\u00eaa\"},\"url\":\"https:\/\/www.estrategiaconcursos.com.br\/blog\/author\/rubensmauricioestrategiaconcursos-com-br\/\"}]}<\/script>\n<!-- \/ Yoast SEO Premium plugin. -->","yoast_head_json":{"title":"Militares da Reserva ser\u00e3o contratados para suprir d\u00e9ficit no INSS","robots":{"index":"index","follow":"follow","max-snippet":"max-snippet:-1","max-image-preview":"max-image-preview:large","max-video-preview":"max-video-preview:-1"},"canonical":"https:\/\/www.estrategiaconcursos.com.br\/blog\/militares-da-reserva-serao-contratados-para-suprir-deficit-no-inss\/","og_locale":"pt_BR","og_type":"article","og_title":"Militares da Reserva ser\u00e3o contratados para suprir d\u00e9ficit no INSS","og_description":"&#8220;\u00c9 necess\u00e1ria a realiza\u00e7\u00e3o de concurso p\u00fablico j\u00e1!&#8221;, diz FENASPS Sem concurso p\u00fablico h\u00e1 quase cinco anos, mais um problema surge no Instituto Nacional de Seguridade Social. A fila de processos chega, atualmente, a 2 milh\u00f5es de pedidos que n\u00e3o est\u00e3o sendo atendidos por falta de pessoal. Com isso, o Governo anunciou que vai contratar [&hellip;]","og_url":"https:\/\/www.estrategiaconcursos.com.br\/blog\/militares-da-reserva-serao-contratados-para-suprir-deficit-no-inss\/","og_site_name":"Estrat\u00e9gia Concursos","article_published_time":"2020-01-16T17:00:00+00:00","article_modified_time":"2023-06-28T17:21:40+00:00","og_image":[{"width":1200,"height":627,"url":"https:\/\/dhg1h5j42swfq.cloudfront.net\/2019\/02\/09084953\/Capturar.jpg","type":"image\/jpeg"}],"author":"Rubens Mauricio Corr\u00eaa","twitter_card":"summary_large_image","twitter_creator":"@EstratConcursos","twitter_site":"@EstratConcursos","twitter_misc":{"Escrito por":"Rubens Mauricio Corr\u00eaa","Est. tempo de leitura":"2 minutos"},"schema":{"@context":"https:\/\/schema.org","@graph":[{"@type":"NewsArticle","@id":"https:\/\/www.estrategiaconcursos.com.br\/blog\/militares-da-reserva-serao-contratados-para-suprir-deficit-no-inss\/#article","isPartOf":{"@id":"https:\/\/www.estrategiaconcursos.com.br\/blog\/militares-da-reserva-serao-contratados-para-suprir-deficit-no-inss\/"},"author":{"name":"Rubens Mauricio Corr\u00eaa","@id":"https:\/\/www.estrategiaconcursos.com.br\/blog\/#\/schema\/person\/9fac14a8bf47492d9fd98769d1481766"},"headline":"Militares da Reserva ser\u00e3o contratados para suprir d\u00e9ficit no INSS","datePublished":"2020-01-16T17:00:00+00:00","dateModified":"2023-06-28T17:21:40+00:00","mainEntityOfPage":{"@id":"https:\/\/www.estrategiaconcursos.com.br\/blog\/militares-da-reserva-serao-contratados-para-suprir-deficit-no-inss\/"},"wordCount":463,"commentCount":7,"publisher":{"@id":"https:\/\/www.estrategiaconcursos.com.br\/blog\/#organization"},"image":{"@id":"https:\/\/www.estrategiaconcursos.com.br\/blog\/militares-da-reserva-serao-contratados-para-suprir-deficit-no-inss\/#primaryimage"},"thumbnailUrl":"https:\/\/dhg1h5j42swfq.cloudfront.net\/2019\/02\/09084953\/Capturar.jpg","articleSection":["Concursos P\u00fablicos"],"inLanguage":"pt-BR","potentialAction":[{"@type":"CommentAction","name":"Comment","target":["https:\/\/www.estrategiaconcursos.com.br\/blog\/militares-da-reserva-serao-contratados-para-suprir-deficit-no-inss\/#respond"]}],"copyrightYear":"2020","copyrightHolder":{"@id":"https:\/\/www.estrategiaconcursos.com.br\/blog\/#organization"}},{"@type":"WebPage","@id":"https:\/\/www.estrategiaconcursos.com.br\/blog\/militares-da-reserva-serao-contratados-para-suprir-deficit-no-inss\/","url":"https:\/\/www.estrategiaconcursos.com.br\/blog\/militares-da-reserva-serao-contratados-para-suprir-deficit-no-inss\/","name":"Militares da Reserva ser\u00e3o contratados para suprir d\u00e9ficit no INSS","isPartOf":{"@id":"https:\/\/www.estrategiaconcursos.com.br\/blog\/#website"},"primaryImageOfPage":{"@id":"https:\/\/www.estrategiaconcursos.com.br\/blog\/militares-da-reserva-serao-contratados-para-suprir-deficit-no-inss\/#primaryimage"},"image":{"@id":"https:\/\/www.estrategiaconcursos.com.br\/blog\/militares-da-reserva-serao-contratados-para-suprir-deficit-no-inss\/#primaryimage"},"thumbnailUrl":"https:\/\/dhg1h5j42swfq.cloudfront.net\/2019\/02\/09084953\/Capturar.jpg","datePublished":"2020-01-16T17:00:00+00:00","dateModified":"2023-06-28T17:21:40+00:00","breadcrumb":{"@id":"https:\/\/www.estrategiaconcursos.com.br\/blog\/militares-da-reserva-serao-contratados-para-suprir-deficit-no-inss\/#breadcrumb"},"inLanguage":"pt-BR","potentialAction":[{"@type":"ReadAction","target":["https:\/\/www.estrategiaconcursos.com.br\/blog\/militares-da-reserva-serao-contratados-para-suprir-deficit-no-inss\/"]}]},{"@type":"ImageObject","inLanguage":"pt-BR","@id":"https:\/\/www.estrategiaconcursos.com.br\/blog\/militares-da-reserva-serao-contratados-para-suprir-deficit-no-inss\/#primaryimage","url":"https:\/\/dhg1h5j42swfq.cloudfront.net\/2019\/02\/09084953\/Capturar.jpg","contentUrl":"https:\/\/dhg1h5j42swfq.cloudfront.net\/2019\/02\/09084953\/Capturar.jpg","width":1200,"height":627,"caption":"INSS Passo Estrat\u00e9gico"},{"@type":"BreadcrumbList","@id":"https:\/\/www.estrategiaconcursos.com.br\/blog\/militares-da-reserva-serao-contratados-para-suprir-deficit-no-inss\/#breadcrumb","itemListElement":[{"@type":"ListItem","position":1,"name":"In\u00edcio","item":"https:\/\/www.estrategiaconcursos.com.br\/blog\/"},{"@type":"ListItem","position":2,"name":"Militares da Reserva ser\u00e3o contratados para suprir d\u00e9ficit no INSS"}]},{"@type":"WebSite","@id":"https:\/\/www.estrategiaconcursos.com.br\/blog\/#website","url":"https:\/\/www.estrategiaconcursos.com.br\/blog\/","name":"Estrat\u00e9gia Concursos","description":"O blog da Estrat\u00e9gia Concursos traz not\u00edcias sobre concursos e artigos de professores oferecendo cursos para concursos (pdf + videaulas) no site.","publisher":{"@id":"https:\/\/www.estrategiaconcursos.com.br\/blog\/#organization"},"potentialAction":[{"@type":"SearchAction","target":{"@type":"EntryPoint","urlTemplate":"https:\/\/www.estrategiaconcursos.com.br\/blog\/?s={search_term_string}"},"query-input":{"@type":"PropertyValueSpecification","valueRequired":true,"valueName":"search_term_string"}}],"inLanguage":"pt-BR"},{"@type":"Organization","@id":"https:\/\/www.estrategiaconcursos.com.br\/blog\/#organization","name":"Estrat\u00e9gia Concursos","url":"https:\/\/www.estrategiaconcursos.com.br\/blog\/","logo":{"@type":"ImageObject","inLanguage":"pt-BR","@id":"https:\/\/www.estrategiaconcursos.com.br\/blog\/#\/schema\/logo\/image\/","url":"https:\/\/dhg1h5j42swfq.cloudfront.net\/2025\/06\/03203428\/logo_concursos-1.jpg","contentUrl":"https:\/\/dhg1h5j42swfq.cloudfront.net\/2025\/06\/03203428\/logo_concursos-1.jpg","width":230,"height":60,"caption":"Estrat\u00e9gia Concursos"},"image":{"@id":"https:\/\/www.estrategiaconcursos.com.br\/blog\/#\/schema\/logo\/image\/"},"sameAs":["https:\/\/x.com\/EstratConcursos"]},{"@type":"Person","@id":"https:\/\/www.estrategiaconcursos.com.br\/blog\/#\/schema\/person\/9fac14a8bf47492d9fd98769d1481766","name":"Rubens Mauricio Corr\u00eaa","image":{"@type":"ImageObject","inLanguage":"pt-BR","@id":"https:\/\/secure.gravatar.com\/avatar\/83a4c19cfd065707044bf9b66e1b81736430186d86e560356b352823fac7df9c?s=96&d=mm&r=g","url":"https:\/\/secure.gravatar.com\/avatar\/83a4c19cfd065707044bf9b66e1b81736430186d86e560356b352823fac7df9c?s=96&d=mm&r=g","contentUrl":"https:\/\/secure.gravatar.com\/avatar\/83a4c19cfd065707044bf9b66e1b81736430186d86e560356b352823fac7df9c?s=96&d=mm&r=g","caption":"Rubens Mauricio Corr\u00eaa"},"url":"https:\/\/www.estrategiaconcursos.com.br\/blog\/author\/rubensmauricioestrategiaconcursos-com-br\/"}]}},"_links":{"self":[{"href":"https:\/\/www.estrategiaconcursos.com.br\/blog\/wp-json\/wp\/v2\/posts\/470190","targetHints":{"allow":["GET"]}}],"collection":[{"href":"https:\/\/www.estrategiaconcursos.com.br\/blog\/wp-json\/wp\/v2\/posts"}],"about":[{"href":"https:\/\/www.estrategiaconcursos.com.br\/blog\/wp-json\/wp\/v2\/types\/post"}],"author":[{"embeddable":true,"href":"https:\/\/www.estrategiaconcursos.com.br\/blog\/wp-json\/wp\/v2\/users\/401"}],"replies":[{"embeddable":true,"href":"https:\/\/www.estrategiaconcursos.com.br\/blog\/wp-json\/wp\/v2\/comments?post=470190"}],"version-history":[{"count":8,"href":"https:\/\/www.estrategiaconcursos.com.br\/blog\/wp-json\/wp\/v2\/posts\/470190\/revisions"}],"predecessor-version":[{"id":1240331,"href":"https:\/\/www.estrategiaconcursos.com.br\/blog\/wp-json\/wp\/v2\/posts\/470190\/revisions\/1240331"}],"wp:featuredmedia":[{"embeddable":true,"href":"https:\/\/www.estrategiaconcursos.com.br\/blog\/wp-json\/wp\/v2\/media\/165209"}],"wp:attachment":[{"href":"https:\/\/www.estrategiaconcursos.com.br\/blog\/wp-json\/wp\/v2\/media?parent=470190"}],"wp:term":[{"taxonomy":"category","embeddable":true,"href":"https:\/\/www.estrategiaconcursos.com.br\/blog\/wp-json\/wp\/v2\/categories?post=470190"},{"taxonomy":"post_tag","embeddable":true,"href":"https:\/\/www.estrategiaconcursos.com.br\/blog\/wp-json\/wp\/v2\/tags?post=470190"},{"taxonomy":"tax_estado","embeddable":true,"href":"https:\/\/www.estrategiaconcursos.com.br\/blog\/wp-json\/wp\/v2\/tax_estado?post=470190"}],"curies":[{"name":"wp","href":"https:\/\/api.w.org\/{rel}","templated":true}]}}