{"id":470127,"date":"2021-12-08T10:39:00","date_gmt":"2021-12-08T13:39:00","guid":{"rendered":"https:\/\/www.estrategiaconcursos.com.br\/blog\/?p=470127"},"modified":"2022-11-21T18:19:53","modified_gmt":"2022-11-21T21:19:53","slug":"concurso-tjm-mg","status":"publish","type":"post","link":"https:\/\/www.estrategiaconcursos.com.br\/blog\/concurso-tjm-mg\/","title":{"rendered":"Concurso TJM MG: gabarito preliminar divulgado!"},"content":{"rendered":"\n<p><strong>Foi divulgado o<a href=\"https:\/\/dhg1h5j42swfq.cloudfront.net\/2021\/12\/08105445\/30_954677.pdf\" target=\"_blank\" rel=\"noreferrer noopener\"> gabarito preliminar da prova objetiva<\/a> do concurso TJM MG.<\/strong> Os recursos contra o gabarito e\/ou quest\u00f5es dever\u00e3o ser apresentados exclusivamente por meio do endere\u00e7o eletr\u00f4nico <a href=\"https:\/\/www.institutoconsulplan.org.br\/getConc.aspx?key=gCXJQAMAISkxJ4=\" target=\"_blank\" rel=\"noreferrer noopener\">www.institutoconsulplan.org.br<\/a>, no prazo de 3 (tr\u00eas) dias \u00fateis. <\/p>\n\n\n\n<ul id=\"block-ee678516-e9d1-48bd-b327-7b9acd55f0fd\" class=\"has-pale-cyan-blue-background-color has-background wp-block-list\"><li><strong>Concurso TJM MG<\/strong><\/li><li><strong>Status:<\/strong>&nbsp;gabarito preliminar da objetiva<\/li><li><strong>Banca:<\/strong>&nbsp;Consulplan<\/li><li><strong>Vagas:&nbsp;<\/strong>27<\/li><li><strong>Sal\u00e1rio inicial:<\/strong>&nbsp;R$ 2.986,57 a R$ 4.677,09<\/li><li><a href=\"https:\/\/dhg1h5j42swfq.cloudfront.net\/2021\/07\/27195104\/27072021-1.pdf\" target=\"_blank\" rel=\"noreferrer noopener\">Edital TJM MG<\/a><\/li><\/ul>\n\n\n\n<p>O edital oferta 27 vagas para cargos de <strong>n\u00edvel m\u00e9dio e superior de escolaridade para servidores, com remunera\u00e7\u00f5es que variavam de R$ 2.986,57 a R$ 4.677,09<\/strong>. <\/p>\n\n\n\n<p class=\"has-background\" style=\"background-color:#ff7878\"><strong>IMPORTANTE<\/strong><\/p>\n\n\n\n<p>O concurso TJM MG j\u00e1 tinha&nbsp;edital publicado&nbsp;e era organizado pela Fumarc, quando foi totalmente revogado em raz\u00e3o da unifica\u00e7\u00e3o da primeira e segunda inst\u00e2ncia. A <strong><a href=\"https:\/\/dhg1h5j42swfq.cloudfront.net\/2021\/01\/08160726\/unificacao-tjm-mg.pdf\" target=\"_blank\" rel=\"noreferrer noopener nofollow\">Lei 23.755<\/a><\/strong> passou a unificar o quadro de <strong>servidores<\/strong> de <strong>primeira e segunda inst\u00e2ncias<\/strong> do TJM MG.<\/p>\n\n\n\n<p>Agora, todos os servidores passam a pertencer ao &#8216;Quadro de Pessoal dos Servidores da Justi\u00e7a Militar do Estado de Minas Gerais&#8217;. Com isso, o \u00f3rg\u00e3o vai precisar <strong>refazer o planejamento do concurso<\/strong> e poder\u00e1 lan\u00e7ar um novo edital ainda em 2021.<\/p>\n\n\n\n<p>O Quadro de Cargos de Provimento Efetivo dos Servidores da Justi\u00e7a Militar do Estado de Minas Gerais passa, assim, a ser integrado por tr\u00eas principais agrupamentos de cargos: <strong>cargos permanentes, cargos que ser\u00e3o extintos com a vac\u00e2ncia e aqueles que ser\u00e3o transformados com a vac\u00e2ncia.<\/strong><\/p>\n\n\n\n<div class=\"container\" id=\"boxes\">\n  <div class=\"row\">\n\n    <div class=\"col-sm\">\n      <div class=\"banner-tribunal\" id=\"box-assinatura\">\n        <h3 class=\"titulo-assinatura\">Cursos para TJM MG<\/h3>\n        <p class=\"subtitulo-assinatura\">Conhe\u00e7a os cursos<\/p>\n        <div class=\"box-botao\">\n          <a class=\"btn-assinatura\" target=\"_blank\" href=\"https:\/\/www.estrategiaconcursos.com.br\/cursosPorConcurso\/promocao-pacotes-para-tjm-mg\/\" role=\"button\" rel=\"noopener noreferrer\">Conhe\u00e7a mais<\/a>\n        <\/div>\n      <\/div>\n      <p class=\"texto-auxiliar\">Prepare-se com o melhor material e com quem mais aprova em Concursos P\u00fablicos em todo o pa\u00eds.<\/p>\n    <\/div>\n\n  <\/div>\n<\/div>\n\n\n\n<ul class=\"wp-block-list\" id=\"indice\"><li><strong><a href=\"#atual\">Situa\u00e7\u00e3o atual do concurso<\/a><\/strong><ul><li><strong><a href=\"#informacoes\">Principais informa\u00e7\u00f5es<\/a><\/strong><\/li><li><strong><a href=\"#nova\">Nova banca organizadora<\/a><\/strong><\/li><li><strong><a href=\"#unifica\u00e7\u00e3o\">Unifica\u00e7\u00e3o das carreiras<\/a><\/strong><\/li><li><strong><a href=\"#revogacao\">Revoga\u00e7\u00e3o<\/a><\/strong><\/li><\/ul><\/li><li><strong><a href=\"#carreira\">Carreira<\/a><\/strong><ul><li><strong><a href=\"#cargos-vagas-remuneracoes\">Cargos, vagas e Sal\u00e1rios<\/a><\/strong><\/li><li><strong><a href=\"#plano\">Plano de Carreira<\/a><\/strong><\/li><\/ul><\/li><li><strong><a href=\"#etapas-concurso\">Etapas de provas do concurso<\/a><\/strong><ul><li><strong><a href=\"#objetiva\">Prova Objetiva<\/a><\/strong><\/li><li><strong><a href=\"#reda\u00e7\u00e3o\">Prova de Reda\u00e7\u00e3o<\/a><\/strong><\/li><\/ul><\/li><li><strong><a href=\"#cursos-assinatura\">Cursos e Assinatura<\/a><\/strong><\/li><li><strong><a href=\"#ficha-tecnica\">Ficha T\u00e9cnica<\/a> <\/strong><\/li><\/ul>\n\n\n\n<h2 class=\"wp-block-heading\" id=\"atual\">Concurso TJM MG: situa\u00e7\u00e3o atual <\/h2>\n\n\n\n<p class=\"has-background\" style=\"background-color:#d3d8dd\"><strong>Inscri\u00e7\u00f5es:<\/strong> <s>04 de outubro a 04 de novembro de 2021<\/s><br \/><strong>Isen\u00e7\u00e3o: <\/strong><s>04 a 06 de outubro de 2021<\/s><br \/><strong>Taxa: <\/strong>R$ 70,00 e R$ 90,00<strong><br \/>Provas:<\/strong><s><strong> <\/strong>05 de dezembro de 2021<\/s><\/p>\n\n\n\n<h3 class=\"wp-block-heading\" id=\"unifica\u00e7\u00e3o\">Unifica\u00e7\u00e3o das carreiras<\/h3>\n\n\n\n<p>A Justi\u00e7a Militar de Minas Gerais&nbsp;divulgou a unifica\u00e7\u00e3o dos quadros de servidores do Tribunal. Confira abaixo:<\/p>\n\n\n\n<p class=\"has-text-align-center has-light-green-cyan-background-color has-background has-medium-font-size\">Unifica\u00e7\u00e3o: <a href=\"https:\/\/dhg1h5j42swfq.cloudfront.net\/2021\/01\/08160726\/unificacao-tjm-mg.pdf\" target=\"_blank\" rel=\"noreferrer noopener nofollow\">Lei 23.755<\/a><\/p>\n\n\n\n<h3 class=\"wp-block-heading\" id=\"h-retrospectiva-da-unificacao\">Retrospectiva da Unifica\u00e7\u00e3o <\/h3>\n\n\n\n<p>O Tribunal de Justi\u00e7a Militar de Minas Gerais encaminhou \u00e0 Assembleia Legislativa do estado, o Projeto de Lei que unifica os quadros de pessoal de servidores da Justi\u00e7a Militar de primeira e segunda inst\u00e2ncias do concurso TJM MG. <\/p>\n\n\n\n<p>O documento tamb\u00e9m revela a cria\u00e7\u00e3o de tr\u00eas cargos de recrutamento limitado, um de gerente e dois de coordenadores de \u00e1reas. A ideia \u00e9 de que o quadro de servidores da Justi\u00e7a Militar passe a ser \u00fanico, estruturado por cargos efetivos e de provimento em comiss\u00e3o, j\u00e1 criados em leis espec\u00edficas.<\/p>\n\n\n\n<p>O PL transforma 17 cargos de T\u00e9cnico Judici\u00e1rio da Secretaria do TJM MG em Analistas Judici\u00e1rios. De acordo com o \u00f3rg\u00e3o, a decis\u00e3o de formar mais cargos se deve a uma crescente demanda de atividades no tribunal.<\/p>\n\n\n\n<h3 class=\"wp-block-heading\" id=\"revogacao\">Revoga\u00e7\u00e3o<\/h3>\n\n\n\n<p>Foi revogado o edital do concurso aberto em janeiro de 2020 com oferta de vagas para T\u00e9cnico e Oficial Judici\u00e1rio. Em publica\u00e7\u00e3o no endere\u00e7o eletr\u00f4nico da banca organizadora FUMARC, no dia 20 de mar\u00e7o no ano passado, foi revelada a suspens\u00e3o por tempo indeterminado da abertura das inscri\u00e7\u00f5es, ent\u00e3o previstas para come\u00e7arem dez dias depois. <\/p>\n\n\n\n<p>Al\u00e9m das inscri\u00e7\u00f5es, o comunicado determinou que <strong>ficariam igualmente sem validade as demais datas, prazos e per\u00edodos expressos ou referidos no Edital. <\/strong>A decis\u00e3o se deu tendo em vista a Pandemia de COVID 19 e a necessidade de ado\u00e7\u00e3o de medidas preventivas, at\u00e9 que se re\u00fanam as condi\u00e7\u00f5es necess\u00e1rias para a realiza\u00e7\u00e3o de forma segura do concurso. <\/p>\n\n\n\n<p>O edital j\u00e1 havia sofrido uma retifica\u00e7\u00e3o. Foi alterado o  Conte\u00fado program\u00e1tico de No\u00e7\u00f5es de Direito (comum a todos os cargos\/especialidades de n\u00edvel m\u00e9dio e n\u00edvel superior, EXCETO para o cargo de T\u00e9cnico Judici\u00e1rio, especialidade T\u00e9cnico Judici\u00e1rio).<\/p>\n\n\n\n<p>De acordo com o documento, o t\u00f3pico <strong>3.1<\/strong><em> Da Organiza\u00e7\u00e3o e Divis\u00e3o Judici\u00e1rias<\/em> passaria a contar com os artigos 1\u00ba a 9\u00ba, 11 a 16, 23, 30, 31, 52 a 54, 82 a 85, 163, 236 a 257.  <\/p>\n\n\n\n<h2 class=\"wp-block-heading\" id=\"carreira\">Concurso TJM MG: carreira<\/h2>\n\n\n\n<h3 class=\"wp-block-heading\" id=\"cargos-vagas-remuneracoes\">Cargos, Vagas e Sal\u00e1rios <\/h3>\n\n\n\n<ul class=\"wp-block-list\"><li><strong>21 vagas imediatas de n\u00edvel m\u00e9dio, mais cadastro de reserva,<\/strong>&nbsp;para o cargo de Oficial Judici\u00e1rio (classe D), especialidade Oficial Judici\u00e1rio;<\/li><li><strong>1 vaga de n\u00edvel t\u00e9cnico<\/strong>&nbsp;no cargo de Oficial Judici\u00e1rio (classe D), especialidade Assistente T\u00e9cnico de Sistemas;<\/li><li><strong>1 vaga de n\u00edvel superior<\/strong>&nbsp;no cargo de Analista Judici\u00e1rio (classe C), especialidade Contador;<\/li><li><strong>2 vagas de n\u00edvel superior&nbsp;<\/strong>no cargo de Analista Judici\u00e1rio (classe C), especialidade Analista de Tecnologia da Informa\u00e7\u00e3o.<\/li><li><strong>1 vaga de n\u00edvel superior<\/strong>&nbsp;no cargo de Analista Judici\u00e1rio (classe C), especialidade Jornalista;<\/li><li><strong>1 vaga de n\u00edvel superior<\/strong>&nbsp;no cargo de Analista Judici\u00e1rio (classe C), especialidade Analista Judici\u00e1rio.<\/li><\/ul>\n\n\n\n<p>Veja abaixo a descri\u00e7\u00e3o detalhada: <\/p>\n\n\n\n<figure class=\"wp-block-table aligncenter is-style-stripes\"><table class=\"has-fixed-layout\"><tbody><tr><td class=\"has-text-align-center\" data-align=\"center\"><strong>Cargo<\/strong><\/td><td class=\"has-text-align-center\" data-align=\"center\"><strong>Escolaridade<\/strong><\/td><td class=\"has-text-align-center\" data-align=\"center\"><strong>Vagas A\/C<\/strong><\/td><td class=\"has-text-align-center\" data-align=\"center\"><strong>Vagas PcD<\/strong><\/td><td class=\"has-text-align-center\" data-align=\"center\"><strong>Vagas Negros<\/strong><\/td><\/tr><tr><td class=\"has-text-align-center\" data-align=\"center\">Oficial Judici\u00e1rio\/Oficial Judici\u00e1rio<\/td><td class=\"has-text-align-center\" data-align=\"center\">N\u00edvel M\u00e9dio<\/td><td class=\"has-text-align-center\" data-align=\"center\">15<\/td><td class=\"has-text-align-center\" data-align=\"center\">2<\/td><td class=\"has-text-align-center\" data-align=\"center\">4<\/td><\/tr><tr><td class=\"has-text-align-center\" data-align=\"center\">Oficial Judici\u00e1rio\/Assistente<br \/>T\u00e9cnico de Sistemas<\/td><td class=\"has-text-align-center\" data-align=\"center\">N\u00edvel M\u00e9dio relacionado com a \u00e1rea de inform\u00e1tica<\/td><td class=\"has-text-align-center\" data-align=\"center\">1<\/td><td class=\"has-text-align-center\" data-align=\"center\">&#8211;<\/td><td class=\"has-text-align-center\" data-align=\"center\">&#8211;<\/td><\/tr><tr><td class=\"has-text-align-center\" data-align=\"center\">Oficial Judici\u00e1rio\/Oficial de Justi\u00e7a<\/td><td class=\"has-text-align-center\" data-align=\"center\">N\u00edvel M\u00e9dio<\/td><td class=\"has-text-align-center\" data-align=\"center\">CR<\/td><td class=\"has-text-align-center\" data-align=\"center\">&#8211;<\/td><td class=\"has-text-align-center\" data-align=\"center\">&#8211;<\/td><\/tr><tr><td class=\"has-text-align-center\" data-align=\"center\">Analista Judici\u00e1rio\/Analista<br \/>Judici\u00e1rio<\/td><td class=\"has-text-align-center\" data-align=\"center\">N\u00edvel superior em Direito <\/td><td class=\"has-text-align-center\" data-align=\"center\">1<\/td><td class=\"has-text-align-center\" data-align=\"center\">&#8211;<\/td><td class=\"has-text-align-center\" data-align=\"center\">&#8211;<\/td><\/tr><tr><td class=\"has-text-align-center\" data-align=\"center\">Analista Judici\u00e1rio\/Contador<\/td><td class=\"has-text-align-center\" data-align=\"center\">N\u00edvel superior em Ci\u00eancias Cont\u00e1beis e registro ou inscri\u00e7\u00e3o profissional na entidade de classe da categoria<\/td><td class=\"has-text-align-center\" data-align=\"center\">1<\/td><td class=\"has-text-align-center\" data-align=\"center\">&#8211;<\/td><td class=\"has-text-align-center\" data-align=\"center\">&#8211;<\/td><\/tr><tr><td class=\"has-text-align-center\" data-align=\"center\">Analista Judici\u00e1rio\/Analista de<br \/>Tecnologia da Informa\u00e7\u00e3o<\/td><td class=\"has-text-align-center\" data-align=\"center\">N\u00edvel superior em Tecnologia da Informa\u00e7\u00e3o e registro ou inscri\u00e7\u00e3o profissional na entidade de<br \/>classe da categoria<\/td><td class=\"has-text-align-center\" data-align=\"center\">2<\/td><td class=\"has-text-align-center\" data-align=\"center\">&#8211;<\/td><td class=\"has-text-align-center\" data-align=\"center\">&#8211;<\/td><\/tr><tr><td class=\"has-text-align-center\" data-align=\"center\">Analista Judici\u00e1rio\/Jornalista<\/td><td class=\"has-text-align-center\" data-align=\"center\">N\u00edvel superior de Comunica\u00e7\u00e3o Social, habilita\u00e7\u00e3o em Jornalismo e registro ou inscri\u00e7\u00e3o profissional na entidade de classe da categoria<\/td><td class=\"has-text-align-center\" data-align=\"center\">1<\/td><td class=\"has-text-align-center\" data-align=\"center\">&#8211;<\/td><td class=\"has-text-align-center\" data-align=\"center\">&#8211;<\/td><\/tr><tr><td class=\"has-text-align-center\" data-align=\"center\"><strong>TOTAL<\/strong><\/td><td class=\"has-text-align-center\" data-align=\"center\"><\/td><td class=\"has-text-align-center\" data-align=\"center\"><strong>21<\/strong><\/td><td class=\"has-text-align-center\" data-align=\"center\"><strong>2<\/strong><\/td><td class=\"has-text-align-center\" data-align=\"center\"><strong>4<\/strong><\/td><\/tr><\/tbody><\/table><\/figure>\n\n\n\n<p>A divis\u00e3o das oportunidades ser\u00e1 feita da seguinte forma:<\/p>\n\n\n\n<h3 class=\"wp-block-heading\" id=\"h-salarios-e-beneficios\">Sal\u00e1rios e Benef\u00edcios <\/h3>\n\n\n\n<p>O&nbsp;<strong>concurso TJM MG<\/strong>&nbsp;oferece remunera\u00e7\u00f5es iniciais de&nbsp;<strong>R$ 2.986,57&nbsp;<\/strong>e de <strong>R$ 4.677,09<\/strong>. Por\u00e9m, o valor recebido, ao final, pode ser bem maior porque os servidores fazem jus a:<\/p>\n\n\n\n<ul class=\"wp-block-list\"><li><strong>aux\u00edlio-transporte<\/strong><\/li><li><strong>aux\u00edlio-alimenta\u00e7\u00e3o<\/strong><\/li><li><strong>aux\u00edlio-creche<\/strong><\/li><li><strong>assist\u00eancia m\u00e9dica e odontol\u00f3gica<\/strong><\/li><li><strong>adicional de desempenho<\/strong><\/li><li><strong>adicional de periculosidade<\/strong><\/li><li><strong>horas extras<\/strong><\/li><li><strong>quinqu\u00eanio<\/strong><\/li><li><strong>trinten\u00e1rio<\/strong><\/li><\/ul>\n\n\n\n<p>Al\u00e9m disso, a progress\u00e3o na carreira permite que os servidores do&nbsp;<strong>TJM MG<\/strong>&nbsp;possam ter um est\u00edmulo a trabalhar e ganhar mais.<\/p>\n\n\n\n<p>Para se ter uma no\u00e7\u00e3o, h\u00e1<strong>&nbsp;T\u00e9cnicos Judici\u00e1rios<\/strong>&nbsp;que recebem de<strong>&nbsp;R$ 8 mil a R$ 16 mil brutos&nbsp;<\/strong>enquanto h\u00e1&nbsp;<strong>Oficiais Judici\u00e1rios<\/strong>&nbsp;que ganham de&nbsp;<strong>R$ 11 mil a R$ 25 mil brutos<\/strong>.<\/p>\n\n\n\n<p>Confira abaixo algumas folhas de pagamento de servidores atuais:<\/p>\n\n\n\n<figure class=\"wp-block-image aligncenter is-resized\"><img loading=\"lazy\" decoding=\"async\" src=\"https:\/\/cdn.direcaoconcursos.com.br\/uploads\/2020\/05\/t%C3%A9cnico-judici%C3%A1rio-tjm-mg-1.jpg\" alt=\"\" class=\"wp-image-85357\" width=\"444\" height=\"139\"\/><\/figure>\n\n\n\n<figure class=\"wp-block-image aligncenter is-resized\"><img loading=\"lazy\" decoding=\"async\" src=\"https:\/\/cdn.direcaoconcursos.com.br\/uploads\/2020\/05\/oficial-judici%C3%A1rio-tjm-mg-2.jpg\" alt=\"concurso TJM MG - sal\u00e1rios \" class=\"wp-image-85352\" width=\"448\" height=\"138\"\/><\/figure>\n\n\n\n<h3 class=\"wp-block-heading\" id=\"plano\">Plano de Carreira<\/h3>\n\n\n\n<p>A Corte Superior do Tribunal de Justi\u00e7a Militar de Minas Gerais divulgou o novo plano de carreiras dos Servidores  Efetivos dos Quadros de Pessoal da Secretaria do Tribunal de Justi\u00e7a e da Justi\u00e7a de 1\u00aa Inst\u00e2ncia. <a href=\"https:\/\/dhg1h5j42swfq.cloudfront.net\/2021\/07\/28132924\/tjm-mg-plano-de-carreiras.pdf\" target=\"_blank\" rel=\"noreferrer noopener nofollow\">Confira aqui!<\/a><\/p>\n\n\n\n<h2 class=\"wp-block-heading\" id=\"etapas-concurso\">Etapas de Provas Concurso TJM MG <\/h2>\n\n\n\n<p>O concurso TJM MG ser\u00e1 dividido nas seguintes fases: <\/p>\n\n\n\n<ul class=\"wp-block-list\"><li><strong>Prova Objetiva<\/strong>: car\u00e1ter eliminat\u00f3rio e classificat\u00f3rio<\/li><li><strong>Prova de Reda\u00e7\u00e3o<\/strong>: car\u00e1ter eliminat\u00f3rio e classificat\u00f3rio <\/li><\/ul>\n\n\n\n<p>Ambas as provas ser\u00e3o aplicadas no mesmo dia na cidade de Belo Horizonte. <\/p>\n\n\n\n<h4 class=\"wp-block-heading\" id=\"objetiva\">Prova Objetiva<\/h4>\n\n\n\n<p>A Prova Objetiva contaria com <strong>50 quest\u00f5es e 4 horas de dura\u00e7\u00e3o <\/strong>para todos os cargos, variando apenas quanto \u00e0 quantidade de quest\u00f5es por disciplina como disposto a seguir: <\/p>\n\n\n\n<h4 class=\"wp-block-heading\" id=\"oficial-judiciario\">Oficial Judici\u00e1rio<\/h4>\n\n\n\n<ul class=\"wp-block-list\"><li>L\u00edngua Portuguesa &#8211; 25 quest\u00f5es<\/li><li>No\u00e7\u00f5es de Direito &#8211; 20 quest\u00f5es <\/li><li>No\u00e7\u00f5es de Inform\u00e1tica &#8211; 5 quest\u00f5es <\/li><\/ul>\n\n\n\n<h4 class=\"wp-block-heading\" id=\"assistente-tecnico-de-sistemas\">Assistente T\u00e9cnico de Sistemas <\/h4>\n\n\n\n<ul class=\"wp-block-list\"><li>L\u00edngua Portuguesa &#8211; 15 quest\u00f5es<\/li><li>No\u00e7\u00f5es de Direito &#8211; 10 quest\u00f5es <\/li><li>Conhecimentos Espec\u00edficos &#8211; 25 quest\u00f5es <\/li><\/ul>\n\n\n\n<h4 class=\"wp-block-heading\" id=\"tecnico-judiciario\"> T\u00e9cnico Judici\u00e1rio <\/h4>\n\n\n\n<ul class=\"wp-block-list\"><li>L\u00edngua Portuguesa &#8211; 20 quest\u00f5es<\/li><li>No\u00e7\u00f5es de Inform\u00e1tica &#8211; 5 quest\u00f5es <\/li><li>Conhecimentos Espec\u00edficos &#8211; 25 quest\u00f5es <\/li><\/ul>\n\n\n\n<h4 class=\"wp-block-heading\" id=\"analista-judiciario\">Analista Judici\u00e1rio<\/h4>\n\n\n\n<ul class=\"wp-block-list\"><li>L\u00edngua Portuguesa &#8211; 20 quest\u00f5es<\/li><li>No\u00e7\u00f5es de Inform\u00e1tica &#8211; 5 quest\u00f5es <\/li><li>Conhecimentos Espec\u00edficos &#8211; 25 quest\u00f5es <\/li><\/ul>\n\n\n\n<h4 class=\"wp-block-heading\" id=\"contador-jornalista\">Contador\/ Jornalista<\/h4>\n\n\n\n<ul class=\"wp-block-list\"><li>L\u00edngua Portuguesa &#8211; 15 quest\u00f5es<\/li><li>No\u00e7\u00f5es de Direito &#8211; 10 quest\u00f5es <\/li><li>No\u00e7\u00f5es de Inform\u00e1tica  &#8211; 5 quest\u00f5es<\/li><li>Conhecimentos Espec\u00edficos &#8211; 20 quest\u00f5es  <\/li><\/ul>\n\n\n\n<h4 class=\"wp-block-heading\" id=\"analista-de-tecnologia-da-informacao\">Analista de Tecnologia da Informa\u00e7\u00e3o<\/h4>\n\n\n\n<ul class=\"wp-block-list\"><li>L\u00edngua Portuguesa &#8211; 15 quest\u00f5es<\/li><li>No\u00e7\u00f5es de Direito &#8211; 10 quest\u00f5es <\/li><li>Conhecimentos Espec\u00edficos &#8211; 25 quest\u00f5es <\/li><\/ul>\n\n\n\n<p>Ser\u00e1 eliminado do concurso o candidato que n\u00e3o alcan\u00e7ar o m\u00ednimo de 50%  do total de pontos atribu\u00eddos ou que tivesse obtido nota 0 em qualquer um dos conte\u00fados que compusessem a prova objetiva de m\u00faltipla escolha. <\/p>\n\n\n\n<p>Observada a reserva de vagas para os candidatos com defici\u00eancia e respeitados os empates na \u00faltima coloca\u00e7\u00e3o ser\u00e3o corrigidas as provas de Reda\u00e7\u00e3o dos candidatos aprovados nas provas objetivas de m\u00faltipla escolha classificados conforme quadro a seguir: <\/p>\n\n\n\n<figure class=\"wp-block-table aligncenter is-style-stripes\"><table class=\"has-background has-fixed-layout\" style=\"background-color:#e9fbe5\"><tbody><tr><td class=\"has-text-align-center\" data-align=\"center\"><strong>Cargo<\/strong><\/td><td class=\"has-text-align-center\" data-align=\"center\"><strong>Candidatos A\/C<\/strong><\/td><td class=\"has-text-align-center\" data-align=\"center\"><strong>Candidatos Negros<\/strong><\/td><td class=\"has-text-align-center\" data-align=\"center\"><strong>Total<\/strong><\/td><\/tr><tr><td class=\"has-text-align-center\" data-align=\"center\">Oficial Judici\u00e1rio\/Oficial Judici\u00e1rio<\/td><td class=\"has-text-align-center\" data-align=\"center\">270.\u00aa<\/td><td class=\"has-text-align-center\" data-align=\"center\">54.\u00aa<\/td><td class=\"has-text-align-center\" data-align=\"center\">324.\u00aa<\/td><\/tr><tr><td class=\"has-text-align-center\" data-align=\"center\">Oficial Judici\u00e1rio\/Assistente<br \/>T\u00e9cnico de Sistemas<\/td><td class=\"has-text-align-center\" data-align=\"center\">30.\u00aa<\/td><td class=\"has-text-align-center\" data-align=\"center\">6.\u00aa<\/td><td class=\"has-text-align-center\" data-align=\"center\">36.\u00aa<\/td><\/tr><tr><td class=\"has-text-align-center\" data-align=\"center\">Oficial Judici\u00e1rio\/Oficial de Justi\u00e7a<\/td><td class=\"has-text-align-center\" data-align=\"center\">30.\u00aa<\/td><td class=\"has-text-align-center\" data-align=\"center\">6.\u00aa<\/td><td class=\"has-text-align-center\" data-align=\"center\">36.\u00aa<\/td><\/tr><tr><td class=\"has-text-align-center\" data-align=\"center\">Analista Judici\u00e1rio\/Analista<br \/>Judici\u00e1rio<\/td><td class=\"has-text-align-center\" data-align=\"center\">40.\u00aa<\/td><td class=\"has-text-align-center\" data-align=\"center\">8.\u00aa<\/td><td class=\"has-text-align-center\" data-align=\"center\">48.\u00aa<\/td><\/tr><tr><td class=\"has-text-align-center\" data-align=\"center\">Analista Judici\u00e1rio\/Contador<\/td><td class=\"has-text-align-center\" data-align=\"center\">30.\u00aa<\/td><td class=\"has-text-align-center\" data-align=\"center\">6.\u00aa<\/td><td class=\"has-text-align-center\" data-align=\"center\">36.\u00aa<\/td><\/tr><tr><td class=\"has-text-align-center\" data-align=\"center\">Analista Judici\u00e1rio\/Analista de<br \/>Tecnologia da Informa\u00e7\u00e3o<\/td><td class=\"has-text-align-center\" data-align=\"center\">30.\u00aa<\/td><td class=\"has-text-align-center\" data-align=\"center\">6.\u00aa<\/td><td class=\"has-text-align-center\" data-align=\"center\">36.\u00aa<\/td><\/tr><tr><td class=\"has-text-align-center\" data-align=\"center\">Analista Judici\u00e1rio\/Jornalista<\/td><td class=\"has-text-align-center\" data-align=\"center\">30.\u00aa<\/td><td class=\"has-text-align-center\" data-align=\"center\">6.\u00aa<\/td><td class=\"has-text-align-center\" data-align=\"center\">36.\u00aa<\/td><\/tr><\/tbody><\/table><\/figure>\n\n\n\n<h4 class=\"wp-block-heading\" id=\"reda\u00e7\u00e3o\">Prova de Reda\u00e7\u00e3o <\/h4>\n\n\n\n<figure class=\"wp-block-image aligncenter size-large is-resized\"><img loading=\"lazy\" decoding=\"async\" src=\"https:\/\/dhg1h5j42swfq.cloudfront.net\/2020\/01\/14194705\/image-100.png\" alt=\"edital tjm mg\" class=\"wp-image-470155\" width=\"492\" height=\"196\" srcset=\"https:\/\/dhg1h5j42swfq.cloudfront.net\/2020\/01\/14194705\/image-100.png 597w, https:\/\/dhg1h5j42swfq.cloudfront.net\/2020\/01\/14194705\/image-100-300x120.png 300w\" sizes=\"auto, (max-width: 492px) 100vw, 492px\" \/><\/figure>\n\n\n\n<p>A prova de reda\u00e7\u00e3o, para todos os cargos\/especialidades, de car\u00e1ter eliminat\u00f3rio e classificat\u00f3rio, ser\u00e1 aplicada na mesma data, hor\u00e1rio e local da prova objetiva de m\u00faltipla escolha. Ela se dar\u00e1 na forma de desenvolvimento de um texto dissertativo sobre tema contempor\u00e2neo.<\/p>\n\n\n\n<p>A prova de reda\u00e7\u00e3o dever\u00e1 conter o m\u00ednimo de 20 e o m\u00e1ximo de 30  linhas. Ser\u00e1 penalizado o candidato que n\u00e3o obedecer aos limites de n\u00famero de linhas definidos no Edital, de acordo com os seguintes crit\u00e9rios:<br \/>a) desconto de 0,5 (zero v\u00edrgula cinco) ponto por linha aqu\u00e9m do m\u00ednimo estipulado;<br \/>b) desconto de 0,5 (zero v\u00edrgula cinco) ponto por linha que exceda o m\u00e1ximo estipulado.<\/p>\n\n\n\n<p>A prova de reda\u00e7\u00e3o ser\u00e1 avaliada na escala de 0 a 50 pontos. Ser\u00e1 reprovado o candidato que n\u00e3o obtiver o m\u00ednimo de 50% do total dos pontos distribu\u00eddos na Prova de Reda\u00e7\u00e3o.<\/p>\n\n\n\n<h2 class=\"has-text-align-center wp-block-heading\" id=\"h-quer-saber-tudo-sobre-concursos-previstos-confira-nossos-artigos\">Quer saber tudo sobre concursos previstos?<br \/>Confira nossos artigos!<\/h2>\n\n\n\n<ul class=\"wp-block-list\"><li><a href=\"https:\/\/www.estrategiaconcursos.com.br\/blog\/concursos-abertos\/\" target=\"_blank\" rel=\"noreferrer noopener\">Concursos abertos<\/a><\/li><li><a href=\"https:\/\/www.estrategiaconcursos.com.br\/blog\/concursos-2022\/\" target=\"_blank\" rel=\"noreferrer noopener\">Concursos 2022<\/a><\/li><\/ul>\n\n\n\n<h2 class=\"has-text-align-center wp-block-heading\" id=\"cursos-assinatura\">Cursos e assinaturas<\/h2>\n\n\n\n<div class=\"container\" id=\"boxes\">\n  <div class=\"row\">\n\n    <div class=\"col-sm\">\n      <div class=\"banner-tribunal\" id=\"box-assinatura\">\n        <h3 class=\"titulo-assinatura\">Cursos para TJM MG<\/h3>\n        <p class=\"subtitulo-assinatura\">Conhe\u00e7a os cursos<\/p>\n        <div class=\"box-botao\">\n          <a class=\"btn-assinatura\" target=\"_blank\" href=\"https:\/\/www.estrategiaconcursos.com.br\/cursosPorConcurso\/promocao-pacotes-para-tjm-mg\/\" role=\"button\" rel=\"noopener noreferrer\">Conhe\u00e7a mais<\/a>\n        <\/div>\n      <\/div>\n      <p class=\"texto-auxiliar\"><\/p>\n    <\/div>\n\n  <\/div>\n<\/div>\n\n\n\n<div class=\"container\" id=\"boxes\">\n  <div class=\"row\">\n\n    <div class=\"col-sm\">\n      <div class=\"estrategia\" id=\"box-assinatura\">\n        <h3 class=\"titulo-assinatura\">Assinatura Concursos<\/h3>\n        <p class=\"subtitulo-assinatura\">Assinatura de 1 ano ou 2 anos<\/p>\n        <div class=\"box-botao\">\n          <a class=\"btn-assinatura\" target=\"_blank\" href=\"https:\/\/www.estrategiaconcursos.com.br\/assinaturas\/\" role=\"button\" rel=\"noopener noreferrer\">ASSINE AGORA<\/a>\n        <\/div>\n      <\/div>\n     \n    <\/div><\/div><\/div>\n\n\n\n<figure class=\"wp-block-image size-large is-resized\"><img loading=\"lazy\" decoding=\"async\" src=\"https:\/\/dhg1h5j42swfq.cloudfront.net\/2021\/04\/06111739\/ficha-tecnica-53-1024x632.png\" alt=\"Ficha do concurso TJM MG\" class=\"wp-image-708302\" width=\"257\" height=\"158\" srcset=\"https:\/\/dhg1h5j42swfq.cloudfront.net\/2021\/04\/06111739\/ficha-tecnica-53-1024x632.png 1024w, https:\/\/dhg1h5j42swfq.cloudfront.net\/2021\/04\/06111739\/ficha-tecnica-53-300x185.png 300w, https:\/\/dhg1h5j42swfq.cloudfront.net\/2021\/04\/06111739\/ficha-tecnica-53-768x474.png 768w, https:\/\/dhg1h5j42swfq.cloudfront.net\/2021\/04\/06111739\/ficha-tecnica-53-1536x948.png 1536w, https:\/\/dhg1h5j42swfq.cloudfront.net\/2021\/04\/06111739\/ficha-tecnica-53-610x377.png 610w, https:\/\/dhg1h5j42swfq.cloudfront.net\/2021\/04\/06111739\/ficha-tecnica-53.png 1571w\" sizes=\"auto, (max-width: 257px) 100vw, 257px\" \/><\/figure>\n\n\n\n<h4 class=\"wp-block-heading\" id=\"ficha-tecnica\"><strong>Informa\u00e7\u00f5es do Concurso TJM&nbsp;MG&nbsp;<\/strong><\/h4>\n\n\n\n<p><strong>\u25baVagas:&nbsp;<\/strong>27&nbsp;<strong><br \/>\u25baLota\u00e7\u00f5es:&nbsp;<\/strong>Minas Gerais <strong><br \/>\u25baBanca:&nbsp;<\/strong>Consulplan<br \/><strong>\u25baEscolaridade:<\/strong>&nbsp;N\u00edvel m\u00e9dio e superior<br \/><strong>\u25baEdital:<\/strong> <a href=\"https:\/\/dhg1h5j42swfq.cloudfront.net\/2021\/07\/27195104\/27072021-1.pdf\" target=\"_blank\" rel=\"noreferrer noopener nofollow\">Edital TJM MG 2021<\/a><br \/><strong>\u25baRetifica\u00e7\u00e3o<\/strong>: <a href=\"https:\/\/dhg1h5j42swfq.cloudfront.net\/2021\/07\/15022102\/tjm_mg.pdf\" target=\"_blank\" rel=\"noreferrer noopener\">Retifica\u00e7\u00e3o TJM MG<\/a><\/p>\n\n\n\n<p> <br \/><\/p>\n","protected":false},"excerpt":{"rendered":"<p>Foi divulgado o gabarito preliminar da prova objetiva do concurso TJM MG. Os recursos contra o gabarito e\/ou quest\u00f5es dever\u00e3o ser apresentados exclusivamente por meio do endere\u00e7o eletr\u00f4nico www.institutoconsulplan.org.br, no prazo de 3 (tr\u00eas) dias \u00fateis. Concurso TJM MG Status:&nbsp;gabarito preliminar da objetiva Banca:&nbsp;Consulplan Vagas:&nbsp;27 Sal\u00e1rio inicial:&nbsp;R$ 2.986,57 a R$ 4.677,09 Edital TJM MG O [&hellip;]<\/p>\n","protected":false},"author":1,"featured_media":698769,"comment_status":"open","ping_status":"closed","sticky":false,"template":"","format":"standard","meta":{"post_tipo":"news_page","footnotes":""},"categories":[1984],"tags":[],"tax_estado":[219974],"class_list":["post-470127","post","type-post","status-publish","format-standard","has-post-thumbnail","hentry","category-tribunais","tax_estado-mg"],"acf":[],"yoast_head":"<!-- This site is optimized with the Yoast SEO Premium plugin v27.2 (Yoast SEO v27.2) - https:\/\/yoast.com\/product\/yoast-seo-premium-wordpress\/ -->\n<title>Concurso TJM MG: gabarito preliminar divulgado!<\/title>\n<meta name=\"description\" content=\"Concurso TJM MG: veja o gabarito preliminar da objetiva! S\u00e3o ofertadas 27 vagas para cargos de n\u00edveis m\u00e9dio e superior.\" \/>\n<meta name=\"robots\" content=\"index, follow, max-snippet:-1, max-image-preview:large, max-video-preview:-1\" \/>\n<link rel=\"canonical\" href=\"https:\/\/www.estrategiaconcursos.com.br\/blog\/concurso-tjm-mg\/\" \/>\n<meta property=\"og:locale\" content=\"pt_BR\" \/>\n<meta property=\"og:type\" content=\"article\" \/>\n<meta property=\"og:title\" content=\"Concurso TJM MG: gabarito preliminar divulgado!\" \/>\n<meta property=\"og:description\" content=\"Concurso TJM MG: veja o gabarito preliminar da objetiva! S\u00e3o ofertadas 27 vagas para cargos de n\u00edveis m\u00e9dio e superior.\" \/>\n<meta property=\"og:url\" content=\"https:\/\/www.estrategiaconcursos.com.br\/blog\/concurso-tjm-mg\/\" \/>\n<meta property=\"og:site_name\" content=\"Estrat\u00e9gia Concursos\" \/>\n<meta property=\"article:author\" content=\"https:\/\/www.facebook.com\/EstrategiaConcursos\" \/>\n<meta property=\"article:published_time\" content=\"2021-12-08T13:39:00+00:00\" \/>\n<meta property=\"article:modified_time\" content=\"2022-11-21T21:19:53+00:00\" \/>\n<meta property=\"og:image\" content=\"https:\/\/dhg1h5j42swfq.cloudfront.net\/2021\/02\/22175223\/tjm-mg.jpg\" \/>\n\t<meta property=\"og:image:width\" content=\"1200\" \/>\n\t<meta property=\"og:image:height\" content=\"628\" \/>\n\t<meta property=\"og:image:type\" content=\"image\/jpeg\" \/>\n<meta name=\"author\" content=\"Coordena\u00e7\u00e3o\" \/>\n<meta name=\"twitter:card\" content=\"summary_large_image\" \/>\n<meta name=\"twitter:creator\" content=\"@EstratConcursos\" \/>\n<meta name=\"twitter:site\" content=\"@EstratConcursos\" \/>\n<meta name=\"twitter:label1\" content=\"Escrito por\" \/>\n\t<meta name=\"twitter:data1\" content=\"Coordena\u00e7\u00e3o\" \/>\n\t<meta name=\"twitter:label2\" content=\"Est. tempo de leitura\" \/>\n\t<meta name=\"twitter:data2\" content=\"10 minutos\" \/>\n<script type=\"application\/ld+json\" class=\"yoast-schema-graph\">{\"@context\":\"https:\/\/schema.org\",\"@graph\":[{\"@type\":\"NewsArticle\",\"@id\":\"https:\/\/www.estrategiaconcursos.com.br\/blog\/concurso-tjm-mg\/#article\",\"isPartOf\":{\"@id\":\"https:\/\/www.estrategiaconcursos.com.br\/blog\/concurso-tjm-mg\/\"},\"author\":{\"name\":\"Coordena\u00e7\u00e3o\",\"@id\":\"https:\/\/www.estrategiaconcursos.com.br\/blog\/#\/schema\/person\/b4a388c97673c5f483d72185668afa1f\"},\"headline\":\"Concurso TJM MG: gabarito preliminar divulgado!\",\"datePublished\":\"2021-12-08T13:39:00+00:00\",\"dateModified\":\"2022-11-21T21:19:53+00:00\",\"mainEntityOfPage\":{\"@id\":\"https:\/\/www.estrategiaconcursos.com.br\/blog\/concurso-tjm-mg\/\"},\"wordCount\":1791,\"commentCount\":3,\"publisher\":{\"@id\":\"https:\/\/www.estrategiaconcursos.com.br\/blog\/#organization\"},\"image\":{\"@id\":\"https:\/\/www.estrategiaconcursos.com.br\/blog\/concurso-tjm-mg\/#primaryimage\"},\"thumbnailUrl\":\"https:\/\/dhg1h5j42swfq.cloudfront.net\/2021\/02\/22175223\/tjm-mg.jpg\",\"articleSection\":[\"Tribunais\"],\"inLanguage\":\"pt-BR\",\"potentialAction\":[{\"@type\":\"CommentAction\",\"name\":\"Comment\",\"target\":[\"https:\/\/www.estrategiaconcursos.com.br\/blog\/concurso-tjm-mg\/#respond\"]}],\"copyrightYear\":\"2021\",\"copyrightHolder\":{\"@id\":\"https:\/\/www.estrategiaconcursos.com.br\/blog\/#organization\"}},{\"@type\":\"WebPage\",\"@id\":\"https:\/\/www.estrategiaconcursos.com.br\/blog\/concurso-tjm-mg\/\",\"url\":\"https:\/\/www.estrategiaconcursos.com.br\/blog\/concurso-tjm-mg\/\",\"name\":\"Concurso TJM MG: gabarito preliminar divulgado!\",\"isPartOf\":{\"@id\":\"https:\/\/www.estrategiaconcursos.com.br\/blog\/#website\"},\"primaryImageOfPage\":{\"@id\":\"https:\/\/www.estrategiaconcursos.com.br\/blog\/concurso-tjm-mg\/#primaryimage\"},\"image\":{\"@id\":\"https:\/\/www.estrategiaconcursos.com.br\/blog\/concurso-tjm-mg\/#primaryimage\"},\"thumbnailUrl\":\"https:\/\/dhg1h5j42swfq.cloudfront.net\/2021\/02\/22175223\/tjm-mg.jpg\",\"datePublished\":\"2021-12-08T13:39:00+00:00\",\"dateModified\":\"2022-11-21T21:19:53+00:00\",\"description\":\"Concurso TJM MG: veja o gabarito preliminar da objetiva! S\u00e3o ofertadas 27 vagas para cargos de n\u00edveis m\u00e9dio e superior.\",\"breadcrumb\":{\"@id\":\"https:\/\/www.estrategiaconcursos.com.br\/blog\/concurso-tjm-mg\/#breadcrumb\"},\"inLanguage\":\"pt-BR\",\"potentialAction\":[{\"@type\":\"ReadAction\",\"target\":[\"https:\/\/www.estrategiaconcursos.com.br\/blog\/concurso-tjm-mg\/\"]}]},{\"@type\":\"ImageObject\",\"inLanguage\":\"pt-BR\",\"@id\":\"https:\/\/www.estrategiaconcursos.com.br\/blog\/concurso-tjm-mg\/#primaryimage\",\"url\":\"https:\/\/dhg1h5j42swfq.cloudfront.net\/2021\/02\/22175223\/tjm-mg.jpg\",\"contentUrl\":\"https:\/\/dhg1h5j42swfq.cloudfront.net\/2021\/02\/22175223\/tjm-mg.jpg\",\"width\":1200,\"height\":628,\"caption\":\"edital tjm mg\"},{\"@type\":\"BreadcrumbList\",\"@id\":\"https:\/\/www.estrategiaconcursos.com.br\/blog\/concurso-tjm-mg\/#breadcrumb\",\"itemListElement\":[{\"@type\":\"ListItem\",\"position\":1,\"name\":\"In\u00edcio\",\"item\":\"https:\/\/www.estrategiaconcursos.com.br\/blog\/\"},{\"@type\":\"ListItem\",\"position\":2,\"name\":\"Concurso TJM MG: gabarito preliminar divulgado!\"}]},{\"@type\":\"WebSite\",\"@id\":\"https:\/\/www.estrategiaconcursos.com.br\/blog\/#website\",\"url\":\"https:\/\/www.estrategiaconcursos.com.br\/blog\/\",\"name\":\"Estrat\u00e9gia Concursos\",\"description\":\"O blog da Estrat\u00e9gia Concursos traz not\u00edcias sobre concursos e artigos de professores oferecendo cursos para concursos (pdf + videaulas) no site.\",\"publisher\":{\"@id\":\"https:\/\/www.estrategiaconcursos.com.br\/blog\/#organization\"},\"potentialAction\":[{\"@type\":\"SearchAction\",\"target\":{\"@type\":\"EntryPoint\",\"urlTemplate\":\"https:\/\/www.estrategiaconcursos.com.br\/blog\/?s={search_term_string}\"},\"query-input\":{\"@type\":\"PropertyValueSpecification\",\"valueRequired\":true,\"valueName\":\"search_term_string\"}}],\"inLanguage\":\"pt-BR\"},{\"@type\":\"Organization\",\"@id\":\"https:\/\/www.estrategiaconcursos.com.br\/blog\/#organization\",\"name\":\"Estrat\u00e9gia Concursos\",\"url\":\"https:\/\/www.estrategiaconcursos.com.br\/blog\/\",\"logo\":{\"@type\":\"ImageObject\",\"inLanguage\":\"pt-BR\",\"@id\":\"https:\/\/www.estrategiaconcursos.com.br\/blog\/#\/schema\/logo\/image\/\",\"url\":\"https:\/\/dhg1h5j42swfq.cloudfront.net\/2025\/06\/03203428\/logo_concursos-1.jpg\",\"contentUrl\":\"https:\/\/dhg1h5j42swfq.cloudfront.net\/2025\/06\/03203428\/logo_concursos-1.jpg\",\"width\":230,\"height\":60,\"caption\":\"Estrat\u00e9gia Concursos\"},\"image\":{\"@id\":\"https:\/\/www.estrategiaconcursos.com.br\/blog\/#\/schema\/logo\/image\/\"},\"sameAs\":[\"https:\/\/x.com\/EstratConcursos\"]},{\"@type\":\"Person\",\"@id\":\"https:\/\/www.estrategiaconcursos.com.br\/blog\/#\/schema\/person\/b4a388c97673c5f483d72185668afa1f\",\"name\":\"Coordena\u00e7\u00e3o\",\"image\":{\"@type\":\"ImageObject\",\"inLanguage\":\"pt-BR\",\"@id\":\"https:\/\/secure.gravatar.com\/avatar\/b720319e4c9a967eb58678d110f4fe35452fc5d5f97b202bac7b8acceb18c6ad?s=96&d=mm&r=g\",\"url\":\"https:\/\/secure.gravatar.com\/avatar\/b720319e4c9a967eb58678d110f4fe35452fc5d5f97b202bac7b8acceb18c6ad?s=96&d=mm&r=g\",\"contentUrl\":\"https:\/\/secure.gravatar.com\/avatar\/b720319e4c9a967eb58678d110f4fe35452fc5d5f97b202bac7b8acceb18c6ad?s=96&d=mm&r=g\",\"caption\":\"Coordena\u00e7\u00e3o\"},\"sameAs\":[\"https:\/\/www.facebook.com\/EstrategiaConcursos\",\"https:\/\/x.com\/EstratConcursos\"],\"url\":\"https:\/\/www.estrategiaconcursos.com.br\/blog\/author\/estrategia2013\/\"}]}<\/script>\n<!-- \/ Yoast SEO Premium plugin. -->","yoast_head_json":{"title":"Concurso TJM MG: gabarito preliminar divulgado!","description":"Concurso TJM MG: veja o gabarito preliminar da objetiva! S\u00e3o ofertadas 27 vagas para cargos de n\u00edveis m\u00e9dio e superior.","robots":{"index":"index","follow":"follow","max-snippet":"max-snippet:-1","max-image-preview":"max-image-preview:large","max-video-preview":"max-video-preview:-1"},"canonical":"https:\/\/www.estrategiaconcursos.com.br\/blog\/concurso-tjm-mg\/","og_locale":"pt_BR","og_type":"article","og_title":"Concurso TJM MG: gabarito preliminar divulgado!","og_description":"Concurso TJM MG: veja o gabarito preliminar da objetiva! S\u00e3o ofertadas 27 vagas para cargos de n\u00edveis m\u00e9dio e superior.","og_url":"https:\/\/www.estrategiaconcursos.com.br\/blog\/concurso-tjm-mg\/","og_site_name":"Estrat\u00e9gia Concursos","article_author":"https:\/\/www.facebook.com\/EstrategiaConcursos","article_published_time":"2021-12-08T13:39:00+00:00","article_modified_time":"2022-11-21T21:19:53+00:00","og_image":[{"width":1200,"height":628,"url":"https:\/\/dhg1h5j42swfq.cloudfront.net\/2021\/02\/22175223\/tjm-mg.jpg","type":"image\/jpeg"}],"author":"Coordena\u00e7\u00e3o","twitter_card":"summary_large_image","twitter_creator":"@EstratConcursos","twitter_site":"@EstratConcursos","twitter_misc":{"Escrito por":"Coordena\u00e7\u00e3o","Est. tempo de leitura":"10 minutos"},"schema":{"@context":"https:\/\/schema.org","@graph":[{"@type":"NewsArticle","@id":"https:\/\/www.estrategiaconcursos.com.br\/blog\/concurso-tjm-mg\/#article","isPartOf":{"@id":"https:\/\/www.estrategiaconcursos.com.br\/blog\/concurso-tjm-mg\/"},"author":{"name":"Coordena\u00e7\u00e3o","@id":"https:\/\/www.estrategiaconcursos.com.br\/blog\/#\/schema\/person\/b4a388c97673c5f483d72185668afa1f"},"headline":"Concurso TJM MG: gabarito preliminar divulgado!","datePublished":"2021-12-08T13:39:00+00:00","dateModified":"2022-11-21T21:19:53+00:00","mainEntityOfPage":{"@id":"https:\/\/www.estrategiaconcursos.com.br\/blog\/concurso-tjm-mg\/"},"wordCount":1791,"commentCount":3,"publisher":{"@id":"https:\/\/www.estrategiaconcursos.com.br\/blog\/#organization"},"image":{"@id":"https:\/\/www.estrategiaconcursos.com.br\/blog\/concurso-tjm-mg\/#primaryimage"},"thumbnailUrl":"https:\/\/dhg1h5j42swfq.cloudfront.net\/2021\/02\/22175223\/tjm-mg.jpg","articleSection":["Tribunais"],"inLanguage":"pt-BR","potentialAction":[{"@type":"CommentAction","name":"Comment","target":["https:\/\/www.estrategiaconcursos.com.br\/blog\/concurso-tjm-mg\/#respond"]}],"copyrightYear":"2021","copyrightHolder":{"@id":"https:\/\/www.estrategiaconcursos.com.br\/blog\/#organization"}},{"@type":"WebPage","@id":"https:\/\/www.estrategiaconcursos.com.br\/blog\/concurso-tjm-mg\/","url":"https:\/\/www.estrategiaconcursos.com.br\/blog\/concurso-tjm-mg\/","name":"Concurso TJM MG: gabarito preliminar divulgado!","isPartOf":{"@id":"https:\/\/www.estrategiaconcursos.com.br\/blog\/#website"},"primaryImageOfPage":{"@id":"https:\/\/www.estrategiaconcursos.com.br\/blog\/concurso-tjm-mg\/#primaryimage"},"image":{"@id":"https:\/\/www.estrategiaconcursos.com.br\/blog\/concurso-tjm-mg\/#primaryimage"},"thumbnailUrl":"https:\/\/dhg1h5j42swfq.cloudfront.net\/2021\/02\/22175223\/tjm-mg.jpg","datePublished":"2021-12-08T13:39:00+00:00","dateModified":"2022-11-21T21:19:53+00:00","description":"Concurso TJM MG: veja o gabarito preliminar da objetiva! S\u00e3o ofertadas 27 vagas para cargos de n\u00edveis m\u00e9dio e superior.","breadcrumb":{"@id":"https:\/\/www.estrategiaconcursos.com.br\/blog\/concurso-tjm-mg\/#breadcrumb"},"inLanguage":"pt-BR","potentialAction":[{"@type":"ReadAction","target":["https:\/\/www.estrategiaconcursos.com.br\/blog\/concurso-tjm-mg\/"]}]},{"@type":"ImageObject","inLanguage":"pt-BR","@id":"https:\/\/www.estrategiaconcursos.com.br\/blog\/concurso-tjm-mg\/#primaryimage","url":"https:\/\/dhg1h5j42swfq.cloudfront.net\/2021\/02\/22175223\/tjm-mg.jpg","contentUrl":"https:\/\/dhg1h5j42swfq.cloudfront.net\/2021\/02\/22175223\/tjm-mg.jpg","width":1200,"height":628,"caption":"edital tjm mg"},{"@type":"BreadcrumbList","@id":"https:\/\/www.estrategiaconcursos.com.br\/blog\/concurso-tjm-mg\/#breadcrumb","itemListElement":[{"@type":"ListItem","position":1,"name":"In\u00edcio","item":"https:\/\/www.estrategiaconcursos.com.br\/blog\/"},{"@type":"ListItem","position":2,"name":"Concurso TJM MG: gabarito preliminar divulgado!"}]},{"@type":"WebSite","@id":"https:\/\/www.estrategiaconcursos.com.br\/blog\/#website","url":"https:\/\/www.estrategiaconcursos.com.br\/blog\/","name":"Estrat\u00e9gia Concursos","description":"O blog da Estrat\u00e9gia Concursos traz not\u00edcias sobre concursos e artigos de professores oferecendo cursos para concursos (pdf + videaulas) no site.","publisher":{"@id":"https:\/\/www.estrategiaconcursos.com.br\/blog\/#organization"},"potentialAction":[{"@type":"SearchAction","target":{"@type":"EntryPoint","urlTemplate":"https:\/\/www.estrategiaconcursos.com.br\/blog\/?s={search_term_string}"},"query-input":{"@type":"PropertyValueSpecification","valueRequired":true,"valueName":"search_term_string"}}],"inLanguage":"pt-BR"},{"@type":"Organization","@id":"https:\/\/www.estrategiaconcursos.com.br\/blog\/#organization","name":"Estrat\u00e9gia Concursos","url":"https:\/\/www.estrategiaconcursos.com.br\/blog\/","logo":{"@type":"ImageObject","inLanguage":"pt-BR","@id":"https:\/\/www.estrategiaconcursos.com.br\/blog\/#\/schema\/logo\/image\/","url":"https:\/\/dhg1h5j42swfq.cloudfront.net\/2025\/06\/03203428\/logo_concursos-1.jpg","contentUrl":"https:\/\/dhg1h5j42swfq.cloudfront.net\/2025\/06\/03203428\/logo_concursos-1.jpg","width":230,"height":60,"caption":"Estrat\u00e9gia Concursos"},"image":{"@id":"https:\/\/www.estrategiaconcursos.com.br\/blog\/#\/schema\/logo\/image\/"},"sameAs":["https:\/\/x.com\/EstratConcursos"]},{"@type":"Person","@id":"https:\/\/www.estrategiaconcursos.com.br\/blog\/#\/schema\/person\/b4a388c97673c5f483d72185668afa1f","name":"Coordena\u00e7\u00e3o","image":{"@type":"ImageObject","inLanguage":"pt-BR","@id":"https:\/\/secure.gravatar.com\/avatar\/b720319e4c9a967eb58678d110f4fe35452fc5d5f97b202bac7b8acceb18c6ad?s=96&d=mm&r=g","url":"https:\/\/secure.gravatar.com\/avatar\/b720319e4c9a967eb58678d110f4fe35452fc5d5f97b202bac7b8acceb18c6ad?s=96&d=mm&r=g","contentUrl":"https:\/\/secure.gravatar.com\/avatar\/b720319e4c9a967eb58678d110f4fe35452fc5d5f97b202bac7b8acceb18c6ad?s=96&d=mm&r=g","caption":"Coordena\u00e7\u00e3o"},"sameAs":["https:\/\/www.facebook.com\/EstrategiaConcursos","https:\/\/x.com\/EstratConcursos"],"url":"https:\/\/www.estrategiaconcursos.com.br\/blog\/author\/estrategia2013\/"}]}},"_links":{"self":[{"href":"https:\/\/www.estrategiaconcursos.com.br\/blog\/wp-json\/wp\/v2\/posts\/470127","targetHints":{"allow":["GET"]}}],"collection":[{"href":"https:\/\/www.estrategiaconcursos.com.br\/blog\/wp-json\/wp\/v2\/posts"}],"about":[{"href":"https:\/\/www.estrategiaconcursos.com.br\/blog\/wp-json\/wp\/v2\/types\/post"}],"author":[{"embeddable":true,"href":"https:\/\/www.estrategiaconcursos.com.br\/blog\/wp-json\/wp\/v2\/users\/1"}],"replies":[{"embeddable":true,"href":"https:\/\/www.estrategiaconcursos.com.br\/blog\/wp-json\/wp\/v2\/comments?post=470127"}],"version-history":[{"count":161,"href":"https:\/\/www.estrategiaconcursos.com.br\/blog\/wp-json\/wp\/v2\/posts\/470127\/revisions"}],"predecessor-version":[{"id":1127341,"href":"https:\/\/www.estrategiaconcursos.com.br\/blog\/wp-json\/wp\/v2\/posts\/470127\/revisions\/1127341"}],"wp:featuredmedia":[{"embeddable":true,"href":"https:\/\/www.estrategiaconcursos.com.br\/blog\/wp-json\/wp\/v2\/media\/698769"}],"wp:attachment":[{"href":"https:\/\/www.estrategiaconcursos.com.br\/blog\/wp-json\/wp\/v2\/media?parent=470127"}],"wp:term":[{"taxonomy":"category","embeddable":true,"href":"https:\/\/www.estrategiaconcursos.com.br\/blog\/wp-json\/wp\/v2\/categories?post=470127"},{"taxonomy":"post_tag","embeddable":true,"href":"https:\/\/www.estrategiaconcursos.com.br\/blog\/wp-json\/wp\/v2\/tags?post=470127"},{"taxonomy":"tax_estado","embeddable":true,"href":"https:\/\/www.estrategiaconcursos.com.br\/blog\/wp-json\/wp\/v2\/tax_estado?post=470127"}],"curies":[{"name":"wp","href":"https:\/\/api.w.org\/{rel}","templated":true}]}}