{"id":469895,"date":"2020-01-15T08:00:00","date_gmt":"2020-01-15T11:00:00","guid":{"rendered":"https:\/\/www.estrategiaconcursos.com.br\/blog\/?p=469895"},"modified":"2020-01-14T14:17:09","modified_gmt":"2020-01-14T17:17:09","slug":"edital-estrategico-camara-de-santos-baixe-gratis-e-prepare-se","status":"publish","type":"post","link":"https:\/\/www.estrategiaconcursos.com.br\/blog\/edital-estrategico-camara-de-santos-baixe-gratis-e-prepare-se\/","title":{"rendered":"Edital Estrat\u00e9gico C\u00e2mara de Santos: baixe gr\u00e1tis e prepare-se!"},"content":{"rendered":"\n<p>O edital do concurso C\u00e2mara de Santos, organizado pelo <strong>In<\/strong><em><strong>stituto Mais de Gest\u00e3o e Desenvolvimento Social<\/strong><\/em>, foi publicado na segunda-feira, 13 de janeiro de 2020. S\u00e3o ofertadas 35 vagas + CR para diversas oportunidades de n\u00edvel m\u00e9dio e superior.<\/p>\n\n\n\n<p>Interessado em prestar o concurso? As inscri\u00e7\u00f5es podem ser realizadas no site da banca, entre os dias <strong>20 de janeiro e 19 de fevereiro de 2020.<\/strong><\/p>\n\n\n\n<h2 class=\"wp-block-heading\">Edital Estrat\u00e9gico: baixe gratuitamente<\/h2>\n\n\n\n<p>Dando um espa\u00e7o para o Edital Estrat\u00e9gico entrar em sua rotina de estudos, ser\u00e1 poss\u00edvel acompanhar seu desempenho atrav\u00e9s de gr\u00e1ficos, garantindo uma vis\u00e3o completa das mat\u00e9rias que necessitam de mais revis\u00f5es.<\/p>\n\n\n\n<p>O registro de cada tarefa ser\u00e1 feito para cada assunto exigido no conte\u00fado program\u00e1tico do edital. No caso dos Editais Estrat\u00e9gicos de concursos que n\u00e3o est\u00e3o com \u201c<em>edital na pra\u00e7a<\/em>\u201d (ou seja, com inscri\u00e7\u00f5es abertas). A divis\u00e3o dos assuntos ser\u00e1 feita com base no edital.<\/p>\n\n\n\n<p>A partir das informa\u00e7\u00f5es preenchidas pelo aluno, uma \u201caba\u201d do Edital Estrat\u00e9gico ir\u00e1 demonstrar a progress\u00e3o em cada tarefa e assunto. A edi\u00e7\u00e3o poder\u00e1 ser realizada apenas na 3\u00aa aba, relativa ao preenchimento do progresso nas disciplinas. Caso voc\u00ea queira fazer outras modifica\u00e7\u00f5es no arquivo, \u00e9 s\u00f3 usar a&nbsp;senha \u201cadmin\u201d&nbsp;na op\u00e7\u00e3o&nbsp;<em><strong>desproteger<\/strong><\/em>&nbsp;planilha do Excel.<\/p>\n\n\n\n<p style=\"font-size:18px\" class=\"has-background has-text-align-center has-very-light-gray-background-color\"><strong><a href=\"https:\/\/dhg1h5j42swfq.cloudfront.net\/2020\/01\/14140723\/Edital-Estrat%C3%A9gico_C%C3%82MARA-DE-SANTOS_ANALISTA-DE-SISTEMAS.xlsx\">Analista de sistemas<\/a><\/strong><\/p>\n\n\n\n<p style=\"font-size:18px\" class=\"has-background has-text-align-center has-very-light-gray-background-color\"> <strong><a href=\"https:\/\/dhg1h5j42swfq.cloudfront.net\/2020\/01\/14140806\/Edital-Estrat%C3%A9gico_C%C3%82MARA-DE-SANTOS_CONTADOR.xlsx\">Contador<\/a><\/strong> <\/p>\n\n\n\n<p style=\"font-size:18px\" class=\"has-background has-text-align-center has-very-light-gray-background-color\"> <strong><a href=\"https:\/\/dhg1h5j42swfq.cloudfront.net\/2020\/01\/14140835\/Edital-Estrat%C3%A9gico_C%C3%82MARA-DE-SANTOS_AUXILIAR-LEGISLATIVO.xlsx\">Auxiliar legislativo<\/a><\/strong> <\/p>\n\n\n\n<p style=\"font-size:18px\" class=\"has-background has-text-align-center has-very-light-gray-background-color\"> <a href=\"https:\/\/dhg1h5j42swfq.cloudfront.net\/2020\/01\/14140909\/Edital-Estrat%C3%A9gico_C%C3%82MARA-DE-SANTOS_ASSISTENTE-LEGISLATIVO.xlsx\"><strong>Assistente legislativo<\/strong> <\/a><\/p>\n\n\n\n<p style=\"font-size:18px\" class=\"has-background has-text-align-center has-very-light-gray-background-color\"> <a href=\"https:\/\/dhg1h5j42swfq.cloudfront.net\/2020\/01\/14141002\/Edital-Estrat%C3%A9gico_C%C3%82MARA-DE-SANTOS_ANALISTA-FINANCEIRO.xlsx\"><strong>Analista financeiro<\/strong> <\/a><\/p>\n\n\n\n<p style=\"font-size:18px\" class=\"has-background has-text-align-center has-very-light-gray-background-color\"> <strong><a href=\"https:\/\/dhg1h5j42swfq.cloudfront.net\/2020\/01\/14141124\/Edital-Estrat%C3%A9gico_C%C3%82MARA-DE-SANTOS_ANALISTA-EM-GEST%C3%83O-P%C3%9ABLICA.xlsx\">Analista em gest\u00e3o p\u00fablica<\/a><\/strong> <\/p>\n\n\n\n<p style=\"font-size:18px\" class=\"has-background has-text-align-center has-very-light-gray-background-color\"> <strong><a href=\"https:\/\/dhg1h5j42swfq.cloudfront.net\/2020\/01\/14141155\/Edital-Estrat%C3%A9gico_C%C3%82MARA-DE-SANTOS_ANALISTA-DE-RH.xlsx\">Analista de RH<\/a><\/strong> <\/p>\n\n\n\n<p><strong>IMPORTANTE:&nbsp;<\/strong>Ao clicar no link acima, ser\u00e1 aberta uma janela do Google Drive que tentar\u00e1 carregar a visualiza\u00e7\u00e3o da planilha no seu navegador. N\u00e3o h\u00e1 necessidade de esperar essa visualiza\u00e7\u00e3o (talvez at\u00e9 nem carregue, j\u00e1 que os arquivos s\u00e3o pesados).<\/p>\n\n\n\n<p>Fa\u00e7a o download clicando na seta para baixo no canto superior direito da janela do Google Drive que vai ser aberta ao clicar nos links acima.<\/p>\n\n\n\n<p>Todos os arquivos foram testados em diferentes computadores e celulares e est\u00e3o ok. Talvez alguma incompatibilidade (ou mensagem de erro, como \u201carquivo inv\u00e1lido\u201d) ocorra em virtude do seu pr\u00f3prio computador ou do tamanho dos arquivos que possuem mais conte\u00fado.<\/p>\n\n\n\n<p class=\"has-background has-text-align-center has-medium-font-size has-very-light-gray-background-color\"><strong>Saiba mais:\u00a0<a href=\"https:\/\/www.estrategiaconcursos.com.br\/blog\/concurso-camara-de-santos-sp\/\">Concurso C\u00e2mara Santos<\/a><\/strong><\/p>\n\n\n\n<hr class=\"wp-block-separator\"\/>\n\n\n\n<p class=\"has-text-align-center\"><em><strong>Assinatura Anual Ilimitada*<\/strong><\/em><\/p>\n\n\n\n<p class=\"has-text-align-center\"><em>Prepare-se com o melhor material e com quem mais aprova em Concursos P\u00fablicos em todo o pa\u00eds. Assine agora a nossa Assinatura Anual e tenha acesso ilimitado* a todos os nossos cursos.<\/em><\/p>\n\n\n\n<p class=\"has-background has-text-align-center has-medium-font-size has-light-green-cyan-background-color\"><strong>ASSINE AGORA<\/strong>&nbsp;\u2013&nbsp;<a rel=\"noreferrer noopener\" href=\"https:\/\/www.estrategiaconcursos.com.br\/assinaturas\" target=\"_blank\"><strong>Assinatura Ilimitada<\/strong><\/a><\/p>\n\n\n\n<p class=\"has-text-align-center\"><strong><em>Fique por dentro de todos os concursos<\/em><\/strong><\/p>\n\n\n\n<p class=\"has-background has-text-align-center has-medium-font-size has-pale-cyan-blue-background-color\"><a rel=\"noreferrer noopener\" href=\"https:\/\/www.estrategiaconcursos.com.br\/blog\/concursos-abertos\/\" target=\"_blank\"><strong>CONCURSOS ABERTOS<\/strong><\/a><\/p>\n\n\n\n<p class=\"has-background has-text-align-center has-medium-font-size has-pale-cyan-blue-background-color\"><a rel=\"noreferrer noopener\" href=\"https:\/\/www.estrategiaconcursos.com.br\/blog\/concursos-2020\/\" target=\"_blank\"><strong>CONCURSOS&nbsp;2020<\/strong><\/a><\/p>\n\n\n\n<p>  <\/p>\n\n\n<p><!--EndFragment--><br \/><br \/><\/p>","protected":false},"excerpt":{"rendered":"<p>O edital do concurso C\u00e2mara de Santos, organizado pelo Instituto Mais de Gest\u00e3o e Desenvolvimento Social, foi publicado na segunda-feira, 13 de janeiro de 2020. S\u00e3o ofertadas 35 vagas + CR para diversas oportunidades de n\u00edvel m\u00e9dio e superior. Interessado em prestar o concurso? As inscri\u00e7\u00f5es podem ser realizadas no site da banca, entre os [&hellip;]<\/p>\n","protected":false},"author":466,"featured_media":0,"comment_status":"open","ping_status":"closed","sticky":false,"template":"","format":"standard","meta":{"post_tipo":"article","footnotes":""},"categories":[1],"tags":[],"tax_estado":[],"class_list":["post-469895","post","type-post","status-publish","format-standard","hentry","category-cursos-e-concursos"],"acf":[],"yoast_head":"<!-- This site is optimized with the Yoast SEO Premium plugin v27.2 (Yoast SEO v27.2) - https:\/\/yoast.com\/product\/yoast-seo-premium-wordpress\/ -->\n<title>Edital Estrat\u00e9gico C\u00e2mara de Santos: baixe gr\u00e1tis e prepare-se! %<\/title>\n<meta name=\"robots\" content=\"index, follow, max-snippet:-1, max-image-preview:large, max-video-preview:-1\" \/>\n<link rel=\"canonical\" href=\"https:\/\/www.estrategiaconcursos.com.br\/blog\/edital-estrategico-camara-de-santos-baixe-gratis-e-prepare-se\/\" \/>\n<meta property=\"og:locale\" content=\"pt_BR\" \/>\n<meta property=\"og:type\" content=\"article\" \/>\n<meta property=\"og:title\" content=\"Edital Estrat\u00e9gico C\u00e2mara de Santos: baixe gr\u00e1tis e prepare-se!\" \/>\n<meta property=\"og:description\" content=\"O edital do concurso C\u00e2mara de Santos, organizado pelo Instituto Mais de Gest\u00e3o e Desenvolvimento Social, foi publicado na segunda-feira, 13 de janeiro de 2020. S\u00e3o ofertadas 35 vagas + CR para diversas oportunidades de n\u00edvel m\u00e9dio e superior. Interessado em prestar o concurso? As inscri\u00e7\u00f5es podem ser realizadas no site da banca, entre os [&hellip;]\" \/>\n<meta property=\"og:url\" content=\"https:\/\/www.estrategiaconcursos.com.br\/blog\/edital-estrategico-camara-de-santos-baixe-gratis-e-prepare-se\/\" \/>\n<meta property=\"og:site_name\" content=\"Estrat\u00e9gia Concursos\" \/>\n<meta property=\"article:published_time\" content=\"2020-01-15T11:00:00+00:00\" \/>\n<meta name=\"author\" content=\"Natalia Coelho\" \/>\n<meta name=\"twitter:card\" content=\"summary_large_image\" \/>\n<meta name=\"twitter:creator\" content=\"@EstratConcursos\" \/>\n<meta name=\"twitter:site\" content=\"@EstratConcursos\" \/>\n<meta name=\"twitter:label1\" content=\"Escrito por\" \/>\n\t<meta name=\"twitter:data1\" content=\"Natalia Coelho\" \/>\n\t<meta name=\"twitter:label2\" content=\"Est. tempo de leitura\" \/>\n\t<meta name=\"twitter:data2\" content=\"2 minutos\" \/>\n<script type=\"application\/ld+json\" class=\"yoast-schema-graph\">{\"@context\":\"https:\/\/schema.org\",\"@graph\":[{\"@type\":\"NewsArticle\",\"@id\":\"https:\/\/www.estrategiaconcursos.com.br\/blog\/edital-estrategico-camara-de-santos-baixe-gratis-e-prepare-se\/#article\",\"isPartOf\":{\"@id\":\"https:\/\/www.estrategiaconcursos.com.br\/blog\/edital-estrategico-camara-de-santos-baixe-gratis-e-prepare-se\/\"},\"author\":{\"name\":\"Natalia Coelho\",\"@id\":\"https:\/\/www.estrategiaconcursos.com.br\/blog\/#\/schema\/person\/af8550eb004733638b2d6056bcdab927\"},\"headline\":\"Edital Estrat\u00e9gico C\u00e2mara de Santos: baixe gr\u00e1tis e prepare-se!\",\"datePublished\":\"2020-01-15T11:00:00+00:00\",\"mainEntityOfPage\":{\"@id\":\"https:\/\/www.estrategiaconcursos.com.br\/blog\/edital-estrategico-camara-de-santos-baixe-gratis-e-prepare-se\/\"},\"wordCount\":434,\"commentCount\":0,\"publisher\":{\"@id\":\"https:\/\/www.estrategiaconcursos.com.br\/blog\/#organization\"},\"articleSection\":[\"Concursos P\u00fablicos\"],\"inLanguage\":\"pt-BR\",\"potentialAction\":[{\"@type\":\"CommentAction\",\"name\":\"Comment\",\"target\":[\"https:\/\/www.estrategiaconcursos.com.br\/blog\/edital-estrategico-camara-de-santos-baixe-gratis-e-prepare-se\/#respond\"]}],\"copyrightYear\":\"2020\",\"copyrightHolder\":{\"@id\":\"https:\/\/www.estrategiaconcursos.com.br\/blog\/#organization\"}},{\"@type\":\"WebPage\",\"@id\":\"https:\/\/www.estrategiaconcursos.com.br\/blog\/edital-estrategico-camara-de-santos-baixe-gratis-e-prepare-se\/\",\"url\":\"https:\/\/www.estrategiaconcursos.com.br\/blog\/edital-estrategico-camara-de-santos-baixe-gratis-e-prepare-se\/\",\"name\":\"Edital Estrat\u00e9gico C\u00e2mara de Santos: baixe gr\u00e1tis e prepare-se! %\",\"isPartOf\":{\"@id\":\"https:\/\/www.estrategiaconcursos.com.br\/blog\/#website\"},\"datePublished\":\"2020-01-15T11:00:00+00:00\",\"breadcrumb\":{\"@id\":\"https:\/\/www.estrategiaconcursos.com.br\/blog\/edital-estrategico-camara-de-santos-baixe-gratis-e-prepare-se\/#breadcrumb\"},\"inLanguage\":\"pt-BR\",\"potentialAction\":[{\"@type\":\"ReadAction\",\"target\":[\"https:\/\/www.estrategiaconcursos.com.br\/blog\/edital-estrategico-camara-de-santos-baixe-gratis-e-prepare-se\/\"]}]},{\"@type\":\"BreadcrumbList\",\"@id\":\"https:\/\/www.estrategiaconcursos.com.br\/blog\/edital-estrategico-camara-de-santos-baixe-gratis-e-prepare-se\/#breadcrumb\",\"itemListElement\":[{\"@type\":\"ListItem\",\"position\":1,\"name\":\"In\u00edcio\",\"item\":\"https:\/\/www.estrategiaconcursos.com.br\/blog\/\"},{\"@type\":\"ListItem\",\"position\":2,\"name\":\"Edital Estrat\u00e9gico C\u00e2mara de Santos: baixe gr\u00e1tis e prepare-se!\"}]},{\"@type\":\"WebSite\",\"@id\":\"https:\/\/www.estrategiaconcursos.com.br\/blog\/#website\",\"url\":\"https:\/\/www.estrategiaconcursos.com.br\/blog\/\",\"name\":\"Estrat\u00e9gia Concursos\",\"description\":\"O blog da Estrat\u00e9gia Concursos traz not\u00edcias sobre concursos e artigos de professores oferecendo cursos para concursos (pdf + videaulas) no site.\",\"publisher\":{\"@id\":\"https:\/\/www.estrategiaconcursos.com.br\/blog\/#organization\"},\"potentialAction\":[{\"@type\":\"SearchAction\",\"target\":{\"@type\":\"EntryPoint\",\"urlTemplate\":\"https:\/\/www.estrategiaconcursos.com.br\/blog\/?s={search_term_string}\"},\"query-input\":{\"@type\":\"PropertyValueSpecification\",\"valueRequired\":true,\"valueName\":\"search_term_string\"}}],\"inLanguage\":\"pt-BR\"},{\"@type\":\"Organization\",\"@id\":\"https:\/\/www.estrategiaconcursos.com.br\/blog\/#organization\",\"name\":\"Estrat\u00e9gia Concursos\",\"url\":\"https:\/\/www.estrategiaconcursos.com.br\/blog\/\",\"logo\":{\"@type\":\"ImageObject\",\"inLanguage\":\"pt-BR\",\"@id\":\"https:\/\/www.estrategiaconcursos.com.br\/blog\/#\/schema\/logo\/image\/\",\"url\":\"https:\/\/dhg1h5j42swfq.cloudfront.net\/2025\/06\/03203428\/logo_concursos-1.jpg\",\"contentUrl\":\"https:\/\/dhg1h5j42swfq.cloudfront.net\/2025\/06\/03203428\/logo_concursos-1.jpg\",\"width\":230,\"height\":60,\"caption\":\"Estrat\u00e9gia Concursos\"},\"image\":{\"@id\":\"https:\/\/www.estrategiaconcursos.com.br\/blog\/#\/schema\/logo\/image\/\"},\"sameAs\":[\"https:\/\/x.com\/EstratConcursos\"]},{\"@type\":\"Person\",\"@id\":\"https:\/\/www.estrategiaconcursos.com.br\/blog\/#\/schema\/person\/af8550eb004733638b2d6056bcdab927\",\"name\":\"Natalia Coelho\",\"image\":{\"@type\":\"ImageObject\",\"inLanguage\":\"pt-BR\",\"@id\":\"https:\/\/secure.gravatar.com\/avatar\/47fd5024e4ce58f56ff06346e4aac5b08ce3a7f62069ccfd258656cc9879966f?s=96&d=mm&r=g\",\"url\":\"https:\/\/secure.gravatar.com\/avatar\/47fd5024e4ce58f56ff06346e4aac5b08ce3a7f62069ccfd258656cc9879966f?s=96&d=mm&r=g\",\"contentUrl\":\"https:\/\/secure.gravatar.com\/avatar\/47fd5024e4ce58f56ff06346e4aac5b08ce3a7f62069ccfd258656cc9879966f?s=96&d=mm&r=g\",\"caption\":\"Natalia Coelho\"},\"url\":\"https:\/\/www.estrategiaconcursos.com.br\/blog\/author\/natalia-coelho\/\"}]}<\/script>\n<!-- \/ Yoast SEO Premium plugin. -->","yoast_head_json":{"title":"Edital Estrat\u00e9gico C\u00e2mara de Santos: baixe gr\u00e1tis e prepare-se! %","robots":{"index":"index","follow":"follow","max-snippet":"max-snippet:-1","max-image-preview":"max-image-preview:large","max-video-preview":"max-video-preview:-1"},"canonical":"https:\/\/www.estrategiaconcursos.com.br\/blog\/edital-estrategico-camara-de-santos-baixe-gratis-e-prepare-se\/","og_locale":"pt_BR","og_type":"article","og_title":"Edital Estrat\u00e9gico C\u00e2mara de Santos: baixe gr\u00e1tis e prepare-se!","og_description":"O edital do concurso C\u00e2mara de Santos, organizado pelo Instituto Mais de Gest\u00e3o e Desenvolvimento Social, foi publicado na segunda-feira, 13 de janeiro de 2020. S\u00e3o ofertadas 35 vagas + CR para diversas oportunidades de n\u00edvel m\u00e9dio e superior. Interessado em prestar o concurso? As inscri\u00e7\u00f5es podem ser realizadas no site da banca, entre os [&hellip;]","og_url":"https:\/\/www.estrategiaconcursos.com.br\/blog\/edital-estrategico-camara-de-santos-baixe-gratis-e-prepare-se\/","og_site_name":"Estrat\u00e9gia Concursos","article_published_time":"2020-01-15T11:00:00+00:00","author":"Natalia Coelho","twitter_card":"summary_large_image","twitter_creator":"@EstratConcursos","twitter_site":"@EstratConcursos","twitter_misc":{"Escrito por":"Natalia Coelho","Est. tempo de leitura":"2 minutos"},"schema":{"@context":"https:\/\/schema.org","@graph":[{"@type":"NewsArticle","@id":"https:\/\/www.estrategiaconcursos.com.br\/blog\/edital-estrategico-camara-de-santos-baixe-gratis-e-prepare-se\/#article","isPartOf":{"@id":"https:\/\/www.estrategiaconcursos.com.br\/blog\/edital-estrategico-camara-de-santos-baixe-gratis-e-prepare-se\/"},"author":{"name":"Natalia Coelho","@id":"https:\/\/www.estrategiaconcursos.com.br\/blog\/#\/schema\/person\/af8550eb004733638b2d6056bcdab927"},"headline":"Edital Estrat\u00e9gico C\u00e2mara de Santos: baixe gr\u00e1tis e prepare-se!","datePublished":"2020-01-15T11:00:00+00:00","mainEntityOfPage":{"@id":"https:\/\/www.estrategiaconcursos.com.br\/blog\/edital-estrategico-camara-de-santos-baixe-gratis-e-prepare-se\/"},"wordCount":434,"commentCount":0,"publisher":{"@id":"https:\/\/www.estrategiaconcursos.com.br\/blog\/#organization"},"articleSection":["Concursos P\u00fablicos"],"inLanguage":"pt-BR","potentialAction":[{"@type":"CommentAction","name":"Comment","target":["https:\/\/www.estrategiaconcursos.com.br\/blog\/edital-estrategico-camara-de-santos-baixe-gratis-e-prepare-se\/#respond"]}],"copyrightYear":"2020","copyrightHolder":{"@id":"https:\/\/www.estrategiaconcursos.com.br\/blog\/#organization"}},{"@type":"WebPage","@id":"https:\/\/www.estrategiaconcursos.com.br\/blog\/edital-estrategico-camara-de-santos-baixe-gratis-e-prepare-se\/","url":"https:\/\/www.estrategiaconcursos.com.br\/blog\/edital-estrategico-camara-de-santos-baixe-gratis-e-prepare-se\/","name":"Edital Estrat\u00e9gico C\u00e2mara de Santos: baixe gr\u00e1tis e prepare-se! %","isPartOf":{"@id":"https:\/\/www.estrategiaconcursos.com.br\/blog\/#website"},"datePublished":"2020-01-15T11:00:00+00:00","breadcrumb":{"@id":"https:\/\/www.estrategiaconcursos.com.br\/blog\/edital-estrategico-camara-de-santos-baixe-gratis-e-prepare-se\/#breadcrumb"},"inLanguage":"pt-BR","potentialAction":[{"@type":"ReadAction","target":["https:\/\/www.estrategiaconcursos.com.br\/blog\/edital-estrategico-camara-de-santos-baixe-gratis-e-prepare-se\/"]}]},{"@type":"BreadcrumbList","@id":"https:\/\/www.estrategiaconcursos.com.br\/blog\/edital-estrategico-camara-de-santos-baixe-gratis-e-prepare-se\/#breadcrumb","itemListElement":[{"@type":"ListItem","position":1,"name":"In\u00edcio","item":"https:\/\/www.estrategiaconcursos.com.br\/blog\/"},{"@type":"ListItem","position":2,"name":"Edital Estrat\u00e9gico C\u00e2mara de Santos: baixe gr\u00e1tis e prepare-se!"}]},{"@type":"WebSite","@id":"https:\/\/www.estrategiaconcursos.com.br\/blog\/#website","url":"https:\/\/www.estrategiaconcursos.com.br\/blog\/","name":"Estrat\u00e9gia Concursos","description":"O blog da Estrat\u00e9gia Concursos traz not\u00edcias sobre concursos e artigos de professores oferecendo cursos para concursos (pdf + videaulas) no site.","publisher":{"@id":"https:\/\/www.estrategiaconcursos.com.br\/blog\/#organization"},"potentialAction":[{"@type":"SearchAction","target":{"@type":"EntryPoint","urlTemplate":"https:\/\/www.estrategiaconcursos.com.br\/blog\/?s={search_term_string}"},"query-input":{"@type":"PropertyValueSpecification","valueRequired":true,"valueName":"search_term_string"}}],"inLanguage":"pt-BR"},{"@type":"Organization","@id":"https:\/\/www.estrategiaconcursos.com.br\/blog\/#organization","name":"Estrat\u00e9gia Concursos","url":"https:\/\/www.estrategiaconcursos.com.br\/blog\/","logo":{"@type":"ImageObject","inLanguage":"pt-BR","@id":"https:\/\/www.estrategiaconcursos.com.br\/blog\/#\/schema\/logo\/image\/","url":"https:\/\/dhg1h5j42swfq.cloudfront.net\/2025\/06\/03203428\/logo_concursos-1.jpg","contentUrl":"https:\/\/dhg1h5j42swfq.cloudfront.net\/2025\/06\/03203428\/logo_concursos-1.jpg","width":230,"height":60,"caption":"Estrat\u00e9gia Concursos"},"image":{"@id":"https:\/\/www.estrategiaconcursos.com.br\/blog\/#\/schema\/logo\/image\/"},"sameAs":["https:\/\/x.com\/EstratConcursos"]},{"@type":"Person","@id":"https:\/\/www.estrategiaconcursos.com.br\/blog\/#\/schema\/person\/af8550eb004733638b2d6056bcdab927","name":"Natalia Coelho","image":{"@type":"ImageObject","inLanguage":"pt-BR","@id":"https:\/\/secure.gravatar.com\/avatar\/47fd5024e4ce58f56ff06346e4aac5b08ce3a7f62069ccfd258656cc9879966f?s=96&d=mm&r=g","url":"https:\/\/secure.gravatar.com\/avatar\/47fd5024e4ce58f56ff06346e4aac5b08ce3a7f62069ccfd258656cc9879966f?s=96&d=mm&r=g","contentUrl":"https:\/\/secure.gravatar.com\/avatar\/47fd5024e4ce58f56ff06346e4aac5b08ce3a7f62069ccfd258656cc9879966f?s=96&d=mm&r=g","caption":"Natalia Coelho"},"url":"https:\/\/www.estrategiaconcursos.com.br\/blog\/author\/natalia-coelho\/"}]}},"_links":{"self":[{"href":"https:\/\/www.estrategiaconcursos.com.br\/blog\/wp-json\/wp\/v2\/posts\/469895","targetHints":{"allow":["GET"]}}],"collection":[{"href":"https:\/\/www.estrategiaconcursos.com.br\/blog\/wp-json\/wp\/v2\/posts"}],"about":[{"href":"https:\/\/www.estrategiaconcursos.com.br\/blog\/wp-json\/wp\/v2\/types\/post"}],"author":[{"embeddable":true,"href":"https:\/\/www.estrategiaconcursos.com.br\/blog\/wp-json\/wp\/v2\/users\/466"}],"replies":[{"embeddable":true,"href":"https:\/\/www.estrategiaconcursos.com.br\/blog\/wp-json\/wp\/v2\/comments?post=469895"}],"version-history":[{"count":1,"href":"https:\/\/www.estrategiaconcursos.com.br\/blog\/wp-json\/wp\/v2\/posts\/469895\/revisions"}],"predecessor-version":[{"id":469916,"href":"https:\/\/www.estrategiaconcursos.com.br\/blog\/wp-json\/wp\/v2\/posts\/469895\/revisions\/469916"}],"wp:attachment":[{"href":"https:\/\/www.estrategiaconcursos.com.br\/blog\/wp-json\/wp\/v2\/media?parent=469895"}],"wp:term":[{"taxonomy":"category","embeddable":true,"href":"https:\/\/www.estrategiaconcursos.com.br\/blog\/wp-json\/wp\/v2\/categories?post=469895"},{"taxonomy":"post_tag","embeddable":true,"href":"https:\/\/www.estrategiaconcursos.com.br\/blog\/wp-json\/wp\/v2\/tags?post=469895"},{"taxonomy":"tax_estado","embeddable":true,"href":"https:\/\/www.estrategiaconcursos.com.br\/blog\/wp-json\/wp\/v2\/tax_estado?post=469895"}],"curies":[{"name":"wp","href":"https:\/\/api.w.org\/{rel}","templated":true}]}}