{"id":469724,"date":"2024-04-16T16:28:37","date_gmt":"2024-04-16T19:28:37","guid":{"rendered":"https:\/\/www.estrategiaconcursos.com.br\/blog\/?p=469724"},"modified":"2024-04-16T16:28:39","modified_gmt":"2024-04-16T19:28:39","slug":"concurso-prefeitura-redencao-pa","status":"publish","type":"post","link":"https:\/\/www.estrategiaconcursos.com.br\/blog\/concurso-prefeitura-redencao-pa\/","title":{"rendered":"Concurso Reden\u00e7\u00e3o PA: gabaritos divulgados!"},"content":{"rendered":"\n<h3 class=\"wp-block-heading\" id=\"h-salarios-reajustados-em-retificacao\"><em>Sal\u00e1rios reajustados em retifica\u00e7\u00e3o<\/em>;<\/h3>\n\n\n\n<p>Foram divulgados os gabaritos preliminares da prova objetiva, principal avalia\u00e7\u00e3o do concurso da <strong>Prefeitura de <a href=\"https:\/\/www.estrategiaconcursos.com.br\/cursosPorConcurso\/prefeitura-municipal-de-redencao-pa\/\" target=\"_blank\" rel=\"noreferrer noopener\">Reden\u00e7\u00e3o<\/a><\/strong>, no Par\u00e1. Confira:<\/p>\n\n\n\n<ul class=\"wp-block-list\">\n<li><a href=\"https:\/\/dhg1h5j42swfq.cloudfront.net\/2024\/04\/16162606\/4yz5ltwmidiqzofkkdmc9nnumm6ufcbnxw7fgfdf.pdf\" target=\"_blank\" rel=\"noreferrer noopener nofollow\">Gabaritos preliminares<\/a><\/li>\n<\/ul>\n\n\n\n<p>Agora, os interessados em realizar todo o procedimento de interposi\u00e7\u00e3o de recursos poder\u00e3o solicitar o requerimento entre os dias <strong>16 e 17 de abril<\/strong>, atrav\u00e9s do site da banca, a FACET. <\/p>\n\n\n\n<p>Vale lembrar que, de acordo com as informa\u00e7\u00f5es divulgadas pela banca, quase todos os vencimentos dos cargos tiveram um aumento significativo, com valores <strong>iniciais de at\u00e9 R$ 6 mil<\/strong>, dependendo da fun\u00e7\u00e3o.<\/p>\n\n\n\n<ul class=\"wp-block-list\">\n<li><a href=\"https:\/\/dhg1h5j42swfq.cloudfront.net\/2024\/03\/07104831\/qpxbdl415eelodciujqgprxwhuefk3okwgf8zliy-1.pdf\" target=\"_blank\" rel=\"noreferrer noopener nofollow\"><strong>Confira a retifica\u00e7\u00e3o aqui!<\/strong><\/a><\/li>\n<\/ul>\n\n\n\n<p>Vale lembrar que s\u00e3o ofertadas <strong>1.457 vagas<\/strong>, disputadas por 14.874 candidatos <a href=\"https:\/\/dhg1h5j42swfq.cloudfront.net\/2024\/03\/28085131\/lc68dyznatmhe27emljz0ntmcerg3yt38i6p824t.pdf\" target=\"_blank\" rel=\"noreferrer noopener nofollow\">inscritos<\/a>. As oportunidades se distribuem em cargos de n\u00edveis \u00a0fundamental, m\u00e9dio, t\u00e9cnico e superior.<\/p>\n\n\n\n<p>Ademais, ainda haver\u00e1 uma prova pr\u00e1tica e uma avalia\u00e7\u00e3o de t\u00edtulos para cargos espec\u00edficos do concurso. Para entender os detalhes, navegue neste artigo e confira os t\u00f3picos que tratam acerca das etapas de provas. <\/p>\n\n\n\n<ul id=\"block-ee678516-e9d1-48bd-b327-7b9acd55f0fd\" class=\"has-very-light-gray-to-cyan-bluish-gray-gradient-background has-background wp-block-list\">\n<li><strong>Prefeitura Municipal de Reden\u00e7\u00e3o \u2013 PA<\/strong><\/li>\n\n\n\n<li><strong>Status:<\/strong> provas aplicadas e gabaritos divulgados<\/li>\n\n\n\n<li><strong>Banca:<\/strong>&nbsp;<a href=\"https:\/\/concursos.facetconcursos.com.br\/informacoes\/7\/\" target=\"_blank\" rel=\"noreferrer noopener\">FACET Concursos<\/a><\/li>\n\n\n\n<li><strong>Vagas:&nbsp;<\/strong>1.457<\/li>\n\n\n\n<li><strong>Sal\u00e1rio inicial:<\/strong>&nbsp;R$ 1.412,00 a R$ 6.000,00<\/li>\n\n\n\n<li><strong>Edital<\/strong>:&nbsp;<a href=\"https:\/\/dhg1h5j42swfq.cloudfront.net\/2024\/01\/12104538\/ur3lfub20kxr24bqng96lxt5evjofhmz9lz54l7j-1.pdf\" target=\"_blank\" rel=\"noreferrer noopener nofollow\">Reden\u00e7\u00e3o PA 2024<\/a><\/li>\n<\/ul>\n\n\n\n<p>Confira neste artigo as principais informa\u00e7\u00f5es do concurso Prefeitura Reden\u00e7\u00e3o, munic\u00edpio do Par\u00e1. Acompanhe os t\u00f3picos abaixo e n\u00e3o perca nenhum detalhe:<\/p>\n\n\n\n<ul class=\"wp-block-list\" id=\"indice\">\n<li><strong><a href=\"#cargos\">Cargos e vagas<\/a><\/strong><\/li>\n\n\n\n<li><strong><a href=\"#etapas\">Etapas do concurso<\/a><\/strong>\n<ul class=\"wp-block-list\">\n<li><a href=\"#objetiva\">Prova objetiva<\/a><\/li>\n\n\n\n<li><a href=\"#pratica\">Prova pr\u00e1tica<\/a><\/li>\n<\/ul>\n<\/li>\n\n\n\n<li><strong><a href=\"#cursos-assinatura\">Cursos e Assinatura<\/a><\/strong><\/li>\n\n\n\n<li><strong><a href=\"#ficha-tecnica\">Ficha t\u00e9cnica<\/a><\/strong><\/li>\n<\/ul>\n\n\n\n<div class=\"container\" id=\"boxes\">\n  <div class=\"row\">\n\n    <div class=\"col-sm\">\n      <div class=\"banner-estrategia\" id=\"box-assinatura\">\n        <h3 class=\"titulo-assinatura\">Cursos Prefeitura de Reden\u00e7\u00e3o-PA<\/h3>\n        <p class=\"subtitulo-assinatura\">Conhe\u00e7a os cursos<\/p>\n        <div class=\"box-botao\">\n          <a class=\"btn-assinatura\" target=\"_blank\" href=\"https:\/\/www.estrategiaconcursos.com.br\/cursosPorConcurso\/prefeitura-municipal-de-redencao-pa\/\" role=\"button\" rel=\"noopener noreferrer\">Conhe\u00e7a mais<\/a>\n        <\/div>\n      <\/div>\n      \n    <\/div>\n\n  <\/div>\n<\/div>\n\n\n\n<h2 class=\"wp-block-heading\" id=\"cargos\">Concurso Prefeitura Reden\u00e7\u00e3o: cargos, vagas e sal\u00e1rios<\/h2>\n\n\n\n<p>Confira abaixo a rela\u00e7\u00e3o de cargos, vagas e sal\u00e1rios (reajustados) do concurso p\u00fablico Reden\u00e7\u00e3o: <\/p>\n\n\n\n<h3 class=\"wp-block-heading\" id=\"edital-1\"><span style=\"text-decoration: underline;\">Secretaria Municipal da Educa\u00e7\u00e3o, Cultura e Lazer<\/span><\/h3>\n\n\n\n<h4 class=\"wp-block-heading\">N\u00edvel fundamental<\/h4>\n\n\n\n<figure class=\"wp-block-table is-style-stripes\"><table class=\"has-white-background-color has-background\"><thead><tr><th class=\"has-text-align-center\" data-align=\"center\">Cargos<\/th><th class=\"has-text-align-center\" data-align=\"center\">Vagas<\/th><th class=\"has-text-align-center\" data-align=\"center\">Remunera\u00e7\u00f5es<\/th><\/tr><\/thead><tbody><tr><td class=\"has-text-align-center\" data-align=\"center\">AGENTE DE INFRAESTRUTURA<br \/>EDUCACIONAL I (diversas \u00e1reas)<\/td><td class=\"has-text-align-center\" data-align=\"center\">223<\/td><td class=\"has-text-align-center\" data-align=\"center\">R$ 1.435,53 a R$ 2.307,85<\/td><\/tr><tr><td class=\"has-text-align-center\" data-align=\"center\">MOTORISTA I<\/td><td class=\"has-text-align-center\" data-align=\"center\">3<\/td><td class=\"has-text-align-center\" data-align=\"center\"> R$ 2.307,85<\/td><\/tr><tr><td class=\"has-text-align-center\" data-align=\"center\">MOTORISTA II<\/td><td class=\"has-text-align-center\" data-align=\"center\"> 5<\/td><td class=\"has-text-align-center\" data-align=\"center\"> R$ 2.307,85<\/td><\/tr><\/tbody><\/table><figcaption class=\"wp-element-caption\">Vagas e remunera\u00e7\u00f5es dos cargos de n\u00edvel fundamental<\/figcaption><\/figure>\n\n\n\n<h4 class=\"wp-block-heading\">N\u00edvel m\u00e9dio<\/h4>\n\n\n\n<figure class=\"wp-block-table is-style-stripes\"><table class=\"has-white-background-color has-background\"><thead><tr><th class=\"has-text-align-center\" data-align=\"center\">Cargos<\/th><th class=\"has-text-align-center\" data-align=\"center\">Vagas<\/th><th class=\"has-text-align-center\" data-align=\"center\">Remunera\u00e7\u00f5es<\/th><\/tr><\/thead><tbody><tr><td class=\"has-text-align-center\" data-align=\"center\">AGENTE DE INFRAESTRUTURA<br \/>EDUCACIONAL II \u2013 MERENDEIRA<\/td><td class=\"has-text-align-center\" data-align=\"center\">37<\/td><td class=\"has-text-align-center\" data-align=\"center\">R$ 1.722,42<\/td><\/tr><tr><td class=\"has-text-align-center\" data-align=\"center\">AGENTE DE SUPORTE EDUCACIONAL II \u2013 AUXILIAR<br \/>DE SALA, AUXILIAR DE BIBLIOTECA, INSTRUTOR DE<br \/>ARTES, INSTRUTOR DE MUSICA, MONITOR E RECREADOR<\/td><td class=\"has-text-align-center\" data-align=\"center\"> 260<\/td><td class=\"has-text-align-center\" data-align=\"center\">R$ 1.435,53<\/td><\/tr><tr><td class=\"has-text-align-center\" data-align=\"center\">T\u00c9CNICO EM INFORM\u00c1TICA<\/td><td class=\"has-text-align-center\" data-align=\"center\">2<\/td><td class=\"has-text-align-center\" data-align=\"center\">R$ 2.307,85<\/td><\/tr><\/tbody><\/table><figcaption class=\"wp-element-caption\">Vagas e remunera\u00e7\u00f5es dos cargos de n\u00edvel m\u00e9dio<\/figcaption><\/figure>\n\n\n\n<h4 class=\"wp-block-heading\">N\u00edvel superior<\/h4>\n\n\n\n<figure class=\"wp-block-table is-style-stripes\"><table class=\"has-white-background-color has-background\"><thead><tr><th class=\"has-text-align-center\" data-align=\"center\">Cargos<\/th><th class=\"has-text-align-center\" data-align=\"center\">Vagas<\/th><th class=\"has-text-align-center\" data-align=\"center\">Remunera\u00e7\u00e3o<\/th><\/tr><\/thead><tbody><tr><td class=\"has-text-align-center\" data-align=\"center\"><a href=\"https:\/\/www.estrategiaconcursos.com.br\/curso\/prefeitura-de-redencao-pa-analista-de-suporte-em-tecnologia-da-informacao-pacote-2024-pos-edital\/\" target=\"_blank\" rel=\"noreferrer noopener\">ANALISTA DE SUPORTE EM<br \/>TECNOLOGIA DA INFORMA\u00c7\u00c3O<\/a><\/td><td class=\"has-text-align-center\" data-align=\"center\"> 1<\/td><td class=\"has-text-align-center\" data-align=\"center\">R$ 4.324,20<\/td><\/tr><tr><td class=\"has-text-align-center\" data-align=\"center\"><a href=\"https:\/\/www.estrategiaconcursos.com.br\/curso\/prefeitura-de-redencao-pa-assistente-social-pacote-completo-2024-pos-edital\/\" target=\"_blank\" rel=\"noreferrer noopener\">ASSISTENTE SOCIAL EDUCACIONAL<\/a><\/td><td class=\"has-text-align-center\" data-align=\"center\"> 6<\/td><td class=\"has-text-align-center\" data-align=\"center\">R$ 4.077,10<\/td><\/tr><tr><td class=\"has-text-align-center\" data-align=\"center\"><a href=\"https:\/\/www.estrategiaconcursos.com.br\/curso\/prefeitura-de-redencao-pa-arquitetura-administrativa-e-arquitetura-educacional-pacote-2024-pos-edital\/\" target=\"_blank\" rel=\"noreferrer noopener\">ARQUITETO EDUCACIONAL<\/a><\/td><td class=\"has-text-align-center\" data-align=\"center\">1<\/td><td class=\"has-text-align-center\" data-align=\"center\">R$ 4.000,00<\/td><\/tr><tr><td class=\"has-text-align-center\" data-align=\"center\">ENGENHEIRO (diversas especialidades)<\/td><td class=\"has-text-align-center\" data-align=\"center\"> 3<\/td><td class=\"has-text-align-center\" data-align=\"center\">R$ 4.000,00<\/td><\/tr><tr><td class=\"has-text-align-center\" data-align=\"center\">ORIENTADOR EDUCACIONAL<\/td><td class=\"has-text-align-center\" data-align=\"center\">42 <\/td><td class=\"has-text-align-center\" data-align=\"center\">R$ 3.500,00<\/td><\/tr><tr><td class=\"has-text-align-center\" data-align=\"center\"><a href=\"https:\/\/www.estrategiaconcursos.com.br\/curso\/prefeitura-de-redencao-pa-professor-pii-geografia-pacote-2024-pos-edital\/\" target=\"_blank\" rel=\"noreferrer noopener\">PROFESSOR <\/a>PII (diversas \u00e1reas)<\/td><td class=\"has-text-align-center\" data-align=\"center\">519 <\/td><td class=\"has-text-align-center\" data-align=\"center\">R$ 2.336,36<\/td><\/tr><tr><td class=\"has-text-align-center\" data-align=\"center\">PSIC\u00d3LOGO EDUCACIONAL<\/td><td class=\"has-text-align-center\" data-align=\"center\"> 6<\/td><td class=\"has-text-align-center\" data-align=\"center\">R$ 4.077,10<\/td><\/tr><tr><td class=\"has-text-align-center\" data-align=\"center\">T\u00c9CNICO DE SUPORTE ALIMENTAR I<\/td><td class=\"has-text-align-center\" data-align=\"center\"> 2<\/td><td class=\"has-text-align-center\" data-align=\"center\">R$ 4.563,67<\/td><\/tr><tr><td class=\"has-text-align-center\" data-align=\"center\">T\u00c9CNICO EM SUPORTE ALIMENTAR II<\/td><td class=\"has-text-align-center\" data-align=\"center\">1<\/td><td class=\"has-text-align-center\" data-align=\"center\">R$ 3.706,45<\/td><\/tr><tr><td class=\"has-text-align-center\" data-align=\"center\">T\u00c9CNICO EM SUPORTE PEDAG\u00d3GICO<\/td><td class=\"has-text-align-center\" data-align=\"center\"> 24<\/td><td class=\"has-text-align-center\" data-align=\"center\">R$ 4.563,67<\/td><\/tr><\/tbody><\/table><figcaption class=\"wp-element-caption\">Vagas e remunera\u00e7\u00f5es dos cargos de n\u00edvel superior<\/figcaption><\/figure>\n\n\n\n<h3 class=\"wp-block-heading\" id=\"edital-3\"><span style=\"text-decoration: underline;\">Secretaria Municipal de Sa\u00fade<\/span><\/h3>\n\n\n\n<p class=\"has-background has-medium-font-size\" style=\"background-color:#cbe2f0\"><strong>&gt;&gt;&gt; S\u00e3o, ao todo, 102 vagas para n\u00edveis m\u00e9dio e superior. Para conferir os detalhes dos cargos, vagas, remunera\u00e7\u00f5es e etapas, acesse o artigo que elaboramos especificamente para <a href=\"https:\/\/www.estrategiaconcursos.com.br\/blog\/concurso-sms-redencao-pa\/\" target=\"_blank\" rel=\"noreferrer noopener\">SMS Reden\u00e7\u00e3o<\/a>.<\/strong><\/p>\n\n\n\n<h3 class=\"wp-block-heading\" id=\"h-administracao-publica-municipal\"><span style=\"text-decoration: underline;\">Administra\u00e7\u00e3o P\u00fablica Municipal<\/span><\/h3>\n\n\n\n<figure class=\"wp-block-table is-style-stripes\"><table><thead><tr><th class=\"has-text-align-center\" data-align=\"center\">Cargos<\/th><th class=\"has-text-align-center\" data-align=\"center\">Vagas<\/th><th class=\"has-text-align-center\" data-align=\"center\">Remunera\u00e7\u00f5es<\/th><\/tr><\/thead><tbody><tr><td class=\"has-text-align-center\" data-align=\"center\">TRABALHADOR DE SERVI\u00c7OS DE<br \/>LIMPEZA E CONSERVA\u00c7\u00c3O DE<br \/>\u00c1REAS P\u00daBLICAS<\/td><td class=\"has-text-align-center\" data-align=\"center\">25<\/td><td class=\"has-text-align-center\" data-align=\"center\">R$ 1.412,00<\/td><\/tr><tr><td class=\"has-text-align-center\" data-align=\"center\">AUXILIAR DE LAVANDERIA EM GERAL<\/td><td class=\"has-text-align-center\" data-align=\"center\">8<\/td><td class=\"has-text-align-center\" data-align=\"center\">R$ 1.412,00<\/td><\/tr><tr><td class=\"has-text-align-center\" data-align=\"center\">COZINHEIRO EM GERAL<\/td><td class=\"has-text-align-center\" data-align=\"center\">8<\/td><td class=\"has-text-align-center\" data-align=\"center\">R$ 1.412,00<\/td><\/tr><tr><td class=\"has-text-align-center\" data-align=\"center\">SEPULTADOR<\/td><td class=\"has-text-align-center\" data-align=\"center\">4<\/td><td class=\"has-text-align-center\" data-align=\"center\">R$ 1.412,00<\/td><\/tr><tr><td class=\"has-text-align-center\" data-align=\"center\"><a href=\"https:\/\/www.estrategiaconcursos.com.br\/curso\/prefeitura-de-redencao-pa-motorista-pacote-completo-2024-pos-edital\/\" target=\"_blank\" rel=\"noreferrer noopener\">MOTORISTA AB<\/a><\/td><td class=\"has-text-align-center\" data-align=\"center\">5<\/td><td class=\"has-text-align-center\" data-align=\"center\">R$ 1.900,00<\/td><\/tr><tr><td class=\"has-text-align-center\" data-align=\"center\">MOTORISTA CD<\/td><td class=\"has-text-align-center\" data-align=\"center\">8<\/td><td class=\"has-text-align-center\" data-align=\"center\">R$ 2.000,00<\/td><\/tr><tr><td class=\"has-text-align-center\" data-align=\"center\">MOTORISTA E<\/td><td class=\"has-text-align-center\" data-align=\"center\">2<\/td><td class=\"has-text-align-center\" data-align=\"center\">R$ 2.200,00<\/td><\/tr><tr><td class=\"has-text-align-center\" data-align=\"center\">OPERADOR DE M\u00c1QUINA LEVE<\/td><td class=\"has-text-align-center\" data-align=\"center\">10<\/td><td class=\"has-text-align-center\" data-align=\"center\">R$ 1.800,00<\/td><\/tr><tr><td class=\"has-text-align-center\" data-align=\"center\">OPERADOR DE M\u00c1QUINA PESADA<\/td><td class=\"has-text-align-center\" data-align=\"center\">12<\/td><td class=\"has-text-align-center\" data-align=\"center\">R$ 2.000,00<\/td><\/tr><tr><td class=\"has-text-align-center\" data-align=\"center\">BORRACHEIRO<\/td><td class=\"has-text-align-center\" data-align=\"center\">2<\/td><td class=\"has-text-align-center\" data-align=\"center\">R$ 2.500,00<\/td><\/tr><tr><td class=\"has-text-align-center\" data-align=\"center\">ENCANADOR (*)<\/td><td class=\"has-text-align-center\" data-align=\"center\">2<\/td><td class=\"has-text-align-center\" data-align=\"center\">R$ 2.500,00<\/td><\/tr><tr><td class=\"has-text-align-center\" data-align=\"center\">MARCENEIRO (*)<\/td><td class=\"has-text-align-center\" data-align=\"center\">5<\/td><td class=\"has-text-align-center\" data-align=\"center\">R$ 2.500,00<\/td><\/tr><tr><td class=\"has-text-align-center\" data-align=\"center\">MECANICO (*)<\/td><td class=\"has-text-align-center\" data-align=\"center\">1<\/td><td class=\"has-text-align-center\" data-align=\"center\">R$ 2.500,00<\/td><\/tr><tr><td class=\"has-text-align-center\" data-align=\"center\">PEDREIRO (*)<\/td><td class=\"has-text-align-center\" data-align=\"center\">5<\/td><td class=\"has-text-align-center\" data-align=\"center\">R$ 2.500,00<\/td><\/tr><tr><td class=\"has-text-align-center\" data-align=\"center\">PINTOR (*)<\/td><td class=\"has-text-align-center\" data-align=\"center\">2<\/td><td class=\"has-text-align-center\" data-align=\"center\">R$ 2.500,00<\/td><\/tr><tr><td class=\"has-text-align-center\" data-align=\"center\">SOLDADOR (*)<\/td><td class=\"has-text-align-center\" data-align=\"center\">2<\/td><td class=\"has-text-align-center\" data-align=\"center\">R$ 1.900,00<\/td><\/tr><tr><td class=\"has-text-align-center\" data-align=\"center\">AGENTE DE APOIO<br \/>ADMINISTRATIVO<\/td><td class=\"has-text-align-center\" data-align=\"center\">50<\/td><td class=\"has-text-align-center\" data-align=\"center\">R$ 2.200,00<\/td><\/tr><tr><td class=\"has-text-align-center\" data-align=\"center\"><a href=\"https:\/\/www.estrategiaconcursos.com.br\/curso\/prefeitura-de-redencao-pa-agente-de-transito-pacote-completo-2024-pos-edital\/\" target=\"_blank\" rel=\"noreferrer noopener\">AGENTE MUNICIPAL DE TR\u00c2NSITO<\/a><\/td><td class=\"has-text-align-center\" data-align=\"center\">10<\/td><td class=\"has-text-align-center\" data-align=\"center\">R$ 2.500,00<\/td><\/tr><tr><td class=\"has-text-align-center\" data-align=\"center\">FACILITADOR DE OFICINA<\/td><td class=\"has-text-align-center\" data-align=\"center\">3<\/td><td class=\"has-text-align-center\" data-align=\"center\">R$ 1.800,00<\/td><\/tr><tr><td class=\"has-text-align-center\" data-align=\"center\">FISCAL DE INSPE\u00c7\u00c3O MUNICIPAL<\/td><td class=\"has-text-align-center\" data-align=\"center\">2<\/td><td class=\"has-text-align-center\" data-align=\"center\">R$ 2.500,00<\/td><\/tr><tr><td class=\"has-text-align-center\" data-align=\"center\">ORIENTADOR SOCIAL<\/td><td class=\"has-text-align-center\" data-align=\"center\">5<\/td><td class=\"has-text-align-center\" data-align=\"center\">R$ 1.800,00<\/td><\/tr><tr><td class=\"has-text-align-center\" data-align=\"center\">CUIDADOR SOCIAL<\/td><td class=\"has-text-align-center\" data-align=\"center\">15<\/td><td class=\"has-text-align-center\" data-align=\"center\">R$ 1.600,00<\/td><\/tr><\/tbody><\/table><figcaption class=\"wp-element-caption\">Vagas e remunera\u00e7\u00f5es dos cargos da Administra\u00e7\u00e3o P\u00fablica Municipal<\/figcaption><\/figure>\n\n\n\n<h4 class=\"wp-block-heading\">N\u00edvel m\u00e9dio<\/h4>\n\n\n\n<figure class=\"wp-block-table is-style-stripes\"><table class=\"has-white-background-color has-background\"><thead><tr><th class=\"has-text-align-center\" data-align=\"center\">Cargos<\/th><th class=\"has-text-align-center\" data-align=\"center\">Vagas<\/th><th class=\"has-text-align-center\" data-align=\"center\">Remunera\u00e7\u00e3o<\/th><\/tr><\/thead><tbody><tr><td class=\"has-text-align-center\" data-align=\"center\">T\u00c9CNICO AGR\u00cdCOLA<\/td><td class=\"has-text-align-center\" data-align=\"center\">1<\/td><td class=\"has-text-align-center\" data-align=\"center\">R$ 2.500,00<\/td><\/tr><tr><td class=\"has-text-align-center\" data-align=\"center\">T\u00c9CNICO AGROPECU\u00c1RIO<\/td><td class=\"has-text-align-center\" data-align=\"center\"> 1<\/td><td class=\"has-text-align-center\" data-align=\"center\">R$ 2.500,00<\/td><\/tr><tr><td class=\"has-text-align-center\" data-align=\"center\">T\u00c9CNICO EDIFICA\u00c7\u00d5ES<\/td><td class=\"has-text-align-center\" data-align=\"center\">1<\/td><td class=\"has-text-align-center\" data-align=\"center\">R$ 2.500,00<\/td><\/tr><tr><td class=\"has-text-align-center\" data-align=\"center\"><a href=\"https:\/\/www.estrategiaconcursos.com.br\/curso\/prefeitura-de-redencao-pa-tecnico-em-informatica-pacote-completo-2024-pos-edital\/\" target=\"_blank\" rel=\"noreferrer noopener\">T\u00c9CNICO INFORMATICA<\/a><\/td><td class=\"has-text-align-center\" data-align=\"center\">6<\/td><td class=\"has-text-align-center\" data-align=\"center\">R$ 2.500,00<\/td><\/tr><tr><td class=\"has-text-align-center\" data-align=\"center\">T\u00c9CNICO EM REFRIGERA\u00c7\u00c3O<\/td><td class=\"has-text-align-center\" data-align=\"center\">1<\/td><td class=\"has-text-align-center\" data-align=\"center\">R$ 2.500,00<\/td><\/tr><tr><td class=\"has-text-align-center\" data-align=\"center\">T\u00c9CNICO EM SEGURAN\u00c7A DO TRABALHO<\/td><td class=\"has-text-align-center\" data-align=\"center\">1<\/td><td class=\"has-text-align-center\" data-align=\"center\">R$ 2.500,00<\/td><\/tr><tr><td class=\"has-text-align-center\" data-align=\"center\">T\u00c9CNICO EM TOPOGRAFIA<\/td><td class=\"has-text-align-center\" data-align=\"center\">1<\/td><td class=\"has-text-align-center\" data-align=\"center\">R$ 2.500,00<\/td><\/tr><tr><td class=\"has-text-align-center\" data-align=\"center\">T\u00c9CNICO EM ZOOTECNIA<\/td><td class=\"has-text-align-center\" data-align=\"center\">1<\/td><td class=\"has-text-align-center\" data-align=\"center\">R$ 2.500,00<\/td><\/tr><\/tbody><\/table><figcaption class=\"wp-element-caption\">Vagas de n\u00edvel m\u00e9dio da Administra\u00e7\u00e3o P\u00fablica Municipal<\/figcaption><\/figure>\n\n\n\n<h4 class=\"wp-block-heading\">N\u00edvel superior<\/h4>\n\n\n\n<figure class=\"wp-block-table is-style-stripes\"><table class=\"has-white-background-color has-background\"><thead><tr><th class=\"has-text-align-center\" data-align=\"center\">Cargos<\/th><th class=\"has-text-align-center\" data-align=\"center\">Vagas<\/th><th class=\"has-text-align-center\" data-align=\"center\">Remunera\u00e7\u00e3o<\/th><\/tr><\/thead><tbody><tr><td class=\"has-text-align-center\" data-align=\"center\">ADMINISTRADOR DE EMPRESA<\/td><td class=\"has-text-align-center\" data-align=\"center\">1<\/td><td class=\"has-text-align-center\" data-align=\"center\">R$ 5.000,00<\/td><\/tr><tr><td class=\"has-text-align-center\" data-align=\"center\">ARQUITETO<\/td><td class=\"has-text-align-center\" data-align=\"center\">2<\/td><td class=\"has-text-align-center\" data-align=\"center\">R$ 6.000,00<\/td><\/tr><tr><td class=\"has-text-align-center\" data-align=\"center\"><a href=\"https:\/\/www.estrategiaconcursos.com.br\/curso\/prefeitura-de-redencao-pa-assistente-social-pacote-completo-2024-pos-edital\/\" target=\"_blank\" rel=\"noreferrer noopener\">ASSISTENTE SOCIAL<\/a><\/td><td class=\"has-text-align-center\" data-align=\"center\">10<\/td><td class=\"has-text-align-center\" data-align=\"center\">R$ 4.000,00<\/td><\/tr><tr><td class=\"has-text-align-center\" data-align=\"center\"><a href=\"https:\/\/www.estrategiaconcursos.com.br\/curso\/prefeitura-de-redencao-pa-iss-redencao-pa-auditor-fiscal-pacote-2024-pos-edital\/\" target=\"_blank\" rel=\"noreferrer noopener\">AUDITOR FISCAL<\/a><\/td><td class=\"has-text-align-center\" data-align=\"center\">1<\/td><td class=\"has-text-align-center\" data-align=\"center\">R$ 4.000,00<\/td><\/tr><tr><td class=\"has-text-align-center\" data-align=\"center\">ENGENHEIRO (diversas especialidades)<\/td><td class=\"has-text-align-center\" data-align=\"center\">6<\/td><td class=\"has-text-align-center\" data-align=\"center\">R$ 6.000,00<\/td><\/tr><tr><td class=\"has-text-align-center\" data-align=\"center\">FISIOTERAPEUTA<\/td><td class=\"has-text-align-center\" data-align=\"center\">2<\/td><td class=\"has-text-align-center\" data-align=\"center\">R$ 4.000,00<\/td><\/tr><tr><td class=\"has-text-align-center\" data-align=\"center\">PEDAGOGO<\/td><td class=\"has-text-align-center\" data-align=\"center\">2<\/td><td class=\"has-text-align-center\" data-align=\"center\">R$ 4.000,00<\/td><\/tr><tr><td class=\"has-text-align-center\" data-align=\"center\">PSIC\u00d3LOGO<\/td><td class=\"has-text-align-center\" data-align=\"center\">2<\/td><td class=\"has-text-align-center\" data-align=\"center\">R$ 4.000,00<\/td><\/tr><tr><td class=\"has-text-align-center\" data-align=\"center\">TECN\u00d3LOGO EM ALIMENTOS<\/td><td class=\"has-text-align-center\" data-align=\"center\">1<\/td><td class=\"has-text-align-center\" data-align=\"center\">R$ 4.000,00<\/td><\/tr><tr><td class=\"has-text-align-center\" data-align=\"center\">NUTRICIONISTA<\/td><td class=\"has-text-align-center\" data-align=\"center\">1<\/td><td class=\"has-text-align-center\" data-align=\"center\">R$ 4.000,00<\/td><\/tr><tr><td class=\"has-text-align-center\" data-align=\"center\">TERAPEUTA OCUPACIONAL<\/td><td class=\"has-text-align-center\" data-align=\"center\">1<\/td><td class=\"has-text-align-center\" data-align=\"center\">R$ 4.000,00<\/td><\/tr><tr><td class=\"has-text-align-center\" data-align=\"center\">M\u00c9DICO VETERIN\u00c1RIO<\/td><td class=\"has-text-align-center\" data-align=\"center\">2<\/td><td class=\"has-text-align-center\" data-align=\"center\">R$ 4.000,00<\/td><\/tr><tr><td class=\"has-text-align-center\" data-align=\"center\">ZOOTECNISTA<\/td><td class=\"has-text-align-center\" data-align=\"center\">1<\/td><td class=\"has-text-align-center\" data-align=\"center\">R$ 4.000,00<\/td><\/tr><\/tbody><\/table><figcaption class=\"wp-element-caption\">Vagas de n\u00edvel superior da Administra\u00e7\u00e3o P\u00fablica Municipal<\/figcaption><\/figure>\n\n\n\n<h3 class=\"wp-block-heading\" id=\"h-secretaria-de-meio-ambiente\"><span style=\"text-decoration: underline;\">Secretaria de Meio Ambiente<\/span><\/h3>\n\n\n\n<h4 class=\"wp-block-heading\">N\u00edvel m\u00e9dio<\/h4>\n\n\n\n<figure class=\"wp-block-table is-style-stripes\"><table class=\"has-white-background-color has-background\"><thead><tr><th class=\"has-text-align-center\" data-align=\"center\">Cargos<\/th><th class=\"has-text-align-center\" data-align=\"center\">Vagas<\/th><th class=\"has-text-align-center\" data-align=\"center\">Remunera\u00e7\u00e3o<\/th><\/tr><\/thead><tbody><tr><td class=\"has-text-align-center\" data-align=\"center\">FISCAL AMBIENTAL<\/td><td class=\"has-text-align-center\" data-align=\"center\">4<\/td><td class=\"has-text-align-center\" data-align=\"center\">R$ 2.500,00<\/td><\/tr><tr><td class=\"has-text-align-center\" data-align=\"center\">T\u00c9CNICO AMBIENTAL<\/td><td class=\"has-text-align-center\" data-align=\"center\"> 2<\/td><td class=\"has-text-align-center\" data-align=\"center\">R$ 2.500,00<\/td><\/tr><\/tbody><\/table><figcaption class=\"wp-element-caption\">Vagas de n\u00edvel m\u00e9dio da Secretaria de Meio Ambiente<\/figcaption><\/figure>\n\n\n\n<h4 class=\"wp-block-heading\" id=\"h-nivel-superior\">N\u00edvel superior<\/h4>\n\n\n\n<figure class=\"wp-block-table is-style-stripes\"><table class=\"has-white-background-color has-background\"><thead><tr><th class=\"has-text-align-center\" data-align=\"center\">Cargos<\/th><th class=\"has-text-align-center\" data-align=\"center\">Vagas<\/th><th class=\"has-text-align-center\" data-align=\"center\">Remunera\u00e7\u00e3o<\/th><\/tr><\/thead><tbody><tr><td class=\"has-text-align-center\" data-align=\"center\"><a href=\"https:\/\/www.estrategiaconcursos.com.br\/curso\/prefeitura-de-redencao-pa-analista-ambiental-pacote-2024-pos-edital\/\" target=\"_blank\" rel=\"noreferrer noopener\">ANALISTA AMBIENTAL COM \u00caNFASE EM<br \/>LICENCIAMENTO AMBIENTAL<\/a><\/td><td class=\"has-text-align-center\" data-align=\"center\">2<\/td><td class=\"has-text-align-center\" data-align=\"center\">R$ 6.000,00<\/td><\/tr><tr><td class=\"has-text-align-center\" data-align=\"center\">ANALISTA AMBIENTAL<br \/>COM \u00caNFASE EM MONITORAMENTO, CONTROLE,<br \/>FISCALIZA\u00c7\u00c3O E AUDITORIA AMBIENTA<\/td><td class=\"has-text-align-center\" data-align=\"center\"> 2<\/td><td class=\"has-text-align-center\" data-align=\"center\">R$ 6.000,00<\/td><\/tr><tr><td class=\"has-text-align-center\" data-align=\"center\">ANALISTA AMBIENTAL<br \/>COM \u00caNFASE EM GEST\u00c3O PROTE\u00c7\u00c3O E<br \/>CONTROLE DE QUALIDADE AMBIENTAL<\/td><td class=\"has-text-align-center\" data-align=\"center\">2<\/td><td class=\"has-text-align-center\" data-align=\"center\">R$ 6.000,00<\/td><\/tr><\/tbody><\/table><figcaption class=\"wp-element-caption\">Vagas de n\u00edvel superior da Secretaria de Meio Ambiente<\/figcaption><\/figure>\n\n\n\n<ul class=\"wp-block-list\">\n<li><a href=\"https:\/\/dhg1h5j42swfq.cloudfront.net\/2024\/02\/21100705\/e6wuykckec8qfz5trhwe891qt7posuskjfmdvkrm-1.pdf\" target=\"_blank\" rel=\"noreferrer noopener nofollow\">Confira algumas altera\u00e7\u00f5es de requisitos do edital da Prefeitura de Reden\u00e7\u00e3o<\/a><\/li>\n<\/ul>\n\n\n\n<h2 class=\"wp-block-heading\" id=\"etapas\">Concurso Prefeitura de Reden\u00e7\u00e3o: etapas de provas<\/h2>\n\n\n\n<p>Os candidatos do concurso Reden\u00e7\u00e3o ser\u00e3o avaliados mediante aplica\u00e7\u00e3o das seguintes etapas:<\/p>\n\n\n\n<ul class=\"wp-block-list\">\n<li><strong>Prova Objetiva<\/strong>&nbsp;\u2013 para todos os cargos, de car\u00e1ter classificat\u00f3rio e eliminat\u00f3rio;<\/li>\n\n\n\n<li><strong>Prova Pr\u00e1tica<\/strong>&nbsp;\u2013 para cargos espec\u00edficos, de car\u00e1ter eliminat\u00f3rio; e<\/li>\n\n\n\n<li><strong>Avalia\u00e7\u00e3o de T\u00edtulos<\/strong> \u2013 para cargos de Professor.<\/li>\n<\/ul>\n\n\n\n<h3 class=\"wp-block-heading\" id=\"objetiva\">Prova Objetiva<\/h3>\n\n\n\n<p>A Prova escrita objetiva <strong>teve dura\u00e7\u00e3o de 3 horas<\/strong>, para todos os cargos. Esta etapa contou com quest\u00f5es de l\u00edngua portuguesa, matem\u00e1tica, inform\u00e1tica, conhecimentos gerais e espec\u00edficos. <\/p>\n\n\n\n<p>O conte\u00fado program\u00e1tico do concurso Reden\u00e7\u00e3o completo dividido por cargo se encontra no edital dispon\u00edvel em nosso site para consulta.<\/p>\n\n\n\n<figure class=\"wp-block-image aligncenter size-full is-resized\"><img loading=\"lazy\" decoding=\"async\" width=\"952\" height=\"707\" src=\"https:\/\/dhg1h5j42swfq.cloudfront.net\/2024\/01\/12104913\/image-388.png\" alt=\"Concurso Reden\u00e7\u00e3o: Tabela de detalhes da Prova Objetiva para todos os cargos \" class=\"wp-image-1334933\" style=\"width:840px;height:auto\" srcset=\"https:\/\/dhg1h5j42swfq.cloudfront.net\/2024\/01\/12104913\/image-388.png 952w, https:\/\/dhg1h5j42swfq.cloudfront.net\/2024\/01\/12104913\/image-388-300x223.png 300w, https:\/\/dhg1h5j42swfq.cloudfront.net\/2024\/01\/12104913\/image-388-768x570.png 768w, https:\/\/dhg1h5j42swfq.cloudfront.net\/2024\/01\/12104913\/image-388-610x453.png 610w, https:\/\/dhg1h5j42swfq.cloudfront.net\/2024\/01\/12104913\/image-388-150x111.png 150w\" sizes=\"auto, (max-width: 952px) 100vw, 952px\" \/><figcaption class=\"wp-element-caption\">Provas do concurso Reden\u00e7\u00e3o<\/figcaption><\/figure>\n\n\n\n<figure class=\"wp-block-image aligncenter size-full is-resized\"><img loading=\"lazy\" decoding=\"async\" width=\"672\" height=\"693\" src=\"https:\/\/dhg1h5j42swfq.cloudfront.net\/2024\/01\/12104945\/image-389.png\" alt=\"Tabela de detalhes da Prova Objetiva para todos os cargos \" class=\"wp-image-1334934\" style=\"width:672px;height:auto\" srcset=\"https:\/\/dhg1h5j42swfq.cloudfront.net\/2024\/01\/12104945\/image-389.png 672w, https:\/\/dhg1h5j42swfq.cloudfront.net\/2024\/01\/12104945\/image-389-291x300.png 291w, https:\/\/dhg1h5j42swfq.cloudfront.net\/2024\/01\/12104945\/image-389-610x629.png 610w, https:\/\/dhg1h5j42swfq.cloudfront.net\/2024\/01\/12104945\/image-389-150x155.png 150w\" sizes=\"auto, (max-width: 672px) 100vw, 672px\" \/><figcaption class=\"wp-element-caption\">Provas do concurso Reden\u00e7\u00e3o<\/figcaption><\/figure>\n\n\n\n<figure class=\"wp-block-image aligncenter size-full\"><img loading=\"lazy\" decoding=\"async\" width=\"670\" height=\"706\" src=\"https:\/\/dhg1h5j42swfq.cloudfront.net\/2024\/01\/12105029\/image-390.png\" alt=\"Concurso Reden\u00e7\u00e3o: Tabela de detalhes da Prova Objetiva para todos os cargos \" class=\"wp-image-1334937\" srcset=\"https:\/\/dhg1h5j42swfq.cloudfront.net\/2024\/01\/12105029\/image-390.png 670w, https:\/\/dhg1h5j42swfq.cloudfront.net\/2024\/01\/12105029\/image-390-285x300.png 285w, https:\/\/dhg1h5j42swfq.cloudfront.net\/2024\/01\/12105029\/image-390-610x643.png 610w, https:\/\/dhg1h5j42swfq.cloudfront.net\/2024\/01\/12105029\/image-390-150x158.png 150w\" sizes=\"auto, (max-width: 670px) 100vw, 670px\" \/><\/figure>\n\n\n\n<h3 class=\"wp-block-heading\" id=\"pratica\">Prova Pr\u00e1tica<\/h3>\n\n\n\n<p>Esta etapa do concurso Reden\u00e7\u00e3o ser\u00e1 aplicada somente aos cargos de: <strong>CONDUTOR DE AMBUL\u00c2NCIA, MOTORISTA AB, MOTORISTA CD, MOTORISTA e OPERADOR DE M\u00c1QUINA PESADA<\/strong>.<\/p>\n\n\n\n<p>A prova pr\u00e1tica do concurso Reden\u00e7\u00e3o de dire\u00e7\u00e3o e opera\u00e7\u00e3o veicular, para os cargos previstos, consistir\u00e1 em aferir os conhecimentos dos candidatos na condu\u00e7\u00e3o de:<\/p>\n\n\n\n<ul class=\"wp-block-list\">\n<li>ve\u00edculos da esp\u00e9cie; <\/li>\n\n\n\n<li>manobras;<\/li>\n\n\n\n<li>conhecimentos sobre os instrumentos do painel de comando; <\/li>\n\n\n\n<li>manuten\u00e7\u00e3o do ve\u00edculo; <\/li>\n\n\n\n<li>dire\u00e7\u00e3o e opera\u00e7\u00e3o veicular, regras de tr\u00e2nsito, sinaliza\u00e7\u00e3o, legisla\u00e7\u00e3o e, etc.<\/li>\n<\/ul>\n\n\n\n<hr class=\"wp-block-separator has-css-opacity\"\/>\n\n\n\n<h2 class=\"wp-block-heading has-text-align-center\" id=\"cursos-assinatura\"><em>Cursos para o concurso Prefeitura de Reden\u00e7\u00e3o-PA<\/em><\/h2>\n\n\n\n<div class=\"container\" id=\"boxes\">\n  <div class=\"row\">\n\n    <div class=\"col-sm\">\n      <div class=\"banner-estrategia\" id=\"box-assinatura\">\n        <h3 class=\"titulo-assinatura\">Cursos Prefeitura de Reden\u00e7\u00e3o-PA<\/h3>\n        <p class=\"subtitulo-assinatura\">Conhe\u00e7a os cursos<\/p>\n        <div class=\"box-botao\">\n          <a class=\"btn-assinatura\" target=\"_blank\" href=\"https:\/\/www.estrategiaconcursos.com.br\/cursosPorConcurso\/prefeitura-municipal-de-redencao-pa\/\" role=\"button\" rel=\"noopener noreferrer\">Conhe\u00e7a mais<\/a>\n        <\/div>\n      <\/div>\n      \n    <\/div>\n\n  <\/div>\n<\/div>\n\n\n\n<div class=\"container\" id=\"boxes\">\n  <div class=\"row\">\n\n    <div class=\"col-sm\">\n      <div class=\"estrategia\" id=\"box-assinatura\">\n        <h3 class=\"titulo-assinatura\">Assinatura Concursos<\/h3>\n        <p class=\"subtitulo-assinatura\">Assinatura de 1 ano ou 2 anos<\/p>\n        <div class=\"box-botao\">\n          <a class=\"btn-assinatura\" target=\"_blank\" href=\"https:\/\/www.estrategiaconcursos.com.br\/assinaturas\/\" role=\"button\" rel=\"noopener noreferrer\">ASSINE AGORA<\/a>\n        <\/div>\n      <\/div><\/div><\/div><\/div>\n\n\n\n<h2 class=\"wp-block-heading has-text-align-center\" id=\"h-quer-saber-tudo-sobre-concursos-previstos-confira-nossos-artigos\">Quer saber tudo sobre concursos previstos?<br \/>Confira nossos artigos!<\/h2>\n\n\n\n<ul class=\"wp-block-list\">\n<li><a href=\"https:\/\/www.estrategiaconcursos.com.br\/blog\/concursos-abertos\/\" target=\"_blank\" rel=\"noreferrer noopener\">Concursos abertos<\/a><\/li>\n\n\n\n<li><a href=\"https:\/\/www.estrategiaconcursos.com.br\/blog\/concursos-prefeituras\/\">Concursos prefeituras<\/a><\/li>\n\n\n\n<li><a href=\"https:\/\/www.estrategiaconcursos.com.br\/blog\/concursos-2024\/\" target=\"_blank\" rel=\"noreferrer noopener\">Concursos 2024<\/a><\/li>\n<\/ul>\n\n\n\n<figure class=\"wp-block-image size-large is-resized\"><img loading=\"lazy\" decoding=\"async\" width=\"1024\" height=\"632\" src=\"https:\/\/dhg1h5j42swfq.cloudfront.net\/2021\/08\/02092425\/ficha-tecnica-1024x632.png\" alt=\"Informa\u00e7\u00f5es do concurso Prefeitura de Reden\u00e7\u00e3o PA\" class=\"wp-image-826813\" style=\"width:302px;height:auto\" srcset=\"https:\/\/dhg1h5j42swfq.cloudfront.net\/2021\/08\/02092425\/ficha-tecnica-1024x632.png 1024w, https:\/\/dhg1h5j42swfq.cloudfront.net\/2021\/08\/02092425\/ficha-tecnica-300x185.png 300w, https:\/\/dhg1h5j42swfq.cloudfront.net\/2021\/08\/02092425\/ficha-tecnica-768x474.png 768w, https:\/\/dhg1h5j42swfq.cloudfront.net\/2021\/08\/02092425\/ficha-tecnica-1536x948.png 1536w, https:\/\/dhg1h5j42swfq.cloudfront.net\/2021\/08\/02092425\/ficha-tecnica-610x377.png 610w, https:\/\/dhg1h5j42swfq.cloudfront.net\/2021\/08\/02092425\/ficha-tecnica.png 1571w\" sizes=\"auto, (max-width: 1024px) 100vw, 1024px\" \/><\/figure>\n\n\n\n<h3 class=\"wp-block-heading\" id=\"ficha-tecnica\">Informa\u00e7\u00f5es do concurso Prefeitura de Reden\u00e7\u00e3o &#8211; PA<\/h3>\n\n\n\n<ul class=\"wp-block-list\" id=\"block-3aac5879-899c-46f9-9dd5-b272f46d3b3e\">\n<li><strong>Data da prova<\/strong>: <s>14\/04\/2024<\/s><\/li>\n\n\n\n<li><strong>Vagas<\/strong>: 1.457 <\/li>\n\n\n\n<li><strong>Cargos<\/strong>: v\u00e1rios<\/li>\n\n\n\n<li><strong>Escolaridade<\/strong>: todos os n\u00edveis<\/li>\n\n\n\n<li><strong>Banca<\/strong>: FACET Concursos<\/li>\n\n\n\n<li><strong>Edital<\/strong>:&nbsp;<a href=\"https:\/\/dhg1h5j42swfq.cloudfront.net\/2024\/01\/12104538\/ur3lfub20kxr24bqng96lxt5evjofhmz9lz54l7j-1.pdf\" target=\"_blank\" rel=\"noreferrer noopener nofollow\">Reden\u00e7\u00e3o PA 2024<\/a> | <a href=\"https:\/\/dhg1h5j42swfq.cloudfront.net\/2024\/02\/21105154\/e6wuykckec8qfz5trhwe891qt7posuskjfmdvkrm.pdf\" target=\"_blank\" rel=\"noreferrer noopener nofollow\">Aditivo 1<\/a> | <a href=\"https:\/\/dhg1h5j42swfq.cloudfront.net\/2024\/03\/28084756\/2-26.pdf\" target=\"_blank\" rel=\"noreferrer noopener nofollow\">Aditivo 2<\/a> | <a href=\"https:\/\/dhg1h5j42swfq.cloudfront.net\/2024\/03\/28084753\/3-14.pdf\" target=\"_blank\" rel=\"noreferrer noopener nofollow\">Aditivo 3<\/a><\/li>\n<\/ul>\n","protected":false},"excerpt":{"rendered":"<p>Sal\u00e1rios reajustados em retifica\u00e7\u00e3o; Foram divulgados os gabaritos preliminares da prova objetiva, principal avalia\u00e7\u00e3o do concurso da Prefeitura de Reden\u00e7\u00e3o, no Par\u00e1. Confira: Agora, os interessados em realizar todo o procedimento de interposi\u00e7\u00e3o de recursos poder\u00e3o solicitar o requerimento entre os dias 16 e 17 de abril, atrav\u00e9s do site da banca, a FACET. Vale [&hellip;]<\/p>\n","protected":false},"author":1,"featured_media":1336099,"comment_status":"open","ping_status":"closed","sticky":false,"template":"","format":"standard","meta":{"post_tipo":"news_page","footnotes":""},"categories":[214992],"tags":[],"tax_estado":[219977],"class_list":["post-469724","post","type-post","status-publish","format-standard","has-post-thumbnail","hentry","category-concursos-administrativos","tax_estado-pa"],"acf":[],"yoast_head":"<!-- This site is optimized with the Yoast SEO Premium plugin v27.2 (Yoast SEO v27.2) - https:\/\/yoast.com\/product\/yoast-seo-premium-wordpress\/ -->\n<title>Concurso Reden\u00e7\u00e3o PA: gabaritos divulgados!<\/title>\n<meta name=\"description\" content=\"Concurso Prefeitura Reden\u00e7\u00e3o: foram reajustados os sal\u00e1rios dos cargos ofertados em edital. GABARITOS divulgados!\" \/>\n<meta name=\"robots\" content=\"index, follow, max-snippet:-1, max-image-preview:large, max-video-preview:-1\" \/>\n<link rel=\"canonical\" href=\"https:\/\/www.estrategiaconcursos.com.br\/blog\/concurso-prefeitura-redencao-pa\/\" \/>\n<meta property=\"og:locale\" content=\"pt_BR\" \/>\n<meta property=\"og:type\" content=\"article\" \/>\n<meta property=\"og:title\" content=\"Concurso Reden\u00e7\u00e3o PA: gabaritos divulgados!\" \/>\n<meta property=\"og:description\" content=\"Concurso Prefeitura Reden\u00e7\u00e3o: foram reajustados os sal\u00e1rios dos cargos ofertados em edital. GABARITOS divulgados!\" \/>\n<meta property=\"og:url\" content=\"https:\/\/www.estrategiaconcursos.com.br\/blog\/concurso-prefeitura-redencao-pa\/\" \/>\n<meta property=\"og:site_name\" content=\"Estrat\u00e9gia Concursos\" \/>\n<meta property=\"article:author\" content=\"https:\/\/www.facebook.com\/EstrategiaConcursos\" \/>\n<meta property=\"article:published_time\" content=\"2024-04-16T19:28:37+00:00\" \/>\n<meta property=\"article:modified_time\" content=\"2024-04-16T19:28:39+00:00\" \/>\n<meta property=\"og:image\" content=\"https:\/\/dhg1h5j42swfq.cloudfront.net\/2024\/01\/15122025\/prefeitura-redencao-pa.jpg\" \/>\n\t<meta property=\"og:image:width\" content=\"768\" \/>\n\t<meta property=\"og:image:height\" content=\"432\" \/>\n\t<meta property=\"og:image:type\" content=\"image\/jpeg\" \/>\n<meta name=\"author\" content=\"Coordena\u00e7\u00e3o\" \/>\n<meta name=\"twitter:card\" content=\"summary_large_image\" \/>\n<meta name=\"twitter:creator\" content=\"@EstratConcursos\" \/>\n<meta name=\"twitter:site\" content=\"@EstratConcursos\" \/>\n<meta name=\"twitter:label1\" content=\"Escrito por\" \/>\n\t<meta name=\"twitter:data1\" content=\"Coordena\u00e7\u00e3o\" \/>\n\t<meta name=\"twitter:label2\" content=\"Est. tempo de leitura\" \/>\n\t<meta name=\"twitter:data2\" content=\"5 minutos\" \/>\n<script type=\"application\/ld+json\" class=\"yoast-schema-graph\">{\"@context\":\"https:\/\/schema.org\",\"@graph\":[{\"@type\":\"NewsArticle\",\"@id\":\"https:\/\/www.estrategiaconcursos.com.br\/blog\/concurso-prefeitura-redencao-pa\/#article\",\"isPartOf\":{\"@id\":\"https:\/\/www.estrategiaconcursos.com.br\/blog\/concurso-prefeitura-redencao-pa\/\"},\"author\":{\"name\":\"Coordena\u00e7\u00e3o\",\"@id\":\"https:\/\/www.estrategiaconcursos.com.br\/blog\/#\/schema\/person\/b4a388c97673c5f483d72185668afa1f\"},\"headline\":\"Concurso Reden\u00e7\u00e3o PA: gabaritos divulgados!\",\"datePublished\":\"2024-04-16T19:28:37+00:00\",\"dateModified\":\"2024-04-16T19:28:39+00:00\",\"mainEntityOfPage\":{\"@id\":\"https:\/\/www.estrategiaconcursos.com.br\/blog\/concurso-prefeitura-redencao-pa\/\"},\"wordCount\":1104,\"commentCount\":27,\"publisher\":{\"@id\":\"https:\/\/www.estrategiaconcursos.com.br\/blog\/#organization\"},\"image\":{\"@id\":\"https:\/\/www.estrategiaconcursos.com.br\/blog\/concurso-prefeitura-redencao-pa\/#primaryimage\"},\"thumbnailUrl\":\"https:\/\/dhg1h5j42swfq.cloudfront.net\/2024\/01\/15122025\/prefeitura-redencao-pa.jpg\",\"articleSection\":[\"Executivo (Administrativa)\"],\"inLanguage\":\"pt-BR\",\"potentialAction\":[{\"@type\":\"CommentAction\",\"name\":\"Comment\",\"target\":[\"https:\/\/www.estrategiaconcursos.com.br\/blog\/concurso-prefeitura-redencao-pa\/#respond\"]}],\"copyrightYear\":\"2024\",\"copyrightHolder\":{\"@id\":\"https:\/\/www.estrategiaconcursos.com.br\/blog\/#organization\"}},{\"@type\":\"WebPage\",\"@id\":\"https:\/\/www.estrategiaconcursos.com.br\/blog\/concurso-prefeitura-redencao-pa\/\",\"url\":\"https:\/\/www.estrategiaconcursos.com.br\/blog\/concurso-prefeitura-redencao-pa\/\",\"name\":\"Concurso Reden\u00e7\u00e3o PA: gabaritos divulgados!\",\"isPartOf\":{\"@id\":\"https:\/\/www.estrategiaconcursos.com.br\/blog\/#website\"},\"primaryImageOfPage\":{\"@id\":\"https:\/\/www.estrategiaconcursos.com.br\/blog\/concurso-prefeitura-redencao-pa\/#primaryimage\"},\"image\":{\"@id\":\"https:\/\/www.estrategiaconcursos.com.br\/blog\/concurso-prefeitura-redencao-pa\/#primaryimage\"},\"thumbnailUrl\":\"https:\/\/dhg1h5j42swfq.cloudfront.net\/2024\/01\/15122025\/prefeitura-redencao-pa.jpg\",\"datePublished\":\"2024-04-16T19:28:37+00:00\",\"dateModified\":\"2024-04-16T19:28:39+00:00\",\"description\":\"Concurso Prefeitura Reden\u00e7\u00e3o: foram reajustados os sal\u00e1rios dos cargos ofertados em edital. GABARITOS divulgados!\",\"breadcrumb\":{\"@id\":\"https:\/\/www.estrategiaconcursos.com.br\/blog\/concurso-prefeitura-redencao-pa\/#breadcrumb\"},\"inLanguage\":\"pt-BR\",\"potentialAction\":[{\"@type\":\"ReadAction\",\"target\":[\"https:\/\/www.estrategiaconcursos.com.br\/blog\/concurso-prefeitura-redencao-pa\/\"]}]},{\"@type\":\"ImageObject\",\"inLanguage\":\"pt-BR\",\"@id\":\"https:\/\/www.estrategiaconcursos.com.br\/blog\/concurso-prefeitura-redencao-pa\/#primaryimage\",\"url\":\"https:\/\/dhg1h5j42swfq.cloudfront.net\/2024\/01\/15122025\/prefeitura-redencao-pa.jpg\",\"contentUrl\":\"https:\/\/dhg1h5j42swfq.cloudfront.net\/2024\/01\/15122025\/prefeitura-redencao-pa.jpg\",\"width\":768,\"height\":432},{\"@type\":\"BreadcrumbList\",\"@id\":\"https:\/\/www.estrategiaconcursos.com.br\/blog\/concurso-prefeitura-redencao-pa\/#breadcrumb\",\"itemListElement\":[{\"@type\":\"ListItem\",\"position\":1,\"name\":\"In\u00edcio\",\"item\":\"https:\/\/www.estrategiaconcursos.com.br\/blog\/\"},{\"@type\":\"ListItem\",\"position\":2,\"name\":\"Concurso Reden\u00e7\u00e3o PA: gabaritos divulgados!\"}]},{\"@type\":\"WebSite\",\"@id\":\"https:\/\/www.estrategiaconcursos.com.br\/blog\/#website\",\"url\":\"https:\/\/www.estrategiaconcursos.com.br\/blog\/\",\"name\":\"Estrat\u00e9gia Concursos\",\"description\":\"O blog da Estrat\u00e9gia Concursos traz not\u00edcias sobre concursos e artigos de professores oferecendo cursos para concursos (pdf + videaulas) no site.\",\"publisher\":{\"@id\":\"https:\/\/www.estrategiaconcursos.com.br\/blog\/#organization\"},\"potentialAction\":[{\"@type\":\"SearchAction\",\"target\":{\"@type\":\"EntryPoint\",\"urlTemplate\":\"https:\/\/www.estrategiaconcursos.com.br\/blog\/?s={search_term_string}\"},\"query-input\":{\"@type\":\"PropertyValueSpecification\",\"valueRequired\":true,\"valueName\":\"search_term_string\"}}],\"inLanguage\":\"pt-BR\"},{\"@type\":\"Organization\",\"@id\":\"https:\/\/www.estrategiaconcursos.com.br\/blog\/#organization\",\"name\":\"Estrat\u00e9gia Concursos\",\"url\":\"https:\/\/www.estrategiaconcursos.com.br\/blog\/\",\"logo\":{\"@type\":\"ImageObject\",\"inLanguage\":\"pt-BR\",\"@id\":\"https:\/\/www.estrategiaconcursos.com.br\/blog\/#\/schema\/logo\/image\/\",\"url\":\"https:\/\/dhg1h5j42swfq.cloudfront.net\/2025\/06\/03203428\/logo_concursos-1.jpg\",\"contentUrl\":\"https:\/\/dhg1h5j42swfq.cloudfront.net\/2025\/06\/03203428\/logo_concursos-1.jpg\",\"width\":230,\"height\":60,\"caption\":\"Estrat\u00e9gia Concursos\"},\"image\":{\"@id\":\"https:\/\/www.estrategiaconcursos.com.br\/blog\/#\/schema\/logo\/image\/\"},\"sameAs\":[\"https:\/\/x.com\/EstratConcursos\"]},{\"@type\":\"Person\",\"@id\":\"https:\/\/www.estrategiaconcursos.com.br\/blog\/#\/schema\/person\/b4a388c97673c5f483d72185668afa1f\",\"name\":\"Coordena\u00e7\u00e3o\",\"image\":{\"@type\":\"ImageObject\",\"inLanguage\":\"pt-BR\",\"@id\":\"https:\/\/secure.gravatar.com\/avatar\/b720319e4c9a967eb58678d110f4fe35452fc5d5f97b202bac7b8acceb18c6ad?s=96&d=mm&r=g\",\"url\":\"https:\/\/secure.gravatar.com\/avatar\/b720319e4c9a967eb58678d110f4fe35452fc5d5f97b202bac7b8acceb18c6ad?s=96&d=mm&r=g\",\"contentUrl\":\"https:\/\/secure.gravatar.com\/avatar\/b720319e4c9a967eb58678d110f4fe35452fc5d5f97b202bac7b8acceb18c6ad?s=96&d=mm&r=g\",\"caption\":\"Coordena\u00e7\u00e3o\"},\"sameAs\":[\"https:\/\/www.facebook.com\/EstrategiaConcursos\",\"https:\/\/x.com\/EstratConcursos\"],\"url\":\"https:\/\/www.estrategiaconcursos.com.br\/blog\/author\/estrategia2013\/\"}]}<\/script>\n<!-- \/ Yoast SEO Premium plugin. -->","yoast_head_json":{"title":"Concurso Reden\u00e7\u00e3o PA: gabaritos divulgados!","description":"Concurso Prefeitura Reden\u00e7\u00e3o: foram reajustados os sal\u00e1rios dos cargos ofertados em edital. GABARITOS divulgados!","robots":{"index":"index","follow":"follow","max-snippet":"max-snippet:-1","max-image-preview":"max-image-preview:large","max-video-preview":"max-video-preview:-1"},"canonical":"https:\/\/www.estrategiaconcursos.com.br\/blog\/concurso-prefeitura-redencao-pa\/","og_locale":"pt_BR","og_type":"article","og_title":"Concurso Reden\u00e7\u00e3o PA: gabaritos divulgados!","og_description":"Concurso Prefeitura Reden\u00e7\u00e3o: foram reajustados os sal\u00e1rios dos cargos ofertados em edital. GABARITOS divulgados!","og_url":"https:\/\/www.estrategiaconcursos.com.br\/blog\/concurso-prefeitura-redencao-pa\/","og_site_name":"Estrat\u00e9gia Concursos","article_author":"https:\/\/www.facebook.com\/EstrategiaConcursos","article_published_time":"2024-04-16T19:28:37+00:00","article_modified_time":"2024-04-16T19:28:39+00:00","og_image":[{"width":768,"height":432,"url":"https:\/\/dhg1h5j42swfq.cloudfront.net\/2024\/01\/15122025\/prefeitura-redencao-pa.jpg","type":"image\/jpeg"}],"author":"Coordena\u00e7\u00e3o","twitter_card":"summary_large_image","twitter_creator":"@EstratConcursos","twitter_site":"@EstratConcursos","twitter_misc":{"Escrito por":"Coordena\u00e7\u00e3o","Est. tempo de leitura":"5 minutos"},"schema":{"@context":"https:\/\/schema.org","@graph":[{"@type":"NewsArticle","@id":"https:\/\/www.estrategiaconcursos.com.br\/blog\/concurso-prefeitura-redencao-pa\/#article","isPartOf":{"@id":"https:\/\/www.estrategiaconcursos.com.br\/blog\/concurso-prefeitura-redencao-pa\/"},"author":{"name":"Coordena\u00e7\u00e3o","@id":"https:\/\/www.estrategiaconcursos.com.br\/blog\/#\/schema\/person\/b4a388c97673c5f483d72185668afa1f"},"headline":"Concurso Reden\u00e7\u00e3o PA: gabaritos divulgados!","datePublished":"2024-04-16T19:28:37+00:00","dateModified":"2024-04-16T19:28:39+00:00","mainEntityOfPage":{"@id":"https:\/\/www.estrategiaconcursos.com.br\/blog\/concurso-prefeitura-redencao-pa\/"},"wordCount":1104,"commentCount":27,"publisher":{"@id":"https:\/\/www.estrategiaconcursos.com.br\/blog\/#organization"},"image":{"@id":"https:\/\/www.estrategiaconcursos.com.br\/blog\/concurso-prefeitura-redencao-pa\/#primaryimage"},"thumbnailUrl":"https:\/\/dhg1h5j42swfq.cloudfront.net\/2024\/01\/15122025\/prefeitura-redencao-pa.jpg","articleSection":["Executivo (Administrativa)"],"inLanguage":"pt-BR","potentialAction":[{"@type":"CommentAction","name":"Comment","target":["https:\/\/www.estrategiaconcursos.com.br\/blog\/concurso-prefeitura-redencao-pa\/#respond"]}],"copyrightYear":"2024","copyrightHolder":{"@id":"https:\/\/www.estrategiaconcursos.com.br\/blog\/#organization"}},{"@type":"WebPage","@id":"https:\/\/www.estrategiaconcursos.com.br\/blog\/concurso-prefeitura-redencao-pa\/","url":"https:\/\/www.estrategiaconcursos.com.br\/blog\/concurso-prefeitura-redencao-pa\/","name":"Concurso Reden\u00e7\u00e3o PA: gabaritos divulgados!","isPartOf":{"@id":"https:\/\/www.estrategiaconcursos.com.br\/blog\/#website"},"primaryImageOfPage":{"@id":"https:\/\/www.estrategiaconcursos.com.br\/blog\/concurso-prefeitura-redencao-pa\/#primaryimage"},"image":{"@id":"https:\/\/www.estrategiaconcursos.com.br\/blog\/concurso-prefeitura-redencao-pa\/#primaryimage"},"thumbnailUrl":"https:\/\/dhg1h5j42swfq.cloudfront.net\/2024\/01\/15122025\/prefeitura-redencao-pa.jpg","datePublished":"2024-04-16T19:28:37+00:00","dateModified":"2024-04-16T19:28:39+00:00","description":"Concurso Prefeitura Reden\u00e7\u00e3o: foram reajustados os sal\u00e1rios dos cargos ofertados em edital. GABARITOS divulgados!","breadcrumb":{"@id":"https:\/\/www.estrategiaconcursos.com.br\/blog\/concurso-prefeitura-redencao-pa\/#breadcrumb"},"inLanguage":"pt-BR","potentialAction":[{"@type":"ReadAction","target":["https:\/\/www.estrategiaconcursos.com.br\/blog\/concurso-prefeitura-redencao-pa\/"]}]},{"@type":"ImageObject","inLanguage":"pt-BR","@id":"https:\/\/www.estrategiaconcursos.com.br\/blog\/concurso-prefeitura-redencao-pa\/#primaryimage","url":"https:\/\/dhg1h5j42swfq.cloudfront.net\/2024\/01\/15122025\/prefeitura-redencao-pa.jpg","contentUrl":"https:\/\/dhg1h5j42swfq.cloudfront.net\/2024\/01\/15122025\/prefeitura-redencao-pa.jpg","width":768,"height":432},{"@type":"BreadcrumbList","@id":"https:\/\/www.estrategiaconcursos.com.br\/blog\/concurso-prefeitura-redencao-pa\/#breadcrumb","itemListElement":[{"@type":"ListItem","position":1,"name":"In\u00edcio","item":"https:\/\/www.estrategiaconcursos.com.br\/blog\/"},{"@type":"ListItem","position":2,"name":"Concurso Reden\u00e7\u00e3o PA: gabaritos divulgados!"}]},{"@type":"WebSite","@id":"https:\/\/www.estrategiaconcursos.com.br\/blog\/#website","url":"https:\/\/www.estrategiaconcursos.com.br\/blog\/","name":"Estrat\u00e9gia Concursos","description":"O blog da Estrat\u00e9gia Concursos traz not\u00edcias sobre concursos e artigos de professores oferecendo cursos para concursos (pdf + videaulas) no site.","publisher":{"@id":"https:\/\/www.estrategiaconcursos.com.br\/blog\/#organization"},"potentialAction":[{"@type":"SearchAction","target":{"@type":"EntryPoint","urlTemplate":"https:\/\/www.estrategiaconcursos.com.br\/blog\/?s={search_term_string}"},"query-input":{"@type":"PropertyValueSpecification","valueRequired":true,"valueName":"search_term_string"}}],"inLanguage":"pt-BR"},{"@type":"Organization","@id":"https:\/\/www.estrategiaconcursos.com.br\/blog\/#organization","name":"Estrat\u00e9gia Concursos","url":"https:\/\/www.estrategiaconcursos.com.br\/blog\/","logo":{"@type":"ImageObject","inLanguage":"pt-BR","@id":"https:\/\/www.estrategiaconcursos.com.br\/blog\/#\/schema\/logo\/image\/","url":"https:\/\/dhg1h5j42swfq.cloudfront.net\/2025\/06\/03203428\/logo_concursos-1.jpg","contentUrl":"https:\/\/dhg1h5j42swfq.cloudfront.net\/2025\/06\/03203428\/logo_concursos-1.jpg","width":230,"height":60,"caption":"Estrat\u00e9gia Concursos"},"image":{"@id":"https:\/\/www.estrategiaconcursos.com.br\/blog\/#\/schema\/logo\/image\/"},"sameAs":["https:\/\/x.com\/EstratConcursos"]},{"@type":"Person","@id":"https:\/\/www.estrategiaconcursos.com.br\/blog\/#\/schema\/person\/b4a388c97673c5f483d72185668afa1f","name":"Coordena\u00e7\u00e3o","image":{"@type":"ImageObject","inLanguage":"pt-BR","@id":"https:\/\/secure.gravatar.com\/avatar\/b720319e4c9a967eb58678d110f4fe35452fc5d5f97b202bac7b8acceb18c6ad?s=96&d=mm&r=g","url":"https:\/\/secure.gravatar.com\/avatar\/b720319e4c9a967eb58678d110f4fe35452fc5d5f97b202bac7b8acceb18c6ad?s=96&d=mm&r=g","contentUrl":"https:\/\/secure.gravatar.com\/avatar\/b720319e4c9a967eb58678d110f4fe35452fc5d5f97b202bac7b8acceb18c6ad?s=96&d=mm&r=g","caption":"Coordena\u00e7\u00e3o"},"sameAs":["https:\/\/www.facebook.com\/EstrategiaConcursos","https:\/\/x.com\/EstratConcursos"],"url":"https:\/\/www.estrategiaconcursos.com.br\/blog\/author\/estrategia2013\/"}]}},"_links":{"self":[{"href":"https:\/\/www.estrategiaconcursos.com.br\/blog\/wp-json\/wp\/v2\/posts\/469724","targetHints":{"allow":["GET"]}}],"collection":[{"href":"https:\/\/www.estrategiaconcursos.com.br\/blog\/wp-json\/wp\/v2\/posts"}],"about":[{"href":"https:\/\/www.estrategiaconcursos.com.br\/blog\/wp-json\/wp\/v2\/types\/post"}],"author":[{"embeddable":true,"href":"https:\/\/www.estrategiaconcursos.com.br\/blog\/wp-json\/wp\/v2\/users\/1"}],"replies":[{"embeddable":true,"href":"https:\/\/www.estrategiaconcursos.com.br\/blog\/wp-json\/wp\/v2\/comments?post=469724"}],"version-history":[{"count":91,"href":"https:\/\/www.estrategiaconcursos.com.br\/blog\/wp-json\/wp\/v2\/posts\/469724\/revisions"}],"predecessor-version":[{"id":1385194,"href":"https:\/\/www.estrategiaconcursos.com.br\/blog\/wp-json\/wp\/v2\/posts\/469724\/revisions\/1385194"}],"wp:featuredmedia":[{"embeddable":true,"href":"https:\/\/www.estrategiaconcursos.com.br\/blog\/wp-json\/wp\/v2\/media\/1336099"}],"wp:attachment":[{"href":"https:\/\/www.estrategiaconcursos.com.br\/blog\/wp-json\/wp\/v2\/media?parent=469724"}],"wp:term":[{"taxonomy":"category","embeddable":true,"href":"https:\/\/www.estrategiaconcursos.com.br\/blog\/wp-json\/wp\/v2\/categories?post=469724"},{"taxonomy":"post_tag","embeddable":true,"href":"https:\/\/www.estrategiaconcursos.com.br\/blog\/wp-json\/wp\/v2\/tags?post=469724"},{"taxonomy":"tax_estado","embeddable":true,"href":"https:\/\/www.estrategiaconcursos.com.br\/blog\/wp-json\/wp\/v2\/tax_estado?post=469724"}],"curies":[{"name":"wp","href":"https:\/\/api.w.org\/{rel}","templated":true}]}}