{"id":469503,"date":"2020-01-13T16:33:55","date_gmt":"2020-01-13T19:33:55","guid":{"rendered":"https:\/\/www.estrategiaconcursos.com.br\/blog\/?p=469503"},"modified":"2023-08-23T10:30:22","modified_gmt":"2023-08-23T13:30:22","slug":"edital-do-concurso-guarda-nova-iguacu-deve-ser-publicado-em-fevereiro","status":"publish","type":"post","link":"https:\/\/www.estrategiaconcursos.com.br\/blog\/edital-do-concurso-guarda-nova-iguacu-deve-ser-publicado-em-fevereiro\/","title":{"rendered":"Edital do concurso Guarda Nova Igua\u00e7u deve ser publicado em fevereiro"},"content":{"rendered":"\n<p>O Jornalismo do Estrat\u00e9gia Concursos obteve a informa\u00e7\u00e3o exclusiva de que o edital do concurso Guarda Nova Igua\u00e7u deve ser publicado <strong>ainda na primeira quinzena de fevereiro. <\/strong><\/p>\n\n\n\n<p>A informa\u00e7\u00e3o foi confirmada pela Assessoria de Comunica\u00e7\u00e3o da Prefeitura de Nova Igua\u00e7u. Lembrando que na \u00faltima semana a banca organizadora do concurso foi definida, o que evidencia ainda mais a publica\u00e7\u00e3o do edital.<\/p>\n\n\n\n<p> A empresa escolhida para executar os tr\u00e2mites para o certame foi a&nbsp;<strong>RBO Servi\u00e7os P\u00fablicos e Projetos Municipais Eireli. <\/strong><\/p>\n\n\n\n<p> O certame visa ofertar<strong>&nbsp;200 vagas para Guarda Municipal<\/strong>. Anteriormente j\u00e1 havia sido divulgado um documento com as datas da prova e inscri\u00e7\u00e3o para o concurso, por\u00e9m essas datas n\u00e3o condizem, pois o documento com a escolha da banca s\u00f3 foi publicado agora. <\/p>\n\n\n\n<p>Confira abaixo o e-mail enviado com a confirma\u00e7\u00e3o da publica\u00e7\u00e3o do edital em fevereiro:<\/p>\n\n\n\n<figure class=\"wp-block-image size-large\"><img loading=\"lazy\" decoding=\"async\" width=\"1024\" height=\"93\" src=\"https:\/\/dhg1h5j42swfq.cloudfront.net\/2020\/01\/13162809\/image-56-1024x93.png\" alt=\"\" class=\"wp-image-469510\" srcset=\"https:\/\/dhg1h5j42swfq.cloudfront.net\/2020\/01\/13162809\/image-56-1024x93.png 1024w, https:\/\/dhg1h5j42swfq.cloudfront.net\/2020\/01\/13162809\/image-56-300x27.png 300w, https:\/\/dhg1h5j42swfq.cloudfront.net\/2020\/01\/13162809\/image-56-768x70.png 768w, https:\/\/dhg1h5j42swfq.cloudfront.net\/2020\/01\/13162809\/image-56-610x55.png 610w, https:\/\/dhg1h5j42swfq.cloudfront.net\/2020\/01\/13162809\/image-56.png 1484w\" sizes=\"auto, (max-width: 1024px) 100vw, 1024px\" \/><\/figure>\n\n\n\n<p>Confira no artigo abaixo as etapas do certame e outras informa\u00e7\u00f5es para prestar o concurso.<\/p>\n\n\n\n<p class=\"has-text-align-center has-very-light-gray-background-color has-background\"><a rel=\"noreferrer noopener\" href=\"https:\/\/www.estrategiaconcursos.com.br\/blog\/concurso-guarda-municipal-nova-iguacu\/\" target=\"_blank\"><strong>Concurso Guarda Nova Igua\u00e7u<\/strong><\/a><\/p>\n\n\n\n<h4 class=\"wp-block-heading has-text-align-center\" id=\"nova\">Assinatura ilimitada e cursos para o concurso Nova Igua\u00e7u<\/h4>\n\n\n\n<p class=\"has-text-align-center has-light-green-cyan-background-color has-background\"><a rel=\"noreferrer noopener\" href=\"https:\/\/www.estrategiaconcursos.com.br\/cursos\/concurso\/\" target=\"_blank\"><strong><em>CURSO NOVA IGUA\u00c7U<\/em><\/strong><\/a><\/p>\n\n\n\n<p class=\"has-text-align-center\"><em><strong>Assinatura Anual Ilimitada*<\/strong><\/em><\/p>\n\n\n\n<p class=\"has-text-align-center\"><em>Prepare-se com o melhor material e com quem mais aprova em Concursos P\u00fablicos em todo o pa\u00eds. Assine agora a nossa Assinatura Anual e tenha acesso ilimitado* a todos os nossos cursos.<\/em><\/p>\n\n\n\n<p class=\"has-text-align-center has-luminous-vivid-amber-background-color has-background\"><strong>ASSINE AGORA<\/strong>&nbsp;\u2013&nbsp;<a rel=\"noreferrer noopener\" href=\"https:\/\/www.estrategiaconcursos.com.br\/assinaturas\" target=\"_blank\"><strong>Assinatura Ilimitada<\/strong><\/a><\/p>\n\n\n\n<p class=\"has-text-align-center has-pale-cyan-blue-background-color has-background\"><strong><a href=\"https:\/\/www.estrategiaconcursos.com.br\/blog\/concursos-abertos\/\">CONCURSOS ABERTOS<\/a><\/strong><\/p>\n","protected":false},"excerpt":{"rendered":"<p>O Jornalismo do Estrat\u00e9gia Concursos obteve a informa\u00e7\u00e3o exclusiva de que o edital do concurso Guarda Nova Igua\u00e7u deve ser publicado ainda na primeira quinzena de fevereiro. A informa\u00e7\u00e3o foi confirmada pela Assessoria de Comunica\u00e7\u00e3o da Prefeitura de Nova Igua\u00e7u. Lembrando que na \u00faltima semana a banca organizadora do concurso foi definida, o que evidencia [&hellip;]<\/p>\n","protected":false},"author":214,"featured_media":0,"comment_status":"open","ping_status":"closed","sticky":false,"template":"","format":"standard","meta":{"post_tipo":"article","footnotes":""},"categories":[1],"tags":[],"tax_estado":[],"class_list":["post-469503","post","type-post","status-publish","format-standard","hentry","category-cursos-e-concursos"],"acf":[],"yoast_head":"<!-- This site is optimized with the Yoast SEO Premium plugin v27.2 (Yoast SEO v27.2) - https:\/\/yoast.com\/product\/yoast-seo-premium-wordpress\/ -->\n<title>Edital do concurso Guarda Nova Igua\u00e7u deve ser publicado em fevereiro<\/title>\n<meta name=\"robots\" content=\"index, follow, max-snippet:-1, max-image-preview:large, max-video-preview:-1\" \/>\n<link rel=\"canonical\" href=\"https:\/\/www.estrategiaconcursos.com.br\/blog\/edital-do-concurso-guarda-nova-iguacu-deve-ser-publicado-em-fevereiro\/\" \/>\n<meta property=\"og:locale\" content=\"pt_BR\" \/>\n<meta property=\"og:type\" content=\"article\" \/>\n<meta property=\"og:title\" content=\"Edital do concurso Guarda Nova Igua\u00e7u deve ser publicado em fevereiro\" \/>\n<meta property=\"og:description\" content=\"O Jornalismo do Estrat\u00e9gia Concursos obteve a informa\u00e7\u00e3o exclusiva de que o edital do concurso Guarda Nova Igua\u00e7u deve ser publicado ainda na primeira quinzena de fevereiro. A informa\u00e7\u00e3o foi confirmada pela Assessoria de Comunica\u00e7\u00e3o da Prefeitura de Nova Igua\u00e7u. Lembrando que na \u00faltima semana a banca organizadora do concurso foi definida, o que evidencia [&hellip;]\" \/>\n<meta property=\"og:url\" content=\"https:\/\/www.estrategiaconcursos.com.br\/blog\/edital-do-concurso-guarda-nova-iguacu-deve-ser-publicado-em-fevereiro\/\" \/>\n<meta property=\"og:site_name\" content=\"Estrat\u00e9gia Concursos\" \/>\n<meta property=\"article:published_time\" content=\"2020-01-13T19:33:55+00:00\" \/>\n<meta property=\"article:modified_time\" content=\"2023-08-23T13:30:22+00:00\" \/>\n<meta property=\"og:image\" content=\"https:\/\/www.estrategiaconcursos.com.br\/blog\/wp-content\/uploads\/2020\/01\/image-56-1024x93.png\" \/>\n<meta name=\"author\" content=\"D\u00e9cio Terror Filho\" \/>\n<meta name=\"twitter:card\" content=\"summary_large_image\" \/>\n<meta name=\"twitter:creator\" content=\"@EstratConcursos\" \/>\n<meta name=\"twitter:site\" content=\"@EstratConcursos\" \/>\n<meta name=\"twitter:label1\" content=\"Escrito por\" \/>\n\t<meta name=\"twitter:data1\" content=\"D\u00e9cio Terror Filho\" \/>\n\t<meta name=\"twitter:label2\" content=\"Est. tempo de leitura\" \/>\n\t<meta name=\"twitter:data2\" content=\"1 minuto\" \/>\n<script type=\"application\/ld+json\" class=\"yoast-schema-graph\">{\"@context\":\"https:\/\/schema.org\",\"@graph\":[{\"@type\":\"NewsArticle\",\"@id\":\"https:\/\/www.estrategiaconcursos.com.br\/blog\/edital-do-concurso-guarda-nova-iguacu-deve-ser-publicado-em-fevereiro\/#article\",\"isPartOf\":{\"@id\":\"https:\/\/www.estrategiaconcursos.com.br\/blog\/edital-do-concurso-guarda-nova-iguacu-deve-ser-publicado-em-fevereiro\/\"},\"author\":{\"name\":\"D\u00e9cio Terror Filho\",\"@id\":\"https:\/\/www.estrategiaconcursos.com.br\/blog\/#\/schema\/person\/e8165364027a31208914fc77c3314727\"},\"headline\":\"Edital do concurso Guarda Nova Igua\u00e7u deve ser publicado em fevereiro\",\"datePublished\":\"2020-01-13T19:33:55+00:00\",\"dateModified\":\"2023-08-23T13:30:22+00:00\",\"mainEntityOfPage\":{\"@id\":\"https:\/\/www.estrategiaconcursos.com.br\/blog\/edital-do-concurso-guarda-nova-iguacu-deve-ser-publicado-em-fevereiro\/\"},\"wordCount\":245,\"commentCount\":0,\"publisher\":{\"@id\":\"https:\/\/www.estrategiaconcursos.com.br\/blog\/#organization\"},\"image\":{\"@id\":\"https:\/\/www.estrategiaconcursos.com.br\/blog\/edital-do-concurso-guarda-nova-iguacu-deve-ser-publicado-em-fevereiro\/#primaryimage\"},\"thumbnailUrl\":\"https:\/\/www.estrategiaconcursos.com.br\/blog\/wp-content\/uploads\/2020\/01\/image-56-1024x93.png\",\"articleSection\":[\"Concursos P\u00fablicos\"],\"inLanguage\":\"pt-BR\",\"potentialAction\":[{\"@type\":\"CommentAction\",\"name\":\"Comment\",\"target\":[\"https:\/\/www.estrategiaconcursos.com.br\/blog\/edital-do-concurso-guarda-nova-iguacu-deve-ser-publicado-em-fevereiro\/#respond\"]}],\"copyrightYear\":\"2020\",\"copyrightHolder\":{\"@id\":\"https:\/\/www.estrategiaconcursos.com.br\/blog\/#organization\"}},{\"@type\":\"WebPage\",\"@id\":\"https:\/\/www.estrategiaconcursos.com.br\/blog\/edital-do-concurso-guarda-nova-iguacu-deve-ser-publicado-em-fevereiro\/\",\"url\":\"https:\/\/www.estrategiaconcursos.com.br\/blog\/edital-do-concurso-guarda-nova-iguacu-deve-ser-publicado-em-fevereiro\/\",\"name\":\"Edital do concurso Guarda Nova Igua\u00e7u deve ser publicado em fevereiro\",\"isPartOf\":{\"@id\":\"https:\/\/www.estrategiaconcursos.com.br\/blog\/#website\"},\"primaryImageOfPage\":{\"@id\":\"https:\/\/www.estrategiaconcursos.com.br\/blog\/edital-do-concurso-guarda-nova-iguacu-deve-ser-publicado-em-fevereiro\/#primaryimage\"},\"image\":{\"@id\":\"https:\/\/www.estrategiaconcursos.com.br\/blog\/edital-do-concurso-guarda-nova-iguacu-deve-ser-publicado-em-fevereiro\/#primaryimage\"},\"thumbnailUrl\":\"https:\/\/www.estrategiaconcursos.com.br\/blog\/wp-content\/uploads\/2020\/01\/image-56-1024x93.png\",\"datePublished\":\"2020-01-13T19:33:55+00:00\",\"dateModified\":\"2023-08-23T13:30:22+00:00\",\"breadcrumb\":{\"@id\":\"https:\/\/www.estrategiaconcursos.com.br\/blog\/edital-do-concurso-guarda-nova-iguacu-deve-ser-publicado-em-fevereiro\/#breadcrumb\"},\"inLanguage\":\"pt-BR\",\"potentialAction\":[{\"@type\":\"ReadAction\",\"target\":[\"https:\/\/www.estrategiaconcursos.com.br\/blog\/edital-do-concurso-guarda-nova-iguacu-deve-ser-publicado-em-fevereiro\/\"]}]},{\"@type\":\"ImageObject\",\"inLanguage\":\"pt-BR\",\"@id\":\"https:\/\/www.estrategiaconcursos.com.br\/blog\/edital-do-concurso-guarda-nova-iguacu-deve-ser-publicado-em-fevereiro\/#primaryimage\",\"url\":\"https:\/\/dhg1h5j42swfq.cloudfront.net\/2020\/01\/13162809\/image-56.png\",\"contentUrl\":\"https:\/\/dhg1h5j42swfq.cloudfront.net\/2020\/01\/13162809\/image-56.png\",\"width\":1484,\"height\":135},{\"@type\":\"BreadcrumbList\",\"@id\":\"https:\/\/www.estrategiaconcursos.com.br\/blog\/edital-do-concurso-guarda-nova-iguacu-deve-ser-publicado-em-fevereiro\/#breadcrumb\",\"itemListElement\":[{\"@type\":\"ListItem\",\"position\":1,\"name\":\"In\u00edcio\",\"item\":\"https:\/\/www.estrategiaconcursos.com.br\/blog\/\"},{\"@type\":\"ListItem\",\"position\":2,\"name\":\"Edital do concurso Guarda Nova Igua\u00e7u deve ser publicado em fevereiro\"}]},{\"@type\":\"WebSite\",\"@id\":\"https:\/\/www.estrategiaconcursos.com.br\/blog\/#website\",\"url\":\"https:\/\/www.estrategiaconcursos.com.br\/blog\/\",\"name\":\"Estrat\u00e9gia Concursos\",\"description\":\"O blog da Estrat\u00e9gia Concursos traz not\u00edcias sobre concursos e artigos de professores oferecendo cursos para concursos (pdf + videaulas) no site.\",\"publisher\":{\"@id\":\"https:\/\/www.estrategiaconcursos.com.br\/blog\/#organization\"},\"potentialAction\":[{\"@type\":\"SearchAction\",\"target\":{\"@type\":\"EntryPoint\",\"urlTemplate\":\"https:\/\/www.estrategiaconcursos.com.br\/blog\/?s={search_term_string}\"},\"query-input\":{\"@type\":\"PropertyValueSpecification\",\"valueRequired\":true,\"valueName\":\"search_term_string\"}}],\"inLanguage\":\"pt-BR\"},{\"@type\":\"Organization\",\"@id\":\"https:\/\/www.estrategiaconcursos.com.br\/blog\/#organization\",\"name\":\"Estrat\u00e9gia Concursos\",\"url\":\"https:\/\/www.estrategiaconcursos.com.br\/blog\/\",\"logo\":{\"@type\":\"ImageObject\",\"inLanguage\":\"pt-BR\",\"@id\":\"https:\/\/www.estrategiaconcursos.com.br\/blog\/#\/schema\/logo\/image\/\",\"url\":\"https:\/\/dhg1h5j42swfq.cloudfront.net\/2025\/06\/03203428\/logo_concursos-1.jpg\",\"contentUrl\":\"https:\/\/dhg1h5j42swfq.cloudfront.net\/2025\/06\/03203428\/logo_concursos-1.jpg\",\"width\":230,\"height\":60,\"caption\":\"Estrat\u00e9gia Concursos\"},\"image\":{\"@id\":\"https:\/\/www.estrategiaconcursos.com.br\/blog\/#\/schema\/logo\/image\/\"},\"sameAs\":[\"https:\/\/x.com\/EstratConcursos\"]},{\"@type\":\"Person\",\"@id\":\"https:\/\/www.estrategiaconcursos.com.br\/blog\/#\/schema\/person\/e8165364027a31208914fc77c3314727\",\"name\":\"D\u00e9cio Terror Filho\",\"image\":{\"@type\":\"ImageObject\",\"inLanguage\":\"pt-BR\",\"@id\":\"https:\/\/secure.gravatar.com\/avatar\/a5b78e734de7c6482e965926e78344deb81abbc34282a3c9536cbb1a59728a37?s=96&d=mm&r=g\",\"url\":\"https:\/\/secure.gravatar.com\/avatar\/a5b78e734de7c6482e965926e78344deb81abbc34282a3c9536cbb1a59728a37?s=96&d=mm&r=g\",\"contentUrl\":\"https:\/\/secure.gravatar.com\/avatar\/a5b78e734de7c6482e965926e78344deb81abbc34282a3c9536cbb1a59728a37?s=96&d=mm&r=g\",\"caption\":\"D\u00e9cio Terror Filho\"},\"url\":\"https:\/\/www.estrategiaconcursos.com.br\/blog\/author\/contatoterrorportugues-com-br\/\"}]}<\/script>\n<!-- \/ Yoast SEO Premium plugin. -->","yoast_head_json":{"title":"Edital do concurso Guarda Nova Igua\u00e7u deve ser publicado em fevereiro","robots":{"index":"index","follow":"follow","max-snippet":"max-snippet:-1","max-image-preview":"max-image-preview:large","max-video-preview":"max-video-preview:-1"},"canonical":"https:\/\/www.estrategiaconcursos.com.br\/blog\/edital-do-concurso-guarda-nova-iguacu-deve-ser-publicado-em-fevereiro\/","og_locale":"pt_BR","og_type":"article","og_title":"Edital do concurso Guarda Nova Igua\u00e7u deve ser publicado em fevereiro","og_description":"O Jornalismo do Estrat\u00e9gia Concursos obteve a informa\u00e7\u00e3o exclusiva de que o edital do concurso Guarda Nova Igua\u00e7u deve ser publicado ainda na primeira quinzena de fevereiro. A informa\u00e7\u00e3o foi confirmada pela Assessoria de Comunica\u00e7\u00e3o da Prefeitura de Nova Igua\u00e7u. Lembrando que na \u00faltima semana a banca organizadora do concurso foi definida, o que evidencia [&hellip;]","og_url":"https:\/\/www.estrategiaconcursos.com.br\/blog\/edital-do-concurso-guarda-nova-iguacu-deve-ser-publicado-em-fevereiro\/","og_site_name":"Estrat\u00e9gia Concursos","article_published_time":"2020-01-13T19:33:55+00:00","article_modified_time":"2023-08-23T13:30:22+00:00","og_image":[{"url":"https:\/\/www.estrategiaconcursos.com.br\/blog\/wp-content\/uploads\/2020\/01\/image-56-1024x93.png","type":"","width":"","height":""}],"author":"D\u00e9cio Terror Filho","twitter_card":"summary_large_image","twitter_creator":"@EstratConcursos","twitter_site":"@EstratConcursos","twitter_misc":{"Escrito por":"D\u00e9cio Terror Filho","Est. tempo de leitura":"1 minuto"},"schema":{"@context":"https:\/\/schema.org","@graph":[{"@type":"NewsArticle","@id":"https:\/\/www.estrategiaconcursos.com.br\/blog\/edital-do-concurso-guarda-nova-iguacu-deve-ser-publicado-em-fevereiro\/#article","isPartOf":{"@id":"https:\/\/www.estrategiaconcursos.com.br\/blog\/edital-do-concurso-guarda-nova-iguacu-deve-ser-publicado-em-fevereiro\/"},"author":{"name":"D\u00e9cio Terror Filho","@id":"https:\/\/www.estrategiaconcursos.com.br\/blog\/#\/schema\/person\/e8165364027a31208914fc77c3314727"},"headline":"Edital do concurso Guarda Nova Igua\u00e7u deve ser publicado em fevereiro","datePublished":"2020-01-13T19:33:55+00:00","dateModified":"2023-08-23T13:30:22+00:00","mainEntityOfPage":{"@id":"https:\/\/www.estrategiaconcursos.com.br\/blog\/edital-do-concurso-guarda-nova-iguacu-deve-ser-publicado-em-fevereiro\/"},"wordCount":245,"commentCount":0,"publisher":{"@id":"https:\/\/www.estrategiaconcursos.com.br\/blog\/#organization"},"image":{"@id":"https:\/\/www.estrategiaconcursos.com.br\/blog\/edital-do-concurso-guarda-nova-iguacu-deve-ser-publicado-em-fevereiro\/#primaryimage"},"thumbnailUrl":"https:\/\/www.estrategiaconcursos.com.br\/blog\/wp-content\/uploads\/2020\/01\/image-56-1024x93.png","articleSection":["Concursos P\u00fablicos"],"inLanguage":"pt-BR","potentialAction":[{"@type":"CommentAction","name":"Comment","target":["https:\/\/www.estrategiaconcursos.com.br\/blog\/edital-do-concurso-guarda-nova-iguacu-deve-ser-publicado-em-fevereiro\/#respond"]}],"copyrightYear":"2020","copyrightHolder":{"@id":"https:\/\/www.estrategiaconcursos.com.br\/blog\/#organization"}},{"@type":"WebPage","@id":"https:\/\/www.estrategiaconcursos.com.br\/blog\/edital-do-concurso-guarda-nova-iguacu-deve-ser-publicado-em-fevereiro\/","url":"https:\/\/www.estrategiaconcursos.com.br\/blog\/edital-do-concurso-guarda-nova-iguacu-deve-ser-publicado-em-fevereiro\/","name":"Edital do concurso Guarda Nova Igua\u00e7u deve ser publicado em fevereiro","isPartOf":{"@id":"https:\/\/www.estrategiaconcursos.com.br\/blog\/#website"},"primaryImageOfPage":{"@id":"https:\/\/www.estrategiaconcursos.com.br\/blog\/edital-do-concurso-guarda-nova-iguacu-deve-ser-publicado-em-fevereiro\/#primaryimage"},"image":{"@id":"https:\/\/www.estrategiaconcursos.com.br\/blog\/edital-do-concurso-guarda-nova-iguacu-deve-ser-publicado-em-fevereiro\/#primaryimage"},"thumbnailUrl":"https:\/\/www.estrategiaconcursos.com.br\/blog\/wp-content\/uploads\/2020\/01\/image-56-1024x93.png","datePublished":"2020-01-13T19:33:55+00:00","dateModified":"2023-08-23T13:30:22+00:00","breadcrumb":{"@id":"https:\/\/www.estrategiaconcursos.com.br\/blog\/edital-do-concurso-guarda-nova-iguacu-deve-ser-publicado-em-fevereiro\/#breadcrumb"},"inLanguage":"pt-BR","potentialAction":[{"@type":"ReadAction","target":["https:\/\/www.estrategiaconcursos.com.br\/blog\/edital-do-concurso-guarda-nova-iguacu-deve-ser-publicado-em-fevereiro\/"]}]},{"@type":"ImageObject","inLanguage":"pt-BR","@id":"https:\/\/www.estrategiaconcursos.com.br\/blog\/edital-do-concurso-guarda-nova-iguacu-deve-ser-publicado-em-fevereiro\/#primaryimage","url":"https:\/\/dhg1h5j42swfq.cloudfront.net\/2020\/01\/13162809\/image-56.png","contentUrl":"https:\/\/dhg1h5j42swfq.cloudfront.net\/2020\/01\/13162809\/image-56.png","width":1484,"height":135},{"@type":"BreadcrumbList","@id":"https:\/\/www.estrategiaconcursos.com.br\/blog\/edital-do-concurso-guarda-nova-iguacu-deve-ser-publicado-em-fevereiro\/#breadcrumb","itemListElement":[{"@type":"ListItem","position":1,"name":"In\u00edcio","item":"https:\/\/www.estrategiaconcursos.com.br\/blog\/"},{"@type":"ListItem","position":2,"name":"Edital do concurso Guarda Nova Igua\u00e7u deve ser publicado em fevereiro"}]},{"@type":"WebSite","@id":"https:\/\/www.estrategiaconcursos.com.br\/blog\/#website","url":"https:\/\/www.estrategiaconcursos.com.br\/blog\/","name":"Estrat\u00e9gia Concursos","description":"O blog da Estrat\u00e9gia Concursos traz not\u00edcias sobre concursos e artigos de professores oferecendo cursos para concursos (pdf + videaulas) no site.","publisher":{"@id":"https:\/\/www.estrategiaconcursos.com.br\/blog\/#organization"},"potentialAction":[{"@type":"SearchAction","target":{"@type":"EntryPoint","urlTemplate":"https:\/\/www.estrategiaconcursos.com.br\/blog\/?s={search_term_string}"},"query-input":{"@type":"PropertyValueSpecification","valueRequired":true,"valueName":"search_term_string"}}],"inLanguage":"pt-BR"},{"@type":"Organization","@id":"https:\/\/www.estrategiaconcursos.com.br\/blog\/#organization","name":"Estrat\u00e9gia Concursos","url":"https:\/\/www.estrategiaconcursos.com.br\/blog\/","logo":{"@type":"ImageObject","inLanguage":"pt-BR","@id":"https:\/\/www.estrategiaconcursos.com.br\/blog\/#\/schema\/logo\/image\/","url":"https:\/\/dhg1h5j42swfq.cloudfront.net\/2025\/06\/03203428\/logo_concursos-1.jpg","contentUrl":"https:\/\/dhg1h5j42swfq.cloudfront.net\/2025\/06\/03203428\/logo_concursos-1.jpg","width":230,"height":60,"caption":"Estrat\u00e9gia Concursos"},"image":{"@id":"https:\/\/www.estrategiaconcursos.com.br\/blog\/#\/schema\/logo\/image\/"},"sameAs":["https:\/\/x.com\/EstratConcursos"]},{"@type":"Person","@id":"https:\/\/www.estrategiaconcursos.com.br\/blog\/#\/schema\/person\/e8165364027a31208914fc77c3314727","name":"D\u00e9cio Terror Filho","image":{"@type":"ImageObject","inLanguage":"pt-BR","@id":"https:\/\/secure.gravatar.com\/avatar\/a5b78e734de7c6482e965926e78344deb81abbc34282a3c9536cbb1a59728a37?s=96&d=mm&r=g","url":"https:\/\/secure.gravatar.com\/avatar\/a5b78e734de7c6482e965926e78344deb81abbc34282a3c9536cbb1a59728a37?s=96&d=mm&r=g","contentUrl":"https:\/\/secure.gravatar.com\/avatar\/a5b78e734de7c6482e965926e78344deb81abbc34282a3c9536cbb1a59728a37?s=96&d=mm&r=g","caption":"D\u00e9cio Terror Filho"},"url":"https:\/\/www.estrategiaconcursos.com.br\/blog\/author\/contatoterrorportugues-com-br\/"}]}},"_links":{"self":[{"href":"https:\/\/www.estrategiaconcursos.com.br\/blog\/wp-json\/wp\/v2\/posts\/469503","targetHints":{"allow":["GET"]}}],"collection":[{"href":"https:\/\/www.estrategiaconcursos.com.br\/blog\/wp-json\/wp\/v2\/posts"}],"about":[{"href":"https:\/\/www.estrategiaconcursos.com.br\/blog\/wp-json\/wp\/v2\/types\/post"}],"author":[{"embeddable":true,"href":"https:\/\/www.estrategiaconcursos.com.br\/blog\/wp-json\/wp\/v2\/users\/214"}],"replies":[{"embeddable":true,"href":"https:\/\/www.estrategiaconcursos.com.br\/blog\/wp-json\/wp\/v2\/comments?post=469503"}],"version-history":[{"count":2,"href":"https:\/\/www.estrategiaconcursos.com.br\/blog\/wp-json\/wp\/v2\/posts\/469503\/revisions"}],"predecessor-version":[{"id":1267906,"href":"https:\/\/www.estrategiaconcursos.com.br\/blog\/wp-json\/wp\/v2\/posts\/469503\/revisions\/1267906"}],"wp:attachment":[{"href":"https:\/\/www.estrategiaconcursos.com.br\/blog\/wp-json\/wp\/v2\/media?parent=469503"}],"wp:term":[{"taxonomy":"category","embeddable":true,"href":"https:\/\/www.estrategiaconcursos.com.br\/blog\/wp-json\/wp\/v2\/categories?post=469503"},{"taxonomy":"post_tag","embeddable":true,"href":"https:\/\/www.estrategiaconcursos.com.br\/blog\/wp-json\/wp\/v2\/tags?post=469503"},{"taxonomy":"tax_estado","embeddable":true,"href":"https:\/\/www.estrategiaconcursos.com.br\/blog\/wp-json\/wp\/v2\/tax_estado?post=469503"}],"curies":[{"name":"wp","href":"https:\/\/api.w.org\/{rel}","templated":true}]}}