{"id":469469,"date":"2020-02-11T02:00:00","date_gmt":"2020-02-11T05:00:00","guid":{"rendered":"https:\/\/www.estrategiaconcursos.com.br\/blog\/?p=469469"},"modified":"2020-02-11T10:23:53","modified_gmt":"2020-02-11T13:23:53","slug":"publicado-edital-concurso-amazul","status":"publish","type":"post","link":"https:\/\/www.estrategiaconcursos.com.br\/blog\/publicado-edital-concurso-amazul\/","title":{"rendered":"Inscri\u00e7\u00f5es do concurso AMAZUL com 2.377 vagas est\u00e3o encerradas!"},"content":{"rendered":"\n<h2 class=\"wp-block-heading\"><em>Prova marcada para o dia 8 de mar\u00e7o<\/em><\/h2>\n\n\n\n<p>As inscri\u00e7\u00f5es do processo seletivo simplificado da Amaz\u00f4nia Tecnologias de Defesa \u2013 AMAZUL, est\u00e3o oficialmente encerradas. O prazo m\u00e1ximo para garantir a candidatura no processo era at\u00e9 o dia 09 de fevereiro de 2020.<\/p>\n\n\n\n<p>Ao todo s\u00e3o ofertadas <strong>67 vagas para provimento imediato e 2.310 destinadas \u00e0 forma\u00e7\u00e3o de cadastro reserva<\/strong>, distribu\u00eddas entre cargos de n\u00edvel m\u00e9dio e superior.<\/p>\n\n\n\n<p>Vale ressaltar que a banca organizadora do certame \u00e9 o Instituto de Desenvolvimento Educacional, Cultural Assistencial \u2013\u00a0<strong>IDECAN<\/strong>. As taxas foram definidas de acordo com o cargo pretendido, sendo:<\/p>\n\n\n\n<ul class=\"wp-block-list\"><li><strong>N\u00edvel m\u00e9dio:<\/strong>&nbsp;R$ 70,00<\/li><li><strong>N\u00edvel superior:&nbsp;<\/strong>R$ 100,00<\/li><\/ul>\n\n\n\n<h2 class=\"wp-block-heading\" id=\"datas\">Principais datas<\/h2>\n\n\n\n<p class=\"has-background has-very-light-gray-background-color\"><strong>Inscri\u00e7\u00f5es<\/strong>: 13 de janeiro a 09 de fevereiro<br \/><strong>Isen\u00e7\u00e3o da taxa<\/strong>: inscri\u00e7\u00e3o at\u00e9 15 de janeiro*<br \/><strong>\u00daltimo dia para pagamento<\/strong>: 10 de fevereiro<br \/><strong>Prova<\/strong>: 08 de mar\u00e7o<\/p>\n\n\n\n<p><em>*Para solicitar a isen\u00e7\u00e3o da taxa, o candidato deve realizar a inscri\u00e7\u00e3o at\u00e9 o dia 15 de janeiro. Ap\u00f3s isso, \u00e9 necess\u00e1rio acessar o link espec\u00edfico, entre os dias 16 e 17 de janeiro<\/em>, <em>para efetivar e concluir a solicita\u00e7\u00e3o.<\/em><\/p>\n\n\n\n<h2 class=\"wp-block-heading\" id=\"cargos-vagas\">Cargos e vagas<\/h2>\n\n\n\n<h3 class=\"wp-block-heading\">N\u00edvel m\u00e9dio<\/h3>\n\n\n\n<figure class=\"wp-block-table is-style-stripes\"><table class=\"has-subtle-pale-blue-background-color has-fixed-layout has-background\"><tbody><tr><td><strong>CARGO<\/strong><\/td><td><strong>VAGAS<\/strong><\/td><td><strong>REMUNERA\u00c7\u00c3O<\/strong><\/td><\/tr><tr><td> Assistente Administrativo <\/td><td> 30 CR <\/td><td>R$ 3.859,98<\/td><\/tr><tr><td> Projetista de Instrumenta\u00e7\u00e3o e Controle <\/td><td> 1 + 30 CR <\/td><td>R$ 7.649,76<\/td><\/tr><tr><td> Projetista Mec\u00e2nico <\/td><td> 5 + 120 CR <\/td><td>R$ 7.649,76<\/td><\/tr><tr><td> Projetista Civil&nbsp; <\/td><td> 2 + 60 CR <\/td><td>R$ 7.649,76<\/td><\/tr><tr><td> Projetista de Eletricidade <\/td><td> 2 + 60 CR <\/td><td>R$ 7.649,76<\/td><\/tr><tr><td> T\u00e9cnico em Eletr\u00f4nica <\/td><td> 30 CR <\/td><td>R$ 5.596,98<\/td><\/tr><tr><td> T\u00e9cnico em Mec\u00e2nica <\/td><td> 30 CR <\/td><td>R$ 5.596,98<\/td><\/tr><tr><td> T\u00e9cnico em Qu\u00edmica <\/td><td> 30 CR <\/td><td>R$ 5.596,98<\/td><\/tr><tr><td> Web designer<\/td><td> 1 + 30 CR <\/td><td>R$ 7.879,26<\/td><\/tr><\/tbody><\/table><\/figure>\n\n\n\n<h3 class=\"wp-block-heading\">N\u00edvel superior<\/h3>\n\n\n\n<figure class=\"wp-block-table is-style-stripes\"><table class=\"has-subtle-pale-blue-background-color has-fixed-layout has-background\"><tbody><tr><td><strong>CARGO<\/strong><\/td><td><strong>VAGAS<\/strong><\/td><td><strong>REMUNERA\u00c7\u00c3O<\/strong><\/td><\/tr><tr><td> Analista Administrativo <\/td><td> 1 + 90 CR <\/td><td>R$ 11.469,35<\/td><\/tr><tr><td> Analista de Desenvolvimento de Sistemas <\/td><td> 1 + 30 CR <\/td><td>R$ 11.469,35<\/td><\/tr><tr><td> Analista de Neg\u00f3cios <\/td><td> 1 + 30 CR <\/td><td>R$ 11.469,35<\/td><\/tr><tr><td> Analista de Rela\u00e7\u00f5es Institucionais <\/td><td> 30 CR <\/td><td>R$ 11.469,35<\/td><\/tr><tr><td> Analista de Sistemas <\/td><td> 3 + 90 CR <\/td><td>R$ 11.469,35<\/td><\/tr><tr><td> Arquiteto&nbsp; <\/td><td> 3 + 90 CR<\/td><td>R$ 9.508,98<\/td><\/tr><tr><td> Contador&nbsp; <\/td><td> 2 + 60 CR <\/td><td>R$ 8.495,80<\/td><\/tr><tr><td> Engenheiro Civil&nbsp; <\/td><td> 3 + 90 CR <\/td><td>R$ 13.711,94<\/td><\/tr><tr><td> Engenheiro de Automa\u00e7\u00e3o e Controle <\/td><td> 30 CR <\/td><td>R$ 13.711,94<\/td><\/tr><tr><td> Engenheiro de Energia <\/td><td> 1 + 30 CR <\/td><td>R$ 13.711,94<\/td><\/tr><tr><td> Engenheiro de Materiais <\/td><td> 30 CR <\/td><td>R$ 13.711,94<\/td><\/tr><tr><td> Engenheiro de Produ\u00e7\u00e3o <\/td><td> 7 + 180 CR <\/td><td>R$ 13.711,94<\/td><\/tr><tr><td> Engenheiro de Telecomunica\u00e7\u00f5es <\/td><td> 1 + 30 CR <\/td><td>R$ 13.711,94<\/td><\/tr><tr><td> Engenheiro Eletricista \/ Eletr\u00f4nico \/ Automa\u00e7\u00e3o e Controle<\/td><td> 1 + 30 CR<\/td><td>R$ 13.711,94 <\/td><\/tr><tr><td> Engenheiro Eletricista <\/td><td> 5 + 150 CR <\/td><td>R$ 13.711,94<\/td><\/tr><tr><td> Engenheiro Eletr\u00f4nico <\/td><td> 30 CR <\/td><td>R$ 13.711,94<\/td><\/tr><tr><td> Engenheiro Mec\u00e2nico <\/td><td> 11 + 360 CR <\/td><td>R$ 13.711,94<\/td><\/tr><tr><td> Engenheiro Naval <\/td><td> 2 + 60 CR <\/td><td>R$ 13.711,94<\/td><\/tr><tr><td> Engenheiro Nuclear&nbsp; <\/td><td> 2 + 60 CR <\/td><td>R$ 15.987,74<\/td><\/tr><tr><td> Engenheiro para atuar em Instrumenta\u00e7\u00e3o e Controle <\/td><td> 1 + 30 CR <\/td><td>R$ 13.711,94<\/td><\/tr><tr><td> Engenheiro para atuar em Prote\u00e7\u00e3o e Combate a Inc\u00eandio <\/td><td> 1 + 30 CR <\/td><td>R$ 13.711,94<\/td><\/tr><tr><td> Engenheiro para atuar na \u00e1rea de Gest\u00e3o da Qualidade&nbsp; <\/td><td> 1 + 30 CR <\/td><td>R$ 13.711,94<\/td><\/tr><tr><td> Engenheiro Qu\u00edmico <\/td><td> 3 + 90 CR <\/td><td>R$ 13.711,94<\/td><\/tr><tr><td> Prote\u00e7\u00e3o Radiol\u00f3gica <\/td><td> 1 + 30 CR <\/td><td>R$ 13.711,94<\/td><\/tr><tr><td> F\u00edsico&nbsp; <\/td><td> 3 + 120 CR<\/td><td>R$ 13.711,94 <\/td><\/tr><tr><td> Pesquisador em Hist\u00f3ria <\/td><td> 30 CR <\/td><td>R$ 9.605,41<\/td><\/tr><tr><td> Qu\u00edmico&nbsp; <\/td><td> 1 + 30 CR <\/td><td>R$ 13.711,94<\/td><\/tr><tr><td> Tecn\u00f3logo em Projetos Mec\u00e2nicos <\/td><td> 1 + 30 CR <\/td><td>R$ 9.508,98<\/td><\/tr><\/tbody><\/table><\/figure>\n\n\n\n<h2 class=\"wp-block-heading\" id=\"etapas\">Etapas e provas<\/h2>\n\n\n\n<ol class=\"wp-block-list\"><li><strong>Avalia\u00e7\u00e3o de Conhecimentos<\/strong>&nbsp;gerais e espec\u00edficos de m\u00faltipla escolha (eliminat\u00f3rio e classificat\u00f3rio);<\/li><li><strong>Avalia\u00e7\u00e3o de Titulo<\/strong>&nbsp;pela Forma\u00e7\u00e3o Acad\u00eamica e Experi\u00eancia Profissional comprovada (classificat\u00f3rio).<\/li><\/ol>\n\n\n\n<h3 class=\"wp-block-heading\">Prova Objetiva<\/h3>\n\n\n\n<p>Ser\u00e3o aplicadas provas objetivas, de car\u00e1ter eliminat\u00f3rio e classificat\u00f3rio. As provas constar\u00e3o de 60 quest\u00f5es de m\u00faltipla escolha, valendo 1 ponto cada item, e ter\u00e3o pontua\u00e7\u00e3o total variando do m\u00ednimo de 0 ponto ao m\u00e1ximo de 60 pontos. <\/p>\n\n\n\n<ul class=\"wp-block-list\"><li><em>L\u00edngua Portuguesa &#8211; 5 <\/em><\/li><li><em>Ingl\u00eas &#8211; 5 <\/em><\/li><li><em>No\u00e7\u00f5es de Inform\u00e1tica &#8211; 5 <\/em><\/li><li><em>Conhecimentos Gerais &#8211; 5 <\/em><\/li><li><em>Conhecimentos Espec\u00edficos &#8211; 40 <\/em><\/li><\/ul>\n\n\n\n<p>Ser\u00e1 considerado aprovado o candidato que obtiver, no m\u00ednimo, 50% de aproveitamento dos pontos das provas objetivas de m\u00faltipla escolha e que tenha acertado pelo menos uma quest\u00e3o de cada \u00e1rea de conhecimento.<\/p>\n\n\n\n<p>As provas objetivas ser\u00e3o realizadas, exclusivamente, na cidade de S\u00e3o Paulo\/SP, capital, prevista para o dia 08 de mar\u00e7o. Com dura\u00e7\u00e3o de 4h, a aplica\u00e7\u00e3o ir\u00e1 acontecer em dois turnos:<\/p>\n\n\n\n<ul class=\"wp-block-list\"><li><strong>MANH\u00c3<\/strong>: das 08h \u00e0s 12h para cargos de n\u00edvel Superior <\/li><li><strong>TARDE<\/strong>: das 15h \u00e0s 19h para cargos de n\u00edvel M\u00e9dio <\/li><\/ul>\n\n\n\n<h3 class=\"wp-block-heading\">Avalia\u00e7\u00e3o de T\u00edtulos<\/h3>\n\n\n\n<p>A avalia\u00e7\u00e3o de t\u00edtulos tem car\u00e1ter apenas classificat\u00f3rio e ser\u00e1 aplicada a todos os cargos. Esta etapa valer\u00e1 at\u00e9 14 pontos, ainda que a soma dos valores da pontua\u00e7\u00e3o de t\u00edtulos e experi\u00eancia profissional apresentados seja superior a esse valor.  <\/p>\n\n\n\n<p>Os t\u00edtulos de Doutorado, Mestrado e Especializa\u00e7\u00e3o descritos no quadro abaixo n\u00e3o ser\u00e3o pontuados caso sejam exigidos como requisitos m\u00ednimos para investidura no cargo. Ser\u00e3o pontuados apenas as titula\u00e7\u00f5es de Doutorado, Mestrado e Especializa\u00e7\u00e3o adicionais \u00e0quelas previamente exigidas nos requisitos m\u00ednimos.<\/p>\n\n\n\n<p class=\"has-text-align-center has-medium-font-size\"><strong>Quadro de Atribui\u00e7\u00e3o de pontos para a Avalia\u00e7\u00e3o de T\u00edtulos de Forma\u00e7\u00e3o Acad\u00eamica<\/strong><\/p>\n\n\n\n<div class=\"wp-block-image\"><figure class=\"aligncenter\"><img loading=\"lazy\" decoding=\"async\" width=\"708\" height=\"340\" src=\"https:\/\/dhg1h5j42swfq.cloudfront.net\/2020\/01\/13152207\/1-min.png\" alt=\"\" class=\"wp-image-469430\" srcset=\"https:\/\/dhg1h5j42swfq.cloudfront.net\/2020\/01\/13152207\/1-min.png 708w, https:\/\/dhg1h5j42swfq.cloudfront.net\/2020\/01\/13152207\/1-min-300x144.png 300w, https:\/\/dhg1h5j42swfq.cloudfront.net\/2020\/01\/13152207\/1-min-610x293.png 610w\" sizes=\"auto, (max-width: 708px) 100vw, 708px\" \/><\/figure><\/div>\n\n\n\n<p>Quando o candidato possuir mais de um requisito espec\u00edfico para a investidura do cargo e que um deles for aceito para a Avalia\u00e7\u00e3o de T\u00edtulos, ambos dever\u00e3o ser enviados par fins de comprova\u00e7\u00e3o.<\/p>\n\n\n\n<p class=\"has-text-align-center has-medium-font-size\"><strong>Quadro de Atribui\u00e7\u00e3o de pontos para a Avalia\u00e7\u00e3o de Experi\u00eancia Profissional<\/strong><\/p>\n\n\n\n<div class=\"wp-block-image\"><figure class=\"aligncenter\"><img loading=\"lazy\" decoding=\"async\" width=\"714\" height=\"145\" src=\"https:\/\/dhg1h5j42swfq.cloudfront.net\/2020\/01\/13152228\/2-min.png\" alt=\"\" class=\"wp-image-469432\" srcset=\"https:\/\/dhg1h5j42swfq.cloudfront.net\/2020\/01\/13152228\/2-min.png 714w, https:\/\/dhg1h5j42swfq.cloudfront.net\/2020\/01\/13152228\/2-min-300x61.png 300w, https:\/\/dhg1h5j42swfq.cloudfront.net\/2020\/01\/13152228\/2-min-610x124.png 610w\" sizes=\"auto, (max-width: 714px) 100vw, 714px\" \/><\/figure><\/div>\n\n\n\n<hr class=\"wp-block-separator\"\/>\n\n\n\n<h2 class=\"has-text-align-center wp-block-heading\" id=\"cursos-assinatura\">Quer estudar para o concurso AMAZUL?<\/h2>\n\n\n\n<p class=\"has-text-align-center\"><em>Gostou desta oportunidade e deseja come\u00e7ar se preparar agora mesmo? Ent\u00e3o, confira os nossos cursos e comece a estudar:<\/em><\/p>\n\n\n\n<p style=\"font-size:22px\" class=\"has-background has-text-align-center has-light-green-cyan-background-color\"><strong><a href=\"https:\/\/www.estrategiaconcursos.com.br\/cursosPorConcurso\/amazonia-azul-tecnologias-de-defesa-amazul\/\" target=\"_blank\" rel=\"noreferrer noopener\" aria-label=\"CURSO AMAZUL (abre numa nova aba)\">CURSO AMAZUL<\/a><\/strong><\/p>\n\n\n\n<p class=\"has-text-align-center has-medium-font-size\"><em><strong>Assinatura Anual Ilimitada*<\/strong><\/em><\/p>\n\n\n\n<p class=\"has-text-align-center\"><em>Prepare-se com o melhor material e com quem mais aprova em Concursos P\u00fablicos em todo o pa\u00eds. Assine agora a nossa Assinatura Anual e tenha acesso ilimitado* a todos os nossos cursos.<\/em><\/p>\n\n\n\n<p style=\"font-size:22px\" class=\"has-background has-text-align-center has-luminous-vivid-amber-background-color\"><strong>ASSINE AGORA<\/strong>&nbsp;\u2013&nbsp;<strong><a rel=\"noreferrer noopener\" href=\"https:\/\/www.estrategiaconcursos.com.br\/assinaturas\" target=\"_blank\">Assinatura Ilimitada<\/a><\/strong><\/p>\n\n\n\n<p class=\"has-text-align-center has-medium-font-size\"><strong><em>Fique por dentro de todos os concursos<\/em><\/strong><\/p>\n\n\n\n<p style=\"font-size:22px\" class=\"has-background has-text-align-center has-pale-cyan-blue-background-color\"><a rel=\"noreferrer noopener\" href=\"https:\/\/www.estrategiaconcursos.com.br\/blog\/concursos-abertos\/\" target=\"_blank\"><strong>CONCURSOS ABERTOS<\/strong><\/a><\/p>\n\n\n\n<p style=\"font-size:22px\" class=\"has-background has-text-align-center has-pale-cyan-blue-background-color\"><a rel=\"noreferrer noopener\" href=\"https:\/\/www.estrategiaconcursos.com.br\/blog\/concursos-2020\/\" target=\"_blank\"><strong>CONCURSOS&nbsp;2020<\/strong><\/a><\/p>\n\n\n\n<figure class=\"wp-block-image\"><img loading=\"lazy\" decoding=\"async\" width=\"300\" height=\"102\" src=\"https:\/\/dhg1h5j42swfq.cloudfront.net\/2017\/03\/28152500\/coruja-ficha-tecnica-300x102.png\" alt=\"\" class=\"wp-image-68542\"\/><\/figure>\n\n\n\n<h3 class=\"wp-block-heading\" id=\"ficha-tecnica\"><strong>Informa\u00e7\u00f5es sobre o c<\/strong>oncurso AMAZUL<\/h3>\n\n\n\n<p>\u25ba<strong>Inscri\u00e7\u00f5es<\/strong>: 13\/01 a 09\/02<br \/>\u25ba<strong>Provas<\/strong>: 08\/03<br \/>\u25ba<strong>Vagas<\/strong>: 67 + 2.310 CR<br \/>\u25ba<strong>Cargos<\/strong>: Diversos<br \/>\u25ba<strong>Banca<\/strong>: IDECAN<br \/>\u25ba<strong>Escolaridade<\/strong>: N\u00edvel m\u00e9dio e superior<br \/>\u25ba<strong>Edital<\/strong>:&nbsp;<a href=\"https:\/\/dhg1h5j42swfq.cloudfront.net\/2020\/01\/13155617\/PSS-AMAZUL.pdf\" target=\"_blank\" rel=\"noreferrer noopener\" aria-label=\"Edital AMAZUL (abre numa nova aba)\">Edital AMAZUL<\/a><\/p>\n\n\n\n<p><br \/><em>Ascom Estrat\u00e9gia<\/em><br \/>ascomestrategia@gmail.com<\/p>\n","protected":false},"excerpt":{"rendered":"<p>Prova marcada para o dia 8 de mar\u00e7o As inscri\u00e7\u00f5es do processo seletivo simplificado da Amaz\u00f4nia Tecnologias de Defesa \u2013 AMAZUL, est\u00e3o oficialmente encerradas. O prazo m\u00e1ximo para garantir a candidatura no processo era at\u00e9 o dia 09 de fevereiro de 2020. Ao todo s\u00e3o ofertadas 67 vagas para provimento imediato e 2.310 destinadas \u00e0 [&hellip;]<\/p>\n","protected":false},"author":73,"featured_media":444273,"comment_status":"open","ping_status":"closed","sticky":false,"template":"","format":"standard","meta":{"post_tipo":"article","footnotes":""},"categories":[1],"tags":[],"tax_estado":[],"class_list":["post-469469","post","type-post","status-publish","format-standard","has-post-thumbnail","hentry","category-cursos-e-concursos"],"acf":[],"yoast_head":"<!-- This site is optimized with the Yoast SEO Premium plugin v27.2 (Yoast SEO v27.2) - https:\/\/yoast.com\/product\/yoast-seo-premium-wordpress\/ -->\n<title>Inscri\u00e7\u00f5es do concurso AMAZUL com 2.377 vagas est\u00e3o encerradas!<\/title>\n<meta name=\"description\" content=\"Inscri\u00e7\u00f5es do concurso p\u00fablico da Amaz\u00f4nia Tecnologias de Defesa - AMAZUL com 2.377 vagas est\u00e3o oficialmente encerradas. Saiba mais!\" \/>\n<meta name=\"robots\" content=\"index, follow, max-snippet:-1, max-image-preview:large, max-video-preview:-1\" \/>\n<link rel=\"canonical\" href=\"https:\/\/www.estrategiaconcursos.com.br\/blog\/publicado-edital-concurso-amazul\/\" \/>\n<meta property=\"og:locale\" content=\"pt_BR\" \/>\n<meta property=\"og:type\" content=\"article\" \/>\n<meta property=\"og:title\" content=\"Inscri\u00e7\u00f5es do concurso AMAZUL com 2.377 vagas est\u00e3o encerradas!\" \/>\n<meta property=\"og:description\" content=\"Inscri\u00e7\u00f5es do concurso p\u00fablico da Amaz\u00f4nia Tecnologias de Defesa - AMAZUL com 2.377 vagas est\u00e3o oficialmente encerradas. Saiba mais!\" \/>\n<meta property=\"og:url\" content=\"https:\/\/www.estrategiaconcursos.com.br\/blog\/publicado-edital-concurso-amazul\/\" \/>\n<meta property=\"og:site_name\" content=\"Estrat\u00e9gia Concursos\" \/>\n<meta property=\"article:author\" content=\"https:\/\/www.facebook.com\/rosenvaljr\" \/>\n<meta property=\"article:published_time\" content=\"2020-02-11T05:00:00+00:00\" \/>\n<meta property=\"article:modified_time\" content=\"2020-02-11T13:23:53+00:00\" \/>\n<meta property=\"og:image\" content=\"https:\/\/dhg1h5j42swfq.cloudfront.net\/2019\/11\/05113826\/Saiu-Edital-8.png\" \/>\n\t<meta property=\"og:image:width\" content=\"1200\" \/>\n\t<meta property=\"og:image:height\" content=\"628\" \/>\n\t<meta property=\"og:image:type\" content=\"image\/png\" \/>\n<meta name=\"author\" content=\"Rosenval J\u00fanior\" \/>\n<meta name=\"twitter:card\" content=\"summary_large_image\" \/>\n<meta name=\"twitter:creator\" content=\"@EstratConcursos\" \/>\n<meta name=\"twitter:site\" content=\"@EstratConcursos\" \/>\n<meta name=\"twitter:label1\" content=\"Escrito por\" \/>\n\t<meta name=\"twitter:data1\" content=\"Rosenval J\u00fanior\" \/>\n\t<meta name=\"twitter:label2\" content=\"Est. tempo de leitura\" \/>\n\t<meta name=\"twitter:data2\" content=\"4 minutos\" \/>\n<script type=\"application\/ld+json\" class=\"yoast-schema-graph\">{\"@context\":\"https:\/\/schema.org\",\"@graph\":[{\"@type\":\"NewsArticle\",\"@id\":\"https:\/\/www.estrategiaconcursos.com.br\/blog\/publicado-edital-concurso-amazul\/#article\",\"isPartOf\":{\"@id\":\"https:\/\/www.estrategiaconcursos.com.br\/blog\/publicado-edital-concurso-amazul\/\"},\"author\":{\"name\":\"Rosenval J\u00fanior\",\"@id\":\"https:\/\/www.estrategiaconcursos.com.br\/blog\/#\/schema\/person\/3489eb8fb39ff11193689cf7762b03b0\"},\"headline\":\"Inscri\u00e7\u00f5es do concurso AMAZUL com 2.377 vagas est\u00e3o encerradas!\",\"datePublished\":\"2020-02-11T05:00:00+00:00\",\"dateModified\":\"2020-02-11T13:23:53+00:00\",\"mainEntityOfPage\":{\"@id\":\"https:\/\/www.estrategiaconcursos.com.br\/blog\/publicado-edital-concurso-amazul\/\"},\"wordCount\":919,\"commentCount\":0,\"publisher\":{\"@id\":\"https:\/\/www.estrategiaconcursos.com.br\/blog\/#organization\"},\"image\":{\"@id\":\"https:\/\/www.estrategiaconcursos.com.br\/blog\/publicado-edital-concurso-amazul\/#primaryimage\"},\"thumbnailUrl\":\"https:\/\/dhg1h5j42swfq.cloudfront.net\/2019\/11\/05113826\/Saiu-Edital-8.png\",\"articleSection\":[\"Concursos P\u00fablicos\"],\"inLanguage\":\"pt-BR\",\"potentialAction\":[{\"@type\":\"CommentAction\",\"name\":\"Comment\",\"target\":[\"https:\/\/www.estrategiaconcursos.com.br\/blog\/publicado-edital-concurso-amazul\/#respond\"]}],\"copyrightYear\":\"2020\",\"copyrightHolder\":{\"@id\":\"https:\/\/www.estrategiaconcursos.com.br\/blog\/#organization\"}},{\"@type\":\"WebPage\",\"@id\":\"https:\/\/www.estrategiaconcursos.com.br\/blog\/publicado-edital-concurso-amazul\/\",\"url\":\"https:\/\/www.estrategiaconcursos.com.br\/blog\/publicado-edital-concurso-amazul\/\",\"name\":\"Inscri\u00e7\u00f5es do concurso AMAZUL com 2.377 vagas est\u00e3o encerradas!\",\"isPartOf\":{\"@id\":\"https:\/\/www.estrategiaconcursos.com.br\/blog\/#website\"},\"primaryImageOfPage\":{\"@id\":\"https:\/\/www.estrategiaconcursos.com.br\/blog\/publicado-edital-concurso-amazul\/#primaryimage\"},\"image\":{\"@id\":\"https:\/\/www.estrategiaconcursos.com.br\/blog\/publicado-edital-concurso-amazul\/#primaryimage\"},\"thumbnailUrl\":\"https:\/\/dhg1h5j42swfq.cloudfront.net\/2019\/11\/05113826\/Saiu-Edital-8.png\",\"datePublished\":\"2020-02-11T05:00:00+00:00\",\"dateModified\":\"2020-02-11T13:23:53+00:00\",\"description\":\"Inscri\u00e7\u00f5es do concurso p\u00fablico da Amaz\u00f4nia Tecnologias de Defesa - AMAZUL com 2.377 vagas est\u00e3o oficialmente encerradas. Saiba mais!\",\"breadcrumb\":{\"@id\":\"https:\/\/www.estrategiaconcursos.com.br\/blog\/publicado-edital-concurso-amazul\/#breadcrumb\"},\"inLanguage\":\"pt-BR\",\"potentialAction\":[{\"@type\":\"ReadAction\",\"target\":[\"https:\/\/www.estrategiaconcursos.com.br\/blog\/publicado-edital-concurso-amazul\/\"]}]},{\"@type\":\"ImageObject\",\"inLanguage\":\"pt-BR\",\"@id\":\"https:\/\/www.estrategiaconcursos.com.br\/blog\/publicado-edital-concurso-amazul\/#primaryimage\",\"url\":\"https:\/\/dhg1h5j42swfq.cloudfront.net\/2019\/11\/05113826\/Saiu-Edital-8.png\",\"contentUrl\":\"https:\/\/dhg1h5j42swfq.cloudfront.net\/2019\/11\/05113826\/Saiu-Edital-8.png\",\"width\":1200,\"height\":628,\"caption\":\"PSS NOVA IGUA\u00c7U RJ\"},{\"@type\":\"BreadcrumbList\",\"@id\":\"https:\/\/www.estrategiaconcursos.com.br\/blog\/publicado-edital-concurso-amazul\/#breadcrumb\",\"itemListElement\":[{\"@type\":\"ListItem\",\"position\":1,\"name\":\"In\u00edcio\",\"item\":\"https:\/\/www.estrategiaconcursos.com.br\/blog\/\"},{\"@type\":\"ListItem\",\"position\":2,\"name\":\"Inscri\u00e7\u00f5es do concurso AMAZUL com 2.377 vagas est\u00e3o encerradas!\"}]},{\"@type\":\"WebSite\",\"@id\":\"https:\/\/www.estrategiaconcursos.com.br\/blog\/#website\",\"url\":\"https:\/\/www.estrategiaconcursos.com.br\/blog\/\",\"name\":\"Estrat\u00e9gia Concursos\",\"description\":\"O blog da Estrat\u00e9gia Concursos traz not\u00edcias sobre concursos e artigos de professores oferecendo cursos para concursos (pdf + videaulas) no site.\",\"publisher\":{\"@id\":\"https:\/\/www.estrategiaconcursos.com.br\/blog\/#organization\"},\"potentialAction\":[{\"@type\":\"SearchAction\",\"target\":{\"@type\":\"EntryPoint\",\"urlTemplate\":\"https:\/\/www.estrategiaconcursos.com.br\/blog\/?s={search_term_string}\"},\"query-input\":{\"@type\":\"PropertyValueSpecification\",\"valueRequired\":true,\"valueName\":\"search_term_string\"}}],\"inLanguage\":\"pt-BR\"},{\"@type\":\"Organization\",\"@id\":\"https:\/\/www.estrategiaconcursos.com.br\/blog\/#organization\",\"name\":\"Estrat\u00e9gia Concursos\",\"url\":\"https:\/\/www.estrategiaconcursos.com.br\/blog\/\",\"logo\":{\"@type\":\"ImageObject\",\"inLanguage\":\"pt-BR\",\"@id\":\"https:\/\/www.estrategiaconcursos.com.br\/blog\/#\/schema\/logo\/image\/\",\"url\":\"https:\/\/dhg1h5j42swfq.cloudfront.net\/2025\/06\/03203428\/logo_concursos-1.jpg\",\"contentUrl\":\"https:\/\/dhg1h5j42swfq.cloudfront.net\/2025\/06\/03203428\/logo_concursos-1.jpg\",\"width\":230,\"height\":60,\"caption\":\"Estrat\u00e9gia Concursos\"},\"image\":{\"@id\":\"https:\/\/www.estrategiaconcursos.com.br\/blog\/#\/schema\/logo\/image\/\"},\"sameAs\":[\"https:\/\/x.com\/EstratConcursos\"]},{\"@type\":\"Person\",\"@id\":\"https:\/\/www.estrategiaconcursos.com.br\/blog\/#\/schema\/person\/3489eb8fb39ff11193689cf7762b03b0\",\"name\":\"Rosenval J\u00fanior\",\"image\":{\"@type\":\"ImageObject\",\"inLanguage\":\"pt-BR\",\"@id\":\"https:\/\/secure.gravatar.com\/avatar\/dc38e7bcadccb99c8a28b35b027bdc6b8b6a65ee938a25ed335e3e31eed462e0?s=96&d=mm&r=g\",\"url\":\"https:\/\/secure.gravatar.com\/avatar\/dc38e7bcadccb99c8a28b35b027bdc6b8b6a65ee938a25ed335e3e31eed462e0?s=96&d=mm&r=g\",\"contentUrl\":\"https:\/\/secure.gravatar.com\/avatar\/dc38e7bcadccb99c8a28b35b027bdc6b8b6a65ee938a25ed335e3e31eed462e0?s=96&d=mm&r=g\",\"caption\":\"Rosenval J\u00fanior\"},\"description\":\"Graduado pela Universidade Federal de Vi\u00e7osa - UFV. P\u00f3s-graduado em Direito Ambiental. Graduado tamb\u00e9m em Gest\u00e3o Ambiental, com tr\u00eas especializa\u00e7\u00f5es na \u00e1rea ambiental. Mestrando em Engenharia Ambiental. Servidor p\u00fablico do Minist\u00e9rio da Justi\u00e7a e professor de Direito Ambiental, Meio Ambiente, Direito Agr\u00e1rio e Direito Urban\u00edstico para concursos p\u00fablicos. Professor de Direito Ambiental para o Exame de Ordem. Aprovado em 15 concursos p\u00fablicos na \u00e1rea de Meio Ambiente como Analista Ambiental do Instituto Brasileiro do Meio Ambiente e dos Recursos Naturais Renov\u00e1veis - IBAMA; Analista Pericial - Especialidade Engenharia Florestal do Minist\u00e9rio P\u00fablico da Uni\u00e3o - MPU; Analista de Infraestrutura - \u00c1rea de Especializa\u00e7\u00e3o Ambiental do Departamento Nacional de Infraestrutura de Transportes - DNIT; Especialista em Regula\u00e7\u00e3o - \u00c1rea Engenharia Ambiental e Engenharia Florestal, com \u00eanfase em Meio Ambiente da Ag\u00eancia Nacional de Transportes Terrestres - ANTT; Consultor Legislativo em Meio Ambiente e Direito Ambiental, Organiza\u00e7\u00e3o Territorial, Desenvolvimento Urbano e Regional da C\u00e2mara dos Deputados; entre outros. Autor do livro \\\"Direito Ambiental para Concursos e Exame de Ordem\\\", Editora Juru\u00e1. Iniciou sua carreira no servi\u00e7o p\u00fablico federal em 2006, quando obteve aprova\u00e7\u00e3o em 1\u00b0 lugar para o cargo de engenheiro florestal da Casa Civil da Presid\u00eancia da Rep\u00fablica\/Arquivo Nacional. Alguns concursos em que foi aprovado: 1\u00b0 lugar para Analista do Minist\u00e9rio P\u00fablico de MG; 1\u00ba lugar para Engenheiro da Casa Civil da Presid\u00eancia da Rep\u00fablica; 1\u00b0 lugar para T\u00e9cnico em Recursos Naturais \u2013 n\u00edvel II \u2013 \u00c1rea Engenharia Florestal do IDAF; 2\u00b0 lugar para Analista Pericial do Minist\u00e9rio P\u00fablico da Uni\u00e3o - MPU; 2\u00b0 lugar para Analista em Reforma e Desenvolvimento Agr\u00e1rio do INCRA; 7\u00ba lugar Engenheiro J\u00fanior da Caixa Econ\u00f4mica Federal; 10\u00ba lugar para Analista Ambiental do Instituto Estadual de Florestas - IEF\/MG; 6\u00ba lugar para Analista de Infraestrutura (\u00c1rea de Especializa\u00e7\u00e3o Ambiental) do Departamento Nacional de Infraestrutura de Transportes \u2013 DNIT (Prova objetiva e discursiva); 2\u00b0 lugar para Perito Criminal da Pol\u00edcia Civil do Estado do Rio de Janeiro \u2013PCERJ (Resultado na Prova objetiva, TAF, Avalia\u00e7\u00e3o M\u00e9dica, e Psicot\u00e9cnico); 10\u00ba lugar para Perito Criminal da Pol\u00edcia Federal \u2013 DPF \u2013 \u00c1rea 9 (Resultado definitivo na prova objetiva e discursiva); 2\u00b0 lugar para Analista Ambiental do Instituto Brasileiro do Meio Ambiente e dos Recursos Naturais Renov\u00e1veis \u2013 IBAMA (Prova objetiva e discursiva); 1\u00b0 lugar para Especialista em Regula\u00e7\u00e3o Engenharia Ambiental e Engenharia Florestal (com \u00eanfase em meio ambiente) da Ag\u00eancia Nacional de Transportes Terrestres - ANTT (Resultado da prova objetiva, discursiva e de t\u00edtulos); 10\u00ba lugar para Consultor Legislativo em Meio Ambiente e Direito Ambiental, Organiza\u00e7\u00e3o Territorial, Desenvolvimento Urbano e Regional da C\u00e2mara dos Deputados. (Resultado da prova objetiva, discursiva e de t\u00edtulos) Entre em contato comigo pelo facebook e pelo Youtube. Basta colocar na busca: Rosenval J\u00fanior. Ou copiar e colar o endere\u00e7o: www.facebook.com\/rosenvaljr Acesse o meu site e saiba mais: www.aprendadireitoambiental.com.br\",\"sameAs\":[\"http:\/\/www.aprendadireitoambiental.com.br\",\"https:\/\/www.facebook.com\/rosenvaljr\"],\"url\":\"https:\/\/www.estrategiaconcursos.com.br\/blog\/author\/rosenvaljuniorestrategiaconcursos-com-br\/\"}]}<\/script>\n<!-- \/ Yoast SEO Premium plugin. -->","yoast_head_json":{"title":"Inscri\u00e7\u00f5es do concurso AMAZUL com 2.377 vagas est\u00e3o encerradas!","description":"Inscri\u00e7\u00f5es do concurso p\u00fablico da Amaz\u00f4nia Tecnologias de Defesa - AMAZUL com 2.377 vagas est\u00e3o oficialmente encerradas. Saiba mais!","robots":{"index":"index","follow":"follow","max-snippet":"max-snippet:-1","max-image-preview":"max-image-preview:large","max-video-preview":"max-video-preview:-1"},"canonical":"https:\/\/www.estrategiaconcursos.com.br\/blog\/publicado-edital-concurso-amazul\/","og_locale":"pt_BR","og_type":"article","og_title":"Inscri\u00e7\u00f5es do concurso AMAZUL com 2.377 vagas est\u00e3o encerradas!","og_description":"Inscri\u00e7\u00f5es do concurso p\u00fablico da Amaz\u00f4nia Tecnologias de Defesa - AMAZUL com 2.377 vagas est\u00e3o oficialmente encerradas. Saiba mais!","og_url":"https:\/\/www.estrategiaconcursos.com.br\/blog\/publicado-edital-concurso-amazul\/","og_site_name":"Estrat\u00e9gia Concursos","article_author":"https:\/\/www.facebook.com\/rosenvaljr","article_published_time":"2020-02-11T05:00:00+00:00","article_modified_time":"2020-02-11T13:23:53+00:00","og_image":[{"width":1200,"height":628,"url":"https:\/\/dhg1h5j42swfq.cloudfront.net\/2019\/11\/05113826\/Saiu-Edital-8.png","type":"image\/png"}],"author":"Rosenval J\u00fanior","twitter_card":"summary_large_image","twitter_creator":"@EstratConcursos","twitter_site":"@EstratConcursos","twitter_misc":{"Escrito por":"Rosenval J\u00fanior","Est. tempo de leitura":"4 minutos"},"schema":{"@context":"https:\/\/schema.org","@graph":[{"@type":"NewsArticle","@id":"https:\/\/www.estrategiaconcursos.com.br\/blog\/publicado-edital-concurso-amazul\/#article","isPartOf":{"@id":"https:\/\/www.estrategiaconcursos.com.br\/blog\/publicado-edital-concurso-amazul\/"},"author":{"name":"Rosenval J\u00fanior","@id":"https:\/\/www.estrategiaconcursos.com.br\/blog\/#\/schema\/person\/3489eb8fb39ff11193689cf7762b03b0"},"headline":"Inscri\u00e7\u00f5es do concurso AMAZUL com 2.377 vagas est\u00e3o encerradas!","datePublished":"2020-02-11T05:00:00+00:00","dateModified":"2020-02-11T13:23:53+00:00","mainEntityOfPage":{"@id":"https:\/\/www.estrategiaconcursos.com.br\/blog\/publicado-edital-concurso-amazul\/"},"wordCount":919,"commentCount":0,"publisher":{"@id":"https:\/\/www.estrategiaconcursos.com.br\/blog\/#organization"},"image":{"@id":"https:\/\/www.estrategiaconcursos.com.br\/blog\/publicado-edital-concurso-amazul\/#primaryimage"},"thumbnailUrl":"https:\/\/dhg1h5j42swfq.cloudfront.net\/2019\/11\/05113826\/Saiu-Edital-8.png","articleSection":["Concursos P\u00fablicos"],"inLanguage":"pt-BR","potentialAction":[{"@type":"CommentAction","name":"Comment","target":["https:\/\/www.estrategiaconcursos.com.br\/blog\/publicado-edital-concurso-amazul\/#respond"]}],"copyrightYear":"2020","copyrightHolder":{"@id":"https:\/\/www.estrategiaconcursos.com.br\/blog\/#organization"}},{"@type":"WebPage","@id":"https:\/\/www.estrategiaconcursos.com.br\/blog\/publicado-edital-concurso-amazul\/","url":"https:\/\/www.estrategiaconcursos.com.br\/blog\/publicado-edital-concurso-amazul\/","name":"Inscri\u00e7\u00f5es do concurso AMAZUL com 2.377 vagas est\u00e3o encerradas!","isPartOf":{"@id":"https:\/\/www.estrategiaconcursos.com.br\/blog\/#website"},"primaryImageOfPage":{"@id":"https:\/\/www.estrategiaconcursos.com.br\/blog\/publicado-edital-concurso-amazul\/#primaryimage"},"image":{"@id":"https:\/\/www.estrategiaconcursos.com.br\/blog\/publicado-edital-concurso-amazul\/#primaryimage"},"thumbnailUrl":"https:\/\/dhg1h5j42swfq.cloudfront.net\/2019\/11\/05113826\/Saiu-Edital-8.png","datePublished":"2020-02-11T05:00:00+00:00","dateModified":"2020-02-11T13:23:53+00:00","description":"Inscri\u00e7\u00f5es do concurso p\u00fablico da Amaz\u00f4nia Tecnologias de Defesa - AMAZUL com 2.377 vagas est\u00e3o oficialmente encerradas. Saiba mais!","breadcrumb":{"@id":"https:\/\/www.estrategiaconcursos.com.br\/blog\/publicado-edital-concurso-amazul\/#breadcrumb"},"inLanguage":"pt-BR","potentialAction":[{"@type":"ReadAction","target":["https:\/\/www.estrategiaconcursos.com.br\/blog\/publicado-edital-concurso-amazul\/"]}]},{"@type":"ImageObject","inLanguage":"pt-BR","@id":"https:\/\/www.estrategiaconcursos.com.br\/blog\/publicado-edital-concurso-amazul\/#primaryimage","url":"https:\/\/dhg1h5j42swfq.cloudfront.net\/2019\/11\/05113826\/Saiu-Edital-8.png","contentUrl":"https:\/\/dhg1h5j42swfq.cloudfront.net\/2019\/11\/05113826\/Saiu-Edital-8.png","width":1200,"height":628,"caption":"PSS NOVA IGUA\u00c7U RJ"},{"@type":"BreadcrumbList","@id":"https:\/\/www.estrategiaconcursos.com.br\/blog\/publicado-edital-concurso-amazul\/#breadcrumb","itemListElement":[{"@type":"ListItem","position":1,"name":"In\u00edcio","item":"https:\/\/www.estrategiaconcursos.com.br\/blog\/"},{"@type":"ListItem","position":2,"name":"Inscri\u00e7\u00f5es do concurso AMAZUL com 2.377 vagas est\u00e3o encerradas!"}]},{"@type":"WebSite","@id":"https:\/\/www.estrategiaconcursos.com.br\/blog\/#website","url":"https:\/\/www.estrategiaconcursos.com.br\/blog\/","name":"Estrat\u00e9gia Concursos","description":"O blog da Estrat\u00e9gia Concursos traz not\u00edcias sobre concursos e artigos de professores oferecendo cursos para concursos (pdf + videaulas) no site.","publisher":{"@id":"https:\/\/www.estrategiaconcursos.com.br\/blog\/#organization"},"potentialAction":[{"@type":"SearchAction","target":{"@type":"EntryPoint","urlTemplate":"https:\/\/www.estrategiaconcursos.com.br\/blog\/?s={search_term_string}"},"query-input":{"@type":"PropertyValueSpecification","valueRequired":true,"valueName":"search_term_string"}}],"inLanguage":"pt-BR"},{"@type":"Organization","@id":"https:\/\/www.estrategiaconcursos.com.br\/blog\/#organization","name":"Estrat\u00e9gia Concursos","url":"https:\/\/www.estrategiaconcursos.com.br\/blog\/","logo":{"@type":"ImageObject","inLanguage":"pt-BR","@id":"https:\/\/www.estrategiaconcursos.com.br\/blog\/#\/schema\/logo\/image\/","url":"https:\/\/dhg1h5j42swfq.cloudfront.net\/2025\/06\/03203428\/logo_concursos-1.jpg","contentUrl":"https:\/\/dhg1h5j42swfq.cloudfront.net\/2025\/06\/03203428\/logo_concursos-1.jpg","width":230,"height":60,"caption":"Estrat\u00e9gia Concursos"},"image":{"@id":"https:\/\/www.estrategiaconcursos.com.br\/blog\/#\/schema\/logo\/image\/"},"sameAs":["https:\/\/x.com\/EstratConcursos"]},{"@type":"Person","@id":"https:\/\/www.estrategiaconcursos.com.br\/blog\/#\/schema\/person\/3489eb8fb39ff11193689cf7762b03b0","name":"Rosenval J\u00fanior","image":{"@type":"ImageObject","inLanguage":"pt-BR","@id":"https:\/\/secure.gravatar.com\/avatar\/dc38e7bcadccb99c8a28b35b027bdc6b8b6a65ee938a25ed335e3e31eed462e0?s=96&d=mm&r=g","url":"https:\/\/secure.gravatar.com\/avatar\/dc38e7bcadccb99c8a28b35b027bdc6b8b6a65ee938a25ed335e3e31eed462e0?s=96&d=mm&r=g","contentUrl":"https:\/\/secure.gravatar.com\/avatar\/dc38e7bcadccb99c8a28b35b027bdc6b8b6a65ee938a25ed335e3e31eed462e0?s=96&d=mm&r=g","caption":"Rosenval J\u00fanior"},"description":"Graduado pela Universidade Federal de Vi\u00e7osa - UFV. P\u00f3s-graduado em Direito Ambiental. Graduado tamb\u00e9m em Gest\u00e3o Ambiental, com tr\u00eas especializa\u00e7\u00f5es na \u00e1rea ambiental. Mestrando em Engenharia Ambiental. Servidor p\u00fablico do Minist\u00e9rio da Justi\u00e7a e professor de Direito Ambiental, Meio Ambiente, Direito Agr\u00e1rio e Direito Urban\u00edstico para concursos p\u00fablicos. Professor de Direito Ambiental para o Exame de Ordem. Aprovado em 15 concursos p\u00fablicos na \u00e1rea de Meio Ambiente como Analista Ambiental do Instituto Brasileiro do Meio Ambiente e dos Recursos Naturais Renov\u00e1veis - IBAMA; Analista Pericial - Especialidade Engenharia Florestal do Minist\u00e9rio P\u00fablico da Uni\u00e3o - MPU; Analista de Infraestrutura - \u00c1rea de Especializa\u00e7\u00e3o Ambiental do Departamento Nacional de Infraestrutura de Transportes - DNIT; Especialista em Regula\u00e7\u00e3o - \u00c1rea Engenharia Ambiental e Engenharia Florestal, com \u00eanfase em Meio Ambiente da Ag\u00eancia Nacional de Transportes Terrestres - ANTT; Consultor Legislativo em Meio Ambiente e Direito Ambiental, Organiza\u00e7\u00e3o Territorial, Desenvolvimento Urbano e Regional da C\u00e2mara dos Deputados; entre outros. Autor do livro \"Direito Ambiental para Concursos e Exame de Ordem\", Editora Juru\u00e1. Iniciou sua carreira no servi\u00e7o p\u00fablico federal em 2006, quando obteve aprova\u00e7\u00e3o em 1\u00b0 lugar para o cargo de engenheiro florestal da Casa Civil da Presid\u00eancia da Rep\u00fablica\/Arquivo Nacional. Alguns concursos em que foi aprovado: 1\u00b0 lugar para Analista do Minist\u00e9rio P\u00fablico de MG; 1\u00ba lugar para Engenheiro da Casa Civil da Presid\u00eancia da Rep\u00fablica; 1\u00b0 lugar para T\u00e9cnico em Recursos Naturais \u2013 n\u00edvel II \u2013 \u00c1rea Engenharia Florestal do IDAF; 2\u00b0 lugar para Analista Pericial do Minist\u00e9rio P\u00fablico da Uni\u00e3o - MPU; 2\u00b0 lugar para Analista em Reforma e Desenvolvimento Agr\u00e1rio do INCRA; 7\u00ba lugar Engenheiro J\u00fanior da Caixa Econ\u00f4mica Federal; 10\u00ba lugar para Analista Ambiental do Instituto Estadual de Florestas - IEF\/MG; 6\u00ba lugar para Analista de Infraestrutura (\u00c1rea de Especializa\u00e7\u00e3o Ambiental) do Departamento Nacional de Infraestrutura de Transportes \u2013 DNIT (Prova objetiva e discursiva); 2\u00b0 lugar para Perito Criminal da Pol\u00edcia Civil do Estado do Rio de Janeiro \u2013PCERJ (Resultado na Prova objetiva, TAF, Avalia\u00e7\u00e3o M\u00e9dica, e Psicot\u00e9cnico); 10\u00ba lugar para Perito Criminal da Pol\u00edcia Federal \u2013 DPF \u2013 \u00c1rea 9 (Resultado definitivo na prova objetiva e discursiva); 2\u00b0 lugar para Analista Ambiental do Instituto Brasileiro do Meio Ambiente e dos Recursos Naturais Renov\u00e1veis \u2013 IBAMA (Prova objetiva e discursiva); 1\u00b0 lugar para Especialista em Regula\u00e7\u00e3o Engenharia Ambiental e Engenharia Florestal (com \u00eanfase em meio ambiente) da Ag\u00eancia Nacional de Transportes Terrestres - ANTT (Resultado da prova objetiva, discursiva e de t\u00edtulos); 10\u00ba lugar para Consultor Legislativo em Meio Ambiente e Direito Ambiental, Organiza\u00e7\u00e3o Territorial, Desenvolvimento Urbano e Regional da C\u00e2mara dos Deputados. (Resultado da prova objetiva, discursiva e de t\u00edtulos) Entre em contato comigo pelo facebook e pelo Youtube. Basta colocar na busca: Rosenval J\u00fanior. Ou copiar e colar o endere\u00e7o: www.facebook.com\/rosenvaljr Acesse o meu site e saiba mais: www.aprendadireitoambiental.com.br","sameAs":["http:\/\/www.aprendadireitoambiental.com.br","https:\/\/www.facebook.com\/rosenvaljr"],"url":"https:\/\/www.estrategiaconcursos.com.br\/blog\/author\/rosenvaljuniorestrategiaconcursos-com-br\/"}]}},"_links":{"self":[{"href":"https:\/\/www.estrategiaconcursos.com.br\/blog\/wp-json\/wp\/v2\/posts\/469469","targetHints":{"allow":["GET"]}}],"collection":[{"href":"https:\/\/www.estrategiaconcursos.com.br\/blog\/wp-json\/wp\/v2\/posts"}],"about":[{"href":"https:\/\/www.estrategiaconcursos.com.br\/blog\/wp-json\/wp\/v2\/types\/post"}],"author":[{"embeddable":true,"href":"https:\/\/www.estrategiaconcursos.com.br\/blog\/wp-json\/wp\/v2\/users\/73"}],"replies":[{"embeddable":true,"href":"https:\/\/www.estrategiaconcursos.com.br\/blog\/wp-json\/wp\/v2\/comments?post=469469"}],"version-history":[{"count":9,"href":"https:\/\/www.estrategiaconcursos.com.br\/blog\/wp-json\/wp\/v2\/posts\/469469\/revisions"}],"predecessor-version":[{"id":480224,"href":"https:\/\/www.estrategiaconcursos.com.br\/blog\/wp-json\/wp\/v2\/posts\/469469\/revisions\/480224"}],"wp:featuredmedia":[{"embeddable":true,"href":"https:\/\/www.estrategiaconcursos.com.br\/blog\/wp-json\/wp\/v2\/media\/444273"}],"wp:attachment":[{"href":"https:\/\/www.estrategiaconcursos.com.br\/blog\/wp-json\/wp\/v2\/media?parent=469469"}],"wp:term":[{"taxonomy":"category","embeddable":true,"href":"https:\/\/www.estrategiaconcursos.com.br\/blog\/wp-json\/wp\/v2\/categories?post=469469"},{"taxonomy":"post_tag","embeddable":true,"href":"https:\/\/www.estrategiaconcursos.com.br\/blog\/wp-json\/wp\/v2\/tags?post=469469"},{"taxonomy":"tax_estado","embeddable":true,"href":"https:\/\/www.estrategiaconcursos.com.br\/blog\/wp-json\/wp\/v2\/tax_estado?post=469469"}],"curies":[{"name":"wp","href":"https:\/\/api.w.org\/{rel}","templated":true}]}}