{"id":469451,"date":"2020-01-17T10:38:44","date_gmt":"2020-01-17T13:38:44","guid":{"rendered":"https:\/\/www.estrategiaconcursos.com.br\/blog\/?p=469451"},"modified":"2023-06-14T10:50:45","modified_gmt":"2023-06-14T13:50:45","slug":"concurso-comcap-saiu-edital","status":"publish","type":"post","link":"https:\/\/www.estrategiaconcursos.com.br\/blog\/concurso-comcap-saiu-edital\/","title":{"rendered":"Publicado edital do concurso Comcap com vagas para cadastro reserva"},"content":{"rendered":"\n<p>Foi publicado o edital do concurso p\u00fablico da&nbsp;<strong>Autarquia de Melhoramentos da Capital<\/strong>, localizada em Florian\u00f3polis-SC. S\u00e3o ofertadas vagas em cadastro reserva para cargos de n\u00edvel fundamental, m\u00e9dio e superior.<\/p>\n\n\n\n<p>Os interessados em participar da sele\u00e7\u00e3o puderam realizar as inscri\u00e7\u00f5es no per\u00edodo de 27 de janeiro a 03 de mar\u00e7o, no site da banca organizadora, Fepese. <\/p>\n\n\n\n<h2 class=\"wp-block-heading\" id=\"datas\">Principais datas<\/h2>\n\n\n\n<p class=\"has-very-light-gray-background-color has-background\"><strong>Inscri\u00e7\u00f5es<\/strong>: <s>27 de janeiro a 21 de fevereiro<\/s> [ENCERRADO]<br \/><strong>Isen\u00e7\u00e3o da taxa<\/strong>: <s>27 de janeiro a 07 de fevereiro<\/s> [ENCERRADO] <br \/><strong>Prova<\/strong>: 10 de maio<\/p>\n\n\n\n<h2 class=\"wp-block-heading\" id=\"cargos-vagas\">Cargos e vagas<\/h2>\n\n\n\n<figure class=\"wp-block-table is-style-stripes\"><table class=\"has-background has-fixed-layout\" style=\"background-color:#e7f5fe\"><tbody><tr><td><strong>Cargo<\/strong><\/td><td><strong>Vagas<\/strong><\/td><td><strong>Sal\u00e1rio<\/strong><\/td><td><strong>Escolaridade<\/strong><\/td><\/tr><tr><td>Auxiliar de Manuten\u00e7\u00e3o<\/td><td> CR <\/td><td> R$ 1.870,84 <\/td><td> N\u00edvel fundamental  completo <\/td><\/tr><tr><td>Mec\u00e2nico <\/td><td> CR <\/td><td> R$ 2.995,23 <\/td><td>N\u00edvel fundamental completo <\/td><\/tr><tr><td>Motorista <\/td><td> CR <\/td><td> R$ 2.995,23 <\/td><td>N\u00edvel fundamental completo <\/td><\/tr><tr><td>Gari de Coleta<\/td><td> CR <\/td><td> R$ 1.870,94 <\/td><td>N\u00edvel fundamental incompleto <\/td><\/tr><tr><td>Gari de Limpeza P\u00fablica<\/td><td> CR <\/td><td> R$ 1.308,50 <\/td><td>N\u00edvel fundamental incompleto <\/td><\/tr><tr><td>Assistente Administrativo<\/td><td> CR <\/td><td> R$ 2.450,70 <\/td><td>N\u00edvel m\u00e9dio<\/td><\/tr><tr><td>T\u00e9cnico em Saneamento<\/td><td> CR <\/td><td> R$ 2.866,91 <\/td><td>N\u00edvel m\u00e9dio<\/td><\/tr><tr><td>T\u00e9cnico em Inform\u00e1tica<\/td><td> CR <\/td><td> R$ 2.866,91 <\/td><td>N\u00edvel m\u00e9dio<\/td><\/tr><tr><td>T\u00e9cnico em Mec\u00e2nica<\/td><td> CR <\/td><td> R$ 2.866,91 <\/td><td>N\u00edvel m\u00e9dio<\/td><\/tr><tr><td>Contador <\/td><td> CR <\/td><td> R$ 3.353,90 <\/td><td>N\u00edvel superior<\/td><\/tr><tr><td>Engenheiro Sanitarista<\/td><td> CR <\/td><td> R$ 3.353,90 <\/td><td>N\u00edvel superior<\/td><\/tr><\/tbody><\/table><\/figure>\n\n\n\n<h2 class=\"wp-block-heading\" id=\"etapas\">Etapas e provas<\/h2>\n\n\n\n<p>O certame ser\u00e1 constitu\u00eddo das seguintes etapas:<\/p>\n\n\n\n<ol class=\"wp-block-list\">\n<li><strong>Para os cargos de Gari de coleta, Gari de limpeza P\u00fablica e Motorista:<\/strong>\n<ul class=\"wp-block-list\">\n<li><em>Primeira etapa<\/em>: Prova escrita com quest\u00f5es objetivas de car\u00e1ter eliminat\u00f3rio e classificat\u00f3rio<\/li>\n\n\n\n<li><em>Segunda etapa<\/em>: Prova de aptid\u00e3o f\u00edsica de car\u00e1ter eliminat\u00f3rio<\/li>\n\n\n\n<li><em>Terceira etapa<\/em>: Prova Pr\u00e1tica de car\u00e1ter eliminat\u00f3rio e classificat\u00f3rio<\/li>\n<\/ul>\n<\/li>\n\n\n\n<li><strong>Para o cargo de Auxiliar de Manuten\u00e7\u00e3o e Mec\u00e2nico: <\/strong>\n<ul class=\"wp-block-list\">\n<li><em>Primeira etapa<\/em>: Prova escrita com quest\u00f5es objetivas de car\u00e1ter eliminat\u00f3rio e classificat\u00f3rio<\/li>\n\n\n\n<li><em>Segunda etapa<\/em>: Prova Pr\u00e1tica de car\u00e1ter eliminat\u00f3rio e classificat\u00f3rio<\/li>\n<\/ul>\n<\/li>\n\n\n\n<li><strong>Para os demais cargos: <\/strong>\n<ul class=\"wp-block-list\">\n<li><em>Etapa \u00fanica<\/em>: Prova escrita com quest\u00f5es objetivas de car\u00e1ter eliminat\u00f3rio e classificat\u00f3rio<\/li>\n<\/ul>\n<\/li>\n<\/ol>\n\n\n\n<h3 class=\"wp-block-heading\">Prova Objetiva<\/h3>\n\n\n\n<p>Esta etapa, de car\u00e1ter classificat\u00f3rio e eliminat\u00f3rio, constar\u00e1 da avalia\u00e7\u00e3o dos conhecimentos e habilidades dos candidatos mediante a aplica\u00e7\u00e3o de quest\u00f5es objetivas, cada uma delas com 5 alternativas. A prova escrita ser\u00e1 aplicada na data prov\u00e1vel de 10 de maio, com a dura\u00e7\u00e3o de 4 horas, na Grande Florian\u00f3polis.<\/p>\n\n\n\n<figure class=\"wp-block-image aligncenter size-large is-resized\"><img loading=\"lazy\" decoding=\"async\" src=\"https:\/\/dhg1h5j42swfq.cloudfront.net\/2020\/01\/17102213\/image-114.png\" alt=\"\" class=\"wp-image-471043\" width=\"601\" height=\"378\" srcset=\"https:\/\/dhg1h5j42swfq.cloudfront.net\/2020\/01\/17102213\/image-114.png 699w, https:\/\/dhg1h5j42swfq.cloudfront.net\/2020\/01\/17102213\/image-114-300x189.png 300w, https:\/\/dhg1h5j42swfq.cloudfront.net\/2020\/01\/17102213\/image-114-610x384.png 610w\" sizes=\"auto, (max-width: 601px) 100vw, 601px\" \/><\/figure>\n\n\n\n<figure class=\"wp-block-image aligncenter size-large is-resized\"><img loading=\"lazy\" decoding=\"async\" src=\"https:\/\/dhg1h5j42swfq.cloudfront.net\/2020\/01\/17102231\/image-115.png\" alt=\"\" class=\"wp-image-471044\" width=\"594\" height=\"187\" srcset=\"https:\/\/dhg1h5j42swfq.cloudfront.net\/2020\/01\/17102231\/image-115.png 685w, https:\/\/dhg1h5j42swfq.cloudfront.net\/2020\/01\/17102231\/image-115-300x94.png 300w, https:\/\/dhg1h5j42swfq.cloudfront.net\/2020\/01\/17102231\/image-115-610x191.png 610w\" sizes=\"auto, (max-width: 594px) 100vw, 594px\" \/><\/figure>\n\n\n\n<p>Ser\u00e3o considerados aprovados na Prova Escrita os candidatos que obtiverem nota igual ou superior a 5,00.<\/p>\n\n\n\n<h3 class=\"wp-block-heading\">Prova de Aptid\u00e3o F\u00edsica<\/h3>\n\n\n\n<p>A segunda etapa do Concurso P\u00fablico, para os cargos de Motorista, Gari de coleta e Gari de limpeza p\u00fablica, consistir\u00e1 em uma prova de aptid\u00e3o f\u00edsica de car\u00e1ter unicamente eliminat\u00f3rio. <\/p>\n\n\n\n<p>Esta prova ser\u00e1 aplicada na data prov\u00e1vel de 31 de maio, em locais da Grande Florian\u00f3polis, em hor\u00e1rios que ser\u00e3o informados no Edital de Convoca\u00e7\u00e3o.<\/p>\n\n\n\n<figure class=\"wp-block-image aligncenter size-large is-resized\"><img loading=\"lazy\" decoding=\"async\" src=\"https:\/\/dhg1h5j42swfq.cloudfront.net\/2020\/01\/17103142\/image-116.png\" alt=\"\" class=\"wp-image-471057\" width=\"613\" height=\"403\" srcset=\"https:\/\/dhg1h5j42swfq.cloudfront.net\/2020\/01\/17103142\/image-116.png 817w, https:\/\/dhg1h5j42swfq.cloudfront.net\/2020\/01\/17103142\/image-116-300x197.png 300w, https:\/\/dhg1h5j42swfq.cloudfront.net\/2020\/01\/17103142\/image-116-768x505.png 768w, https:\/\/dhg1h5j42swfq.cloudfront.net\/2020\/01\/17103142\/image-116-610x401.png 610w\" sizes=\"auto, (max-width: 613px) 100vw, 613px\" \/><\/figure>\n\n\n\n<h3 class=\"wp-block-heading\">Prova Pr\u00e1tica <\/h3>\n\n\n\n<p>A segunda etapa do Concurso P\u00fablico, para o cargo de Auxiliar de Manuten\u00e7\u00e3o e Mec\u00e2nico, e terceira etapa para os cargos de Gari de coleta e Gari de limpeza p\u00fablica e Motorista, consistir\u00e1 em uma Prova Pr\u00e1tica de car\u00e1ter classificat\u00f3rio e eliminat\u00f3rio. <\/p>\n\n\n\n<p>Para os cargos de Auxiliar de Manuten\u00e7\u00e3o, Mec\u00e2nico, Gari de Coleta e Gari de Limpeza P\u00fablica, a prova constar\u00e1 da aferi\u00e7\u00e3o dos conhecimentos t\u00e9cnicos e pr\u00e1ticos do candidato, demonstrados atrav\u00e9s da execu\u00e7\u00e3o de tarefa t\u00edpica do exerc\u00edcio cotidiano das suas fun\u00e7\u00f5es.<\/p>\n\n\n\n<p>J\u00e1 para o para o cargo de Motorista constar\u00e1 da aferi\u00e7\u00e3o dos conhecimentos t\u00e9cnicos e pr\u00e1ticos do candidato necess\u00e1rios para o exerc\u00edcio de suas fun\u00e7\u00f5es, demonstrados atrav\u00e9s da correta condu\u00e7\u00e3o de um ve\u00edculo, opera\u00e7\u00e3o de equipamentos nele instalados e realiza\u00e7\u00e3o de tarefa que lhe ser\u00e1 atribu\u00edda. <\/p>\n\n\n\n<p class=\"has-text-align-center has-very-light-gray-background-color has-background\" style=\"font-size:clamp(14.642px, 0.915rem + ((1vw - 3.2px) * 0.721), 22px);px\"><strong>Saiba mais: <a href=\"https:\/\/www.estrategiaconcursos.com.br\/blog\/concurso-comcap\/\" target=\"_blank\" rel=\"noreferrer noopener\" aria-label=\"Concurso Comcap (abre numa nova aba)\">Concurso Comcap<\/a><\/strong><\/p>\n\n\n\n<hr class=\"wp-block-separator has-css-opacity\"\/>\n\n\n\n<h2 class=\"wp-block-heading has-text-align-center\" id=\"cursos-assinatura\">Quer estudar para o concurso Comcap?<\/h2>\n\n\n\n<p class=\"has-text-align-center\"><em>Gostou desta oportunidade e deseja come\u00e7ar se preparar agora mesmo? Ent\u00e3o, confira os nossos cursos e comece a estudar:<\/em><\/p>\n\n\n\n<p class=\"has-text-align-center has-light-green-cyan-background-color has-background\" style=\"font-size:clamp(14.642px, 0.915rem + ((1vw - 3.2px) * 0.721), 22px);px\"><strong><a rel=\"noreferrer noopener\" href=\"https:\/\/www.estrategiaconcursos.com.br\/cursos\/concurso\/\" target=\"_blank\">Curso para concurso<\/a><\/strong><\/p>\n\n\n\n<p class=\"has-text-align-center has-medium-font-size\"><em><strong>Assinatura Anual Ilimitada*<\/strong><\/em><\/p>\n\n\n\n<p class=\"has-text-align-center\"><em>Prepare-se com o melhor material e com quem mais aprova em Concursos P\u00fablicos em todo o pa\u00eds. Assine agora a nossa Assinatura Anual e tenha acesso ilimitado* a todos os nossos cursos.<\/em><\/p>\n\n\n\n<p class=\"has-text-align-center has-luminous-vivid-amber-background-color has-background\" style=\"font-size:clamp(14.642px, 0.915rem + ((1vw - 3.2px) * 0.721), 22px);px\"><strong>ASSINE AGORA<\/strong>&nbsp;\u2013&nbsp;<strong><a rel=\"noreferrer noopener\" href=\"https:\/\/www.estrategiaconcursos.com.br\/assinaturas\" target=\"_blank\">Assinatura Ilimitada<\/a><\/strong><\/p>\n\n\n\n<p class=\"has-text-align-center has-medium-font-size\"><strong><em>Fique por dentro de todos os concursos<\/em><\/strong><\/p>\n\n\n\n<p class=\"has-text-align-center has-pale-cyan-blue-background-color has-background\" style=\"font-size:clamp(14.642px, 0.915rem + ((1vw - 3.2px) * 0.721), 22px);px\"><a href=\"https:\/\/www.estrategiaconcursos.com.br\/blog\/concursos-abertos\/\" target=\"_blank\" rel=\"noreferrer noopener\"><strong>CONCURSOS ABERTOS<\/strong><\/a><\/p>\n\n\n\n<figure class=\"wp-block-image\"><img loading=\"lazy\" decoding=\"async\" width=\"300\" height=\"102\" src=\"https:\/\/dhg1h5j42swfq.cloudfront.net\/2017\/03\/28152500\/coruja-ficha-tecnica-300x102.png\" alt=\"\" class=\"wp-image-68542\"\/><\/figure>\n\n\n\n<h3 class=\"wp-block-heading\" id=\"ficha-tecnica\"><strong>Informa\u00e7\u00f5es sobre o c<\/strong>oncurso Comcap<\/h3>\n\n\n\n<p>\u25ba<strong>Provas<\/strong>: 10\/05<br \/>\u25ba<strong>Vagas<\/strong>: CR<br \/>\u25ba<strong>Cargos<\/strong>: Diversos<br \/>\u25ba<strong>Banca<\/strong>: Fepese<br \/>\u25ba<strong>Escolaridade<\/strong>: N\u00edvel fundamental, m\u00e9dio e superior<br \/>\u25ba<strong>Lota\u00e7\u00f5es<\/strong>: Florian\u00f3polis (SC)<br \/>\u25ba<strong>Edital<\/strong>:&nbsp;<a rel=\"noreferrer noopener\" aria-label=\"Edital Comcap (abre numa nova aba)\" href=\"https:\/\/dhg1h5j42swfq.cloudfront.net\/2020\/01\/17092409\/2020_Comcap.pdf\" target=\"_blank\">Edital Comcap<\/a><\/p>\n\n\n\n<p><br \/><em>Ascom Estrat\u00e9gia<\/em><br \/>ascomestrategia@gmail.com<\/p>\n","protected":false},"excerpt":{"rendered":"<p>Foi publicado o edital do concurso p\u00fablico da&nbsp;Autarquia de Melhoramentos da Capital, localizada em Florian\u00f3polis-SC. S\u00e3o ofertadas vagas em cadastro reserva para cargos de n\u00edvel fundamental, m\u00e9dio e superior. Os interessados em participar da sele\u00e7\u00e3o puderam realizar as inscri\u00e7\u00f5es no per\u00edodo de 27 de janeiro a 03 de mar\u00e7o, no site da banca organizadora, Fepese. [&hellip;]<\/p>\n","protected":false},"author":254,"featured_media":444274,"comment_status":"open","ping_status":"closed","sticky":false,"template":"","format":"standard","meta":{"post_tipo":"article","footnotes":""},"categories":[1],"tags":[],"tax_estado":[],"class_list":["post-469451","post","type-post","status-publish","format-standard","has-post-thumbnail","hentry","category-cursos-e-concursos"],"acf":[],"yoast_head":"<!-- This site is optimized with the Yoast SEO Premium plugin v27.2 (Yoast SEO v27.2) - https:\/\/yoast.com\/product\/yoast-seo-premium-wordpress\/ -->\n<title>Publicado edital do concurso Comcap com vagas para cadastro reserva<\/title>\n<meta name=\"description\" content=\"Concurso Comcap oferta vagas em cadastro reserva para cargos de n\u00edvel fundamental, m\u00e9dio, t\u00e9cnico e superior. Provas em maio.\" \/>\n<meta name=\"robots\" content=\"index, follow, max-snippet:-1, max-image-preview:large, max-video-preview:-1\" \/>\n<link rel=\"canonical\" href=\"https:\/\/www.estrategiaconcursos.com.br\/blog\/concurso-comcap-saiu-edital\/\" \/>\n<meta property=\"og:locale\" content=\"pt_BR\" \/>\n<meta property=\"og:type\" content=\"article\" \/>\n<meta property=\"og:title\" content=\"Publicado edital do concurso Comcap com vagas para cadastro reserva\" \/>\n<meta property=\"og:description\" content=\"Concurso Comcap oferta vagas em cadastro reserva para cargos de n\u00edvel fundamental, m\u00e9dio, t\u00e9cnico e superior. Provas em maio.\" \/>\n<meta property=\"og:url\" content=\"https:\/\/www.estrategiaconcursos.com.br\/blog\/concurso-comcap-saiu-edital\/\" \/>\n<meta property=\"og:site_name\" content=\"Estrat\u00e9gia Concursos\" \/>\n<meta property=\"article:published_time\" content=\"2020-01-17T13:38:44+00:00\" \/>\n<meta property=\"article:modified_time\" content=\"2023-06-14T13:50:45+00:00\" \/>\n<meta property=\"og:image\" content=\"https:\/\/dhg1h5j42swfq.cloudfront.net\/2019\/11\/05113836\/Saiu-Edital-7.png\" \/>\n\t<meta property=\"og:image:width\" content=\"1200\" \/>\n\t<meta property=\"og:image:height\" content=\"628\" \/>\n\t<meta property=\"og:image:type\" content=\"image\/png\" \/>\n<meta name=\"author\" content=\"Carlos Roberto Correa\" \/>\n<meta name=\"twitter:card\" content=\"summary_large_image\" \/>\n<meta name=\"twitter:creator\" content=\"@EstratConcursos\" \/>\n<meta name=\"twitter:site\" content=\"@EstratConcursos\" \/>\n<meta name=\"twitter:label1\" content=\"Escrito por\" \/>\n\t<meta name=\"twitter:data1\" content=\"Carlos Roberto Correa\" \/>\n\t<meta name=\"twitter:label2\" content=\"Est. tempo de leitura\" \/>\n\t<meta name=\"twitter:data2\" content=\"4 minutos\" \/>\n<script type=\"application\/ld+json\" class=\"yoast-schema-graph\">{\"@context\":\"https:\/\/schema.org\",\"@graph\":[{\"@type\":\"NewsArticle\",\"@id\":\"https:\/\/www.estrategiaconcursos.com.br\/blog\/concurso-comcap-saiu-edital\/#article\",\"isPartOf\":{\"@id\":\"https:\/\/www.estrategiaconcursos.com.br\/blog\/concurso-comcap-saiu-edital\/\"},\"author\":{\"name\":\"Carlos Roberto Correa\",\"@id\":\"https:\/\/www.estrategiaconcursos.com.br\/blog\/#\/schema\/person\/b04f52b4e46b9c2763b237dc0302b7a7\"},\"headline\":\"Publicado edital do concurso Comcap com vagas para cadastro reserva\",\"datePublished\":\"2020-01-17T13:38:44+00:00\",\"dateModified\":\"2023-06-14T13:50:45+00:00\",\"mainEntityOfPage\":{\"@id\":\"https:\/\/www.estrategiaconcursos.com.br\/blog\/concurso-comcap-saiu-edital\/\"},\"wordCount\":759,\"commentCount\":0,\"publisher\":{\"@id\":\"https:\/\/www.estrategiaconcursos.com.br\/blog\/#organization\"},\"image\":{\"@id\":\"https:\/\/www.estrategiaconcursos.com.br\/blog\/concurso-comcap-saiu-edital\/#primaryimage\"},\"thumbnailUrl\":\"https:\/\/dhg1h5j42swfq.cloudfront.net\/2019\/11\/05113836\/Saiu-Edital-7.png\",\"articleSection\":[\"Concursos P\u00fablicos\"],\"inLanguage\":\"pt-BR\",\"potentialAction\":[{\"@type\":\"CommentAction\",\"name\":\"Comment\",\"target\":[\"https:\/\/www.estrategiaconcursos.com.br\/blog\/concurso-comcap-saiu-edital\/#respond\"]}],\"copyrightYear\":\"2020\",\"copyrightHolder\":{\"@id\":\"https:\/\/www.estrategiaconcursos.com.br\/blog\/#organization\"}},{\"@type\":\"WebPage\",\"@id\":\"https:\/\/www.estrategiaconcursos.com.br\/blog\/concurso-comcap-saiu-edital\/\",\"url\":\"https:\/\/www.estrategiaconcursos.com.br\/blog\/concurso-comcap-saiu-edital\/\",\"name\":\"Publicado edital do concurso Comcap com vagas para cadastro reserva\",\"isPartOf\":{\"@id\":\"https:\/\/www.estrategiaconcursos.com.br\/blog\/#website\"},\"primaryImageOfPage\":{\"@id\":\"https:\/\/www.estrategiaconcursos.com.br\/blog\/concurso-comcap-saiu-edital\/#primaryimage\"},\"image\":{\"@id\":\"https:\/\/www.estrategiaconcursos.com.br\/blog\/concurso-comcap-saiu-edital\/#primaryimage\"},\"thumbnailUrl\":\"https:\/\/dhg1h5j42swfq.cloudfront.net\/2019\/11\/05113836\/Saiu-Edital-7.png\",\"datePublished\":\"2020-01-17T13:38:44+00:00\",\"dateModified\":\"2023-06-14T13:50:45+00:00\",\"description\":\"Concurso Comcap oferta vagas em cadastro reserva para cargos de n\u00edvel fundamental, m\u00e9dio, t\u00e9cnico e superior. Provas em maio.\",\"breadcrumb\":{\"@id\":\"https:\/\/www.estrategiaconcursos.com.br\/blog\/concurso-comcap-saiu-edital\/#breadcrumb\"},\"inLanguage\":\"pt-BR\",\"potentialAction\":[{\"@type\":\"ReadAction\",\"target\":[\"https:\/\/www.estrategiaconcursos.com.br\/blog\/concurso-comcap-saiu-edital\/\"]}]},{\"@type\":\"ImageObject\",\"inLanguage\":\"pt-BR\",\"@id\":\"https:\/\/www.estrategiaconcursos.com.br\/blog\/concurso-comcap-saiu-edital\/#primaryimage\",\"url\":\"https:\/\/dhg1h5j42swfq.cloudfront.net\/2019\/11\/05113836\/Saiu-Edital-7.png\",\"contentUrl\":\"https:\/\/dhg1h5j42swfq.cloudfront.net\/2019\/11\/05113836\/Saiu-Edital-7.png\",\"width\":1200,\"height\":628,\"caption\":\"processo seletivo agu\"},{\"@type\":\"BreadcrumbList\",\"@id\":\"https:\/\/www.estrategiaconcursos.com.br\/blog\/concurso-comcap-saiu-edital\/#breadcrumb\",\"itemListElement\":[{\"@type\":\"ListItem\",\"position\":1,\"name\":\"In\u00edcio\",\"item\":\"https:\/\/www.estrategiaconcursos.com.br\/blog\/\"},{\"@type\":\"ListItem\",\"position\":2,\"name\":\"Publicado edital do concurso Comcap com vagas para cadastro reserva\"}]},{\"@type\":\"WebSite\",\"@id\":\"https:\/\/www.estrategiaconcursos.com.br\/blog\/#website\",\"url\":\"https:\/\/www.estrategiaconcursos.com.br\/blog\/\",\"name\":\"Estrat\u00e9gia Concursos\",\"description\":\"O blog da Estrat\u00e9gia Concursos traz not\u00edcias sobre concursos e artigos de professores oferecendo cursos para concursos (pdf + videaulas) no site.\",\"publisher\":{\"@id\":\"https:\/\/www.estrategiaconcursos.com.br\/blog\/#organization\"},\"potentialAction\":[{\"@type\":\"SearchAction\",\"target\":{\"@type\":\"EntryPoint\",\"urlTemplate\":\"https:\/\/www.estrategiaconcursos.com.br\/blog\/?s={search_term_string}\"},\"query-input\":{\"@type\":\"PropertyValueSpecification\",\"valueRequired\":true,\"valueName\":\"search_term_string\"}}],\"inLanguage\":\"pt-BR\"},{\"@type\":\"Organization\",\"@id\":\"https:\/\/www.estrategiaconcursos.com.br\/blog\/#organization\",\"name\":\"Estrat\u00e9gia Concursos\",\"url\":\"https:\/\/www.estrategiaconcursos.com.br\/blog\/\",\"logo\":{\"@type\":\"ImageObject\",\"inLanguage\":\"pt-BR\",\"@id\":\"https:\/\/www.estrategiaconcursos.com.br\/blog\/#\/schema\/logo\/image\/\",\"url\":\"https:\/\/dhg1h5j42swfq.cloudfront.net\/2025\/06\/03203428\/logo_concursos-1.jpg\",\"contentUrl\":\"https:\/\/dhg1h5j42swfq.cloudfront.net\/2025\/06\/03203428\/logo_concursos-1.jpg\",\"width\":230,\"height\":60,\"caption\":\"Estrat\u00e9gia Concursos\"},\"image\":{\"@id\":\"https:\/\/www.estrategiaconcursos.com.br\/blog\/#\/schema\/logo\/image\/\"},\"sameAs\":[\"https:\/\/x.com\/EstratConcursos\"]},{\"@type\":\"Person\",\"@id\":\"https:\/\/www.estrategiaconcursos.com.br\/blog\/#\/schema\/person\/b04f52b4e46b9c2763b237dc0302b7a7\",\"name\":\"Carlos Roberto Correa\",\"image\":{\"@type\":\"ImageObject\",\"inLanguage\":\"pt-BR\",\"@id\":\"https:\/\/secure.gravatar.com\/avatar\/f4b738aef9d1cc2c2cfd779e48e5b0dee98cb28b76e015eb2f1d475ca568f24a?s=96&d=mm&r=g\",\"url\":\"https:\/\/secure.gravatar.com\/avatar\/f4b738aef9d1cc2c2cfd779e48e5b0dee98cb28b76e015eb2f1d475ca568f24a?s=96&d=mm&r=g\",\"contentUrl\":\"https:\/\/secure.gravatar.com\/avatar\/f4b738aef9d1cc2c2cfd779e48e5b0dee98cb28b76e015eb2f1d475ca568f24a?s=96&d=mm&r=g\",\"caption\":\"Carlos Roberto Correa\"},\"url\":\"https:\/\/www.estrategiaconcursos.com.br\/blog\/author\/carlosrobertoestrategiaconcursos-com-br\/\"}]}<\/script>\n<!-- \/ Yoast SEO Premium plugin. -->","yoast_head_json":{"title":"Publicado edital do concurso Comcap com vagas para cadastro reserva","description":"Concurso Comcap oferta vagas em cadastro reserva para cargos de n\u00edvel fundamental, m\u00e9dio, t\u00e9cnico e superior. Provas em maio.","robots":{"index":"index","follow":"follow","max-snippet":"max-snippet:-1","max-image-preview":"max-image-preview:large","max-video-preview":"max-video-preview:-1"},"canonical":"https:\/\/www.estrategiaconcursos.com.br\/blog\/concurso-comcap-saiu-edital\/","og_locale":"pt_BR","og_type":"article","og_title":"Publicado edital do concurso Comcap com vagas para cadastro reserva","og_description":"Concurso Comcap oferta vagas em cadastro reserva para cargos de n\u00edvel fundamental, m\u00e9dio, t\u00e9cnico e superior. Provas em maio.","og_url":"https:\/\/www.estrategiaconcursos.com.br\/blog\/concurso-comcap-saiu-edital\/","og_site_name":"Estrat\u00e9gia Concursos","article_published_time":"2020-01-17T13:38:44+00:00","article_modified_time":"2023-06-14T13:50:45+00:00","og_image":[{"width":1200,"height":628,"url":"https:\/\/dhg1h5j42swfq.cloudfront.net\/2019\/11\/05113836\/Saiu-Edital-7.png","type":"image\/png"}],"author":"Carlos Roberto Correa","twitter_card":"summary_large_image","twitter_creator":"@EstratConcursos","twitter_site":"@EstratConcursos","twitter_misc":{"Escrito por":"Carlos Roberto Correa","Est. tempo de leitura":"4 minutos"},"schema":{"@context":"https:\/\/schema.org","@graph":[{"@type":"NewsArticle","@id":"https:\/\/www.estrategiaconcursos.com.br\/blog\/concurso-comcap-saiu-edital\/#article","isPartOf":{"@id":"https:\/\/www.estrategiaconcursos.com.br\/blog\/concurso-comcap-saiu-edital\/"},"author":{"name":"Carlos Roberto Correa","@id":"https:\/\/www.estrategiaconcursos.com.br\/blog\/#\/schema\/person\/b04f52b4e46b9c2763b237dc0302b7a7"},"headline":"Publicado edital do concurso Comcap com vagas para cadastro reserva","datePublished":"2020-01-17T13:38:44+00:00","dateModified":"2023-06-14T13:50:45+00:00","mainEntityOfPage":{"@id":"https:\/\/www.estrategiaconcursos.com.br\/blog\/concurso-comcap-saiu-edital\/"},"wordCount":759,"commentCount":0,"publisher":{"@id":"https:\/\/www.estrategiaconcursos.com.br\/blog\/#organization"},"image":{"@id":"https:\/\/www.estrategiaconcursos.com.br\/blog\/concurso-comcap-saiu-edital\/#primaryimage"},"thumbnailUrl":"https:\/\/dhg1h5j42swfq.cloudfront.net\/2019\/11\/05113836\/Saiu-Edital-7.png","articleSection":["Concursos P\u00fablicos"],"inLanguage":"pt-BR","potentialAction":[{"@type":"CommentAction","name":"Comment","target":["https:\/\/www.estrategiaconcursos.com.br\/blog\/concurso-comcap-saiu-edital\/#respond"]}],"copyrightYear":"2020","copyrightHolder":{"@id":"https:\/\/www.estrategiaconcursos.com.br\/blog\/#organization"}},{"@type":"WebPage","@id":"https:\/\/www.estrategiaconcursos.com.br\/blog\/concurso-comcap-saiu-edital\/","url":"https:\/\/www.estrategiaconcursos.com.br\/blog\/concurso-comcap-saiu-edital\/","name":"Publicado edital do concurso Comcap com vagas para cadastro reserva","isPartOf":{"@id":"https:\/\/www.estrategiaconcursos.com.br\/blog\/#website"},"primaryImageOfPage":{"@id":"https:\/\/www.estrategiaconcursos.com.br\/blog\/concurso-comcap-saiu-edital\/#primaryimage"},"image":{"@id":"https:\/\/www.estrategiaconcursos.com.br\/blog\/concurso-comcap-saiu-edital\/#primaryimage"},"thumbnailUrl":"https:\/\/dhg1h5j42swfq.cloudfront.net\/2019\/11\/05113836\/Saiu-Edital-7.png","datePublished":"2020-01-17T13:38:44+00:00","dateModified":"2023-06-14T13:50:45+00:00","description":"Concurso Comcap oferta vagas em cadastro reserva para cargos de n\u00edvel fundamental, m\u00e9dio, t\u00e9cnico e superior. Provas em maio.","breadcrumb":{"@id":"https:\/\/www.estrategiaconcursos.com.br\/blog\/concurso-comcap-saiu-edital\/#breadcrumb"},"inLanguage":"pt-BR","potentialAction":[{"@type":"ReadAction","target":["https:\/\/www.estrategiaconcursos.com.br\/blog\/concurso-comcap-saiu-edital\/"]}]},{"@type":"ImageObject","inLanguage":"pt-BR","@id":"https:\/\/www.estrategiaconcursos.com.br\/blog\/concurso-comcap-saiu-edital\/#primaryimage","url":"https:\/\/dhg1h5j42swfq.cloudfront.net\/2019\/11\/05113836\/Saiu-Edital-7.png","contentUrl":"https:\/\/dhg1h5j42swfq.cloudfront.net\/2019\/11\/05113836\/Saiu-Edital-7.png","width":1200,"height":628,"caption":"processo seletivo agu"},{"@type":"BreadcrumbList","@id":"https:\/\/www.estrategiaconcursos.com.br\/blog\/concurso-comcap-saiu-edital\/#breadcrumb","itemListElement":[{"@type":"ListItem","position":1,"name":"In\u00edcio","item":"https:\/\/www.estrategiaconcursos.com.br\/blog\/"},{"@type":"ListItem","position":2,"name":"Publicado edital do concurso Comcap com vagas para cadastro reserva"}]},{"@type":"WebSite","@id":"https:\/\/www.estrategiaconcursos.com.br\/blog\/#website","url":"https:\/\/www.estrategiaconcursos.com.br\/blog\/","name":"Estrat\u00e9gia Concursos","description":"O blog da Estrat\u00e9gia Concursos traz not\u00edcias sobre concursos e artigos de professores oferecendo cursos para concursos (pdf + videaulas) no site.","publisher":{"@id":"https:\/\/www.estrategiaconcursos.com.br\/blog\/#organization"},"potentialAction":[{"@type":"SearchAction","target":{"@type":"EntryPoint","urlTemplate":"https:\/\/www.estrategiaconcursos.com.br\/blog\/?s={search_term_string}"},"query-input":{"@type":"PropertyValueSpecification","valueRequired":true,"valueName":"search_term_string"}}],"inLanguage":"pt-BR"},{"@type":"Organization","@id":"https:\/\/www.estrategiaconcursos.com.br\/blog\/#organization","name":"Estrat\u00e9gia Concursos","url":"https:\/\/www.estrategiaconcursos.com.br\/blog\/","logo":{"@type":"ImageObject","inLanguage":"pt-BR","@id":"https:\/\/www.estrategiaconcursos.com.br\/blog\/#\/schema\/logo\/image\/","url":"https:\/\/dhg1h5j42swfq.cloudfront.net\/2025\/06\/03203428\/logo_concursos-1.jpg","contentUrl":"https:\/\/dhg1h5j42swfq.cloudfront.net\/2025\/06\/03203428\/logo_concursos-1.jpg","width":230,"height":60,"caption":"Estrat\u00e9gia Concursos"},"image":{"@id":"https:\/\/www.estrategiaconcursos.com.br\/blog\/#\/schema\/logo\/image\/"},"sameAs":["https:\/\/x.com\/EstratConcursos"]},{"@type":"Person","@id":"https:\/\/www.estrategiaconcursos.com.br\/blog\/#\/schema\/person\/b04f52b4e46b9c2763b237dc0302b7a7","name":"Carlos Roberto Correa","image":{"@type":"ImageObject","inLanguage":"pt-BR","@id":"https:\/\/secure.gravatar.com\/avatar\/f4b738aef9d1cc2c2cfd779e48e5b0dee98cb28b76e015eb2f1d475ca568f24a?s=96&d=mm&r=g","url":"https:\/\/secure.gravatar.com\/avatar\/f4b738aef9d1cc2c2cfd779e48e5b0dee98cb28b76e015eb2f1d475ca568f24a?s=96&d=mm&r=g","contentUrl":"https:\/\/secure.gravatar.com\/avatar\/f4b738aef9d1cc2c2cfd779e48e5b0dee98cb28b76e015eb2f1d475ca568f24a?s=96&d=mm&r=g","caption":"Carlos Roberto Correa"},"url":"https:\/\/www.estrategiaconcursos.com.br\/blog\/author\/carlosrobertoestrategiaconcursos-com-br\/"}]}},"_links":{"self":[{"href":"https:\/\/www.estrategiaconcursos.com.br\/blog\/wp-json\/wp\/v2\/posts\/469451","targetHints":{"allow":["GET"]}}],"collection":[{"href":"https:\/\/www.estrategiaconcursos.com.br\/blog\/wp-json\/wp\/v2\/posts"}],"about":[{"href":"https:\/\/www.estrategiaconcursos.com.br\/blog\/wp-json\/wp\/v2\/types\/post"}],"author":[{"embeddable":true,"href":"https:\/\/www.estrategiaconcursos.com.br\/blog\/wp-json\/wp\/v2\/users\/254"}],"replies":[{"embeddable":true,"href":"https:\/\/www.estrategiaconcursos.com.br\/blog\/wp-json\/wp\/v2\/comments?post=469451"}],"version-history":[{"count":9,"href":"https:\/\/www.estrategiaconcursos.com.br\/blog\/wp-json\/wp\/v2\/posts\/469451\/revisions"}],"predecessor-version":[{"id":1232010,"href":"https:\/\/www.estrategiaconcursos.com.br\/blog\/wp-json\/wp\/v2\/posts\/469451\/revisions\/1232010"}],"wp:featuredmedia":[{"embeddable":true,"href":"https:\/\/www.estrategiaconcursos.com.br\/blog\/wp-json\/wp\/v2\/media\/444274"}],"wp:attachment":[{"href":"https:\/\/www.estrategiaconcursos.com.br\/blog\/wp-json\/wp\/v2\/media?parent=469451"}],"wp:term":[{"taxonomy":"category","embeddable":true,"href":"https:\/\/www.estrategiaconcursos.com.br\/blog\/wp-json\/wp\/v2\/categories?post=469451"},{"taxonomy":"post_tag","embeddable":true,"href":"https:\/\/www.estrategiaconcursos.com.br\/blog\/wp-json\/wp\/v2\/tags?post=469451"},{"taxonomy":"tax_estado","embeddable":true,"href":"https:\/\/www.estrategiaconcursos.com.br\/blog\/wp-json\/wp\/v2\/tax_estado?post=469451"}],"curies":[{"name":"wp","href":"https:\/\/api.w.org\/{rel}","templated":true}]}}