{"id":468988,"date":"2020-01-11T11:29:38","date_gmt":"2020-01-11T14:29:38","guid":{"rendered":"https:\/\/www.estrategiaconcursos.com.br\/blog\/?p=468988"},"modified":"2020-01-11T11:31:13","modified_gmt":"2020-01-11T14:31:13","slug":"guarda-municipal-de-betim-empresas-sao-convocadas-para-sessao-publica","status":"publish","type":"post","link":"https:\/\/www.estrategiaconcursos.com.br\/blog\/guarda-municipal-de-betim-empresas-sao-convocadas-para-sessao-publica\/","title":{"rendered":"Guarda Municipal de Betim: empresas s\u00e3o convocadas para sess\u00e3o p\u00fablica"},"content":{"rendered":"\n<h3 class=\"wp-block-heading\">Banca organizadora ser\u00e1 definida em breve<\/h3>\n\n\n\n<p>Foi publicado pela Prefeitura de Betim, do Estado de Minas Gerais, um novo convite \u00e0s empresas classificadas no processo de contrata\u00e7\u00e3o da banca do concurso Guarda Municipal de Betim. <\/p>\n\n\n\n<p>O documento convida as empresas Instituto AOCP, Funda\u00e7\u00e3o Guimar\u00e3es Rosa e Instituto Brasileiro de Gest\u00e3o e Pesquisa &#8211; IBGP para a sess\u00e3o p\u00fablica de abertura de envelopes, que ser\u00e1 realizada na pr\u00f3xima quarta-feira, 15 de janeiro de 2020, \u00e0s 14h.   <\/p>\n\n\n\n<div class=\"wp-block-image\"><figure class=\"aligncenter\"><img decoding=\"async\" src=\"https:\/\/trello-attachments.s3.amazonaws.com\/5e19c8912930dd4baa970762\/477x199\/869236620eb43ec99f4bfe25d22fab8b\/image.png\" alt=\"image.png\"\/><\/figure><\/div>\n\n\n\n<p>Vale ressaltar que o \u00f3rg\u00e3o j\u00e1 havia divulgado, por meio de comunicado emitido em 20 de dezembro de 2019, a desclassifica\u00e7\u00e3o do&nbsp;<strong>INCP<\/strong>&nbsp;(Instituto Nacional de Concurso P\u00fablico) do processo de contrata\u00e7\u00e3o da banca.<\/p>\n\n\n\n<p>Segundo o Projeto B\u00e1sico, a previs\u00e3o \u00e9 que sejam ofertadas&nbsp;<strong>60 vagas mais forma\u00e7\u00e3o de cadastro reserva<\/strong>, com exig\u00eancia de n\u00edvel superior completo.<\/p>\n\n\n\n<p class=\"has-background has-text-align-center has-medium-font-size has-very-light-gray-background-color\"><strong>Saiba mais: <a href=\"https:\/\/www.estrategiaconcursos.com.br\/blog\/concurso-guarda-municipal-betim\/\">Concurso Guarda Municipal de Betim<\/a><\/strong><\/p>\n\n\n\n<p class=\"has-background has-text-align-center has-medium-font-size has-luminous-vivid-amber-background-color\"><strong><em><a href=\"https:\/\/www.estrategiaconcursos.com.br\/cursos\/concurso\/\" target=\"_blank\" rel=\"noreferrer noopener\">Curso para concurso<\/a><\/em><\/strong><\/p>\n\n\n\n<p class=\"has-text-align-center\"><em><strong>Assinatura Anual Ilimitada*<\/strong><\/em><\/p>\n\n\n\n<p class=\"has-text-align-center\"><em>Prepare-se com o melhor material e com quem mais aprova em Concursos P\u00fablicos em todo o pa\u00eds. Assine agora a nossa Assinatura Anual e tenha acesso ilimitado* a todos os nossos cursos.<\/em><\/p>\n\n\n\n<p class=\"has-background has-text-align-center has-medium-font-size has-light-green-cyan-background-color\"><strong>ASSINE AGORA<\/strong>&nbsp;\u2013&nbsp;<a rel=\"noreferrer noopener\" href=\"https:\/\/www.estrategiaconcursos.com.br\/assinaturas\" target=\"_blank\">Assinatura Ilimitada<\/a><\/p>\n\n\n\n<p class=\"has-background has-text-align-center has-medium-font-size has-pale-cyan-blue-background-color\"><strong><a href=\"https:\/\/www.estrategiaconcursos.com.br\/blog\/concursos-abertos\/\">CONCURSOS ABERTOS<\/a><\/strong><\/p>\n\n\n\n<p class=\"has-background has-text-align-center has-medium-font-size has-pale-cyan-blue-background-color\"><a href=\"https:\/\/www.estrategiaconcursos.com.br\/blog\/concursos-2020\/\"><strong>CONCURSOS<\/strong><\/a><strong><a href=\"https:\/\/www.estrategiaconcursos.com.br\/blog\/concursos-2020\/\">&nbsp;2020<\/a><\/strong><\/p>\n\n\n\n<p><\/p>\n","protected":false},"excerpt":{"rendered":"<p>Banca organizadora ser\u00e1 definida em breve Foi publicado pela Prefeitura de Betim, do Estado de Minas Gerais, um novo convite \u00e0s empresas classificadas no processo de contrata\u00e7\u00e3o da banca do concurso Guarda Municipal de Betim. O documento convida as empresas Instituto AOCP, Funda\u00e7\u00e3o Guimar\u00e3es Rosa e Instituto Brasileiro de Gest\u00e3o e Pesquisa &#8211; IBGP para [&hellip;]<\/p>\n","protected":false},"author":552,"featured_media":0,"comment_status":"open","ping_status":"closed","sticky":false,"template":"","format":"standard","meta":{"post_tipo":"article","footnotes":""},"categories":[1],"tags":[],"tax_estado":[],"class_list":["post-468988","post","type-post","status-publish","format-standard","hentry","category-cursos-e-concursos"],"acf":[],"yoast_head":"<!-- This site is optimized with the Yoast SEO Premium plugin v27.2 (Yoast SEO v27.2) - https:\/\/yoast.com\/product\/yoast-seo-premium-wordpress\/ -->\n<title>Guarda Municipal de Betim: empresas s\u00e3o convocadas para sess\u00e3o p\u00fablica<\/title>\n<meta name=\"description\" content=\"A Prefeitura de Betim convocou as empresas classificadas para o concurso Guarda Municipal de Betim para a abertura das propostas. Confira!\" \/>\n<meta name=\"robots\" content=\"index, follow, max-snippet:-1, max-image-preview:large, max-video-preview:-1\" \/>\n<link rel=\"canonical\" href=\"https:\/\/www.estrategiaconcursos.com.br\/blog\/guarda-municipal-de-betim-empresas-sao-convocadas-para-sessao-publica\/\" \/>\n<meta property=\"og:locale\" content=\"pt_BR\" \/>\n<meta property=\"og:type\" content=\"article\" \/>\n<meta property=\"og:title\" content=\"Guarda Municipal de Betim: empresas s\u00e3o convocadas para sess\u00e3o p\u00fablica\" \/>\n<meta property=\"og:description\" content=\"A Prefeitura de Betim convocou as empresas classificadas para o concurso Guarda Municipal de Betim para a abertura das propostas. Confira!\" \/>\n<meta property=\"og:url\" content=\"https:\/\/www.estrategiaconcursos.com.br\/blog\/guarda-municipal-de-betim-empresas-sao-convocadas-para-sessao-publica\/\" \/>\n<meta property=\"og:site_name\" content=\"Estrat\u00e9gia Concursos\" \/>\n<meta property=\"article:published_time\" content=\"2020-01-11T14:29:38+00:00\" \/>\n<meta property=\"article:modified_time\" content=\"2020-01-11T14:31:13+00:00\" \/>\n<meta property=\"og:image\" content=\"https:\/\/trello-attachments.s3.amazonaws.com\/5e19c8912930dd4baa970762\/477x199\/869236620eb43ec99f4bfe25d22fab8b\/image.png\" \/>\n<meta name=\"author\" content=\"Paulo Bilynskyj\" \/>\n<meta name=\"twitter:card\" content=\"summary_large_image\" \/>\n<meta name=\"twitter:creator\" content=\"@EstratConcursos\" \/>\n<meta name=\"twitter:site\" content=\"@EstratConcursos\" \/>\n<meta name=\"twitter:label1\" content=\"Escrito por\" \/>\n\t<meta name=\"twitter:data1\" content=\"Paulo Bilynskyj\" \/>\n\t<meta name=\"twitter:label2\" content=\"Est. tempo de leitura\" \/>\n\t<meta name=\"twitter:data2\" content=\"1 minuto\" \/>\n<script type=\"application\/ld+json\" class=\"yoast-schema-graph\">{\"@context\":\"https:\/\/schema.org\",\"@graph\":[{\"@type\":\"NewsArticle\",\"@id\":\"https:\/\/www.estrategiaconcursos.com.br\/blog\/guarda-municipal-de-betim-empresas-sao-convocadas-para-sessao-publica\/#article\",\"isPartOf\":{\"@id\":\"https:\/\/www.estrategiaconcursos.com.br\/blog\/guarda-municipal-de-betim-empresas-sao-convocadas-para-sessao-publica\/\"},\"author\":{\"name\":\"Paulo Bilynskyj\",\"@id\":\"https:\/\/www.estrategiaconcursos.com.br\/blog\/#\/schema\/person\/a630b15e36f45b4c21fed01219843cb5\"},\"headline\":\"Guarda Municipal de Betim: empresas s\u00e3o convocadas para sess\u00e3o p\u00fablica\",\"datePublished\":\"2020-01-11T14:29:38+00:00\",\"dateModified\":\"2020-01-11T14:31:13+00:00\",\"mainEntityOfPage\":{\"@id\":\"https:\/\/www.estrategiaconcursos.com.br\/blog\/guarda-municipal-de-betim-empresas-sao-convocadas-para-sessao-publica\/\"},\"wordCount\":215,\"commentCount\":0,\"publisher\":{\"@id\":\"https:\/\/www.estrategiaconcursos.com.br\/blog\/#organization\"},\"image\":{\"@id\":\"https:\/\/www.estrategiaconcursos.com.br\/blog\/guarda-municipal-de-betim-empresas-sao-convocadas-para-sessao-publica\/#primaryimage\"},\"thumbnailUrl\":\"https:\/\/trello-attachments.s3.amazonaws.com\/5e19c8912930dd4baa970762\/477x199\/869236620eb43ec99f4bfe25d22fab8b\/image.png\",\"articleSection\":[\"Concursos P\u00fablicos\"],\"inLanguage\":\"pt-BR\",\"potentialAction\":[{\"@type\":\"CommentAction\",\"name\":\"Comment\",\"target\":[\"https:\/\/www.estrategiaconcursos.com.br\/blog\/guarda-municipal-de-betim-empresas-sao-convocadas-para-sessao-publica\/#respond\"]}],\"copyrightYear\":\"2020\",\"copyrightHolder\":{\"@id\":\"https:\/\/www.estrategiaconcursos.com.br\/blog\/#organization\"}},{\"@type\":\"WebPage\",\"@id\":\"https:\/\/www.estrategiaconcursos.com.br\/blog\/guarda-municipal-de-betim-empresas-sao-convocadas-para-sessao-publica\/\",\"url\":\"https:\/\/www.estrategiaconcursos.com.br\/blog\/guarda-municipal-de-betim-empresas-sao-convocadas-para-sessao-publica\/\",\"name\":\"Guarda Municipal de Betim: empresas s\u00e3o convocadas para sess\u00e3o p\u00fablica\",\"isPartOf\":{\"@id\":\"https:\/\/www.estrategiaconcursos.com.br\/blog\/#website\"},\"primaryImageOfPage\":{\"@id\":\"https:\/\/www.estrategiaconcursos.com.br\/blog\/guarda-municipal-de-betim-empresas-sao-convocadas-para-sessao-publica\/#primaryimage\"},\"image\":{\"@id\":\"https:\/\/www.estrategiaconcursos.com.br\/blog\/guarda-municipal-de-betim-empresas-sao-convocadas-para-sessao-publica\/#primaryimage\"},\"thumbnailUrl\":\"https:\/\/trello-attachments.s3.amazonaws.com\/5e19c8912930dd4baa970762\/477x199\/869236620eb43ec99f4bfe25d22fab8b\/image.png\",\"datePublished\":\"2020-01-11T14:29:38+00:00\",\"dateModified\":\"2020-01-11T14:31:13+00:00\",\"description\":\"A Prefeitura de Betim convocou as empresas classificadas para o concurso Guarda Municipal de Betim para a abertura das propostas. Confira!\",\"breadcrumb\":{\"@id\":\"https:\/\/www.estrategiaconcursos.com.br\/blog\/guarda-municipal-de-betim-empresas-sao-convocadas-para-sessao-publica\/#breadcrumb\"},\"inLanguage\":\"pt-BR\",\"potentialAction\":[{\"@type\":\"ReadAction\",\"target\":[\"https:\/\/www.estrategiaconcursos.com.br\/blog\/guarda-municipal-de-betim-empresas-sao-convocadas-para-sessao-publica\/\"]}]},{\"@type\":\"ImageObject\",\"inLanguage\":\"pt-BR\",\"@id\":\"https:\/\/www.estrategiaconcursos.com.br\/blog\/guarda-municipal-de-betim-empresas-sao-convocadas-para-sessao-publica\/#primaryimage\",\"url\":\"https:\/\/trello-attachments.s3.amazonaws.com\/5e19c8912930dd4baa970762\/477x199\/869236620eb43ec99f4bfe25d22fab8b\/image.png\",\"contentUrl\":\"https:\/\/trello-attachments.s3.amazonaws.com\/5e19c8912930dd4baa970762\/477x199\/869236620eb43ec99f4bfe25d22fab8b\/image.png\"},{\"@type\":\"BreadcrumbList\",\"@id\":\"https:\/\/www.estrategiaconcursos.com.br\/blog\/guarda-municipal-de-betim-empresas-sao-convocadas-para-sessao-publica\/#breadcrumb\",\"itemListElement\":[{\"@type\":\"ListItem\",\"position\":1,\"name\":\"In\u00edcio\",\"item\":\"https:\/\/www.estrategiaconcursos.com.br\/blog\/\"},{\"@type\":\"ListItem\",\"position\":2,\"name\":\"Guarda Municipal de Betim: empresas s\u00e3o convocadas para sess\u00e3o p\u00fablica\"}]},{\"@type\":\"WebSite\",\"@id\":\"https:\/\/www.estrategiaconcursos.com.br\/blog\/#website\",\"url\":\"https:\/\/www.estrategiaconcursos.com.br\/blog\/\",\"name\":\"Estrat\u00e9gia Concursos\",\"description\":\"O blog da Estrat\u00e9gia Concursos traz not\u00edcias sobre concursos e artigos de professores oferecendo cursos para concursos (pdf + videaulas) no site.\",\"publisher\":{\"@id\":\"https:\/\/www.estrategiaconcursos.com.br\/blog\/#organization\"},\"potentialAction\":[{\"@type\":\"SearchAction\",\"target\":{\"@type\":\"EntryPoint\",\"urlTemplate\":\"https:\/\/www.estrategiaconcursos.com.br\/blog\/?s={search_term_string}\"},\"query-input\":{\"@type\":\"PropertyValueSpecification\",\"valueRequired\":true,\"valueName\":\"search_term_string\"}}],\"inLanguage\":\"pt-BR\"},{\"@type\":\"Organization\",\"@id\":\"https:\/\/www.estrategiaconcursos.com.br\/blog\/#organization\",\"name\":\"Estrat\u00e9gia Concursos\",\"url\":\"https:\/\/www.estrategiaconcursos.com.br\/blog\/\",\"logo\":{\"@type\":\"ImageObject\",\"inLanguage\":\"pt-BR\",\"@id\":\"https:\/\/www.estrategiaconcursos.com.br\/blog\/#\/schema\/logo\/image\/\",\"url\":\"https:\/\/dhg1h5j42swfq.cloudfront.net\/2025\/06\/03203428\/logo_concursos-1.jpg\",\"contentUrl\":\"https:\/\/dhg1h5j42swfq.cloudfront.net\/2025\/06\/03203428\/logo_concursos-1.jpg\",\"width\":230,\"height\":60,\"caption\":\"Estrat\u00e9gia Concursos\"},\"image\":{\"@id\":\"https:\/\/www.estrategiaconcursos.com.br\/blog\/#\/schema\/logo\/image\/\"},\"sameAs\":[\"https:\/\/x.com\/EstratConcursos\"]},{\"@type\":\"Person\",\"@id\":\"https:\/\/www.estrategiaconcursos.com.br\/blog\/#\/schema\/person\/a630b15e36f45b4c21fed01219843cb5\",\"name\":\"Paulo Bilynskyj\",\"image\":{\"@type\":\"ImageObject\",\"inLanguage\":\"pt-BR\",\"@id\":\"https:\/\/secure.gravatar.com\/avatar\/37e21f70c9042e7456beffdc6d31fe051f3f6dcbf252f69343a791b144852057?s=96&d=mm&r=g\",\"url\":\"https:\/\/secure.gravatar.com\/avatar\/37e21f70c9042e7456beffdc6d31fe051f3f6dcbf252f69343a791b144852057?s=96&d=mm&r=g\",\"contentUrl\":\"https:\/\/secure.gravatar.com\/avatar\/37e21f70c9042e7456beffdc6d31fe051f3f6dcbf252f69343a791b144852057?s=96&d=mm&r=g\",\"caption\":\"Paulo Bilynskyj\"},\"url\":\"https:\/\/www.estrategiaconcursos.com.br\/blog\/author\/pbilynskyjgmail-com\/\"}]}<\/script>\n<!-- \/ Yoast SEO Premium plugin. -->","yoast_head_json":{"title":"Guarda Municipal de Betim: empresas s\u00e3o convocadas para sess\u00e3o p\u00fablica","description":"A Prefeitura de Betim convocou as empresas classificadas para o concurso Guarda Municipal de Betim para a abertura das propostas. Confira!","robots":{"index":"index","follow":"follow","max-snippet":"max-snippet:-1","max-image-preview":"max-image-preview:large","max-video-preview":"max-video-preview:-1"},"canonical":"https:\/\/www.estrategiaconcursos.com.br\/blog\/guarda-municipal-de-betim-empresas-sao-convocadas-para-sessao-publica\/","og_locale":"pt_BR","og_type":"article","og_title":"Guarda Municipal de Betim: empresas s\u00e3o convocadas para sess\u00e3o p\u00fablica","og_description":"A Prefeitura de Betim convocou as empresas classificadas para o concurso Guarda Municipal de Betim para a abertura das propostas. Confira!","og_url":"https:\/\/www.estrategiaconcursos.com.br\/blog\/guarda-municipal-de-betim-empresas-sao-convocadas-para-sessao-publica\/","og_site_name":"Estrat\u00e9gia Concursos","article_published_time":"2020-01-11T14:29:38+00:00","article_modified_time":"2020-01-11T14:31:13+00:00","og_image":[{"url":"https:\/\/trello-attachments.s3.amazonaws.com\/5e19c8912930dd4baa970762\/477x199\/869236620eb43ec99f4bfe25d22fab8b\/image.png","type":"","width":"","height":""}],"author":"Paulo Bilynskyj","twitter_card":"summary_large_image","twitter_creator":"@EstratConcursos","twitter_site":"@EstratConcursos","twitter_misc":{"Escrito por":"Paulo Bilynskyj","Est. tempo de leitura":"1 minuto"},"schema":{"@context":"https:\/\/schema.org","@graph":[{"@type":"NewsArticle","@id":"https:\/\/www.estrategiaconcursos.com.br\/blog\/guarda-municipal-de-betim-empresas-sao-convocadas-para-sessao-publica\/#article","isPartOf":{"@id":"https:\/\/www.estrategiaconcursos.com.br\/blog\/guarda-municipal-de-betim-empresas-sao-convocadas-para-sessao-publica\/"},"author":{"name":"Paulo Bilynskyj","@id":"https:\/\/www.estrategiaconcursos.com.br\/blog\/#\/schema\/person\/a630b15e36f45b4c21fed01219843cb5"},"headline":"Guarda Municipal de Betim: empresas s\u00e3o convocadas para sess\u00e3o p\u00fablica","datePublished":"2020-01-11T14:29:38+00:00","dateModified":"2020-01-11T14:31:13+00:00","mainEntityOfPage":{"@id":"https:\/\/www.estrategiaconcursos.com.br\/blog\/guarda-municipal-de-betim-empresas-sao-convocadas-para-sessao-publica\/"},"wordCount":215,"commentCount":0,"publisher":{"@id":"https:\/\/www.estrategiaconcursos.com.br\/blog\/#organization"},"image":{"@id":"https:\/\/www.estrategiaconcursos.com.br\/blog\/guarda-municipal-de-betim-empresas-sao-convocadas-para-sessao-publica\/#primaryimage"},"thumbnailUrl":"https:\/\/trello-attachments.s3.amazonaws.com\/5e19c8912930dd4baa970762\/477x199\/869236620eb43ec99f4bfe25d22fab8b\/image.png","articleSection":["Concursos P\u00fablicos"],"inLanguage":"pt-BR","potentialAction":[{"@type":"CommentAction","name":"Comment","target":["https:\/\/www.estrategiaconcursos.com.br\/blog\/guarda-municipal-de-betim-empresas-sao-convocadas-para-sessao-publica\/#respond"]}],"copyrightYear":"2020","copyrightHolder":{"@id":"https:\/\/www.estrategiaconcursos.com.br\/blog\/#organization"}},{"@type":"WebPage","@id":"https:\/\/www.estrategiaconcursos.com.br\/blog\/guarda-municipal-de-betim-empresas-sao-convocadas-para-sessao-publica\/","url":"https:\/\/www.estrategiaconcursos.com.br\/blog\/guarda-municipal-de-betim-empresas-sao-convocadas-para-sessao-publica\/","name":"Guarda Municipal de Betim: empresas s\u00e3o convocadas para sess\u00e3o p\u00fablica","isPartOf":{"@id":"https:\/\/www.estrategiaconcursos.com.br\/blog\/#website"},"primaryImageOfPage":{"@id":"https:\/\/www.estrategiaconcursos.com.br\/blog\/guarda-municipal-de-betim-empresas-sao-convocadas-para-sessao-publica\/#primaryimage"},"image":{"@id":"https:\/\/www.estrategiaconcursos.com.br\/blog\/guarda-municipal-de-betim-empresas-sao-convocadas-para-sessao-publica\/#primaryimage"},"thumbnailUrl":"https:\/\/trello-attachments.s3.amazonaws.com\/5e19c8912930dd4baa970762\/477x199\/869236620eb43ec99f4bfe25d22fab8b\/image.png","datePublished":"2020-01-11T14:29:38+00:00","dateModified":"2020-01-11T14:31:13+00:00","description":"A Prefeitura de Betim convocou as empresas classificadas para o concurso Guarda Municipal de Betim para a abertura das propostas. Confira!","breadcrumb":{"@id":"https:\/\/www.estrategiaconcursos.com.br\/blog\/guarda-municipal-de-betim-empresas-sao-convocadas-para-sessao-publica\/#breadcrumb"},"inLanguage":"pt-BR","potentialAction":[{"@type":"ReadAction","target":["https:\/\/www.estrategiaconcursos.com.br\/blog\/guarda-municipal-de-betim-empresas-sao-convocadas-para-sessao-publica\/"]}]},{"@type":"ImageObject","inLanguage":"pt-BR","@id":"https:\/\/www.estrategiaconcursos.com.br\/blog\/guarda-municipal-de-betim-empresas-sao-convocadas-para-sessao-publica\/#primaryimage","url":"https:\/\/trello-attachments.s3.amazonaws.com\/5e19c8912930dd4baa970762\/477x199\/869236620eb43ec99f4bfe25d22fab8b\/image.png","contentUrl":"https:\/\/trello-attachments.s3.amazonaws.com\/5e19c8912930dd4baa970762\/477x199\/869236620eb43ec99f4bfe25d22fab8b\/image.png"},{"@type":"BreadcrumbList","@id":"https:\/\/www.estrategiaconcursos.com.br\/blog\/guarda-municipal-de-betim-empresas-sao-convocadas-para-sessao-publica\/#breadcrumb","itemListElement":[{"@type":"ListItem","position":1,"name":"In\u00edcio","item":"https:\/\/www.estrategiaconcursos.com.br\/blog\/"},{"@type":"ListItem","position":2,"name":"Guarda Municipal de Betim: empresas s\u00e3o convocadas para sess\u00e3o p\u00fablica"}]},{"@type":"WebSite","@id":"https:\/\/www.estrategiaconcursos.com.br\/blog\/#website","url":"https:\/\/www.estrategiaconcursos.com.br\/blog\/","name":"Estrat\u00e9gia Concursos","description":"O blog da Estrat\u00e9gia Concursos traz not\u00edcias sobre concursos e artigos de professores oferecendo cursos para concursos (pdf + videaulas) no site.","publisher":{"@id":"https:\/\/www.estrategiaconcursos.com.br\/blog\/#organization"},"potentialAction":[{"@type":"SearchAction","target":{"@type":"EntryPoint","urlTemplate":"https:\/\/www.estrategiaconcursos.com.br\/blog\/?s={search_term_string}"},"query-input":{"@type":"PropertyValueSpecification","valueRequired":true,"valueName":"search_term_string"}}],"inLanguage":"pt-BR"},{"@type":"Organization","@id":"https:\/\/www.estrategiaconcursos.com.br\/blog\/#organization","name":"Estrat\u00e9gia Concursos","url":"https:\/\/www.estrategiaconcursos.com.br\/blog\/","logo":{"@type":"ImageObject","inLanguage":"pt-BR","@id":"https:\/\/www.estrategiaconcursos.com.br\/blog\/#\/schema\/logo\/image\/","url":"https:\/\/dhg1h5j42swfq.cloudfront.net\/2025\/06\/03203428\/logo_concursos-1.jpg","contentUrl":"https:\/\/dhg1h5j42swfq.cloudfront.net\/2025\/06\/03203428\/logo_concursos-1.jpg","width":230,"height":60,"caption":"Estrat\u00e9gia Concursos"},"image":{"@id":"https:\/\/www.estrategiaconcursos.com.br\/blog\/#\/schema\/logo\/image\/"},"sameAs":["https:\/\/x.com\/EstratConcursos"]},{"@type":"Person","@id":"https:\/\/www.estrategiaconcursos.com.br\/blog\/#\/schema\/person\/a630b15e36f45b4c21fed01219843cb5","name":"Paulo Bilynskyj","image":{"@type":"ImageObject","inLanguage":"pt-BR","@id":"https:\/\/secure.gravatar.com\/avatar\/37e21f70c9042e7456beffdc6d31fe051f3f6dcbf252f69343a791b144852057?s=96&d=mm&r=g","url":"https:\/\/secure.gravatar.com\/avatar\/37e21f70c9042e7456beffdc6d31fe051f3f6dcbf252f69343a791b144852057?s=96&d=mm&r=g","contentUrl":"https:\/\/secure.gravatar.com\/avatar\/37e21f70c9042e7456beffdc6d31fe051f3f6dcbf252f69343a791b144852057?s=96&d=mm&r=g","caption":"Paulo Bilynskyj"},"url":"https:\/\/www.estrategiaconcursos.com.br\/blog\/author\/pbilynskyjgmail-com\/"}]}},"_links":{"self":[{"href":"https:\/\/www.estrategiaconcursos.com.br\/blog\/wp-json\/wp\/v2\/posts\/468988","targetHints":{"allow":["GET"]}}],"collection":[{"href":"https:\/\/www.estrategiaconcursos.com.br\/blog\/wp-json\/wp\/v2\/posts"}],"about":[{"href":"https:\/\/www.estrategiaconcursos.com.br\/blog\/wp-json\/wp\/v2\/types\/post"}],"author":[{"embeddable":true,"href":"https:\/\/www.estrategiaconcursos.com.br\/blog\/wp-json\/wp\/v2\/users\/552"}],"replies":[{"embeddable":true,"href":"https:\/\/www.estrategiaconcursos.com.br\/blog\/wp-json\/wp\/v2\/comments?post=468988"}],"version-history":[{"count":4,"href":"https:\/\/www.estrategiaconcursos.com.br\/blog\/wp-json\/wp\/v2\/posts\/468988\/revisions"}],"predecessor-version":[{"id":469071,"href":"https:\/\/www.estrategiaconcursos.com.br\/blog\/wp-json\/wp\/v2\/posts\/468988\/revisions\/469071"}],"wp:attachment":[{"href":"https:\/\/www.estrategiaconcursos.com.br\/blog\/wp-json\/wp\/v2\/media?parent=468988"}],"wp:term":[{"taxonomy":"category","embeddable":true,"href":"https:\/\/www.estrategiaconcursos.com.br\/blog\/wp-json\/wp\/v2\/categories?post=468988"},{"taxonomy":"post_tag","embeddable":true,"href":"https:\/\/www.estrategiaconcursos.com.br\/blog\/wp-json\/wp\/v2\/tags?post=468988"},{"taxonomy":"tax_estado","embeddable":true,"href":"https:\/\/www.estrategiaconcursos.com.br\/blog\/wp-json\/wp\/v2\/tax_estado?post=468988"}],"curies":[{"name":"wp","href":"https:\/\/api.w.org\/{rel}","templated":true}]}}