{"id":468974,"date":"2020-04-20T00:00:00","date_gmt":"2020-04-20T03:00:00","guid":{"rendered":"https:\/\/www.estrategiaconcursos.com.br\/blog\/?p=468974"},"modified":"2020-04-22T08:33:18","modified_gmt":"2020-04-22T11:33:18","slug":"edital-ipremu-uberlandia","status":"publish","type":"post","link":"https:\/\/www.estrategiaconcursos.com.br\/blog\/edital-ipremu-uberlandia\/","title":{"rendered":"Edital IPREMU Uberl\u00e2ndia: provas previstas para maio"},"content":{"rendered":"\n<p>J\u00e1 est\u00e1 encerrado o per\u00edodo de inscri\u00e7\u00f5es do concurso p\u00fablico do <strong>Instituto de Previd\u00eancia dos Servidores P\u00fablicos do Munic\u00edpio de Uberl\u00e2ndia<\/strong> (IPREMU Uberl\u00e2ndia). Os interessados puderam se inscrever at\u00e9 o dia 21 de abril, no site da banca organizadora, <strong>Fundep<\/strong>.<\/p>\n\n\n\n<p>O edital oferta 18 vagas distribu\u00eddas entre cargos de n\u00edveis fundamental, m\u00e9dio e superior. Os sal\u00e1rios podem variar conforme o cargo, podendo chegar a R$ 4.105,64. <\/p>\n\n\n\n<h2 class=\"wp-block-heading\">Principais datas<\/h2>\n\n\n\n<p class=\"has-background has-very-light-gray-background-color\"><strong>Inscri\u00e7\u00f5es<\/strong>: <s>11\/03 a 21\/04\/2020<\/s><br \/><strong>Isen\u00e7\u00e3o taxa<\/strong>: <s>11\/03 a 17\/03\/2020<\/s><br \/><strong>Prova<\/strong>: 10 de maio de 2020<\/p>\n\n\n\n<h2 class=\"wp-block-heading\">Cargos e vagas do concurso IPREMU Uberl\u00e2ndia<\/h2>\n\n\n\n<p>Confira abaixo a distribui\u00e7\u00e3o das vagas referente a cada um dos cargos ofertados no certame: <\/p>\n\n\n\n<ul class=\"wp-block-list\"><li>Agente de Seguran\u00e7a Patrimonial (2)<\/li><li>Telefonista (2)<\/li><li>Assistente Administrativo (11)<\/li><li>Advogado (1)<\/li><li>Contador (2) <\/li><\/ul>\n\n\n\n<h2 class=\"wp-block-heading\">Etapas do concurso IPREMU Uberl\u00e2ndia<\/h2>\n\n\n\n<p>A aplica\u00e7\u00e3o da Prova Objetiva ocorrer\u00e1 no dia 10 de maio de 2020 e ser\u00e1 realizada no Munic\u00edpio de Uberl\u00e2ndia, sendo 3 horas de prova para os cargos de n\u00edvel fundamental e 4 horas de prova para os cargos de n\u00edvel m\u00e9dio e superior. O exame ser\u00e1 de car\u00e1ter eliminat\u00f3rio e classificat\u00f3rio. <\/p>\n\n\n\n<p>A Prova Objetiva ser\u00e1 composta da seguinte forma: <\/p>\n\n\n\n<ul class=\"wp-block-list\"><li><strong>a) <\/strong>N\u00edvel Fundamental: 30 quest\u00f5es de m\u00faltipla escolha; <\/li><li><strong>b)<\/strong> N\u00edvel M\u00e9dio: 40 quest\u00f5es de m\u00faltipla escolha; <\/li><li><strong>c)<\/strong> N\u00edvel Superior: 40 quest\u00f5es de m\u00faltipla escolha; <\/li><\/ul>\n\n\n\n<p>Cada quest\u00e3o da Prova Objetiva ter\u00e1 4 alternativas de resposta, devendo ser marcada como resposta apenas 1 alternativa por quest\u00e3o. <\/p>\n\n\n\n<div class=\"wp-block-image\"><figure class=\"aligncenter size-large is-resized\"><img loading=\"lazy\" decoding=\"async\" src=\"https:\/\/dhg1h5j42swfq.cloudfront.net\/2020\/01\/11103826\/provas.png\" alt=\"\" class=\"wp-image-468990\" width=\"702\" height=\"361\" srcset=\"https:\/\/dhg1h5j42swfq.cloudfront.net\/2020\/01\/11103826\/provas.png 741w, https:\/\/dhg1h5j42swfq.cloudfront.net\/2020\/01\/11103826\/provas-300x154.png 300w, https:\/\/dhg1h5j42swfq.cloudfront.net\/2020\/01\/11103826\/provas-610x314.png 610w\" sizes=\"auto, (max-width: 702px) 100vw, 702px\" \/><\/figure><\/div>\n\n\n\n<h3 class=\"wp-block-heading\">Reda\u00e7\u00e3o <\/h3>\n\n\n\n<p>As provas ser\u00e3o aplicadas na mesma data e hor\u00e1rio de realiza\u00e7\u00e3o da Prova Objetiva para os candidatos do cargo de Advogado de n\u00edvel superior, sendo de car\u00e1ter eliminat\u00f3rio e classificat\u00f3rio. A Prova de reda\u00e7\u00e3o ter\u00e1 o valor de 20 pontos.   <\/p>\n\n\n\n<p>A reda\u00e7\u00e3o dever\u00e1 evidenciar o dom\u00ednio da linguagem, o aprofundamento do pensamento e a capacidade de argumenta\u00e7\u00e3o do candidato. Confira abaixo os crit\u00e9rios de corre\u00e7\u00e3o da reda\u00e7\u00e3o: <\/p>\n\n\n\n<div class=\"wp-block-image\"><figure class=\"aligncenter size-large is-resized\"><img loading=\"lazy\" decoding=\"async\" src=\"https:\/\/dhg1h5j42swfq.cloudfront.net\/2020\/01\/11103213\/reda%C3%A7%C3%A3p.png\" alt=\"\" class=\"wp-image-468987\" width=\"519\" height=\"438\" srcset=\"https:\/\/dhg1h5j42swfq.cloudfront.net\/2020\/01\/11103213\/reda%C3%A7%C3%A3p.png 591w, https:\/\/dhg1h5j42swfq.cloudfront.net\/2020\/01\/11103213\/reda%C3%A7%C3%A3p-300x254.png 300w\" sizes=\"auto, (max-width: 519px) 100vw, 519px\" \/><\/figure><\/div>\n\n\n\n<p class=\"has-text-align-center\"><strong><em>Quer saber mais sobre o concurso IPREMU Uberl\u00e2ndia?? Acesse o link abaixo e veja tudo na \u00edntegra!! <\/em><\/strong><\/p>\n\n\n\n<p style=\"font-size:22px\" class=\"has-background has-text-align-center has-very-light-gray-background-color\"><strong>Saiba mais: <a rel=\"noreferrer noopener\" aria-label=\"Saiba mais: IPREMU Uberl\u00e2ndia  (abre numa nova aba)\" href=\"https:\/\/www.estrategiaconcursos.com.br\/blog\/concurso-ipremu-uberlandia\/\" target=\"_blank\">IPREMU Uberl\u00e2ndia<\/a><\/strong><\/p>\n\n\n\n<h2 class=\"has-text-align-center wp-block-heading\" id=\"cursos-assinatura\">Quer estudar para o concurso IPREMU?<\/h2>\n\n\n\n<p class=\"has-text-align-center\"><em>Gostou desta oportunidade e deseja come\u00e7ar se preparar agora mesmo? Ent\u00e3o, confira os nossos cursos e comece a estudar:<\/em><\/p>\n\n\n\n<p style=\"font-size:22px\" class=\"has-background has-text-align-center has-luminous-vivid-amber-background-color\"><strong><a href=\"https:\/\/www.estrategiaconcursos.com.br\/cursosPorConcurso\/instituto-de-previdencia-dos-servidores-publicos-do-municipio-de-uberlandia-ipremu-uberlandia\/\" target=\"_blank\" rel=\"noreferrer noopener\" aria-label=\"CURSO IPREMU UBERL\u00c2NDIA (abre numa nova aba)\">CURSO IPREMU UBERL\u00c2NDIA<\/a><\/strong><\/p>\n\n\n\n<p class=\"has-text-align-center\"><em><strong>Fique por dentro de todos os concursos<\/strong><\/em>:<\/p>\n\n\n\n<p class=\"has-background has-text-align-center has-pale-cyan-blue-background-color\"><a rel=\"noreferrer noopener\" href=\"https:\/\/www.estrategiaconcursos.com.br\/blog\/concursos-abertos\/\" target=\"_blank\"><strong>Concursos abertos<\/strong><\/a><\/p>\n\n\n\n<p class=\"has-background has-text-align-center has-pale-cyan-blue-background-color\"><a rel=\"noreferrer noopener\" href=\"https:\/\/www.estrategiaconcursos.com.br\/blog\/concursos-2020\/\" target=\"_blank\"><strong>Concursos 2020<\/strong><\/a><\/p>\n\n\n\n<figure class=\"wp-block-image\"><img loading=\"lazy\" decoding=\"async\" width=\"300\" height=\"102\" src=\"https:\/\/dhg1h5j42swfq.cloudfront.net\/2017\/03\/28152500\/coruja-ficha-tecnica-300x102.png\" alt=\"\" class=\"wp-image-68542\"\/><\/figure>\n\n\n\n<h3 class=\"wp-block-heading\" id=\"ficha-tecnica\"><strong>Informa\u00e7\u00f5es sobre o c<\/strong>oncurso IPREMU<\/h3>\n\n\n\n<p>\u25ba<strong>Data prevista<\/strong> <strong>da prova<\/strong>: 10 de maio de 2020<br \/>\u25ba<strong>Vagas<\/strong>: 18 vagas<br \/>\u25ba<strong>Cargos<\/strong>: diversos<br \/>\u25ba<strong>Escolaridade<\/strong>: Fundamental, m\u00e9dio superior <br \/>\u25ba<strong>Banca<\/strong>: Fundep<br \/>\u25ba <a rel=\"noreferrer noopener\" aria-label=\"Edital IPREMU Uberl\u00e2ndia  (abre numa nova aba)\" href=\"https:\/\/dhg1h5j42swfq.cloudfront.net\/2020\/01\/11104745\/ipremu.pdf\" target=\"_blank\"><strong>Edital IPREMU Uberl\u00e2ndia <\/strong><\/a><\/p>\n\n\n\n<p><br \/><em>Ascom Estrat\u00e9gia<\/em><br \/>ascomestrategia@gmail.com<\/p>\n","protected":false},"excerpt":{"rendered":"<p>J\u00e1 est\u00e1 encerrado o per\u00edodo de inscri\u00e7\u00f5es do concurso p\u00fablico do Instituto de Previd\u00eancia dos Servidores P\u00fablicos do Munic\u00edpio de Uberl\u00e2ndia (IPREMU Uberl\u00e2ndia). Os interessados puderam se inscrever at\u00e9 o dia 21 de abril, no site da banca organizadora, Fundep. O edital oferta 18 vagas distribu\u00eddas entre cargos de n\u00edveis fundamental, m\u00e9dio e superior. Os [&hellip;]<\/p>\n","protected":false},"author":129,"featured_media":450324,"comment_status":"open","ping_status":"closed","sticky":false,"template":"","format":"standard","meta":{"post_tipo":"article","footnotes":""},"categories":[1],"tags":[],"tax_estado":[],"class_list":["post-468974","post","type-post","status-publish","format-standard","has-post-thumbnail","hentry","category-cursos-e-concursos"],"acf":[],"yoast_head":"<!-- This site is optimized with the Yoast SEO Premium plugin v27.2 (Yoast SEO v27.2) - https:\/\/yoast.com\/product\/yoast-seo-premium-wordpress\/ -->\n<title>Edital IPREMU Uberl\u00e2ndia: provas previstas para maio<\/title>\n<meta name=\"description\" content=\"Edital IPREMU Uberl\u00e2ndia: inscri\u00e7\u00f5es encerradas com oferta de 18 vagas para diversos cargos de n\u00edveis fundamental, m\u00e9dio e superior. Saiba mais!\" \/>\n<meta name=\"robots\" content=\"index, follow, max-snippet:-1, max-image-preview:large, max-video-preview:-1\" \/>\n<link rel=\"canonical\" href=\"https:\/\/www.estrategiaconcursos.com.br\/blog\/edital-ipremu-uberlandia\/\" \/>\n<meta property=\"og:locale\" content=\"pt_BR\" \/>\n<meta property=\"og:type\" content=\"article\" \/>\n<meta property=\"og:title\" content=\"Edital IPREMU Uberl\u00e2ndia: provas previstas para maio\" \/>\n<meta property=\"og:description\" content=\"Edital IPREMU Uberl\u00e2ndia: inscri\u00e7\u00f5es encerradas com oferta de 18 vagas para diversos cargos de n\u00edveis fundamental, m\u00e9dio e superior. Saiba mais!\" \/>\n<meta property=\"og:url\" content=\"https:\/\/www.estrategiaconcursos.com.br\/blog\/edital-ipremu-uberlandia\/\" \/>\n<meta property=\"og:site_name\" content=\"Estrat\u00e9gia Concursos\" \/>\n<meta property=\"article:published_time\" content=\"2020-04-20T03:00:00+00:00\" \/>\n<meta property=\"article:modified_time\" content=\"2020-04-22T11:33:18+00:00\" \/>\n<meta property=\"og:image\" content=\"https:\/\/dhg1h5j42swfq.cloudfront.net\/2019\/11\/22093757\/IPREMU-Uberlandia1.png\" \/>\n\t<meta property=\"og:image:width\" content=\"1200\" \/>\n\t<meta property=\"og:image:height\" content=\"628\" \/>\n\t<meta property=\"og:image:type\" content=\"image\/png\" \/>\n<meta name=\"author\" content=\"Herbert Almeida\" \/>\n<meta name=\"twitter:card\" content=\"summary_large_image\" \/>\n<meta name=\"twitter:creator\" content=\"@EstratConcursos\" \/>\n<meta name=\"twitter:site\" content=\"@EstratConcursos\" \/>\n<meta name=\"twitter:label1\" content=\"Escrito por\" \/>\n\t<meta name=\"twitter:data1\" content=\"Herbert Almeida\" \/>\n\t<meta name=\"twitter:label2\" content=\"Est. tempo de leitura\" \/>\n\t<meta name=\"twitter:data2\" content=\"2 minutos\" \/>\n<script type=\"application\/ld+json\" class=\"yoast-schema-graph\">{\"@context\":\"https:\/\/schema.org\",\"@graph\":[{\"@type\":\"NewsArticle\",\"@id\":\"https:\/\/www.estrategiaconcursos.com.br\/blog\/edital-ipremu-uberlandia\/#article\",\"isPartOf\":{\"@id\":\"https:\/\/www.estrategiaconcursos.com.br\/blog\/edital-ipremu-uberlandia\/\"},\"author\":{\"name\":\"Herbert Almeida\",\"@id\":\"https:\/\/www.estrategiaconcursos.com.br\/blog\/#\/schema\/person\/59717c75350fa01aa0fd68a52a8d02e0\"},\"headline\":\"Edital IPREMU Uberl\u00e2ndia: provas previstas para maio\",\"datePublished\":\"2020-04-20T03:00:00+00:00\",\"dateModified\":\"2020-04-22T11:33:18+00:00\",\"mainEntityOfPage\":{\"@id\":\"https:\/\/www.estrategiaconcursos.com.br\/blog\/edital-ipremu-uberlandia\/\"},\"wordCount\":432,\"commentCount\":0,\"publisher\":{\"@id\":\"https:\/\/www.estrategiaconcursos.com.br\/blog\/#organization\"},\"image\":{\"@id\":\"https:\/\/www.estrategiaconcursos.com.br\/blog\/edital-ipremu-uberlandia\/#primaryimage\"},\"thumbnailUrl\":\"https:\/\/dhg1h5j42swfq.cloudfront.net\/2019\/11\/22093757\/IPREMU-Uberlandia1.png\",\"articleSection\":[\"Concursos P\u00fablicos\"],\"inLanguage\":\"pt-BR\",\"potentialAction\":[{\"@type\":\"CommentAction\",\"name\":\"Comment\",\"target\":[\"https:\/\/www.estrategiaconcursos.com.br\/blog\/edital-ipremu-uberlandia\/#respond\"]}],\"copyrightYear\":\"2020\",\"copyrightHolder\":{\"@id\":\"https:\/\/www.estrategiaconcursos.com.br\/blog\/#organization\"}},{\"@type\":\"WebPage\",\"@id\":\"https:\/\/www.estrategiaconcursos.com.br\/blog\/edital-ipremu-uberlandia\/\",\"url\":\"https:\/\/www.estrategiaconcursos.com.br\/blog\/edital-ipremu-uberlandia\/\",\"name\":\"Edital IPREMU Uberl\u00e2ndia: provas previstas para maio\",\"isPartOf\":{\"@id\":\"https:\/\/www.estrategiaconcursos.com.br\/blog\/#website\"},\"primaryImageOfPage\":{\"@id\":\"https:\/\/www.estrategiaconcursos.com.br\/blog\/edital-ipremu-uberlandia\/#primaryimage\"},\"image\":{\"@id\":\"https:\/\/www.estrategiaconcursos.com.br\/blog\/edital-ipremu-uberlandia\/#primaryimage\"},\"thumbnailUrl\":\"https:\/\/dhg1h5j42swfq.cloudfront.net\/2019\/11\/22093757\/IPREMU-Uberlandia1.png\",\"datePublished\":\"2020-04-20T03:00:00+00:00\",\"dateModified\":\"2020-04-22T11:33:18+00:00\",\"description\":\"Edital IPREMU Uberl\u00e2ndia: inscri\u00e7\u00f5es encerradas com oferta de 18 vagas para diversos cargos de n\u00edveis fundamental, m\u00e9dio e superior. Saiba mais!\",\"breadcrumb\":{\"@id\":\"https:\/\/www.estrategiaconcursos.com.br\/blog\/edital-ipremu-uberlandia\/#breadcrumb\"},\"inLanguage\":\"pt-BR\",\"potentialAction\":[{\"@type\":\"ReadAction\",\"target\":[\"https:\/\/www.estrategiaconcursos.com.br\/blog\/edital-ipremu-uberlandia\/\"]}]},{\"@type\":\"ImageObject\",\"inLanguage\":\"pt-BR\",\"@id\":\"https:\/\/www.estrategiaconcursos.com.br\/blog\/edital-ipremu-uberlandia\/#primaryimage\",\"url\":\"https:\/\/dhg1h5j42swfq.cloudfront.net\/2019\/11\/22093757\/IPREMU-Uberlandia1.png\",\"contentUrl\":\"https:\/\/dhg1h5j42swfq.cloudfront.net\/2019\/11\/22093757\/IPREMU-Uberlandia1.png\",\"width\":1200,\"height\":628,\"caption\":\"IPREMU\"},{\"@type\":\"BreadcrumbList\",\"@id\":\"https:\/\/www.estrategiaconcursos.com.br\/blog\/edital-ipremu-uberlandia\/#breadcrumb\",\"itemListElement\":[{\"@type\":\"ListItem\",\"position\":1,\"name\":\"In\u00edcio\",\"item\":\"https:\/\/www.estrategiaconcursos.com.br\/blog\/\"},{\"@type\":\"ListItem\",\"position\":2,\"name\":\"Edital IPREMU Uberl\u00e2ndia: provas previstas para maio\"}]},{\"@type\":\"WebSite\",\"@id\":\"https:\/\/www.estrategiaconcursos.com.br\/blog\/#website\",\"url\":\"https:\/\/www.estrategiaconcursos.com.br\/blog\/\",\"name\":\"Estrat\u00e9gia Concursos\",\"description\":\"O blog da Estrat\u00e9gia Concursos traz not\u00edcias sobre concursos e artigos de professores oferecendo cursos para concursos (pdf + videaulas) no site.\",\"publisher\":{\"@id\":\"https:\/\/www.estrategiaconcursos.com.br\/blog\/#organization\"},\"potentialAction\":[{\"@type\":\"SearchAction\",\"target\":{\"@type\":\"EntryPoint\",\"urlTemplate\":\"https:\/\/www.estrategiaconcursos.com.br\/blog\/?s={search_term_string}\"},\"query-input\":{\"@type\":\"PropertyValueSpecification\",\"valueRequired\":true,\"valueName\":\"search_term_string\"}}],\"inLanguage\":\"pt-BR\"},{\"@type\":\"Organization\",\"@id\":\"https:\/\/www.estrategiaconcursos.com.br\/blog\/#organization\",\"name\":\"Estrat\u00e9gia Concursos\",\"url\":\"https:\/\/www.estrategiaconcursos.com.br\/blog\/\",\"logo\":{\"@type\":\"ImageObject\",\"inLanguage\":\"pt-BR\",\"@id\":\"https:\/\/www.estrategiaconcursos.com.br\/blog\/#\/schema\/logo\/image\/\",\"url\":\"https:\/\/dhg1h5j42swfq.cloudfront.net\/2025\/06\/03203428\/logo_concursos-1.jpg\",\"contentUrl\":\"https:\/\/dhg1h5j42swfq.cloudfront.net\/2025\/06\/03203428\/logo_concursos-1.jpg\",\"width\":230,\"height\":60,\"caption\":\"Estrat\u00e9gia Concursos\"},\"image\":{\"@id\":\"https:\/\/www.estrategiaconcursos.com.br\/blog\/#\/schema\/logo\/image\/\"},\"sameAs\":[\"https:\/\/x.com\/EstratConcursos\"]},{\"@type\":\"Person\",\"@id\":\"https:\/\/www.estrategiaconcursos.com.br\/blog\/#\/schema\/person\/59717c75350fa01aa0fd68a52a8d02e0\",\"name\":\"Herbert Almeida\",\"image\":{\"@type\":\"ImageObject\",\"inLanguage\":\"pt-BR\",\"@id\":\"https:\/\/secure.gravatar.com\/avatar\/b6461a43893c24d5fc91efc433971ffec025c84c0341129f4578034d77f9a536?s=96&d=mm&r=g\",\"url\":\"https:\/\/secure.gravatar.com\/avatar\/b6461a43893c24d5fc91efc433971ffec025c84c0341129f4578034d77f9a536?s=96&d=mm&r=g\",\"contentUrl\":\"https:\/\/secure.gravatar.com\/avatar\/b6461a43893c24d5fc91efc433971ffec025c84c0341129f4578034d77f9a536?s=96&d=mm&r=g\",\"caption\":\"Herbert Almeida\"},\"url\":\"https:\/\/www.estrategiaconcursos.com.br\/blog\/author\/herbertestrategiaconcursos-com-br\/\"}]}<\/script>\n<!-- \/ Yoast SEO Premium plugin. -->","yoast_head_json":{"title":"Edital IPREMU Uberl\u00e2ndia: provas previstas para maio","description":"Edital IPREMU Uberl\u00e2ndia: inscri\u00e7\u00f5es encerradas com oferta de 18 vagas para diversos cargos de n\u00edveis fundamental, m\u00e9dio e superior. Saiba mais!","robots":{"index":"index","follow":"follow","max-snippet":"max-snippet:-1","max-image-preview":"max-image-preview:large","max-video-preview":"max-video-preview:-1"},"canonical":"https:\/\/www.estrategiaconcursos.com.br\/blog\/edital-ipremu-uberlandia\/","og_locale":"pt_BR","og_type":"article","og_title":"Edital IPREMU Uberl\u00e2ndia: provas previstas para maio","og_description":"Edital IPREMU Uberl\u00e2ndia: inscri\u00e7\u00f5es encerradas com oferta de 18 vagas para diversos cargos de n\u00edveis fundamental, m\u00e9dio e superior. Saiba mais!","og_url":"https:\/\/www.estrategiaconcursos.com.br\/blog\/edital-ipremu-uberlandia\/","og_site_name":"Estrat\u00e9gia Concursos","article_published_time":"2020-04-20T03:00:00+00:00","article_modified_time":"2020-04-22T11:33:18+00:00","og_image":[{"width":1200,"height":628,"url":"https:\/\/dhg1h5j42swfq.cloudfront.net\/2019\/11\/22093757\/IPREMU-Uberlandia1.png","type":"image\/png"}],"author":"Herbert Almeida","twitter_card":"summary_large_image","twitter_creator":"@EstratConcursos","twitter_site":"@EstratConcursos","twitter_misc":{"Escrito por":"Herbert Almeida","Est. tempo de leitura":"2 minutos"},"schema":{"@context":"https:\/\/schema.org","@graph":[{"@type":"NewsArticle","@id":"https:\/\/www.estrategiaconcursos.com.br\/blog\/edital-ipremu-uberlandia\/#article","isPartOf":{"@id":"https:\/\/www.estrategiaconcursos.com.br\/blog\/edital-ipremu-uberlandia\/"},"author":{"name":"Herbert Almeida","@id":"https:\/\/www.estrategiaconcursos.com.br\/blog\/#\/schema\/person\/59717c75350fa01aa0fd68a52a8d02e0"},"headline":"Edital IPREMU Uberl\u00e2ndia: provas previstas para maio","datePublished":"2020-04-20T03:00:00+00:00","dateModified":"2020-04-22T11:33:18+00:00","mainEntityOfPage":{"@id":"https:\/\/www.estrategiaconcursos.com.br\/blog\/edital-ipremu-uberlandia\/"},"wordCount":432,"commentCount":0,"publisher":{"@id":"https:\/\/www.estrategiaconcursos.com.br\/blog\/#organization"},"image":{"@id":"https:\/\/www.estrategiaconcursos.com.br\/blog\/edital-ipremu-uberlandia\/#primaryimage"},"thumbnailUrl":"https:\/\/dhg1h5j42swfq.cloudfront.net\/2019\/11\/22093757\/IPREMU-Uberlandia1.png","articleSection":["Concursos P\u00fablicos"],"inLanguage":"pt-BR","potentialAction":[{"@type":"CommentAction","name":"Comment","target":["https:\/\/www.estrategiaconcursos.com.br\/blog\/edital-ipremu-uberlandia\/#respond"]}],"copyrightYear":"2020","copyrightHolder":{"@id":"https:\/\/www.estrategiaconcursos.com.br\/blog\/#organization"}},{"@type":"WebPage","@id":"https:\/\/www.estrategiaconcursos.com.br\/blog\/edital-ipremu-uberlandia\/","url":"https:\/\/www.estrategiaconcursos.com.br\/blog\/edital-ipremu-uberlandia\/","name":"Edital IPREMU Uberl\u00e2ndia: provas previstas para maio","isPartOf":{"@id":"https:\/\/www.estrategiaconcursos.com.br\/blog\/#website"},"primaryImageOfPage":{"@id":"https:\/\/www.estrategiaconcursos.com.br\/blog\/edital-ipremu-uberlandia\/#primaryimage"},"image":{"@id":"https:\/\/www.estrategiaconcursos.com.br\/blog\/edital-ipremu-uberlandia\/#primaryimage"},"thumbnailUrl":"https:\/\/dhg1h5j42swfq.cloudfront.net\/2019\/11\/22093757\/IPREMU-Uberlandia1.png","datePublished":"2020-04-20T03:00:00+00:00","dateModified":"2020-04-22T11:33:18+00:00","description":"Edital IPREMU Uberl\u00e2ndia: inscri\u00e7\u00f5es encerradas com oferta de 18 vagas para diversos cargos de n\u00edveis fundamental, m\u00e9dio e superior. Saiba mais!","breadcrumb":{"@id":"https:\/\/www.estrategiaconcursos.com.br\/blog\/edital-ipremu-uberlandia\/#breadcrumb"},"inLanguage":"pt-BR","potentialAction":[{"@type":"ReadAction","target":["https:\/\/www.estrategiaconcursos.com.br\/blog\/edital-ipremu-uberlandia\/"]}]},{"@type":"ImageObject","inLanguage":"pt-BR","@id":"https:\/\/www.estrategiaconcursos.com.br\/blog\/edital-ipremu-uberlandia\/#primaryimage","url":"https:\/\/dhg1h5j42swfq.cloudfront.net\/2019\/11\/22093757\/IPREMU-Uberlandia1.png","contentUrl":"https:\/\/dhg1h5j42swfq.cloudfront.net\/2019\/11\/22093757\/IPREMU-Uberlandia1.png","width":1200,"height":628,"caption":"IPREMU"},{"@type":"BreadcrumbList","@id":"https:\/\/www.estrategiaconcursos.com.br\/blog\/edital-ipremu-uberlandia\/#breadcrumb","itemListElement":[{"@type":"ListItem","position":1,"name":"In\u00edcio","item":"https:\/\/www.estrategiaconcursos.com.br\/blog\/"},{"@type":"ListItem","position":2,"name":"Edital IPREMU Uberl\u00e2ndia: provas previstas para maio"}]},{"@type":"WebSite","@id":"https:\/\/www.estrategiaconcursos.com.br\/blog\/#website","url":"https:\/\/www.estrategiaconcursos.com.br\/blog\/","name":"Estrat\u00e9gia Concursos","description":"O blog da Estrat\u00e9gia Concursos traz not\u00edcias sobre concursos e artigos de professores oferecendo cursos para concursos (pdf + videaulas) no site.","publisher":{"@id":"https:\/\/www.estrategiaconcursos.com.br\/blog\/#organization"},"potentialAction":[{"@type":"SearchAction","target":{"@type":"EntryPoint","urlTemplate":"https:\/\/www.estrategiaconcursos.com.br\/blog\/?s={search_term_string}"},"query-input":{"@type":"PropertyValueSpecification","valueRequired":true,"valueName":"search_term_string"}}],"inLanguage":"pt-BR"},{"@type":"Organization","@id":"https:\/\/www.estrategiaconcursos.com.br\/blog\/#organization","name":"Estrat\u00e9gia Concursos","url":"https:\/\/www.estrategiaconcursos.com.br\/blog\/","logo":{"@type":"ImageObject","inLanguage":"pt-BR","@id":"https:\/\/www.estrategiaconcursos.com.br\/blog\/#\/schema\/logo\/image\/","url":"https:\/\/dhg1h5j42swfq.cloudfront.net\/2025\/06\/03203428\/logo_concursos-1.jpg","contentUrl":"https:\/\/dhg1h5j42swfq.cloudfront.net\/2025\/06\/03203428\/logo_concursos-1.jpg","width":230,"height":60,"caption":"Estrat\u00e9gia Concursos"},"image":{"@id":"https:\/\/www.estrategiaconcursos.com.br\/blog\/#\/schema\/logo\/image\/"},"sameAs":["https:\/\/x.com\/EstratConcursos"]},{"@type":"Person","@id":"https:\/\/www.estrategiaconcursos.com.br\/blog\/#\/schema\/person\/59717c75350fa01aa0fd68a52a8d02e0","name":"Herbert Almeida","image":{"@type":"ImageObject","inLanguage":"pt-BR","@id":"https:\/\/secure.gravatar.com\/avatar\/b6461a43893c24d5fc91efc433971ffec025c84c0341129f4578034d77f9a536?s=96&d=mm&r=g","url":"https:\/\/secure.gravatar.com\/avatar\/b6461a43893c24d5fc91efc433971ffec025c84c0341129f4578034d77f9a536?s=96&d=mm&r=g","contentUrl":"https:\/\/secure.gravatar.com\/avatar\/b6461a43893c24d5fc91efc433971ffec025c84c0341129f4578034d77f9a536?s=96&d=mm&r=g","caption":"Herbert Almeida"},"url":"https:\/\/www.estrategiaconcursos.com.br\/blog\/author\/herbertestrategiaconcursos-com-br\/"}]}},"_links":{"self":[{"href":"https:\/\/www.estrategiaconcursos.com.br\/blog\/wp-json\/wp\/v2\/posts\/468974","targetHints":{"allow":["GET"]}}],"collection":[{"href":"https:\/\/www.estrategiaconcursos.com.br\/blog\/wp-json\/wp\/v2\/posts"}],"about":[{"href":"https:\/\/www.estrategiaconcursos.com.br\/blog\/wp-json\/wp\/v2\/types\/post"}],"author":[{"embeddable":true,"href":"https:\/\/www.estrategiaconcursos.com.br\/blog\/wp-json\/wp\/v2\/users\/129"}],"replies":[{"embeddable":true,"href":"https:\/\/www.estrategiaconcursos.com.br\/blog\/wp-json\/wp\/v2\/comments?post=468974"}],"version-history":[{"count":12,"href":"https:\/\/www.estrategiaconcursos.com.br\/blog\/wp-json\/wp\/v2\/posts\/468974\/revisions"}],"predecessor-version":[{"id":505959,"href":"https:\/\/www.estrategiaconcursos.com.br\/blog\/wp-json\/wp\/v2\/posts\/468974\/revisions\/505959"}],"wp:featuredmedia":[{"embeddable":true,"href":"https:\/\/www.estrategiaconcursos.com.br\/blog\/wp-json\/wp\/v2\/media\/450324"}],"wp:attachment":[{"href":"https:\/\/www.estrategiaconcursos.com.br\/blog\/wp-json\/wp\/v2\/media?parent=468974"}],"wp:term":[{"taxonomy":"category","embeddable":true,"href":"https:\/\/www.estrategiaconcursos.com.br\/blog\/wp-json\/wp\/v2\/categories?post=468974"},{"taxonomy":"post_tag","embeddable":true,"href":"https:\/\/www.estrategiaconcursos.com.br\/blog\/wp-json\/wp\/v2\/tags?post=468974"},{"taxonomy":"tax_estado","embeddable":true,"href":"https:\/\/www.estrategiaconcursos.com.br\/blog\/wp-json\/wp\/v2\/tax_estado?post=468974"}],"curies":[{"name":"wp","href":"https:\/\/api.w.org\/{rel}","templated":true}]}}