{"id":468886,"date":"2021-11-15T17:32:00","date_gmt":"2021-11-15T20:32:00","guid":{"rendered":"https:\/\/www.estrategiaconcursos.com.br\/blog\/?p=468886"},"modified":"2023-10-20T11:06:48","modified_gmt":"2023-10-20T14:06:48","slug":"concurso-guarda-de-louveira","status":"publish","type":"post","link":"https:\/\/www.estrategiaconcursos.com.br\/blog\/concurso-guarda-de-louveira\/","title":{"rendered":"Concurso Guarda de Louveira: etapa de investiga\u00e7\u00e3o social"},"content":{"rendered":"\n<p>Foi publicado o <a href=\"https:\/\/dhg1h5j42swfq.cloudfront.net\/2022\/02\/02172358\/udqqz37gbtfg6tgeuqv5oppy4ofnt3ank37gbwhw.pdf\" target=\"_blank\" rel=\"noreferrer noopener nofollow\">edital de convoca\u00e7\u00e3o<\/a> para a etapa de investiga\u00e7\u00e3o social do <strong>concurso Guarda de Louveira<\/strong>, localizado no estado de S\u00e3o Paulo, ao cargo de Guarda Municipal.<\/p>\n\n\n\n<p>A sele\u00e7\u00e3o ofertou o total de <strong>3 vagas imediatas<\/strong> e forma\u00e7\u00e3o de cadastro reserva. A remunera\u00e7\u00e3o inicial \u00e9 de <strong>R$ 2.791,00 <\/strong>+ benef\u00edcios.<\/p>\n\n\n\n<ul class=\"wp-block-list\">\n<li><strong>Concurso<\/strong> <strong>Guarda de Louveira<\/strong><\/li>\n\n\n\n<li><strong>Banca<\/strong>: <a href=\"https:\/\/www.avancasp.org.br\/informacoes\/12\/\" target=\"_blank\" rel=\"noreferrer noopener\">Avan\u00e7a SP<\/a><\/li>\n\n\n\n<li><strong style=\"background-color: initial;\">Vagas<\/strong><span style=\"background-color: initial;\">: <\/span>3 + CR<\/li>\n\n\n\n<li><strong>Sal\u00e1rio<\/strong>: R$ 2.791,00<\/li>\n\n\n\n<li><strong>\u00daltimo Edital<\/strong>: <a href=\"https:\/\/dhg1h5j42swfq.cloudfront.net\/2022\/02\/02172616\/edital-guarda-de-louveira.pdf\" target=\"_blank\" rel=\"noreferrer noopener nofollow\">Guarda de Louveira 2020<\/a><\/li>\n<\/ul>\n\n\n\n<p><br \/>Neste artigo voc\u00ea encontrar\u00e1 tudo o que precisa saber sobre o concurso Guarda de Louveira. Nosso objetivo \u00e9 deixar voc\u00ea&nbsp;<strong><em>100% atualizado<\/em><\/strong>. Confira a seguir:<\/p>\n\n\n\n<ul class=\"wp-block-list\">\n<li><a href=\"#datas\">Situa\u00e7\u00e3o atual do concurso<\/a>\n<ul class=\"wp-block-list\">\n<li><a href=\"#investigacao\">Convoca\u00e7\u00e3o Investiga\u00e7\u00e3o Social<\/a><\/li>\n<\/ul>\n<\/li>\n\n\n\n<li><a href=\"#cargos\">Cargos, vagas e remunera\u00e7\u00f5es<\/a>\n<ul class=\"wp-block-list\">\n<li><a href=\"#beneficios\">Benef\u00edcios<\/a><\/li>\n<\/ul>\n<\/li>\n\n\n\n<li><a href=\"#etapas\">Etapas do concurso<\/a><\/li>\n\n\n\n<li><a href=\"#cursos\">Cursos e assinaturas<\/a><\/li>\n\n\n\n<li><a href=\"#ficha\">Ficha t\u00e9cnica<\/a><\/li>\n<\/ul>\n\n\n\n<h2 class=\"wp-block-heading\" id=\"datas\">Situa\u00e7\u00e3o atual do concurso Guarda de Louveira<\/h2>\n\n\n\n<p>A sele\u00e7\u00e3o em andamento divulgou, recentemente, o edital de convoca\u00e7\u00e3o para a etapa de investiga\u00e7\u00e3o social.<\/p>\n\n\n\n<p>Confira clicando no link abaixo!<\/p>\n\n\n\n<ul class=\"wp-block-list\">\n<li><a href=\"https:\/\/dhg1h5j42swfq.cloudfront.net\/2022\/02\/02172616\/edital-guarda-de-louveira.pdf\" target=\"_blank\" rel=\"noreferrer noopener nofollow\"><strong>Convoca\u00e7\u00e3o Investiga\u00e7\u00e3o Social<\/strong><\/a><\/li>\n<\/ul>\n\n\n\n<h2 class=\"wp-block-heading\" id=\"cargos\">Cargos, vagas e remunera\u00e7\u00f5es do concurso Guarda de Louveira<\/h2>\n\n\n\n<h3 class=\"wp-block-heading\">N\u00edvel m\u00e9dio<\/h3>\n\n\n\n<figure class=\"wp-block-table is-style-stripes\"><table class=\"has-very-light-gray-to-cyan-bluish-gray-gradient-background has-background has-fixed-layout\"><tbody><tr><td class=\"has-text-align-center\" data-align=\"center\"><strong>Cargo<\/strong><\/td><td class=\"has-text-align-center\" data-align=\"center\"><strong>Vagas<\/strong><\/td><td class=\"has-text-align-center\" data-align=\"center\"><strong>Remunera\u00e7\u00e3o<\/strong><\/td><td class=\"has-text-align-center\" data-align=\"center\"><strong>Carga hor\u00e1ria<\/strong><\/td><\/tr><tr><td class=\"has-text-align-center\" data-align=\"center\">Guarda Municipal<\/td><td class=\"has-text-align-center\" data-align=\"center\">03<\/td><td class=\"has-text-align-center\" data-align=\"center\"> R$ 2.791,00<\/td><td class=\"has-text-align-center\" data-align=\"center\">40h ou 12x36h<\/td><\/tr><\/tbody><\/table><\/figure>\n\n\n\n<p><strong>Requisitos:<\/strong>&nbsp; Brasileiro; Gozo dos direitos pol\u00edticos; Quita\u00e7\u00e3o com as obriga\u00e7\u00f5es militares e eleitorais; N\u00edvel m\u00e9dio completo de escolaridade; Idade m\u00ednima de 18 (dezoito) anos; Aptid\u00e3o f\u00edsica, mental e psicol\u00f3gica; Idoneidade moral comprovada por investiga\u00e7\u00e3o social e certid\u00f5es expedidas perante o Poder Judici\u00e1rio estadual, federal e distrital; Carteira Nacional de Habilita\u00e7\u00e3o Categorias \u201cA\u201d e \u201cB\u201d. <\/p>\n\n\n\n<h3 class=\"wp-block-heading\" id=\"beneficios\">Benef\u00edcios<\/h3>\n\n\n\n<ul class=\"wp-block-list\">\n<li><strong>Vale transporte&nbsp;<\/strong>\u2013 Benef\u00edcio no valor de R$ 8,40 por dia \u00fatil;<\/li>\n\n\n\n<li><strong>Vale refei\u00e7\u00e3o <\/strong>\u2013 Benef\u00edcio mensal no valor de R$ 420,00.<\/li>\n<\/ul>\n\n\n\n<h2 class=\"wp-block-heading\" id=\"etapas\">Etapas do concurso Guarda de Louveira<\/h2>\n\n\n\n<p>O concurso Guarda Municipal de Louveira foi constitu\u00eddo por cinco etapas:<\/p>\n\n\n\n<ul class=\"wp-block-list\">\n<li><strong>Prova Objetiva<\/strong>;<\/li>\n\n\n\n<li><strong>Prova de T\u00edtulos<\/strong>;<\/li>\n\n\n\n<li><strong>TAF &#8211; Teste de Aptid\u00e3o F\u00edsica<\/strong>;<\/li>\n\n\n\n<li><strong>Avalia\u00e7\u00e3o Psicol\u00f3gica Espec\u00edfica e Exame M\u00e9dico Espec\u00edfico;<\/strong> <\/li>\n\n\n\n<li><strong>Investiga\u00e7\u00e3o Social;<\/strong> <\/li>\n<\/ul>\n\n\n\n<h3 class=\"wp-block-heading\">Prova Objetiva<\/h3>\n\n\n\n<p>De car\u00e1ter eliminat\u00f3rio e classificat\u00f3rio, a prova objetiva foi composta por 50 quest\u00f5es de m\u00faltipla escolha: 25 de conhecimentos gerais e 25 de conhecimentos espec\u00edficos. <\/p>\n\n\n\n<ul class=\"wp-block-list\">\n<li><strong>Conhecimentos B\u00e1sicos<\/strong>&nbsp;\u2013 25 quest\u00f5es\n<ul class=\"wp-block-list\">\n<li><em>L\u00edngua Portuguesa<\/em><\/li>\n\n\n\n<li><em>No\u00e7\u00f5es de Inform\u00e1tica<\/em><\/li>\n\n\n\n<li><em>Atualidades<\/em><\/li>\n\n\n\n<li><em>Racioc\u00ednio L\u00f3gico e Matem\u00e1tico<\/em><\/li>\n<\/ul>\n<\/li>\n\n\n\n<li><strong>Conhecimentos Espec\u00edficos<\/strong>&nbsp;\u2013 25 quest\u00f5es<\/li>\n<\/ul>\n\n\n\n<h3 class=\"wp-block-heading\">Prova de T\u00edtulos<\/h3>\n\n\n\n<p>Os candidatos que possu\u00edam t\u00edtulos tiveram que enviar os documentos comprobat\u00f3rios por meio do site <strong>www.avancasp.org.br<\/strong>, de acordo com os crit\u00e9rios estabelecidos na Tabela de Pontua\u00e7\u00e3o de T\u00edtulos a seguir. <\/p>\n\n\n\n<figure class=\"wp-block-image aligncenter size-large\"><img loading=\"lazy\" decoding=\"async\" width=\"682\" height=\"235\" src=\"https:\/\/dhg1h5j42swfq.cloudfront.net\/2020\/01\/10211123\/image-47.png\" alt=\"Provas de t\u00edtulos do concurso Guarda Municipal de Louveira\" class=\"wp-image-468895\" srcset=\"https:\/\/dhg1h5j42swfq.cloudfront.net\/2020\/01\/10211123\/image-47.png 682w, https:\/\/dhg1h5j42swfq.cloudfront.net\/2020\/01\/10211123\/image-47-300x103.png 300w, https:\/\/dhg1h5j42swfq.cloudfront.net\/2020\/01\/10211123\/image-47-610x210.png 610w\" sizes=\"auto, (max-width: 682px) 100vw, 682px\" \/><figcaption class=\"wp-element-caption\">T\u00edtulos<\/figcaption><\/figure>\n\n\n\n<h3 class=\"wp-block-heading\">Teste de Aptid\u00e3o F\u00edsica<\/h3>\n\n\n\n<p>De car\u00e1ter eliminat\u00f3rio, o teste foi realizado em data, local e hor\u00e1rio a serem determinados em edital pr\u00f3prio, a ser publicado no site <strong>www.avancasp.org.br<\/strong>.<\/p>\n\n\n\n<p>Foram convocados para o Teste de Aptid\u00e3o F\u00edsica somente os 40 (quarenta) candidatos habilitados do sexo masculino e as 20 (vinte) candidatas habilitadas do sexo feminino.<\/p>\n\n\n\n<h3 class=\"wp-block-heading\">Avalia\u00e7\u00e3o Psicol\u00f3gica Espec\u00edfica e do Exame M\u00e9dico Espec\u00edfico<\/h3>\n\n\n\n<p>Foram convocados para a Avalia\u00e7\u00e3o Psicol\u00f3gica Espec\u00edfica para Porte de Arma de Fogo e Exame M\u00e9dico Espec\u00edfico somente os candidatos habilitados no Teste de Aptid\u00e3o F\u00edsica &#8211; TAF.<\/p>\n\n\n\n<p><strong>I &#8211; Avalia\u00e7\u00e3o Psicol\u00f3gica Espec\u00edfica para Porte de Arma de Fogo, emitida por psic\u00f3logo credenciado na Pol\u00edcia Federal, nos termos deste Cap\u00edtulo;<\/strong><\/p>\n\n\n\n<p><strong>II &#8211; Exame Antidrogas (toxicol\u00f3gico): exame com janela de detec\u00e7\u00e3o m\u00ednima de 90 (noventa) dias realizado por meio de amostra de queratina para detec\u00e7\u00e3o de: <\/strong><\/p>\n\n\n\n<ul class=\"wp-block-list\">\n<li>a) maconha; <\/li>\n\n\n\n<li>b) metab\u00f3licos do delta-9 THC; <\/li>\n\n\n\n<li>c) coca\u00edna; <\/li>\n\n\n\n<li>d) anfetaminas (inclusive metab\u00f3litos e seus derivados); <\/li>\n\n\n\n<li>e) opi\u00e1ceos. <\/li>\n<\/ul>\n\n\n\n<p>III \u2013<strong> Exame Neurol\u00f3gico (com eletroencefalograma):<\/strong> <\/p>\n\n\n\n<ul class=\"wp-block-list\">\n<li>a) laudo descritivo e conclusivo de consulta m\u00e9dica realizada por m\u00e9dico especialista (neurologista), que deve adicional e obrigatoriamente citar o resultado do o seguinte exame laboratorial: <\/li>\n\n\n\n<li>b) Eletroencefalograma (EEG), com laudo;  <\/li>\n<\/ul>\n\n\n\n<p>A Avalia\u00e7\u00e3o Psicol\u00f3gica Espec\u00edfica para Porte de Arma de Fogo e o Exame M\u00e9dico Espec\u00edfico, de car\u00e1ter eliminat\u00f3rio, avaliou se o candidato possu\u00eda as condi\u00e7\u00f5es psicol\u00f3gicas e f\u00edsicas necess\u00e1rias para desempenhar as atribui\u00e7\u00f5es do cargo de Guarda Municipal (Feminino e Masculino), sendo o candidato considerado <strong>APTO<\/strong> ou <strong>INAPTO<\/strong>. <\/p>\n\n\n\n<p>Foi considerado <strong>INAPTO<\/strong> o candidato que: <\/p>\n\n\n\n<ul class=\"wp-block-list\">\n<li>a) deixou de entregar os exames constantes deste Edital na data estabelecida; <\/li>\n\n\n\n<li>b) n\u00e3o compareceu \u00e0 consulta m\u00e9dica individual; <\/li>\n\n\n\n<li>c) deixou de entregar, na fase de recurso, exames complementares, quando solicitados pela junta m\u00e9dica; <\/li>\n\n\n\n<li>d) apresentou, no resultado dos laudos, inaptid\u00e3o ou condi\u00e7\u00f5es incompat\u00edveis com as atribui\u00e7\u00f5es e desempenho das tarefas t\u00edpicas e inerentes ao cargo. <\/li>\n<\/ul>\n\n\n\n<h3 class=\"wp-block-heading\">Investiga\u00e7\u00e3o Social<\/h3>\n\n\n\n<p>Ser\u00e3o convocados para a fase de Investiga\u00e7\u00e3o Social somente os candidatos habilitados na Avalia\u00e7\u00e3o Psicol\u00f3gica Espec\u00edfica e Exame M\u00e9dico Espec\u00edfico, conforme bloco anterior. <br \/><br \/>A Investiga\u00e7\u00e3o Social verificar\u00e1 a conduta irrepreens\u00edvel e a idoneidade moral necess\u00e1rias ao exerc\u00edcio do cargo objeto deste certame. A Investiga\u00e7\u00e3o Social ter\u00e1 car\u00e1ter eliminat\u00f3rio e o candidato ser\u00e1 considerado RECOMENDADO ou N\u00c3O RECOMENDADO. <\/p>\n\n\n\n<h2 class=\"wp-block-heading has-text-align-center\" id=\"h-quer-saber-tudo-sobre-concursos-previstos-confira-nossos-artigos\">Quer saber tudo sobre concursos previstos?<br \/>Confira nossos artigos!<\/h2>\n\n\n\n<ul class=\"wp-block-list\">\n<li><a href=\"https:\/\/www.estrategiaconcursos.com.br\/blog\/concursos-abertos\/\" target=\"_blank\" rel=\"noreferrer noopener\">Concursos abertos<\/a><\/li>\n\n\n\n<li><a href=\"https:\/\/www.estrategiaconcursos.com.br\/blog\/concursos-2023\/\" target=\"_blank\" rel=\"noreferrer noopener\">Concursos 2023<\/a><\/li>\n<\/ul>\n\n\n\n<h2 class=\"wp-block-heading has-text-align-center\" id=\"cursos\"> Quer estudar para o concurso Guarda de Louveira?<\/h2>\n\n\n\n<div class=\"container\" id=\"boxes\">\n  <div class=\"row\">\n\n    <div class=\"col-sm\">\n      <div class=\"banner-guarda-gcm\" id=\"box-assinatura\">\n        <h3 class=\"titulo-assinatura\">Concurso Guarda de Louveira<\/h3>\n        <p class=\"subtitulo-assinatura\">Conhe\u00e7a os cursos<\/p>\n        <div class=\"box-botao\">\n          <a class=\"btn-assinatura\" target=\"_blank\" href=\"https:\/\/www.estrategiaconcursos.com.br\/cursosPorConcurso\/prefeitura-municipal-de-sao-luis-ma-guarda-municipal\/\" role=\"button\" rel=\"noopener noreferrer\">Conhe\u00e7a mais<\/a>\n        <\/div>\n      <\/div><\/div><\/div><\/div>\n\n\n\n<div class=\"container\" id=\"boxes\">\n  <div class=\"row\">\n\n    <div class=\"col-sm\">\n      <div class=\"estrategia\" id=\"box-assinatura\">\n        <h3 class=\"titulo-assinatura\">Assinatura Concursos<\/h3>\n        <p class=\"subtitulo-assinatura\">Assinatura de 1 ano ou 2 anos<\/p>\n        <div class=\"box-botao\">\n          <a class=\"btn-assinatura\" target=\"_blank\" href=\"https:\/\/www.estrategiaconcursos.com.br\/assinaturas\/\" role=\"button\" rel=\"noopener noreferrer\">ASSINE AGORA<\/a>\n        <\/div>\n      <\/div>\n     \n    <\/div><\/div><\/div>\n\n\n\n<figure class=\"wp-block-image size-large is-resized\"><img loading=\"lazy\" decoding=\"async\" width=\"1024\" height=\"632\" src=\"https:\/\/dhg1h5j42swfq.cloudfront.net\/2021\/05\/12212304\/ficha-tecnica-1-1024x632-1-12.png\" alt=\"Informa\u00e7\u00f5es do Concurso Guarda de S\u00e3o Lu\u00eds MA\" class=\"wp-image-739198\" style=\"width:277px;height:171px\" srcset=\"https:\/\/dhg1h5j42swfq.cloudfront.net\/2021\/05\/12212304\/ficha-tecnica-1-1024x632-1-12.png 1024w, https:\/\/dhg1h5j42swfq.cloudfront.net\/2021\/05\/12212304\/ficha-tecnica-1-1024x632-1-12-300x185.png 300w, https:\/\/dhg1h5j42swfq.cloudfront.net\/2021\/05\/12212304\/ficha-tecnica-1-1024x632-1-12-768x474.png 768w, https:\/\/dhg1h5j42swfq.cloudfront.net\/2021\/05\/12212304\/ficha-tecnica-1-1024x632-1-12-610x376.png 610w\" sizes=\"auto, (max-width: 1024px) 100vw, 1024px\" \/><\/figure>\n\n\n\n<h3 class=\"wp-block-heading\" id=\"ficha\"><strong>Informa\u00e7\u00f5es do Concurso Guarda de Louveira<\/strong><\/h3>\n\n\n\n<p>\u25ba<strong>Prova:&nbsp;<\/strong>29\/03\/2020<br \/>\u25ba<strong>Vagas<\/strong>: 03 + CR<br \/>\u25ba<strong>Cargos<\/strong>: Guarda Municipal<br \/>\u25ba<strong>Banca<\/strong>: Avan\u00e7a SP<br \/>\u25ba<strong>Escolaridade<\/strong>: N\u00edvel m\u00e9dio<br \/>\u25ba<strong>Edital<\/strong>: <a href=\"https:\/\/dhg1h5j42swfq.cloudfront.net\/2020\/03\/13142613\/Edital-Eus%C3%A9bio.pdf\" target=\"_blank\" rel=\"noreferrer noopener nofollow\"><\/a><a href=\"https:\/\/dhg1h5j42swfq.cloudfront.net\/2022\/02\/02172616\/edital-guarda-de-louveira.pdf\" target=\"_blank\" rel=\"noreferrer noopener nofollow\">Guarda Municipal de Louveira<\/a><\/p>\n","protected":false},"excerpt":{"rendered":"<p>Foi publicado o edital de convoca\u00e7\u00e3o para a etapa de investiga\u00e7\u00e3o social do concurso Guarda de Louveira, localizado no estado de S\u00e3o Paulo, ao cargo de Guarda Municipal. A sele\u00e7\u00e3o ofertou o total de 3 vagas imediatas e forma\u00e7\u00e3o de cadastro reserva. A remunera\u00e7\u00e3o inicial \u00e9 de R$ 2.791,00 + benef\u00edcios. Neste artigo voc\u00ea encontrar\u00e1 [&hellip;]<\/p>\n","protected":false},"author":1,"featured_media":960493,"comment_status":"open","ping_status":"closed","sticky":false,"template":"","format":"standard","meta":{"post_tipo":"news_page","footnotes":""},"categories":[220189],"tags":[],"tax_estado":[219989],"class_list":["post-468886","post","type-post","status-publish","format-standard","has-post-thumbnail","hentry","category-policial-guarda-civis","tax_estado-sp"],"acf":[],"yoast_head":"<!-- This site is optimized with the Yoast SEO Premium plugin v27.2 (Yoast SEO v27.2) - https:\/\/yoast.com\/product\/yoast-seo-premium-wordpress\/ -->\n<title>Concurso Guarda de Louveira: etapa de investiga\u00e7\u00e3o social<\/title>\n<meta name=\"description\" content=\"Concurso Guarda Municipal de Louveira: publicado o edital de convoca\u00e7\u00e3o para a investiga\u00e7\u00e3o social. Confira as informa\u00e7\u00f5es completas!\" \/>\n<meta name=\"robots\" content=\"index, follow, max-snippet:-1, max-image-preview:large, max-video-preview:-1\" \/>\n<link rel=\"canonical\" href=\"https:\/\/www.estrategiaconcursos.com.br\/blog\/concurso-guarda-de-louveira\/\" \/>\n<meta property=\"og:locale\" content=\"pt_BR\" \/>\n<meta property=\"og:type\" content=\"article\" \/>\n<meta property=\"og:title\" content=\"Concurso Guarda de Louveira: etapa de investiga\u00e7\u00e3o social\" \/>\n<meta property=\"og:description\" content=\"Concurso Guarda Municipal de Louveira: publicado o edital de convoca\u00e7\u00e3o para a investiga\u00e7\u00e3o social. Confira as informa\u00e7\u00f5es completas!\" \/>\n<meta property=\"og:url\" content=\"https:\/\/www.estrategiaconcursos.com.br\/blog\/concurso-guarda-de-louveira\/\" \/>\n<meta property=\"og:site_name\" content=\"Estrat\u00e9gia Concursos\" \/>\n<meta property=\"article:author\" content=\"https:\/\/www.facebook.com\/EstrategiaConcursos\" \/>\n<meta property=\"article:published_time\" content=\"2021-11-15T20:32:00+00:00\" \/>\n<meta property=\"article:modified_time\" content=\"2023-10-20T14:06:48+00:00\" \/>\n<meta property=\"og:image\" content=\"https:\/\/dhg1h5j42swfq.cloudfront.net\/2020\/04\/02173211\/brasao_da_gml.jpg\" \/>\n\t<meta property=\"og:image:width\" content=\"640\" \/>\n\t<meta property=\"og:image:height\" content=\"641\" \/>\n\t<meta property=\"og:image:type\" content=\"image\/jpeg\" \/>\n<meta name=\"author\" content=\"Coordena\u00e7\u00e3o\" \/>\n<meta name=\"twitter:card\" content=\"summary_large_image\" \/>\n<meta name=\"twitter:creator\" content=\"@EstratConcursos\" \/>\n<meta name=\"twitter:site\" content=\"@EstratConcursos\" \/>\n<meta name=\"twitter:label1\" content=\"Escrito por\" \/>\n\t<meta name=\"twitter:data1\" content=\"Coordena\u00e7\u00e3o\" \/>\n\t<meta name=\"twitter:label2\" content=\"Est. tempo de leitura\" \/>\n\t<meta name=\"twitter:data2\" content=\"5 minutos\" \/>\n<script type=\"application\/ld+json\" class=\"yoast-schema-graph\">{\"@context\":\"https:\/\/schema.org\",\"@graph\":[{\"@type\":\"NewsArticle\",\"@id\":\"https:\/\/www.estrategiaconcursos.com.br\/blog\/concurso-guarda-de-louveira\/#article\",\"isPartOf\":{\"@id\":\"https:\/\/www.estrategiaconcursos.com.br\/blog\/concurso-guarda-de-louveira\/\"},\"author\":{\"name\":\"Coordena\u00e7\u00e3o\",\"@id\":\"https:\/\/www.estrategiaconcursos.com.br\/blog\/#\/schema\/person\/b4a388c97673c5f483d72185668afa1f\"},\"headline\":\"Concurso Guarda de Louveira: etapa de investiga\u00e7\u00e3o social\",\"datePublished\":\"2021-11-15T20:32:00+00:00\",\"dateModified\":\"2023-10-20T14:06:48+00:00\",\"mainEntityOfPage\":{\"@id\":\"https:\/\/www.estrategiaconcursos.com.br\/blog\/concurso-guarda-de-louveira\/\"},\"wordCount\":938,\"commentCount\":2,\"publisher\":{\"@id\":\"https:\/\/www.estrategiaconcursos.com.br\/blog\/#organization\"},\"image\":{\"@id\":\"https:\/\/www.estrategiaconcursos.com.br\/blog\/concurso-guarda-de-louveira\/#primaryimage\"},\"thumbnailUrl\":\"https:\/\/dhg1h5j42swfq.cloudfront.net\/2020\/04\/02173211\/brasao_da_gml.jpg\",\"articleSection\":[\"Policial (Guardas Civis)\"],\"inLanguage\":\"pt-BR\",\"potentialAction\":[{\"@type\":\"CommentAction\",\"name\":\"Comment\",\"target\":[\"https:\/\/www.estrategiaconcursos.com.br\/blog\/concurso-guarda-de-louveira\/#respond\"]}],\"copyrightYear\":\"2021\",\"copyrightHolder\":{\"@id\":\"https:\/\/www.estrategiaconcursos.com.br\/blog\/#organization\"}},{\"@type\":\"WebPage\",\"@id\":\"https:\/\/www.estrategiaconcursos.com.br\/blog\/concurso-guarda-de-louveira\/\",\"url\":\"https:\/\/www.estrategiaconcursos.com.br\/blog\/concurso-guarda-de-louveira\/\",\"name\":\"Concurso Guarda de Louveira: etapa de investiga\u00e7\u00e3o social\",\"isPartOf\":{\"@id\":\"https:\/\/www.estrategiaconcursos.com.br\/blog\/#website\"},\"primaryImageOfPage\":{\"@id\":\"https:\/\/www.estrategiaconcursos.com.br\/blog\/concurso-guarda-de-louveira\/#primaryimage\"},\"image\":{\"@id\":\"https:\/\/www.estrategiaconcursos.com.br\/blog\/concurso-guarda-de-louveira\/#primaryimage\"},\"thumbnailUrl\":\"https:\/\/dhg1h5j42swfq.cloudfront.net\/2020\/04\/02173211\/brasao_da_gml.jpg\",\"datePublished\":\"2021-11-15T20:32:00+00:00\",\"dateModified\":\"2023-10-20T14:06:48+00:00\",\"description\":\"Concurso Guarda Municipal de Louveira: publicado o edital de convoca\u00e7\u00e3o para a investiga\u00e7\u00e3o social. Confira as informa\u00e7\u00f5es completas!\",\"breadcrumb\":{\"@id\":\"https:\/\/www.estrategiaconcursos.com.br\/blog\/concurso-guarda-de-louveira\/#breadcrumb\"},\"inLanguage\":\"pt-BR\",\"potentialAction\":[{\"@type\":\"ReadAction\",\"target\":[\"https:\/\/www.estrategiaconcursos.com.br\/blog\/concurso-guarda-de-louveira\/\"]}]},{\"@type\":\"ImageObject\",\"inLanguage\":\"pt-BR\",\"@id\":\"https:\/\/www.estrategiaconcursos.com.br\/blog\/concurso-guarda-de-louveira\/#primaryimage\",\"url\":\"https:\/\/dhg1h5j42swfq.cloudfront.net\/2020\/04\/02173211\/brasao_da_gml.jpg\",\"contentUrl\":\"https:\/\/dhg1h5j42swfq.cloudfront.net\/2020\/04\/02173211\/brasao_da_gml.jpg\",\"width\":640,\"height\":641},{\"@type\":\"BreadcrumbList\",\"@id\":\"https:\/\/www.estrategiaconcursos.com.br\/blog\/concurso-guarda-de-louveira\/#breadcrumb\",\"itemListElement\":[{\"@type\":\"ListItem\",\"position\":1,\"name\":\"In\u00edcio\",\"item\":\"https:\/\/www.estrategiaconcursos.com.br\/blog\/\"},{\"@type\":\"ListItem\",\"position\":2,\"name\":\"Concurso Guarda de Louveira: etapa de investiga\u00e7\u00e3o social\"}]},{\"@type\":\"WebSite\",\"@id\":\"https:\/\/www.estrategiaconcursos.com.br\/blog\/#website\",\"url\":\"https:\/\/www.estrategiaconcursos.com.br\/blog\/\",\"name\":\"Estrat\u00e9gia Concursos\",\"description\":\"O blog da Estrat\u00e9gia Concursos traz not\u00edcias sobre concursos e artigos de professores oferecendo cursos para concursos (pdf + videaulas) no site.\",\"publisher\":{\"@id\":\"https:\/\/www.estrategiaconcursos.com.br\/blog\/#organization\"},\"potentialAction\":[{\"@type\":\"SearchAction\",\"target\":{\"@type\":\"EntryPoint\",\"urlTemplate\":\"https:\/\/www.estrategiaconcursos.com.br\/blog\/?s={search_term_string}\"},\"query-input\":{\"@type\":\"PropertyValueSpecification\",\"valueRequired\":true,\"valueName\":\"search_term_string\"}}],\"inLanguage\":\"pt-BR\"},{\"@type\":\"Organization\",\"@id\":\"https:\/\/www.estrategiaconcursos.com.br\/blog\/#organization\",\"name\":\"Estrat\u00e9gia Concursos\",\"url\":\"https:\/\/www.estrategiaconcursos.com.br\/blog\/\",\"logo\":{\"@type\":\"ImageObject\",\"inLanguage\":\"pt-BR\",\"@id\":\"https:\/\/www.estrategiaconcursos.com.br\/blog\/#\/schema\/logo\/image\/\",\"url\":\"https:\/\/dhg1h5j42swfq.cloudfront.net\/2025\/06\/03203428\/logo_concursos-1.jpg\",\"contentUrl\":\"https:\/\/dhg1h5j42swfq.cloudfront.net\/2025\/06\/03203428\/logo_concursos-1.jpg\",\"width\":230,\"height\":60,\"caption\":\"Estrat\u00e9gia Concursos\"},\"image\":{\"@id\":\"https:\/\/www.estrategiaconcursos.com.br\/blog\/#\/schema\/logo\/image\/\"},\"sameAs\":[\"https:\/\/x.com\/EstratConcursos\"]},{\"@type\":\"Person\",\"@id\":\"https:\/\/www.estrategiaconcursos.com.br\/blog\/#\/schema\/person\/b4a388c97673c5f483d72185668afa1f\",\"name\":\"Coordena\u00e7\u00e3o\",\"image\":{\"@type\":\"ImageObject\",\"inLanguage\":\"pt-BR\",\"@id\":\"https:\/\/secure.gravatar.com\/avatar\/b720319e4c9a967eb58678d110f4fe35452fc5d5f97b202bac7b8acceb18c6ad?s=96&d=mm&r=g\",\"url\":\"https:\/\/secure.gravatar.com\/avatar\/b720319e4c9a967eb58678d110f4fe35452fc5d5f97b202bac7b8acceb18c6ad?s=96&d=mm&r=g\",\"contentUrl\":\"https:\/\/secure.gravatar.com\/avatar\/b720319e4c9a967eb58678d110f4fe35452fc5d5f97b202bac7b8acceb18c6ad?s=96&d=mm&r=g\",\"caption\":\"Coordena\u00e7\u00e3o\"},\"sameAs\":[\"https:\/\/www.facebook.com\/EstrategiaConcursos\",\"https:\/\/x.com\/EstratConcursos\"],\"url\":\"https:\/\/www.estrategiaconcursos.com.br\/blog\/author\/estrategia2013\/\"}]}<\/script>\n<!-- \/ Yoast SEO Premium plugin. -->","yoast_head_json":{"title":"Concurso Guarda de Louveira: etapa de investiga\u00e7\u00e3o social","description":"Concurso Guarda Municipal de Louveira: publicado o edital de convoca\u00e7\u00e3o para a investiga\u00e7\u00e3o social. Confira as informa\u00e7\u00f5es completas!","robots":{"index":"index","follow":"follow","max-snippet":"max-snippet:-1","max-image-preview":"max-image-preview:large","max-video-preview":"max-video-preview:-1"},"canonical":"https:\/\/www.estrategiaconcursos.com.br\/blog\/concurso-guarda-de-louveira\/","og_locale":"pt_BR","og_type":"article","og_title":"Concurso Guarda de Louveira: etapa de investiga\u00e7\u00e3o social","og_description":"Concurso Guarda Municipal de Louveira: publicado o edital de convoca\u00e7\u00e3o para a investiga\u00e7\u00e3o social. Confira as informa\u00e7\u00f5es completas!","og_url":"https:\/\/www.estrategiaconcursos.com.br\/blog\/concurso-guarda-de-louveira\/","og_site_name":"Estrat\u00e9gia Concursos","article_author":"https:\/\/www.facebook.com\/EstrategiaConcursos","article_published_time":"2021-11-15T20:32:00+00:00","article_modified_time":"2023-10-20T14:06:48+00:00","og_image":[{"width":640,"height":641,"url":"https:\/\/dhg1h5j42swfq.cloudfront.net\/2020\/04\/02173211\/brasao_da_gml.jpg","type":"image\/jpeg"}],"author":"Coordena\u00e7\u00e3o","twitter_card":"summary_large_image","twitter_creator":"@EstratConcursos","twitter_site":"@EstratConcursos","twitter_misc":{"Escrito por":"Coordena\u00e7\u00e3o","Est. tempo de leitura":"5 minutos"},"schema":{"@context":"https:\/\/schema.org","@graph":[{"@type":"NewsArticle","@id":"https:\/\/www.estrategiaconcursos.com.br\/blog\/concurso-guarda-de-louveira\/#article","isPartOf":{"@id":"https:\/\/www.estrategiaconcursos.com.br\/blog\/concurso-guarda-de-louveira\/"},"author":{"name":"Coordena\u00e7\u00e3o","@id":"https:\/\/www.estrategiaconcursos.com.br\/blog\/#\/schema\/person\/b4a388c97673c5f483d72185668afa1f"},"headline":"Concurso Guarda de Louveira: etapa de investiga\u00e7\u00e3o social","datePublished":"2021-11-15T20:32:00+00:00","dateModified":"2023-10-20T14:06:48+00:00","mainEntityOfPage":{"@id":"https:\/\/www.estrategiaconcursos.com.br\/blog\/concurso-guarda-de-louveira\/"},"wordCount":938,"commentCount":2,"publisher":{"@id":"https:\/\/www.estrategiaconcursos.com.br\/blog\/#organization"},"image":{"@id":"https:\/\/www.estrategiaconcursos.com.br\/blog\/concurso-guarda-de-louveira\/#primaryimage"},"thumbnailUrl":"https:\/\/dhg1h5j42swfq.cloudfront.net\/2020\/04\/02173211\/brasao_da_gml.jpg","articleSection":["Policial (Guardas Civis)"],"inLanguage":"pt-BR","potentialAction":[{"@type":"CommentAction","name":"Comment","target":["https:\/\/www.estrategiaconcursos.com.br\/blog\/concurso-guarda-de-louveira\/#respond"]}],"copyrightYear":"2021","copyrightHolder":{"@id":"https:\/\/www.estrategiaconcursos.com.br\/blog\/#organization"}},{"@type":"WebPage","@id":"https:\/\/www.estrategiaconcursos.com.br\/blog\/concurso-guarda-de-louveira\/","url":"https:\/\/www.estrategiaconcursos.com.br\/blog\/concurso-guarda-de-louveira\/","name":"Concurso Guarda de Louveira: etapa de investiga\u00e7\u00e3o social","isPartOf":{"@id":"https:\/\/www.estrategiaconcursos.com.br\/blog\/#website"},"primaryImageOfPage":{"@id":"https:\/\/www.estrategiaconcursos.com.br\/blog\/concurso-guarda-de-louveira\/#primaryimage"},"image":{"@id":"https:\/\/www.estrategiaconcursos.com.br\/blog\/concurso-guarda-de-louveira\/#primaryimage"},"thumbnailUrl":"https:\/\/dhg1h5j42swfq.cloudfront.net\/2020\/04\/02173211\/brasao_da_gml.jpg","datePublished":"2021-11-15T20:32:00+00:00","dateModified":"2023-10-20T14:06:48+00:00","description":"Concurso Guarda Municipal de Louveira: publicado o edital de convoca\u00e7\u00e3o para a investiga\u00e7\u00e3o social. Confira as informa\u00e7\u00f5es completas!","breadcrumb":{"@id":"https:\/\/www.estrategiaconcursos.com.br\/blog\/concurso-guarda-de-louveira\/#breadcrumb"},"inLanguage":"pt-BR","potentialAction":[{"@type":"ReadAction","target":["https:\/\/www.estrategiaconcursos.com.br\/blog\/concurso-guarda-de-louveira\/"]}]},{"@type":"ImageObject","inLanguage":"pt-BR","@id":"https:\/\/www.estrategiaconcursos.com.br\/blog\/concurso-guarda-de-louveira\/#primaryimage","url":"https:\/\/dhg1h5j42swfq.cloudfront.net\/2020\/04\/02173211\/brasao_da_gml.jpg","contentUrl":"https:\/\/dhg1h5j42swfq.cloudfront.net\/2020\/04\/02173211\/brasao_da_gml.jpg","width":640,"height":641},{"@type":"BreadcrumbList","@id":"https:\/\/www.estrategiaconcursos.com.br\/blog\/concurso-guarda-de-louveira\/#breadcrumb","itemListElement":[{"@type":"ListItem","position":1,"name":"In\u00edcio","item":"https:\/\/www.estrategiaconcursos.com.br\/blog\/"},{"@type":"ListItem","position":2,"name":"Concurso Guarda de Louveira: etapa de investiga\u00e7\u00e3o social"}]},{"@type":"WebSite","@id":"https:\/\/www.estrategiaconcursos.com.br\/blog\/#website","url":"https:\/\/www.estrategiaconcursos.com.br\/blog\/","name":"Estrat\u00e9gia Concursos","description":"O blog da Estrat\u00e9gia Concursos traz not\u00edcias sobre concursos e artigos de professores oferecendo cursos para concursos (pdf + videaulas) no site.","publisher":{"@id":"https:\/\/www.estrategiaconcursos.com.br\/blog\/#organization"},"potentialAction":[{"@type":"SearchAction","target":{"@type":"EntryPoint","urlTemplate":"https:\/\/www.estrategiaconcursos.com.br\/blog\/?s={search_term_string}"},"query-input":{"@type":"PropertyValueSpecification","valueRequired":true,"valueName":"search_term_string"}}],"inLanguage":"pt-BR"},{"@type":"Organization","@id":"https:\/\/www.estrategiaconcursos.com.br\/blog\/#organization","name":"Estrat\u00e9gia Concursos","url":"https:\/\/www.estrategiaconcursos.com.br\/blog\/","logo":{"@type":"ImageObject","inLanguage":"pt-BR","@id":"https:\/\/www.estrategiaconcursos.com.br\/blog\/#\/schema\/logo\/image\/","url":"https:\/\/dhg1h5j42swfq.cloudfront.net\/2025\/06\/03203428\/logo_concursos-1.jpg","contentUrl":"https:\/\/dhg1h5j42swfq.cloudfront.net\/2025\/06\/03203428\/logo_concursos-1.jpg","width":230,"height":60,"caption":"Estrat\u00e9gia Concursos"},"image":{"@id":"https:\/\/www.estrategiaconcursos.com.br\/blog\/#\/schema\/logo\/image\/"},"sameAs":["https:\/\/x.com\/EstratConcursos"]},{"@type":"Person","@id":"https:\/\/www.estrategiaconcursos.com.br\/blog\/#\/schema\/person\/b4a388c97673c5f483d72185668afa1f","name":"Coordena\u00e7\u00e3o","image":{"@type":"ImageObject","inLanguage":"pt-BR","@id":"https:\/\/secure.gravatar.com\/avatar\/b720319e4c9a967eb58678d110f4fe35452fc5d5f97b202bac7b8acceb18c6ad?s=96&d=mm&r=g","url":"https:\/\/secure.gravatar.com\/avatar\/b720319e4c9a967eb58678d110f4fe35452fc5d5f97b202bac7b8acceb18c6ad?s=96&d=mm&r=g","contentUrl":"https:\/\/secure.gravatar.com\/avatar\/b720319e4c9a967eb58678d110f4fe35452fc5d5f97b202bac7b8acceb18c6ad?s=96&d=mm&r=g","caption":"Coordena\u00e7\u00e3o"},"sameAs":["https:\/\/www.facebook.com\/EstrategiaConcursos","https:\/\/x.com\/EstratConcursos"],"url":"https:\/\/www.estrategiaconcursos.com.br\/blog\/author\/estrategia2013\/"}]}},"_links":{"self":[{"href":"https:\/\/www.estrategiaconcursos.com.br\/blog\/wp-json\/wp\/v2\/posts\/468886","targetHints":{"allow":["GET"]}}],"collection":[{"href":"https:\/\/www.estrategiaconcursos.com.br\/blog\/wp-json\/wp\/v2\/posts"}],"about":[{"href":"https:\/\/www.estrategiaconcursos.com.br\/blog\/wp-json\/wp\/v2\/types\/post"}],"author":[{"embeddable":true,"href":"https:\/\/www.estrategiaconcursos.com.br\/blog\/wp-json\/wp\/v2\/users\/1"}],"replies":[{"embeddable":true,"href":"https:\/\/www.estrategiaconcursos.com.br\/blog\/wp-json\/wp\/v2\/comments?post=468886"}],"version-history":[{"count":18,"href":"https:\/\/www.estrategiaconcursos.com.br\/blog\/wp-json\/wp\/v2\/posts\/468886\/revisions"}],"predecessor-version":[{"id":1295446,"href":"https:\/\/www.estrategiaconcursos.com.br\/blog\/wp-json\/wp\/v2\/posts\/468886\/revisions\/1295446"}],"wp:featuredmedia":[{"embeddable":true,"href":"https:\/\/www.estrategiaconcursos.com.br\/blog\/wp-json\/wp\/v2\/media\/960493"}],"wp:attachment":[{"href":"https:\/\/www.estrategiaconcursos.com.br\/blog\/wp-json\/wp\/v2\/media?parent=468886"}],"wp:term":[{"taxonomy":"category","embeddable":true,"href":"https:\/\/www.estrategiaconcursos.com.br\/blog\/wp-json\/wp\/v2\/categories?post=468886"},{"taxonomy":"post_tag","embeddable":true,"href":"https:\/\/www.estrategiaconcursos.com.br\/blog\/wp-json\/wp\/v2\/tags?post=468886"},{"taxonomy":"tax_estado","embeddable":true,"href":"https:\/\/www.estrategiaconcursos.com.br\/blog\/wp-json\/wp\/v2\/tax_estado?post=468886"}],"curies":[{"name":"wp","href":"https:\/\/api.w.org\/{rel}","templated":true}]}}