{"id":468614,"date":"2020-02-13T07:11:00","date_gmt":"2020-02-13T10:11:00","guid":{"rendered":"https:\/\/www.estrategiaconcursos.com.br\/blog\/?p=468614"},"modified":"2020-02-14T09:33:17","modified_gmt":"2020-02-14T12:33:17","slug":"edital-guarda-municipal-de-barretos","status":"publish","type":"post","link":"https:\/\/www.estrategiaconcursos.com.br\/blog\/edital-guarda-municipal-de-barretos\/","title":{"rendered":"Edital Guarda Municipal de Barretos: Inscri\u00e7\u00f5es encerradas para 40 vagas de n\u00edvel m\u00e9dio"},"content":{"rendered":"\n<p>Foi publicado em 10 de janeiro, o Edital Guarda Municipal de Barretos com <strong>40 vagas imediatas,<\/strong> sendo 36 para o sexo masculino e 04 para o sexo feminino.<\/p>\n\n\n\n<p>Sob organiza\u00e7\u00e3o do <strong>Instituto Mais <\/strong>de Gest\u00e3o e Desenvolvimento Social, o certame ter\u00e1 validade de 2 anos, podendo ser prorrogado por igual per\u00edodo e as inscri\u00e7\u00f5es j\u00e1 est\u00e3o abertas, seguindo at\u00e9 o dia 13 de fevereiro, no site da organizadora.<\/p>\n\n\n\n<p>Abaixo voc\u00ea confere as principais informa\u00e7\u00f5es sobre esta oportunidade.<\/p>\n\n\n\n<h2 class=\"wp-block-heading\">Principais Informa\u00e7\u00f5es do Edital Guarda Municipal de Barretos<\/h2>\n\n\n\n<p class=\"has-background has-very-light-gray-background-color\"> <strong>Inscri\u00e7\u00f5es:&nbsp;15\/01 a 13\/02<br \/>Valor da taxa:<\/strong>&nbsp;R$128,00<br \/><strong>Isen\u00e7\u00e3o<\/strong>:  15 e 16 de janeiro de 2020 <br \/><strong>Data da Prova Objetiva<\/strong>: 15\/03\/2020<br \/><strong>Data do TAF: <\/strong>11 e 12 de abril<\/p>\n\n\n\n<h2 class=\"wp-block-heading\">Requisitos e Atribui\u00e7\u00f5es para o cargo de Guarda Municipal<\/h2>\n\n\n\n<p>Ser\u00e3o exigidos dos candidatos:<\/p>\n\n\n\n<ul class=\"wp-block-list\"><li> Ensino M\u00e9dio completo<\/li><li>Carteira Nacional de Habilita\u00e7\u00e3o (CNH), no m\u00ednimo, Categoria \u201cA\/B\u201d<\/li><li>Possuir altura m\u00ednima de 1,60 para candidatos do sexo Masculino e de 1,55m para candidatas do sexo Feminino. <\/li><li>Ter idade igual ou superior a 18  anos e m\u00e1xima de 40 anos, na data da posse. <\/li><\/ul>\n\n\n\n<h2 class=\"wp-block-heading\">Remunera\u00e7\u00e3o Edital&nbsp;Guarda Municipal de Barretos<\/h2>\n\n\n\n<p>A remunera\u00e7\u00e3o inicial do cargo ser\u00e1 de R$ 1.936,96 e jornada de trabalho ser\u00e1 de 12 (doze) horas trabalhadas por 36 (trinta e seis) horas de descanso, em turnos de revezamento.  <\/p>\n\n\n\n<h2 class=\"wp-block-heading\">Etapas do Edital&nbsp;Guarda Municipal de Barretos<\/h2>\n\n\n\n<p>O certame ser\u00e1 composto de 5 fases, sendo:<\/p>\n\n\n\n<ul class=\"wp-block-list\"><li><strong>Primeira &#8211;  PROVA ESCRITA<\/strong> (Prova Objetiva) &#8211; eliminat\u00f3rio e classificat\u00f3rio<\/li><li>  Constar\u00e1 de quest\u00f5es de m\u00faltipla escolha, com 04 alternativas e dura\u00e7\u00e3o de 03 horas<ul><li> L\u00edngua Portuguesa &#8211; 12 quest\u00f5es<\/li><li>Matem\u00e1tica &#8211; 05 quest\u00f5es<\/li><li>No\u00e7\u00f5es de Legisla\u00e7\u00e3o Municipal &#8211; 05 quest\u00f5es<\/li><li>No\u00e7\u00f5es de Inform\u00e1tica &#8211; 05 quest\u00f5es<\/li><li>Conhecimentos Espec\u00edficos &#8211; 13 quest\u00f5es<\/li><\/ul><\/li><li><strong>Segunda &#8211;  TESTE DE APTID\u00c3O F\u00cdSICA<\/strong> (Aferi\u00e7\u00e3o de Altura e Teste de Aptid\u00e3o F\u00edsica). &#8211; eliminat\u00f3rio<\/li><li><strong> Terceira &#8211; EXAMES DE SA\u00daDE F\u00cdSICA, MENTAL E TOXICOL\u00d3GICO<\/strong><\/li><li> <strong>Quarta &#8211;  AVALIA\u00c7\u00c3O PSICOL\u00d3GICA. <\/strong>com an\u00e1lise de perfil para o Cargo. <\/li><li><strong>Quinta-  INVESTIGA\u00c7\u00c3O SOCIAL <\/strong><\/li><li> <span style=\"text-decoration: underline;\">CURSO DE FORMA\u00c7\u00c3O DE GUARDA CIVIL MUNICIPAL <\/span><\/li><\/ul>\n\n\n\n<p><em>Obs: Ser\u00e1 considerado habilitado na Prova Objetiva o candidato que obtiver pontua\u00e7\u00e3o m\u00ednima de 50 (cinquenta) pontos. <br \/> Para se chegar ao total de pontos, o candidato dever\u00e1 dividir 100 (cem) pelo n\u00famero de quest\u00f5es da prova e multiplicar pelo n\u00famero de quest\u00f5es acertadas. O c\u00e1lculo final ser\u00e1 igual ao total de pontos do candidato. <\/em><\/p>\n\n\n\n<h3 class=\"wp-block-heading\">TAF<\/h3>\n\n\n\n<p> Ser\u00e3o convocados para a Segunda Fase \u2013 Teste de Aptid\u00e3o F\u00edsica (Aferi\u00e7\u00e3o de Altura e Teste de Aptid\u00e3o F\u00edsica), observando a rigorosa ordem de classifica\u00e7\u00e3o:<\/p>\n\n\n\n<ul class=\"wp-block-list\"><li>Masculino &#8211; 200 candidatos<\/li><li>Feminino &#8211; 50 candidatos<\/li><\/ul>\n\n\n\n<p> Ser\u00e1 realizada na cidade de Barretos\/SP, na(s) data(s) prevista(s) de<strong> 11 e\/ou 12 de abril de 2020<\/strong>, em hor\u00e1rio e local a serem informados por ocasi\u00e3o da divulga\u00e7\u00e3o do Resultado Final da Primeira Fase \u2013 Prova Escrita. <\/p>\n\n\n\n<p> O Teste de Aptid\u00e3o F\u00edsica constar\u00e1 dos seguintes exerc\u00edcios: <\/p>\n\n\n\n<ul class=\"wp-block-list\"><li> Agilidade \/ Teste \u201cShuttle Run\u201d;<\/li><li> Abdominal; <\/li><li>Flex\u00e3o dos Bra\u00e7os; <\/li><li>Corrida em 12 (doze) minutos. <\/li><\/ul>\n\n\n\n<h2 class=\"wp-block-heading\">O Curso de Forma\u00e7\u00e3o<\/h2>\n\n\n\n<p>Os candidatos habilitados nas Fases anteriores, e classificado dentro do n\u00famero de Vagas de acordo com a quantidade espec\u00edfica na tabela abaixo, ser\u00e3o incorporados no Cargo de Guarda Civil Municipal, matriculados no CURSO DE FORMA\u00c7\u00c3O DE GUARDA CIVIL MUNICIPAL.<\/p>\n\n\n\n<p> O Curso de Forma\u00e7\u00e3o de Guarda Civil Municipal ser\u00e1 realizado em munic\u00edpio do Estado de S\u00e3o Paulo <\/p>\n\n\n\n<p>Quer saber mais sobre o concurso? Acesse a mat\u00e9ria:<\/p>\n\n\n\n<p class=\"has-background has-text-align-center has-light-green-cyan-background-color\"><a href=\"https:\/\/www.estrategiaconcursos.com.br\/blog\/concurso-guarda-municipal-barretos\/\"><strong>Concurso Guarda de Barretos<\/strong><\/a><\/p>\n\n\n\n<p class=\"has-text-align-center\"><em><strong>Assinatura Anual Ilimitada*<\/strong><\/em><\/p>\n\n\n\n<p><em>Prepare-se com o melhor material e com quem mais aprova em Concursos P\u00fablicos em todo o pa\u00eds. Assine agora a nossa Assinatura Anual e tenha acesso ilimitado* a todos os nossos cursos.<\/em><\/p>\n\n\n\n<p class=\"has-background has-luminous-vivid-amber-background-color\"><strong>ASSINE AGORA<\/strong>&nbsp;\u2013&nbsp;<a href=\"https:\/\/www.estrategiaconcursos.com.br\/assinaturas\/\" target=\"_blank\" rel=\"noreferrer noopener\">Assinatura Ilimitada<\/a><\/p>\n\n\n\n<p class=\"has-background has-text-align-center has-pale-cyan-blue-background-color\"><strong><a href=\"https:\/\/www.estrategiaconcursos.com.br\/blog\/concursos-abertos\/\">CONCURSOS ABERTOS<\/a><\/strong><\/p>\n\n\n\n<p class=\"has-background has-text-align-center has-pale-cyan-blue-background-color\"><a href=\"https:\/\/www.estrategiaconcursos.com.br\/blog\/concursos-2020\/\"><strong>CONCURSOS<\/strong><\/a><strong><a href=\"https:\/\/www.estrategiaconcursos.com.br\/blog\/concursos-2020\/\">&nbsp;2020<\/a><\/strong><\/p>\n\n\n\n<h3 class=\"has-text-align-center wp-block-heading\"><strong>BAIXE O EDITAL CLICANDO NO LINK ABAIXO!!<\/strong><\/h3>\n\n\n\n<p class=\"has-background has-text-align-center has-very-light-gray-background-color\">\u25ba<strong><a href=\"https:\/\/dhg1h5j42swfq.cloudfront.net\/2020\/01\/10120952\/edital-barretos-sp-2020.pdf\">Edital Guarda Municipal de Barretos<\/a><\/strong><\/p>\n\n\n\n<figure class=\"wp-block-image\"><img loading=\"lazy\" decoding=\"async\" width=\"300\" height=\"102\" src=\"https:\/\/dhg1h5j42swfq.cloudfront.net\/2019\/05\/29143052\/coruja-ficha-tecnica-300x1025.png\" alt=\"Ficha t\u00e9cnica concurso PCDF\" class=\"wp-image-380136\"\/><\/figure>\n\n\n\n<h4 class=\"wp-block-heading\" id=\"ficha\"><strong>Informa\u00e7\u00f5es do Edital Guarda Municipal de Barretos<\/strong><\/h4>\n\n\n\n<p>\u25ba<strong>Data prevista<\/strong>: 15\/03\/2020<br \/>\u25ba<strong>Vagas<\/strong>: 40<br \/>\u25ba<strong>Banca <\/strong>: Instituto Mais<br \/>\u25ba<strong>Escolaridade<\/strong>: N\u00edvel m\u00e9dio<br \/>\u25ba&nbsp;<a href=\"https:\/\/dhg1h5j42swfq.cloudfront.net\/2020\/01\/10120952\/edital-barretos-sp-2020.pdf\">Edital Barretos<\/a><\/p>\n\n\n\n<p><em>Ascom Estrat\u00e9gia<\/em><br \/>ascomestrategia@gmail.com<\/p>\n","protected":false},"excerpt":{"rendered":"<p>Foi publicado em 10 de janeiro, o Edital Guarda Municipal de Barretos com 40 vagas imediatas, sendo 36 para o sexo masculino e 04 para o sexo feminino. Sob organiza\u00e7\u00e3o do Instituto Mais de Gest\u00e3o e Desenvolvimento Social, o certame ter\u00e1 validade de 2 anos, podendo ser prorrogado por igual per\u00edodo e as inscri\u00e7\u00f5es j\u00e1 [&hellip;]<\/p>\n","protected":false},"author":552,"featured_media":453989,"comment_status":"open","ping_status":"closed","sticky":false,"template":"","format":"standard","meta":{"post_tipo":"article","footnotes":""},"categories":[1],"tags":[],"tax_estado":[],"class_list":["post-468614","post","type-post","status-publish","format-standard","has-post-thumbnail","hentry","category-cursos-e-concursos"],"acf":[],"yoast_head":"<!-- This site is optimized with the Yoast SEO Premium plugin v27.2 (Yoast SEO v27.2) - https:\/\/yoast.com\/product\/yoast-seo-premium-wordpress\/ -->\n<title>Edital Guarda Municipal de Barretos: Inscri\u00e7\u00f5es encerradas para 40 vagas de n\u00edvel m\u00e9dio<\/title>\n<meta name=\"robots\" content=\"index, follow, max-snippet:-1, max-image-preview:large, max-video-preview:-1\" \/>\n<link rel=\"canonical\" href=\"https:\/\/www.estrategiaconcursos.com.br\/blog\/edital-guarda-municipal-de-barretos\/\" \/>\n<meta property=\"og:locale\" content=\"pt_BR\" \/>\n<meta property=\"og:type\" content=\"article\" \/>\n<meta property=\"og:title\" content=\"Edital Guarda Municipal de Barretos: Inscri\u00e7\u00f5es encerradas para 40 vagas de n\u00edvel m\u00e9dio\" \/>\n<meta property=\"og:description\" content=\"Foi publicado em 10 de janeiro, o Edital Guarda Municipal de Barretos com 40 vagas imediatas, sendo 36 para o sexo masculino e 04 para o sexo feminino. Sob organiza\u00e7\u00e3o do Instituto Mais de Gest\u00e3o e Desenvolvimento Social, o certame ter\u00e1 validade de 2 anos, podendo ser prorrogado por igual per\u00edodo e as inscri\u00e7\u00f5es j\u00e1 [&hellip;]\" \/>\n<meta property=\"og:url\" content=\"https:\/\/www.estrategiaconcursos.com.br\/blog\/edital-guarda-municipal-de-barretos\/\" \/>\n<meta property=\"og:site_name\" content=\"Estrat\u00e9gia Concursos\" \/>\n<meta property=\"article:published_time\" content=\"2020-02-13T10:11:00+00:00\" \/>\n<meta property=\"article:modified_time\" content=\"2020-02-14T12:33:17+00:00\" \/>\n<meta property=\"og:image\" content=\"https:\/\/dhg1h5j42swfq.cloudfront.net\/2019\/12\/02085036\/Saiu-Edital-ECJ-2.png\" \/>\n\t<meta property=\"og:image:width\" content=\"1200\" \/>\n\t<meta property=\"og:image:height\" content=\"628\" \/>\n\t<meta property=\"og:image:type\" content=\"image\/png\" \/>\n<meta name=\"author\" content=\"Paulo Bilynskyj\" \/>\n<meta name=\"twitter:card\" content=\"summary_large_image\" \/>\n<meta name=\"twitter:creator\" content=\"@EstratConcursos\" \/>\n<meta name=\"twitter:site\" content=\"@EstratConcursos\" \/>\n<meta name=\"twitter:label1\" content=\"Escrito por\" \/>\n\t<meta name=\"twitter:data1\" content=\"Paulo Bilynskyj\" \/>\n\t<meta name=\"twitter:label2\" content=\"Est. tempo de leitura\" \/>\n\t<meta name=\"twitter:data2\" content=\"3 minutos\" \/>\n<script type=\"application\/ld+json\" class=\"yoast-schema-graph\">{\"@context\":\"https:\/\/schema.org\",\"@graph\":[{\"@type\":\"NewsArticle\",\"@id\":\"https:\/\/www.estrategiaconcursos.com.br\/blog\/edital-guarda-municipal-de-barretos\/#article\",\"isPartOf\":{\"@id\":\"https:\/\/www.estrategiaconcursos.com.br\/blog\/edital-guarda-municipal-de-barretos\/\"},\"author\":{\"name\":\"Paulo Bilynskyj\",\"@id\":\"https:\/\/www.estrategiaconcursos.com.br\/blog\/#\/schema\/person\/a630b15e36f45b4c21fed01219843cb5\"},\"headline\":\"Edital Guarda Municipal de Barretos: Inscri\u00e7\u00f5es encerradas para 40 vagas de n\u00edvel m\u00e9dio\",\"datePublished\":\"2020-02-13T10:11:00+00:00\",\"dateModified\":\"2020-02-14T12:33:17+00:00\",\"mainEntityOfPage\":{\"@id\":\"https:\/\/www.estrategiaconcursos.com.br\/blog\/edital-guarda-municipal-de-barretos\/\"},\"wordCount\":697,\"commentCount\":0,\"publisher\":{\"@id\":\"https:\/\/www.estrategiaconcursos.com.br\/blog\/#organization\"},\"image\":{\"@id\":\"https:\/\/www.estrategiaconcursos.com.br\/blog\/edital-guarda-municipal-de-barretos\/#primaryimage\"},\"thumbnailUrl\":\"https:\/\/dhg1h5j42swfq.cloudfront.net\/2019\/12\/02085036\/Saiu-Edital-ECJ-2.png\",\"articleSection\":[\"Concursos P\u00fablicos\"],\"inLanguage\":\"pt-BR\",\"potentialAction\":[{\"@type\":\"CommentAction\",\"name\":\"Comment\",\"target\":[\"https:\/\/www.estrategiaconcursos.com.br\/blog\/edital-guarda-municipal-de-barretos\/#respond\"]}],\"copyrightYear\":\"2020\",\"copyrightHolder\":{\"@id\":\"https:\/\/www.estrategiaconcursos.com.br\/blog\/#organization\"}},{\"@type\":\"WebPage\",\"@id\":\"https:\/\/www.estrategiaconcursos.com.br\/blog\/edital-guarda-municipal-de-barretos\/\",\"url\":\"https:\/\/www.estrategiaconcursos.com.br\/blog\/edital-guarda-municipal-de-barretos\/\",\"name\":\"Edital Guarda Municipal de Barretos: Inscri\u00e7\u00f5es encerradas para 40 vagas de n\u00edvel m\u00e9dio\",\"isPartOf\":{\"@id\":\"https:\/\/www.estrategiaconcursos.com.br\/blog\/#website\"},\"primaryImageOfPage\":{\"@id\":\"https:\/\/www.estrategiaconcursos.com.br\/blog\/edital-guarda-municipal-de-barretos\/#primaryimage\"},\"image\":{\"@id\":\"https:\/\/www.estrategiaconcursos.com.br\/blog\/edital-guarda-municipal-de-barretos\/#primaryimage\"},\"thumbnailUrl\":\"https:\/\/dhg1h5j42swfq.cloudfront.net\/2019\/12\/02085036\/Saiu-Edital-ECJ-2.png\",\"datePublished\":\"2020-02-13T10:11:00+00:00\",\"dateModified\":\"2020-02-14T12:33:17+00:00\",\"breadcrumb\":{\"@id\":\"https:\/\/www.estrategiaconcursos.com.br\/blog\/edital-guarda-municipal-de-barretos\/#breadcrumb\"},\"inLanguage\":\"pt-BR\",\"potentialAction\":[{\"@type\":\"ReadAction\",\"target\":[\"https:\/\/www.estrategiaconcursos.com.br\/blog\/edital-guarda-municipal-de-barretos\/\"]}]},{\"@type\":\"ImageObject\",\"inLanguage\":\"pt-BR\",\"@id\":\"https:\/\/www.estrategiaconcursos.com.br\/blog\/edital-guarda-municipal-de-barretos\/#primaryimage\",\"url\":\"https:\/\/dhg1h5j42swfq.cloudfront.net\/2019\/12\/02085036\/Saiu-Edital-ECJ-2.png\",\"contentUrl\":\"https:\/\/dhg1h5j42swfq.cloudfront.net\/2019\/12\/02085036\/Saiu-Edital-ECJ-2.png\",\"width\":1200,\"height\":628,\"caption\":\"resid\u00eancia jur\u00eddica DPE RJ\"},{\"@type\":\"BreadcrumbList\",\"@id\":\"https:\/\/www.estrategiaconcursos.com.br\/blog\/edital-guarda-municipal-de-barretos\/#breadcrumb\",\"itemListElement\":[{\"@type\":\"ListItem\",\"position\":1,\"name\":\"In\u00edcio\",\"item\":\"https:\/\/www.estrategiaconcursos.com.br\/blog\/\"},{\"@type\":\"ListItem\",\"position\":2,\"name\":\"Edital Guarda Municipal de Barretos: Inscri\u00e7\u00f5es encerradas para 40 vagas de n\u00edvel m\u00e9dio\"}]},{\"@type\":\"WebSite\",\"@id\":\"https:\/\/www.estrategiaconcursos.com.br\/blog\/#website\",\"url\":\"https:\/\/www.estrategiaconcursos.com.br\/blog\/\",\"name\":\"Estrat\u00e9gia Concursos\",\"description\":\"O blog da Estrat\u00e9gia Concursos traz not\u00edcias sobre concursos e artigos de professores oferecendo cursos para concursos (pdf + videaulas) no site.\",\"publisher\":{\"@id\":\"https:\/\/www.estrategiaconcursos.com.br\/blog\/#organization\"},\"potentialAction\":[{\"@type\":\"SearchAction\",\"target\":{\"@type\":\"EntryPoint\",\"urlTemplate\":\"https:\/\/www.estrategiaconcursos.com.br\/blog\/?s={search_term_string}\"},\"query-input\":{\"@type\":\"PropertyValueSpecification\",\"valueRequired\":true,\"valueName\":\"search_term_string\"}}],\"inLanguage\":\"pt-BR\"},{\"@type\":\"Organization\",\"@id\":\"https:\/\/www.estrategiaconcursos.com.br\/blog\/#organization\",\"name\":\"Estrat\u00e9gia Concursos\",\"url\":\"https:\/\/www.estrategiaconcursos.com.br\/blog\/\",\"logo\":{\"@type\":\"ImageObject\",\"inLanguage\":\"pt-BR\",\"@id\":\"https:\/\/www.estrategiaconcursos.com.br\/blog\/#\/schema\/logo\/image\/\",\"url\":\"https:\/\/dhg1h5j42swfq.cloudfront.net\/2025\/06\/03203428\/logo_concursos-1.jpg\",\"contentUrl\":\"https:\/\/dhg1h5j42swfq.cloudfront.net\/2025\/06\/03203428\/logo_concursos-1.jpg\",\"width\":230,\"height\":60,\"caption\":\"Estrat\u00e9gia Concursos\"},\"image\":{\"@id\":\"https:\/\/www.estrategiaconcursos.com.br\/blog\/#\/schema\/logo\/image\/\"},\"sameAs\":[\"https:\/\/x.com\/EstratConcursos\"]},{\"@type\":\"Person\",\"@id\":\"https:\/\/www.estrategiaconcursos.com.br\/blog\/#\/schema\/person\/a630b15e36f45b4c21fed01219843cb5\",\"name\":\"Paulo Bilynskyj\",\"image\":{\"@type\":\"ImageObject\",\"inLanguage\":\"pt-BR\",\"@id\":\"https:\/\/secure.gravatar.com\/avatar\/37e21f70c9042e7456beffdc6d31fe051f3f6dcbf252f69343a791b144852057?s=96&d=mm&r=g\",\"url\":\"https:\/\/secure.gravatar.com\/avatar\/37e21f70c9042e7456beffdc6d31fe051f3f6dcbf252f69343a791b144852057?s=96&d=mm&r=g\",\"contentUrl\":\"https:\/\/secure.gravatar.com\/avatar\/37e21f70c9042e7456beffdc6d31fe051f3f6dcbf252f69343a791b144852057?s=96&d=mm&r=g\",\"caption\":\"Paulo Bilynskyj\"},\"url\":\"https:\/\/www.estrategiaconcursos.com.br\/blog\/author\/pbilynskyjgmail-com\/\"}]}<\/script>\n<!-- \/ Yoast SEO Premium plugin. -->","yoast_head_json":{"title":"Edital Guarda Municipal de Barretos: Inscri\u00e7\u00f5es encerradas para 40 vagas de n\u00edvel m\u00e9dio","robots":{"index":"index","follow":"follow","max-snippet":"max-snippet:-1","max-image-preview":"max-image-preview:large","max-video-preview":"max-video-preview:-1"},"canonical":"https:\/\/www.estrategiaconcursos.com.br\/blog\/edital-guarda-municipal-de-barretos\/","og_locale":"pt_BR","og_type":"article","og_title":"Edital Guarda Municipal de Barretos: Inscri\u00e7\u00f5es encerradas para 40 vagas de n\u00edvel m\u00e9dio","og_description":"Foi publicado em 10 de janeiro, o Edital Guarda Municipal de Barretos com 40 vagas imediatas, sendo 36 para o sexo masculino e 04 para o sexo feminino. Sob organiza\u00e7\u00e3o do Instituto Mais de Gest\u00e3o e Desenvolvimento Social, o certame ter\u00e1 validade de 2 anos, podendo ser prorrogado por igual per\u00edodo e as inscri\u00e7\u00f5es j\u00e1 [&hellip;]","og_url":"https:\/\/www.estrategiaconcursos.com.br\/blog\/edital-guarda-municipal-de-barretos\/","og_site_name":"Estrat\u00e9gia Concursos","article_published_time":"2020-02-13T10:11:00+00:00","article_modified_time":"2020-02-14T12:33:17+00:00","og_image":[{"width":1200,"height":628,"url":"https:\/\/dhg1h5j42swfq.cloudfront.net\/2019\/12\/02085036\/Saiu-Edital-ECJ-2.png","type":"image\/png"}],"author":"Paulo Bilynskyj","twitter_card":"summary_large_image","twitter_creator":"@EstratConcursos","twitter_site":"@EstratConcursos","twitter_misc":{"Escrito por":"Paulo Bilynskyj","Est. tempo de leitura":"3 minutos"},"schema":{"@context":"https:\/\/schema.org","@graph":[{"@type":"NewsArticle","@id":"https:\/\/www.estrategiaconcursos.com.br\/blog\/edital-guarda-municipal-de-barretos\/#article","isPartOf":{"@id":"https:\/\/www.estrategiaconcursos.com.br\/blog\/edital-guarda-municipal-de-barretos\/"},"author":{"name":"Paulo Bilynskyj","@id":"https:\/\/www.estrategiaconcursos.com.br\/blog\/#\/schema\/person\/a630b15e36f45b4c21fed01219843cb5"},"headline":"Edital Guarda Municipal de Barretos: Inscri\u00e7\u00f5es encerradas para 40 vagas de n\u00edvel m\u00e9dio","datePublished":"2020-02-13T10:11:00+00:00","dateModified":"2020-02-14T12:33:17+00:00","mainEntityOfPage":{"@id":"https:\/\/www.estrategiaconcursos.com.br\/blog\/edital-guarda-municipal-de-barretos\/"},"wordCount":697,"commentCount":0,"publisher":{"@id":"https:\/\/www.estrategiaconcursos.com.br\/blog\/#organization"},"image":{"@id":"https:\/\/www.estrategiaconcursos.com.br\/blog\/edital-guarda-municipal-de-barretos\/#primaryimage"},"thumbnailUrl":"https:\/\/dhg1h5j42swfq.cloudfront.net\/2019\/12\/02085036\/Saiu-Edital-ECJ-2.png","articleSection":["Concursos P\u00fablicos"],"inLanguage":"pt-BR","potentialAction":[{"@type":"CommentAction","name":"Comment","target":["https:\/\/www.estrategiaconcursos.com.br\/blog\/edital-guarda-municipal-de-barretos\/#respond"]}],"copyrightYear":"2020","copyrightHolder":{"@id":"https:\/\/www.estrategiaconcursos.com.br\/blog\/#organization"}},{"@type":"WebPage","@id":"https:\/\/www.estrategiaconcursos.com.br\/blog\/edital-guarda-municipal-de-barretos\/","url":"https:\/\/www.estrategiaconcursos.com.br\/blog\/edital-guarda-municipal-de-barretos\/","name":"Edital Guarda Municipal de Barretos: Inscri\u00e7\u00f5es encerradas para 40 vagas de n\u00edvel m\u00e9dio","isPartOf":{"@id":"https:\/\/www.estrategiaconcursos.com.br\/blog\/#website"},"primaryImageOfPage":{"@id":"https:\/\/www.estrategiaconcursos.com.br\/blog\/edital-guarda-municipal-de-barretos\/#primaryimage"},"image":{"@id":"https:\/\/www.estrategiaconcursos.com.br\/blog\/edital-guarda-municipal-de-barretos\/#primaryimage"},"thumbnailUrl":"https:\/\/dhg1h5j42swfq.cloudfront.net\/2019\/12\/02085036\/Saiu-Edital-ECJ-2.png","datePublished":"2020-02-13T10:11:00+00:00","dateModified":"2020-02-14T12:33:17+00:00","breadcrumb":{"@id":"https:\/\/www.estrategiaconcursos.com.br\/blog\/edital-guarda-municipal-de-barretos\/#breadcrumb"},"inLanguage":"pt-BR","potentialAction":[{"@type":"ReadAction","target":["https:\/\/www.estrategiaconcursos.com.br\/blog\/edital-guarda-municipal-de-barretos\/"]}]},{"@type":"ImageObject","inLanguage":"pt-BR","@id":"https:\/\/www.estrategiaconcursos.com.br\/blog\/edital-guarda-municipal-de-barretos\/#primaryimage","url":"https:\/\/dhg1h5j42swfq.cloudfront.net\/2019\/12\/02085036\/Saiu-Edital-ECJ-2.png","contentUrl":"https:\/\/dhg1h5j42swfq.cloudfront.net\/2019\/12\/02085036\/Saiu-Edital-ECJ-2.png","width":1200,"height":628,"caption":"resid\u00eancia jur\u00eddica DPE RJ"},{"@type":"BreadcrumbList","@id":"https:\/\/www.estrategiaconcursos.com.br\/blog\/edital-guarda-municipal-de-barretos\/#breadcrumb","itemListElement":[{"@type":"ListItem","position":1,"name":"In\u00edcio","item":"https:\/\/www.estrategiaconcursos.com.br\/blog\/"},{"@type":"ListItem","position":2,"name":"Edital Guarda Municipal de Barretos: Inscri\u00e7\u00f5es encerradas para 40 vagas de n\u00edvel m\u00e9dio"}]},{"@type":"WebSite","@id":"https:\/\/www.estrategiaconcursos.com.br\/blog\/#website","url":"https:\/\/www.estrategiaconcursos.com.br\/blog\/","name":"Estrat\u00e9gia Concursos","description":"O blog da Estrat\u00e9gia Concursos traz not\u00edcias sobre concursos e artigos de professores oferecendo cursos para concursos (pdf + videaulas) no site.","publisher":{"@id":"https:\/\/www.estrategiaconcursos.com.br\/blog\/#organization"},"potentialAction":[{"@type":"SearchAction","target":{"@type":"EntryPoint","urlTemplate":"https:\/\/www.estrategiaconcursos.com.br\/blog\/?s={search_term_string}"},"query-input":{"@type":"PropertyValueSpecification","valueRequired":true,"valueName":"search_term_string"}}],"inLanguage":"pt-BR"},{"@type":"Organization","@id":"https:\/\/www.estrategiaconcursos.com.br\/blog\/#organization","name":"Estrat\u00e9gia Concursos","url":"https:\/\/www.estrategiaconcursos.com.br\/blog\/","logo":{"@type":"ImageObject","inLanguage":"pt-BR","@id":"https:\/\/www.estrategiaconcursos.com.br\/blog\/#\/schema\/logo\/image\/","url":"https:\/\/dhg1h5j42swfq.cloudfront.net\/2025\/06\/03203428\/logo_concursos-1.jpg","contentUrl":"https:\/\/dhg1h5j42swfq.cloudfront.net\/2025\/06\/03203428\/logo_concursos-1.jpg","width":230,"height":60,"caption":"Estrat\u00e9gia Concursos"},"image":{"@id":"https:\/\/www.estrategiaconcursos.com.br\/blog\/#\/schema\/logo\/image\/"},"sameAs":["https:\/\/x.com\/EstratConcursos"]},{"@type":"Person","@id":"https:\/\/www.estrategiaconcursos.com.br\/blog\/#\/schema\/person\/a630b15e36f45b4c21fed01219843cb5","name":"Paulo Bilynskyj","image":{"@type":"ImageObject","inLanguage":"pt-BR","@id":"https:\/\/secure.gravatar.com\/avatar\/37e21f70c9042e7456beffdc6d31fe051f3f6dcbf252f69343a791b144852057?s=96&d=mm&r=g","url":"https:\/\/secure.gravatar.com\/avatar\/37e21f70c9042e7456beffdc6d31fe051f3f6dcbf252f69343a791b144852057?s=96&d=mm&r=g","contentUrl":"https:\/\/secure.gravatar.com\/avatar\/37e21f70c9042e7456beffdc6d31fe051f3f6dcbf252f69343a791b144852057?s=96&d=mm&r=g","caption":"Paulo Bilynskyj"},"url":"https:\/\/www.estrategiaconcursos.com.br\/blog\/author\/pbilynskyjgmail-com\/"}]}},"_links":{"self":[{"href":"https:\/\/www.estrategiaconcursos.com.br\/blog\/wp-json\/wp\/v2\/posts\/468614","targetHints":{"allow":["GET"]}}],"collection":[{"href":"https:\/\/www.estrategiaconcursos.com.br\/blog\/wp-json\/wp\/v2\/posts"}],"about":[{"href":"https:\/\/www.estrategiaconcursos.com.br\/blog\/wp-json\/wp\/v2\/types\/post"}],"author":[{"embeddable":true,"href":"https:\/\/www.estrategiaconcursos.com.br\/blog\/wp-json\/wp\/v2\/users\/552"}],"replies":[{"embeddable":true,"href":"https:\/\/www.estrategiaconcursos.com.br\/blog\/wp-json\/wp\/v2\/comments?post=468614"}],"version-history":[{"count":5,"href":"https:\/\/www.estrategiaconcursos.com.br\/blog\/wp-json\/wp\/v2\/posts\/468614\/revisions"}],"predecessor-version":[{"id":481728,"href":"https:\/\/www.estrategiaconcursos.com.br\/blog\/wp-json\/wp\/v2\/posts\/468614\/revisions\/481728"}],"wp:featuredmedia":[{"embeddable":true,"href":"https:\/\/www.estrategiaconcursos.com.br\/blog\/wp-json\/wp\/v2\/media\/453989"}],"wp:attachment":[{"href":"https:\/\/www.estrategiaconcursos.com.br\/blog\/wp-json\/wp\/v2\/media?parent=468614"}],"wp:term":[{"taxonomy":"category","embeddable":true,"href":"https:\/\/www.estrategiaconcursos.com.br\/blog\/wp-json\/wp\/v2\/categories?post=468614"},{"taxonomy":"post_tag","embeddable":true,"href":"https:\/\/www.estrategiaconcursos.com.br\/blog\/wp-json\/wp\/v2\/tags?post=468614"},{"taxonomy":"tax_estado","embeddable":true,"href":"https:\/\/www.estrategiaconcursos.com.br\/blog\/wp-json\/wp\/v2\/tax_estado?post=468614"}],"curies":[{"name":"wp","href":"https:\/\/api.w.org\/{rel}","templated":true}]}}